{"id":170819,"date":"2026-08-24T08:44:55","date_gmt":"2026-08-24T05:44:55","guid":{"rendered":"https:\/\/epochtimestr.com\/?p=170819"},"modified":"2026-08-24T08:44:57","modified_gmt":"2026-08-24T05:44:57","slug":"kapadokyanin-dunyaca-unlu-oteli-icradan-satisa-cikarildi","status":"publish","type":"post","link":"https:\/\/epochtimestr.com\/index.php\/kapadokyanin-dunyaca-unlu-oteli-icradan-satisa-cikarildi","title":{"rendered":"Kapadokya&#8217;n\u0131n D\u00fcnyaca \u00dcnl\u00fc Oteli \u0130cradan Sat\u0131\u015fa \u00c7\u0131kar\u0131ld\u0131"},"content":{"rendered":"<div class=\"wp-block-image\">\n<figure class=\"aligncenter size-full\"><img loading=\"lazy\" decoding=\"async\" width=\"670\" height=\"447\" src=\"https:\/\/epochtimestr.com\/wp-content\/uploads\/2011y\/kapadokya-ccr-001.jpg\" alt=\"Kapadokya'n\u0131n D\u00fcnyaca \u00fcnl\u00fc oteli icradan sat\u0131\u015fa \u00e7\u0131kar\u0131ld\u0131. (Foto\u011fraf: CCR Cappadocia Cave Resort &amp; spa otel web )\" class=\"wp-image-170820\" srcset=\"https:\/\/epochtimestr.com\/wp-content\/uploads\/2011y\/kapadokya-ccr-001.jpg 670w, https:\/\/epochtimestr.com\/wp-content\/uploads\/2011y\/kapadokya-ccr-001-300x200.jpg 300w, https:\/\/epochtimestr.com\/wp-content\/uploads\/2011y\/kapadokya-ccr-001-150x100.jpg 150w\" sizes=\"(max-width: 670px) 100vw, 670px\" \/><figcaption class=\"wp-element-caption\">Kapadokya&#8217;n\u0131n d\u00fcnyaca \u00fcnl\u00fc oteli icradan sat\u0131\u015fa \u00e7\u0131kar\u0131ld\u0131. (Foto\u011fraf: CCR Cappadocia Cave Resort &amp; spa otel web )<\/figcaption><\/figure><\/div>\n\n\n<h2 class=\"wp-block-heading\">U\u00e7hisar&#8217;da bulunan Kapadokya&#8217;n\u0131n d\u00fcnyaca \u00fcnl\u00fc turizm merkezlerinden Cappadocia Cave Resort SPA ile ba\u011flant\u0131l\u0131 ta\u015f\u0131nmazlar icradan sat\u0131\u015fa \u00e7\u0131kar\u0131ld\u0131.<\/h2>\n\n\n\n<p><a href=\"https:\/\/epochtimestr.com\/index.php\/imamoglu-nevsehirde-konustu\" target=\"_blank\" rel=\"noreferrer noopener\">Nev\u015fehir<\/a>\u2019in g\u00f6zde turizm merkezi U\u00e7hisar\u2019da yer alan d\u00fcnyaca \u00fcnl\u00fc CCR Cappadocia Cave Resort &amp; spa otel kompleksi ve \u00e7evresindeki gayrimenkuller, Nev\u015fehir <a href=\"https:\/\/epochtimestr.com\/index.php\/bakan-isikhan-sgk-borclari-odenmezse-icraya-basvurulacak\" target=\"_blank\" rel=\"noreferrer noopener\">\u0130cra<\/a> Dairesi taraf\u0131ndan icradan sat\u0131\u015fa sunuldu. Toplam 8 ayr\u0131 ta\u015f\u0131nmazdan olu\u015fan dev sat\u0131\u015f listesinde otel binalar\u0131, spa merkezi, restoranlar ve \u00e7evre tarlalar yer al\u0131yor.<\/p>\n\n\n\n<p>Nev\u015fehir\u2019in d\u00fcnyaca \u00fcnl\u00fc turizm merkezi U\u00e7hisar\u2019da, otel ve turizm tesislerinin bulundu\u011fu \u00e7ok say\u0131da ta\u015f\u0131nmaz icra yoluyla sat\u0131\u015fa \u00e7\u0131kar\u0131ld\u0131. Sat\u0131\u015fa sunulan ta\u015f\u0131nmazlar\u0131n toplam muhammen bedeli yakla\u015f\u0131k 495 milyon TL olarak belirlendi.<\/p>\n\n\n\n<p>Nev\u015fehir\u2019de icra yoluyla sat\u0131\u015fa \u00e7\u0131kar\u0131lan ta\u015f\u0131nmazlara ili\u015fkin ilan yay\u0131mland\u0131. U\u00e7hisar\u2019\u0131n Yukar\u0131 Mahalle ve Tekeli mevkiinde bulunan 8 ayr\u0131 ta\u015f\u0131nmaz i\u00e7in sat\u0131\u015f s\u00fcreci ba\u015flat\u0131ld\u0131<\/p>\n\n\n\n<p>Ta\u015f\u0131nmazlar\u0131n \u00f6nemli bir b\u00f6l\u00fcm\u00fcn\u00fcn turizm tesis alan\u0131nda yer ald\u0131\u011f\u0131 ve otel, konaklama, spa, restoran ve benzeri turizm ama\u00e7l\u0131 kullan\u0131mlara sahip oldu\u011fu belirtildi.<br \/><\/p>\n\n\n<div class=\"wp-block-image\">\n<figure class=\"aligncenter size-full\"><img loading=\"lazy\" decoding=\"async\" width=\"746\" height=\"360\" src=\"https:\/\/epochtimestr.com\/wp-content\/uploads\/2011y\/31459_b-1.jpg\" alt=\"CCR Cappadocia Cave Resort &amp; spa otel web sitesi\" class=\"wp-image-170824\" srcset=\"https:\/\/epochtimestr.com\/wp-content\/uploads\/2011y\/31459_b-1.jpg 746w, https:\/\/epochtimestr.com\/wp-content\/uploads\/2011y\/31459_b-1-300x145.jpg 300w, https:\/\/epochtimestr.com\/wp-content\/uploads\/2011y\/31459_b-1-150x72.jpg 150w\" sizes=\"(max-width: 746px) 100vw, 746px\" \/><figcaption class=\"wp-element-caption\">                                       CCR Cappadocia Cave Resort &amp; spa otel web sitesi<\/figcaption><\/figure><\/div>\n\n\n<p><strong>Ta\u015f\u0131nmazlardan biri 181,25 milyon TL <\/strong><\/p>\n\n\n\n<p>Sat\u0131\u015fa \u00e7\u0131kar\u0131lan ta\u015f\u0131nmazlar aras\u0131nda en y\u00fcksek muhammen bedele sahip olan 6 numaral\u0131 ta\u015f\u0131nmaz\u0131n de\u011feri 181 milyon 256 bin 462 TL olarak belirlendi. 690 ve 280 metrekarelik iki parselden olu\u015fan ta\u015f\u0131nmazlar\u0131n \u00fczerinde toplam 2 bin 390 metrekare yap\u0131 alan\u0131 bulunuyor.<\/p>\n\n\n\n<p>Bu yap\u0131larda \u00e7ok say\u0131da otel odas\u0131n\u0131n yan\u0131 s\u0131ra restoran, a\u00e7\u0131k havuz, spa merkezi, masaj odalar\u0131, g\u00fczellik odalar\u0131, spor salonu, T\u00fcrk hamam\u0131, tuz odas\u0131, sauna ve di\u011fer turizm alanlar\u0131n\u0131n bulundu\u011fu kaydedildi.<\/p>\n\n\n\n<h3 class=\"wp-block-heading\"><strong>Ta\u015f\u0131nmaz\u0131n toplam de\u011feri 85,3 milyon TL <\/strong><\/h3>\n\n\n\n<p>1 numaral\u0131 ta\u015f\u0131nmaz ise U\u00e7hisar Yukar\u0131 Mahalle&#8217;de 800 metrekarelik alana sahip. Ta\u015f\u0131nmaz\u0131n \u00fczerinde, CCR Cappadocia Cave Resort-Spa ad\u0131yla i\u015fletilen otelin bir b\u00f6l\u00fcm\u00fcn\u00fcn bulundu\u011fu ve toplam 25 otel odas\u0131n\u0131n yer ald\u0131\u011f\u0131 belirtildi.<\/p>\n\n\n\n<p>Bilirki\u015fi raporunda ta\u015f\u0131nmaz\u0131n toplam de\u011ferinin 85 milyon 294 bin TL oldu\u011fu kaydedildi. Ta\u015f\u0131nmaz\u0131n U\u00e7hisar Kalesi\u2019ne yakla\u015f\u0131k 200 metre, G\u00f6reme yoluna ise yakla\u015f\u0131k 260 metre mesafede bulundu\u011fu bildirildi.<\/p>\n\n\n\n<p><strong>Di\u011fer ta\u015f\u0131nmazlar\u0131n de\u011ferleri<\/strong><br \/>Sat\u0131\u015fa \u00e7\u0131kar\u0131lan di\u011fer ta\u015f\u0131nmazlar\u0131n muhammen bedelleri ise \u015f\u00f6yle<br \/>2 numaral\u0131 ta\u015f\u0131nmaz: 35 milyon 56 bin 575 TL<br \/>3 numaral\u0131 ta\u015f\u0131nmaz: 31 milyon 914 bin 937,50 TL<br \/>4 numaral\u0131 ta\u015f\u0131nmaz: 91 milyon 714 bin 650 TL<br \/>5 numaral\u0131 ta\u015f\u0131nmaz: 64 milyon 497 bin 925 TL<br \/>7 numaral\u0131 ta\u015f\u0131nmaz: 3 milyon 570 bin 44 TL<br \/>8 numaral\u0131 ta\u015f\u0131nmaz: 5 milyon 596 bin 108 TL<\/p>\n\n\n\n<p>B\u00f6ylece 8 ta\u015f\u0131nmaz\u0131n toplam muhammen bedeli yakla\u015f\u0131k 498 milyon TL seviyesine ula\u015f\u0131yor. Ancak baz\u0131 ta\u015f\u0131nmazlarda k\u00fclt\u00fcr varl\u0131\u011f\u0131 \u015ferhi bulunuyor.<\/p>\n\n\n\n<p>\u0130lan kapsam\u0131nda sat\u0131\u015fa \u00e7\u0131kar\u0131lan baz\u0131 ta\u015f\u0131nmazlar\u0131n tapu kay\u0131tlar\u0131nda \u201cKorunmas\u0131 Gerekli K\u00fclt\u00fcr Varl\u0131\u011f\u0131d\u0131r\u201d \u015feklinde beyan bulundu\u011fu belirtildi. \u0130landa, s\u00f6z konusu beyan\u0131n cebri icra yoluyla sat\u0131\u015fa ve sat\u0131\u015f sonras\u0131nda tescile engel te\u015fkil etmedi\u011fine ili\u015fkin Kapadokya Alan Ba\u015fkanl\u0131\u011f\u0131&#8217;n\u0131n yaz\u0131s\u0131 da bulunuyor.<\/p>\n\n\n<div class=\"wp-block-image\">\n<figure class=\"aligncenter size-full\"><img loading=\"lazy\" decoding=\"async\" width=\"670\" height=\"447\" src=\"https:\/\/epochtimestr.com\/wp-content\/uploads\/2011y\/kapadokya-ccr-002.jpg\" alt=\"Foto\u011fraf: CCR Cappadocia Cave Resort &amp; spa otel web sitesi\" class=\"wp-image-170825\" srcset=\"https:\/\/epochtimestr.com\/wp-content\/uploads\/2011y\/kapadokya-ccr-002.jpg 670w, https:\/\/epochtimestr.com\/wp-content\/uploads\/2011y\/kapadokya-ccr-002-300x200.jpg 300w, https:\/\/epochtimestr.com\/wp-content\/uploads\/2011y\/kapadokya-ccr-002-150x100.jpg 150w\" sizes=\"(max-width: 670px) 100vw, 670px\" \/><figcaption class=\"wp-element-caption\">                            Foto\u011fraf: CCR Cappadocia Cave Resort &amp; spa otel web sitesi<\/figcaption><\/figure><\/div>\n\n\n<p><strong>\u0130haleler Eyl\u00fcl ve Ekim aylar\u0131nda<\/strong><\/p>\n\n\n\n<p>Ta\u015f\u0131nmazlar\u0131n sat\u0131\u015flar\u0131 UYAP e-Sat\u0131\u015f sistemi \u00fczerinden ger\u00e7ekle\u015ftirilecek. \u0130lk art\u0131rmalar ta\u015f\u0131nmazlara g\u00f6re 15 Eyl\u00fcl, 28 Eyl\u00fcl ve 13 Ekim 2026 tarihlerinde ba\u015flayacak. \u0130kinci art\u0131rmalar ise 8 Ekim, 26 Ekim ve 5 Kas\u0131m 2026 tarihlerinde ba\u015flayacak.<\/p>\n\n\n\n<p>\u0130haleye ili\u015fkin ayr\u0131nt\u0131l\u0131 g\u00f6rsellere, art\u0131rma \u015fartlar\u0131na ve di\u011fer bilgilere esatis.uyap.gov.tr \u00fczerinden 2025\/327 TLMT. dosya numaras\u0131yla ula\u015f\u0131labilir.<\/p>\n\n\n\n<p>\u0130lana g\u00f6re, 2, 3, 4, 5 ve 6 numaral\u0131 ta\u015f\u0131nmazlar\u0131n birlikte sat\u0131\u015fa \u00e7\u0131kar\u0131ld\u0131. Ayr\u0131ca ta\u015f\u0131nmazlar Cappadocia Cave Resort SPA Hotels (CCR-SPA Hotels) s\u0131n\u0131rlar\u0131 i\u00e7erisinde kal\u0131yor. Otel i\u00e7erisindeki menkullerin ipote\u011fe dahil olmad\u0131\u011f\u0131 ve sat\u0131\u015f kapsam\u0131nda bulunmad\u0131\u011f\u0131 da \u00f6zellikle vurguland\u0131.<\/p>\n","protected":false},"excerpt":{"rendered":"<p>U\u00e7hisar&#8217;da bulunan Kapadokya&#8217;n\u0131n d\u00fcnyaca \u00fcnl\u00fc turizm merkezlerinden Cappadocia Cave Resort SPA ile ba\u011flant\u0131l\u0131 ta\u015f\u0131nmazlar icradan sat\u0131\u015fa \u00e7\u0131kar\u0131ld\u0131. Nev\u015fehir\u2019in g\u00f6zde turizm merkezi U\u00e7hisar\u2019da yer alan d\u00fcnyaca \u00fcnl\u00fc CCR Cappadocia Cave Resort &amp; spa otel kompleksi ve \u00e7evresindeki gayrimenkuller, Nev\u015fehir \u0130cra Dairesi taraf\u0131ndan icradan sat\u0131\u015fa sunuldu. Toplam 8 ayr\u0131 ta\u015f\u0131nmazdan olu\u015fan dev sat\u0131\u015f listesinde otel binalar\u0131, spa [&hellip;]<\/p>\n","protected":false},"author":12791,"featured_media":170820,"comment_status":"open","ping_status":"open","sticky":false,"template":"","format":"standard","meta":{"_yoast_wpseo_focuskw":"Kapadokya'n\u0131n - d\u00fcnyaca \u00fcnl\u00fc","_yoast_wpseo_title":"","_yoast_wpseo_metadesc":"U\u00e7hisar'da Kapadokya'n\u0131n d\u00fcnyaca \u00fcnl\u00fc turizm merkezlerinden Cappadocia Cave Resort SPA ile ba\u011flant\u0131l\u0131 ta\u015f\u0131nmazlar icradan sat\u0131\u015fa \u00e7\u0131kar\u0131ld\u0131.","_bbp_topic_count":0,"_bbp_reply_count":0,"_bbp_total_topic_count":0,"_bbp_total_reply_count":0,"_bbp_voice_count":0,"_bbp_anonymous_reply_count":0,"_bbp_topic_count_hidden":0,"_bbp_reply_count_hidden":0,"_bbp_forum_subforum_count":0,"footnotes":"","_yoast_wpseo_focuskw_text_input":""},"categories":[8225,1,8138,12399],"tags":[12385,12386,12387],"yoast_head":"<!-- This site is optimized with the Yoast SEO plugin v23.0 - https:\/\/yoast.com\/wordpress\/plugins\/seo\/ -->\n<title>Kapadokya&#039;n\u0131n D\u00fcnyaca \u00dcnl\u00fc Oteli \u0130cradan Sat\u0131\u015fa \u00c7\u0131kar\u0131ld\u0131 - The Epoch Times TR<\/title>\n<meta name=\"description\" content=\"U\u00e7hisar&#039;da Kapadokya&#039;n\u0131n d\u00fcnyaca \u00fcnl\u00fc turizm merkezlerinden Cappadocia Cave Resort SPA ile ba\u011flant\u0131l\u0131 ta\u015f\u0131nmazlar icradan sat\u0131\u015fa \u00e7\u0131kar\u0131ld\u0131.\" \/>\n<meta name=\"robots\" content=\"index, follow, max-snippet:-1, max-image-preview:large, max-video-preview:-1\" \/>\n<link rel=\"canonical\" href=\"https:\/\/epochtimestr.com\/index.php\/kapadokyanin-dunyaca-unlu-oteli-icradan-satisa-cikarildi\" \/>\n<meta property=\"og:locale\" content=\"tr_TR\" \/>\n<meta property=\"og:type\" content=\"article\" \/>\n<meta property=\"og:title\" content=\"Kapadokya&#039;n\u0131n D\u00fcnyaca \u00dcnl\u00fc Oteli \u0130cradan Sat\u0131\u015fa \u00c7\u0131kar\u0131ld\u0131 - The Epoch Times TR\" \/>\n<meta property=\"og:description\" content=\"U\u00e7hisar&#039;da Kapadokya&#039;n\u0131n d\u00fcnyaca \u00fcnl\u00fc turizm merkezlerinden Cappadocia Cave Resort SPA ile ba\u011flant\u0131l\u0131 ta\u015f\u0131nmazlar icradan sat\u0131\u015fa \u00e7\u0131kar\u0131ld\u0131.\" \/>\n<meta property=\"og:url\" content=\"https:\/\/epochtimestr.com\/index.php\/kapadokyanin-dunyaca-unlu-oteli-icradan-satisa-cikarildi\" \/>\n<meta property=\"og:site_name\" content=\"The Epoch Times TR\" \/>\n<meta property=\"article:publisher\" content=\"https:\/\/www.facebook.com\/theepochtimestr\" \/>\n<meta property=\"article:published_time\" content=\"2026-08-24T05:44:55+00:00\" \/>\n<meta property=\"article:modified_time\" content=\"2026-08-24T05:44:57+00:00\" \/>\n<meta property=\"og:image\" content=\"https:\/\/epochtimestr.com\/wp-content\/uploads\/2011y\/kapadokya-ccr-001.jpg\" \/>\n\t<meta property=\"og:image:width\" content=\"670\" \/>\n\t<meta property=\"og:image:height\" content=\"447\" \/>\n\t<meta property=\"og:image:type\" content=\"image\/jpeg\" \/>\n<meta name=\"author\" content=\"Haber Merkezi\" \/>\n<meta name=\"twitter:card\" content=\"summary_large_image\" \/>\n<meta name=\"twitter:creator\" content=\"@TheEpochTimesTR\" \/>\n<meta name=\"twitter:site\" content=\"@TheEpochTimesTR\" \/>\n<meta name=\"twitter:label1\" content=\"Yazan:\" \/>\n\t<meta name=\"twitter:data1\" content=\"Haber Merkezi\" \/>\n\t<meta name=\"twitter:label2\" content=\"Tahmini okuma s\u00fcresi\" \/>\n\t<meta name=\"twitter:data2\" content=\"4 dakika\" \/>\n<script type=\"application\/ld+json\" class=\"yoast-schema-graph\">{\"@context\":\"https:\/\/schema.org\",\"@graph\":[{\"@type\":\"Article\",\"@id\":\"https:\/\/epochtimestr.com\/index.php\/kapadokyanin-dunyaca-unlu-oteli-icradan-satisa-cikarildi#article\",\"isPartOf\":{\"@id\":\"https:\/\/epochtimestr.com\/index.php\/kapadokyanin-dunyaca-unlu-oteli-icradan-satisa-cikarildi\"},\"author\":{\"name\":\"Haber Merkezi\",\"@id\":\"https:\/\/epochtimestr.com\/#\/schema\/person\/3dc5c3adeb9f43923c5aa85889172fdd\"},\"headline\":\"Kapadokya&#8217;n\u0131n D\u00fcnyaca \u00dcnl\u00fc Oteli \u0130cradan Sat\u0131\u015fa \u00c7\u0131kar\u0131ld\u0131\",\"datePublished\":\"2026-08-24T05:44:55+00:00\",\"dateModified\":\"2026-08-24T05:44:57+00:00\",\"mainEntityOfPage\":{\"@id\":\"https:\/\/epochtimestr.com\/index.php\/kapadokyanin-dunyaca-unlu-oteli-icradan-satisa-cikarildi\"},\"wordCount\":681,\"commentCount\":0,\"publisher\":{\"@id\":\"https:\/\/epochtimestr.com\/#organization\"},\"image\":{\"@id\":\"https:\/\/epochtimestr.com\/index.php\/kapadokyanin-dunyaca-unlu-oteli-icradan-satisa-cikarildi#primaryimage\"},\"thumbnailUrl\":\"https:\/\/epochtimestr.com\/wp-content\/uploads\/2011y\/kapadokya-ccr-001.jpg\",\"keywords\":[\"CCR Cappadocia Cave Resort &amp; spa otel\",\"Nev\u015fehir \u0130cra Dairesi\",\"Sat\u0131\u015f\"],\"articleSection\":[\"Ekonomi\",\"G\u00dcNDEM\",\"MAN\u015eET\",\"Turizm\"],\"inLanguage\":\"tr\",\"potentialAction\":[{\"@type\":\"CommentAction\",\"name\":\"Comment\",\"target\":[\"https:\/\/epochtimestr.com\/index.php\/kapadokyanin-dunyaca-unlu-oteli-icradan-satisa-cikarildi#respond\"]}]},{\"@type\":\"WebPage\",\"@id\":\"https:\/\/epochtimestr.com\/index.php\/kapadokyanin-dunyaca-unlu-oteli-icradan-satisa-cikarildi\",\"url\":\"https:\/\/epochtimestr.com\/index.php\/kapadokyanin-dunyaca-unlu-oteli-icradan-satisa-cikarildi\",\"name\":\"Kapadokya'n\u0131n D\u00fcnyaca \u00dcnl\u00fc Oteli \u0130cradan Sat\u0131\u015fa \u00c7\u0131kar\u0131ld\u0131 - The Epoch Times TR\",\"isPartOf\":{\"@id\":\"https:\/\/epochtimestr.com\/#website\"},\"primaryImageOfPage\":{\"@id\":\"https:\/\/epochtimestr.com\/index.php\/kapadokyanin-dunyaca-unlu-oteli-icradan-satisa-cikarildi#primaryimage\"},\"image\":{\"@id\":\"https:\/\/epochtimestr.com\/index.php\/kapadokyanin-dunyaca-unlu-oteli-icradan-satisa-cikarildi#primaryimage\"},\"thumbnailUrl\":\"https:\/\/epochtimestr.com\/wp-content\/uploads\/2011y\/kapadokya-ccr-001.jpg\",\"datePublished\":\"2026-08-24T05:44:55+00:00\",\"dateModified\":\"2026-08-24T05:44:57+00:00\",\"description\":\"U\u00e7hisar'da Kapadokya'n\u0131n d\u00fcnyaca \u00fcnl\u00fc turizm merkezlerinden Cappadocia Cave Resort SPA ile ba\u011flant\u0131l\u0131 ta\u015f\u0131nmazlar icradan sat\u0131\u015fa \u00e7\u0131kar\u0131ld\u0131.\",\"inLanguage\":\"tr\",\"potentialAction\":[{\"@type\":\"ReadAction\",\"target\":[\"https:\/\/epochtimestr.com\/index.php\/kapadokyanin-dunyaca-unlu-oteli-icradan-satisa-cikarildi\"]}]},{\"@type\":\"ImageObject\",\"inLanguage\":\"tr\",\"@id\":\"https:\/\/epochtimestr.com\/index.php\/kapadokyanin-dunyaca-unlu-oteli-icradan-satisa-cikarildi#primaryimage\",\"url\":\"https:\/\/epochtimestr.com\/wp-content\/uploads\/2011y\/kapadokya-ccr-001.jpg\",\"contentUrl\":\"https:\/\/epochtimestr.com\/wp-content\/uploads\/2011y\/kapadokya-ccr-001.jpg\",\"width\":670,\"height\":447},{\"@type\":\"WebSite\",\"@id\":\"https:\/\/epochtimestr.com\/#website\",\"url\":\"https:\/\/epochtimestr.com\/\",\"name\":\"The Epoch Times TR\",\"description\":\"De\u011fi\u015fen D\u00fcnyam\u0131za Taze Bir Bak\u0131\u015f\",\"publisher\":{\"@id\":\"https:\/\/epochtimestr.com\/#organization\"},\"potentialAction\":[{\"@type\":\"SearchAction\",\"target\":{\"@type\":\"EntryPoint\",\"urlTemplate\":\"https:\/\/epochtimestr.com\/?s={search_term_string}\"},\"query-input\":\"required name=search_term_string\"}],\"inLanguage\":\"tr\"},{\"@type\":\"Organization\",\"@id\":\"https:\/\/epochtimestr.com\/#organization\",\"name\":\"The EpochTimes T\u00fcrkiye\",\"url\":\"https:\/\/epochtimestr.com\/\",\"logo\":{\"@type\":\"ImageObject\",\"inLanguage\":\"tr\",\"@id\":\"https:\/\/epochtimestr.com\/#\/schema\/logo\/image\/\",\"url\":\"https:\/\/epochtimestr.com\/wp-content\/uploads\/2011y\/ET-Logo-YG.jpg\",\"contentUrl\":\"https:\/\/epochtimestr.com\/wp-content\/uploads\/2011y\/ET-Logo-YG.jpg\",\"width\":346,\"height\":29,\"caption\":\"The EpochTimes T\u00fcrkiye\"},\"image\":{\"@id\":\"https:\/\/epochtimestr.com\/#\/schema\/logo\/image\/\"},\"sameAs\":[\"https:\/\/www.facebook.com\/theepochtimestr\",\"https:\/\/x.com\/TheEpochTimesTR\",\"https:\/\/www.instagram.com\/epochtimestr\"]},{\"@type\":\"Person\",\"@id\":\"https:\/\/epochtimestr.com\/#\/schema\/person\/3dc5c3adeb9f43923c5aa85889172fdd\",\"name\":\"Haber Merkezi\",\"image\":{\"@type\":\"ImageObject\",\"inLanguage\":\"tr\",\"@id\":\"https:\/\/epochtimestr.com\/#\/schema\/person\/image\/\",\"url\":\"https:\/\/secure.gravatar.com\/avatar\/d73f772ba5a74f28601361e17c2f93e6?s=96&d=mm&r=g\",\"contentUrl\":\"https:\/\/secure.gravatar.com\/avatar\/d73f772ba5a74f28601361e17c2f93e6?s=96&d=mm&r=g\",\"caption\":\"Haber Merkezi\"},\"url\":\"https:\/\/epochtimestr.com\/index.php\/author\/sendag\"}]}<\/script>\n<!-- \/ Yoast SEO plugin. -->","yoast_head_json":{"title":"Kapadokya'n\u0131n D\u00fcnyaca \u00dcnl\u00fc Oteli \u0130cradan Sat\u0131\u015fa \u00c7\u0131kar\u0131ld\u0131 - The Epoch Times TR","description":"U\u00e7hisar'da Kapadokya'n\u0131n d\u00fcnyaca \u00fcnl\u00fc turizm merkezlerinden Cappadocia Cave Resort SPA ile ba\u011flant\u0131l\u0131 ta\u015f\u0131nmazlar icradan sat\u0131\u015fa \u00e7\u0131kar\u0131ld\u0131.","robots":{"index":"index","follow":"follow","max-snippet":"max-snippet:-1","max-image-preview":"max-image-preview:large","max-video-preview":"max-video-preview:-1"},"canonical":"https:\/\/epochtimestr.com\/index.php\/kapadokyanin-dunyaca-unlu-oteli-icradan-satisa-cikarildi","og_locale":"tr_TR","og_type":"article","og_title":"Kapadokya'n\u0131n D\u00fcnyaca \u00dcnl\u00fc Oteli \u0130cradan Sat\u0131\u015fa \u00c7\u0131kar\u0131ld\u0131 - The Epoch Times TR","og_description":"U\u00e7hisar'da Kapadokya'n\u0131n d\u00fcnyaca \u00fcnl\u00fc turizm merkezlerinden Cappadocia Cave Resort SPA ile ba\u011flant\u0131l\u0131 ta\u015f\u0131nmazlar icradan sat\u0131\u015fa \u00e7\u0131kar\u0131ld\u0131.","og_url":"https:\/\/epochtimestr.com\/index.php\/kapadokyanin-dunyaca-unlu-oteli-icradan-satisa-cikarildi","og_site_name":"The Epoch Times TR","article_publisher":"https:\/\/www.facebook.com\/theepochtimestr","article_published_time":"2026-08-24T05:44:55+00:00","article_modified_time":"2026-08-24T05:44:57+00:00","og_image":[{"width":670,"height":447,"url":"https:\/\/epochtimestr.com\/wp-content\/uploads\/2011y\/kapadokya-ccr-001.jpg","type":"image\/jpeg"}],"author":"Haber Merkezi","twitter_card":"summary_large_image","twitter_creator":"@TheEpochTimesTR","twitter_site":"@TheEpochTimesTR","twitter_misc":{"Yazan:":"Haber Merkezi","Tahmini okuma s\u00fcresi":"4 dakika"},"schema":{"@context":"https:\/\/schema.org","@graph":[{"@type":"Article","@id":"https:\/\/epochtimestr.com\/index.php\/kapadokyanin-dunyaca-unlu-oteli-icradan-satisa-cikarildi#article","isPartOf":{"@id":"https:\/\/epochtimestr.com\/index.php\/kapadokyanin-dunyaca-unlu-oteli-icradan-satisa-cikarildi"},"author":{"name":"Haber Merkezi","@id":"https:\/\/epochtimestr.com\/#\/schema\/person\/3dc5c3adeb9f43923c5aa85889172fdd"},"headline":"Kapadokya&#8217;n\u0131n D\u00fcnyaca \u00dcnl\u00fc Oteli \u0130cradan Sat\u0131\u015fa \u00c7\u0131kar\u0131ld\u0131","datePublished":"2026-08-24T05:44:55+00:00","dateModified":"2026-08-24T05:44:57+00:00","mainEntityOfPage":{"@id":"https:\/\/epochtimestr.com\/index.php\/kapadokyanin-dunyaca-unlu-oteli-icradan-satisa-cikarildi"},"wordCount":681,"commentCount":0,"publisher":{"@id":"https:\/\/epochtimestr.com\/#organization"},"image":{"@id":"https:\/\/epochtimestr.com\/index.php\/kapadokyanin-dunyaca-unlu-oteli-icradan-satisa-cikarildi#primaryimage"},"thumbnailUrl":"https:\/\/epochtimestr.com\/wp-content\/uploads\/2011y\/kapadokya-ccr-001.jpg","keywords":["CCR Cappadocia Cave Resort &amp; spa otel","Nev\u015fehir \u0130cra Dairesi","Sat\u0131\u015f"],"articleSection":["Ekonomi","G\u00dcNDEM","MAN\u015eET","Turizm"],"inLanguage":"tr","potentialAction":[{"@type":"CommentAction","name":"Comment","target":["https:\/\/epochtimestr.com\/index.php\/kapadokyanin-dunyaca-unlu-oteli-icradan-satisa-cikarildi#respond"]}]},{"@type":"WebPage","@id":"https:\/\/epochtimestr.com\/index.php\/kapadokyanin-dunyaca-unlu-oteli-icradan-satisa-cikarildi","url":"https:\/\/epochtimestr.com\/index.php\/kapadokyanin-dunyaca-unlu-oteli-icradan-satisa-cikarildi","name":"Kapadokya'n\u0131n D\u00fcnyaca \u00dcnl\u00fc Oteli \u0130cradan Sat\u0131\u015fa \u00c7\u0131kar\u0131ld\u0131 - The Epoch Times TR","isPartOf":{"@id":"https:\/\/epochtimestr.com\/#website"},"primaryImageOfPage":{"@id":"https:\/\/epochtimestr.com\/index.php\/kapadokyanin-dunyaca-unlu-oteli-icradan-satisa-cikarildi#primaryimage"},"image":{"@id":"https:\/\/epochtimestr.com\/index.php\/kapadokyanin-dunyaca-unlu-oteli-icradan-satisa-cikarildi#primaryimage"},"thumbnailUrl":"https:\/\/epochtimestr.com\/wp-content\/uploads\/2011y\/kapadokya-ccr-001.jpg","datePublished":"2026-08-24T05:44:55+00:00","dateModified":"2026-08-24T05:44:57+00:00","description":"U\u00e7hisar'da Kapadokya'n\u0131n d\u00fcnyaca \u00fcnl\u00fc turizm merkezlerinden Cappadocia Cave Resort SPA ile ba\u011flant\u0131l\u0131 ta\u015f\u0131nmazlar icradan sat\u0131\u015fa \u00e7\u0131kar\u0131ld\u0131.","inLanguage":"tr","potentialAction":[{"@type":"ReadAction","target":["https:\/\/epochtimestr.com\/index.php\/kapadokyanin-dunyaca-unlu-oteli-icradan-satisa-cikarildi"]}]},{"@type":"ImageObject","inLanguage":"tr","@id":"https:\/\/epochtimestr.com\/index.php\/kapadokyanin-dunyaca-unlu-oteli-icradan-satisa-cikarildi#primaryimage","url":"https:\/\/epochtimestr.com\/wp-content\/uploads\/2011y\/kapadokya-ccr-001.jpg","contentUrl":"https:\/\/epochtimestr.com\/wp-content\/uploads\/2011y\/kapadokya-ccr-001.jpg","width":670,"height":447},{"@type":"WebSite","@id":"https:\/\/epochtimestr.com\/#website","url":"https:\/\/epochtimestr.com\/","name":"The Epoch Times TR","description":"De\u011fi\u015fen D\u00fcnyam\u0131za Taze Bir Bak\u0131\u015f","publisher":{"@id":"https:\/\/epochtimestr.com\/#organization"},"potentialAction":[{"@type":"SearchAction","target":{"@type":"EntryPoint","urlTemplate":"https:\/\/epochtimestr.com\/?s={search_term_string}"},"query-input":"required name=search_term_string"}],"inLanguage":"tr"},{"@type":"Organization","@id":"https:\/\/epochtimestr.com\/#organization","name":"The EpochTimes T\u00fcrkiye","url":"https:\/\/epochtimestr.com\/","logo":{"@type":"ImageObject","inLanguage":"tr","@id":"https:\/\/epochtimestr.com\/#\/schema\/logo\/image\/","url":"https:\/\/epochtimestr.com\/wp-content\/uploads\/2011y\/ET-Logo-YG.jpg","contentUrl":"https:\/\/epochtimestr.com\/wp-content\/uploads\/2011y\/ET-Logo-YG.jpg","width":346,"height":29,"caption":"The EpochTimes T\u00fcrkiye"},"image":{"@id":"https:\/\/epochtimestr.com\/#\/schema\/logo\/image\/"},"sameAs":["https:\/\/www.facebook.com\/theepochtimestr","https:\/\/x.com\/TheEpochTimesTR","https:\/\/www.instagram.com\/epochtimestr"]},{"@type":"Person","@id":"https:\/\/epochtimestr.com\/#\/schema\/person\/3dc5c3adeb9f43923c5aa85889172fdd","name":"Haber Merkezi","image":{"@type":"ImageObject","inLanguage":"tr","@id":"https:\/\/epochtimestr.com\/#\/schema\/person\/image\/","url":"https:\/\/secure.gravatar.com\/avatar\/d73f772ba5a74f28601361e17c2f93e6?s=96&d=mm&r=g","contentUrl":"https:\/\/secure.gravatar.com\/avatar\/d73f772ba5a74f28601361e17c2f93e6?s=96&d=mm&r=g","caption":"Haber Merkezi"},"url":"https:\/\/epochtimestr.com\/index.php\/author\/sendag"}]}},"_links":{"self":[{"href":"https:\/\/epochtimestr.com\/index.php\/wp-json\/wp\/v2\/posts\/170819"}],"collection":[{"href":"https:\/\/epochtimestr.com\/index.php\/wp-json\/wp\/v2\/posts"}],"about":[{"href":"https:\/\/epochtimestr.com\/index.php\/wp-json\/wp\/v2\/types\/post"}],"author":[{"embeddable":true,"href":"https:\/\/epochtimestr.com\/index.php\/wp-json\/wp\/v2\/users\/12791"}],"replies":[{"embeddable":true,"href":"https:\/\/epochtimestr.com\/index.php\/wp-json\/wp\/v2\/comments?post=170819"}],"version-history":[{"count":3,"href":"https:\/\/epochtimestr.com\/index.php\/wp-json\/wp\/v2\/posts\/170819\/revisions"}],"predecessor-version":[{"id":170838,"href":"https:\/\/epochtimestr.com\/index.php\/wp-json\/wp\/v2\/posts\/170819\/revisions\/170838"}],"wp:featuredmedia":[{"embeddable":true,"href":"https:\/\/epochtimestr.com\/index.php\/wp-json\/wp\/v2\/media\/170820"}],"wp:attachment":[{"href":"https:\/\/epochtimestr.com\/index.php\/wp-json\/wp\/v2\/media?parent=170819"}],"wp:term":[{"taxonomy":"category","embeddable":true,"href":"https:\/\/epochtimestr.com\/index.php\/wp-json\/wp\/v2\/categories?post=170819"},{"taxonomy":"post_tag","embeddable":true,"href":"https:\/\/epochtimestr.com\/index.php\/wp-json\/wp\/v2\/tags?post=170819"}],"curies":[{"name":"wp","href":"https:\/\/api.w.org\/{rel}","templated":true}]}}