{"id":170829,"date":"2026-08-24T09:04:46","date_gmt":"2026-08-24T06:04:46","guid":{"rendered":"https:\/\/epochtimestr.com\/?p=170829"},"modified":"2026-08-24T09:04:48","modified_gmt":"2026-08-24T06:04:48","slug":"madenciler-oldukten-sonra-uyanamayiz-olmeden-ses-cikaralim","status":"publish","type":"post","link":"https:\/\/epochtimestr.com\/index.php\/madenciler-oldukten-sonra-uyanamayiz-olmeden-ses-cikaralim","title":{"rendered":"Madenciler: \u00d6ld\u00fckten Sonra Uyanamay\u0131z \u00d6lmeden Ses \u00c7\u0131karal\u0131m"},"content":{"rendered":"<div class=\"wp-block-image\">\n<figure class=\"aligncenter size-full\"><img loading=\"lazy\" decoding=\"async\" width=\"860\" height=\"484\" src=\"https:\/\/epochtimestr.com\/wp-content\/uploads\/2011y\/madenciler.webp\" alt=\"Madenciler Seslendi: '\u00d6ld\u00fckten Sonra Uyanamay\u0131z \u00d6lmeden Ses \u00c7\u0131karal\u0131m' (Foto\u011fraf. Ba\u011f\u0131ms\u0131z Maden \u0130\u015f Sendikas\u0131 x hesab\u0131)\" class=\"wp-image-170830\" srcset=\"https:\/\/epochtimestr.com\/wp-content\/uploads\/2011y\/madenciler.webp 860w, https:\/\/epochtimestr.com\/wp-content\/uploads\/2011y\/madenciler-300x169.webp 300w, https:\/\/epochtimestr.com\/wp-content\/uploads\/2011y\/madenciler-150x84.webp 150w, https:\/\/epochtimestr.com\/wp-content\/uploads\/2011y\/madenciler-768x432.webp 768w\" sizes=\"(max-width: 860px) 100vw, 860px\" \/><figcaption class=\"wp-element-caption\">Madenciler Seslendi: &#8216;\u00d6ld\u00fckten Sonra Uyanamay\u0131z \u00d6lmeden Ses \u00c7\u0131karal\u0131m&#8217; (Foto\u011fraf. Ba\u011f\u0131ms\u0131zMaden\u0130\u015fSendikas\u0131 x hesab\u0131)<\/figcaption><\/figure><\/div>\n\n\n<h2 class=\"wp-block-heading\">Ba\u011f\u0131ms\u0131z Maden \u0130\u015f Sendikas\u0131 \u00fcyesi Doruk Madencilik ve Elaz\u0131\u011f ET\u0130 G\u00fcm\u00fc\u015f \u00e7al\u0131\u015fan\u0131 madenciler, alacaklar\u0131n\u0131n \u00f6denmesi talebiyle Enerji ve Tabii Kaynaklar Bakanl\u0131\u011f\u0131 \u00f6n\u00fcndeki eylemini devam ettiriyor.<\/h2>\n\n\n\n<p>Ba\u011f\u0131ms\u0131z Maden \u0130\u015f Sendikas\u0131 \u00fcyesi Doruk Madencilik ve Elaz\u0131\u011f ET\u0130 G\u00fcm\u00fc\u015f i\u015f\u00e7ilerinin alacaklar\u0131n\u0131n \u00f6denmesi talebiyle Enerji ve Tabii Kaynaklar Bakanl\u0131\u011f\u0131 \u00f6n\u00fcndeki eylemi devam ediyor. Bir i\u015f\u00e7i itiraz\u0131n\u0131, &#8220;Ben sa\u011fl\u0131\u011f\u0131m\u0131 kaybettim, beyefendi hala <a href=\"https:\/\/epochtimestr.com\/index.php\/ankaradaki-maden-kazasi-sorusturmasinda-dokuz-gozalti\" target=\"_blank\" rel=\"noreferrer noopener\">itibar<\/a> diyor. Ba\u015flar\u0131m itibar\u0131na, hakk\u0131m\u0131 versin benim&#8221; s\u00f6zleriyle dile getirdi. Ba\u011f\u0131ms\u0131z Maden-\u0130\u015f Sendikas\u0131 \u00d6rg\u00fctlenme Uzman\u0131 Ba\u015faran Aksu, burada yapt\u0131\u011f\u0131 a\u00e7\u0131klamada sorunun bir an \u00f6nce \u00e7\u00f6z\u00fclmesini beklediklerini, yar\u0131n itibariyle eylemlerinde 5. etaba ge\u00e7eceklerini ve geli\u015fmeleri kamuoyuyla payla\u015facaklar\u0131n\u0131 s\u00f6yledi.<\/p>\n\n\n\n<p>Ba\u011f\u0131ms\u0131z Maden \u0130\u015f Sendikas\u0131 \u00fcyesi Doruk Madencilik ve Elaz\u0131\u011f ET\u0130 G\u00fcm\u00fc\u015f i\u015f\u00e7ilerinin alacaklar\u0131n\u0131n \u00f6denmesi talebiyle ba\u015flatt\u0131klar\u0131 eylemleri Enerji ve Tabii Kaynaklar Bakanl\u0131\u011f\u0131 \u00f6n\u00fcnde <a href=\"https:\/\/epochtimestr.com\/index.php\/enerji-bakanligi-onunde-madencilere-polis-saldirisi\" target=\"_blank\" rel=\"noreferrer noopener\">14&#8217;\u00fcnc\u00fc g\u00fcn\u00fcnde<\/a> s\u00fcr\u00fcyor.<\/p>\n\n\n\n<p>\u0130\u015f\u00e7iler, &#8220;\u00c7al\u0131\u015f\u0131rken \u00f6lmek istemiyoruz&#8221;, &#8220;Alparslan Bayraktar \u00e7\u0131k kar\u015f\u0131m\u0131za&#8221;, &#8220;Direne direne kazanaca\u011f\u0131z&#8221;, &#8220;Alparslan Bayraktar insan yemeyiz&#8221;, ve &#8220;\u00d6lmek var d\u00f6nmek yok&#8221; sloganlar\u0131 att\u0131.<\/p>\n\n\n\n<figure class=\"wp-block-embed is-type-rich is-provider-x wp-block-embed-x\"><div class=\"wp-block-embed__wrapper\">\n<blockquote class=\"twitter-tweet\" data-width=\"550\" data-dnt=\"true\"><p lang=\"tr\" dir=\"ltr\">Madenci \u00f6lmeden hakk\u0131n\u0131 verin!<br><br>Enerji Bakanl\u0131\u011f\u0131 \u00f6n\u00fcnde 14. g\u00fcn\u00fcm\u00fczdeyiz. \u0130\u015f\u00e7iler eziliyor, hor g\u00f6r\u00fcl\u00fcyor, \u00f6ld\u00fcr\u00fcl\u00fcyor ama hakk\u0131n\u0131 isteyince muhatap al\u0131nm\u0131yor. Yalvarm\u0131yoruz, madenciyi g\u00f6receksiniz!<a href=\"https:\/\/x.com\/hashtag\/MadenciMutlakaKazanacak?src=hash&amp;ref_src=twsrc%5Etfw\">#MadenciMutlakaKazanacak<\/a> <a href=\"https:\/\/t.co\/xukAVmaEsQ\">pic.twitter.com\/xukAVmaEsQ<\/a><\/p>&mdash; Ba\u011f\u0131ms\u0131z Maden \u0130\u015f (@bagimsizmadenis) <a href=\"https:\/\/x.com\/bagimsizmadenis\/status\/2091487279973810339?ref_src=twsrc%5Etfw\">August 23, 2026<\/a><\/blockquote><script async src=\"https:\/\/platform.x.com\/widgets.js\" charset=\"utf-8\"><\/script>\n<\/div><\/figure>\n\n\n\n<p>Ba\u011f\u0131ms\u0131z Maden-\u0130\u015f Sendikas\u0131 \u00d6rg\u00fctlenme Uzman\u0131 Ba\u015faran Aksu, burada yapt\u0131\u011f\u0131 a\u00e7\u0131klamada, 13 g\u00fcnd\u00fcr Enerji ve Tabii Kaynaklar Bakanl\u0131\u011f\u0131\u2019na \u00e7e\u015fitli ba\u015fvurularda bulunduklar\u0131n\u0131 belirtti. G\u00fcn i\u00e7erisinde 15\u2019i a\u015fk\u0131n kez g\u00f6r\u00fc\u015fme talebinde bulunmalar\u0131na ra\u011fmen Bakan ve Bakan Yard\u0131mc\u0131s\u0131 ile g\u00f6r\u00fc\u015femediklerini s\u00f6yledi. Aksu, \u015f\u00f6yle devam etti:<\/p>\n\n\n\n<h3 class=\"wp-block-heading\">&#8220;Muhatap olmak istemiyorlar \u00e7\u00fcnk\u00fc her t\u00fcrden hastal\u0131k var diye bak\u0131yorlar madenciye.&#8221;<\/h3>\n\n\n\n<p>\u201cYar\u0131n itibariyle direni\u015fin 5. etab\u0131na ge\u00e7iyoruz. Ondan sonra iki etap daha planlamam\u0131z var. Yar\u0131n, \u00f6b\u00fcr g\u00fcn mutlaka \u00e7\u00f6z\u00fcm bekliyoruz. Yar\u0131n \u00f6\u011flene kadar ki geli\u015fmelere g\u00f6re kamuoyuna payla\u015faca\u011f\u0131z durumumuzu.<br \/>Bakanl\u0131\u011fa her t\u00fcrl\u00fc ba\u015fvuruyu yapt\u0131k. G\u00fcn i\u00e7erisinde on be\u015f defay\u0131 bulan g\u00f6r\u00fc\u015fme taleplerimiz oldu ama ne yaz\u0131k ki ne Bakan ne Bakan Yard\u0131mc\u0131s\u0131 bug\u00fcne kadar tenezz\u00fcl edip \u00fc\u00e7 d\u00f6rt tane <a href=\"https:\/\/epochtimestr.com\/index.php\/tepki-gosteren-madenci-aileleri-gozaltina-alindi\" target=\"_blank\" rel=\"noreferrer noopener\">madenci<\/a>yle be\u015f dakika bile olsa g\u00f6r\u00fc\u015fmediler. Biz de bunu bilin\u00e7li olarak s\u00fcrd\u00fcr\u00fcyoruz ki, halk\u0131m\u0131z devleti y\u00f6netenlerin kendilerine nas\u0131l bakt\u0131\u011f\u0131n\u0131, nas\u0131l bir y\u00fckseklikten, tepeden a\u015fa\u011f\u0131ya do\u011fru bakt\u0131\u011f\u0131n\u0131, bu kibri, bu y\u00fcksek egoyu g\u00f6rs\u00fcn. Halk\u0131 \u00e7\u00fcnk\u00fc k\u00fc\u00e7\u00fck g\u00f6r\u00fcyorlar. Halk\u0131 c\u00fcce g\u00f6r\u00fcyorlar. <\/p>\n\n\n\n<p>Dolay\u0131s\u0131yla muhatap da olmak istemiyorlar \u00e7\u00fcnk\u00fc her t\u00fcrden hastal\u0131k var diye bak\u0131yorlar madenciye. Nezih hayatlara sahipler, elit bir d\u00fcnyan\u0131n temsilcileri. Dolay\u0131s\u0131yla yar\u0131n itibariyle direni\u015fin 5. etab\u0131na ge\u00e7iyoruz. Ondan sonra iki etapta planlamam\u0131z var. Yar\u0131n mutlaka \u00e7\u00f6z\u00fcm bekliyoruz. Yar\u0131n \u00f6\u011flene kadarki geli\u015fmelere g\u00f6re kamuoyuna payla\u015faca\u011f\u0131z durumumuzu.<\/p>\n\n\n\n<h3 class=\"wp-block-heading\">&#8220;Madenciler, 3 y\u0131ld\u0131r, 5 y\u0131ld\u0131r, 6 y\u0131ld\u0131r, 7 y\u0131ld\u0131r almas\u0131 gereken paralar\u0131 alamad\u0131\u011f\u0131 i\u00e7in direniyor.&#8221;<\/h3>\n\n\n\n<p>\u00c7al\u0131\u015fma Bakanl\u0131\u011f\u0131 \u0130\u015f Tefti\u015f Kurulu\u2019nun raporu, 3 bakan yard\u0131mc\u0131s\u0131n\u0131n huzurunda verilen g\u00f6revlendirme ile iki taraf da tefti\u015f kurulu raporunun sonu\u00e7lar\u0131n\u0131 kabul edecekti. Olumsuz olsa biz kabul edecektik. \u0130\u015f\u00e7ilerin tezleri do\u011frultusunda \u0130\u015f Tefti\u015f Kurulu raporu \u00e7\u0131kt\u0131. Orada tan\u0131nan s\u00fcresiz \u00fccretsiz izin haklar\u0131n\u0131n \u00f6denmesi, sigorta primlerinin i\u015flenmesi, ihbar tazminatlar\u0131n\u0131n \u00f6denmesi, sendikal nedenlerle at\u0131lan 6 i\u015f\u00e7i arkada\u015f\u0131n sendikal haklar\u0131n\u0131n \u00f6denmesi gibi net, a\u00e7\u0131k bir rapor var ortada. Dolay\u0131s\u0131yla \u00e7\u00f6z\u00fcm\u00fc basit, \u00f6derler biz kalkar\u0131z gideriz.<\/p>\n\n\n\n<p>Halk\u0131m\u0131z da \u015funu bilsin, biz yeni bir hak, maa\u015f talebi, ikramiye talebi, sosyal hak talebi i\u00e7in m\u00fccadele etmiyoruz. Biz daha \u00f6nce al\u0131n teri d\u00f6k\u00fclm\u00fc\u015f haklar\u0131m\u0131z i\u00e7in; maa\u015f, k\u0131dem, ihbar, s\u00fcresiz \u00fccretsiz izin tazminat\u0131, \u00f6zl\u00fck \u00fccretli izin tazminatlar\u0131 \u00fccretleri i\u00e7in direniyoruz. 3 y\u0131ld\u0131r, 5 y\u0131ld\u0131r, 6 y\u0131ld\u0131r, 7 y\u0131ld\u0131r almas\u0131 gereken paralar\u0131 alamad\u0131\u011f\u0131 i\u00e7in madenciler direniyor. Madenci direnirken y\u00fcz\u00fcne bak\u0131lmal\u0131, madenci \u00f6l\u00fcrken \u00f6yle sahte \u00fcz\u00fcnt\u00fc beyanlar\u0131 madenciler nezdinde art\u0131k bir kar\u015f\u0131l\u0131k bulmuyor.&#8221;<\/p>\n\n\n\n<figure class=\"wp-block-embed is-type-rich is-provider-x wp-block-embed-x\"><div class=\"wp-block-embed__wrapper\">\n<blockquote class=\"twitter-tweet\" data-width=\"550\" data-dnt=\"true\"><p lang=\"tr\" dir=\"ltr\">Bir patron \u00fc\u00e7 bakanl\u0131ktan g\u00fc\u00e7l\u00fc m\u00fc?<br><br>2024 y\u0131l\u0131nda Meclis&#39;e \u00e7\u0131plak ayaklarla y\u00fcr\u00fcd\u00fc\u011f\u00fcm\u00fcz Fernas Direni\u015fimizin \u00f6nc\u00fclerinden Eyip Can:<br><br>\u201cBu \u00fc\u00e7 tane bakanl\u0131k s\u00f6z verip garant\u00f6r olduklar\u0131 halde Sabahattin Y\u0131ld\u0131z\u2019dan \u00e7ok mu korkuyorlar, bunu \u00f6\u011frenmek istiyorum.<br><br>\u201cMadem bir patrona bir\u2026 <a href=\"https:\/\/t.co\/T7Jo5TznJ9\">pic.twitter.com\/T7Jo5TznJ9<\/a><\/p>&mdash; Ba\u011f\u0131ms\u0131z Maden \u0130\u015f (@bagimsizmadenis) <a href=\"https:\/\/x.com\/bagimsizmadenis\/status\/2091480573600797128?ref_src=twsrc%5Etfw\">August 23, 2026<\/a><\/blockquote><script async src=\"https:\/\/platform.x.com\/widgets.js\" charset=\"utf-8\"><\/script>\n<\/div><\/figure>\n\n\n\n<h3 class=\"wp-block-heading\">&#8220;Fazla \u00fcretim, fazla kazan\u00e7 u\u011fruna arkada\u015flar\u0131m\u0131z\u0131 cinayete kurban verdik&#8221;<\/h3>\n\n\n\n<p>Ba\u011f\u0131ms\u0131z Maden-\u0130\u015f Sendikas\u0131 y\u00f6neticisi Volkan \u00c7etin ise Ankara\u2019n\u0131n Beypazar\u0131 il\u00e7esinde ya\u015fanan maden kazas\u0131n\u0131 an\u0131msatarak, \u015funlar\u0131 s\u00f6yledi:<\/p>\n\n\n\n<p>&#8220;Yeni a\u00e7\u0131lan \u00fcretim panolar\u0131nda belli bir ilerleme olduktan sonra \u00fcretimin kontroll\u00fc \u015fekilde durdurulup, arka g\u00f6\u00e7\u00fcrme dedi\u011fimiz olay\u0131n kontroll\u00fc \u015fekilde yap\u0131lmas\u0131 gerekiyor. Bu \u015firket anlad\u0131\u011f\u0131m\u0131za g\u00f6re \u00fcretimi durdurmay\u0131p, kontroll\u00fc \u015fekilde arkay\u0131 g\u00f6\u00e7\u00fcrece\u011fi yerde kendili\u011finden g\u00f6\u00e7mesini beklemi\u015f. Kendili\u011finden g\u00f6\u00e7me olunca oradaki \u00e7al\u0131\u015fan insanlar\u0131, i\u015fte bu vahim kaza diyemiyoruz, kesin ve kesin resmen a\u00e7\u0131k ve \u00f6ng\u00f6r\u00fclebilir bir olay, insanlar\u0131 i\u015f cinayetinde \u00f6ld\u00fcrd\u00fcler. Bu \u015firketin belli bir s\u00fcre \u00fcretimi durdurup, o arka g\u00f6\u00e7\u00fcrme dedi\u011fimiz olay\u0131 kontroll\u00fc bir \u015fekilde yapmas\u0131 gerekiyordu. Ama fazla \u00fcretim, fazla kazan\u00e7 u\u011fruna arkada\u015flar\u0131m\u0131z\u0131 cinayete kurban verdik. Bu soru\u015fturman\u0131n kesinlikle ve kesinlikle takip\u00e7isi olaca\u011f\u0131z.&#8221;<\/p>\n\n\n\n<figure class=\"wp-block-embed is-type-rich is-provider-x wp-block-embed-x\"><div class=\"wp-block-embed__wrapper\">\n<blockquote class=\"twitter-tweet\" data-width=\"550\" data-dnt=\"true\"><p lang=\"tr\" dir=\"ltr\">\u0130tibar\u0131 zedelenen patron de\u011fil, i\u015f\u00e7idir!<br><br>Sendika y\u00f6neticimiz Volkan \u00c7etin:<br><br>\u201cResmen a\u00e7\u0131k ve \u00f6ng\u00f6r\u00fclebilir bir olay, insanlar\u0131 i\u015f cinayetinde \u00f6ld\u00fcrd\u00fcler. Bu \u015firketin yapmas\u0131 gereken, belli bir s\u00fcre \u00fcretimi durdurup o arka g\u00f6\u00e7\u00fcrme dedi\u011fimiz olay\u0131 kontroll\u00fc bir \u015fekilde yapmas\u0131\u2026 <a href=\"https:\/\/t.co\/Iap1DAjvQ5\">pic.twitter.com\/Iap1DAjvQ5<\/a><\/p>&mdash; Ba\u011f\u0131ms\u0131z Maden \u0130\u015f (@bagimsizmadenis) <a href=\"https:\/\/x.com\/bagimsizmadenis\/status\/2091476794754904097?ref_src=twsrc%5Etfw\">August 23, 2026<\/a><\/blockquote><script async src=\"https:\/\/platform.x.com\/widgets.js\" charset=\"utf-8\"><\/script>\n<\/div><\/figure>\n\n\n\n<p><strong>&#8220;\u0130tibar\u0131n\u0131 zedeliyormu\u015fuz. Biz o zaman \u00f6lelim \u00e7\u00fcnk\u00fc bizde hi\u00e7 kalmad\u0131&#8221;<\/strong><\/p>\n\n\n\n<p>Doruk Madencilik i\u015f\u00e7isi de Y\u0131ld\u0131zlar SSS Holding\u2019in &#8220;itibar\u0131m\u0131z\u0131 zedeleyenlere dava a\u00e7aca\u011f\u0131z&#8221; a\u00e7\u0131klamas\u0131n\u0131 hat\u0131rlatarak, &#8220;Ben bir babay\u0131m, \u00f6zel bir \u00e7ocu\u011fum var ve ben bunu doktora g\u00f6t\u00fcrebilmek i\u00e7in bor\u00e7 ar\u0131yorum. \u015eimdi benim mi itibar\u0131m d\u00fc\u015f\u00fcyor, \u015firketin mi? Markete 80 lira borcum var, market diyor ki \u2018\u00d6de de \u00f6yle gel.\u2019 Ba\u015f\u0131m \u00f6ne e\u011filiyor. Benim mi itibar\u0131m d\u00fc\u015f\u00fcyor, \u015firketin mi? \u0130\u015f kazas\u0131 ge\u00e7irdim, i\u015f kazas\u0131 ge\u00e7irmemin d\u00f6rd\u00fcnc\u00fc g\u00fcn\u00fc beni \u00fccretsiz izne \u00e7\u0131kartt\u0131. Kazal\u0131y\u0131m, elimde param yok. Ben ne yapay\u0131m? \u0130tibar\u0131n\u0131 zedeliyormu\u015fuz. Biz o zaman \u00f6lelim \u00e7\u00fcnk\u00fc bizde hi\u00e7 kalmad\u0131.<\/p>\n\n\n\n<p>Bir bayramda \u00e7olu\u011funa \u00e7ocu\u011funa bir k\u0131yafet alamayan, har\u00e7l\u0131k veremeyen i\u015f\u00e7inin mi itibar\u0131 zedelenmi\u015f oluyor, bu arkada\u015flar\u0131n m\u0131?<\/p>\n\n\n\n<p>Ben ge\u00e7enlerde \u015firketin \u00f6n\u00fcndeydim, otuz milyonluk arabaya binen insanlar\u0131n itibar\u0131na hi\u00e7bir \u015fey olmuyor. Ama bu i\u015f\u00e7i \u00e7olu\u011funun \u00e7ocu\u011funun kar\u015f\u0131s\u0131nda ba\u015f\u0131n\u0131 e\u011fiyor. \u0130tibar\u0131 zedelenen bu i\u015f\u00e7i.\u201d<\/p>\n\n\n\n<h3 class=\"wp-block-heading\">&#8220;Say\u0131n valimiz oradayd\u0131 ve olaya tan\u0131k oldu. Bu koydu\u011fu yasak akl\u0131na geldi mi, onu soruyorum. Biz haklar\u0131m\u0131z\u0131n pe\u015finde buraday\u0131z&#8221;<\/h3>\n\n\n\n<p>Ankara\u2019n\u0131n Beypazar\u0131 il\u00e7esinde meydana gelen kazada Ankara Valisi&#8217;nin olay yerinde oldu\u011funu ifade eden i\u015f\u00e7i,<\/p>\n\n\n\n<p>&#8220;Say\u0131n Valimiz oradayd\u0131 ve olaya tan\u0131k oldu ve bu koydu\u011fu yasak akl\u0131na geldi mi, onu soruyorum. Biz haklar\u0131m\u0131z\u0131n pe\u015finde buraday\u0131z. Say\u0131n Valimiz, bizim bu durumumuz akl\u0131n\u0131za geldi mi o g\u00fcn, o an? Hala buraday\u0131z ve hala cevap bekliyoruz ve alacaklar\u0131m\u0131z\u0131 almadan da buradan bir yere gitmek istemiyoruz. Doktorun bana, \u2018E\u011fer ameliyat olmazsan 4 y\u0131l sonra ayaklar\u0131n\u0131 kaybedeceksin\u2019 dedi. Menisk\u00fcs ba\u011flar\u0131m kopuk benim. Ben futbolcu de\u011filim, ko\u015fucu de\u011filim. Bu yer alt\u0131nda oldu. Ben sa\u011fl\u0131\u011f\u0131m\u0131 kaybettim, beyefendi hala itibar diyor. Ba\u015flar\u0131m itibar\u0131na, hakk\u0131m\u0131 versin benim&#8221; diye konu\u015ftu.<br \/>\u0130\u015f\u00e7ilerin, bakanl\u0131k \u00f6n\u00fcndeki eylemi devam ediyor.<\/p>\n\n\n\n<figure class=\"wp-block-embed is-type-rich is-provider-x wp-block-embed-x\"><div class=\"wp-block-embed__wrapper\">\n<blockquote class=\"twitter-tweet\" data-width=\"550\" data-dnt=\"true\"><p lang=\"tr\" dir=\"ltr\">\u0130tibar\u0131n\u0131z de\u011fil, hakk\u0131m\u0131z!<br><br>Ankara Valili\u011fi\u2019ne soruyoruz. Madencinin \u00f6n\u00fcne eylem yasa\u011f\u0131 koyanlar, \u00c7ay\u0131rhan\u2019da bir madenci karde\u015fimizi kaybetti\u011fimiz g\u00fcn bu yasa\u011f\u0131 hat\u0131rlad\u0131 m\u0131?<br><br>Doruk Madencilik i\u015f\u00e7isi Sat\u0131 Kaynak anlat\u0131yor.<br><br>\u00d6zel \u00e7ocu\u011funu doktora g\u00f6t\u00fcrmek i\u00e7in bor\u00e7 ar\u0131yor.\u2026 <a href=\"https:\/\/t.co\/8VRnCCRAm1\">pic.twitter.com\/8VRnCCRAm1<\/a><\/p>&mdash; Ba\u011f\u0131ms\u0131z Maden \u0130\u015f (@bagimsizmadenis) <a href=\"https:\/\/x.com\/bagimsizmadenis\/status\/2091469244819181786?ref_src=twsrc%5Etfw\">August 23, 2026<\/a><\/blockquote><script async src=\"https:\/\/platform.x.com\/widgets.js\" charset=\"utf-8\"><\/script>\n<\/div><\/figure>\n","protected":false},"excerpt":{"rendered":"<p>Ba\u011f\u0131ms\u0131z Maden \u0130\u015f Sendikas\u0131 \u00fcyesi Doruk Madencilik ve Elaz\u0131\u011f ET\u0130 G\u00fcm\u00fc\u015f \u00e7al\u0131\u015fan\u0131 madenciler, alacaklar\u0131n\u0131n \u00f6denmesi talebiyle Enerji ve Tabii Kaynaklar Bakanl\u0131\u011f\u0131 \u00f6n\u00fcndeki eylemini devam ettiriyor. Ba\u011f\u0131ms\u0131z Maden \u0130\u015f Sendikas\u0131 \u00fcyesi Doruk Madencilik ve Elaz\u0131\u011f ET\u0130 G\u00fcm\u00fc\u015f i\u015f\u00e7ilerinin alacaklar\u0131n\u0131n \u00f6denmesi talebiyle Enerji ve Tabii Kaynaklar Bakanl\u0131\u011f\u0131 \u00f6n\u00fcndeki eylemi devam ediyor. Bir i\u015f\u00e7i itiraz\u0131n\u0131, &#8220;Ben sa\u011fl\u0131\u011f\u0131m\u0131 kaybettim, [&hellip;]<\/p>\n","protected":false},"author":12791,"featured_media":170830,"comment_status":"open","ping_status":"open","sticky":false,"template":"","format":"standard","meta":{"_yoast_wpseo_focuskw":"madenciler","_yoast_wpseo_title":"","_yoast_wpseo_metadesc":"Ba\u011f\u0131ms\u0131z Maden \u0130\u015f Sendikas\u0131 \u00fcyesi madenciler, Enerji ve Tabii Kaynaklar Bakanl\u0131\u011f\u0131 \u00f6n\u00fcndeki eylemini devam ettiriyor.","_bbp_topic_count":0,"_bbp_reply_count":0,"_bbp_total_topic_count":0,"_bbp_total_reply_count":0,"_bbp_voice_count":0,"_bbp_anonymous_reply_count":0,"_bbp_topic_count_hidden":0,"_bbp_reply_count_hidden":0,"_bbp_forum_subforum_count":0,"footnotes":"","_yoast_wpseo_focuskw_text_input":""},"categories":[1,8138,8226,8419],"tags":[12392,12389,12388,12391,12390],"yoast_head":"<!-- This site is optimized with the Yoast SEO plugin v23.0 - https:\/\/yoast.com\/wordpress\/plugins\/seo\/ -->\n<title>Madenciler: \u00d6ld\u00fckten Sonra Uyanamay\u0131z \u00d6lmeden Ses \u00c7\u0131karal\u0131m - The Epoch Times TR<\/title>\n<meta name=\"description\" content=\"Ba\u011f\u0131ms\u0131z Maden \u0130\u015f Sendikas\u0131 \u00fcyesi madenciler, Enerji ve Tabii Kaynaklar Bakanl\u0131\u011f\u0131 \u00f6n\u00fcndeki eylemini devam ettiriyor.\" \/>\n<meta name=\"robots\" content=\"index, follow, max-snippet:-1, max-image-preview:large, max-video-preview:-1\" \/>\n<link rel=\"canonical\" href=\"https:\/\/epochtimestr.com\/index.php\/madenciler-oldukten-sonra-uyanamayiz-olmeden-ses-cikaralim\" \/>\n<meta property=\"og:locale\" content=\"tr_TR\" \/>\n<meta property=\"og:type\" content=\"article\" \/>\n<meta property=\"og:title\" content=\"Madenciler: \u00d6ld\u00fckten Sonra Uyanamay\u0131z \u00d6lmeden Ses \u00c7\u0131karal\u0131m - The Epoch Times TR\" \/>\n<meta property=\"og:description\" content=\"Ba\u011f\u0131ms\u0131z Maden \u0130\u015f Sendikas\u0131 \u00fcyesi madenciler, Enerji ve Tabii Kaynaklar Bakanl\u0131\u011f\u0131 \u00f6n\u00fcndeki eylemini devam ettiriyor.\" \/>\n<meta property=\"og:url\" content=\"https:\/\/epochtimestr.com\/index.php\/madenciler-oldukten-sonra-uyanamayiz-olmeden-ses-cikaralim\" \/>\n<meta property=\"og:site_name\" content=\"The Epoch Times TR\" \/>\n<meta property=\"article:publisher\" content=\"https:\/\/www.facebook.com\/theepochtimestr\" \/>\n<meta property=\"article:published_time\" content=\"2026-08-24T06:04:46+00:00\" \/>\n<meta property=\"article:modified_time\" content=\"2026-08-24T06:04:48+00:00\" \/>\n<meta property=\"og:image\" content=\"https:\/\/epochtimestr.com\/wp-content\/uploads\/2011y\/madenciler.webp\" \/>\n\t<meta property=\"og:image:width\" content=\"860\" \/>\n\t<meta property=\"og:image:height\" content=\"484\" \/>\n\t<meta property=\"og:image:type\" content=\"image\/webp\" \/>\n<meta name=\"author\" content=\"Haber Merkezi\" \/>\n<meta name=\"twitter:card\" content=\"summary_large_image\" \/>\n<meta name=\"twitter:creator\" content=\"@TheEpochTimesTR\" \/>\n<meta name=\"twitter:site\" content=\"@TheEpochTimesTR\" \/>\n<meta name=\"twitter:label1\" content=\"Yazan:\" \/>\n\t<meta name=\"twitter:data1\" content=\"Haber Merkezi\" \/>\n\t<meta name=\"twitter:label2\" content=\"Tahmini okuma s\u00fcresi\" \/>\n\t<meta name=\"twitter:data2\" content=\"6 dakika\" \/>\n<script type=\"application\/ld+json\" class=\"yoast-schema-graph\">{\"@context\":\"https:\/\/schema.org\",\"@graph\":[{\"@type\":\"Article\",\"@id\":\"https:\/\/epochtimestr.com\/index.php\/madenciler-oldukten-sonra-uyanamayiz-olmeden-ses-cikaralim#article\",\"isPartOf\":{\"@id\":\"https:\/\/epochtimestr.com\/index.php\/madenciler-oldukten-sonra-uyanamayiz-olmeden-ses-cikaralim\"},\"author\":{\"name\":\"Haber Merkezi\",\"@id\":\"https:\/\/epochtimestr.com\/#\/schema\/person\/3dc5c3adeb9f43923c5aa85889172fdd\"},\"headline\":\"Madenciler: \u00d6ld\u00fckten Sonra Uyanamay\u0131z \u00d6lmeden Ses \u00c7\u0131karal\u0131m\",\"datePublished\":\"2026-08-24T06:04:46+00:00\",\"dateModified\":\"2026-08-24T06:04:48+00:00\",\"mainEntityOfPage\":{\"@id\":\"https:\/\/epochtimestr.com\/index.php\/madenciler-oldukten-sonra-uyanamayiz-olmeden-ses-cikaralim\"},\"wordCount\":1275,\"commentCount\":0,\"publisher\":{\"@id\":\"https:\/\/epochtimestr.com\/#organization\"},\"image\":{\"@id\":\"https:\/\/epochtimestr.com\/index.php\/madenciler-oldukten-sonra-uyanamayiz-olmeden-ses-cikaralim#primaryimage\"},\"thumbnailUrl\":\"https:\/\/epochtimestr.com\/wp-content\/uploads\/2011y\/madenciler.webp\",\"keywords\":[\"Ankara Valisi\",\"Ba\u011f\u0131ms\u0131z Maden \u0130\u015f Sendikas\u0131\",\"Doruk Madencilik ve Elaz\u0131\u011f ET\u0130 G\u00fcm\u00fc\u015f\",\"\u0130tibar\",\"Maenciler\"],\"articleSection\":[\"G\u00dcNDEM\",\"MAN\u015eET\",\"Siyaset\",\"Ya\u015fam\"],\"inLanguage\":\"tr\",\"potentialAction\":[{\"@type\":\"CommentAction\",\"name\":\"Comment\",\"target\":[\"https:\/\/epochtimestr.com\/index.php\/madenciler-oldukten-sonra-uyanamayiz-olmeden-ses-cikaralim#respond\"]}]},{\"@type\":\"WebPage\",\"@id\":\"https:\/\/epochtimestr.com\/index.php\/madenciler-oldukten-sonra-uyanamayiz-olmeden-ses-cikaralim\",\"url\":\"https:\/\/epochtimestr.com\/index.php\/madenciler-oldukten-sonra-uyanamayiz-olmeden-ses-cikaralim\",\"name\":\"Madenciler: \u00d6ld\u00fckten Sonra Uyanamay\u0131z \u00d6lmeden Ses \u00c7\u0131karal\u0131m - The Epoch Times TR\",\"isPartOf\":{\"@id\":\"https:\/\/epochtimestr.com\/#website\"},\"primaryImageOfPage\":{\"@id\":\"https:\/\/epochtimestr.com\/index.php\/madenciler-oldukten-sonra-uyanamayiz-olmeden-ses-cikaralim#primaryimage\"},\"image\":{\"@id\":\"https:\/\/epochtimestr.com\/index.php\/madenciler-oldukten-sonra-uyanamayiz-olmeden-ses-cikaralim#primaryimage\"},\"thumbnailUrl\":\"https:\/\/epochtimestr.com\/wp-content\/uploads\/2011y\/madenciler.webp\",\"datePublished\":\"2026-08-24T06:04:46+00:00\",\"dateModified\":\"2026-08-24T06:04:48+00:00\",\"description\":\"Ba\u011f\u0131ms\u0131z Maden \u0130\u015f Sendikas\u0131 \u00fcyesi madenciler, Enerji ve Tabii Kaynaklar Bakanl\u0131\u011f\u0131 \u00f6n\u00fcndeki eylemini devam ettiriyor.\",\"inLanguage\":\"tr\",\"potentialAction\":[{\"@type\":\"ReadAction\",\"target\":[\"https:\/\/epochtimestr.com\/index.php\/madenciler-oldukten-sonra-uyanamayiz-olmeden-ses-cikaralim\"]}]},{\"@type\":\"ImageObject\",\"inLanguage\":\"tr\",\"@id\":\"https:\/\/epochtimestr.com\/index.php\/madenciler-oldukten-sonra-uyanamayiz-olmeden-ses-cikaralim#primaryimage\",\"url\":\"https:\/\/epochtimestr.com\/wp-content\/uploads\/2011y\/madenciler.webp\",\"contentUrl\":\"https:\/\/epochtimestr.com\/wp-content\/uploads\/2011y\/madenciler.webp\",\"width\":860,\"height\":484},{\"@type\":\"WebSite\",\"@id\":\"https:\/\/epochtimestr.com\/#website\",\"url\":\"https:\/\/epochtimestr.com\/\",\"name\":\"The Epoch Times TR\",\"description\":\"De\u011fi\u015fen D\u00fcnyam\u0131za Taze Bir Bak\u0131\u015f\",\"publisher\":{\"@id\":\"https:\/\/epochtimestr.com\/#organization\"},\"potentialAction\":[{\"@type\":\"SearchAction\",\"target\":{\"@type\":\"EntryPoint\",\"urlTemplate\":\"https:\/\/epochtimestr.com\/?s={search_term_string}\"},\"query-input\":\"required name=search_term_string\"}],\"inLanguage\":\"tr\"},{\"@type\":\"Organization\",\"@id\":\"https:\/\/epochtimestr.com\/#organization\",\"name\":\"The EpochTimes T\u00fcrkiye\",\"url\":\"https:\/\/epochtimestr.com\/\",\"logo\":{\"@type\":\"ImageObject\",\"inLanguage\":\"tr\",\"@id\":\"https:\/\/epochtimestr.com\/#\/schema\/logo\/image\/\",\"url\":\"https:\/\/epochtimestr.com\/wp-content\/uploads\/2011y\/ET-Logo-YG.jpg\",\"contentUrl\":\"https:\/\/epochtimestr.com\/wp-content\/uploads\/2011y\/ET-Logo-YG.jpg\",\"width\":346,\"height\":29,\"caption\":\"The EpochTimes T\u00fcrkiye\"},\"image\":{\"@id\":\"https:\/\/epochtimestr.com\/#\/schema\/logo\/image\/\"},\"sameAs\":[\"https:\/\/www.facebook.com\/theepochtimestr\",\"https:\/\/x.com\/TheEpochTimesTR\",\"https:\/\/www.instagram.com\/epochtimestr\"]},{\"@type\":\"Person\",\"@id\":\"https:\/\/epochtimestr.com\/#\/schema\/person\/3dc5c3adeb9f43923c5aa85889172fdd\",\"name\":\"Haber Merkezi\",\"image\":{\"@type\":\"ImageObject\",\"inLanguage\":\"tr\",\"@id\":\"https:\/\/epochtimestr.com\/#\/schema\/person\/image\/\",\"url\":\"https:\/\/secure.gravatar.com\/avatar\/d73f772ba5a74f28601361e17c2f93e6?s=96&d=mm&r=g\",\"contentUrl\":\"https:\/\/secure.gravatar.com\/avatar\/d73f772ba5a74f28601361e17c2f93e6?s=96&d=mm&r=g\",\"caption\":\"Haber Merkezi\"},\"url\":\"https:\/\/epochtimestr.com\/index.php\/author\/sendag\"}]}<\/script>\n<!-- \/ Yoast SEO plugin. -->","yoast_head_json":{"title":"Madenciler: \u00d6ld\u00fckten Sonra Uyanamay\u0131z \u00d6lmeden Ses \u00c7\u0131karal\u0131m - The Epoch Times TR","description":"Ba\u011f\u0131ms\u0131z Maden \u0130\u015f Sendikas\u0131 \u00fcyesi madenciler, Enerji ve Tabii Kaynaklar Bakanl\u0131\u011f\u0131 \u00f6n\u00fcndeki eylemini devam ettiriyor.","robots":{"index":"index","follow":"follow","max-snippet":"max-snippet:-1","max-image-preview":"max-image-preview:large","max-video-preview":"max-video-preview:-1"},"canonical":"https:\/\/epochtimestr.com\/index.php\/madenciler-oldukten-sonra-uyanamayiz-olmeden-ses-cikaralim","og_locale":"tr_TR","og_type":"article","og_title":"Madenciler: \u00d6ld\u00fckten Sonra Uyanamay\u0131z \u00d6lmeden Ses \u00c7\u0131karal\u0131m - The Epoch Times TR","og_description":"Ba\u011f\u0131ms\u0131z Maden \u0130\u015f Sendikas\u0131 \u00fcyesi madenciler, Enerji ve Tabii Kaynaklar Bakanl\u0131\u011f\u0131 \u00f6n\u00fcndeki eylemini devam ettiriyor.","og_url":"https:\/\/epochtimestr.com\/index.php\/madenciler-oldukten-sonra-uyanamayiz-olmeden-ses-cikaralim","og_site_name":"The Epoch Times TR","article_publisher":"https:\/\/www.facebook.com\/theepochtimestr","article_published_time":"2026-08-24T06:04:46+00:00","article_modified_time":"2026-08-24T06:04:48+00:00","og_image":[{"width":860,"height":484,"url":"https:\/\/epochtimestr.com\/wp-content\/uploads\/2011y\/madenciler.webp","type":"image\/webp"}],"author":"Haber Merkezi","twitter_card":"summary_large_image","twitter_creator":"@TheEpochTimesTR","twitter_site":"@TheEpochTimesTR","twitter_misc":{"Yazan:":"Haber Merkezi","Tahmini okuma s\u00fcresi":"6 dakika"},"schema":{"@context":"https:\/\/schema.org","@graph":[{"@type":"Article","@id":"https:\/\/epochtimestr.com\/index.php\/madenciler-oldukten-sonra-uyanamayiz-olmeden-ses-cikaralim#article","isPartOf":{"@id":"https:\/\/epochtimestr.com\/index.php\/madenciler-oldukten-sonra-uyanamayiz-olmeden-ses-cikaralim"},"author":{"name":"Haber Merkezi","@id":"https:\/\/epochtimestr.com\/#\/schema\/person\/3dc5c3adeb9f43923c5aa85889172fdd"},"headline":"Madenciler: \u00d6ld\u00fckten Sonra Uyanamay\u0131z \u00d6lmeden Ses \u00c7\u0131karal\u0131m","datePublished":"2026-08-24T06:04:46+00:00","dateModified":"2026-08-24T06:04:48+00:00","mainEntityOfPage":{"@id":"https:\/\/epochtimestr.com\/index.php\/madenciler-oldukten-sonra-uyanamayiz-olmeden-ses-cikaralim"},"wordCount":1275,"commentCount":0,"publisher":{"@id":"https:\/\/epochtimestr.com\/#organization"},"image":{"@id":"https:\/\/epochtimestr.com\/index.php\/madenciler-oldukten-sonra-uyanamayiz-olmeden-ses-cikaralim#primaryimage"},"thumbnailUrl":"https:\/\/epochtimestr.com\/wp-content\/uploads\/2011y\/madenciler.webp","keywords":["Ankara Valisi","Ba\u011f\u0131ms\u0131z Maden \u0130\u015f Sendikas\u0131","Doruk Madencilik ve Elaz\u0131\u011f ET\u0130 G\u00fcm\u00fc\u015f","\u0130tibar","Maenciler"],"articleSection":["G\u00dcNDEM","MAN\u015eET","Siyaset","Ya\u015fam"],"inLanguage":"tr","potentialAction":[{"@type":"CommentAction","name":"Comment","target":["https:\/\/epochtimestr.com\/index.php\/madenciler-oldukten-sonra-uyanamayiz-olmeden-ses-cikaralim#respond"]}]},{"@type":"WebPage","@id":"https:\/\/epochtimestr.com\/index.php\/madenciler-oldukten-sonra-uyanamayiz-olmeden-ses-cikaralim","url":"https:\/\/epochtimestr.com\/index.php\/madenciler-oldukten-sonra-uyanamayiz-olmeden-ses-cikaralim","name":"Madenciler: \u00d6ld\u00fckten Sonra Uyanamay\u0131z \u00d6lmeden Ses \u00c7\u0131karal\u0131m - The Epoch Times TR","isPartOf":{"@id":"https:\/\/epochtimestr.com\/#website"},"primaryImageOfPage":{"@id":"https:\/\/epochtimestr.com\/index.php\/madenciler-oldukten-sonra-uyanamayiz-olmeden-ses-cikaralim#primaryimage"},"image":{"@id":"https:\/\/epochtimestr.com\/index.php\/madenciler-oldukten-sonra-uyanamayiz-olmeden-ses-cikaralim#primaryimage"},"thumbnailUrl":"https:\/\/epochtimestr.com\/wp-content\/uploads\/2011y\/madenciler.webp","datePublished":"2026-08-24T06:04:46+00:00","dateModified":"2026-08-24T06:04:48+00:00","description":"Ba\u011f\u0131ms\u0131z Maden \u0130\u015f Sendikas\u0131 \u00fcyesi madenciler, Enerji ve Tabii Kaynaklar Bakanl\u0131\u011f\u0131 \u00f6n\u00fcndeki eylemini devam ettiriyor.","inLanguage":"tr","potentialAction":[{"@type":"ReadAction","target":["https:\/\/epochtimestr.com\/index.php\/madenciler-oldukten-sonra-uyanamayiz-olmeden-ses-cikaralim"]}]},{"@type":"ImageObject","inLanguage":"tr","@id":"https:\/\/epochtimestr.com\/index.php\/madenciler-oldukten-sonra-uyanamayiz-olmeden-ses-cikaralim#primaryimage","url":"https:\/\/epochtimestr.com\/wp-content\/uploads\/2011y\/madenciler.webp","contentUrl":"https:\/\/epochtimestr.com\/wp-content\/uploads\/2011y\/madenciler.webp","width":860,"height":484},{"@type":"WebSite","@id":"https:\/\/epochtimestr.com\/#website","url":"https:\/\/epochtimestr.com\/","name":"The Epoch Times TR","description":"De\u011fi\u015fen D\u00fcnyam\u0131za Taze Bir Bak\u0131\u015f","publisher":{"@id":"https:\/\/epochtimestr.com\/#organization"},"potentialAction":[{"@type":"SearchAction","target":{"@type":"EntryPoint","urlTemplate":"https:\/\/epochtimestr.com\/?s={search_term_string}"},"query-input":"required name=search_term_string"}],"inLanguage":"tr"},{"@type":"Organization","@id":"https:\/\/epochtimestr.com\/#organization","name":"The EpochTimes T\u00fcrkiye","url":"https:\/\/epochtimestr.com\/","logo":{"@type":"ImageObject","inLanguage":"tr","@id":"https:\/\/epochtimestr.com\/#\/schema\/logo\/image\/","url":"https:\/\/epochtimestr.com\/wp-content\/uploads\/2011y\/ET-Logo-YG.jpg","contentUrl":"https:\/\/epochtimestr.com\/wp-content\/uploads\/2011y\/ET-Logo-YG.jpg","width":346,"height":29,"caption":"The EpochTimes T\u00fcrkiye"},"image":{"@id":"https:\/\/epochtimestr.com\/#\/schema\/logo\/image\/"},"sameAs":["https:\/\/www.facebook.com\/theepochtimestr","https:\/\/x.com\/TheEpochTimesTR","https:\/\/www.instagram.com\/epochtimestr"]},{"@type":"Person","@id":"https:\/\/epochtimestr.com\/#\/schema\/person\/3dc5c3adeb9f43923c5aa85889172fdd","name":"Haber Merkezi","image":{"@type":"ImageObject","inLanguage":"tr","@id":"https:\/\/epochtimestr.com\/#\/schema\/person\/image\/","url":"https:\/\/secure.gravatar.com\/avatar\/d73f772ba5a74f28601361e17c2f93e6?s=96&d=mm&r=g","contentUrl":"https:\/\/secure.gravatar.com\/avatar\/d73f772ba5a74f28601361e17c2f93e6?s=96&d=mm&r=g","caption":"Haber Merkezi"},"url":"https:\/\/epochtimestr.com\/index.php\/author\/sendag"}]}},"_links":{"self":[{"href":"https:\/\/epochtimestr.com\/index.php\/wp-json\/wp\/v2\/posts\/170829"}],"collection":[{"href":"https:\/\/epochtimestr.com\/index.php\/wp-json\/wp\/v2\/posts"}],"about":[{"href":"https:\/\/epochtimestr.com\/index.php\/wp-json\/wp\/v2\/types\/post"}],"author":[{"embeddable":true,"href":"https:\/\/epochtimestr.com\/index.php\/wp-json\/wp\/v2\/users\/12791"}],"replies":[{"embeddable":true,"href":"https:\/\/epochtimestr.com\/index.php\/wp-json\/wp\/v2\/comments?post=170829"}],"version-history":[{"count":2,"href":"https:\/\/epochtimestr.com\/index.php\/wp-json\/wp\/v2\/posts\/170829\/revisions"}],"predecessor-version":[{"id":170841,"href":"https:\/\/epochtimestr.com\/index.php\/wp-json\/wp\/v2\/posts\/170829\/revisions\/170841"}],"wp:featuredmedia":[{"embeddable":true,"href":"https:\/\/epochtimestr.com\/index.php\/wp-json\/wp\/v2\/media\/170830"}],"wp:attachment":[{"href":"https:\/\/epochtimestr.com\/index.php\/wp-json\/wp\/v2\/media?parent=170829"}],"wp:term":[{"taxonomy":"category","embeddable":true,"href":"https:\/\/epochtimestr.com\/index.php\/wp-json\/wp\/v2\/categories?post=170829"},{"taxonomy":"post_tag","embeddable":true,"href":"https:\/\/epochtimestr.com\/index.php\/wp-json\/wp\/v2\/tags?post=170829"}],"curies":[{"name":"wp","href":"https:\/\/api.w.org\/{rel}","templated":true}]}}