{"id":170832,"date":"2026-08-24T09:21:01","date_gmt":"2026-08-24T06:21:01","guid":{"rendered":"https:\/\/epochtimestr.com\/?p=170832"},"modified":"2026-08-24T09:21:56","modified_gmt":"2026-08-24T06:21:56","slug":"bilincaltinin-gizli-dili-duyusal-esikler-ve-gecmisin-izleri","status":"publish","type":"post","link":"https:\/\/epochtimestr.com\/index.php\/bilincaltinin-gizli-dili-duyusal-esikler-ve-gecmisin-izleri","title":{"rendered":"Bilin\u00e7alt\u0131n\u0131n Gizli Dili: Duyusal E\u015fikler ve Ge\u00e7mi\u015fin \u0130zleri"},"content":{"rendered":"<div class=\"wp-block-image\">\n<figure class=\"aligncenter size-full is-resized\"><img loading=\"lazy\" decoding=\"async\" width=\"1280\" height=\"717\" src=\"https:\/\/epochtimestr.com\/wp-content\/uploads\/2011y\/DeltaWorks.jpg\" alt=\"Bilin\u00e7alt\u0131 mesajlardan Proust etkisine, alg\u0131n\u0131n g\u00fcc\u00fc. (G\u00f6rsel: Delta Works, Pixabay)\" class=\"wp-image-170833\" style=\"width:841px;height:auto\" srcset=\"https:\/\/epochtimestr.com\/wp-content\/uploads\/2011y\/DeltaWorks.jpg 1280w, https:\/\/epochtimestr.com\/wp-content\/uploads\/2011y\/DeltaWorks-300x168.jpg 300w, https:\/\/epochtimestr.com\/wp-content\/uploads\/2011y\/DeltaWorks-150x84.jpg 150w, https:\/\/epochtimestr.com\/wp-content\/uploads\/2011y\/DeltaWorks-768x430.jpg 768w\" sizes=\"(max-width: 1280px) 100vw, 1280px\" \/><figcaption class=\"wp-element-caption\">Bilin\u00e7alt\u0131 mesajlardan Proust etkisine, alg\u0131n\u0131n g\u00fcc\u00fc. (G\u00f6rsel: Delta Works, Pixabay)<\/figcaption><\/figure><\/div>\n\n\n<h2 class=\"wp-block-heading\">Bilin\u00e7alt\u0131n\u0131n Gizli Dili: Duyusal E\u015fikler ve Ge\u00e7mi\u015fin \u0130zleri<\/h2>\n\n\n\n<p>Bilin\u00e7alt\u0131 mesajlar, bilin\u00e7li alg\u0131m\u0131z\u0131n s\u0131n\u0131rlar\u0131 d\u0131\u015f\u0131nda kalsa da duyular\u0131m\u0131z\u0131 ve bedenimizi derinden etkileme g\u00fcc\u00fcne sahiptir. Tam da bu <a href=\"https:\/\/epochtimestr.com\/index.php\/michelangelonun-saklandigi-bu-gizli-oda-dudak-ucuklatan-eskizlerle-dolu-ama-neden-saklandi\" target=\"_blank\" rel=\"noreferrer noopener\">gizli<\/a> g\u00fc\u00e7leri y\u00fcz\u00fcnden, hem zihinsel iyile\u015fme s\u00fcre\u00e7lerinde hem de psikolojik sava\u015f taktiklerinde her zaman ana g\u00fcndem maddesi olmu\u015flard\u0131r. Bilimsel tan\u0131m\u0131yla bu mesajlar, bir uyar\u0131c\u0131n\u0131n fark edilebilmesi i\u00e7in gereken en d\u00fc\u015f\u00fck s\u0131n\u0131r olan &#8220;mutlak alg\u0131 e\u015fi\u011finin&#8221; alt\u0131nda kalan duyusal girdilerdir. Ki\u015fisel ve psikolojik fakt\u00f6rlere ba\u011fl\u0131 olarak herkesin alg\u0131 e\u015fi\u011fi farkl\u0131 olsa da, bu mesajlar\u0131n bilin\u00e7li bir s\u00fczge\u00e7ten ge\u00e7meden do\u011frudan beyne ula\u015ft\u0131\u011f\u0131 varsay\u0131l\u0131r. Konuyla ilgili yap\u0131lan bilimsel \u00e7al\u0131\u015fmalar, fark edilebilen s\u0131n\u0131rlardaki s\u00fcreler ile bilincin tamamen kapal\u0131 oldu\u011fu s\u00fcreleri birbirinden ay\u0131rarak insan alg\u0131s\u0131n\u0131 derinlemesine <a href=\"https:\/\/pubmed.ncbi.nlm.nih.gov\/21692659\/\" target=\"_blank\" rel=\"noreferrer noopener\">incelemektedir<\/a>.<\/p>\n\n\n\n<p>Beynimiz, ald\u0131\u011f\u0131m\u0131z bilgileri bilin\u00e7 ve bilin\u00e7alt\u0131 olarak ikiye ay\u0131r\u0131r. Bilincimiz, g\u00fcnl\u00fck hayatta kar\u015f\u0131la\u015ft\u0131\u011f\u0131m\u0131z devasa veri y\u0131\u011f\u0131n\u0131n\u0131 filtreleyerek bizi bilgi kirlili\u011finden korur. Bu filtreleme sistemi sa\u011fl\u0131kl\u0131 kararlar alabilmemiz i\u00e7in \u015fartt\u0131r. Ancak psikologlar, fark edemedi\u011fimiz bilin\u00e7 d\u0131\u015f\u0131 ipu\u00e7lar\u0131n\u0131n mevcut ruh halimizle nas\u0131l birle\u015fti\u011fini ve kararlar\u0131m\u0131z\u0131 nas\u0131l etkiledi\u011fini hala incelemektedir. Bilin\u00e7alt\u0131 mesajlar\u0131n se\u00e7imlerimizi y\u00f6nlendirdi\u011fi fikri, toplumda yo\u011fun ilgi g\u00f6rse de, bu s\u00fcrecin i\u015fleyi\u015fi hi\u00e7 de basit de\u011fildir. Bir insan\u0131n bilin\u00e7alt\u0131 bir mesaja tepki verip vermeyece\u011fi, o anki i\u00e7sel d\u00fcnyas\u0131na, ihtiya\u00e7lar\u0131na ve motivasyonuna g\u00f6re b\u00fcy\u00fck de\u011fi\u015fiklik g\u00f6sterir.<\/p>\n\n\n<div class=\"wp-block-image\">\n<figure class=\"aligncenter size-full is-resized\"><img loading=\"lazy\" decoding=\"async\" width=\"1280\" height=\"853\" src=\"https:\/\/epochtimestr.com\/wp-content\/uploads\/2011y\/geralt-3.webp\" alt=\"(Foto\u011fraf: geralt, Pixabay)\" class=\"wp-image-170834\" style=\"width:840px;height:auto\" srcset=\"https:\/\/epochtimestr.com\/wp-content\/uploads\/2011y\/geralt-3.webp 1280w, https:\/\/epochtimestr.com\/wp-content\/uploads\/2011y\/geralt-3-300x200.webp 300w, https:\/\/epochtimestr.com\/wp-content\/uploads\/2011y\/geralt-3-150x100.webp 150w, https:\/\/epochtimestr.com\/wp-content\/uploads\/2011y\/geralt-3-768x512.webp 768w\" sizes=\"(max-width: 1280px) 100vw, 1280px\" \/><figcaption class=\"wp-element-caption\">(G\u00f6rsel: geralt, Pixabay)<\/figcaption><\/figure><\/div>\n\n\n<h3 class=\"wp-block-heading\">Beynin duyusal bilgileri i\u015fleme bi\u00e7imi<\/h3>\n\n\n\n<p>\u00d6te yandan, bilin\u00e7li fark\u0131ndal\u0131k d\u0131\u015f\u0131 ger\u00e7ekle\u015fen bu duygusal s\u00fcre\u00e7ler, g\u00fcnl\u00fck sosyal ili\u015fkilerimizin de temelini olu\u015fturur. Yap\u0131lan bir\u00e7ok davran\u0131\u015fsal ara\u015ft\u0131rma, insanlara fark edemeyecekleri kadar k\u0131sa s\u00fcrelerle g\u00f6sterilen duygusal y\u00fcz ifadelerinin, bilin\u00e7alt\u0131nda otomatik bir duygu aktar\u0131m\u0131 ba\u015flatt\u0131\u011f\u0131n\u0131 ve ki\u015filerin o anki ruh halini etkiledi\u011fini g\u00f6stermektedir.<\/p>\n\n\n\n<p>Koku duyusu da t\u0131pk\u0131 bu g\u00f6r\u00fcnmez g\u00f6rsel ipu\u00e7lar\u0131 gibi, bilincimizin filtresine tak\u0131lmadan do\u011frudan beynimize s\u0131zma g\u00fcc\u00fcne sahiptir. Belli bir kokuyu ald\u0131\u011f\u0131n\u0131zda kendinizi aniden ge\u00e7mi\u015f, y\u0131llar \u00f6ncesinden bir an\u0131 yeniden ya\u015farken bulman\u0131z bu y\u00fczdendir. Belki taze pi\u015fmi\u015f kurabiyelerin kokusu annenizin mutfa\u011f\u0131ndaki \u00e7ocukluk an\u0131lar\u0131n\u0131z\u0131 canland\u0131r\u0131r. Ya da kuru topra\u011fa ya\u011fan ya\u011fmurun kokusu sizi \u00e7oktan unutulmu\u015f bir yaz g\u00fcn\u00fcne g\u00f6t\u00fcr\u00fcr. Haf\u0131za ve koku aras\u0131ndaki bu g\u00fc\u00e7l\u00fc ba\u011f, sadece tuhaf bir insan deneyimi de\u011fil, beynin yap\u0131s\u0131nda derinden k\u00f6k salm\u0131\u015f bilimsel bir olgudur.<\/p>\n\n\n\n<p>Koku duyusunun haf\u0131zayla bu kadar yak\u0131ndan ba\u011flant\u0131l\u0131 olmas\u0131n\u0131n nedeni, beynin duyusal bilgileri i\u015fleme bi\u00e7imidir. Koku alma sistemi, beynin duygusal ve haf\u0131za merkezi olan limbik sistemle do\u011frudan ba\u011flant\u0131l\u0131d\u0131r. \u00d6zellikle uzun s\u00fcreli haf\u0131zadan sorumlu olan hipokampus ve duygular\u0131 y\u00f6neten amigdala, koku sistemiyle do\u011frudan ileti\u015fim kurar. Kokular bu sayede s\u0131kl\u0131kla \u00f6nemli ya\u015fam olaylar\u0131yla birlikte depolan\u0131r; canl\u0131 duygusal tepkileri tetikleyebilir ve \u015fa\u015f\u0131rt\u0131c\u0131 bir netlikle ayr\u0131nt\u0131l\u0131 an\u0131lar\u0131 geri getirebilir.<\/p>\n\n\n<div class=\"wp-block-image\">\n<figure class=\"aligncenter size-full\"><img loading=\"lazy\" decoding=\"async\" width=\"1280\" height=\"897\" src=\"https:\/\/epochtimestr.com\/wp-content\/uploads\/2011y\/congerdesign.jpg\" alt=\"(Foto\u011fraf: Congerdesign, Pixabay)\" class=\"wp-image-170835\" srcset=\"https:\/\/epochtimestr.com\/wp-content\/uploads\/2011y\/congerdesign.jpg 1280w, https:\/\/epochtimestr.com\/wp-content\/uploads\/2011y\/congerdesign-300x210.jpg 300w, https:\/\/epochtimestr.com\/wp-content\/uploads\/2011y\/congerdesign-150x105.jpg 150w, https:\/\/epochtimestr.com\/wp-content\/uploads\/2011y\/congerdesign-768x538.jpg 768w\" sizes=\"(max-width: 1280px) 100vw, 1280px\" \/><figcaption class=\"wp-element-caption\">(Foto\u011fraf: Congerdesign, Pixabay)<\/figcaption><\/figure><\/div>\n\n\n<h3 class=\"wp-block-heading\">Bilin\u00e7alt\u0131 mesajlardan Proust etkisine alg\u0131n\u0131n g\u00fcc\u00fc<\/h3>\n\n\n\n<p>Bilin\u00e7alt\u0131m\u0131z\u0131n ve duyular\u0131m\u0131z\u0131n bu gizli <a href=\"https:\/\/datascience.uchicago.edu\" target=\"_blank\" rel=\"noreferrer noopener\">\u00e7al\u0131\u015fma<\/a> prensibini, bilim d\u00fcnyas\u0131ndan \u00e7ok \u00f6nce bir edebiyat\u00e7\u0131 sezgisel olarak ke\u015ffetmi\u015fti. Frans\u0131z yazar Marcel Proust, 1913 y\u0131l\u0131nda kaleme ald\u0131\u011f\u0131 Kay\u0131p Zaman\u0131n Pe\u015finde adl\u0131 efsanevi roman\u0131nda zihninin alt\u00fcst olu\u015funu \u015f\u00f6yle anlat\u0131yordu:<\/p>\n\n\n\n<p>&#8220;\u2026Biraz madeleine&#8217;le yumu\u015fatt\u0131\u011f\u0131m \u00e7aydan bir ka\u015f\u0131k al\u0131p dudaklar\u0131ma g\u00f6t\u00fcrd\u00fcm. Ama \u00e7ay ve kek k\u0131r\u0131nt\u0131lar\u0131n\u0131n kar\u0131\u015f\u0131m\u0131 dama\u011f\u0131ma de\u011fdi\u011fi anda, i\u00e7imde olup biten ola\u011fan\u00fcst\u00fc \u015feye dikkat kesilerek titredim.&#8221;<\/p>\n\n\n\n<p>Bug\u00fcn edebiyat ve psikolojide &#8220;Proustvari An&#8221; veya &#8220;Proust Fenomeni&#8221; olarak bilinen bu durum; \u00e7oktan unutuldu\u011funu sand\u0131\u011f\u0131m\u0131z otobiyografik an\u0131lar\u0131n, ani bir duyusal deneyimle yeniden uyanmas\u0131n\u0131 ifade eder. Bilim de bunu do\u011frulayarak, koku ve tatla tetiklenen an\u0131lar\u0131n genellikle di\u011fer duyular taraf\u0131ndan uyand\u0131r\u0131lanlardan daha yo\u011fun ve duygusal oldu\u011funu g\u00f6stermektedir. Proust i\u00e7in ge\u00e7mi\u015fin kap\u0131s\u0131n\u0131 aralayan, \u015fey \u00e7aya bat\u0131r\u0131lm\u0131\u015f bir kek k\u0131r\u0131nt\u0131s\u0131yd\u0131. Bu edebi c\u00fcmle, bilin\u00e7alt\u0131m\u0131z\u0131n d\u0131\u015f d\u00fcnyadan ald\u0131\u011f\u0131 k\u00fc\u00e7\u00fck bir koku veya tat molek\u00fcl\u00fcyle, devasa bir ge\u00e7mi\u015fi bir saniyede bilincimize nas\u0131l ta\u015f\u0131yabildi\u011finin en g\u00fczel tasviridir.<\/p>\n\n\n\n<p>Sonu\u00e7 olarak, tek bir g\u00f6r\u00fcnmez uyar\u0131c\u0131 veya beklenmedik bir koku, uzun zaman \u00f6nce unutuldu\u011funu sand\u0131\u011f\u0131m\u0131z bir an\u0131y\u0131 t\u00fcm canl\u0131l\u0131\u011f\u0131yla yeniden canland\u0131rabilir. Bilincimizin s\u0131n\u0131rlar\u0131 d\u0131\u015f\u0131nda ger\u00e7ekle\u015fen bu s\u00fcre\u00e7ler, insan zihninin ne kadar b\u00fcy\u00fcleyici, hassas ve derin bir k\u00fct\u00fcphane oldu\u011funu bizlere her an hat\u0131rlatmaya devam etmektedir.<\/p>\n","protected":false},"excerpt":{"rendered":"<p>Bilin\u00e7alt\u0131n\u0131n Gizli Dili: Duyusal E\u015fikler ve Ge\u00e7mi\u015fin \u0130zleri Bilin\u00e7alt\u0131 mesajlar, bilin\u00e7li alg\u0131m\u0131z\u0131n s\u0131n\u0131rlar\u0131 d\u0131\u015f\u0131nda kalsa da duyular\u0131m\u0131z\u0131 ve bedenimizi derinden etkileme g\u00fcc\u00fcne sahiptir. Tam da bu gizli g\u00fc\u00e7leri y\u00fcz\u00fcnden, hem zihinsel iyile\u015fme s\u00fcre\u00e7lerinde hem de psikolojik sava\u015f taktiklerinde her zaman ana g\u00fcndem maddesi olmu\u015flard\u0131r. Bilimsel tan\u0131m\u0131yla bu mesajlar, bir uyar\u0131c\u0131n\u0131n fark edilebilmesi i\u00e7in gereken en [&hellip;]<\/p>\n","protected":false},"author":13981,"featured_media":170833,"comment_status":"open","ping_status":"open","sticky":false,"template":"","format":"standard","meta":{"_yoast_wpseo_focuskw":"bilin\u00e7alt\u0131","_yoast_wpseo_title":"","_yoast_wpseo_metadesc":"Bilin\u00e7alt\u0131 mesajlar, bilin\u00e7li alg\u0131m\u0131z\u0131n s\u0131n\u0131rlar\u0131 d\u0131\u015f\u0131nda kalsa da duyular\u0131m\u0131z\u0131 ve bedenimizi derinden etkileme g\u00fcc\u00fcne sahiptir.","_bbp_topic_count":0,"_bbp_reply_count":0,"_bbp_total_topic_count":0,"_bbp_total_reply_count":0,"_bbp_voice_count":0,"_bbp_anonymous_reply_count":0,"_bbp_topic_count_hidden":0,"_bbp_reply_count_hidden":0,"_bbp_forum_subforum_count":0,"footnotes":"","_yoast_wpseo_focuskw_text_input":""},"categories":[70,519,19],"tags":[12393,12395,12398,12394,12397,12396],"yoast_head":"<!-- This site is optimized with the Yoast SEO plugin v23.0 - https:\/\/yoast.com\/wordpress\/plugins\/seo\/ -->\n<title>Bilin\u00e7alt\u0131n\u0131n Gizli Dili: Duyusal E\u015fikler ve Ge\u00e7mi\u015fin \u0130zleri - The Epoch Times TR<\/title>\n<meta name=\"description\" content=\"Bilin\u00e7alt\u0131 mesajlar, bilin\u00e7li alg\u0131m\u0131z\u0131n s\u0131n\u0131rlar\u0131 d\u0131\u015f\u0131nda kalsa da duyular\u0131m\u0131z\u0131 ve bedenimizi derinden etkileme g\u00fcc\u00fcne sahiptir.\" \/>\n<meta name=\"robots\" content=\"index, follow, max-snippet:-1, max-image-preview:large, max-video-preview:-1\" \/>\n<link rel=\"canonical\" href=\"https:\/\/epochtimestr.com\/index.php\/bilincaltinin-gizli-dili-duyusal-esikler-ve-gecmisin-izleri\" \/>\n<meta property=\"og:locale\" content=\"tr_TR\" \/>\n<meta property=\"og:type\" content=\"article\" \/>\n<meta property=\"og:title\" content=\"Bilin\u00e7alt\u0131n\u0131n Gizli Dili: Duyusal E\u015fikler ve Ge\u00e7mi\u015fin \u0130zleri - The Epoch Times TR\" \/>\n<meta property=\"og:description\" content=\"Bilin\u00e7alt\u0131 mesajlar, bilin\u00e7li alg\u0131m\u0131z\u0131n s\u0131n\u0131rlar\u0131 d\u0131\u015f\u0131nda kalsa da duyular\u0131m\u0131z\u0131 ve bedenimizi derinden etkileme g\u00fcc\u00fcne sahiptir.\" \/>\n<meta property=\"og:url\" content=\"https:\/\/epochtimestr.com\/index.php\/bilincaltinin-gizli-dili-duyusal-esikler-ve-gecmisin-izleri\" \/>\n<meta property=\"og:site_name\" content=\"The Epoch Times TR\" \/>\n<meta property=\"article:publisher\" content=\"https:\/\/www.facebook.com\/theepochtimestr\" \/>\n<meta property=\"article:published_time\" content=\"2026-08-24T06:21:01+00:00\" \/>\n<meta property=\"article:modified_time\" content=\"2026-08-24T06:21:56+00:00\" \/>\n<meta property=\"og:image\" content=\"https:\/\/epochtimestr.com\/wp-content\/uploads\/2011y\/DeltaWorks.jpg\" \/>\n\t<meta property=\"og:image:width\" content=\"1280\" \/>\n\t<meta property=\"og:image:height\" content=\"717\" \/>\n\t<meta property=\"og:image:type\" content=\"image\/jpeg\" \/>\n<meta name=\"author\" content=\"Reyhan \u00c7orbac\u0131\" \/>\n<meta name=\"twitter:card\" content=\"summary_large_image\" \/>\n<meta name=\"twitter:creator\" content=\"@TheEpochTimesTR\" \/>\n<meta name=\"twitter:site\" content=\"@TheEpochTimesTR\" \/>\n<meta name=\"twitter:label1\" content=\"Yazan:\" \/>\n\t<meta name=\"twitter:data1\" content=\"Reyhan \u00c7orbac\u0131\" \/>\n\t<meta name=\"twitter:label2\" content=\"Tahmini okuma s\u00fcresi\" \/>\n\t<meta name=\"twitter:data2\" content=\"5 dakika\" \/>\n<script type=\"application\/ld+json\" class=\"yoast-schema-graph\">{\"@context\":\"https:\/\/schema.org\",\"@graph\":[{\"@type\":\"Article\",\"@id\":\"https:\/\/epochtimestr.com\/index.php\/bilincaltinin-gizli-dili-duyusal-esikler-ve-gecmisin-izleri#article\",\"isPartOf\":{\"@id\":\"https:\/\/epochtimestr.com\/index.php\/bilincaltinin-gizli-dili-duyusal-esikler-ve-gecmisin-izleri\"},\"author\":{\"name\":\"Reyhan \u00c7orbac\u0131\",\"@id\":\"https:\/\/epochtimestr.com\/#\/schema\/person\/68cb304e55f0b73a4e785d2cd1ba5308\"},\"headline\":\"Bilin\u00e7alt\u0131n\u0131n Gizli Dili: Duyusal E\u015fikler ve Ge\u00e7mi\u015fin \u0130zleri\",\"datePublished\":\"2026-08-24T06:21:01+00:00\",\"dateModified\":\"2026-08-24T06:21:56+00:00\",\"mainEntityOfPage\":{\"@id\":\"https:\/\/epochtimestr.com\/index.php\/bilincaltinin-gizli-dili-duyusal-esikler-ve-gecmisin-izleri\"},\"wordCount\":937,\"commentCount\":0,\"publisher\":{\"@id\":\"https:\/\/epochtimestr.com\/#organization\"},\"image\":{\"@id\":\"https:\/\/epochtimestr.com\/index.php\/bilincaltinin-gizli-dili-duyusal-esikler-ve-gecmisin-izleri#primaryimage\"},\"thumbnailUrl\":\"https:\/\/epochtimestr.com\/wp-content\/uploads\/2011y\/DeltaWorks.jpg\",\"keywords\":[\"Bilin\u00e7alt\u0131\",\"koku\",\"Limbik sistem\",\"Marcel Proust\",\"The University of Chicago\",\"Venkatesh N Murthy\"],\"articleSection\":[\"Bilimsel Ke\u015fifler\",\"ED\u0130T\u00d6R\u00dcN SE\u00c7\u0130M\u0130\",\"Sa\u011fl\u0131k\"],\"inLanguage\":\"tr\",\"potentialAction\":[{\"@type\":\"CommentAction\",\"name\":\"Comment\",\"target\":[\"https:\/\/epochtimestr.com\/index.php\/bilincaltinin-gizli-dili-duyusal-esikler-ve-gecmisin-izleri#respond\"]}]},{\"@type\":\"WebPage\",\"@id\":\"https:\/\/epochtimestr.com\/index.php\/bilincaltinin-gizli-dili-duyusal-esikler-ve-gecmisin-izleri\",\"url\":\"https:\/\/epochtimestr.com\/index.php\/bilincaltinin-gizli-dili-duyusal-esikler-ve-gecmisin-izleri\",\"name\":\"Bilin\u00e7alt\u0131n\u0131n Gizli Dili: Duyusal E\u015fikler ve Ge\u00e7mi\u015fin \u0130zleri - The Epoch Times TR\",\"isPartOf\":{\"@id\":\"https:\/\/epochtimestr.com\/#website\"},\"primaryImageOfPage\":{\"@id\":\"https:\/\/epochtimestr.com\/index.php\/bilincaltinin-gizli-dili-duyusal-esikler-ve-gecmisin-izleri#primaryimage\"},\"image\":{\"@id\":\"https:\/\/epochtimestr.com\/index.php\/bilincaltinin-gizli-dili-duyusal-esikler-ve-gecmisin-izleri#primaryimage\"},\"thumbnailUrl\":\"https:\/\/epochtimestr.com\/wp-content\/uploads\/2011y\/DeltaWorks.jpg\",\"datePublished\":\"2026-08-24T06:21:01+00:00\",\"dateModified\":\"2026-08-24T06:21:56+00:00\",\"description\":\"Bilin\u00e7alt\u0131 mesajlar, bilin\u00e7li alg\u0131m\u0131z\u0131n s\u0131n\u0131rlar\u0131 d\u0131\u015f\u0131nda kalsa da duyular\u0131m\u0131z\u0131 ve bedenimizi derinden etkileme g\u00fcc\u00fcne sahiptir.\",\"inLanguage\":\"tr\",\"potentialAction\":[{\"@type\":\"ReadAction\",\"target\":[\"https:\/\/epochtimestr.com\/index.php\/bilincaltinin-gizli-dili-duyusal-esikler-ve-gecmisin-izleri\"]}]},{\"@type\":\"ImageObject\",\"inLanguage\":\"tr\",\"@id\":\"https:\/\/epochtimestr.com\/index.php\/bilincaltinin-gizli-dili-duyusal-esikler-ve-gecmisin-izleri#primaryimage\",\"url\":\"https:\/\/epochtimestr.com\/wp-content\/uploads\/2011y\/DeltaWorks.jpg\",\"contentUrl\":\"https:\/\/epochtimestr.com\/wp-content\/uploads\/2011y\/DeltaWorks.jpg\",\"width\":1280,\"height\":717},{\"@type\":\"WebSite\",\"@id\":\"https:\/\/epochtimestr.com\/#website\",\"url\":\"https:\/\/epochtimestr.com\/\",\"name\":\"The Epoch Times TR\",\"description\":\"De\u011fi\u015fen D\u00fcnyam\u0131za Taze Bir Bak\u0131\u015f\",\"publisher\":{\"@id\":\"https:\/\/epochtimestr.com\/#organization\"},\"potentialAction\":[{\"@type\":\"SearchAction\",\"target\":{\"@type\":\"EntryPoint\",\"urlTemplate\":\"https:\/\/epochtimestr.com\/?s={search_term_string}\"},\"query-input\":\"required name=search_term_string\"}],\"inLanguage\":\"tr\"},{\"@type\":\"Organization\",\"@id\":\"https:\/\/epochtimestr.com\/#organization\",\"name\":\"The EpochTimes T\u00fcrkiye\",\"url\":\"https:\/\/epochtimestr.com\/\",\"logo\":{\"@type\":\"ImageObject\",\"inLanguage\":\"tr\",\"@id\":\"https:\/\/epochtimestr.com\/#\/schema\/logo\/image\/\",\"url\":\"https:\/\/epochtimestr.com\/wp-content\/uploads\/2011y\/ET-Logo-YG.jpg\",\"contentUrl\":\"https:\/\/epochtimestr.com\/wp-content\/uploads\/2011y\/ET-Logo-YG.jpg\",\"width\":346,\"height\":29,\"caption\":\"The EpochTimes T\u00fcrkiye\"},\"image\":{\"@id\":\"https:\/\/epochtimestr.com\/#\/schema\/logo\/image\/\"},\"sameAs\":[\"https:\/\/www.facebook.com\/theepochtimestr\",\"https:\/\/x.com\/TheEpochTimesTR\",\"https:\/\/www.instagram.com\/epochtimestr\"]},{\"@type\":\"Person\",\"@id\":\"https:\/\/epochtimestr.com\/#\/schema\/person\/68cb304e55f0b73a4e785d2cd1ba5308\",\"name\":\"Reyhan \u00c7orbac\u0131\",\"image\":{\"@type\":\"ImageObject\",\"inLanguage\":\"tr\",\"@id\":\"https:\/\/epochtimestr.com\/#\/schema\/person\/image\/\",\"url\":\"https:\/\/secure.gravatar.com\/avatar\/8bceee79f3a75100aa05f62a5dd2a5b0?s=96&d=mm&r=g\",\"contentUrl\":\"https:\/\/secure.gravatar.com\/avatar\/8bceee79f3a75100aa05f62a5dd2a5b0?s=96&d=mm&r=g\",\"caption\":\"Reyhan \u00c7orbac\u0131\"},\"url\":\"https:\/\/epochtimestr.com\/index.php\/author\/reyhan\"}]}<\/script>\n<!-- \/ Yoast SEO plugin. -->","yoast_head_json":{"title":"Bilin\u00e7alt\u0131n\u0131n Gizli Dili: Duyusal E\u015fikler ve Ge\u00e7mi\u015fin \u0130zleri - The Epoch Times TR","description":"Bilin\u00e7alt\u0131 mesajlar, bilin\u00e7li alg\u0131m\u0131z\u0131n s\u0131n\u0131rlar\u0131 d\u0131\u015f\u0131nda kalsa da duyular\u0131m\u0131z\u0131 ve bedenimizi derinden etkileme g\u00fcc\u00fcne sahiptir.","robots":{"index":"index","follow":"follow","max-snippet":"max-snippet:-1","max-image-preview":"max-image-preview:large","max-video-preview":"max-video-preview:-1"},"canonical":"https:\/\/epochtimestr.com\/index.php\/bilincaltinin-gizli-dili-duyusal-esikler-ve-gecmisin-izleri","og_locale":"tr_TR","og_type":"article","og_title":"Bilin\u00e7alt\u0131n\u0131n Gizli Dili: Duyusal E\u015fikler ve Ge\u00e7mi\u015fin \u0130zleri - The Epoch Times TR","og_description":"Bilin\u00e7alt\u0131 mesajlar, bilin\u00e7li alg\u0131m\u0131z\u0131n s\u0131n\u0131rlar\u0131 d\u0131\u015f\u0131nda kalsa da duyular\u0131m\u0131z\u0131 ve bedenimizi derinden etkileme g\u00fcc\u00fcne sahiptir.","og_url":"https:\/\/epochtimestr.com\/index.php\/bilincaltinin-gizli-dili-duyusal-esikler-ve-gecmisin-izleri","og_site_name":"The Epoch Times TR","article_publisher":"https:\/\/www.facebook.com\/theepochtimestr","article_published_time":"2026-08-24T06:21:01+00:00","article_modified_time":"2026-08-24T06:21:56+00:00","og_image":[{"width":1280,"height":717,"url":"https:\/\/epochtimestr.com\/wp-content\/uploads\/2011y\/DeltaWorks.jpg","type":"image\/jpeg"}],"author":"Reyhan \u00c7orbac\u0131","twitter_card":"summary_large_image","twitter_creator":"@TheEpochTimesTR","twitter_site":"@TheEpochTimesTR","twitter_misc":{"Yazan:":"Reyhan \u00c7orbac\u0131","Tahmini okuma s\u00fcresi":"5 dakika"},"schema":{"@context":"https:\/\/schema.org","@graph":[{"@type":"Article","@id":"https:\/\/epochtimestr.com\/index.php\/bilincaltinin-gizli-dili-duyusal-esikler-ve-gecmisin-izleri#article","isPartOf":{"@id":"https:\/\/epochtimestr.com\/index.php\/bilincaltinin-gizli-dili-duyusal-esikler-ve-gecmisin-izleri"},"author":{"name":"Reyhan \u00c7orbac\u0131","@id":"https:\/\/epochtimestr.com\/#\/schema\/person\/68cb304e55f0b73a4e785d2cd1ba5308"},"headline":"Bilin\u00e7alt\u0131n\u0131n Gizli Dili: Duyusal E\u015fikler ve Ge\u00e7mi\u015fin \u0130zleri","datePublished":"2026-08-24T06:21:01+00:00","dateModified":"2026-08-24T06:21:56+00:00","mainEntityOfPage":{"@id":"https:\/\/epochtimestr.com\/index.php\/bilincaltinin-gizli-dili-duyusal-esikler-ve-gecmisin-izleri"},"wordCount":937,"commentCount":0,"publisher":{"@id":"https:\/\/epochtimestr.com\/#organization"},"image":{"@id":"https:\/\/epochtimestr.com\/index.php\/bilincaltinin-gizli-dili-duyusal-esikler-ve-gecmisin-izleri#primaryimage"},"thumbnailUrl":"https:\/\/epochtimestr.com\/wp-content\/uploads\/2011y\/DeltaWorks.jpg","keywords":["Bilin\u00e7alt\u0131","koku","Limbik sistem","Marcel Proust","The University of Chicago","Venkatesh N Murthy"],"articleSection":["Bilimsel Ke\u015fifler","ED\u0130T\u00d6R\u00dcN SE\u00c7\u0130M\u0130","Sa\u011fl\u0131k"],"inLanguage":"tr","potentialAction":[{"@type":"CommentAction","name":"Comment","target":["https:\/\/epochtimestr.com\/index.php\/bilincaltinin-gizli-dili-duyusal-esikler-ve-gecmisin-izleri#respond"]}]},{"@type":"WebPage","@id":"https:\/\/epochtimestr.com\/index.php\/bilincaltinin-gizli-dili-duyusal-esikler-ve-gecmisin-izleri","url":"https:\/\/epochtimestr.com\/index.php\/bilincaltinin-gizli-dili-duyusal-esikler-ve-gecmisin-izleri","name":"Bilin\u00e7alt\u0131n\u0131n Gizli Dili: Duyusal E\u015fikler ve Ge\u00e7mi\u015fin \u0130zleri - The Epoch Times TR","isPartOf":{"@id":"https:\/\/epochtimestr.com\/#website"},"primaryImageOfPage":{"@id":"https:\/\/epochtimestr.com\/index.php\/bilincaltinin-gizli-dili-duyusal-esikler-ve-gecmisin-izleri#primaryimage"},"image":{"@id":"https:\/\/epochtimestr.com\/index.php\/bilincaltinin-gizli-dili-duyusal-esikler-ve-gecmisin-izleri#primaryimage"},"thumbnailUrl":"https:\/\/epochtimestr.com\/wp-content\/uploads\/2011y\/DeltaWorks.jpg","datePublished":"2026-08-24T06:21:01+00:00","dateModified":"2026-08-24T06:21:56+00:00","description":"Bilin\u00e7alt\u0131 mesajlar, bilin\u00e7li alg\u0131m\u0131z\u0131n s\u0131n\u0131rlar\u0131 d\u0131\u015f\u0131nda kalsa da duyular\u0131m\u0131z\u0131 ve bedenimizi derinden etkileme g\u00fcc\u00fcne sahiptir.","inLanguage":"tr","potentialAction":[{"@type":"ReadAction","target":["https:\/\/epochtimestr.com\/index.php\/bilincaltinin-gizli-dili-duyusal-esikler-ve-gecmisin-izleri"]}]},{"@type":"ImageObject","inLanguage":"tr","@id":"https:\/\/epochtimestr.com\/index.php\/bilincaltinin-gizli-dili-duyusal-esikler-ve-gecmisin-izleri#primaryimage","url":"https:\/\/epochtimestr.com\/wp-content\/uploads\/2011y\/DeltaWorks.jpg","contentUrl":"https:\/\/epochtimestr.com\/wp-content\/uploads\/2011y\/DeltaWorks.jpg","width":1280,"height":717},{"@type":"WebSite","@id":"https:\/\/epochtimestr.com\/#website","url":"https:\/\/epochtimestr.com\/","name":"The Epoch Times TR","description":"De\u011fi\u015fen D\u00fcnyam\u0131za Taze Bir Bak\u0131\u015f","publisher":{"@id":"https:\/\/epochtimestr.com\/#organization"},"potentialAction":[{"@type":"SearchAction","target":{"@type":"EntryPoint","urlTemplate":"https:\/\/epochtimestr.com\/?s={search_term_string}"},"query-input":"required name=search_term_string"}],"inLanguage":"tr"},{"@type":"Organization","@id":"https:\/\/epochtimestr.com\/#organization","name":"The EpochTimes T\u00fcrkiye","url":"https:\/\/epochtimestr.com\/","logo":{"@type":"ImageObject","inLanguage":"tr","@id":"https:\/\/epochtimestr.com\/#\/schema\/logo\/image\/","url":"https:\/\/epochtimestr.com\/wp-content\/uploads\/2011y\/ET-Logo-YG.jpg","contentUrl":"https:\/\/epochtimestr.com\/wp-content\/uploads\/2011y\/ET-Logo-YG.jpg","width":346,"height":29,"caption":"The EpochTimes T\u00fcrkiye"},"image":{"@id":"https:\/\/epochtimestr.com\/#\/schema\/logo\/image\/"},"sameAs":["https:\/\/www.facebook.com\/theepochtimestr","https:\/\/x.com\/TheEpochTimesTR","https:\/\/www.instagram.com\/epochtimestr"]},{"@type":"Person","@id":"https:\/\/epochtimestr.com\/#\/schema\/person\/68cb304e55f0b73a4e785d2cd1ba5308","name":"Reyhan \u00c7orbac\u0131","image":{"@type":"ImageObject","inLanguage":"tr","@id":"https:\/\/epochtimestr.com\/#\/schema\/person\/image\/","url":"https:\/\/secure.gravatar.com\/avatar\/8bceee79f3a75100aa05f62a5dd2a5b0?s=96&d=mm&r=g","contentUrl":"https:\/\/secure.gravatar.com\/avatar\/8bceee79f3a75100aa05f62a5dd2a5b0?s=96&d=mm&r=g","caption":"Reyhan \u00c7orbac\u0131"},"url":"https:\/\/epochtimestr.com\/index.php\/author\/reyhan"}]}},"_links":{"self":[{"href":"https:\/\/epochtimestr.com\/index.php\/wp-json\/wp\/v2\/posts\/170832"}],"collection":[{"href":"https:\/\/epochtimestr.com\/index.php\/wp-json\/wp\/v2\/posts"}],"about":[{"href":"https:\/\/epochtimestr.com\/index.php\/wp-json\/wp\/v2\/types\/post"}],"author":[{"embeddable":true,"href":"https:\/\/epochtimestr.com\/index.php\/wp-json\/wp\/v2\/users\/13981"}],"replies":[{"embeddable":true,"href":"https:\/\/epochtimestr.com\/index.php\/wp-json\/wp\/v2\/comments?post=170832"}],"version-history":[{"count":2,"href":"https:\/\/epochtimestr.com\/index.php\/wp-json\/wp\/v2\/posts\/170832\/revisions"}],"predecessor-version":[{"id":170847,"href":"https:\/\/epochtimestr.com\/index.php\/wp-json\/wp\/v2\/posts\/170832\/revisions\/170847"}],"wp:featuredmedia":[{"embeddable":true,"href":"https:\/\/epochtimestr.com\/index.php\/wp-json\/wp\/v2\/media\/170833"}],"wp:attachment":[{"href":"https:\/\/epochtimestr.com\/index.php\/wp-json\/wp\/v2\/media?parent=170832"}],"wp:term":[{"taxonomy":"category","embeddable":true,"href":"https:\/\/epochtimestr.com\/index.php\/wp-json\/wp\/v2\/categories?post=170832"},{"taxonomy":"post_tag","embeddable":true,"href":"https:\/\/epochtimestr.com\/index.php\/wp-json\/wp\/v2\/tags?post=170832"}],"curies":[{"name":"wp","href":"https:\/\/api.w.org\/{rel}","templated":true}]}}