{"id":170866,"date":"2026-08-24T16:32:04","date_gmt":"2026-08-24T13:32:04","guid":{"rendered":"https:\/\/epochtimestr.com\/?p=170866"},"modified":"2026-08-24T16:32:07","modified_gmt":"2026-08-24T13:32:07","slug":"pakistan-ordu-komutani-tahrana-gidecek","status":"publish","type":"post","link":"https:\/\/epochtimestr.com\/index.php\/pakistan-ordu-komutani-tahrana-gidecek","title":{"rendered":"Pakistan Ordu Komutan\u0131 Tahran\u2019a Gidecek"},"content":{"rendered":"<div class=\"wp-block-image\">\n<figure class=\"aligncenter size-full\"><img loading=\"lazy\" decoding=\"async\" width=\"1024\" height=\"683\" src=\"https:\/\/epochtimestr.com\/wp-content\/uploads\/2011y\/1000053264.webp\" alt=\"Pakistan Ordu Komutan\u0131 As\u0131m M\u00fcnir, artan ABD-\u0130ran gerilimi s\u0131ras\u0131nda Tahran\u2019\u0131 ziyaret edecek. Ziyaretin ayr\u0131nt\u0131lar\u0131 ve Pakistan\u2019\u0131n arabuluculuk s\u00fcreci. Soldan sa\u011fa: ABD Ba\u015fkan Yard\u0131mc\u0131s\u0131 JD Vance, Pakistan Ba\u015fbakan\u0131 \u015eahbaz \u015eerif, Katar Ba\u015fbakan\u0131 \u015eeyh Muhammed bin Abdurrahman bin Casim Al Sani ve Pakistan Ordu Komutan\u0131 Mare\u015fal As\u0131m M\u00fcnir, 21 Haziran 2026\u2019da \u0130svi\u00e7re\u2019deki Luzern G\u00f6l\u00fc\u2019nde d\u00fczenlenen d\u00f6rtl\u00fc toplant\u0131da konu\u015fuyor. Toplant\u0131ya ABD, \u0130ran, Pakistan ve Katar kat\u0131ld\u0131. Foto\u011fraf: Fabrice Coffrini \/ POOL \/ AFP \/ Getty Images\" class=\"wp-image-170867\" srcset=\"https:\/\/epochtimestr.com\/wp-content\/uploads\/2011y\/1000053264.webp 1024w, https:\/\/epochtimestr.com\/wp-content\/uploads\/2011y\/1000053264-300x200.webp 300w, https:\/\/epochtimestr.com\/wp-content\/uploads\/2011y\/1000053264-150x100.webp 150w, https:\/\/epochtimestr.com\/wp-content\/uploads\/2011y\/1000053264-768x512.webp 768w\" sizes=\"(max-width: 1024px) 100vw, 1024px\" \/><figcaption class=\"wp-element-caption\">Pakistan Ordu Komutan\u0131 As\u0131m M\u00fcnir, artan ABD-\u0130ran gerilimi s\u0131ras\u0131nda Tahran\u2019\u0131 ziyaret edecek. Ziyaretin ayr\u0131nt\u0131lar\u0131 ve Pakistan\u2019\u0131n arabuluculuk s\u00fcreci. Soldan sa\u011fa: ABD Ba\u015fkan Yard\u0131mc\u0131s\u0131 JD Vance, Pakistan Ba\u015fbakan\u0131 \u015eahbaz \u015eerif, Katar Ba\u015fbakan\u0131 \u015eeyh Muhammed bin Abdurrahman bin Casim Al Sani ve Pakistan Ordu Komutan\u0131 Mare\u015fal As\u0131m M\u00fcnir, 21 Haziran 2026\u2019da \u0130svi\u00e7re\u2019deki Luzern G\u00f6l\u00fc\u2019nde d\u00fczenlenen d\u00f6rtl\u00fc toplant\u0131da konu\u015fuyor. Toplant\u0131ya ABD, \u0130ran, Pakistan ve Katar kat\u0131ld\u0131. Foto\u011fraf: Fabrice Coffrini \/ POOL \/ AFP \/ Getty Images<\/figcaption><\/figure><\/div>\n\n\n<p>Pakistan Genelkurmay Ba\u015fkan\u0131 Mare\u015fal As\u0131m M\u00fcnir, 24 A\u011fustos\u2019ta (bug\u00fcn) \u0130ran\u2019a gidiyor. \u0130ran resmi Hacer ajans\u0131 IRNA, M\u00fcnir\u2019in ziyaret s\u0131ras\u0131nda resmi bir heyete ba\u015fkanl\u0131k edece\u011fini duyurdu. \u0130ran D\u0131\u015fi\u015fleri Bakanl\u0131\u011f\u0131 S\u00f6zc\u00fcs\u00fc \u0130smail Bekayi, yapt\u0131\u011f\u0131 a\u00e7\u0131klamada ziyaretin b\u00f6lgesel bar\u0131\u015f ve istikrar\u0131 g\u00fc\u00e7lendirmeyi ama\u00e7lad\u0131\u011f\u0131n\u0131 s\u00f6yledi. Ayr\u0131ca M\u00fcnir, \u0130ranl\u0131 \u00fcst d\u00fczey yetkililerle g\u00f6r\u00fc\u015fmeler ger\u00e7ekle\u015ftirecek.<\/p>\n\n\n\n<p><a href=\"https:\/\/www.theepochtimes.com\/world\/pakistan-army-chief-to-visit-tehran-amid-us-iran-tensions-6078642\" target=\"_blank\" rel=\"noreferrer noopener\">Pakistan, ABD ile \u0130ran<\/a> aras\u0131ndaki \u00e7at\u0131\u015fmada arabuluculuk yap\u0131yor. Bu nedenle Nisan ay\u0131nda Ba\u015fbakan \u015eahbaz \u015eerif ve M\u00fcnir, Trump\u2019a \u00e7a\u011fr\u0131da bulunarak \u0130ran\u2019a y\u00f6nelik sald\u0131r\u0131lar\u0131 durdurmas\u0131n\u0131 istedi. Bunun ard\u0131ndan Trump, iki haftal\u0131k ate\u015fkes ilan etti. Ayr\u0131ca \u0130ran da anla\u015fman\u0131n sa\u011flanmas\u0131na Pakistan\u2019\u0131n katk\u0131s\u0131n\u0131 kabul etti.<\/p>\n\n\n\n<p>17 Haziran\u2019da ABD ve \u0130ran, askeri operasyonlar\u0131n durdurulmas\u0131n\u0131 \u00f6ng\u00f6ren \u0130slamabad Mutabakat\u0131\u2019n\u0131 imzalad\u0131. Pakistan, mutabakat\u0131n arabulucusu ve tan\u0131\u011f\u0131 olarak g\u00f6rev yapt\u0131. Ayr\u0131ca taraflara nihai anla\u015fma i\u00e7in 60 g\u00fcnl\u00fck m\u00fczakere s\u00fcresi tan\u0131nd\u0131. Mutabakat, H\u00fcrm\u00fcz Bo\u011faz\u0131\u2019ndaki ticari ge\u00e7i\u015fleri ve ABD\u2019nin \u0130ran limanlar\u0131na uygulad\u0131\u011f\u0131 deniz ablukas\u0131n\u0131 da d\u00fczenledi.<\/p>\n\n\n\n<p>Ancak taraflar, H\u00fcrm\u00fcz Bo\u011faz\u0131 konusunda anla\u015fmazl\u0131k ya\u015fad\u0131. Trump\u2019\u0131n, temmuz ay\u0131nda mutabakat\u0131n sona erdi\u011fini a\u00e7\u0131klamas\u0131n\u0131n ard\u0131ndan \u0130ran da anla\u015fmay\u0131 ask\u0131ya ald\u0131. Taraflar\u0131n temmuz ay\u0131nda yeniden kar\u015f\u0131l\u0131kl\u0131 askeri sald\u0131r\u0131lara ba\u015flamas\u0131 \u00fczerine kal\u0131c\u0131 anla\u015fmaya y\u00f6nelik g\u00f6r\u00fc\u015fmeler de durdu.<\/p>\n\n\n\n<h3 class=\"wp-block-heading\">Tahran ziyareti gerilimin artt\u0131\u011f\u0131 d\u00f6neme denk geliyor<\/h3>\n\n\n\n<p>M\u00fcnir\u2019in ziyareti, Washington ile Tahran aras\u0131ndaki gerilimin yeniden y\u00fckseldi\u011fi d\u00f6nemde ger\u00e7ekle\u015fiyor. Trump, 18 A\u011fustos\u2019ta \u0130ran ile g\u00f6r\u00fc\u015fme plan\u0131 olmad\u0131\u011f\u0131n\u0131 s\u00f6yledi. Ancak \u0130ran, H\u00fcrm\u00fcz Bo\u011faz\u0131\u2019ndaki deniz ta\u015f\u0131mac\u0131l\u0131\u011f\u0131na y\u00f6nelik k\u0131s\u0131tlamalar\u0131 s\u00fcrd\u00fcr\u00fcyor. ABD Hazine Bakan\u0131 Scott Bessent, yeni yapt\u0131r\u0131mlar haz\u0131rlanaca\u011f\u0131n\u0131 a\u00e7\u0131klad\u0131. Bessent, yapt\u0131r\u0131mlar\u0131 \u015fimdiye kadarki en sert yapt\u0131r\u0131mlar olarak niteledi.<\/p>\n\n\n\n<p>\u00d6te yandan \u0130ran, yeni ekonomik bask\u0131lar\u0131n ba\u015far\u0131s\u0131z olaca\u011f\u0131n\u0131 savunarak ABD bask\u0131s\u0131na kar\u015f\u0131 misilleme tehdidinde bulundu. <a href=\"https:\/\/epochtimestr.com\/index.php\/abd-heyeti-iran-ile-baris-gorusmeleri-icin-pakistana-gidiyor\" target=\"_blank\" rel=\"noreferrer noopener\">Trump<\/a>, 19 A\u011fustos\u2019ta g\u00f6r\u00fc\u015fmelerin ileride yeniden ba\u015flayabilece\u011fini s\u00f6yledi. Taraflar, H\u00fcrm\u00fcz Bo\u011faz\u0131 konusunda h\u00e2l\u00e2 farkl\u0131 pozisyonlar\u0131n\u0131 koruyor.<\/p>\n\n\n\n<p>ABD Donanmas\u0131, Umman taraf\u0131ndaki ticari gemilere eskort sa\u011flamay\u0131 s\u00fcrd\u00fcr\u00fcyor. Ancak gemi trafi\u011finin mevcut hacmi kesin olarak bilinmiyor. Kpler, yakla\u015f\u0131k 300 geminin 1.510\u2019dan fazla gizli ge\u00e7i\u015f yapt\u0131\u011f\u0131n\u0131, ge\u00e7i\u015flerin temmuz ortas\u0131ndan itibaren artt\u0131\u011f\u0131n\u0131 tahmin ediyor. Ayr\u0131ca operasyonlarda yakla\u015f\u0131k 20 gemiden olu\u015fan ABD Donanmas\u0131 grubu g\u00f6rev yap\u0131yor.<\/p>\n","protected":false},"excerpt":{"rendered":"<p>Pakistan Genelkurmay Ba\u015fkan\u0131 Mare\u015fal As\u0131m M\u00fcnir, 24 A\u011fustos\u2019ta (bug\u00fcn) \u0130ran\u2019a gidiyor. \u0130ran resmi Hacer ajans\u0131 IRNA, M\u00fcnir\u2019in ziyaret s\u0131ras\u0131nda resmi bir heyete ba\u015fkanl\u0131k edece\u011fini duyurdu. \u0130ran D\u0131\u015fi\u015fleri Bakanl\u0131\u011f\u0131 S\u00f6zc\u00fcs\u00fc \u0130smail Bekayi, yapt\u0131\u011f\u0131 a\u00e7\u0131klamada ziyaretin b\u00f6lgesel bar\u0131\u015f ve istikrar\u0131 g\u00fc\u00e7lendirmeyi ama\u00e7lad\u0131\u011f\u0131n\u0131 s\u00f6yledi. Ayr\u0131ca M\u00fcnir, \u0130ranl\u0131 \u00fcst d\u00fczey yetkililerle g\u00f6r\u00fc\u015fmeler ger\u00e7ekle\u015ftirecek. Pakistan, ABD ile \u0130ran aras\u0131ndaki \u00e7at\u0131\u015fmada [&hellip;]<\/p>\n","protected":false},"author":13996,"featured_media":170867,"comment_status":"open","ping_status":"open","sticky":false,"template":"","format":"standard","meta":{"_yoast_wpseo_focuskw":"Pakistan Ordu Komutan\u0131","_yoast_wpseo_title":"","_yoast_wpseo_metadesc":"Pakistan Ordu Komutan\u0131 As\u0131m M\u00fcnir, 24 A\u011fustos\u2019ta (bug\u00fcn) artan ABD-\u0130ran gerilimi s\u0131ras\u0131nda Tahran\u2019\u0131 ziyaret ediyor.","_bbp_topic_count":0,"_bbp_reply_count":0,"_bbp_total_topic_count":0,"_bbp_total_reply_count":0,"_bbp_voice_count":0,"_bbp_anonymous_reply_count":0,"_bbp_topic_count_hidden":0,"_bbp_reply_count_hidden":0,"_bbp_forum_subforum_count":0,"footnotes":"","_yoast_wpseo_focuskw_text_input":""},"categories":[5,1,8138],"tags":[10522,10069,12400,12401,5764],"yoast_head":"<!-- This site is optimized with the Yoast SEO plugin v23.0 - https:\/\/yoast.com\/wordpress\/plugins\/seo\/ -->\n<title>Pakistan Ordu Komutan\u0131 Tahran\u2019a Gidecek - The Epoch Times TR<\/title>\n<meta name=\"description\" content=\"Pakistan Ordu Komutan\u0131 As\u0131m M\u00fcnir, 24 A\u011fustos\u2019ta (bug\u00fcn) artan ABD-\u0130ran gerilimi s\u0131ras\u0131nda Tahran\u2019\u0131 ziyaret ediyor.\" \/>\n<meta name=\"robots\" content=\"index, follow, max-snippet:-1, max-image-preview:large, max-video-preview:-1\" \/>\n<link rel=\"canonical\" href=\"https:\/\/epochtimestr.com\/index.php\/pakistan-ordu-komutani-tahrana-gidecek\" \/>\n<meta property=\"og:locale\" content=\"tr_TR\" \/>\n<meta property=\"og:type\" content=\"article\" \/>\n<meta property=\"og:title\" content=\"Pakistan Ordu Komutan\u0131 Tahran\u2019a Gidecek - The Epoch Times TR\" \/>\n<meta property=\"og:description\" content=\"Pakistan Ordu Komutan\u0131 As\u0131m M\u00fcnir, 24 A\u011fustos\u2019ta (bug\u00fcn) artan ABD-\u0130ran gerilimi s\u0131ras\u0131nda Tahran\u2019\u0131 ziyaret ediyor.\" \/>\n<meta property=\"og:url\" content=\"https:\/\/epochtimestr.com\/index.php\/pakistan-ordu-komutani-tahrana-gidecek\" \/>\n<meta property=\"og:site_name\" content=\"The Epoch Times TR\" \/>\n<meta property=\"article:publisher\" content=\"https:\/\/www.facebook.com\/theepochtimestr\" \/>\n<meta property=\"article:published_time\" content=\"2026-08-24T13:32:04+00:00\" \/>\n<meta property=\"article:modified_time\" content=\"2026-08-24T13:32:07+00:00\" \/>\n<meta property=\"og:image\" content=\"https:\/\/epochtimestr.com\/wp-content\/uploads\/2011y\/1000053264.webp\" \/>\n\t<meta property=\"og:image:width\" content=\"1024\" \/>\n\t<meta property=\"og:image:height\" content=\"683\" \/>\n\t<meta property=\"og:image:type\" content=\"image\/webp\" \/>\n<meta name=\"author\" content=\"Leo Bajelan\" \/>\n<meta name=\"twitter:card\" content=\"summary_large_image\" \/>\n<meta name=\"twitter:creator\" content=\"@TheEpochTimesTR\" \/>\n<meta name=\"twitter:site\" content=\"@TheEpochTimesTR\" \/>\n<meta name=\"twitter:label1\" content=\"Yazan:\" \/>\n\t<meta name=\"twitter:data1\" content=\"Leo Bajelan\" \/>\n\t<meta name=\"twitter:label2\" content=\"Tahmini okuma s\u00fcresi\" \/>\n\t<meta name=\"twitter:data2\" content=\"3 dakika\" \/>\n<script type=\"application\/ld+json\" class=\"yoast-schema-graph\">{\"@context\":\"https:\/\/schema.org\",\"@graph\":[{\"@type\":\"Article\",\"@id\":\"https:\/\/epochtimestr.com\/index.php\/pakistan-ordu-komutani-tahrana-gidecek#article\",\"isPartOf\":{\"@id\":\"https:\/\/epochtimestr.com\/index.php\/pakistan-ordu-komutani-tahrana-gidecek\"},\"author\":{\"name\":\"Leo Bajelan\",\"@id\":\"https:\/\/epochtimestr.com\/#\/schema\/person\/5fef218711d76d8f232b0e1f1d7e4c0d\"},\"headline\":\"Pakistan Ordu Komutan\u0131 Tahran\u2019a Gidecek\",\"datePublished\":\"2026-08-24T13:32:04+00:00\",\"dateModified\":\"2026-08-24T13:32:07+00:00\",\"mainEntityOfPage\":{\"@id\":\"https:\/\/epochtimestr.com\/index.php\/pakistan-ordu-komutani-tahrana-gidecek\"},\"wordCount\":581,\"commentCount\":0,\"publisher\":{\"@id\":\"https:\/\/epochtimestr.com\/#organization\"},\"image\":{\"@id\":\"https:\/\/epochtimestr.com\/index.php\/pakistan-ordu-komutani-tahrana-gidecek#primaryimage\"},\"thumbnailUrl\":\"https:\/\/epochtimestr.com\/wp-content\/uploads\/2011y\/1000053264.webp\",\"keywords\":[\"H\u00fcrm\u00fcz bo\u011faz\u0131\",\"Orta Asya gerilimi\",\"Pakistan ordu komutan\u0131\",\"Tahran h\u00fck\u00fcmeti\",\"Trump\"],\"articleSection\":[\"D\u00dcNYA\",\"G\u00dcNDEM\",\"MAN\u015eET\"],\"inLanguage\":\"tr\",\"potentialAction\":[{\"@type\":\"CommentAction\",\"name\":\"Comment\",\"target\":[\"https:\/\/epochtimestr.com\/index.php\/pakistan-ordu-komutani-tahrana-gidecek#respond\"]}]},{\"@type\":\"WebPage\",\"@id\":\"https:\/\/epochtimestr.com\/index.php\/pakistan-ordu-komutani-tahrana-gidecek\",\"url\":\"https:\/\/epochtimestr.com\/index.php\/pakistan-ordu-komutani-tahrana-gidecek\",\"name\":\"Pakistan Ordu Komutan\u0131 Tahran\u2019a Gidecek - The Epoch Times TR\",\"isPartOf\":{\"@id\":\"https:\/\/epochtimestr.com\/#website\"},\"primaryImageOfPage\":{\"@id\":\"https:\/\/epochtimestr.com\/index.php\/pakistan-ordu-komutani-tahrana-gidecek#primaryimage\"},\"image\":{\"@id\":\"https:\/\/epochtimestr.com\/index.php\/pakistan-ordu-komutani-tahrana-gidecek#primaryimage\"},\"thumbnailUrl\":\"https:\/\/epochtimestr.com\/wp-content\/uploads\/2011y\/1000053264.webp\",\"datePublished\":\"2026-08-24T13:32:04+00:00\",\"dateModified\":\"2026-08-24T13:32:07+00:00\",\"description\":\"Pakistan Ordu Komutan\u0131 As\u0131m M\u00fcnir, 24 A\u011fustos\u2019ta (bug\u00fcn) artan ABD-\u0130ran gerilimi s\u0131ras\u0131nda Tahran\u2019\u0131 ziyaret ediyor.\",\"inLanguage\":\"tr\",\"potentialAction\":[{\"@type\":\"ReadAction\",\"target\":[\"https:\/\/epochtimestr.com\/index.php\/pakistan-ordu-komutani-tahrana-gidecek\"]}]},{\"@type\":\"ImageObject\",\"inLanguage\":\"tr\",\"@id\":\"https:\/\/epochtimestr.com\/index.php\/pakistan-ordu-komutani-tahrana-gidecek#primaryimage\",\"url\":\"https:\/\/epochtimestr.com\/wp-content\/uploads\/2011y\/1000053264.webp\",\"contentUrl\":\"https:\/\/epochtimestr.com\/wp-content\/uploads\/2011y\/1000053264.webp\",\"width\":1024,\"height\":683},{\"@type\":\"WebSite\",\"@id\":\"https:\/\/epochtimestr.com\/#website\",\"url\":\"https:\/\/epochtimestr.com\/\",\"name\":\"The Epoch Times TR\",\"description\":\"De\u011fi\u015fen D\u00fcnyam\u0131za Taze Bir Bak\u0131\u015f\",\"publisher\":{\"@id\":\"https:\/\/epochtimestr.com\/#organization\"},\"potentialAction\":[{\"@type\":\"SearchAction\",\"target\":{\"@type\":\"EntryPoint\",\"urlTemplate\":\"https:\/\/epochtimestr.com\/?s={search_term_string}\"},\"query-input\":\"required name=search_term_string\"}],\"inLanguage\":\"tr\"},{\"@type\":\"Organization\",\"@id\":\"https:\/\/epochtimestr.com\/#organization\",\"name\":\"The EpochTimes T\u00fcrkiye\",\"url\":\"https:\/\/epochtimestr.com\/\",\"logo\":{\"@type\":\"ImageObject\",\"inLanguage\":\"tr\",\"@id\":\"https:\/\/epochtimestr.com\/#\/schema\/logo\/image\/\",\"url\":\"https:\/\/epochtimestr.com\/wp-content\/uploads\/2011y\/ET-Logo-YG.jpg\",\"contentUrl\":\"https:\/\/epochtimestr.com\/wp-content\/uploads\/2011y\/ET-Logo-YG.jpg\",\"width\":346,\"height\":29,\"caption\":\"The EpochTimes T\u00fcrkiye\"},\"image\":{\"@id\":\"https:\/\/epochtimestr.com\/#\/schema\/logo\/image\/\"},\"sameAs\":[\"https:\/\/www.facebook.com\/theepochtimestr\",\"https:\/\/x.com\/TheEpochTimesTR\",\"https:\/\/www.instagram.com\/epochtimestr\"]},{\"@type\":\"Person\",\"@id\":\"https:\/\/epochtimestr.com\/#\/schema\/person\/5fef218711d76d8f232b0e1f1d7e4c0d\",\"name\":\"Leo Bajelan\",\"image\":{\"@type\":\"ImageObject\",\"inLanguage\":\"tr\",\"@id\":\"https:\/\/epochtimestr.com\/#\/schema\/person\/image\/\",\"url\":\"https:\/\/secure.gravatar.com\/avatar\/917669146f489549e548a2e9af272df5?s=96&d=mm&r=g\",\"contentUrl\":\"https:\/\/secure.gravatar.com\/avatar\/917669146f489549e548a2e9af272df5?s=96&d=mm&r=g\",\"caption\":\"Leo Bajelan\"},\"url\":\"https:\/\/epochtimestr.com\/index.php\/author\/leo\"}]}<\/script>\n<!-- \/ Yoast SEO plugin. -->","yoast_head_json":{"title":"Pakistan Ordu Komutan\u0131 Tahran\u2019a Gidecek - The Epoch Times TR","description":"Pakistan Ordu Komutan\u0131 As\u0131m M\u00fcnir, 24 A\u011fustos\u2019ta (bug\u00fcn) artan ABD-\u0130ran gerilimi s\u0131ras\u0131nda Tahran\u2019\u0131 ziyaret ediyor.","robots":{"index":"index","follow":"follow","max-snippet":"max-snippet:-1","max-image-preview":"max-image-preview:large","max-video-preview":"max-video-preview:-1"},"canonical":"https:\/\/epochtimestr.com\/index.php\/pakistan-ordu-komutani-tahrana-gidecek","og_locale":"tr_TR","og_type":"article","og_title":"Pakistan Ordu Komutan\u0131 Tahran\u2019a Gidecek - The Epoch Times TR","og_description":"Pakistan Ordu Komutan\u0131 As\u0131m M\u00fcnir, 24 A\u011fustos\u2019ta (bug\u00fcn) artan ABD-\u0130ran gerilimi s\u0131ras\u0131nda Tahran\u2019\u0131 ziyaret ediyor.","og_url":"https:\/\/epochtimestr.com\/index.php\/pakistan-ordu-komutani-tahrana-gidecek","og_site_name":"The Epoch Times TR","article_publisher":"https:\/\/www.facebook.com\/theepochtimestr","article_published_time":"2026-08-24T13:32:04+00:00","article_modified_time":"2026-08-24T13:32:07+00:00","og_image":[{"width":1024,"height":683,"url":"https:\/\/epochtimestr.com\/wp-content\/uploads\/2011y\/1000053264.webp","type":"image\/webp"}],"author":"Leo Bajelan","twitter_card":"summary_large_image","twitter_creator":"@TheEpochTimesTR","twitter_site":"@TheEpochTimesTR","twitter_misc":{"Yazan:":"Leo Bajelan","Tahmini okuma s\u00fcresi":"3 dakika"},"schema":{"@context":"https:\/\/schema.org","@graph":[{"@type":"Article","@id":"https:\/\/epochtimestr.com\/index.php\/pakistan-ordu-komutani-tahrana-gidecek#article","isPartOf":{"@id":"https:\/\/epochtimestr.com\/index.php\/pakistan-ordu-komutani-tahrana-gidecek"},"author":{"name":"Leo Bajelan","@id":"https:\/\/epochtimestr.com\/#\/schema\/person\/5fef218711d76d8f232b0e1f1d7e4c0d"},"headline":"Pakistan Ordu Komutan\u0131 Tahran\u2019a Gidecek","datePublished":"2026-08-24T13:32:04+00:00","dateModified":"2026-08-24T13:32:07+00:00","mainEntityOfPage":{"@id":"https:\/\/epochtimestr.com\/index.php\/pakistan-ordu-komutani-tahrana-gidecek"},"wordCount":581,"commentCount":0,"publisher":{"@id":"https:\/\/epochtimestr.com\/#organization"},"image":{"@id":"https:\/\/epochtimestr.com\/index.php\/pakistan-ordu-komutani-tahrana-gidecek#primaryimage"},"thumbnailUrl":"https:\/\/epochtimestr.com\/wp-content\/uploads\/2011y\/1000053264.webp","keywords":["H\u00fcrm\u00fcz bo\u011faz\u0131","Orta Asya gerilimi","Pakistan ordu komutan\u0131","Tahran h\u00fck\u00fcmeti","Trump"],"articleSection":["D\u00dcNYA","G\u00dcNDEM","MAN\u015eET"],"inLanguage":"tr","potentialAction":[{"@type":"CommentAction","name":"Comment","target":["https:\/\/epochtimestr.com\/index.php\/pakistan-ordu-komutani-tahrana-gidecek#respond"]}]},{"@type":"WebPage","@id":"https:\/\/epochtimestr.com\/index.php\/pakistan-ordu-komutani-tahrana-gidecek","url":"https:\/\/epochtimestr.com\/index.php\/pakistan-ordu-komutani-tahrana-gidecek","name":"Pakistan Ordu Komutan\u0131 Tahran\u2019a Gidecek - The Epoch Times TR","isPartOf":{"@id":"https:\/\/epochtimestr.com\/#website"},"primaryImageOfPage":{"@id":"https:\/\/epochtimestr.com\/index.php\/pakistan-ordu-komutani-tahrana-gidecek#primaryimage"},"image":{"@id":"https:\/\/epochtimestr.com\/index.php\/pakistan-ordu-komutani-tahrana-gidecek#primaryimage"},"thumbnailUrl":"https:\/\/epochtimestr.com\/wp-content\/uploads\/2011y\/1000053264.webp","datePublished":"2026-08-24T13:32:04+00:00","dateModified":"2026-08-24T13:32:07+00:00","description":"Pakistan Ordu Komutan\u0131 As\u0131m M\u00fcnir, 24 A\u011fustos\u2019ta (bug\u00fcn) artan ABD-\u0130ran gerilimi s\u0131ras\u0131nda Tahran\u2019\u0131 ziyaret ediyor.","inLanguage":"tr","potentialAction":[{"@type":"ReadAction","target":["https:\/\/epochtimestr.com\/index.php\/pakistan-ordu-komutani-tahrana-gidecek"]}]},{"@type":"ImageObject","inLanguage":"tr","@id":"https:\/\/epochtimestr.com\/index.php\/pakistan-ordu-komutani-tahrana-gidecek#primaryimage","url":"https:\/\/epochtimestr.com\/wp-content\/uploads\/2011y\/1000053264.webp","contentUrl":"https:\/\/epochtimestr.com\/wp-content\/uploads\/2011y\/1000053264.webp","width":1024,"height":683},{"@type":"WebSite","@id":"https:\/\/epochtimestr.com\/#website","url":"https:\/\/epochtimestr.com\/","name":"The Epoch Times TR","description":"De\u011fi\u015fen D\u00fcnyam\u0131za Taze Bir Bak\u0131\u015f","publisher":{"@id":"https:\/\/epochtimestr.com\/#organization"},"potentialAction":[{"@type":"SearchAction","target":{"@type":"EntryPoint","urlTemplate":"https:\/\/epochtimestr.com\/?s={search_term_string}"},"query-input":"required name=search_term_string"}],"inLanguage":"tr"},{"@type":"Organization","@id":"https:\/\/epochtimestr.com\/#organization","name":"The EpochTimes T\u00fcrkiye","url":"https:\/\/epochtimestr.com\/","logo":{"@type":"ImageObject","inLanguage":"tr","@id":"https:\/\/epochtimestr.com\/#\/schema\/logo\/image\/","url":"https:\/\/epochtimestr.com\/wp-content\/uploads\/2011y\/ET-Logo-YG.jpg","contentUrl":"https:\/\/epochtimestr.com\/wp-content\/uploads\/2011y\/ET-Logo-YG.jpg","width":346,"height":29,"caption":"The EpochTimes T\u00fcrkiye"},"image":{"@id":"https:\/\/epochtimestr.com\/#\/schema\/logo\/image\/"},"sameAs":["https:\/\/www.facebook.com\/theepochtimestr","https:\/\/x.com\/TheEpochTimesTR","https:\/\/www.instagram.com\/epochtimestr"]},{"@type":"Person","@id":"https:\/\/epochtimestr.com\/#\/schema\/person\/5fef218711d76d8f232b0e1f1d7e4c0d","name":"Leo Bajelan","image":{"@type":"ImageObject","inLanguage":"tr","@id":"https:\/\/epochtimestr.com\/#\/schema\/person\/image\/","url":"https:\/\/secure.gravatar.com\/avatar\/917669146f489549e548a2e9af272df5?s=96&d=mm&r=g","contentUrl":"https:\/\/secure.gravatar.com\/avatar\/917669146f489549e548a2e9af272df5?s=96&d=mm&r=g","caption":"Leo Bajelan"},"url":"https:\/\/epochtimestr.com\/index.php\/author\/leo"}]}},"_links":{"self":[{"href":"https:\/\/epochtimestr.com\/index.php\/wp-json\/wp\/v2\/posts\/170866"}],"collection":[{"href":"https:\/\/epochtimestr.com\/index.php\/wp-json\/wp\/v2\/posts"}],"about":[{"href":"https:\/\/epochtimestr.com\/index.php\/wp-json\/wp\/v2\/types\/post"}],"author":[{"embeddable":true,"href":"https:\/\/epochtimestr.com\/index.php\/wp-json\/wp\/v2\/users\/13996"}],"replies":[{"embeddable":true,"href":"https:\/\/epochtimestr.com\/index.php\/wp-json\/wp\/v2\/comments?post=170866"}],"version-history":[{"count":2,"href":"https:\/\/epochtimestr.com\/index.php\/wp-json\/wp\/v2\/posts\/170866\/revisions"}],"predecessor-version":[{"id":170895,"href":"https:\/\/epochtimestr.com\/index.php\/wp-json\/wp\/v2\/posts\/170866\/revisions\/170895"}],"wp:featuredmedia":[{"embeddable":true,"href":"https:\/\/epochtimestr.com\/index.php\/wp-json\/wp\/v2\/media\/170867"}],"wp:attachment":[{"href":"https:\/\/epochtimestr.com\/index.php\/wp-json\/wp\/v2\/media?parent=170866"}],"wp:term":[{"taxonomy":"category","embeddable":true,"href":"https:\/\/epochtimestr.com\/index.php\/wp-json\/wp\/v2\/categories?post=170866"},{"taxonomy":"post_tag","embeddable":true,"href":"https:\/\/epochtimestr.com\/index.php\/wp-json\/wp\/v2\/tags?post=170866"}],"curies":[{"name":"wp","href":"https:\/\/api.w.org\/{rel}","templated":true}]}}