{"id":170877,"date":"2026-08-24T18:25:33","date_gmt":"2026-08-24T15:25:33","guid":{"rendered":"https:\/\/epochtimestr.com\/?p=170877"},"modified":"2026-08-24T18:25:35","modified_gmt":"2026-08-24T15:25:35","slug":"balcova-belediye-baskani-onur-yigit-goreve-iade-edildi","status":"publish","type":"post","link":"https:\/\/epochtimestr.com\/index.php\/balcova-belediye-baskani-onur-yigit-goreve-iade-edildi","title":{"rendered":"Bal\u00e7ova Belediye Ba\u015fkan\u0131 Onur Yi\u011fit G\u00f6reve \u0130ade Edildi"},"content":{"rendered":"<div class=\"wp-block-image\">\n<figure class=\"aligncenter size-full is-resized\"><img loading=\"lazy\" decoding=\"async\" width=\"800\" height=\"532\" src=\"https:\/\/epochtimestr.com\/wp-content\/uploads\/2011y\/2-3.png\" alt=\"Bal\u00e7ova Belediye Ba\u015fkan\u0131 Onur Yi\u011fit g\u00f6reve iade edildi. (Foto\u011fraf: Bal\u00e7ova Belediyesi web sitesi)\" class=\"wp-image-170878\" style=\"width:800px;height:auto\" srcset=\"https:\/\/epochtimestr.com\/wp-content\/uploads\/2011y\/2-3.png 800w, https:\/\/epochtimestr.com\/wp-content\/uploads\/2011y\/2-3-300x200.png 300w, https:\/\/epochtimestr.com\/wp-content\/uploads\/2011y\/2-3-150x100.png 150w, https:\/\/epochtimestr.com\/wp-content\/uploads\/2011y\/2-3-768x511.png 768w\" sizes=\"(max-width: 800px) 100vw, 800px\" \/><figcaption class=\"wp-element-caption\">Bal\u00e7ova Belediye Ba\u015fkan\u0131 Onur Yi\u011fit g\u00f6reve iade edildi. (Foto\u011fraf: Bal\u00e7ova Belediyesi web sitesi)<\/figcaption><\/figure><\/div>\n\n\n<h2 class=\"wp-block-heading\">R\u00fc\u015fvet ve yolsuzluk soru\u015fturmas\u0131 kapsam\u0131nda g\u00f6revinden uzakla\u015ft\u0131r\u0131lan CHP&#8217;li Bal\u00e7ova Belediye Ba\u015fkan\u0131 Onur Yi\u011fit g\u00f6revine iade edildi.<\/h2>\n\n\n\n<p><a href=\"https:\/\/epochtimestr.com\/index.php\/icisleri-bakanligi-acikladi-muhittin-bocek-gorevden-uzaklastirildi\" target=\"_blank\" rel=\"noreferrer noopener\">\u0130\u00e7i\u015fleri Bakanl\u0131\u011f\u0131<\/a>, y\u00fcr\u00fct\u00fclen bir soru\u015fturma kapsam\u0131nda ge\u00e7ici tedbir karar\u0131yla g\u00f6revden al\u0131nan \u0130zmir Bal\u00e7ova Belediye Ba\u015fkan\u0131 Onur Yi\u011fit&#8217;in g\u00f6revine iade edildi\u011fini duyurdu. Bakanl\u0131\u011f\u0131n sosyal medya hesaplar\u0131ndan &#8220;Bal\u00e7ova Belediye Ba\u015fkan\u0131 Onur Yi\u011fit&#8217;in G\u00f6reve \u0130adesine Dair Bas\u0131n A\u00e7\u0131klamas\u0131&#8221; ba\u015fl\u0131\u011f\u0131yla yay\u0131mlanan duyuruda,<\/p>\n\n\n\n<p>\u201cBAL\u00c7OVA BELED\u0130YE BA\u015eKANI ONUR Y\u0130\u011e\u0130T\u2019\u0130N G\u00d6REVE \u0130ADES\u0130NE DA\u0130R BASIN A\u00c7IKLAMASI<\/p>\n\n\n\n<p>Bal\u00e7ova Belediye Ba\u015fkan\u0131 Onur Y\u0130\u011e\u0130T hakk\u0131nda, y\u00fcr\u00fct\u00fclen soru\u015fturma kapsam\u0131nda Anayasan\u0131n 127\u2019nci maddesi ile 5393 say\u0131l\u0131 Belediye Kanununun 47\u2019nci maddesi uyar\u0131nca ge\u00e7ici bir tedbir olarak 03.07.2026 tarihinde g\u00f6revden uzakla\u015ft\u0131r\u0131lm\u0131\u015ft\u0131.<\/p>\n\n\n\n<p>Bal\u00e7ova Belediye Ba\u015fkan\u0131 Onur Y\u0130\u011e\u0130T hakk\u0131nda Seferihisar Sulh Ceza Hakimli\u011finin 22.07.2026 tarihli karar\u0131 ile adli kontrol alt\u0131na al\u0131nmas\u0131na, yurt d\u0131\u015f\u0131na \u00e7\u0131k\u0131\u015f\u0131n\u0131n yasaklanmas\u0131na ve ikametlerine en yak\u0131n kolluk birimine imza kar\u015f\u0131l\u0131\u011f\u0131nda ba\u015fvurmas\u0131 karar\u0131 verildi\u011finden,<\/p>\n\n\n\n<p>Anayasan\u0131n 127\u2019nci maddesi uyar\u0131nca \u0130\u00e7i\u015fleri Bakanl\u0131\u011f\u0131n\u0131n onay\u0131 ile<a href=\"https:\/\/epochtimestr.com\/index.php\/gokhan-gunaydin-chp-grup-baskanvekili-gorevine-iade-edildi\" target=\"_blank\" rel=\"noreferrer noopener\"> g\u00f6revine iade<\/a> edilmi\u015ftir.<br \/>Kamuoyuna sayg\u0131yla duyurulur.\u201c denildi.<\/p>\n\n\n\n<figure class=\"wp-block-embed is-type-rich is-provider-x wp-block-embed-x\"><div class=\"wp-block-embed__wrapper\">\n<blockquote class=\"twitter-tweet\" data-width=\"550\" data-dnt=\"true\"><p lang=\"tr\" dir=\"ltr\">BAL\u00c7OVA BELED\u0130YE BA\u015eKANI ONUR Y\u0130\u011e\u0130T\u2019\u0130N <br>G\u00d6REVE \u0130ADES\u0130NE DA\u0130R <br>BASIN A\u00c7IKLAMASI<br><br>Bal\u00e7ova Belediye Ba\u015fkan\u0131 Onur Y\u0130\u011e\u0130T hakk\u0131nda, y\u00fcr\u00fct\u00fclen soru\u015fturma kapsam\u0131nda Anayasan\u0131n 127\u2019nci maddesi ile 5393 say\u0131l\u0131 Belediye Kanununun 47\u2019nci maddesi uyar\u0131nca  ge\u00e7ici bir tedbir olarak 03.07.2026\u2026<\/p>&mdash; T.C. \u0130\u00e7i\u015fleri Bakanl\u0131\u011f\u0131 (@TC_icisleri) <a href=\"https:\/\/x.com\/TC_icisleri\/status\/2091809386322661742?ref_src=twsrc%5Etfw\">August 24, 2026<\/a><\/blockquote><script async src=\"https:\/\/platform.x.com\/widgets.js\" charset=\"utf-8\"><\/script>\n<\/div><\/figure>\n\n\n\n<p>Onur Yi\u011fit, \u0130zmir Seferihisar Cumhuriyet Ba\u015fsavc\u0131l\u0131\u011f\u0131&#8217;n\u0131n y\u00fcr\u00fctt\u00fc\u011f\u00fc soru\u015fturma kapsam\u0131nda 25 Haziran&#8217;da g\u00f6zalt\u0131na al\u0131nm\u0131\u015f ve ev hapsi verilmi\u015fti. Ayn\u0131 soru\u015fturmada g\u00f6zalt\u0131na al\u0131nan Seferihisar Belediye Ba\u015fkan\u0131 \u0130smail Yeti\u015fkin ise tutuklanm\u0131\u015ft\u0131.<\/p>\n\n\n\n<p>Ba\u015fsavc\u0131l\u0131\u011f\u0131n &#8220;r\u00fc\u015fvet&#8221; soru\u015fturmas\u0131 kapsam\u0131nda 25 Haziran&#8217;da, \u0130zmir \u0130l Emniyet M\u00fcd\u00fcrl\u00fc\u011f\u00fc Mali Su\u00e7larla M\u00fccadele \u015eube M\u00fcd\u00fcrl\u00fc\u011f\u00fc ekiplerince operasyon d\u00fczenlenmi\u015fti. CHP&#8217;li belediye ba\u015fkanlar\u0131n\u0131n da aralar\u0131nda bulundu\u011fu belediye \u00e7al\u0131\u015fanlar\u0131 ve i\u015f insanlar\u0131ndan olu\u015fan toplam 26 \u015f\u00fcpheli hakk\u0131nda g\u00f6zalt\u0131 karar\u0131 verilmi\u015f, 24 ki\u015fi g\u00f6zalt\u0131na al\u0131nm\u0131\u015ft\u0131.<\/p>\n\n\n\n<p>Onur Yi\u011fit\u2019in \u0130\u00e7i\u015fleri Bakanl\u0131\u011f\u0131 taraf\u0131ndan g\u00f6revden uzakla\u015ft\u0131r\u0131lmas\u0131n\u0131n ard\u0131ndan ba\u015fkanvekili belirlenmi\u015fti. Belediye Meclisi&#8217;nde yap\u0131lan oylama sonucunda ba\u015fkanvekilli\u011fi g\u00f6revine CHP\u2019li meclis \u00fcyesi Selahattin Y\u0131ld\u0131z se\u00e7ilmi\u015fti. Onur Yi\u011fit&#8217;in ev hapsi cezas\u0131 ise 22 Temmuz tarihinde kald\u0131r\u0131lm\u0131\u015ft\u0131.<\/p>\n","protected":false},"excerpt":{"rendered":"<p>R\u00fc\u015fvet ve yolsuzluk soru\u015fturmas\u0131 kapsam\u0131nda g\u00f6revinden uzakla\u015ft\u0131r\u0131lan CHP&#8217;li Bal\u00e7ova Belediye Ba\u015fkan\u0131 Onur Yi\u011fit g\u00f6revine iade edildi. \u0130\u00e7i\u015fleri Bakanl\u0131\u011f\u0131, y\u00fcr\u00fct\u00fclen bir soru\u015fturma kapsam\u0131nda ge\u00e7ici tedbir karar\u0131yla g\u00f6revden al\u0131nan \u0130zmir Bal\u00e7ova Belediye Ba\u015fkan\u0131 Onur Yi\u011fit&#8217;in g\u00f6revine iade edildi\u011fini duyurdu. Bakanl\u0131\u011f\u0131n sosyal medya hesaplar\u0131ndan &#8220;Bal\u00e7ova Belediye Ba\u015fkan\u0131 Onur Yi\u011fit&#8217;in G\u00f6reve \u0130adesine Dair Bas\u0131n A\u00e7\u0131klamas\u0131&#8221; ba\u015fl\u0131\u011f\u0131yla yay\u0131mlanan duyuruda, \u201cBAL\u00c7OVA [&hellip;]<\/p>\n","protected":false},"author":12791,"featured_media":170878,"comment_status":"open","ping_status":"open","sticky":false,"template":"","format":"standard","meta":{"_yoast_wpseo_focuskw":"Bal\u00e7ova - Onur Yi\u011fit","_yoast_wpseo_title":"","_yoast_wpseo_metadesc":"R\u00fc\u015fvet ve yolsuzluk soru\u015fturmas\u0131 kapsam\u0131nda g\u00f6revinden uzakla\u015ft\u0131r\u0131lan CHP'li Bal\u00e7ova Belediye Ba\u015fkan\u0131 Onur Yi\u011fit g\u00f6revine iade edildi.","_bbp_topic_count":0,"_bbp_reply_count":0,"_bbp_total_topic_count":0,"_bbp_total_reply_count":0,"_bbp_voice_count":0,"_bbp_anonymous_reply_count":0,"_bbp_topic_count_hidden":0,"_bbp_reply_count_hidden":0,"_bbp_forum_subforum_count":0,"footnotes":"","_yoast_wpseo_focuskw_text_input":""},"categories":[1,8138,8226],"tags":[12410,12412,4472,12411],"yoast_head":"<!-- This site is optimized with the Yoast SEO plugin v23.0 - https:\/\/yoast.com\/wordpress\/plugins\/seo\/ -->\n<title>Bal\u00e7ova Belediye Ba\u015fkan\u0131 Onur Yi\u011fit G\u00f6reve \u0130ade Edildi - The Epoch Times TR<\/title>\n<meta name=\"description\" content=\"R\u00fc\u015fvet ve yolsuzluk soru\u015fturmas\u0131 kapsam\u0131nda g\u00f6revinden uzakla\u015ft\u0131r\u0131lan CHP&#039;li Bal\u00e7ova Belediye Ba\u015fkan\u0131 Onur Yi\u011fit g\u00f6revine iade edildi.\" \/>\n<meta name=\"robots\" content=\"index, follow, max-snippet:-1, max-image-preview:large, max-video-preview:-1\" \/>\n<link rel=\"canonical\" href=\"https:\/\/epochtimestr.com\/index.php\/balcova-belediye-baskani-onur-yigit-goreve-iade-edildi\" \/>\n<meta property=\"og:locale\" content=\"tr_TR\" \/>\n<meta property=\"og:type\" content=\"article\" \/>\n<meta property=\"og:title\" content=\"Bal\u00e7ova Belediye Ba\u015fkan\u0131 Onur Yi\u011fit G\u00f6reve \u0130ade Edildi - The Epoch Times TR\" \/>\n<meta property=\"og:description\" content=\"R\u00fc\u015fvet ve yolsuzluk soru\u015fturmas\u0131 kapsam\u0131nda g\u00f6revinden uzakla\u015ft\u0131r\u0131lan CHP&#039;li Bal\u00e7ova Belediye Ba\u015fkan\u0131 Onur Yi\u011fit g\u00f6revine iade edildi.\" \/>\n<meta property=\"og:url\" content=\"https:\/\/epochtimestr.com\/index.php\/balcova-belediye-baskani-onur-yigit-goreve-iade-edildi\" \/>\n<meta property=\"og:site_name\" content=\"The Epoch Times TR\" \/>\n<meta property=\"article:publisher\" content=\"https:\/\/www.facebook.com\/theepochtimestr\" \/>\n<meta property=\"article:published_time\" content=\"2026-08-24T15:25:33+00:00\" \/>\n<meta property=\"article:modified_time\" content=\"2026-08-24T15:25:35+00:00\" \/>\n<meta property=\"og:image\" content=\"https:\/\/epochtimestr.com\/wp-content\/uploads\/2011y\/2-3.png\" \/>\n\t<meta property=\"og:image:width\" content=\"800\" \/>\n\t<meta property=\"og:image:height\" content=\"532\" \/>\n\t<meta property=\"og:image:type\" content=\"image\/png\" \/>\n<meta name=\"author\" content=\"Haber Merkezi\" \/>\n<meta name=\"twitter:card\" content=\"summary_large_image\" \/>\n<meta name=\"twitter:creator\" content=\"@TheEpochTimesTR\" \/>\n<meta name=\"twitter:site\" content=\"@TheEpochTimesTR\" \/>\n<meta name=\"twitter:label1\" content=\"Yazan:\" \/>\n\t<meta name=\"twitter:data1\" content=\"Haber Merkezi\" \/>\n\t<meta name=\"twitter:label2\" content=\"Tahmini okuma s\u00fcresi\" \/>\n\t<meta name=\"twitter:data2\" content=\"2 dakika\" \/>\n<script type=\"application\/ld+json\" class=\"yoast-schema-graph\">{\"@context\":\"https:\/\/schema.org\",\"@graph\":[{\"@type\":\"Article\",\"@id\":\"https:\/\/epochtimestr.com\/index.php\/balcova-belediye-baskani-onur-yigit-goreve-iade-edildi#article\",\"isPartOf\":{\"@id\":\"https:\/\/epochtimestr.com\/index.php\/balcova-belediye-baskani-onur-yigit-goreve-iade-edildi\"},\"author\":{\"name\":\"Haber Merkezi\",\"@id\":\"https:\/\/epochtimestr.com\/#\/schema\/person\/3dc5c3adeb9f43923c5aa85889172fdd\"},\"headline\":\"Bal\u00e7ova Belediye Ba\u015fkan\u0131 Onur Yi\u011fit G\u00f6reve \u0130ade Edildi\",\"datePublished\":\"2026-08-24T15:25:33+00:00\",\"dateModified\":\"2026-08-24T15:25:35+00:00\",\"mainEntityOfPage\":{\"@id\":\"https:\/\/epochtimestr.com\/index.php\/balcova-belediye-baskani-onur-yigit-goreve-iade-edildi\"},\"wordCount\":435,\"commentCount\":0,\"publisher\":{\"@id\":\"https:\/\/epochtimestr.com\/#organization\"},\"image\":{\"@id\":\"https:\/\/epochtimestr.com\/index.php\/balcova-belediye-baskani-onur-yigit-goreve-iade-edildi#primaryimage\"},\"thumbnailUrl\":\"https:\/\/epochtimestr.com\/wp-content\/uploads\/2011y\/2-3.png\",\"keywords\":[\"Bal\u00e7ova Belediyesi\",\"G\u00f6reve iade\",\"\u0130\u00e7i\u015fleri bakanl\u0131\u011f\u0131\",\"Onur Yi\u011fit\"],\"articleSection\":[\"G\u00dcNDEM\",\"MAN\u015eET\",\"Siyaset\"],\"inLanguage\":\"tr\",\"potentialAction\":[{\"@type\":\"CommentAction\",\"name\":\"Comment\",\"target\":[\"https:\/\/epochtimestr.com\/index.php\/balcova-belediye-baskani-onur-yigit-goreve-iade-edildi#respond\"]}]},{\"@type\":\"WebPage\",\"@id\":\"https:\/\/epochtimestr.com\/index.php\/balcova-belediye-baskani-onur-yigit-goreve-iade-edildi\",\"url\":\"https:\/\/epochtimestr.com\/index.php\/balcova-belediye-baskani-onur-yigit-goreve-iade-edildi\",\"name\":\"Bal\u00e7ova Belediye Ba\u015fkan\u0131 Onur Yi\u011fit G\u00f6reve \u0130ade Edildi - The Epoch Times TR\",\"isPartOf\":{\"@id\":\"https:\/\/epochtimestr.com\/#website\"},\"primaryImageOfPage\":{\"@id\":\"https:\/\/epochtimestr.com\/index.php\/balcova-belediye-baskani-onur-yigit-goreve-iade-edildi#primaryimage\"},\"image\":{\"@id\":\"https:\/\/epochtimestr.com\/index.php\/balcova-belediye-baskani-onur-yigit-goreve-iade-edildi#primaryimage\"},\"thumbnailUrl\":\"https:\/\/epochtimestr.com\/wp-content\/uploads\/2011y\/2-3.png\",\"datePublished\":\"2026-08-24T15:25:33+00:00\",\"dateModified\":\"2026-08-24T15:25:35+00:00\",\"description\":\"R\u00fc\u015fvet ve yolsuzluk soru\u015fturmas\u0131 kapsam\u0131nda g\u00f6revinden uzakla\u015ft\u0131r\u0131lan CHP'li Bal\u00e7ova Belediye Ba\u015fkan\u0131 Onur Yi\u011fit g\u00f6revine iade edildi.\",\"inLanguage\":\"tr\",\"potentialAction\":[{\"@type\":\"ReadAction\",\"target\":[\"https:\/\/epochtimestr.com\/index.php\/balcova-belediye-baskani-onur-yigit-goreve-iade-edildi\"]}]},{\"@type\":\"ImageObject\",\"inLanguage\":\"tr\",\"@id\":\"https:\/\/epochtimestr.com\/index.php\/balcova-belediye-baskani-onur-yigit-goreve-iade-edildi#primaryimage\",\"url\":\"https:\/\/epochtimestr.com\/wp-content\/uploads\/2011y\/2-3.png\",\"contentUrl\":\"https:\/\/epochtimestr.com\/wp-content\/uploads\/2011y\/2-3.png\",\"width\":800,\"height\":532},{\"@type\":\"WebSite\",\"@id\":\"https:\/\/epochtimestr.com\/#website\",\"url\":\"https:\/\/epochtimestr.com\/\",\"name\":\"The Epoch Times TR\",\"description\":\"De\u011fi\u015fen D\u00fcnyam\u0131za Taze Bir Bak\u0131\u015f\",\"publisher\":{\"@id\":\"https:\/\/epochtimestr.com\/#organization\"},\"potentialAction\":[{\"@type\":\"SearchAction\",\"target\":{\"@type\":\"EntryPoint\",\"urlTemplate\":\"https:\/\/epochtimestr.com\/?s={search_term_string}\"},\"query-input\":\"required name=search_term_string\"}],\"inLanguage\":\"tr\"},{\"@type\":\"Organization\",\"@id\":\"https:\/\/epochtimestr.com\/#organization\",\"name\":\"The EpochTimes T\u00fcrkiye\",\"url\":\"https:\/\/epochtimestr.com\/\",\"logo\":{\"@type\":\"ImageObject\",\"inLanguage\":\"tr\",\"@id\":\"https:\/\/epochtimestr.com\/#\/schema\/logo\/image\/\",\"url\":\"https:\/\/epochtimestr.com\/wp-content\/uploads\/2011y\/ET-Logo-YG.jpg\",\"contentUrl\":\"https:\/\/epochtimestr.com\/wp-content\/uploads\/2011y\/ET-Logo-YG.jpg\",\"width\":346,\"height\":29,\"caption\":\"The EpochTimes T\u00fcrkiye\"},\"image\":{\"@id\":\"https:\/\/epochtimestr.com\/#\/schema\/logo\/image\/\"},\"sameAs\":[\"https:\/\/www.facebook.com\/theepochtimestr\",\"https:\/\/x.com\/TheEpochTimesTR\",\"https:\/\/www.instagram.com\/epochtimestr\"]},{\"@type\":\"Person\",\"@id\":\"https:\/\/epochtimestr.com\/#\/schema\/person\/3dc5c3adeb9f43923c5aa85889172fdd\",\"name\":\"Haber Merkezi\",\"image\":{\"@type\":\"ImageObject\",\"inLanguage\":\"tr\",\"@id\":\"https:\/\/epochtimestr.com\/#\/schema\/person\/image\/\",\"url\":\"https:\/\/secure.gravatar.com\/avatar\/d73f772ba5a74f28601361e17c2f93e6?s=96&d=mm&r=g\",\"contentUrl\":\"https:\/\/secure.gravatar.com\/avatar\/d73f772ba5a74f28601361e17c2f93e6?s=96&d=mm&r=g\",\"caption\":\"Haber Merkezi\"},\"url\":\"https:\/\/epochtimestr.com\/index.php\/author\/sendag\"}]}<\/script>\n<!-- \/ Yoast SEO plugin. -->","yoast_head_json":{"title":"Bal\u00e7ova Belediye Ba\u015fkan\u0131 Onur Yi\u011fit G\u00f6reve \u0130ade Edildi - The Epoch Times TR","description":"R\u00fc\u015fvet ve yolsuzluk soru\u015fturmas\u0131 kapsam\u0131nda g\u00f6revinden uzakla\u015ft\u0131r\u0131lan CHP'li Bal\u00e7ova Belediye Ba\u015fkan\u0131 Onur Yi\u011fit g\u00f6revine iade edildi.","robots":{"index":"index","follow":"follow","max-snippet":"max-snippet:-1","max-image-preview":"max-image-preview:large","max-video-preview":"max-video-preview:-1"},"canonical":"https:\/\/epochtimestr.com\/index.php\/balcova-belediye-baskani-onur-yigit-goreve-iade-edildi","og_locale":"tr_TR","og_type":"article","og_title":"Bal\u00e7ova Belediye Ba\u015fkan\u0131 Onur Yi\u011fit G\u00f6reve \u0130ade Edildi - The Epoch Times TR","og_description":"R\u00fc\u015fvet ve yolsuzluk soru\u015fturmas\u0131 kapsam\u0131nda g\u00f6revinden uzakla\u015ft\u0131r\u0131lan CHP'li Bal\u00e7ova Belediye Ba\u015fkan\u0131 Onur Yi\u011fit g\u00f6revine iade edildi.","og_url":"https:\/\/epochtimestr.com\/index.php\/balcova-belediye-baskani-onur-yigit-goreve-iade-edildi","og_site_name":"The Epoch Times TR","article_publisher":"https:\/\/www.facebook.com\/theepochtimestr","article_published_time":"2026-08-24T15:25:33+00:00","article_modified_time":"2026-08-24T15:25:35+00:00","og_image":[{"width":800,"height":532,"url":"https:\/\/epochtimestr.com\/wp-content\/uploads\/2011y\/2-3.png","type":"image\/png"}],"author":"Haber Merkezi","twitter_card":"summary_large_image","twitter_creator":"@TheEpochTimesTR","twitter_site":"@TheEpochTimesTR","twitter_misc":{"Yazan:":"Haber Merkezi","Tahmini okuma s\u00fcresi":"2 dakika"},"schema":{"@context":"https:\/\/schema.org","@graph":[{"@type":"Article","@id":"https:\/\/epochtimestr.com\/index.php\/balcova-belediye-baskani-onur-yigit-goreve-iade-edildi#article","isPartOf":{"@id":"https:\/\/epochtimestr.com\/index.php\/balcova-belediye-baskani-onur-yigit-goreve-iade-edildi"},"author":{"name":"Haber Merkezi","@id":"https:\/\/epochtimestr.com\/#\/schema\/person\/3dc5c3adeb9f43923c5aa85889172fdd"},"headline":"Bal\u00e7ova Belediye Ba\u015fkan\u0131 Onur Yi\u011fit G\u00f6reve \u0130ade Edildi","datePublished":"2026-08-24T15:25:33+00:00","dateModified":"2026-08-24T15:25:35+00:00","mainEntityOfPage":{"@id":"https:\/\/epochtimestr.com\/index.php\/balcova-belediye-baskani-onur-yigit-goreve-iade-edildi"},"wordCount":435,"commentCount":0,"publisher":{"@id":"https:\/\/epochtimestr.com\/#organization"},"image":{"@id":"https:\/\/epochtimestr.com\/index.php\/balcova-belediye-baskani-onur-yigit-goreve-iade-edildi#primaryimage"},"thumbnailUrl":"https:\/\/epochtimestr.com\/wp-content\/uploads\/2011y\/2-3.png","keywords":["Bal\u00e7ova Belediyesi","G\u00f6reve iade","\u0130\u00e7i\u015fleri bakanl\u0131\u011f\u0131","Onur Yi\u011fit"],"articleSection":["G\u00dcNDEM","MAN\u015eET","Siyaset"],"inLanguage":"tr","potentialAction":[{"@type":"CommentAction","name":"Comment","target":["https:\/\/epochtimestr.com\/index.php\/balcova-belediye-baskani-onur-yigit-goreve-iade-edildi#respond"]}]},{"@type":"WebPage","@id":"https:\/\/epochtimestr.com\/index.php\/balcova-belediye-baskani-onur-yigit-goreve-iade-edildi","url":"https:\/\/epochtimestr.com\/index.php\/balcova-belediye-baskani-onur-yigit-goreve-iade-edildi","name":"Bal\u00e7ova Belediye Ba\u015fkan\u0131 Onur Yi\u011fit G\u00f6reve \u0130ade Edildi - The Epoch Times TR","isPartOf":{"@id":"https:\/\/epochtimestr.com\/#website"},"primaryImageOfPage":{"@id":"https:\/\/epochtimestr.com\/index.php\/balcova-belediye-baskani-onur-yigit-goreve-iade-edildi#primaryimage"},"image":{"@id":"https:\/\/epochtimestr.com\/index.php\/balcova-belediye-baskani-onur-yigit-goreve-iade-edildi#primaryimage"},"thumbnailUrl":"https:\/\/epochtimestr.com\/wp-content\/uploads\/2011y\/2-3.png","datePublished":"2026-08-24T15:25:33+00:00","dateModified":"2026-08-24T15:25:35+00:00","description":"R\u00fc\u015fvet ve yolsuzluk soru\u015fturmas\u0131 kapsam\u0131nda g\u00f6revinden uzakla\u015ft\u0131r\u0131lan CHP'li Bal\u00e7ova Belediye Ba\u015fkan\u0131 Onur Yi\u011fit g\u00f6revine iade edildi.","inLanguage":"tr","potentialAction":[{"@type":"ReadAction","target":["https:\/\/epochtimestr.com\/index.php\/balcova-belediye-baskani-onur-yigit-goreve-iade-edildi"]}]},{"@type":"ImageObject","inLanguage":"tr","@id":"https:\/\/epochtimestr.com\/index.php\/balcova-belediye-baskani-onur-yigit-goreve-iade-edildi#primaryimage","url":"https:\/\/epochtimestr.com\/wp-content\/uploads\/2011y\/2-3.png","contentUrl":"https:\/\/epochtimestr.com\/wp-content\/uploads\/2011y\/2-3.png","width":800,"height":532},{"@type":"WebSite","@id":"https:\/\/epochtimestr.com\/#website","url":"https:\/\/epochtimestr.com\/","name":"The Epoch Times TR","description":"De\u011fi\u015fen D\u00fcnyam\u0131za Taze Bir Bak\u0131\u015f","publisher":{"@id":"https:\/\/epochtimestr.com\/#organization"},"potentialAction":[{"@type":"SearchAction","target":{"@type":"EntryPoint","urlTemplate":"https:\/\/epochtimestr.com\/?s={search_term_string}"},"query-input":"required name=search_term_string"}],"inLanguage":"tr"},{"@type":"Organization","@id":"https:\/\/epochtimestr.com\/#organization","name":"The EpochTimes T\u00fcrkiye","url":"https:\/\/epochtimestr.com\/","logo":{"@type":"ImageObject","inLanguage":"tr","@id":"https:\/\/epochtimestr.com\/#\/schema\/logo\/image\/","url":"https:\/\/epochtimestr.com\/wp-content\/uploads\/2011y\/ET-Logo-YG.jpg","contentUrl":"https:\/\/epochtimestr.com\/wp-content\/uploads\/2011y\/ET-Logo-YG.jpg","width":346,"height":29,"caption":"The EpochTimes T\u00fcrkiye"},"image":{"@id":"https:\/\/epochtimestr.com\/#\/schema\/logo\/image\/"},"sameAs":["https:\/\/www.facebook.com\/theepochtimestr","https:\/\/x.com\/TheEpochTimesTR","https:\/\/www.instagram.com\/epochtimestr"]},{"@type":"Person","@id":"https:\/\/epochtimestr.com\/#\/schema\/person\/3dc5c3adeb9f43923c5aa85889172fdd","name":"Haber Merkezi","image":{"@type":"ImageObject","inLanguage":"tr","@id":"https:\/\/epochtimestr.com\/#\/schema\/person\/image\/","url":"https:\/\/secure.gravatar.com\/avatar\/d73f772ba5a74f28601361e17c2f93e6?s=96&d=mm&r=g","contentUrl":"https:\/\/secure.gravatar.com\/avatar\/d73f772ba5a74f28601361e17c2f93e6?s=96&d=mm&r=g","caption":"Haber Merkezi"},"url":"https:\/\/epochtimestr.com\/index.php\/author\/sendag"}]}},"_links":{"self":[{"href":"https:\/\/epochtimestr.com\/index.php\/wp-json\/wp\/v2\/posts\/170877"}],"collection":[{"href":"https:\/\/epochtimestr.com\/index.php\/wp-json\/wp\/v2\/posts"}],"about":[{"href":"https:\/\/epochtimestr.com\/index.php\/wp-json\/wp\/v2\/types\/post"}],"author":[{"embeddable":true,"href":"https:\/\/epochtimestr.com\/index.php\/wp-json\/wp\/v2\/users\/12791"}],"replies":[{"embeddable":true,"href":"https:\/\/epochtimestr.com\/index.php\/wp-json\/wp\/v2\/comments?post=170877"}],"version-history":[{"count":2,"href":"https:\/\/epochtimestr.com\/index.php\/wp-json\/wp\/v2\/posts\/170877\/revisions"}],"predecessor-version":[{"id":170911,"href":"https:\/\/epochtimestr.com\/index.php\/wp-json\/wp\/v2\/posts\/170877\/revisions\/170911"}],"wp:featuredmedia":[{"embeddable":true,"href":"https:\/\/epochtimestr.com\/index.php\/wp-json\/wp\/v2\/media\/170878"}],"wp:attachment":[{"href":"https:\/\/epochtimestr.com\/index.php\/wp-json\/wp\/v2\/media?parent=170877"}],"wp:term":[{"taxonomy":"category","embeddable":true,"href":"https:\/\/epochtimestr.com\/index.php\/wp-json\/wp\/v2\/categories?post=170877"},{"taxonomy":"post_tag","embeddable":true,"href":"https:\/\/epochtimestr.com\/index.php\/wp-json\/wp\/v2\/tags?post=170877"}],"curies":[{"name":"wp","href":"https:\/\/api.w.org\/{rel}","templated":true}]}}