{"id":170883,"date":"2026-08-24T20:11:09","date_gmt":"2026-08-24T17:11:09","guid":{"rendered":"https:\/\/epochtimestr.com\/?p=170883"},"modified":"2026-08-24T20:11:10","modified_gmt":"2026-08-24T17:11:10","slug":"teoman-madranin-50-yillik-sanat-yolculugu","status":"publish","type":"post","link":"https:\/\/epochtimestr.com\/index.php\/teoman-madranin-50-yillik-sanat-yolculugu","title":{"rendered":"Teoman Madra&#8217;n\u0131n 50 Y\u0131ll\u0131k Sanat Yolculu\u011fu"},"content":{"rendered":"<div class=\"wp-block-image\">\n<figure class=\"aligncenter size-full is-resized\"><img loading=\"lazy\" decoding=\"async\" width=\"636\" height=\"420\" src=\"https:\/\/epochtimestr.com\/wp-content\/uploads\/2011y\/madra_0.jpg\" alt=\"Dijital sanat\u0131n \u00f6nc\u00fcs\u00fc Teoman Madra\u2019n\u0131n 50 y\u0131ll\u0131k miras\u0131 &quot;Bende Sistem Yok&quot; ile gelece\u011fe ta\u015f\u0131n\u0131yor. (Foto\u011fraf: MadraArt Instagram)\" class=\"wp-image-170884\" style=\"width:663px;height:auto\" srcset=\"https:\/\/epochtimestr.com\/wp-content\/uploads\/2011y\/madra_0.jpg 636w, https:\/\/epochtimestr.com\/wp-content\/uploads\/2011y\/madra_0-300x198.jpg 300w, https:\/\/epochtimestr.com\/wp-content\/uploads\/2011y\/madra_0-150x99.jpg 150w\" sizes=\"(max-width: 636px) 100vw, 636px\" \/><figcaption class=\"wp-element-caption\">Dijital sanat\u0131n \u00f6nc\u00fcs\u00fc Teoman Madra\u2019n\u0131n 50 y\u0131ll\u0131k miras\u0131 &#8220;Bende Sistem Yok&#8221; ile gelece\u011fe ta\u015f\u0131n\u0131yor. (Foto\u011fraf: MadraArt Instagram)<\/figcaption><\/figure><\/div>\n\n\n<h2 class=\"wp-block-heading\">T\u00fcrkiye\u2019de deneysel foto\u011fraf, multimedya ve dijital sanat\u0131n \u00f6nc\u00fc isimlerinden Teoman Madra\u2019n\u0131n 50 y\u0131l\u0131 a\u015fan sanat ya\u015fam\u0131, Sel\u00e7uk Artut\u2019un y\u00fcr\u00fctt\u00fc\u011f\u00fc \u00e7al\u0131\u015fmada bir araya geldi.<\/h2>\n\n\n\n<p>T\u00fcrkiye\u2019de deneysel foto\u011fraf, multimedya ve medya sanat\u0131n\u0131n \u00f6nc\u00fc isimlerinden Teoman Madra\u2019n\u0131n yar\u0131m as\u0131rl\u0131k sanat ar\u015fivi, Prof. Dr. Sel\u00e7uk Artut\u2019un y\u00fcr\u00fctt\u00fc\u011f\u00fc kapsaml\u0131 bir projeyle dijitalle\u015fti ve kitap haline geldi.<\/p>\n\n\n<div class=\"wp-block-image\">\n<figure class=\"aligncenter size-full\"><img loading=\"lazy\" decoding=\"async\" width=\"780\" height=\"528\" src=\"https:\/\/epochtimestr.com\/wp-content\/uploads\/2011y\/7-4-1-jpg-780-5000-false.jpg\" alt=\"(Foto\u011fraf: MadraArt Instagram)\" class=\"wp-image-170886\" srcset=\"https:\/\/epochtimestr.com\/wp-content\/uploads\/2011y\/7-4-1-jpg-780-5000-false.jpg 780w, https:\/\/epochtimestr.com\/wp-content\/uploads\/2011y\/7-4-1-jpg-780-5000-false-300x203.jpg 300w, https:\/\/epochtimestr.com\/wp-content\/uploads\/2011y\/7-4-1-jpg-780-5000-false-150x102.jpg 150w, https:\/\/epochtimestr.com\/wp-content\/uploads\/2011y\/7-4-1-jpg-780-5000-false-768x520.jpg 768w\" sizes=\"(max-width: 780px) 100vw, 780px\" \/><figcaption class=\"wp-element-caption\">(Foto\u011fraf: MadraArt Instagram)<\/figcaption><\/figure><\/div>\n\n\n<p>Gate27 ve \u0130stanbul BM \u00c7a\u011fda\u015f Sanat Merkezi i\u015f birli\u011fiyle hayata ge\u00e7irilen \u00e7al\u0131\u015fma, sanat\u00e7\u0131n\u0131n 1960\u2019lardan 2000\u2019lere uzanan kay\u0131p sanatsal miras\u0131n\u0131 &#8220;Teoman Madra: Bende Sistem Yok&#8221; ba\u015fl\u0131\u011f\u0131yla gelece\u011fe ta\u015f\u0131yor.<\/p>\n\n\n<div class=\"wp-block-image\">\n<figure class=\"aligncenter size-full\"><img loading=\"lazy\" decoding=\"async\" width=\"392\" height=\"300\" src=\"https:\/\/epochtimestr.com\/wp-content\/uploads\/2011y\/1-33.jpg\" alt=\"\" class=\"wp-image-170887\" srcset=\"https:\/\/epochtimestr.com\/wp-content\/uploads\/2011y\/1-33.jpg 392w, https:\/\/epochtimestr.com\/wp-content\/uploads\/2011y\/1-33-300x230.jpg 300w, https:\/\/epochtimestr.com\/wp-content\/uploads\/2011y\/1-33-150x115.jpg 150w\" sizes=\"(max-width: 392px) 100vw, 392px\" \/><figcaption class=\"wp-element-caption\">Teoman Madra&#8217;n\u0131n &#8220;Bilgisayar Sanat\u0131&#8221; \/ &#8220;Dijital Grafik&#8221; serisine ait bir \u00e7al\u0131\u015fmad\u0131r   (Teoman Madra resim ar\u015fivi)<\/figcaption><\/figure><\/div>\n\n\n<p><strong>Sanat Tarihinde Bir Bo\u015fluk Kapan\u0131yor<\/strong><\/p>\n\n\n\n<p>Kariyeri boyunca ses, g\u00f6r\u00fcnt\u00fc, \u0131\u015f\u0131k ve bilgisayar teknolojilerini bir araya getiren sinestetik i\u015flere imza atan Madra, T\u00fcrkiye&#8217;de dijital sanat\u0131n temellerini atan fig\u00fcrlerden biri olarak biliniyor. Kendisi de medya sanat\u00e7\u0131s\u0131 ve akademisyen olan Sel\u00e7uk Artut, 2021 y\u0131l\u0131ndan bu yana titizlikle s\u00fcrd\u00fcrd\u00fc\u011f\u00fc bu ar\u015fiv projesiyle sanat tarihindeki b\u00fcy\u00fck bir bo\u015flu\u011fu kapatmay\u0131 hedefliyor.<\/p>\n\n\n<div class=\"wp-block-image\">\n<figure class=\"aligncenter size-full is-resized\"><img loading=\"lazy\" decoding=\"async\" width=\"320\" height=\"320\" src=\"https:\/\/epochtimestr.com\/wp-content\/uploads\/2011y\/3-24.jpg\" alt=\"\" class=\"wp-image-170888\" style=\"width:430px;height:auto\" srcset=\"https:\/\/epochtimestr.com\/wp-content\/uploads\/2011y\/3-24.jpg 320w, https:\/\/epochtimestr.com\/wp-content\/uploads\/2011y\/3-24-300x300.jpg 300w, https:\/\/epochtimestr.com\/wp-content\/uploads\/2011y\/3-24-150x150.jpg 150w\" sizes=\"(max-width: 320px) 100vw, 320px\" \/><figcaption class=\"wp-element-caption\">Teoman Madra&#8217;n\u0131n &#8220;I\u015f\u0131k Oyunlar\u0131&#8221; (Light Games) serisinden bir par\u00e7ad\u0131r ve 1960&#8217;l\u0131 y\u0131llarda (yakla\u015f\u0131k 1965 civar\u0131) \u00fcretilmi\u015ftir. (Foto\u011fraf: MadraArt Instagram)<\/figcaption><\/figure><\/div>\n\n\n<h3 class=\"wp-block-heading\">300 Sayfal\u0131k Bir Ba\u015fvuru Kayna\u011f\u0131<\/h3>\n\n\n\n<p>Yakla\u015f\u0131k 300 sayfadan olu\u015fan ve monografi niteli\u011fi ta\u015f\u0131yan eserde, Madra\u2019n\u0131n soyut foto\u011fraflar\u0131 ve bilgisayar destekli \u00fcretimlerinin yan\u0131 s\u0131ra d\u00f6nemin sanat ortam\u0131na tan\u0131kl\u0131k eden dostlar\u0131yla yap\u0131lm\u0131\u015f s\u00f6yle\u015filer de yer al\u0131yor.<\/p>\n\n\n<div class=\"wp-block-image\">\n<figure class=\"aligncenter size-full\"><img loading=\"lazy\" decoding=\"async\" width=\"1500\" height=\"757\" src=\"https:\/\/epochtimestr.com\/wp-content\/uploads\/2011y\/2-34.jpg\" alt=\"\" class=\"wp-image-170889\" srcset=\"https:\/\/epochtimestr.com\/wp-content\/uploads\/2011y\/2-34.jpg 1500w, https:\/\/epochtimestr.com\/wp-content\/uploads\/2011y\/2-34-300x151.jpg 300w, https:\/\/epochtimestr.com\/wp-content\/uploads\/2011y\/2-34-150x76.jpg 150w, https:\/\/epochtimestr.com\/wp-content\/uploads\/2011y\/2-34-768x388.jpg 768w\" sizes=\"(max-width: 1500px) 100vw, 1500px\" \/><figcaption class=\"wp-element-caption\">Teoman Madra&#8217;n\u0131n &#8220;I\u015f\u0131k Oyunlar\u0131&#8221; (Light Games) serisinin ikonik par\u00e7as\u0131d\u0131r; 1960&#8217;l\u0131 y\u0131llarda (yakla\u015f\u0131k 1965 civar\u0131) karanl\u0131k odada uzun pozlama teknikleriyle \u00fcretilmi\u015ftir. (Foto\u011fraf: MadraArt Instagram)<\/figcaption><\/figure><\/div>\n\n\n<p>Kitap, T\u00fcrkiye\u2019de teknoloji ve sanat\u0131n kesi\u015fim k\u00fcmesini merak edenler i\u00e7in bir ba\u015fvuru kayna\u011f\u0131 niteli\u011finde.<\/p>\n\n\n\n<p><strong>Prof. Dr. Sel\u00e7uk Artut Kimdir?<\/strong><\/p>\n\n\n\n<p>Medya sanat\u00e7\u0131s\u0131, akademisyen ve m\u00fczisyen Sel\u00e7uk Artut, Ko\u00e7 \u00dcniversitesi b\u00fcnyesinde \u00f6\u011fretim \u00fcyesi olarak g\u00f6rev yapmaktad\u0131r. Lisans e\u011fitimini Kadir Has \u00dcniversitesi Elektronik M\u00fchendisli\u011fi b\u00f6l\u00fcm\u00fcnde tamamlad\u0131ktan sonra, Birle\u015fik Krall\u0131k\u2019ta (Middlesex University) Sonic Arts Creative Systems alan\u0131nda y\u00fcksek lisans ve \u0130svi\u00e7re&#8217;deki European Graduate School\u2019da Medya ve \u0130leti\u015fim felsefesi \u00fczerine doktora yapm\u0131\u015ft\u0131r.<\/p>\n\n\n<div class=\"wp-block-image\">\n<figure class=\"aligncenter size-full\"><img loading=\"lazy\" decoding=\"async\" width=\"554\" height=\"554\" src=\"https:\/\/epochtimestr.com\/wp-content\/uploads\/2011y\/selcuk-artut.webp\" alt=\"\" class=\"wp-image-170890\" srcset=\"https:\/\/epochtimestr.com\/wp-content\/uploads\/2011y\/selcuk-artut.webp 554w, https:\/\/epochtimestr.com\/wp-content\/uploads\/2011y\/selcuk-artut-300x300.webp 300w, https:\/\/epochtimestr.com\/wp-content\/uploads\/2011y\/selcuk-artut-150x150.webp 150w\" sizes=\"(max-width: 554px) 100vw, 554px\" \/><figcaption class=\"wp-element-caption\">                                     Prof.Dr. Sel\u00e7uk Artut (Foto\u011fraf: Akbank sanat youtube)<\/figcaption><\/figure><\/div>\n\n\n<p>Sanat, teknoloji ve felsefe kesi\u015fiminde \u00fcretimler yapan Artut, uluslararas\u0131 mecralarda sergilenen medya sanat\u0131 eserlerinin yan\u0131 s\u0131ra Replikas grubuyla m\u00fczik \u00e7al\u0131\u015fmalar\u0131n\u0131 s\u00fcrd\u00fcrmekte, teknoloji k\u00fclt\u00fcr\u00fc \u00fczerine kitaplar yazmaktad\u0131r. (Foto\u011fraflar:teomanmadra.artworks)<\/p>\n","protected":false},"excerpt":{"rendered":"<p>T\u00fcrkiye\u2019de deneysel foto\u011fraf, multimedya ve dijital sanat\u0131n \u00f6nc\u00fc isimlerinden Teoman Madra\u2019n\u0131n 50 y\u0131l\u0131 a\u015fan sanat ya\u015fam\u0131, Sel\u00e7uk Artut\u2019un y\u00fcr\u00fctt\u00fc\u011f\u00fc \u00e7al\u0131\u015fmada bir araya geldi. T\u00fcrkiye\u2019de deneysel foto\u011fraf, multimedya ve medya sanat\u0131n\u0131n \u00f6nc\u00fc isimlerinden Teoman Madra\u2019n\u0131n yar\u0131m as\u0131rl\u0131k sanat ar\u015fivi, Prof. Dr. Sel\u00e7uk Artut\u2019un y\u00fcr\u00fctt\u00fc\u011f\u00fc kapsaml\u0131 bir projeyle dijitalle\u015fti ve kitap haline geldi. Gate27 ve \u0130stanbul BM [&hellip;]<\/p>\n","protected":false},"author":12791,"featured_media":170884,"comment_status":"open","ping_status":"open","sticky":false,"template":"","format":"standard","meta":{"_yoast_wpseo_focuskw":"teoman - 50","_yoast_wpseo_title":"","_yoast_wpseo_metadesc":"T\u00fcrkiye\u2019de deneysel foto\u011fraf, multimedya ve dijital sanat\u0131n \u00f6nc\u00fc isimlerinden Teoman Madra\u2019n\u0131n 50 y\u0131l\u0131 a\u015fan sanat ya\u015fam\u0131 kitapla\u015ft\u0131r\u0131ld\u0131.","_bbp_topic_count":0,"_bbp_reply_count":0,"_bbp_total_topic_count":0,"_bbp_total_reply_count":0,"_bbp_voice_count":0,"_bbp_anonymous_reply_count":0,"_bbp_topic_count_hidden":0,"_bbp_reply_count_hidden":0,"_bbp_forum_subforum_count":0,"footnotes":"","_yoast_wpseo_focuskw_text_input":""},"categories":[12420,1,8138,8419],"tags":[6873,12414,12413],"yoast_head":"<!-- This site is optimized with the Yoast SEO plugin v23.0 - https:\/\/yoast.com\/wordpress\/plugins\/seo\/ -->\n<title>Teoman Madra&#039;n\u0131n 50 Y\u0131ll\u0131k Sanat Yolculu\u011fu - The Epoch Times TR<\/title>\n<meta name=\"description\" content=\"T\u00fcrkiye\u2019de deneysel foto\u011fraf, multimedya ve dijital sanat\u0131n \u00f6nc\u00fc isimlerinden Teoman Madra\u2019n\u0131n 50 y\u0131l\u0131 a\u015fan sanat ya\u015fam\u0131 kitapla\u015ft\u0131r\u0131ld\u0131.\" \/>\n<meta name=\"robots\" content=\"index, follow, max-snippet:-1, max-image-preview:large, max-video-preview:-1\" \/>\n<link rel=\"canonical\" href=\"https:\/\/epochtimestr.com\/index.php\/teoman-madranin-50-yillik-sanat-yolculugu\" \/>\n<meta property=\"og:locale\" content=\"tr_TR\" \/>\n<meta property=\"og:type\" content=\"article\" \/>\n<meta property=\"og:title\" content=\"Teoman Madra&#039;n\u0131n 50 Y\u0131ll\u0131k Sanat Yolculu\u011fu - The Epoch Times TR\" \/>\n<meta property=\"og:description\" content=\"T\u00fcrkiye\u2019de deneysel foto\u011fraf, multimedya ve dijital sanat\u0131n \u00f6nc\u00fc isimlerinden Teoman Madra\u2019n\u0131n 50 y\u0131l\u0131 a\u015fan sanat ya\u015fam\u0131 kitapla\u015ft\u0131r\u0131ld\u0131.\" \/>\n<meta property=\"og:url\" content=\"https:\/\/epochtimestr.com\/index.php\/teoman-madranin-50-yillik-sanat-yolculugu\" \/>\n<meta property=\"og:site_name\" content=\"The Epoch Times TR\" \/>\n<meta property=\"article:publisher\" content=\"https:\/\/www.facebook.com\/theepochtimestr\" \/>\n<meta property=\"article:published_time\" content=\"2026-08-24T17:11:09+00:00\" \/>\n<meta property=\"article:modified_time\" content=\"2026-08-24T17:11:10+00:00\" \/>\n<meta property=\"og:image\" content=\"https:\/\/epochtimestr.com\/wp-content\/uploads\/2011y\/madra_0.jpg\" \/>\n\t<meta property=\"og:image:width\" content=\"636\" \/>\n\t<meta property=\"og:image:height\" content=\"420\" \/>\n\t<meta property=\"og:image:type\" content=\"image\/jpeg\" \/>\n<meta name=\"author\" content=\"Haber Merkezi\" \/>\n<meta name=\"twitter:card\" content=\"summary_large_image\" \/>\n<meta name=\"twitter:creator\" content=\"@TheEpochTimesTR\" \/>\n<meta name=\"twitter:site\" content=\"@TheEpochTimesTR\" \/>\n<meta name=\"twitter:label1\" content=\"Yazan:\" \/>\n\t<meta name=\"twitter:data1\" content=\"Haber Merkezi\" \/>\n\t<meta name=\"twitter:label2\" content=\"Tahmini okuma s\u00fcresi\" \/>\n\t<meta name=\"twitter:data2\" content=\"4 dakika\" \/>\n<script type=\"application\/ld+json\" class=\"yoast-schema-graph\">{\"@context\":\"https:\/\/schema.org\",\"@graph\":[{\"@type\":\"Article\",\"@id\":\"https:\/\/epochtimestr.com\/index.php\/teoman-madranin-50-yillik-sanat-yolculugu#article\",\"isPartOf\":{\"@id\":\"https:\/\/epochtimestr.com\/index.php\/teoman-madranin-50-yillik-sanat-yolculugu\"},\"author\":{\"name\":\"Haber Merkezi\",\"@id\":\"https:\/\/epochtimestr.com\/#\/schema\/person\/3dc5c3adeb9f43923c5aa85889172fdd\"},\"headline\":\"Teoman Madra&#8217;n\u0131n 50 Y\u0131ll\u0131k Sanat Yolculu\u011fu\",\"datePublished\":\"2026-08-24T17:11:09+00:00\",\"dateModified\":\"2026-08-24T17:11:10+00:00\",\"mainEntityOfPage\":{\"@id\":\"https:\/\/epochtimestr.com\/index.php\/teoman-madranin-50-yillik-sanat-yolculugu\"},\"wordCount\":507,\"commentCount\":0,\"publisher\":{\"@id\":\"https:\/\/epochtimestr.com\/#organization\"},\"image\":{\"@id\":\"https:\/\/epochtimestr.com\/index.php\/teoman-madranin-50-yillik-sanat-yolculugu#primaryimage\"},\"thumbnailUrl\":\"https:\/\/epochtimestr.com\/wp-content\/uploads\/2011y\/madra_0.jpg\",\"keywords\":[\"SANAT\",\"Sel\u00e7uk Artut\",\"Teoman Madra\"],\"articleSection\":[\"Foto\u011fraf\",\"G\u00dcNDEM\",\"MAN\u015eET\",\"Ya\u015fam\"],\"inLanguage\":\"tr\",\"potentialAction\":[{\"@type\":\"CommentAction\",\"name\":\"Comment\",\"target\":[\"https:\/\/epochtimestr.com\/index.php\/teoman-madranin-50-yillik-sanat-yolculugu#respond\"]}]},{\"@type\":\"WebPage\",\"@id\":\"https:\/\/epochtimestr.com\/index.php\/teoman-madranin-50-yillik-sanat-yolculugu\",\"url\":\"https:\/\/epochtimestr.com\/index.php\/teoman-madranin-50-yillik-sanat-yolculugu\",\"name\":\"Teoman Madra'n\u0131n 50 Y\u0131ll\u0131k Sanat Yolculu\u011fu - The Epoch Times TR\",\"isPartOf\":{\"@id\":\"https:\/\/epochtimestr.com\/#website\"},\"primaryImageOfPage\":{\"@id\":\"https:\/\/epochtimestr.com\/index.php\/teoman-madranin-50-yillik-sanat-yolculugu#primaryimage\"},\"image\":{\"@id\":\"https:\/\/epochtimestr.com\/index.php\/teoman-madranin-50-yillik-sanat-yolculugu#primaryimage\"},\"thumbnailUrl\":\"https:\/\/epochtimestr.com\/wp-content\/uploads\/2011y\/madra_0.jpg\",\"datePublished\":\"2026-08-24T17:11:09+00:00\",\"dateModified\":\"2026-08-24T17:11:10+00:00\",\"description\":\"T\u00fcrkiye\u2019de deneysel foto\u011fraf, multimedya ve dijital sanat\u0131n \u00f6nc\u00fc isimlerinden Teoman Madra\u2019n\u0131n 50 y\u0131l\u0131 a\u015fan sanat ya\u015fam\u0131 kitapla\u015ft\u0131r\u0131ld\u0131.\",\"inLanguage\":\"tr\",\"potentialAction\":[{\"@type\":\"ReadAction\",\"target\":[\"https:\/\/epochtimestr.com\/index.php\/teoman-madranin-50-yillik-sanat-yolculugu\"]}]},{\"@type\":\"ImageObject\",\"inLanguage\":\"tr\",\"@id\":\"https:\/\/epochtimestr.com\/index.php\/teoman-madranin-50-yillik-sanat-yolculugu#primaryimage\",\"url\":\"https:\/\/epochtimestr.com\/wp-content\/uploads\/2011y\/madra_0.jpg\",\"contentUrl\":\"https:\/\/epochtimestr.com\/wp-content\/uploads\/2011y\/madra_0.jpg\",\"width\":636,\"height\":420},{\"@type\":\"WebSite\",\"@id\":\"https:\/\/epochtimestr.com\/#website\",\"url\":\"https:\/\/epochtimestr.com\/\",\"name\":\"The Epoch Times TR\",\"description\":\"De\u011fi\u015fen D\u00fcnyam\u0131za Taze Bir Bak\u0131\u015f\",\"publisher\":{\"@id\":\"https:\/\/epochtimestr.com\/#organization\"},\"potentialAction\":[{\"@type\":\"SearchAction\",\"target\":{\"@type\":\"EntryPoint\",\"urlTemplate\":\"https:\/\/epochtimestr.com\/?s={search_term_string}\"},\"query-input\":\"required name=search_term_string\"}],\"inLanguage\":\"tr\"},{\"@type\":\"Organization\",\"@id\":\"https:\/\/epochtimestr.com\/#organization\",\"name\":\"The EpochTimes T\u00fcrkiye\",\"url\":\"https:\/\/epochtimestr.com\/\",\"logo\":{\"@type\":\"ImageObject\",\"inLanguage\":\"tr\",\"@id\":\"https:\/\/epochtimestr.com\/#\/schema\/logo\/image\/\",\"url\":\"https:\/\/epochtimestr.com\/wp-content\/uploads\/2011y\/ET-Logo-YG.jpg\",\"contentUrl\":\"https:\/\/epochtimestr.com\/wp-content\/uploads\/2011y\/ET-Logo-YG.jpg\",\"width\":346,\"height\":29,\"caption\":\"The EpochTimes T\u00fcrkiye\"},\"image\":{\"@id\":\"https:\/\/epochtimestr.com\/#\/schema\/logo\/image\/\"},\"sameAs\":[\"https:\/\/www.facebook.com\/theepochtimestr\",\"https:\/\/x.com\/TheEpochTimesTR\",\"https:\/\/www.instagram.com\/epochtimestr\"]},{\"@type\":\"Person\",\"@id\":\"https:\/\/epochtimestr.com\/#\/schema\/person\/3dc5c3adeb9f43923c5aa85889172fdd\",\"name\":\"Haber Merkezi\",\"image\":{\"@type\":\"ImageObject\",\"inLanguage\":\"tr\",\"@id\":\"https:\/\/epochtimestr.com\/#\/schema\/person\/image\/\",\"url\":\"https:\/\/secure.gravatar.com\/avatar\/d73f772ba5a74f28601361e17c2f93e6?s=96&d=mm&r=g\",\"contentUrl\":\"https:\/\/secure.gravatar.com\/avatar\/d73f772ba5a74f28601361e17c2f93e6?s=96&d=mm&r=g\",\"caption\":\"Haber Merkezi\"},\"url\":\"https:\/\/epochtimestr.com\/index.php\/author\/sendag\"}]}<\/script>\n<!-- \/ Yoast SEO plugin. -->","yoast_head_json":{"title":"Teoman Madra'n\u0131n 50 Y\u0131ll\u0131k Sanat Yolculu\u011fu - The Epoch Times TR","description":"T\u00fcrkiye\u2019de deneysel foto\u011fraf, multimedya ve dijital sanat\u0131n \u00f6nc\u00fc isimlerinden Teoman Madra\u2019n\u0131n 50 y\u0131l\u0131 a\u015fan sanat ya\u015fam\u0131 kitapla\u015ft\u0131r\u0131ld\u0131.","robots":{"index":"index","follow":"follow","max-snippet":"max-snippet:-1","max-image-preview":"max-image-preview:large","max-video-preview":"max-video-preview:-1"},"canonical":"https:\/\/epochtimestr.com\/index.php\/teoman-madranin-50-yillik-sanat-yolculugu","og_locale":"tr_TR","og_type":"article","og_title":"Teoman Madra'n\u0131n 50 Y\u0131ll\u0131k Sanat Yolculu\u011fu - The Epoch Times TR","og_description":"T\u00fcrkiye\u2019de deneysel foto\u011fraf, multimedya ve dijital sanat\u0131n \u00f6nc\u00fc isimlerinden Teoman Madra\u2019n\u0131n 50 y\u0131l\u0131 a\u015fan sanat ya\u015fam\u0131 kitapla\u015ft\u0131r\u0131ld\u0131.","og_url":"https:\/\/epochtimestr.com\/index.php\/teoman-madranin-50-yillik-sanat-yolculugu","og_site_name":"The Epoch Times TR","article_publisher":"https:\/\/www.facebook.com\/theepochtimestr","article_published_time":"2026-08-24T17:11:09+00:00","article_modified_time":"2026-08-24T17:11:10+00:00","og_image":[{"width":636,"height":420,"url":"https:\/\/epochtimestr.com\/wp-content\/uploads\/2011y\/madra_0.jpg","type":"image\/jpeg"}],"author":"Haber Merkezi","twitter_card":"summary_large_image","twitter_creator":"@TheEpochTimesTR","twitter_site":"@TheEpochTimesTR","twitter_misc":{"Yazan:":"Haber Merkezi","Tahmini okuma s\u00fcresi":"4 dakika"},"schema":{"@context":"https:\/\/schema.org","@graph":[{"@type":"Article","@id":"https:\/\/epochtimestr.com\/index.php\/teoman-madranin-50-yillik-sanat-yolculugu#article","isPartOf":{"@id":"https:\/\/epochtimestr.com\/index.php\/teoman-madranin-50-yillik-sanat-yolculugu"},"author":{"name":"Haber Merkezi","@id":"https:\/\/epochtimestr.com\/#\/schema\/person\/3dc5c3adeb9f43923c5aa85889172fdd"},"headline":"Teoman Madra&#8217;n\u0131n 50 Y\u0131ll\u0131k Sanat Yolculu\u011fu","datePublished":"2026-08-24T17:11:09+00:00","dateModified":"2026-08-24T17:11:10+00:00","mainEntityOfPage":{"@id":"https:\/\/epochtimestr.com\/index.php\/teoman-madranin-50-yillik-sanat-yolculugu"},"wordCount":507,"commentCount":0,"publisher":{"@id":"https:\/\/epochtimestr.com\/#organization"},"image":{"@id":"https:\/\/epochtimestr.com\/index.php\/teoman-madranin-50-yillik-sanat-yolculugu#primaryimage"},"thumbnailUrl":"https:\/\/epochtimestr.com\/wp-content\/uploads\/2011y\/madra_0.jpg","keywords":["SANAT","Sel\u00e7uk Artut","Teoman Madra"],"articleSection":["Foto\u011fraf","G\u00dcNDEM","MAN\u015eET","Ya\u015fam"],"inLanguage":"tr","potentialAction":[{"@type":"CommentAction","name":"Comment","target":["https:\/\/epochtimestr.com\/index.php\/teoman-madranin-50-yillik-sanat-yolculugu#respond"]}]},{"@type":"WebPage","@id":"https:\/\/epochtimestr.com\/index.php\/teoman-madranin-50-yillik-sanat-yolculugu","url":"https:\/\/epochtimestr.com\/index.php\/teoman-madranin-50-yillik-sanat-yolculugu","name":"Teoman Madra'n\u0131n 50 Y\u0131ll\u0131k Sanat Yolculu\u011fu - The Epoch Times TR","isPartOf":{"@id":"https:\/\/epochtimestr.com\/#website"},"primaryImageOfPage":{"@id":"https:\/\/epochtimestr.com\/index.php\/teoman-madranin-50-yillik-sanat-yolculugu#primaryimage"},"image":{"@id":"https:\/\/epochtimestr.com\/index.php\/teoman-madranin-50-yillik-sanat-yolculugu#primaryimage"},"thumbnailUrl":"https:\/\/epochtimestr.com\/wp-content\/uploads\/2011y\/madra_0.jpg","datePublished":"2026-08-24T17:11:09+00:00","dateModified":"2026-08-24T17:11:10+00:00","description":"T\u00fcrkiye\u2019de deneysel foto\u011fraf, multimedya ve dijital sanat\u0131n \u00f6nc\u00fc isimlerinden Teoman Madra\u2019n\u0131n 50 y\u0131l\u0131 a\u015fan sanat ya\u015fam\u0131 kitapla\u015ft\u0131r\u0131ld\u0131.","inLanguage":"tr","potentialAction":[{"@type":"ReadAction","target":["https:\/\/epochtimestr.com\/index.php\/teoman-madranin-50-yillik-sanat-yolculugu"]}]},{"@type":"ImageObject","inLanguage":"tr","@id":"https:\/\/epochtimestr.com\/index.php\/teoman-madranin-50-yillik-sanat-yolculugu#primaryimage","url":"https:\/\/epochtimestr.com\/wp-content\/uploads\/2011y\/madra_0.jpg","contentUrl":"https:\/\/epochtimestr.com\/wp-content\/uploads\/2011y\/madra_0.jpg","width":636,"height":420},{"@type":"WebSite","@id":"https:\/\/epochtimestr.com\/#website","url":"https:\/\/epochtimestr.com\/","name":"The Epoch Times TR","description":"De\u011fi\u015fen D\u00fcnyam\u0131za Taze Bir Bak\u0131\u015f","publisher":{"@id":"https:\/\/epochtimestr.com\/#organization"},"potentialAction":[{"@type":"SearchAction","target":{"@type":"EntryPoint","urlTemplate":"https:\/\/epochtimestr.com\/?s={search_term_string}"},"query-input":"required name=search_term_string"}],"inLanguage":"tr"},{"@type":"Organization","@id":"https:\/\/epochtimestr.com\/#organization","name":"The EpochTimes T\u00fcrkiye","url":"https:\/\/epochtimestr.com\/","logo":{"@type":"ImageObject","inLanguage":"tr","@id":"https:\/\/epochtimestr.com\/#\/schema\/logo\/image\/","url":"https:\/\/epochtimestr.com\/wp-content\/uploads\/2011y\/ET-Logo-YG.jpg","contentUrl":"https:\/\/epochtimestr.com\/wp-content\/uploads\/2011y\/ET-Logo-YG.jpg","width":346,"height":29,"caption":"The EpochTimes T\u00fcrkiye"},"image":{"@id":"https:\/\/epochtimestr.com\/#\/schema\/logo\/image\/"},"sameAs":["https:\/\/www.facebook.com\/theepochtimestr","https:\/\/x.com\/TheEpochTimesTR","https:\/\/www.instagram.com\/epochtimestr"]},{"@type":"Person","@id":"https:\/\/epochtimestr.com\/#\/schema\/person\/3dc5c3adeb9f43923c5aa85889172fdd","name":"Haber Merkezi","image":{"@type":"ImageObject","inLanguage":"tr","@id":"https:\/\/epochtimestr.com\/#\/schema\/person\/image\/","url":"https:\/\/secure.gravatar.com\/avatar\/d73f772ba5a74f28601361e17c2f93e6?s=96&d=mm&r=g","contentUrl":"https:\/\/secure.gravatar.com\/avatar\/d73f772ba5a74f28601361e17c2f93e6?s=96&d=mm&r=g","caption":"Haber Merkezi"},"url":"https:\/\/epochtimestr.com\/index.php\/author\/sendag"}]}},"_links":{"self":[{"href":"https:\/\/epochtimestr.com\/index.php\/wp-json\/wp\/v2\/posts\/170883"}],"collection":[{"href":"https:\/\/epochtimestr.com\/index.php\/wp-json\/wp\/v2\/posts"}],"about":[{"href":"https:\/\/epochtimestr.com\/index.php\/wp-json\/wp\/v2\/types\/post"}],"author":[{"embeddable":true,"href":"https:\/\/epochtimestr.com\/index.php\/wp-json\/wp\/v2\/users\/12791"}],"replies":[{"embeddable":true,"href":"https:\/\/epochtimestr.com\/index.php\/wp-json\/wp\/v2\/comments?post=170883"}],"version-history":[{"count":2,"href":"https:\/\/epochtimestr.com\/index.php\/wp-json\/wp\/v2\/posts\/170883\/revisions"}],"predecessor-version":[{"id":170914,"href":"https:\/\/epochtimestr.com\/index.php\/wp-json\/wp\/v2\/posts\/170883\/revisions\/170914"}],"wp:featuredmedia":[{"embeddable":true,"href":"https:\/\/epochtimestr.com\/index.php\/wp-json\/wp\/v2\/media\/170884"}],"wp:attachment":[{"href":"https:\/\/epochtimestr.com\/index.php\/wp-json\/wp\/v2\/media?parent=170883"}],"wp:term":[{"taxonomy":"category","embeddable":true,"href":"https:\/\/epochtimestr.com\/index.php\/wp-json\/wp\/v2\/categories?post=170883"},{"taxonomy":"post_tag","embeddable":true,"href":"https:\/\/epochtimestr.com\/index.php\/wp-json\/wp\/v2\/tags?post=170883"}],"curies":[{"name":"wp","href":"https:\/\/api.w.org\/{rel}","templated":true}]}}