{"id":170923,"date":"2026-08-24T23:11:04","date_gmt":"2026-08-24T20:11:04","guid":{"rendered":"https:\/\/epochtimestr.com\/?p=170923"},"modified":"2026-08-24T23:11:09","modified_gmt":"2026-08-24T20:11:09","slug":"polis-mudahalesi-sonrasi-iyi-partili-turkoglu-hastaneye-kaldirildi","status":"publish","type":"post","link":"https:\/\/epochtimestr.com\/index.php\/polis-mudahalesi-sonrasi-iyi-partili-turkoglu-hastaneye-kaldirildi","title":{"rendered":"Polis M\u00fcdahalesi Sonras\u0131 \u0130Y\u0130 Partili T\u00fcrko\u011flu Hastaneye Kald\u0131r\u0131ld\u0131"},"content":{"rendered":"<div class=\"wp-block-image\">\n<figure class=\"aligncenter size-full is-resized\"><img loading=\"lazy\" decoding=\"async\" width=\"640\" height=\"360\" src=\"https:\/\/epochtimestr.com\/wp-content\/uploads\/2011y\/turkoglu.webp\" alt=\"Polis m\u00fcdahalesi sonras\u0131 \u0130Y\u0130 Partili T\u00fcrko\u011flu hastaneye kald\u0131r\u0131ld\u0131. (Foto\u011fraf: \u0130Y\u0130 Parti x hesab\u0131)\" class=\"wp-image-170926\" style=\"width:647px;height:auto\" srcset=\"https:\/\/epochtimestr.com\/wp-content\/uploads\/2011y\/turkoglu.webp 640w, https:\/\/epochtimestr.com\/wp-content\/uploads\/2011y\/turkoglu-300x169.webp 300w, https:\/\/epochtimestr.com\/wp-content\/uploads\/2011y\/turkoglu-150x84.webp 150w\" sizes=\"(max-width: 640px) 100vw, 640px\" \/><figcaption class=\"wp-element-caption\">Polis m\u00fcdahalesi sonras\u0131 \u0130Y\u0130 Partili T\u00fcrko\u011flu hastaneye kald\u0131r\u0131ld\u0131. (Foto\u011fraf: \u0130Y\u0130 Parti x hesab\u0131)<\/figcaption><\/figure><\/div>\n\n\n<h2 class=\"wp-block-heading\">\u0130Y\u0130 Parti Bursa Milletvekili Sel\u00e7uk T\u00fcrko\u011flu, gazilere destek i\u00e7in bulundu\u011fu Kurtulu\u015f Park\u0131\u2019nda polis m\u00fcdahalesi s\u0131ras\u0131nda fenala\u015farak yere d\u00fc\u015ft\u00fc.<\/h2>\n\n\n\n<p>43 g\u00fcnd\u00fcr G\u00fcvenpark\u2019ta s\u00fcren oturma eylemine polis m\u00fcdahale etti. O s\u0131rada <a href=\"https:\/\/epochtimestr.com\/index.php\/tbf-baskani-turkoglunun-instagram-hesabi-ele-gecirildi\" target=\"_blank\" rel=\"noreferrer noopener\">T\u00fcrko\u011flu <\/a>fenala\u015ft\u0131 ve ambulansla hastaneye kald\u0131r\u0131ld\u0131.<\/p>\n\n\n\n<p>\u0130Y\u0130 Parti Bursa Milletvekili Sel\u00e7uk T\u00fcrko\u011flu, er \u015fehit yak\u0131nlar\u0131 ve er gazilere destek vermek i\u00e7in geldi\u011fi Kurtulu\u015f Park\u0131&#8217;nda <a href=\"https:\/\/epochtimestr.com\/index.php\/ankarada-sehit-ve-gazilerin-eylemine-polis-mudahalesi\" target=\"_blank\" rel=\"noreferrer noopener\">polis <\/a>m\u00fcdahalesi s\u0131ras\u0131nda \u00f6nce yere d\u00fc\u015ft\u00fc, ard\u0131ndan fenala\u015ft\u0131.<\/p>\n\n\n\n<p>T\u00fcrko\u011flu\u2019nun hastanede tedavi alt\u0131na al\u0131nd\u0131\u011f\u0131, bilincinin a\u00e7\u0131k oldu\u011fu ve tetkiklerinin s\u00fcrd\u00fc\u011f\u00fc bildirildi.<br \/>\u0130Y\u0130 Parti Medya ve Tan\u0131t\u0131mdan Sorumlu Genel Ba\u015fkan Yard\u0131mc\u0131s\u0131 H\u00fcseyin Ra\u015fit Y\u0131lmaz da payla\u015f\u0131m\u0131nda<\/p>\n\n\n\n<p>\u201cGenel Ba\u015fkan Yard\u0131mc\u0131m\u0131z, Bursa Milletvekilimiz Sel\u00e7uk T\u00fcrko\u011flu, Kurtulu\u015f Park\u0131\u2019nda hakk\u0131n\u0131 arayan gazilerimize destek olmak i\u00e7in bulundu\u011fu s\u0131rada orant\u0131s\u0131z bir m\u00fcdahaleyle yaralanm\u0131\u015ft\u0131r. An itibar\u0131yla Hacettepe Acil\u2019de tedavisi s\u00fcrmektedir. \u00d6z yurdumuzda garip, \u00f6z vatan\u0131m\u0131zda parya olmayaca\u011f\u0131z!\u201d \u0130fadelerini kulland\u0131.<\/p>\n\n\n\n<figure class=\"wp-block-embed is-type-rich is-provider-x wp-block-embed-x\"><div class=\"wp-block-embed__wrapper\">\n<blockquote class=\"twitter-tweet\" data-width=\"550\" data-dnt=\"true\"><p lang=\"tr\" dir=\"ltr\">Genel Ba\u015fkan Yard\u0131mc\u0131m\u0131z, Bursa Milletvekilimiz Sel\u00e7uk T\u00fcrko\u011flu, Kurtulu\u015f Park\u0131\u2019nda hakk\u0131n\u0131 arayan gazilerimize destek olmak i\u00e7in bulundu\u011fu s\u0131rada orant\u0131s\u0131z bir m\u00fcdahaleyle yaralanm\u0131\u015ft\u0131r. An itibar\u0131yla Hacettepe Acil\u2019de tedavisi s\u00fcrmektedir.<br><br>\u00d6z yurdumuzda garip, \u00f6z vatan\u0131m\u0131zda\u2026 <a href=\"https:\/\/t.co\/dbFwD2xx5H\">pic.twitter.com\/dbFwD2xx5H<\/a><\/p>&mdash; H\u00fcseyin Ra\u015fit Y\u0131lmaz (@HuseyinRasit) <a href=\"https:\/\/x.com\/HuseyinRasit\/status\/2091895287451209909?ref_src=twsrc%5Etfw\">August 24, 2026<\/a><\/blockquote><script async src=\"https:\/\/platform.x.com\/widgets.js\" charset=\"utf-8\"><\/script>\n<\/div><\/figure>\n\n\n\n<p>\u00d6te yandan \u0130Y\u0130 Parti Grup Ba\u015fkanvekili ve Bal\u0131kesir Milletvekili Turhan \u00c7\u00f6mez ise T\u00fcrko\u011flu\u2019nun kalp spazm\u0131 ge\u00e7irdi\u011fini bildirdi.<\/p>\n\n\n\n<figure class=\"wp-block-embed is-type-rich is-provider-x wp-block-embed-x\"><div class=\"wp-block-embed__wrapper\">\n<blockquote class=\"twitter-tweet\" data-width=\"550\" data-dnt=\"true\"><p lang=\"tr\" dir=\"ltr\">\ud83c\uddf9\ud83c\uddf7Kurtulu\u015f Park\u0131&#39;ndaki gazilerimize destek olmaya giden Genel Ba\u015fkan Yard\u0131mc\u0131m\u0131z, Bursa Milletvekilimiz Say\u0131n Sel\u00e7uk T\u00fcrko\u011flu\u2019nun <a href=\"https:\/\/x.com\/YS_Turkoglu?ref_src=twsrc%5Etfw\">@YS_Turkoglu<\/a> dan\u0131\u015fman\u0131 alandaki emniyet g\u00f6revlileri taraf\u0131ndan darp edilmi\u015ftir.<br><br>\u2796Dan\u0131\u015fman\u0131yla birlikte darp edilen Milletvekilimiz Say\u0131n T\u00fcrko\u011flu\u2026 <a href=\"https:\/\/t.co\/Yom4on3Mw3\">pic.twitter.com\/Yom4on3Mw3<\/a><\/p>&mdash; Turhan \u00c7\u00f6mez (@ComezTurhan) <a href=\"https:\/\/x.com\/ComezTurhan\/status\/2091900704650674248?ref_src=twsrc%5Etfw\">August 24, 2026<\/a><\/blockquote><script async src=\"https:\/\/platform.x.com\/widgets.js\" charset=\"utf-8\"><\/script>\n<\/div><\/figure>\n\n\n\n<p><strong>\u00c7\u00f6mez \u015funlar\u0131 s\u00f6yledi:<\/strong><\/p>\n\n\n\n<p>\u201cKurtulu\u015f Park\u0131&#8217;ndaki gazilerimize destek olmaya giden Genel Ba\u015fkan Yard\u0131mc\u0131m\u0131z, Bursa Milletvekilimiz Say\u0131n Sel\u00e7uk T\u00fcrko\u011flu\u2019nun dan\u0131\u015fman\u0131 alandaki emniyet g\u00f6revlileri taraf\u0131ndan darp edilmi\u015ftir.<br \/>Dan\u0131\u015fman\u0131yla birlikte darp edilen Milletvekilimiz Say\u0131n T\u00fcrko\u011flu yere d\u00fc\u015fm\u00fc\u015f, yerde s\u00fcr\u00fcklenmi\u015f, bu esnada bir kalp spazm\u0131 ge\u00e7irmi\u015ftir.<\/p>\n\n\n\n<p>Kafas\u0131na ald\u0131\u011f\u0131 darbeler sebebiyle y\u00fcr\u00fcyemeyen Say\u0131n T\u00fcrko\u011flu, ambulansla Hacettepe \u00dcniversitesi T\u0131p Fak\u00fcltesi acil servisine g\u00f6t\u00fcr\u00fclm\u00fc\u015ft\u00fcr. Halen acil serviste gerekli t\u0131bbi m\u00fcdahaleler s\u00fcrmektedir.<br \/>Siz kendinizi ne zannediyorsunuz? Ali k\u0131ran ba\u015f kesen misiniz? Yetmedi mi zulm\u00fcn\u00fcz, eziyetiniz? \u0130\u00e7i\u015fleri Bakan\u0131&#8217;ndan ve Meclis Ba\u015fkan\u0131&#8217;ndan acil a\u00e7\u0131klama bekliyoruz! Yeter Art\u0131k!\u201d<\/p>\n\n\n\n<figure class=\"wp-block-embed is-type-rich is-provider-x wp-block-embed-x\"><div class=\"wp-block-embed__wrapper\">\n<blockquote class=\"twitter-tweet\" data-width=\"550\" data-dnt=\"true\"><p lang=\"tr\" dir=\"ltr\">Gazilerin eylemlerinin ilk g\u00fcn\u00fcnden beri provokatif m\u00fcdahalelerde bulunan bu \u201camir\u201d kime hizmet etmektedir? <br><br>Milletin vekiline sad\u0131ran ve hayati riske sebep olan bu ki\u015fi hakk\u0131nda ne i\u015flem yapacaks\u0131n\u0131z? <br><br>Milletin vekilinin arkas\u0131nda vekili oldu\u011fu as\u0131l ve asil T\u00fcrk Milleti var.\u2026 <a href=\"https:\/\/t.co\/acNnQ74bTE\">pic.twitter.com\/acNnQ74bTE<\/a><\/p>&mdash; \u0130Y\u0130 Parti (@iyiparti) <a href=\"https:\/\/x.com\/iyiparti\/status\/2091945022409056498?ref_src=twsrc%5Etfw\">August 24, 2026<\/a><\/blockquote><script async src=\"https:\/\/platform.x.com\/widgets.js\" charset=\"utf-8\"><\/script>\n<\/div><\/figure>\n","protected":false},"excerpt":{"rendered":"<p>\u0130Y\u0130 Parti Bursa Milletvekili Sel\u00e7uk T\u00fcrko\u011flu, gazilere destek i\u00e7in bulundu\u011fu Kurtulu\u015f Park\u0131\u2019nda polis m\u00fcdahalesi s\u0131ras\u0131nda fenala\u015farak yere d\u00fc\u015ft\u00fc. 43 g\u00fcnd\u00fcr G\u00fcvenpark\u2019ta s\u00fcren oturma eylemine polis m\u00fcdahale etti. O s\u0131rada T\u00fcrko\u011flu fenala\u015ft\u0131 ve ambulansla hastaneye kald\u0131r\u0131ld\u0131. \u0130Y\u0130 Parti Bursa Milletvekili Sel\u00e7uk T\u00fcrko\u011flu, er \u015fehit yak\u0131nlar\u0131 ve er gazilere destek vermek i\u00e7in geldi\u011fi Kurtulu\u015f Park\u0131&#8217;nda polis m\u00fcdahalesi [&hellip;]<\/p>\n","protected":false},"author":12791,"featured_media":170926,"comment_status":"open","ping_status":"open","sticky":false,"template":"","format":"standard","meta":{"_yoast_wpseo_focuskw":"polis - T\u00fcrko\u011flu","_yoast_wpseo_title":"","_yoast_wpseo_metadesc":"\u0130Y\u0130 Parti Milletvekili Sel\u00e7uk T\u00fcrko\u011flu, gazilere destek i\u00e7in bulundu\u011fu Kurtulu\u015f Park\u0131\u2019nda polis m\u00fcdahalesi s\u0131ras\u0131nda fenala\u015farak yere d\u00fc\u015ft\u00fc.","_bbp_topic_count":0,"_bbp_reply_count":0,"_bbp_total_topic_count":0,"_bbp_total_reply_count":0,"_bbp_voice_count":0,"_bbp_anonymous_reply_count":0,"_bbp_topic_count_hidden":0,"_bbp_reply_count_hidden":0,"_bbp_forum_subforum_count":0,"footnotes":"","_yoast_wpseo_focuskw_text_input":""},"categories":[1,8138,8226],"tags":[12431,8494,12319,12429],"yoast_head":"<!-- This site is optimized with the Yoast SEO plugin v23.0 - https:\/\/yoast.com\/wordpress\/plugins\/seo\/ -->\n<title>Polis M\u00fcdahalesi Sonras\u0131 \u0130Y\u0130 Partili T\u00fcrko\u011flu Hastaneye Kald\u0131r\u0131ld\u0131 - The Epoch Times TR<\/title>\n<meta name=\"description\" content=\"\u0130Y\u0130 Parti Milletvekili Sel\u00e7uk T\u00fcrko\u011flu, gazilere destek i\u00e7in bulundu\u011fu Kurtulu\u015f Park\u0131\u2019nda polis m\u00fcdahalesi s\u0131ras\u0131nda fenala\u015farak yere d\u00fc\u015ft\u00fc.\" \/>\n<meta name=\"robots\" content=\"index, follow, max-snippet:-1, max-image-preview:large, max-video-preview:-1\" \/>\n<link rel=\"canonical\" href=\"https:\/\/epochtimestr.com\/index.php\/polis-mudahalesi-sonrasi-iyi-partili-turkoglu-hastaneye-kaldirildi\" \/>\n<meta property=\"og:locale\" content=\"tr_TR\" \/>\n<meta property=\"og:type\" content=\"article\" \/>\n<meta property=\"og:title\" content=\"Polis M\u00fcdahalesi Sonras\u0131 \u0130Y\u0130 Partili T\u00fcrko\u011flu Hastaneye Kald\u0131r\u0131ld\u0131 - The Epoch Times TR\" \/>\n<meta property=\"og:description\" content=\"\u0130Y\u0130 Parti Milletvekili Sel\u00e7uk T\u00fcrko\u011flu, gazilere destek i\u00e7in bulundu\u011fu Kurtulu\u015f Park\u0131\u2019nda polis m\u00fcdahalesi s\u0131ras\u0131nda fenala\u015farak yere d\u00fc\u015ft\u00fc.\" \/>\n<meta property=\"og:url\" content=\"https:\/\/epochtimestr.com\/index.php\/polis-mudahalesi-sonrasi-iyi-partili-turkoglu-hastaneye-kaldirildi\" \/>\n<meta property=\"og:site_name\" content=\"The Epoch Times TR\" \/>\n<meta property=\"article:publisher\" content=\"https:\/\/www.facebook.com\/theepochtimestr\" \/>\n<meta property=\"article:published_time\" content=\"2026-08-24T20:11:04+00:00\" \/>\n<meta property=\"article:modified_time\" content=\"2026-08-24T20:11:09+00:00\" \/>\n<meta property=\"og:image\" content=\"https:\/\/epochtimestr.com\/wp-content\/uploads\/2011y\/turkoglu.webp\" \/>\n\t<meta property=\"og:image:width\" content=\"640\" \/>\n\t<meta property=\"og:image:height\" content=\"360\" \/>\n\t<meta property=\"og:image:type\" content=\"image\/webp\" \/>\n<meta name=\"author\" content=\"Haber Merkezi\" \/>\n<meta name=\"twitter:card\" content=\"summary_large_image\" \/>\n<meta name=\"twitter:creator\" content=\"@TheEpochTimesTR\" \/>\n<meta name=\"twitter:site\" content=\"@TheEpochTimesTR\" \/>\n<meta name=\"twitter:label1\" content=\"Yazan:\" \/>\n\t<meta name=\"twitter:data1\" content=\"Haber Merkezi\" \/>\n\t<meta name=\"twitter:label2\" content=\"Tahmini okuma s\u00fcresi\" \/>\n\t<meta name=\"twitter:data2\" content=\"2 dakika\" \/>\n<script type=\"application\/ld+json\" class=\"yoast-schema-graph\">{\"@context\":\"https:\/\/schema.org\",\"@graph\":[{\"@type\":\"Article\",\"@id\":\"https:\/\/epochtimestr.com\/index.php\/polis-mudahalesi-sonrasi-iyi-partili-turkoglu-hastaneye-kaldirildi#article\",\"isPartOf\":{\"@id\":\"https:\/\/epochtimestr.com\/index.php\/polis-mudahalesi-sonrasi-iyi-partili-turkoglu-hastaneye-kaldirildi\"},\"author\":{\"name\":\"Haber Merkezi\",\"@id\":\"https:\/\/epochtimestr.com\/#\/schema\/person\/3dc5c3adeb9f43923c5aa85889172fdd\"},\"headline\":\"Polis M\u00fcdahalesi Sonras\u0131 \u0130Y\u0130 Partili T\u00fcrko\u011flu Hastaneye Kald\u0131r\u0131ld\u0131\",\"datePublished\":\"2026-08-24T20:11:04+00:00\",\"dateModified\":\"2026-08-24T20:11:09+00:00\",\"mainEntityOfPage\":{\"@id\":\"https:\/\/epochtimestr.com\/index.php\/polis-mudahalesi-sonrasi-iyi-partili-turkoglu-hastaneye-kaldirildi\"},\"wordCount\":406,\"commentCount\":0,\"publisher\":{\"@id\":\"https:\/\/epochtimestr.com\/#organization\"},\"image\":{\"@id\":\"https:\/\/epochtimestr.com\/index.php\/polis-mudahalesi-sonrasi-iyi-partili-turkoglu-hastaneye-kaldirildi#primaryimage\"},\"thumbnailUrl\":\"https:\/\/epochtimestr.com\/wp-content\/uploads\/2011y\/turkoglu.webp\",\"keywords\":[\"er \u015fehit yak\u0131nlar\u0131 ve er gaziler\",\"\u0130Y\u0130 Parti\",\"polis m\u00fcdahalesi\",\"Sel\u00e7uk T\u00fcrko\u011flu\"],\"articleSection\":[\"G\u00dcNDEM\",\"MAN\u015eET\",\"Siyaset\"],\"inLanguage\":\"tr\",\"potentialAction\":[{\"@type\":\"CommentAction\",\"name\":\"Comment\",\"target\":[\"https:\/\/epochtimestr.com\/index.php\/polis-mudahalesi-sonrasi-iyi-partili-turkoglu-hastaneye-kaldirildi#respond\"]}]},{\"@type\":\"WebPage\",\"@id\":\"https:\/\/epochtimestr.com\/index.php\/polis-mudahalesi-sonrasi-iyi-partili-turkoglu-hastaneye-kaldirildi\",\"url\":\"https:\/\/epochtimestr.com\/index.php\/polis-mudahalesi-sonrasi-iyi-partili-turkoglu-hastaneye-kaldirildi\",\"name\":\"Polis M\u00fcdahalesi Sonras\u0131 \u0130Y\u0130 Partili T\u00fcrko\u011flu Hastaneye Kald\u0131r\u0131ld\u0131 - The Epoch Times TR\",\"isPartOf\":{\"@id\":\"https:\/\/epochtimestr.com\/#website\"},\"primaryImageOfPage\":{\"@id\":\"https:\/\/epochtimestr.com\/index.php\/polis-mudahalesi-sonrasi-iyi-partili-turkoglu-hastaneye-kaldirildi#primaryimage\"},\"image\":{\"@id\":\"https:\/\/epochtimestr.com\/index.php\/polis-mudahalesi-sonrasi-iyi-partili-turkoglu-hastaneye-kaldirildi#primaryimage\"},\"thumbnailUrl\":\"https:\/\/epochtimestr.com\/wp-content\/uploads\/2011y\/turkoglu.webp\",\"datePublished\":\"2026-08-24T20:11:04+00:00\",\"dateModified\":\"2026-08-24T20:11:09+00:00\",\"description\":\"\u0130Y\u0130 Parti Milletvekili Sel\u00e7uk T\u00fcrko\u011flu, gazilere destek i\u00e7in bulundu\u011fu Kurtulu\u015f Park\u0131\u2019nda polis m\u00fcdahalesi s\u0131ras\u0131nda fenala\u015farak yere d\u00fc\u015ft\u00fc.\",\"inLanguage\":\"tr\",\"potentialAction\":[{\"@type\":\"ReadAction\",\"target\":[\"https:\/\/epochtimestr.com\/index.php\/polis-mudahalesi-sonrasi-iyi-partili-turkoglu-hastaneye-kaldirildi\"]}]},{\"@type\":\"ImageObject\",\"inLanguage\":\"tr\",\"@id\":\"https:\/\/epochtimestr.com\/index.php\/polis-mudahalesi-sonrasi-iyi-partili-turkoglu-hastaneye-kaldirildi#primaryimage\",\"url\":\"https:\/\/epochtimestr.com\/wp-content\/uploads\/2011y\/turkoglu.webp\",\"contentUrl\":\"https:\/\/epochtimestr.com\/wp-content\/uploads\/2011y\/turkoglu.webp\",\"width\":640,\"height\":360},{\"@type\":\"WebSite\",\"@id\":\"https:\/\/epochtimestr.com\/#website\",\"url\":\"https:\/\/epochtimestr.com\/\",\"name\":\"The Epoch Times TR\",\"description\":\"De\u011fi\u015fen D\u00fcnyam\u0131za Taze Bir Bak\u0131\u015f\",\"publisher\":{\"@id\":\"https:\/\/epochtimestr.com\/#organization\"},\"potentialAction\":[{\"@type\":\"SearchAction\",\"target\":{\"@type\":\"EntryPoint\",\"urlTemplate\":\"https:\/\/epochtimestr.com\/?s={search_term_string}\"},\"query-input\":\"required name=search_term_string\"}],\"inLanguage\":\"tr\"},{\"@type\":\"Organization\",\"@id\":\"https:\/\/epochtimestr.com\/#organization\",\"name\":\"The EpochTimes T\u00fcrkiye\",\"url\":\"https:\/\/epochtimestr.com\/\",\"logo\":{\"@type\":\"ImageObject\",\"inLanguage\":\"tr\",\"@id\":\"https:\/\/epochtimestr.com\/#\/schema\/logo\/image\/\",\"url\":\"https:\/\/epochtimestr.com\/wp-content\/uploads\/2011y\/ET-Logo-YG.jpg\",\"contentUrl\":\"https:\/\/epochtimestr.com\/wp-content\/uploads\/2011y\/ET-Logo-YG.jpg\",\"width\":346,\"height\":29,\"caption\":\"The EpochTimes T\u00fcrkiye\"},\"image\":{\"@id\":\"https:\/\/epochtimestr.com\/#\/schema\/logo\/image\/\"},\"sameAs\":[\"https:\/\/www.facebook.com\/theepochtimestr\",\"https:\/\/x.com\/TheEpochTimesTR\",\"https:\/\/www.instagram.com\/epochtimestr\"]},{\"@type\":\"Person\",\"@id\":\"https:\/\/epochtimestr.com\/#\/schema\/person\/3dc5c3adeb9f43923c5aa85889172fdd\",\"name\":\"Haber Merkezi\",\"image\":{\"@type\":\"ImageObject\",\"inLanguage\":\"tr\",\"@id\":\"https:\/\/epochtimestr.com\/#\/schema\/person\/image\/\",\"url\":\"https:\/\/secure.gravatar.com\/avatar\/d73f772ba5a74f28601361e17c2f93e6?s=96&d=mm&r=g\",\"contentUrl\":\"https:\/\/secure.gravatar.com\/avatar\/d73f772ba5a74f28601361e17c2f93e6?s=96&d=mm&r=g\",\"caption\":\"Haber Merkezi\"},\"url\":\"https:\/\/epochtimestr.com\/index.php\/author\/sendag\"}]}<\/script>\n<!-- \/ Yoast SEO plugin. -->","yoast_head_json":{"title":"Polis M\u00fcdahalesi Sonras\u0131 \u0130Y\u0130 Partili T\u00fcrko\u011flu Hastaneye Kald\u0131r\u0131ld\u0131 - The Epoch Times TR","description":"\u0130Y\u0130 Parti Milletvekili Sel\u00e7uk T\u00fcrko\u011flu, gazilere destek i\u00e7in bulundu\u011fu Kurtulu\u015f Park\u0131\u2019nda polis m\u00fcdahalesi s\u0131ras\u0131nda fenala\u015farak yere d\u00fc\u015ft\u00fc.","robots":{"index":"index","follow":"follow","max-snippet":"max-snippet:-1","max-image-preview":"max-image-preview:large","max-video-preview":"max-video-preview:-1"},"canonical":"https:\/\/epochtimestr.com\/index.php\/polis-mudahalesi-sonrasi-iyi-partili-turkoglu-hastaneye-kaldirildi","og_locale":"tr_TR","og_type":"article","og_title":"Polis M\u00fcdahalesi Sonras\u0131 \u0130Y\u0130 Partili T\u00fcrko\u011flu Hastaneye Kald\u0131r\u0131ld\u0131 - The Epoch Times TR","og_description":"\u0130Y\u0130 Parti Milletvekili Sel\u00e7uk T\u00fcrko\u011flu, gazilere destek i\u00e7in bulundu\u011fu Kurtulu\u015f Park\u0131\u2019nda polis m\u00fcdahalesi s\u0131ras\u0131nda fenala\u015farak yere d\u00fc\u015ft\u00fc.","og_url":"https:\/\/epochtimestr.com\/index.php\/polis-mudahalesi-sonrasi-iyi-partili-turkoglu-hastaneye-kaldirildi","og_site_name":"The Epoch Times TR","article_publisher":"https:\/\/www.facebook.com\/theepochtimestr","article_published_time":"2026-08-24T20:11:04+00:00","article_modified_time":"2026-08-24T20:11:09+00:00","og_image":[{"width":640,"height":360,"url":"https:\/\/epochtimestr.com\/wp-content\/uploads\/2011y\/turkoglu.webp","type":"image\/webp"}],"author":"Haber Merkezi","twitter_card":"summary_large_image","twitter_creator":"@TheEpochTimesTR","twitter_site":"@TheEpochTimesTR","twitter_misc":{"Yazan:":"Haber Merkezi","Tahmini okuma s\u00fcresi":"2 dakika"},"schema":{"@context":"https:\/\/schema.org","@graph":[{"@type":"Article","@id":"https:\/\/epochtimestr.com\/index.php\/polis-mudahalesi-sonrasi-iyi-partili-turkoglu-hastaneye-kaldirildi#article","isPartOf":{"@id":"https:\/\/epochtimestr.com\/index.php\/polis-mudahalesi-sonrasi-iyi-partili-turkoglu-hastaneye-kaldirildi"},"author":{"name":"Haber Merkezi","@id":"https:\/\/epochtimestr.com\/#\/schema\/person\/3dc5c3adeb9f43923c5aa85889172fdd"},"headline":"Polis M\u00fcdahalesi Sonras\u0131 \u0130Y\u0130 Partili T\u00fcrko\u011flu Hastaneye Kald\u0131r\u0131ld\u0131","datePublished":"2026-08-24T20:11:04+00:00","dateModified":"2026-08-24T20:11:09+00:00","mainEntityOfPage":{"@id":"https:\/\/epochtimestr.com\/index.php\/polis-mudahalesi-sonrasi-iyi-partili-turkoglu-hastaneye-kaldirildi"},"wordCount":406,"commentCount":0,"publisher":{"@id":"https:\/\/epochtimestr.com\/#organization"},"image":{"@id":"https:\/\/epochtimestr.com\/index.php\/polis-mudahalesi-sonrasi-iyi-partili-turkoglu-hastaneye-kaldirildi#primaryimage"},"thumbnailUrl":"https:\/\/epochtimestr.com\/wp-content\/uploads\/2011y\/turkoglu.webp","keywords":["er \u015fehit yak\u0131nlar\u0131 ve er gaziler","\u0130Y\u0130 Parti","polis m\u00fcdahalesi","Sel\u00e7uk T\u00fcrko\u011flu"],"articleSection":["G\u00dcNDEM","MAN\u015eET","Siyaset"],"inLanguage":"tr","potentialAction":[{"@type":"CommentAction","name":"Comment","target":["https:\/\/epochtimestr.com\/index.php\/polis-mudahalesi-sonrasi-iyi-partili-turkoglu-hastaneye-kaldirildi#respond"]}]},{"@type":"WebPage","@id":"https:\/\/epochtimestr.com\/index.php\/polis-mudahalesi-sonrasi-iyi-partili-turkoglu-hastaneye-kaldirildi","url":"https:\/\/epochtimestr.com\/index.php\/polis-mudahalesi-sonrasi-iyi-partili-turkoglu-hastaneye-kaldirildi","name":"Polis M\u00fcdahalesi Sonras\u0131 \u0130Y\u0130 Partili T\u00fcrko\u011flu Hastaneye Kald\u0131r\u0131ld\u0131 - The Epoch Times TR","isPartOf":{"@id":"https:\/\/epochtimestr.com\/#website"},"primaryImageOfPage":{"@id":"https:\/\/epochtimestr.com\/index.php\/polis-mudahalesi-sonrasi-iyi-partili-turkoglu-hastaneye-kaldirildi#primaryimage"},"image":{"@id":"https:\/\/epochtimestr.com\/index.php\/polis-mudahalesi-sonrasi-iyi-partili-turkoglu-hastaneye-kaldirildi#primaryimage"},"thumbnailUrl":"https:\/\/epochtimestr.com\/wp-content\/uploads\/2011y\/turkoglu.webp","datePublished":"2026-08-24T20:11:04+00:00","dateModified":"2026-08-24T20:11:09+00:00","description":"\u0130Y\u0130 Parti Milletvekili Sel\u00e7uk T\u00fcrko\u011flu, gazilere destek i\u00e7in bulundu\u011fu Kurtulu\u015f Park\u0131\u2019nda polis m\u00fcdahalesi s\u0131ras\u0131nda fenala\u015farak yere d\u00fc\u015ft\u00fc.","inLanguage":"tr","potentialAction":[{"@type":"ReadAction","target":["https:\/\/epochtimestr.com\/index.php\/polis-mudahalesi-sonrasi-iyi-partili-turkoglu-hastaneye-kaldirildi"]}]},{"@type":"ImageObject","inLanguage":"tr","@id":"https:\/\/epochtimestr.com\/index.php\/polis-mudahalesi-sonrasi-iyi-partili-turkoglu-hastaneye-kaldirildi#primaryimage","url":"https:\/\/epochtimestr.com\/wp-content\/uploads\/2011y\/turkoglu.webp","contentUrl":"https:\/\/epochtimestr.com\/wp-content\/uploads\/2011y\/turkoglu.webp","width":640,"height":360},{"@type":"WebSite","@id":"https:\/\/epochtimestr.com\/#website","url":"https:\/\/epochtimestr.com\/","name":"The Epoch Times TR","description":"De\u011fi\u015fen D\u00fcnyam\u0131za Taze Bir Bak\u0131\u015f","publisher":{"@id":"https:\/\/epochtimestr.com\/#organization"},"potentialAction":[{"@type":"SearchAction","target":{"@type":"EntryPoint","urlTemplate":"https:\/\/epochtimestr.com\/?s={search_term_string}"},"query-input":"required name=search_term_string"}],"inLanguage":"tr"},{"@type":"Organization","@id":"https:\/\/epochtimestr.com\/#organization","name":"The EpochTimes T\u00fcrkiye","url":"https:\/\/epochtimestr.com\/","logo":{"@type":"ImageObject","inLanguage":"tr","@id":"https:\/\/epochtimestr.com\/#\/schema\/logo\/image\/","url":"https:\/\/epochtimestr.com\/wp-content\/uploads\/2011y\/ET-Logo-YG.jpg","contentUrl":"https:\/\/epochtimestr.com\/wp-content\/uploads\/2011y\/ET-Logo-YG.jpg","width":346,"height":29,"caption":"The EpochTimes T\u00fcrkiye"},"image":{"@id":"https:\/\/epochtimestr.com\/#\/schema\/logo\/image\/"},"sameAs":["https:\/\/www.facebook.com\/theepochtimestr","https:\/\/x.com\/TheEpochTimesTR","https:\/\/www.instagram.com\/epochtimestr"]},{"@type":"Person","@id":"https:\/\/epochtimestr.com\/#\/schema\/person\/3dc5c3adeb9f43923c5aa85889172fdd","name":"Haber Merkezi","image":{"@type":"ImageObject","inLanguage":"tr","@id":"https:\/\/epochtimestr.com\/#\/schema\/person\/image\/","url":"https:\/\/secure.gravatar.com\/avatar\/d73f772ba5a74f28601361e17c2f93e6?s=96&d=mm&r=g","contentUrl":"https:\/\/secure.gravatar.com\/avatar\/d73f772ba5a74f28601361e17c2f93e6?s=96&d=mm&r=g","caption":"Haber Merkezi"},"url":"https:\/\/epochtimestr.com\/index.php\/author\/sendag"}]}},"_links":{"self":[{"href":"https:\/\/epochtimestr.com\/index.php\/wp-json\/wp\/v2\/posts\/170923"}],"collection":[{"href":"https:\/\/epochtimestr.com\/index.php\/wp-json\/wp\/v2\/posts"}],"about":[{"href":"https:\/\/epochtimestr.com\/index.php\/wp-json\/wp\/v2\/types\/post"}],"author":[{"embeddable":true,"href":"https:\/\/epochtimestr.com\/index.php\/wp-json\/wp\/v2\/users\/12791"}],"replies":[{"embeddable":true,"href":"https:\/\/epochtimestr.com\/index.php\/wp-json\/wp\/v2\/comments?post=170923"}],"version-history":[{"count":3,"href":"https:\/\/epochtimestr.com\/index.php\/wp-json\/wp\/v2\/posts\/170923\/revisions"}],"predecessor-version":[{"id":170939,"href":"https:\/\/epochtimestr.com\/index.php\/wp-json\/wp\/v2\/posts\/170923\/revisions\/170939"}],"wp:featuredmedia":[{"embeddable":true,"href":"https:\/\/epochtimestr.com\/index.php\/wp-json\/wp\/v2\/media\/170926"}],"wp:attachment":[{"href":"https:\/\/epochtimestr.com\/index.php\/wp-json\/wp\/v2\/media?parent=170923"}],"wp:term":[{"taxonomy":"category","embeddable":true,"href":"https:\/\/epochtimestr.com\/index.php\/wp-json\/wp\/v2\/categories?post=170923"},{"taxonomy":"post_tag","embeddable":true,"href":"https:\/\/epochtimestr.com\/index.php\/wp-json\/wp\/v2\/tags?post=170923"}],"curies":[{"name":"wp","href":"https:\/\/api.w.org\/{rel}","templated":true}]}}