{"id":170930,"date":"2026-08-24T23:15:45","date_gmt":"2026-08-24T20:15:45","guid":{"rendered":"https:\/\/epochtimestr.com\/?p=170930"},"modified":"2026-08-24T23:15:47","modified_gmt":"2026-08-24T20:15:47","slug":"dort-alt-komisyonun-olusturulmasina-karar-verildi","status":"publish","type":"post","link":"https:\/\/epochtimestr.com\/index.php\/dort-alt-komisyonun-olusturulmasina-karar-verildi","title":{"rendered":"D\u00f6rt Alt Komisyonun Olu\u015fturulmas\u0131na Karar Verildi"},"content":{"rendered":"<div class=\"wp-block-image\">\n<figure class=\"aligncenter size-full is-resized\"><img loading=\"lazy\" decoding=\"async\" width=\"480\" height=\"270\" src=\"https:\/\/epochtimestr.com\/wp-content\/uploads\/2011y\/cevdet-yilmaz.webp\" alt=\"\" class=\"wp-image-170931\" style=\"width:816px;height:auto\" srcset=\"https:\/\/epochtimestr.com\/wp-content\/uploads\/2011y\/cevdet-yilmaz.webp 480w, https:\/\/epochtimestr.com\/wp-content\/uploads\/2011y\/cevdet-yilmaz-300x169.webp 300w, https:\/\/epochtimestr.com\/wp-content\/uploads\/2011y\/cevdet-yilmaz-150x84.webp 150w\" sizes=\"(max-width: 480px) 100vw, 480px\" \/><figcaption class=\"wp-element-caption\">D\u00f6rt alt komisyonun olu\u015fturulmas\u0131na karar verildi. (Foto\u011fraf: Cevdet Y\u0131lmaz x hesab\u0131)<\/figcaption><\/figure><\/div>\n\n\n<h2 class=\"wp-block-heading\">7595 say\u0131l\u0131 kanun kapsam\u0131nda olu\u015fturulan Milli Dayan\u0131\u015fma ve B\u00fct\u00fcnle\u015fme Koordinasyon Kurulu, Cumhurba\u015fkan\u0131 Yard\u0131mc\u0131s\u0131 Cevdet Y\u0131lmaz ba\u015fkanl\u0131\u011f\u0131nda ilk toplant\u0131s\u0131n\u0131 ger\u00e7ekle\u015ftirdi.<\/h2>\n\n\n\n<p>7595 say\u0131l\u0131 <a href=\"https:\/\/epochtimestr.com\/index.php\/gazilerin-haklarini-iceren-kanun-teklifi-kabul-edildi\" target=\"_blank\" rel=\"noreferrer noopener\">Kanun <\/a>kapsam\u0131nda olu\u015fturulan Milli Dayan\u0131\u015fma ve B\u00fct\u00fcnle\u015fme Koordinasyon Kurulu, Cumhurba\u015fkan\u0131 Yard\u0131mc\u0131s\u0131 Cevdet <a href=\"https:\/\/epochtimestr.com\/index.php\/cevdet-yilmazdan-mahir-polat-aciklamasi\" target=\"_blank\" rel=\"noreferrer noopener\">Y\u0131lmaz<\/a> ba\u015fkanl\u0131\u011f\u0131nda ilk toplant\u0131s\u0131n\u0131 ger\u00e7ekle\u015ftirdi. Milli Dayan\u0131\u015fma ve B\u00fct\u00fcnle\u015fme Koordinasyon Kurulu toplant\u0131s\u0131na Adalet Bakan\u0131, D\u0131\u015fi\u015fleri Bakan\u0131, \u0130\u00e7i\u015fleri Bakan\u0131, Mill\u00ee Savunma Bakan\u0131, Cumhurba\u015fkanl\u0131\u011f\u0131 Genel Sekreteri, Mill\u00ee \u0130stihbarat Te\u015fkilat\u0131 Ba\u015fkan\u0131 ve Mill\u00ee G\u00fcvenlik Kurulu Genel Sekreteri kat\u0131ld\u0131.<\/p>\n\n\n\n<p><strong>Toplant\u0131da \u015fu d\u00f6rt alt komisyonun kurulmas\u0131na karar verildi:<\/strong><\/p>\n\n\n\n<p><em>Adli ve Hukuki \u0130\u015fler Koordinasyon Alt Komisyonu<\/em><br \/><em>\u0130zleme ve Tespit Alt Komisyonu<\/em><br \/><em>Sosyal Uyum ve B\u00fct\u00fcnle\u015fme Alt Komisyonu<\/em><br \/><em>Silahs\u0131zlanma ve Stratejik Koordinasyon Alt Komisyonu<\/em><\/p>\n\n\n\n<p><strong>Kurul\u2019un toplant\u0131n\u0131n ard\u0131ndan yay\u0131nlad\u0131\u011f\u0131 a\u00e7\u0131klama \u015f\u00f6yle:<\/strong><\/p>\n\n\n\n<p>\u201c\u00dclkemizin ve b\u00f6lgemizin ter\u00f6rden b\u00fct\u00fcn\u00fcyle ar\u0131nd\u0131r\u0131lmas\u0131, \u015fiddetin ve silahlar\u0131n tamamen g\u00fcndemden d\u00fc\u015fmesi ve karde\u015flik ikliminin k\u00f6kle\u015fmesi vizyonuyla y\u00fcr\u00fct\u00fclen tarihi s\u00fcre\u00e7, 7595 say\u0131l\u0131 Milli Dayan\u0131\u015fma ve Toplumsal B\u00fct\u00fcnle\u015fmenin G\u00fc\u00e7lendirilmesine Dair Kanun\u2019un milletimizin iradesinin tecelligah\u0131 olan T\u00fcrkiye B\u00fcy\u00fck Millet Meclisi\u2019nde y\u00fcksek bir toplumsal ve siyasi mutabakatla kabul edilmesiyle \u00f6nemli bir e\u015fi\u011fe ula\u015fm\u0131\u015ft\u0131r.<\/p>\n\n\n\n<p>T\u00fcrkiye Y\u00fczy\u0131l\u0131\u2019n\u0131n en b\u00fcy\u00fck yap\u0131 ta\u015flar\u0131ndan biri olarak \u00fclkemizin i\u00e7 huzurunu ve toplumsal b\u00fct\u00fcnle\u015fmesini peki\u015ftirecek ve ayn\u0131 zamanda s\u0131n\u0131r \u00f6tesindeki istikrars\u0131zl\u0131klara kar\u015f\u0131 b\u00f6lgemizi bir bar\u0131\u015f, refah ve g\u00fcven havzas\u0131 haline getirecek olan bu s\u00fcrecin hukuki altyap\u0131s\u0131n\u0131 olu\u015fturan 7595 say\u0131l\u0131 Kanun\u2019un 18 A\u011fustos tarihi itibar\u0131yla y\u00fcr\u00fcrl\u00fc\u011fe girmesiyle beraber idari mekanizmalar h\u0131zla harekete ge\u00e7irilmi\u015ftir.<\/p>\n\n\n\n<p>Bug\u00fcn ger\u00e7ekle\u015ftirilen ilk Kurul toplant\u0131s\u0131 kapsam\u0131nda, Kurulun i\u015fleyi\u015fi ve s\u00fcrece dahil olan t\u00fcm devlet kurumlar\u0131m\u0131z\u0131n y\u00fcr\u00fctece\u011fi \u00e7al\u0131\u015fmalar\u0131n en \u00fcst d\u00fczeyde koordinasyonu detayl\u0131ca g\u00f6r\u00fc\u015f\u00fclm\u00fc\u015f, Kurul \u00e7al\u0131\u015fmalar\u0131n\u0131n sevk ve idaresinde izlenecek usul ve esaslar ele al\u0131nm\u0131\u015f, Adli ve Hukuki \u0130\u015fler Koordinasyon Alt Komisyonu, \u0130zleme ve Tespit Alt Komisyonu, Sosyal Uyum ve B\u00fct\u00fcnle\u015fme Alt Komisyonu ile Silahs\u0131zlanma ve Stratejik Koordinasyon Alt Komisyonunun olu\u015fturulmas\u0131 karara ba\u011flanm\u0131\u015ft\u0131r. Devletimiz, t\u00fcm kurumlar\u0131yla tam bir e\u015f g\u00fcd\u00fcm i\u00e7inde, toplumsal b\u00fct\u00fcnle\u015fmeyi g\u00fc\u00e7lendirecek bu tarihi ad\u0131mlar\u0131 kararl\u0131l\u0131kla uygulamaya devam edecektir.\u201d<\/p>\n\n\n\n<p>PKK\u2019n\u0131n silah b\u0131rakmas\u0131 i\u00e7in haz\u0131rlanan 12 maddelik \u2018Milli Dayan\u0131\u015fma ve Toplumsal B\u00fct\u00fcnle\u015fmenin G\u00fc\u00e7lendirilmesine Dair Kanun Teklifi\u2019 10 A\u011fustos\u2019ta 468 oyla Meclis\u2019te kabul edilmi\u015f, 18 A\u011fustos\u2019ta Resmi Gazete\u2019de yay\u0131nlanm\u0131\u015ft\u0131.<\/p>\n\n\n\n<figure class=\"wp-block-embed is-type-rich is-provider-x wp-block-embed-x\"><div class=\"wp-block-embed__wrapper\">\n<blockquote class=\"twitter-tweet\" data-width=\"550\" data-dnt=\"true\"><p lang=\"tr\" dir=\"ltr\">7595 say\u0131l\u0131 Kanun kapsam\u0131nda olu\u015fturulan Milli Dayan\u0131\u015fma ve B\u00fct\u00fcnle\u015fme Koordinasyon Kurulu ilk toplant\u0131s\u0131n\u0131 ger\u00e7ekle\u015ftirmi\u015ftir. Hay\u0131rl\u0131 olsun. <a href=\"https:\/\/t.co\/gUiGHeiZ7F\">pic.twitter.com\/gUiGHeiZ7F<\/a><\/p>&mdash; Cevdet Y\u0131lmaz (@_cevdetyilmaz) <a href=\"https:\/\/x.com\/_cevdetyilmaz\/status\/2091937788513955913?ref_src=twsrc%5Etfw\">August 24, 2026<\/a><\/blockquote><script async src=\"https:\/\/platform.x.com\/widgets.js\" charset=\"utf-8\"><\/script>\n<\/div><\/figure>\n","protected":false},"excerpt":{"rendered":"<p>7595 say\u0131l\u0131 kanun kapsam\u0131nda olu\u015fturulan Milli Dayan\u0131\u015fma ve B\u00fct\u00fcnle\u015fme Koordinasyon Kurulu, Cumhurba\u015fkan\u0131 Yard\u0131mc\u0131s\u0131 Cevdet Y\u0131lmaz ba\u015fkanl\u0131\u011f\u0131nda ilk toplant\u0131s\u0131n\u0131 ger\u00e7ekle\u015ftirdi. 7595 say\u0131l\u0131 Kanun kapsam\u0131nda olu\u015fturulan Milli Dayan\u0131\u015fma ve B\u00fct\u00fcnle\u015fme Koordinasyon Kurulu, Cumhurba\u015fkan\u0131 Yard\u0131mc\u0131s\u0131 Cevdet Y\u0131lmaz ba\u015fkanl\u0131\u011f\u0131nda ilk toplant\u0131s\u0131n\u0131 ger\u00e7ekle\u015ftirdi. Milli Dayan\u0131\u015fma ve B\u00fct\u00fcnle\u015fme Koordinasyon Kurulu toplant\u0131s\u0131na Adalet Bakan\u0131, D\u0131\u015fi\u015fleri Bakan\u0131, \u0130\u00e7i\u015fleri Bakan\u0131, Mill\u00ee Savunma Bakan\u0131, Cumhurba\u015fkanl\u0131\u011f\u0131 [&hellip;]<\/p>\n","protected":false},"author":12791,"featured_media":170931,"comment_status":"open","ping_status":"open","sticky":false,"template":"","format":"standard","meta":{"_yoast_wpseo_focuskw":"y\u0131lmaz","_yoast_wpseo_title":"","_yoast_wpseo_metadesc":"Milli Dayan\u0131\u015fma ve B\u00fct\u00fcnle\u015fme Koordinasyon Kurulu, Cumhurba\u015fkan\u0131 Yard\u0131mc\u0131s\u0131 Cevdet Y\u0131lmaz ba\u015fkanl\u0131\u011f\u0131nda ilk toplant\u0131s\u0131n\u0131 ger\u00e7ekle\u015ftirdi.","_bbp_topic_count":0,"_bbp_reply_count":0,"_bbp_total_topic_count":0,"_bbp_total_reply_count":0,"_bbp_voice_count":0,"_bbp_anonymous_reply_count":0,"_bbp_topic_count_hidden":0,"_bbp_reply_count_hidden":0,"_bbp_forum_subforum_count":0,"footnotes":"","_yoast_wpseo_focuskw_text_input":""},"categories":[1,8138,8226],"tags":[12434,12433,12432],"yoast_head":"<!-- This site is optimized with the Yoast SEO plugin v23.0 - https:\/\/yoast.com\/wordpress\/plugins\/seo\/ -->\n<title>D\u00f6rt Alt Komisyonun Olu\u015fturulmas\u0131na Karar Verildi - The Epoch Times TR<\/title>\n<meta name=\"description\" content=\"Milli Dayan\u0131\u015fma ve B\u00fct\u00fcnle\u015fme Koordinasyon Kurulu, Cumhurba\u015fkan\u0131 Yard\u0131mc\u0131s\u0131 Cevdet Y\u0131lmaz ba\u015fkanl\u0131\u011f\u0131nda ilk toplant\u0131s\u0131n\u0131 ger\u00e7ekle\u015ftirdi.\" \/>\n<meta name=\"robots\" content=\"index, follow, max-snippet:-1, max-image-preview:large, max-video-preview:-1\" \/>\n<link rel=\"canonical\" href=\"https:\/\/epochtimestr.com\/index.php\/dort-alt-komisyonun-olusturulmasina-karar-verildi\" \/>\n<meta property=\"og:locale\" content=\"tr_TR\" \/>\n<meta property=\"og:type\" content=\"article\" \/>\n<meta property=\"og:title\" content=\"D\u00f6rt Alt Komisyonun Olu\u015fturulmas\u0131na Karar Verildi - The Epoch Times TR\" \/>\n<meta property=\"og:description\" content=\"Milli Dayan\u0131\u015fma ve B\u00fct\u00fcnle\u015fme Koordinasyon Kurulu, Cumhurba\u015fkan\u0131 Yard\u0131mc\u0131s\u0131 Cevdet Y\u0131lmaz ba\u015fkanl\u0131\u011f\u0131nda ilk toplant\u0131s\u0131n\u0131 ger\u00e7ekle\u015ftirdi.\" \/>\n<meta property=\"og:url\" content=\"https:\/\/epochtimestr.com\/index.php\/dort-alt-komisyonun-olusturulmasina-karar-verildi\" \/>\n<meta property=\"og:site_name\" content=\"The Epoch Times TR\" \/>\n<meta property=\"article:publisher\" content=\"https:\/\/www.facebook.com\/theepochtimestr\" \/>\n<meta property=\"article:published_time\" content=\"2026-08-24T20:15:45+00:00\" \/>\n<meta property=\"article:modified_time\" content=\"2026-08-24T20:15:47+00:00\" \/>\n<meta property=\"og:image\" content=\"https:\/\/epochtimestr.com\/wp-content\/uploads\/2011y\/cevdet-yilmaz.webp\" \/>\n\t<meta property=\"og:image:width\" content=\"480\" \/>\n\t<meta property=\"og:image:height\" content=\"270\" \/>\n\t<meta property=\"og:image:type\" content=\"image\/webp\" \/>\n<meta name=\"author\" content=\"Haber Merkezi\" \/>\n<meta name=\"twitter:card\" content=\"summary_large_image\" \/>\n<meta name=\"twitter:creator\" content=\"@TheEpochTimesTR\" \/>\n<meta name=\"twitter:site\" content=\"@TheEpochTimesTR\" \/>\n<meta name=\"twitter:label1\" content=\"Yazan:\" \/>\n\t<meta name=\"twitter:data1\" content=\"Haber Merkezi\" \/>\n\t<meta name=\"twitter:label2\" content=\"Tahmini okuma s\u00fcresi\" \/>\n\t<meta name=\"twitter:data2\" content=\"3 dakika\" \/>\n<script type=\"application\/ld+json\" class=\"yoast-schema-graph\">{\"@context\":\"https:\/\/schema.org\",\"@graph\":[{\"@type\":\"Article\",\"@id\":\"https:\/\/epochtimestr.com\/index.php\/dort-alt-komisyonun-olusturulmasina-karar-verildi#article\",\"isPartOf\":{\"@id\":\"https:\/\/epochtimestr.com\/index.php\/dort-alt-komisyonun-olusturulmasina-karar-verildi\"},\"author\":{\"name\":\"Haber Merkezi\",\"@id\":\"https:\/\/epochtimestr.com\/#\/schema\/person\/3dc5c3adeb9f43923c5aa85889172fdd\"},\"headline\":\"D\u00f6rt Alt Komisyonun Olu\u015fturulmas\u0131na Karar Verildi\",\"datePublished\":\"2026-08-24T20:15:45+00:00\",\"dateModified\":\"2026-08-24T20:15:47+00:00\",\"mainEntityOfPage\":{\"@id\":\"https:\/\/epochtimestr.com\/index.php\/dort-alt-komisyonun-olusturulmasina-karar-verildi\"},\"wordCount\":529,\"commentCount\":0,\"publisher\":{\"@id\":\"https:\/\/epochtimestr.com\/#organization\"},\"image\":{\"@id\":\"https:\/\/epochtimestr.com\/index.php\/dort-alt-komisyonun-olusturulmasina-karar-verildi#primaryimage\"},\"thumbnailUrl\":\"https:\/\/epochtimestr.com\/wp-content\/uploads\/2011y\/cevdet-yilmaz.webp\",\"keywords\":[\"7595 say\u0131l\u0131 Kanun\",\"Cumhurba\u015fkan\u0131 Yard\u0131mc\u0131s\u0131 Cevdet Y\u0131lmaz\",\"Milli Dayan\u0131\u015fma ve B\u00fct\u00fcnle\u015fme Koordinasyon Kurulu\"],\"articleSection\":[\"G\u00dcNDEM\",\"MAN\u015eET\",\"Siyaset\"],\"inLanguage\":\"tr\",\"potentialAction\":[{\"@type\":\"CommentAction\",\"name\":\"Comment\",\"target\":[\"https:\/\/epochtimestr.com\/index.php\/dort-alt-komisyonun-olusturulmasina-karar-verildi#respond\"]}]},{\"@type\":\"WebPage\",\"@id\":\"https:\/\/epochtimestr.com\/index.php\/dort-alt-komisyonun-olusturulmasina-karar-verildi\",\"url\":\"https:\/\/epochtimestr.com\/index.php\/dort-alt-komisyonun-olusturulmasina-karar-verildi\",\"name\":\"D\u00f6rt Alt Komisyonun Olu\u015fturulmas\u0131na Karar Verildi - The Epoch Times TR\",\"isPartOf\":{\"@id\":\"https:\/\/epochtimestr.com\/#website\"},\"primaryImageOfPage\":{\"@id\":\"https:\/\/epochtimestr.com\/index.php\/dort-alt-komisyonun-olusturulmasina-karar-verildi#primaryimage\"},\"image\":{\"@id\":\"https:\/\/epochtimestr.com\/index.php\/dort-alt-komisyonun-olusturulmasina-karar-verildi#primaryimage\"},\"thumbnailUrl\":\"https:\/\/epochtimestr.com\/wp-content\/uploads\/2011y\/cevdet-yilmaz.webp\",\"datePublished\":\"2026-08-24T20:15:45+00:00\",\"dateModified\":\"2026-08-24T20:15:47+00:00\",\"description\":\"Milli Dayan\u0131\u015fma ve B\u00fct\u00fcnle\u015fme Koordinasyon Kurulu, Cumhurba\u015fkan\u0131 Yard\u0131mc\u0131s\u0131 Cevdet Y\u0131lmaz ba\u015fkanl\u0131\u011f\u0131nda ilk toplant\u0131s\u0131n\u0131 ger\u00e7ekle\u015ftirdi.\",\"inLanguage\":\"tr\",\"potentialAction\":[{\"@type\":\"ReadAction\",\"target\":[\"https:\/\/epochtimestr.com\/index.php\/dort-alt-komisyonun-olusturulmasina-karar-verildi\"]}]},{\"@type\":\"ImageObject\",\"inLanguage\":\"tr\",\"@id\":\"https:\/\/epochtimestr.com\/index.php\/dort-alt-komisyonun-olusturulmasina-karar-verildi#primaryimage\",\"url\":\"https:\/\/epochtimestr.com\/wp-content\/uploads\/2011y\/cevdet-yilmaz.webp\",\"contentUrl\":\"https:\/\/epochtimestr.com\/wp-content\/uploads\/2011y\/cevdet-yilmaz.webp\",\"width\":480,\"height\":270},{\"@type\":\"WebSite\",\"@id\":\"https:\/\/epochtimestr.com\/#website\",\"url\":\"https:\/\/epochtimestr.com\/\",\"name\":\"The Epoch Times TR\",\"description\":\"De\u011fi\u015fen D\u00fcnyam\u0131za Taze Bir Bak\u0131\u015f\",\"publisher\":{\"@id\":\"https:\/\/epochtimestr.com\/#organization\"},\"potentialAction\":[{\"@type\":\"SearchAction\",\"target\":{\"@type\":\"EntryPoint\",\"urlTemplate\":\"https:\/\/epochtimestr.com\/?s={search_term_string}\"},\"query-input\":\"required name=search_term_string\"}],\"inLanguage\":\"tr\"},{\"@type\":\"Organization\",\"@id\":\"https:\/\/epochtimestr.com\/#organization\",\"name\":\"The EpochTimes T\u00fcrkiye\",\"url\":\"https:\/\/epochtimestr.com\/\",\"logo\":{\"@type\":\"ImageObject\",\"inLanguage\":\"tr\",\"@id\":\"https:\/\/epochtimestr.com\/#\/schema\/logo\/image\/\",\"url\":\"https:\/\/epochtimestr.com\/wp-content\/uploads\/2011y\/ET-Logo-YG.jpg\",\"contentUrl\":\"https:\/\/epochtimestr.com\/wp-content\/uploads\/2011y\/ET-Logo-YG.jpg\",\"width\":346,\"height\":29,\"caption\":\"The EpochTimes T\u00fcrkiye\"},\"image\":{\"@id\":\"https:\/\/epochtimestr.com\/#\/schema\/logo\/image\/\"},\"sameAs\":[\"https:\/\/www.facebook.com\/theepochtimestr\",\"https:\/\/x.com\/TheEpochTimesTR\",\"https:\/\/www.instagram.com\/epochtimestr\"]},{\"@type\":\"Person\",\"@id\":\"https:\/\/epochtimestr.com\/#\/schema\/person\/3dc5c3adeb9f43923c5aa85889172fdd\",\"name\":\"Haber Merkezi\",\"image\":{\"@type\":\"ImageObject\",\"inLanguage\":\"tr\",\"@id\":\"https:\/\/epochtimestr.com\/#\/schema\/person\/image\/\",\"url\":\"https:\/\/secure.gravatar.com\/avatar\/d73f772ba5a74f28601361e17c2f93e6?s=96&d=mm&r=g\",\"contentUrl\":\"https:\/\/secure.gravatar.com\/avatar\/d73f772ba5a74f28601361e17c2f93e6?s=96&d=mm&r=g\",\"caption\":\"Haber Merkezi\"},\"url\":\"https:\/\/epochtimestr.com\/index.php\/author\/sendag\"}]}<\/script>\n<!-- \/ Yoast SEO plugin. -->","yoast_head_json":{"title":"D\u00f6rt Alt Komisyonun Olu\u015fturulmas\u0131na Karar Verildi - The Epoch Times TR","description":"Milli Dayan\u0131\u015fma ve B\u00fct\u00fcnle\u015fme Koordinasyon Kurulu, Cumhurba\u015fkan\u0131 Yard\u0131mc\u0131s\u0131 Cevdet Y\u0131lmaz ba\u015fkanl\u0131\u011f\u0131nda ilk toplant\u0131s\u0131n\u0131 ger\u00e7ekle\u015ftirdi.","robots":{"index":"index","follow":"follow","max-snippet":"max-snippet:-1","max-image-preview":"max-image-preview:large","max-video-preview":"max-video-preview:-1"},"canonical":"https:\/\/epochtimestr.com\/index.php\/dort-alt-komisyonun-olusturulmasina-karar-verildi","og_locale":"tr_TR","og_type":"article","og_title":"D\u00f6rt Alt Komisyonun Olu\u015fturulmas\u0131na Karar Verildi - The Epoch Times TR","og_description":"Milli Dayan\u0131\u015fma ve B\u00fct\u00fcnle\u015fme Koordinasyon Kurulu, Cumhurba\u015fkan\u0131 Yard\u0131mc\u0131s\u0131 Cevdet Y\u0131lmaz ba\u015fkanl\u0131\u011f\u0131nda ilk toplant\u0131s\u0131n\u0131 ger\u00e7ekle\u015ftirdi.","og_url":"https:\/\/epochtimestr.com\/index.php\/dort-alt-komisyonun-olusturulmasina-karar-verildi","og_site_name":"The Epoch Times TR","article_publisher":"https:\/\/www.facebook.com\/theepochtimestr","article_published_time":"2026-08-24T20:15:45+00:00","article_modified_time":"2026-08-24T20:15:47+00:00","og_image":[{"width":480,"height":270,"url":"https:\/\/epochtimestr.com\/wp-content\/uploads\/2011y\/cevdet-yilmaz.webp","type":"image\/webp"}],"author":"Haber Merkezi","twitter_card":"summary_large_image","twitter_creator":"@TheEpochTimesTR","twitter_site":"@TheEpochTimesTR","twitter_misc":{"Yazan:":"Haber Merkezi","Tahmini okuma s\u00fcresi":"3 dakika"},"schema":{"@context":"https:\/\/schema.org","@graph":[{"@type":"Article","@id":"https:\/\/epochtimestr.com\/index.php\/dort-alt-komisyonun-olusturulmasina-karar-verildi#article","isPartOf":{"@id":"https:\/\/epochtimestr.com\/index.php\/dort-alt-komisyonun-olusturulmasina-karar-verildi"},"author":{"name":"Haber Merkezi","@id":"https:\/\/epochtimestr.com\/#\/schema\/person\/3dc5c3adeb9f43923c5aa85889172fdd"},"headline":"D\u00f6rt Alt Komisyonun Olu\u015fturulmas\u0131na Karar Verildi","datePublished":"2026-08-24T20:15:45+00:00","dateModified":"2026-08-24T20:15:47+00:00","mainEntityOfPage":{"@id":"https:\/\/epochtimestr.com\/index.php\/dort-alt-komisyonun-olusturulmasina-karar-verildi"},"wordCount":529,"commentCount":0,"publisher":{"@id":"https:\/\/epochtimestr.com\/#organization"},"image":{"@id":"https:\/\/epochtimestr.com\/index.php\/dort-alt-komisyonun-olusturulmasina-karar-verildi#primaryimage"},"thumbnailUrl":"https:\/\/epochtimestr.com\/wp-content\/uploads\/2011y\/cevdet-yilmaz.webp","keywords":["7595 say\u0131l\u0131 Kanun","Cumhurba\u015fkan\u0131 Yard\u0131mc\u0131s\u0131 Cevdet Y\u0131lmaz","Milli Dayan\u0131\u015fma ve B\u00fct\u00fcnle\u015fme Koordinasyon Kurulu"],"articleSection":["G\u00dcNDEM","MAN\u015eET","Siyaset"],"inLanguage":"tr","potentialAction":[{"@type":"CommentAction","name":"Comment","target":["https:\/\/epochtimestr.com\/index.php\/dort-alt-komisyonun-olusturulmasina-karar-verildi#respond"]}]},{"@type":"WebPage","@id":"https:\/\/epochtimestr.com\/index.php\/dort-alt-komisyonun-olusturulmasina-karar-verildi","url":"https:\/\/epochtimestr.com\/index.php\/dort-alt-komisyonun-olusturulmasina-karar-verildi","name":"D\u00f6rt Alt Komisyonun Olu\u015fturulmas\u0131na Karar Verildi - The Epoch Times TR","isPartOf":{"@id":"https:\/\/epochtimestr.com\/#website"},"primaryImageOfPage":{"@id":"https:\/\/epochtimestr.com\/index.php\/dort-alt-komisyonun-olusturulmasina-karar-verildi#primaryimage"},"image":{"@id":"https:\/\/epochtimestr.com\/index.php\/dort-alt-komisyonun-olusturulmasina-karar-verildi#primaryimage"},"thumbnailUrl":"https:\/\/epochtimestr.com\/wp-content\/uploads\/2011y\/cevdet-yilmaz.webp","datePublished":"2026-08-24T20:15:45+00:00","dateModified":"2026-08-24T20:15:47+00:00","description":"Milli Dayan\u0131\u015fma ve B\u00fct\u00fcnle\u015fme Koordinasyon Kurulu, Cumhurba\u015fkan\u0131 Yard\u0131mc\u0131s\u0131 Cevdet Y\u0131lmaz ba\u015fkanl\u0131\u011f\u0131nda ilk toplant\u0131s\u0131n\u0131 ger\u00e7ekle\u015ftirdi.","inLanguage":"tr","potentialAction":[{"@type":"ReadAction","target":["https:\/\/epochtimestr.com\/index.php\/dort-alt-komisyonun-olusturulmasina-karar-verildi"]}]},{"@type":"ImageObject","inLanguage":"tr","@id":"https:\/\/epochtimestr.com\/index.php\/dort-alt-komisyonun-olusturulmasina-karar-verildi#primaryimage","url":"https:\/\/epochtimestr.com\/wp-content\/uploads\/2011y\/cevdet-yilmaz.webp","contentUrl":"https:\/\/epochtimestr.com\/wp-content\/uploads\/2011y\/cevdet-yilmaz.webp","width":480,"height":270},{"@type":"WebSite","@id":"https:\/\/epochtimestr.com\/#website","url":"https:\/\/epochtimestr.com\/","name":"The Epoch Times TR","description":"De\u011fi\u015fen D\u00fcnyam\u0131za Taze Bir Bak\u0131\u015f","publisher":{"@id":"https:\/\/epochtimestr.com\/#organization"},"potentialAction":[{"@type":"SearchAction","target":{"@type":"EntryPoint","urlTemplate":"https:\/\/epochtimestr.com\/?s={search_term_string}"},"query-input":"required name=search_term_string"}],"inLanguage":"tr"},{"@type":"Organization","@id":"https:\/\/epochtimestr.com\/#organization","name":"The EpochTimes T\u00fcrkiye","url":"https:\/\/epochtimestr.com\/","logo":{"@type":"ImageObject","inLanguage":"tr","@id":"https:\/\/epochtimestr.com\/#\/schema\/logo\/image\/","url":"https:\/\/epochtimestr.com\/wp-content\/uploads\/2011y\/ET-Logo-YG.jpg","contentUrl":"https:\/\/epochtimestr.com\/wp-content\/uploads\/2011y\/ET-Logo-YG.jpg","width":346,"height":29,"caption":"The EpochTimes T\u00fcrkiye"},"image":{"@id":"https:\/\/epochtimestr.com\/#\/schema\/logo\/image\/"},"sameAs":["https:\/\/www.facebook.com\/theepochtimestr","https:\/\/x.com\/TheEpochTimesTR","https:\/\/www.instagram.com\/epochtimestr"]},{"@type":"Person","@id":"https:\/\/epochtimestr.com\/#\/schema\/person\/3dc5c3adeb9f43923c5aa85889172fdd","name":"Haber Merkezi","image":{"@type":"ImageObject","inLanguage":"tr","@id":"https:\/\/epochtimestr.com\/#\/schema\/person\/image\/","url":"https:\/\/secure.gravatar.com\/avatar\/d73f772ba5a74f28601361e17c2f93e6?s=96&d=mm&r=g","contentUrl":"https:\/\/secure.gravatar.com\/avatar\/d73f772ba5a74f28601361e17c2f93e6?s=96&d=mm&r=g","caption":"Haber Merkezi"},"url":"https:\/\/epochtimestr.com\/index.php\/author\/sendag"}]}},"_links":{"self":[{"href":"https:\/\/epochtimestr.com\/index.php\/wp-json\/wp\/v2\/posts\/170930"}],"collection":[{"href":"https:\/\/epochtimestr.com\/index.php\/wp-json\/wp\/v2\/posts"}],"about":[{"href":"https:\/\/epochtimestr.com\/index.php\/wp-json\/wp\/v2\/types\/post"}],"author":[{"embeddable":true,"href":"https:\/\/epochtimestr.com\/index.php\/wp-json\/wp\/v2\/users\/12791"}],"replies":[{"embeddable":true,"href":"https:\/\/epochtimestr.com\/index.php\/wp-json\/wp\/v2\/comments?post=170930"}],"version-history":[{"count":2,"href":"https:\/\/epochtimestr.com\/index.php\/wp-json\/wp\/v2\/posts\/170930\/revisions"}],"predecessor-version":[{"id":170942,"href":"https:\/\/epochtimestr.com\/index.php\/wp-json\/wp\/v2\/posts\/170930\/revisions\/170942"}],"wp:featuredmedia":[{"embeddable":true,"href":"https:\/\/epochtimestr.com\/index.php\/wp-json\/wp\/v2\/media\/170931"}],"wp:attachment":[{"href":"https:\/\/epochtimestr.com\/index.php\/wp-json\/wp\/v2\/media?parent=170930"}],"wp:term":[{"taxonomy":"category","embeddable":true,"href":"https:\/\/epochtimestr.com\/index.php\/wp-json\/wp\/v2\/categories?post=170930"},{"taxonomy":"post_tag","embeddable":true,"href":"https:\/\/epochtimestr.com\/index.php\/wp-json\/wp\/v2\/tags?post=170930"}],"curies":[{"name":"wp","href":"https:\/\/api.w.org\/{rel}","templated":true}]}}