{"id":170947,"date":"2026-08-25T09:11:43","date_gmt":"2026-08-25T06:11:43","guid":{"rendered":"https:\/\/epochtimestr.com\/?p=170947"},"modified":"2026-08-26T11:03:35","modified_gmt":"2026-08-26T08:03:35","slug":"beraat-kararinin-ardindan-ahmet-ozerden-ilk-aciklama","status":"publish","type":"post","link":"https:\/\/epochtimestr.com\/index.php\/beraat-kararinin-ardindan-ahmet-ozerden-ilk-aciklama","title":{"rendered":"Beraat Karar\u0131n\u0131n Ard\u0131ndan Ahmet \u00d6zer&#8217;den \u0130lk A\u00e7\u0131klama"},"content":{"rendered":"<div class=\"wp-block-image\">\n<figure class=\"aligncenter size-full is-resized\"><img loading=\"lazy\" decoding=\"async\" width=\"860\" height=\"480\" src=\"https:\/\/epochtimestr.com\/wp-content\/uploads\/2011y\/esenyurt-belediyesi.webp\" alt=\"Ahmet \u00d6zer'den beraat karar\u0131n\u0131n ard\u0131ndan ilk a\u00e7\u0131klama. (Foto\u011fraf: Esenyurt Belediyesi web sitesi ar\u015fiv)\" class=\"wp-image-170948\" style=\"width:840px;height:auto\" srcset=\"https:\/\/epochtimestr.com\/wp-content\/uploads\/2011y\/esenyurt-belediyesi.webp 860w, https:\/\/epochtimestr.com\/wp-content\/uploads\/2011y\/esenyurt-belediyesi-300x167.webp 300w, https:\/\/epochtimestr.com\/wp-content\/uploads\/2011y\/esenyurt-belediyesi-150x84.webp 150w, https:\/\/epochtimestr.com\/wp-content\/uploads\/2011y\/esenyurt-belediyesi-768x429.webp 768w\" sizes=\"(max-width: 860px) 100vw, 860px\" \/><figcaption class=\"wp-element-caption\">Ahmet \u00d6zer&#8217;den beraat karar\u0131n\u0131n ard\u0131ndan ilk a\u00e7\u0131klama. (Foto\u011fraf: Esenyurt Belediyesi web sitesi ar\u015fiv)<\/figcaption><\/figure><\/div>\n\n\n<h2 class=\"wp-block-heading\">G\u00f6revinden uzakla\u015ft\u0131r\u0131lan Esenyurt Belediye Ba\u015fkan\u0131 Ahmet \u00d6zer, 200 san\u0131kl\u0131 Aziz \u0130hsan Akta\u015f davas\u0131nda \u201c\u00f6zel belgede sahtecilik\u201d su\u00e7undan beraat etti.<\/h2>\n\n\n\n<p>\u0130stanbul 1. A\u011f\u0131r Ceza Mahkemesi, 200 san\u0131kl\u0131 Aziz \u0130hsan Akta\u015f davas\u0131nda Mahkeme, g\u00f6revinden uzakla\u015ft\u0131r\u0131lan Esenyurt Belediye Ba\u015fkan\u0131 Ahmet <a href=\"https:\/\/epochtimestr.com\/index.php\/imamoglu-ahmet-ozerin-serbest-yargilamasi-trtden-yapilsin\" target=\"_blank\" rel=\"noreferrer noopener\">\u00d6zer <\/a>hakk\u0131nda \u201c\u00f6zel belgede sahtecilik\u201d su\u00e7undan <a href=\"https:\/\/epochtimestr.com\/index.php\/imamoglunun-hedef-gosterme-sucundan-beraatina-karar-verildi\" target=\"_blank\" rel=\"noreferrer noopener\">beraat <\/a>karar\u0131 verdi, \u00d6zer\u2019e \u201cihmal suretiyle g\u00f6revi k\u00f6t\u00fcye kullanma\u201d su\u00e7undan ise 8 ay hapis cezas\u0131 verilerek h\u00fckm\u00fcn a\u00e7\u0131klanmas\u0131 geri b\u0131rak\u0131ld\u0131.<\/p>\n\n\n\n<p>Karar sonras\u0131 ilk kez konu\u015fan Ahmet \u00d6zer, iddianamede yer almayan bir &#8220;g\u00f6revi ihmal&#8221; su\u00e7lamas\u0131 \u00fczerinden 8 ay 10 g\u00fcn hapis cezas\u0131 ald\u0131\u011f\u0131n\u0131 belirtti.<\/p>\n\n\n\n<p><strong>Karar\u0131 de\u011ferlendiren \u00d6zer, \u015funlar\u0131 s\u00f6yledi:<\/strong><\/p>\n\n\n\n<p>&#8220;Ben eylem 30 ve 31 ile ilgili yarg\u0131lan\u0131yordum. Biri ihaleye fesat kar\u0131\u015ft\u0131rma di\u011feri \u00f6zel belgede sahtecilik. \u0130kisinden de beraat ettim. Fakat her ne hikmetse g\u00f6revi ihmal diye bir iddia vard\u0131. O iddiayla ilgili iki bilirki\u015fi raporunda bu konularla benim hi\u00e7bir \u015fekilde dahlimin olmad\u0131\u011f\u0131 ileri s\u00fcr\u00fclmesine ra\u011fmen, bir ba\u015fka raporda ise &#8216;\u00d6zer&#8217;in hi\u00e7bir dahli yok ancak g\u00f6revi ihmal olabilir&#8217; denmesine ra\u011fmen, g\u00f6revi ihmalden 8 ay 10 g\u00fcn ceza ald\u0131m. Bu cezan\u0131n da uygulanmas\u0131 ertelendi.<\/p>\n\n\n\n<p>\u201cG\u00f6reve d\u00f6n\u00fc\u015f\u00fcm\u00fcn \u00f6n\u00fcnde engel de\u011fil\u201d bir \u00e7e\u015fit yok h\u00fckm\u00fcnde. Adaletin yerini bulmas\u0131n\u0131 bekliyorduk. Bu da beraat karar\u0131yd\u0131. B\u00fct\u00fcn avukatlar, benim bu su\u00e7lamalardan beraat etmemi bekliyorlard\u0131. \u0130ddianamede olmayan bir iddiadan dolay\u0131, s\u0131rf ceza vermek i\u00e7in verilmi\u015f bir ceza gibi. Bu benim g\u00f6reve d\u00f6n\u00fc\u015f\u00fcm\u00fcn \u00f6n\u00fcnde engel de\u011fil. \u00c7\u00fcnk\u00fc h\u00fckm\u00fcn geri b\u0131rak\u0131lmas\u0131 y\u00f6n\u00fcnde karar verildi.Di\u011fer belediye ba\u015fkan\u0131 arkada\u015flar\u0131m\u0131za verilen bu orant\u0131s\u0131z cezalar beni \u00fczd\u00fc. Benim beklentim \u015fuydu. Zaten belediye ba\u015fkanlar\u0131m\u0131z i\u00e7eride yatt\u0131lar. Cezalar\u0131n\u0131n \u00f6nemli bir k\u0131sm\u0131n\u0131 \u00e7ektiler. Ben beraat bekliyordum fakat her birine a\u011f\u0131r say\u0131labilecek cezalar verildi. Bu da mevcut bekledi\u011fimiz bar\u0131\u015f\u00e7\u0131l ortam\u0131 biraz gergin hale getirdi. Sabote etmi\u015f oldu.&#8221;<\/p>\n\n\n\n<h3 class=\"wp-block-heading\">\u00d6zer&#8217;in avukat\u0131 H\u00fcseyin Ers\u00f6z de karar sonras\u0131 a\u00e7\u0131klama yaparak;<\/h3>\n\n\n\n<p>\u201cMahkeme, \u00d6zer hakk\u0131nda, ihaleye fesat kar\u0131\u015ft\u0131rma su\u00e7undan ceza vermedi. Ancak bu konuda &#8216;hi\u00e7bir delil olmamas\u0131na&#8217; ve &#8216;lehe bilirki\u015fi raporlar\u0131 olmas\u0131na&#8217; kar\u015f\u0131n &#8220;\u0130hmal Suretiyle G\u00f6revi K\u00f6t\u00fcye Kullanmak&#8221; su\u00e7undan, h\u00fckm\u00fcn a\u00e7\u0131klanmas\u0131n\u0131n geri b\u0131rak\u0131lmas\u0131na (HAGB) karar verdi. &#8216;\u00d6zel Evrakta Sahtecilik&#8217; su\u00e7undan ise beraate h\u00fckmedildi. Bu karar, Ahmet \u00d6zer&#8217;in g\u00f6revine d\u00f6nmesinin \u00f6n\u00fcnde bir engel olu\u015fturmuyor. Ancak yine de beraat karar\u0131 verilmesi gerekirken HAGB verildi\u011fi i\u00e7in yasal yollara ba\u015fvuraca\u011f\u0131z\u201d dedi.<\/p>\n\n\n<div class=\"wp-block-image\">\n<figure class=\"aligncenter size-full\"><img loading=\"lazy\" decoding=\"async\" width=\"597\" height=\"393\" src=\"https:\/\/epochtimestr.com\/wp-content\/uploads\/2011y\/image-428.png\" alt=\"\" class=\"wp-image-171012\" srcset=\"https:\/\/epochtimestr.com\/wp-content\/uploads\/2011y\/image-428.png 597w, https:\/\/epochtimestr.com\/wp-content\/uploads\/2011y\/image-428-300x197.png 300w, https:\/\/epochtimestr.com\/wp-content\/uploads\/2011y\/image-428-150x99.png 150w\" sizes=\"(max-width: 597px) 100vw, 597px\" \/><\/figure><\/div>","protected":false},"excerpt":{"rendered":"<p>G\u00f6revinden uzakla\u015ft\u0131r\u0131lan Esenyurt Belediye Ba\u015fkan\u0131 Ahmet \u00d6zer, 200 san\u0131kl\u0131 Aziz \u0130hsan Akta\u015f davas\u0131nda \u201c\u00f6zel belgede sahtecilik\u201d su\u00e7undan beraat etti. \u0130stanbul 1. A\u011f\u0131r Ceza Mahkemesi, 200 san\u0131kl\u0131 Aziz \u0130hsan Akta\u015f davas\u0131nda Mahkeme, g\u00f6revinden uzakla\u015ft\u0131r\u0131lan Esenyurt Belediye Ba\u015fkan\u0131 Ahmet \u00d6zer hakk\u0131nda \u201c\u00f6zel belgede sahtecilik\u201d su\u00e7undan beraat karar\u0131 verdi, \u00d6zer\u2019e \u201cihmal suretiyle g\u00f6revi k\u00f6t\u00fcye kullanma\u201d su\u00e7undan ise 8 [&hellip;]<\/p>\n","protected":false},"author":12791,"featured_media":170948,"comment_status":"open","ping_status":"open","sticky":false,"template":"","format":"standard","meta":{"_yoast_wpseo_focuskw":"Ahmet - beraat","_yoast_wpseo_title":"","_yoast_wpseo_metadesc":"Esenyurt Belediye Ba\u015fkan\u0131 Ahmet \u00d6zer, 200 san\u0131kl\u0131 Aziz \u0130hsan Akta\u015f davas\u0131nda \u201c\u00f6zel belgede sahtecilik\u201d su\u00e7undan beraat etti.","_bbp_topic_count":0,"_bbp_reply_count":0,"_bbp_total_topic_count":0,"_bbp_total_reply_count":0,"_bbp_voice_count":0,"_bbp_anonymous_reply_count":0,"_bbp_topic_count_hidden":0,"_bbp_reply_count_hidden":0,"_bbp_forum_subforum_count":0,"footnotes":"","_yoast_wpseo_focuskw_text_input":""},"categories":[1,8138,8226],"tags":[9049,12438,7206,12437,2243,12439],"yoast_head":"<!-- This site is optimized with the Yoast SEO plugin v23.0 - https:\/\/yoast.com\/wordpress\/plugins\/seo\/ -->\n<title>Beraat Karar\u0131n\u0131n Ard\u0131ndan Ahmet \u00d6zer&#039;den \u0130lk A\u00e7\u0131klama - The Epoch Times TR<\/title>\n<meta name=\"description\" content=\"Esenyurt Belediye Ba\u015fkan\u0131 Ahmet \u00d6zer, 200 san\u0131kl\u0131 Aziz \u0130hsan Akta\u015f davas\u0131nda \u201c\u00f6zel belgede sahtecilik\u201d su\u00e7undan beraat etti.\" \/>\n<meta name=\"robots\" content=\"index, follow, max-snippet:-1, max-image-preview:large, max-video-preview:-1\" \/>\n<link rel=\"canonical\" href=\"https:\/\/epochtimestr.com\/index.php\/beraat-kararinin-ardindan-ahmet-ozerden-ilk-aciklama\" \/>\n<meta property=\"og:locale\" content=\"tr_TR\" \/>\n<meta property=\"og:type\" content=\"article\" \/>\n<meta property=\"og:title\" content=\"Beraat Karar\u0131n\u0131n Ard\u0131ndan Ahmet \u00d6zer&#039;den \u0130lk A\u00e7\u0131klama - The Epoch Times TR\" \/>\n<meta property=\"og:description\" content=\"Esenyurt Belediye Ba\u015fkan\u0131 Ahmet \u00d6zer, 200 san\u0131kl\u0131 Aziz \u0130hsan Akta\u015f davas\u0131nda \u201c\u00f6zel belgede sahtecilik\u201d su\u00e7undan beraat etti.\" \/>\n<meta property=\"og:url\" content=\"https:\/\/epochtimestr.com\/index.php\/beraat-kararinin-ardindan-ahmet-ozerden-ilk-aciklama\" \/>\n<meta property=\"og:site_name\" content=\"The Epoch Times TR\" \/>\n<meta property=\"article:publisher\" content=\"https:\/\/www.facebook.com\/theepochtimestr\" \/>\n<meta property=\"article:published_time\" content=\"2026-08-25T06:11:43+00:00\" \/>\n<meta property=\"article:modified_time\" content=\"2026-08-26T08:03:35+00:00\" \/>\n<meta property=\"og:image\" content=\"https:\/\/epochtimestr.com\/wp-content\/uploads\/2011y\/esenyurt-belediyesi.webp\" \/>\n\t<meta property=\"og:image:width\" content=\"860\" \/>\n\t<meta property=\"og:image:height\" content=\"480\" \/>\n\t<meta property=\"og:image:type\" content=\"image\/webp\" \/>\n<meta name=\"author\" content=\"Haber Merkezi\" \/>\n<meta name=\"twitter:card\" content=\"summary_large_image\" \/>\n<meta name=\"twitter:creator\" content=\"@TheEpochTimesTR\" \/>\n<meta name=\"twitter:site\" content=\"@TheEpochTimesTR\" \/>\n<meta name=\"twitter:label1\" content=\"Yazan:\" \/>\n\t<meta name=\"twitter:data1\" content=\"Haber Merkezi\" \/>\n\t<meta name=\"twitter:label2\" content=\"Tahmini okuma s\u00fcresi\" \/>\n\t<meta name=\"twitter:data2\" content=\"3 dakika\" \/>\n<script type=\"application\/ld+json\" class=\"yoast-schema-graph\">{\"@context\":\"https:\/\/schema.org\",\"@graph\":[{\"@type\":\"Article\",\"@id\":\"https:\/\/epochtimestr.com\/index.php\/beraat-kararinin-ardindan-ahmet-ozerden-ilk-aciklama#article\",\"isPartOf\":{\"@id\":\"https:\/\/epochtimestr.com\/index.php\/beraat-kararinin-ardindan-ahmet-ozerden-ilk-aciklama\"},\"author\":{\"name\":\"Haber Merkezi\",\"@id\":\"https:\/\/epochtimestr.com\/#\/schema\/person\/3dc5c3adeb9f43923c5aa85889172fdd\"},\"headline\":\"Beraat Karar\u0131n\u0131n Ard\u0131ndan Ahmet \u00d6zer&#8217;den \u0130lk A\u00e7\u0131klama\",\"datePublished\":\"2026-08-25T06:11:43+00:00\",\"dateModified\":\"2026-08-26T08:03:35+00:00\",\"mainEntityOfPage\":{\"@id\":\"https:\/\/epochtimestr.com\/index.php\/beraat-kararinin-ardindan-ahmet-ozerden-ilk-aciklama\"},\"wordCount\":494,\"commentCount\":0,\"publisher\":{\"@id\":\"https:\/\/epochtimestr.com\/#organization\"},\"image\":{\"@id\":\"https:\/\/epochtimestr.com\/index.php\/beraat-kararinin-ardindan-ahmet-ozerden-ilk-aciklama#primaryimage\"},\"thumbnailUrl\":\"https:\/\/epochtimestr.com\/wp-content\/uploads\/2011y\/esenyurt-belediyesi.webp\",\"keywords\":[\"ahmet \u00f6zer\",\"Aziz \u0130hsan Akta\u015f davas\u0131\",\"beraat\",\"Esenyurt Belediye Ba\u015fkan\u0131\",\"hapis cezas\u0131\",\"\u0130stanbul 1. A\u011f\u0131r Ceza Mahkemesi\"],\"articleSection\":[\"G\u00dcNDEM\",\"MAN\u015eET\",\"Siyaset\"],\"inLanguage\":\"tr\",\"potentialAction\":[{\"@type\":\"CommentAction\",\"name\":\"Comment\",\"target\":[\"https:\/\/epochtimestr.com\/index.php\/beraat-kararinin-ardindan-ahmet-ozerden-ilk-aciklama#respond\"]}]},{\"@type\":\"WebPage\",\"@id\":\"https:\/\/epochtimestr.com\/index.php\/beraat-kararinin-ardindan-ahmet-ozerden-ilk-aciklama\",\"url\":\"https:\/\/epochtimestr.com\/index.php\/beraat-kararinin-ardindan-ahmet-ozerden-ilk-aciklama\",\"name\":\"Beraat Karar\u0131n\u0131n Ard\u0131ndan Ahmet \u00d6zer'den \u0130lk A\u00e7\u0131klama - The Epoch Times TR\",\"isPartOf\":{\"@id\":\"https:\/\/epochtimestr.com\/#website\"},\"primaryImageOfPage\":{\"@id\":\"https:\/\/epochtimestr.com\/index.php\/beraat-kararinin-ardindan-ahmet-ozerden-ilk-aciklama#primaryimage\"},\"image\":{\"@id\":\"https:\/\/epochtimestr.com\/index.php\/beraat-kararinin-ardindan-ahmet-ozerden-ilk-aciklama#primaryimage\"},\"thumbnailUrl\":\"https:\/\/epochtimestr.com\/wp-content\/uploads\/2011y\/esenyurt-belediyesi.webp\",\"datePublished\":\"2026-08-25T06:11:43+00:00\",\"dateModified\":\"2026-08-26T08:03:35+00:00\",\"description\":\"Esenyurt Belediye Ba\u015fkan\u0131 Ahmet \u00d6zer, 200 san\u0131kl\u0131 Aziz \u0130hsan Akta\u015f davas\u0131nda \u201c\u00f6zel belgede sahtecilik\u201d su\u00e7undan beraat etti.\",\"inLanguage\":\"tr\",\"potentialAction\":[{\"@type\":\"ReadAction\",\"target\":[\"https:\/\/epochtimestr.com\/index.php\/beraat-kararinin-ardindan-ahmet-ozerden-ilk-aciklama\"]}]},{\"@type\":\"ImageObject\",\"inLanguage\":\"tr\",\"@id\":\"https:\/\/epochtimestr.com\/index.php\/beraat-kararinin-ardindan-ahmet-ozerden-ilk-aciklama#primaryimage\",\"url\":\"https:\/\/epochtimestr.com\/wp-content\/uploads\/2011y\/esenyurt-belediyesi.webp\",\"contentUrl\":\"https:\/\/epochtimestr.com\/wp-content\/uploads\/2011y\/esenyurt-belediyesi.webp\",\"width\":860,\"height\":480},{\"@type\":\"WebSite\",\"@id\":\"https:\/\/epochtimestr.com\/#website\",\"url\":\"https:\/\/epochtimestr.com\/\",\"name\":\"The Epoch Times TR\",\"description\":\"De\u011fi\u015fen D\u00fcnyam\u0131za Taze Bir Bak\u0131\u015f\",\"publisher\":{\"@id\":\"https:\/\/epochtimestr.com\/#organization\"},\"potentialAction\":[{\"@type\":\"SearchAction\",\"target\":{\"@type\":\"EntryPoint\",\"urlTemplate\":\"https:\/\/epochtimestr.com\/?s={search_term_string}\"},\"query-input\":\"required name=search_term_string\"}],\"inLanguage\":\"tr\"},{\"@type\":\"Organization\",\"@id\":\"https:\/\/epochtimestr.com\/#organization\",\"name\":\"The EpochTimes T\u00fcrkiye\",\"url\":\"https:\/\/epochtimestr.com\/\",\"logo\":{\"@type\":\"ImageObject\",\"inLanguage\":\"tr\",\"@id\":\"https:\/\/epochtimestr.com\/#\/schema\/logo\/image\/\",\"url\":\"https:\/\/epochtimestr.com\/wp-content\/uploads\/2011y\/ET-Logo-YG.jpg\",\"contentUrl\":\"https:\/\/epochtimestr.com\/wp-content\/uploads\/2011y\/ET-Logo-YG.jpg\",\"width\":346,\"height\":29,\"caption\":\"The EpochTimes T\u00fcrkiye\"},\"image\":{\"@id\":\"https:\/\/epochtimestr.com\/#\/schema\/logo\/image\/\"},\"sameAs\":[\"https:\/\/www.facebook.com\/theepochtimestr\",\"https:\/\/x.com\/TheEpochTimesTR\",\"https:\/\/www.instagram.com\/epochtimestr\"]},{\"@type\":\"Person\",\"@id\":\"https:\/\/epochtimestr.com\/#\/schema\/person\/3dc5c3adeb9f43923c5aa85889172fdd\",\"name\":\"Haber Merkezi\",\"image\":{\"@type\":\"ImageObject\",\"inLanguage\":\"tr\",\"@id\":\"https:\/\/epochtimestr.com\/#\/schema\/person\/image\/\",\"url\":\"https:\/\/secure.gravatar.com\/avatar\/d73f772ba5a74f28601361e17c2f93e6?s=96&d=mm&r=g\",\"contentUrl\":\"https:\/\/secure.gravatar.com\/avatar\/d73f772ba5a74f28601361e17c2f93e6?s=96&d=mm&r=g\",\"caption\":\"Haber Merkezi\"},\"url\":\"https:\/\/epochtimestr.com\/index.php\/author\/sendag\"}]}<\/script>\n<!-- \/ Yoast SEO plugin. -->","yoast_head_json":{"title":"Beraat Karar\u0131n\u0131n Ard\u0131ndan Ahmet \u00d6zer'den \u0130lk A\u00e7\u0131klama - The Epoch Times TR","description":"Esenyurt Belediye Ba\u015fkan\u0131 Ahmet \u00d6zer, 200 san\u0131kl\u0131 Aziz \u0130hsan Akta\u015f davas\u0131nda \u201c\u00f6zel belgede sahtecilik\u201d su\u00e7undan beraat etti.","robots":{"index":"index","follow":"follow","max-snippet":"max-snippet:-1","max-image-preview":"max-image-preview:large","max-video-preview":"max-video-preview:-1"},"canonical":"https:\/\/epochtimestr.com\/index.php\/beraat-kararinin-ardindan-ahmet-ozerden-ilk-aciklama","og_locale":"tr_TR","og_type":"article","og_title":"Beraat Karar\u0131n\u0131n Ard\u0131ndan Ahmet \u00d6zer'den \u0130lk A\u00e7\u0131klama - The Epoch Times TR","og_description":"Esenyurt Belediye Ba\u015fkan\u0131 Ahmet \u00d6zer, 200 san\u0131kl\u0131 Aziz \u0130hsan Akta\u015f davas\u0131nda \u201c\u00f6zel belgede sahtecilik\u201d su\u00e7undan beraat etti.","og_url":"https:\/\/epochtimestr.com\/index.php\/beraat-kararinin-ardindan-ahmet-ozerden-ilk-aciklama","og_site_name":"The Epoch Times TR","article_publisher":"https:\/\/www.facebook.com\/theepochtimestr","article_published_time":"2026-08-25T06:11:43+00:00","article_modified_time":"2026-08-26T08:03:35+00:00","og_image":[{"width":860,"height":480,"url":"https:\/\/epochtimestr.com\/wp-content\/uploads\/2011y\/esenyurt-belediyesi.webp","type":"image\/webp"}],"author":"Haber Merkezi","twitter_card":"summary_large_image","twitter_creator":"@TheEpochTimesTR","twitter_site":"@TheEpochTimesTR","twitter_misc":{"Yazan:":"Haber Merkezi","Tahmini okuma s\u00fcresi":"3 dakika"},"schema":{"@context":"https:\/\/schema.org","@graph":[{"@type":"Article","@id":"https:\/\/epochtimestr.com\/index.php\/beraat-kararinin-ardindan-ahmet-ozerden-ilk-aciklama#article","isPartOf":{"@id":"https:\/\/epochtimestr.com\/index.php\/beraat-kararinin-ardindan-ahmet-ozerden-ilk-aciklama"},"author":{"name":"Haber Merkezi","@id":"https:\/\/epochtimestr.com\/#\/schema\/person\/3dc5c3adeb9f43923c5aa85889172fdd"},"headline":"Beraat Karar\u0131n\u0131n Ard\u0131ndan Ahmet \u00d6zer&#8217;den \u0130lk A\u00e7\u0131klama","datePublished":"2026-08-25T06:11:43+00:00","dateModified":"2026-08-26T08:03:35+00:00","mainEntityOfPage":{"@id":"https:\/\/epochtimestr.com\/index.php\/beraat-kararinin-ardindan-ahmet-ozerden-ilk-aciklama"},"wordCount":494,"commentCount":0,"publisher":{"@id":"https:\/\/epochtimestr.com\/#organization"},"image":{"@id":"https:\/\/epochtimestr.com\/index.php\/beraat-kararinin-ardindan-ahmet-ozerden-ilk-aciklama#primaryimage"},"thumbnailUrl":"https:\/\/epochtimestr.com\/wp-content\/uploads\/2011y\/esenyurt-belediyesi.webp","keywords":["ahmet \u00f6zer","Aziz \u0130hsan Akta\u015f davas\u0131","beraat","Esenyurt Belediye Ba\u015fkan\u0131","hapis cezas\u0131","\u0130stanbul 1. A\u011f\u0131r Ceza Mahkemesi"],"articleSection":["G\u00dcNDEM","MAN\u015eET","Siyaset"],"inLanguage":"tr","potentialAction":[{"@type":"CommentAction","name":"Comment","target":["https:\/\/epochtimestr.com\/index.php\/beraat-kararinin-ardindan-ahmet-ozerden-ilk-aciklama#respond"]}]},{"@type":"WebPage","@id":"https:\/\/epochtimestr.com\/index.php\/beraat-kararinin-ardindan-ahmet-ozerden-ilk-aciklama","url":"https:\/\/epochtimestr.com\/index.php\/beraat-kararinin-ardindan-ahmet-ozerden-ilk-aciklama","name":"Beraat Karar\u0131n\u0131n Ard\u0131ndan Ahmet \u00d6zer'den \u0130lk A\u00e7\u0131klama - The Epoch Times TR","isPartOf":{"@id":"https:\/\/epochtimestr.com\/#website"},"primaryImageOfPage":{"@id":"https:\/\/epochtimestr.com\/index.php\/beraat-kararinin-ardindan-ahmet-ozerden-ilk-aciklama#primaryimage"},"image":{"@id":"https:\/\/epochtimestr.com\/index.php\/beraat-kararinin-ardindan-ahmet-ozerden-ilk-aciklama#primaryimage"},"thumbnailUrl":"https:\/\/epochtimestr.com\/wp-content\/uploads\/2011y\/esenyurt-belediyesi.webp","datePublished":"2026-08-25T06:11:43+00:00","dateModified":"2026-08-26T08:03:35+00:00","description":"Esenyurt Belediye Ba\u015fkan\u0131 Ahmet \u00d6zer, 200 san\u0131kl\u0131 Aziz \u0130hsan Akta\u015f davas\u0131nda \u201c\u00f6zel belgede sahtecilik\u201d su\u00e7undan beraat etti.","inLanguage":"tr","potentialAction":[{"@type":"ReadAction","target":["https:\/\/epochtimestr.com\/index.php\/beraat-kararinin-ardindan-ahmet-ozerden-ilk-aciklama"]}]},{"@type":"ImageObject","inLanguage":"tr","@id":"https:\/\/epochtimestr.com\/index.php\/beraat-kararinin-ardindan-ahmet-ozerden-ilk-aciklama#primaryimage","url":"https:\/\/epochtimestr.com\/wp-content\/uploads\/2011y\/esenyurt-belediyesi.webp","contentUrl":"https:\/\/epochtimestr.com\/wp-content\/uploads\/2011y\/esenyurt-belediyesi.webp","width":860,"height":480},{"@type":"WebSite","@id":"https:\/\/epochtimestr.com\/#website","url":"https:\/\/epochtimestr.com\/","name":"The Epoch Times TR","description":"De\u011fi\u015fen D\u00fcnyam\u0131za Taze Bir Bak\u0131\u015f","publisher":{"@id":"https:\/\/epochtimestr.com\/#organization"},"potentialAction":[{"@type":"SearchAction","target":{"@type":"EntryPoint","urlTemplate":"https:\/\/epochtimestr.com\/?s={search_term_string}"},"query-input":"required name=search_term_string"}],"inLanguage":"tr"},{"@type":"Organization","@id":"https:\/\/epochtimestr.com\/#organization","name":"The EpochTimes T\u00fcrkiye","url":"https:\/\/epochtimestr.com\/","logo":{"@type":"ImageObject","inLanguage":"tr","@id":"https:\/\/epochtimestr.com\/#\/schema\/logo\/image\/","url":"https:\/\/epochtimestr.com\/wp-content\/uploads\/2011y\/ET-Logo-YG.jpg","contentUrl":"https:\/\/epochtimestr.com\/wp-content\/uploads\/2011y\/ET-Logo-YG.jpg","width":346,"height":29,"caption":"The EpochTimes T\u00fcrkiye"},"image":{"@id":"https:\/\/epochtimestr.com\/#\/schema\/logo\/image\/"},"sameAs":["https:\/\/www.facebook.com\/theepochtimestr","https:\/\/x.com\/TheEpochTimesTR","https:\/\/www.instagram.com\/epochtimestr"]},{"@type":"Person","@id":"https:\/\/epochtimestr.com\/#\/schema\/person\/3dc5c3adeb9f43923c5aa85889172fdd","name":"Haber Merkezi","image":{"@type":"ImageObject","inLanguage":"tr","@id":"https:\/\/epochtimestr.com\/#\/schema\/person\/image\/","url":"https:\/\/secure.gravatar.com\/avatar\/d73f772ba5a74f28601361e17c2f93e6?s=96&d=mm&r=g","contentUrl":"https:\/\/secure.gravatar.com\/avatar\/d73f772ba5a74f28601361e17c2f93e6?s=96&d=mm&r=g","caption":"Haber Merkezi"},"url":"https:\/\/epochtimestr.com\/index.php\/author\/sendag"}]}},"_links":{"self":[{"href":"https:\/\/epochtimestr.com\/index.php\/wp-json\/wp\/v2\/posts\/170947"}],"collection":[{"href":"https:\/\/epochtimestr.com\/index.php\/wp-json\/wp\/v2\/posts"}],"about":[{"href":"https:\/\/epochtimestr.com\/index.php\/wp-json\/wp\/v2\/types\/post"}],"author":[{"embeddable":true,"href":"https:\/\/epochtimestr.com\/index.php\/wp-json\/wp\/v2\/users\/12791"}],"replies":[{"embeddable":true,"href":"https:\/\/epochtimestr.com\/index.php\/wp-json\/wp\/v2\/comments?post=170947"}],"version-history":[{"count":3,"href":"https:\/\/epochtimestr.com\/index.php\/wp-json\/wp\/v2\/posts\/170947\/revisions"}],"predecessor-version":[{"id":171013,"href":"https:\/\/epochtimestr.com\/index.php\/wp-json\/wp\/v2\/posts\/170947\/revisions\/171013"}],"wp:featuredmedia":[{"embeddable":true,"href":"https:\/\/epochtimestr.com\/index.php\/wp-json\/wp\/v2\/media\/170948"}],"wp:attachment":[{"href":"https:\/\/epochtimestr.com\/index.php\/wp-json\/wp\/v2\/media?parent=170947"}],"wp:term":[{"taxonomy":"category","embeddable":true,"href":"https:\/\/epochtimestr.com\/index.php\/wp-json\/wp\/v2\/categories?post=170947"},{"taxonomy":"post_tag","embeddable":true,"href":"https:\/\/epochtimestr.com\/index.php\/wp-json\/wp\/v2\/tags?post=170947"}],"curies":[{"name":"wp","href":"https:\/\/api.w.org\/{rel}","templated":true}]}}