{"id":170950,"date":"2026-08-25T09:16:03","date_gmt":"2026-08-25T06:16:03","guid":{"rendered":"https:\/\/epochtimestr.com\/?p=170950"},"modified":"2026-08-25T09:16:05","modified_gmt":"2026-08-25T06:16:05","slug":"candan-yuceer-chpden-istifa-ederek-yeni-partiye-katildi","status":"publish","type":"post","link":"https:\/\/epochtimestr.com\/index.php\/candan-yuceer-chpden-istifa-ederek-yeni-partiye-katildi","title":{"rendered":"Candan Y\u00fcceer CHP&#8217;den \u0130stifa Ederek Yeni Parti&#8217;ye Kat\u0131ld\u0131"},"content":{"rendered":"<div class=\"wp-block-image\">\n<figure class=\"aligncenter size-full is-resized\"><img loading=\"lazy\" decoding=\"async\" width=\"1280\" height=\"720\" src=\"https:\/\/epochtimestr.com\/wp-content\/uploads\/2011y\/tekirdag-belediyesi.webp\" alt=\"Candan Y\u00fcceer CHP'den istifa ederek Yeni Parti'ye kat\u0131ld\u0131 (Foto\u011fraf: Tekirda\u011f Belediyesi web sitesi)\" class=\"wp-image-170951\" style=\"width:841px;height:auto\" srcset=\"https:\/\/epochtimestr.com\/wp-content\/uploads\/2011y\/tekirdag-belediyesi.webp 1280w, https:\/\/epochtimestr.com\/wp-content\/uploads\/2011y\/tekirdag-belediyesi-300x169.webp 300w, https:\/\/epochtimestr.com\/wp-content\/uploads\/2011y\/tekirdag-belediyesi-150x84.webp 150w, https:\/\/epochtimestr.com\/wp-content\/uploads\/2011y\/tekirdag-belediyesi-768x432.webp 768w\" sizes=\"(max-width: 1280px) 100vw, 1280px\" \/><figcaption class=\"wp-element-caption\">Candan Y\u00fcceer CHP&#8217;den istifa ederek Yeni Parti&#8217;ye kat\u0131ld\u0131 (Foto\u011fraf: Tekirda\u011f Belediyesi web sitesi)<\/figcaption><\/figure><\/div>\n\n\n<h2 class=\"wp-block-heading\">Tekirda\u011f B\u00fcy\u00fck\u015fehir Belediye Ba\u015fkan\u0131 Candan Y\u00fcceer, 18 y\u0131ld\u0131r \u00fcyesi oldu\u011fu CHP&#8217;den istifa ederek Yeni Parti&#8217;ye ge\u00e7ti\u011fini a\u00e7\u0131klad\u0131.<\/h2>\n\n\n\n<p>Tekirda\u011f B\u00fcy\u00fck\u015fehir <a href=\"https:\/\/epochtimestr.com\/index.php\/chp-genel-baskani-ozgur-ozel-bugday-tarimi-yapilan-alan-3-milyon-hektar-azaldi\">Belediye Ba\u015fkan\u0131<\/a> Candan Y\u00fcceer, 18 y\u0131ld\u0131r \u00fcyesi oldu\u011fu CHP&#8217;den istifa ederek <a href=\"https:\/\/epochtimestr.com\/index.php\/yeni-parti-lideri-ozgur-ozel-rizede-balikcilar-koyunu-ziyaret-etti\" target=\"_blank\" rel=\"noreferrer noopener\">Yeni Parti<\/a>&#8216;ye ge\u00e7ti\u011fini a\u00e7\u0131klad\u0131. Y\u00fcceer, yapt\u0131\u011f\u0131 a\u00e7\u0131klamada, 18 y\u0131ld\u0131r \u00fcyesi oldu\u011fu ve bir\u00e7ok kademesinde g\u00f6rev ald\u0131\u011f\u0131 partisinden ayr\u0131lma karar\u0131n\u0131n hayat\u0131nda ald\u0131\u011f\u0131 en zor kararlardan biri oldu\u011funu belirtti.<\/p>\n\n\n\n<p><strong>Partisinden &#8220;istemeden ve zorunlu olarak&#8221; ayr\u0131ld\u0131\u011f\u0131n\u0131 ifade eden Y\u00fcceer, \u015funlar\u0131 s\u00f6yledi:<\/strong><\/p>\n\n\n\n<p>&#8220;18 y\u0131ld\u0131r \u00fcyesi oldu\u011fum, birlikte m\u00fccadele etti\u011fim, bir\u00e7ok kademede emek verdi\u011fim partimden, baba oca\u011f\u0131mdan istemeden ve zorunlu olarak ayr\u0131l\u0131yorum. Bu benim hayat\u0131mda ald\u0131\u011f\u0131m en zor kararlardan biri. Ancak bug\u00fcn kar\u015f\u0131 kar\u015f\u0131ya oldu\u011fumuz mesele bir ki\u015finin ya da bir grubun meselesi de\u011fildir. Mesele, se\u00e7ilmi\u015f iradenin yok say\u0131lmas\u0131d\u0131r. Mesele, y\u0131llarca emek veren \u00f6rg\u00fct\u00fcm\u00fcz ve parti \u00fcyelerimizin iradesinin hi\u00e7e say\u0131lmas\u0131d\u0131r. Mesele, milletin sand\u0131kta ortaya koydu\u011fu a\u00e7\u0131k talebin g\u00f6rmezden gelinmesidir.<\/p>\n\n\n\n<p>Oysa bir siyasi partinin en b\u00fcy\u00fck g\u00fcc\u00fc \u00fcyeleri, \u00f6rg\u00fct\u00fc, delegeleri ve sand\u0131kta ortaya \u00e7\u0131kan iradesidir. Benim itiraz\u0131m tam olarak bunad\u0131r. Butlan anlay\u0131\u015f\u0131yla \u00f6rg\u00fct\u00fcm\u00fcz\u00fcn iradesine, \u00fcyelerimizin tercihine ve se\u00e7ilmi\u015flerin me\u015fruiyetine g\u00f6lge d\u00fc\u015f\u00fcr\u00fclmesine sessiz kalmayaca\u011f\u0131m. Benim i\u00e7in siyaset, ki\u015filere, makamlara ya da koltuklara de\u011fil, ilkelere, de\u011ferlere ve milletin iradesine ba\u011fl\u0131l\u0131kt\u0131r. \u00d6rg\u00fct\u00fcn, se\u00e7ilmi\u015flerin, \u00fcyelerin ve milletin iradesi yok say\u0131lamaz. Bug\u00fcn 20 y\u0131ll\u0131k eme\u011fimi, m\u00fccadelemi, yol arkada\u015flar\u0131m\u0131 ve Cumhuriyet Halk Partisi\u2019nin kurulu\u015fundan bug\u00fcne ta\u015f\u0131d\u0131\u011f\u0131 de\u011ferleri kalbimde ta\u015f\u0131yarak &#8216;yeni&#8217; bir yola \u00e7\u0131k\u0131yorum. Bu karar benim i\u00e7in bir vazge\u00e7i\u015f de\u011fil, inand\u0131\u011f\u0131m de\u011ferleri, m\u00fccadeleyi ve hedefleri ya\u015fatma karar\u0131d\u0131r. Partimizin kurulu\u015f ruhuna sahip \u00e7\u0131karak cumhuriyetimizin gelece\u011fi i\u00e7in yeni bir yola \u00e7\u0131k\u0131yoruz. Mustafa Kemal Atat\u00fcrk\u2019\u00fcn yolunda, cumhuriyetimizin \u0131\u015f\u0131\u011f\u0131nda demokrasiye, hukuka, \u00f6zg\u00fcrl\u00fc\u011fe ve milletin iradesine sahip \u00e7\u0131karak, ge\u00e7mi\u015ften ald\u0131\u011f\u0131m\u0131z g\u00fc\u00e7le, gelece\u011fe duydu\u011fumuz inan\u00e7la yeni ve g\u00fczel g\u00fcnlere hep birlikte y\u00fcr\u00fcyoruz&#8221;.<\/p>\n","protected":false},"excerpt":{"rendered":"<p>Tekirda\u011f B\u00fcy\u00fck\u015fehir Belediye Ba\u015fkan\u0131 Candan Y\u00fcceer, 18 y\u0131ld\u0131r \u00fcyesi oldu\u011fu CHP&#8217;den istifa ederek Yeni Parti&#8217;ye ge\u00e7ti\u011fini a\u00e7\u0131klad\u0131. Tekirda\u011f B\u00fcy\u00fck\u015fehir Belediye Ba\u015fkan\u0131 Candan Y\u00fcceer, 18 y\u0131ld\u0131r \u00fcyesi oldu\u011fu CHP&#8217;den istifa ederek Yeni Parti&#8216;ye ge\u00e7ti\u011fini a\u00e7\u0131klad\u0131. Y\u00fcceer, yapt\u0131\u011f\u0131 a\u00e7\u0131klamada, 18 y\u0131ld\u0131r \u00fcyesi oldu\u011fu ve bir\u00e7ok kademesinde g\u00f6rev ald\u0131\u011f\u0131 partisinden ayr\u0131lma karar\u0131n\u0131n hayat\u0131nda ald\u0131\u011f\u0131 en zor kararlardan biri [&hellip;]<\/p>\n","protected":false},"author":12791,"featured_media":170951,"comment_status":"open","ping_status":"open","sticky":false,"template":"","format":"standard","meta":{"_yoast_wpseo_focuskw":"candan Y\u00fcceer","_yoast_wpseo_title":"","_yoast_wpseo_metadesc":"Tekirda\u011f B\u00fcy\u00fck\u015fehir Belediye Ba\u015fkan\u0131 Candan Y\u00fcceer, 18 y\u0131ld\u0131r \u00fcyesi oldu\u011fu CHP'den istifa ederek Yeni Parti'ye ge\u00e7ti\u011fini a\u00e7\u0131klad\u0131.","_bbp_topic_count":0,"_bbp_reply_count":0,"_bbp_total_topic_count":0,"_bbp_total_reply_count":0,"_bbp_voice_count":0,"_bbp_anonymous_reply_count":0,"_bbp_topic_count_hidden":0,"_bbp_reply_count_hidden":0,"_bbp_forum_subforum_count":0,"footnotes":"","_yoast_wpseo_focuskw_text_input":""},"categories":[1,8138,8226],"tags":[12441,583,11836,12440,11909],"yoast_head":"<!-- This site is optimized with the Yoast SEO plugin v23.0 - https:\/\/yoast.com\/wordpress\/plugins\/seo\/ -->\n<title>Candan Y\u00fcceer CHP&#039;den \u0130stifa Ederek Yeni Parti&#039;ye Kat\u0131ld\u0131 - The Epoch Times TR<\/title>\n<meta name=\"description\" content=\"Tekirda\u011f B\u00fcy\u00fck\u015fehir Belediye Ba\u015fkan\u0131 Candan Y\u00fcceer, 18 y\u0131ld\u0131r \u00fcyesi oldu\u011fu CHP&#039;den istifa ederek Yeni Parti&#039;ye ge\u00e7ti\u011fini a\u00e7\u0131klad\u0131.\" \/>\n<meta name=\"robots\" content=\"index, follow, max-snippet:-1, max-image-preview:large, max-video-preview:-1\" \/>\n<link rel=\"canonical\" href=\"https:\/\/epochtimestr.com\/index.php\/candan-yuceer-chpden-istifa-ederek-yeni-partiye-katildi\" \/>\n<meta property=\"og:locale\" content=\"tr_TR\" \/>\n<meta property=\"og:type\" content=\"article\" \/>\n<meta property=\"og:title\" content=\"Candan Y\u00fcceer CHP&#039;den \u0130stifa Ederek Yeni Parti&#039;ye Kat\u0131ld\u0131 - The Epoch Times TR\" \/>\n<meta property=\"og:description\" content=\"Tekirda\u011f B\u00fcy\u00fck\u015fehir Belediye Ba\u015fkan\u0131 Candan Y\u00fcceer, 18 y\u0131ld\u0131r \u00fcyesi oldu\u011fu CHP&#039;den istifa ederek Yeni Parti&#039;ye ge\u00e7ti\u011fini a\u00e7\u0131klad\u0131.\" \/>\n<meta property=\"og:url\" content=\"https:\/\/epochtimestr.com\/index.php\/candan-yuceer-chpden-istifa-ederek-yeni-partiye-katildi\" \/>\n<meta property=\"og:site_name\" content=\"The Epoch Times TR\" \/>\n<meta property=\"article:publisher\" content=\"https:\/\/www.facebook.com\/theepochtimestr\" \/>\n<meta property=\"article:published_time\" content=\"2026-08-25T06:16:03+00:00\" \/>\n<meta property=\"article:modified_time\" content=\"2026-08-25T06:16:05+00:00\" \/>\n<meta property=\"og:image\" content=\"https:\/\/epochtimestr.com\/wp-content\/uploads\/2011y\/tekirdag-belediyesi.webp\" \/>\n\t<meta property=\"og:image:width\" content=\"1280\" \/>\n\t<meta property=\"og:image:height\" content=\"720\" \/>\n\t<meta property=\"og:image:type\" content=\"image\/webp\" \/>\n<meta name=\"author\" content=\"Haber Merkezi\" \/>\n<meta name=\"twitter:card\" content=\"summary_large_image\" \/>\n<meta name=\"twitter:creator\" content=\"@TheEpochTimesTR\" \/>\n<meta name=\"twitter:site\" content=\"@TheEpochTimesTR\" \/>\n<meta name=\"twitter:label1\" content=\"Yazan:\" \/>\n\t<meta name=\"twitter:data1\" content=\"Haber Merkezi\" \/>\n\t<meta name=\"twitter:label2\" content=\"Tahmini okuma s\u00fcresi\" \/>\n\t<meta name=\"twitter:data2\" content=\"3 dakika\" \/>\n<script type=\"application\/ld+json\" class=\"yoast-schema-graph\">{\"@context\":\"https:\/\/schema.org\",\"@graph\":[{\"@type\":\"Article\",\"@id\":\"https:\/\/epochtimestr.com\/index.php\/candan-yuceer-chpden-istifa-ederek-yeni-partiye-katildi#article\",\"isPartOf\":{\"@id\":\"https:\/\/epochtimestr.com\/index.php\/candan-yuceer-chpden-istifa-ederek-yeni-partiye-katildi\"},\"author\":{\"name\":\"Haber Merkezi\",\"@id\":\"https:\/\/epochtimestr.com\/#\/schema\/person\/3dc5c3adeb9f43923c5aa85889172fdd\"},\"headline\":\"Candan Y\u00fcceer CHP&#8217;den \u0130stifa Ederek Yeni Parti&#8217;ye Kat\u0131ld\u0131\",\"datePublished\":\"2026-08-25T06:16:03+00:00\",\"dateModified\":\"2026-08-25T06:16:05+00:00\",\"mainEntityOfPage\":{\"@id\":\"https:\/\/epochtimestr.com\/index.php\/candan-yuceer-chpden-istifa-ederek-yeni-partiye-katildi\"},\"wordCount\":430,\"commentCount\":0,\"publisher\":{\"@id\":\"https:\/\/epochtimestr.com\/#organization\"},\"image\":{\"@id\":\"https:\/\/epochtimestr.com\/index.php\/candan-yuceer-chpden-istifa-ederek-yeni-partiye-katildi#primaryimage\"},\"thumbnailUrl\":\"https:\/\/epochtimestr.com\/wp-content\/uploads\/2011y\/tekirdag-belediyesi.webp\",\"keywords\":[\"Candan Y\u00fcceer\",\"CHP\",\"istifa\",\"Tekirda\u011f B\u00fcy\u00fck\u015fehir Belediyesi\",\"YEN\u0130 Parti\"],\"articleSection\":[\"G\u00dcNDEM\",\"MAN\u015eET\",\"Siyaset\"],\"inLanguage\":\"tr\",\"potentialAction\":[{\"@type\":\"CommentAction\",\"name\":\"Comment\",\"target\":[\"https:\/\/epochtimestr.com\/index.php\/candan-yuceer-chpden-istifa-ederek-yeni-partiye-katildi#respond\"]}]},{\"@type\":\"WebPage\",\"@id\":\"https:\/\/epochtimestr.com\/index.php\/candan-yuceer-chpden-istifa-ederek-yeni-partiye-katildi\",\"url\":\"https:\/\/epochtimestr.com\/index.php\/candan-yuceer-chpden-istifa-ederek-yeni-partiye-katildi\",\"name\":\"Candan Y\u00fcceer CHP'den \u0130stifa Ederek Yeni Parti'ye Kat\u0131ld\u0131 - The Epoch Times TR\",\"isPartOf\":{\"@id\":\"https:\/\/epochtimestr.com\/#website\"},\"primaryImageOfPage\":{\"@id\":\"https:\/\/epochtimestr.com\/index.php\/candan-yuceer-chpden-istifa-ederek-yeni-partiye-katildi#primaryimage\"},\"image\":{\"@id\":\"https:\/\/epochtimestr.com\/index.php\/candan-yuceer-chpden-istifa-ederek-yeni-partiye-katildi#primaryimage\"},\"thumbnailUrl\":\"https:\/\/epochtimestr.com\/wp-content\/uploads\/2011y\/tekirdag-belediyesi.webp\",\"datePublished\":\"2026-08-25T06:16:03+00:00\",\"dateModified\":\"2026-08-25T06:16:05+00:00\",\"description\":\"Tekirda\u011f B\u00fcy\u00fck\u015fehir Belediye Ba\u015fkan\u0131 Candan Y\u00fcceer, 18 y\u0131ld\u0131r \u00fcyesi oldu\u011fu CHP'den istifa ederek Yeni Parti'ye ge\u00e7ti\u011fini a\u00e7\u0131klad\u0131.\",\"inLanguage\":\"tr\",\"potentialAction\":[{\"@type\":\"ReadAction\",\"target\":[\"https:\/\/epochtimestr.com\/index.php\/candan-yuceer-chpden-istifa-ederek-yeni-partiye-katildi\"]}]},{\"@type\":\"ImageObject\",\"inLanguage\":\"tr\",\"@id\":\"https:\/\/epochtimestr.com\/index.php\/candan-yuceer-chpden-istifa-ederek-yeni-partiye-katildi#primaryimage\",\"url\":\"https:\/\/epochtimestr.com\/wp-content\/uploads\/2011y\/tekirdag-belediyesi.webp\",\"contentUrl\":\"https:\/\/epochtimestr.com\/wp-content\/uploads\/2011y\/tekirdag-belediyesi.webp\",\"width\":1280,\"height\":720},{\"@type\":\"WebSite\",\"@id\":\"https:\/\/epochtimestr.com\/#website\",\"url\":\"https:\/\/epochtimestr.com\/\",\"name\":\"The Epoch Times TR\",\"description\":\"De\u011fi\u015fen D\u00fcnyam\u0131za Taze Bir Bak\u0131\u015f\",\"publisher\":{\"@id\":\"https:\/\/epochtimestr.com\/#organization\"},\"potentialAction\":[{\"@type\":\"SearchAction\",\"target\":{\"@type\":\"EntryPoint\",\"urlTemplate\":\"https:\/\/epochtimestr.com\/?s={search_term_string}\"},\"query-input\":\"required name=search_term_string\"}],\"inLanguage\":\"tr\"},{\"@type\":\"Organization\",\"@id\":\"https:\/\/epochtimestr.com\/#organization\",\"name\":\"The EpochTimes T\u00fcrkiye\",\"url\":\"https:\/\/epochtimestr.com\/\",\"logo\":{\"@type\":\"ImageObject\",\"inLanguage\":\"tr\",\"@id\":\"https:\/\/epochtimestr.com\/#\/schema\/logo\/image\/\",\"url\":\"https:\/\/epochtimestr.com\/wp-content\/uploads\/2011y\/ET-Logo-YG.jpg\",\"contentUrl\":\"https:\/\/epochtimestr.com\/wp-content\/uploads\/2011y\/ET-Logo-YG.jpg\",\"width\":346,\"height\":29,\"caption\":\"The EpochTimes T\u00fcrkiye\"},\"image\":{\"@id\":\"https:\/\/epochtimestr.com\/#\/schema\/logo\/image\/\"},\"sameAs\":[\"https:\/\/www.facebook.com\/theepochtimestr\",\"https:\/\/x.com\/TheEpochTimesTR\",\"https:\/\/www.instagram.com\/epochtimestr\"]},{\"@type\":\"Person\",\"@id\":\"https:\/\/epochtimestr.com\/#\/schema\/person\/3dc5c3adeb9f43923c5aa85889172fdd\",\"name\":\"Haber Merkezi\",\"image\":{\"@type\":\"ImageObject\",\"inLanguage\":\"tr\",\"@id\":\"https:\/\/epochtimestr.com\/#\/schema\/person\/image\/\",\"url\":\"https:\/\/secure.gravatar.com\/avatar\/d73f772ba5a74f28601361e17c2f93e6?s=96&d=mm&r=g\",\"contentUrl\":\"https:\/\/secure.gravatar.com\/avatar\/d73f772ba5a74f28601361e17c2f93e6?s=96&d=mm&r=g\",\"caption\":\"Haber Merkezi\"},\"url\":\"https:\/\/epochtimestr.com\/index.php\/author\/sendag\"}]}<\/script>\n<!-- \/ Yoast SEO plugin. -->","yoast_head_json":{"title":"Candan Y\u00fcceer CHP'den \u0130stifa Ederek Yeni Parti'ye Kat\u0131ld\u0131 - The Epoch Times TR","description":"Tekirda\u011f B\u00fcy\u00fck\u015fehir Belediye Ba\u015fkan\u0131 Candan Y\u00fcceer, 18 y\u0131ld\u0131r \u00fcyesi oldu\u011fu CHP'den istifa ederek Yeni Parti'ye ge\u00e7ti\u011fini a\u00e7\u0131klad\u0131.","robots":{"index":"index","follow":"follow","max-snippet":"max-snippet:-1","max-image-preview":"max-image-preview:large","max-video-preview":"max-video-preview:-1"},"canonical":"https:\/\/epochtimestr.com\/index.php\/candan-yuceer-chpden-istifa-ederek-yeni-partiye-katildi","og_locale":"tr_TR","og_type":"article","og_title":"Candan Y\u00fcceer CHP'den \u0130stifa Ederek Yeni Parti'ye Kat\u0131ld\u0131 - The Epoch Times TR","og_description":"Tekirda\u011f B\u00fcy\u00fck\u015fehir Belediye Ba\u015fkan\u0131 Candan Y\u00fcceer, 18 y\u0131ld\u0131r \u00fcyesi oldu\u011fu CHP'den istifa ederek Yeni Parti'ye ge\u00e7ti\u011fini a\u00e7\u0131klad\u0131.","og_url":"https:\/\/epochtimestr.com\/index.php\/candan-yuceer-chpden-istifa-ederek-yeni-partiye-katildi","og_site_name":"The Epoch Times TR","article_publisher":"https:\/\/www.facebook.com\/theepochtimestr","article_published_time":"2026-08-25T06:16:03+00:00","article_modified_time":"2026-08-25T06:16:05+00:00","og_image":[{"width":1280,"height":720,"url":"https:\/\/epochtimestr.com\/wp-content\/uploads\/2011y\/tekirdag-belediyesi.webp","type":"image\/webp"}],"author":"Haber Merkezi","twitter_card":"summary_large_image","twitter_creator":"@TheEpochTimesTR","twitter_site":"@TheEpochTimesTR","twitter_misc":{"Yazan:":"Haber Merkezi","Tahmini okuma s\u00fcresi":"3 dakika"},"schema":{"@context":"https:\/\/schema.org","@graph":[{"@type":"Article","@id":"https:\/\/epochtimestr.com\/index.php\/candan-yuceer-chpden-istifa-ederek-yeni-partiye-katildi#article","isPartOf":{"@id":"https:\/\/epochtimestr.com\/index.php\/candan-yuceer-chpden-istifa-ederek-yeni-partiye-katildi"},"author":{"name":"Haber Merkezi","@id":"https:\/\/epochtimestr.com\/#\/schema\/person\/3dc5c3adeb9f43923c5aa85889172fdd"},"headline":"Candan Y\u00fcceer CHP&#8217;den \u0130stifa Ederek Yeni Parti&#8217;ye Kat\u0131ld\u0131","datePublished":"2026-08-25T06:16:03+00:00","dateModified":"2026-08-25T06:16:05+00:00","mainEntityOfPage":{"@id":"https:\/\/epochtimestr.com\/index.php\/candan-yuceer-chpden-istifa-ederek-yeni-partiye-katildi"},"wordCount":430,"commentCount":0,"publisher":{"@id":"https:\/\/epochtimestr.com\/#organization"},"image":{"@id":"https:\/\/epochtimestr.com\/index.php\/candan-yuceer-chpden-istifa-ederek-yeni-partiye-katildi#primaryimage"},"thumbnailUrl":"https:\/\/epochtimestr.com\/wp-content\/uploads\/2011y\/tekirdag-belediyesi.webp","keywords":["Candan Y\u00fcceer","CHP","istifa","Tekirda\u011f B\u00fcy\u00fck\u015fehir Belediyesi","YEN\u0130 Parti"],"articleSection":["G\u00dcNDEM","MAN\u015eET","Siyaset"],"inLanguage":"tr","potentialAction":[{"@type":"CommentAction","name":"Comment","target":["https:\/\/epochtimestr.com\/index.php\/candan-yuceer-chpden-istifa-ederek-yeni-partiye-katildi#respond"]}]},{"@type":"WebPage","@id":"https:\/\/epochtimestr.com\/index.php\/candan-yuceer-chpden-istifa-ederek-yeni-partiye-katildi","url":"https:\/\/epochtimestr.com\/index.php\/candan-yuceer-chpden-istifa-ederek-yeni-partiye-katildi","name":"Candan Y\u00fcceer CHP'den \u0130stifa Ederek Yeni Parti'ye Kat\u0131ld\u0131 - The Epoch Times TR","isPartOf":{"@id":"https:\/\/epochtimestr.com\/#website"},"primaryImageOfPage":{"@id":"https:\/\/epochtimestr.com\/index.php\/candan-yuceer-chpden-istifa-ederek-yeni-partiye-katildi#primaryimage"},"image":{"@id":"https:\/\/epochtimestr.com\/index.php\/candan-yuceer-chpden-istifa-ederek-yeni-partiye-katildi#primaryimage"},"thumbnailUrl":"https:\/\/epochtimestr.com\/wp-content\/uploads\/2011y\/tekirdag-belediyesi.webp","datePublished":"2026-08-25T06:16:03+00:00","dateModified":"2026-08-25T06:16:05+00:00","description":"Tekirda\u011f B\u00fcy\u00fck\u015fehir Belediye Ba\u015fkan\u0131 Candan Y\u00fcceer, 18 y\u0131ld\u0131r \u00fcyesi oldu\u011fu CHP'den istifa ederek Yeni Parti'ye ge\u00e7ti\u011fini a\u00e7\u0131klad\u0131.","inLanguage":"tr","potentialAction":[{"@type":"ReadAction","target":["https:\/\/epochtimestr.com\/index.php\/candan-yuceer-chpden-istifa-ederek-yeni-partiye-katildi"]}]},{"@type":"ImageObject","inLanguage":"tr","@id":"https:\/\/epochtimestr.com\/index.php\/candan-yuceer-chpden-istifa-ederek-yeni-partiye-katildi#primaryimage","url":"https:\/\/epochtimestr.com\/wp-content\/uploads\/2011y\/tekirdag-belediyesi.webp","contentUrl":"https:\/\/epochtimestr.com\/wp-content\/uploads\/2011y\/tekirdag-belediyesi.webp","width":1280,"height":720},{"@type":"WebSite","@id":"https:\/\/epochtimestr.com\/#website","url":"https:\/\/epochtimestr.com\/","name":"The Epoch Times TR","description":"De\u011fi\u015fen D\u00fcnyam\u0131za Taze Bir Bak\u0131\u015f","publisher":{"@id":"https:\/\/epochtimestr.com\/#organization"},"potentialAction":[{"@type":"SearchAction","target":{"@type":"EntryPoint","urlTemplate":"https:\/\/epochtimestr.com\/?s={search_term_string}"},"query-input":"required name=search_term_string"}],"inLanguage":"tr"},{"@type":"Organization","@id":"https:\/\/epochtimestr.com\/#organization","name":"The EpochTimes T\u00fcrkiye","url":"https:\/\/epochtimestr.com\/","logo":{"@type":"ImageObject","inLanguage":"tr","@id":"https:\/\/epochtimestr.com\/#\/schema\/logo\/image\/","url":"https:\/\/epochtimestr.com\/wp-content\/uploads\/2011y\/ET-Logo-YG.jpg","contentUrl":"https:\/\/epochtimestr.com\/wp-content\/uploads\/2011y\/ET-Logo-YG.jpg","width":346,"height":29,"caption":"The EpochTimes T\u00fcrkiye"},"image":{"@id":"https:\/\/epochtimestr.com\/#\/schema\/logo\/image\/"},"sameAs":["https:\/\/www.facebook.com\/theepochtimestr","https:\/\/x.com\/TheEpochTimesTR","https:\/\/www.instagram.com\/epochtimestr"]},{"@type":"Person","@id":"https:\/\/epochtimestr.com\/#\/schema\/person\/3dc5c3adeb9f43923c5aa85889172fdd","name":"Haber Merkezi","image":{"@type":"ImageObject","inLanguage":"tr","@id":"https:\/\/epochtimestr.com\/#\/schema\/person\/image\/","url":"https:\/\/secure.gravatar.com\/avatar\/d73f772ba5a74f28601361e17c2f93e6?s=96&d=mm&r=g","contentUrl":"https:\/\/secure.gravatar.com\/avatar\/d73f772ba5a74f28601361e17c2f93e6?s=96&d=mm&r=g","caption":"Haber Merkezi"},"url":"https:\/\/epochtimestr.com\/index.php\/author\/sendag"}]}},"_links":{"self":[{"href":"https:\/\/epochtimestr.com\/index.php\/wp-json\/wp\/v2\/posts\/170950"}],"collection":[{"href":"https:\/\/epochtimestr.com\/index.php\/wp-json\/wp\/v2\/posts"}],"about":[{"href":"https:\/\/epochtimestr.com\/index.php\/wp-json\/wp\/v2\/types\/post"}],"author":[{"embeddable":true,"href":"https:\/\/epochtimestr.com\/index.php\/wp-json\/wp\/v2\/users\/12791"}],"replies":[{"embeddable":true,"href":"https:\/\/epochtimestr.com\/index.php\/wp-json\/wp\/v2\/comments?post=170950"}],"version-history":[{"count":2,"href":"https:\/\/epochtimestr.com\/index.php\/wp-json\/wp\/v2\/posts\/170950\/revisions"}],"predecessor-version":[{"id":170962,"href":"https:\/\/epochtimestr.com\/index.php\/wp-json\/wp\/v2\/posts\/170950\/revisions\/170962"}],"wp:featuredmedia":[{"embeddable":true,"href":"https:\/\/epochtimestr.com\/index.php\/wp-json\/wp\/v2\/media\/170951"}],"wp:attachment":[{"href":"https:\/\/epochtimestr.com\/index.php\/wp-json\/wp\/v2\/media?parent=170950"}],"wp:term":[{"taxonomy":"category","embeddable":true,"href":"https:\/\/epochtimestr.com\/index.php\/wp-json\/wp\/v2\/categories?post=170950"},{"taxonomy":"post_tag","embeddable":true,"href":"https:\/\/epochtimestr.com\/index.php\/wp-json\/wp\/v2\/tags?post=170950"}],"curies":[{"name":"wp","href":"https:\/\/api.w.org\/{rel}","templated":true}]}}