{"id":170965,"date":"2026-08-25T12:26:27","date_gmt":"2026-08-25T09:26:27","guid":{"rendered":"https:\/\/epochtimestr.com\/?p=170965"},"modified":"2026-08-25T12:26:28","modified_gmt":"2026-08-25T09:26:28","slug":"rusyadan-soguk-hava-geliyor-sicakliklar-5-6-derece-dusecek","status":"publish","type":"post","link":"https:\/\/epochtimestr.com\/index.php\/rusyadan-soguk-hava-geliyor-sicakliklar-5-6-derece-dusecek","title":{"rendered":"Rusya&#8217;dan So\u011fuk Hava Geliyor S\u0131cakl\u0131klar 5-6 Derece D\u00fc\u015fecek"},"content":{"rendered":"<div class=\"wp-block-image\">\n<figure class=\"aligncenter size-full is-resized\"><img loading=\"lazy\" decoding=\"async\" width=\"1280\" height=\"848\" src=\"https:\/\/epochtimestr.com\/wp-content\/uploads\/2011y\/pixabay-37.jpg\" alt=\"Rusya'dan so\u011fuk hava geliyor, s\u0131cakl\u0131klar 5-6 derece d\u00fc\u015fecek. (Foto\u011fraf: Sunriseforever, Pixabay)\" class=\"wp-image-170966\" style=\"width:841px;height:auto\" srcset=\"https:\/\/epochtimestr.com\/wp-content\/uploads\/2011y\/pixabay-37.jpg 1280w, https:\/\/epochtimestr.com\/wp-content\/uploads\/2011y\/pixabay-37-300x199.jpg 300w, https:\/\/epochtimestr.com\/wp-content\/uploads\/2011y\/pixabay-37-150x99.jpg 150w, https:\/\/epochtimestr.com\/wp-content\/uploads\/2011y\/pixabay-37-768x509.jpg 768w\" sizes=\"(max-width: 1280px) 100vw, 1280px\" \/><figcaption class=\"wp-element-caption\">Rusya&#8217;dan so\u011fuk hava geliyor, s\u0131cakl\u0131klar 5-6 derece d\u00fc\u015fecek. (Foto\u011fraf: Sunriseforever, Pixabay)<\/figcaption><\/figure><\/div>\n\n\n<h2 class=\"wp-block-heading\">T\u00fcrkiye, per\u015fembe g\u00fcn\u00fcnden itibaren Rusya \u00fczerinden gelecek serin ve ya\u011f\u0131\u015fl\u0131 hava dalgas\u0131n\u0131n etkisine girecek.<\/h2>\n\n\n\n<p>T\u00fcrkiye genelinde mevsim normallerinin \u00fczerinde seyreden hava s\u0131cakl\u0131klar\u0131, per\u015fembe g\u00fcn\u00fcnden itibaren yerini daha serin havaya b\u0131rakacak. <a href=\"https:\/\/epochtimestr.com\/index.php\/meteoroloji-uyardi-eyyam-i-bahur-sicaklari-geliyor\" target=\"_blank\" rel=\"noreferrer noopener\">Meteoroloji <\/a>Genel M\u00fcd\u00fcrl\u00fc\u011f\u00fc (MGM) taraf\u0131ndan yay\u0131mlanan son hava durumu raporuna g\u00f6re, T\u00fcrkiye\u2019nin kuzey ve do\u011fu kesimlerinde par\u00e7al\u0131 bulutlu hava h\u00e2kim olacak. <\/p>\n\n\n\n<p>\u00d6zellikle Do\u011fu Akdeniz\u2019in Toroslar mevkii, Do\u011fu Karadeniz, Ordu, Tokat, Erzincan, Ardahan ve Osmaniye \u00e7evreleri ile Hatay\u2019\u0131n k\u0131y\u0131 kesimlerinde ve Kahramanmara\u015f\u2019\u0131n bat\u0131 kesimlerinde yerel olmak \u00fczere sa\u011fanak ve g\u00f6k g\u00fcr\u00fclt\u00fcl\u00fc sa\u011fanak ya\u011f\u0131\u015f \u00f6ng\u00f6r\u00fcl\u00fcyor. Yurdun di\u011fer b\u00f6lgelerinde ise az bulutlu ve g\u00fcne\u015fli bir g\u00f6ky\u00fcz\u00fc bekleniyor.<\/p>\n\n\n\n<figure class=\"wp-block-embed is-type-rich is-provider-x wp-block-embed-x\"><div class=\"wp-block-embed__wrapper\">\n<blockquote class=\"twitter-tweet\" data-width=\"550\" data-dnt=\"true\"><p lang=\"tr\" dir=\"ltr\">Haftal\u0131k Hava Tahmini<br>\ud83d\udcc6(25- 31 A\u011fustos 2026)<br>Mevsim normalleri \u00fczerinde seyreden hava s\u0131cakl\u0131\u011f\u0131n\u0131n, Cuma g\u00fcn\u00fcnden itibaren yurdun kuzey, i\u00e7 ve bat\u0131 kesimlerde hissedilir derecede azalaca\u011f\u0131 tahmin ediliyor. <a href=\"https:\/\/t.co\/jmRkbih9vR\">pic.twitter.com\/jmRkbih9vR<\/a><\/p>&mdash; Meteoroloji (MGM) (@meteoroloji_twi) <a href=\"https:\/\/x.com\/meteoroloji_twi\/status\/2091840047003623708?ref_src=twsrc%5Etfw\">August 24, 2026<\/a><\/blockquote><script async src=\"https:\/\/platform.x.com\/widgets.js\" charset=\"utf-8\"><\/script>\n<\/div><\/figure>\n\n\n\n<p><br \/>Hava s\u0131cakl\u0131klar\u0131nda b\u00f6lgesel farkl\u0131l\u0131klar dikkat \u00e7ekiyor. \u0130\u00e7 Anadolu\u2019nun do\u011fusu ile Do\u011fu Anadolu B\u00f6lgesi\u2019nde s\u0131cakl\u0131klar\u0131n 2 ila 4 derece azalaca\u011f\u0131 tahmin edilirken, di\u011fer b\u00f6lgelerde \u00f6nemli bir s\u0131cakl\u0131k de\u011fi\u015fimi ya\u015fanmayacak.<\/p>\n\n\n\n<p><strong>Zonguldak ve Bart\u0131n k\u0131y\u0131lar\u0131na kuvvetli r\u00fczgar uyar\u0131s\u0131<\/strong><\/p>\n\n\n\n<p>R\u00fczgar\u0131n genellikle kuzey kesimlerinde, g\u00fcney kesimlerinde ise g\u00fcney y\u00f6nlerinden hafif ve ara s\u0131ra orta kuvvette esmesi bekleniyor. Ancak Bat\u0131 Karadeniz k\u0131y\u0131lar\u0131 i\u00e7in kritik bir uyar\u0131 yap\u0131ld\u0131. \u00d6\u011fle saatlerinden itibaren Zonguldak ve Bart\u0131n k\u0131y\u0131lar\u0131nda r\u00fczgar\u0131n kuzey ve kuzeydo\u011fu y\u00f6nlerden saatte 40 ila 60 kilometre h\u0131za ula\u015farak kuvvetli esmesi tahmin ediliyor. Yetkililer, kuvvetli r\u00fczgar nedeniyle meydana gelebilecek olumsuzluklara kar\u015f\u0131 dikkatli ve tedbirli olunmas\u0131 gerekti\u011fini bildirdi.<\/p>\n\n\n\n<p>Denizlerde de hareketlilik art\u0131yor; Bat\u0131 Karadeniz\u2019de f\u0131rt\u0131nams\u0131 r\u00fczgar beklenirken dalga boyunun yer yer 3 metreye kadar ula\u015fabilece\u011fi a\u00e7\u0131kland\u0131.<\/p>\n\n\n\n<p>Yurdun bat\u0131 ve g\u00fcney kesimlerinde s\u0131cakl\u0131klar h\u00e2l\u00e2 tehlikeli boyutlarda seyrediyor. Sal\u0131 g\u00fcn\u00fc \u0130zmir&#8217;de termometreler 38 dereceyi g\u00f6sterirken, g\u00fcney sahillerimizde Antalya ve \u00e7evresinde s\u0131cakl\u0131klar\u0131n 36-41 derece band\u0131nda dola\u015fmas\u0131 bekleniyor. Uzmanlar, \u00f6zellikle \u00f6\u011fle saatlerinde mecbur kal\u0131nmad\u0131k\u00e7a d\u0131\u015far\u0131 \u00e7\u0131k\u0131lmamas\u0131 ve bol s\u0131v\u0131 t\u00fcketilmesi konusunda vatanda\u015flar\u0131 uyar\u0131yor.<\/p>\n\n\n\n<p>Cuma ve Cumartesi g\u00fcnleri Ege k\u0131y\u0131lar\u0131ndan Do\u011fu Anadolu&#8217;ya, Marmara&#8217;dan Akdeniz&#8217;e kadar neredeyse t\u00fcm T\u00fcrkiye&#8217;de \u015fiddetli sa\u011fanak ya\u011f\u0131\u015flar y\u00fcz\u00fcn\u00fc g\u00f6sterecek ve s\u0131cakl\u0131klarda hissedilir bir d\u00fc\u015f\u00fc\u015f ya\u015fanacak.<\/p>\n\n\n\n<figure class=\"wp-block-embed is-type-rich is-provider-x wp-block-embed-x\"><div class=\"wp-block-embed__wrapper\">\n<blockquote class=\"twitter-tweet\" data-width=\"550\" data-dnt=\"true\"><p lang=\"tr\" dir=\"ltr\">\ud83d\udcc625 A\u011fustos 2026 Sal\u0131<br>\ud83d\udca8Kuvvetli R\u00fczg\u00e2r Uyar\u0131s\u0131!<br>\ud83c\udf21\ufe0fHava S\u0131cakl\u0131\u011f\u0131:  \u0130\u00e7 Anadolu&#39;nun do\u011fusu ile Do\u011fu Anadolu&#39;da 2 ila 4 derece azalaca\u011f\u0131, di\u011fer yerlerde \u00f6nemli bir de\u011fi\u015fiklik olmayaca\u011f\u0131 tahmin ediliyor.<br><br>KUVVETL\u0130 R\u00dcZGAR UYARISI: R\u00fczgar\u0131n, \u00f6\u011fle saatlerinde Zonguldak ve Bart\u0131n\u2026 <a href=\"https:\/\/t.co\/rWKPpMbKVV\">pic.twitter.com\/rWKPpMbKVV<\/a><\/p>&mdash; Meteoroloji (MGM) (@meteoroloji_twi) <a href=\"https:\/\/x.com\/meteoroloji_twi\/status\/2092094078791876866?ref_src=twsrc%5Etfw\">August 25, 2026<\/a><\/blockquote><script async src=\"https:\/\/platform.x.com\/widgets.js\" charset=\"utf-8\"><\/script>\n<\/div><\/figure>\n","protected":false},"excerpt":{"rendered":"<p>T\u00fcrkiye, per\u015fembe g\u00fcn\u00fcnden itibaren Rusya \u00fczerinden gelecek serin ve ya\u011f\u0131\u015fl\u0131 hava dalgas\u0131n\u0131n etkisine girecek. T\u00fcrkiye genelinde mevsim normallerinin \u00fczerinde seyreden hava s\u0131cakl\u0131klar\u0131, per\u015fembe g\u00fcn\u00fcnden itibaren yerini daha serin havaya b\u0131rakacak. Meteoroloji Genel M\u00fcd\u00fcrl\u00fc\u011f\u00fc (MGM) taraf\u0131ndan yay\u0131mlanan son hava durumu raporuna g\u00f6re, T\u00fcrkiye\u2019nin kuzey ve do\u011fu kesimlerinde par\u00e7al\u0131 bulutlu hava h\u00e2kim olacak. \u00d6zellikle Do\u011fu Akdeniz\u2019in Toroslar [&hellip;]<\/p>\n","protected":false},"author":12791,"featured_media":170966,"comment_status":"open","ping_status":"open","sticky":false,"template":"","format":"standard","meta":{"_yoast_wpseo_focuskw":"So\u011fuk hava","_yoast_wpseo_title":"","_yoast_wpseo_metadesc":"T\u00fcrkiye, per\u015fembe g\u00fcn\u00fcnden itibaren Rusya \u00fczerinden gelecek so\u011fuk ve ya\u011f\u0131\u015fl\u0131 hava dalgas\u0131n\u0131n etkisine girecek.","_bbp_topic_count":0,"_bbp_reply_count":0,"_bbp_total_topic_count":0,"_bbp_total_reply_count":0,"_bbp_voice_count":0,"_bbp_anonymous_reply_count":0,"_bbp_topic_count_hidden":0,"_bbp_reply_count_hidden":0,"_bbp_forum_subforum_count":0,"footnotes":"","_yoast_wpseo_focuskw_text_input":""},"categories":[12237,1,8138],"tags":[3951,9264,4711,8469,4735,7486],"yoast_head":"<!-- This site is optimized with the Yoast SEO plugin v23.0 - https:\/\/yoast.com\/wordpress\/plugins\/seo\/ -->\n<title>Rusya&#039;dan So\u011fuk Hava Geliyor S\u0131cakl\u0131klar 5-6 Derece D\u00fc\u015fecek - The Epoch Times TR<\/title>\n<meta name=\"description\" content=\"T\u00fcrkiye, per\u015fembe g\u00fcn\u00fcnden itibaren Rusya \u00fczerinden gelecek so\u011fuk ve ya\u011f\u0131\u015fl\u0131 hava dalgas\u0131n\u0131n etkisine girecek.\" \/>\n<meta name=\"robots\" content=\"index, follow, max-snippet:-1, max-image-preview:large, max-video-preview:-1\" \/>\n<link rel=\"canonical\" href=\"https:\/\/epochtimestr.com\/index.php\/rusyadan-soguk-hava-geliyor-sicakliklar-5-6-derece-dusecek\" \/>\n<meta property=\"og:locale\" content=\"tr_TR\" \/>\n<meta property=\"og:type\" content=\"article\" \/>\n<meta property=\"og:title\" content=\"Rusya&#039;dan So\u011fuk Hava Geliyor S\u0131cakl\u0131klar 5-6 Derece D\u00fc\u015fecek - The Epoch Times TR\" \/>\n<meta property=\"og:description\" content=\"T\u00fcrkiye, per\u015fembe g\u00fcn\u00fcnden itibaren Rusya \u00fczerinden gelecek so\u011fuk ve ya\u011f\u0131\u015fl\u0131 hava dalgas\u0131n\u0131n etkisine girecek.\" \/>\n<meta property=\"og:url\" content=\"https:\/\/epochtimestr.com\/index.php\/rusyadan-soguk-hava-geliyor-sicakliklar-5-6-derece-dusecek\" \/>\n<meta property=\"og:site_name\" content=\"The Epoch Times TR\" \/>\n<meta property=\"article:publisher\" content=\"https:\/\/www.facebook.com\/theepochtimestr\" \/>\n<meta property=\"article:published_time\" content=\"2026-08-25T09:26:27+00:00\" \/>\n<meta property=\"article:modified_time\" content=\"2026-08-25T09:26:28+00:00\" \/>\n<meta property=\"og:image\" content=\"https:\/\/epochtimestr.com\/wp-content\/uploads\/2011y\/pixabay-37.jpg\" \/>\n\t<meta property=\"og:image:width\" content=\"1280\" \/>\n\t<meta property=\"og:image:height\" content=\"848\" \/>\n\t<meta property=\"og:image:type\" content=\"image\/jpeg\" \/>\n<meta name=\"author\" content=\"Haber Merkezi\" \/>\n<meta name=\"twitter:card\" content=\"summary_large_image\" \/>\n<meta name=\"twitter:creator\" content=\"@TheEpochTimesTR\" \/>\n<meta name=\"twitter:site\" content=\"@TheEpochTimesTR\" \/>\n<meta name=\"twitter:label1\" content=\"Yazan:\" \/>\n\t<meta name=\"twitter:data1\" content=\"Haber Merkezi\" \/>\n\t<meta name=\"twitter:label2\" content=\"Tahmini okuma s\u00fcresi\" \/>\n\t<meta name=\"twitter:data2\" content=\"3 dakika\" \/>\n<script type=\"application\/ld+json\" class=\"yoast-schema-graph\">{\"@context\":\"https:\/\/schema.org\",\"@graph\":[{\"@type\":\"Article\",\"@id\":\"https:\/\/epochtimestr.com\/index.php\/rusyadan-soguk-hava-geliyor-sicakliklar-5-6-derece-dusecek#article\",\"isPartOf\":{\"@id\":\"https:\/\/epochtimestr.com\/index.php\/rusyadan-soguk-hava-geliyor-sicakliklar-5-6-derece-dusecek\"},\"author\":{\"name\":\"Haber Merkezi\",\"@id\":\"https:\/\/epochtimestr.com\/#\/schema\/person\/3dc5c3adeb9f43923c5aa85889172fdd\"},\"headline\":\"Rusya&#8217;dan So\u011fuk Hava Geliyor S\u0131cakl\u0131klar 5-6 Derece D\u00fc\u015fecek\",\"datePublished\":\"2026-08-25T09:26:27+00:00\",\"dateModified\":\"2026-08-25T09:26:28+00:00\",\"mainEntityOfPage\":{\"@id\":\"https:\/\/epochtimestr.com\/index.php\/rusyadan-soguk-hava-geliyor-sicakliklar-5-6-derece-dusecek\"},\"wordCount\":449,\"commentCount\":0,\"publisher\":{\"@id\":\"https:\/\/epochtimestr.com\/#organization\"},\"image\":{\"@id\":\"https:\/\/epochtimestr.com\/index.php\/rusyadan-soguk-hava-geliyor-sicakliklar-5-6-derece-dusecek#primaryimage\"},\"thumbnailUrl\":\"https:\/\/epochtimestr.com\/wp-content\/uploads\/2011y\/pixabay-37.jpg\",\"keywords\":[\"akdeniz\",\"Do\u011fu Anadolu\",\"marmara\",\"MGM\",\"so\u011fuk hava\",\"ya\u011fmur\"],\"articleSection\":[\"\u00c7evre ve Do\u011fa\",\"G\u00dcNDEM\",\"MAN\u015eET\"],\"inLanguage\":\"tr\",\"potentialAction\":[{\"@type\":\"CommentAction\",\"name\":\"Comment\",\"target\":[\"https:\/\/epochtimestr.com\/index.php\/rusyadan-soguk-hava-geliyor-sicakliklar-5-6-derece-dusecek#respond\"]}]},{\"@type\":\"WebPage\",\"@id\":\"https:\/\/epochtimestr.com\/index.php\/rusyadan-soguk-hava-geliyor-sicakliklar-5-6-derece-dusecek\",\"url\":\"https:\/\/epochtimestr.com\/index.php\/rusyadan-soguk-hava-geliyor-sicakliklar-5-6-derece-dusecek\",\"name\":\"Rusya'dan So\u011fuk Hava Geliyor S\u0131cakl\u0131klar 5-6 Derece D\u00fc\u015fecek - The Epoch Times TR\",\"isPartOf\":{\"@id\":\"https:\/\/epochtimestr.com\/#website\"},\"primaryImageOfPage\":{\"@id\":\"https:\/\/epochtimestr.com\/index.php\/rusyadan-soguk-hava-geliyor-sicakliklar-5-6-derece-dusecek#primaryimage\"},\"image\":{\"@id\":\"https:\/\/epochtimestr.com\/index.php\/rusyadan-soguk-hava-geliyor-sicakliklar-5-6-derece-dusecek#primaryimage\"},\"thumbnailUrl\":\"https:\/\/epochtimestr.com\/wp-content\/uploads\/2011y\/pixabay-37.jpg\",\"datePublished\":\"2026-08-25T09:26:27+00:00\",\"dateModified\":\"2026-08-25T09:26:28+00:00\",\"description\":\"T\u00fcrkiye, per\u015fembe g\u00fcn\u00fcnden itibaren Rusya \u00fczerinden gelecek so\u011fuk ve ya\u011f\u0131\u015fl\u0131 hava dalgas\u0131n\u0131n etkisine girecek.\",\"inLanguage\":\"tr\",\"potentialAction\":[{\"@type\":\"ReadAction\",\"target\":[\"https:\/\/epochtimestr.com\/index.php\/rusyadan-soguk-hava-geliyor-sicakliklar-5-6-derece-dusecek\"]}]},{\"@type\":\"ImageObject\",\"inLanguage\":\"tr\",\"@id\":\"https:\/\/epochtimestr.com\/index.php\/rusyadan-soguk-hava-geliyor-sicakliklar-5-6-derece-dusecek#primaryimage\",\"url\":\"https:\/\/epochtimestr.com\/wp-content\/uploads\/2011y\/pixabay-37.jpg\",\"contentUrl\":\"https:\/\/epochtimestr.com\/wp-content\/uploads\/2011y\/pixabay-37.jpg\",\"width\":1280,\"height\":848},{\"@type\":\"WebSite\",\"@id\":\"https:\/\/epochtimestr.com\/#website\",\"url\":\"https:\/\/epochtimestr.com\/\",\"name\":\"The Epoch Times TR\",\"description\":\"De\u011fi\u015fen D\u00fcnyam\u0131za Taze Bir Bak\u0131\u015f\",\"publisher\":{\"@id\":\"https:\/\/epochtimestr.com\/#organization\"},\"potentialAction\":[{\"@type\":\"SearchAction\",\"target\":{\"@type\":\"EntryPoint\",\"urlTemplate\":\"https:\/\/epochtimestr.com\/?s={search_term_string}\"},\"query-input\":\"required name=search_term_string\"}],\"inLanguage\":\"tr\"},{\"@type\":\"Organization\",\"@id\":\"https:\/\/epochtimestr.com\/#organization\",\"name\":\"The EpochTimes T\u00fcrkiye\",\"url\":\"https:\/\/epochtimestr.com\/\",\"logo\":{\"@type\":\"ImageObject\",\"inLanguage\":\"tr\",\"@id\":\"https:\/\/epochtimestr.com\/#\/schema\/logo\/image\/\",\"url\":\"https:\/\/epochtimestr.com\/wp-content\/uploads\/2011y\/ET-Logo-YG.jpg\",\"contentUrl\":\"https:\/\/epochtimestr.com\/wp-content\/uploads\/2011y\/ET-Logo-YG.jpg\",\"width\":346,\"height\":29,\"caption\":\"The EpochTimes T\u00fcrkiye\"},\"image\":{\"@id\":\"https:\/\/epochtimestr.com\/#\/schema\/logo\/image\/\"},\"sameAs\":[\"https:\/\/www.facebook.com\/theepochtimestr\",\"https:\/\/x.com\/TheEpochTimesTR\",\"https:\/\/www.instagram.com\/epochtimestr\"]},{\"@type\":\"Person\",\"@id\":\"https:\/\/epochtimestr.com\/#\/schema\/person\/3dc5c3adeb9f43923c5aa85889172fdd\",\"name\":\"Haber Merkezi\",\"image\":{\"@type\":\"ImageObject\",\"inLanguage\":\"tr\",\"@id\":\"https:\/\/epochtimestr.com\/#\/schema\/person\/image\/\",\"url\":\"https:\/\/secure.gravatar.com\/avatar\/d73f772ba5a74f28601361e17c2f93e6?s=96&d=mm&r=g\",\"contentUrl\":\"https:\/\/secure.gravatar.com\/avatar\/d73f772ba5a74f28601361e17c2f93e6?s=96&d=mm&r=g\",\"caption\":\"Haber Merkezi\"},\"url\":\"https:\/\/epochtimestr.com\/index.php\/author\/sendag\"}]}<\/script>\n<!-- \/ Yoast SEO plugin. -->","yoast_head_json":{"title":"Rusya'dan So\u011fuk Hava Geliyor S\u0131cakl\u0131klar 5-6 Derece D\u00fc\u015fecek - The Epoch Times TR","description":"T\u00fcrkiye, per\u015fembe g\u00fcn\u00fcnden itibaren Rusya \u00fczerinden gelecek so\u011fuk ve ya\u011f\u0131\u015fl\u0131 hava dalgas\u0131n\u0131n etkisine girecek.","robots":{"index":"index","follow":"follow","max-snippet":"max-snippet:-1","max-image-preview":"max-image-preview:large","max-video-preview":"max-video-preview:-1"},"canonical":"https:\/\/epochtimestr.com\/index.php\/rusyadan-soguk-hava-geliyor-sicakliklar-5-6-derece-dusecek","og_locale":"tr_TR","og_type":"article","og_title":"Rusya'dan So\u011fuk Hava Geliyor S\u0131cakl\u0131klar 5-6 Derece D\u00fc\u015fecek - The Epoch Times TR","og_description":"T\u00fcrkiye, per\u015fembe g\u00fcn\u00fcnden itibaren Rusya \u00fczerinden gelecek so\u011fuk ve ya\u011f\u0131\u015fl\u0131 hava dalgas\u0131n\u0131n etkisine girecek.","og_url":"https:\/\/epochtimestr.com\/index.php\/rusyadan-soguk-hava-geliyor-sicakliklar-5-6-derece-dusecek","og_site_name":"The Epoch Times TR","article_publisher":"https:\/\/www.facebook.com\/theepochtimestr","article_published_time":"2026-08-25T09:26:27+00:00","article_modified_time":"2026-08-25T09:26:28+00:00","og_image":[{"width":1280,"height":848,"url":"https:\/\/epochtimestr.com\/wp-content\/uploads\/2011y\/pixabay-37.jpg","type":"image\/jpeg"}],"author":"Haber Merkezi","twitter_card":"summary_large_image","twitter_creator":"@TheEpochTimesTR","twitter_site":"@TheEpochTimesTR","twitter_misc":{"Yazan:":"Haber Merkezi","Tahmini okuma s\u00fcresi":"3 dakika"},"schema":{"@context":"https:\/\/schema.org","@graph":[{"@type":"Article","@id":"https:\/\/epochtimestr.com\/index.php\/rusyadan-soguk-hava-geliyor-sicakliklar-5-6-derece-dusecek#article","isPartOf":{"@id":"https:\/\/epochtimestr.com\/index.php\/rusyadan-soguk-hava-geliyor-sicakliklar-5-6-derece-dusecek"},"author":{"name":"Haber Merkezi","@id":"https:\/\/epochtimestr.com\/#\/schema\/person\/3dc5c3adeb9f43923c5aa85889172fdd"},"headline":"Rusya&#8217;dan So\u011fuk Hava Geliyor S\u0131cakl\u0131klar 5-6 Derece D\u00fc\u015fecek","datePublished":"2026-08-25T09:26:27+00:00","dateModified":"2026-08-25T09:26:28+00:00","mainEntityOfPage":{"@id":"https:\/\/epochtimestr.com\/index.php\/rusyadan-soguk-hava-geliyor-sicakliklar-5-6-derece-dusecek"},"wordCount":449,"commentCount":0,"publisher":{"@id":"https:\/\/epochtimestr.com\/#organization"},"image":{"@id":"https:\/\/epochtimestr.com\/index.php\/rusyadan-soguk-hava-geliyor-sicakliklar-5-6-derece-dusecek#primaryimage"},"thumbnailUrl":"https:\/\/epochtimestr.com\/wp-content\/uploads\/2011y\/pixabay-37.jpg","keywords":["akdeniz","Do\u011fu Anadolu","marmara","MGM","so\u011fuk hava","ya\u011fmur"],"articleSection":["\u00c7evre ve Do\u011fa","G\u00dcNDEM","MAN\u015eET"],"inLanguage":"tr","potentialAction":[{"@type":"CommentAction","name":"Comment","target":["https:\/\/epochtimestr.com\/index.php\/rusyadan-soguk-hava-geliyor-sicakliklar-5-6-derece-dusecek#respond"]}]},{"@type":"WebPage","@id":"https:\/\/epochtimestr.com\/index.php\/rusyadan-soguk-hava-geliyor-sicakliklar-5-6-derece-dusecek","url":"https:\/\/epochtimestr.com\/index.php\/rusyadan-soguk-hava-geliyor-sicakliklar-5-6-derece-dusecek","name":"Rusya'dan So\u011fuk Hava Geliyor S\u0131cakl\u0131klar 5-6 Derece D\u00fc\u015fecek - The Epoch Times TR","isPartOf":{"@id":"https:\/\/epochtimestr.com\/#website"},"primaryImageOfPage":{"@id":"https:\/\/epochtimestr.com\/index.php\/rusyadan-soguk-hava-geliyor-sicakliklar-5-6-derece-dusecek#primaryimage"},"image":{"@id":"https:\/\/epochtimestr.com\/index.php\/rusyadan-soguk-hava-geliyor-sicakliklar-5-6-derece-dusecek#primaryimage"},"thumbnailUrl":"https:\/\/epochtimestr.com\/wp-content\/uploads\/2011y\/pixabay-37.jpg","datePublished":"2026-08-25T09:26:27+00:00","dateModified":"2026-08-25T09:26:28+00:00","description":"T\u00fcrkiye, per\u015fembe g\u00fcn\u00fcnden itibaren Rusya \u00fczerinden gelecek so\u011fuk ve ya\u011f\u0131\u015fl\u0131 hava dalgas\u0131n\u0131n etkisine girecek.","inLanguage":"tr","potentialAction":[{"@type":"ReadAction","target":["https:\/\/epochtimestr.com\/index.php\/rusyadan-soguk-hava-geliyor-sicakliklar-5-6-derece-dusecek"]}]},{"@type":"ImageObject","inLanguage":"tr","@id":"https:\/\/epochtimestr.com\/index.php\/rusyadan-soguk-hava-geliyor-sicakliklar-5-6-derece-dusecek#primaryimage","url":"https:\/\/epochtimestr.com\/wp-content\/uploads\/2011y\/pixabay-37.jpg","contentUrl":"https:\/\/epochtimestr.com\/wp-content\/uploads\/2011y\/pixabay-37.jpg","width":1280,"height":848},{"@type":"WebSite","@id":"https:\/\/epochtimestr.com\/#website","url":"https:\/\/epochtimestr.com\/","name":"The Epoch Times TR","description":"De\u011fi\u015fen D\u00fcnyam\u0131za Taze Bir Bak\u0131\u015f","publisher":{"@id":"https:\/\/epochtimestr.com\/#organization"},"potentialAction":[{"@type":"SearchAction","target":{"@type":"EntryPoint","urlTemplate":"https:\/\/epochtimestr.com\/?s={search_term_string}"},"query-input":"required name=search_term_string"}],"inLanguage":"tr"},{"@type":"Organization","@id":"https:\/\/epochtimestr.com\/#organization","name":"The EpochTimes T\u00fcrkiye","url":"https:\/\/epochtimestr.com\/","logo":{"@type":"ImageObject","inLanguage":"tr","@id":"https:\/\/epochtimestr.com\/#\/schema\/logo\/image\/","url":"https:\/\/epochtimestr.com\/wp-content\/uploads\/2011y\/ET-Logo-YG.jpg","contentUrl":"https:\/\/epochtimestr.com\/wp-content\/uploads\/2011y\/ET-Logo-YG.jpg","width":346,"height":29,"caption":"The EpochTimes T\u00fcrkiye"},"image":{"@id":"https:\/\/epochtimestr.com\/#\/schema\/logo\/image\/"},"sameAs":["https:\/\/www.facebook.com\/theepochtimestr","https:\/\/x.com\/TheEpochTimesTR","https:\/\/www.instagram.com\/epochtimestr"]},{"@type":"Person","@id":"https:\/\/epochtimestr.com\/#\/schema\/person\/3dc5c3adeb9f43923c5aa85889172fdd","name":"Haber Merkezi","image":{"@type":"ImageObject","inLanguage":"tr","@id":"https:\/\/epochtimestr.com\/#\/schema\/person\/image\/","url":"https:\/\/secure.gravatar.com\/avatar\/d73f772ba5a74f28601361e17c2f93e6?s=96&d=mm&r=g","contentUrl":"https:\/\/secure.gravatar.com\/avatar\/d73f772ba5a74f28601361e17c2f93e6?s=96&d=mm&r=g","caption":"Haber Merkezi"},"url":"https:\/\/epochtimestr.com\/index.php\/author\/sendag"}]}},"_links":{"self":[{"href":"https:\/\/epochtimestr.com\/index.php\/wp-json\/wp\/v2\/posts\/170965"}],"collection":[{"href":"https:\/\/epochtimestr.com\/index.php\/wp-json\/wp\/v2\/posts"}],"about":[{"href":"https:\/\/epochtimestr.com\/index.php\/wp-json\/wp\/v2\/types\/post"}],"author":[{"embeddable":true,"href":"https:\/\/epochtimestr.com\/index.php\/wp-json\/wp\/v2\/users\/12791"}],"replies":[{"embeddable":true,"href":"https:\/\/epochtimestr.com\/index.php\/wp-json\/wp\/v2\/comments?post=170965"}],"version-history":[{"count":3,"href":"https:\/\/epochtimestr.com\/index.php\/wp-json\/wp\/v2\/posts\/170965\/revisions"}],"predecessor-version":[{"id":170980,"href":"https:\/\/epochtimestr.com\/index.php\/wp-json\/wp\/v2\/posts\/170965\/revisions\/170980"}],"wp:featuredmedia":[{"embeddable":true,"href":"https:\/\/epochtimestr.com\/index.php\/wp-json\/wp\/v2\/media\/170966"}],"wp:attachment":[{"href":"https:\/\/epochtimestr.com\/index.php\/wp-json\/wp\/v2\/media?parent=170965"}],"wp:term":[{"taxonomy":"category","embeddable":true,"href":"https:\/\/epochtimestr.com\/index.php\/wp-json\/wp\/v2\/categories?post=170965"},{"taxonomy":"post_tag","embeddable":true,"href":"https:\/\/epochtimestr.com\/index.php\/wp-json\/wp\/v2\/tags?post=170965"}],"curies":[{"name":"wp","href":"https:\/\/api.w.org\/{rel}","templated":true}]}}