{"id":170987,"date":"2026-08-26T08:37:48","date_gmt":"2026-08-26T05:37:48","guid":{"rendered":"https:\/\/epochtimestr.com\/?p=170987"},"modified":"2026-08-26T08:37:50","modified_gmt":"2026-08-26T05:37:50","slug":"karahantepede-tarihi-kesif-11-bin-yillik-heykel-bulundu","status":"publish","type":"post","link":"https:\/\/epochtimestr.com\/index.php\/karahantepede-tarihi-kesif-11-bin-yillik-heykel-bulundu","title":{"rendered":"Karahantepe&#8217;de Tarihi ke\u015fif: 11 Bin Y\u0131ll\u0131k Heykel Bulundu"},"content":{"rendered":"<div class=\"wp-block-image\">\n<figure class=\"aligncenter size-full\"><img loading=\"lazy\" decoding=\"async\" width=\"887\" height=\"460\" src=\"https:\/\/epochtimestr.com\/wp-content\/uploads\/2011y\/512382whatsapp-image-2026-08-25-at-121001jpeg.jpg\" alt=\"Karahantepe'de tarihi ke\u015fif: 11 bin y\u0131ll\u0131k heykel bulundu. (Foto\u011fraf: K\u00fclt\u00fcr ve Turizm Bakanl\u0131\u011f\u0131 web sitesi)\" class=\"wp-image-170988\" srcset=\"https:\/\/epochtimestr.com\/wp-content\/uploads\/2011y\/512382whatsapp-image-2026-08-25-at-121001jpeg.jpg 887w, https:\/\/epochtimestr.com\/wp-content\/uploads\/2011y\/512382whatsapp-image-2026-08-25-at-121001jpeg-300x156.jpg 300w, https:\/\/epochtimestr.com\/wp-content\/uploads\/2011y\/512382whatsapp-image-2026-08-25-at-121001jpeg-150x78.jpg 150w, https:\/\/epochtimestr.com\/wp-content\/uploads\/2011y\/512382whatsapp-image-2026-08-25-at-121001jpeg-768x398.jpg 768w\" sizes=\"(max-width: 887px) 100vw, 887px\" \/><figcaption class=\"wp-element-caption\">Karahantepe&#8217;de tarihi ke\u015fif: 11 bin y\u0131ll\u0131k heykel bulundu. (Foto\u011fraf: K\u00fclt\u00fcr ve Turizm Bakanl\u0131\u011f\u0131 web sitesi)<\/figcaption><\/figure><\/div>\n\n\n<h2 class=\"wp-block-heading\">Karahantepe\u2019de 2019 y\u0131l\u0131nda ba\u015flayan ve her y\u0131l yeni ke\u015fiflerle devam eden kaz\u0131larda 2026 sezonunda yeni yap\u0131lar ve eserler a\u00e7\u0131\u011fa \u00e7\u0131kar\u0131ld\u0131.<\/h2>\n\n\n\n<p>\u015eanl\u0131urfa\u2019daki Karahantepe kaz\u0131lar\u0131nda arkeoloji d\u00fcnyas\u0131n\u0131 heyecanland\u0131ran e\u015fsiz bir eser g\u00fcn y\u00fcz\u00fcne \u00e7\u0131kar\u0131ld\u0131. \u00c7anak \u00e7\u00f6mleksiz <a href=\"https:\/\/epochtimestr.com\/index.php\/sahte-bir-roma-tiyatrosu-insa-eden-adamin-inanilmaz-hikayesi\" target=\"_blank\" rel=\"noreferrer noopener\">Neolitik<\/a> B d\u00f6nemine tarihlenen ve leopara binmi\u015f bir insan\u0131 tasvir eden 11 bin y\u0131ll\u0131k <a href=\"https:\/\/epochtimestr.com\/index.php\/ressam-ve-heykeltras-ismail-coban-yasamini-yitirdi\" target=\"_blank\" rel=\"noreferrer noopener\">heyke<\/a>l, insanl\u0131k tarihinin bilinen en eski &#8220;binek hayvan\u0131&#8221; betimlemesi olabilir.<\/p>\n\n\n\n<p>\u015eanl\u0131urfa Ta\u015f Tepeler projesi kapsam\u0131nda Karahantepe\u2019de Prof. Dr. Necmi Karul ba\u015fkanl\u0131\u011f\u0131nda y\u00fcr\u00fct\u00fclen 2026 y\u0131l\u0131 kaz\u0131 sezonunda, insanl\u0131k tarihinin erken d\u00f6nemlerine \u0131\u015f\u0131k tutacak benzersiz bir ke\u015ffe imza at\u0131ld\u0131. Yakla\u015f\u0131k 11 bin y\u0131l \u00f6ncesine tarihlenen, daha \u00f6nce benzerine rastlanmam\u0131\u015f bir \u00fcsluba sahip 70 santimetre y\u00fcksekli\u011finde ta\u015f bir kompozit heykel bulundu.<\/p>\n\n\n<div class=\"wp-block-image\">\n<figure class=\"aligncenter size-full\"><img loading=\"lazy\" decoding=\"async\" width=\"1280\" height=\"720\" src=\"https:\/\/epochtimestr.com\/wp-content\/uploads\/2011y\/heykel-aa-2484732.jpg\" alt=\"(Foto\u011fraf: K\u00fclt\u00fcr ve Turizm Bakanl\u0131\u011f\u0131 web sitesi)\" class=\"wp-image-170990\" srcset=\"https:\/\/epochtimestr.com\/wp-content\/uploads\/2011y\/heykel-aa-2484732.jpg 1280w, https:\/\/epochtimestr.com\/wp-content\/uploads\/2011y\/heykel-aa-2484732-300x169.jpg 300w, https:\/\/epochtimestr.com\/wp-content\/uploads\/2011y\/heykel-aa-2484732-150x84.jpg 150w, https:\/\/epochtimestr.com\/wp-content\/uploads\/2011y\/heykel-aa-2484732-768x432.jpg 768w\" sizes=\"(max-width: 1280px) 100vw, 1280px\" \/><figcaption class=\"wp-element-caption\">                                                                            (Foto\u011fraf: K\u00fclt\u00fcr ve Turizm Bakanl\u0131\u011f\u0131 web sitesi)<\/figcaption><\/figure><\/div>\n\n\n<p><strong>D\u00fcnyan\u0131n En Eski S\u00fcvarisi mi?<\/strong><\/p>\n\n\n\n<p>Daha \u00f6nce s\u0131rt\u0131nda leopar ta\u015f\u0131yan bir avc\u0131 heykelinin bulundu\u011fu Karahantepe\u2019de, bu kez bir insan\u0131n leopar\u0131 binek hayvan\u0131 gibi kulland\u0131\u011f\u0131 tasvir edildi. Eserde insan\u0131n bacaklar\u0131n\u0131n hayvan\u0131n iki yan\u0131na sarkmas\u0131 ve kollar\u0131n\u0131n adeta dizgin tutuyormu\u015f gibi durmas\u0131 bilin\u00e7li bir &#8220;binek&#8221; tasviri olarak de\u011ferlendiriliyor. E\u011fer bu durum sembolik ve mitolojik bir anlat\u0131mdan ibaret de\u011filse, insanl\u0131k tarihinin en eski binicilik tasviri olarak kabul edilecek ve binicilik tarihini binlerce y\u0131l geriye ta\u015f\u0131yacak.<\/p>\n\n\n<div class=\"wp-block-image\">\n<figure class=\"aligncenter size-full\"><img loading=\"lazy\" decoding=\"async\" width=\"770\" height=\"1155\" src=\"https:\/\/epochtimestr.com\/wp-content\/uploads\/2011y\/6a8d400cb506f6e337380ce4.webp\" alt=\"(Foto\u011fraf: K\u00fclt\u00fcr ve Turizm Bakanl\u0131\u011f\u0131 web sitesi)\" class=\"wp-image-170989\" srcset=\"https:\/\/epochtimestr.com\/wp-content\/uploads\/2011y\/6a8d400cb506f6e337380ce4.webp 770w, https:\/\/epochtimestr.com\/wp-content\/uploads\/2011y\/6a8d400cb506f6e337380ce4-200x300.webp 200w, https:\/\/epochtimestr.com\/wp-content\/uploads\/2011y\/6a8d400cb506f6e337380ce4-100x150.webp 100w, https:\/\/epochtimestr.com\/wp-content\/uploads\/2011y\/6a8d400cb506f6e337380ce4-768x1152.webp 768w\" sizes=\"(max-width: 770px) 100vw, 770px\" \/><figcaption class=\"wp-element-caption\">                                                      (Foto\u011fraf: K\u00fclt\u00fcr ve Turizm Bakanl\u0131\u011f\u0131 web sitesi)<\/figcaption><\/figure><\/div>\n\n\n<h3 class=\"wp-block-heading\">Arkeologlar Temkinli: \u015eamanik Bir Rit\u00fcel de Olabilir <\/h3>\n\n\n\n<p>Uzmanlar, buluntu kar\u015f\u0131s\u0131nda heyecanl\u0131 olsa da temkinli yakla\u015f\u0131lmas\u0131 gerekti\u011fini vurguluyor. Heykelin ger\u00e7ek bir leopar \u00fczerinde fiziksel binicili\u011fi mi, yoksa \u015famanik bir rit\u00fceli mi simgeledi\u011fi hen\u00fcz netlik kazanmad\u0131. Eserin bir tanr\u0131n\u0131n, leopar\u0131n g\u00fcc\u00fcn\u00fc sembolik olarak kulland\u0131\u011f\u0131 bir mitolojiyi anlat\u0131yor olma ihtimali de g\u00fc\u00e7l\u00fc bir se\u00e7enek olarak masada duruyor.<\/p>\n\n\n\n<p>Arkeologlar, heykelin fiziksel bir binicilikten ziyade \u015famanik bir ayini veya mitolojik bir anlat\u0131y\u0131 simgeleme ihtimali \u00fczerinde duruyor. Erken Neolitik d\u00f6nemde leopar\u0131n g\u00fcc\u00fcn\u00fc arkas\u0131na alan bir lider veya tanr\u0131 fig\u00fcr\u00fc, bu s\u0131ra d\u0131\u015f\u0131 sanat eserinin ilham kayna\u011f\u0131 olabilir.<\/p>\n\n\n\n<p>Eser, bi\u00e7imsel \u00f6zelliklerinin yan\u0131 s\u0131ra bulundu\u011fu arkeolojik ba\u011flamla da dikkat \u00e7ekiyor. Heykel, yakla\u015f\u0131k 3 metre \u00e7ap\u0131nda ve zemini yass\u0131 ta\u015flarla d\u00f6\u015fenmi\u015f gizemli bir yap\u0131n\u0131n duvar\u0131 boyunca uzanan seki \u00fczerinde, tam 11 bin y\u0131l \u00f6nce b\u0131rak\u0131ld\u0131\u011f\u0131 yerde bulundu. Bu durum, heykelin bulundu\u011fu binan\u0131n i\u015flevine dair ara\u015ft\u0131rmalar\u0131 da derinle\u015ftirecek.<\/p>\n\n\n<div class=\"wp-block-image\">\n<figure class=\"aligncenter size-large\"><img loading=\"lazy\" decoding=\"async\" width=\"800\" height=\"1200\" src=\"https:\/\/epochtimestr.com\/wp-content\/uploads\/2011y\/f5a3d608-d55e-45ca-95ce-d85381d8cc70-800x1200.webp\" alt=\"(Foto\u011fraf: K\u00fclt\u00fcr ve Turizm Bakanl\u0131\u011f\u0131 web sitesi)\" class=\"wp-image-170991\" srcset=\"https:\/\/epochtimestr.com\/wp-content\/uploads\/2011y\/f5a3d608-d55e-45ca-95ce-d85381d8cc70-800x1200.webp 800w, https:\/\/epochtimestr.com\/wp-content\/uploads\/2011y\/f5a3d608-d55e-45ca-95ce-d85381d8cc70-200x300.webp 200w, https:\/\/epochtimestr.com\/wp-content\/uploads\/2011y\/f5a3d608-d55e-45ca-95ce-d85381d8cc70-100x150.webp 100w, https:\/\/epochtimestr.com\/wp-content\/uploads\/2011y\/f5a3d608-d55e-45ca-95ce-d85381d8cc70-768x1152.webp 768w, https:\/\/epochtimestr.com\/wp-content\/uploads\/2011y\/f5a3d608-d55e-45ca-95ce-d85381d8cc70.webp 1000w\" sizes=\"(max-width: 800px) 100vw, 800px\" \/><figcaption class=\"wp-element-caption\">                                                         (Foto\u011fraf:  K\u00fclt\u00fcr ve Turizm Bakanl\u0131\u011f\u0131 web sitesi)<\/figcaption><\/figure><\/div>\n\n\n<p><strong>Bakan Ersoy: &#8220;Bilim D\u00fcnyas\u0131nda Geni\u015f Yank\u0131 Uyand\u0131racak&#8221;<\/strong><\/p>\n\n\n\n<p>K\u00fclt\u00fcr ve Turizm Bakan\u0131 Mehmet Nuri Ersoy, &#8220;Gelece\u011fe Miras Projesi&#8221; kapsam\u0131nda yap\u0131lan bu b\u00fcy\u00fck ke\u015ffi sosyal medya hesab\u0131ndan duyurdu. Bakan Ersoy, a\u00e7\u0131klamas\u0131nda \u015fu ifadelere yer verdi:<\/p>\n\n\n\n<p>&#8220;Gelece\u011fe Miras Projemiz kapsam\u0131nda y\u00fcr\u00fctt\u00fc\u011f\u00fcm\u00fcz 2026 y\u0131l\u0131 kaz\u0131lar\u0131nda, daha \u00f6nce benzerine rastlanmayan bir \u00fcsluba sahip kompozit heykel bulduk. Yakla\u015f\u0131k 11 bin y\u0131l \u00f6nce b\u0131rak\u0131ld\u0131\u011f\u0131 yerden g\u00fcn\u00fcm\u00fcze ula\u015fan 70 santimetre y\u00fcksekli\u011findeki heykel, leopar\u0131n s\u0131rt\u0131nda oturan bir insan\u0131 betimliyor. \u0130nsanl\u0131k tarihinin en erken d\u00f6nemlerine ili\u015fkin yeni sorular\u0131n kap\u0131s\u0131n\u0131 aralayan ke\u015ffin bilim d\u00fcnyas\u0131nda geni\u015f yank\u0131 uyand\u0131raca\u011f\u0131na inan\u0131yorum. K\u00fclt\u00fcr Varl\u0131klar\u0131 ve M\u00fczeler Genel M\u00fcd\u00fcrl\u00fc\u011f\u00fcm\u00fcze, kaz\u0131 heyetimize ve sahada \u00f6zveriyle \u00e7al\u0131\u015fan t\u00fcm ekip arkada\u015flar\u0131m\u0131za te\u015fekk\u00fcr ediyorum.&#8221;<\/p>\n\n\n\n<p>\u0130nsan ve hayvan fig\u00fcr\u00fcn\u00fcn ayn\u0131 \u00fc\u00e7 boyutlu kompozisyon i\u00e7inde bu bi\u00e7imde ili\u015fkilendirilmesi, Ta\u015f Tepeler\u2019in erken Neolitik sanat\u0131nda insan-hayvan ili\u015fkilerine ve inan\u00e7 sistemlerine dair yepyeni ipu\u00e7lar\u0131 sunmaya aday g\u00f6r\u00fcn\u00fcyor.<\/p>\n\n\n\n<figure class=\"wp-block-embed is-type-rich is-provider-x wp-block-embed-x\"><div class=\"wp-block-embed__wrapper\">\n<blockquote class=\"twitter-tweet\" data-width=\"550\" data-dnt=\"true\"><p lang=\"tr\" dir=\"ltr\">Karahantepe\u2019de 11 bin y\u0131ll\u0131k benzersiz bir heykeli g\u00fcn y\u00fcz\u00fcne \u00e7\u0131kartt\u0131k!<br><br>Gelece\u011fe Miras Projemiz kapsam\u0131nda y\u00fcr\u00fctt\u00fc\u011f\u00fcm\u00fcz 2026 y\u0131l\u0131 kaz\u0131lar\u0131nda, daha \u00f6nce benzerine rastlanmayan bir \u00fcsluba sahip kompozit heykel bulduk.<br><br>Yakla\u015f\u0131k 11 bin y\u0131l \u00f6nce b\u0131rak\u0131ld\u0131\u011f\u0131 yerden g\u00fcn\u00fcm\u00fcze ula\u015fan\u2026 <a href=\"https:\/\/t.co\/TOuB5xxrPf\">pic.twitter.com\/TOuB5xxrPf<\/a><\/p>&mdash; Mehmet Nuri Ersoy (@MehmetNuriErsoy) <a href=\"https:\/\/x.com\/MehmetNuriErsoy\/status\/2092145042634817809?ref_src=twsrc%5Etfw\">August 25, 2026<\/a><\/blockquote><script async src=\"https:\/\/platform.x.com\/widgets.js\" charset=\"utf-8\"><\/script>\n<\/div><\/figure>\n","protected":false},"excerpt":{"rendered":"<p>Karahantepe\u2019de 2019 y\u0131l\u0131nda ba\u015flayan ve her y\u0131l yeni ke\u015fiflerle devam eden kaz\u0131larda 2026 sezonunda yeni yap\u0131lar ve eserler a\u00e7\u0131\u011fa \u00e7\u0131kar\u0131ld\u0131. \u015eanl\u0131urfa\u2019daki Karahantepe kaz\u0131lar\u0131nda arkeoloji d\u00fcnyas\u0131n\u0131 heyecanland\u0131ran e\u015fsiz bir eser g\u00fcn y\u00fcz\u00fcne \u00e7\u0131kar\u0131ld\u0131. \u00c7anak \u00e7\u00f6mleksiz Neolitik B d\u00f6nemine tarihlenen ve leopara binmi\u015f bir insan\u0131 tasvir eden 11 bin y\u0131ll\u0131k heykel, insanl\u0131k tarihinin bilinen en eski &#8220;binek [&hellip;]<\/p>\n","protected":false},"author":12791,"featured_media":170988,"comment_status":"open","ping_status":"open","sticky":false,"template":"","format":"standard","meta":{"_yoast_wpseo_focuskw":"Karahantepe\u2019de","_yoast_wpseo_title":"","_yoast_wpseo_metadesc":"Karahantepe\u2019de 2019 y\u0131l\u0131nda ba\u015flayan ve her y\u0131l yeni ke\u015fiflerle devam eden kaz\u0131larda 2026 sezonunda yeni yap\u0131lar ve eserler a\u00e7\u0131\u011fa \u00e7\u0131kar\u0131ld\u0131.","_bbp_topic_count":0,"_bbp_reply_count":0,"_bbp_total_topic_count":0,"_bbp_total_reply_count":0,"_bbp_voice_count":0,"_bbp_anonymous_reply_count":0,"_bbp_topic_count_hidden":0,"_bbp_reply_count_hidden":0,"_bbp_forum_subforum_count":0,"footnotes":"","_yoast_wpseo_focuskw_text_input":""},"categories":[12461,126,1,8138],"tags":[3205,82,12455,7521,12458,12456,12457,3452],"yoast_head":"<!-- This site is optimized with the Yoast SEO plugin v23.0 - https:\/\/yoast.com\/wordpress\/plugins\/seo\/ -->\n<title>Karahantepe&#039;de Tarihi ke\u015fif: 11 Bin Y\u0131ll\u0131k Heykel Bulundu - The Epoch Times TR<\/title>\n<meta name=\"description\" content=\"Karahantepe\u2019de 2019 y\u0131l\u0131nda ba\u015flayan ve her y\u0131l yeni ke\u015fiflerle devam eden kaz\u0131larda 2026 sezonunda yeni yap\u0131lar ve eserler a\u00e7\u0131\u011fa \u00e7\u0131kar\u0131ld\u0131.\" \/>\n<meta name=\"robots\" content=\"index, follow, max-snippet:-1, max-image-preview:large, max-video-preview:-1\" \/>\n<link rel=\"canonical\" href=\"https:\/\/epochtimestr.com\/index.php\/karahantepede-tarihi-kesif-11-bin-yillik-heykel-bulundu\" \/>\n<meta property=\"og:locale\" content=\"tr_TR\" \/>\n<meta property=\"og:type\" content=\"article\" \/>\n<meta property=\"og:title\" content=\"Karahantepe&#039;de Tarihi ke\u015fif: 11 Bin Y\u0131ll\u0131k Heykel Bulundu - The Epoch Times TR\" \/>\n<meta property=\"og:description\" content=\"Karahantepe\u2019de 2019 y\u0131l\u0131nda ba\u015flayan ve her y\u0131l yeni ke\u015fiflerle devam eden kaz\u0131larda 2026 sezonunda yeni yap\u0131lar ve eserler a\u00e7\u0131\u011fa \u00e7\u0131kar\u0131ld\u0131.\" \/>\n<meta property=\"og:url\" content=\"https:\/\/epochtimestr.com\/index.php\/karahantepede-tarihi-kesif-11-bin-yillik-heykel-bulundu\" \/>\n<meta property=\"og:site_name\" content=\"The Epoch Times TR\" \/>\n<meta property=\"article:publisher\" content=\"https:\/\/www.facebook.com\/theepochtimestr\" \/>\n<meta property=\"article:published_time\" content=\"2026-08-26T05:37:48+00:00\" \/>\n<meta property=\"article:modified_time\" content=\"2026-08-26T05:37:50+00:00\" \/>\n<meta property=\"og:image\" content=\"https:\/\/epochtimestr.com\/wp-content\/uploads\/2011y\/512382whatsapp-image-2026-08-25-at-121001jpeg.jpg\" \/>\n\t<meta property=\"og:image:width\" content=\"887\" \/>\n\t<meta property=\"og:image:height\" content=\"460\" \/>\n\t<meta property=\"og:image:type\" content=\"image\/jpeg\" \/>\n<meta name=\"author\" content=\"Haber Merkezi\" \/>\n<meta name=\"twitter:card\" content=\"summary_large_image\" \/>\n<meta name=\"twitter:creator\" content=\"@TheEpochTimesTR\" \/>\n<meta name=\"twitter:site\" content=\"@TheEpochTimesTR\" \/>\n<meta name=\"twitter:label1\" content=\"Yazan:\" \/>\n\t<meta name=\"twitter:data1\" content=\"Haber Merkezi\" \/>\n\t<meta name=\"twitter:label2\" content=\"Tahmini okuma s\u00fcresi\" \/>\n\t<meta name=\"twitter:data2\" content=\"4 dakika\" \/>\n<script type=\"application\/ld+json\" class=\"yoast-schema-graph\">{\"@context\":\"https:\/\/schema.org\",\"@graph\":[{\"@type\":\"Article\",\"@id\":\"https:\/\/epochtimestr.com\/index.php\/karahantepede-tarihi-kesif-11-bin-yillik-heykel-bulundu#article\",\"isPartOf\":{\"@id\":\"https:\/\/epochtimestr.com\/index.php\/karahantepede-tarihi-kesif-11-bin-yillik-heykel-bulundu\"},\"author\":{\"name\":\"Haber Merkezi\",\"@id\":\"https:\/\/epochtimestr.com\/#\/schema\/person\/3dc5c3adeb9f43923c5aa85889172fdd\"},\"headline\":\"Karahantepe&#8217;de Tarihi ke\u015fif: 11 Bin Y\u0131ll\u0131k Heykel Bulundu\",\"datePublished\":\"2026-08-26T05:37:48+00:00\",\"dateModified\":\"2026-08-26T05:37:50+00:00\",\"mainEntityOfPage\":{\"@id\":\"https:\/\/epochtimestr.com\/index.php\/karahantepede-tarihi-kesif-11-bin-yillik-heykel-bulundu\"},\"wordCount\":689,\"commentCount\":0,\"publisher\":{\"@id\":\"https:\/\/epochtimestr.com\/#organization\"},\"image\":{\"@id\":\"https:\/\/epochtimestr.com\/index.php\/karahantepede-tarihi-kesif-11-bin-yillik-heykel-bulundu#primaryimage\"},\"thumbnailUrl\":\"https:\/\/epochtimestr.com\/wp-content\/uploads\/2011y\/512382whatsapp-image-2026-08-25-at-121001jpeg.jpg\",\"keywords\":[\"arkeoloji\",\"heykel\",\"Karahantepe\",\"k\u00fclt\u00fcr ve turizm bakan\u0131 mehmet nuri ersoy\",\"leopar\",\"Neolitik B d\u00f6nemi\",\"Prof. Dr. Necmi Karul\",\"\u015eanl\u0131urfa\"],\"articleSection\":[\"Arkeoloji\",\"D\u00fcnya K\u00fclt\u00fcr Miraslar\u0131\",\"G\u00dcNDEM\",\"MAN\u015eET\"],\"inLanguage\":\"tr\",\"potentialAction\":[{\"@type\":\"CommentAction\",\"name\":\"Comment\",\"target\":[\"https:\/\/epochtimestr.com\/index.php\/karahantepede-tarihi-kesif-11-bin-yillik-heykel-bulundu#respond\"]}]},{\"@type\":\"WebPage\",\"@id\":\"https:\/\/epochtimestr.com\/index.php\/karahantepede-tarihi-kesif-11-bin-yillik-heykel-bulundu\",\"url\":\"https:\/\/epochtimestr.com\/index.php\/karahantepede-tarihi-kesif-11-bin-yillik-heykel-bulundu\",\"name\":\"Karahantepe'de Tarihi ke\u015fif: 11 Bin Y\u0131ll\u0131k Heykel Bulundu - The Epoch Times TR\",\"isPartOf\":{\"@id\":\"https:\/\/epochtimestr.com\/#website\"},\"primaryImageOfPage\":{\"@id\":\"https:\/\/epochtimestr.com\/index.php\/karahantepede-tarihi-kesif-11-bin-yillik-heykel-bulundu#primaryimage\"},\"image\":{\"@id\":\"https:\/\/epochtimestr.com\/index.php\/karahantepede-tarihi-kesif-11-bin-yillik-heykel-bulundu#primaryimage\"},\"thumbnailUrl\":\"https:\/\/epochtimestr.com\/wp-content\/uploads\/2011y\/512382whatsapp-image-2026-08-25-at-121001jpeg.jpg\",\"datePublished\":\"2026-08-26T05:37:48+00:00\",\"dateModified\":\"2026-08-26T05:37:50+00:00\",\"description\":\"Karahantepe\u2019de 2019 y\u0131l\u0131nda ba\u015flayan ve her y\u0131l yeni ke\u015fiflerle devam eden kaz\u0131larda 2026 sezonunda yeni yap\u0131lar ve eserler a\u00e7\u0131\u011fa \u00e7\u0131kar\u0131ld\u0131.\",\"inLanguage\":\"tr\",\"potentialAction\":[{\"@type\":\"ReadAction\",\"target\":[\"https:\/\/epochtimestr.com\/index.php\/karahantepede-tarihi-kesif-11-bin-yillik-heykel-bulundu\"]}]},{\"@type\":\"ImageObject\",\"inLanguage\":\"tr\",\"@id\":\"https:\/\/epochtimestr.com\/index.php\/karahantepede-tarihi-kesif-11-bin-yillik-heykel-bulundu#primaryimage\",\"url\":\"https:\/\/epochtimestr.com\/wp-content\/uploads\/2011y\/512382whatsapp-image-2026-08-25-at-121001jpeg.jpg\",\"contentUrl\":\"https:\/\/epochtimestr.com\/wp-content\/uploads\/2011y\/512382whatsapp-image-2026-08-25-at-121001jpeg.jpg\",\"width\":887,\"height\":460},{\"@type\":\"WebSite\",\"@id\":\"https:\/\/epochtimestr.com\/#website\",\"url\":\"https:\/\/epochtimestr.com\/\",\"name\":\"The Epoch Times TR\",\"description\":\"De\u011fi\u015fen D\u00fcnyam\u0131za Taze Bir Bak\u0131\u015f\",\"publisher\":{\"@id\":\"https:\/\/epochtimestr.com\/#organization\"},\"potentialAction\":[{\"@type\":\"SearchAction\",\"target\":{\"@type\":\"EntryPoint\",\"urlTemplate\":\"https:\/\/epochtimestr.com\/?s={search_term_string}\"},\"query-input\":\"required name=search_term_string\"}],\"inLanguage\":\"tr\"},{\"@type\":\"Organization\",\"@id\":\"https:\/\/epochtimestr.com\/#organization\",\"name\":\"The EpochTimes T\u00fcrkiye\",\"url\":\"https:\/\/epochtimestr.com\/\",\"logo\":{\"@type\":\"ImageObject\",\"inLanguage\":\"tr\",\"@id\":\"https:\/\/epochtimestr.com\/#\/schema\/logo\/image\/\",\"url\":\"https:\/\/epochtimestr.com\/wp-content\/uploads\/2011y\/ET-Logo-YG.jpg\",\"contentUrl\":\"https:\/\/epochtimestr.com\/wp-content\/uploads\/2011y\/ET-Logo-YG.jpg\",\"width\":346,\"height\":29,\"caption\":\"The EpochTimes T\u00fcrkiye\"},\"image\":{\"@id\":\"https:\/\/epochtimestr.com\/#\/schema\/logo\/image\/\"},\"sameAs\":[\"https:\/\/www.facebook.com\/theepochtimestr\",\"https:\/\/x.com\/TheEpochTimesTR\",\"https:\/\/www.instagram.com\/epochtimestr\"]},{\"@type\":\"Person\",\"@id\":\"https:\/\/epochtimestr.com\/#\/schema\/person\/3dc5c3adeb9f43923c5aa85889172fdd\",\"name\":\"Haber Merkezi\",\"image\":{\"@type\":\"ImageObject\",\"inLanguage\":\"tr\",\"@id\":\"https:\/\/epochtimestr.com\/#\/schema\/person\/image\/\",\"url\":\"https:\/\/secure.gravatar.com\/avatar\/d73f772ba5a74f28601361e17c2f93e6?s=96&d=mm&r=g\",\"contentUrl\":\"https:\/\/secure.gravatar.com\/avatar\/d73f772ba5a74f28601361e17c2f93e6?s=96&d=mm&r=g\",\"caption\":\"Haber Merkezi\"},\"url\":\"https:\/\/epochtimestr.com\/index.php\/author\/sendag\"}]}<\/script>\n<!-- \/ Yoast SEO plugin. -->","yoast_head_json":{"title":"Karahantepe'de Tarihi ke\u015fif: 11 Bin Y\u0131ll\u0131k Heykel Bulundu - The Epoch Times TR","description":"Karahantepe\u2019de 2019 y\u0131l\u0131nda ba\u015flayan ve her y\u0131l yeni ke\u015fiflerle devam eden kaz\u0131larda 2026 sezonunda yeni yap\u0131lar ve eserler a\u00e7\u0131\u011fa \u00e7\u0131kar\u0131ld\u0131.","robots":{"index":"index","follow":"follow","max-snippet":"max-snippet:-1","max-image-preview":"max-image-preview:large","max-video-preview":"max-video-preview:-1"},"canonical":"https:\/\/epochtimestr.com\/index.php\/karahantepede-tarihi-kesif-11-bin-yillik-heykel-bulundu","og_locale":"tr_TR","og_type":"article","og_title":"Karahantepe'de Tarihi ke\u015fif: 11 Bin Y\u0131ll\u0131k Heykel Bulundu - The Epoch Times TR","og_description":"Karahantepe\u2019de 2019 y\u0131l\u0131nda ba\u015flayan ve her y\u0131l yeni ke\u015fiflerle devam eden kaz\u0131larda 2026 sezonunda yeni yap\u0131lar ve eserler a\u00e7\u0131\u011fa \u00e7\u0131kar\u0131ld\u0131.","og_url":"https:\/\/epochtimestr.com\/index.php\/karahantepede-tarihi-kesif-11-bin-yillik-heykel-bulundu","og_site_name":"The Epoch Times TR","article_publisher":"https:\/\/www.facebook.com\/theepochtimestr","article_published_time":"2026-08-26T05:37:48+00:00","article_modified_time":"2026-08-26T05:37:50+00:00","og_image":[{"width":887,"height":460,"url":"https:\/\/epochtimestr.com\/wp-content\/uploads\/2011y\/512382whatsapp-image-2026-08-25-at-121001jpeg.jpg","type":"image\/jpeg"}],"author":"Haber Merkezi","twitter_card":"summary_large_image","twitter_creator":"@TheEpochTimesTR","twitter_site":"@TheEpochTimesTR","twitter_misc":{"Yazan:":"Haber Merkezi","Tahmini okuma s\u00fcresi":"4 dakika"},"schema":{"@context":"https:\/\/schema.org","@graph":[{"@type":"Article","@id":"https:\/\/epochtimestr.com\/index.php\/karahantepede-tarihi-kesif-11-bin-yillik-heykel-bulundu#article","isPartOf":{"@id":"https:\/\/epochtimestr.com\/index.php\/karahantepede-tarihi-kesif-11-bin-yillik-heykel-bulundu"},"author":{"name":"Haber Merkezi","@id":"https:\/\/epochtimestr.com\/#\/schema\/person\/3dc5c3adeb9f43923c5aa85889172fdd"},"headline":"Karahantepe&#8217;de Tarihi ke\u015fif: 11 Bin Y\u0131ll\u0131k Heykel Bulundu","datePublished":"2026-08-26T05:37:48+00:00","dateModified":"2026-08-26T05:37:50+00:00","mainEntityOfPage":{"@id":"https:\/\/epochtimestr.com\/index.php\/karahantepede-tarihi-kesif-11-bin-yillik-heykel-bulundu"},"wordCount":689,"commentCount":0,"publisher":{"@id":"https:\/\/epochtimestr.com\/#organization"},"image":{"@id":"https:\/\/epochtimestr.com\/index.php\/karahantepede-tarihi-kesif-11-bin-yillik-heykel-bulundu#primaryimage"},"thumbnailUrl":"https:\/\/epochtimestr.com\/wp-content\/uploads\/2011y\/512382whatsapp-image-2026-08-25-at-121001jpeg.jpg","keywords":["arkeoloji","heykel","Karahantepe","k\u00fclt\u00fcr ve turizm bakan\u0131 mehmet nuri ersoy","leopar","Neolitik B d\u00f6nemi","Prof. Dr. Necmi Karul","\u015eanl\u0131urfa"],"articleSection":["Arkeoloji","D\u00fcnya K\u00fclt\u00fcr Miraslar\u0131","G\u00dcNDEM","MAN\u015eET"],"inLanguage":"tr","potentialAction":[{"@type":"CommentAction","name":"Comment","target":["https:\/\/epochtimestr.com\/index.php\/karahantepede-tarihi-kesif-11-bin-yillik-heykel-bulundu#respond"]}]},{"@type":"WebPage","@id":"https:\/\/epochtimestr.com\/index.php\/karahantepede-tarihi-kesif-11-bin-yillik-heykel-bulundu","url":"https:\/\/epochtimestr.com\/index.php\/karahantepede-tarihi-kesif-11-bin-yillik-heykel-bulundu","name":"Karahantepe'de Tarihi ke\u015fif: 11 Bin Y\u0131ll\u0131k Heykel Bulundu - The Epoch Times TR","isPartOf":{"@id":"https:\/\/epochtimestr.com\/#website"},"primaryImageOfPage":{"@id":"https:\/\/epochtimestr.com\/index.php\/karahantepede-tarihi-kesif-11-bin-yillik-heykel-bulundu#primaryimage"},"image":{"@id":"https:\/\/epochtimestr.com\/index.php\/karahantepede-tarihi-kesif-11-bin-yillik-heykel-bulundu#primaryimage"},"thumbnailUrl":"https:\/\/epochtimestr.com\/wp-content\/uploads\/2011y\/512382whatsapp-image-2026-08-25-at-121001jpeg.jpg","datePublished":"2026-08-26T05:37:48+00:00","dateModified":"2026-08-26T05:37:50+00:00","description":"Karahantepe\u2019de 2019 y\u0131l\u0131nda ba\u015flayan ve her y\u0131l yeni ke\u015fiflerle devam eden kaz\u0131larda 2026 sezonunda yeni yap\u0131lar ve eserler a\u00e7\u0131\u011fa \u00e7\u0131kar\u0131ld\u0131.","inLanguage":"tr","potentialAction":[{"@type":"ReadAction","target":["https:\/\/epochtimestr.com\/index.php\/karahantepede-tarihi-kesif-11-bin-yillik-heykel-bulundu"]}]},{"@type":"ImageObject","inLanguage":"tr","@id":"https:\/\/epochtimestr.com\/index.php\/karahantepede-tarihi-kesif-11-bin-yillik-heykel-bulundu#primaryimage","url":"https:\/\/epochtimestr.com\/wp-content\/uploads\/2011y\/512382whatsapp-image-2026-08-25-at-121001jpeg.jpg","contentUrl":"https:\/\/epochtimestr.com\/wp-content\/uploads\/2011y\/512382whatsapp-image-2026-08-25-at-121001jpeg.jpg","width":887,"height":460},{"@type":"WebSite","@id":"https:\/\/epochtimestr.com\/#website","url":"https:\/\/epochtimestr.com\/","name":"The Epoch Times TR","description":"De\u011fi\u015fen D\u00fcnyam\u0131za Taze Bir Bak\u0131\u015f","publisher":{"@id":"https:\/\/epochtimestr.com\/#organization"},"potentialAction":[{"@type":"SearchAction","target":{"@type":"EntryPoint","urlTemplate":"https:\/\/epochtimestr.com\/?s={search_term_string}"},"query-input":"required name=search_term_string"}],"inLanguage":"tr"},{"@type":"Organization","@id":"https:\/\/epochtimestr.com\/#organization","name":"The EpochTimes T\u00fcrkiye","url":"https:\/\/epochtimestr.com\/","logo":{"@type":"ImageObject","inLanguage":"tr","@id":"https:\/\/epochtimestr.com\/#\/schema\/logo\/image\/","url":"https:\/\/epochtimestr.com\/wp-content\/uploads\/2011y\/ET-Logo-YG.jpg","contentUrl":"https:\/\/epochtimestr.com\/wp-content\/uploads\/2011y\/ET-Logo-YG.jpg","width":346,"height":29,"caption":"The EpochTimes T\u00fcrkiye"},"image":{"@id":"https:\/\/epochtimestr.com\/#\/schema\/logo\/image\/"},"sameAs":["https:\/\/www.facebook.com\/theepochtimestr","https:\/\/x.com\/TheEpochTimesTR","https:\/\/www.instagram.com\/epochtimestr"]},{"@type":"Person","@id":"https:\/\/epochtimestr.com\/#\/schema\/person\/3dc5c3adeb9f43923c5aa85889172fdd","name":"Haber Merkezi","image":{"@type":"ImageObject","inLanguage":"tr","@id":"https:\/\/epochtimestr.com\/#\/schema\/person\/image\/","url":"https:\/\/secure.gravatar.com\/avatar\/d73f772ba5a74f28601361e17c2f93e6?s=96&d=mm&r=g","contentUrl":"https:\/\/secure.gravatar.com\/avatar\/d73f772ba5a74f28601361e17c2f93e6?s=96&d=mm&r=g","caption":"Haber Merkezi"},"url":"https:\/\/epochtimestr.com\/index.php\/author\/sendag"}]}},"_links":{"self":[{"href":"https:\/\/epochtimestr.com\/index.php\/wp-json\/wp\/v2\/posts\/170987"}],"collection":[{"href":"https:\/\/epochtimestr.com\/index.php\/wp-json\/wp\/v2\/posts"}],"about":[{"href":"https:\/\/epochtimestr.com\/index.php\/wp-json\/wp\/v2\/types\/post"}],"author":[{"embeddable":true,"href":"https:\/\/epochtimestr.com\/index.php\/wp-json\/wp\/v2\/users\/12791"}],"replies":[{"embeddable":true,"href":"https:\/\/epochtimestr.com\/index.php\/wp-json\/wp\/v2\/comments?post=170987"}],"version-history":[{"count":2,"href":"https:\/\/epochtimestr.com\/index.php\/wp-json\/wp\/v2\/posts\/170987\/revisions"}],"predecessor-version":[{"id":171008,"href":"https:\/\/epochtimestr.com\/index.php\/wp-json\/wp\/v2\/posts\/170987\/revisions\/171008"}],"wp:featuredmedia":[{"embeddable":true,"href":"https:\/\/epochtimestr.com\/index.php\/wp-json\/wp\/v2\/media\/170988"}],"wp:attachment":[{"href":"https:\/\/epochtimestr.com\/index.php\/wp-json\/wp\/v2\/media?parent=170987"}],"wp:term":[{"taxonomy":"category","embeddable":true,"href":"https:\/\/epochtimestr.com\/index.php\/wp-json\/wp\/v2\/categories?post=170987"},{"taxonomy":"post_tag","embeddable":true,"href":"https:\/\/epochtimestr.com\/index.php\/wp-json\/wp\/v2\/tags?post=170987"}],"curies":[{"name":"wp","href":"https:\/\/api.w.org\/{rel}","templated":true}]}}