{"id":170995,"date":"2026-08-26T08:28:16","date_gmt":"2026-08-26T05:28:16","guid":{"rendered":"https:\/\/epochtimestr.com\/?p=170995"},"modified":"2026-08-26T08:28:43","modified_gmt":"2026-08-26T05:28:43","slug":"ipa-istanbullularin-kultur-ve-eglence-aliskanliklarini-arastirdi","status":"publish","type":"post","link":"https:\/\/epochtimestr.com\/index.php\/ipa-istanbullularin-kultur-ve-eglence-aliskanliklarini-arastirdi","title":{"rendered":"\u0130PA \u0130stanbullular\u0131n K\u00fclt\u00fcr ve E\u011flence Al\u0131\u015fkanl\u0131klar\u0131n\u0131 Ara\u015ft\u0131rd\u0131"},"content":{"rendered":"<div class=\"wp-block-image\">\n<figure class=\"aligncenter size-full is-resized\"><img loading=\"lazy\" decoding=\"async\" width=\"1280\" height=\"731\" src=\"https:\/\/epochtimestr.com\/wp-content\/uploads\/2011y\/pixabay-6.png\" alt=\"\u0130BB'ye Ba\u011fl\u0131 \u0130PA, \u0130stanbullular\u0131n k\u00fclt\u00fcr ve e\u011flence al\u0131\u015fkanl\u0131klar\u0131n\u0131 ara\u015ft\u0131rd\u0131. (Foto\u011fraf: Alexas_Fotos, Pixabay)\" class=\"wp-image-170996\" style=\"width:840px;height:auto\" srcset=\"https:\/\/epochtimestr.com\/wp-content\/uploads\/2011y\/pixabay-6.png 1280w, https:\/\/epochtimestr.com\/wp-content\/uploads\/2011y\/pixabay-6-300x171.png 300w, https:\/\/epochtimestr.com\/wp-content\/uploads\/2011y\/pixabay-6-150x86.png 150w, https:\/\/epochtimestr.com\/wp-content\/uploads\/2011y\/pixabay-6-768x439.png 768w\" sizes=\"(max-width: 1280px) 100vw, 1280px\" \/><figcaption class=\"wp-element-caption\">\u0130BB&#8217;ye Ba\u011fl\u0131 \u0130PA, \u0130stanbullular\u0131n k\u00fclt\u00fcr ve e\u011flence al\u0131\u015fkanl\u0131klar\u0131n\u0131 ara\u015ft\u0131rd\u0131. (G\u00f6rsel: Alexas_Fotos, Pixabay)<\/figcaption><\/figure><\/div>\n\n\n<h2 class=\"wp-block-heading\">\u0130PA&#8217;n\u0131n \u0130stanbul Barometresi ara\u015ft\u0131rmas\u0131na g\u00f6re, \u0130stanbullular\u0131n y\u00fczde 45,8&#8217;i son bir y\u0131lda herhangi bir k\u00fclt\u00fcr-sanat etkinli\u011fine kat\u0131lmad\u0131.<\/h2>\n\n\n\n<p>\u0130stanbul B\u00fcy\u00fck\u015fehir Belediyesi\u2019ne (<a href=\"https:\/\/epochtimestr.com\/index.php\/ozel-ibb-davasi-durusmalari-hakkinda-aciklamalarda-bulundu\">\u0130BB<\/a>) ba\u011fl\u0131 \u0130stanbul Planlama Ajans\u0131 (\u0130PA), ayl\u0131k veri b\u00fclteni <a href=\"https:\/\/epochtimestr.com\/index.php\/istanbulda-barajlarin-doluluk-orani-yuzde-50nin-altina-dustu\" target=\"_blank\" rel=\"noreferrer noopener\">\u0130stanbul <\/a>Barometresi\u2019nin temmuz say\u0131s\u0131n\u0131 yay\u0131mlad\u0131.<\/p>\n\n\n\n<p>Bu say\u0131n\u0131n tematik ara\u015ft\u0131rma konusu \u201c\u0130stanbul\u2019da K\u00fclt\u00fcr ve E\u011flence Al\u0131\u015fkanl\u0131klar\u0131\u201d oldu. 758 ki\u015fiyle y\u00fcr\u00fct\u00fclen ara\u015ft\u0131rmada, \u0130stanbullular\u0131n k\u00fclt\u00fcrel ya\u015fama kat\u0131l\u0131m d\u00fczeyi, kat\u0131l\u0131m\u0131n \u00f6n\u00fcndeki engeller ve dijital e\u011flence al\u0131\u015fkanl\u0131klar\u0131 incelendi. Ara\u015ft\u0131rmaya g\u00f6re \u0130stanbullular\u0131n y\u00fczde 45,8\u2019i son bir y\u0131lda herhangi bir k\u00fclt\u00fcr-sanat etkinli\u011fine kat\u0131lmad\u0131. K\u00fclt\u00fcr-sanat etkinliklerine kat\u0131l\u0131m\u0131 zorla\u015ft\u0131ran nedenler aras\u0131nda ilk s\u0131rada, y\u00fczde 45 ile \u201cbilet ve giri\u015f \u00fccretlerinin y\u00fcksekli\u011fi\u201d yer ald\u0131. Son bir y\u0131lda ekonomik ko\u015fullar nedeniyle k\u00fclt\u00fcr ve e\u011flence harcamalar\u0131nda en fazla k\u0131s\u0131nt\u0131ya gidilen kalem ise y\u00fczde 41,4 ile restoran-kafe gibi sosyal mekan harcamalar\u0131 oldu.<\/p>\n\n\n\n<p><strong>\u201cEtkinli\u011fe kat\u0131lanlar\u0131n en yayg\u0131n tercihi konserler oldu\u201d<\/strong><\/p>\n\n\n\n<p>Kat\u0131l\u0131mc\u0131lar\u0131n y\u00fczde 45,8\u2019i son bir y\u0131lda herhangi bir k\u00fclt\u00fcr-sanat etkinli\u011fine kat\u0131lmad\u0131\u011f\u0131n\u0131 belirtti. Etkinli\u011fe kat\u0131lanlar\u0131n en yayg\u0131n tercihi y\u00fczde 33,9 ile konserler oldu.<\/p>\n\n\n\n<p>Konserleri y\u00fczde 21,8 ile tiyatro\/stand-up, y\u00fczde 21,2 ile sanat galerisi veya m\u00fcze ziyareti izledi. Kitap fuar\u0131 ya da yazarlarla bulu\u015fma y\u00fczde 16,2, sokak festivali veya a\u00e7\u0131k hava etkinli\u011fi y\u00fczde 16,1, film festivali ise y\u00fczde 11,9 oran\u0131nda tercih edildi.<\/p>\n\n\n\n<p>Tasar\u0131m, foto\u011fraf ve moda etkinlikleri y\u00fczde 6,2, dans g\u00f6sterileri y\u00fczde 5,9, opera-bale ya da klasik m\u00fczik dinletileri ise y\u00fczde 5,7 oran\u0131nda ger\u00e7ekle\u015fti.<\/p>\n\n\n\n<p>K\u00fclt\u00fcr-sanat etkinliklerine kat\u0131l\u0131m\u0131 zorla\u015ft\u0131ran nedenler aras\u0131nda y\u00fczde 45 ile \u201cbilet ve giri\u015f \u00fccretlerinin y\u00fcksekli\u011fi\u201d ilk s\u0131rada yer ald\u0131. \u0130kinci s\u0131rada y\u00fczde 38,1 ile \u201ci\u015f ve okul nedeniyle vakit bulamamak\u201d se\u00e7ene\u011fi yer ald\u0131.<\/p>\n\n\n\n<h3 class=\"wp-block-heading\">\u201cEkonomik ko\u015fullar sosyal harcamalar\u0131 etkiledi\u201d<\/h3>\n\n\n\n<p>Kat\u0131l\u0131mc\u0131lara son bir y\u0131lda ekonomik ko\u015fullar nedeniyle k\u00fclt\u00fcr ve e\u011flence harcamalar\u0131nda k\u0131s\u0131nt\u0131ya gidip gitmedikleri de soruldu. En fazla k\u0131s\u0131nt\u0131ya gidilen harcama kalemi y\u00fczde 41,4 ile restoran-kafe gibi sosyal mekan harcamalar\u0131 oldu.<\/p>\n\n\n\n<p>Kat\u0131l\u0131mc\u0131lar\u0131n y\u00fczde 39,8\u2019i herhangi bir harcama kaleminde k\u0131s\u0131nt\u0131ya gitmedi\u011fini ifade etti. Konser veya tiyatro bileti harcamalar\u0131n\u0131 azaltanlar\u0131n oran\u0131 y\u00fczde 37,6. Bunun yan\u0131 s\u0131ra sinema bileti harcamalar\u0131n\u0131 azaltanlar\u0131n oran\u0131 ise y\u00fczde 37,2 olarak belirlendi.<\/p>\n\n\n\n<p>M\u00fcze ziyaretlerinde y\u00fczde 26, kitap, dergi ve dijital i\u00e7erik al\u0131mlar\u0131nda y\u00fczde 25,9, yay\u0131n platformu aboneliklerinde ise y\u00fczde 25,2 oran\u0131nda k\u0131s\u0131nt\u0131ya gidildi.<\/p>\n\n\n\n<p><strong>\u201cDijital i\u00e7eriklerin \u00e7ok daha eri\u015filebilir ve uygun fiyatl\u0131 olmas\u0131\u201d<\/strong><\/p>\n\n\n\n<p>Ara\u015ft\u0131rmada dijitalle\u015fmenin k\u00fclt\u00fcr ve e\u011flence al\u0131\u015fkanl\u0131klar\u0131ndaki yeri de incelendi. Fiziksel olarak etkinliklere kat\u0131lmay\u0131 tercih edenlerin oran\u0131 y\u00fczde 56,9 oldu. Ayr\u0131ca kat\u0131l\u0131mc\u0131lar\u0131n y\u00fczde 28,5&#8217;i k\u00fclt\u00fcrel deneyimler yerine sosyal medya ve dijital i\u00e7erikleri tercih etti. Dijital i\u00e7eri\u011fi k\u00fclt\u00fcrel deneyimlere tercih etti\u011fini belirten kat\u0131l\u0131mc\u0131lar\u0131n y\u00fczde 34,3\u2019\u00fc bunun nedenini \u201czaman k\u0131s\u0131tl\u0131yken dijital i\u00e7eri\u011fin \u00e7ok daha pratik olmas\u0131\u201d \u015feklinde a\u00e7\u0131klad\u0131.<\/p>\n\n\n\n<p>\u201cDijital i\u00e7eriklerin \u00e7ok daha eri\u015filebilir ve uygun fiyatl\u0131 olmas\u0131\u201d y\u00fczde 29,6 ile ikinci s\u0131rada yer ald\u0131. \u201cSosyal \u00e7evrenin de dijitale y\u00f6nelmesi\u201d y\u00fczde 18,1, \u201cfiziksel mekanlara ula\u015fman\u0131n zor veya yorucu olmas\u0131\u201d ise y\u00fczde 12,5 oran\u0131nda \u00e7\u0131kt\u0131.<\/p>\n\n\n\n<p><strong>\u201cG\u00fcnl\u00fck ortalama dijital e\u011flence i\u00e7eri\u011fine ayr\u0131lan s\u00fcre toplam 3 saat 8 dakika<\/strong>&#8220;<\/p>\n\n\n\n<p>Ara\u015ft\u0131rmada, g\u00fcnl\u00fck toplam dijital e\u011flence i\u00e7eri\u011fine ayr\u0131lan s\u00fcre ortalama 3 saat 8 dakika oldu. Kat\u0131l\u0131mc\u0131lar\u0131n i\u015f, uyku, yemek ve \u00e7ocuk bak\u0131m\u0131 d\u0131\u015f\u0131nda kalan g\u00fcnl\u00fck serbest zamanlar\u0131 da ortalama 3 saat 44 dakika olarak belirlendi. Bu s\u00fcrelerin birbirine bu kadar yak\u0131n olmas\u0131 bo\u015f zaman\u0131n neredeyse tamam\u0131n\u0131n dijital i\u00e7erik t\u00fcketimine ayr\u0131ld\u0131\u011f\u0131na i\u015faret etti.<\/p>\n\n\n\n<figure class=\"wp-block-embed is-type-rich is-provider-x wp-block-embed-x\"><div class=\"wp-block-embed__wrapper\">\n<blockquote class=\"twitter-tweet\" data-width=\"550\" data-dnt=\"true\"><p lang=\"tr\" dir=\"ltr\">\ud83d\udce2 \u0130PA \u0130stanbul Barometresi Temmuz 2026 say\u0131s\u0131 yay\u0131mland\u0131!<br>\ud83d\udd0d \u0130stanbul\u2019un ekonomik, toplumsal ve sekt\u00f6rel g\u00f6stergelerini d\u00fczenli olarak izleyen ayl\u0131k veri b\u00fclteni \u0130stanbul Barometresi, kentin nabz\u0131n\u0131 tutmaya devam etti. Her ay farkl\u0131 bir konunun ele al\u0131nd\u0131\u011f\u0131 tematik dosyada bu ay\u2026 <a href=\"https:\/\/t.co\/mL0evEpoBd\">pic.twitter.com\/mL0evEpoBd<\/a><\/p>&mdash; \u0130stanbul Planlama Ajans\u0131 (@ipaistanbul) <a href=\"https:\/\/x.com\/ipaistanbul\/status\/2092183338178007043?ref_src=twsrc%5Etfw\">August 25, 2026<\/a><\/blockquote><script async src=\"https:\/\/platform.x.com\/widgets.js\" charset=\"utf-8\"><\/script>\n<\/div><\/figure>\n","protected":false},"excerpt":{"rendered":"<p>\u0130PA&#8217;n\u0131n \u0130stanbul Barometresi ara\u015ft\u0131rmas\u0131na g\u00f6re, \u0130stanbullular\u0131n y\u00fczde 45,8&#8217;i son bir y\u0131lda herhangi bir k\u00fclt\u00fcr-sanat etkinli\u011fine kat\u0131lmad\u0131. \u0130stanbul B\u00fcy\u00fck\u015fehir Belediyesi\u2019ne (\u0130BB) ba\u011fl\u0131 \u0130stanbul Planlama Ajans\u0131 (\u0130PA), ayl\u0131k veri b\u00fclteni \u0130stanbul Barometresi\u2019nin temmuz say\u0131s\u0131n\u0131 yay\u0131mlad\u0131. Bu say\u0131n\u0131n tematik ara\u015ft\u0131rma konusu \u201c\u0130stanbul\u2019da K\u00fclt\u00fcr ve E\u011flence Al\u0131\u015fkanl\u0131klar\u0131\u201d oldu. 758 ki\u015fiyle y\u00fcr\u00fct\u00fclen ara\u015ft\u0131rmada, \u0130stanbullular\u0131n k\u00fclt\u00fcrel ya\u015fama kat\u0131l\u0131m d\u00fczeyi, kat\u0131l\u0131m\u0131n \u00f6n\u00fcndeki [&hellip;]<\/p>\n","protected":false},"author":12791,"featured_media":170996,"comment_status":"open","ping_status":"open","sticky":false,"template":"","format":"standard","meta":{"_yoast_wpseo_focuskw":"\u0130stanbullular\u0131n - k\u00fclt\u00fcr","_yoast_wpseo_title":"","_yoast_wpseo_metadesc":"\u0130PA'n\u0131n \u0130stanbul Barometresi ara\u015ft\u0131rmas\u0131na g\u00f6re, \u0130stanbullular\u0131n y\u00fczde 45,8'i son bir y\u0131lda herhangi bir k\u00fclt\u00fcr-sanat etkinli\u011fine kat\u0131lmad\u0131.","_bbp_topic_count":0,"_bbp_reply_count":0,"_bbp_total_topic_count":0,"_bbp_total_reply_count":0,"_bbp_voice_count":0,"_bbp_anonymous_reply_count":0,"_bbp_topic_count_hidden":0,"_bbp_reply_count_hidden":0,"_bbp_forum_subforum_count":0,"footnotes":"","_yoast_wpseo_focuskw_text_input":""},"categories":[8225,1,8138,8419],"tags":[369,8539,7348,12459],"yoast_head":"<!-- This site is optimized with the Yoast SEO plugin v23.0 - https:\/\/yoast.com\/wordpress\/plugins\/seo\/ -->\n<title>\u0130PA \u0130stanbullular\u0131n K\u00fclt\u00fcr ve E\u011flence Al\u0131\u015fkanl\u0131klar\u0131n\u0131 Ara\u015ft\u0131rd\u0131 - The Epoch Times TR<\/title>\n<meta name=\"description\" content=\"\u0130PA&#039;n\u0131n \u0130stanbul Barometresi ara\u015ft\u0131rmas\u0131na g\u00f6re, \u0130stanbullular\u0131n y\u00fczde 45,8&#039;i son bir y\u0131lda herhangi bir k\u00fclt\u00fcr-sanat etkinli\u011fine kat\u0131lmad\u0131.\" \/>\n<meta name=\"robots\" content=\"index, follow, max-snippet:-1, max-image-preview:large, max-video-preview:-1\" \/>\n<link rel=\"canonical\" href=\"https:\/\/epochtimestr.com\/index.php\/ipa-istanbullularin-kultur-ve-eglence-aliskanliklarini-arastirdi\" \/>\n<meta property=\"og:locale\" content=\"tr_TR\" \/>\n<meta property=\"og:type\" content=\"article\" \/>\n<meta property=\"og:title\" content=\"\u0130PA \u0130stanbullular\u0131n K\u00fclt\u00fcr ve E\u011flence Al\u0131\u015fkanl\u0131klar\u0131n\u0131 Ara\u015ft\u0131rd\u0131 - The Epoch Times TR\" \/>\n<meta property=\"og:description\" content=\"\u0130PA&#039;n\u0131n \u0130stanbul Barometresi ara\u015ft\u0131rmas\u0131na g\u00f6re, \u0130stanbullular\u0131n y\u00fczde 45,8&#039;i son bir y\u0131lda herhangi bir k\u00fclt\u00fcr-sanat etkinli\u011fine kat\u0131lmad\u0131.\" \/>\n<meta property=\"og:url\" content=\"https:\/\/epochtimestr.com\/index.php\/ipa-istanbullularin-kultur-ve-eglence-aliskanliklarini-arastirdi\" \/>\n<meta property=\"og:site_name\" content=\"The Epoch Times TR\" \/>\n<meta property=\"article:publisher\" content=\"https:\/\/www.facebook.com\/theepochtimestr\" \/>\n<meta property=\"article:published_time\" content=\"2026-08-26T05:28:16+00:00\" \/>\n<meta property=\"article:modified_time\" content=\"2026-08-26T05:28:43+00:00\" \/>\n<meta property=\"og:image\" content=\"https:\/\/epochtimestr.com\/wp-content\/uploads\/2011y\/pixabay-6.png\" \/>\n\t<meta property=\"og:image:width\" content=\"1280\" \/>\n\t<meta property=\"og:image:height\" content=\"731\" \/>\n\t<meta property=\"og:image:type\" content=\"image\/png\" \/>\n<meta name=\"author\" content=\"Haber Merkezi\" \/>\n<meta name=\"twitter:card\" content=\"summary_large_image\" \/>\n<meta name=\"twitter:creator\" content=\"@TheEpochTimesTR\" \/>\n<meta name=\"twitter:site\" content=\"@TheEpochTimesTR\" \/>\n<meta name=\"twitter:label1\" content=\"Yazan:\" \/>\n\t<meta name=\"twitter:data1\" content=\"Haber Merkezi\" \/>\n\t<meta name=\"twitter:label2\" content=\"Tahmini okuma s\u00fcresi\" \/>\n\t<meta name=\"twitter:data2\" content=\"4 dakika\" \/>\n<script type=\"application\/ld+json\" class=\"yoast-schema-graph\">{\"@context\":\"https:\/\/schema.org\",\"@graph\":[{\"@type\":\"Article\",\"@id\":\"https:\/\/epochtimestr.com\/index.php\/ipa-istanbullularin-kultur-ve-eglence-aliskanliklarini-arastirdi#article\",\"isPartOf\":{\"@id\":\"https:\/\/epochtimestr.com\/index.php\/ipa-istanbullularin-kultur-ve-eglence-aliskanliklarini-arastirdi\"},\"author\":{\"name\":\"Haber Merkezi\",\"@id\":\"https:\/\/epochtimestr.com\/#\/schema\/person\/3dc5c3adeb9f43923c5aa85889172fdd\"},\"headline\":\"\u0130PA \u0130stanbullular\u0131n K\u00fclt\u00fcr ve E\u011flence Al\u0131\u015fkanl\u0131klar\u0131n\u0131 Ara\u015ft\u0131rd\u0131\",\"datePublished\":\"2026-08-26T05:28:16+00:00\",\"dateModified\":\"2026-08-26T05:28:43+00:00\",\"mainEntityOfPage\":{\"@id\":\"https:\/\/epochtimestr.com\/index.php\/ipa-istanbullularin-kultur-ve-eglence-aliskanliklarini-arastirdi\"},\"wordCount\":771,\"commentCount\":0,\"publisher\":{\"@id\":\"https:\/\/epochtimestr.com\/#organization\"},\"image\":{\"@id\":\"https:\/\/epochtimestr.com\/index.php\/ipa-istanbullularin-kultur-ve-eglence-aliskanliklarini-arastirdi#primaryimage\"},\"thumbnailUrl\":\"https:\/\/epochtimestr.com\/wp-content\/uploads\/2011y\/pixabay-6.png\",\"keywords\":[\"ara\u015ft\u0131rma\",\"\u0130PA\",\"\u0130stanbul\",\"\u0130stanbul\u2019da K\u00fclt\u00fcr ve E\u011flence Al\u0131\u015fkanl\u0131klar\u0131\"],\"articleSection\":[\"Ekonomi\",\"G\u00dcNDEM\",\"MAN\u015eET\",\"Ya\u015fam\"],\"inLanguage\":\"tr\",\"potentialAction\":[{\"@type\":\"CommentAction\",\"name\":\"Comment\",\"target\":[\"https:\/\/epochtimestr.com\/index.php\/ipa-istanbullularin-kultur-ve-eglence-aliskanliklarini-arastirdi#respond\"]}]},{\"@type\":\"WebPage\",\"@id\":\"https:\/\/epochtimestr.com\/index.php\/ipa-istanbullularin-kultur-ve-eglence-aliskanliklarini-arastirdi\",\"url\":\"https:\/\/epochtimestr.com\/index.php\/ipa-istanbullularin-kultur-ve-eglence-aliskanliklarini-arastirdi\",\"name\":\"\u0130PA \u0130stanbullular\u0131n K\u00fclt\u00fcr ve E\u011flence Al\u0131\u015fkanl\u0131klar\u0131n\u0131 Ara\u015ft\u0131rd\u0131 - The Epoch Times TR\",\"isPartOf\":{\"@id\":\"https:\/\/epochtimestr.com\/#website\"},\"primaryImageOfPage\":{\"@id\":\"https:\/\/epochtimestr.com\/index.php\/ipa-istanbullularin-kultur-ve-eglence-aliskanliklarini-arastirdi#primaryimage\"},\"image\":{\"@id\":\"https:\/\/epochtimestr.com\/index.php\/ipa-istanbullularin-kultur-ve-eglence-aliskanliklarini-arastirdi#primaryimage\"},\"thumbnailUrl\":\"https:\/\/epochtimestr.com\/wp-content\/uploads\/2011y\/pixabay-6.png\",\"datePublished\":\"2026-08-26T05:28:16+00:00\",\"dateModified\":\"2026-08-26T05:28:43+00:00\",\"description\":\"\u0130PA'n\u0131n \u0130stanbul Barometresi ara\u015ft\u0131rmas\u0131na g\u00f6re, \u0130stanbullular\u0131n y\u00fczde 45,8'i son bir y\u0131lda herhangi bir k\u00fclt\u00fcr-sanat etkinli\u011fine kat\u0131lmad\u0131.\",\"inLanguage\":\"tr\",\"potentialAction\":[{\"@type\":\"ReadAction\",\"target\":[\"https:\/\/epochtimestr.com\/index.php\/ipa-istanbullularin-kultur-ve-eglence-aliskanliklarini-arastirdi\"]}]},{\"@type\":\"ImageObject\",\"inLanguage\":\"tr\",\"@id\":\"https:\/\/epochtimestr.com\/index.php\/ipa-istanbullularin-kultur-ve-eglence-aliskanliklarini-arastirdi#primaryimage\",\"url\":\"https:\/\/epochtimestr.com\/wp-content\/uploads\/2011y\/pixabay-6.png\",\"contentUrl\":\"https:\/\/epochtimestr.com\/wp-content\/uploads\/2011y\/pixabay-6.png\",\"width\":1280,\"height\":731},{\"@type\":\"WebSite\",\"@id\":\"https:\/\/epochtimestr.com\/#website\",\"url\":\"https:\/\/epochtimestr.com\/\",\"name\":\"The Epoch Times TR\",\"description\":\"De\u011fi\u015fen D\u00fcnyam\u0131za Taze Bir Bak\u0131\u015f\",\"publisher\":{\"@id\":\"https:\/\/epochtimestr.com\/#organization\"},\"potentialAction\":[{\"@type\":\"SearchAction\",\"target\":{\"@type\":\"EntryPoint\",\"urlTemplate\":\"https:\/\/epochtimestr.com\/?s={search_term_string}\"},\"query-input\":\"required name=search_term_string\"}],\"inLanguage\":\"tr\"},{\"@type\":\"Organization\",\"@id\":\"https:\/\/epochtimestr.com\/#organization\",\"name\":\"The EpochTimes T\u00fcrkiye\",\"url\":\"https:\/\/epochtimestr.com\/\",\"logo\":{\"@type\":\"ImageObject\",\"inLanguage\":\"tr\",\"@id\":\"https:\/\/epochtimestr.com\/#\/schema\/logo\/image\/\",\"url\":\"https:\/\/epochtimestr.com\/wp-content\/uploads\/2011y\/ET-Logo-YG.jpg\",\"contentUrl\":\"https:\/\/epochtimestr.com\/wp-content\/uploads\/2011y\/ET-Logo-YG.jpg\",\"width\":346,\"height\":29,\"caption\":\"The EpochTimes T\u00fcrkiye\"},\"image\":{\"@id\":\"https:\/\/epochtimestr.com\/#\/schema\/logo\/image\/\"},\"sameAs\":[\"https:\/\/www.facebook.com\/theepochtimestr\",\"https:\/\/x.com\/TheEpochTimesTR\",\"https:\/\/www.instagram.com\/epochtimestr\"]},{\"@type\":\"Person\",\"@id\":\"https:\/\/epochtimestr.com\/#\/schema\/person\/3dc5c3adeb9f43923c5aa85889172fdd\",\"name\":\"Haber Merkezi\",\"image\":{\"@type\":\"ImageObject\",\"inLanguage\":\"tr\",\"@id\":\"https:\/\/epochtimestr.com\/#\/schema\/person\/image\/\",\"url\":\"https:\/\/secure.gravatar.com\/avatar\/d73f772ba5a74f28601361e17c2f93e6?s=96&d=mm&r=g\",\"contentUrl\":\"https:\/\/secure.gravatar.com\/avatar\/d73f772ba5a74f28601361e17c2f93e6?s=96&d=mm&r=g\",\"caption\":\"Haber Merkezi\"},\"url\":\"https:\/\/epochtimestr.com\/index.php\/author\/sendag\"}]}<\/script>\n<!-- \/ Yoast SEO plugin. -->","yoast_head_json":{"title":"\u0130PA \u0130stanbullular\u0131n K\u00fclt\u00fcr ve E\u011flence Al\u0131\u015fkanl\u0131klar\u0131n\u0131 Ara\u015ft\u0131rd\u0131 - The Epoch Times TR","description":"\u0130PA'n\u0131n \u0130stanbul Barometresi ara\u015ft\u0131rmas\u0131na g\u00f6re, \u0130stanbullular\u0131n y\u00fczde 45,8'i son bir y\u0131lda herhangi bir k\u00fclt\u00fcr-sanat etkinli\u011fine kat\u0131lmad\u0131.","robots":{"index":"index","follow":"follow","max-snippet":"max-snippet:-1","max-image-preview":"max-image-preview:large","max-video-preview":"max-video-preview:-1"},"canonical":"https:\/\/epochtimestr.com\/index.php\/ipa-istanbullularin-kultur-ve-eglence-aliskanliklarini-arastirdi","og_locale":"tr_TR","og_type":"article","og_title":"\u0130PA \u0130stanbullular\u0131n K\u00fclt\u00fcr ve E\u011flence Al\u0131\u015fkanl\u0131klar\u0131n\u0131 Ara\u015ft\u0131rd\u0131 - The Epoch Times TR","og_description":"\u0130PA'n\u0131n \u0130stanbul Barometresi ara\u015ft\u0131rmas\u0131na g\u00f6re, \u0130stanbullular\u0131n y\u00fczde 45,8'i son bir y\u0131lda herhangi bir k\u00fclt\u00fcr-sanat etkinli\u011fine kat\u0131lmad\u0131.","og_url":"https:\/\/epochtimestr.com\/index.php\/ipa-istanbullularin-kultur-ve-eglence-aliskanliklarini-arastirdi","og_site_name":"The Epoch Times TR","article_publisher":"https:\/\/www.facebook.com\/theepochtimestr","article_published_time":"2026-08-26T05:28:16+00:00","article_modified_time":"2026-08-26T05:28:43+00:00","og_image":[{"width":1280,"height":731,"url":"https:\/\/epochtimestr.com\/wp-content\/uploads\/2011y\/pixabay-6.png","type":"image\/png"}],"author":"Haber Merkezi","twitter_card":"summary_large_image","twitter_creator":"@TheEpochTimesTR","twitter_site":"@TheEpochTimesTR","twitter_misc":{"Yazan:":"Haber Merkezi","Tahmini okuma s\u00fcresi":"4 dakika"},"schema":{"@context":"https:\/\/schema.org","@graph":[{"@type":"Article","@id":"https:\/\/epochtimestr.com\/index.php\/ipa-istanbullularin-kultur-ve-eglence-aliskanliklarini-arastirdi#article","isPartOf":{"@id":"https:\/\/epochtimestr.com\/index.php\/ipa-istanbullularin-kultur-ve-eglence-aliskanliklarini-arastirdi"},"author":{"name":"Haber Merkezi","@id":"https:\/\/epochtimestr.com\/#\/schema\/person\/3dc5c3adeb9f43923c5aa85889172fdd"},"headline":"\u0130PA \u0130stanbullular\u0131n K\u00fclt\u00fcr ve E\u011flence Al\u0131\u015fkanl\u0131klar\u0131n\u0131 Ara\u015ft\u0131rd\u0131","datePublished":"2026-08-26T05:28:16+00:00","dateModified":"2026-08-26T05:28:43+00:00","mainEntityOfPage":{"@id":"https:\/\/epochtimestr.com\/index.php\/ipa-istanbullularin-kultur-ve-eglence-aliskanliklarini-arastirdi"},"wordCount":771,"commentCount":0,"publisher":{"@id":"https:\/\/epochtimestr.com\/#organization"},"image":{"@id":"https:\/\/epochtimestr.com\/index.php\/ipa-istanbullularin-kultur-ve-eglence-aliskanliklarini-arastirdi#primaryimage"},"thumbnailUrl":"https:\/\/epochtimestr.com\/wp-content\/uploads\/2011y\/pixabay-6.png","keywords":["ara\u015ft\u0131rma","\u0130PA","\u0130stanbul","\u0130stanbul\u2019da K\u00fclt\u00fcr ve E\u011flence Al\u0131\u015fkanl\u0131klar\u0131"],"articleSection":["Ekonomi","G\u00dcNDEM","MAN\u015eET","Ya\u015fam"],"inLanguage":"tr","potentialAction":[{"@type":"CommentAction","name":"Comment","target":["https:\/\/epochtimestr.com\/index.php\/ipa-istanbullularin-kultur-ve-eglence-aliskanliklarini-arastirdi#respond"]}]},{"@type":"WebPage","@id":"https:\/\/epochtimestr.com\/index.php\/ipa-istanbullularin-kultur-ve-eglence-aliskanliklarini-arastirdi","url":"https:\/\/epochtimestr.com\/index.php\/ipa-istanbullularin-kultur-ve-eglence-aliskanliklarini-arastirdi","name":"\u0130PA \u0130stanbullular\u0131n K\u00fclt\u00fcr ve E\u011flence Al\u0131\u015fkanl\u0131klar\u0131n\u0131 Ara\u015ft\u0131rd\u0131 - The Epoch Times TR","isPartOf":{"@id":"https:\/\/epochtimestr.com\/#website"},"primaryImageOfPage":{"@id":"https:\/\/epochtimestr.com\/index.php\/ipa-istanbullularin-kultur-ve-eglence-aliskanliklarini-arastirdi#primaryimage"},"image":{"@id":"https:\/\/epochtimestr.com\/index.php\/ipa-istanbullularin-kultur-ve-eglence-aliskanliklarini-arastirdi#primaryimage"},"thumbnailUrl":"https:\/\/epochtimestr.com\/wp-content\/uploads\/2011y\/pixabay-6.png","datePublished":"2026-08-26T05:28:16+00:00","dateModified":"2026-08-26T05:28:43+00:00","description":"\u0130PA'n\u0131n \u0130stanbul Barometresi ara\u015ft\u0131rmas\u0131na g\u00f6re, \u0130stanbullular\u0131n y\u00fczde 45,8'i son bir y\u0131lda herhangi bir k\u00fclt\u00fcr-sanat etkinli\u011fine kat\u0131lmad\u0131.","inLanguage":"tr","potentialAction":[{"@type":"ReadAction","target":["https:\/\/epochtimestr.com\/index.php\/ipa-istanbullularin-kultur-ve-eglence-aliskanliklarini-arastirdi"]}]},{"@type":"ImageObject","inLanguage":"tr","@id":"https:\/\/epochtimestr.com\/index.php\/ipa-istanbullularin-kultur-ve-eglence-aliskanliklarini-arastirdi#primaryimage","url":"https:\/\/epochtimestr.com\/wp-content\/uploads\/2011y\/pixabay-6.png","contentUrl":"https:\/\/epochtimestr.com\/wp-content\/uploads\/2011y\/pixabay-6.png","width":1280,"height":731},{"@type":"WebSite","@id":"https:\/\/epochtimestr.com\/#website","url":"https:\/\/epochtimestr.com\/","name":"The Epoch Times TR","description":"De\u011fi\u015fen D\u00fcnyam\u0131za Taze Bir Bak\u0131\u015f","publisher":{"@id":"https:\/\/epochtimestr.com\/#organization"},"potentialAction":[{"@type":"SearchAction","target":{"@type":"EntryPoint","urlTemplate":"https:\/\/epochtimestr.com\/?s={search_term_string}"},"query-input":"required name=search_term_string"}],"inLanguage":"tr"},{"@type":"Organization","@id":"https:\/\/epochtimestr.com\/#organization","name":"The EpochTimes T\u00fcrkiye","url":"https:\/\/epochtimestr.com\/","logo":{"@type":"ImageObject","inLanguage":"tr","@id":"https:\/\/epochtimestr.com\/#\/schema\/logo\/image\/","url":"https:\/\/epochtimestr.com\/wp-content\/uploads\/2011y\/ET-Logo-YG.jpg","contentUrl":"https:\/\/epochtimestr.com\/wp-content\/uploads\/2011y\/ET-Logo-YG.jpg","width":346,"height":29,"caption":"The EpochTimes T\u00fcrkiye"},"image":{"@id":"https:\/\/epochtimestr.com\/#\/schema\/logo\/image\/"},"sameAs":["https:\/\/www.facebook.com\/theepochtimestr","https:\/\/x.com\/TheEpochTimesTR","https:\/\/www.instagram.com\/epochtimestr"]},{"@type":"Person","@id":"https:\/\/epochtimestr.com\/#\/schema\/person\/3dc5c3adeb9f43923c5aa85889172fdd","name":"Haber Merkezi","image":{"@type":"ImageObject","inLanguage":"tr","@id":"https:\/\/epochtimestr.com\/#\/schema\/person\/image\/","url":"https:\/\/secure.gravatar.com\/avatar\/d73f772ba5a74f28601361e17c2f93e6?s=96&d=mm&r=g","contentUrl":"https:\/\/secure.gravatar.com\/avatar\/d73f772ba5a74f28601361e17c2f93e6?s=96&d=mm&r=g","caption":"Haber Merkezi"},"url":"https:\/\/epochtimestr.com\/index.php\/author\/sendag"}]}},"_links":{"self":[{"href":"https:\/\/epochtimestr.com\/index.php\/wp-json\/wp\/v2\/posts\/170995"}],"collection":[{"href":"https:\/\/epochtimestr.com\/index.php\/wp-json\/wp\/v2\/posts"}],"about":[{"href":"https:\/\/epochtimestr.com\/index.php\/wp-json\/wp\/v2\/types\/post"}],"author":[{"embeddable":true,"href":"https:\/\/epochtimestr.com\/index.php\/wp-json\/wp\/v2\/users\/12791"}],"replies":[{"embeddable":true,"href":"https:\/\/epochtimestr.com\/index.php\/wp-json\/wp\/v2\/comments?post=170995"}],"version-history":[{"count":3,"href":"https:\/\/epochtimestr.com\/index.php\/wp-json\/wp\/v2\/posts\/170995\/revisions"}],"predecessor-version":[{"id":171006,"href":"https:\/\/epochtimestr.com\/index.php\/wp-json\/wp\/v2\/posts\/170995\/revisions\/171006"}],"wp:featuredmedia":[{"embeddable":true,"href":"https:\/\/epochtimestr.com\/index.php\/wp-json\/wp\/v2\/media\/170996"}],"wp:attachment":[{"href":"https:\/\/epochtimestr.com\/index.php\/wp-json\/wp\/v2\/media?parent=170995"}],"wp:term":[{"taxonomy":"category","embeddable":true,"href":"https:\/\/epochtimestr.com\/index.php\/wp-json\/wp\/v2\/categories?post=170995"},{"taxonomy":"post_tag","embeddable":true,"href":"https:\/\/epochtimestr.com\/index.php\/wp-json\/wp\/v2\/tags?post=170995"}],"curies":[{"name":"wp","href":"https:\/\/api.w.org\/{rel}","templated":true}]}}