{"id":170999,"date":"2026-08-26T08:55:54","date_gmt":"2026-08-26T05:55:54","guid":{"rendered":"https:\/\/epochtimestr.com\/?p=170999"},"modified":"2026-08-26T08:55:57","modified_gmt":"2026-08-26T05:55:57","slug":"ozgur-ozel-madencilerin-eylemine-destek-ziyaretinde-bulundu","status":"publish","type":"post","link":"https:\/\/epochtimestr.com\/index.php\/ozgur-ozel-madencilerin-eylemine-destek-ziyaretinde-bulundu","title":{"rendered":"\u00d6zg\u00fcr \u00d6zel Madencilerin Eylemine Destek Ziyaretinde Bulundu"},"content":{"rendered":"<div class=\"wp-block-image\">\n<figure class=\"aligncenter size-full\"><img loading=\"lazy\" decoding=\"async\" width=\"686\" height=\"386\" src=\"https:\/\/epochtimestr.com\/wp-content\/uploads\/2011y\/ozel2-9.jpg\" alt=\"Yeni Parti lideri \u00d6zg\u00fcr \u00d6zel, madencilerin eylemine destek ziyaretinde bulundu. (Foto\u011fraf: \u00d6.\u00d6zel x hesab\u0131)\" class=\"wp-image-171000\" srcset=\"https:\/\/epochtimestr.com\/wp-content\/uploads\/2011y\/ozel2-9.jpg 686w, https:\/\/epochtimestr.com\/wp-content\/uploads\/2011y\/ozel2-9-300x169.jpg 300w, https:\/\/epochtimestr.com\/wp-content\/uploads\/2011y\/ozel2-9-150x84.jpg 150w\" sizes=\"(max-width: 686px) 100vw, 686px\" \/><figcaption class=\"wp-element-caption\">Yeni Parti lideri \u00d6zg\u00fcr \u00d6zel, madencilerin eylemine destek ziyaretinde bulundu. (Foto\u011fraf: \u00d6.\u00d6zel x hesab\u0131)<\/figcaption><\/figure><\/div>\n\n\n<h2 class=\"wp-block-heading\">YEN\u0130 Parti Genel Ba\u015fkan\u0131 \u00d6zg\u00fcr \u00d6zel, Enerji ve Tabii Kaynaklar Bakanl\u0131\u011f\u0131 \u00f6n\u00fcnde eylem yapan Ba\u011f\u0131ms\u0131z Maden-\u0130\u015f \u00fcyesi madencilerin eylemine destek ziyaretinde bulundu.<\/h2>\n\n\n\n<p><a href=\"https:\/\/epochtimestr.com\/index.php\/yeni-parti-lideri-ozgur-ozel-rizede-balikcilar-koyunu-ziyaret-etti\" target=\"_blank\" rel=\"noreferrer noopener\">YEN\u0130 Parti <\/a>Genel Ba\u015fkan\u0131 \u00d6zg\u00fcr \u00d6zel, Y\u0131ld\u0131zlar SSS Holding b\u00fcnyesindeki maden i\u015fletmelerinde \u00e7al\u0131\u015fan ve aylard\u0131r alamad\u0131klar\u0131 \u00fccretleri i\u00e7in 16 g\u00fcnd\u00fcr Enerji ve Tabii Kaynaklar Bakanl\u0131\u011f\u0131 \u00f6n\u00fcnde eylem yapan i\u015f\u00e7ileri ziyaret etti. <\/p>\n\n\n\n<p>Burada konu\u015fan YEN\u0130 Parti lideri \u00d6zel, &#8221;\u00d6ncelikle burada <a href=\"https:\/\/epochtimestr.com\/index.php\/madenciler-oldukten-sonra-uyanamayiz-olmeden-ses-cikaralim\" target=\"_blank\" rel=\"noreferrer noopener\">maden<\/a> i\u015f\u00e7ilerinin ve ailelerinin g\u00f6stermi\u015f olduklar\u0131 direni\u015fe, m\u00fccadeleye ilgi g\u00f6steren ve onlar\u0131n sesini t\u00fcm T\u00fcrkiye\u2019ye duyuran bas\u0131n mensubu arkada\u015flara te\u015fekk\u00fcr ediyoruz. Bug\u00fcn bu Y\u0131ld\u0131zlar SSS Holding\u2019den alacakl\u0131 olan maden i\u015f\u00e7ilerinin m\u00fccadelesine bir kez daha destek olmak i\u00e7in veya bir ba\u015fka deyi\u015fle onlara verilen s\u00f6zler tutulmad\u0131\u011f\u0131 i\u00e7in bir kez daha haklar\u0131n\u0131 aramak \u00fczere buraya geldiklerinde onlarla dayan\u0131\u015fma i\u00e7inde olmak i\u00e7in buraday\u0131z\u201d dedi.<\/p>\n\n\n\n<p><strong>\u00d6zel, konu\u015fmas\u0131nda \u015funlar\u0131 s\u00f6yledi:<\/strong><\/p>\n\n\n\n<p>\u201cTabii eylem iki haftay\u0131 ge\u00e7en bir s\u00fcredir devam ediyor. Milletvekillerimiz, Genel Ba\u015fkan yard\u0131mc\u0131lar\u0131m\u0131z, Parti Meclisi \u00fcyelerimiz, yerel y\u00f6netimlerden arkada\u015flar\u0131m\u0131z s\u00fcrekli arkada\u015flar\u0131m\u0131zla ileti\u015fim halindeler. Bug\u00fcn bir kez daha aileler, e\u015fler, \u00e7ocuklar buraya geldiler. Ayn\u0131 23 Nisan g\u00fcn\u00fcnde oldu\u011fu gibi, temmuz ay\u0131 i\u00e7erisinde oldu\u011fu gibi bir kez daha davet ettiler ve biz de buraya geldik. Bakanl\u0131\u011f\u0131n \u00f6n\u00fcnde onlara destek olmaya geldik. Ge\u00e7en sefer oldu\u011fu gibi siyasetin ilgisinin yo\u011funla\u015ft\u0131\u011f\u0131, bas\u0131n\u0131n ilgisinin yo\u011funla\u015ft\u0131\u011f\u0131 g\u00fcnlerde bir g\u00f6r\u00fc\u015fme kap\u0131s\u0131 aralan\u0131yor. Art\u0131k bu gelenekselle\u015fti. Ama daha sonra tam s\u00f6zler veriliyor\u2026 Bu insanlar ne yaps\u0131n? <\/p>\n\n\n\n<p>G\u00fcnlerce burada yal\u0131nayak, ba\u015f\u0131 kabak, tek ba\u015f\u0131na parklarda, ta\u015flar\u0131n \u00fcst\u00fcnde yatmak, \u00fc\u00e7 g\u00fcnde bir nezarethaneye at\u0131lmak, iki gece nezarethanede kalmak kar\u015f\u0131l\u0131\u011f\u0131nda devlet bir s\u00f6z verince inan\u0131p d\u00f6n\u00fcyorlar. Sonra o s\u00f6z de tutulmuyor. Bu defalarca b\u00f6yle s\u00fcrd\u00fc. Tabii ge\u00e7en sefer \u015funu s\u00f6yleyelim. Ba\u011f\u0131ms\u0131z Maden-\u0130\u015f\u2019in m\u00fccadelesi, madenci arkada\u015flar\u0131n, ailelerin m\u00fccadelesi sonucunda bu Y\u0131ld\u0131zlar SSS Holding\u2019ten ge\u00e7mi\u015fe d\u00f6n\u00fck alacaklar\u0131n tahsil edilmesi bir ger\u00e7ekliktir ve b\u00fcy\u00fck bir ba\u015far\u0131d\u0131r. Yani buradan \u015funu herkes g\u00f6rs\u00fcn. Bu m\u00fccadelelerin sonucunda \u00e7oktan hak edilmi\u015f olan alacaklar\u0131n bir \u015fekilde \u00f6nemli bir miktar\u0131 tahsil edildi. Ama ne zaman kameralar buradan uzakla\u015f\u0131yor, bizler uzakla\u015f\u0131yoruz; o g\u00fcn mutabakata var\u0131l\u0131yor \u2018Bakanl\u0131k m\u00fcfetti\u015flerinin belirledi\u011fi alacaklar da \u00f6denecek\u2019 diye. <\/p>\n\n\n\n<h4 class=\"wp-block-heading\">\u201cAylarca \u00fccretsiz izne \u00e7\u0131kar\u0131lm\u0131\u015f, fazla mesailer \u00f6denmemi\u015f, birtak\u0131m tazminatlar \u00f6denmemi\u015f bir\u00e7ok hak var\u201d<\/h4>\n\n\n\n<p>Aylarca \u00fccretsiz izne \u00e7\u0131kar\u0131lm\u0131\u015f, fazla mesailer \u00f6denmemi\u015f, birtak\u0131m tazminatlar \u00f6denmemi\u015f bir\u00e7ok hak var. Onlar \u00e7\u0131k\u0131yor, \u2018Nas\u0131lsa gitti bunlar, bir daha toplanamazlar\u2019 diye bu k\u00f6t\u00fc ak\u0131l, k\u00f6t\u00fc zihniyet, haramzade zihniyet yine madencinin al\u0131n terinin, evlad\u0131n\u0131n lokmas\u0131n\u0131n pe\u015fine d\u00fc\u015f\u00fcyor, onu \u00f6dememeye gayret ediyor. Onlar da \u0131srarla ve inatla haklar\u0131n\u0131 almak i\u00e7in bir kez daha geldiler. Bug\u00fcnk\u00fc durum may\u0131s ay\u0131nda ve temmuz ay\u0131nda yap\u0131lan m\u00fccadelenin ba\u015far\u0131s\u0131z olmas\u0131ndan de\u011fil, ba\u015far\u0131ya ula\u015fmas\u0131ndan ama devam\u0131nda verilen s\u00f6zler gere\u011fi b\u00fct\u00fcn alacaklar\u0131n tam olarak \u00f6denmemesinden. Ayr\u0131ca bu m\u00fccadele Doruk Madencilik\u2019teki ba\u015far\u0131, bu \u015firketin di\u011fer hakk\u0131n\u0131 yedi\u011fi i\u015f\u00e7ilere de ilham oluyor. Onlar da diyorlar ki \u2018Do\u011fru bir sendikal \u00f6rg\u00fctlenme ve m\u00fccadeleyle biz de hakk\u0131m\u0131z\u0131 alabiliriz.\u2019 Onlar da burada bu m\u00fccadeleyi veriyorlar.<\/p>\n\n\n\n<figure class=\"wp-block-embed is-type-rich is-provider-x wp-block-embed-x\"><div class=\"wp-block-embed__wrapper\">\n<blockquote class=\"twitter-tweet\" data-width=\"550\" data-dnt=\"true\"><p lang=\"tr\" dir=\"ltr\">Genel Ba\u015fkan\u0131m\u0131z \u00d6zg\u00fcr \u00d6zel:<br><br>\u201c\u00d6yle z\u0131rt p\u0131rt her yere kayy\u0131m atayanlar, \u015firketlere el koyanlar, haydi \u015fimdi \u00e7\u0131k\u0131n \u2018\u0130\u015f\u00e7ilerin hakk\u0131n\u0131 hemen \u00f6demezsen yar\u0131n kayy\u0131m at\u0131yorum, biz \u00f6deriz\u2019 deyin, g\u00f6r\u00fcn bakal\u0131m \u00f6d\u00fcyorlar m\u0131, \u00f6demiyorlar m\u0131\u2026<br><br>G\u00fcc\u00fcn\u00fcz bir tek bunlara m\u0131 yetmiyor\u2026 <a href=\"https:\/\/t.co\/bJ8EOkldd2\">pic.twitter.com\/bJ8EOkldd2<\/a><\/p>&mdash; YEN\u0130 Parti (@yenipartiyiz) <a href=\"https:\/\/x.com\/yenipartiyiz\/status\/2092228753812254770?ref_src=twsrc%5Etfw\">August 25, 2026<\/a><\/blockquote><script async src=\"https:\/\/platform.x.com\/widgets.js\" charset=\"utf-8\"><\/script>\n<\/div><figcaption class=\"wp-element-caption\">Yeni Parti lideri \u00d6zg\u00fcr \u00d6zel, madencilerin eylemine destek ziyaretinde bulundu. <\/figcaption><\/figure>\n\n\n\n<h3 class=\"wp-block-heading\">&#8220;Kayy\u0131m\u0131 atay\u0131n, bak\u0131n \u00f6demiyorlar m\u0131?&#8221;<\/h3>\n\n\n\n<p>\u201cBuradan \u015funu ifade etmek isterim. G\u00f6r\u00fcyorsunuz bir anda bir sekt\u00f6r\u00fcn tamam\u0131na kayy\u0131m at\u0131yorlar, bir anda bir sekt\u00f6r\u00fcn tamam\u0131na el koyuyorlar, bir anda bir \u015firkete gidiyorlar ve el koyuyorlar, kamula\u015ft\u0131r\u0131yorlar. \u2018Efendim nedir?\u2019 \u2018\u015e\u00f6yle, \u015f\u00f6yle, \u015f\u00f6yle iddialar var.\u2019 Karde\u015fim burada iddia, middia yok; burada somut bir ger\u00e7ek var. Kul hakk\u0131 yemek var, al\u0131n teri s\u00f6m\u00fcr\u00fcs\u00fc var, apa\u00e7\u0131k emek h\u0131rs\u0131zl\u0131\u011f\u0131 var. \u00d6yle z\u0131rt p\u0131rt her \u015feye kayy\u0131m atanlar, \u015firkete el koyanlar, \u2018\u015eirketi kamula\u015ft\u0131r\u0131r\u0131z\u2019 diye hamle yap\u0131p bir haftaya anla\u015f\u0131p geri ad\u0131m atanlar; haydi bu Y\u0131ld\u0131zlar SSS Holding\u2019e de atay\u0131n bir tane kayy\u0131m da i\u015f\u00e7ilerin b\u00fct\u00fcn bor\u00e7lar\u0131n\u0131 \u00f6desin. Gerekiyorsa kamula\u015ft\u0131r\u0131n. <\/p>\n\n\n\n<p>Nas\u0131l ki bunlar anayasaya g\u00f6re yapmamalar\u0131 gereken bir i\u015fi yap\u0131p madencilik yap\u0131yorlar. Madenler asl\u0131nda bu insanlar\u0131n. Deyin ki \u2018Bu paray\u0131 bu ak\u015fam\u00fcst\u00fcne kadar \u00f6demezsen yar\u0131n \u00f6\u011flen sana i\u015fletme kayy\u0131m\u0131 at\u0131yorum, bor\u00e7lar\u0131 biz \u00f6deyece\u011fiz.\u2019 G\u00f6r\u00fcn bakal\u0131m \u00f6d\u00fcyorlar m\u0131, \u00f6demiyorlar m\u0131? \u00d6yle mahkemeye d\u00fc\u015fenlerin mal\u0131na \u00e7\u00f6k\u00fcp, iftira at\u0131nca geri verip, \u2018Do\u011fru ifade verince bir daha el koyar\u0131z\u2019 tehdidini b\u00f6yle son derece esnek bir \u015fekilde yapanlar; g\u00fcc\u00fcn\u00fcz herkese yetiyor da g\u00fcc\u00fcn\u00fcz bu Y\u0131ld\u0131zlar SSS Holding\u2019e niye yetmiyor sizin?<\/p>\n\n\n\n<h3 class=\"wp-block-heading\">\u201cMilletimiz bu hakl\u0131 m\u00fccadeleye destek veriyor\u201d<\/h3>\n\n\n\n<p>Nedir bu insanlar\u0131n sizden \u00e7ekti\u011fi? Yaz\u0131n ortas\u0131nda burada bir s\u00fcr\u00fc \u00e7ocuk var. Bunlar\u0131n yaz\u0131n dinlenmeleri, tatil yapmalar\u0131 gerekirken babalar\u0131n\u0131n pe\u015finde, babalar\u0131n\u0131n hakk\u0131n\u0131 almay\u0131 buraya gelmi\u015fler. E\u015fler peri\u015fan. O y\u00fczden bir kez daha uyar\u0131yoruz. Bundan sonraki s\u00fcre\u00e7te umar\u0131m i\u00e7eride sorun \u00e7\u00f6z\u00fcl\u00fcr. Be\u015f arkada\u015f\u0131m\u0131z; Say\u0131n Ba\u011f\u0131ms\u0131z Maden-\u0130\u015f\u2019in Ba\u015fkan\u0131 G\u00f6kay Ba\u015fkan ve ekibi sonu\u00e7 al\u0131rlar ya da Cumhurba\u015fkanl\u0131\u011f\u0131\u2019ndan verilen s\u00f6zler veya o konuda diyalog kanal\u0131n\u0131n a\u00e7\u0131k tutulmas\u0131n\u0131 y\u00f6nelik gayretler sonu\u00e7 verir. Arkada\u015flar hakk\u0131n\u0131 alsalar, kimsenin yani ne bu gazetecilerin, ne bu siyaset\u00e7ilerin, ne bu emek\u00e7ilerin; Bakanl\u0131k \u00f6n\u00fcnde kald\u0131r\u0131mda g\u00fcne\u015fin alt\u0131nda hi\u00e7birimizin bir i\u015fi yok. <\/p>\n\n\n\n<p>Hepimiz i\u015fimize, g\u00fcc\u00fcm\u00fcze bakaca\u011f\u0131z. Milletimiz bu hakl\u0131 m\u00fccadeleye destek veriyor. Ama g\u00f6zler ba\u015fka tarafa \u00e7evrildi\u011finde yine s\u00f6zler tutulmuyor. Bunun i\u00e7in arkada\u015flar\u0131m\u0131zla dayan\u0131\u015fma g\u00f6stermek \u00fczere buraday\u0131z. Ayr\u0131ca T\u00fcrkiye\u2019deki b\u00fct\u00fcn i\u015f\u00e7ilere, \u2018Hakk\u0131m\u0131 alam\u0131yorum, eme\u011fim s\u00f6m\u00fcr\u00fcl\u00fcyor, hakk\u0131m kadar maa\u015f alam\u0131yorum, eziliyorum\u2019 diyen herkese s\u00f6yl\u00fcyoruz. En k\u00f6t\u00fc sendika, sendikas\u0131zl\u0131ktan iyidir. Tabii ben b\u00f6yle dedim diye en k\u00f6t\u00fc sendikaya da de\u011fil, iyi ve m\u00fccadele eden sendikalara \u00fcye olun. \u0130\u015f\u00e7inin i\u015f\u00e7iden ba\u015fka dostu yoktur. \u0130\u015f\u00e7iler ger\u00e7ek anlamda sendikac\u0131l\u0131k yapan bir sendikal m\u00fccadele verenlerin etraf\u0131nda toplan\u0131rlarsa, \u00f6nlerinde durabilecek hi\u00e7bir g\u00fc\u00e7 yoktur. <\/p>\n\n\n\n<p>Bunu bir kez daha ifade ediyorum. Burada Y\u0131ld\u0131zlar SSS Holding b\u00fcnyesinde \u00e7al\u0131\u015f\u0131p, Ba\u011f\u0131ms\u0131z Maden-\u0130\u015f b\u00fcnyesinde sendikal m\u00fccadele veren t\u00fcm emek\u00e7i karde\u015flerimin huzurunda, onlar\u0131n \u015fahs\u0131nda T\u00fcrkiye i\u015f\u00e7i s\u0131n\u0131f\u0131n\u0131 sayg\u0131yla selaml\u0131yorum. Sa\u011f olun, var olun.\u201d<\/p>\n\n\n\n<figure class=\"wp-block-embed is-type-rich is-provider-x wp-block-embed-x\"><div class=\"wp-block-embed__wrapper\">\n<blockquote class=\"twitter-tweet\" data-width=\"550\" data-dnt=\"true\"><p lang=\"tr\" dir=\"ltr\">Genel Ba\u015fkan\u0131m\u0131z \u00d6zg\u00fcr \u00d6zel, Ba\u011f\u0131ms\u0131z Maden-\u0130\u015f \u00fcyesi maden emek\u00e7ileriyle a\u00e7\u0131klama yap\u0131yor.<br> <a href=\"https:\/\/t.co\/qOOfO7Aj6k\">https:\/\/t.co\/qOOfO7Aj6k<\/a><\/p>&mdash; YEN\u0130 Parti (@yenipartiyiz) <a href=\"https:\/\/x.com\/yenipartiyiz\/status\/2092169500963549419?ref_src=twsrc%5Etfw\">August 25, 2026<\/a><\/blockquote><script async src=\"https:\/\/platform.x.com\/widgets.js\" charset=\"utf-8\"><\/script>\n<\/div><figcaption class=\"wp-element-caption\">Yeni Parti lideri \u00d6zg\u00fcr \u00d6zel, madencilerin eylemine destek ziyaretinde bulundu.<\/figcaption><\/figure>\n\n\n\n<h3 class=\"wp-block-heading\"><strong>\u201cArkada\u015flar e\u011fri oturup do\u011fru konu\u015fal\u0131m\u201d<\/strong><\/h3>\n\n\n\n<p>YEN\u0130 Parti lideri \u00d6zel, bas\u0131n mensuplar\u0131nca Aziz \u0130hsan Akta\u015f davas\u0131\u2019nda verilen kararlar\u0131n sorulmas\u0131 \u00fczerine \u015funlar\u0131 s\u00f6yledi:<\/p>\n\n\n\n<p>\u201cArkada\u015flar devletin, devlet gibi de\u011fil de son derece b\u00f6yle sanki k\u00f6t\u00fcl\u00fck yapmak, pazarl\u0131k yapmak, birilerinin i\u015fine geleni yapmak, i\u015fine gelmedi\u011fini yapmamak \u00fczere olgula\u015ft\u0131r\u0131lm\u0131\u015f bir canavara d\u00f6n\u00fc\u015ft\u00fc\u011f\u00fc bir noktaday\u0131z. Arkada\u015flar e\u011fri oturup do\u011fru konu\u015fal\u0131m. B\u00fct\u00fcn vatanda\u015flar\u0131m\u0131za ifade ediyorum. \u00d6rne\u011fin en \u00e7ok ceza alan Be\u015fikta\u015f Belediye Ba\u015fkan\u0131m\u0131z R\u0131za Akpolat. 60\u2019a yak\u0131n eylemden su\u00e7lan\u0131yor de\u011fil mi arkada\u015flar? Bu eylemlerin 56 tanesinden beraat ediyor. 1 y\u0131l 8 ayd\u0131r o 60 eylemin hepsi ger\u00e7ekmi\u015f gibi haber yap\u0131p konu\u015fuluyor. Sonra bu eylemlerin 56\u2019s\u0131ndan \u2018Pardon. Bu konuda hi\u00e7bir su\u00e7 yok. Beraat ettin\u2019 deniyor. <\/p>\n\n\n\n<p>Geri kalan d\u00f6rt eylemden de \u00fcst s\u0131n\u0131ra \u00e7ok yak\u0131n yerlerden ceza verilip, y\u00fcksek cezalarla i\u00e7eride tutuluyor. Sebep ne? Sebep \u015fu arkada\u015flar. Aziz \u0130hsan Akta\u015f diye birisine \u2018Sen su\u00e7 \u00f6rg\u00fct\u00fc liderisin\u2019 dediler. \u2018Bunlar da senin su\u00e7 \u00f6rg\u00fct\u00fcn\u2019 dediler. Bu y\u00fczden su\u00e7 \u00f6rg\u00fct\u00fc soru\u015fturmas\u0131 oldu\u011fu i\u00e7in, \u00f6rne\u011fin Adana\u2019da ya da Ad\u0131yaman\u2019da ya da ba\u015fka \u015fehirlerde olan insanlar \u00f6rg\u00fct soru\u015fturmas\u0131 denilip \u0130stanbul\u2019a getirildiler. Bir y\u0131l sekiz ay yatan var, 10 ay yatan var, yedi ay yatan var. <\/p>\n\n\n\n<h3 class=\"wp-block-heading\">&#8220;Bir y\u0131l sekiz ayd\u0131r yatan \u00fc\u00e7 ki\u015fi yatmaya devam ediyor.&#8221;<\/h3>\n\n\n\n<p>Silivri zindan\u0131nda yatt\u0131lar. Bir y\u0131l sekiz ayd\u0131r yatan \u00fc\u00e7 ki\u015fi yatmaya da devam ediyor. Sonra dediler ki \u2018Aziz \u0130hsan Akta\u015f diye bir su\u00e7 \u00f6rg\u00fct\u00fc yokmu\u015f.\u2019 Bak\u0131n \u2018\u00f6rg\u00fct\u2019 deyince ba\u015fka \u015fehirdeki insanlar\u0131 yetkisiz mahkemelerin oldu\u011fu ba\u015fka \u015fehirlere getirmek m\u00fcmk\u00fcn oluyor. \u00d6rg\u00fct oldu\u011fu i\u00e7in \u00f6rne\u011fin ayda 60 dakika yak\u0131nlar\u0131yla g\u00f6r\u00fcnt\u00fcl\u00fc g\u00f6r\u00fc\u015femediler. <\/p>\n\n\n\n<p>\u00d6rg\u00fct oldu\u011fu i\u00e7in k\u00fct\u00fcphane hakk\u0131ndan, havaland\u0131rma hakk\u0131na, yak\u0131nlar\u0131yla g\u00f6r\u00fc\u015fme hakk\u0131na kadar haklar\u0131 k\u0131s\u0131tland\u0131. D\u00fcn \u2018\u00d6rg\u00fct yokmu\u015f, \u00e7\u00fcnk\u00fc biz Aziz \u0130hsan Akta\u015f\u2019\u0131 tutuklayamay\u0131z.\u2019 \u2018\u00d6rg\u00fct\u2019 derse al\u0131nan b\u00fct\u00fcn cezalar\u0131n toplam\u0131n\u0131 o da alacak. \u2018\u00d6rg\u00fct yok. Aziz Bey\u2019e g\u00fcle g\u00fcle.\u2019 Aziz \u0130hsan Akta\u015f\u2019la R\u0131za Akpolat\u2019\u0131n ili\u015fkilendirildi\u011fi hi\u00e7bir eyleme ceza yok. Onun olmad\u0131\u011f\u0131, bulduklar\u0131 \u00fc\u00e7 &#8211; d\u00f6rt eyleme en \u00fcst s\u0131n\u0131rdan ceza vererek; birine 20 y\u0131l, birine sekiz y\u0131l ceza verilip i\u00e7eride tutulmaya devam edilen bir i\u015f var.<\/p>\n\n\n<div class=\"wp-block-image\">\n<figure class=\"aligncenter size-large\"><img loading=\"lazy\" decoding=\"async\" width=\"2095\" height=\"1048\" src=\"https:\/\/epochtimestr.com\/wp-content\/uploads\/2011y\/yeni-parti-3-2095x1048.jpg\" alt=\"Yeni Parti lideri \u00d6zg\u00fcr \u00d6zel, madencilerin eylemine destek ziyaretinde bulundu. (Foto\u011fraf: \u00d6.\u00d6zel x hesab\u0131)\" class=\"wp-image-171001\" srcset=\"https:\/\/epochtimestr.com\/wp-content\/uploads\/2011y\/yeni-parti-3-2095x1048.jpg 2095w, https:\/\/epochtimestr.com\/wp-content\/uploads\/2011y\/yeni-parti-3-300x150.jpg 300w, https:\/\/epochtimestr.com\/wp-content\/uploads\/2011y\/yeni-parti-3-150x75.jpg 150w, https:\/\/epochtimestr.com\/wp-content\/uploads\/2011y\/yeni-parti-3-768x384.jpg 768w, https:\/\/epochtimestr.com\/wp-content\/uploads\/2011y\/yeni-parti-3-1536x768.jpg 1536w, https:\/\/epochtimestr.com\/wp-content\/uploads\/2011y\/yeni-parti-3-2048x1024.jpg 2048w\" sizes=\"(max-width: 2095px) 100vw, 2095px\" \/><figcaption class=\"wp-element-caption\">Yeni Parti lideri \u00d6zg\u00fcr \u00d6zel, madencilerin eylemine destek ziyaretinde bulundu. (Foto\u011fraf: \u00d6.\u00d6zel x hesab\u0131)<\/figcaption><\/figure><\/div>\n\n\n<h4 class=\"wp-block-heading\">&#8220;\u2018Efendim \u015fu itiraf\u00e7\u0131 \u015funu dedi\u2019 dedin ama \u2018Ben bunu bask\u0131 alt\u0131nda dedim\u2019 diyenleri haber yapmad\u0131n&#8221;<\/h4>\n\n\n\n<p>\u015eimdi buradan \u015funu s\u00f6ylemek isterim. Bir yandan da Silivri\u2019de duru\u015fmalar g\u00f6r\u00fcl\u00fcyor. Baz\u0131 gazeteci arkada\u015flar Silivri duru\u015fmas\u0131n\u0131 izliyorlar. B\u00fct\u00fcn iddialar\u0131 ger\u00e7ekmi\u015f gibi vaktiyle \u00fcst\u00fcnde tepindiler. \u0130ddianame \u00e7\u0131k\u0131nca hi\u00e7 k\u00f6\u015felerine yazmad\u0131lar. Hani ya parkelerin alt\u0131ndan dolar \u00e7\u0131kacakt\u0131, hani ya para kasalar\u0131n\u0131n g\u00f6r\u00fcnt\u00fcleri olacakt\u0131 hani ya bavul bavul para ta\u015f\u0131n\u0131yordu hani ya binlerce telefon, y\u00fczlerce daire verilmi\u015fti. Hi\u00e7 bunlar\u0131 sormad\u0131lar. \u2018Bu yalanlar\u0131 kim att\u0131?\u2019 demediler. Sonra da 15 tane itiraf\u00e7\u0131 helallik istedi, \u00f6z\u00fcr diledi, \u2018Yalan konu\u015ftum\u2019 dedi. Bunlar haber yapmad\u0131lar. <\/p>\n\n\n\n<p>Sonra ge\u00e7en hafta bir itiraf\u00e7\u0131 \u00e7\u0131k\u0131p att\u0131\u011f\u0131 iftirada mahkemede cay\u0131nca, karar g\u00fcn\u00fcn\u00fc bile beklemeden acil laf\u0131n aras\u0131na girip, ilk kez oluyor yarg\u0131 tarihinde, araya girip \u2018Tutuklay\u0131n bunu\u2019 dediler ki hepsi teker teker \u00e7\u00f6z\u00fcl\u00fcp bundan sonrakiler de yapmas\u0131n diye. O ki\u015fiden sonrakiler att\u0131klar\u0131 iftirada cayd\u0131klar\u0131nda daha do\u011frusu mahkeme, \u2018At buraya imzay\u0131 \u00e7\u0131k d\u0131\u015far\u0131.\u2019 Do\u011frusunu s\u00f6ylemeye kalkt\u0131\u011f\u0131nda yeniden tutuklama sopas\u0131n\u0131 g\u00f6r\u00fcnce, beyanlar\u0131n\u0131 tekrar edince, \u015fimdi k\u00f6\u015felerine yaz\u0131yorlar ki \u2018Efendim bak\u0131n g\u00f6rd\u00fcn\u00fcz m\u00fc, y\u00fcz\u00fcne kar\u015f\u0131 s\u00f6yledi.\u2019 <\/p>\n\n\n\n<p>Karde\u015fim 1,5 &#8211; 2 y\u0131ld\u0131r s\u00f6yledikleriniz d\u00f6k\u00fcl\u00fcrken birini haber yapma, \u015fimdi T\u00fcrkiye\u2019nin en \u00f6nemli ge\u00e7mi\u015f tarihi gazetelerinden birinde k\u00f6\u015fe yazarlar\u0131 s\u00fctun s\u00fctun \u2018Efendim \u015fu itiraf\u00e7\u0131 \u015funu dedi\u2019 deyip de \u2018Ben bunu bask\u0131 alt\u0131nda dedim\u2019 diyenleri haber yapmad\u0131n ya. Mahkemede do\u011frusunu anlat\u0131nca savc\u0131n\u0131n, \u2018Bize b\u00f6yle s\u00f6z vermedi, tutuklayal\u0131m bunu\u2019 dedi\u011fini anlatmad\u0131n ya. \u015eimdi burada hadi bakal\u0131m, bak\u0131n R\u0131za Akolat, 438 y\u0131l hapis cezas\u0131 isteniyordu. D\u00f6nd\u00fcler 20 y\u0131l ceza verdiler. \u0130\u015fte bunun istinaf ve yarg\u0131tayda kesin bozulacak diye \u00fcst s\u0131n\u0131rdan veriyor. <\/p>\n\n\n\n<h3 class=\"wp-block-heading\">\u201cArkada\u015flar\u0131m\u0131z\u0131 \u015feklen su\u00e7lu g\u00f6steriyorlar.&#8221;<\/h3>\n\n\n\n<p>Niye \u00fcst s\u0131n\u0131rdan veriyor? Di\u011ferlerinde veremedi, insan gibi alt s\u0131n\u0131rdan, hak etti\u011fi gibi \u00e7\u00fcnk\u00fc mahkemede olay \u00e7\u0131karmam\u0131\u015f, bir olay \u00e7\u0131karmam\u0131\u015f. \u00c7\u00fcnk\u00fc alt s\u0131n\u0131rdan uzakla\u015fmay\u0131 gerektirecek gerek\u00e7eler ortaya \u00e7\u0131kmam\u0131\u015f. Hem ceza a\u00e7\u0131s\u0131ndan hem de infaz rejimi a\u00e7\u0131s\u0131ndan, cezaevi ve mahkeme disiplini a\u00e7\u0131s\u0131ndan alt s\u0131n\u0131rdan uzakla\u015fmay\u0131 gerektirecek bir \u015fey yok. \u2018Ama alt s\u0131n\u0131rdan verirsek Aziz \u0130hsan Akta\u015f\u2019\u0131 kurtaraca\u011f\u0131z diye onun i\u00e7inde oldu\u011fu hi\u00e7bir \u015feyden ceza veremedik. Bunlar buradan \u00e7\u0131k\u0131p gidecekler. Biraz daha yats\u0131nlar, su\u00e7lu alg\u0131s\u0131 peki\u015fsin diye efendim 4 ila 8 y\u0131l, 7,5 y\u0131l veriyor. Nerede g\u00f6r\u00fcld\u00fcyse? O y\u00fczden bak\u0131n bir daha ifade ediyorum arkada\u015flar. 60 tane su\u00e7laman\u0131n 56\u2019s\u0131na, \u2018beraat\u2019 dedi mahkeme. D\u00f6rt tanesine \u00fcstten \u00fcstten ceza verip, \u015feklen su\u00e7lu g\u00f6steriyorlar arkada\u015flar\u0131m\u0131z\u0131.<\/p>\n\n\n\n<figure class=\"wp-block-embed is-type-rich is-provider-x wp-block-embed-x\"><div class=\"wp-block-embed__wrapper\">\n<blockquote class=\"twitter-tweet\" data-width=\"550\" data-dnt=\"true\"><p lang=\"tr\" dir=\"ltr\">Genel Ba\u015fkan\u0131m\u0131z \u00d6zg\u00fcr \u00d6zel, Ba\u011f\u0131ms\u0131z Maden-\u0130\u015f \u00fcyesi maden i\u015f\u00e7ilerinin aileleri ile birlikte Enerji ve Tabii Kaynaklar Bakanl\u0131\u011f\u0131 \u00f6n\u00fcnde s\u00fcrd\u00fcrd\u00fc\u011f\u00fc eylemine destek ziyaretinde bulundu. <a href=\"https:\/\/t.co\/ErghjqSw8E\">pic.twitter.com\/ErghjqSw8E<\/a><\/p>&mdash; YEN\u0130 Parti (@yenipartiyiz) <a href=\"https:\/\/x.com\/yenipartiyiz\/status\/2092201916830752902?ref_src=twsrc%5Etfw\">August 25, 2026<\/a><\/blockquote><script async src=\"https:\/\/platform.x.com\/widgets.js\" charset=\"utf-8\"><\/script>\n<\/div><figcaption class=\"wp-element-caption\">Yeni Parti lideri \u00d6zg\u00fcr \u00d6zel, madencilerin eylemine destek ziyaretinde bulundu. <\/figcaption><\/figure>\n\n\n\n<h3 class=\"wp-block-heading\">\u201cSilivri\u2019de di\u011fer davada da benzer bir oyun ortaya konuyor\u201d<\/h3>\n\n\n\n<p>Silivri\u2019de di\u011fer davada da benzer bir oyun ortaya konuyor. Herkes \u015funu g\u00f6rs\u00fcn. Mahkeme, ortaya konulan oyunun son perdesini oynam\u0131\u015ft\u0131r. Zaten bu oyunda \u00f6yle bahsedildi\u011fi gibi 200 ki\u015fi, 60 tane eylemden, tak\u0131r tak\u0131r r\u00fc\u015fvet alm\u0131\u015f falan bir \u015fey olmad\u0131\u011f\u0131 belliydi. Olmad\u0131\u011f\u0131 i\u00e7in sonu\u00e7lar b\u00f6yle oldu. Kast\u0131rabildikleri, kendince bulduklar\u0131, sonradan bozulacak bir yerden de y\u00fcksek y\u00fcksek cezalarla \u00fc\u00e7 CHP\u2019li, d\u00f6rt CHP\u2019li belediye ba\u015fkan\u0131n\u0131 g\u00f6revden uzakla\u015ft\u0131rmak, onun d\u0131\u015f\u0131nda da elleri tertemiz yap\u0131p Aziz \u0130hsan Akta\u015f diye su\u00e7 \u00f6rg\u00fct\u00fc dedi\u011finiz, \u2018T\u00fcrkiye \u00e7ap\u0131nda bir \u00e7ete kurdu, \u00f6rg\u00fct kurdu, herkese r\u00fc\u015fvet da\u011f\u0131tt\u0131\u2019 dedi\u011finiz ki\u015fiyi de b\u0131rak\u0131p gidiyorsunuz. <\/p>\n\n\n\n<p>Neymi\u015f efendim? Adli makamlar\u0131 bilgilendirerek yapm\u0131\u015f. O dedi\u011fin kimsenin haberi yokken gelip, \u2018Benden r\u00fc\u015fvet istiyorlar, veriyorum. Bak paralar\u0131n numaras\u0131 burada, gel su\u00e7\u00fcst\u00fc yap\u2019 dersen olur. Ya da \u2018Ben r\u00fc\u015fvet verdim, pi\u015fman\u0131m\u2019 deyip gelip kendisi o g\u00fcn\u00fc ihbar ederse olur. Soru\u015fturma ba\u015flam\u0131\u015f bir \u015fey yok, kovu\u015fturma ba\u015flam\u0131\u015f iddianame yaz\u0131lm\u0131\u015f, i\u00e7eriye at\u0131lm\u0131\u015f. O s\u0131rada \u2018\u0130tiraf\u00e7\u0131 olaca\u011f\u0131m\u2019 diyor. \u2018Hadi bakal\u0131m sen \u00e7\u0131k, senin hi\u00e7bir su\u00e7un yok\u2026\u2019 R\u00fc\u015fvet su\u00e7unun olu\u015fmas\u0131 i\u00e7in bir alan\u0131n, bir verenin olmas\u0131 laz\u0131m. Alan burada, veren serbest. Alan var m\u0131? O da yok. Tamamen bir yalan \u00fczerine kurulmu\u015f bir d\u00fczen. Art\u0131k kimse bu insanlar\u0131n y\u00fcz\u00fcne \u00e7\u0131k\u0131p da \u015f\u00f6yle bakamaz yani. <\/p>\n\n\n\n<p>Her yerden bir \u00f6rg\u00fct icat ediyorlar ya, \u00f6rg\u00fct diyorsan \u00f6rg\u00fct\u00fc ispatlayacaks\u0131n. \u00d6rg\u00fct deyip iki y\u0131l zulmedip, \u2018\u00d6rg\u00fct yok\u2019 diyorsan, ba\u015fta \u2018\u00d6rg\u00fct\u2019 diyenin cezaland\u0131r\u0131lmas\u0131 laz\u0131m. Bu kadar insan\u0131n hakk\u0131na girdiler. Bu kadar insan\u0131 \u00f6rg\u00fct \u00fcyesi diye i\u00e7eride tuttular. \u00d6yle pardon deyip kenara \u00e7ekilmek yok. Nerede bu iddianameyi haz\u0131rlayanlar\u0131 denetleyecek HSK? Bu insanlar\u0131 \u00f6rg\u00fctten, t\u00fcm haklar\u0131ndan mahrum tutan Silivri gibi bir cezaevinde peri\u015fan edenler nerede? Onlar terfi ettiler. B\u00f6yle mi terfi edilir, hakimlikte ve savc\u0131l\u0131kta? Bu kadar k\u00f6t\u00fcl\u00fck cezaland\u0131r\u0131l\u0131r. Bu kadar k\u00f6t\u00fcl\u00fck \u00f6d\u00fcllendirilmez. O y\u00fczden milletimizin vicdan\u0131na havale ediyoruz, bu kadar k\u00f6t\u00fcl\u00fc\u011f\u00fc planlay\u0131p, son g\u00fcnde de b\u00f6yle tiyatro oyununu planlayanlar\u0131.\u201d<\/p>\n\n\n\n<h3 class=\"wp-block-heading\">\u201cKavala, derhal serbest b\u0131rak\u0131lmal\u0131\u201d<\/h3>\n\n\n\n<p>\u00d6zel, Avrupa \u0130nsan Haklar\u0131 Mahkemesi\u2019nin Osman <a href=\"https:\/\/epochtimestr.com\/index.php\/aihm-osman-kavala-hakkindaki-kararini-acikladi\" target=\"_blank\" rel=\"noreferrer noopener\">Kavala<\/a> i\u00e7in ikinci kez hak ihlali karar\u0131 vermesini \u015fu s\u00f6zlerle de\u011ferlendirdi:<\/p>\n\n\n\n<p>\u201cDerhal serbest b\u0131rak\u0131lmal\u0131. Anayasam\u0131zda yaz\u0131yor, Avrupa \u0130nsan Haklar\u0131 Mahkemesi kararlar\u0131, bir uluslararas\u0131 s\u00f6zle\u015fmeyle bunu kabul etti\u011fimiz i\u00e7in, kanunla \u00e7eli\u015fse kanunun \u00fcst\u00fcndedir. Ayr\u0131ca anayasada yaz\u0131yor, Anayasa Mahkemesi kararlar\u0131 mutlaka ve mutlaka yasama, yarg\u0131 ve y\u00fcr\u00fctme i\u00e7in ba\u011flay\u0131c\u0131d\u0131r. Gerek\u00e7eli karar yay\u0131nland\u0131\u011f\u0131nda derhal uygulan\u0131r. Defalarca AYM kararlar\u0131na uymad\u0131lar, b\u00fct\u00fcn arkada\u015flar a\u00e7\u0131s\u0131ndan. A\u0130HM ikinciye karar veriyor, hala daha direniyorlar. T\u00fcrkiye\u2019yi de peri\u015fan ediyorlar bu yapt\u0131klar\u0131yla. Osman Kavala 10 y\u0131l\u0131 herhalde doldurdu. <\/p>\n\n\n\n<p>B\u00fcy\u00fck bir haks\u0131zl\u0131kla muhatapt\u0131r. Art\u0131k ayr\u0131ca da \u015funu da s\u00f6yleyeyim. Adalet ve Kalk\u0131nma Partisi\u2019ne mensup 20\u2019nin \u00fczerinde milletvekilinin genel ba\u015fkanlar\u0131 ad\u0131na att\u0131klar\u0131 imza var raporda. \u2018A\u0130HM kararlar\u0131 derhal uygulanacak\u2019 diyor. Alt\u0131na imza at\u0131yorlar. \u0130mza s\u00f6z, namustur. Bunu yerine getirmelerini bekliyoruz. Ama g\u00f6rd\u00fc\u011f\u00fcn\u00fcz gibi hi\u00e7 oral\u0131 de\u011filler. Anayasan\u0131n bir sayfas\u0131 Cumhurba\u015fkan\u0131n\u0131n yetkilerini yaz\u0131yor. O sayfa ge\u00e7erli, y\u00fcr\u00fcrl\u00fckte. \u00d6b\u00fcr sayfas\u0131 Anayasa Mahkemesi kararlar\u0131n\u0131n ba\u011flay\u0131c\u0131l\u0131\u011f\u0131n\u0131 yaz\u0131yor. O sayfaya uyumuyor. O zaman bir g\u00fcn birisi gelir seninle ilgili sayfaya da uymad\u0131\u011f\u0131n\u0131 s\u00f6yler. <\/p>\n\n\n\n<p>Kendi bindikleri dal\u0131 kesiyorlar. Bu \u00fclkenin toplum s\u00f6zle\u015fmesini yok sayan, toplumla yapt\u0131\u011f\u0131 s\u00f6zle\u015fmeyi yok saym\u0131\u015f demektir. O zaman da tutup \u2018Ben devletin ba\u015f\u0131y\u0131m\u2019 diyemezsin. Devletin ba\u015f\u0131ysan devletin ba\u015f\u0131 gibi davranacaks\u0131n. G\u00fcc\u00fcn\u00fc ald\u0131\u011f\u0131n anayasan\u0131n her sayfas\u0131na uyulmas\u0131n\u0131\u2026 Herkes biliyor, herkes biliyor ki \u00fc\u00e7 kez Kavala beraat etti. Ama Recep Tayyip Erdo\u011fan\u2019\u0131n zihninde mahkum oldu\u011fu i\u00e7in sal\u0131verilmedi. Beraat etti\u011fini g\u00fcn kap\u0131y\u0131 a\u00e7mad\u0131lar. \u00d6b\u00fcr taraftan h\u0131zl\u0131ca casus su\u00e7lamas\u0131yla tutuklama yapt\u0131lar. Casusluktan beraat etti, yeniden ayn\u0131 davay\u0131 a\u00e7\u0131p ceza verdiler. Bu kadar k\u00f6t\u00fcl\u00fck bir insana yap\u0131lmaz. T\u00fcrkiye\u2019ye de yap\u0131lmaz.\u201d<\/p>\n\n\n<div class=\"wp-block-image\">\n<figure class=\"aligncenter size-full\"><img loading=\"lazy\" decoding=\"async\" width=\"1000\" height=\"750\" src=\"https:\/\/epochtimestr.com\/wp-content\/uploads\/2011y\/ozel1-2.webp\" alt=\"Yeni Parti lideri \u00d6zg\u00fcr \u00d6zel, madencilerin eylemine destek ziyaretinde bulundu. (Foto\u011fraf: \u00d6.\u00d6zel x hesab\u0131)\" class=\"wp-image-171002\" srcset=\"https:\/\/epochtimestr.com\/wp-content\/uploads\/2011y\/ozel1-2.webp 1000w, https:\/\/epochtimestr.com\/wp-content\/uploads\/2011y\/ozel1-2-300x225.webp 300w, https:\/\/epochtimestr.com\/wp-content\/uploads\/2011y\/ozel1-2-150x113.webp 150w, https:\/\/epochtimestr.com\/wp-content\/uploads\/2011y\/ozel1-2-768x576.webp 768w, https:\/\/epochtimestr.com\/wp-content\/uploads\/2011y\/ozel1-2-86x64.webp 86w\" sizes=\"(max-width: 1000px) 100vw, 1000px\" \/><figcaption class=\"wp-element-caption\">Yeni Parti lideri \u00d6zg\u00fcr \u00d6zel, madencilerin eylemine destek ziyaretinde bulundu. (Foto\u011fraf: \u00d6.\u00d6zel x hesab\u0131)<\/figcaption><\/figure><\/div>\n\n\n<h3 class=\"wp-block-heading\">&#8220;\u00d6ncelikle Vahap Se\u00e7er\u2019in CHP\u2019ye yapt\u0131\u011f\u0131 ba\u011fl\u0131l\u0131k duygusu bizim yapt\u0131\u011f\u0131m\u0131zdan farkl\u0131 de\u011fil\u201d<\/h3>\n\n\n\n<p>YEN\u0130 Parti Genel Ba\u015fkan\u0131 \u00d6zel, bas\u0131n mensuplar\u0131n\u0131n \u2018Mersin B\u00fcy\u00fck\u015fehir Belediye Ba\u015fkan\u0131 Vahap <a href=\"https:\/\/epochtimestr.com\/index.php\/baskan-secer-belediyeler-olarak-tarimi-onemsiyoruz\" target=\"_blank\" rel=\"noreferrer noopener\">Se\u00e7er<\/a>\u2019in CHP\u2019ye ba\u011fl\u0131l\u0131k vurgusu yapmas\u0131n\u0131 nas\u0131l de\u011ferlendiriyorsunuz?\u2019 sorusuna \u015fu yan\u0131t\u0131 verdi:<\/p>\n\n\n\n<p>\u201c\u00d6ncelikle Vahap Se\u00e7er\u2019in CHP\u2019ye yapt\u0131\u011f\u0131 ba\u011fl\u0131l\u0131k duygusu bizim yapt\u0131\u011f\u0131m\u0131zdan farkl\u0131 de\u011fil. D\u00fcn Vahap Ba\u015fkan beni arad\u0131. Biz zaten onlara g\u00fc\u00e7l\u00fcklerini bildiklerimizi belediye ba\u015fkanlar\u0131n\u0131n ve meclis \u00fcyelerinin kararlar\u0131n\u0131 ve s\u00fcrecini kendilerine b\u0131rakt\u0131\u011f\u0131m\u0131z\u0131 s\u00f6ylemi\u015ftik. Vahap Se\u00e7er Cumhuriyet Halk Partisi\u2019ne duydu\u011fu sayg\u0131y\u0131, sevgiyi, ba\u011fl\u0131l\u0131\u011f\u0131 ifade ediyor. O konuda hi\u00e7birimiz Vahap Se\u00e7er\u2019den eksik bir tarafta de\u011filiz. O da onu vurguluyor. Bunun yan\u0131 s\u0131ra o ilin kendi durumunu g\u00f6zeterek gerekli kararlar\u0131 verirler. Bu konuda bir s\u0131k\u0131nt\u0131 yok. <\/p>\n\n\n\n<p>Vahap Bey\u2019in bana bizzat s\u00f6yledi\u011fi, \u2018Siz Adana\u2019ya geldi\u011finizde de gelip size e\u015flik ettim. Mersin\u2019e ve b\u00f6lgeye ne zaman gelirseniz Genel Ba\u015fkan\u0131m olarak size e\u015flik ederim. Mensubu bulundu\u011fum parti bir ba\u015fka belediyenin davetine icabet etti\u011finde ben de zaten davetliydim ve hem kat\u0131lmam olmazd\u0131. \u0130fadelerim de mensubu bulundu\u011fum Atat\u00fcrk\u2019\u00fcn kurdu\u011fu partiye dairdi\u2019 dedi. <\/p>\n\n\n\n<p>Benim de bu konuda kendisine y\u00f6nelik bir k\u0131rg\u0131nl\u0131k, k\u00fcsk\u00fcnl\u00fck d\u00fc\u015f\u00fcnmedi\u011fimi s\u00f6yledim. Hatta kendisi hat\u0131rlatt\u0131, \u2018Ben butlan\u0131n ilk g\u00fcnlerinde T\u00fcrkiye Belediyeler Birli\u011fi Ba\u015fkan\u0131 olarak da t\u00fcm arkada\u015flarla bunu k\u0131nam\u0131\u015ft\u0131m. Defalarca da geldim burada tavr\u0131m\u0131 g\u00f6sterdim. Bu konuda aram\u0131zda en ufak bir problem olmad\u0131\u011f\u0131n\u0131 bilmesi isterim\u2019 diye kendisi ifade etti bizzat bana. Ben de ayn\u0131 iyi duygular\u0131 kendisine ifade ettim. Takip etti\u011finiz gibi herhalde bug\u00fcn d\u00f6rd\u00fcnc\u00fc b\u00fcy\u00fck\u015fehir belediye ba\u015fkan\u0131 geliyor. Ama \u015fu Adalet Bakanl\u0131\u011f\u0131\u2019n\u0131n t\u00fcm kanallarla, T\u00fcrkiye\u2019deki t\u00fcm belediye ba\u015fkanlar\u0131m\u0131za, \u2018Bak\u0131n bir s\u00fcr\u00fc soru\u015fturmalar var \u015funlar var bunlar var. \u0130sterseniz bir gidin Cumhurba\u015fkan\u0131m\u0131zla g\u00f6r\u00fc\u015f\u00fcn\u2019 dedi\u011fini. <\/p>\n\n\n\n<p><\/p>\n\n\n\n<h4 class=\"wp-block-heading\">\u201cTrabzon\u2019daki ve Rize\u2019deki insan selleri normal siyasi \u00e7al\u0131\u015fmalarla izah edilebilecek durumun \u00e7ok \u00e7ok \u00f6tesinde\u201d<\/h4>\n\n\n\n<p>Bu Cumhurba\u015fkan\u0131 ile g\u00f6r\u00fc\u015fmek demek, partiye kat\u0131lmak demek biliyorsunuz. \u2018Yok bunu yapm\u0131yorsan\u0131z bile yerinizden ayr\u0131lmay\u0131n, YEN\u0130 Parti\u2019ye gitmeyin\u2019 diye tehditte bulunduklar\u0131n\u0131, bak\u0131n Ankara\u2019daki b\u00fct\u00fcn belediye ba\u015fkanlar\u0131m\u0131z a\u00e7\u0131s\u0131ndan da s\u00f6yl\u00fcyorum, il\u00e7e belediye ba\u015fkanlar\u0131m\u0131z, T\u00fcrkiye\u2019nin d\u00f6rt bir yan\u0131ndan milletvekili, \u00f6nceki d\u00f6nem milletvekili, parti y\u00f6neticisi, bir akraba, bir kanalla \u2018Gel g\u00f6t\u00fcrelim Adalet Bakanl\u0131\u011f\u0131 ile g\u00f6r\u00fc\u015ft\u00fcrelim, Cumhurba\u015fkan\u0131n\u0131n yan\u0131na \u00e7\u0131kal\u0131m. Aman s\u0131k\u0131nt\u0131ya girmeyesin.\u2019 Bu tehdit ve \u015fantaj ortam\u0131nda bu arkada\u015flar\u0131m\u0131z\u0131n g\u00f6sterdi\u011fi, ge\u00e7en arkada\u015flar\u0131m\u0131z\u0131n cesaretine de di\u011fer arkada\u015flar\u0131m\u0131z\u0131n konuya ili\u015fkin temkinli yakla\u015f\u0131mlar\u0131na da anlay\u0131\u015f g\u00f6stermek durumunday\u0131z hepimiz. Durum bundan ibaret.\u201d<\/p>\n\n\n\n<p>Trabzon ve Rize ziyaretleri ile \u00f6n\u00fcm\u00fczdeki g\u00fcnlere ili\u015fkin program\u0131 sorulan \u00d6zel\u2019in de\u011ferlendirmesi \u015f\u00f6yle oldu:<\/p>\n\n\n\n<p>\u201cTrabzon ve Rize\u2019yi, sizlerin ekranlar\u0131ndan vatanda\u015flar\u0131m\u0131z g\u00f6rd\u00fc. Ben de orada ifade ettim. G\u00f6r\u00fclmemi\u015f bir ilgi, b\u00fcy\u00fck bir co\u015fku var. \u00d6\u011frenciler yokken, insanlar tamamen yaylalardayken ya da ba\u015fka yerlerdeyken, tarlas\u0131ndayken, f\u0131nd\u0131k bah\u00e7esindeyken, g\u00fcn\u00fcn ortas\u0131nda, g\u00fcne\u015fin alt\u0131nda Trabzon\u2019daki ve Rize\u2019deki insan selleri normal siyasi \u00e7al\u0131\u015fmalarla izah edilebilecek durumun \u00e7ok \u00e7ok \u00f6tesinde. Bundan \u00e7ok memnunuz. Tahmin ediyorum bu cuma Kocaeli\u2019ndeyiz, Cumartesi Kayseri\u2019deyiz. Durmaks\u0131z\u0131n il gezilerimizi s\u00fcrd\u00fcrece\u011fiz. Vatanda\u015f\u0131n g\u00f6sterdi\u011fi ilgiden, alakadan fevkalade memnunuz. Genel Merkez 30 A\u011fustos tarihi itibari ile herhalde kap\u0131lar\u0131n\u0131 a\u00e7\u0131yor, orada \u00e7al\u0131\u015fmaya ba\u015flayaca\u011f\u0131z. <\/p>\n\n\n\n<p>Tahmin ediyorum 31 A\u011fustos g\u00fcn\u00fc milletvekillerimiz, kurucular kurulu \u00fcyelerimiz ve partimizin asil ve yedek \u00fcyeleri ile bir toplant\u0131m\u0131z olacak. 1 Eyl\u00fcl\u2019de MYK\u2019m\u0131z binada olacak. 2\u2019sinde de t\u00fcm il ba\u015fkanlar\u0131m\u0131z, ilk il ba\u015fkanlar\u0131 toplant\u0131m\u0131z\u0131 yapmak \u00fczere binam\u0131zda olacak. YEN\u0130 Parti\u2019de i\u015fler planland\u0131\u011f\u0131 gibi gidiyor. Milletimizin kurulmas\u0131 talimat\u0131n\u0131 verdi\u011fi, ad\u0131n\u0131 verdi\u011fi, b\u00fct\u00e7esini verdi\u011fi parti \u00f6rg\u00fctlenmesini h\u0131zla tamaml\u0131yor. T\u00fcm vatanda\u015flar\u0131m\u0131z\u0131 YEN\u0130 Parti\u2019ye \u00fcye olmaya davet ediyoruz. A\u011fustos ay\u0131 i\u00e7erisinde hafta sonuna kadar \u00fcye olanlar, il\u00e7e kongrelerinde oy kullanabilecekler. \u0130l kongreleri ve Genel Ba\u015fkan oylamalar\u0131m\u0131z da t\u00fcm \u00fcyelerimizle yap\u0131lacak. Onun i\u00e7in \u2018Benim de s\u00f6z\u00fcm var. Ben T\u00fcrkiye\u2019nin gidi\u015finden \u015fikayet etmek ya da izlemek de\u011fil, buna m\u00fcdahale etmek, siyasete do\u011frudan dahil olmak istiyorum\u2019 diyen her ya\u015ftan gen\u00e7leri YEN\u0130 Parti\u2019ye davet ediyoruz.\u201d<\/p>\n\n\n\n<h3 class=\"wp-block-heading\">\u201cMilletin g\u00f6z\u00fc \u00f6n\u00fcnde su\u00e7\u00fcst\u00fc durumundalar\u201d<\/h3>\n\n\n\n<p>YEN\u0130 Parti Genel Ba\u015fkan\u0131 \u00d6zel, \u0130zmir Menderes Belediye Ba\u015fkanl\u0131\u011f\u0131 se\u00e7imlerinin sorulmas\u0131 \u00fczerine ise \u201c\u00d6z\u00fcr diliyorum ama \u0130zmir \u0130l Ba\u015fkan\u0131ma bile o kayy\u0131ms\u0131 mekanizmalarla, butlans\u0131 organizmalarla muhatap olmamalar\u0131n\u0131 telkin ederken beni o tart\u0131\u015fman\u0131n i\u00e7ine aman ha \u00e7ekmeyin, sak\u0131n. Onlar kendi tart\u0131\u015fmalar\u0131n\u0131 y\u00fcr\u00fcts\u00fcnler, milletin g\u00f6z\u00fc \u00f6n\u00fcnde su\u00e7\u00fcst\u00fc durumundalar\u201d dedi.<\/p>\n\n\n\n<figure class=\"wp-block-embed is-type-rich is-provider-x wp-block-embed-x\"><div class=\"wp-block-embed__wrapper\">\n<blockquote class=\"twitter-tweet\" data-width=\"550\" data-dnt=\"true\"><p lang=\"tr\" dir=\"ltr\">Ba\u011f\u0131ms\u0131z Maden-\u0130\u015f \u00fcyesi maden emek\u00e7ilerinin hakl\u0131 m\u00fccadelelerinde yanlar\u0131nday\u0131z. <a href=\"https:\/\/t.co\/c3DFLTwNyc\">https:\/\/t.co\/c3DFLTwNyc<\/a><\/p>&mdash; \u00d6zg\u00fcr \u00d6zel (@eczozgurozel) <a href=\"https:\/\/x.com\/eczozgurozel\/status\/2092168711574900803?ref_src=twsrc%5Etfw\">August 25, 2026<\/a><\/blockquote><script async src=\"https:\/\/platform.x.com\/widgets.js\" charset=\"utf-8\"><\/script>\n<\/div><\/figure>\n","protected":false},"excerpt":{"rendered":"<p>YEN\u0130 Parti Genel Ba\u015fkan\u0131 \u00d6zg\u00fcr \u00d6zel, Enerji ve Tabii Kaynaklar Bakanl\u0131\u011f\u0131 \u00f6n\u00fcnde eylem yapan Ba\u011f\u0131ms\u0131z Maden-\u0130\u015f \u00fcyesi madencilerin eylemine destek ziyaretinde bulundu. YEN\u0130 Parti Genel Ba\u015fkan\u0131 \u00d6zg\u00fcr \u00d6zel, Y\u0131ld\u0131zlar SSS Holding b\u00fcnyesindeki maden i\u015fletmelerinde \u00e7al\u0131\u015fan ve aylard\u0131r alamad\u0131klar\u0131 \u00fccretleri i\u00e7in 16 g\u00fcnd\u00fcr Enerji ve Tabii Kaynaklar Bakanl\u0131\u011f\u0131 \u00f6n\u00fcnde eylem yapan i\u015f\u00e7ileri ziyaret etti. Burada konu\u015fan [&hellip;]<\/p>\n","protected":false},"author":12791,"featured_media":171000,"comment_status":"open","ping_status":"open","sticky":false,"template":"","format":"standard","meta":{"_yoast_wpseo_focuskw":"\u00d6zg\u00fcr \u00d6zel - Destek","_yoast_wpseo_title":"","_yoast_wpseo_metadesc":"\u00d6zg\u00fcr \u00d6zel, Enerji ve Tabii Kaynaklar Bakanl\u0131\u011f\u0131 \u00f6n\u00fcnde eylem yapan Ba\u011f\u0131ms\u0131z Maden-\u0130\u015f \u00fcyesi madencilerin eylemine destek ziyaretinde bulundu.","_bbp_topic_count":0,"_bbp_reply_count":0,"_bbp_total_topic_count":0,"_bbp_total_reply_count":0,"_bbp_voice_count":0,"_bbp_anonymous_reply_count":0,"_bbp_topic_count_hidden":0,"_bbp_reply_count_hidden":0,"_bbp_forum_subforum_count":0,"footnotes":"","_yoast_wpseo_focuskw_text_input":""},"categories":[1,8138,8226],"tags":[12460,8492,11909],"yoast_head":"<!-- This site is optimized with the Yoast SEO plugin v23.0 - https:\/\/yoast.com\/wordpress\/plugins\/seo\/ -->\n<title>\u00d6zg\u00fcr \u00d6zel Madencilerin Eylemine Destek Ziyaretinde Bulundu - The Epoch Times TR<\/title>\n<meta name=\"description\" content=\"\u00d6zg\u00fcr \u00d6zel, Enerji ve Tabii Kaynaklar Bakanl\u0131\u011f\u0131 \u00f6n\u00fcnde eylem yapan Ba\u011f\u0131ms\u0131z Maden-\u0130\u015f \u00fcyesi madencilerin eylemine destek ziyaretinde bulundu.\" \/>\n<meta name=\"robots\" content=\"index, follow, max-snippet:-1, max-image-preview:large, max-video-preview:-1\" \/>\n<link rel=\"canonical\" href=\"https:\/\/epochtimestr.com\/index.php\/ozgur-ozel-madencilerin-eylemine-destek-ziyaretinde-bulundu\" \/>\n<meta property=\"og:locale\" content=\"tr_TR\" \/>\n<meta property=\"og:type\" content=\"article\" \/>\n<meta property=\"og:title\" content=\"\u00d6zg\u00fcr \u00d6zel Madencilerin Eylemine Destek Ziyaretinde Bulundu - The Epoch Times TR\" \/>\n<meta property=\"og:description\" content=\"\u00d6zg\u00fcr \u00d6zel, Enerji ve Tabii Kaynaklar Bakanl\u0131\u011f\u0131 \u00f6n\u00fcnde eylem yapan Ba\u011f\u0131ms\u0131z Maden-\u0130\u015f \u00fcyesi madencilerin eylemine destek ziyaretinde bulundu.\" \/>\n<meta property=\"og:url\" content=\"https:\/\/epochtimestr.com\/index.php\/ozgur-ozel-madencilerin-eylemine-destek-ziyaretinde-bulundu\" \/>\n<meta property=\"og:site_name\" content=\"The Epoch Times TR\" \/>\n<meta property=\"article:publisher\" content=\"https:\/\/www.facebook.com\/theepochtimestr\" \/>\n<meta property=\"article:published_time\" content=\"2026-08-26T05:55:54+00:00\" \/>\n<meta property=\"article:modified_time\" content=\"2026-08-26T05:55:57+00:00\" \/>\n<meta property=\"og:image\" content=\"https:\/\/epochtimestr.com\/wp-content\/uploads\/2011y\/ozel2-9.jpg\" \/>\n\t<meta property=\"og:image:width\" content=\"686\" \/>\n\t<meta property=\"og:image:height\" content=\"386\" \/>\n\t<meta property=\"og:image:type\" content=\"image\/jpeg\" \/>\n<meta name=\"author\" content=\"Haber Merkezi\" \/>\n<meta name=\"twitter:card\" content=\"summary_large_image\" \/>\n<meta name=\"twitter:creator\" content=\"@TheEpochTimesTR\" \/>\n<meta name=\"twitter:site\" content=\"@TheEpochTimesTR\" \/>\n<meta name=\"twitter:label1\" content=\"Yazan:\" \/>\n\t<meta name=\"twitter:data1\" content=\"Haber Merkezi\" \/>\n\t<meta name=\"twitter:label2\" content=\"Tahmini okuma s\u00fcresi\" \/>\n\t<meta name=\"twitter:data2\" content=\"18 dakika\" \/>\n<script type=\"application\/ld+json\" class=\"yoast-schema-graph\">{\"@context\":\"https:\/\/schema.org\",\"@graph\":[{\"@type\":\"Article\",\"@id\":\"https:\/\/epochtimestr.com\/index.php\/ozgur-ozel-madencilerin-eylemine-destek-ziyaretinde-bulundu#article\",\"isPartOf\":{\"@id\":\"https:\/\/epochtimestr.com\/index.php\/ozgur-ozel-madencilerin-eylemine-destek-ziyaretinde-bulundu\"},\"author\":{\"name\":\"Haber Merkezi\",\"@id\":\"https:\/\/epochtimestr.com\/#\/schema\/person\/3dc5c3adeb9f43923c5aa85889172fdd\"},\"headline\":\"\u00d6zg\u00fcr \u00d6zel Madencilerin Eylemine Destek Ziyaretinde Bulundu\",\"datePublished\":\"2026-08-26T05:55:54+00:00\",\"dateModified\":\"2026-08-26T05:55:57+00:00\",\"mainEntityOfPage\":{\"@id\":\"https:\/\/epochtimestr.com\/index.php\/ozgur-ozel-madencilerin-eylemine-destek-ziyaretinde-bulundu\"},\"wordCount\":4014,\"commentCount\":0,\"publisher\":{\"@id\":\"https:\/\/epochtimestr.com\/#organization\"},\"image\":{\"@id\":\"https:\/\/epochtimestr.com\/index.php\/ozgur-ozel-madencilerin-eylemine-destek-ziyaretinde-bulundu#primaryimage\"},\"thumbnailUrl\":\"https:\/\/epochtimestr.com\/wp-content\/uploads\/2011y\/ozel2-9.jpg\",\"keywords\":[\"Maden \u0130\u015f\u00e7ileri\",\"\u00d6zg\u00fcr \u00d6zel\",\"YEN\u0130 Parti\"],\"articleSection\":[\"G\u00dcNDEM\",\"MAN\u015eET\",\"Siyaset\"],\"inLanguage\":\"tr\",\"potentialAction\":[{\"@type\":\"CommentAction\",\"name\":\"Comment\",\"target\":[\"https:\/\/epochtimestr.com\/index.php\/ozgur-ozel-madencilerin-eylemine-destek-ziyaretinde-bulundu#respond\"]}]},{\"@type\":\"WebPage\",\"@id\":\"https:\/\/epochtimestr.com\/index.php\/ozgur-ozel-madencilerin-eylemine-destek-ziyaretinde-bulundu\",\"url\":\"https:\/\/epochtimestr.com\/index.php\/ozgur-ozel-madencilerin-eylemine-destek-ziyaretinde-bulundu\",\"name\":\"\u00d6zg\u00fcr \u00d6zel Madencilerin Eylemine Destek Ziyaretinde Bulundu - The Epoch Times TR\",\"isPartOf\":{\"@id\":\"https:\/\/epochtimestr.com\/#website\"},\"primaryImageOfPage\":{\"@id\":\"https:\/\/epochtimestr.com\/index.php\/ozgur-ozel-madencilerin-eylemine-destek-ziyaretinde-bulundu#primaryimage\"},\"image\":{\"@id\":\"https:\/\/epochtimestr.com\/index.php\/ozgur-ozel-madencilerin-eylemine-destek-ziyaretinde-bulundu#primaryimage\"},\"thumbnailUrl\":\"https:\/\/epochtimestr.com\/wp-content\/uploads\/2011y\/ozel2-9.jpg\",\"datePublished\":\"2026-08-26T05:55:54+00:00\",\"dateModified\":\"2026-08-26T05:55:57+00:00\",\"description\":\"\u00d6zg\u00fcr \u00d6zel, Enerji ve Tabii Kaynaklar Bakanl\u0131\u011f\u0131 \u00f6n\u00fcnde eylem yapan Ba\u011f\u0131ms\u0131z Maden-\u0130\u015f \u00fcyesi madencilerin eylemine destek ziyaretinde bulundu.\",\"inLanguage\":\"tr\",\"potentialAction\":[{\"@type\":\"ReadAction\",\"target\":[\"https:\/\/epochtimestr.com\/index.php\/ozgur-ozel-madencilerin-eylemine-destek-ziyaretinde-bulundu\"]}]},{\"@type\":\"ImageObject\",\"inLanguage\":\"tr\",\"@id\":\"https:\/\/epochtimestr.com\/index.php\/ozgur-ozel-madencilerin-eylemine-destek-ziyaretinde-bulundu#primaryimage\",\"url\":\"https:\/\/epochtimestr.com\/wp-content\/uploads\/2011y\/ozel2-9.jpg\",\"contentUrl\":\"https:\/\/epochtimestr.com\/wp-content\/uploads\/2011y\/ozel2-9.jpg\",\"width\":686,\"height\":386},{\"@type\":\"WebSite\",\"@id\":\"https:\/\/epochtimestr.com\/#website\",\"url\":\"https:\/\/epochtimestr.com\/\",\"name\":\"The Epoch Times TR\",\"description\":\"De\u011fi\u015fen D\u00fcnyam\u0131za Taze Bir Bak\u0131\u015f\",\"publisher\":{\"@id\":\"https:\/\/epochtimestr.com\/#organization\"},\"potentialAction\":[{\"@type\":\"SearchAction\",\"target\":{\"@type\":\"EntryPoint\",\"urlTemplate\":\"https:\/\/epochtimestr.com\/?s={search_term_string}\"},\"query-input\":\"required name=search_term_string\"}],\"inLanguage\":\"tr\"},{\"@type\":\"Organization\",\"@id\":\"https:\/\/epochtimestr.com\/#organization\",\"name\":\"The EpochTimes T\u00fcrkiye\",\"url\":\"https:\/\/epochtimestr.com\/\",\"logo\":{\"@type\":\"ImageObject\",\"inLanguage\":\"tr\",\"@id\":\"https:\/\/epochtimestr.com\/#\/schema\/logo\/image\/\",\"url\":\"https:\/\/epochtimestr.com\/wp-content\/uploads\/2011y\/ET-Logo-YG.jpg\",\"contentUrl\":\"https:\/\/epochtimestr.com\/wp-content\/uploads\/2011y\/ET-Logo-YG.jpg\",\"width\":346,\"height\":29,\"caption\":\"The EpochTimes T\u00fcrkiye\"},\"image\":{\"@id\":\"https:\/\/epochtimestr.com\/#\/schema\/logo\/image\/\"},\"sameAs\":[\"https:\/\/www.facebook.com\/theepochtimestr\",\"https:\/\/x.com\/TheEpochTimesTR\",\"https:\/\/www.instagram.com\/epochtimestr\"]},{\"@type\":\"Person\",\"@id\":\"https:\/\/epochtimestr.com\/#\/schema\/person\/3dc5c3adeb9f43923c5aa85889172fdd\",\"name\":\"Haber Merkezi\",\"image\":{\"@type\":\"ImageObject\",\"inLanguage\":\"tr\",\"@id\":\"https:\/\/epochtimestr.com\/#\/schema\/person\/image\/\",\"url\":\"https:\/\/secure.gravatar.com\/avatar\/d73f772ba5a74f28601361e17c2f93e6?s=96&d=mm&r=g\",\"contentUrl\":\"https:\/\/secure.gravatar.com\/avatar\/d73f772ba5a74f28601361e17c2f93e6?s=96&d=mm&r=g\",\"caption\":\"Haber Merkezi\"},\"url\":\"https:\/\/epochtimestr.com\/index.php\/author\/sendag\"}]}<\/script>\n<!-- \/ Yoast SEO plugin. -->","yoast_head_json":{"title":"\u00d6zg\u00fcr \u00d6zel Madencilerin Eylemine Destek Ziyaretinde Bulundu - The Epoch Times TR","description":"\u00d6zg\u00fcr \u00d6zel, Enerji ve Tabii Kaynaklar Bakanl\u0131\u011f\u0131 \u00f6n\u00fcnde eylem yapan Ba\u011f\u0131ms\u0131z Maden-\u0130\u015f \u00fcyesi madencilerin eylemine destek ziyaretinde bulundu.","robots":{"index":"index","follow":"follow","max-snippet":"max-snippet:-1","max-image-preview":"max-image-preview:large","max-video-preview":"max-video-preview:-1"},"canonical":"https:\/\/epochtimestr.com\/index.php\/ozgur-ozel-madencilerin-eylemine-destek-ziyaretinde-bulundu","og_locale":"tr_TR","og_type":"article","og_title":"\u00d6zg\u00fcr \u00d6zel Madencilerin Eylemine Destek Ziyaretinde Bulundu - The Epoch Times TR","og_description":"\u00d6zg\u00fcr \u00d6zel, Enerji ve Tabii Kaynaklar Bakanl\u0131\u011f\u0131 \u00f6n\u00fcnde eylem yapan Ba\u011f\u0131ms\u0131z Maden-\u0130\u015f \u00fcyesi madencilerin eylemine destek ziyaretinde bulundu.","og_url":"https:\/\/epochtimestr.com\/index.php\/ozgur-ozel-madencilerin-eylemine-destek-ziyaretinde-bulundu","og_site_name":"The Epoch Times TR","article_publisher":"https:\/\/www.facebook.com\/theepochtimestr","article_published_time":"2026-08-26T05:55:54+00:00","article_modified_time":"2026-08-26T05:55:57+00:00","og_image":[{"width":686,"height":386,"url":"https:\/\/epochtimestr.com\/wp-content\/uploads\/2011y\/ozel2-9.jpg","type":"image\/jpeg"}],"author":"Haber Merkezi","twitter_card":"summary_large_image","twitter_creator":"@TheEpochTimesTR","twitter_site":"@TheEpochTimesTR","twitter_misc":{"Yazan:":"Haber Merkezi","Tahmini okuma s\u00fcresi":"18 dakika"},"schema":{"@context":"https:\/\/schema.org","@graph":[{"@type":"Article","@id":"https:\/\/epochtimestr.com\/index.php\/ozgur-ozel-madencilerin-eylemine-destek-ziyaretinde-bulundu#article","isPartOf":{"@id":"https:\/\/epochtimestr.com\/index.php\/ozgur-ozel-madencilerin-eylemine-destek-ziyaretinde-bulundu"},"author":{"name":"Haber Merkezi","@id":"https:\/\/epochtimestr.com\/#\/schema\/person\/3dc5c3adeb9f43923c5aa85889172fdd"},"headline":"\u00d6zg\u00fcr \u00d6zel Madencilerin Eylemine Destek Ziyaretinde Bulundu","datePublished":"2026-08-26T05:55:54+00:00","dateModified":"2026-08-26T05:55:57+00:00","mainEntityOfPage":{"@id":"https:\/\/epochtimestr.com\/index.php\/ozgur-ozel-madencilerin-eylemine-destek-ziyaretinde-bulundu"},"wordCount":4014,"commentCount":0,"publisher":{"@id":"https:\/\/epochtimestr.com\/#organization"},"image":{"@id":"https:\/\/epochtimestr.com\/index.php\/ozgur-ozel-madencilerin-eylemine-destek-ziyaretinde-bulundu#primaryimage"},"thumbnailUrl":"https:\/\/epochtimestr.com\/wp-content\/uploads\/2011y\/ozel2-9.jpg","keywords":["Maden \u0130\u015f\u00e7ileri","\u00d6zg\u00fcr \u00d6zel","YEN\u0130 Parti"],"articleSection":["G\u00dcNDEM","MAN\u015eET","Siyaset"],"inLanguage":"tr","potentialAction":[{"@type":"CommentAction","name":"Comment","target":["https:\/\/epochtimestr.com\/index.php\/ozgur-ozel-madencilerin-eylemine-destek-ziyaretinde-bulundu#respond"]}]},{"@type":"WebPage","@id":"https:\/\/epochtimestr.com\/index.php\/ozgur-ozel-madencilerin-eylemine-destek-ziyaretinde-bulundu","url":"https:\/\/epochtimestr.com\/index.php\/ozgur-ozel-madencilerin-eylemine-destek-ziyaretinde-bulundu","name":"\u00d6zg\u00fcr \u00d6zel Madencilerin Eylemine Destek Ziyaretinde Bulundu - The Epoch Times TR","isPartOf":{"@id":"https:\/\/epochtimestr.com\/#website"},"primaryImageOfPage":{"@id":"https:\/\/epochtimestr.com\/index.php\/ozgur-ozel-madencilerin-eylemine-destek-ziyaretinde-bulundu#primaryimage"},"image":{"@id":"https:\/\/epochtimestr.com\/index.php\/ozgur-ozel-madencilerin-eylemine-destek-ziyaretinde-bulundu#primaryimage"},"thumbnailUrl":"https:\/\/epochtimestr.com\/wp-content\/uploads\/2011y\/ozel2-9.jpg","datePublished":"2026-08-26T05:55:54+00:00","dateModified":"2026-08-26T05:55:57+00:00","description":"\u00d6zg\u00fcr \u00d6zel, Enerji ve Tabii Kaynaklar Bakanl\u0131\u011f\u0131 \u00f6n\u00fcnde eylem yapan Ba\u011f\u0131ms\u0131z Maden-\u0130\u015f \u00fcyesi madencilerin eylemine destek ziyaretinde bulundu.","inLanguage":"tr","potentialAction":[{"@type":"ReadAction","target":["https:\/\/epochtimestr.com\/index.php\/ozgur-ozel-madencilerin-eylemine-destek-ziyaretinde-bulundu"]}]},{"@type":"ImageObject","inLanguage":"tr","@id":"https:\/\/epochtimestr.com\/index.php\/ozgur-ozel-madencilerin-eylemine-destek-ziyaretinde-bulundu#primaryimage","url":"https:\/\/epochtimestr.com\/wp-content\/uploads\/2011y\/ozel2-9.jpg","contentUrl":"https:\/\/epochtimestr.com\/wp-content\/uploads\/2011y\/ozel2-9.jpg","width":686,"height":386},{"@type":"WebSite","@id":"https:\/\/epochtimestr.com\/#website","url":"https:\/\/epochtimestr.com\/","name":"The Epoch Times TR","description":"De\u011fi\u015fen D\u00fcnyam\u0131za Taze Bir Bak\u0131\u015f","publisher":{"@id":"https:\/\/epochtimestr.com\/#organization"},"potentialAction":[{"@type":"SearchAction","target":{"@type":"EntryPoint","urlTemplate":"https:\/\/epochtimestr.com\/?s={search_term_string}"},"query-input":"required name=search_term_string"}],"inLanguage":"tr"},{"@type":"Organization","@id":"https:\/\/epochtimestr.com\/#organization","name":"The EpochTimes T\u00fcrkiye","url":"https:\/\/epochtimestr.com\/","logo":{"@type":"ImageObject","inLanguage":"tr","@id":"https:\/\/epochtimestr.com\/#\/schema\/logo\/image\/","url":"https:\/\/epochtimestr.com\/wp-content\/uploads\/2011y\/ET-Logo-YG.jpg","contentUrl":"https:\/\/epochtimestr.com\/wp-content\/uploads\/2011y\/ET-Logo-YG.jpg","width":346,"height":29,"caption":"The EpochTimes T\u00fcrkiye"},"image":{"@id":"https:\/\/epochtimestr.com\/#\/schema\/logo\/image\/"},"sameAs":["https:\/\/www.facebook.com\/theepochtimestr","https:\/\/x.com\/TheEpochTimesTR","https:\/\/www.instagram.com\/epochtimestr"]},{"@type":"Person","@id":"https:\/\/epochtimestr.com\/#\/schema\/person\/3dc5c3adeb9f43923c5aa85889172fdd","name":"Haber Merkezi","image":{"@type":"ImageObject","inLanguage":"tr","@id":"https:\/\/epochtimestr.com\/#\/schema\/person\/image\/","url":"https:\/\/secure.gravatar.com\/avatar\/d73f772ba5a74f28601361e17c2f93e6?s=96&d=mm&r=g","contentUrl":"https:\/\/secure.gravatar.com\/avatar\/d73f772ba5a74f28601361e17c2f93e6?s=96&d=mm&r=g","caption":"Haber Merkezi"},"url":"https:\/\/epochtimestr.com\/index.php\/author\/sendag"}]}},"_links":{"self":[{"href":"https:\/\/epochtimestr.com\/index.php\/wp-json\/wp\/v2\/posts\/170999"}],"collection":[{"href":"https:\/\/epochtimestr.com\/index.php\/wp-json\/wp\/v2\/posts"}],"about":[{"href":"https:\/\/epochtimestr.com\/index.php\/wp-json\/wp\/v2\/types\/post"}],"author":[{"embeddable":true,"href":"https:\/\/epochtimestr.com\/index.php\/wp-json\/wp\/v2\/users\/12791"}],"replies":[{"embeddable":true,"href":"https:\/\/epochtimestr.com\/index.php\/wp-json\/wp\/v2\/comments?post=170999"}],"version-history":[{"count":2,"href":"https:\/\/epochtimestr.com\/index.php\/wp-json\/wp\/v2\/posts\/170999\/revisions"}],"predecessor-version":[{"id":171010,"href":"https:\/\/epochtimestr.com\/index.php\/wp-json\/wp\/v2\/posts\/170999\/revisions\/171010"}],"wp:featuredmedia":[{"embeddable":true,"href":"https:\/\/epochtimestr.com\/index.php\/wp-json\/wp\/v2\/media\/171000"}],"wp:attachment":[{"href":"https:\/\/epochtimestr.com\/index.php\/wp-json\/wp\/v2\/media?parent=170999"}],"wp:term":[{"taxonomy":"category","embeddable":true,"href":"https:\/\/epochtimestr.com\/index.php\/wp-json\/wp\/v2\/categories?post=170999"},{"taxonomy":"post_tag","embeddable":true,"href":"https:\/\/epochtimestr.com\/index.php\/wp-json\/wp\/v2\/tags?post=170999"}],"curies":[{"name":"wp","href":"https:\/\/api.w.org\/{rel}","templated":true}]}}