{"id":171028,"date":"2026-08-27T17:13:42","date_gmt":"2026-08-27T14:13:42","guid":{"rendered":"https:\/\/epochtimestr.com\/?p=171028"},"modified":"2026-08-27T17:13:46","modified_gmt":"2026-08-27T14:13:46","slug":"europol-avrupadaki-muze-soygunlari-konusunda-uyardi","status":"publish","type":"post","link":"https:\/\/epochtimestr.com\/index.php\/europol-avrupadaki-muze-soygunlari-konusunda-uyardi","title":{"rendered":"Europol Avrupa&#8217;daki M\u00fcze Soygunlar\u0131 Konusunda Uyard\u0131"},"content":{"rendered":"<div class=\"wp-block-image\">\n<figure class=\"aligncenter size-full\"><img loading=\"lazy\" decoding=\"async\" width=\"1200\" height=\"800\" src=\"https:\/\/epochtimestr.com\/wp-content\/uploads\/2011y\/1000053736.webp\" alt=\"Europol, Avrupa\u2019daki m\u00fcze soygunlar\u0131nda \u015fiddetin artt\u0131\u011f\u0131n\u0131 a\u00e7\u0131klad\u0131. \u0130\u015f\u00e7iler, Louvre M\u00fczesi'nin Quai Fran\u00e7ois Mitterrand taraf\u0131ndaki Apollo Galerisi penceresine demir parmakl\u0131klar takarken. 23 Aral\u0131k 2025, Paris. (Foto\u011fraf: Dimitar Dilkoff, AFP - Getty Images, The Epoch Times arac\u0131l\u0131\u011f\u0131yla)\" class=\"wp-image-171034\" srcset=\"https:\/\/epochtimestr.com\/wp-content\/uploads\/2011y\/1000053736.webp 1200w, https:\/\/epochtimestr.com\/wp-content\/uploads\/2011y\/1000053736-300x200.webp 300w, https:\/\/epochtimestr.com\/wp-content\/uploads\/2011y\/1000053736-150x100.webp 150w, https:\/\/epochtimestr.com\/wp-content\/uploads\/2011y\/1000053736-768x512.webp 768w\" sizes=\"(max-width: 1200px) 100vw, 1200px\" \/><figcaption class=\"wp-element-caption\">Europol, Avrupa\u2019daki m\u00fcze soygunlar\u0131nda \u015fiddetin artt\u0131\u011f\u0131n\u0131 a\u00e7\u0131klad\u0131. \u0130\u015f\u00e7iler, Louvre M\u00fczesi&#8217;nin Quai Fran\u00e7ois Mitterrand taraf\u0131ndaki Apollo Galerisi penceresine demir parmakl\u0131klar takarken. 23 Aral\u0131k 2025, Paris. (Foto\u011fraf: Dimitar Dilkoff, AFP &#8211; Getty Images, The Epoch Times arac\u0131l\u0131\u011f\u0131yla)<\/figcaption><\/figure><\/div>\n\n\n<p>Europol, <a href=\"https:\/\/www.theepochtimes.com\/world\/europol-warns-of-violent-museum-heists-as-chinese-artifacts-become-prime-targets-6079971\" target=\"_blank\" rel=\"noreferrer noopener\">24 A\u011fustos&#8217;ta<\/a> yay\u0131mlad\u0131\u011f\u0131 raporda Avrupa genelindeki m\u00fcze soygunlar\u0131nda \u015fiddetin artt\u0131\u011f\u0131n\u0131 bildirdi. Rapora g\u00f6re su\u00e7lular\u0131n hedefinde genellikle de\u011ferli metaller, ta\u015flar ve \u00c7in k\u00fclt\u00fcr eserleri oluyor. Ge\u00e7mi\u015fte m\u00fcze h\u0131rs\u0131zlar\u0131 i\u015flerini a\u015f\u0131r\u0131 gizlilikle ger\u00e7ekle\u015ftiriyordu. Ancak son olaylarda su\u00e7lular daha a\u011f\u0131r y\u00f6ntemlere ba\u015fvuruyor, balyoz, balta ve levye kullanarak duvarlar\u0131 ve vitrinleri a\u015f\u0131yor. Ayr\u0131ca patlay\u0131c\u0131lar ve ate\u015fli silahlar kullan\u0131lan baz\u0131 olaylar da var. Europol, farkl\u0131 su\u00e7 a\u011flar\u0131n\u0131n belirli soygunlar i\u00e7in sosyal medya \u00fczerinden ula\u015farak su\u00e7lular\u0131 kiralad\u0131\u011f\u0131n\u0131 belirtti. <\/p>\n\n\n\n<p>Raporda \u00f6zellikle \u00c7in k\u00fclt\u00fcr eserlerine y\u00f6nelik sald\u0131r\u0131lar dikkat \u00e7ekiyor. Son \u00e7al\u0131nan eserler aras\u0131nda 12. ve 13. y\u00fczy\u0131l porselenleri ile Ming d\u00f6nemine ait kavanozlar ve bronz vazolar var. Europol, bu h\u0131rs\u0131zl\u0131klar\u0131n \u00f6nceden planland\u0131\u011f\u0131n\u0131, hedeflerin \u00f6nceden incelendi\u011fini  belirtiyor. \u00d6zellikle \u00c7in porselenleri, sanat piyasas\u0131nda kolayca sat\u0131l\u0131yor.<\/p>\n\n\n\n<p>Frans\u0131z gazeteci Luc Larriba, organize su\u00e7 ba\u011flant\u0131lar\u0131na dikkat \u00e7ekerek, ka\u00e7ak\u00e7\u0131l\u0131k a\u011flar\u0131n\u0131n uyu\u015fturucu ve silah ticaretine benzedi\u011fini s\u00f6yledi. Bununla birlikte Fransa, \u00c7in k\u00fclt\u00fcr eserlerini hedef alan olaylar ya\u015fad\u0131. 1 Mart 2015&#8217;te Fontainebleau Saray\u0131&#8217;ndaki \u00c7in M\u00fczesi soygununda h\u0131rs\u0131zlar yakla\u015f\u0131k yedi dakikada 15 eseri g\u00f6t\u00fcrd\u00fc. \u00c7al\u0131nanlar aras\u0131nda Kral Siam&#8217;\u0131n tac\u0131 ve ayr\u0131ca Qianlong d\u00f6nemine ait emaye kapl\u0131 bir chimera vard\u0131. Eserler bug\u00fcne kadar bulunamad\u0131 ve failler belirlenemedi.<\/p>\n\n\n\n<h3 class=\"wp-block-heading\">Fransa\u2019da yeni m\u00fcze soygunlar\u0131<\/h3>\n\n\n\n<p>2019&#8217;da ikinci bir soygun giri\u015fimi engellenerek be\u015f \u0130spanyol ve bir \u00c7in vatanda\u015f\u0131 g\u00f6zalt\u0131na al\u0131nd\u0131. Ayr\u0131ca 2025&#8217;te Limoges&#8217;daki m\u00fczeden \u00e7al\u0131nan \u00fc\u00e7 porselen eser, <a href=\"https:\/\/epochtimestr.com\/index.php\/louvre-muzesindeki-mucevher-soygununda-4-yeni-gozalti\" target=\"_blank\" rel=\"noreferrer noopener\">Fransa<\/a> taraf\u0131ndan ulusal hazine olarak s\u0131n\u0131fland\u0131r\u0131lm\u0131\u015ft\u0131. Daha sonra Paris&#8217;teki bir m\u00fczeden 1,5 milyon avro de\u011ferinde, yakla\u015f\u0131k alt\u0131 kilogram alt\u0131n \u00e7al\u0131nd\u0131. 30 Eyl\u00fcl 2025&#8217;te tarihinde g\u00f6zalt\u0131na al\u0131nan \u00c7inli bir kad\u0131n\u0131n \u00fczerinden eritilmi\u015f yakla\u015f\u0131k bir kilogram alt\u0131n \u00e7\u0131kt\u0131.<\/p>\n\n\n\n<p>\u00d6te yandan eski Frans\u0131z senat\u00f6r Andr\u00e9 Gattolin, \u00fc\u00e7l\u00fc \u00e7etelerin tek ba\u015f\u0131na de\u011ferlendirilmemesi gerekti\u011fini \u00f6ne s\u00fcrd\u00fc. Ayr\u0131ca \u00c7in Kom\u00fcnist Partisi&#8217;nin bu a\u011flar \u00fczerinde etkisi oldu\u011funu s\u00f6yledi. Gazeteci Larriba ise \u00c7in organize su\u00e7lar\u0131n\u0131n Avrupa&#8217;da etkin oldu\u011funu belirtti. Bu nedenle k\u00fclt\u00fcr varl\u0131\u011f\u0131 ka\u00e7ak\u00e7\u0131l\u0131\u011f\u0131n\u0131n para aklamada kullan\u0131labilece\u011fini ifade etti.<\/p>\n","protected":false},"excerpt":{"rendered":"<p>Europol, 24 A\u011fustos&#8217;ta yay\u0131mlad\u0131\u011f\u0131 raporda Avrupa genelindeki m\u00fcze soygunlar\u0131nda \u015fiddetin artt\u0131\u011f\u0131n\u0131 bildirdi. Rapora g\u00f6re su\u00e7lular\u0131n hedefinde genellikle de\u011ferli metaller, ta\u015flar ve \u00c7in k\u00fclt\u00fcr eserleri oluyor. Ge\u00e7mi\u015fte m\u00fcze h\u0131rs\u0131zlar\u0131 i\u015flerini a\u015f\u0131r\u0131 gizlilikle ger\u00e7ekle\u015ftiriyordu. Ancak son olaylarda su\u00e7lular daha a\u011f\u0131r y\u00f6ntemlere ba\u015fvuruyor, balyoz, balta ve levye kullanarak duvarlar\u0131 ve vitrinleri a\u015f\u0131yor. Ayr\u0131ca patlay\u0131c\u0131lar ve ate\u015fli silahlar kullan\u0131lan [&hellip;]<\/p>\n","protected":false},"author":13996,"featured_media":171034,"comment_status":"open","ping_status":"open","sticky":false,"template":"","format":"standard","meta":{"_yoast_wpseo_focuskw":"Europol - m\u00fcze","_yoast_wpseo_title":"","_yoast_wpseo_metadesc":"Europol, Avrupa\u2019daki m\u00fcze soygunlar\u0131nda \u015fiddetin artt\u0131\u011f\u0131n\u0131 a\u00e7\u0131klad\u0131. H\u0131rs\u0131zlar\u0131n hedefi \u00c7in k\u00fclt\u00fcr eserleri, de\u011ferli metaller ve ta\u015flar.","_bbp_topic_count":0,"_bbp_reply_count":0,"_bbp_total_topic_count":0,"_bbp_total_reply_count":0,"_bbp_voice_count":0,"_bbp_anonymous_reply_count":0,"_bbp_topic_count_hidden":0,"_bbp_reply_count_hidden":0,"_bbp_forum_subforum_count":0,"footnotes":"","_yoast_wpseo_focuskw_text_input":""},"categories":[5,1,8138],"tags":[285,12467,232,7352,5963,9715,2513],"yoast_head":"<!-- This site is optimized with the Yoast SEO plugin v23.0 - https:\/\/yoast.com\/wordpress\/plugins\/seo\/ -->\n<title>Europol Avrupa&#039;daki M\u00fcze Soygunlar\u0131 Konusunda Uyard\u0131 - The Epoch Times TR<\/title>\n<meta name=\"description\" content=\"Europol, Avrupa\u2019daki m\u00fcze soygunlar\u0131nda \u015fiddetin artt\u0131\u011f\u0131n\u0131 a\u00e7\u0131klad\u0131. H\u0131rs\u0131zlar\u0131n hedefi \u00c7in k\u00fclt\u00fcr eserleri, de\u011ferli metaller ve ta\u015flar.\" \/>\n<meta name=\"robots\" content=\"index, follow, max-snippet:-1, max-image-preview:large, max-video-preview:-1\" \/>\n<link rel=\"canonical\" href=\"https:\/\/epochtimestr.com\/index.php\/europol-avrupadaki-muze-soygunlari-konusunda-uyardi\" \/>\n<meta property=\"og:locale\" content=\"tr_TR\" \/>\n<meta property=\"og:type\" content=\"article\" \/>\n<meta property=\"og:title\" content=\"Europol Avrupa&#039;daki M\u00fcze Soygunlar\u0131 Konusunda Uyard\u0131 - The Epoch Times TR\" \/>\n<meta property=\"og:description\" content=\"Europol, Avrupa\u2019daki m\u00fcze soygunlar\u0131nda \u015fiddetin artt\u0131\u011f\u0131n\u0131 a\u00e7\u0131klad\u0131. H\u0131rs\u0131zlar\u0131n hedefi \u00c7in k\u00fclt\u00fcr eserleri, de\u011ferli metaller ve ta\u015flar.\" \/>\n<meta property=\"og:url\" content=\"https:\/\/epochtimestr.com\/index.php\/europol-avrupadaki-muze-soygunlari-konusunda-uyardi\" \/>\n<meta property=\"og:site_name\" content=\"The Epoch Times TR\" \/>\n<meta property=\"article:publisher\" content=\"https:\/\/www.facebook.com\/theepochtimestr\" \/>\n<meta property=\"article:published_time\" content=\"2026-08-27T14:13:42+00:00\" \/>\n<meta property=\"article:modified_time\" content=\"2026-08-27T14:13:46+00:00\" \/>\n<meta property=\"og:image\" content=\"https:\/\/epochtimestr.com\/wp-content\/uploads\/2011y\/1000053736.webp\" \/>\n\t<meta property=\"og:image:width\" content=\"1200\" \/>\n\t<meta property=\"og:image:height\" content=\"800\" \/>\n\t<meta property=\"og:image:type\" content=\"image\/webp\" \/>\n<meta name=\"author\" content=\"Leo Bajelan\" \/>\n<meta name=\"twitter:card\" content=\"summary_large_image\" \/>\n<meta name=\"twitter:creator\" content=\"@TheEpochTimesTR\" \/>\n<meta name=\"twitter:site\" content=\"@TheEpochTimesTR\" \/>\n<meta name=\"twitter:label1\" content=\"Yazan:\" \/>\n\t<meta name=\"twitter:data1\" content=\"Leo Bajelan\" \/>\n\t<meta name=\"twitter:label2\" content=\"Tahmini okuma s\u00fcresi\" \/>\n\t<meta name=\"twitter:data2\" content=\"3 dakika\" \/>\n<script type=\"application\/ld+json\" class=\"yoast-schema-graph\">{\"@context\":\"https:\/\/schema.org\",\"@graph\":[{\"@type\":\"Article\",\"@id\":\"https:\/\/epochtimestr.com\/index.php\/europol-avrupadaki-muze-soygunlari-konusunda-uyardi#article\",\"isPartOf\":{\"@id\":\"https:\/\/epochtimestr.com\/index.php\/europol-avrupadaki-muze-soygunlari-konusunda-uyardi\"},\"author\":{\"name\":\"Leo Bajelan\",\"@id\":\"https:\/\/epochtimestr.com\/#\/schema\/person\/5fef218711d76d8f232b0e1f1d7e4c0d\"},\"headline\":\"Europol Avrupa&#8217;daki M\u00fcze Soygunlar\u0131 Konusunda Uyard\u0131\",\"datePublished\":\"2026-08-27T14:13:42+00:00\",\"dateModified\":\"2026-08-27T14:13:46+00:00\",\"mainEntityOfPage\":{\"@id\":\"https:\/\/epochtimestr.com\/index.php\/europol-avrupadaki-muze-soygunlari-konusunda-uyardi\"},\"wordCount\":469,\"commentCount\":0,\"publisher\":{\"@id\":\"https:\/\/epochtimestr.com\/#organization\"},\"image\":{\"@id\":\"https:\/\/epochtimestr.com\/index.php\/europol-avrupadaki-muze-soygunlari-konusunda-uyardi#primaryimage\"},\"thumbnailUrl\":\"https:\/\/epochtimestr.com\/wp-content\/uploads\/2011y\/1000053736.webp\",\"keywords\":[\"Avrupa\",\"Europol m\u00fcze\",\"fransa\",\"\u0130talya\",\"Louvre M\u00fczesi\",\"M\u00fcze soygunu\",\"soygun\"],\"articleSection\":[\"D\u00dcNYA\",\"G\u00dcNDEM\",\"MAN\u015eET\"],\"inLanguage\":\"tr\",\"potentialAction\":[{\"@type\":\"CommentAction\",\"name\":\"Comment\",\"target\":[\"https:\/\/epochtimestr.com\/index.php\/europol-avrupadaki-muze-soygunlari-konusunda-uyardi#respond\"]}]},{\"@type\":\"WebPage\",\"@id\":\"https:\/\/epochtimestr.com\/index.php\/europol-avrupadaki-muze-soygunlari-konusunda-uyardi\",\"url\":\"https:\/\/epochtimestr.com\/index.php\/europol-avrupadaki-muze-soygunlari-konusunda-uyardi\",\"name\":\"Europol Avrupa'daki M\u00fcze Soygunlar\u0131 Konusunda Uyard\u0131 - The Epoch Times TR\",\"isPartOf\":{\"@id\":\"https:\/\/epochtimestr.com\/#website\"},\"primaryImageOfPage\":{\"@id\":\"https:\/\/epochtimestr.com\/index.php\/europol-avrupadaki-muze-soygunlari-konusunda-uyardi#primaryimage\"},\"image\":{\"@id\":\"https:\/\/epochtimestr.com\/index.php\/europol-avrupadaki-muze-soygunlari-konusunda-uyardi#primaryimage\"},\"thumbnailUrl\":\"https:\/\/epochtimestr.com\/wp-content\/uploads\/2011y\/1000053736.webp\",\"datePublished\":\"2026-08-27T14:13:42+00:00\",\"dateModified\":\"2026-08-27T14:13:46+00:00\",\"description\":\"Europol, Avrupa\u2019daki m\u00fcze soygunlar\u0131nda \u015fiddetin artt\u0131\u011f\u0131n\u0131 a\u00e7\u0131klad\u0131. H\u0131rs\u0131zlar\u0131n hedefi \u00c7in k\u00fclt\u00fcr eserleri, de\u011ferli metaller ve ta\u015flar.\",\"inLanguage\":\"tr\",\"potentialAction\":[{\"@type\":\"ReadAction\",\"target\":[\"https:\/\/epochtimestr.com\/index.php\/europol-avrupadaki-muze-soygunlari-konusunda-uyardi\"]}]},{\"@type\":\"ImageObject\",\"inLanguage\":\"tr\",\"@id\":\"https:\/\/epochtimestr.com\/index.php\/europol-avrupadaki-muze-soygunlari-konusunda-uyardi#primaryimage\",\"url\":\"https:\/\/epochtimestr.com\/wp-content\/uploads\/2011y\/1000053736.webp\",\"contentUrl\":\"https:\/\/epochtimestr.com\/wp-content\/uploads\/2011y\/1000053736.webp\",\"width\":1200,\"height\":800},{\"@type\":\"WebSite\",\"@id\":\"https:\/\/epochtimestr.com\/#website\",\"url\":\"https:\/\/epochtimestr.com\/\",\"name\":\"The Epoch Times TR\",\"description\":\"De\u011fi\u015fen D\u00fcnyam\u0131za Taze Bir Bak\u0131\u015f\",\"publisher\":{\"@id\":\"https:\/\/epochtimestr.com\/#organization\"},\"potentialAction\":[{\"@type\":\"SearchAction\",\"target\":{\"@type\":\"EntryPoint\",\"urlTemplate\":\"https:\/\/epochtimestr.com\/?s={search_term_string}\"},\"query-input\":\"required name=search_term_string\"}],\"inLanguage\":\"tr\"},{\"@type\":\"Organization\",\"@id\":\"https:\/\/epochtimestr.com\/#organization\",\"name\":\"The EpochTimes T\u00fcrkiye\",\"url\":\"https:\/\/epochtimestr.com\/\",\"logo\":{\"@type\":\"ImageObject\",\"inLanguage\":\"tr\",\"@id\":\"https:\/\/epochtimestr.com\/#\/schema\/logo\/image\/\",\"url\":\"https:\/\/epochtimestr.com\/wp-content\/uploads\/2011y\/ET-Logo-YG.jpg\",\"contentUrl\":\"https:\/\/epochtimestr.com\/wp-content\/uploads\/2011y\/ET-Logo-YG.jpg\",\"width\":346,\"height\":29,\"caption\":\"The EpochTimes T\u00fcrkiye\"},\"image\":{\"@id\":\"https:\/\/epochtimestr.com\/#\/schema\/logo\/image\/\"},\"sameAs\":[\"https:\/\/www.facebook.com\/theepochtimestr\",\"https:\/\/x.com\/TheEpochTimesTR\",\"https:\/\/www.instagram.com\/epochtimestr\"]},{\"@type\":\"Person\",\"@id\":\"https:\/\/epochtimestr.com\/#\/schema\/person\/5fef218711d76d8f232b0e1f1d7e4c0d\",\"name\":\"Leo Bajelan\",\"image\":{\"@type\":\"ImageObject\",\"inLanguage\":\"tr\",\"@id\":\"https:\/\/epochtimestr.com\/#\/schema\/person\/image\/\",\"url\":\"https:\/\/secure.gravatar.com\/avatar\/917669146f489549e548a2e9af272df5?s=96&d=mm&r=g\",\"contentUrl\":\"https:\/\/secure.gravatar.com\/avatar\/917669146f489549e548a2e9af272df5?s=96&d=mm&r=g\",\"caption\":\"Leo Bajelan\"},\"url\":\"https:\/\/epochtimestr.com\/index.php\/author\/leo\"}]}<\/script>\n<!-- \/ Yoast SEO plugin. -->","yoast_head_json":{"title":"Europol Avrupa'daki M\u00fcze Soygunlar\u0131 Konusunda Uyard\u0131 - The Epoch Times TR","description":"Europol, Avrupa\u2019daki m\u00fcze soygunlar\u0131nda \u015fiddetin artt\u0131\u011f\u0131n\u0131 a\u00e7\u0131klad\u0131. H\u0131rs\u0131zlar\u0131n hedefi \u00c7in k\u00fclt\u00fcr eserleri, de\u011ferli metaller ve ta\u015flar.","robots":{"index":"index","follow":"follow","max-snippet":"max-snippet:-1","max-image-preview":"max-image-preview:large","max-video-preview":"max-video-preview:-1"},"canonical":"https:\/\/epochtimestr.com\/index.php\/europol-avrupadaki-muze-soygunlari-konusunda-uyardi","og_locale":"tr_TR","og_type":"article","og_title":"Europol Avrupa'daki M\u00fcze Soygunlar\u0131 Konusunda Uyard\u0131 - The Epoch Times TR","og_description":"Europol, Avrupa\u2019daki m\u00fcze soygunlar\u0131nda \u015fiddetin artt\u0131\u011f\u0131n\u0131 a\u00e7\u0131klad\u0131. H\u0131rs\u0131zlar\u0131n hedefi \u00c7in k\u00fclt\u00fcr eserleri, de\u011ferli metaller ve ta\u015flar.","og_url":"https:\/\/epochtimestr.com\/index.php\/europol-avrupadaki-muze-soygunlari-konusunda-uyardi","og_site_name":"The Epoch Times TR","article_publisher":"https:\/\/www.facebook.com\/theepochtimestr","article_published_time":"2026-08-27T14:13:42+00:00","article_modified_time":"2026-08-27T14:13:46+00:00","og_image":[{"width":1200,"height":800,"url":"https:\/\/epochtimestr.com\/wp-content\/uploads\/2011y\/1000053736.webp","type":"image\/webp"}],"author":"Leo Bajelan","twitter_card":"summary_large_image","twitter_creator":"@TheEpochTimesTR","twitter_site":"@TheEpochTimesTR","twitter_misc":{"Yazan:":"Leo Bajelan","Tahmini okuma s\u00fcresi":"3 dakika"},"schema":{"@context":"https:\/\/schema.org","@graph":[{"@type":"Article","@id":"https:\/\/epochtimestr.com\/index.php\/europol-avrupadaki-muze-soygunlari-konusunda-uyardi#article","isPartOf":{"@id":"https:\/\/epochtimestr.com\/index.php\/europol-avrupadaki-muze-soygunlari-konusunda-uyardi"},"author":{"name":"Leo Bajelan","@id":"https:\/\/epochtimestr.com\/#\/schema\/person\/5fef218711d76d8f232b0e1f1d7e4c0d"},"headline":"Europol Avrupa&#8217;daki M\u00fcze Soygunlar\u0131 Konusunda Uyard\u0131","datePublished":"2026-08-27T14:13:42+00:00","dateModified":"2026-08-27T14:13:46+00:00","mainEntityOfPage":{"@id":"https:\/\/epochtimestr.com\/index.php\/europol-avrupadaki-muze-soygunlari-konusunda-uyardi"},"wordCount":469,"commentCount":0,"publisher":{"@id":"https:\/\/epochtimestr.com\/#organization"},"image":{"@id":"https:\/\/epochtimestr.com\/index.php\/europol-avrupadaki-muze-soygunlari-konusunda-uyardi#primaryimage"},"thumbnailUrl":"https:\/\/epochtimestr.com\/wp-content\/uploads\/2011y\/1000053736.webp","keywords":["Avrupa","Europol m\u00fcze","fransa","\u0130talya","Louvre M\u00fczesi","M\u00fcze soygunu","soygun"],"articleSection":["D\u00dcNYA","G\u00dcNDEM","MAN\u015eET"],"inLanguage":"tr","potentialAction":[{"@type":"CommentAction","name":"Comment","target":["https:\/\/epochtimestr.com\/index.php\/europol-avrupadaki-muze-soygunlari-konusunda-uyardi#respond"]}]},{"@type":"WebPage","@id":"https:\/\/epochtimestr.com\/index.php\/europol-avrupadaki-muze-soygunlari-konusunda-uyardi","url":"https:\/\/epochtimestr.com\/index.php\/europol-avrupadaki-muze-soygunlari-konusunda-uyardi","name":"Europol Avrupa'daki M\u00fcze Soygunlar\u0131 Konusunda Uyard\u0131 - The Epoch Times TR","isPartOf":{"@id":"https:\/\/epochtimestr.com\/#website"},"primaryImageOfPage":{"@id":"https:\/\/epochtimestr.com\/index.php\/europol-avrupadaki-muze-soygunlari-konusunda-uyardi#primaryimage"},"image":{"@id":"https:\/\/epochtimestr.com\/index.php\/europol-avrupadaki-muze-soygunlari-konusunda-uyardi#primaryimage"},"thumbnailUrl":"https:\/\/epochtimestr.com\/wp-content\/uploads\/2011y\/1000053736.webp","datePublished":"2026-08-27T14:13:42+00:00","dateModified":"2026-08-27T14:13:46+00:00","description":"Europol, Avrupa\u2019daki m\u00fcze soygunlar\u0131nda \u015fiddetin artt\u0131\u011f\u0131n\u0131 a\u00e7\u0131klad\u0131. H\u0131rs\u0131zlar\u0131n hedefi \u00c7in k\u00fclt\u00fcr eserleri, de\u011ferli metaller ve ta\u015flar.","inLanguage":"tr","potentialAction":[{"@type":"ReadAction","target":["https:\/\/epochtimestr.com\/index.php\/europol-avrupadaki-muze-soygunlari-konusunda-uyardi"]}]},{"@type":"ImageObject","inLanguage":"tr","@id":"https:\/\/epochtimestr.com\/index.php\/europol-avrupadaki-muze-soygunlari-konusunda-uyardi#primaryimage","url":"https:\/\/epochtimestr.com\/wp-content\/uploads\/2011y\/1000053736.webp","contentUrl":"https:\/\/epochtimestr.com\/wp-content\/uploads\/2011y\/1000053736.webp","width":1200,"height":800},{"@type":"WebSite","@id":"https:\/\/epochtimestr.com\/#website","url":"https:\/\/epochtimestr.com\/","name":"The Epoch Times TR","description":"De\u011fi\u015fen D\u00fcnyam\u0131za Taze Bir Bak\u0131\u015f","publisher":{"@id":"https:\/\/epochtimestr.com\/#organization"},"potentialAction":[{"@type":"SearchAction","target":{"@type":"EntryPoint","urlTemplate":"https:\/\/epochtimestr.com\/?s={search_term_string}"},"query-input":"required name=search_term_string"}],"inLanguage":"tr"},{"@type":"Organization","@id":"https:\/\/epochtimestr.com\/#organization","name":"The EpochTimes T\u00fcrkiye","url":"https:\/\/epochtimestr.com\/","logo":{"@type":"ImageObject","inLanguage":"tr","@id":"https:\/\/epochtimestr.com\/#\/schema\/logo\/image\/","url":"https:\/\/epochtimestr.com\/wp-content\/uploads\/2011y\/ET-Logo-YG.jpg","contentUrl":"https:\/\/epochtimestr.com\/wp-content\/uploads\/2011y\/ET-Logo-YG.jpg","width":346,"height":29,"caption":"The EpochTimes T\u00fcrkiye"},"image":{"@id":"https:\/\/epochtimestr.com\/#\/schema\/logo\/image\/"},"sameAs":["https:\/\/www.facebook.com\/theepochtimestr","https:\/\/x.com\/TheEpochTimesTR","https:\/\/www.instagram.com\/epochtimestr"]},{"@type":"Person","@id":"https:\/\/epochtimestr.com\/#\/schema\/person\/5fef218711d76d8f232b0e1f1d7e4c0d","name":"Leo Bajelan","image":{"@type":"ImageObject","inLanguage":"tr","@id":"https:\/\/epochtimestr.com\/#\/schema\/person\/image\/","url":"https:\/\/secure.gravatar.com\/avatar\/917669146f489549e548a2e9af272df5?s=96&d=mm&r=g","contentUrl":"https:\/\/secure.gravatar.com\/avatar\/917669146f489549e548a2e9af272df5?s=96&d=mm&r=g","caption":"Leo Bajelan"},"url":"https:\/\/epochtimestr.com\/index.php\/author\/leo"}]}},"_links":{"self":[{"href":"https:\/\/epochtimestr.com\/index.php\/wp-json\/wp\/v2\/posts\/171028"}],"collection":[{"href":"https:\/\/epochtimestr.com\/index.php\/wp-json\/wp\/v2\/posts"}],"about":[{"href":"https:\/\/epochtimestr.com\/index.php\/wp-json\/wp\/v2\/types\/post"}],"author":[{"embeddable":true,"href":"https:\/\/epochtimestr.com\/index.php\/wp-json\/wp\/v2\/users\/13996"}],"replies":[{"embeddable":true,"href":"https:\/\/epochtimestr.com\/index.php\/wp-json\/wp\/v2\/comments?post=171028"}],"version-history":[{"count":2,"href":"https:\/\/epochtimestr.com\/index.php\/wp-json\/wp\/v2\/posts\/171028\/revisions"}],"predecessor-version":[{"id":171038,"href":"https:\/\/epochtimestr.com\/index.php\/wp-json\/wp\/v2\/posts\/171028\/revisions\/171038"}],"wp:featuredmedia":[{"embeddable":true,"href":"https:\/\/epochtimestr.com\/index.php\/wp-json\/wp\/v2\/media\/171034"}],"wp:attachment":[{"href":"https:\/\/epochtimestr.com\/index.php\/wp-json\/wp\/v2\/media?parent=171028"}],"wp:term":[{"taxonomy":"category","embeddable":true,"href":"https:\/\/epochtimestr.com\/index.php\/wp-json\/wp\/v2\/categories?post=171028"},{"taxonomy":"post_tag","embeddable":true,"href":"https:\/\/epochtimestr.com\/index.php\/wp-json\/wp\/v2\/tags?post=171028"}],"curies":[{"name":"wp","href":"https:\/\/api.w.org\/{rel}","templated":true}]}}