{"id":171029,"date":"2026-08-27T14:12:42","date_gmt":"2026-08-27T11:12:42","guid":{"rendered":"https:\/\/epochtimestr.com\/?p=171029"},"modified":"2026-08-27T14:12:45","modified_gmt":"2026-08-27T11:12:45","slug":"tatli-misir-mevsimi-bu-tariflerle-misirin-tadini-cikarin","status":"publish","type":"post","link":"https:\/\/epochtimestr.com\/index.php\/tatli-misir-mevsimi-bu-tariflerle-misirin-tadini-cikarin","title":{"rendered":"Tatl\u0131 M\u0131s\u0131r Mevsimi: Bu Tariflerle M\u0131s\u0131r\u0131n Tad\u0131n\u0131 \u00c7\u0131kar\u0131n"},"content":{"rendered":"\n<h2 class=\"wp-block-heading\">M\u0131s\u0131r\u0131n en yumu\u015fak ve taze oldu\u011fu bu mevsimde, m\u0131s\u0131r pi\u015firmenin en iyi yolu neredeyse hi\u00e7 pi\u015firmemek.<\/h2>\n\n\n<div class=\"wp-block-image\">\n<figure class=\"aligncenter size-full\"><img loading=\"lazy\" decoding=\"async\" width=\"1200\" height=\"771\" src=\"https:\/\/epochtimestr.com\/wp-content\/uploads\/2011y\/image-429.png\" alt=\"Tatl\u0131 m\u0131s\u0131r \u015fu anda en iyi d\u00f6neminde, o y\u00fczden acele edin ve alabildi\u011finiz kadar al\u0131n. Artan pi\u015fmi\u015f m\u0131s\u0131r\u0131 makarna salatalar\u0131nda ve so\u011fuk \u00e7orbalarda kullan\u0131n. Ya da isterseniz k\u0131\u015f\u0131n sert so\u011fuklar\u0131 i\u00e7in dondurun. (Foto\u011fraf: Dreamstime, TNS, The Epoch Times arac\u0131l\u0131\u011f\u0131yla)\" class=\"wp-image-171030\" srcset=\"https:\/\/epochtimestr.com\/wp-content\/uploads\/2011y\/image-429.png 1200w, https:\/\/epochtimestr.com\/wp-content\/uploads\/2011y\/image-429-300x193.png 300w, https:\/\/epochtimestr.com\/wp-content\/uploads\/2011y\/image-429-150x96.png 150w, https:\/\/epochtimestr.com\/wp-content\/uploads\/2011y\/image-429-768x493.png 768w, https:\/\/epochtimestr.com\/wp-content\/uploads\/2011y\/image-429-210x136.png 210w\" sizes=\"(max-width: 1200px) 100vw, 1200px\" \/><figcaption class=\"wp-element-caption\">Tatl\u0131 m\u0131s\u0131r \u015fu anda en iyi d\u00f6neminde, o y\u00fczden acele edin ve alabildi\u011finiz kadar al\u0131n. Artan pi\u015fmi\u015f m\u0131s\u0131r\u0131 makarna salatalar\u0131nda ve so\u011fuk \u00e7orbalarda kullan\u0131n. Ya da isterseniz k\u0131\u015f\u0131n sert so\u011fuklar\u0131 i\u00e7in dondurun. (Foto\u011fraf: Dreamstime, TNS, The Epoch Times arac\u0131l\u0131\u011f\u0131yla)<\/figcaption><\/figure><\/div>\n\n\n<p>Hayat\u0131mda ilk kez bir arkada\u015f\u0131m\u0131n \u00e7iftli\u011finde tatl\u0131 m\u0131s\u0131r toplad\u0131m. Omuzlar\u0131m\u0131za ast\u0131\u011f\u0131m\u0131z \u00e7uvallar\u0131 doldurmak i\u00e7in saatlerce uzun saplar\u0131ndan m\u0131s\u0131r ko\u00e7anlar\u0131n\u0131 kopard\u0131k. O sabah hava en az 27 dereceydi. Daha \u00f6nce hi\u00e7 \u00e7i\u011f m\u0131s\u0131r yememi\u015f, teneke bardaktan buz gibi so\u011fuk su i\u00e7memi\u015ftim. Bu deneyim benim i\u00e7in bir ke\u015fif oldu.<\/p>\n\n\n\n<p>Ger\u00e7ekten taze, organik m\u0131s\u0131r\u0131n tad\u0131 yo\u011fun ve karma\u015f\u0131kt\u0131r; f\u0131nd\u0131k gibi, hafif tatl\u0131 ve kremsidir. M\u0131s\u0131r\u0131n yeti\u015fmesinde tozla\u015fma i\u00e7in r\u00fczg\u00e2ra ve b\u00f6ceklere ihtiya\u00e7 vard\u0131r. O b\u00f6lgeye \u00f6zg\u00fc tad\u0131, g\u00fcne\u015f, ya\u011fmur ve Frans\u0131zlar\u0131n \u201cterroir\u201d dedi\u011fi verimli toprak ortaya \u00e7\u0131kar\u0131r. Buna ilaveten organik tatl\u0131 m\u0131s\u0131r, \u015fekerli ve sade olmas\u0131 i\u00e7in yeti\u015ftirilen ticari m\u0131s\u0131rdan tamamen farkl\u0131d\u0131r. M\u0131s\u0131r, geneti\u011fi de\u011fi\u015ftirilmi\u015f organizma bula\u015fmas\u0131 a\u00e7\u0131s\u0131ndan en y\u00fcksek riskli \u00fcr\u00fcn oldu\u011fu i\u00e7in, organik \u00e7e\u015fitleri bulmak zor olabilir. Ancak yerel \u00e7ift\u00e7i pazarlar\u0131nda ve kooperatiflerde bulabilirsiniz.<\/p>\n\n\n\n<p>M\u0131s\u0131r\u0131n en yumu\u015fak ve taze oldu\u011fu bu mevsimde, m\u0131s\u0131r pi\u015firmenin en iyi yolu neredeyse hi\u00e7 denecek kadar az <a href=\"https:\/\/www.theepochtimes.com\/bright\/sweet-corn-season-is-here-these-recipes-make-the-most-of-it-6073566\" target=\"_blank\" rel=\"noreferrer noopener\">pi\u015firmektir<\/a>. En basit y\u00f6ntem, kabuklar\u0131n\u0131 soydu\u011funuz m\u0131s\u0131r ko\u00e7anlar\u0131n\u0131 h\u0131zl\u0131ca kaynayan tuzlu su dolu bir tencereye atmakt\u0131r. Ard\u0131ndan oca\u011f\u0131 kapat\u0131n ve m\u0131s\u0131r parlak ve dolgun bir hal alana kadar, yakla\u015f\u0131k 3 ila 5 dakika bekleyin. Daha sonra ko\u00e7anlar\u0131 tencereden \u00e7\u0131kar\u0131n ve tamamen s\u00fcz\u00fclmeleri i\u00e7in temiz bir mutfak havlusu veya k\u00e2\u011f\u0131t havlu \u00fczerine koyun; bol tereya\u011f\u0131 ile servis edin.<\/p>\n\n\n\n<h3 class=\"wp-block-heading\">Izgara ve Di\u011fer Tarifler<\/h3>\n\n\n\n<p>Biraz daha zahmetli ama \u00e7ok daha lezzetli bir y\u00f6ntem ise, m\u0131s\u0131r\u0131 <a href=\"https:\/\/epochtimestr.com\/index.php\/sulu-ve-lezzetli-tavuk-izgara-nasil-yapilir\" target=\"_blank\" rel=\"noreferrer noopener\">\u0131zgarada<\/a> pi\u015firmektir. \u0130pek m\u0131s\u0131r p\u00fcsk\u00fcllerini \u00e7\u0131kar\u0131n, kabuklar\u0131n\u0131 tekrar yerle\u015ftirin ve orta ate\u015fte \u0131zgaraya koyun. Kabuklar tamamen k\u00f6m\u00fcrle\u015fene kadar, yakla\u015f\u0131k 15 dakika boyunca, \u0131zgara tellerinin \u00fczerinde ileri geri \u00e7evirerek pi\u015firin. Kabuklar m\u0131s\u0131r\u0131n yanmas\u0131n\u0131 ve kurumas\u0131n\u0131 \u00f6nlerken, tanelere dumanl\u0131 bir lezzet katar.<\/p>\n\n\n\n<p>M\u0131s\u0131r \u015fu anda en iyi d\u00f6neminde, o y\u00fczden acele edin ve alabildi\u011finiz kadar al\u0131n. Artan pi\u015fmi\u015f m\u0131s\u0131r\u0131 makarna salatalar\u0131nda ve so\u011fuk \u00e7orbalarda kullan\u0131n. Ya da isterseniz k\u0131\u015f\u0131n sert so\u011fuklar\u0131nda tekrar kullanmak i\u00e7in dondurun.<\/p>\n\n\n<div class=\"wp-block-image\">\n<figure class=\"aligncenter size-large\"><img loading=\"lazy\" decoding=\"async\" width=\"1799\" height=\"1200\" src=\"https:\/\/epochtimestr.com\/wp-content\/uploads\/2011y\/pexels-pasta-1854245_1920-1799x1200.jpg\" alt=\"\" class=\"wp-image-171031\" srcset=\"https:\/\/epochtimestr.com\/wp-content\/uploads\/2011y\/pexels-pasta-1854245_1920-1799x1200.jpg 1799w, https:\/\/epochtimestr.com\/wp-content\/uploads\/2011y\/pexels-pasta-1854245_1920-300x200.jpg 300w, https:\/\/epochtimestr.com\/wp-content\/uploads\/2011y\/pexels-pasta-1854245_1920-150x100.jpg 150w, https:\/\/epochtimestr.com\/wp-content\/uploads\/2011y\/pexels-pasta-1854245_1920-768x512.jpg 768w, https:\/\/epochtimestr.com\/wp-content\/uploads\/2011y\/pexels-pasta-1854245_1920-1536x1025.jpg 1536w, https:\/\/epochtimestr.com\/wp-content\/uploads\/2011y\/pexels-pasta-1854245_1920.jpg 1920w\" sizes=\"(max-width: 1799px) 100vw, 1799px\" \/><figcaption class=\"wp-element-caption\">(Foto\u011fraf: Pexels, Pixabay)<\/figcaption><\/figure><\/div>\n\n\n<h3 class=\"wp-block-heading\">Tatl\u0131 M\u0131s\u0131r, Domates ve Makarna Salatas\u0131<\/h3>\n\n\n\n<p>Bir k\u00e2sede yaz lezzeti. Bu kolay salata, ak\u015fam yeme\u011fi olarak m\u00fckemmel bir se\u00e7enektir. Hatta dilerseniz k\u00fcp k\u00fcp do\u011frad\u0131\u011f\u0131n\u0131z pi\u015fmi\u015f tavuk veya jambon ekleyerek lezzetini zenginle\u015ftirebilirsiniz. Dilimledi\u011finiz \u00e7eri domatesler ve \u00e7i\u011f m\u0131s\u0131r tanelerini, h\u00e2l\u00e2 s\u0131cak haldeki s\u00fczd\u00fc\u011f\u00fcn\u00fcz makarnaya ekleyin B\u00f6ylece sebzeler hafif\u00e7e pi\u015fer ve lezzetleri daha da belirginle\u015fir. Taze mozzarella peyniri (ka\u015far ya da dil peyniri de olur) salataya kremsi bir dokunu\u015f katar. So\u011fuk veya oda s\u0131cakl\u0131\u011f\u0131nda servis edin.<\/p>\n\n\n\n<p><em>4 ki\u015filik<\/em><\/p>\n\n\n\n<ul>\n<li>Yar\u0131m paket fiyonk veya ba\u015fka \u015fekilli makarna,<\/li>\n\n\n\n<li>3 su barda\u011f\u0131 taze m\u0131s\u0131r tanesi (yakla\u015f\u0131k 3 m\u0131s\u0131r ko\u00e7an\u0131ndan),<\/li>\n\n\n\n<li>2 su barda\u011f\u0131 ikiye b\u00f6ld\u00fc\u011f\u00fcn\u00fcz \u00e7eri domates,<\/li>\n\n\n\n<li>1 di\u015f sar\u0131msak, ezin ve ince do\u011fray\u0131n,<\/li>\n\n\n\n<li>1\/4 su barda\u011f\u0131 s\u0131zma zeytinya\u011f\u0131 (gerekirse biraz art\u0131r\u0131n),<\/li>\n\n\n\n<li>2 yemek ka\u015f\u0131\u011f\u0131 taze limon suyu (damak tad\u0131na g\u00f6re),<\/li>\n\n\n\n<li>Bir tutam tuz,<\/li>\n\n\n\n<li>Bir tutam karabiber,<\/li>\n\n\n\n<li>Bir tutam pul biber,<\/li>\n\n\n\n<li>1\/2 su barda\u011f\u0131 fesle\u011fen, ince do\u011fray\u0131n,<\/li>\n\n\n\n<li>S\u00fcslemek i\u00e7in fesle\u011fen yapraklar\u0131.<\/li>\n<\/ul>\n\n\n\n<p>B\u00fcy\u00fck bir tencereye tuzlu su koyup kaynat\u0131n. Makarnay\u0131 ekleyin ve di\u015fe gelene kadar, yakla\u015f\u0131k 10-12 dakika pi\u015firin. S\u00fcz\u00fcn ve b\u00fcy\u00fck bir k\u00e2seye aktar\u0131n. Ard\u0131ndan m\u0131s\u0131r, \u00e7eri domates ve sar\u0131msa\u011f\u0131 ekleyip kar\u0131\u015ft\u0131r\u0131n. \u00dczerini kapat\u0131n ve oda s\u0131cakl\u0131\u011f\u0131na so\u011fumaya b\u0131rak\u0131n.<\/p>\n\n\n\n<p>Zeytinya\u011f\u0131 ve limon suyunu ekleyin ve tuz, karabiber, k\u0131rm\u0131z\u0131 pul biber ve do\u011frad\u0131\u011f\u0131n\u0131z fesle\u011fen ile tatland\u0131r\u0131n. \u00dczerini kapat\u0131p yakla\u015f\u0131k 1 saat boyunca lezzetlerin birbirine kar\u0131\u015fmas\u0131n\u0131 sa\u011flay\u0131n veya bir g\u00fcne kadar buzdolab\u0131nda saklay\u0131p so\u011fuk olarak servis edin. Servis etmeden \u00f6nce fesle\u011fen yapraklar\u0131yla s\u00fcsleyin.<\/p>\n\n\n<div class=\"wp-block-image\">\n<figure class=\"aligncenter size-large\"><img loading=\"lazy\" decoding=\"async\" width=\"1800\" height=\"1200\" src=\"https:\/\/epochtimestr.com\/wp-content\/uploads\/2011y\/einladung_zum_essen-soup-1787997-1800x1200.jpg\" alt=\"\" class=\"wp-image-171032\" srcset=\"https:\/\/epochtimestr.com\/wp-content\/uploads\/2011y\/einladung_zum_essen-soup-1787997-1800x1200.jpg 1800w, https:\/\/epochtimestr.com\/wp-content\/uploads\/2011y\/einladung_zum_essen-soup-1787997-300x200.jpg 300w, https:\/\/epochtimestr.com\/wp-content\/uploads\/2011y\/einladung_zum_essen-soup-1787997-150x100.jpg 150w, https:\/\/epochtimestr.com\/wp-content\/uploads\/2011y\/einladung_zum_essen-soup-1787997-768x512.jpg 768w, https:\/\/epochtimestr.com\/wp-content\/uploads\/2011y\/einladung_zum_essen-soup-1787997-1536x1024.jpg 1536w, https:\/\/epochtimestr.com\/wp-content\/uploads\/2011y\/einladung_zum_essen-soup-1787997-2048x1365.jpg 2048w\" sizes=\"(max-width: 1800px) 100vw, 1800px\" \/><figcaption class=\"wp-element-caption\">(Foto\u011fraf: Bernadette Wurzinger, Pixabay)<\/figcaption><\/figure><\/div>\n\n\n<h3 class=\"wp-block-heading\">Serinletici Hindistan Cevizi ve M\u0131s\u0131r \u00c7orbas\u0131<\/h3>\n\n\n\n<p>Tek tencerede haz\u0131rlan\u0131p pi\u015firilen bu \u00e7orba, s\u0131cak bir yaz gecesi i\u00e7in ideal bir se\u00e7imdir. \u00dcstelik hafif, vejetaryen ve kolayca haz\u0131rlanabilir.<\/p>\n\n\n\n<p><em>4 ki\u015filik<\/em><\/p>\n\n\n\n<ul>\n<li>Tanelenmi\u015f 5 m\u0131s\u0131r ko\u00e7an\u0131 (yakla\u015f\u0131k 5 su barda\u011f\u0131),<\/li>\n\n\n\n<li>2 yemek ka\u015f\u0131\u011f\u0131 hindistan cevizi ya\u011f\u0131 veya bitkisel ya\u011f,<\/li>\n\n\n\n<li>2 arpac\u0131k so\u011fan\u0131, ince do\u011fra,<\/li>\n\n\n\n<li>1 di\u015f sar\u0131msak, ezilmi\u015f,<\/li>\n\n\n\n<li>Bolca k\u0131rm\u0131z\u0131 pul biber (damak zevkinize g\u00f6re),<\/li>\n\n\n\n<li>1 par\u00e7a (2,5 cm) zencefil, rendele,<\/li>\n\n\n\n<li>2 k\u00fc\u00e7\u00fck taze patates, k\u00fc\u00e7\u00fck do\u011fra,<\/li>\n\n\n\n<li>2,5 su barda\u011f\u0131 sebze suyu,<\/li>\n\n\n\n<li>1 kutu (425 gr) hindistan cevizi s\u00fct\u00fc,<\/li>\n\n\n\n<li>1 yemek ka\u015f\u0131\u011f\u0131 limon suyu (istenirse daha fazla)<\/li>\n\n\n\n<li>1 yemek ka\u015f\u0131\u011f\u0131 do\u011franm\u0131\u015f ki\u015fni\u015f,<\/li>\n\n\n\n<li>\u0130ste\u011fe ba\u011fl\u0131 k\u0131rm\u0131z\u0131 pul biber, tuz ve karabiber,<\/li>\n\n\n\n<li>S\u00fcslemek i\u00e7in fesle\u011fen yapraklar\u0131,<\/li>\n\n\n\n<li>Servis i\u00e7in taze m\u0131s\u0131r taneleri, k\u00fcp do\u011franm\u0131\u015f salam ve m\u0131s\u0131r cipsi<\/li>\n<\/ul>\n\n\n\n<p>Tatl\u0131 m\u0131s\u0131r ko\u00e7anlar\u0131ndan taneleri ay\u0131r\u0131n ve bir kaseye aktar\u0131n. Ayr\u0131ca bir b\u0131\u00e7a\u011f\u0131n arkas\u0131yla ko\u00e7anlardaki s\u00fct\u00fc kaz\u0131yarak s\u0131y\u0131r\u0131n (pi\u015fmi\u015f m\u0131s\u0131r kullan\u0131yorsan\u0131z buna gerek kalmaz).<\/p>\n\n\n\n<p>B\u00fcy\u00fck bir tencereyi ya\u011f d\u00f6k\u00fcn ve orta ate\u015fte \u0131s\u0131t\u0131n. Arpac\u0131k so\u011fanlar\u0131, sar\u0131msak, zencefil ve k\u0131rm\u0131z\u0131 pul biberi ekleyin ve kokusu \u00e7\u0131kana ve yumu\u015fayana kadar yakla\u015f\u0131k 3 dakika soteleyin. Ayr\u0131ca m\u0131s\u0131r tanelerini ve suyunu tencereye ekleyin ve yakla\u015f\u0131k 2 dakika soteleyin. Patatesleri ekleyin ve kar\u0131\u015ft\u0131r\u0131n. Sebze suyunu ve hindistan cevizi s\u00fct\u00fcn\u00fc ekleyin. Ard\u0131ndan patatesler yumu\u015fayana kadar yakla\u015f\u0131k 10 dakika k\u0131s\u0131k ate\u015fte pi\u015firin.<\/p>\n\n\n\n<p>\u00c7orbay\u0131 bir blenderla p\u00fcre haline getirin, ayr\u0131ca limon suyu, ki\u015fni\u015f, tuz ve karabiberle tatland\u0131r\u0131n. Oda s\u0131cakl\u0131\u011f\u0131nda veya so\u011fuk olarak servis edin ve fesle\u011fen yapraklar\u0131yla s\u00fcsleyin. Yan\u0131nda m\u0131s\u0131r taneleri, salam ve m\u0131s\u0131r cipsi ile servis edin.<\/p>\n\n\n\n<div class=\"wp-block-columns is-layout-flex wp-container-core-columns-is-layout-1 wp-block-columns-is-layout-flex\">\n<div class=\"wp-block-column is-layout-flow wp-block-column-is-layout-flow\"><\/div>\n<\/div>\n\n\n\n<p><em>Yazan: <\/em>Beth Dooley, The Minnesota Star Tribune, The Epoch Times<\/p>\n\n\n\n<p><em>\u00c7eviren: <\/em>Hatice Atmaca, The Epoch Times T\u00fcrkiye<\/p>\n","protected":false},"excerpt":{"rendered":"<p>M\u0131s\u0131r\u0131n en yumu\u015fak ve taze oldu\u011fu bu mevsimde, m\u0131s\u0131r pi\u015firmenin en iyi yolu neredeyse hi\u00e7 pi\u015firmemek. Hayat\u0131mda ilk kez bir arkada\u015f\u0131m\u0131n \u00e7iftli\u011finde tatl\u0131 m\u0131s\u0131r toplad\u0131m. Omuzlar\u0131m\u0131za ast\u0131\u011f\u0131m\u0131z \u00e7uvallar\u0131 doldurmak i\u00e7in saatlerce uzun saplar\u0131ndan m\u0131s\u0131r ko\u00e7anlar\u0131n\u0131 kopard\u0131k. O sabah hava en az 27 dereceydi. Daha \u00f6nce hi\u00e7 \u00e7i\u011f m\u0131s\u0131r yememi\u015f, teneke bardaktan buz gibi so\u011fuk su [&hellip;]<\/p>\n","protected":false},"author":12379,"featured_media":171030,"comment_status":"open","ping_status":"open","sticky":false,"template":"","format":"standard","meta":{"_yoast_wpseo_focuskw":"\"Tatl\u0131 M\u0131s\u0131r\"","_yoast_wpseo_title":"","_yoast_wpseo_metadesc":"Tatl\u0131 m\u0131s\u0131r \u015fu anda en iyi d\u00f6neminde, ha\u015flay\u0131n ya da k\u00f6zde pi\u015firin. Artan pi\u015fmi\u015f m\u0131s\u0131r\u0131n makarnal\u0131 salatas\u0131n\u0131 ve so\u011fuk \u00e7orbas\u0131n\u0131 deneyin.","_bbp_topic_count":0,"_bbp_reply_count":0,"_bbp_total_topic_count":0,"_bbp_total_reply_count":0,"_bbp_voice_count":0,"_bbp_anonymous_reply_count":0,"_bbp_topic_count_hidden":0,"_bbp_reply_count_hidden":0,"_bbp_forum_subforum_count":0,"footnotes":"","_yoast_wpseo_focuskw_text_input":""},"categories":[519,6910,6912],"tags":[12471,12470,12469,12468,9336],"yoast_head":"<!-- This site is optimized with the Yoast SEO plugin v23.0 - https:\/\/yoast.com\/wordpress\/plugins\/seo\/ -->\n<title>Tatl\u0131 M\u0131s\u0131r Mevsimi: Bu Tariflerle M\u0131s\u0131r\u0131n Tad\u0131n\u0131 \u00c7\u0131kar\u0131n - The Epoch Times TR<\/title>\n<meta name=\"description\" content=\"Tatl\u0131 m\u0131s\u0131r \u015fu anda en iyi d\u00f6neminde, ha\u015flay\u0131n ya da k\u00f6zde pi\u015firin. Artan pi\u015fmi\u015f m\u0131s\u0131r\u0131n makarnal\u0131 salatas\u0131n\u0131 ve so\u011fuk \u00e7orbas\u0131n\u0131 deneyin.\" \/>\n<meta name=\"robots\" content=\"index, follow, max-snippet:-1, max-image-preview:large, max-video-preview:-1\" \/>\n<link rel=\"canonical\" href=\"https:\/\/epochtimestr.com\/index.php\/tatli-misir-mevsimi-bu-tariflerle-misirin-tadini-cikarin\" \/>\n<meta property=\"og:locale\" content=\"tr_TR\" \/>\n<meta property=\"og:type\" content=\"article\" \/>\n<meta property=\"og:title\" content=\"Tatl\u0131 M\u0131s\u0131r Mevsimi: Bu Tariflerle M\u0131s\u0131r\u0131n Tad\u0131n\u0131 \u00c7\u0131kar\u0131n - The Epoch Times TR\" \/>\n<meta property=\"og:description\" content=\"Tatl\u0131 m\u0131s\u0131r \u015fu anda en iyi d\u00f6neminde, ha\u015flay\u0131n ya da k\u00f6zde pi\u015firin. Artan pi\u015fmi\u015f m\u0131s\u0131r\u0131n makarnal\u0131 salatas\u0131n\u0131 ve so\u011fuk \u00e7orbas\u0131n\u0131 deneyin.\" \/>\n<meta property=\"og:url\" content=\"https:\/\/epochtimestr.com\/index.php\/tatli-misir-mevsimi-bu-tariflerle-misirin-tadini-cikarin\" \/>\n<meta property=\"og:site_name\" content=\"The Epoch Times TR\" \/>\n<meta property=\"article:publisher\" content=\"https:\/\/www.facebook.com\/theepochtimestr\" \/>\n<meta property=\"article:published_time\" content=\"2026-08-27T11:12:42+00:00\" \/>\n<meta property=\"article:modified_time\" content=\"2026-08-27T11:12:45+00:00\" \/>\n<meta property=\"og:image\" content=\"https:\/\/epochtimestr.com\/wp-content\/uploads\/2011y\/image-429.png\" \/>\n\t<meta property=\"og:image:width\" content=\"1200\" \/>\n\t<meta property=\"og:image:height\" content=\"771\" \/>\n\t<meta property=\"og:image:type\" content=\"image\/png\" \/>\n<meta name=\"author\" content=\"Hatice Atmaca\" \/>\n<meta name=\"twitter:card\" content=\"summary_large_image\" \/>\n<meta name=\"twitter:creator\" content=\"@TheEpochTimesTR\" \/>\n<meta name=\"twitter:site\" content=\"@TheEpochTimesTR\" \/>\n<meta name=\"twitter:label1\" content=\"Yazan:\" \/>\n\t<meta name=\"twitter:data1\" content=\"Hatice Atmaca\" \/>\n\t<meta name=\"twitter:label2\" content=\"Tahmini okuma s\u00fcresi\" \/>\n\t<meta name=\"twitter:data2\" content=\"6 dakika\" \/>\n<script type=\"application\/ld+json\" class=\"yoast-schema-graph\">{\"@context\":\"https:\/\/schema.org\",\"@graph\":[{\"@type\":\"Article\",\"@id\":\"https:\/\/epochtimestr.com\/index.php\/tatli-misir-mevsimi-bu-tariflerle-misirin-tadini-cikarin#article\",\"isPartOf\":{\"@id\":\"https:\/\/epochtimestr.com\/index.php\/tatli-misir-mevsimi-bu-tariflerle-misirin-tadini-cikarin\"},\"author\":{\"name\":\"Hatice Atmaca\",\"@id\":\"https:\/\/epochtimestr.com\/#\/schema\/person\/a515b4166e91977b7e9f483ceb142459\"},\"headline\":\"Tatl\u0131 M\u0131s\u0131r Mevsimi: Bu Tariflerle M\u0131s\u0131r\u0131n Tad\u0131n\u0131 \u00c7\u0131kar\u0131n\",\"datePublished\":\"2026-08-27T11:12:42+00:00\",\"dateModified\":\"2026-08-27T11:12:45+00:00\",\"mainEntityOfPage\":{\"@id\":\"https:\/\/epochtimestr.com\/index.php\/tatli-misir-mevsimi-bu-tariflerle-misirin-tadini-cikarin\"},\"wordCount\":1200,\"commentCount\":0,\"publisher\":{\"@id\":\"https:\/\/epochtimestr.com\/#organization\"},\"image\":{\"@id\":\"https:\/\/epochtimestr.com\/index.php\/tatli-misir-mevsimi-bu-tariflerle-misirin-tadini-cikarin#primaryimage\"},\"thumbnailUrl\":\"https:\/\/epochtimestr.com\/wp-content\/uploads\/2011y\/image-429.png\",\"keywords\":[\"Izgara\",\"Makarna Salatas\u0131\",\"M\u0131s\u0131r \u00c7orbas\u0131\",\"Tatl\u0131 m\u0131s\u0131r\",\"Yemek tarifi\"],\"articleSection\":[\"ED\u0130T\u00d6R\u00dcN SE\u00c7\u0130M\u0130\",\"Fitness ve Beslenme\",\"Yeme &amp; \u0130\u00e7me\"],\"inLanguage\":\"tr\",\"potentialAction\":[{\"@type\":\"CommentAction\",\"name\":\"Comment\",\"target\":[\"https:\/\/epochtimestr.com\/index.php\/tatli-misir-mevsimi-bu-tariflerle-misirin-tadini-cikarin#respond\"]}]},{\"@type\":\"WebPage\",\"@id\":\"https:\/\/epochtimestr.com\/index.php\/tatli-misir-mevsimi-bu-tariflerle-misirin-tadini-cikarin\",\"url\":\"https:\/\/epochtimestr.com\/index.php\/tatli-misir-mevsimi-bu-tariflerle-misirin-tadini-cikarin\",\"name\":\"Tatl\u0131 M\u0131s\u0131r Mevsimi: Bu Tariflerle M\u0131s\u0131r\u0131n Tad\u0131n\u0131 \u00c7\u0131kar\u0131n - The Epoch Times TR\",\"isPartOf\":{\"@id\":\"https:\/\/epochtimestr.com\/#website\"},\"primaryImageOfPage\":{\"@id\":\"https:\/\/epochtimestr.com\/index.php\/tatli-misir-mevsimi-bu-tariflerle-misirin-tadini-cikarin#primaryimage\"},\"image\":{\"@id\":\"https:\/\/epochtimestr.com\/index.php\/tatli-misir-mevsimi-bu-tariflerle-misirin-tadini-cikarin#primaryimage\"},\"thumbnailUrl\":\"https:\/\/epochtimestr.com\/wp-content\/uploads\/2011y\/image-429.png\",\"datePublished\":\"2026-08-27T11:12:42+00:00\",\"dateModified\":\"2026-08-27T11:12:45+00:00\",\"description\":\"Tatl\u0131 m\u0131s\u0131r \u015fu anda en iyi d\u00f6neminde, ha\u015flay\u0131n ya da k\u00f6zde pi\u015firin. Artan pi\u015fmi\u015f m\u0131s\u0131r\u0131n makarnal\u0131 salatas\u0131n\u0131 ve so\u011fuk \u00e7orbas\u0131n\u0131 deneyin.\",\"inLanguage\":\"tr\",\"potentialAction\":[{\"@type\":\"ReadAction\",\"target\":[\"https:\/\/epochtimestr.com\/index.php\/tatli-misir-mevsimi-bu-tariflerle-misirin-tadini-cikarin\"]}]},{\"@type\":\"ImageObject\",\"inLanguage\":\"tr\",\"@id\":\"https:\/\/epochtimestr.com\/index.php\/tatli-misir-mevsimi-bu-tariflerle-misirin-tadini-cikarin#primaryimage\",\"url\":\"https:\/\/epochtimestr.com\/wp-content\/uploads\/2011y\/image-429.png\",\"contentUrl\":\"https:\/\/epochtimestr.com\/wp-content\/uploads\/2011y\/image-429.png\",\"width\":1200,\"height\":771},{\"@type\":\"WebSite\",\"@id\":\"https:\/\/epochtimestr.com\/#website\",\"url\":\"https:\/\/epochtimestr.com\/\",\"name\":\"The Epoch Times TR\",\"description\":\"De\u011fi\u015fen D\u00fcnyam\u0131za Taze Bir Bak\u0131\u015f\",\"publisher\":{\"@id\":\"https:\/\/epochtimestr.com\/#organization\"},\"potentialAction\":[{\"@type\":\"SearchAction\",\"target\":{\"@type\":\"EntryPoint\",\"urlTemplate\":\"https:\/\/epochtimestr.com\/?s={search_term_string}\"},\"query-input\":\"required name=search_term_string\"}],\"inLanguage\":\"tr\"},{\"@type\":\"Organization\",\"@id\":\"https:\/\/epochtimestr.com\/#organization\",\"name\":\"The EpochTimes T\u00fcrkiye\",\"url\":\"https:\/\/epochtimestr.com\/\",\"logo\":{\"@type\":\"ImageObject\",\"inLanguage\":\"tr\",\"@id\":\"https:\/\/epochtimestr.com\/#\/schema\/logo\/image\/\",\"url\":\"https:\/\/epochtimestr.com\/wp-content\/uploads\/2011y\/ET-Logo-YG.jpg\",\"contentUrl\":\"https:\/\/epochtimestr.com\/wp-content\/uploads\/2011y\/ET-Logo-YG.jpg\",\"width\":346,\"height\":29,\"caption\":\"The EpochTimes T\u00fcrkiye\"},\"image\":{\"@id\":\"https:\/\/epochtimestr.com\/#\/schema\/logo\/image\/\"},\"sameAs\":[\"https:\/\/www.facebook.com\/theepochtimestr\",\"https:\/\/x.com\/TheEpochTimesTR\",\"https:\/\/www.instagram.com\/epochtimestr\"]},{\"@type\":\"Person\",\"@id\":\"https:\/\/epochtimestr.com\/#\/schema\/person\/a515b4166e91977b7e9f483ceb142459\",\"name\":\"Hatice Atmaca\",\"image\":{\"@type\":\"ImageObject\",\"inLanguage\":\"tr\",\"@id\":\"https:\/\/epochtimestr.com\/#\/schema\/person\/image\/\",\"url\":\"https:\/\/secure.gravatar.com\/avatar\/dd49aabd0aeaecbc0ecbce954119ae42?s=96&d=mm&r=g\",\"contentUrl\":\"https:\/\/secure.gravatar.com\/avatar\/dd49aabd0aeaecbc0ecbce954119ae42?s=96&d=mm&r=g\",\"caption\":\"Hatice Atmaca\"},\"url\":\"https:\/\/epochtimestr.com\/index.php\/author\/hatice\"}]}<\/script>\n<!-- \/ Yoast SEO plugin. -->","yoast_head_json":{"title":"Tatl\u0131 M\u0131s\u0131r Mevsimi: Bu Tariflerle M\u0131s\u0131r\u0131n Tad\u0131n\u0131 \u00c7\u0131kar\u0131n - The Epoch Times TR","description":"Tatl\u0131 m\u0131s\u0131r \u015fu anda en iyi d\u00f6neminde, ha\u015flay\u0131n ya da k\u00f6zde pi\u015firin. Artan pi\u015fmi\u015f m\u0131s\u0131r\u0131n makarnal\u0131 salatas\u0131n\u0131 ve so\u011fuk \u00e7orbas\u0131n\u0131 deneyin.","robots":{"index":"index","follow":"follow","max-snippet":"max-snippet:-1","max-image-preview":"max-image-preview:large","max-video-preview":"max-video-preview:-1"},"canonical":"https:\/\/epochtimestr.com\/index.php\/tatli-misir-mevsimi-bu-tariflerle-misirin-tadini-cikarin","og_locale":"tr_TR","og_type":"article","og_title":"Tatl\u0131 M\u0131s\u0131r Mevsimi: Bu Tariflerle M\u0131s\u0131r\u0131n Tad\u0131n\u0131 \u00c7\u0131kar\u0131n - The Epoch Times TR","og_description":"Tatl\u0131 m\u0131s\u0131r \u015fu anda en iyi d\u00f6neminde, ha\u015flay\u0131n ya da k\u00f6zde pi\u015firin. Artan pi\u015fmi\u015f m\u0131s\u0131r\u0131n makarnal\u0131 salatas\u0131n\u0131 ve so\u011fuk \u00e7orbas\u0131n\u0131 deneyin.","og_url":"https:\/\/epochtimestr.com\/index.php\/tatli-misir-mevsimi-bu-tariflerle-misirin-tadini-cikarin","og_site_name":"The Epoch Times TR","article_publisher":"https:\/\/www.facebook.com\/theepochtimestr","article_published_time":"2026-08-27T11:12:42+00:00","article_modified_time":"2026-08-27T11:12:45+00:00","og_image":[{"width":1200,"height":771,"url":"https:\/\/epochtimestr.com\/wp-content\/uploads\/2011y\/image-429.png","type":"image\/png"}],"author":"Hatice Atmaca","twitter_card":"summary_large_image","twitter_creator":"@TheEpochTimesTR","twitter_site":"@TheEpochTimesTR","twitter_misc":{"Yazan:":"Hatice Atmaca","Tahmini okuma s\u00fcresi":"6 dakika"},"schema":{"@context":"https:\/\/schema.org","@graph":[{"@type":"Article","@id":"https:\/\/epochtimestr.com\/index.php\/tatli-misir-mevsimi-bu-tariflerle-misirin-tadini-cikarin#article","isPartOf":{"@id":"https:\/\/epochtimestr.com\/index.php\/tatli-misir-mevsimi-bu-tariflerle-misirin-tadini-cikarin"},"author":{"name":"Hatice Atmaca","@id":"https:\/\/epochtimestr.com\/#\/schema\/person\/a515b4166e91977b7e9f483ceb142459"},"headline":"Tatl\u0131 M\u0131s\u0131r Mevsimi: Bu Tariflerle M\u0131s\u0131r\u0131n Tad\u0131n\u0131 \u00c7\u0131kar\u0131n","datePublished":"2026-08-27T11:12:42+00:00","dateModified":"2026-08-27T11:12:45+00:00","mainEntityOfPage":{"@id":"https:\/\/epochtimestr.com\/index.php\/tatli-misir-mevsimi-bu-tariflerle-misirin-tadini-cikarin"},"wordCount":1200,"commentCount":0,"publisher":{"@id":"https:\/\/epochtimestr.com\/#organization"},"image":{"@id":"https:\/\/epochtimestr.com\/index.php\/tatli-misir-mevsimi-bu-tariflerle-misirin-tadini-cikarin#primaryimage"},"thumbnailUrl":"https:\/\/epochtimestr.com\/wp-content\/uploads\/2011y\/image-429.png","keywords":["Izgara","Makarna Salatas\u0131","M\u0131s\u0131r \u00c7orbas\u0131","Tatl\u0131 m\u0131s\u0131r","Yemek tarifi"],"articleSection":["ED\u0130T\u00d6R\u00dcN SE\u00c7\u0130M\u0130","Fitness ve Beslenme","Yeme &amp; \u0130\u00e7me"],"inLanguage":"tr","potentialAction":[{"@type":"CommentAction","name":"Comment","target":["https:\/\/epochtimestr.com\/index.php\/tatli-misir-mevsimi-bu-tariflerle-misirin-tadini-cikarin#respond"]}]},{"@type":"WebPage","@id":"https:\/\/epochtimestr.com\/index.php\/tatli-misir-mevsimi-bu-tariflerle-misirin-tadini-cikarin","url":"https:\/\/epochtimestr.com\/index.php\/tatli-misir-mevsimi-bu-tariflerle-misirin-tadini-cikarin","name":"Tatl\u0131 M\u0131s\u0131r Mevsimi: Bu Tariflerle M\u0131s\u0131r\u0131n Tad\u0131n\u0131 \u00c7\u0131kar\u0131n - The Epoch Times TR","isPartOf":{"@id":"https:\/\/epochtimestr.com\/#website"},"primaryImageOfPage":{"@id":"https:\/\/epochtimestr.com\/index.php\/tatli-misir-mevsimi-bu-tariflerle-misirin-tadini-cikarin#primaryimage"},"image":{"@id":"https:\/\/epochtimestr.com\/index.php\/tatli-misir-mevsimi-bu-tariflerle-misirin-tadini-cikarin#primaryimage"},"thumbnailUrl":"https:\/\/epochtimestr.com\/wp-content\/uploads\/2011y\/image-429.png","datePublished":"2026-08-27T11:12:42+00:00","dateModified":"2026-08-27T11:12:45+00:00","description":"Tatl\u0131 m\u0131s\u0131r \u015fu anda en iyi d\u00f6neminde, ha\u015flay\u0131n ya da k\u00f6zde pi\u015firin. Artan pi\u015fmi\u015f m\u0131s\u0131r\u0131n makarnal\u0131 salatas\u0131n\u0131 ve so\u011fuk \u00e7orbas\u0131n\u0131 deneyin.","inLanguage":"tr","potentialAction":[{"@type":"ReadAction","target":["https:\/\/epochtimestr.com\/index.php\/tatli-misir-mevsimi-bu-tariflerle-misirin-tadini-cikarin"]}]},{"@type":"ImageObject","inLanguage":"tr","@id":"https:\/\/epochtimestr.com\/index.php\/tatli-misir-mevsimi-bu-tariflerle-misirin-tadini-cikarin#primaryimage","url":"https:\/\/epochtimestr.com\/wp-content\/uploads\/2011y\/image-429.png","contentUrl":"https:\/\/epochtimestr.com\/wp-content\/uploads\/2011y\/image-429.png","width":1200,"height":771},{"@type":"WebSite","@id":"https:\/\/epochtimestr.com\/#website","url":"https:\/\/epochtimestr.com\/","name":"The Epoch Times TR","description":"De\u011fi\u015fen D\u00fcnyam\u0131za Taze Bir Bak\u0131\u015f","publisher":{"@id":"https:\/\/epochtimestr.com\/#organization"},"potentialAction":[{"@type":"SearchAction","target":{"@type":"EntryPoint","urlTemplate":"https:\/\/epochtimestr.com\/?s={search_term_string}"},"query-input":"required name=search_term_string"}],"inLanguage":"tr"},{"@type":"Organization","@id":"https:\/\/epochtimestr.com\/#organization","name":"The EpochTimes T\u00fcrkiye","url":"https:\/\/epochtimestr.com\/","logo":{"@type":"ImageObject","inLanguage":"tr","@id":"https:\/\/epochtimestr.com\/#\/schema\/logo\/image\/","url":"https:\/\/epochtimestr.com\/wp-content\/uploads\/2011y\/ET-Logo-YG.jpg","contentUrl":"https:\/\/epochtimestr.com\/wp-content\/uploads\/2011y\/ET-Logo-YG.jpg","width":346,"height":29,"caption":"The EpochTimes T\u00fcrkiye"},"image":{"@id":"https:\/\/epochtimestr.com\/#\/schema\/logo\/image\/"},"sameAs":["https:\/\/www.facebook.com\/theepochtimestr","https:\/\/x.com\/TheEpochTimesTR","https:\/\/www.instagram.com\/epochtimestr"]},{"@type":"Person","@id":"https:\/\/epochtimestr.com\/#\/schema\/person\/a515b4166e91977b7e9f483ceb142459","name":"Hatice Atmaca","image":{"@type":"ImageObject","inLanguage":"tr","@id":"https:\/\/epochtimestr.com\/#\/schema\/person\/image\/","url":"https:\/\/secure.gravatar.com\/avatar\/dd49aabd0aeaecbc0ecbce954119ae42?s=96&d=mm&r=g","contentUrl":"https:\/\/secure.gravatar.com\/avatar\/dd49aabd0aeaecbc0ecbce954119ae42?s=96&d=mm&r=g","caption":"Hatice Atmaca"},"url":"https:\/\/epochtimestr.com\/index.php\/author\/hatice"}]}},"_links":{"self":[{"href":"https:\/\/epochtimestr.com\/index.php\/wp-json\/wp\/v2\/posts\/171029"}],"collection":[{"href":"https:\/\/epochtimestr.com\/index.php\/wp-json\/wp\/v2\/posts"}],"about":[{"href":"https:\/\/epochtimestr.com\/index.php\/wp-json\/wp\/v2\/types\/post"}],"author":[{"embeddable":true,"href":"https:\/\/epochtimestr.com\/index.php\/wp-json\/wp\/v2\/users\/12379"}],"replies":[{"embeddable":true,"href":"https:\/\/epochtimestr.com\/index.php\/wp-json\/wp\/v2\/comments?post=171029"}],"version-history":[{"count":2,"href":"https:\/\/epochtimestr.com\/index.php\/wp-json\/wp\/v2\/posts\/171029\/revisions"}],"predecessor-version":[{"id":171036,"href":"https:\/\/epochtimestr.com\/index.php\/wp-json\/wp\/v2\/posts\/171029\/revisions\/171036"}],"wp:featuredmedia":[{"embeddable":true,"href":"https:\/\/epochtimestr.com\/index.php\/wp-json\/wp\/v2\/media\/171030"}],"wp:attachment":[{"href":"https:\/\/epochtimestr.com\/index.php\/wp-json\/wp\/v2\/media?parent=171029"}],"wp:term":[{"taxonomy":"category","embeddable":true,"href":"https:\/\/epochtimestr.com\/index.php\/wp-json\/wp\/v2\/categories?post=171029"},{"taxonomy":"post_tag","embeddable":true,"href":"https:\/\/epochtimestr.com\/index.php\/wp-json\/wp\/v2\/tags?post=171029"}],"curies":[{"name":"wp","href":"https:\/\/api.w.org\/{rel}","templated":true}]}}