{"id":171039,"date":"2026-08-27T21:47:41","date_gmt":"2026-08-27T18:47:41","guid":{"rendered":"https:\/\/epochtimestr.com\/?p=171039"},"modified":"2026-08-27T21:47:42","modified_gmt":"2026-08-27T18:47:42","slug":"nepal-tibet-sinirinda-sel-felaketi-binlerce-kayip-yuzlerce-olu-var","status":"publish","type":"post","link":"https:\/\/epochtimestr.com\/index.php\/nepal-tibet-sinirinda-sel-felaketi-binlerce-kayip-yuzlerce-olu-var","title":{"rendered":"Nepal-Tibet S\u0131n\u0131r\u0131nda Sel Felaketi: Binlerce Kay\u0131p Y\u00fczlerce \u00d6l\u00fc Var"},"content":{"rendered":"\n<h2 class=\"wp-block-heading\">Nepal-Tibet s\u0131n\u0131r\u0131n\u0131 vuran sel felaketinin ard\u0131ndan 1.400&#8217;den fazla ki\u015fi kay\u0131p, 300&#8217;den fazla ceset \u00e7\u0131kar\u0131ld\u0131.<\/h2>\n\n\n<div class=\"wp-block-image\">\n<figure class=\"aligncenter size-full\"><img loading=\"lazy\" decoding=\"async\" width=\"1024\" height=\"683\" src=\"https:\/\/epochtimestr.com\/wp-content\/uploads\/2011y\/image-430.png\" alt=\"Nepal Nuwakot\u2019a ba\u011fl\u0131 Trishuli Bazar'da ya\u015fanan ani sel sonras\u0131 evler, nehir kenar\u0131nda k\u0131smen \u00e7amurlu suda kald\u0131. 26 A\u011fustos'ta Nepal'in kuzeyindeki Rasuwa il\u00e7esinde yollara ve enerji altyap\u0131s\u0131na zarar veren b\u00fcy\u00fck bir sel meydana geldi. Yetkililer y\u0131k\u0131m\u0131n boyutunu de\u011ferlendirmek i\u00e7in \u00e7aba g\u00f6steriyor. (Foto\u011fraf: Prabin Ranabhat, AFP - Getty Images, The Epoch Times arac\u0131l\u0131\u011f\u0131yla)\" class=\"wp-image-171046\" srcset=\"https:\/\/epochtimestr.com\/wp-content\/uploads\/2011y\/image-430.png 1024w, https:\/\/epochtimestr.com\/wp-content\/uploads\/2011y\/image-430-300x200.png 300w, https:\/\/epochtimestr.com\/wp-content\/uploads\/2011y\/image-430-150x100.png 150w, https:\/\/epochtimestr.com\/wp-content\/uploads\/2011y\/image-430-768x512.png 768w\" sizes=\"(max-width: 1024px) 100vw, 1024px\" \/><figcaption class=\"wp-element-caption\">Nepal Nuwakot\u2019a ba\u011fl\u0131 Trishuli Bazar&#8217;da ya\u015fanan ani sel sonras\u0131 evler, nehir kenar\u0131nda k\u0131smen \u00e7amurlu suda kald\u0131. 26 A\u011fustos&#8217;ta Nepal&#8217;in kuzeyindeki Rasuwa il\u00e7esinde yollara ve enerji altyap\u0131s\u0131na zarar veren b\u00fcy\u00fck bir sel meydana geldi. Yetkililer y\u0131k\u0131m\u0131n boyutunu de\u011ferlendirmek i\u00e7in \u00e7aba g\u00f6steriyor. (Foto\u011fraf: Prabin Ranabhat, AFP &#8211; Getty Images, The Epoch Times arac\u0131l\u0131\u011f\u0131yla)<\/figcaption><\/figure><\/div>\n\n\n<p>\u00c7in ve Nepal, 26 A\u011fustos&#8217;ta su, \u00e7amur ve kayalardan olu\u015fan bir sel dalgas\u0131n\u0131n Nepal-Tibet s\u0131n\u0131r b\u00f6lgesini yerle bir etti\u011fini <a href=\"https:\/\/www.theepochtimes.com\/world\/at-least-160-dead-hundreds-missing-after-flood-devastates-nepal-tibet-border-6079993\" target=\"_blank\" rel=\"noreferrer noopener\">duyurdu<\/a>. Sel, evleri, yollar\u0131 ve k\u00f6pr\u00fcleri s\u00fcp\u00fcr\u00fcp Himalaya vadilerindeki yerle\u015fim yerlerini d\u0131\u015f d\u00fcnyadan kopard\u0131. Olaydan yakla\u015f\u0131k 24 saat sonra, yabanc\u0131 turistler d\u00e2hil 1.400&#8217;den fazla ki\u015fi h\u00e2l\u00e2 kay\u0131p oldu\u011fu a\u00e7\u0131kland\u0131.<\/p>\n\n\n\n<p>ABD Jeoloji Ara\u015ft\u0131rmalar\u0131 Kurumu (USGS), Nepal-\u00c7in s\u0131n\u0131r\u0131 yak\u0131nlar\u0131nda meydana gelen \u201cak\u0131nt\u0131 y\u00f6n\u00fcnde ya\u015fanan y\u0131k\u0131c\u0131 etkilerin\u201d nedeninin bir buzul \u00e7\u00f6kmesi ve moloz ak\u0131\u015f\u0131 oldu\u011funu belirledi. Kurum, ba\u015flang\u0131\u00e7ta olay\u0131 4,4 b\u00fcy\u00fckl\u00fc\u011f\u00fcnde bir <a href=\"https:\/\/epochtimestr.com\/index.php\/kolombiya-depreminde-can-kaybi-111e-yukseldi\" target=\"_blank\" rel=\"noreferrer noopener\">deprem<\/a> olarak bildirmi\u015fti.<\/p>\n\n\n\n<p>USGS, 26 A\u011fustos tarihli g\u00fcncellemesinde, \u201cYak\u0131ndaki sismik istasyonlar, uzun periyotlu sismik dalgalar ve uydu g\u00f6r\u00fcnt\u00fclerine g\u00f6re ek analizler yap\u0131ld\u0131. Buna g\u00f6re sismik olay\u0131n asl\u0131nda bir buzul \u00e7\u00f6k\u00fc\u015f\u00fc ve moloz ak\u0131\u015f\u0131 oldu\u011fu anla\u015f\u0131ld\u0131. Ayr\u0131ca herhangi bir deprem meydana gelmedi\u011fi tespit edildi\u201d dedi.<\/p>\n\n\n\n<p>The Kathmandu Post\u2019a g\u00f6re, Nepal\u2019de 27 A\u011fustos saat 15:50 itibar\u0131yla bulunan ceset say\u0131s\u0131 332\u2019yi a\u015ft\u0131. Nepal Turizm Kurulu da yakla\u015f\u0131k 590 ki\u015fiyle \u201cileti\u015fim kurulamad\u0131\u011f\u0131n\u0131\u201d bildirdi. Bu ki\u015filerin 476\u2019s\u0131 yabanc\u0131 uyruklu ve 114\u2019\u00fc Nepal vatanda\u015f\u0131. Kay\u0131p yabanc\u0131lar aras\u0131nda 63 Amerikal\u0131, 53 Ukraynal\u0131, 34 Avustralyal\u0131, 33 \u0130ngiliz ve 25 Kanadal\u0131 var. Seyahat edenlerle ileti\u015fim kurulamad\u0131\u011f\u0131 bilgisi tur \u015firketleri arac\u0131l\u0131\u011f\u0131yla geldi. Bu nedenle listede yer alanlar\u0131n hepsi selden etkilenmi\u015f olmayabilir.<\/p>\n\n\n\n<p>S\u0131n\u0131r\u0131n \u00f6b\u00fcr taraf\u0131nda ise \u00c7in devlet medyas\u0131 Xinhua kay\u0131plarla ilgili bilgi verdi. \u00c7inli yetkililer, 27 A\u011fustos sabah\u0131 yerel saatle 08.00 itibar\u0131yla Tibet\u2019in Gyirong il\u00e7esinde ani sel sonucu \u00fc\u00e7 ki\u015finin hayat\u0131n\u0131 kaybetti\u011fini a\u00e7\u0131klad\u0131. Xinhua&#8217;ya g\u00f6re, yerel yetkililer bir bas\u0131n toplant\u0131s\u0131nda \u00c7in taraf\u0131nda yakla\u015f\u0131k 558 ki\u015finin kay\u0131p oldu\u011funu s\u00f6yledi. Ayr\u0131ca bunlar\u0131n 260&#8217;\u0131n\u0131n yabanc\u0131 oldu\u011funu bildirdi.<\/p>\n\n\n\n<h3 class=\"wp-block-heading\">Y\u00fczlerce Ki\u015fi \u0130le \u0130leti\u015fim Kesildi<\/h3>\n\n\n\n<p>ABD h\u00fck\u00fcmeti, Katmandu&#8217;daki b\u00fcy\u00fckel\u00e7ili\u011finin, afet b\u00f6lgelerindeki ABD vatanda\u015flar\u0131na yard\u0131m etmek i\u00e7in yerel yetkililerle yak\u0131n i\u015fbirli\u011fi i\u00e7inde \u00e7al\u0131\u015ft\u0131\u011f\u0131n\u0131 belirtti. ABD D\u0131\u015fi\u015fleri Bakanl\u0131\u011f\u0131, b\u00f6lgeye bir afet m\u00fcdahale dan\u0131\u015fman\u0131 g\u00f6nderdi\u011fini a\u00e7\u0131klad\u0131. Ayr\u0131ca selden etkilenen topluluklara 500.000 dolarl\u0131k acil yard\u0131m sa\u011flayaca\u011f\u0131na s\u00f6z verdi. ABD D\u0131\u015fi\u015fleri Bakan\u0131 Marco Rubio, X platformunda payla\u015ft\u0131\u011f\u0131 bir g\u00f6nderide Nepal\u2019e dayan\u0131\u015fma mesaj\u0131 verdi. \u201cBakanl\u0131k, Nepal H\u00fck\u00fcmeti\u2019ne gerekli insani yard\u0131m\u0131 sa\u011flamaya haz\u0131rd\u0131r\u201d dedi.<\/p>\n\n\n\n<p>Gyirong Liman\u0131&#8217;ndan al\u0131nan g\u00fcvenlik kameras\u0131 g\u00f6r\u00fcnt\u00fcleri. \u00c7amur, su ve enkaz dalgas\u0131n\u0131n s\u0131n\u0131r tesisini s\u00fcp\u00fcrmesinden birka\u00e7 saniye \u00f6nce insanlar\u0131n ko\u015ftu\u011fu g\u00f6r\u00fcl\u00fcyor.<\/p>\n\n\n\n<figure class=\"wp-block-embed is-type-rich is-provider-x wp-block-embed-x\"><div class=\"wp-block-embed__wrapper\">\n<blockquote class=\"twitter-tweet\" data-width=\"550\" data-dnt=\"true\"><p lang=\"en\" dir=\"ltr\">This is seriously scary. CCTV footage from Gyirong Port in Tibet, China, directly opposite Nepal\u2019s Rasuwa district. This flash flood hit here first and later caused massive havoc in Nepal. Can\u2019t even imagine someone surviving this. Prayers for everyone affected. \ud83d\ude4f <a href=\"https:\/\/t.co\/o805P8KGSu\">https:\/\/t.co\/o805P8KGSu<\/a> <a href=\"https:\/\/t.co\/31QzZ64aBD\">pic.twitter.com\/31QzZ64aBD<\/a><\/p>&mdash; Nikhil saini (@iNikhilsaini) <a href=\"https:\/\/x.com\/iNikhilsaini\/status\/2092558888751284687?ref_src=twsrc%5Etfw\">August 26, 2026<\/a><\/blockquote><script async src=\"https:\/\/platform.x.com\/widgets.js\" charset=\"utf-8\"><\/script>\n<\/div><figcaption class=\"wp-element-caption\">Gyirong Liman\u0131&#8217;ndan al\u0131nan CCTV g\u00f6r\u00fcnt\u00fcleri, \u00e7amur, su ve enkaz dalgas\u0131 gelmeden \u00f6nce insanlar\u0131n ko\u015ftu\u011funu g\u00f6steriyor.<\/figcaption><\/figure>\n\n\n\n<p>Sel, Rasuwa il\u00e7esindeki Nepal\u2019in Bhote Koshi nehir sistemi boyunca uzanan yerle\u015fim yerlerini yerle bir etti. Daha sonra nehrin a\u015fa\u011f\u0131s\u0131na do\u011fru ilerledi.<\/p>\n\n\n\n<p>Turizm Kurulu Ba\u015fkan Vekili Hikmat Singh Ayer, 403 turistin tur \u015firketleriyle Gosaikunda ve Kailash Mansarovar\u2019a do\u011fru seyahat ettiklerini belirtti. Turizm polisi, yerel yetkililer ve g\u00fcvenlik birimleri, bu ki\u015filerin yerlerini tespit etmek i\u00e7in \u00e7al\u0131\u015f\u0131yor.<\/p>\n\n\n\n<p>Nepal Polisi, gece ge\u00e7 saatlerde yapt\u0131\u011f\u0131 a\u00e7\u0131klamada, 3.391 emniyet personelinin g\u00f6revlendirildi\u011fini a\u00e7\u0131klad\u0131. Ayr\u0131ca 41 yaral\u0131n\u0131n tedavi g\u00f6rd\u00fc\u011f\u00fcn\u00fc bildirdi. Arama ve kurtarma ekipleri, Rasuwa ve nehrin a\u015fa\u011f\u0131s\u0131ndaki il\u00e7elere sevk edildi. Ekipler tahliye, arama, cesetlerin \u00e7\u0131kar\u0131lmas\u0131 ve yard\u0131m i\u00e7in \u00e7al\u0131\u015f\u0131yor. Nepal Polisi arama kurtarma \u00e7al\u0131\u015fmalar\u0131 ile ilgili g\u00fcncelleme yay\u0131mlad\u0131. Yetkililer, etkilenen b\u00f6lgelerde uzman personel, sa\u011fl\u0131k ekipleri, arama k\u00f6pekleri ve drone kullan\u0131ld\u0131\u011f\u0131n\u0131 belirtti.<\/p>\n\n\n\n<p>Afet ayr\u0131ca nehir koridoru boyunca g\u00f6rev yapan polis memurlar\u0131n\u0131n da d\u0131\u015f d\u00fcnyayla ba\u011flant\u0131s\u0131n\u0131 kesti. Public Service Broadcasting Nepal, Timure, Syaphrubesi, Simle ve Mailung\u2019da bulunan 26 memurla ileti\u015fimin kesildi\u011fini bildirdi. Nepal Polisi de kurtarma \u00e7al\u0131\u015fmalar\u0131 s\u00fcrerken afet b\u00f6lgesinden bir video yay\u0131mlad\u0131.<\/p>\n\n\n\n<figure class=\"wp-block-embed is-type-rich is-provider-x wp-block-embed-x\"><div class=\"wp-block-embed__wrapper\">\n<blockquote class=\"twitter-tweet\" data-width=\"550\" data-dnt=\"true\"><p lang=\"ne\" dir=\"ltr\">\u0935\u093f\u092a\u0926 \u092a\u094d\u0930\u0924\u093f\u0915\u093e\u0930\u094d\u092f\u092e\u093e \u0928\u0947\u092a\u093e\u0932 \u092a\u094d\u0930\u0939\u0930\u0940 <a href=\"https:\/\/t.co\/xqa4GcSRnO\">pic.twitter.com\/xqa4GcSRnO<\/a><\/p>&mdash; Nepal Police (@NepalPoliceHQ) <a href=\"https:\/\/x.com\/NepalPoliceHQ\/status\/2092651591627423794?ref_src=twsrc%5Etfw\">August 26, 2026<\/a><\/blockquote><script async src=\"https:\/\/platform.x.com\/widgets.js\" charset=\"utf-8\"><\/script>\n<\/div><\/figure>\n\n\n\n<h3 class=\"wp-block-heading\">Gyirong Liman\u0131&#8217;na Eri\u015fim Kesildi<\/h3>\n\n\n\n<p>Felaket, Tibet ile Nepal aras\u0131ndaki ba\u015fl\u0131ca kara ge\u00e7i\u015f noktalar\u0131ndan biri olan Gyirong Liman\u0131\u2019n\u0131 harap etti. \u00c7in Acil Durum Y\u00f6netimi Bakanl\u0131\u011f\u0131, s\u0131n\u0131r b\u00f6lgesini vuran heyelan sonras\u0131nda ge\u00e7i\u015f noktas\u0131na giden yollar\u0131n, elektrik ve ileti\u015fim hatlar\u0131n\u0131n kesildi\u011fini a\u00e7\u0131klad\u0131.<\/p>\n\n\n\n<p>\u00c7inli yetkililer ba\u015flang\u0131\u00e7ta felaketin \u00e7ok say\u0131da can kayb\u0131na yol a\u00e7t\u0131\u011f\u0131n\u0131 ve kay\u0131p ki\u015filerin oldu\u011funu belirtti. Gyirong komutanl\u0131\u011f\u0131 daha sonra \u00f6l\u00fc say\u0131s\u0131n\u0131 \u00fc\u00e7, kay\u0131p say\u0131s\u0131n\u0131 ise 265 olarak a\u00e7\u0131klad\u0131. Komutanl\u0131k, bu rakamlar\u0131n \u00f6n veriler oldu\u011funu ve can kayb\u0131 say\u0131lar\u0131n\u0131n halen do\u011frulanmakta oldu\u011funu belirtti. Ayr\u0131ca b\u00f6lgeye ula\u015f\u0131m da b\u00fcy\u00fck bir engel te\u015fkil ediyor. Haberin haz\u0131rland\u0131\u011f\u0131 s\u00fcre\u00e7te eri\u015fim, h\u00e2l\u00e2 b\u00fcy\u00fck bir engel olarak kald\u0131.<\/p>\n\n\n\n<p>Gyirong kasabas\u0131ndan s\u0131n\u0131ra giden yol \u00fczerindeki \u00e7amur ve enkaz nedeniyle seyahat etmek g\u00fcvenli de\u011fil. Bu nedenle yol her iki y\u00f6nden de trafi\u011fe kapat\u0131ld\u0131. Yerel yetkililer acil durum ve kurtarma \u00e7al\u0131\u015fmalar\u0131 d\u0131\u015f\u0131ndaki ara\u00e7lar\u0131n ge\u00e7i\u015fini yasaklad\u0131.<\/p>\n\n\n\n<p>Tibet&#8217;in acil durum yetkilileri y\u00fczlerce kurtarma personeli, ara\u00e7lar, arama k\u00f6pekleri, tekneler ve can tespit ekipmanlar\u0131n\u0131 seferber etti. B\u00f6lgesel y\u00f6netim ayr\u0131ca, en \u00fcst d\u00fczey do\u011fal afet m\u00fcdahale plan\u0131n\u0131 devreye soktu. Tibet Acil Durum Y\u00f6netimi Bakanl\u0131\u011f\u0131 ve \u00c7in Afet Yard\u0131m Komisyonu, II. Seviye acil durum m\u00fcdahale hareketini ba\u015flatt\u0131. Buna ek olarak bakanl\u0131k 30.000 adet acil durum malzemesinin b\u00f6lgeye g\u00f6nderildi\u011fini a\u00e7\u0131klad\u0131. Malzemeler aras\u0131nda \u00e7ad\u0131rlar, katlanabilir yataklar ve giysiler var.<\/p>\n\n\n\n<h3 class=\"wp-block-heading\">Yollar ve K\u00f6pr\u00fcler Sular Alt\u0131nda Kald\u0131<\/h3>\n\n\n\n<p>Nepal taraf\u0131nda ise sel felaketi, Syaphrubesi, Timure ve \u00e7evresindeki yerle\u015fim yerlerine a\u011f\u0131r zarar verdi. \u00d6zellikle evler, yollar, k\u00f6pr\u00fcler ve di\u011fer altyap\u0131lar zarar g\u00f6rd\u00fc. Yetkililer sakinleri yeni heyelanlara kar\u015f\u0131 savunmas\u0131z nehirlerden ve yama\u00e7lardan uzak durmalar\u0131 konusunda uyard\u0131.<\/p>\n\n\n\n<p>Rasuwa il\u00e7e ba\u015fkan\u0131, kurtarma operasyonlar\u0131 i\u00e7in toplam be\u015f helikopterin g\u00f6revlendirildi\u011fini belirtti. Ayr\u0131ca bunlar\u0131n \u00fc\u00e7\u00fcn\u00fcn \u00f6zel i\u015fletmeye, ikisinin Nepal Ordusu\u2019na ait oldu\u011funu s\u00f6yledi. Nepal Polisi, Nepal Polis Hastanesi&#8217;nden dokuz ki\u015filik bir sa\u011fl\u0131k ekibini, ambulans ve acil durum malzemeleriyle Rasuwa&#8217;ya g\u00f6nderdi.<\/p>\n\n\n\n<p>S\u0131n\u0131ra yak\u0131n yerle\u015fim yerlerine ula\u015f\u0131m, Rasuwagadhi\u2019yi Nepal\u2019in geri kalan\u0131na ba\u011flayan yollar ve k\u00f6pr\u00fclerdeki hasar nedeniyle zorla\u015ft\u0131. Nepal Polisi, ekiplerinin arama, tahliye, ceset \u00e7\u0131karma ve yard\u0131m operasyonlar\u0131 y\u00fcr\u00fctt\u00fc\u011f\u00fcn\u00fc belirtti. Yetkililer, risk alt\u0131ndaki b\u00f6lgelerdeki sakinlere, nehir kenarlar\u0131ndan ve dengesiz yama\u00e7lardan uzak durmalar\u0131n\u0131 tavsiye etti.<\/p>\n\n\n\n<figure class=\"wp-block-embed is-type-rich is-provider-x wp-block-embed-x\"><div class=\"wp-block-embed__wrapper\">\n<blockquote class=\"twitter-tweet\" data-width=\"550\" data-dnt=\"true\"><p lang=\"ne\" dir=\"ltr\">\u090f\u0915\u0905\u0930\u094d\u0915\u093e\u0932\u093e\u0908 \u0938\u0939\u092f\u094b\u0917 \u0917\u0930\u094c\u0902\u0964<br>\u0905\u092b\u0935\u093e\u0939\u092e\u093e \u0935\u093f\u0936\u094d\u0935\u093e\u0938 \u0928\u0917\u0930\u094c\u0902\u0964<a href=\"https:\/\/x.com\/hashtag\/%E0%A4%A8%E0%A5%87%E0%A4%AA%E0%A4%BE%E0%A4%B2%E0%A4%AA%E0%A5%8D%E0%A4%B0%E0%A4%B9%E0%A4%B0%E0%A5%80?src=hash&amp;ref_src=twsrc%5Etfw\">#\u0928\u0947\u092a\u093e\u0932\u092a\u094d\u0930\u0939\u0930\u0940<\/a> <a href=\"https:\/\/x.com\/hashtag\/ToServeandProtect?src=hash&amp;ref_src=twsrc%5Etfw\">#ToServeandProtect<\/a> <a href=\"https:\/\/x.com\/hashtag\/nepalpolice?src=hash&amp;ref_src=twsrc%5Etfw\">#nepalpolice<\/a> <a href=\"https:\/\/x.com\/hashtag\/RasuwaFlood?src=hash&amp;ref_src=twsrc%5Etfw\">#RasuwaFlood<\/a> <a href=\"https:\/\/t.co\/aA68NX4Rzq\">pic.twitter.com\/aA68NX4Rzq<\/a><\/p>&mdash; Nepal Police (@NepalPoliceHQ) <a href=\"https:\/\/x.com\/NepalPoliceHQ\/status\/2092599352284098938?ref_src=twsrc%5Etfw\">August 26, 2026<\/a><\/blockquote><script async src=\"https:\/\/platform.x.com\/widgets.js\" charset=\"utf-8\"><\/script>\n<\/div><\/figure>\n\n\n\n<h3 class=\"wp-block-heading\">Ya\u011fmurlar\u0131n Artmas\u0131 Kurtarma \u00c7al\u0131\u015fmalar\u0131n\u0131 Tehdit Ediyor<\/h3>\n\n\n\n<p>Anl\u0131k tehlike hen\u00fcz ge\u00e7medi. \u00c7in\u2019in Tibet b\u00f6lgesi, Gyirong \u0130l\u00e7esi\u2019ndeki meteoroloji yetkilileri, 30 A\u011fustos\u2019a kadar ya\u011fmurlar\u0131n devam edece\u011fini s\u00f6yledi. Bununla birlikte meteoroloji, baz\u0131 al\u00e7ak rak\u0131ml\u0131 b\u00f6lgelerde ya\u011f\u0131\u015flar\u0131n daha \u015fiddetli olaca\u011f\u0131n\u0131 \u00f6ng\u00f6r\u00fcyor.<\/p>\n\n\n\n<p>Yetkililer, ani seller, toprak kaymalar\u0131 ve heyelan riskinin devam etti\u011fine dair uyar\u0131 yay\u0131mlad\u0131. Meteoroloji yetkilileri ayr\u0131ca, kurtarma b\u00f6lgesi i\u00e7in tahminlerin her iki saatte bir g\u00fcncellendi\u011fini belirtti.<\/p>\n\n\n\n<p><em>Bu habere katk\u0131da bulunan: Dorothy Li \u00a0<\/em><\/p>\n\n\n\n<div class=\"wp-block-columns is-layout-flex wp-container-core-columns-is-layout-1 wp-block-columns-is-layout-flex\">\n<div class=\"wp-block-column is-layout-flow wp-block-column-is-layout-flow\"><\/div>\n<\/div>\n\n\n\n<p><em>Yazan: <\/em>Arthur Zhang, The Epoch Times<\/p>\n\n\n\n<p><em>\u00c7eviren: <\/em>Hatice Atmaca, The Epoch Times T\u00fcrkiye<\/p>\n","protected":false},"excerpt":{"rendered":"<p>Nepal-Tibet s\u0131n\u0131r\u0131n\u0131 vuran sel felaketinin ard\u0131ndan 1.400&#8217;den fazla ki\u015fi kay\u0131p, 300&#8217;den fazla ceset \u00e7\u0131kar\u0131ld\u0131. \u00c7in ve Nepal, 26 A\u011fustos&#8217;ta su, \u00e7amur ve kayalardan olu\u015fan bir sel dalgas\u0131n\u0131n Nepal-Tibet s\u0131n\u0131r b\u00f6lgesini yerle bir etti\u011fini duyurdu. Sel, evleri, yollar\u0131 ve k\u00f6pr\u00fcleri s\u00fcp\u00fcr\u00fcp Himalaya vadilerindeki yerle\u015fim yerlerini d\u0131\u015f d\u00fcnyadan kopard\u0131. Olaydan yakla\u015f\u0131k 24 saat sonra, yabanc\u0131 turistler d\u00e2hil [&hellip;]<\/p>\n","protected":false},"author":12379,"featured_media":171046,"comment_status":"open","ping_status":"open","sticky":false,"template":"","format":"standard","meta":{"_yoast_wpseo_focuskw":"Nepal - sel","_yoast_wpseo_title":"","_yoast_wpseo_metadesc":"Nepal-Tibet s\u0131n\u0131r\u0131n\u0131 vuran sel felaketinin ard\u0131ndan 1.400'den fazla ki\u015fi kay\u0131p, 300'den fazla ceset \u00e7\u0131kar\u0131ld\u0131.","_bbp_topic_count":0,"_bbp_reply_count":0,"_bbp_total_topic_count":0,"_bbp_total_reply_count":0,"_bbp_voice_count":0,"_bbp_anonymous_reply_count":0,"_bbp_topic_count_hidden":0,"_bbp_reply_count_hidden":0,"_bbp_forum_subforum_count":0,"footnotes":"","_yoast_wpseo_focuskw_text_input":""},"categories":[5,1,8138],"tags":[3875,12475,12478,170,12472,5529,12476,7937,12474,12473,403,1042,12477],"yoast_head":"<!-- This site is optimized with the Yoast SEO plugin v23.0 - https:\/\/yoast.com\/wordpress\/plugins\/seo\/ -->\n<title>Nepal-Tibet S\u0131n\u0131r\u0131nda Sel Felaketi: Binlerce Kay\u0131p Y\u00fczlerce \u00d6l\u00fc Var - The Epoch Times TR<\/title>\n<meta name=\"description\" content=\"Nepal-Tibet s\u0131n\u0131r\u0131n\u0131 vuran sel felaketinin ard\u0131ndan 1.400&#039;den fazla ki\u015fi kay\u0131p, 300&#039;den fazla ceset \u00e7\u0131kar\u0131ld\u0131.\" \/>\n<meta name=\"robots\" content=\"index, follow, max-snippet:-1, max-image-preview:large, max-video-preview:-1\" \/>\n<link rel=\"canonical\" href=\"https:\/\/epochtimestr.com\/index.php\/nepal-tibet-sinirinda-sel-felaketi-binlerce-kayip-yuzlerce-olu-var\" \/>\n<meta property=\"og:locale\" content=\"tr_TR\" \/>\n<meta property=\"og:type\" content=\"article\" \/>\n<meta property=\"og:title\" content=\"Nepal-Tibet S\u0131n\u0131r\u0131nda Sel Felaketi: Binlerce Kay\u0131p Y\u00fczlerce \u00d6l\u00fc Var - The Epoch Times TR\" \/>\n<meta property=\"og:description\" content=\"Nepal-Tibet s\u0131n\u0131r\u0131n\u0131 vuran sel felaketinin ard\u0131ndan 1.400&#039;den fazla ki\u015fi kay\u0131p, 300&#039;den fazla ceset \u00e7\u0131kar\u0131ld\u0131.\" \/>\n<meta property=\"og:url\" content=\"https:\/\/epochtimestr.com\/index.php\/nepal-tibet-sinirinda-sel-felaketi-binlerce-kayip-yuzlerce-olu-var\" \/>\n<meta property=\"og:site_name\" content=\"The Epoch Times TR\" \/>\n<meta property=\"article:publisher\" content=\"https:\/\/www.facebook.com\/theepochtimestr\" \/>\n<meta property=\"article:published_time\" content=\"2026-08-27T18:47:41+00:00\" \/>\n<meta property=\"article:modified_time\" content=\"2026-08-27T18:47:42+00:00\" \/>\n<meta property=\"og:image\" content=\"https:\/\/epochtimestr.com\/wp-content\/uploads\/2011y\/image-430.png\" \/>\n\t<meta property=\"og:image:width\" content=\"1024\" \/>\n\t<meta property=\"og:image:height\" content=\"683\" \/>\n\t<meta property=\"og:image:type\" content=\"image\/png\" \/>\n<meta name=\"author\" content=\"Hatice Atmaca\" \/>\n<meta name=\"twitter:card\" content=\"summary_large_image\" \/>\n<meta name=\"twitter:creator\" content=\"@TheEpochTimesTR\" \/>\n<meta name=\"twitter:site\" content=\"@TheEpochTimesTR\" \/>\n<meta name=\"twitter:label1\" content=\"Yazan:\" \/>\n\t<meta name=\"twitter:data1\" content=\"Hatice Atmaca\" \/>\n\t<meta name=\"twitter:label2\" content=\"Tahmini okuma s\u00fcresi\" \/>\n\t<meta name=\"twitter:data2\" content=\"7 dakika\" \/>\n<script type=\"application\/ld+json\" class=\"yoast-schema-graph\">{\"@context\":\"https:\/\/schema.org\",\"@graph\":[{\"@type\":\"Article\",\"@id\":\"https:\/\/epochtimestr.com\/index.php\/nepal-tibet-sinirinda-sel-felaketi-binlerce-kayip-yuzlerce-olu-var#article\",\"isPartOf\":{\"@id\":\"https:\/\/epochtimestr.com\/index.php\/nepal-tibet-sinirinda-sel-felaketi-binlerce-kayip-yuzlerce-olu-var\"},\"author\":{\"name\":\"Hatice Atmaca\",\"@id\":\"https:\/\/epochtimestr.com\/#\/schema\/person\/a515b4166e91977b7e9f483ceb142459\"},\"headline\":\"Nepal-Tibet S\u0131n\u0131r\u0131nda Sel Felaketi: Binlerce Kay\u0131p Y\u00fczlerce \u00d6l\u00fc Var\",\"datePublished\":\"2026-08-27T18:47:41+00:00\",\"dateModified\":\"2026-08-27T18:47:42+00:00\",\"mainEntityOfPage\":{\"@id\":\"https:\/\/epochtimestr.com\/index.php\/nepal-tibet-sinirinda-sel-felaketi-binlerce-kayip-yuzlerce-olu-var\"},\"wordCount\":1408,\"commentCount\":0,\"publisher\":{\"@id\":\"https:\/\/epochtimestr.com\/#organization\"},\"image\":{\"@id\":\"https:\/\/epochtimestr.com\/index.php\/nepal-tibet-sinirinda-sel-felaketi-binlerce-kayip-yuzlerce-olu-var#primaryimage\"},\"thumbnailUrl\":\"https:\/\/epochtimestr.com\/wp-content\/uploads\/2011y\/image-430.png\",\"keywords\":[\"afet\",\"ani sel\",\"buzul \u00e7\u00f6kmesi\",\"\u00c7in\",\"Gyirong\",\"heyelan\",\"Kathmandu\",\"Nepal\",\"Rasuwa\",\"Rasuwagadhi\",\"Tibet\",\"toprak kaymas\u0131\",\"USGS\"],\"articleSection\":[\"D\u00dcNYA\",\"G\u00dcNDEM\",\"MAN\u015eET\"],\"inLanguage\":\"tr\",\"potentialAction\":[{\"@type\":\"CommentAction\",\"name\":\"Comment\",\"target\":[\"https:\/\/epochtimestr.com\/index.php\/nepal-tibet-sinirinda-sel-felaketi-binlerce-kayip-yuzlerce-olu-var#respond\"]}]},{\"@type\":\"WebPage\",\"@id\":\"https:\/\/epochtimestr.com\/index.php\/nepal-tibet-sinirinda-sel-felaketi-binlerce-kayip-yuzlerce-olu-var\",\"url\":\"https:\/\/epochtimestr.com\/index.php\/nepal-tibet-sinirinda-sel-felaketi-binlerce-kayip-yuzlerce-olu-var\",\"name\":\"Nepal-Tibet S\u0131n\u0131r\u0131nda Sel Felaketi: Binlerce Kay\u0131p Y\u00fczlerce \u00d6l\u00fc Var - The Epoch Times TR\",\"isPartOf\":{\"@id\":\"https:\/\/epochtimestr.com\/#website\"},\"primaryImageOfPage\":{\"@id\":\"https:\/\/epochtimestr.com\/index.php\/nepal-tibet-sinirinda-sel-felaketi-binlerce-kayip-yuzlerce-olu-var#primaryimage\"},\"image\":{\"@id\":\"https:\/\/epochtimestr.com\/index.php\/nepal-tibet-sinirinda-sel-felaketi-binlerce-kayip-yuzlerce-olu-var#primaryimage\"},\"thumbnailUrl\":\"https:\/\/epochtimestr.com\/wp-content\/uploads\/2011y\/image-430.png\",\"datePublished\":\"2026-08-27T18:47:41+00:00\",\"dateModified\":\"2026-08-27T18:47:42+00:00\",\"description\":\"Nepal-Tibet s\u0131n\u0131r\u0131n\u0131 vuran sel felaketinin ard\u0131ndan 1.400'den fazla ki\u015fi kay\u0131p, 300'den fazla ceset \u00e7\u0131kar\u0131ld\u0131.\",\"inLanguage\":\"tr\",\"potentialAction\":[{\"@type\":\"ReadAction\",\"target\":[\"https:\/\/epochtimestr.com\/index.php\/nepal-tibet-sinirinda-sel-felaketi-binlerce-kayip-yuzlerce-olu-var\"]}]},{\"@type\":\"ImageObject\",\"inLanguage\":\"tr\",\"@id\":\"https:\/\/epochtimestr.com\/index.php\/nepal-tibet-sinirinda-sel-felaketi-binlerce-kayip-yuzlerce-olu-var#primaryimage\",\"url\":\"https:\/\/epochtimestr.com\/wp-content\/uploads\/2011y\/image-430.png\",\"contentUrl\":\"https:\/\/epochtimestr.com\/wp-content\/uploads\/2011y\/image-430.png\",\"width\":1024,\"height\":683},{\"@type\":\"WebSite\",\"@id\":\"https:\/\/epochtimestr.com\/#website\",\"url\":\"https:\/\/epochtimestr.com\/\",\"name\":\"The Epoch Times TR\",\"description\":\"De\u011fi\u015fen D\u00fcnyam\u0131za Taze Bir Bak\u0131\u015f\",\"publisher\":{\"@id\":\"https:\/\/epochtimestr.com\/#organization\"},\"potentialAction\":[{\"@type\":\"SearchAction\",\"target\":{\"@type\":\"EntryPoint\",\"urlTemplate\":\"https:\/\/epochtimestr.com\/?s={search_term_string}\"},\"query-input\":\"required name=search_term_string\"}],\"inLanguage\":\"tr\"},{\"@type\":\"Organization\",\"@id\":\"https:\/\/epochtimestr.com\/#organization\",\"name\":\"The EpochTimes T\u00fcrkiye\",\"url\":\"https:\/\/epochtimestr.com\/\",\"logo\":{\"@type\":\"ImageObject\",\"inLanguage\":\"tr\",\"@id\":\"https:\/\/epochtimestr.com\/#\/schema\/logo\/image\/\",\"url\":\"https:\/\/epochtimestr.com\/wp-content\/uploads\/2011y\/ET-Logo-YG.jpg\",\"contentUrl\":\"https:\/\/epochtimestr.com\/wp-content\/uploads\/2011y\/ET-Logo-YG.jpg\",\"width\":346,\"height\":29,\"caption\":\"The EpochTimes T\u00fcrkiye\"},\"image\":{\"@id\":\"https:\/\/epochtimestr.com\/#\/schema\/logo\/image\/\"},\"sameAs\":[\"https:\/\/www.facebook.com\/theepochtimestr\",\"https:\/\/x.com\/TheEpochTimesTR\",\"https:\/\/www.instagram.com\/epochtimestr\"]},{\"@type\":\"Person\",\"@id\":\"https:\/\/epochtimestr.com\/#\/schema\/person\/a515b4166e91977b7e9f483ceb142459\",\"name\":\"Hatice Atmaca\",\"image\":{\"@type\":\"ImageObject\",\"inLanguage\":\"tr\",\"@id\":\"https:\/\/epochtimestr.com\/#\/schema\/person\/image\/\",\"url\":\"https:\/\/secure.gravatar.com\/avatar\/dd49aabd0aeaecbc0ecbce954119ae42?s=96&d=mm&r=g\",\"contentUrl\":\"https:\/\/secure.gravatar.com\/avatar\/dd49aabd0aeaecbc0ecbce954119ae42?s=96&d=mm&r=g\",\"caption\":\"Hatice Atmaca\"},\"url\":\"https:\/\/epochtimestr.com\/index.php\/author\/hatice\"}]}<\/script>\n<!-- \/ Yoast SEO plugin. -->","yoast_head_json":{"title":"Nepal-Tibet S\u0131n\u0131r\u0131nda Sel Felaketi: Binlerce Kay\u0131p Y\u00fczlerce \u00d6l\u00fc Var - The Epoch Times TR","description":"Nepal-Tibet s\u0131n\u0131r\u0131n\u0131 vuran sel felaketinin ard\u0131ndan 1.400'den fazla ki\u015fi kay\u0131p, 300'den fazla ceset \u00e7\u0131kar\u0131ld\u0131.","robots":{"index":"index","follow":"follow","max-snippet":"max-snippet:-1","max-image-preview":"max-image-preview:large","max-video-preview":"max-video-preview:-1"},"canonical":"https:\/\/epochtimestr.com\/index.php\/nepal-tibet-sinirinda-sel-felaketi-binlerce-kayip-yuzlerce-olu-var","og_locale":"tr_TR","og_type":"article","og_title":"Nepal-Tibet S\u0131n\u0131r\u0131nda Sel Felaketi: Binlerce Kay\u0131p Y\u00fczlerce \u00d6l\u00fc Var - The Epoch Times TR","og_description":"Nepal-Tibet s\u0131n\u0131r\u0131n\u0131 vuran sel felaketinin ard\u0131ndan 1.400'den fazla ki\u015fi kay\u0131p, 300'den fazla ceset \u00e7\u0131kar\u0131ld\u0131.","og_url":"https:\/\/epochtimestr.com\/index.php\/nepal-tibet-sinirinda-sel-felaketi-binlerce-kayip-yuzlerce-olu-var","og_site_name":"The Epoch Times TR","article_publisher":"https:\/\/www.facebook.com\/theepochtimestr","article_published_time":"2026-08-27T18:47:41+00:00","article_modified_time":"2026-08-27T18:47:42+00:00","og_image":[{"width":1024,"height":683,"url":"https:\/\/epochtimestr.com\/wp-content\/uploads\/2011y\/image-430.png","type":"image\/png"}],"author":"Hatice Atmaca","twitter_card":"summary_large_image","twitter_creator":"@TheEpochTimesTR","twitter_site":"@TheEpochTimesTR","twitter_misc":{"Yazan:":"Hatice Atmaca","Tahmini okuma s\u00fcresi":"7 dakika"},"schema":{"@context":"https:\/\/schema.org","@graph":[{"@type":"Article","@id":"https:\/\/epochtimestr.com\/index.php\/nepal-tibet-sinirinda-sel-felaketi-binlerce-kayip-yuzlerce-olu-var#article","isPartOf":{"@id":"https:\/\/epochtimestr.com\/index.php\/nepal-tibet-sinirinda-sel-felaketi-binlerce-kayip-yuzlerce-olu-var"},"author":{"name":"Hatice Atmaca","@id":"https:\/\/epochtimestr.com\/#\/schema\/person\/a515b4166e91977b7e9f483ceb142459"},"headline":"Nepal-Tibet S\u0131n\u0131r\u0131nda Sel Felaketi: Binlerce Kay\u0131p Y\u00fczlerce \u00d6l\u00fc Var","datePublished":"2026-08-27T18:47:41+00:00","dateModified":"2026-08-27T18:47:42+00:00","mainEntityOfPage":{"@id":"https:\/\/epochtimestr.com\/index.php\/nepal-tibet-sinirinda-sel-felaketi-binlerce-kayip-yuzlerce-olu-var"},"wordCount":1408,"commentCount":0,"publisher":{"@id":"https:\/\/epochtimestr.com\/#organization"},"image":{"@id":"https:\/\/epochtimestr.com\/index.php\/nepal-tibet-sinirinda-sel-felaketi-binlerce-kayip-yuzlerce-olu-var#primaryimage"},"thumbnailUrl":"https:\/\/epochtimestr.com\/wp-content\/uploads\/2011y\/image-430.png","keywords":["afet","ani sel","buzul \u00e7\u00f6kmesi","\u00c7in","Gyirong","heyelan","Kathmandu","Nepal","Rasuwa","Rasuwagadhi","Tibet","toprak kaymas\u0131","USGS"],"articleSection":["D\u00dcNYA","G\u00dcNDEM","MAN\u015eET"],"inLanguage":"tr","potentialAction":[{"@type":"CommentAction","name":"Comment","target":["https:\/\/epochtimestr.com\/index.php\/nepal-tibet-sinirinda-sel-felaketi-binlerce-kayip-yuzlerce-olu-var#respond"]}]},{"@type":"WebPage","@id":"https:\/\/epochtimestr.com\/index.php\/nepal-tibet-sinirinda-sel-felaketi-binlerce-kayip-yuzlerce-olu-var","url":"https:\/\/epochtimestr.com\/index.php\/nepal-tibet-sinirinda-sel-felaketi-binlerce-kayip-yuzlerce-olu-var","name":"Nepal-Tibet S\u0131n\u0131r\u0131nda Sel Felaketi: Binlerce Kay\u0131p Y\u00fczlerce \u00d6l\u00fc Var - The Epoch Times TR","isPartOf":{"@id":"https:\/\/epochtimestr.com\/#website"},"primaryImageOfPage":{"@id":"https:\/\/epochtimestr.com\/index.php\/nepal-tibet-sinirinda-sel-felaketi-binlerce-kayip-yuzlerce-olu-var#primaryimage"},"image":{"@id":"https:\/\/epochtimestr.com\/index.php\/nepal-tibet-sinirinda-sel-felaketi-binlerce-kayip-yuzlerce-olu-var#primaryimage"},"thumbnailUrl":"https:\/\/epochtimestr.com\/wp-content\/uploads\/2011y\/image-430.png","datePublished":"2026-08-27T18:47:41+00:00","dateModified":"2026-08-27T18:47:42+00:00","description":"Nepal-Tibet s\u0131n\u0131r\u0131n\u0131 vuran sel felaketinin ard\u0131ndan 1.400'den fazla ki\u015fi kay\u0131p, 300'den fazla ceset \u00e7\u0131kar\u0131ld\u0131.","inLanguage":"tr","potentialAction":[{"@type":"ReadAction","target":["https:\/\/epochtimestr.com\/index.php\/nepal-tibet-sinirinda-sel-felaketi-binlerce-kayip-yuzlerce-olu-var"]}]},{"@type":"ImageObject","inLanguage":"tr","@id":"https:\/\/epochtimestr.com\/index.php\/nepal-tibet-sinirinda-sel-felaketi-binlerce-kayip-yuzlerce-olu-var#primaryimage","url":"https:\/\/epochtimestr.com\/wp-content\/uploads\/2011y\/image-430.png","contentUrl":"https:\/\/epochtimestr.com\/wp-content\/uploads\/2011y\/image-430.png","width":1024,"height":683},{"@type":"WebSite","@id":"https:\/\/epochtimestr.com\/#website","url":"https:\/\/epochtimestr.com\/","name":"The Epoch Times TR","description":"De\u011fi\u015fen D\u00fcnyam\u0131za Taze Bir Bak\u0131\u015f","publisher":{"@id":"https:\/\/epochtimestr.com\/#organization"},"potentialAction":[{"@type":"SearchAction","target":{"@type":"EntryPoint","urlTemplate":"https:\/\/epochtimestr.com\/?s={search_term_string}"},"query-input":"required name=search_term_string"}],"inLanguage":"tr"},{"@type":"Organization","@id":"https:\/\/epochtimestr.com\/#organization","name":"The EpochTimes T\u00fcrkiye","url":"https:\/\/epochtimestr.com\/","logo":{"@type":"ImageObject","inLanguage":"tr","@id":"https:\/\/epochtimestr.com\/#\/schema\/logo\/image\/","url":"https:\/\/epochtimestr.com\/wp-content\/uploads\/2011y\/ET-Logo-YG.jpg","contentUrl":"https:\/\/epochtimestr.com\/wp-content\/uploads\/2011y\/ET-Logo-YG.jpg","width":346,"height":29,"caption":"The EpochTimes T\u00fcrkiye"},"image":{"@id":"https:\/\/epochtimestr.com\/#\/schema\/logo\/image\/"},"sameAs":["https:\/\/www.facebook.com\/theepochtimestr","https:\/\/x.com\/TheEpochTimesTR","https:\/\/www.instagram.com\/epochtimestr"]},{"@type":"Person","@id":"https:\/\/epochtimestr.com\/#\/schema\/person\/a515b4166e91977b7e9f483ceb142459","name":"Hatice Atmaca","image":{"@type":"ImageObject","inLanguage":"tr","@id":"https:\/\/epochtimestr.com\/#\/schema\/person\/image\/","url":"https:\/\/secure.gravatar.com\/avatar\/dd49aabd0aeaecbc0ecbce954119ae42?s=96&d=mm&r=g","contentUrl":"https:\/\/secure.gravatar.com\/avatar\/dd49aabd0aeaecbc0ecbce954119ae42?s=96&d=mm&r=g","caption":"Hatice Atmaca"},"url":"https:\/\/epochtimestr.com\/index.php\/author\/hatice"}]}},"_links":{"self":[{"href":"https:\/\/epochtimestr.com\/index.php\/wp-json\/wp\/v2\/posts\/171039"}],"collection":[{"href":"https:\/\/epochtimestr.com\/index.php\/wp-json\/wp\/v2\/posts"}],"about":[{"href":"https:\/\/epochtimestr.com\/index.php\/wp-json\/wp\/v2\/types\/post"}],"author":[{"embeddable":true,"href":"https:\/\/epochtimestr.com\/index.php\/wp-json\/wp\/v2\/users\/12379"}],"replies":[{"embeddable":true,"href":"https:\/\/epochtimestr.com\/index.php\/wp-json\/wp\/v2\/comments?post=171039"}],"version-history":[{"count":1,"href":"https:\/\/epochtimestr.com\/index.php\/wp-json\/wp\/v2\/posts\/171039\/revisions"}],"predecessor-version":[{"id":171047,"href":"https:\/\/epochtimestr.com\/index.php\/wp-json\/wp\/v2\/posts\/171039\/revisions\/171047"}],"wp:featuredmedia":[{"embeddable":true,"href":"https:\/\/epochtimestr.com\/index.php\/wp-json\/wp\/v2\/media\/171046"}],"wp:attachment":[{"href":"https:\/\/epochtimestr.com\/index.php\/wp-json\/wp\/v2\/media?parent=171039"}],"wp:term":[{"taxonomy":"category","embeddable":true,"href":"https:\/\/epochtimestr.com\/index.php\/wp-json\/wp\/v2\/categories?post=171039"},{"taxonomy":"post_tag","embeddable":true,"href":"https:\/\/epochtimestr.com\/index.php\/wp-json\/wp\/v2\/tags?post=171039"}],"curies":[{"name":"wp","href":"https:\/\/api.w.org\/{rel}","templated":true}]}}