{"id":171040,"date":"2026-08-27T21:55:46","date_gmt":"2026-08-27T18:55:46","guid":{"rendered":"https:\/\/epochtimestr.com\/?p=171040"},"modified":"2026-08-27T21:55:48","modified_gmt":"2026-08-27T18:55:48","slug":"istanbulda-14-eylulde-toplu-ulasim-ucretsiz-olacak","status":"publish","type":"post","link":"https:\/\/epochtimestr.com\/index.php\/istanbulda-14-eylulde-toplu-ulasim-ucretsiz-olacak","title":{"rendered":"\u0130stanbul&#8217;da 14 Eyl\u00fcl&#8217;de Toplu Ula\u015f\u0131m \u00dccretsiz Olacak"},"content":{"rendered":"<div class=\"wp-block-image\">\n<figure class=\"aligncenter size-full\"><img loading=\"lazy\" decoding=\"async\" width=\"1280\" height=\"853\" src=\"https:\/\/epochtimestr.com\/wp-content\/uploads\/2011y\/traffic-7272520_1280.jpg\" alt=\"\u0130stanbul'da 14 Eyl\u00fcl'de Toplu Ula\u015f\u0131m \u00dccretsiz Olacak (G\u00f6rsel: shivaphotographyy, Pixabay)\" class=\"wp-image-171041\" srcset=\"https:\/\/epochtimestr.com\/wp-content\/uploads\/2011y\/traffic-7272520_1280.jpg 1280w, https:\/\/epochtimestr.com\/wp-content\/uploads\/2011y\/traffic-7272520_1280-300x200.jpg 300w, https:\/\/epochtimestr.com\/wp-content\/uploads\/2011y\/traffic-7272520_1280-150x100.jpg 150w, https:\/\/epochtimestr.com\/wp-content\/uploads\/2011y\/traffic-7272520_1280-768x512.jpg 768w\" sizes=\"(max-width: 1280px) 100vw, 1280px\" \/><figcaption class=\"wp-element-caption\">\u0130stanbul&#8217;da 14 Eyl\u00fcl&#8217;de Toplu Ula\u015f\u0131m \u00dccretsiz Olacak (G\u00f6rsel: shivaphotographyy, Pixabay)<\/figcaption><\/figure><\/div>\n\n\n<h2 class=\"wp-block-heading\">\u0130stanbul\u2019da okullar\u0131n a\u00e7\u0131ld\u0131\u011f\u0131 ilk g\u00fcn ya\u015fanmas\u0131 beklenen trafik yo\u011funlu\u011funu azaltmak amac\u0131yla toplu ula\u015f\u0131m \u00fccretsiz olacak.<\/h2>\n\n\n\n<p>\u0130stanbul B\u00fcy\u00fck\u015fehir Belediyesi (\u0130BB) Ula\u015f\u0131m Koordinasyon Merkezi (<a href=\"https:\/\/epochtimestr.com\/index.php\/ibbden-9uncu-kez-ukomeye-taksi-teklifi\" target=\"_blank\" rel=\"noreferrer noopener\">UKOME<\/a>) A\u011fustos ay\u0131 toplant\u0131s\u0131, \u0130BB Genel Sekreter Yard\u0131mc\u0131s\u0131 Pelin Alpk\u00f6kin ba\u015fkanl\u0131\u011f\u0131nda Ey\u00fcpsultan\u2019daki Afet Koordinasyon Merkezi\u2019nde (AKOM) yap\u0131ld\u0131.<\/p>\n\n\n\n<p>Toplant\u0131da, kurumlar\u0131n ortak eylem plan\u0131 kapsam\u0131nda 2026-2027 e\u011fitim \u00f6\u011fretim y\u0131l\u0131n\u0131n ilk g\u00fcnlerinde al\u0131nacak \u00f6nlemler ele al\u0131nd\u0131. Toplant\u0131da ayr\u0131ca \u0130BB, \u0130l Milli E\u011fitim M\u00fcd\u00fcrl\u00fc\u011f\u00fc, \u0130l Emniyet M\u00fcd\u00fcrl\u00fc\u011f\u00fc, \u0130l Jandarma Komutanl\u0131\u011f\u0131 ve \u0130l Sa\u011fl\u0131k M\u00fcd\u00fcrl\u00fc\u011f\u00fc taraf\u0131ndan haz\u0131rlanan ortak eylem plan\u0131 da konu\u015fuldu.<\/p>\n\n\n\n<p><strong>&#8220;Okul servislerine y\u00f6nelik denetimler ger\u00e7ekle\u015ftirilecek.&#8221;<\/strong><\/p>\n\n\n\n<p>\u0130stanbul\u2019da okullar\u0131n a\u00e7\u0131laca\u011f\u0131 14 Eyl\u00fcl pazartesi g\u00fcn\u00fc, bilet entegrasyonuna dahil toplu <a href=\"https:\/\/epochtimestr.com\/index.php\/istanbulda-toplu-ulasima-yuzde-10-zam-yapildi\" target=\"_blank\" rel=\"noreferrer noopener\">ula\u015f\u0131m<\/a> ara\u00e7lar\u0131 06.00-16.00 saatleri aras\u0131nda \u00fccretsiz olacak. \u0130stanbul genelinde 808 noktada bin 496 ekip ve 3 bin 151 personel g\u00f6rev yapacak. Okul servislerine y\u00f6nelik denetimler ger\u00e7ekle\u015ftirilecek.<\/p>\n\n\n\n<p>Ula\u015f\u0131m Daire Ba\u015fkanl\u0131\u011f\u0131 Trafik \u015eube M\u00fcd\u00fcrl\u00fc\u011f\u00fc taraf\u0131ndan bu y\u0131l ocak ay\u0131nda ba\u015flat\u0131lan sinyalizasyon bak\u0131m, onar\u0131m, y\u0131kama ve programlama i\u015flemleri, okullar\u0131n a\u00e7\u0131l\u0131\u015f tarihine kadar tamamlanacak.<\/p>\n\n\n\n<p><strong>&#8220;\u015eof\u00f6rlerin Toplu Ta\u015f\u0131ma Arac\u0131 Kullan\u0131m Belgeleri de \u0130BB&#8217;nin ilgili sistemi \u00fczerinden kontrol edilecek.&#8221;<\/strong><\/p>\n\n\n\n<p>Okul servislerinin g\u00fcvenli \u015fekilde \u00e7al\u0131\u015fmas\u0131 i\u00e7in \u00f6\u011frencilerin adres ve ileti\u015fim bilgilerinin okul m\u00fcd\u00fcrl\u00fcklerinden temin edilerek g\u00fczergahlar\u0131n belirlenmesi planlan\u0131yor. Servis ara\u00e7lar\u0131, \u015fof\u00f6rler ve rehber personelin ilgili mevzuata uygun \u00e7al\u0131\u015fmas\u0131 i\u00e7in bilgilendirme yap\u0131lacak. \u015eof\u00f6rlerin Toplu Ta\u015f\u0131ma Arac\u0131 Kullan\u0131m Belgeleri de \u0130BB&#8217;nin ilgili sistemi \u00fczerinden kontrol edilecek.<\/p>\n\n\n\n<p>Servislerde ta\u015f\u0131ma s\u0131n\u0131r\u0131n\u0131n \u00fczerinde \u00f6\u011frenci ta\u015f\u0131nmamas\u0131 ve \u00f6\u011frencilerin belirlenen indirme-bindirme noktalar\u0131 d\u0131\u015f\u0131nda ara\u00e7tan indirilmemesi sa\u011flanacak. \u0130stanbul Emniyet M\u00fcd\u00fcrl\u00fc\u011f\u00fc, 808 noktada 1496 ekip ve 3 bin 151 personel, 569 \u00c7ocuk \u015eube M\u00fcd\u00fcrl\u00fc\u011f\u00fc ekibi, 47 Mobil Okul Timi ve 331 ekipten olu\u015fan yo\u011funla\u015ft\u0131r\u0131lm\u0131\u015f g\u00fcvenlik uygulamas\u0131 yapacak.<\/p>\n\n\n\n<h3 class=\"wp-block-heading\">&#8220;Okul \u00e7evrelerinde \u00e7e\u015fitli yol ve trafik d\u00fczenlemeleri ger\u00e7ekle\u015ftirilecek.&#8221;<\/h3>\n\n\n\n<p>Trafik g\u00fcvenli\u011finin art\u0131r\u0131lmas\u0131 amac\u0131yla okul \u00e7evrelerinde \u00e7e\u015fitli yol ve trafik d\u00fczenlemeleri de ger\u00e7ekle\u015ftirilecek. 478 noktada 309 ekip, 177 motosikletli ve 39 yayadan olu\u015fan toplam 866 personel g\u00f6rev alacak. Ayr\u0131ca maddi hasarl\u0131 kazalara 33 \u00e7ekiciyle m\u00fcdahale edilmesi, okul \u00e7evrelerindeki \u00f6nemli kav\u015faklarda 10 ekip ile okul \u00f6n\u00fc ve \u00e7evrelerinde 100 yunus ekibinin g\u00f6revlendirilmesi planlan\u0131yor.<\/p>\n\n\n\n<p>\u0130l Jandarma Komutanl\u0131\u011f\u0131 da sorumluluk alanlar\u0131ndaki okullar\u0131n \u00f6nleri ve yak\u0131nlar\u0131nda trafik, emniyet ve asayi\u015f tedbirleri alacak. Trafik g\u00fcvenli\u011fi a\u00e7\u0131s\u0131ndan \u00f6nem ta\u015f\u0131yan okullarda trafik jandarmas\u0131 ekipleri g\u00f6rev yapacak, okul servis ara\u00e7lar\u0131 ve servis \u015fof\u00f6rlerinin kontrolleri okul \u00f6nlerinde ve g\u00fczergahlarda ger\u00e7ekle\u015ftirilecek.<\/p>\n\n\n\n<p>\u0130BB Zab\u0131ta Daire Ba\u015fkanl\u0131\u011f\u0131nca da 111 ekipteki 231 zab\u0131ta personelinin aktif olarak okullarda g\u00f6rev yapmas\u0131, trafi\u011fin yo\u011fun oldu\u011fu kav\u015faklarda 8 \u00e7ekici arac\u0131n\u0131n hizmet vermesi ve sabah-ak\u015fam saatlerinde trafik denetimi ile y\u00f6nlendirmelerin yap\u0131lmas\u0131 planlan\u0131yor.<\/p>\n\n\n\n<p><strong>&#8220;Yol bak\u0131m ve altyap\u0131 \u00e7al\u0131\u015fmalar\u0131 kapsam\u0131nda okullar\u0131n a\u00e7\u0131ld\u0131\u011f\u0131 hafta \u015fantiyelerde \u00e7al\u0131\u015fma yap\u0131lmayacak.&#8221;<\/strong><\/p>\n\n\n\n<p>Yol bak\u0131m ve altyap\u0131 \u00e7al\u0131\u015fmalar\u0131 kapsam\u0131nda okullar\u0131n a\u00e7\u0131ld\u0131\u011f\u0131 hafta \u015fantiyelerde \u00e7al\u0131\u015fma yap\u0131lmayacak. Mevcut \u00e7al\u0131\u015fmalar\u0131n okul a\u00e7\u0131l\u0131\u015f\u0131 \u00f6ncesinde tamamlanmas\u0131, trafik sirk\u00fclasyonunu etkileyebilecek ana arterlerdeki malzeme ve benzeri unsurlar\u0131n kald\u0131r\u0131lmas\u0131, hasar g\u00f6ren altyap\u0131lara an\u0131nda m\u00fcdahale edilmesi planlan\u0131yor. Devam etmesi zorunlu \u00e7al\u0131\u015fmalar\u0131n ise 22.00-05.00 saatlerinde gece vardiyas\u0131nda s\u00fcrd\u00fcr\u00fclmesi, acil durumlar i\u00e7in 7 g\u00fcn 24 saat n\u00f6bet\u00e7i ekip bulundurulmas\u0131 \u00f6ng\u00f6r\u00fcl\u00fcyor. Trafik \u015eube M\u00fcd\u00fcrl\u00fc\u011f\u00fcnce haz\u0131rlanan &#8220;Ben Duyarl\u0131 S\u00fcr\u00fcc\u00fcy\u00fcm&#8221; levhalar\u0131 da sinyal direklerine bir hafta s\u00fcreyle as\u0131lacak.<\/p>\n\n\n\n<p>E\u011fitim \u00f6\u011fretim y\u0131l\u0131n\u0131n ba\u015flamas\u0131yla \u0130BB ve e\u011fitimle ilgili kurumlar\u0131n Ula\u015f\u0131m Y\u00f6netim Merkezi (UYM) ve AKOM&#8217;da saat 07.00 itibar\u0131yla toplanarak \u00fc\u00e7 g\u00fcn boyunca g\u00f6rev yapmas\u0131 planlan\u0131yor. Ayr\u0131ca okul \u00e7evrelerindeki yaya ge\u00e7itlerinin d\u00fc\u015fey i\u015faretlerinin bak\u0131m ve onar\u0131mlar\u0131, e\u011fitim \u00f6\u011fretim d\u00f6nemi ba\u015flamadan \u00f6nce bitirilecek.<\/p>\n\n\n\n<p>Bu s\u00fcre\u00e7te kent i\u00e7i trafik kameralar\u0131ndan \u0130stanbul trafi\u011fi izlenecek ve yo\u011funluk olu\u015fan arterlere ilgili birimlerin h\u0131zl\u0131 \u015fekilde m\u00fcdahale etmesi sa\u011flanacak.<\/p>\n\n\n\n<h3 class=\"wp-block-heading\">&#8220;Adalar&#8217;daki tescil s\u00fcresi dolan elektrikli ara\u00e7larda s\u00fcre uzat\u0131m\u0131 yap\u0131lmayacak.&#8221;<\/h3>\n\n\n\n<p>Toplant\u0131da, Toplu Ula\u015f\u0131m Hizmetleri \u015eube M\u00fcd\u00fcrl\u00fc\u011f\u00fcn\u00fcn Adalar&#8217;da elektrikli ara\u00e7lar\u0131n 30 Temmuz&#8217;da dolan tescil s\u00fcresinin 30 Eyl\u00fcl 2027&#8217;ye kadar uzat\u0131lmas\u0131 teklifi de konu\u015fuldu. Ula\u015ft\u0131rma ve Altyap\u0131 Bakanl\u0131\u011f\u0131 1. B\u00f6lge M\u00fcd\u00fcr\u00fc Serdar Y\u00fccel, yakla\u015f\u0131k 6 y\u0131ld\u0131r bu ara\u00e7lar\u0131n tescillerinin UKOME karar\u0131 ile uzat\u0131ld\u0131\u011f\u0131n\u0131 hat\u0131rlatarak, g\u00f6r\u00fc\u015flerinin bundan sonraki zaman i\u00e7in tescilin uzat\u0131lmamas\u0131 y\u00f6n\u00fcnde oldu\u011funu ifade etti.<br \/>Toplam 60 elektrikli arac\u0131n tescil s\u00fcresinin uzat\u0131lmas\u0131n\u0131 i\u00e7eren teklif, oy \u00e7oklu\u011fuyla reddedildi. <\/p>\n\n\n\n<p>Ayr\u0131ca toplant\u0131da, Milli E\u011fitim Bakanl\u0131\u011f\u0131nda g\u00f6revli personele \u0130BB Personel Kart kapsam\u0131nda d\u00fczenleme yap\u0131lmas\u0131 teklifi oy birli\u011fiyle kabul edildi.<\/p>\n","protected":false},"excerpt":{"rendered":"<p>\u0130stanbul\u2019da okullar\u0131n a\u00e7\u0131ld\u0131\u011f\u0131 ilk g\u00fcn ya\u015fanmas\u0131 beklenen trafik yo\u011funlu\u011funu azaltmak amac\u0131yla toplu ula\u015f\u0131m \u00fccretsiz olacak. \u0130stanbul B\u00fcy\u00fck\u015fehir Belediyesi (\u0130BB) Ula\u015f\u0131m Koordinasyon Merkezi (UKOME) A\u011fustos ay\u0131 toplant\u0131s\u0131, \u0130BB Genel Sekreter Yard\u0131mc\u0131s\u0131 Pelin Alpk\u00f6kin ba\u015fkanl\u0131\u011f\u0131nda Ey\u00fcpsultan\u2019daki Afet Koordinasyon Merkezi\u2019nde (AKOM) yap\u0131ld\u0131. Toplant\u0131da, kurumlar\u0131n ortak eylem plan\u0131 kapsam\u0131nda 2026-2027 e\u011fitim \u00f6\u011fretim y\u0131l\u0131n\u0131n ilk g\u00fcnlerinde al\u0131nacak \u00f6nlemler ele al\u0131nd\u0131. [&hellip;]<\/p>\n","protected":false},"author":12791,"featured_media":171041,"comment_status":"open","ping_status":"open","sticky":false,"template":"","format":"standard","meta":{"_yoast_wpseo_focuskw":"toplu ula\u015f\u0131m","_yoast_wpseo_title":"","_yoast_wpseo_metadesc":"\u0130stanbul\u2019da okullar\u0131n a\u00e7\u0131ld\u0131\u011f\u0131 ilk g\u00fcn ya\u015fanmas\u0131 beklenen trafik yo\u011funlu\u011funu azaltmak amac\u0131yla toplu ula\u015f\u0131m \u00fccretsiz olacak.","_bbp_topic_count":0,"_bbp_reply_count":0,"_bbp_total_topic_count":0,"_bbp_total_reply_count":0,"_bbp_voice_count":0,"_bbp_anonymous_reply_count":0,"_bbp_topic_count_hidden":0,"_bbp_reply_count_hidden":0,"_bbp_forum_subforum_count":0,"footnotes":"","_yoast_wpseo_focuskw_text_input":""},"categories":[1,8138,8419],"tags":[5006,7348,4277,7612,7231],"yoast_head":"<!-- This site is optimized with the Yoast SEO plugin v23.0 - https:\/\/yoast.com\/wordpress\/plugins\/seo\/ -->\n<title>\u0130stanbul&#039;da 14 Eyl\u00fcl&#039;de Toplu Ula\u015f\u0131m \u00dccretsiz Olacak - The Epoch Times TR<\/title>\n<meta name=\"description\" content=\"\u0130stanbul\u2019da okullar\u0131n a\u00e7\u0131ld\u0131\u011f\u0131 ilk g\u00fcn ya\u015fanmas\u0131 beklenen trafik yo\u011funlu\u011funu azaltmak amac\u0131yla toplu ula\u015f\u0131m \u00fccretsiz olacak.\" \/>\n<meta name=\"robots\" content=\"index, follow, max-snippet:-1, max-image-preview:large, max-video-preview:-1\" \/>\n<link rel=\"canonical\" href=\"https:\/\/epochtimestr.com\/index.php\/istanbulda-14-eylulde-toplu-ulasim-ucretsiz-olacak\" \/>\n<meta property=\"og:locale\" content=\"tr_TR\" \/>\n<meta property=\"og:type\" content=\"article\" \/>\n<meta property=\"og:title\" content=\"\u0130stanbul&#039;da 14 Eyl\u00fcl&#039;de Toplu Ula\u015f\u0131m \u00dccretsiz Olacak - The Epoch Times TR\" \/>\n<meta property=\"og:description\" content=\"\u0130stanbul\u2019da okullar\u0131n a\u00e7\u0131ld\u0131\u011f\u0131 ilk g\u00fcn ya\u015fanmas\u0131 beklenen trafik yo\u011funlu\u011funu azaltmak amac\u0131yla toplu ula\u015f\u0131m \u00fccretsiz olacak.\" \/>\n<meta property=\"og:url\" content=\"https:\/\/epochtimestr.com\/index.php\/istanbulda-14-eylulde-toplu-ulasim-ucretsiz-olacak\" \/>\n<meta property=\"og:site_name\" content=\"The Epoch Times TR\" \/>\n<meta property=\"article:publisher\" content=\"https:\/\/www.facebook.com\/theepochtimestr\" \/>\n<meta property=\"article:published_time\" content=\"2026-08-27T18:55:46+00:00\" \/>\n<meta property=\"article:modified_time\" content=\"2026-08-27T18:55:48+00:00\" \/>\n<meta property=\"og:image\" content=\"https:\/\/epochtimestr.com\/wp-content\/uploads\/2011y\/traffic-7272520_1280.jpg\" \/>\n\t<meta property=\"og:image:width\" content=\"1280\" \/>\n\t<meta property=\"og:image:height\" content=\"853\" \/>\n\t<meta property=\"og:image:type\" content=\"image\/jpeg\" \/>\n<meta name=\"author\" content=\"Haber Merkezi\" \/>\n<meta name=\"twitter:card\" content=\"summary_large_image\" \/>\n<meta name=\"twitter:creator\" content=\"@TheEpochTimesTR\" \/>\n<meta name=\"twitter:site\" content=\"@TheEpochTimesTR\" \/>\n<meta name=\"twitter:label1\" content=\"Yazan:\" \/>\n\t<meta name=\"twitter:data1\" content=\"Haber Merkezi\" \/>\n\t<meta name=\"twitter:label2\" content=\"Tahmini okuma s\u00fcresi\" \/>\n\t<meta name=\"twitter:data2\" content=\"5 dakika\" \/>\n<script type=\"application\/ld+json\" class=\"yoast-schema-graph\">{\"@context\":\"https:\/\/schema.org\",\"@graph\":[{\"@type\":\"Article\",\"@id\":\"https:\/\/epochtimestr.com\/index.php\/istanbulda-14-eylulde-toplu-ulasim-ucretsiz-olacak#article\",\"isPartOf\":{\"@id\":\"https:\/\/epochtimestr.com\/index.php\/istanbulda-14-eylulde-toplu-ulasim-ucretsiz-olacak\"},\"author\":{\"name\":\"Haber Merkezi\",\"@id\":\"https:\/\/epochtimestr.com\/#\/schema\/person\/3dc5c3adeb9f43923c5aa85889172fdd\"},\"headline\":\"\u0130stanbul&#8217;da 14 Eyl\u00fcl&#8217;de Toplu Ula\u015f\u0131m \u00dccretsiz Olacak\",\"datePublished\":\"2026-08-27T18:55:46+00:00\",\"dateModified\":\"2026-08-27T18:55:48+00:00\",\"mainEntityOfPage\":{\"@id\":\"https:\/\/epochtimestr.com\/index.php\/istanbulda-14-eylulde-toplu-ulasim-ucretsiz-olacak\"},\"wordCount\":905,\"commentCount\":0,\"publisher\":{\"@id\":\"https:\/\/epochtimestr.com\/#organization\"},\"image\":{\"@id\":\"https:\/\/epochtimestr.com\/index.php\/istanbulda-14-eylulde-toplu-ulasim-ucretsiz-olacak#primaryimage\"},\"thumbnailUrl\":\"https:\/\/epochtimestr.com\/wp-content\/uploads\/2011y\/traffic-7272520_1280.jpg\",\"keywords\":[\"\u0130BB\",\"\u0130stanbul\",\"okul\",\"ukome\",\"ula\u015f\u0131m\"],\"articleSection\":[\"G\u00dcNDEM\",\"MAN\u015eET\",\"Ya\u015fam\"],\"inLanguage\":\"tr\",\"potentialAction\":[{\"@type\":\"CommentAction\",\"name\":\"Comment\",\"target\":[\"https:\/\/epochtimestr.com\/index.php\/istanbulda-14-eylulde-toplu-ulasim-ucretsiz-olacak#respond\"]}]},{\"@type\":\"WebPage\",\"@id\":\"https:\/\/epochtimestr.com\/index.php\/istanbulda-14-eylulde-toplu-ulasim-ucretsiz-olacak\",\"url\":\"https:\/\/epochtimestr.com\/index.php\/istanbulda-14-eylulde-toplu-ulasim-ucretsiz-olacak\",\"name\":\"\u0130stanbul'da 14 Eyl\u00fcl'de Toplu Ula\u015f\u0131m \u00dccretsiz Olacak - The Epoch Times TR\",\"isPartOf\":{\"@id\":\"https:\/\/epochtimestr.com\/#website\"},\"primaryImageOfPage\":{\"@id\":\"https:\/\/epochtimestr.com\/index.php\/istanbulda-14-eylulde-toplu-ulasim-ucretsiz-olacak#primaryimage\"},\"image\":{\"@id\":\"https:\/\/epochtimestr.com\/index.php\/istanbulda-14-eylulde-toplu-ulasim-ucretsiz-olacak#primaryimage\"},\"thumbnailUrl\":\"https:\/\/epochtimestr.com\/wp-content\/uploads\/2011y\/traffic-7272520_1280.jpg\",\"datePublished\":\"2026-08-27T18:55:46+00:00\",\"dateModified\":\"2026-08-27T18:55:48+00:00\",\"description\":\"\u0130stanbul\u2019da okullar\u0131n a\u00e7\u0131ld\u0131\u011f\u0131 ilk g\u00fcn ya\u015fanmas\u0131 beklenen trafik yo\u011funlu\u011funu azaltmak amac\u0131yla toplu ula\u015f\u0131m \u00fccretsiz olacak.\",\"inLanguage\":\"tr\",\"potentialAction\":[{\"@type\":\"ReadAction\",\"target\":[\"https:\/\/epochtimestr.com\/index.php\/istanbulda-14-eylulde-toplu-ulasim-ucretsiz-olacak\"]}]},{\"@type\":\"ImageObject\",\"inLanguage\":\"tr\",\"@id\":\"https:\/\/epochtimestr.com\/index.php\/istanbulda-14-eylulde-toplu-ulasim-ucretsiz-olacak#primaryimage\",\"url\":\"https:\/\/epochtimestr.com\/wp-content\/uploads\/2011y\/traffic-7272520_1280.jpg\",\"contentUrl\":\"https:\/\/epochtimestr.com\/wp-content\/uploads\/2011y\/traffic-7272520_1280.jpg\",\"width\":1280,\"height\":853},{\"@type\":\"WebSite\",\"@id\":\"https:\/\/epochtimestr.com\/#website\",\"url\":\"https:\/\/epochtimestr.com\/\",\"name\":\"The Epoch Times TR\",\"description\":\"De\u011fi\u015fen D\u00fcnyam\u0131za Taze Bir Bak\u0131\u015f\",\"publisher\":{\"@id\":\"https:\/\/epochtimestr.com\/#organization\"},\"potentialAction\":[{\"@type\":\"SearchAction\",\"target\":{\"@type\":\"EntryPoint\",\"urlTemplate\":\"https:\/\/epochtimestr.com\/?s={search_term_string}\"},\"query-input\":\"required name=search_term_string\"}],\"inLanguage\":\"tr\"},{\"@type\":\"Organization\",\"@id\":\"https:\/\/epochtimestr.com\/#organization\",\"name\":\"The EpochTimes T\u00fcrkiye\",\"url\":\"https:\/\/epochtimestr.com\/\",\"logo\":{\"@type\":\"ImageObject\",\"inLanguage\":\"tr\",\"@id\":\"https:\/\/epochtimestr.com\/#\/schema\/logo\/image\/\",\"url\":\"https:\/\/epochtimestr.com\/wp-content\/uploads\/2011y\/ET-Logo-YG.jpg\",\"contentUrl\":\"https:\/\/epochtimestr.com\/wp-content\/uploads\/2011y\/ET-Logo-YG.jpg\",\"width\":346,\"height\":29,\"caption\":\"The EpochTimes T\u00fcrkiye\"},\"image\":{\"@id\":\"https:\/\/epochtimestr.com\/#\/schema\/logo\/image\/\"},\"sameAs\":[\"https:\/\/www.facebook.com\/theepochtimestr\",\"https:\/\/x.com\/TheEpochTimesTR\",\"https:\/\/www.instagram.com\/epochtimestr\"]},{\"@type\":\"Person\",\"@id\":\"https:\/\/epochtimestr.com\/#\/schema\/person\/3dc5c3adeb9f43923c5aa85889172fdd\",\"name\":\"Haber Merkezi\",\"image\":{\"@type\":\"ImageObject\",\"inLanguage\":\"tr\",\"@id\":\"https:\/\/epochtimestr.com\/#\/schema\/person\/image\/\",\"url\":\"https:\/\/secure.gravatar.com\/avatar\/d73f772ba5a74f28601361e17c2f93e6?s=96&d=mm&r=g\",\"contentUrl\":\"https:\/\/secure.gravatar.com\/avatar\/d73f772ba5a74f28601361e17c2f93e6?s=96&d=mm&r=g\",\"caption\":\"Haber Merkezi\"},\"url\":\"https:\/\/epochtimestr.com\/index.php\/author\/sendag\"}]}<\/script>\n<!-- \/ Yoast SEO plugin. -->","yoast_head_json":{"title":"\u0130stanbul'da 14 Eyl\u00fcl'de Toplu Ula\u015f\u0131m \u00dccretsiz Olacak - The Epoch Times TR","description":"\u0130stanbul\u2019da okullar\u0131n a\u00e7\u0131ld\u0131\u011f\u0131 ilk g\u00fcn ya\u015fanmas\u0131 beklenen trafik yo\u011funlu\u011funu azaltmak amac\u0131yla toplu ula\u015f\u0131m \u00fccretsiz olacak.","robots":{"index":"index","follow":"follow","max-snippet":"max-snippet:-1","max-image-preview":"max-image-preview:large","max-video-preview":"max-video-preview:-1"},"canonical":"https:\/\/epochtimestr.com\/index.php\/istanbulda-14-eylulde-toplu-ulasim-ucretsiz-olacak","og_locale":"tr_TR","og_type":"article","og_title":"\u0130stanbul'da 14 Eyl\u00fcl'de Toplu Ula\u015f\u0131m \u00dccretsiz Olacak - The Epoch Times TR","og_description":"\u0130stanbul\u2019da okullar\u0131n a\u00e7\u0131ld\u0131\u011f\u0131 ilk g\u00fcn ya\u015fanmas\u0131 beklenen trafik yo\u011funlu\u011funu azaltmak amac\u0131yla toplu ula\u015f\u0131m \u00fccretsiz olacak.","og_url":"https:\/\/epochtimestr.com\/index.php\/istanbulda-14-eylulde-toplu-ulasim-ucretsiz-olacak","og_site_name":"The Epoch Times TR","article_publisher":"https:\/\/www.facebook.com\/theepochtimestr","article_published_time":"2026-08-27T18:55:46+00:00","article_modified_time":"2026-08-27T18:55:48+00:00","og_image":[{"width":1280,"height":853,"url":"https:\/\/epochtimestr.com\/wp-content\/uploads\/2011y\/traffic-7272520_1280.jpg","type":"image\/jpeg"}],"author":"Haber Merkezi","twitter_card":"summary_large_image","twitter_creator":"@TheEpochTimesTR","twitter_site":"@TheEpochTimesTR","twitter_misc":{"Yazan:":"Haber Merkezi","Tahmini okuma s\u00fcresi":"5 dakika"},"schema":{"@context":"https:\/\/schema.org","@graph":[{"@type":"Article","@id":"https:\/\/epochtimestr.com\/index.php\/istanbulda-14-eylulde-toplu-ulasim-ucretsiz-olacak#article","isPartOf":{"@id":"https:\/\/epochtimestr.com\/index.php\/istanbulda-14-eylulde-toplu-ulasim-ucretsiz-olacak"},"author":{"name":"Haber Merkezi","@id":"https:\/\/epochtimestr.com\/#\/schema\/person\/3dc5c3adeb9f43923c5aa85889172fdd"},"headline":"\u0130stanbul&#8217;da 14 Eyl\u00fcl&#8217;de Toplu Ula\u015f\u0131m \u00dccretsiz Olacak","datePublished":"2026-08-27T18:55:46+00:00","dateModified":"2026-08-27T18:55:48+00:00","mainEntityOfPage":{"@id":"https:\/\/epochtimestr.com\/index.php\/istanbulda-14-eylulde-toplu-ulasim-ucretsiz-olacak"},"wordCount":905,"commentCount":0,"publisher":{"@id":"https:\/\/epochtimestr.com\/#organization"},"image":{"@id":"https:\/\/epochtimestr.com\/index.php\/istanbulda-14-eylulde-toplu-ulasim-ucretsiz-olacak#primaryimage"},"thumbnailUrl":"https:\/\/epochtimestr.com\/wp-content\/uploads\/2011y\/traffic-7272520_1280.jpg","keywords":["\u0130BB","\u0130stanbul","okul","ukome","ula\u015f\u0131m"],"articleSection":["G\u00dcNDEM","MAN\u015eET","Ya\u015fam"],"inLanguage":"tr","potentialAction":[{"@type":"CommentAction","name":"Comment","target":["https:\/\/epochtimestr.com\/index.php\/istanbulda-14-eylulde-toplu-ulasim-ucretsiz-olacak#respond"]}]},{"@type":"WebPage","@id":"https:\/\/epochtimestr.com\/index.php\/istanbulda-14-eylulde-toplu-ulasim-ucretsiz-olacak","url":"https:\/\/epochtimestr.com\/index.php\/istanbulda-14-eylulde-toplu-ulasim-ucretsiz-olacak","name":"\u0130stanbul'da 14 Eyl\u00fcl'de Toplu Ula\u015f\u0131m \u00dccretsiz Olacak - The Epoch Times TR","isPartOf":{"@id":"https:\/\/epochtimestr.com\/#website"},"primaryImageOfPage":{"@id":"https:\/\/epochtimestr.com\/index.php\/istanbulda-14-eylulde-toplu-ulasim-ucretsiz-olacak#primaryimage"},"image":{"@id":"https:\/\/epochtimestr.com\/index.php\/istanbulda-14-eylulde-toplu-ulasim-ucretsiz-olacak#primaryimage"},"thumbnailUrl":"https:\/\/epochtimestr.com\/wp-content\/uploads\/2011y\/traffic-7272520_1280.jpg","datePublished":"2026-08-27T18:55:46+00:00","dateModified":"2026-08-27T18:55:48+00:00","description":"\u0130stanbul\u2019da okullar\u0131n a\u00e7\u0131ld\u0131\u011f\u0131 ilk g\u00fcn ya\u015fanmas\u0131 beklenen trafik yo\u011funlu\u011funu azaltmak amac\u0131yla toplu ula\u015f\u0131m \u00fccretsiz olacak.","inLanguage":"tr","potentialAction":[{"@type":"ReadAction","target":["https:\/\/epochtimestr.com\/index.php\/istanbulda-14-eylulde-toplu-ulasim-ucretsiz-olacak"]}]},{"@type":"ImageObject","inLanguage":"tr","@id":"https:\/\/epochtimestr.com\/index.php\/istanbulda-14-eylulde-toplu-ulasim-ucretsiz-olacak#primaryimage","url":"https:\/\/epochtimestr.com\/wp-content\/uploads\/2011y\/traffic-7272520_1280.jpg","contentUrl":"https:\/\/epochtimestr.com\/wp-content\/uploads\/2011y\/traffic-7272520_1280.jpg","width":1280,"height":853},{"@type":"WebSite","@id":"https:\/\/epochtimestr.com\/#website","url":"https:\/\/epochtimestr.com\/","name":"The Epoch Times TR","description":"De\u011fi\u015fen D\u00fcnyam\u0131za Taze Bir Bak\u0131\u015f","publisher":{"@id":"https:\/\/epochtimestr.com\/#organization"},"potentialAction":[{"@type":"SearchAction","target":{"@type":"EntryPoint","urlTemplate":"https:\/\/epochtimestr.com\/?s={search_term_string}"},"query-input":"required name=search_term_string"}],"inLanguage":"tr"},{"@type":"Organization","@id":"https:\/\/epochtimestr.com\/#organization","name":"The EpochTimes T\u00fcrkiye","url":"https:\/\/epochtimestr.com\/","logo":{"@type":"ImageObject","inLanguage":"tr","@id":"https:\/\/epochtimestr.com\/#\/schema\/logo\/image\/","url":"https:\/\/epochtimestr.com\/wp-content\/uploads\/2011y\/ET-Logo-YG.jpg","contentUrl":"https:\/\/epochtimestr.com\/wp-content\/uploads\/2011y\/ET-Logo-YG.jpg","width":346,"height":29,"caption":"The EpochTimes T\u00fcrkiye"},"image":{"@id":"https:\/\/epochtimestr.com\/#\/schema\/logo\/image\/"},"sameAs":["https:\/\/www.facebook.com\/theepochtimestr","https:\/\/x.com\/TheEpochTimesTR","https:\/\/www.instagram.com\/epochtimestr"]},{"@type":"Person","@id":"https:\/\/epochtimestr.com\/#\/schema\/person\/3dc5c3adeb9f43923c5aa85889172fdd","name":"Haber Merkezi","image":{"@type":"ImageObject","inLanguage":"tr","@id":"https:\/\/epochtimestr.com\/#\/schema\/person\/image\/","url":"https:\/\/secure.gravatar.com\/avatar\/d73f772ba5a74f28601361e17c2f93e6?s=96&d=mm&r=g","contentUrl":"https:\/\/secure.gravatar.com\/avatar\/d73f772ba5a74f28601361e17c2f93e6?s=96&d=mm&r=g","caption":"Haber Merkezi"},"url":"https:\/\/epochtimestr.com\/index.php\/author\/sendag"}]}},"_links":{"self":[{"href":"https:\/\/epochtimestr.com\/index.php\/wp-json\/wp\/v2\/posts\/171040"}],"collection":[{"href":"https:\/\/epochtimestr.com\/index.php\/wp-json\/wp\/v2\/posts"}],"about":[{"href":"https:\/\/epochtimestr.com\/index.php\/wp-json\/wp\/v2\/types\/post"}],"author":[{"embeddable":true,"href":"https:\/\/epochtimestr.com\/index.php\/wp-json\/wp\/v2\/users\/12791"}],"replies":[{"embeddable":true,"href":"https:\/\/epochtimestr.com\/index.php\/wp-json\/wp\/v2\/comments?post=171040"}],"version-history":[{"count":2,"href":"https:\/\/epochtimestr.com\/index.php\/wp-json\/wp\/v2\/posts\/171040\/revisions"}],"predecessor-version":[{"id":171051,"href":"https:\/\/epochtimestr.com\/index.php\/wp-json\/wp\/v2\/posts\/171040\/revisions\/171051"}],"wp:featuredmedia":[{"embeddable":true,"href":"https:\/\/epochtimestr.com\/index.php\/wp-json\/wp\/v2\/media\/171041"}],"wp:attachment":[{"href":"https:\/\/epochtimestr.com\/index.php\/wp-json\/wp\/v2\/media?parent=171040"}],"wp:term":[{"taxonomy":"category","embeddable":true,"href":"https:\/\/epochtimestr.com\/index.php\/wp-json\/wp\/v2\/categories?post=171040"},{"taxonomy":"post_tag","embeddable":true,"href":"https:\/\/epochtimestr.com\/index.php\/wp-json\/wp\/v2\/tags?post=171040"}],"curies":[{"name":"wp","href":"https:\/\/api.w.org\/{rel}","templated":true}]}}