{"id":171043,"date":"2026-08-27T22:02:46","date_gmt":"2026-08-27T19:02:46","guid":{"rendered":"https:\/\/epochtimestr.com\/?p=171043"},"modified":"2026-08-27T22:02:48","modified_gmt":"2026-08-27T19:02:48","slug":"mansur-yavastan-chpde-siyaset-yapacak-iddiasina-yalanlama","status":"publish","type":"post","link":"https:\/\/epochtimestr.com\/index.php\/mansur-yavastan-chpde-siyaset-yapacak-iddiasina-yalanlama","title":{"rendered":"Mansur Yava\u015f&#8217;tan &#8220;CHP&#8217;de siyaset yapacak&#8221; \u0130ddias\u0131na Yalanlama"},"content":{"rendered":"<div class=\"wp-block-image\">\n<figure class=\"aligncenter size-full\"><img loading=\"lazy\" decoding=\"async\" width=\"1500\" height=\"945\" src=\"https:\/\/epochtimestr.com\/wp-content\/uploads\/2011y\/mansur-yavas-1.webp\" alt=\"Mansur Yava\u015f'tan ''CHP'de siyaset yapacak&quot; iddias\u0131na yalanlama (Foto\u011fraf: ABB web sitesi)\" class=\"wp-image-171044\" srcset=\"https:\/\/epochtimestr.com\/wp-content\/uploads\/2011y\/mansur-yavas-1.webp 1500w, https:\/\/epochtimestr.com\/wp-content\/uploads\/2011y\/mansur-yavas-1-300x189.webp 300w, https:\/\/epochtimestr.com\/wp-content\/uploads\/2011y\/mansur-yavas-1-150x95.webp 150w, https:\/\/epochtimestr.com\/wp-content\/uploads\/2011y\/mansur-yavas-1-768x484.webp 768w\" sizes=\"(max-width: 1500px) 100vw, 1500px\" \/><figcaption class=\"wp-element-caption\">Mansur Yava\u015f&#8217;tan &#8221;CHP&#8217;de siyaset yapacak&#8221; iddias\u0131na yalanlama (Foto\u011fraf: ABB web sitesi)<\/figcaption><\/figure><\/div>\n\n\n<h2 class=\"wp-block-heading\">CHP S\u00f6zc\u00fcs\u00fc M\u00fcslim Sar\u0131, Ankara B\u00fcy\u00fck\u015fehir Belediye Ba\u015fkan\u0131 Mansur Yava\u015f&#8217;\u0131n CHP&#8217;den ayr\u0131larak Yeni Parti&#8217;ye ge\u00e7ece\u011fi y\u00f6n\u00fcndeki iddialara ili\u015fkin konu\u015ftu.<\/h2>\n\n\n\n<p>Ankara B\u00fcy\u00fck\u015fehir Belediye Ba\u015fkan\u0131 <a href=\"https:\/\/epochtimestr.com\/index.php\/mansur-yavas-iyi-partiye-gececegi-iddialarina-yanit-verdi\" target=\"_blank\" rel=\"noreferrer noopener\">Mansur Yava\u015f<\/a>\u2019\u0131n siyasi gelece\u011fine ili\u015fkin tart\u0131\u015fmalara yan\u0131t geldi. Ankara B\u00fcy\u00fck\u015fehir Belediyesi (ABB) Bas\u0131n Birimi&#8217;nden yap\u0131lan a\u00e7\u0131klamada &#8220;Say\u0131n Mansur Yava\u015f ile Say\u0131n M\u00fcslim Sar\u0131 aras\u0131nda, Yava\u015f\u2019\u0131n siyasi gelece\u011fine veya herhangi bir siyasi karar\u0131na ili\u015fkin bir g\u00f6r\u00fc\u015fme ger\u00e7ekle\u015fmemi\u015ftir. Say\u0131n Yava\u015f\u2019\u0131n kendi a\u011fz\u0131ndan yap\u0131lmam\u0131\u015f hi\u00e7bir a\u00e7\u0131klama, kendisi ad\u0131na verilmi\u015f bir karar veya al\u0131nm\u0131\u015f bir tutum olarak de\u011ferlendirilmemelidir&#8221; denildi.<\/p>\n\n\n\n<p><strong>Yap\u0131lan a\u00e7\u0131klamada:<\/strong><br \/>Yava\u015f ile Sar\u0131 aras\u0131nda Yava\u015f\u2019\u0131n siyasi gelece\u011fi veya herhangi bir siyasi karar\u0131na ili\u015fkin g\u00f6r\u00fc\u015fme ger\u00e7ekle\u015fmedi\u011fi belirtildi. Yava\u015f\u2019\u0131n \u015fu a\u015famadaki \u00f6nceli\u011finin Ankara B\u00fcy\u00fck\u015fehir Belediye Meclisi\u2019ndeki dengeler ile belediye hizmetlerinin kesintisiz s\u00fcrd\u00fcr\u00fclmesi oldu\u011fu ifade edildi.<\/p>\n\n\n\n<p><strong>&#8220;Yava\u015f\u2019\u0131n<\/strong> <strong>siyasi gelece\u011finin tart\u0131\u015fmalar\u0131n i\u00e7ine \u00e7ekilmesini do\u011fru bulmuyoruz<\/strong>.&#8221;<\/p>\n\n\n\n<p>A\u00e7\u0131klamada, Ankara B\u00fcy\u00fck\u015fehir Belediyesi\u2019ne y\u00f6nelik operasyon yap\u0131laca\u011f\u0131 ve Belediye Meclisi\u2019ndeki dengelerin de\u011fi\u015ftirilerek y\u00f6netimin AKP\u2019ye ge\u00e7ece\u011fi y\u00f6n\u00fcndeki iddialara dikkat \u00e7ekildi.<\/p>\n\n\n\n<p>Belediye Meclisi\u2019nde bo\u015falan g\u00f6revler i\u00e7in \u00f6n\u00fcm\u00fczdeki g\u00fcnlerde se\u00e7im yap\u0131laca\u011f\u0131 belirtilerek \u015fu ifadeler kullan\u0131ld\u0131:<\/p>\n\n\n\n<p>\u201cAnkara B\u00fcy\u00fck\u015fehir Belediye Ba\u015fkan\u0131 Mansur Yava\u015f\u2019\u0131n \u015fu a\u015famadaki \u00f6nceli\u011fi, Ankara B\u00fcy\u00fck\u015fehir Belediye Meclisi\u2019ndeki dengeler ve Ankara\u2019ya hizmetlerin kesintisiz bi\u00e7imde s\u00fcrd\u00fcr\u00fclmesidir. Belediye Meclisi\u2019nde bo\u015falan g\u00f6revler i\u00e7in \u00f6n\u00fcm\u00fczdeki g\u00fcnlerde se\u00e7imler yap\u0131lacakt\u0131r. Bu s\u00fcre\u00e7te ortak iradenin korunmas\u0131, birlik ve beraberlik i\u00e7erisinde hareket edilmesi b\u00fcy\u00fck \u00f6nem ta\u015f\u0131maktad\u0131r.<\/p>\n\n\n\n<p>\u00d6zellikle son g\u00fcnlerde Ankara B\u00fcy\u00fck\u015fehir Belediyesi\u2019ne y\u00f6nelik bir operasyon yap\u0131laca\u011f\u0131 ve Belediye Meclisi\u2019ndeki dengelerin de\u011fi\u015ftirilerek belediye y\u00f6netiminin AK Parti\u2019ye ge\u00e7ece\u011fi y\u00f6n\u00fcnde birtak\u0131m \u00e7evrelerce a\u00e7\u0131k\u00e7a iddialar dile getirilirken; hen\u00fcz ortada ba\u015flam\u0131\u015f bir se\u00e7im s\u00fcreci dahi yokken Say\u0131n Yava\u015f\u2019\u0131n siyasi gelece\u011finin tart\u0131\u015fmalar\u0131n i\u00e7ine \u00e7ekilmesini do\u011fru bulmuyoruz.\u201d<\/p>\n\n\n\n<h3 class=\"wp-block-heading\">&#8220;Gerekli g\u00f6rd\u00fc\u011f\u00fcmde bizzat benden duyars\u0131n\u0131z.&#8221;<\/h3>\n\n\n\n<p>Yava\u015f\u2019\u0131n siyasi gelece\u011fine ili\u015fkin tutumunu daha \u00f6nce de a\u00e7\u0131klad\u0131\u011f\u0131 hat\u0131rlat\u0131larak, herhangi bir karar\u0131n do\u011frudan kendisi taraf\u0131ndan duyurulaca\u011f\u0131 vurguland\u0131:<\/p>\n\n\n\n<p>\u201cSay\u0131n Yava\u015f bu konudaki tutumunu daha \u00f6nce de bir\u00e7ok kez a\u00e7\u0131k\u00e7a ifade etmi\u015f, \u2018Gerekli g\u00f6rd\u00fc\u011f\u00fcmde a\u00e7\u0131klamay\u0131 bizzat benden duyars\u0131n\u0131z\u2019 demi\u015ftir. Bug\u00fcn de ayn\u0131 noktadad\u0131r. Say\u0131n Yava\u015f\u2019\u0131n kendi a\u011fz\u0131ndan yap\u0131lmam\u0131\u015f hi\u00e7bir a\u00e7\u0131klama, kendisi ad\u0131na verilmi\u015f bir karar veya al\u0131nm\u0131\u015f bir tutum olarak de\u011ferlendirilmemelidir.\u201d<\/p>\n\n\n\n<p><strong>Ne olmu\u015ftu?<\/strong><\/p>\n\n\n\n<p>CHP Merkez Y\u00f6netim Kurulu (MYK) ve Parti Meclisi (PM) toplant\u0131lar\u0131n\u0131n ard\u0131ndan CHP S\u00f6zc\u00fcs\u00fc M\u00fcslim Sar\u0131, Yava\u015f\u2019\u0131n CHP\u2019de kalaca\u011f\u0131n\u0131 belirterek \u015fu ifadeleri kullanm\u0131\u015ft\u0131:<\/p>\n\n\n\n<p>&#8220;Mansur beyle ilgili konuya bir kere daha a\u00e7\u0131kl\u0131k getireyim; bunu defalarca s\u00f6yledim. \u015eimdi Mansur Bey, Cumhuriyet Halk Partisi\u2019nin siyaseti i\u00e7inde, siyasal kimli\u011finin ve kurumsal kimli\u011finin i\u00e7inde siyaset yapmaya karar vermi\u015f durumdad\u0131r. Dolay\u0131s\u0131yla ondan ba\u015fka bir a\u00e7\u0131klama duymad\u0131k\u00e7a bunu b\u00f6yle kabul etmek gerekir. Biz kendisiyle g\u00f6r\u00fc\u015f\u00fcyoruz. Ben yerel y\u00f6netimlerden sorumlu genel ba\u015fkan yard\u0131mc\u0131s\u0131 olarak g\u00f6r\u00fc\u015f\u00fcyorum, say\u0131n genel ba\u015fkan g\u00f6r\u00fc\u015f\u00fcyor, MYK\u2019m\u0131zdan ba\u015fka arkada\u015flar\u0131m\u0131z g\u00f6r\u00fc\u015f\u00fcyor. S\u00fcrekli bir isti\u015fare h\u00e2lindeyiz, ileti\u015fim halindeyiz. Aram\u0131zda hi\u00e7bir sorun ve problem yok.\u201d<\/p>\n","protected":false},"excerpt":{"rendered":"<p>CHP S\u00f6zc\u00fcs\u00fc M\u00fcslim Sar\u0131, Ankara B\u00fcy\u00fck\u015fehir Belediye Ba\u015fkan\u0131 Mansur Yava\u015f&#8217;\u0131n CHP&#8217;den ayr\u0131larak Yeni Parti&#8217;ye ge\u00e7ece\u011fi y\u00f6n\u00fcndeki iddialara ili\u015fkin konu\u015ftu. Ankara B\u00fcy\u00fck\u015fehir Belediye Ba\u015fkan\u0131 Mansur Yava\u015f\u2019\u0131n siyasi gelece\u011fine ili\u015fkin tart\u0131\u015fmalara yan\u0131t geldi. Ankara B\u00fcy\u00fck\u015fehir Belediyesi (ABB) Bas\u0131n Birimi&#8217;nden yap\u0131lan a\u00e7\u0131klamada &#8220;Say\u0131n Mansur Yava\u015f ile Say\u0131n M\u00fcslim Sar\u0131 aras\u0131nda, Yava\u015f\u2019\u0131n siyasi gelece\u011fine veya herhangi bir siyasi karar\u0131na [&hellip;]<\/p>\n","protected":false},"author":12791,"featured_media":171044,"comment_status":"open","ping_status":"open","sticky":false,"template":"","format":"standard","meta":{"_yoast_wpseo_focuskw":"mansur","_yoast_wpseo_title":"","_yoast_wpseo_metadesc":"CHP S\u00f6zc\u00fcs\u00fc M\u00fcslim Sar\u0131, ABB Ba\u015fkan\u0131 Mansur Yava\u015f'\u0131n CHP'den ayr\u0131larak Yeni Parti'ye ge\u00e7ece\u011fi y\u00f6n\u00fcndeki iddialara ili\u015fkin konu\u015ftu.","_bbp_topic_count":0,"_bbp_reply_count":0,"_bbp_total_topic_count":0,"_bbp_total_reply_count":0,"_bbp_voice_count":0,"_bbp_anonymous_reply_count":0,"_bbp_topic_count_hidden":0,"_bbp_reply_count_hidden":0,"_bbp_forum_subforum_count":0,"footnotes":"","_yoast_wpseo_focuskw_text_input":""},"categories":[1,8138,8226],"tags":[8582,583,7628,11859],"yoast_head":"<!-- This site is optimized with the Yoast SEO plugin v23.0 - https:\/\/yoast.com\/wordpress\/plugins\/seo\/ -->\n<title>Mansur Yava\u015f&#039;tan &quot;CHP&#039;de siyaset yapacak&quot; \u0130ddias\u0131na Yalanlama - The Epoch Times TR<\/title>\n<meta name=\"description\" content=\"CHP S\u00f6zc\u00fcs\u00fc M\u00fcslim Sar\u0131, ABB Ba\u015fkan\u0131 Mansur Yava\u015f&#039;\u0131n CHP&#039;den ayr\u0131larak Yeni Parti&#039;ye ge\u00e7ece\u011fi y\u00f6n\u00fcndeki iddialara ili\u015fkin konu\u015ftu.\" \/>\n<meta name=\"robots\" content=\"index, follow, max-snippet:-1, max-image-preview:large, max-video-preview:-1\" \/>\n<link rel=\"canonical\" href=\"https:\/\/epochtimestr.com\/index.php\/mansur-yavastan-chpde-siyaset-yapacak-iddiasina-yalanlama\" \/>\n<meta property=\"og:locale\" content=\"tr_TR\" \/>\n<meta property=\"og:type\" content=\"article\" \/>\n<meta property=\"og:title\" content=\"Mansur Yava\u015f&#039;tan &quot;CHP&#039;de siyaset yapacak&quot; \u0130ddias\u0131na Yalanlama - The Epoch Times TR\" \/>\n<meta property=\"og:description\" content=\"CHP S\u00f6zc\u00fcs\u00fc M\u00fcslim Sar\u0131, ABB Ba\u015fkan\u0131 Mansur Yava\u015f&#039;\u0131n CHP&#039;den ayr\u0131larak Yeni Parti&#039;ye ge\u00e7ece\u011fi y\u00f6n\u00fcndeki iddialara ili\u015fkin konu\u015ftu.\" \/>\n<meta property=\"og:url\" content=\"https:\/\/epochtimestr.com\/index.php\/mansur-yavastan-chpde-siyaset-yapacak-iddiasina-yalanlama\" \/>\n<meta property=\"og:site_name\" content=\"The Epoch Times TR\" \/>\n<meta property=\"article:publisher\" content=\"https:\/\/www.facebook.com\/theepochtimestr\" \/>\n<meta property=\"article:published_time\" content=\"2026-08-27T19:02:46+00:00\" \/>\n<meta property=\"article:modified_time\" content=\"2026-08-27T19:02:48+00:00\" \/>\n<meta property=\"og:image\" content=\"https:\/\/epochtimestr.com\/wp-content\/uploads\/2011y\/mansur-yavas-1.webp\" \/>\n\t<meta property=\"og:image:width\" content=\"1500\" \/>\n\t<meta property=\"og:image:height\" content=\"945\" \/>\n\t<meta property=\"og:image:type\" content=\"image\/webp\" \/>\n<meta name=\"author\" content=\"Haber Merkezi\" \/>\n<meta name=\"twitter:card\" content=\"summary_large_image\" \/>\n<meta name=\"twitter:creator\" content=\"@TheEpochTimesTR\" \/>\n<meta name=\"twitter:site\" content=\"@TheEpochTimesTR\" \/>\n<meta name=\"twitter:label1\" content=\"Yazan:\" \/>\n\t<meta name=\"twitter:data1\" content=\"Haber Merkezi\" \/>\n\t<meta name=\"twitter:label2\" content=\"Tahmini okuma s\u00fcresi\" \/>\n\t<meta name=\"twitter:data2\" content=\"3 dakika\" \/>\n<script type=\"application\/ld+json\" class=\"yoast-schema-graph\">{\"@context\":\"https:\/\/schema.org\",\"@graph\":[{\"@type\":\"Article\",\"@id\":\"https:\/\/epochtimestr.com\/index.php\/mansur-yavastan-chpde-siyaset-yapacak-iddiasina-yalanlama#article\",\"isPartOf\":{\"@id\":\"https:\/\/epochtimestr.com\/index.php\/mansur-yavastan-chpde-siyaset-yapacak-iddiasina-yalanlama\"},\"author\":{\"name\":\"Haber Merkezi\",\"@id\":\"https:\/\/epochtimestr.com\/#\/schema\/person\/3dc5c3adeb9f43923c5aa85889172fdd\"},\"headline\":\"Mansur Yava\u015f&#8217;tan &#8220;CHP&#8217;de siyaset yapacak&#8221; \u0130ddias\u0131na Yalanlama\",\"datePublished\":\"2026-08-27T19:02:46+00:00\",\"dateModified\":\"2026-08-27T19:02:48+00:00\",\"mainEntityOfPage\":{\"@id\":\"https:\/\/epochtimestr.com\/index.php\/mansur-yavastan-chpde-siyaset-yapacak-iddiasina-yalanlama\"},\"wordCount\":688,\"commentCount\":0,\"publisher\":{\"@id\":\"https:\/\/epochtimestr.com\/#organization\"},\"image\":{\"@id\":\"https:\/\/epochtimestr.com\/index.php\/mansur-yavastan-chpde-siyaset-yapacak-iddiasina-yalanlama#primaryimage\"},\"thumbnailUrl\":\"https:\/\/epochtimestr.com\/wp-content\/uploads\/2011y\/mansur-yavas-1.webp\",\"keywords\":[\"ABB\",\"CHP\",\"mansur yava\u015f\",\"M\u00fcslim Sar\u0131\"],\"articleSection\":[\"G\u00dcNDEM\",\"MAN\u015eET\",\"Siyaset\"],\"inLanguage\":\"tr\",\"potentialAction\":[{\"@type\":\"CommentAction\",\"name\":\"Comment\",\"target\":[\"https:\/\/epochtimestr.com\/index.php\/mansur-yavastan-chpde-siyaset-yapacak-iddiasina-yalanlama#respond\"]}]},{\"@type\":\"WebPage\",\"@id\":\"https:\/\/epochtimestr.com\/index.php\/mansur-yavastan-chpde-siyaset-yapacak-iddiasina-yalanlama\",\"url\":\"https:\/\/epochtimestr.com\/index.php\/mansur-yavastan-chpde-siyaset-yapacak-iddiasina-yalanlama\",\"name\":\"Mansur Yava\u015f'tan \\\"CHP'de siyaset yapacak\\\" \u0130ddias\u0131na Yalanlama - The Epoch Times TR\",\"isPartOf\":{\"@id\":\"https:\/\/epochtimestr.com\/#website\"},\"primaryImageOfPage\":{\"@id\":\"https:\/\/epochtimestr.com\/index.php\/mansur-yavastan-chpde-siyaset-yapacak-iddiasina-yalanlama#primaryimage\"},\"image\":{\"@id\":\"https:\/\/epochtimestr.com\/index.php\/mansur-yavastan-chpde-siyaset-yapacak-iddiasina-yalanlama#primaryimage\"},\"thumbnailUrl\":\"https:\/\/epochtimestr.com\/wp-content\/uploads\/2011y\/mansur-yavas-1.webp\",\"datePublished\":\"2026-08-27T19:02:46+00:00\",\"dateModified\":\"2026-08-27T19:02:48+00:00\",\"description\":\"CHP S\u00f6zc\u00fcs\u00fc M\u00fcslim Sar\u0131, ABB Ba\u015fkan\u0131 Mansur Yava\u015f'\u0131n CHP'den ayr\u0131larak Yeni Parti'ye ge\u00e7ece\u011fi y\u00f6n\u00fcndeki iddialara ili\u015fkin konu\u015ftu.\",\"inLanguage\":\"tr\",\"potentialAction\":[{\"@type\":\"ReadAction\",\"target\":[\"https:\/\/epochtimestr.com\/index.php\/mansur-yavastan-chpde-siyaset-yapacak-iddiasina-yalanlama\"]}]},{\"@type\":\"ImageObject\",\"inLanguage\":\"tr\",\"@id\":\"https:\/\/epochtimestr.com\/index.php\/mansur-yavastan-chpde-siyaset-yapacak-iddiasina-yalanlama#primaryimage\",\"url\":\"https:\/\/epochtimestr.com\/wp-content\/uploads\/2011y\/mansur-yavas-1.webp\",\"contentUrl\":\"https:\/\/epochtimestr.com\/wp-content\/uploads\/2011y\/mansur-yavas-1.webp\",\"width\":1500,\"height\":945},{\"@type\":\"WebSite\",\"@id\":\"https:\/\/epochtimestr.com\/#website\",\"url\":\"https:\/\/epochtimestr.com\/\",\"name\":\"The Epoch Times TR\",\"description\":\"De\u011fi\u015fen D\u00fcnyam\u0131za Taze Bir Bak\u0131\u015f\",\"publisher\":{\"@id\":\"https:\/\/epochtimestr.com\/#organization\"},\"potentialAction\":[{\"@type\":\"SearchAction\",\"target\":{\"@type\":\"EntryPoint\",\"urlTemplate\":\"https:\/\/epochtimestr.com\/?s={search_term_string}\"},\"query-input\":\"required name=search_term_string\"}],\"inLanguage\":\"tr\"},{\"@type\":\"Organization\",\"@id\":\"https:\/\/epochtimestr.com\/#organization\",\"name\":\"The EpochTimes T\u00fcrkiye\",\"url\":\"https:\/\/epochtimestr.com\/\",\"logo\":{\"@type\":\"ImageObject\",\"inLanguage\":\"tr\",\"@id\":\"https:\/\/epochtimestr.com\/#\/schema\/logo\/image\/\",\"url\":\"https:\/\/epochtimestr.com\/wp-content\/uploads\/2011y\/ET-Logo-YG.jpg\",\"contentUrl\":\"https:\/\/epochtimestr.com\/wp-content\/uploads\/2011y\/ET-Logo-YG.jpg\",\"width\":346,\"height\":29,\"caption\":\"The EpochTimes T\u00fcrkiye\"},\"image\":{\"@id\":\"https:\/\/epochtimestr.com\/#\/schema\/logo\/image\/\"},\"sameAs\":[\"https:\/\/www.facebook.com\/theepochtimestr\",\"https:\/\/x.com\/TheEpochTimesTR\",\"https:\/\/www.instagram.com\/epochtimestr\"]},{\"@type\":\"Person\",\"@id\":\"https:\/\/epochtimestr.com\/#\/schema\/person\/3dc5c3adeb9f43923c5aa85889172fdd\",\"name\":\"Haber Merkezi\",\"image\":{\"@type\":\"ImageObject\",\"inLanguage\":\"tr\",\"@id\":\"https:\/\/epochtimestr.com\/#\/schema\/person\/image\/\",\"url\":\"https:\/\/secure.gravatar.com\/avatar\/d73f772ba5a74f28601361e17c2f93e6?s=96&d=mm&r=g\",\"contentUrl\":\"https:\/\/secure.gravatar.com\/avatar\/d73f772ba5a74f28601361e17c2f93e6?s=96&d=mm&r=g\",\"caption\":\"Haber Merkezi\"},\"url\":\"https:\/\/epochtimestr.com\/index.php\/author\/sendag\"}]}<\/script>\n<!-- \/ Yoast SEO plugin. -->","yoast_head_json":{"title":"Mansur Yava\u015f'tan \"CHP'de siyaset yapacak\" \u0130ddias\u0131na Yalanlama - The Epoch Times TR","description":"CHP S\u00f6zc\u00fcs\u00fc M\u00fcslim Sar\u0131, ABB Ba\u015fkan\u0131 Mansur Yava\u015f'\u0131n CHP'den ayr\u0131larak Yeni Parti'ye ge\u00e7ece\u011fi y\u00f6n\u00fcndeki iddialara ili\u015fkin konu\u015ftu.","robots":{"index":"index","follow":"follow","max-snippet":"max-snippet:-1","max-image-preview":"max-image-preview:large","max-video-preview":"max-video-preview:-1"},"canonical":"https:\/\/epochtimestr.com\/index.php\/mansur-yavastan-chpde-siyaset-yapacak-iddiasina-yalanlama","og_locale":"tr_TR","og_type":"article","og_title":"Mansur Yava\u015f'tan \"CHP'de siyaset yapacak\" \u0130ddias\u0131na Yalanlama - The Epoch Times TR","og_description":"CHP S\u00f6zc\u00fcs\u00fc M\u00fcslim Sar\u0131, ABB Ba\u015fkan\u0131 Mansur Yava\u015f'\u0131n CHP'den ayr\u0131larak Yeni Parti'ye ge\u00e7ece\u011fi y\u00f6n\u00fcndeki iddialara ili\u015fkin konu\u015ftu.","og_url":"https:\/\/epochtimestr.com\/index.php\/mansur-yavastan-chpde-siyaset-yapacak-iddiasina-yalanlama","og_site_name":"The Epoch Times TR","article_publisher":"https:\/\/www.facebook.com\/theepochtimestr","article_published_time":"2026-08-27T19:02:46+00:00","article_modified_time":"2026-08-27T19:02:48+00:00","og_image":[{"width":1500,"height":945,"url":"https:\/\/epochtimestr.com\/wp-content\/uploads\/2011y\/mansur-yavas-1.webp","type":"image\/webp"}],"author":"Haber Merkezi","twitter_card":"summary_large_image","twitter_creator":"@TheEpochTimesTR","twitter_site":"@TheEpochTimesTR","twitter_misc":{"Yazan:":"Haber Merkezi","Tahmini okuma s\u00fcresi":"3 dakika"},"schema":{"@context":"https:\/\/schema.org","@graph":[{"@type":"Article","@id":"https:\/\/epochtimestr.com\/index.php\/mansur-yavastan-chpde-siyaset-yapacak-iddiasina-yalanlama#article","isPartOf":{"@id":"https:\/\/epochtimestr.com\/index.php\/mansur-yavastan-chpde-siyaset-yapacak-iddiasina-yalanlama"},"author":{"name":"Haber Merkezi","@id":"https:\/\/epochtimestr.com\/#\/schema\/person\/3dc5c3adeb9f43923c5aa85889172fdd"},"headline":"Mansur Yava\u015f&#8217;tan &#8220;CHP&#8217;de siyaset yapacak&#8221; \u0130ddias\u0131na Yalanlama","datePublished":"2026-08-27T19:02:46+00:00","dateModified":"2026-08-27T19:02:48+00:00","mainEntityOfPage":{"@id":"https:\/\/epochtimestr.com\/index.php\/mansur-yavastan-chpde-siyaset-yapacak-iddiasina-yalanlama"},"wordCount":688,"commentCount":0,"publisher":{"@id":"https:\/\/epochtimestr.com\/#organization"},"image":{"@id":"https:\/\/epochtimestr.com\/index.php\/mansur-yavastan-chpde-siyaset-yapacak-iddiasina-yalanlama#primaryimage"},"thumbnailUrl":"https:\/\/epochtimestr.com\/wp-content\/uploads\/2011y\/mansur-yavas-1.webp","keywords":["ABB","CHP","mansur yava\u015f","M\u00fcslim Sar\u0131"],"articleSection":["G\u00dcNDEM","MAN\u015eET","Siyaset"],"inLanguage":"tr","potentialAction":[{"@type":"CommentAction","name":"Comment","target":["https:\/\/epochtimestr.com\/index.php\/mansur-yavastan-chpde-siyaset-yapacak-iddiasina-yalanlama#respond"]}]},{"@type":"WebPage","@id":"https:\/\/epochtimestr.com\/index.php\/mansur-yavastan-chpde-siyaset-yapacak-iddiasina-yalanlama","url":"https:\/\/epochtimestr.com\/index.php\/mansur-yavastan-chpde-siyaset-yapacak-iddiasina-yalanlama","name":"Mansur Yava\u015f'tan \"CHP'de siyaset yapacak\" \u0130ddias\u0131na Yalanlama - The Epoch Times TR","isPartOf":{"@id":"https:\/\/epochtimestr.com\/#website"},"primaryImageOfPage":{"@id":"https:\/\/epochtimestr.com\/index.php\/mansur-yavastan-chpde-siyaset-yapacak-iddiasina-yalanlama#primaryimage"},"image":{"@id":"https:\/\/epochtimestr.com\/index.php\/mansur-yavastan-chpde-siyaset-yapacak-iddiasina-yalanlama#primaryimage"},"thumbnailUrl":"https:\/\/epochtimestr.com\/wp-content\/uploads\/2011y\/mansur-yavas-1.webp","datePublished":"2026-08-27T19:02:46+00:00","dateModified":"2026-08-27T19:02:48+00:00","description":"CHP S\u00f6zc\u00fcs\u00fc M\u00fcslim Sar\u0131, ABB Ba\u015fkan\u0131 Mansur Yava\u015f'\u0131n CHP'den ayr\u0131larak Yeni Parti'ye ge\u00e7ece\u011fi y\u00f6n\u00fcndeki iddialara ili\u015fkin konu\u015ftu.","inLanguage":"tr","potentialAction":[{"@type":"ReadAction","target":["https:\/\/epochtimestr.com\/index.php\/mansur-yavastan-chpde-siyaset-yapacak-iddiasina-yalanlama"]}]},{"@type":"ImageObject","inLanguage":"tr","@id":"https:\/\/epochtimestr.com\/index.php\/mansur-yavastan-chpde-siyaset-yapacak-iddiasina-yalanlama#primaryimage","url":"https:\/\/epochtimestr.com\/wp-content\/uploads\/2011y\/mansur-yavas-1.webp","contentUrl":"https:\/\/epochtimestr.com\/wp-content\/uploads\/2011y\/mansur-yavas-1.webp","width":1500,"height":945},{"@type":"WebSite","@id":"https:\/\/epochtimestr.com\/#website","url":"https:\/\/epochtimestr.com\/","name":"The Epoch Times TR","description":"De\u011fi\u015fen D\u00fcnyam\u0131za Taze Bir Bak\u0131\u015f","publisher":{"@id":"https:\/\/epochtimestr.com\/#organization"},"potentialAction":[{"@type":"SearchAction","target":{"@type":"EntryPoint","urlTemplate":"https:\/\/epochtimestr.com\/?s={search_term_string}"},"query-input":"required name=search_term_string"}],"inLanguage":"tr"},{"@type":"Organization","@id":"https:\/\/epochtimestr.com\/#organization","name":"The EpochTimes T\u00fcrkiye","url":"https:\/\/epochtimestr.com\/","logo":{"@type":"ImageObject","inLanguage":"tr","@id":"https:\/\/epochtimestr.com\/#\/schema\/logo\/image\/","url":"https:\/\/epochtimestr.com\/wp-content\/uploads\/2011y\/ET-Logo-YG.jpg","contentUrl":"https:\/\/epochtimestr.com\/wp-content\/uploads\/2011y\/ET-Logo-YG.jpg","width":346,"height":29,"caption":"The EpochTimes T\u00fcrkiye"},"image":{"@id":"https:\/\/epochtimestr.com\/#\/schema\/logo\/image\/"},"sameAs":["https:\/\/www.facebook.com\/theepochtimestr","https:\/\/x.com\/TheEpochTimesTR","https:\/\/www.instagram.com\/epochtimestr"]},{"@type":"Person","@id":"https:\/\/epochtimestr.com\/#\/schema\/person\/3dc5c3adeb9f43923c5aa85889172fdd","name":"Haber Merkezi","image":{"@type":"ImageObject","inLanguage":"tr","@id":"https:\/\/epochtimestr.com\/#\/schema\/person\/image\/","url":"https:\/\/secure.gravatar.com\/avatar\/d73f772ba5a74f28601361e17c2f93e6?s=96&d=mm&r=g","contentUrl":"https:\/\/secure.gravatar.com\/avatar\/d73f772ba5a74f28601361e17c2f93e6?s=96&d=mm&r=g","caption":"Haber Merkezi"},"url":"https:\/\/epochtimestr.com\/index.php\/author\/sendag"}]}},"_links":{"self":[{"href":"https:\/\/epochtimestr.com\/index.php\/wp-json\/wp\/v2\/posts\/171043"}],"collection":[{"href":"https:\/\/epochtimestr.com\/index.php\/wp-json\/wp\/v2\/posts"}],"about":[{"href":"https:\/\/epochtimestr.com\/index.php\/wp-json\/wp\/v2\/types\/post"}],"author":[{"embeddable":true,"href":"https:\/\/epochtimestr.com\/index.php\/wp-json\/wp\/v2\/users\/12791"}],"replies":[{"embeddable":true,"href":"https:\/\/epochtimestr.com\/index.php\/wp-json\/wp\/v2\/comments?post=171043"}],"version-history":[{"count":2,"href":"https:\/\/epochtimestr.com\/index.php\/wp-json\/wp\/v2\/posts\/171043\/revisions"}],"predecessor-version":[{"id":171053,"href":"https:\/\/epochtimestr.com\/index.php\/wp-json\/wp\/v2\/posts\/171043\/revisions\/171053"}],"wp:featuredmedia":[{"embeddable":true,"href":"https:\/\/epochtimestr.com\/index.php\/wp-json\/wp\/v2\/media\/171044"}],"wp:attachment":[{"href":"https:\/\/epochtimestr.com\/index.php\/wp-json\/wp\/v2\/media?parent=171043"}],"wp:term":[{"taxonomy":"category","embeddable":true,"href":"https:\/\/epochtimestr.com\/index.php\/wp-json\/wp\/v2\/categories?post=171043"},{"taxonomy":"post_tag","embeddable":true,"href":"https:\/\/epochtimestr.com\/index.php\/wp-json\/wp\/v2\/tags?post=171043"}],"curies":[{"name":"wp","href":"https:\/\/api.w.org\/{rel}","templated":true}]}}