{"id":171056,"date":"2026-08-28T08:05:19","date_gmt":"2026-08-28T05:05:19","guid":{"rendered":"https:\/\/epochtimestr.com\/?p=171056"},"modified":"2026-08-28T08:05:21","modified_gmt":"2026-08-28T05:05:21","slug":"chpden-istifa-eden-6-meclis-uyesi-akpye-gecti","status":"publish","type":"post","link":"https:\/\/epochtimestr.com\/index.php\/chpden-istifa-eden-6-meclis-uyesi-akpye-gecti","title":{"rendered":"CHP\u2019den \u0130stifa Eden 6 Meclis \u00dcyesi AKP\u2019ye Ge\u00e7ti"},"content":{"rendered":"<div class=\"wp-block-image\">\n<figure class=\"aligncenter size-full\"><img loading=\"lazy\" decoding=\"async\" width=\"820\" height=\"461\" src=\"https:\/\/epochtimestr.com\/wp-content\/uploads\/2011y\/akp-golbasi-x.webp\" alt=\"CHP\u2019den istifa eden 6 meclis \u00fcyesi AKP\u2019ye ge\u00e7ti (Foto\u011fraf: AKP G\u00f6lba\u015f\u0131 \u0130l\u00e7e Ba\u015fkanl\u0131\u011f\u0131 x hesab\u0131)\" class=\"wp-image-171057\" srcset=\"https:\/\/epochtimestr.com\/wp-content\/uploads\/2011y\/akp-golbasi-x.webp 820w, https:\/\/epochtimestr.com\/wp-content\/uploads\/2011y\/akp-golbasi-x-300x169.webp 300w, https:\/\/epochtimestr.com\/wp-content\/uploads\/2011y\/akp-golbasi-x-150x84.webp 150w, https:\/\/epochtimestr.com\/wp-content\/uploads\/2011y\/akp-golbasi-x-768x432.webp 768w\" sizes=\"(max-width: 820px) 100vw, 820px\" \/><figcaption class=\"wp-element-caption\">CHP\u2019den istifa eden 6 meclis \u00fcyesi AKP\u2019ye ge\u00e7ti (Foto\u011fraf: AKP G\u00f6lba\u015f\u0131 \u0130l\u00e7e Ba\u015fkanl\u0131\u011f\u0131 x hesab\u0131)<\/figcaption><\/figure><\/div>\n\n\n<h2 class=\"wp-block-heading\">Ankara G\u00f6lba\u015f\u0131\u2019nda 6 belediye meclis \u00fcyesi CHP\u2019den istifa ederek AKP&#8217;ye kat\u0131ld\u0131 ve parti rozetleri t\u00f6renle tak\u0131ld\u0131.<\/h2>\n\n\n\n<p>Ankara <a href=\"https:\/\/epochtimestr.com\/index.php\/golbasi-bassavciligi-ankaradaki-saldirilarda-42-kisi-oldu\" target=\"_blank\" rel=\"noreferrer noopener\">G\u00f6lba\u015f\u0131<\/a>\u2019nda 6 belediye meclis \u00fcyesi CHP\u2019den istifa ederek AKP&#8217;ye kat\u0131ld\u0131 ve parti rozetleri t\u00f6renle tak\u0131ld\u0131.<\/p>\n\n\n\n<p>Ankara\u2019n\u0131n G\u00f6lba\u015f\u0131 il\u00e7esinde belediye meclisinde g\u00f6rev yapan 6 \u00fcye CHP\u2019den istifa ederek AK Parti\u2019ye kat\u0131ld\u0131. B\u00fclent Y\u0131lmaz, Hamza Duran, Hac\u0131 Kadir Y\u0131ld\u0131r\u0131m, Ayd\u0131n G\u00fclhan, Mehmet Kan\u0131k ve Ali \u00d6z\u00e7elik\u2019in AKP rozetleri d\u00fczenlenen t\u00f6renle tak\u0131ld\u0131.<\/p>\n\n\n\n<p><strong>AKP G\u00f6lba\u015f\u0131 \u0130l\u00e7e Ba\u015fkanl\u0131\u011f\u0131 sosyal medya hesab\u0131ndan yap\u0131lan a\u00e7\u0131klamada \u015fu ifadeler kullan\u0131ld\u0131:<\/strong><\/p>\n\n\n\n<p>&#8220;\u0130l\u00e7e Ba\u015fkan\u0131m\u0131z Sn. , Ankara Milletvekilimiz ve G\u00f6lba\u015f\u0131 Belediye Ba\u015fkan\u0131m\u0131z Sn. ile birlikte AK Parti\u2019mize kat\u0131lan k\u0131ymetli Meclis \u00dcyelerimiz;<\/p>\n\n\n\n<p>Sn. Ayd\u0131n G\u00fclhan, Sn. B\u00fclent Y\u0131lmaz, Sn. Mehmet Kan\u0131k, Sn. Hac\u0131 Kadir Y\u0131ld\u0131r\u0131m, Sn. Ali \u00d6z\u00e7elik ve Sn. Hamza Duran\u2019\u0131n rozetlerini takt\u0131k.<\/p>\n\n\n\n<p>AK davam\u0131za kat\u0131lan de\u011ferli meclis \u00fcyelerimize ho\u015f geldiniz diyor, birlik ve beraberli\u011fimizin G\u00f6lba\u015f\u0131\u2019m\u0131za hay\u0131rl\u0131 olmas\u0131n\u0131 diliyoruz.&#8221;<\/p>\n\n\n\n<figure class=\"wp-block-embed is-type-rich is-provider-x wp-block-embed-x\"><div class=\"wp-block-embed__wrapper\">\n<blockquote class=\"twitter-tweet\" data-width=\"550\" data-dnt=\"true\"><p lang=\"tr\" dir=\"ltr\">\u0130l\u00e7e Ba\u015fkan\u0131m\u0131z Sn. <a href=\"https:\/\/x.com\/Slmakcyln?ref_src=twsrc%5Etfw\">@Slmakcyln<\/a> , Ankara Milletvekilimiz Sn. <a href=\"https:\/\/x.com\/selvacam?ref_src=twsrc%5Etfw\">@selvacam<\/a> ve G\u00f6lba\u015f\u0131 Belediye Ba\u015fkan\u0131m\u0131z Sn. <a href=\"https:\/\/x.com\/Yakup_ODABASI?ref_src=twsrc%5Etfw\">@Yakup_ODABASI<\/a> ile birlikte AK Parti\u2019mize kat\u0131lan k\u0131ymetli Meclis \u00dcyelerimiz;<br><br>Sn. Ayd\u0131n G\u00fclhan, Sn. B\u00fclent Y\u0131lmaz, Sn. Mehmet Kan\u0131k, Sn. Hac\u0131 Kadir Y\u0131ld\u0131r\u0131m, Sn. Ali \u00d6z\u00e7elik\u2026 <a href=\"https:\/\/t.co\/v4WcqIX4oB\">pic.twitter.com\/v4WcqIX4oB<\/a><\/p>&mdash; AK Parti G\u00f6lba\u015f\u0131 \u0130l\u00e7e Ba\u015fkanl\u0131\u011f\u0131 (@AkGolbasiResmi) <a href=\"https:\/\/x.com\/AkGolbasiResmi\/status\/2093033726645088435?ref_src=twsrc%5Etfw\">August 27, 2026<\/a><\/blockquote><script async src=\"https:\/\/platform.x.com\/widgets.js\" charset=\"utf-8\"><\/script>\n<\/div><\/figure>\n","protected":false},"excerpt":{"rendered":"<p>Ankara G\u00f6lba\u015f\u0131\u2019nda 6 belediye meclis \u00fcyesi CHP\u2019den istifa ederek AKP&#8217;ye kat\u0131ld\u0131 ve parti rozetleri t\u00f6renle tak\u0131ld\u0131. Ankara G\u00f6lba\u015f\u0131\u2019nda 6 belediye meclis \u00fcyesi CHP\u2019den istifa ederek AKP&#8217;ye kat\u0131ld\u0131 ve parti rozetleri t\u00f6renle tak\u0131ld\u0131. Ankara\u2019n\u0131n G\u00f6lba\u015f\u0131 il\u00e7esinde belediye meclisinde g\u00f6rev yapan 6 \u00fcye CHP\u2019den istifa ederek AK Parti\u2019ye kat\u0131ld\u0131. B\u00fclent Y\u0131lmaz, Hamza Duran, Hac\u0131 Kadir Y\u0131ld\u0131r\u0131m, Ayd\u0131n [&hellip;]<\/p>\n","protected":false},"author":12791,"featured_media":171057,"comment_status":"open","ping_status":"open","sticky":false,"template":"","format":"standard","meta":{"_yoast_wpseo_focuskw":"CHP\u2019den - AKP'ye","_yoast_wpseo_title":"","_yoast_wpseo_metadesc":"Ankara G\u00f6lba\u015f\u0131\u2019nda 6 belediye meclis \u00fcyesi CHP\u2019den istifa ederek AKP'ye kat\u0131ld\u0131 ve parti rozetleri t\u00f6renle tak\u0131ld\u0131.","_bbp_topic_count":0,"_bbp_reply_count":0,"_bbp_total_topic_count":0,"_bbp_total_reply_count":0,"_bbp_voice_count":0,"_bbp_anonymous_reply_count":0,"_bbp_topic_count_hidden":0,"_bbp_reply_count_hidden":0,"_bbp_forum_subforum_count":0,"footnotes":"","_yoast_wpseo_focuskw_text_input":""},"categories":[1,8138,8226],"tags":[1017,12479,583,640],"yoast_head":"<!-- This site is optimized with the Yoast SEO plugin v23.0 - https:\/\/yoast.com\/wordpress\/plugins\/seo\/ -->\n<title>CHP\u2019den \u0130stifa Eden 6 Meclis \u00dcyesi AKP\u2019ye Ge\u00e7ti - The Epoch Times TR<\/title>\n<meta name=\"description\" content=\"Ankara G\u00f6lba\u015f\u0131\u2019nda 6 belediye meclis \u00fcyesi CHP\u2019den istifa ederek AKP&#039;ye kat\u0131ld\u0131 ve parti rozetleri t\u00f6renle tak\u0131ld\u0131.\" \/>\n<meta name=\"robots\" content=\"index, follow, max-snippet:-1, max-image-preview:large, max-video-preview:-1\" \/>\n<link rel=\"canonical\" href=\"https:\/\/epochtimestr.com\/index.php\/chpden-istifa-eden-6-meclis-uyesi-akpye-gecti\" \/>\n<meta property=\"og:locale\" content=\"tr_TR\" \/>\n<meta property=\"og:type\" content=\"article\" \/>\n<meta property=\"og:title\" content=\"CHP\u2019den \u0130stifa Eden 6 Meclis \u00dcyesi AKP\u2019ye Ge\u00e7ti - The Epoch Times TR\" \/>\n<meta property=\"og:description\" content=\"Ankara G\u00f6lba\u015f\u0131\u2019nda 6 belediye meclis \u00fcyesi CHP\u2019den istifa ederek AKP&#039;ye kat\u0131ld\u0131 ve parti rozetleri t\u00f6renle tak\u0131ld\u0131.\" \/>\n<meta property=\"og:url\" content=\"https:\/\/epochtimestr.com\/index.php\/chpden-istifa-eden-6-meclis-uyesi-akpye-gecti\" \/>\n<meta property=\"og:site_name\" content=\"The Epoch Times TR\" \/>\n<meta property=\"article:publisher\" content=\"https:\/\/www.facebook.com\/theepochtimestr\" \/>\n<meta property=\"article:published_time\" content=\"2026-08-28T05:05:19+00:00\" \/>\n<meta property=\"article:modified_time\" content=\"2026-08-28T05:05:21+00:00\" \/>\n<meta property=\"og:image\" content=\"https:\/\/epochtimestr.com\/wp-content\/uploads\/2011y\/akp-golbasi-x.webp\" \/>\n\t<meta property=\"og:image:width\" content=\"820\" \/>\n\t<meta property=\"og:image:height\" content=\"461\" \/>\n\t<meta property=\"og:image:type\" content=\"image\/webp\" \/>\n<meta name=\"author\" content=\"Haber Merkezi\" \/>\n<meta name=\"twitter:card\" content=\"summary_large_image\" \/>\n<meta name=\"twitter:creator\" content=\"@TheEpochTimesTR\" \/>\n<meta name=\"twitter:site\" content=\"@TheEpochTimesTR\" \/>\n<meta name=\"twitter:label1\" content=\"Yazan:\" \/>\n\t<meta name=\"twitter:data1\" content=\"Haber Merkezi\" \/>\n\t<meta name=\"twitter:label2\" content=\"Tahmini okuma s\u00fcresi\" \/>\n\t<meta name=\"twitter:data2\" content=\"2 dakika\" \/>\n<script type=\"application\/ld+json\" class=\"yoast-schema-graph\">{\"@context\":\"https:\/\/schema.org\",\"@graph\":[{\"@type\":\"Article\",\"@id\":\"https:\/\/epochtimestr.com\/index.php\/chpden-istifa-eden-6-meclis-uyesi-akpye-gecti#article\",\"isPartOf\":{\"@id\":\"https:\/\/epochtimestr.com\/index.php\/chpden-istifa-eden-6-meclis-uyesi-akpye-gecti\"},\"author\":{\"name\":\"Haber Merkezi\",\"@id\":\"https:\/\/epochtimestr.com\/#\/schema\/person\/3dc5c3adeb9f43923c5aa85889172fdd\"},\"headline\":\"CHP\u2019den \u0130stifa Eden 6 Meclis \u00dcyesi AKP\u2019ye Ge\u00e7ti\",\"datePublished\":\"2026-08-28T05:05:19+00:00\",\"dateModified\":\"2026-08-28T05:05:21+00:00\",\"mainEntityOfPage\":{\"@id\":\"https:\/\/epochtimestr.com\/index.php\/chpden-istifa-eden-6-meclis-uyesi-akpye-gecti\"},\"wordCount\":238,\"commentCount\":0,\"publisher\":{\"@id\":\"https:\/\/epochtimestr.com\/#organization\"},\"image\":{\"@id\":\"https:\/\/epochtimestr.com\/index.php\/chpden-istifa-eden-6-meclis-uyesi-akpye-gecti#primaryimage\"},\"thumbnailUrl\":\"https:\/\/epochtimestr.com\/wp-content\/uploads\/2011y\/akp-golbasi-x.webp\",\"keywords\":[\"AKP\",\"Ankara G\u00f6lba\u015f\u0131\",\"CHP\",\"\u0130stifa\"],\"articleSection\":[\"G\u00dcNDEM\",\"MAN\u015eET\",\"Siyaset\"],\"inLanguage\":\"tr\",\"potentialAction\":[{\"@type\":\"CommentAction\",\"name\":\"Comment\",\"target\":[\"https:\/\/epochtimestr.com\/index.php\/chpden-istifa-eden-6-meclis-uyesi-akpye-gecti#respond\"]}]},{\"@type\":\"WebPage\",\"@id\":\"https:\/\/epochtimestr.com\/index.php\/chpden-istifa-eden-6-meclis-uyesi-akpye-gecti\",\"url\":\"https:\/\/epochtimestr.com\/index.php\/chpden-istifa-eden-6-meclis-uyesi-akpye-gecti\",\"name\":\"CHP\u2019den \u0130stifa Eden 6 Meclis \u00dcyesi AKP\u2019ye Ge\u00e7ti - The Epoch Times TR\",\"isPartOf\":{\"@id\":\"https:\/\/epochtimestr.com\/#website\"},\"primaryImageOfPage\":{\"@id\":\"https:\/\/epochtimestr.com\/index.php\/chpden-istifa-eden-6-meclis-uyesi-akpye-gecti#primaryimage\"},\"image\":{\"@id\":\"https:\/\/epochtimestr.com\/index.php\/chpden-istifa-eden-6-meclis-uyesi-akpye-gecti#primaryimage\"},\"thumbnailUrl\":\"https:\/\/epochtimestr.com\/wp-content\/uploads\/2011y\/akp-golbasi-x.webp\",\"datePublished\":\"2026-08-28T05:05:19+00:00\",\"dateModified\":\"2026-08-28T05:05:21+00:00\",\"description\":\"Ankara G\u00f6lba\u015f\u0131\u2019nda 6 belediye meclis \u00fcyesi CHP\u2019den istifa ederek AKP'ye kat\u0131ld\u0131 ve parti rozetleri t\u00f6renle tak\u0131ld\u0131.\",\"inLanguage\":\"tr\",\"potentialAction\":[{\"@type\":\"ReadAction\",\"target\":[\"https:\/\/epochtimestr.com\/index.php\/chpden-istifa-eden-6-meclis-uyesi-akpye-gecti\"]}]},{\"@type\":\"ImageObject\",\"inLanguage\":\"tr\",\"@id\":\"https:\/\/epochtimestr.com\/index.php\/chpden-istifa-eden-6-meclis-uyesi-akpye-gecti#primaryimage\",\"url\":\"https:\/\/epochtimestr.com\/wp-content\/uploads\/2011y\/akp-golbasi-x.webp\",\"contentUrl\":\"https:\/\/epochtimestr.com\/wp-content\/uploads\/2011y\/akp-golbasi-x.webp\",\"width\":820,\"height\":461},{\"@type\":\"WebSite\",\"@id\":\"https:\/\/epochtimestr.com\/#website\",\"url\":\"https:\/\/epochtimestr.com\/\",\"name\":\"The Epoch Times TR\",\"description\":\"De\u011fi\u015fen D\u00fcnyam\u0131za Taze Bir Bak\u0131\u015f\",\"publisher\":{\"@id\":\"https:\/\/epochtimestr.com\/#organization\"},\"potentialAction\":[{\"@type\":\"SearchAction\",\"target\":{\"@type\":\"EntryPoint\",\"urlTemplate\":\"https:\/\/epochtimestr.com\/?s={search_term_string}\"},\"query-input\":\"required name=search_term_string\"}],\"inLanguage\":\"tr\"},{\"@type\":\"Organization\",\"@id\":\"https:\/\/epochtimestr.com\/#organization\",\"name\":\"The EpochTimes T\u00fcrkiye\",\"url\":\"https:\/\/epochtimestr.com\/\",\"logo\":{\"@type\":\"ImageObject\",\"inLanguage\":\"tr\",\"@id\":\"https:\/\/epochtimestr.com\/#\/schema\/logo\/image\/\",\"url\":\"https:\/\/epochtimestr.com\/wp-content\/uploads\/2011y\/ET-Logo-YG.jpg\",\"contentUrl\":\"https:\/\/epochtimestr.com\/wp-content\/uploads\/2011y\/ET-Logo-YG.jpg\",\"width\":346,\"height\":29,\"caption\":\"The EpochTimes T\u00fcrkiye\"},\"image\":{\"@id\":\"https:\/\/epochtimestr.com\/#\/schema\/logo\/image\/\"},\"sameAs\":[\"https:\/\/www.facebook.com\/theepochtimestr\",\"https:\/\/x.com\/TheEpochTimesTR\",\"https:\/\/www.instagram.com\/epochtimestr\"]},{\"@type\":\"Person\",\"@id\":\"https:\/\/epochtimestr.com\/#\/schema\/person\/3dc5c3adeb9f43923c5aa85889172fdd\",\"name\":\"Haber Merkezi\",\"image\":{\"@type\":\"ImageObject\",\"inLanguage\":\"tr\",\"@id\":\"https:\/\/epochtimestr.com\/#\/schema\/person\/image\/\",\"url\":\"https:\/\/secure.gravatar.com\/avatar\/d73f772ba5a74f28601361e17c2f93e6?s=96&d=mm&r=g\",\"contentUrl\":\"https:\/\/secure.gravatar.com\/avatar\/d73f772ba5a74f28601361e17c2f93e6?s=96&d=mm&r=g\",\"caption\":\"Haber Merkezi\"},\"url\":\"https:\/\/epochtimestr.com\/index.php\/author\/sendag\"}]}<\/script>\n<!-- \/ Yoast SEO plugin. -->","yoast_head_json":{"title":"CHP\u2019den \u0130stifa Eden 6 Meclis \u00dcyesi AKP\u2019ye Ge\u00e7ti - The Epoch Times TR","description":"Ankara G\u00f6lba\u015f\u0131\u2019nda 6 belediye meclis \u00fcyesi CHP\u2019den istifa ederek AKP'ye kat\u0131ld\u0131 ve parti rozetleri t\u00f6renle tak\u0131ld\u0131.","robots":{"index":"index","follow":"follow","max-snippet":"max-snippet:-1","max-image-preview":"max-image-preview:large","max-video-preview":"max-video-preview:-1"},"canonical":"https:\/\/epochtimestr.com\/index.php\/chpden-istifa-eden-6-meclis-uyesi-akpye-gecti","og_locale":"tr_TR","og_type":"article","og_title":"CHP\u2019den \u0130stifa Eden 6 Meclis \u00dcyesi AKP\u2019ye Ge\u00e7ti - The Epoch Times TR","og_description":"Ankara G\u00f6lba\u015f\u0131\u2019nda 6 belediye meclis \u00fcyesi CHP\u2019den istifa ederek AKP'ye kat\u0131ld\u0131 ve parti rozetleri t\u00f6renle tak\u0131ld\u0131.","og_url":"https:\/\/epochtimestr.com\/index.php\/chpden-istifa-eden-6-meclis-uyesi-akpye-gecti","og_site_name":"The Epoch Times TR","article_publisher":"https:\/\/www.facebook.com\/theepochtimestr","article_published_time":"2026-08-28T05:05:19+00:00","article_modified_time":"2026-08-28T05:05:21+00:00","og_image":[{"width":820,"height":461,"url":"https:\/\/epochtimestr.com\/wp-content\/uploads\/2011y\/akp-golbasi-x.webp","type":"image\/webp"}],"author":"Haber Merkezi","twitter_card":"summary_large_image","twitter_creator":"@TheEpochTimesTR","twitter_site":"@TheEpochTimesTR","twitter_misc":{"Yazan:":"Haber Merkezi","Tahmini okuma s\u00fcresi":"2 dakika"},"schema":{"@context":"https:\/\/schema.org","@graph":[{"@type":"Article","@id":"https:\/\/epochtimestr.com\/index.php\/chpden-istifa-eden-6-meclis-uyesi-akpye-gecti#article","isPartOf":{"@id":"https:\/\/epochtimestr.com\/index.php\/chpden-istifa-eden-6-meclis-uyesi-akpye-gecti"},"author":{"name":"Haber Merkezi","@id":"https:\/\/epochtimestr.com\/#\/schema\/person\/3dc5c3adeb9f43923c5aa85889172fdd"},"headline":"CHP\u2019den \u0130stifa Eden 6 Meclis \u00dcyesi AKP\u2019ye Ge\u00e7ti","datePublished":"2026-08-28T05:05:19+00:00","dateModified":"2026-08-28T05:05:21+00:00","mainEntityOfPage":{"@id":"https:\/\/epochtimestr.com\/index.php\/chpden-istifa-eden-6-meclis-uyesi-akpye-gecti"},"wordCount":238,"commentCount":0,"publisher":{"@id":"https:\/\/epochtimestr.com\/#organization"},"image":{"@id":"https:\/\/epochtimestr.com\/index.php\/chpden-istifa-eden-6-meclis-uyesi-akpye-gecti#primaryimage"},"thumbnailUrl":"https:\/\/epochtimestr.com\/wp-content\/uploads\/2011y\/akp-golbasi-x.webp","keywords":["AKP","Ankara G\u00f6lba\u015f\u0131","CHP","\u0130stifa"],"articleSection":["G\u00dcNDEM","MAN\u015eET","Siyaset"],"inLanguage":"tr","potentialAction":[{"@type":"CommentAction","name":"Comment","target":["https:\/\/epochtimestr.com\/index.php\/chpden-istifa-eden-6-meclis-uyesi-akpye-gecti#respond"]}]},{"@type":"WebPage","@id":"https:\/\/epochtimestr.com\/index.php\/chpden-istifa-eden-6-meclis-uyesi-akpye-gecti","url":"https:\/\/epochtimestr.com\/index.php\/chpden-istifa-eden-6-meclis-uyesi-akpye-gecti","name":"CHP\u2019den \u0130stifa Eden 6 Meclis \u00dcyesi AKP\u2019ye Ge\u00e7ti - The Epoch Times TR","isPartOf":{"@id":"https:\/\/epochtimestr.com\/#website"},"primaryImageOfPage":{"@id":"https:\/\/epochtimestr.com\/index.php\/chpden-istifa-eden-6-meclis-uyesi-akpye-gecti#primaryimage"},"image":{"@id":"https:\/\/epochtimestr.com\/index.php\/chpden-istifa-eden-6-meclis-uyesi-akpye-gecti#primaryimage"},"thumbnailUrl":"https:\/\/epochtimestr.com\/wp-content\/uploads\/2011y\/akp-golbasi-x.webp","datePublished":"2026-08-28T05:05:19+00:00","dateModified":"2026-08-28T05:05:21+00:00","description":"Ankara G\u00f6lba\u015f\u0131\u2019nda 6 belediye meclis \u00fcyesi CHP\u2019den istifa ederek AKP'ye kat\u0131ld\u0131 ve parti rozetleri t\u00f6renle tak\u0131ld\u0131.","inLanguage":"tr","potentialAction":[{"@type":"ReadAction","target":["https:\/\/epochtimestr.com\/index.php\/chpden-istifa-eden-6-meclis-uyesi-akpye-gecti"]}]},{"@type":"ImageObject","inLanguage":"tr","@id":"https:\/\/epochtimestr.com\/index.php\/chpden-istifa-eden-6-meclis-uyesi-akpye-gecti#primaryimage","url":"https:\/\/epochtimestr.com\/wp-content\/uploads\/2011y\/akp-golbasi-x.webp","contentUrl":"https:\/\/epochtimestr.com\/wp-content\/uploads\/2011y\/akp-golbasi-x.webp","width":820,"height":461},{"@type":"WebSite","@id":"https:\/\/epochtimestr.com\/#website","url":"https:\/\/epochtimestr.com\/","name":"The Epoch Times TR","description":"De\u011fi\u015fen D\u00fcnyam\u0131za Taze Bir Bak\u0131\u015f","publisher":{"@id":"https:\/\/epochtimestr.com\/#organization"},"potentialAction":[{"@type":"SearchAction","target":{"@type":"EntryPoint","urlTemplate":"https:\/\/epochtimestr.com\/?s={search_term_string}"},"query-input":"required name=search_term_string"}],"inLanguage":"tr"},{"@type":"Organization","@id":"https:\/\/epochtimestr.com\/#organization","name":"The EpochTimes T\u00fcrkiye","url":"https:\/\/epochtimestr.com\/","logo":{"@type":"ImageObject","inLanguage":"tr","@id":"https:\/\/epochtimestr.com\/#\/schema\/logo\/image\/","url":"https:\/\/epochtimestr.com\/wp-content\/uploads\/2011y\/ET-Logo-YG.jpg","contentUrl":"https:\/\/epochtimestr.com\/wp-content\/uploads\/2011y\/ET-Logo-YG.jpg","width":346,"height":29,"caption":"The EpochTimes T\u00fcrkiye"},"image":{"@id":"https:\/\/epochtimestr.com\/#\/schema\/logo\/image\/"},"sameAs":["https:\/\/www.facebook.com\/theepochtimestr","https:\/\/x.com\/TheEpochTimesTR","https:\/\/www.instagram.com\/epochtimestr"]},{"@type":"Person","@id":"https:\/\/epochtimestr.com\/#\/schema\/person\/3dc5c3adeb9f43923c5aa85889172fdd","name":"Haber Merkezi","image":{"@type":"ImageObject","inLanguage":"tr","@id":"https:\/\/epochtimestr.com\/#\/schema\/person\/image\/","url":"https:\/\/secure.gravatar.com\/avatar\/d73f772ba5a74f28601361e17c2f93e6?s=96&d=mm&r=g","contentUrl":"https:\/\/secure.gravatar.com\/avatar\/d73f772ba5a74f28601361e17c2f93e6?s=96&d=mm&r=g","caption":"Haber Merkezi"},"url":"https:\/\/epochtimestr.com\/index.php\/author\/sendag"}]}},"_links":{"self":[{"href":"https:\/\/epochtimestr.com\/index.php\/wp-json\/wp\/v2\/posts\/171056"}],"collection":[{"href":"https:\/\/epochtimestr.com\/index.php\/wp-json\/wp\/v2\/posts"}],"about":[{"href":"https:\/\/epochtimestr.com\/index.php\/wp-json\/wp\/v2\/types\/post"}],"author":[{"embeddable":true,"href":"https:\/\/epochtimestr.com\/index.php\/wp-json\/wp\/v2\/users\/12791"}],"replies":[{"embeddable":true,"href":"https:\/\/epochtimestr.com\/index.php\/wp-json\/wp\/v2\/comments?post=171056"}],"version-history":[{"count":3,"href":"https:\/\/epochtimestr.com\/index.php\/wp-json\/wp\/v2\/posts\/171056\/revisions"}],"predecessor-version":[{"id":171071,"href":"https:\/\/epochtimestr.com\/index.php\/wp-json\/wp\/v2\/posts\/171056\/revisions\/171071"}],"wp:featuredmedia":[{"embeddable":true,"href":"https:\/\/epochtimestr.com\/index.php\/wp-json\/wp\/v2\/media\/171057"}],"wp:attachment":[{"href":"https:\/\/epochtimestr.com\/index.php\/wp-json\/wp\/v2\/media?parent=171056"}],"wp:term":[{"taxonomy":"category","embeddable":true,"href":"https:\/\/epochtimestr.com\/index.php\/wp-json\/wp\/v2\/categories?post=171056"},{"taxonomy":"post_tag","embeddable":true,"href":"https:\/\/epochtimestr.com\/index.php\/wp-json\/wp\/v2\/tags?post=171056"}],"curies":[{"name":"wp","href":"https:\/\/api.w.org\/{rel}","templated":true}]}}