{"id":171081,"date":"2026-08-28T17:41:46","date_gmt":"2026-08-28T14:41:46","guid":{"rendered":"https:\/\/epochtimestr.com\/?p=171081"},"modified":"2026-08-28T17:41:48","modified_gmt":"2026-08-28T14:41:48","slug":"imamoglundan-bakan-gurleke-canli-yayin-yaniti","status":"publish","type":"post","link":"https:\/\/epochtimestr.com\/index.php\/imamoglundan-bakan-gurleke-canli-yayin-yaniti","title":{"rendered":"\u0130mamo\u011flu&#8217;ndan Bakan G\u00fcrlek&#8217;e Canl\u0131 Yay\u0131n Yan\u0131t\u0131"},"content":{"rendered":"<div class=\"wp-block-image\">\n<figure class=\"aligncenter size-full is-resized\"><img loading=\"lazy\" decoding=\"async\" width=\"800\" height=\"994\" src=\"https:\/\/epochtimestr.com\/wp-content\/uploads\/2011y\/ekrem-imamoglu.com_-1.webp\" alt=\"\" class=\"wp-image-171082\" style=\"width:802px;height:auto\" srcset=\"https:\/\/epochtimestr.com\/wp-content\/uploads\/2011y\/ekrem-imamoglu.com_-1.webp 800w, https:\/\/epochtimestr.com\/wp-content\/uploads\/2011y\/ekrem-imamoglu.com_-1-241x300.webp 241w, https:\/\/epochtimestr.com\/wp-content\/uploads\/2011y\/ekrem-imamoglu.com_-1-121x150.webp 121w, https:\/\/epochtimestr.com\/wp-content\/uploads\/2011y\/ekrem-imamoglu.com_-1-768x954.webp 768w\" sizes=\"(max-width: 800px) 100vw, 800px\" \/><figcaption class=\"wp-element-caption\">\u0130mamo\u011flu&#8217;ndan Bakan G\u00fcrlek&#8217;e canl\u0131 yay\u0131n yan\u0131t\u0131. (Foto\u011fraf: Ekrem \u0130mamo\u011flu.com)<\/figcaption><\/figure><\/div>\n\n\n<h2 class=\"wp-block-heading\">TV100&#8217;de d\u00fcn ak\u015fam (27 A\u011fustos) canl\u0131 yay\u0131na kat\u0131lan Adalet Bakan\u0131 Ak\u0131n G\u00fcrlek, \u0130stanbul B\u00fcy\u00fck\u015fehir Belediyesi (\u0130BB) Ba\u015fkan\u0131 Ekrem \u0130mamo\u011flu&#8217;nun yarg\u0131land\u0131\u011f\u0131 dava hakk\u0131nda dikkat \u00e7eken ifadeler kulland\u0131.<\/h2>\n\n\n\n<p>Silivri\u2019deki Marmara Cezaevi\u2019nde tutuklu bulunan <a href=\"https:\/\/epochtimestr.com\/index.php\/ekrem-imamoglu-da-chpden-istifa-etti\" target=\"_blank\" rel=\"noreferrer noopener\">\u0130mamo\u011flu<\/a>\u2019nun a\u00e7\u0131klamas\u0131, \u201cCumhurba\u015fkanl\u0131\u011f\u0131 Aday Ofisi\u201d hesab\u0131ndan payla\u015f\u0131ld\u0131. \u0130mamo\u011flu, \u201c\u0130lk g\u00fcn ne dediysek arkas\u0131nday\u0131z. Hi\u00e7 beklemeyin. Y\u00fcre\u011finiz yetiyorsa duru\u015fmalar\u0131 canl\u0131 yay\u0131nlay\u0131n\u201d ifadelerini kulland\u0131. <\/p>\n\n\n\n<p>G\u00fcrlek\u2019in s\u00f6zlerinin ard\u0131ndan a\u00e7\u0131klama yapan \u0130mamo\u011flu, canl\u0131 yay\u0131n talebinin s\u00fcrd\u00fc\u011f\u00fcn\u00fc belirtti.<\/p>\n\n\n\n<p>\u0130mamo\u011flu, \u201c\u0130lk g\u00fcn ne dediysek arkas\u0131nday\u0131z. Hi\u00e7 beklemeyin. Y\u00fcre\u011finiz yetiyorsa duru\u015fmalar\u0131 canl\u0131 yay\u0131nlay\u0131n\u201d ifadeleriyle Adalet Bakan\u0131 <a href=\"https:\/\/epochtimestr.com\/index.php\/akin-gurlek-duyurdu-orman-yanginlarina-iliskin-12-tutuklama\" target=\"_blank\" rel=\"noreferrer noopener\">G\u00fcrlek<\/a>\u2019e yan\u0131t verdi.<\/p>\n\n\n\n<figure class=\"wp-block-embed is-type-rich is-provider-x wp-block-embed-x\"><div class=\"wp-block-embed__wrapper\">\n<blockquote class=\"twitter-tweet\" data-width=\"550\" data-dnt=\"true\"><p lang=\"tr\" dir=\"ltr\">\u0130lk g\u00fcn ne dediysek arkas\u0131nday\u0131z.<br><br>Hi\u00e7 beklemeyin. Y\u00fcre\u011finiz yetiyorsa duru\u015fmalar\u0131 canl\u0131 yay\u0131nlay\u0131n.<\/p>&mdash; Cumhurba\u015fkanl\u0131\u011f\u0131 Aday Ofisi (@CA_iletisim) <a href=\"https:\/\/x.com\/CA_iletisim\/status\/2093258457818300461?ref_src=twsrc%5Etfw\">August 28, 2026<\/a><\/blockquote><script async src=\"https:\/\/platform.x.com\/widgets.js\" charset=\"utf-8\"><\/script>\n<\/div><\/figure>\n\n\n\n<p><strong>Ne olmu\u015ftu?<\/strong><\/p>\n\n\n\n<p>\u0130stanbul B\u00fcy\u00fck\u015fehir Belediye (\u0130BB) Ba\u015fkan\u0131 Ekrem \u0130mamo\u011flu&#8217;nun tutuklu yarg\u0131land\u0131\u011f\u0131 \u0130BB davas\u0131 devam ederken, Adalet Bakan\u0131 Ak\u0131n G\u00fcrlek de s\u00fcrece dair a\u00e7\u0131klama yapt\u0131. Ak\u0131n G\u00fcrlek, Ekrem \u0130mamo\u011flu&#8217;nun da aralar\u0131nda bulundu\u011fu \u0130BB davas\u0131nda etkin pi\u015fmanl\u0131k ifadelerinin devam etti\u011fini belirtti.<\/p>\n\n\n\n<p>TV100&#8217;e konuk olan G\u00fcrlek, &#8220;Mahkemeler siyaset arenas\u0131 de\u011fildir. Orada siyasi \u015fov yapamazs\u0131n\u0131z. Orada hakk\u0131n\u0131zda isnatlar vard\u0131r, o isnatlara ili\u015fkin savunma yapars\u0131n\u0131z. Ekrem \u0130mamo\u011flu oray\u0131 siyaset arenas\u0131na \u00e7eviriyordu&#8221; ifadelerini kulland\u0131.<\/p>\n\n\n\n<p>&#8220;Dinlenen ki\u015filerin beyanlar\u0131n\u0131n i\u00e7 hesapla\u015fmay\u0131 g\u00f6sterdi\u011fini&#8221; savunan G\u00fcrlek, &#8220;etkin pi\u015fmanl\u0131k&#8221; h\u00fckm\u00fcnden yararlanarak &#8220;itiraf\u00e7\u0131&#8221; olan Muzaffer Beyaz, Ertan Y\u0131ld\u0131z, Adem Kamero\u011flu gibi isimlere i\u015faret etti ve &#8220;Tabii burada da do\u011fal olarak Ekrem \u0130mamo\u011flu ile bu \u015fah\u0131slar aras\u0131nda bir gerginlik oluyor&#8221; demi\u015fti.<\/p>\n\n\n\n<p><strong>S\u00f6z konusu ki\u015filerin savc\u0131l\u0131k a\u015famas\u0131nda &#8220;etkin pi\u015fmanl\u0131k&#8221; h\u00fckm\u00fcnden faydaland\u0131klar\u0131n\u0131 hat\u0131rlatan G\u00fcrlek, \u015f\u00f6yle konu\u015fmu\u015ftu:<\/strong><br \/>&#8220;S\u00fcrekli olarak &#8216;zorla bu \u015fah\u0131slar\u0131n beyanlar\u0131 al\u0131nd\u0131, savc\u0131l\u0131k bask\u0131 yapt\u0131, ailesiyle tehdit etti&#8217; s\u00f6ylemlerini kulland\u0131lar. Ama savc\u0131l\u0131k a\u015famas\u0131nda dinlenen \u015fah\u0131slar\u0131n ayn\u0131 beyanlar\u0131 tekrar ettiklerini g\u00f6r\u00fcyoruz. Ekrem \u0130mamo\u011flu&#8217;nun \u00fczerine isnat edilen eylemlerle ilgili mahkeme sorular soruyor, savc\u0131 sorular soruyor. Tabii bu sorulardan dolay\u0131 Ekrem \u0130mamo\u011flu do\u011fal olarak bir gerginlik \u00e7\u0131kart\u0131yor.&#8221;<\/p>\n\n\n\n<p>Ekrem \u0130mamo\u011flu&#8217;nun daha \u00f6ncesinde duru\u015fmalar\u0131n canl\u0131 yay\u0131nlanmas\u0131na y\u00f6nelik talebini hat\u0131rlatan G\u00fcrlek, &#8220;Acaba Ekrem Bey \u015fu an halen ayn\u0131 s\u00f6ylemin, ayn\u0131 iddian\u0131n arkas\u0131nda durur mu diye sormak istiyorum. \u00c7\u00fcnk\u00fc burada ger\u00e7ekten herkes anlat\u0131yor&#8221; demi\u015fti.<\/p>\n\n\n\n<p>G\u00fcrlek, &#8220;etkin pi\u015fmanl\u0131k&#8221; h\u00fckm\u00fcnden yararlanan ki\u015filerin hakimin takdirine g\u00f6re ceza indirimi alabildi\u011fini belirtti ve &#8220;Bu \u00f6nemli. Sonu\u00e7ta bu saatten sonra oradaki \u015fah\u0131s da ger\u00e7ekleri s\u00f6ylemek istiyor&#8221; demi\u015fti.<\/p>\n","protected":false},"excerpt":{"rendered":"<p>TV100&#8217;de d\u00fcn ak\u015fam (27 A\u011fustos) canl\u0131 yay\u0131na kat\u0131lan Adalet Bakan\u0131 Ak\u0131n G\u00fcrlek, \u0130stanbul B\u00fcy\u00fck\u015fehir Belediyesi (\u0130BB) Ba\u015fkan\u0131 Ekrem \u0130mamo\u011flu&#8217;nun yarg\u0131land\u0131\u011f\u0131 dava hakk\u0131nda dikkat \u00e7eken ifadeler kulland\u0131. Silivri\u2019deki Marmara Cezaevi\u2019nde tutuklu bulunan \u0130mamo\u011flu\u2019nun a\u00e7\u0131klamas\u0131, \u201cCumhurba\u015fkanl\u0131\u011f\u0131 Aday Ofisi\u201d hesab\u0131ndan payla\u015f\u0131ld\u0131. \u0130mamo\u011flu, \u201c\u0130lk g\u00fcn ne dediysek arkas\u0131nday\u0131z. Hi\u00e7 beklemeyin. Y\u00fcre\u011finiz yetiyorsa duru\u015fmalar\u0131 canl\u0131 yay\u0131nlay\u0131n\u201d ifadelerini kulland\u0131. G\u00fcrlek\u2019in s\u00f6zlerinin [&hellip;]<\/p>\n","protected":false},"author":12791,"featured_media":171082,"comment_status":"open","ping_status":"open","sticky":false,"template":"","format":"standard","meta":{"_yoast_wpseo_focuskw":"canl\u0131 yay\u0131n","_yoast_wpseo_title":"","_yoast_wpseo_metadesc":"TV100'de d\u00fcn ak\u015fam canl\u0131 yay\u0131n s\u0131ras\u0131nda Adalet Bakan\u0131 Ak\u0131n G\u00fcrlek, \u0130mamo\u011flu'nun yarg\u0131land\u0131\u011f\u0131 dava hakk\u0131nda dikkat \u00e7eken ifadeler kulland\u0131.","_bbp_topic_count":0,"_bbp_reply_count":0,"_bbp_total_topic_count":0,"_bbp_total_reply_count":0,"_bbp_voice_count":0,"_bbp_anonymous_reply_count":0,"_bbp_topic_count_hidden":0,"_bbp_reply_count_hidden":0,"_bbp_forum_subforum_count":0,"footnotes":"","_yoast_wpseo_focuskw_text_input":""},"categories":[1,8138,8226],"tags":[8769,12489,7419],"yoast_head":"<!-- This site is optimized with the Yoast SEO plugin v23.0 - https:\/\/yoast.com\/wordpress\/plugins\/seo\/ -->\n<title>\u0130mamo\u011flu&#039;ndan Bakan G\u00fcrlek&#039;e Canl\u0131 Yay\u0131n Yan\u0131t\u0131 - The Epoch Times TR<\/title>\n<meta name=\"description\" content=\"TV100&#039;de d\u00fcn ak\u015fam canl\u0131 yay\u0131n s\u0131ras\u0131nda Adalet Bakan\u0131 Ak\u0131n G\u00fcrlek, \u0130mamo\u011flu&#039;nun yarg\u0131land\u0131\u011f\u0131 dava hakk\u0131nda dikkat \u00e7eken ifadeler kulland\u0131.\" \/>\n<meta name=\"robots\" content=\"index, follow, max-snippet:-1, max-image-preview:large, max-video-preview:-1\" \/>\n<link rel=\"canonical\" href=\"https:\/\/epochtimestr.com\/index.php\/imamoglundan-bakan-gurleke-canli-yayin-yaniti\" \/>\n<meta property=\"og:locale\" content=\"tr_TR\" \/>\n<meta property=\"og:type\" content=\"article\" \/>\n<meta property=\"og:title\" content=\"\u0130mamo\u011flu&#039;ndan Bakan G\u00fcrlek&#039;e Canl\u0131 Yay\u0131n Yan\u0131t\u0131 - The Epoch Times TR\" \/>\n<meta property=\"og:description\" content=\"TV100&#039;de d\u00fcn ak\u015fam canl\u0131 yay\u0131n s\u0131ras\u0131nda Adalet Bakan\u0131 Ak\u0131n G\u00fcrlek, \u0130mamo\u011flu&#039;nun yarg\u0131land\u0131\u011f\u0131 dava hakk\u0131nda dikkat \u00e7eken ifadeler kulland\u0131.\" \/>\n<meta property=\"og:url\" content=\"https:\/\/epochtimestr.com\/index.php\/imamoglundan-bakan-gurleke-canli-yayin-yaniti\" \/>\n<meta property=\"og:site_name\" content=\"The Epoch Times TR\" \/>\n<meta property=\"article:publisher\" content=\"https:\/\/www.facebook.com\/theepochtimestr\" \/>\n<meta property=\"article:published_time\" content=\"2026-08-28T14:41:46+00:00\" \/>\n<meta property=\"article:modified_time\" content=\"2026-08-28T14:41:48+00:00\" \/>\n<meta property=\"og:image\" content=\"https:\/\/epochtimestr.com\/wp-content\/uploads\/2011y\/ekrem-imamoglu.com_-1.webp\" \/>\n\t<meta property=\"og:image:width\" content=\"800\" \/>\n\t<meta property=\"og:image:height\" content=\"994\" \/>\n\t<meta property=\"og:image:type\" content=\"image\/webp\" \/>\n<meta name=\"author\" content=\"Haber Merkezi\" \/>\n<meta name=\"twitter:card\" content=\"summary_large_image\" \/>\n<meta name=\"twitter:creator\" content=\"@TheEpochTimesTR\" \/>\n<meta name=\"twitter:site\" content=\"@TheEpochTimesTR\" \/>\n<meta name=\"twitter:label1\" content=\"Yazan:\" \/>\n\t<meta name=\"twitter:data1\" content=\"Haber Merkezi\" \/>\n\t<meta name=\"twitter:label2\" content=\"Tahmini okuma s\u00fcresi\" \/>\n\t<meta name=\"twitter:data2\" content=\"3 dakika\" \/>\n<script type=\"application\/ld+json\" class=\"yoast-schema-graph\">{\"@context\":\"https:\/\/schema.org\",\"@graph\":[{\"@type\":\"Article\",\"@id\":\"https:\/\/epochtimestr.com\/index.php\/imamoglundan-bakan-gurleke-canli-yayin-yaniti#article\",\"isPartOf\":{\"@id\":\"https:\/\/epochtimestr.com\/index.php\/imamoglundan-bakan-gurleke-canli-yayin-yaniti\"},\"author\":{\"name\":\"Haber Merkezi\",\"@id\":\"https:\/\/epochtimestr.com\/#\/schema\/person\/3dc5c3adeb9f43923c5aa85889172fdd\"},\"headline\":\"\u0130mamo\u011flu&#8217;ndan Bakan G\u00fcrlek&#8217;e Canl\u0131 Yay\u0131n Yan\u0131t\u0131\",\"datePublished\":\"2026-08-28T14:41:46+00:00\",\"dateModified\":\"2026-08-28T14:41:48+00:00\",\"mainEntityOfPage\":{\"@id\":\"https:\/\/epochtimestr.com\/index.php\/imamoglundan-bakan-gurleke-canli-yayin-yaniti\"},\"wordCount\":513,\"commentCount\":0,\"publisher\":{\"@id\":\"https:\/\/epochtimestr.com\/#organization\"},\"image\":{\"@id\":\"https:\/\/epochtimestr.com\/index.php\/imamoglundan-bakan-gurleke-canli-yayin-yaniti#primaryimage\"},\"thumbnailUrl\":\"https:\/\/epochtimestr.com\/wp-content\/uploads\/2011y\/ekrem-imamoglu.com_-1.webp\",\"keywords\":[\"Ak\u0131n G\u00fcrlek\",\"Canl\u0131 yay\u0131n\",\"Ekrem \u0130mamo\u011flu\"],\"articleSection\":[\"G\u00dcNDEM\",\"MAN\u015eET\",\"Siyaset\"],\"inLanguage\":\"tr\",\"potentialAction\":[{\"@type\":\"CommentAction\",\"name\":\"Comment\",\"target\":[\"https:\/\/epochtimestr.com\/index.php\/imamoglundan-bakan-gurleke-canli-yayin-yaniti#respond\"]}]},{\"@type\":\"WebPage\",\"@id\":\"https:\/\/epochtimestr.com\/index.php\/imamoglundan-bakan-gurleke-canli-yayin-yaniti\",\"url\":\"https:\/\/epochtimestr.com\/index.php\/imamoglundan-bakan-gurleke-canli-yayin-yaniti\",\"name\":\"\u0130mamo\u011flu'ndan Bakan G\u00fcrlek'e Canl\u0131 Yay\u0131n Yan\u0131t\u0131 - The Epoch Times TR\",\"isPartOf\":{\"@id\":\"https:\/\/epochtimestr.com\/#website\"},\"primaryImageOfPage\":{\"@id\":\"https:\/\/epochtimestr.com\/index.php\/imamoglundan-bakan-gurleke-canli-yayin-yaniti#primaryimage\"},\"image\":{\"@id\":\"https:\/\/epochtimestr.com\/index.php\/imamoglundan-bakan-gurleke-canli-yayin-yaniti#primaryimage\"},\"thumbnailUrl\":\"https:\/\/epochtimestr.com\/wp-content\/uploads\/2011y\/ekrem-imamoglu.com_-1.webp\",\"datePublished\":\"2026-08-28T14:41:46+00:00\",\"dateModified\":\"2026-08-28T14:41:48+00:00\",\"description\":\"TV100'de d\u00fcn ak\u015fam canl\u0131 yay\u0131n s\u0131ras\u0131nda Adalet Bakan\u0131 Ak\u0131n G\u00fcrlek, \u0130mamo\u011flu'nun yarg\u0131land\u0131\u011f\u0131 dava hakk\u0131nda dikkat \u00e7eken ifadeler kulland\u0131.\",\"inLanguage\":\"tr\",\"potentialAction\":[{\"@type\":\"ReadAction\",\"target\":[\"https:\/\/epochtimestr.com\/index.php\/imamoglundan-bakan-gurleke-canli-yayin-yaniti\"]}]},{\"@type\":\"ImageObject\",\"inLanguage\":\"tr\",\"@id\":\"https:\/\/epochtimestr.com\/index.php\/imamoglundan-bakan-gurleke-canli-yayin-yaniti#primaryimage\",\"url\":\"https:\/\/epochtimestr.com\/wp-content\/uploads\/2011y\/ekrem-imamoglu.com_-1.webp\",\"contentUrl\":\"https:\/\/epochtimestr.com\/wp-content\/uploads\/2011y\/ekrem-imamoglu.com_-1.webp\",\"width\":800,\"height\":994},{\"@type\":\"WebSite\",\"@id\":\"https:\/\/epochtimestr.com\/#website\",\"url\":\"https:\/\/epochtimestr.com\/\",\"name\":\"The Epoch Times TR\",\"description\":\"De\u011fi\u015fen D\u00fcnyam\u0131za Taze Bir Bak\u0131\u015f\",\"publisher\":{\"@id\":\"https:\/\/epochtimestr.com\/#organization\"},\"potentialAction\":[{\"@type\":\"SearchAction\",\"target\":{\"@type\":\"EntryPoint\",\"urlTemplate\":\"https:\/\/epochtimestr.com\/?s={search_term_string}\"},\"query-input\":\"required name=search_term_string\"}],\"inLanguage\":\"tr\"},{\"@type\":\"Organization\",\"@id\":\"https:\/\/epochtimestr.com\/#organization\",\"name\":\"The EpochTimes T\u00fcrkiye\",\"url\":\"https:\/\/epochtimestr.com\/\",\"logo\":{\"@type\":\"ImageObject\",\"inLanguage\":\"tr\",\"@id\":\"https:\/\/epochtimestr.com\/#\/schema\/logo\/image\/\",\"url\":\"https:\/\/epochtimestr.com\/wp-content\/uploads\/2011y\/ET-Logo-YG.jpg\",\"contentUrl\":\"https:\/\/epochtimestr.com\/wp-content\/uploads\/2011y\/ET-Logo-YG.jpg\",\"width\":346,\"height\":29,\"caption\":\"The EpochTimes T\u00fcrkiye\"},\"image\":{\"@id\":\"https:\/\/epochtimestr.com\/#\/schema\/logo\/image\/\"},\"sameAs\":[\"https:\/\/www.facebook.com\/theepochtimestr\",\"https:\/\/x.com\/TheEpochTimesTR\",\"https:\/\/www.instagram.com\/epochtimestr\"]},{\"@type\":\"Person\",\"@id\":\"https:\/\/epochtimestr.com\/#\/schema\/person\/3dc5c3adeb9f43923c5aa85889172fdd\",\"name\":\"Haber Merkezi\",\"image\":{\"@type\":\"ImageObject\",\"inLanguage\":\"tr\",\"@id\":\"https:\/\/epochtimestr.com\/#\/schema\/person\/image\/\",\"url\":\"https:\/\/secure.gravatar.com\/avatar\/d73f772ba5a74f28601361e17c2f93e6?s=96&d=mm&r=g\",\"contentUrl\":\"https:\/\/secure.gravatar.com\/avatar\/d73f772ba5a74f28601361e17c2f93e6?s=96&d=mm&r=g\",\"caption\":\"Haber Merkezi\"},\"url\":\"https:\/\/epochtimestr.com\/index.php\/author\/sendag\"}]}<\/script>\n<!-- \/ Yoast SEO plugin. -->","yoast_head_json":{"title":"\u0130mamo\u011flu'ndan Bakan G\u00fcrlek'e Canl\u0131 Yay\u0131n Yan\u0131t\u0131 - The Epoch Times TR","description":"TV100'de d\u00fcn ak\u015fam canl\u0131 yay\u0131n s\u0131ras\u0131nda Adalet Bakan\u0131 Ak\u0131n G\u00fcrlek, \u0130mamo\u011flu'nun yarg\u0131land\u0131\u011f\u0131 dava hakk\u0131nda dikkat \u00e7eken ifadeler kulland\u0131.","robots":{"index":"index","follow":"follow","max-snippet":"max-snippet:-1","max-image-preview":"max-image-preview:large","max-video-preview":"max-video-preview:-1"},"canonical":"https:\/\/epochtimestr.com\/index.php\/imamoglundan-bakan-gurleke-canli-yayin-yaniti","og_locale":"tr_TR","og_type":"article","og_title":"\u0130mamo\u011flu'ndan Bakan G\u00fcrlek'e Canl\u0131 Yay\u0131n Yan\u0131t\u0131 - The Epoch Times TR","og_description":"TV100'de d\u00fcn ak\u015fam canl\u0131 yay\u0131n s\u0131ras\u0131nda Adalet Bakan\u0131 Ak\u0131n G\u00fcrlek, \u0130mamo\u011flu'nun yarg\u0131land\u0131\u011f\u0131 dava hakk\u0131nda dikkat \u00e7eken ifadeler kulland\u0131.","og_url":"https:\/\/epochtimestr.com\/index.php\/imamoglundan-bakan-gurleke-canli-yayin-yaniti","og_site_name":"The Epoch Times TR","article_publisher":"https:\/\/www.facebook.com\/theepochtimestr","article_published_time":"2026-08-28T14:41:46+00:00","article_modified_time":"2026-08-28T14:41:48+00:00","og_image":[{"width":800,"height":994,"url":"https:\/\/epochtimestr.com\/wp-content\/uploads\/2011y\/ekrem-imamoglu.com_-1.webp","type":"image\/webp"}],"author":"Haber Merkezi","twitter_card":"summary_large_image","twitter_creator":"@TheEpochTimesTR","twitter_site":"@TheEpochTimesTR","twitter_misc":{"Yazan:":"Haber Merkezi","Tahmini okuma s\u00fcresi":"3 dakika"},"schema":{"@context":"https:\/\/schema.org","@graph":[{"@type":"Article","@id":"https:\/\/epochtimestr.com\/index.php\/imamoglundan-bakan-gurleke-canli-yayin-yaniti#article","isPartOf":{"@id":"https:\/\/epochtimestr.com\/index.php\/imamoglundan-bakan-gurleke-canli-yayin-yaniti"},"author":{"name":"Haber Merkezi","@id":"https:\/\/epochtimestr.com\/#\/schema\/person\/3dc5c3adeb9f43923c5aa85889172fdd"},"headline":"\u0130mamo\u011flu&#8217;ndan Bakan G\u00fcrlek&#8217;e Canl\u0131 Yay\u0131n Yan\u0131t\u0131","datePublished":"2026-08-28T14:41:46+00:00","dateModified":"2026-08-28T14:41:48+00:00","mainEntityOfPage":{"@id":"https:\/\/epochtimestr.com\/index.php\/imamoglundan-bakan-gurleke-canli-yayin-yaniti"},"wordCount":513,"commentCount":0,"publisher":{"@id":"https:\/\/epochtimestr.com\/#organization"},"image":{"@id":"https:\/\/epochtimestr.com\/index.php\/imamoglundan-bakan-gurleke-canli-yayin-yaniti#primaryimage"},"thumbnailUrl":"https:\/\/epochtimestr.com\/wp-content\/uploads\/2011y\/ekrem-imamoglu.com_-1.webp","keywords":["Ak\u0131n G\u00fcrlek","Canl\u0131 yay\u0131n","Ekrem \u0130mamo\u011flu"],"articleSection":["G\u00dcNDEM","MAN\u015eET","Siyaset"],"inLanguage":"tr","potentialAction":[{"@type":"CommentAction","name":"Comment","target":["https:\/\/epochtimestr.com\/index.php\/imamoglundan-bakan-gurleke-canli-yayin-yaniti#respond"]}]},{"@type":"WebPage","@id":"https:\/\/epochtimestr.com\/index.php\/imamoglundan-bakan-gurleke-canli-yayin-yaniti","url":"https:\/\/epochtimestr.com\/index.php\/imamoglundan-bakan-gurleke-canli-yayin-yaniti","name":"\u0130mamo\u011flu'ndan Bakan G\u00fcrlek'e Canl\u0131 Yay\u0131n Yan\u0131t\u0131 - The Epoch Times TR","isPartOf":{"@id":"https:\/\/epochtimestr.com\/#website"},"primaryImageOfPage":{"@id":"https:\/\/epochtimestr.com\/index.php\/imamoglundan-bakan-gurleke-canli-yayin-yaniti#primaryimage"},"image":{"@id":"https:\/\/epochtimestr.com\/index.php\/imamoglundan-bakan-gurleke-canli-yayin-yaniti#primaryimage"},"thumbnailUrl":"https:\/\/epochtimestr.com\/wp-content\/uploads\/2011y\/ekrem-imamoglu.com_-1.webp","datePublished":"2026-08-28T14:41:46+00:00","dateModified":"2026-08-28T14:41:48+00:00","description":"TV100'de d\u00fcn ak\u015fam canl\u0131 yay\u0131n s\u0131ras\u0131nda Adalet Bakan\u0131 Ak\u0131n G\u00fcrlek, \u0130mamo\u011flu'nun yarg\u0131land\u0131\u011f\u0131 dava hakk\u0131nda dikkat \u00e7eken ifadeler kulland\u0131.","inLanguage":"tr","potentialAction":[{"@type":"ReadAction","target":["https:\/\/epochtimestr.com\/index.php\/imamoglundan-bakan-gurleke-canli-yayin-yaniti"]}]},{"@type":"ImageObject","inLanguage":"tr","@id":"https:\/\/epochtimestr.com\/index.php\/imamoglundan-bakan-gurleke-canli-yayin-yaniti#primaryimage","url":"https:\/\/epochtimestr.com\/wp-content\/uploads\/2011y\/ekrem-imamoglu.com_-1.webp","contentUrl":"https:\/\/epochtimestr.com\/wp-content\/uploads\/2011y\/ekrem-imamoglu.com_-1.webp","width":800,"height":994},{"@type":"WebSite","@id":"https:\/\/epochtimestr.com\/#website","url":"https:\/\/epochtimestr.com\/","name":"The Epoch Times TR","description":"De\u011fi\u015fen D\u00fcnyam\u0131za Taze Bir Bak\u0131\u015f","publisher":{"@id":"https:\/\/epochtimestr.com\/#organization"},"potentialAction":[{"@type":"SearchAction","target":{"@type":"EntryPoint","urlTemplate":"https:\/\/epochtimestr.com\/?s={search_term_string}"},"query-input":"required name=search_term_string"}],"inLanguage":"tr"},{"@type":"Organization","@id":"https:\/\/epochtimestr.com\/#organization","name":"The EpochTimes T\u00fcrkiye","url":"https:\/\/epochtimestr.com\/","logo":{"@type":"ImageObject","inLanguage":"tr","@id":"https:\/\/epochtimestr.com\/#\/schema\/logo\/image\/","url":"https:\/\/epochtimestr.com\/wp-content\/uploads\/2011y\/ET-Logo-YG.jpg","contentUrl":"https:\/\/epochtimestr.com\/wp-content\/uploads\/2011y\/ET-Logo-YG.jpg","width":346,"height":29,"caption":"The EpochTimes T\u00fcrkiye"},"image":{"@id":"https:\/\/epochtimestr.com\/#\/schema\/logo\/image\/"},"sameAs":["https:\/\/www.facebook.com\/theepochtimestr","https:\/\/x.com\/TheEpochTimesTR","https:\/\/www.instagram.com\/epochtimestr"]},{"@type":"Person","@id":"https:\/\/epochtimestr.com\/#\/schema\/person\/3dc5c3adeb9f43923c5aa85889172fdd","name":"Haber Merkezi","image":{"@type":"ImageObject","inLanguage":"tr","@id":"https:\/\/epochtimestr.com\/#\/schema\/person\/image\/","url":"https:\/\/secure.gravatar.com\/avatar\/d73f772ba5a74f28601361e17c2f93e6?s=96&d=mm&r=g","contentUrl":"https:\/\/secure.gravatar.com\/avatar\/d73f772ba5a74f28601361e17c2f93e6?s=96&d=mm&r=g","caption":"Haber Merkezi"},"url":"https:\/\/epochtimestr.com\/index.php\/author\/sendag"}]}},"_links":{"self":[{"href":"https:\/\/epochtimestr.com\/index.php\/wp-json\/wp\/v2\/posts\/171081"}],"collection":[{"href":"https:\/\/epochtimestr.com\/index.php\/wp-json\/wp\/v2\/posts"}],"about":[{"href":"https:\/\/epochtimestr.com\/index.php\/wp-json\/wp\/v2\/types\/post"}],"author":[{"embeddable":true,"href":"https:\/\/epochtimestr.com\/index.php\/wp-json\/wp\/v2\/users\/12791"}],"replies":[{"embeddable":true,"href":"https:\/\/epochtimestr.com\/index.php\/wp-json\/wp\/v2\/comments?post=171081"}],"version-history":[{"count":2,"href":"https:\/\/epochtimestr.com\/index.php\/wp-json\/wp\/v2\/posts\/171081\/revisions"}],"predecessor-version":[{"id":171096,"href":"https:\/\/epochtimestr.com\/index.php\/wp-json\/wp\/v2\/posts\/171081\/revisions\/171096"}],"wp:featuredmedia":[{"embeddable":true,"href":"https:\/\/epochtimestr.com\/index.php\/wp-json\/wp\/v2\/media\/171082"}],"wp:attachment":[{"href":"https:\/\/epochtimestr.com\/index.php\/wp-json\/wp\/v2\/media?parent=171081"}],"wp:term":[{"taxonomy":"category","embeddable":true,"href":"https:\/\/epochtimestr.com\/index.php\/wp-json\/wp\/v2\/categories?post=171081"},{"taxonomy":"post_tag","embeddable":true,"href":"https:\/\/epochtimestr.com\/index.php\/wp-json\/wp\/v2\/tags?post=171081"}],"curies":[{"name":"wp","href":"https:\/\/api.w.org\/{rel}","templated":true}]}}