{"id":171084,"date":"2026-08-28T17:48:55","date_gmt":"2026-08-28T14:48:55","guid":{"rendered":"https:\/\/epochtimestr.com\/?p=171084"},"modified":"2026-08-28T17:48:57","modified_gmt":"2026-08-28T14:48:57","slug":"ankara-ve-istanbulun-en-degerli-bolgeleri-satildi","status":"publish","type":"post","link":"https:\/\/epochtimestr.com\/index.php\/ankara-ve-istanbulun-en-degerli-bolgeleri-satildi","title":{"rendered":"Ankara ve \u0130stanbul&#8217;un En De\u011ferli B\u00f6lgeleri Sat\u0131ld\u0131"},"content":{"rendered":"<div class=\"wp-block-image\">\n<figure class=\"aligncenter size-full\"><img loading=\"lazy\" decoding=\"async\" width=\"864\" height=\"486\" src=\"https:\/\/epochtimestr.com\/wp-content\/uploads\/2011y\/cumhurbaskanligi-x-1.webp\" alt=\"Ankara ve \u0130stanbul'un en de\u011ferli b\u00f6lgeleri sat\u0131ld\u0131. (Foto\u011fraf: TC Cumhurba\u015fkanl\u0131\u011f\u0131 x hesab\u0131)\" class=\"wp-image-171085\" srcset=\"https:\/\/epochtimestr.com\/wp-content\/uploads\/2011y\/cumhurbaskanligi-x-1.webp 864w, https:\/\/epochtimestr.com\/wp-content\/uploads\/2011y\/cumhurbaskanligi-x-1-300x169.webp 300w, https:\/\/epochtimestr.com\/wp-content\/uploads\/2011y\/cumhurbaskanligi-x-1-150x84.webp 150w, https:\/\/epochtimestr.com\/wp-content\/uploads\/2011y\/cumhurbaskanligi-x-1-768x432.webp 768w\" sizes=\"(max-width: 864px) 100vw, 864px\" \/><figcaption class=\"wp-element-caption\">Ankara ve \u0130stanbul&#8217;un en de\u011ferli b\u00f6lgeleri sat\u0131ld\u0131. (Foto\u011fraf: TC Cumhurba\u015fkanl\u0131\u011f\u0131 x hesab\u0131)<\/figcaption><\/figure><\/div>\n\n\n<h2 class=\"wp-block-heading\">Cumhurba\u015fkan\u0131 Recep Tayyip Erdo\u011fan\u2019\u0131n imzas\u0131yla Ankara ve \u0130stanbul\u2019un en de\u011ferli b\u00f6lgelerindeki baz\u0131 kamu ta\u015f\u0131nmazlar\u0131n\u0131n sat\u0131\u015f\u0131na ili\u015fkin kararlar onayland\u0131.<\/h2>\n\n\n\n<p>\u0130stanbul ve Ankara&#8217;n\u0131n en g\u00f6zde mahallelerinde devlete ait ta\u015f\u0131nmazlar \u00f6zel \u015firketlere sat\u0131ld\u0131. <a href=\"https:\/\/epochtimestr.com\/index.php\/cayirhan-iscileri-ozellestirmeye-karsi-hazine-ve-maliye-bakanligina-yuruyor\" target=\"_blank\" rel=\"noreferrer noopener\">\u00d6zelle\u015ftirme <\/a>\u0130daresi Ba\u015fkanl\u0131\u011f\u0131&#8217;n\u0131n Ankara ve \u0130stanbul\u2019daki baz\u0131 ta\u015f\u0131nmazlara ili\u015fkin sat\u0131\u015f kararlar\u0131 onayland\u0131. Cumhurba\u015fkan\u0131 <a href=\"https:\/\/epochtimestr.com\/index.php\/erdogan-verdigi-sozu-yerine-getirmesini-bekliyorum\">Erdo\u011fan<\/a>\u2019\u0131n imzas\u0131n\u0131 ta\u015f\u0131yan kararlar Resm\u00ee Gazete\u2019de yay\u0131mland\u0131.<\/p>\n\n\n\n<p><strong>Sadece Kemerburgaz\u2019daki ta\u015f\u0131nmazlar tek bir \u015firkete 1,2 milyar liraya sat\u0131ld\u0131.<\/strong><\/p>\n\n\n\n<p>Ceynak Lojistik ve Ticaret A\u015e Kemerburgaz&#8217;da sadece tek ihaleyi 1 milyar 210 milyona sat\u0131n ald\u0131. \u00d6zelle\u015ftirme \u0130daresi Ba\u015fkanl\u0131\u011f\u0131\u2019n\u0131n Ankara\u2019n\u0131n \u00c7ankaya ve Mamak il\u00e7eleri ile \u0130stanbul\u2019un Ey\u00fcpsultan il\u00e7esindeki baz\u0131 ta\u015f\u0131nmazlara ili\u015fkin sat\u0131\u015f kararlar\u0131 kapsam\u0131nda toplam 1 milyar 483 milyon 800 bin liral\u0131k sat\u0131\u015f ger\u00e7ekle\u015fti.<\/p>\n\n\n\n<p>Ankara\u2019n\u0131n \u00c7ankaya il\u00e7esine ba\u011fl\u0131 Kavakl\u0131dere Mahallesi\u2019nde bulunan ve Maliye Hazinesi ad\u0131na kay\u0131tl\u0131 ta\u015f\u0131nmaz i\u00e7in en y\u00fcksek teklif 155 milyon lira oldu. Ta\u015f\u0131nmaz\u0131 Carpartner Yard\u0131m ve Destek Hizmetleri Otomotiv Nakliyat Taahh\u00fct Ticaret Limited \u015eirketi sat\u0131n ald\u0131.<\/p>\n\n\n\n<p>\u0130stanbul\u2019un Ey\u00fcpsultan il\u00e7esine ba\u011fl\u0131 Kemerburgaz k\u00f6y\u00fcnde bulunan ve \u00d6\u0130B ad\u0131na kay\u0131tl\u0131 ta\u015f\u0131nmazlar\u0131n sat\u0131\u015f\u0131 da ger\u00e7ekle\u015fti. Ta\u015f\u0131nmazlar\u0131 bir b\u00fct\u00fcn olarak kapsayan ihalede en y\u00fcksek teklifi 1 milyar 210 milyon lirayla Ceynak Lojistik ve Ticaret A\u015e verdi. Ta\u015f\u0131nmazlar\u0131n bulundu\u011fu parsellerin toplam y\u00fcz\u00f6l\u00e7\u00fcm\u00fc 17 bin 678 metrekare yani 2,5 futbol sahas\u0131 b\u00fcy\u00fckl\u00fc\u011f\u00fcnde.<\/p>\n\n\n<div class=\"wp-block-image\">\n<figure class=\"aligncenter size-full\"><img loading=\"lazy\" decoding=\"async\" width=\"612\" height=\"854\" src=\"https:\/\/epochtimestr.com\/wp-content\/uploads\/2011y\/resmi-gazete-2.webp\" alt=\"\" class=\"wp-image-171086\" srcset=\"https:\/\/epochtimestr.com\/wp-content\/uploads\/2011y\/resmi-gazete-2.webp 612w, https:\/\/epochtimestr.com\/wp-content\/uploads\/2011y\/resmi-gazete-2-215x300.webp 215w, https:\/\/epochtimestr.com\/wp-content\/uploads\/2011y\/resmi-gazete-2-107x150.webp 107w\" sizes=\"(max-width: 612px) 100vw, 612px\" \/><\/figure><\/div>","protected":false},"excerpt":{"rendered":"<p>Cumhurba\u015fkan\u0131 Recep Tayyip Erdo\u011fan\u2019\u0131n imzas\u0131yla Ankara ve \u0130stanbul\u2019un en de\u011ferli b\u00f6lgelerindeki baz\u0131 kamu ta\u015f\u0131nmazlar\u0131n\u0131n sat\u0131\u015f\u0131na ili\u015fkin kararlar onayland\u0131. \u0130stanbul ve Ankara&#8217;n\u0131n en g\u00f6zde mahallelerinde devlete ait ta\u015f\u0131nmazlar \u00f6zel \u015firketlere sat\u0131ld\u0131. \u00d6zelle\u015ftirme \u0130daresi Ba\u015fkanl\u0131\u011f\u0131&#8217;n\u0131n Ankara ve \u0130stanbul\u2019daki baz\u0131 ta\u015f\u0131nmazlara ili\u015fkin sat\u0131\u015f kararlar\u0131 onayland\u0131. Cumhurba\u015fkan\u0131 Erdo\u011fan\u2019\u0131n imzas\u0131n\u0131 ta\u015f\u0131yan kararlar Resm\u00ee Gazete\u2019de yay\u0131mland\u0131. Sadece Kemerburgaz\u2019daki ta\u015f\u0131nmazlar tek bir [&hellip;]<\/p>\n","protected":false},"author":12791,"featured_media":171085,"comment_status":"open","ping_status":"open","sticky":false,"template":"","format":"standard","meta":{"_yoast_wpseo_focuskw":"Ankara - en de\u011ferli","_yoast_wpseo_title":"","_yoast_wpseo_metadesc":"Cumhurba\u015fkan\u0131 Erdo\u011fan\u2019\u0131n imzas\u0131yla Ankara ve \u0130stanbul\u2019un en de\u011ferli b\u00f6lgelerindeki kamu ta\u015f\u0131nmazlar\u0131n\u0131n sat\u0131\u015f\u0131na ili\u015fkin kararlar onayland\u0131.","_bbp_topic_count":0,"_bbp_reply_count":0,"_bbp_total_topic_count":0,"_bbp_total_reply_count":0,"_bbp_voice_count":0,"_bbp_anonymous_reply_count":0,"_bbp_topic_count_hidden":0,"_bbp_reply_count_hidden":0,"_bbp_forum_subforum_count":0,"footnotes":"","_yoast_wpseo_focuskw_text_input":""},"categories":[1,8138,8226,8419],"tags":[49,12492,12491,4788,7348,6804,8595,12387,12493],"yoast_head":"<!-- This site is optimized with the Yoast SEO plugin v23.0 - https:\/\/yoast.com\/wordpress\/plugins\/seo\/ -->\n<title>Ankara ve \u0130stanbul&#039;un En De\u011ferli B\u00f6lgeleri Sat\u0131ld\u0131 - The Epoch Times TR<\/title>\n<meta name=\"description\" content=\"Cumhurba\u015fkan\u0131 Erdo\u011fan\u2019\u0131n imzas\u0131yla Ankara ve \u0130stanbul\u2019un en de\u011ferli b\u00f6lgelerindeki kamu ta\u015f\u0131nmazlar\u0131n\u0131n sat\u0131\u015f\u0131na ili\u015fkin kararlar onayland\u0131.\" \/>\n<meta name=\"robots\" content=\"index, follow, max-snippet:-1, max-image-preview:large, max-video-preview:-1\" \/>\n<link rel=\"canonical\" href=\"https:\/\/epochtimestr.com\/index.php\/ankara-ve-istanbulun-en-degerli-bolgeleri-satildi\" \/>\n<meta property=\"og:locale\" content=\"tr_TR\" \/>\n<meta property=\"og:type\" content=\"article\" \/>\n<meta property=\"og:title\" content=\"Ankara ve \u0130stanbul&#039;un En De\u011ferli B\u00f6lgeleri Sat\u0131ld\u0131 - The Epoch Times TR\" \/>\n<meta property=\"og:description\" content=\"Cumhurba\u015fkan\u0131 Erdo\u011fan\u2019\u0131n imzas\u0131yla Ankara ve \u0130stanbul\u2019un en de\u011ferli b\u00f6lgelerindeki kamu ta\u015f\u0131nmazlar\u0131n\u0131n sat\u0131\u015f\u0131na ili\u015fkin kararlar onayland\u0131.\" \/>\n<meta property=\"og:url\" content=\"https:\/\/epochtimestr.com\/index.php\/ankara-ve-istanbulun-en-degerli-bolgeleri-satildi\" \/>\n<meta property=\"og:site_name\" content=\"The Epoch Times TR\" \/>\n<meta property=\"article:publisher\" content=\"https:\/\/www.facebook.com\/theepochtimestr\" \/>\n<meta property=\"article:published_time\" content=\"2026-08-28T14:48:55+00:00\" \/>\n<meta property=\"article:modified_time\" content=\"2026-08-28T14:48:57+00:00\" \/>\n<meta property=\"og:image\" content=\"https:\/\/epochtimestr.com\/wp-content\/uploads\/2011y\/cumhurbaskanligi-x-1.webp\" \/>\n\t<meta property=\"og:image:width\" content=\"864\" \/>\n\t<meta property=\"og:image:height\" content=\"486\" \/>\n\t<meta property=\"og:image:type\" content=\"image\/webp\" \/>\n<meta name=\"author\" content=\"Haber Merkezi\" \/>\n<meta name=\"twitter:card\" content=\"summary_large_image\" \/>\n<meta name=\"twitter:creator\" content=\"@TheEpochTimesTR\" \/>\n<meta name=\"twitter:site\" content=\"@TheEpochTimesTR\" \/>\n<meta name=\"twitter:label1\" content=\"Yazan:\" \/>\n\t<meta name=\"twitter:data1\" content=\"Haber Merkezi\" \/>\n\t<meta name=\"twitter:label2\" content=\"Tahmini okuma s\u00fcresi\" \/>\n\t<meta name=\"twitter:data2\" content=\"2 dakika\" \/>\n<script type=\"application\/ld+json\" class=\"yoast-schema-graph\">{\"@context\":\"https:\/\/schema.org\",\"@graph\":[{\"@type\":\"Article\",\"@id\":\"https:\/\/epochtimestr.com\/index.php\/ankara-ve-istanbulun-en-degerli-bolgeleri-satildi#article\",\"isPartOf\":{\"@id\":\"https:\/\/epochtimestr.com\/index.php\/ankara-ve-istanbulun-en-degerli-bolgeleri-satildi\"},\"author\":{\"name\":\"Haber Merkezi\",\"@id\":\"https:\/\/epochtimestr.com\/#\/schema\/person\/3dc5c3adeb9f43923c5aa85889172fdd\"},\"headline\":\"Ankara ve \u0130stanbul&#8217;un En De\u011ferli B\u00f6lgeleri Sat\u0131ld\u0131\",\"datePublished\":\"2026-08-28T14:48:55+00:00\",\"dateModified\":\"2026-08-28T14:48:57+00:00\",\"mainEntityOfPage\":{\"@id\":\"https:\/\/epochtimestr.com\/index.php\/ankara-ve-istanbulun-en-degerli-bolgeleri-satildi\"},\"wordCount\":292,\"commentCount\":0,\"publisher\":{\"@id\":\"https:\/\/epochtimestr.com\/#organization\"},\"image\":{\"@id\":\"https:\/\/epochtimestr.com\/index.php\/ankara-ve-istanbulun-en-degerli-bolgeleri-satildi#primaryimage\"},\"thumbnailUrl\":\"https:\/\/epochtimestr.com\/wp-content\/uploads\/2011y\/cumhurbaskanligi-x-1.webp\",\"keywords\":[\"ankara\",\"Carpartner Yard\u0131m ve Destek Hizmetleri Otomotiv Nakliyat Taahh\u00fct Ticaret Limited \u015eirketi\",\"Ceynak Lojistik ve Ticaret A\u015e\",\"cumhurba\u015fkan\u0131 erdo\u011fan\",\"\u0130stanbul\",\"\u00d6zelle\u015ftirme\",\"\u00d6zelle\u015ftirme \u0130daresi Ba\u015fkanl\u0131\u011f\u0131\",\"Sat\u0131\u015f\",\"ta\u015f\u0131nmazlar\"],\"articleSection\":[\"G\u00dcNDEM\",\"MAN\u015eET\",\"Siyaset\",\"Ya\u015fam\"],\"inLanguage\":\"tr\",\"potentialAction\":[{\"@type\":\"CommentAction\",\"name\":\"Comment\",\"target\":[\"https:\/\/epochtimestr.com\/index.php\/ankara-ve-istanbulun-en-degerli-bolgeleri-satildi#respond\"]}]},{\"@type\":\"WebPage\",\"@id\":\"https:\/\/epochtimestr.com\/index.php\/ankara-ve-istanbulun-en-degerli-bolgeleri-satildi\",\"url\":\"https:\/\/epochtimestr.com\/index.php\/ankara-ve-istanbulun-en-degerli-bolgeleri-satildi\",\"name\":\"Ankara ve \u0130stanbul'un En De\u011ferli B\u00f6lgeleri Sat\u0131ld\u0131 - The Epoch Times TR\",\"isPartOf\":{\"@id\":\"https:\/\/epochtimestr.com\/#website\"},\"primaryImageOfPage\":{\"@id\":\"https:\/\/epochtimestr.com\/index.php\/ankara-ve-istanbulun-en-degerli-bolgeleri-satildi#primaryimage\"},\"image\":{\"@id\":\"https:\/\/epochtimestr.com\/index.php\/ankara-ve-istanbulun-en-degerli-bolgeleri-satildi#primaryimage\"},\"thumbnailUrl\":\"https:\/\/epochtimestr.com\/wp-content\/uploads\/2011y\/cumhurbaskanligi-x-1.webp\",\"datePublished\":\"2026-08-28T14:48:55+00:00\",\"dateModified\":\"2026-08-28T14:48:57+00:00\",\"description\":\"Cumhurba\u015fkan\u0131 Erdo\u011fan\u2019\u0131n imzas\u0131yla Ankara ve \u0130stanbul\u2019un en de\u011ferli b\u00f6lgelerindeki kamu ta\u015f\u0131nmazlar\u0131n\u0131n sat\u0131\u015f\u0131na ili\u015fkin kararlar onayland\u0131.\",\"inLanguage\":\"tr\",\"potentialAction\":[{\"@type\":\"ReadAction\",\"target\":[\"https:\/\/epochtimestr.com\/index.php\/ankara-ve-istanbulun-en-degerli-bolgeleri-satildi\"]}]},{\"@type\":\"ImageObject\",\"inLanguage\":\"tr\",\"@id\":\"https:\/\/epochtimestr.com\/index.php\/ankara-ve-istanbulun-en-degerli-bolgeleri-satildi#primaryimage\",\"url\":\"https:\/\/epochtimestr.com\/wp-content\/uploads\/2011y\/cumhurbaskanligi-x-1.webp\",\"contentUrl\":\"https:\/\/epochtimestr.com\/wp-content\/uploads\/2011y\/cumhurbaskanligi-x-1.webp\",\"width\":864,\"height\":486},{\"@type\":\"WebSite\",\"@id\":\"https:\/\/epochtimestr.com\/#website\",\"url\":\"https:\/\/epochtimestr.com\/\",\"name\":\"The Epoch Times TR\",\"description\":\"De\u011fi\u015fen D\u00fcnyam\u0131za Taze Bir Bak\u0131\u015f\",\"publisher\":{\"@id\":\"https:\/\/epochtimestr.com\/#organization\"},\"potentialAction\":[{\"@type\":\"SearchAction\",\"target\":{\"@type\":\"EntryPoint\",\"urlTemplate\":\"https:\/\/epochtimestr.com\/?s={search_term_string}\"},\"query-input\":\"required name=search_term_string\"}],\"inLanguage\":\"tr\"},{\"@type\":\"Organization\",\"@id\":\"https:\/\/epochtimestr.com\/#organization\",\"name\":\"The EpochTimes T\u00fcrkiye\",\"url\":\"https:\/\/epochtimestr.com\/\",\"logo\":{\"@type\":\"ImageObject\",\"inLanguage\":\"tr\",\"@id\":\"https:\/\/epochtimestr.com\/#\/schema\/logo\/image\/\",\"url\":\"https:\/\/epochtimestr.com\/wp-content\/uploads\/2011y\/ET-Logo-YG.jpg\",\"contentUrl\":\"https:\/\/epochtimestr.com\/wp-content\/uploads\/2011y\/ET-Logo-YG.jpg\",\"width\":346,\"height\":29,\"caption\":\"The EpochTimes T\u00fcrkiye\"},\"image\":{\"@id\":\"https:\/\/epochtimestr.com\/#\/schema\/logo\/image\/\"},\"sameAs\":[\"https:\/\/www.facebook.com\/theepochtimestr\",\"https:\/\/x.com\/TheEpochTimesTR\",\"https:\/\/www.instagram.com\/epochtimestr\"]},{\"@type\":\"Person\",\"@id\":\"https:\/\/epochtimestr.com\/#\/schema\/person\/3dc5c3adeb9f43923c5aa85889172fdd\",\"name\":\"Haber Merkezi\",\"image\":{\"@type\":\"ImageObject\",\"inLanguage\":\"tr\",\"@id\":\"https:\/\/epochtimestr.com\/#\/schema\/person\/image\/\",\"url\":\"https:\/\/secure.gravatar.com\/avatar\/d73f772ba5a74f28601361e17c2f93e6?s=96&d=mm&r=g\",\"contentUrl\":\"https:\/\/secure.gravatar.com\/avatar\/d73f772ba5a74f28601361e17c2f93e6?s=96&d=mm&r=g\",\"caption\":\"Haber Merkezi\"},\"url\":\"https:\/\/epochtimestr.com\/index.php\/author\/sendag\"}]}<\/script>\n<!-- \/ Yoast SEO plugin. -->","yoast_head_json":{"title":"Ankara ve \u0130stanbul'un En De\u011ferli B\u00f6lgeleri Sat\u0131ld\u0131 - The Epoch Times TR","description":"Cumhurba\u015fkan\u0131 Erdo\u011fan\u2019\u0131n imzas\u0131yla Ankara ve \u0130stanbul\u2019un en de\u011ferli b\u00f6lgelerindeki kamu ta\u015f\u0131nmazlar\u0131n\u0131n sat\u0131\u015f\u0131na ili\u015fkin kararlar onayland\u0131.","robots":{"index":"index","follow":"follow","max-snippet":"max-snippet:-1","max-image-preview":"max-image-preview:large","max-video-preview":"max-video-preview:-1"},"canonical":"https:\/\/epochtimestr.com\/index.php\/ankara-ve-istanbulun-en-degerli-bolgeleri-satildi","og_locale":"tr_TR","og_type":"article","og_title":"Ankara ve \u0130stanbul'un En De\u011ferli B\u00f6lgeleri Sat\u0131ld\u0131 - The Epoch Times TR","og_description":"Cumhurba\u015fkan\u0131 Erdo\u011fan\u2019\u0131n imzas\u0131yla Ankara ve \u0130stanbul\u2019un en de\u011ferli b\u00f6lgelerindeki kamu ta\u015f\u0131nmazlar\u0131n\u0131n sat\u0131\u015f\u0131na ili\u015fkin kararlar onayland\u0131.","og_url":"https:\/\/epochtimestr.com\/index.php\/ankara-ve-istanbulun-en-degerli-bolgeleri-satildi","og_site_name":"The Epoch Times TR","article_publisher":"https:\/\/www.facebook.com\/theepochtimestr","article_published_time":"2026-08-28T14:48:55+00:00","article_modified_time":"2026-08-28T14:48:57+00:00","og_image":[{"width":864,"height":486,"url":"https:\/\/epochtimestr.com\/wp-content\/uploads\/2011y\/cumhurbaskanligi-x-1.webp","type":"image\/webp"}],"author":"Haber Merkezi","twitter_card":"summary_large_image","twitter_creator":"@TheEpochTimesTR","twitter_site":"@TheEpochTimesTR","twitter_misc":{"Yazan:":"Haber Merkezi","Tahmini okuma s\u00fcresi":"2 dakika"},"schema":{"@context":"https:\/\/schema.org","@graph":[{"@type":"Article","@id":"https:\/\/epochtimestr.com\/index.php\/ankara-ve-istanbulun-en-degerli-bolgeleri-satildi#article","isPartOf":{"@id":"https:\/\/epochtimestr.com\/index.php\/ankara-ve-istanbulun-en-degerli-bolgeleri-satildi"},"author":{"name":"Haber Merkezi","@id":"https:\/\/epochtimestr.com\/#\/schema\/person\/3dc5c3adeb9f43923c5aa85889172fdd"},"headline":"Ankara ve \u0130stanbul&#8217;un En De\u011ferli B\u00f6lgeleri Sat\u0131ld\u0131","datePublished":"2026-08-28T14:48:55+00:00","dateModified":"2026-08-28T14:48:57+00:00","mainEntityOfPage":{"@id":"https:\/\/epochtimestr.com\/index.php\/ankara-ve-istanbulun-en-degerli-bolgeleri-satildi"},"wordCount":292,"commentCount":0,"publisher":{"@id":"https:\/\/epochtimestr.com\/#organization"},"image":{"@id":"https:\/\/epochtimestr.com\/index.php\/ankara-ve-istanbulun-en-degerli-bolgeleri-satildi#primaryimage"},"thumbnailUrl":"https:\/\/epochtimestr.com\/wp-content\/uploads\/2011y\/cumhurbaskanligi-x-1.webp","keywords":["ankara","Carpartner Yard\u0131m ve Destek Hizmetleri Otomotiv Nakliyat Taahh\u00fct Ticaret Limited \u015eirketi","Ceynak Lojistik ve Ticaret A\u015e","cumhurba\u015fkan\u0131 erdo\u011fan","\u0130stanbul","\u00d6zelle\u015ftirme","\u00d6zelle\u015ftirme \u0130daresi Ba\u015fkanl\u0131\u011f\u0131","Sat\u0131\u015f","ta\u015f\u0131nmazlar"],"articleSection":["G\u00dcNDEM","MAN\u015eET","Siyaset","Ya\u015fam"],"inLanguage":"tr","potentialAction":[{"@type":"CommentAction","name":"Comment","target":["https:\/\/epochtimestr.com\/index.php\/ankara-ve-istanbulun-en-degerli-bolgeleri-satildi#respond"]}]},{"@type":"WebPage","@id":"https:\/\/epochtimestr.com\/index.php\/ankara-ve-istanbulun-en-degerli-bolgeleri-satildi","url":"https:\/\/epochtimestr.com\/index.php\/ankara-ve-istanbulun-en-degerli-bolgeleri-satildi","name":"Ankara ve \u0130stanbul'un En De\u011ferli B\u00f6lgeleri Sat\u0131ld\u0131 - The Epoch Times TR","isPartOf":{"@id":"https:\/\/epochtimestr.com\/#website"},"primaryImageOfPage":{"@id":"https:\/\/epochtimestr.com\/index.php\/ankara-ve-istanbulun-en-degerli-bolgeleri-satildi#primaryimage"},"image":{"@id":"https:\/\/epochtimestr.com\/index.php\/ankara-ve-istanbulun-en-degerli-bolgeleri-satildi#primaryimage"},"thumbnailUrl":"https:\/\/epochtimestr.com\/wp-content\/uploads\/2011y\/cumhurbaskanligi-x-1.webp","datePublished":"2026-08-28T14:48:55+00:00","dateModified":"2026-08-28T14:48:57+00:00","description":"Cumhurba\u015fkan\u0131 Erdo\u011fan\u2019\u0131n imzas\u0131yla Ankara ve \u0130stanbul\u2019un en de\u011ferli b\u00f6lgelerindeki kamu ta\u015f\u0131nmazlar\u0131n\u0131n sat\u0131\u015f\u0131na ili\u015fkin kararlar onayland\u0131.","inLanguage":"tr","potentialAction":[{"@type":"ReadAction","target":["https:\/\/epochtimestr.com\/index.php\/ankara-ve-istanbulun-en-degerli-bolgeleri-satildi"]}]},{"@type":"ImageObject","inLanguage":"tr","@id":"https:\/\/epochtimestr.com\/index.php\/ankara-ve-istanbulun-en-degerli-bolgeleri-satildi#primaryimage","url":"https:\/\/epochtimestr.com\/wp-content\/uploads\/2011y\/cumhurbaskanligi-x-1.webp","contentUrl":"https:\/\/epochtimestr.com\/wp-content\/uploads\/2011y\/cumhurbaskanligi-x-1.webp","width":864,"height":486},{"@type":"WebSite","@id":"https:\/\/epochtimestr.com\/#website","url":"https:\/\/epochtimestr.com\/","name":"The Epoch Times TR","description":"De\u011fi\u015fen D\u00fcnyam\u0131za Taze Bir Bak\u0131\u015f","publisher":{"@id":"https:\/\/epochtimestr.com\/#organization"},"potentialAction":[{"@type":"SearchAction","target":{"@type":"EntryPoint","urlTemplate":"https:\/\/epochtimestr.com\/?s={search_term_string}"},"query-input":"required name=search_term_string"}],"inLanguage":"tr"},{"@type":"Organization","@id":"https:\/\/epochtimestr.com\/#organization","name":"The EpochTimes T\u00fcrkiye","url":"https:\/\/epochtimestr.com\/","logo":{"@type":"ImageObject","inLanguage":"tr","@id":"https:\/\/epochtimestr.com\/#\/schema\/logo\/image\/","url":"https:\/\/epochtimestr.com\/wp-content\/uploads\/2011y\/ET-Logo-YG.jpg","contentUrl":"https:\/\/epochtimestr.com\/wp-content\/uploads\/2011y\/ET-Logo-YG.jpg","width":346,"height":29,"caption":"The EpochTimes T\u00fcrkiye"},"image":{"@id":"https:\/\/epochtimestr.com\/#\/schema\/logo\/image\/"},"sameAs":["https:\/\/www.facebook.com\/theepochtimestr","https:\/\/x.com\/TheEpochTimesTR","https:\/\/www.instagram.com\/epochtimestr"]},{"@type":"Person","@id":"https:\/\/epochtimestr.com\/#\/schema\/person\/3dc5c3adeb9f43923c5aa85889172fdd","name":"Haber Merkezi","image":{"@type":"ImageObject","inLanguage":"tr","@id":"https:\/\/epochtimestr.com\/#\/schema\/person\/image\/","url":"https:\/\/secure.gravatar.com\/avatar\/d73f772ba5a74f28601361e17c2f93e6?s=96&d=mm&r=g","contentUrl":"https:\/\/secure.gravatar.com\/avatar\/d73f772ba5a74f28601361e17c2f93e6?s=96&d=mm&r=g","caption":"Haber Merkezi"},"url":"https:\/\/epochtimestr.com\/index.php\/author\/sendag"}]}},"_links":{"self":[{"href":"https:\/\/epochtimestr.com\/index.php\/wp-json\/wp\/v2\/posts\/171084"}],"collection":[{"href":"https:\/\/epochtimestr.com\/index.php\/wp-json\/wp\/v2\/posts"}],"about":[{"href":"https:\/\/epochtimestr.com\/index.php\/wp-json\/wp\/v2\/types\/post"}],"author":[{"embeddable":true,"href":"https:\/\/epochtimestr.com\/index.php\/wp-json\/wp\/v2\/users\/12791"}],"replies":[{"embeddable":true,"href":"https:\/\/epochtimestr.com\/index.php\/wp-json\/wp\/v2\/comments?post=171084"}],"version-history":[{"count":2,"href":"https:\/\/epochtimestr.com\/index.php\/wp-json\/wp\/v2\/posts\/171084\/revisions"}],"predecessor-version":[{"id":171098,"href":"https:\/\/epochtimestr.com\/index.php\/wp-json\/wp\/v2\/posts\/171084\/revisions\/171098"}],"wp:featuredmedia":[{"embeddable":true,"href":"https:\/\/epochtimestr.com\/index.php\/wp-json\/wp\/v2\/media\/171085"}],"wp:attachment":[{"href":"https:\/\/epochtimestr.com\/index.php\/wp-json\/wp\/v2\/media?parent=171084"}],"wp:term":[{"taxonomy":"category","embeddable":true,"href":"https:\/\/epochtimestr.com\/index.php\/wp-json\/wp\/v2\/categories?post=171084"},{"taxonomy":"post_tag","embeddable":true,"href":"https:\/\/epochtimestr.com\/index.php\/wp-json\/wp\/v2\/tags?post=171084"}],"curies":[{"name":"wp","href":"https:\/\/api.w.org\/{rel}","templated":true}]}}