{"id":171088,"date":"2026-08-28T17:58:26","date_gmt":"2026-08-28T14:58:26","guid":{"rendered":"https:\/\/epochtimestr.com\/?p=171088"},"modified":"2026-08-28T17:58:28","modified_gmt":"2026-08-28T14:58:28","slug":"birlesik-kamu-is-dort-kisilik-bir-ailenin-aclik-sinirini-acikladi","status":"publish","type":"post","link":"https:\/\/epochtimestr.com\/index.php\/birlesik-kamu-is-dort-kisilik-bir-ailenin-aclik-sinirini-acikladi","title":{"rendered":"Birle\u015fik Kamu-\u0130\u015f D\u00f6rt Ki\u015filik Bir Ailenin A\u00e7l\u0131k S\u0131n\u0131r\u0131n\u0131 A\u00e7\u0131klad\u0131"},"content":{"rendered":"<div class=\"wp-block-image\">\n<figure class=\"aligncenter size-full is-resized\"><img loading=\"lazy\" decoding=\"async\" width=\"1280\" height=\"960\" src=\"https:\/\/epochtimestr.com\/wp-content\/uploads\/2011y\/yoksulluk.jpg\" alt=\"Birle\u015fik Kamu-\u0130\u015f Konfederasyonu d\u00f6rt ki\u015filik bir ailenin A\u011fustos ay\u0131 a\u00e7l\u0131k s\u0131n\u0131r\u0131n\u0131 a\u00e7\u0131klad\u0131. (Foto\u011fraf: alandsmann, Pixabay)\" class=\"wp-image-171089\" style=\"width:840px;height:auto\" srcset=\"https:\/\/epochtimestr.com\/wp-content\/uploads\/2011y\/yoksulluk.jpg 1280w, https:\/\/epochtimestr.com\/wp-content\/uploads\/2011y\/yoksulluk-300x225.jpg 300w, https:\/\/epochtimestr.com\/wp-content\/uploads\/2011y\/yoksulluk-150x113.jpg 150w, https:\/\/epochtimestr.com\/wp-content\/uploads\/2011y\/yoksulluk-768x576.jpg 768w, https:\/\/epochtimestr.com\/wp-content\/uploads\/2011y\/yoksulluk-86x64.jpg 86w\" sizes=\"(max-width: 1280px) 100vw, 1280px\" \/><figcaption class=\"wp-element-caption\">Birle\u015fik Kamu-\u0130\u015f Konfederasyonu d\u00f6rt ki\u015filik bir ailenin A\u011fustos ay\u0131 a\u00e7l\u0131k s\u0131n\u0131r\u0131n\u0131 a\u00e7\u0131klad\u0131. (Foto\u011fraf: alandsmann, Pixabay)<\/figcaption><\/figure><\/div>\n\n\n<h2 class=\"wp-block-heading\">Birle\u015fik Kamu-\u0130\u015f Konfederasyonu Ar-Ge birimi KAMU-AR, A\u011fustos 2026 A\u00e7l\u0131k ve Yoksulluk S\u0131n\u0131r\u0131 ara\u015ft\u0131rmas\u0131n\u0131n sonu\u00e7lar\u0131n\u0131 a\u00e7\u0131klad\u0131. Ara\u015ft\u0131rmaya g\u00f6re, d\u00f6rt ki\u015filik bir ailenin sadece g\u0131da i\u00e7in bir ayda yapmas\u0131 gereken harcamay\u0131 ifade eden a\u00e7l\u0131k s\u0131n\u0131r\u0131 a\u011fustosta \u00f6nceki aya g\u00f6re 102 lira artarak 38 bin 318 liraya \u00e7\u0131kt\u0131.<\/h2>\n\n\n\n<p>Birle\u015fik Kamu-\u0130\u015f Konfederasyonu&#8217;nun ara\u015ft\u0131rma birimi <a href=\"https:\/\/epochtimestr.com\/index.php\/birlesik-kamu-is-aclik-ve-yoksulluk-siniri-arastirmasini-acikladi\" target=\"_blank\" rel=\"noreferrer noopener\">KAMU-AR<\/a>, &#8220;A\u00e7l\u0131k ve Yoksulluk S\u0131n\u0131r\u0131 A\u011fustos 2026&#8221; sonu\u00e7lar\u0131n\u0131 a\u00e7\u0131klad\u0131. Buna g\u00f6re, d\u00f6rt ki\u015filik bir ailenin sa\u011fl\u0131kl\u0131 ve dengeli beslenebilmesi i\u00e7in yapmas\u0131 gereken ayl\u0131k asgari g\u0131da harcamas\u0131n\u0131 g\u00f6steren <a href=\"https:\/\/epochtimestr.com\/index.php\/birlesik-kamu-is-aclik-siniri-26-bin-liraya-yaklasti\" target=\"_blank\" rel=\"noreferrer noopener\">a\u00e7l\u0131k s\u0131n\u0131r\u0131<\/a>, a\u011fustos ay\u0131nda 102 lira artarak 38 bin 318 liraya y\u00fckseldi. G\u0131da harcamalar\u0131n\u0131n yan\u0131 s\u0131ra bar\u0131nma, ula\u015f\u0131m ve giyim gibi t\u00fcm zorunlu giderleri kapsayan yoksulluk s\u0131n\u0131r\u0131 ise bir \u00f6nceki aya g\u00f6re 3 bin 700 liral\u0131k art\u0131\u015fla 121 bin 36 lira seviyesine ula\u015ft\u0131. Y\u0131ll\u0131k bazda incelendi\u011finde, a\u00e7l\u0131k s\u0131n\u0131r\u0131nda 9 bin 874 lira, g\u0131da d\u0131\u015f\u0131 harcamalarda 23 bin 252 lira ve genel yoksulluk s\u0131n\u0131r\u0131nda 33 bin 126 lira art\u0131\u015f kaydedildi.<\/p>\n\n\n\n<p><strong>Raporda yap\u0131lan a\u00e7\u0131klamada:<\/strong><\/p>\n\n\n\n<p>A\u00e7l\u0131k s\u0131n\u0131r\u0131 a\u011fustosta 38 bin 318 liraya y\u00fckselirken, yoksulluk s\u0131n\u0131r\u0131 da giyim d\u0131\u015f\u0131ndaki harcamalarda ya\u015fanan y\u00fcksek fiyat art\u0131\u015flar\u0131n\u0131n etkisiyle 121 bin liray\u0131 ge\u00e7ti. T\u00fcrkiye\u2019nin siyasi ve ekonomik krizlere yatk\u0131nl\u0131\u011f\u0131 ve enflasyonun dizginlenememesi y\u00fcz\u00fcnden a\u00e7l\u0131k ve yoksulluk s\u0131n\u0131r\u0131n\u0131n \u00f6n\u00fcm\u00fczdeki aylarda da artmaya devam etmesi bekleniyor.<\/p>\n\n\n\n<p>Birle\u015fik Kamu-\u0130\u015f Konfederasyonu Ar-Ge birimi KAMU-AR\u2019\u0131n d\u00f6rt ki\u015filik bir ailenin, dengeli ve sa\u011fl\u0131kl\u0131 beslenebilmesi i\u00e7in ayl\u0131k olarak yapmas\u0131 gereken g\u0131da harcamas\u0131n\u0131n yan\u0131 s\u0131ra g\u0131da d\u0131\u015f\u0131ndaki ihtiya\u00e7lar\u0131n\u0131 da yoksunluk hissi \u00e7ekmeden kar\u015f\u0131layabilmesi i\u00e7in yapmas\u0131 gereken harcamay\u0131 dikkate alarak hesaplad\u0131\u011f\u0131 a\u00e7l\u0131k-yoksulluk s\u0131n\u0131r\u0131 ara\u015ft\u0131rmas\u0131n\u0131n A\u011fustos 2026 sonu\u00e7lar\u0131 a\u00e7\u0131kland\u0131.<\/p>\n\n\n\n<p>A\u00e7l\u0131k s\u0131n\u0131r\u0131 a\u011fustosta \u00f6nceki aya g\u00f6re 102 lira artarak 38 bin 318 liraya y\u00fckselirken, g\u0131da d\u0131\u015f\u0131ndaki gereksinimler i\u00e7in yap\u0131lmas\u0131 gereken harcama ise 3 bin 597 liral\u0131k y\u00fckseli\u015fle 82 bin 718 liraya \u00e7\u0131kt\u0131. \u0130kisinin toplam\u0131ndan olu\u015fan yoksulluk s\u0131n\u0131r\u0131 ise \u00f6nceki aya g\u00f6re 3 bin 700 lira artarak 121 bin 36 lira oldu. Son bir y\u0131lda a\u00e7l\u0131k s\u0131n\u0131r\u0131 9 bin 874 lira, g\u0131da d\u0131\u015f\u0131ndaki ihtiya\u00e7lar i\u00e7in yap\u0131lmas\u0131 gereken harcama 23 bin 252 lira ve yoksulluk s\u0131n\u0131r\u0131 33 bin 126 lira art\u0131\u015f g\u00f6sterdi.<\/p>\n\n\n\n<h3 class=\"wp-block-heading\">\u00dccretler ve a\u00e7l\u0131k-yoksulluk s\u0131n\u0131r\u0131:<\/h3>\n\n\n\n<p>A\u00e7l\u0131k s\u0131n\u0131r\u0131 28 bin 75 lira olan asgari \u00fccretin 10 bin 243 lira, 23 bin 552 lira olan en d\u00fc\u015f\u00fck emekli ayl\u0131\u011f\u0131n\u0131n ise 14 bin 766 lira \u00fczerine y\u00fckseldi. Y\u0131l ba\u015f\u0131nda y\u00fczde 27 oran\u0131nda zam yap\u0131lan asgari \u00fccret, bu ay y\u00fczde 13,52 oran\u0131nda art\u0131r\u0131lan kamu \u00e7al\u0131\u015fanlar\u0131n\u0131n \u00fccretleri ve y\u00fczde 17,76 oran\u0131nda art\u0131r\u0131lan emekli ayl\u0131klar\u0131n\u0131n sat\u0131n alma g\u00fcc\u00fcn\u00fcn b\u00fcy\u00fck bir k\u0131sm\u0131, y\u0131l\u0131n ilk sekiz ay\u0131nda eridi. T\u00fcm beklentilere ra\u011fmen y\u0131l\u0131n ikinci yar\u0131s\u0131 i\u00e7in art\u0131r\u0131lmayan asgari \u00fccretin a\u011fustos ay\u0131 a\u00e7l\u0131k s\u0131n\u0131r\u0131n\u0131 kar\u015f\u0131layabilmesi i\u00e7in en az y\u00fczde 36,5 oran\u0131nda art\u0131r\u0131lmas\u0131 gerekiyordu.<\/p>\n\n\n\n<p>Buna g\u00f6re asgari \u00fccretli ve asgari \u00fccrete yak\u0131n \u00fccret alan 10 milyon \u00e7al\u0131\u015fan, en d\u00fc\u015f\u00fck emekli ayl\u0131\u011f\u0131 alan 5,1 milyon ki\u015fi ve aileleri g\u0131da yoksullu\u011fuyla kar\u015f\u0131 kar\u015f\u0131ya bulunuyor. En d\u00fc\u015f\u00fck emekli ayl\u0131\u011f\u0131na yak\u0131n emekli ayl\u0131\u011f\u0131 alanlar ve hi\u00e7bir geliri olmayanlar da dikkate al\u0131nd\u0131\u011f\u0131nda, T\u00fcrkiye n\u00fcfusunun \u00e7ok b\u00fcy\u00fck bir b\u00f6l\u00fcm\u00fcn\u00fcn g\u0131da yoksullu\u011fu \u00e7ekti\u011fi tahmin ediliyor.<\/p>\n\n\n<div class=\"wp-block-image\">\n<figure class=\"aligncenter size-full\"><img loading=\"lazy\" decoding=\"async\" width=\"685\" height=\"310\" src=\"https:\/\/epochtimestr.com\/wp-content\/uploads\/2011y\/grafik2-1.png\" alt=\"\" class=\"wp-image-171091\" srcset=\"https:\/\/epochtimestr.com\/wp-content\/uploads\/2011y\/grafik2-1.png 685w, https:\/\/epochtimestr.com\/wp-content\/uploads\/2011y\/grafik2-1-300x136.png 300w, https:\/\/epochtimestr.com\/wp-content\/uploads\/2011y\/grafik2-1-150x68.png 150w\" sizes=\"(max-width: 685px) 100vw, 685px\" \/><\/figure><\/div>\n\n\n<p>Asgari \u00fccret a\u011fustosta d\u00f6rt ki\u015filik bir ailenin sadece 22 g\u00fcnl\u00fck beslenme giderini, yoksulluk s\u0131n\u0131r\u0131n\u0131n ise y\u00fczde 23\u2019\u00fcn\u00fc zor kar\u015f\u0131lad\u0131. Ailede d\u00f6rt ki\u015finin asgari \u00fccretle \u00e7al\u0131\u015farak haneye getirece\u011fi gelir bile yoksulluk s\u0131n\u0131r\u0131n\u0131n 8 bin 736 lira alt\u0131nda kal\u0131yor. Di\u011fer bir ifadeyle d\u00f6rt asgari \u00fccret giren d\u00f6rt ki\u015filik bir aile bile yoksulluk s\u0131n\u0131r\u0131n\u0131 yenemiyor. En d\u00fc\u015f\u00fck emekli ayl\u0131\u011f\u0131 sadece 18 g\u00fcnl\u00fck beslenmeye yetiyor, yoksulluk s\u0131n\u0131r\u0131n\u0131n ise sadece y\u00fczde 219,5\u2019inde kal\u0131yor.<\/p>\n\n\n\n<p>Y\u0131l\u0131n ikinci yar\u0131s\u0131 i\u00e7in aile ve \u00e7ocuk yard\u0131m\u0131 dahil 70 bin 218 liraya y\u00fckselen en d\u00fc\u015f\u00fck memur maa\u015f\u0131n\u0131n yoksulluk s\u0131n\u0131r\u0131n\u0131 kar\u015f\u0131lama oran\u0131 y\u00fczde 60\u2019dan y\u00fczde 58\u2019e indi. Temmuzda 81 bin 23 liraya y\u00fckselen ortalama memur maa\u015f\u0131 ise yoksulluk s\u0131n\u0131r\u0131n\u0131n y\u00fczde 67\u2019sini kar\u015f\u0131l\u0131yor. Yoksulluk s\u0131n\u0131r\u0131n\u0131 kar\u015f\u0131layabilmesi i\u00e7in en d\u00fc\u015f\u00fck memur maa\u015f\u0131n\u0131n en az y\u00fczde 72, ortalama memur maa\u015f\u0131n\u0131n ise y\u00fczde 49,4 oran\u0131nda art\u0131r\u0131lmas\u0131 gerekiyordu.<\/p>\n\n\n\n<h3 class=\"wp-block-heading\">A\u00e7l\u0131k S\u0131n\u0131r\u0131:<\/h3>\n\n\n\n<p>Kuru bakliyat i\u00e7in yap\u0131lmas\u0131 gereken harcama 167 lira, ge\u00e7en y\u0131l\u0131n ayn\u0131 ay\u0131na g\u00f6re ise 412 liral\u0131k art\u0131\u015fla 907 lira oldu.<\/p>\n\n\n\n<p>A\u011fustosta 3 lira azalarak, 8 bin 179 liraya inen s\u00fct, yo\u011furt ve peynir i\u00e7in yap\u0131lmas\u0131 gereken harcama y\u0131ll\u0131k olarak ise 2 bin 390 lira art\u0131\u015f kaydetti.<\/p>\n\n\n\n<p>Taze meyve i\u00e7in harcanmas\u0131 gereken tutar \u00f6nceki aya g\u00f6re 82 lira, ge\u00e7en y\u0131l\u0131n ayn\u0131 ay\u0131na g\u00f6re ise 570 lira azalarak 2 bin 891 liraya geriledi. Sebze i\u00e7in yap\u0131lmas\u0131 gereken harcama ise \u00f6nceki aya g\u00f6re 325 lira azalarak 5 bin 680 liraya geriledi. Sebze harcamas\u0131 ge\u00e7en y\u0131l\u0131n ayn\u0131 ay\u0131na g\u00f6re ise 2 bin 656 lira artt\u0131.<\/p>\n\n\n<div class=\"wp-block-image\">\n<figure class=\"aligncenter size-full\"><img loading=\"lazy\" decoding=\"async\" width=\"646\" height=\"415\" src=\"https:\/\/epochtimestr.com\/wp-content\/uploads\/2011y\/grafik1-3.png\" alt=\"\" class=\"wp-image-171090\" srcset=\"https:\/\/epochtimestr.com\/wp-content\/uploads\/2011y\/grafik1-3.png 646w, https:\/\/epochtimestr.com\/wp-content\/uploads\/2011y\/grafik1-3-300x193.png 300w, https:\/\/epochtimestr.com\/wp-content\/uploads\/2011y\/grafik1-3-150x96.png 150w, https:\/\/epochtimestr.com\/wp-content\/uploads\/2011y\/grafik1-3-210x136.png 210w\" sizes=\"(max-width: 646px) 100vw, 646px\" \/><\/figure><\/div>\n\n\n<p>Ekmek, un ve makarna gibi \u00fcr\u00fcnler i\u00e7in yap\u0131lmas\u0131 gereken harcama a\u011fustosta \u00f6nceki aya g\u00f6re de\u011fi\u015fmedi. Ge\u00e7en y\u0131l\u0131n ayn\u0131 ay\u0131na g\u00f6re ise 992 lira artarak 3 bin 275 lira oldu. Pirin\u00e7 ve bulgur harcamalar\u0131 da a\u011fustosta de\u011fi\u015fmedi ve 1.634 lirada kald\u0131. Ya\u011f i\u00e7in yap\u0131lmas\u0131 gereken harcama da \u00f6nceki aya g\u00f6re 11 lira artarak 1.033 lira oldu. Pirin\u00e7- bulgur harcamas\u0131 son bir y\u0131lda 639 lira, ya\u011f harcamalar\u0131 da 383 lira art\u0131\u015f kaydetti.<\/p>\n\n\n\n<p>\u015eeker, bal, pekmez, re\u00e7el harcamas\u0131 \u00f6nceki aya g\u00f6re 15 lira y\u00fckselerek 2 bin 738 liraya \u00e7\u0131kt\u0131. Ayn\u0131 ailenin zeytin i\u00e7in yapmas\u0131 gereken harcama ise de\u011fi\u015fmedi ve 779 lirada kald\u0131. \u015eeker, bal, re\u00e7el harcamalar\u0131nda son bir y\u0131lda 567 liral\u0131k, zeytin harcamalar\u0131nda ise 209 liral\u0131k art\u0131\u015f oldu.<\/p>\n\n\n\n<p>Yeti\u015fkin erkek i\u00e7in 2.800, kad\u0131n i\u00e7in 2.200, gen\u00e7 i\u00e7in 3.000 ve \u00e7ocuk i\u00e7in de 1.600 kalori esas al\u0131narak yap\u0131lan hesaplamaya g\u00f6re a\u011fustosta a\u00e7l\u0131k s\u0131n\u0131r\u0131 yeti\u015fkin erkek i\u00e7in 11 bin 188 liraya, yeti\u015fkin kad\u0131n i\u00e7in 8 bin 782 liraya, \u00e7ocuk i\u00e7in 6 bin 377 liraya ve gen\u00e7 i\u00e7in de 11 bin 971 liraya \u00e7\u0131kt\u0131.<\/p>\n\n\n\n<h3 class=\"wp-block-heading\">G\u0131da d\u0131\u015f\u0131 harcamalar:<\/h3>\n\n\n\n<p>Yoksulluk s\u0131n\u0131r\u0131n\u0131n belirlenmesinde g\u0131da d\u0131\u015f\u0131 ihtiya\u00e7lar\u0131n fiyat de\u011fi\u015fimleri de esas al\u0131narak yap\u0131lan ara\u015ft\u0131rmaya g\u00f6re, d\u00f6rt ki\u015filik bir ailenin g\u0131da d\u0131\u015f\u0131ndaki gereksinimlerini de \u201cinsan onuruna yara\u015f\u0131r bir \u015fekilde ve yoksunluk hissi \u00e7ekmeden\u201d kar\u015f\u0131layabilmesi i\u00e7in ayl\u0131k olarak yapmas\u0131 gereken harcama tutar\u0131 82 bin 718 liraya \u00e7\u0131kt\u0131.<\/p>\n\n\n\n<figure class=\"wp-block-embed is-type-rich is-provider-x wp-block-embed-x\"><div class=\"wp-block-embed__wrapper\">\n<blockquote class=\"twitter-tweet\" data-width=\"550\" data-dnt=\"true\"><p lang=\"tr\" dir=\"ltr\">A\u011fustos ay\u0131 a\u00e7l\u0131k yoksulluk s\u0131n\u0131rlar\u0131, yoksulla\u015fman\u0131n belgesi niteli\u011finde<br><br>Konfederasyonumuzun ara\u015ft\u0131rma birimi KAMU-AR, A\u011fustos 2026 A\u00e7l\u0131k ve Yoksulluk Ara\u015ft\u0131rmas\u0131\u2019n\u0131 tamamlad\u0131. Ara\u015ft\u0131rmaya g\u00f6re a\u00e7l\u0131k s\u0131n\u0131r\u0131 38 bin 318 liraya, yoksulluk s\u0131n\u0131r\u0131 ise 121 bin 36 liraya y\u00fckseldi.\u2026 <a href=\"https:\/\/t.co\/lPUuZll2yv\">pic.twitter.com\/lPUuZll2yv<\/a><\/p>&mdash; Kamu-\u0130\u015f (@kamuiskonf) <a href=\"https:\/\/x.com\/kamuiskonf\/status\/2093254238818140241?ref_src=twsrc%5Etfw\">August 28, 2026<\/a><\/blockquote><script async src=\"https:\/\/platform.x.com\/widgets.js\" charset=\"utf-8\"><\/script>\n<\/div><\/figure>\n\n\n\n<p><br \/><\/p>\n","protected":false},"excerpt":{"rendered":"<p>Birle\u015fik Kamu-\u0130\u015f Konfederasyonu Ar-Ge birimi KAMU-AR, A\u011fustos 2026 A\u00e7l\u0131k ve Yoksulluk S\u0131n\u0131r\u0131 ara\u015ft\u0131rmas\u0131n\u0131n sonu\u00e7lar\u0131n\u0131 a\u00e7\u0131klad\u0131. Ara\u015ft\u0131rmaya g\u00f6re, d\u00f6rt ki\u015filik bir ailenin sadece g\u0131da i\u00e7in bir ayda yapmas\u0131 gereken harcamay\u0131 ifade eden a\u00e7l\u0131k s\u0131n\u0131r\u0131 a\u011fustosta \u00f6nceki aya g\u00f6re 102 lira artarak 38 bin 318 liraya \u00e7\u0131kt\u0131. Birle\u015fik Kamu-\u0130\u015f Konfederasyonu&#8217;nun ara\u015ft\u0131rma birimi KAMU-AR, &#8220;A\u00e7l\u0131k ve Yoksulluk S\u0131n\u0131r\u0131 [&hellip;]<\/p>\n","protected":false},"author":12791,"featured_media":171089,"comment_status":"open","ping_status":"open","sticky":false,"template":"","format":"standard","meta":{"_yoast_wpseo_focuskw":"Birle\u015fik Kamu-\u0130\u015f - a\u00e7l\u0131k","_yoast_wpseo_title":"","_yoast_wpseo_metadesc":"Birle\u015fik Kamu-\u0130\u015f Konfederasyonu Ar-Ge birimi KAMU-AR, A\u011fustos 2026 A\u00e7l\u0131k ve Yoksulluk S\u0131n\u0131r\u0131 ara\u015ft\u0131rmas\u0131n\u0131n sonu\u00e7lar\u0131n\u0131 a\u00e7\u0131klad\u0131.","_bbp_topic_count":0,"_bbp_reply_count":0,"_bbp_total_topic_count":0,"_bbp_total_reply_count":0,"_bbp_voice_count":0,"_bbp_anonymous_reply_count":0,"_bbp_topic_count_hidden":0,"_bbp_reply_count_hidden":0,"_bbp_forum_subforum_count":0,"footnotes":"","_yoast_wpseo_focuskw_text_input":""},"categories":[8225,1,8138,8419],"tags":[9084,12494,330,1458],"yoast_head":"<!-- This site is optimized with the Yoast SEO plugin v23.0 - https:\/\/yoast.com\/wordpress\/plugins\/seo\/ -->\n<title>Birle\u015fik Kamu-\u0130\u015f D\u00f6rt Ki\u015filik Bir Ailenin A\u00e7l\u0131k S\u0131n\u0131r\u0131n\u0131 A\u00e7\u0131klad\u0131 - The Epoch Times TR<\/title>\n<meta name=\"description\" content=\"Birle\u015fik Kamu-\u0130\u015f Konfederasyonu Ar-Ge birimi KAMU-AR, A\u011fustos 2026 A\u00e7l\u0131k ve Yoksulluk S\u0131n\u0131r\u0131 ara\u015ft\u0131rmas\u0131n\u0131n sonu\u00e7lar\u0131n\u0131 a\u00e7\u0131klad\u0131.\" \/>\n<meta name=\"robots\" content=\"index, follow, max-snippet:-1, max-image-preview:large, max-video-preview:-1\" \/>\n<link rel=\"canonical\" href=\"https:\/\/epochtimestr.com\/index.php\/birlesik-kamu-is-dort-kisilik-bir-ailenin-aclik-sinirini-acikladi\" \/>\n<meta property=\"og:locale\" content=\"tr_TR\" \/>\n<meta property=\"og:type\" content=\"article\" \/>\n<meta property=\"og:title\" content=\"Birle\u015fik Kamu-\u0130\u015f D\u00f6rt Ki\u015filik Bir Ailenin A\u00e7l\u0131k S\u0131n\u0131r\u0131n\u0131 A\u00e7\u0131klad\u0131 - The Epoch Times TR\" \/>\n<meta property=\"og:description\" content=\"Birle\u015fik Kamu-\u0130\u015f Konfederasyonu Ar-Ge birimi KAMU-AR, A\u011fustos 2026 A\u00e7l\u0131k ve Yoksulluk S\u0131n\u0131r\u0131 ara\u015ft\u0131rmas\u0131n\u0131n sonu\u00e7lar\u0131n\u0131 a\u00e7\u0131klad\u0131.\" \/>\n<meta property=\"og:url\" content=\"https:\/\/epochtimestr.com\/index.php\/birlesik-kamu-is-dort-kisilik-bir-ailenin-aclik-sinirini-acikladi\" \/>\n<meta property=\"og:site_name\" content=\"The Epoch Times TR\" \/>\n<meta property=\"article:publisher\" content=\"https:\/\/www.facebook.com\/theepochtimestr\" \/>\n<meta property=\"article:published_time\" content=\"2026-08-28T14:58:26+00:00\" \/>\n<meta property=\"article:modified_time\" content=\"2026-08-28T14:58:28+00:00\" \/>\n<meta property=\"og:image\" content=\"https:\/\/epochtimestr.com\/wp-content\/uploads\/2011y\/yoksulluk.jpg\" \/>\n\t<meta property=\"og:image:width\" content=\"1280\" \/>\n\t<meta property=\"og:image:height\" content=\"960\" \/>\n\t<meta property=\"og:image:type\" content=\"image\/jpeg\" \/>\n<meta name=\"author\" content=\"Haber Merkezi\" \/>\n<meta name=\"twitter:card\" content=\"summary_large_image\" \/>\n<meta name=\"twitter:creator\" content=\"@TheEpochTimesTR\" \/>\n<meta name=\"twitter:site\" content=\"@TheEpochTimesTR\" \/>\n<meta name=\"twitter:label1\" content=\"Yazan:\" \/>\n\t<meta name=\"twitter:data1\" content=\"Haber Merkezi\" \/>\n\t<meta name=\"twitter:label2\" content=\"Tahmini okuma s\u00fcresi\" \/>\n\t<meta name=\"twitter:data2\" content=\"7 dakika\" \/>\n<script type=\"application\/ld+json\" class=\"yoast-schema-graph\">{\"@context\":\"https:\/\/schema.org\",\"@graph\":[{\"@type\":\"Article\",\"@id\":\"https:\/\/epochtimestr.com\/index.php\/birlesik-kamu-is-dort-kisilik-bir-ailenin-aclik-sinirini-acikladi#article\",\"isPartOf\":{\"@id\":\"https:\/\/epochtimestr.com\/index.php\/birlesik-kamu-is-dort-kisilik-bir-ailenin-aclik-sinirini-acikladi\"},\"author\":{\"name\":\"Haber Merkezi\",\"@id\":\"https:\/\/epochtimestr.com\/#\/schema\/person\/3dc5c3adeb9f43923c5aa85889172fdd\"},\"headline\":\"Birle\u015fik Kamu-\u0130\u015f D\u00f6rt Ki\u015filik Bir Ailenin A\u00e7l\u0131k S\u0131n\u0131r\u0131n\u0131 A\u00e7\u0131klad\u0131\",\"datePublished\":\"2026-08-28T14:58:26+00:00\",\"dateModified\":\"2026-08-28T14:58:28+00:00\",\"mainEntityOfPage\":{\"@id\":\"https:\/\/epochtimestr.com\/index.php\/birlesik-kamu-is-dort-kisilik-bir-ailenin-aclik-sinirini-acikladi\"},\"wordCount\":1296,\"commentCount\":0,\"publisher\":{\"@id\":\"https:\/\/epochtimestr.com\/#organization\"},\"image\":{\"@id\":\"https:\/\/epochtimestr.com\/index.php\/birlesik-kamu-is-dort-kisilik-bir-ailenin-aclik-sinirini-acikladi#primaryimage\"},\"thumbnailUrl\":\"https:\/\/epochtimestr.com\/wp-content\/uploads\/2011y\/yoksulluk.jpg\",\"keywords\":[\"a\u00e7l\u0131k s\u0131n\u0131r\u0131\",\"KAMU-AR\",\"rapor\",\"yoksulluk\"],\"articleSection\":[\"Ekonomi\",\"G\u00dcNDEM\",\"MAN\u015eET\",\"Ya\u015fam\"],\"inLanguage\":\"tr\",\"potentialAction\":[{\"@type\":\"CommentAction\",\"name\":\"Comment\",\"target\":[\"https:\/\/epochtimestr.com\/index.php\/birlesik-kamu-is-dort-kisilik-bir-ailenin-aclik-sinirini-acikladi#respond\"]}]},{\"@type\":\"WebPage\",\"@id\":\"https:\/\/epochtimestr.com\/index.php\/birlesik-kamu-is-dort-kisilik-bir-ailenin-aclik-sinirini-acikladi\",\"url\":\"https:\/\/epochtimestr.com\/index.php\/birlesik-kamu-is-dort-kisilik-bir-ailenin-aclik-sinirini-acikladi\",\"name\":\"Birle\u015fik Kamu-\u0130\u015f D\u00f6rt Ki\u015filik Bir Ailenin A\u00e7l\u0131k S\u0131n\u0131r\u0131n\u0131 A\u00e7\u0131klad\u0131 - The Epoch Times TR\",\"isPartOf\":{\"@id\":\"https:\/\/epochtimestr.com\/#website\"},\"primaryImageOfPage\":{\"@id\":\"https:\/\/epochtimestr.com\/index.php\/birlesik-kamu-is-dort-kisilik-bir-ailenin-aclik-sinirini-acikladi#primaryimage\"},\"image\":{\"@id\":\"https:\/\/epochtimestr.com\/index.php\/birlesik-kamu-is-dort-kisilik-bir-ailenin-aclik-sinirini-acikladi#primaryimage\"},\"thumbnailUrl\":\"https:\/\/epochtimestr.com\/wp-content\/uploads\/2011y\/yoksulluk.jpg\",\"datePublished\":\"2026-08-28T14:58:26+00:00\",\"dateModified\":\"2026-08-28T14:58:28+00:00\",\"description\":\"Birle\u015fik Kamu-\u0130\u015f Konfederasyonu Ar-Ge birimi KAMU-AR, A\u011fustos 2026 A\u00e7l\u0131k ve Yoksulluk S\u0131n\u0131r\u0131 ara\u015ft\u0131rmas\u0131n\u0131n sonu\u00e7lar\u0131n\u0131 a\u00e7\u0131klad\u0131.\",\"inLanguage\":\"tr\",\"potentialAction\":[{\"@type\":\"ReadAction\",\"target\":[\"https:\/\/epochtimestr.com\/index.php\/birlesik-kamu-is-dort-kisilik-bir-ailenin-aclik-sinirini-acikladi\"]}]},{\"@type\":\"ImageObject\",\"inLanguage\":\"tr\",\"@id\":\"https:\/\/epochtimestr.com\/index.php\/birlesik-kamu-is-dort-kisilik-bir-ailenin-aclik-sinirini-acikladi#primaryimage\",\"url\":\"https:\/\/epochtimestr.com\/wp-content\/uploads\/2011y\/yoksulluk.jpg\",\"contentUrl\":\"https:\/\/epochtimestr.com\/wp-content\/uploads\/2011y\/yoksulluk.jpg\",\"width\":1280,\"height\":960},{\"@type\":\"WebSite\",\"@id\":\"https:\/\/epochtimestr.com\/#website\",\"url\":\"https:\/\/epochtimestr.com\/\",\"name\":\"The Epoch Times TR\",\"description\":\"De\u011fi\u015fen D\u00fcnyam\u0131za Taze Bir Bak\u0131\u015f\",\"publisher\":{\"@id\":\"https:\/\/epochtimestr.com\/#organization\"},\"potentialAction\":[{\"@type\":\"SearchAction\",\"target\":{\"@type\":\"EntryPoint\",\"urlTemplate\":\"https:\/\/epochtimestr.com\/?s={search_term_string}\"},\"query-input\":\"required name=search_term_string\"}],\"inLanguage\":\"tr\"},{\"@type\":\"Organization\",\"@id\":\"https:\/\/epochtimestr.com\/#organization\",\"name\":\"The EpochTimes T\u00fcrkiye\",\"url\":\"https:\/\/epochtimestr.com\/\",\"logo\":{\"@type\":\"ImageObject\",\"inLanguage\":\"tr\",\"@id\":\"https:\/\/epochtimestr.com\/#\/schema\/logo\/image\/\",\"url\":\"https:\/\/epochtimestr.com\/wp-content\/uploads\/2011y\/ET-Logo-YG.jpg\",\"contentUrl\":\"https:\/\/epochtimestr.com\/wp-content\/uploads\/2011y\/ET-Logo-YG.jpg\",\"width\":346,\"height\":29,\"caption\":\"The EpochTimes T\u00fcrkiye\"},\"image\":{\"@id\":\"https:\/\/epochtimestr.com\/#\/schema\/logo\/image\/\"},\"sameAs\":[\"https:\/\/www.facebook.com\/theepochtimestr\",\"https:\/\/x.com\/TheEpochTimesTR\",\"https:\/\/www.instagram.com\/epochtimestr\"]},{\"@type\":\"Person\",\"@id\":\"https:\/\/epochtimestr.com\/#\/schema\/person\/3dc5c3adeb9f43923c5aa85889172fdd\",\"name\":\"Haber Merkezi\",\"image\":{\"@type\":\"ImageObject\",\"inLanguage\":\"tr\",\"@id\":\"https:\/\/epochtimestr.com\/#\/schema\/person\/image\/\",\"url\":\"https:\/\/secure.gravatar.com\/avatar\/d73f772ba5a74f28601361e17c2f93e6?s=96&d=mm&r=g\",\"contentUrl\":\"https:\/\/secure.gravatar.com\/avatar\/d73f772ba5a74f28601361e17c2f93e6?s=96&d=mm&r=g\",\"caption\":\"Haber Merkezi\"},\"url\":\"https:\/\/epochtimestr.com\/index.php\/author\/sendag\"}]}<\/script>\n<!-- \/ Yoast SEO plugin. -->","yoast_head_json":{"title":"Birle\u015fik Kamu-\u0130\u015f D\u00f6rt Ki\u015filik Bir Ailenin A\u00e7l\u0131k S\u0131n\u0131r\u0131n\u0131 A\u00e7\u0131klad\u0131 - The Epoch Times TR","description":"Birle\u015fik Kamu-\u0130\u015f Konfederasyonu Ar-Ge birimi KAMU-AR, A\u011fustos 2026 A\u00e7l\u0131k ve Yoksulluk S\u0131n\u0131r\u0131 ara\u015ft\u0131rmas\u0131n\u0131n sonu\u00e7lar\u0131n\u0131 a\u00e7\u0131klad\u0131.","robots":{"index":"index","follow":"follow","max-snippet":"max-snippet:-1","max-image-preview":"max-image-preview:large","max-video-preview":"max-video-preview:-1"},"canonical":"https:\/\/epochtimestr.com\/index.php\/birlesik-kamu-is-dort-kisilik-bir-ailenin-aclik-sinirini-acikladi","og_locale":"tr_TR","og_type":"article","og_title":"Birle\u015fik Kamu-\u0130\u015f D\u00f6rt Ki\u015filik Bir Ailenin A\u00e7l\u0131k S\u0131n\u0131r\u0131n\u0131 A\u00e7\u0131klad\u0131 - The Epoch Times TR","og_description":"Birle\u015fik Kamu-\u0130\u015f Konfederasyonu Ar-Ge birimi KAMU-AR, A\u011fustos 2026 A\u00e7l\u0131k ve Yoksulluk S\u0131n\u0131r\u0131 ara\u015ft\u0131rmas\u0131n\u0131n sonu\u00e7lar\u0131n\u0131 a\u00e7\u0131klad\u0131.","og_url":"https:\/\/epochtimestr.com\/index.php\/birlesik-kamu-is-dort-kisilik-bir-ailenin-aclik-sinirini-acikladi","og_site_name":"The Epoch Times TR","article_publisher":"https:\/\/www.facebook.com\/theepochtimestr","article_published_time":"2026-08-28T14:58:26+00:00","article_modified_time":"2026-08-28T14:58:28+00:00","og_image":[{"width":1280,"height":960,"url":"https:\/\/epochtimestr.com\/wp-content\/uploads\/2011y\/yoksulluk.jpg","type":"image\/jpeg"}],"author":"Haber Merkezi","twitter_card":"summary_large_image","twitter_creator":"@TheEpochTimesTR","twitter_site":"@TheEpochTimesTR","twitter_misc":{"Yazan:":"Haber Merkezi","Tahmini okuma s\u00fcresi":"7 dakika"},"schema":{"@context":"https:\/\/schema.org","@graph":[{"@type":"Article","@id":"https:\/\/epochtimestr.com\/index.php\/birlesik-kamu-is-dort-kisilik-bir-ailenin-aclik-sinirini-acikladi#article","isPartOf":{"@id":"https:\/\/epochtimestr.com\/index.php\/birlesik-kamu-is-dort-kisilik-bir-ailenin-aclik-sinirini-acikladi"},"author":{"name":"Haber Merkezi","@id":"https:\/\/epochtimestr.com\/#\/schema\/person\/3dc5c3adeb9f43923c5aa85889172fdd"},"headline":"Birle\u015fik Kamu-\u0130\u015f D\u00f6rt Ki\u015filik Bir Ailenin A\u00e7l\u0131k S\u0131n\u0131r\u0131n\u0131 A\u00e7\u0131klad\u0131","datePublished":"2026-08-28T14:58:26+00:00","dateModified":"2026-08-28T14:58:28+00:00","mainEntityOfPage":{"@id":"https:\/\/epochtimestr.com\/index.php\/birlesik-kamu-is-dort-kisilik-bir-ailenin-aclik-sinirini-acikladi"},"wordCount":1296,"commentCount":0,"publisher":{"@id":"https:\/\/epochtimestr.com\/#organization"},"image":{"@id":"https:\/\/epochtimestr.com\/index.php\/birlesik-kamu-is-dort-kisilik-bir-ailenin-aclik-sinirini-acikladi#primaryimage"},"thumbnailUrl":"https:\/\/epochtimestr.com\/wp-content\/uploads\/2011y\/yoksulluk.jpg","keywords":["a\u00e7l\u0131k s\u0131n\u0131r\u0131","KAMU-AR","rapor","yoksulluk"],"articleSection":["Ekonomi","G\u00dcNDEM","MAN\u015eET","Ya\u015fam"],"inLanguage":"tr","potentialAction":[{"@type":"CommentAction","name":"Comment","target":["https:\/\/epochtimestr.com\/index.php\/birlesik-kamu-is-dort-kisilik-bir-ailenin-aclik-sinirini-acikladi#respond"]}]},{"@type":"WebPage","@id":"https:\/\/epochtimestr.com\/index.php\/birlesik-kamu-is-dort-kisilik-bir-ailenin-aclik-sinirini-acikladi","url":"https:\/\/epochtimestr.com\/index.php\/birlesik-kamu-is-dort-kisilik-bir-ailenin-aclik-sinirini-acikladi","name":"Birle\u015fik Kamu-\u0130\u015f D\u00f6rt Ki\u015filik Bir Ailenin A\u00e7l\u0131k S\u0131n\u0131r\u0131n\u0131 A\u00e7\u0131klad\u0131 - The Epoch Times TR","isPartOf":{"@id":"https:\/\/epochtimestr.com\/#website"},"primaryImageOfPage":{"@id":"https:\/\/epochtimestr.com\/index.php\/birlesik-kamu-is-dort-kisilik-bir-ailenin-aclik-sinirini-acikladi#primaryimage"},"image":{"@id":"https:\/\/epochtimestr.com\/index.php\/birlesik-kamu-is-dort-kisilik-bir-ailenin-aclik-sinirini-acikladi#primaryimage"},"thumbnailUrl":"https:\/\/epochtimestr.com\/wp-content\/uploads\/2011y\/yoksulluk.jpg","datePublished":"2026-08-28T14:58:26+00:00","dateModified":"2026-08-28T14:58:28+00:00","description":"Birle\u015fik Kamu-\u0130\u015f Konfederasyonu Ar-Ge birimi KAMU-AR, A\u011fustos 2026 A\u00e7l\u0131k ve Yoksulluk S\u0131n\u0131r\u0131 ara\u015ft\u0131rmas\u0131n\u0131n sonu\u00e7lar\u0131n\u0131 a\u00e7\u0131klad\u0131.","inLanguage":"tr","potentialAction":[{"@type":"ReadAction","target":["https:\/\/epochtimestr.com\/index.php\/birlesik-kamu-is-dort-kisilik-bir-ailenin-aclik-sinirini-acikladi"]}]},{"@type":"ImageObject","inLanguage":"tr","@id":"https:\/\/epochtimestr.com\/index.php\/birlesik-kamu-is-dort-kisilik-bir-ailenin-aclik-sinirini-acikladi#primaryimage","url":"https:\/\/epochtimestr.com\/wp-content\/uploads\/2011y\/yoksulluk.jpg","contentUrl":"https:\/\/epochtimestr.com\/wp-content\/uploads\/2011y\/yoksulluk.jpg","width":1280,"height":960},{"@type":"WebSite","@id":"https:\/\/epochtimestr.com\/#website","url":"https:\/\/epochtimestr.com\/","name":"The Epoch Times TR","description":"De\u011fi\u015fen D\u00fcnyam\u0131za Taze Bir Bak\u0131\u015f","publisher":{"@id":"https:\/\/epochtimestr.com\/#organization"},"potentialAction":[{"@type":"SearchAction","target":{"@type":"EntryPoint","urlTemplate":"https:\/\/epochtimestr.com\/?s={search_term_string}"},"query-input":"required name=search_term_string"}],"inLanguage":"tr"},{"@type":"Organization","@id":"https:\/\/epochtimestr.com\/#organization","name":"The EpochTimes T\u00fcrkiye","url":"https:\/\/epochtimestr.com\/","logo":{"@type":"ImageObject","inLanguage":"tr","@id":"https:\/\/epochtimestr.com\/#\/schema\/logo\/image\/","url":"https:\/\/epochtimestr.com\/wp-content\/uploads\/2011y\/ET-Logo-YG.jpg","contentUrl":"https:\/\/epochtimestr.com\/wp-content\/uploads\/2011y\/ET-Logo-YG.jpg","width":346,"height":29,"caption":"The EpochTimes T\u00fcrkiye"},"image":{"@id":"https:\/\/epochtimestr.com\/#\/schema\/logo\/image\/"},"sameAs":["https:\/\/www.facebook.com\/theepochtimestr","https:\/\/x.com\/TheEpochTimesTR","https:\/\/www.instagram.com\/epochtimestr"]},{"@type":"Person","@id":"https:\/\/epochtimestr.com\/#\/schema\/person\/3dc5c3adeb9f43923c5aa85889172fdd","name":"Haber Merkezi","image":{"@type":"ImageObject","inLanguage":"tr","@id":"https:\/\/epochtimestr.com\/#\/schema\/person\/image\/","url":"https:\/\/secure.gravatar.com\/avatar\/d73f772ba5a74f28601361e17c2f93e6?s=96&d=mm&r=g","contentUrl":"https:\/\/secure.gravatar.com\/avatar\/d73f772ba5a74f28601361e17c2f93e6?s=96&d=mm&r=g","caption":"Haber Merkezi"},"url":"https:\/\/epochtimestr.com\/index.php\/author\/sendag"}]}},"_links":{"self":[{"href":"https:\/\/epochtimestr.com\/index.php\/wp-json\/wp\/v2\/posts\/171088"}],"collection":[{"href":"https:\/\/epochtimestr.com\/index.php\/wp-json\/wp\/v2\/posts"}],"about":[{"href":"https:\/\/epochtimestr.com\/index.php\/wp-json\/wp\/v2\/types\/post"}],"author":[{"embeddable":true,"href":"https:\/\/epochtimestr.com\/index.php\/wp-json\/wp\/v2\/users\/12791"}],"replies":[{"embeddable":true,"href":"https:\/\/epochtimestr.com\/index.php\/wp-json\/wp\/v2\/comments?post=171088"}],"version-history":[{"count":4,"href":"https:\/\/epochtimestr.com\/index.php\/wp-json\/wp\/v2\/posts\/171088\/revisions"}],"predecessor-version":[{"id":171103,"href":"https:\/\/epochtimestr.com\/index.php\/wp-json\/wp\/v2\/posts\/171088\/revisions\/171103"}],"wp:featuredmedia":[{"embeddable":true,"href":"https:\/\/epochtimestr.com\/index.php\/wp-json\/wp\/v2\/media\/171089"}],"wp:attachment":[{"href":"https:\/\/epochtimestr.com\/index.php\/wp-json\/wp\/v2\/media?parent=171088"}],"wp:term":[{"taxonomy":"category","embeddable":true,"href":"https:\/\/epochtimestr.com\/index.php\/wp-json\/wp\/v2\/categories?post=171088"},{"taxonomy":"post_tag","embeddable":true,"href":"https:\/\/epochtimestr.com\/index.php\/wp-json\/wp\/v2\/tags?post=171088"}],"curies":[{"name":"wp","href":"https:\/\/api.w.org\/{rel}","templated":true}]}}