{"id":171100,"date":"2026-08-28T21:08:15","date_gmt":"2026-08-28T18:08:15","guid":{"rendered":"https:\/\/epochtimestr.com\/?p=171100"},"modified":"2026-08-28T21:08:17","modified_gmt":"2026-08-28T18:08:17","slug":"imamoglunun-millet-sahidimdir-adli-basilmamis-kitabina-yasak","status":"publish","type":"post","link":"https:\/\/epochtimestr.com\/index.php\/imamoglunun-millet-sahidimdir-adli-basilmamis-kitabina-yasak","title":{"rendered":"\u0130mamo\u011flu&#8217;nun &#8220;Millet \u015eahidimdir&#8221; Adl\u0131 Bas\u0131lmam\u0131\u015f Kitab\u0131na Yasak"},"content":{"rendered":"<div class=\"wp-block-image\">\n<figure class=\"aligncenter size-full is-resized\"><img loading=\"lazy\" decoding=\"async\" width=\"1280\" height=\"720\" src=\"https:\/\/epochtimestr.com\/wp-content\/uploads\/2011y\/imamoglu-20.webp\" alt=\"\u0130mamo\u011flu'nun &quot;Millet \u015eahidimdir&quot; adl\u0131 bas\u0131lmayan kitab\u0131na yasak. (Foto\u011fraf: Ekremimamo\u011flu.com)\" class=\"wp-image-160908\" style=\"width:840px;height:auto\" srcset=\"https:\/\/epochtimestr.com\/wp-content\/uploads\/2011y\/imamoglu-20.webp 1280w, https:\/\/epochtimestr.com\/wp-content\/uploads\/2011y\/imamoglu-20-300x169.webp 300w, https:\/\/epochtimestr.com\/wp-content\/uploads\/2011y\/imamoglu-20-150x84.webp 150w, https:\/\/epochtimestr.com\/wp-content\/uploads\/2011y\/imamoglu-20-768x432.webp 768w\" sizes=\"(max-width: 1280px) 100vw, 1280px\" \/><figcaption class=\"wp-element-caption\">\u0130mamo\u011flu&#8217;nun &#8220;Millet \u015eahidimdir&#8221; adl\u0131 bas\u0131lmayan kitab\u0131na yasak. (Foto\u011fraf: Ekremimamo\u011flu.com)<\/figcaption><\/figure><\/div>\n\n\n<h2 class=\"wp-block-heading\">Yeni Parti Genel Ba\u015fkan\u0131 \u00d6zg\u00fcr \u00d6zel, mahkemede savunma hakk\u0131 engellenen Ekrem \u0130mamo\u011flu&#8217;nun, savunmas\u0131n\u0131 &#8220;Millet \u015eahidimdir&#8221; ad\u0131yla kitapla\u015ft\u0131rmak istedi\u011fini belirtti.<\/h2>\n\n\n\n<p>Ekrem <a href=\"https:\/\/epochtimestr.com\/index.php\/imamoglundan-bakan-gurleke-canli-yayin-yaniti\" target=\"_blank\" rel=\"noreferrer noopener\">\u0130mamo\u011flu<\/a>\u2019nun yarg\u0131land\u0131\u011f\u0131 \u0130BB davas\u0131ndaki savunmas\u0131n\u0131 kamuoyuna ula\u015ft\u0131rmak amac\u0131yla haz\u0131rlad\u0131\u011f\u0131 \u201cMillet \u015eahidimdir\u201d adl\u0131 kitap hakk\u0131nda verilen yasak karar\u0131n\u0131n ayr\u0131nt\u0131lar\u0131 ortaya \u00e7\u0131kt\u0131. \u0130stanbul Cumhuriyet Ba\u015fsavc\u0131l\u0131\u011f\u0131 taraf\u0131ndan y\u00fcr\u00fct\u00fclen 2026\/152864 say\u0131l\u0131 soru\u015fturma kapsam\u0131nda verilen talimat \u00fczerine, \u0130stanbul 4. Sulh Ceza Hakimli\u011fi kitab\u0131n bas\u0131lm\u0131\u015f ve bas\u0131lmakta olan n\u00fcshalar\u0131na <a href=\"https:\/\/epochtimestr.com\/index.php\/sarrafin-mal-varliklarina-el-konulmasi-karari-berildi\" target=\"_blank\" rel=\"noreferrer noopener\">el konulmas\u0131<\/a>na karar verdi.<\/p>\n\n\n\n<p>\u00d6zel daha sonra Derince&#8217;de \u00c7enesuyu \u0130\u015fletmesi a\u00e7\u0131l\u0131\u015f t\u00f6renine kat\u0131ld\u0131. Burada yapt\u0131\u011f\u0131 konu\u015fmada, \u0130BB davas\u0131na de\u011finen \u00d6zel, Ekrem \u0130mamo\u011flu&#8217;nun savunmas\u0131 engellendi\u011fi i\u00e7in kitap yazmak istedi\u011fini ancak hen\u00fcz bas\u0131lmayan bu kitap hakk\u0131nda &#8220;yasaklama&#8221; karar\u0131 verildi\u011fini s\u00f6yledi.<\/p>\n\n\n\n<p><strong>\u00d6zel, \u015fu \u015fekilde konu\u015ftu:<\/strong><\/p>\n\n\n\n<p>&#8220;1,5 y\u0131ld\u0131r sab\u0131rla bekledi\u011fi Silivri zindanlar\u0131nda hakim kar\u015f\u0131s\u0131nda. Biliyorsunuz mahkeme g\u00f6r\u00fcld\u00fc, ara verdi. Herkesi dinledi Ekrem Ba\u015fkan. &#8216;Savunman\u0131 en son g\u00fcn, en sonda sen de&#8217; dediler. &#8216;Savunma hakk\u0131 k\u0131s\u0131tlanmaz&#8217; dediler. Sonra bir tarih koydular. &#8216;9 Temmuz&#8217;da bitirece\u011fiz&#8217; deyip 6 saatte &#8216;Sen ve b\u00fct\u00fcn avukatlar\u0131n savunman\u0131 yap bitir&#8217; dediler.<\/p>\n\n\n\n<p>Ekrem Ba\u015fkana &#8216;Savunman\u0131 ya birka\u00e7 saat i\u00e7inde yap bitir, s\u00f6z\u00fcn\u00fc keserim, mikrofonunu a\u00e7mam&#8217; deyip s\u00f6z vermediler.<\/p>\n\n\n\n<p>9 Temmuz&#8217;dan 18 A\u011fustos&#8217;a kald\u0131. 18 A\u011fustos&#8217;ta yine s\u00f6z istedi, hemen vermediler. &#8216;Bir g\u00fcn benim belirleyece\u011fim bir ara bunu veririm&#8217; dediler ve bug\u00fcn bir \u015fey \u00f6\u011frendim ki, onun i\u00e7in bunu burada ifade etmek durumunday\u0131m: Ekrem Ba\u015fkan yapt\u0131r\u0131lmayan savunmas\u0131n\u0131 kitap olarak bast\u0131r\u0131p kendini savunup millete derdini anlatmak istiyor. Ablam da &#8216;Helal olsun&#8217; diyor ama o kitaba toplatma karar\u0131 ald\u0131lar, bas\u0131m\u0131n\u0131 durdurma karar\u0131 ald\u0131lar.&#8221;<\/p>\n\n\n\n<figure class=\"wp-block-embed is-type-rich is-provider-x wp-block-embed-x\"><div class=\"wp-block-embed__wrapper\">\n<blockquote class=\"twitter-tweet\" data-width=\"550\" data-dnt=\"true\"><p lang=\"tr\" dir=\"ltr\">Adalet mesafe koymaz, adalet yukar\u0131dan bakmaz\u2026 <a href=\"https:\/\/t.co\/Zbqy5izMeo\">pic.twitter.com\/Zbqy5izMeo<\/a><\/p>&mdash; Cumhurba\u015fkanl\u0131\u011f\u0131 Aday Ofisi (@CA_iletisim) <a href=\"https:\/\/x.com\/CA_iletisim\/status\/2091804364125954161?ref_src=twsrc%5Etfw\">August 24, 2026<\/a><\/blockquote><script async src=\"https:\/\/platform.x.com\/widgets.js\" charset=\"utf-8\"><\/script>\n<\/div><\/figure>\n\n\n\n<p>Tebli\u011f-tebell\u00fc\u011f tutana\u011f\u0131na g\u00f6re karar, \u0130stanbul 4. Sulh Ceza Hakimli\u011fi taraf\u0131ndan 27 A\u011fustos 2026 tarihinde, 2026\/8776 De\u011fi\u015fik \u0130\u015f say\u0131l\u0131 kararla al\u0131nd\u0131. Belgelerde kitab\u0131n yay\u0131nc\u0131s\u0131n\u0131n K\u0131rm\u0131z\u0131 Kedi Yay\u0131nevi, yazar\u0131n\u0131n ise Ekrem \u0130mamo\u011flu oldu\u011fu belirtiliyor.<\/p>\n\n\n\n<h3 class=\"wp-block-heading\">Kararda \u015fu ifadeler yer ald\u0131:<\/h3>\n\n\n\n<p>\u201cMillet \u015eahidimdir isimli kitab\u0131n tamam\u0131na, bas\u0131lm\u0131\u015f ve bas\u0131lmakta olan n\u00fcshalar\u0131na 5187 Say\u0131l\u0131 Bas\u0131n Kanunu\u2019nun 3\/2 ve 25\/2 maddelerine g\u00f6re el konulmas\u0131na, da\u011f\u0131t\u0131lmas\u0131 ve sat\u0131\u015fa sunulmas\u0131n\u0131n yasaklanmas\u0131na karar verilmi\u015f olmakla\u2026\u201d<\/p>\n\n\n\n<p>B\u00f6ylece yasak yaln\u0131zca bas\u0131lm\u0131\u015f n\u00fcshalar\u0131 de\u011fil, hen\u00fcz bask\u0131 a\u015famas\u0131nda bulunan n\u00fcshalar\u0131 da kapsad\u0131. Savc\u0131l\u0131\u011f\u0131n talimat\u0131nda hakimlik karar\u0131n\u0131n hem yay\u0131nevi hem de matbaa yetkililerine ayr\u0131 ayr\u0131 tebli\u011f edilmesi ve tebli\u011f evrak\u0131n\u0131n soru\u015fturma dosyas\u0131na g\u00f6nderilmesi istendi.<\/p>\n\n\n<div class=\"wp-block-image\">\n<figure class=\"aligncenter size-full\"><img loading=\"lazy\" decoding=\"async\" width=\"1407\" height=\"1200\" src=\"https:\/\/epochtimestr.com\/wp-content\/uploads\/2011y\/image-431.png\" alt=\"\" class=\"wp-image-171106\" srcset=\"https:\/\/epochtimestr.com\/wp-content\/uploads\/2011y\/image-431.png 1407w, https:\/\/epochtimestr.com\/wp-content\/uploads\/2011y\/image-431-300x256.png 300w, https:\/\/epochtimestr.com\/wp-content\/uploads\/2011y\/image-431-150x128.png 150w, https:\/\/epochtimestr.com\/wp-content\/uploads\/2011y\/image-431-768x655.png 768w\" sizes=\"(max-width: 1407px) 100vw, 1407px\" \/><\/figure><\/div>","protected":false},"excerpt":{"rendered":"<p>Yeni Parti Genel Ba\u015fkan\u0131 \u00d6zg\u00fcr \u00d6zel, mahkemede savunma hakk\u0131 engellenen Ekrem \u0130mamo\u011flu&#8217;nun, savunmas\u0131n\u0131 &#8220;Millet \u015eahidimdir&#8221; ad\u0131yla kitapla\u015ft\u0131rmak istedi\u011fini belirtti. Ekrem \u0130mamo\u011flu\u2019nun yarg\u0131land\u0131\u011f\u0131 \u0130BB davas\u0131ndaki savunmas\u0131n\u0131 kamuoyuna ula\u015ft\u0131rmak amac\u0131yla haz\u0131rlad\u0131\u011f\u0131 \u201cMillet \u015eahidimdir\u201d adl\u0131 kitap hakk\u0131nda verilen yasak karar\u0131n\u0131n ayr\u0131nt\u0131lar\u0131 ortaya \u00e7\u0131kt\u0131. \u0130stanbul Cumhuriyet Ba\u015fsavc\u0131l\u0131\u011f\u0131 taraf\u0131ndan y\u00fcr\u00fct\u00fclen 2026\/152864 say\u0131l\u0131 soru\u015fturma kapsam\u0131nda verilen talimat \u00fczerine, \u0130stanbul 4. Sulh [&hellip;]<\/p>\n","protected":false},"author":12791,"featured_media":160908,"comment_status":"open","ping_status":"open","sticky":false,"template":"","format":"standard","meta":{"_yoast_wpseo_focuskw":"Millet \u015eahidimdir","_yoast_wpseo_title":"","_yoast_wpseo_metadesc":"\u00d6zg\u00fcr \u00d6zel, mahkemede savunma hakk\u0131 engellenen Ekrem \u0130mamo\u011flu'nun savunmas\u0131n\u0131, \"Millet \u015eahidimdir\" ad\u0131yla kitapla\u015ft\u0131rmak istedi\u011fini belirtti.","_bbp_topic_count":0,"_bbp_reply_count":0,"_bbp_total_topic_count":0,"_bbp_total_reply_count":0,"_bbp_voice_count":0,"_bbp_anonymous_reply_count":0,"_bbp_topic_count_hidden":0,"_bbp_reply_count_hidden":0,"_bbp_forum_subforum_count":0,"footnotes":"","_yoast_wpseo_focuskw_text_input":""},"categories":[1,8138,8226],"tags":[7419,12498,619,7125,12497,12496],"yoast_head":"<!-- This site is optimized with the Yoast SEO plugin v23.0 - https:\/\/yoast.com\/wordpress\/plugins\/seo\/ -->\n<title>\u0130mamo\u011flu&#039;nun &quot;Millet \u015eahidimdir&quot; Adl\u0131 Bas\u0131lmam\u0131\u015f Kitab\u0131na Yasak - The Epoch Times TR<\/title>\n<meta name=\"description\" content=\"\u00d6zg\u00fcr \u00d6zel, mahkemede savunma hakk\u0131 engellenen Ekrem \u0130mamo\u011flu&#039;nun savunmas\u0131n\u0131, &quot;Millet \u015eahidimdir&quot; ad\u0131yla kitapla\u015ft\u0131rmak istedi\u011fini belirtti.\" \/>\n<meta name=\"robots\" content=\"index, follow, max-snippet:-1, max-image-preview:large, max-video-preview:-1\" \/>\n<link rel=\"canonical\" href=\"https:\/\/epochtimestr.com\/index.php\/imamoglunun-millet-sahidimdir-adli-basilmamis-kitabina-yasak\" \/>\n<meta property=\"og:locale\" content=\"tr_TR\" \/>\n<meta property=\"og:type\" content=\"article\" \/>\n<meta property=\"og:title\" content=\"\u0130mamo\u011flu&#039;nun &quot;Millet \u015eahidimdir&quot; Adl\u0131 Bas\u0131lmam\u0131\u015f Kitab\u0131na Yasak - The Epoch Times TR\" \/>\n<meta property=\"og:description\" content=\"\u00d6zg\u00fcr \u00d6zel, mahkemede savunma hakk\u0131 engellenen Ekrem \u0130mamo\u011flu&#039;nun savunmas\u0131n\u0131, &quot;Millet \u015eahidimdir&quot; ad\u0131yla kitapla\u015ft\u0131rmak istedi\u011fini belirtti.\" \/>\n<meta property=\"og:url\" content=\"https:\/\/epochtimestr.com\/index.php\/imamoglunun-millet-sahidimdir-adli-basilmamis-kitabina-yasak\" \/>\n<meta property=\"og:site_name\" content=\"The Epoch Times TR\" \/>\n<meta property=\"article:publisher\" content=\"https:\/\/www.facebook.com\/theepochtimestr\" \/>\n<meta property=\"article:published_time\" content=\"2026-08-28T18:08:15+00:00\" \/>\n<meta property=\"article:modified_time\" content=\"2026-08-28T18:08:17+00:00\" \/>\n<meta property=\"og:image\" content=\"https:\/\/epochtimestr.com\/wp-content\/uploads\/2011y\/imamoglu-20.webp\" \/>\n\t<meta property=\"og:image:width\" content=\"1280\" \/>\n\t<meta property=\"og:image:height\" content=\"720\" \/>\n\t<meta property=\"og:image:type\" content=\"image\/webp\" \/>\n<meta name=\"author\" content=\"Haber Merkezi\" \/>\n<meta name=\"twitter:card\" content=\"summary_large_image\" \/>\n<meta name=\"twitter:creator\" content=\"@TheEpochTimesTR\" \/>\n<meta name=\"twitter:site\" content=\"@TheEpochTimesTR\" \/>\n<meta name=\"twitter:label1\" content=\"Yazan:\" \/>\n\t<meta name=\"twitter:data1\" content=\"Haber Merkezi\" \/>\n\t<meta name=\"twitter:label2\" content=\"Tahmini okuma s\u00fcresi\" \/>\n\t<meta name=\"twitter:data2\" content=\"3 dakika\" \/>\n<script type=\"application\/ld+json\" class=\"yoast-schema-graph\">{\"@context\":\"https:\/\/schema.org\",\"@graph\":[{\"@type\":\"Article\",\"@id\":\"https:\/\/epochtimestr.com\/index.php\/imamoglunun-millet-sahidimdir-adli-basilmamis-kitabina-yasak#article\",\"isPartOf\":{\"@id\":\"https:\/\/epochtimestr.com\/index.php\/imamoglunun-millet-sahidimdir-adli-basilmamis-kitabina-yasak\"},\"author\":{\"name\":\"Haber Merkezi\",\"@id\":\"https:\/\/epochtimestr.com\/#\/schema\/person\/3dc5c3adeb9f43923c5aa85889172fdd\"},\"headline\":\"\u0130mamo\u011flu&#8217;nun &#8220;Millet \u015eahidimdir&#8221; Adl\u0131 Bas\u0131lmam\u0131\u015f Kitab\u0131na Yasak\",\"datePublished\":\"2026-08-28T18:08:15+00:00\",\"dateModified\":\"2026-08-28T18:08:17+00:00\",\"mainEntityOfPage\":{\"@id\":\"https:\/\/epochtimestr.com\/index.php\/imamoglunun-millet-sahidimdir-adli-basilmamis-kitabina-yasak\"},\"wordCount\":501,\"commentCount\":0,\"publisher\":{\"@id\":\"https:\/\/epochtimestr.com\/#organization\"},\"image\":{\"@id\":\"https:\/\/epochtimestr.com\/index.php\/imamoglunun-millet-sahidimdir-adli-basilmamis-kitabina-yasak#primaryimage\"},\"thumbnailUrl\":\"https:\/\/epochtimestr.com\/wp-content\/uploads\/2011y\/imamoglu-20.webp\",\"keywords\":[\"Ekrem \u0130mamo\u011flu\",\"\u0130stanbul 4. Sulh Ceza Hakimli\u011fi\",\"kitap\",\"savunma\",\"Yasak engeli\",\"YEN\u0130 Parti \u00d6zg\u00fcr \u00d6zel\"],\"articleSection\":[\"G\u00dcNDEM\",\"MAN\u015eET\",\"Siyaset\"],\"inLanguage\":\"tr\",\"potentialAction\":[{\"@type\":\"CommentAction\",\"name\":\"Comment\",\"target\":[\"https:\/\/epochtimestr.com\/index.php\/imamoglunun-millet-sahidimdir-adli-basilmamis-kitabina-yasak#respond\"]}]},{\"@type\":\"WebPage\",\"@id\":\"https:\/\/epochtimestr.com\/index.php\/imamoglunun-millet-sahidimdir-adli-basilmamis-kitabina-yasak\",\"url\":\"https:\/\/epochtimestr.com\/index.php\/imamoglunun-millet-sahidimdir-adli-basilmamis-kitabina-yasak\",\"name\":\"\u0130mamo\u011flu'nun \\\"Millet \u015eahidimdir\\\" Adl\u0131 Bas\u0131lmam\u0131\u015f Kitab\u0131na Yasak - The Epoch Times TR\",\"isPartOf\":{\"@id\":\"https:\/\/epochtimestr.com\/#website\"},\"primaryImageOfPage\":{\"@id\":\"https:\/\/epochtimestr.com\/index.php\/imamoglunun-millet-sahidimdir-adli-basilmamis-kitabina-yasak#primaryimage\"},\"image\":{\"@id\":\"https:\/\/epochtimestr.com\/index.php\/imamoglunun-millet-sahidimdir-adli-basilmamis-kitabina-yasak#primaryimage\"},\"thumbnailUrl\":\"https:\/\/epochtimestr.com\/wp-content\/uploads\/2011y\/imamoglu-20.webp\",\"datePublished\":\"2026-08-28T18:08:15+00:00\",\"dateModified\":\"2026-08-28T18:08:17+00:00\",\"description\":\"\u00d6zg\u00fcr \u00d6zel, mahkemede savunma hakk\u0131 engellenen Ekrem \u0130mamo\u011flu'nun savunmas\u0131n\u0131, \\\"Millet \u015eahidimdir\\\" ad\u0131yla kitapla\u015ft\u0131rmak istedi\u011fini belirtti.\",\"inLanguage\":\"tr\",\"potentialAction\":[{\"@type\":\"ReadAction\",\"target\":[\"https:\/\/epochtimestr.com\/index.php\/imamoglunun-millet-sahidimdir-adli-basilmamis-kitabina-yasak\"]}]},{\"@type\":\"ImageObject\",\"inLanguage\":\"tr\",\"@id\":\"https:\/\/epochtimestr.com\/index.php\/imamoglunun-millet-sahidimdir-adli-basilmamis-kitabina-yasak#primaryimage\",\"url\":\"https:\/\/epochtimestr.com\/wp-content\/uploads\/2011y\/imamoglu-20.webp\",\"contentUrl\":\"https:\/\/epochtimestr.com\/wp-content\/uploads\/2011y\/imamoglu-20.webp\",\"width\":1280,\"height\":720},{\"@type\":\"WebSite\",\"@id\":\"https:\/\/epochtimestr.com\/#website\",\"url\":\"https:\/\/epochtimestr.com\/\",\"name\":\"The Epoch Times TR\",\"description\":\"De\u011fi\u015fen D\u00fcnyam\u0131za Taze Bir Bak\u0131\u015f\",\"publisher\":{\"@id\":\"https:\/\/epochtimestr.com\/#organization\"},\"potentialAction\":[{\"@type\":\"SearchAction\",\"target\":{\"@type\":\"EntryPoint\",\"urlTemplate\":\"https:\/\/epochtimestr.com\/?s={search_term_string}\"},\"query-input\":\"required name=search_term_string\"}],\"inLanguage\":\"tr\"},{\"@type\":\"Organization\",\"@id\":\"https:\/\/epochtimestr.com\/#organization\",\"name\":\"The EpochTimes T\u00fcrkiye\",\"url\":\"https:\/\/epochtimestr.com\/\",\"logo\":{\"@type\":\"ImageObject\",\"inLanguage\":\"tr\",\"@id\":\"https:\/\/epochtimestr.com\/#\/schema\/logo\/image\/\",\"url\":\"https:\/\/epochtimestr.com\/wp-content\/uploads\/2011y\/ET-Logo-YG.jpg\",\"contentUrl\":\"https:\/\/epochtimestr.com\/wp-content\/uploads\/2011y\/ET-Logo-YG.jpg\",\"width\":346,\"height\":29,\"caption\":\"The EpochTimes T\u00fcrkiye\"},\"image\":{\"@id\":\"https:\/\/epochtimestr.com\/#\/schema\/logo\/image\/\"},\"sameAs\":[\"https:\/\/www.facebook.com\/theepochtimestr\",\"https:\/\/x.com\/TheEpochTimesTR\",\"https:\/\/www.instagram.com\/epochtimestr\"]},{\"@type\":\"Person\",\"@id\":\"https:\/\/epochtimestr.com\/#\/schema\/person\/3dc5c3adeb9f43923c5aa85889172fdd\",\"name\":\"Haber Merkezi\",\"image\":{\"@type\":\"ImageObject\",\"inLanguage\":\"tr\",\"@id\":\"https:\/\/epochtimestr.com\/#\/schema\/person\/image\/\",\"url\":\"https:\/\/secure.gravatar.com\/avatar\/d73f772ba5a74f28601361e17c2f93e6?s=96&d=mm&r=g\",\"contentUrl\":\"https:\/\/secure.gravatar.com\/avatar\/d73f772ba5a74f28601361e17c2f93e6?s=96&d=mm&r=g\",\"caption\":\"Haber Merkezi\"},\"url\":\"https:\/\/epochtimestr.com\/index.php\/author\/sendag\"}]}<\/script>\n<!-- \/ Yoast SEO plugin. -->","yoast_head_json":{"title":"\u0130mamo\u011flu'nun \"Millet \u015eahidimdir\" Adl\u0131 Bas\u0131lmam\u0131\u015f Kitab\u0131na Yasak - The Epoch Times TR","description":"\u00d6zg\u00fcr \u00d6zel, mahkemede savunma hakk\u0131 engellenen Ekrem \u0130mamo\u011flu'nun savunmas\u0131n\u0131, \"Millet \u015eahidimdir\" ad\u0131yla kitapla\u015ft\u0131rmak istedi\u011fini belirtti.","robots":{"index":"index","follow":"follow","max-snippet":"max-snippet:-1","max-image-preview":"max-image-preview:large","max-video-preview":"max-video-preview:-1"},"canonical":"https:\/\/epochtimestr.com\/index.php\/imamoglunun-millet-sahidimdir-adli-basilmamis-kitabina-yasak","og_locale":"tr_TR","og_type":"article","og_title":"\u0130mamo\u011flu'nun \"Millet \u015eahidimdir\" Adl\u0131 Bas\u0131lmam\u0131\u015f Kitab\u0131na Yasak - The Epoch Times TR","og_description":"\u00d6zg\u00fcr \u00d6zel, mahkemede savunma hakk\u0131 engellenen Ekrem \u0130mamo\u011flu'nun savunmas\u0131n\u0131, \"Millet \u015eahidimdir\" ad\u0131yla kitapla\u015ft\u0131rmak istedi\u011fini belirtti.","og_url":"https:\/\/epochtimestr.com\/index.php\/imamoglunun-millet-sahidimdir-adli-basilmamis-kitabina-yasak","og_site_name":"The Epoch Times TR","article_publisher":"https:\/\/www.facebook.com\/theepochtimestr","article_published_time":"2026-08-28T18:08:15+00:00","article_modified_time":"2026-08-28T18:08:17+00:00","og_image":[{"width":1280,"height":720,"url":"https:\/\/epochtimestr.com\/wp-content\/uploads\/2011y\/imamoglu-20.webp","type":"image\/webp"}],"author":"Haber Merkezi","twitter_card":"summary_large_image","twitter_creator":"@TheEpochTimesTR","twitter_site":"@TheEpochTimesTR","twitter_misc":{"Yazan:":"Haber Merkezi","Tahmini okuma s\u00fcresi":"3 dakika"},"schema":{"@context":"https:\/\/schema.org","@graph":[{"@type":"Article","@id":"https:\/\/epochtimestr.com\/index.php\/imamoglunun-millet-sahidimdir-adli-basilmamis-kitabina-yasak#article","isPartOf":{"@id":"https:\/\/epochtimestr.com\/index.php\/imamoglunun-millet-sahidimdir-adli-basilmamis-kitabina-yasak"},"author":{"name":"Haber Merkezi","@id":"https:\/\/epochtimestr.com\/#\/schema\/person\/3dc5c3adeb9f43923c5aa85889172fdd"},"headline":"\u0130mamo\u011flu&#8217;nun &#8220;Millet \u015eahidimdir&#8221; Adl\u0131 Bas\u0131lmam\u0131\u015f Kitab\u0131na Yasak","datePublished":"2026-08-28T18:08:15+00:00","dateModified":"2026-08-28T18:08:17+00:00","mainEntityOfPage":{"@id":"https:\/\/epochtimestr.com\/index.php\/imamoglunun-millet-sahidimdir-adli-basilmamis-kitabina-yasak"},"wordCount":501,"commentCount":0,"publisher":{"@id":"https:\/\/epochtimestr.com\/#organization"},"image":{"@id":"https:\/\/epochtimestr.com\/index.php\/imamoglunun-millet-sahidimdir-adli-basilmamis-kitabina-yasak#primaryimage"},"thumbnailUrl":"https:\/\/epochtimestr.com\/wp-content\/uploads\/2011y\/imamoglu-20.webp","keywords":["Ekrem \u0130mamo\u011flu","\u0130stanbul 4. Sulh Ceza Hakimli\u011fi","kitap","savunma","Yasak engeli","YEN\u0130 Parti \u00d6zg\u00fcr \u00d6zel"],"articleSection":["G\u00dcNDEM","MAN\u015eET","Siyaset"],"inLanguage":"tr","potentialAction":[{"@type":"CommentAction","name":"Comment","target":["https:\/\/epochtimestr.com\/index.php\/imamoglunun-millet-sahidimdir-adli-basilmamis-kitabina-yasak#respond"]}]},{"@type":"WebPage","@id":"https:\/\/epochtimestr.com\/index.php\/imamoglunun-millet-sahidimdir-adli-basilmamis-kitabina-yasak","url":"https:\/\/epochtimestr.com\/index.php\/imamoglunun-millet-sahidimdir-adli-basilmamis-kitabina-yasak","name":"\u0130mamo\u011flu'nun \"Millet \u015eahidimdir\" Adl\u0131 Bas\u0131lmam\u0131\u015f Kitab\u0131na Yasak - The Epoch Times TR","isPartOf":{"@id":"https:\/\/epochtimestr.com\/#website"},"primaryImageOfPage":{"@id":"https:\/\/epochtimestr.com\/index.php\/imamoglunun-millet-sahidimdir-adli-basilmamis-kitabina-yasak#primaryimage"},"image":{"@id":"https:\/\/epochtimestr.com\/index.php\/imamoglunun-millet-sahidimdir-adli-basilmamis-kitabina-yasak#primaryimage"},"thumbnailUrl":"https:\/\/epochtimestr.com\/wp-content\/uploads\/2011y\/imamoglu-20.webp","datePublished":"2026-08-28T18:08:15+00:00","dateModified":"2026-08-28T18:08:17+00:00","description":"\u00d6zg\u00fcr \u00d6zel, mahkemede savunma hakk\u0131 engellenen Ekrem \u0130mamo\u011flu'nun savunmas\u0131n\u0131, \"Millet \u015eahidimdir\" ad\u0131yla kitapla\u015ft\u0131rmak istedi\u011fini belirtti.","inLanguage":"tr","potentialAction":[{"@type":"ReadAction","target":["https:\/\/epochtimestr.com\/index.php\/imamoglunun-millet-sahidimdir-adli-basilmamis-kitabina-yasak"]}]},{"@type":"ImageObject","inLanguage":"tr","@id":"https:\/\/epochtimestr.com\/index.php\/imamoglunun-millet-sahidimdir-adli-basilmamis-kitabina-yasak#primaryimage","url":"https:\/\/epochtimestr.com\/wp-content\/uploads\/2011y\/imamoglu-20.webp","contentUrl":"https:\/\/epochtimestr.com\/wp-content\/uploads\/2011y\/imamoglu-20.webp","width":1280,"height":720},{"@type":"WebSite","@id":"https:\/\/epochtimestr.com\/#website","url":"https:\/\/epochtimestr.com\/","name":"The Epoch Times TR","description":"De\u011fi\u015fen D\u00fcnyam\u0131za Taze Bir Bak\u0131\u015f","publisher":{"@id":"https:\/\/epochtimestr.com\/#organization"},"potentialAction":[{"@type":"SearchAction","target":{"@type":"EntryPoint","urlTemplate":"https:\/\/epochtimestr.com\/?s={search_term_string}"},"query-input":"required name=search_term_string"}],"inLanguage":"tr"},{"@type":"Organization","@id":"https:\/\/epochtimestr.com\/#organization","name":"The EpochTimes T\u00fcrkiye","url":"https:\/\/epochtimestr.com\/","logo":{"@type":"ImageObject","inLanguage":"tr","@id":"https:\/\/epochtimestr.com\/#\/schema\/logo\/image\/","url":"https:\/\/epochtimestr.com\/wp-content\/uploads\/2011y\/ET-Logo-YG.jpg","contentUrl":"https:\/\/epochtimestr.com\/wp-content\/uploads\/2011y\/ET-Logo-YG.jpg","width":346,"height":29,"caption":"The EpochTimes T\u00fcrkiye"},"image":{"@id":"https:\/\/epochtimestr.com\/#\/schema\/logo\/image\/"},"sameAs":["https:\/\/www.facebook.com\/theepochtimestr","https:\/\/x.com\/TheEpochTimesTR","https:\/\/www.instagram.com\/epochtimestr"]},{"@type":"Person","@id":"https:\/\/epochtimestr.com\/#\/schema\/person\/3dc5c3adeb9f43923c5aa85889172fdd","name":"Haber Merkezi","image":{"@type":"ImageObject","inLanguage":"tr","@id":"https:\/\/epochtimestr.com\/#\/schema\/person\/image\/","url":"https:\/\/secure.gravatar.com\/avatar\/d73f772ba5a74f28601361e17c2f93e6?s=96&d=mm&r=g","contentUrl":"https:\/\/secure.gravatar.com\/avatar\/d73f772ba5a74f28601361e17c2f93e6?s=96&d=mm&r=g","caption":"Haber Merkezi"},"url":"https:\/\/epochtimestr.com\/index.php\/author\/sendag"}]}},"_links":{"self":[{"href":"https:\/\/epochtimestr.com\/index.php\/wp-json\/wp\/v2\/posts\/171100"}],"collection":[{"href":"https:\/\/epochtimestr.com\/index.php\/wp-json\/wp\/v2\/posts"}],"about":[{"href":"https:\/\/epochtimestr.com\/index.php\/wp-json\/wp\/v2\/types\/post"}],"author":[{"embeddable":true,"href":"https:\/\/epochtimestr.com\/index.php\/wp-json\/wp\/v2\/users\/12791"}],"replies":[{"embeddable":true,"href":"https:\/\/epochtimestr.com\/index.php\/wp-json\/wp\/v2\/comments?post=171100"}],"version-history":[{"count":2,"href":"https:\/\/epochtimestr.com\/index.php\/wp-json\/wp\/v2\/posts\/171100\/revisions"}],"predecessor-version":[{"id":171107,"href":"https:\/\/epochtimestr.com\/index.php\/wp-json\/wp\/v2\/posts\/171100\/revisions\/171107"}],"wp:featuredmedia":[{"embeddable":true,"href":"https:\/\/epochtimestr.com\/index.php\/wp-json\/wp\/v2\/media\/160908"}],"wp:attachment":[{"href":"https:\/\/epochtimestr.com\/index.php\/wp-json\/wp\/v2\/media?parent=171100"}],"wp:term":[{"taxonomy":"category","embeddable":true,"href":"https:\/\/epochtimestr.com\/index.php\/wp-json\/wp\/v2\/categories?post=171100"},{"taxonomy":"post_tag","embeddable":true,"href":"https:\/\/epochtimestr.com\/index.php\/wp-json\/wp\/v2\/tags?post=171100"}],"curies":[{"name":"wp","href":"https:\/\/api.w.org\/{rel}","templated":true}]}}