{"id":171108,"date":"2026-08-29T08:30:00","date_gmt":"2026-08-29T05:30:00","guid":{"rendered":"https:\/\/epochtimestr.com\/?p=171108"},"modified":"2026-08-28T21:34:27","modified_gmt":"2026-08-28T18:34:27","slug":"ciftci-ismailim","status":"publish","type":"post","link":"https:\/\/epochtimestr.com\/index.php\/ciftci-ismailim","title":{"rendered":"\u00c7iftci \u0130smail\u2019im"},"content":{"rendered":"\n<p><em>Bu yaz\u0131 ilk olarak 01 \u015eubat 2018 tarihinde inovatifhaber.com\u2019da yay\u0131mlanm\u0131\u015ft\u0131r.<\/em><\/p>\n\n\n\n<p class=\"has-text-align-right\">\u00c7iftci \u0130smail\u2019im sevmem namerdi<br \/>Mertlikten bihaber bakar k\u00f6r kedi<br \/>\u0130nsanl\u0131k d\u0131\u015f\u0131nda nice halt yedi<br \/>\u0130ftira g\u0131ybetle doyarlar dostum<\/p>\n\n\n\n<p>Bir insan d\u00fc\u015f\u00fcn\u00fcn ki elli y\u0131l bekledikten sonra, \u00e7ok arzulad\u0131\u011f\u0131 eserlerine kavu\u015fsun. Gen\u00e7lik y\u0131llar\u0131ndan itibaren \u015fiir yazmaya ba\u015flayan \u00c7iftci, ilk \u015fiirlerini \u00e7evresindekilerin ilgisizli\u011fi y\u00fcz\u00fcnden yakt\u0131. Bir s\u00fcre duraklad\u0131 ama i\u00e7indeki yazma a\u015fk\u0131 onu terk etmedi. B\u00f6ylece yeniden yazmaya ba\u015flad\u0131. 2017\u2019nin son aylar\u0131nda bir se\u00e7ki yapt\u0131. \u0130ki kitap birden \u00e7\u0131kartarak, elli y\u0131ll\u0131k \u00f6zlemine son verdi. Ama onun geride daha y\u00fczlerce \u015fiiri, yay\u0131mlanaca\u011f\u0131 g\u00fcn\u00fc bekliyor! \u0130mza g\u00fcn\u00fcne gidememi\u015ftim. Erdemli\u2019deki i\u015fyerinde ozan\u0131 ziyaret ettim ve kitaplar\u0131 imzalatarak ald\u0131m.<\/p>\n\n\n\n<p>Baz\u0131 insanlar \u015fair do\u011far. \u0130\u015fte \u0130smail \u00c7iftci de onlardan biri. \u015eiirle yat\u0131p, \u015fiirle kalkan, hayat\u0131n\u0131n anlam\u0131n\u0131 \u015fiir yazma \u00fczerine bina eden bir ozan\u0131m\u0131z. Kitaplar\u0131 elimize ge\u00e7meden \u00f6nce de biz onu ve \u015fiirlerini sosyal medyadan tan\u0131yorduk. M\u00fctevaz\u0131l\u0131\u011f\u0131, dostane ve i\u00e7ten davran\u0131\u015flar\u0131 ile kendini en az dizeleri kadar belli eden bir ozan\u0131m\u0131z o.<\/p>\n\n\n\n<p>T\u00fcrk halk \u015fiirinin g\u00fc\u00e7l\u00fc temsilcilerinden olan \u00c7iftci, ko\u015fma ve semai t\u00fcr\u00fcn\u00fcn g\u00fczel \u00f6rneklerini \u201c\u00d6l\u00e7erdim Ate\u015fi Sevdam\u0131 Yakt\u0131m\u201d ve \u201cEyl\u00fcl\u201d adl\u0131 kitaplar\u0131yla \u00e7\u0131karm\u0131\u015f kar\u015f\u0131m\u0131za. Onun insanc\u0131l yakla\u015f\u0131m\u0131na ve \u015fiirlerindeki \u201cnokta at\u0131\u015flara\u201d hayran olmamak ne m\u00fcmk\u00fcn? Hele g\u00fcndemi yak\u0131ndan takip ederek tam da \u201cta\u015f\u0131 gedi\u011fine konduru\u015fu\u201d okurlar\u0131 taraf\u0131ndan iyi bilinir. \u015eiirleri yal\u0131n, anla\u015f\u0131l\u0131r ve \u00e7arp\u0131c\u0131 vurgulamalara sahiptir.<\/p>\n\n\n\n<p>1960 Ermenek do\u011fumlu ozan\u0131m\u0131z, ayn\u0131 zamanda Lider Oto Servisi sahibi bir i\u015fveren, yan\u0131nda dokuz ki\u015fi \u00e7al\u0131\u015ft\u0131ran bir zanaatk\u00e2r. Ayn\u0131 zamanda ba\u011flama \u00e7al\u0131yor, beste yap\u0131yor. Ba\u011flamay\u0131 kendi kendine \u00f6\u011frenen ozan, elliye yak\u0131n \u015fiirini ve dostlar\u0131na ait iki \u015fiiri de T\u00fcrk halk m\u00fczi\u011finin \u00e7e\u015fitli makamlar\u0131nda bestelemi\u015ftir. \u015eiirleri \u00e7e\u015fitli dergiler ve antolojilerde yay\u0131mlanmaya devam etmektedir. Bir\u00e7ok radyo ve televizyon kanallar\u0131na, ba\u011flamas\u0131yla, t\u00fcrk\u00fcleriyle, \u015fiirleriyle konuk olmaktad\u0131r.<\/p>\n\n\n\n<p>\u0130smail \u00c7iftci, \u00e7ocuklu\u011funda babaannesinin etkisinde kalarak \u015fiire, t\u00fcrk\u00fcye merak sald\u0131. Sonralar\u0131, ozanlar\u0131 dinleye dinleye yetene\u011fini geli\u015ftirdi. Abdurrahim Karako\u00e7, Cemal Safi, Musa Ero\u011flu, Arif Sa\u011f, Orhan Hakalmaz, Bedia Akart\u00fcrk be\u011fendi\u011fi \u015fair ve sanat\u00e7\u0131lard\u0131r.<\/p>\n\n\n\n<p>Mahalli ozanlar, \u015fairler, yazarlar ve dahi c\u00fcmle sanat\u00e7\u0131lar\u0131n ortak \u015fik\u00e2yetidir ilgisizlik. \u0130lgisizlik, sahipsizlik onlar\u0131n bitmeyen \u00e7ilesidir sanki. Onlarcas\u0131 sesini duyurmak, meram\u0131n\u0131 anlatmak i\u00e7in nafile bekleyi\u015f i\u00e7indedir. Kitap \u00e7\u0131kartmak isteyenler, y\u0131llarca \u00f6zlemle bekler durur. Bir\u00e7o\u011fu bask\u0131 paras\u0131 bulamad\u0131\u011f\u0131ndan g\u00f6n\u00fcl seslerini, hayk\u0131r\u0131\u015flar\u0131n\u0131, y\u00fcrekli \u00e7\u0131k\u0131\u015flar\u0131n\u0131 tozlu raflar aras\u0131nda bekletmek zorundad\u0131r. Her f\u0131rsatta k\u00fclt\u00fcr faaliyetlerine destek sunacaklar\u0131n\u0131 a\u00e7\u0131klayan yerel y\u00f6neticilerin bu konuda bir \u00e7al\u0131\u015fma ba\u015flatmalar\u0131 ortak dile\u011fimizdir.<\/p>\n\n\n\n<p>\u0130smail \u00c7iftci ile sohbetimizde bu dile\u011fimize s\u00fcrekli vurgu yapt\u0131k. Baz\u0131 \u015feylerin yitip gitmesini g\u00f6ze alamayan ozan\u0131m\u0131z, zaman\u0131n gelip ge\u00e7ti\u011fini d\u00fc\u015f\u00fcnd\u00fc, kaybetme ku\u015fkusuyla iki kitap birden \u00e7\u0131kartt\u0131. Fakat her yazar, \u015fair onun kadar \u201c\u015fansl\u0131\u201d de\u011fil, ne yaz\u0131k ki.<\/p>\n\n\n\n<p>Kitaplar\u0131n\u0131 okuma ve inceleme f\u0131rsat\u0131 buldum. Edit\u00f6rl\u00fck g\u00f6revi \u00fcstlenen Mine Bah\u00e7eci\u2019nin titiz \u00e7al\u0131\u015fmas\u0131na \u00f6zellikle dikkat \u00e7ekmek isterim. Ayr\u0131ca her iki kitaptaki \u00f6ns\u00f6z yaz\u0131lar\u0131, m\u00fckemmel bir ak\u0131c\u0131l\u0131k ve g\u00fczellikle ele al\u0131nm\u0131\u015f.<\/p>\n\n\n\n<p>\u015eanl\u0131 ordumuzun ter\u00f6rizme kar\u015f\u0131 ba\u015flatt\u0131\u011f\u0131 harek\u00e2t, tam da bu yaz\u0131n\u0131n kaleme al\u0131nd\u0131\u011f\u0131 g\u00fcnlere denk d\u00fc\u015ft\u00fc. Ordumuzun ve milletimizin \u00fcstlendi\u011fi bu zorlu g\u00f6revden ba\u015far\u0131 ile \u00e7\u0131kmalar\u0131 dile\u011fiyle, \u00c7iftci\u2019nin \u015fu anlaml\u0131 dizeleriyle yaz\u0131m\u0131z\u0131 noktal\u0131yoruz.<\/p>\n\n\n\n<p>Mazlumlar vurulup yere d\u00fc\u015f\u00fcyor<br \/>Zalimler \u00fcst\u00fcne sofra a\u00e7\u0131yor<br \/>Yamyamlar ekme\u011fi al\u0131p ka\u00e7\u0131yor<br \/>\u015ea\u015f\u0131rd\u0131m bi\u00e7are insanl\u0131k \u00f6lm\u00fc\u015f<br \/>Mevsim ilkbaharda eyl\u00fcle d\u00f6nm\u00fc\u015f.<\/p>\n","protected":false},"excerpt":{"rendered":"<p>Bu yaz\u0131 ilk olarak 01 \u015eubat 2018 tarihinde inovatifhaber.com\u2019da yay\u0131mlanm\u0131\u015ft\u0131r. \u00c7iftci \u0130smail\u2019im sevmem namerdiMertlikten bihaber bakar k\u00f6r kedi\u0130nsanl\u0131k d\u0131\u015f\u0131nda nice halt yedi\u0130ftira g\u0131ybetle doyarlar dostum Bir insan d\u00fc\u015f\u00fcn\u00fcn ki elli y\u0131l bekledikten sonra, \u00e7ok arzulad\u0131\u011f\u0131 eserlerine kavu\u015fsun. Gen\u00e7lik y\u0131llar\u0131ndan itibaren \u015fiir yazmaya ba\u015flayan \u00c7iftci, ilk \u015fiirlerini \u00e7evresindekilerin ilgisizli\u011fi y\u00fcz\u00fcnden yakt\u0131. Bir s\u00fcre duraklad\u0131 ama i\u00e7indeki [&hellip;]<\/p>\n","protected":false},"author":14001,"featured_media":161038,"comment_status":"open","ping_status":"open","sticky":false,"template":"","format":"standard","meta":{"_yoast_wpseo_focuskw":"\u0130smail \u00c7iftci","_yoast_wpseo_title":"","_yoast_wpseo_metadesc":"Gen\u00e7lik y\u0131llar\u0131ndan itibaren \u015fiir yazmaya ba\u015flayan \u0130smail \u00c7iftci, ilk \u015fiirlerini \u00e7evresindekilerin ilgisizli\u011fi y\u00fcz\u00fcnden yakt\u0131.","_bbp_topic_count":0,"_bbp_reply_count":0,"_bbp_total_topic_count":0,"_bbp_total_reply_count":0,"_bbp_voice_count":0,"_bbp_anonymous_reply_count":0,"_bbp_topic_count_hidden":0,"_bbp_reply_count_hidden":0,"_bbp_forum_subforum_count":0,"footnotes":"","_yoast_wpseo_focuskw_text_input":""},"categories":[9170],"tags":[11729,11760],"yoast_head":"<!-- This site is optimized with the Yoast SEO plugin v23.0 - https:\/\/yoast.com\/wordpress\/plugins\/seo\/ -->\n<title>\u00c7iftci \u0130smail\u2019im - The Epoch Times TR<\/title>\n<meta name=\"description\" content=\"Gen\u00e7lik y\u0131llar\u0131ndan itibaren \u015fiir yazmaya ba\u015flayan \u0130smail \u00c7iftci, ilk \u015fiirlerini \u00e7evresindekilerin ilgisizli\u011fi y\u00fcz\u00fcnden yakt\u0131.\" \/>\n<meta name=\"robots\" content=\"index, follow, max-snippet:-1, max-image-preview:large, max-video-preview:-1\" \/>\n<link rel=\"canonical\" href=\"https:\/\/epochtimestr.com\/index.php\/ciftci-ismailim\" \/>\n<meta property=\"og:locale\" content=\"tr_TR\" \/>\n<meta property=\"og:type\" content=\"article\" \/>\n<meta property=\"og:title\" content=\"\u00c7iftci \u0130smail\u2019im - The Epoch Times TR\" \/>\n<meta property=\"og:description\" content=\"Gen\u00e7lik y\u0131llar\u0131ndan itibaren \u015fiir yazmaya ba\u015flayan \u0130smail \u00c7iftci, ilk \u015fiirlerini \u00e7evresindekilerin ilgisizli\u011fi y\u00fcz\u00fcnden yakt\u0131.\" \/>\n<meta property=\"og:url\" content=\"https:\/\/epochtimestr.com\/index.php\/ciftci-ismailim\" \/>\n<meta property=\"og:site_name\" content=\"The Epoch Times TR\" \/>\n<meta property=\"article:publisher\" content=\"https:\/\/www.facebook.com\/theepochtimestr\" \/>\n<meta property=\"article:published_time\" content=\"2026-08-29T05:30:00+00:00\" \/>\n<meta property=\"article:modified_time\" content=\"2026-08-28T18:34:27+00:00\" \/>\n<meta property=\"og:image\" content=\"https:\/\/epochtimestr.com\/wp-content\/uploads\/2011y\/bzct-ic.jpg\" \/>\n\t<meta property=\"og:image:width\" content=\"1200\" \/>\n\t<meta property=\"og:image:height\" content=\"630\" \/>\n\t<meta property=\"og:image:type\" content=\"image\/jpeg\" \/>\n<meta name=\"author\" content=\"Bekir Zorba\" \/>\n<meta name=\"twitter:card\" content=\"summary_large_image\" \/>\n<meta name=\"twitter:creator\" content=\"@TheEpochTimesTR\" \/>\n<meta name=\"twitter:site\" content=\"@TheEpochTimesTR\" \/>\n<meta name=\"twitter:label1\" content=\"Yazan:\" \/>\n\t<meta name=\"twitter:data1\" content=\"Bekir Zorba\" \/>\n\t<meta name=\"twitter:label2\" content=\"Tahmini okuma s\u00fcresi\" \/>\n\t<meta name=\"twitter:data2\" content=\"4 dakika\" \/>\n<script type=\"application\/ld+json\" class=\"yoast-schema-graph\">{\"@context\":\"https:\/\/schema.org\",\"@graph\":[{\"@type\":\"Article\",\"@id\":\"https:\/\/epochtimestr.com\/index.php\/ciftci-ismailim#article\",\"isPartOf\":{\"@id\":\"https:\/\/epochtimestr.com\/index.php\/ciftci-ismailim\"},\"author\":{\"name\":\"Bekir Zorba\",\"@id\":\"https:\/\/epochtimestr.com\/#\/schema\/person\/da1ad104599611965442ed3e7e9acb2b\"},\"headline\":\"\u00c7iftci \u0130smail\u2019im\",\"datePublished\":\"2026-08-29T05:30:00+00:00\",\"dateModified\":\"2026-08-28T18:34:27+00:00\",\"mainEntityOfPage\":{\"@id\":\"https:\/\/epochtimestr.com\/index.php\/ciftci-ismailim\"},\"wordCount\":696,\"commentCount\":0,\"publisher\":{\"@id\":\"https:\/\/epochtimestr.com\/#organization\"},\"image\":{\"@id\":\"https:\/\/epochtimestr.com\/index.php\/ciftci-ismailim#primaryimage\"},\"thumbnailUrl\":\"https:\/\/epochtimestr.com\/wp-content\/uploads\/2011y\/Bekir-Zorba.png\",\"keywords\":[\"K\u00f6\u015fe\",\"k\u00f6\u015fe Mersin\"],\"articleSection\":[\"K\u00f6\u015fe Yaz\u0131lar\u0131 Bekir Zorba\"],\"inLanguage\":\"tr\",\"potentialAction\":[{\"@type\":\"CommentAction\",\"name\":\"Comment\",\"target\":[\"https:\/\/epochtimestr.com\/index.php\/ciftci-ismailim#respond\"]}]},{\"@type\":\"WebPage\",\"@id\":\"https:\/\/epochtimestr.com\/index.php\/ciftci-ismailim\",\"url\":\"https:\/\/epochtimestr.com\/index.php\/ciftci-ismailim\",\"name\":\"\u00c7iftci \u0130smail\u2019im - The Epoch Times TR\",\"isPartOf\":{\"@id\":\"https:\/\/epochtimestr.com\/#website\"},\"primaryImageOfPage\":{\"@id\":\"https:\/\/epochtimestr.com\/index.php\/ciftci-ismailim#primaryimage\"},\"image\":{\"@id\":\"https:\/\/epochtimestr.com\/index.php\/ciftci-ismailim#primaryimage\"},\"thumbnailUrl\":\"https:\/\/epochtimestr.com\/wp-content\/uploads\/2011y\/Bekir-Zorba.png\",\"datePublished\":\"2026-08-29T05:30:00+00:00\",\"dateModified\":\"2026-08-28T18:34:27+00:00\",\"description\":\"Gen\u00e7lik y\u0131llar\u0131ndan itibaren \u015fiir yazmaya ba\u015flayan \u0130smail \u00c7iftci, ilk \u015fiirlerini \u00e7evresindekilerin ilgisizli\u011fi y\u00fcz\u00fcnden yakt\u0131.\",\"inLanguage\":\"tr\",\"potentialAction\":[{\"@type\":\"ReadAction\",\"target\":[\"https:\/\/epochtimestr.com\/index.php\/ciftci-ismailim\"]}]},{\"@type\":\"ImageObject\",\"inLanguage\":\"tr\",\"@id\":\"https:\/\/epochtimestr.com\/index.php\/ciftci-ismailim#primaryimage\",\"url\":\"https:\/\/epochtimestr.com\/wp-content\/uploads\/2011y\/Bekir-Zorba.png\",\"contentUrl\":\"https:\/\/epochtimestr.com\/wp-content\/uploads\/2011y\/Bekir-Zorba.png\",\"width\":600,\"height\":600},{\"@type\":\"WebSite\",\"@id\":\"https:\/\/epochtimestr.com\/#website\",\"url\":\"https:\/\/epochtimestr.com\/\",\"name\":\"The Epoch Times TR\",\"description\":\"De\u011fi\u015fen D\u00fcnyam\u0131za Taze Bir Bak\u0131\u015f\",\"publisher\":{\"@id\":\"https:\/\/epochtimestr.com\/#organization\"},\"potentialAction\":[{\"@type\":\"SearchAction\",\"target\":{\"@type\":\"EntryPoint\",\"urlTemplate\":\"https:\/\/epochtimestr.com\/?s={search_term_string}\"},\"query-input\":\"required name=search_term_string\"}],\"inLanguage\":\"tr\"},{\"@type\":\"Organization\",\"@id\":\"https:\/\/epochtimestr.com\/#organization\",\"name\":\"The EpochTimes T\u00fcrkiye\",\"url\":\"https:\/\/epochtimestr.com\/\",\"logo\":{\"@type\":\"ImageObject\",\"inLanguage\":\"tr\",\"@id\":\"https:\/\/epochtimestr.com\/#\/schema\/logo\/image\/\",\"url\":\"https:\/\/epochtimestr.com\/wp-content\/uploads\/2011y\/ET-Logo-YG.jpg\",\"contentUrl\":\"https:\/\/epochtimestr.com\/wp-content\/uploads\/2011y\/ET-Logo-YG.jpg\",\"width\":346,\"height\":29,\"caption\":\"The EpochTimes T\u00fcrkiye\"},\"image\":{\"@id\":\"https:\/\/epochtimestr.com\/#\/schema\/logo\/image\/\"},\"sameAs\":[\"https:\/\/www.facebook.com\/theepochtimestr\",\"https:\/\/x.com\/TheEpochTimesTR\",\"https:\/\/www.instagram.com\/epochtimestr\"]},{\"@type\":\"Person\",\"@id\":\"https:\/\/epochtimestr.com\/#\/schema\/person\/da1ad104599611965442ed3e7e9acb2b\",\"name\":\"Bekir Zorba\",\"image\":{\"@type\":\"ImageObject\",\"inLanguage\":\"tr\",\"@id\":\"https:\/\/epochtimestr.com\/#\/schema\/person\/image\/\",\"url\":\"https:\/\/secure.gravatar.com\/avatar\/eafd40d9b77b1fbf7c565a3d4916b79c?s=96&d=mm&r=g\",\"contentUrl\":\"https:\/\/secure.gravatar.com\/avatar\/eafd40d9b77b1fbf7c565a3d4916b79c?s=96&d=mm&r=g\",\"caption\":\"Bekir Zorba\"},\"url\":\"https:\/\/epochtimestr.com\/index.php\/author\/bekir\"}]}<\/script>\n<!-- \/ Yoast SEO plugin. -->","yoast_head_json":{"title":"\u00c7iftci \u0130smail\u2019im - The Epoch Times TR","description":"Gen\u00e7lik y\u0131llar\u0131ndan itibaren \u015fiir yazmaya ba\u015flayan \u0130smail \u00c7iftci, ilk \u015fiirlerini \u00e7evresindekilerin ilgisizli\u011fi y\u00fcz\u00fcnden yakt\u0131.","robots":{"index":"index","follow":"follow","max-snippet":"max-snippet:-1","max-image-preview":"max-image-preview:large","max-video-preview":"max-video-preview:-1"},"canonical":"https:\/\/epochtimestr.com\/index.php\/ciftci-ismailim","og_locale":"tr_TR","og_type":"article","og_title":"\u00c7iftci \u0130smail\u2019im - The Epoch Times TR","og_description":"Gen\u00e7lik y\u0131llar\u0131ndan itibaren \u015fiir yazmaya ba\u015flayan \u0130smail \u00c7iftci, ilk \u015fiirlerini \u00e7evresindekilerin ilgisizli\u011fi y\u00fcz\u00fcnden yakt\u0131.","og_url":"https:\/\/epochtimestr.com\/index.php\/ciftci-ismailim","og_site_name":"The Epoch Times TR","article_publisher":"https:\/\/www.facebook.com\/theepochtimestr","article_published_time":"2026-08-29T05:30:00+00:00","article_modified_time":"2026-08-28T18:34:27+00:00","og_image":[{"width":1200,"height":630,"url":"https:\/\/epochtimestr.com\/wp-content\/uploads\/2011y\/bzct-ic.jpg","type":"image\/jpeg"}],"author":"Bekir Zorba","twitter_card":"summary_large_image","twitter_creator":"@TheEpochTimesTR","twitter_site":"@TheEpochTimesTR","twitter_misc":{"Yazan:":"Bekir Zorba","Tahmini okuma s\u00fcresi":"4 dakika"},"schema":{"@context":"https:\/\/schema.org","@graph":[{"@type":"Article","@id":"https:\/\/epochtimestr.com\/index.php\/ciftci-ismailim#article","isPartOf":{"@id":"https:\/\/epochtimestr.com\/index.php\/ciftci-ismailim"},"author":{"name":"Bekir Zorba","@id":"https:\/\/epochtimestr.com\/#\/schema\/person\/da1ad104599611965442ed3e7e9acb2b"},"headline":"\u00c7iftci \u0130smail\u2019im","datePublished":"2026-08-29T05:30:00+00:00","dateModified":"2026-08-28T18:34:27+00:00","mainEntityOfPage":{"@id":"https:\/\/epochtimestr.com\/index.php\/ciftci-ismailim"},"wordCount":696,"commentCount":0,"publisher":{"@id":"https:\/\/epochtimestr.com\/#organization"},"image":{"@id":"https:\/\/epochtimestr.com\/index.php\/ciftci-ismailim#primaryimage"},"thumbnailUrl":"https:\/\/epochtimestr.com\/wp-content\/uploads\/2011y\/Bekir-Zorba.png","keywords":["K\u00f6\u015fe","k\u00f6\u015fe Mersin"],"articleSection":["K\u00f6\u015fe Yaz\u0131lar\u0131 Bekir Zorba"],"inLanguage":"tr","potentialAction":[{"@type":"CommentAction","name":"Comment","target":["https:\/\/epochtimestr.com\/index.php\/ciftci-ismailim#respond"]}]},{"@type":"WebPage","@id":"https:\/\/epochtimestr.com\/index.php\/ciftci-ismailim","url":"https:\/\/epochtimestr.com\/index.php\/ciftci-ismailim","name":"\u00c7iftci \u0130smail\u2019im - The Epoch Times TR","isPartOf":{"@id":"https:\/\/epochtimestr.com\/#website"},"primaryImageOfPage":{"@id":"https:\/\/epochtimestr.com\/index.php\/ciftci-ismailim#primaryimage"},"image":{"@id":"https:\/\/epochtimestr.com\/index.php\/ciftci-ismailim#primaryimage"},"thumbnailUrl":"https:\/\/epochtimestr.com\/wp-content\/uploads\/2011y\/Bekir-Zorba.png","datePublished":"2026-08-29T05:30:00+00:00","dateModified":"2026-08-28T18:34:27+00:00","description":"Gen\u00e7lik y\u0131llar\u0131ndan itibaren \u015fiir yazmaya ba\u015flayan \u0130smail \u00c7iftci, ilk \u015fiirlerini \u00e7evresindekilerin ilgisizli\u011fi y\u00fcz\u00fcnden yakt\u0131.","inLanguage":"tr","potentialAction":[{"@type":"ReadAction","target":["https:\/\/epochtimestr.com\/index.php\/ciftci-ismailim"]}]},{"@type":"ImageObject","inLanguage":"tr","@id":"https:\/\/epochtimestr.com\/index.php\/ciftci-ismailim#primaryimage","url":"https:\/\/epochtimestr.com\/wp-content\/uploads\/2011y\/Bekir-Zorba.png","contentUrl":"https:\/\/epochtimestr.com\/wp-content\/uploads\/2011y\/Bekir-Zorba.png","width":600,"height":600},{"@type":"WebSite","@id":"https:\/\/epochtimestr.com\/#website","url":"https:\/\/epochtimestr.com\/","name":"The Epoch Times TR","description":"De\u011fi\u015fen D\u00fcnyam\u0131za Taze Bir Bak\u0131\u015f","publisher":{"@id":"https:\/\/epochtimestr.com\/#organization"},"potentialAction":[{"@type":"SearchAction","target":{"@type":"EntryPoint","urlTemplate":"https:\/\/epochtimestr.com\/?s={search_term_string}"},"query-input":"required name=search_term_string"}],"inLanguage":"tr"},{"@type":"Organization","@id":"https:\/\/epochtimestr.com\/#organization","name":"The EpochTimes T\u00fcrkiye","url":"https:\/\/epochtimestr.com\/","logo":{"@type":"ImageObject","inLanguage":"tr","@id":"https:\/\/epochtimestr.com\/#\/schema\/logo\/image\/","url":"https:\/\/epochtimestr.com\/wp-content\/uploads\/2011y\/ET-Logo-YG.jpg","contentUrl":"https:\/\/epochtimestr.com\/wp-content\/uploads\/2011y\/ET-Logo-YG.jpg","width":346,"height":29,"caption":"The EpochTimes T\u00fcrkiye"},"image":{"@id":"https:\/\/epochtimestr.com\/#\/schema\/logo\/image\/"},"sameAs":["https:\/\/www.facebook.com\/theepochtimestr","https:\/\/x.com\/TheEpochTimesTR","https:\/\/www.instagram.com\/epochtimestr"]},{"@type":"Person","@id":"https:\/\/epochtimestr.com\/#\/schema\/person\/da1ad104599611965442ed3e7e9acb2b","name":"Bekir Zorba","image":{"@type":"ImageObject","inLanguage":"tr","@id":"https:\/\/epochtimestr.com\/#\/schema\/person\/image\/","url":"https:\/\/secure.gravatar.com\/avatar\/eafd40d9b77b1fbf7c565a3d4916b79c?s=96&d=mm&r=g","contentUrl":"https:\/\/secure.gravatar.com\/avatar\/eafd40d9b77b1fbf7c565a3d4916b79c?s=96&d=mm&r=g","caption":"Bekir Zorba"},"url":"https:\/\/epochtimestr.com\/index.php\/author\/bekir"}]}},"_links":{"self":[{"href":"https:\/\/epochtimestr.com\/index.php\/wp-json\/wp\/v2\/posts\/171108"}],"collection":[{"href":"https:\/\/epochtimestr.com\/index.php\/wp-json\/wp\/v2\/posts"}],"about":[{"href":"https:\/\/epochtimestr.com\/index.php\/wp-json\/wp\/v2\/types\/post"}],"author":[{"embeddable":true,"href":"https:\/\/epochtimestr.com\/index.php\/wp-json\/wp\/v2\/users\/14001"}],"replies":[{"embeddable":true,"href":"https:\/\/epochtimestr.com\/index.php\/wp-json\/wp\/v2\/comments?post=171108"}],"version-history":[{"count":1,"href":"https:\/\/epochtimestr.com\/index.php\/wp-json\/wp\/v2\/posts\/171108\/revisions"}],"predecessor-version":[{"id":171110,"href":"https:\/\/epochtimestr.com\/index.php\/wp-json\/wp\/v2\/posts\/171108\/revisions\/171110"}],"wp:featuredmedia":[{"embeddable":true,"href":"https:\/\/epochtimestr.com\/index.php\/wp-json\/wp\/v2\/media\/161038"}],"wp:attachment":[{"href":"https:\/\/epochtimestr.com\/index.php\/wp-json\/wp\/v2\/media?parent=171108"}],"wp:term":[{"taxonomy":"category","embeddable":true,"href":"https:\/\/epochtimestr.com\/index.php\/wp-json\/wp\/v2\/categories?post=171108"},{"taxonomy":"post_tag","embeddable":true,"href":"https:\/\/epochtimestr.com\/index.php\/wp-json\/wp\/v2\/tags?post=171108"}],"curies":[{"name":"wp","href":"https:\/\/api.w.org\/{rel}","templated":true}]}}