{"id":171111,"date":"2026-08-30T00:01:09","date_gmt":"2026-08-29T21:01:09","guid":{"rendered":"https:\/\/epochtimestr.com\/?p=171111"},"modified":"2026-08-29T11:42:23","modified_gmt":"2026-08-29T08:42:23","slug":"30-agustos-tarihin-akisini-degistiren-zafer","status":"publish","type":"post","link":"https:\/\/epochtimestr.com\/index.php\/30-agustos-tarihin-akisini-degistiren-zafer","title":{"rendered":"30 A\u011fustos: Tarihin Ak\u0131\u015f\u0131n\u0131 De\u011fi\u015ftiren Zafer"},"content":{"rendered":"<div class=\"wp-block-image\">\n<figure class=\"aligncenter size-full is-resized\"><img loading=\"lazy\" decoding=\"async\" width=\"1120\" height=\"629\" src=\"https:\/\/epochtimestr.com\/wp-content\/uploads\/2011y\/ata.webp\" alt=\"30 A\u011fustos: tarihin ak\u0131\u015f\u0131n\u0131 de\u011fi\u015ftiren zafer. 26 A\u011fustos 1922'de Mustafa Kemal Atat\u00fcrk, Afyon Kocatepe'de. (Foto\u011fraf: Ar\u015fiv-Genel Kurmay Ba\u015fkanl\u0131\u011f\u0131)\" class=\"wp-image-171112\" style=\"width:840px;height:auto\" srcset=\"https:\/\/epochtimestr.com\/wp-content\/uploads\/2011y\/ata.webp 1120w, https:\/\/epochtimestr.com\/wp-content\/uploads\/2011y\/ata-300x168.webp 300w, https:\/\/epochtimestr.com\/wp-content\/uploads\/2011y\/ata-150x84.webp 150w, https:\/\/epochtimestr.com\/wp-content\/uploads\/2011y\/ata-768x431.webp 768w\" sizes=\"(max-width: 1120px) 100vw, 1120px\" \/><figcaption class=\"wp-element-caption\">30 A\u011fustos: tarihin ak\u0131\u015f\u0131n\u0131 de\u011fi\u015ftiren zafer. 26 A\u011fustos 1922&#8217;de Mustafa Kemal Atat\u00fcrk, Afyon Kocatepe&#8217;de. (Foto\u011fraf: Ar\u015fiv-Genel Kurmay Ba\u015fkanl\u0131\u011f\u0131)<\/figcaption><\/figure><\/div>\n\n\n<h2 class=\"wp-block-heading\">30 A\u011fustos 1922&#8217;yi B\u00fcy\u00fck Zafer\u2019in 104\u2019\u00fcnc\u00fc y\u0131l d\u00f6n\u00fcm\u00fcn\u00fc b\u00fcy\u00fck bir gurur ve minnetle kutluyoruz.<\/h2>\n\n\n\n<p>Birinci D\u00fcnya Sava\u015f\u0131 sonunda imzalanan Mondros M\u00fctarekesi ve Sevr Antla\u015fmas\u0131, Anadolu topraklar\u0131n\u0131 par\u00e7alamay\u0131 ve T\u00fcrk ulusunu esaret alt\u0131na almay\u0131 hedefleyen emperyalist bir ku\u015fatmayd\u0131. Ancak bu karanl\u0131k senaryo, B\u00fcy\u00fck \u00d6nder Gazi Mustafa Kemal <a href=\"https:\/\/epochtimestr.com\/index.php\/ataturkun-anamurlu-akrabalari\" target=\"_blank\" rel=\"noreferrer noopener\">Atat\u00fcrk<\/a>\u2019\u00fcn 19 May\u0131s 1919\u2019da Samsun\u2019a ayak basmas\u0131yla bozuldu.<\/p>\n\n\n<div class=\"wp-block-image\">\n<figure class=\"aligncenter size-full\"><img loading=\"lazy\" decoding=\"async\" width=\"972\" height=\"636\" src=\"https:\/\/epochtimestr.com\/wp-content\/uploads\/2011y\/1-5.webp\" alt=\"(Foto\u011fraf: Ar\u015fiv - Genel Kurmay Ba\u015fkanl\u0131\u011f\u0131)\" class=\"wp-image-171113\" srcset=\"https:\/\/epochtimestr.com\/wp-content\/uploads\/2011y\/1-5.webp 972w, https:\/\/epochtimestr.com\/wp-content\/uploads\/2011y\/1-5-300x196.webp 300w, https:\/\/epochtimestr.com\/wp-content\/uploads\/2011y\/1-5-150x98.webp 150w, https:\/\/epochtimestr.com\/wp-content\/uploads\/2011y\/1-5-768x503.webp 768w, https:\/\/epochtimestr.com\/wp-content\/uploads\/2011y\/1-5-210x136.webp 210w\" sizes=\"(max-width: 972px) 100vw, 972px\" \/><figcaption class=\"wp-element-caption\">(Foto\u011fraf: Ar\u015fiv &#8211; Genel Kurmay Ba\u015fkanl\u0131\u011f\u0131)<\/figcaption><\/figure><\/div>\n\n\n<p>23 Nisan 1920\u2019de <a href=\"https:\/\/epochtimestr.com\/index.php\/tbmmde-cerceve-yasa-468-oyla-kabul-edildi\" target=\"_blank\" rel=\"noreferrer noopener\">TBMM<\/a>\u2019nin a\u00e7\u0131lmas\u0131yla ulusun y\u00f6netimi halk\u0131n iradesine teslim edilmi\u015f, Ankara Mill\u00ee M\u00fccadele\u2019nin merkezi haline gelmi\u015fti. Meclis, &#8220;Misak-\u0131 Milli s\u0131n\u0131rlar\u0131 i\u00e7inde vatan bir b\u00fct\u00fcnd\u00fcr, par\u00e7alanamaz&#8221; ilkesiyle yokluklar i\u00e7inden d\u00fczenli bir ordu var etti ve kurtulu\u015f me\u015falesini yakt\u0131.<\/p>\n\n\n<div class=\"wp-block-image\">\n<figure class=\"aligncenter size-full\"><img loading=\"lazy\" decoding=\"async\" width=\"938\" height=\"636\" src=\"https:\/\/epochtimestr.com\/wp-content\/uploads\/2011y\/2-4.webp\" alt=\"(Foto\u011fraf: Ar\u015fiv - Genel Kurmay Ba\u015fkanl\u0131\u011f\u0131)\" class=\"wp-image-171114\" srcset=\"https:\/\/epochtimestr.com\/wp-content\/uploads\/2011y\/2-4.webp 938w, https:\/\/epochtimestr.com\/wp-content\/uploads\/2011y\/2-4-300x203.webp 300w, https:\/\/epochtimestr.com\/wp-content\/uploads\/2011y\/2-4-150x102.webp 150w, https:\/\/epochtimestr.com\/wp-content\/uploads\/2011y\/2-4-768x521.webp 768w\" sizes=\"(max-width: 938px) 100vw, 938px\" \/><figcaption class=\"wp-element-caption\">(Foto\u011fraf: Ar\u015fiv &#8211; Genel Kurmay Ba\u015fkanl\u0131\u011f\u0131)<\/figcaption><\/figure><\/div>\n\n\n<p><strong>&#8220;Hatt\u0131 M\u00fcdafaa Yoktur, Sath\u0131 M\u00fcdafaa Vard\u0131r&#8221;<\/strong><\/p>\n\n\n\n<p>Do\u011fu Cephesi&#8217;nde Ermeni \u00e7etelerinin etkisiz hale getirilmesinin ard\u0131ndan, bat\u0131da Yunan ordusuna kar\u015f\u0131 kazan\u0131lan I. ve II. \u0130n\u00f6n\u00fc Sava\u015flar\u0131, milletin moral g\u00fcc\u00fcn\u00fc en \u00fcst seviyeye \u00e7\u0131kard\u0131. D\u00fc\u015fman\u0131n yeniden taarruza ge\u00e7mesi \u00fczerine Mustafa Kemal Pa\u015fa, askeri literat\u00fcre ge\u00e7ecek o tarihi emri verdi:<\/p>\n\n\n\n<p><em>\u201cHatt\u0131 m\u00fcdafaa yoktur, sath\u0131 m\u00fcdafaa vard\u0131r. Bu sat\u0131h, b\u00fct\u00fcn vatand\u0131r. Vatan\u0131n her kar\u0131\u015f topra\u011f\u0131 vatanda\u015f\u0131n kan\u0131yla \u0131slanmad\u0131k\u00e7a terk olunamaz.\u201d<\/em><\/p>\n\n\n\n<p>Bu stratejiyle 23 A\u011fustos &#8211; 12 Eyl\u00fcl 1921 tarihleri aras\u0131nda y\u00fcr\u00fct\u00fclen Sakarya Meydan Muharebesi kazan\u0131larak T\u00fcrk ordusu savunma konumundan taarruz konumuna ge\u00e7ti. Bu muazzam zaferin ard\u0131ndan TBMM taraf\u0131ndan Mustafa Kemal\u2019e \u201cGazi\u201d unvan\u0131 ve \u201cMare\u015fal\u201d r\u00fctbesi tevcih edildi.<\/p>\n\n\n<div class=\"wp-block-image\">\n<figure class=\"aligncenter size-full\"><img loading=\"lazy\" decoding=\"async\" width=\"984\" height=\"636\" src=\"https:\/\/epochtimestr.com\/wp-content\/uploads\/2011y\/3-4.webp\" alt=\"(Foto\u011fraf: Ar\u015fiv - Genel Kurmay Ba\u015fkanl\u0131\u011f\u0131)\" class=\"wp-image-171115\" srcset=\"https:\/\/epochtimestr.com\/wp-content\/uploads\/2011y\/3-4.webp 984w, https:\/\/epochtimestr.com\/wp-content\/uploads\/2011y\/3-4-300x194.webp 300w, https:\/\/epochtimestr.com\/wp-content\/uploads\/2011y\/3-4-150x97.webp 150w, https:\/\/epochtimestr.com\/wp-content\/uploads\/2011y\/3-4-768x496.webp 768w, https:\/\/epochtimestr.com\/wp-content\/uploads\/2011y\/3-4-210x136.webp 210w\" sizes=\"(max-width: 984px) 100vw, 984px\" \/><figcaption class=\"wp-element-caption\">(Foto\u011fraf: Ar\u015fiv &#8211; Genel Kurmay Ba\u015fkanl\u0131\u011f\u0131)<\/figcaption><\/figure><\/div>\n\n\n<h3 class=\"wp-block-heading\"><strong>\u0130mkans\u0131zl\u0131klar \u0130\u00e7inde \u0130lmek \u0130lmek \u00d6r\u00fclen Haz\u0131rl\u0131k<\/strong><\/h3>\n\n\n\n<p>Bir\u00e7ok \u00e7evreye g\u00f6re bu b\u00fcy\u00fck ba\u015far\u0131, sadece 26-30 A\u011fustos 1922 aras\u0131ndaki 5 g\u00fcnde kazan\u0131lm\u0131\u015f gibi g\u00f6r\u00fcnse de ard\u0131nda yakla\u015f\u0131k 4 y\u0131ll\u0131k muazzam bir haz\u0131rl\u0131k safhas\u0131 bar\u0131nd\u0131r\u0131yordu. \u0130stiklal Sava\u015f\u0131 d\u00f6neminde \u00fclkenin y\u00fczde 75&#8217;i i\u015fgal alt\u0131ndayd\u0131 ve 10 y\u0131l s\u00fcren kesintisiz sava\u015flar milleti \u00e7ok yormu\u015ftu.<\/p>\n\n\n\n<p>Sakarya Zaferi&#8217;nden sonra dahi ordunun durumu i\u00e7ler ac\u0131s\u0131yd\u0131; askerlerin b\u00fcy\u00fck k\u0131sm\u0131n\u0131n \u00fczerinde \u00fcniforma yoktu, cepheye k\u00f6yden geldikleri y\u0131rt\u0131k elbiselerle giriyorlard\u0131. \u0130\u00e7erideki yokluklar ve yabanc\u0131 devletlerin bask\u0131s\u0131 \u00f6yle bir boyuttayd\u0131 ki, Ali Fuat Pa\u015fa ve Refet Bele gibi d\u00f6nemin \u00f6nemli komutanlar\u0131 bile ba\u015far\u0131l\u0131 bir taarruz yap\u0131labilece\u011fine inanm\u0131yordu.<\/p>\n\n\n<div class=\"wp-block-image\">\n<figure class=\"aligncenter size-full\"><img loading=\"lazy\" decoding=\"async\" width=\"895\" height=\"636\" src=\"https:\/\/epochtimestr.com\/wp-content\/uploads\/2011y\/4.webp\" alt=\"(Foto\u011fraf: Ar\u015fiv - Genel Kurmay Ba\u015fkanl\u0131\u011f\u0131)\" class=\"wp-image-171116\" srcset=\"https:\/\/epochtimestr.com\/wp-content\/uploads\/2011y\/4.webp 895w, https:\/\/epochtimestr.com\/wp-content\/uploads\/2011y\/4-300x213.webp 300w, https:\/\/epochtimestr.com\/wp-content\/uploads\/2011y\/4-150x107.webp 150w, https:\/\/epochtimestr.com\/wp-content\/uploads\/2011y\/4-768x546.webp 768w\" sizes=\"(max-width: 895px) 100vw, 895px\" \/><figcaption class=\"wp-element-caption\">(Foto\u011fraf: Ar\u015fiv &#8211; Genel Kurmay Ba\u015fkanl\u0131\u011f\u0131)<\/figcaption><\/figure><\/div>\n\n\n<p>Hatta Padi\u015fah Vahdettin, \u0130ngilizlere &#8220;Mustafa Kemal ve adamlar\u0131 \u0130ngilizlerin d\u00fc\u015fman\u0131d\u0131r, ne isterseniz vermeye haz\u0131r\u0131m&#8221; mesajlar\u0131 g\u00f6nderirken; \u0130zmir\u2019e yeni atanan Yunan \u0130\u015fgal Ordusu Komutan\u0131 General Hacianesti, Reuters muhabirinin sorusuna kibirle, &#8220;Ben Mustafa Kemal diye bir komutan tan\u0131m\u0131yorum&#8221; cevab\u0131n\u0131 veriyordu. \u0130ngiliz askeri uzmanlar ise Afyon b\u00f6lgesindeki Yunan savunma hatlar\u0131n\u0131n T\u00fcrkler taraf\u0131ndan asla ge\u00e7ilemeyece\u011fini rapor ediyordu.<\/p>\n\n\n<div class=\"wp-block-image\">\n<figure class=\"aligncenter size-full\"><img loading=\"lazy\" decoding=\"async\" width=\"1588\" height=\"1102\" src=\"https:\/\/epochtimestr.com\/wp-content\/uploads\/2011y\/ataturk-1.jpg\" alt=\"(Foto\u011fraf: Ar\u015fiv - Genel Kurmay Ba\u015fkanl\u0131\u011f\u0131)\" class=\"wp-image-171117\" srcset=\"https:\/\/epochtimestr.com\/wp-content\/uploads\/2011y\/ataturk-1.jpg 1588w, https:\/\/epochtimestr.com\/wp-content\/uploads\/2011y\/ataturk-1-300x208.jpg 300w, https:\/\/epochtimestr.com\/wp-content\/uploads\/2011y\/ataturk-1-150x104.jpg 150w, https:\/\/epochtimestr.com\/wp-content\/uploads\/2011y\/ataturk-1-768x533.jpg 768w, https:\/\/epochtimestr.com\/wp-content\/uploads\/2011y\/ataturk-1-1536x1066.jpg 1536w\" sizes=\"(max-width: 1588px) 100vw, 1588px\" \/><figcaption class=\"wp-element-caption\">(Foto\u011fraf: Ar\u015fiv &#8211; Genel Kurmay Ba\u015fkanl\u0131\u011f\u0131)<\/figcaption><\/figure><\/div>\n\n\n<h3 class=\"wp-block-heading\">Bilim, Fen ve Stratejik Deha<\/h3>\n\n\n\n<p>Ancak bu ordunun ba\u015f\u0131nda, askeri dehas\u0131n\u0131 bilim ve fenle birle\u015ftiren Ba\u015fkomutan Mustafa Kemal Pa\u015fa vard\u0131. Sava\u015f prensiplerine g\u00f6re taarruz eden taraf\u0131n d\u00fc\u015fmandan \u00fc\u00e7 kat \u00fcst\u00fcn olmas\u0131 gerekirken, T\u00fcrk ordusu say\u0131, silah, u\u00e7ak ve ara\u00e7 y\u00f6n\u00fcnden Yunan ordusundan \u00e7ok daha zay\u0131f durumdayd\u0131.<br \/><a href=\"https:\/\/epochtimestr.com\/index.php\/mustafa-kemalin-askerleriyiz-diyen-5-tegmen-ihrac-edildi\" target=\"_blank\" rel=\"noreferrer noopener\">Mustafa Kemal<\/a>, bu e\u015fitsizli\u011fi d\u00fcnya askeri tarihini inceleyerek geli\u015ftirdi\u011fi bask\u0131n, gizlilik ve aldatma taktikleriyle a\u015fmay\u0131 bildi. Kimsenin ihtimal vermedi\u011fi, \u0130ngiliz ve Yunan kurmaylar\u0131n\u0131n &#8220;a\u015f\u0131lmas\u0131 imkans\u0131z&#8221; g\u00f6z\u00fcyle bakt\u0131\u011f\u0131 Afyon\u2019un g\u00fcneyindeki Ah\u0131r Da\u011flar\u0131 \u00fczerinden b\u00fcy\u00fck bir bask\u0131n planlad\u0131.<\/p>\n\n\n\n<p>26 A\u011fustos 1922 sabah\u0131 ba\u015flayan B\u00fcy\u00fck Taarruz ile d\u00fc\u015fman mevzileri bir saat i\u00e7inde ele ge\u00e7irildi. 30 A\u011fustos\u2019ta Ba\u015fkomutanl\u0131k Meydan Muharebesi ile d\u00fc\u015fman \u00e7ember i\u00e7ine al\u0131narak imha edildi. Stratejik akl\u0131n ve askeri dehan\u0131n eseri olan bu b\u00fcy\u00fck zaferin ard\u0131ndan durmayan T\u00fcrk ordusu, d\u00fc\u015fman\u0131 \u0130zmir\u2019e kadar takip etti ve 9 Eyl\u00fcl 1922\u2019de \u0130zmir\u2019in kurtar\u0131lmas\u0131yla yurdumuz d\u00fc\u015fmandan tamamen temizlendi.<\/p>\n\n\n\n<p>Atat\u00fcrk\u2019\u00fcn de belirtti\u011fi gibi bu zafer; her evresi ince ince d\u00fc\u015f\u00fcn\u00fclm\u00fc\u015f, ordular\u0131n sevk ve idaresinde ilim ve fen ilkelerinin rehber kabul edildi\u011fi, ak\u0131lc\u0131 bir plan\u0131n sonucuydu.<\/p>\n\n\n<div class=\"wp-block-image\">\n<figure class=\"aligncenter size-full\"><img loading=\"lazy\" decoding=\"async\" width=\"886\" height=\"475\" src=\"https:\/\/epochtimestr.com\/wp-content\/uploads\/2011y\/kocatepe.jpg\" alt=\"(Foto\u011fraf: Atat\u00fcrk'\u00fcn S\u00f6ylev ve Deme\u00e7leri, T\u00fcrk\u00e7e Tarih)\" class=\"wp-image-171118\" srcset=\"https:\/\/epochtimestr.com\/wp-content\/uploads\/2011y\/kocatepe.jpg 886w, https:\/\/epochtimestr.com\/wp-content\/uploads\/2011y\/kocatepe-300x161.jpg 300w, https:\/\/epochtimestr.com\/wp-content\/uploads\/2011y\/kocatepe-150x80.jpg 150w, https:\/\/epochtimestr.com\/wp-content\/uploads\/2011y\/kocatepe-768x412.jpg 768w\" sizes=\"(max-width: 886px) 100vw, 886px\" \/><figcaption class=\"wp-element-caption\">(Foto\u011fraf: Atat\u00fcrk&#8217;\u00fcn S\u00f6ylev ve Deme\u00e7leri, T\u00fcrk\u00e7e Tarih)<\/figcaption><\/figure><\/div>\n\n\n<h3 class=\"wp-block-heading\">Sonsuza Dek Laik ve Demokratik T\u00fcrkiye<\/h3>\n\n\n\n<p>Bug\u00fcn, bu \u015fanl\u0131 B\u00fcy\u00fck Zafer\u2019in 104\u2019\u00fcnc\u00fc y\u0131l d\u00f6n\u00fcm\u00fcn\u00fc b\u00fcy\u00fck bir gurur ve minnetle kutluyoruz. Hunharca ger\u00e7ekle\u015ftirilen ter\u00f6r eylemleri ile \u00fclkemizi b\u00f6lmek ve par\u00e7alamak isteyen \u015fer g\u00fc\u00e7ler bilmelidir ki T\u00fcrk ulusu t\u00fcm fertleriyle d\u00fcn oldu\u011fu gibi bug\u00fcn de tek v\u00fccut halinde dimdik ayaktad\u0131r.<\/p>\n\n\n\n<p>Laik ve demokratik T\u00fcrkiye Cumhuriyeti\u2019ni sonsuza kadar ya\u015fatma azmindeyiz. Ba\u015fta Gazi Mustafa Kemal Atat\u00fcrk ve silah arkada\u015flar\u0131 olmak \u00fczere, kanlar\u0131yla bu topraklar\u0131 vatan yapan aziz \u015fehitlerimizin ruhu \u015fad olsun!<\/p>\n\n\n\n<p><strong><em>30 A\u011fustos Zafer Bayram\u0131m\u0131z kutlu olsun!<\/em><\/strong><\/p>\n","protected":false},"excerpt":{"rendered":"<p>30 A\u011fustos 1922&#8217;yi B\u00fcy\u00fck Zafer\u2019in 104\u2019\u00fcnc\u00fc y\u0131l d\u00f6n\u00fcm\u00fcn\u00fc b\u00fcy\u00fck bir gurur ve minnetle kutluyoruz. Birinci D\u00fcnya Sava\u015f\u0131 sonunda imzalanan Mondros M\u00fctarekesi ve Sevr Antla\u015fmas\u0131, Anadolu topraklar\u0131n\u0131 par\u00e7alamay\u0131 ve T\u00fcrk ulusunu esaret alt\u0131na almay\u0131 hedefleyen emperyalist bir ku\u015fatmayd\u0131. Ancak bu karanl\u0131k senaryo, B\u00fcy\u00fck \u00d6nder Gazi Mustafa Kemal Atat\u00fcrk\u2019\u00fcn 19 May\u0131s 1919\u2019da Samsun\u2019a ayak basmas\u0131yla bozuldu. 23 [&hellip;]<\/p>\n","protected":false},"author":12791,"featured_media":171117,"comment_status":"open","ping_status":"open","sticky":false,"template":"","format":"standard","meta":{"_yoast_wpseo_focuskw":"30 A\u011fustos","_yoast_wpseo_title":"","_yoast_wpseo_metadesc":"30 A\u011fustos 1922'yi, B\u00fcy\u00fck Zafer\u2019in 104\u2019\u00fcnc\u00fc y\u0131l d\u00f6n\u00fcm\u00fcn\u00fc b\u00fcy\u00fck bir gururla kutluyor, Atat\u00fcrk ve silah arkada\u015flar\u0131n\u0131 minnetle an\u0131yoruz!","_bbp_topic_count":0,"_bbp_reply_count":0,"_bbp_total_topic_count":0,"_bbp_total_reply_count":0,"_bbp_voice_count":0,"_bbp_anonymous_reply_count":0,"_bbp_topic_count_hidden":0,"_bbp_reply_count_hidden":0,"_bbp_forum_subforum_count":0,"footnotes":"","_yoast_wpseo_focuskw_text_input":""},"categories":[1,8138,8206,8419],"tags":[6656,7822,6238],"yoast_head":"<!-- This site is optimized with the Yoast SEO plugin v23.0 - https:\/\/yoast.com\/wordpress\/plugins\/seo\/ -->\n<title>30 A\u011fustos: Tarihin Ak\u0131\u015f\u0131n\u0131 De\u011fi\u015ftiren Zafer - The Epoch Times TR<\/title>\n<meta name=\"description\" content=\"30 A\u011fustos 1922&#039;yi, B\u00fcy\u00fck Zafer\u2019in 104\u2019\u00fcnc\u00fc y\u0131l d\u00f6n\u00fcm\u00fcn\u00fc b\u00fcy\u00fck bir gururla kutluyor, Atat\u00fcrk ve silah arkada\u015flar\u0131n\u0131 minnetle an\u0131yoruz!\" \/>\n<meta name=\"robots\" content=\"index, follow, max-snippet:-1, max-image-preview:large, max-video-preview:-1\" \/>\n<link rel=\"canonical\" href=\"https:\/\/epochtimestr.com\/index.php\/30-agustos-tarihin-akisini-degistiren-zafer\" \/>\n<meta property=\"og:locale\" content=\"tr_TR\" \/>\n<meta property=\"og:type\" content=\"article\" \/>\n<meta property=\"og:title\" content=\"30 A\u011fustos: Tarihin Ak\u0131\u015f\u0131n\u0131 De\u011fi\u015ftiren Zafer - The Epoch Times TR\" \/>\n<meta property=\"og:description\" content=\"30 A\u011fustos 1922&#039;yi, B\u00fcy\u00fck Zafer\u2019in 104\u2019\u00fcnc\u00fc y\u0131l d\u00f6n\u00fcm\u00fcn\u00fc b\u00fcy\u00fck bir gururla kutluyor, Atat\u00fcrk ve silah arkada\u015flar\u0131n\u0131 minnetle an\u0131yoruz!\" \/>\n<meta property=\"og:url\" content=\"https:\/\/epochtimestr.com\/index.php\/30-agustos-tarihin-akisini-degistiren-zafer\" \/>\n<meta property=\"og:site_name\" content=\"The Epoch Times TR\" \/>\n<meta property=\"article:publisher\" content=\"https:\/\/www.facebook.com\/theepochtimestr\" \/>\n<meta property=\"article:published_time\" content=\"2026-08-29T21:01:09+00:00\" \/>\n<meta property=\"article:modified_time\" content=\"2026-08-29T08:42:23+00:00\" \/>\n<meta property=\"og:image\" content=\"https:\/\/epochtimestr.com\/wp-content\/uploads\/2011y\/ataturk-1.jpg\" \/>\n\t<meta property=\"og:image:width\" content=\"1588\" \/>\n\t<meta property=\"og:image:height\" content=\"1102\" \/>\n\t<meta property=\"og:image:type\" content=\"image\/jpeg\" \/>\n<meta name=\"author\" content=\"Haber Merkezi\" \/>\n<meta name=\"twitter:card\" content=\"summary_large_image\" \/>\n<meta name=\"twitter:creator\" content=\"@TheEpochTimesTR\" \/>\n<meta name=\"twitter:site\" content=\"@TheEpochTimesTR\" \/>\n<meta name=\"twitter:label1\" content=\"Yazan:\" \/>\n\t<meta name=\"twitter:data1\" content=\"Haber Merkezi\" \/>\n\t<meta name=\"twitter:label2\" content=\"Tahmini okuma s\u00fcresi\" \/>\n\t<meta name=\"twitter:data2\" content=\"6 dakika\" \/>\n<script type=\"application\/ld+json\" class=\"yoast-schema-graph\">{\"@context\":\"https:\/\/schema.org\",\"@graph\":[{\"@type\":\"Article\",\"@id\":\"https:\/\/epochtimestr.com\/index.php\/30-agustos-tarihin-akisini-degistiren-zafer#article\",\"isPartOf\":{\"@id\":\"https:\/\/epochtimestr.com\/index.php\/30-agustos-tarihin-akisini-degistiren-zafer\"},\"author\":{\"name\":\"Haber Merkezi\",\"@id\":\"https:\/\/epochtimestr.com\/#\/schema\/person\/3dc5c3adeb9f43923c5aa85889172fdd\"},\"headline\":\"30 A\u011fustos: Tarihin Ak\u0131\u015f\u0131n\u0131 De\u011fi\u015ftiren Zafer\",\"datePublished\":\"2026-08-29T21:01:09+00:00\",\"dateModified\":\"2026-08-29T08:42:23+00:00\",\"mainEntityOfPage\":{\"@id\":\"https:\/\/epochtimestr.com\/index.php\/30-agustos-tarihin-akisini-degistiren-zafer\"},\"wordCount\":928,\"commentCount\":0,\"publisher\":{\"@id\":\"https:\/\/epochtimestr.com\/#organization\"},\"image\":{\"@id\":\"https:\/\/epochtimestr.com\/index.php\/30-agustos-tarihin-akisini-degistiren-zafer#primaryimage\"},\"thumbnailUrl\":\"https:\/\/epochtimestr.com\/wp-content\/uploads\/2011y\/ataturk-1.jpg\",\"keywords\":[\"30 A\u011fustos Zafer Bayram\u0131\",\"Gazi Mustafa Kemal Atat\u00fcrk\",\"T\u00fcrkiye Cumhuriyeti\"],\"articleSection\":[\"G\u00dcNDEM\",\"MAN\u015eET\",\"\u00d6ne \u00c7\u0131kan\",\"Ya\u015fam\"],\"inLanguage\":\"tr\",\"potentialAction\":[{\"@type\":\"CommentAction\",\"name\":\"Comment\",\"target\":[\"https:\/\/epochtimestr.com\/index.php\/30-agustos-tarihin-akisini-degistiren-zafer#respond\"]}]},{\"@type\":\"WebPage\",\"@id\":\"https:\/\/epochtimestr.com\/index.php\/30-agustos-tarihin-akisini-degistiren-zafer\",\"url\":\"https:\/\/epochtimestr.com\/index.php\/30-agustos-tarihin-akisini-degistiren-zafer\",\"name\":\"30 A\u011fustos: Tarihin Ak\u0131\u015f\u0131n\u0131 De\u011fi\u015ftiren Zafer - The Epoch Times TR\",\"isPartOf\":{\"@id\":\"https:\/\/epochtimestr.com\/#website\"},\"primaryImageOfPage\":{\"@id\":\"https:\/\/epochtimestr.com\/index.php\/30-agustos-tarihin-akisini-degistiren-zafer#primaryimage\"},\"image\":{\"@id\":\"https:\/\/epochtimestr.com\/index.php\/30-agustos-tarihin-akisini-degistiren-zafer#primaryimage\"},\"thumbnailUrl\":\"https:\/\/epochtimestr.com\/wp-content\/uploads\/2011y\/ataturk-1.jpg\",\"datePublished\":\"2026-08-29T21:01:09+00:00\",\"dateModified\":\"2026-08-29T08:42:23+00:00\",\"description\":\"30 A\u011fustos 1922'yi, B\u00fcy\u00fck Zafer\u2019in 104\u2019\u00fcnc\u00fc y\u0131l d\u00f6n\u00fcm\u00fcn\u00fc b\u00fcy\u00fck bir gururla kutluyor, Atat\u00fcrk ve silah arkada\u015flar\u0131n\u0131 minnetle an\u0131yoruz!\",\"inLanguage\":\"tr\",\"potentialAction\":[{\"@type\":\"ReadAction\",\"target\":[\"https:\/\/epochtimestr.com\/index.php\/30-agustos-tarihin-akisini-degistiren-zafer\"]}]},{\"@type\":\"ImageObject\",\"inLanguage\":\"tr\",\"@id\":\"https:\/\/epochtimestr.com\/index.php\/30-agustos-tarihin-akisini-degistiren-zafer#primaryimage\",\"url\":\"https:\/\/epochtimestr.com\/wp-content\/uploads\/2011y\/ataturk-1.jpg\",\"contentUrl\":\"https:\/\/epochtimestr.com\/wp-content\/uploads\/2011y\/ataturk-1.jpg\",\"width\":1588,\"height\":1102},{\"@type\":\"WebSite\",\"@id\":\"https:\/\/epochtimestr.com\/#website\",\"url\":\"https:\/\/epochtimestr.com\/\",\"name\":\"The Epoch Times TR\",\"description\":\"De\u011fi\u015fen D\u00fcnyam\u0131za Taze Bir Bak\u0131\u015f\",\"publisher\":{\"@id\":\"https:\/\/epochtimestr.com\/#organization\"},\"potentialAction\":[{\"@type\":\"SearchAction\",\"target\":{\"@type\":\"EntryPoint\",\"urlTemplate\":\"https:\/\/epochtimestr.com\/?s={search_term_string}\"},\"query-input\":\"required name=search_term_string\"}],\"inLanguage\":\"tr\"},{\"@type\":\"Organization\",\"@id\":\"https:\/\/epochtimestr.com\/#organization\",\"name\":\"The EpochTimes T\u00fcrkiye\",\"url\":\"https:\/\/epochtimestr.com\/\",\"logo\":{\"@type\":\"ImageObject\",\"inLanguage\":\"tr\",\"@id\":\"https:\/\/epochtimestr.com\/#\/schema\/logo\/image\/\",\"url\":\"https:\/\/epochtimestr.com\/wp-content\/uploads\/2011y\/ET-Logo-YG.jpg\",\"contentUrl\":\"https:\/\/epochtimestr.com\/wp-content\/uploads\/2011y\/ET-Logo-YG.jpg\",\"width\":346,\"height\":29,\"caption\":\"The EpochTimes T\u00fcrkiye\"},\"image\":{\"@id\":\"https:\/\/epochtimestr.com\/#\/schema\/logo\/image\/\"},\"sameAs\":[\"https:\/\/www.facebook.com\/theepochtimestr\",\"https:\/\/x.com\/TheEpochTimesTR\",\"https:\/\/www.instagram.com\/epochtimestr\"]},{\"@type\":\"Person\",\"@id\":\"https:\/\/epochtimestr.com\/#\/schema\/person\/3dc5c3adeb9f43923c5aa85889172fdd\",\"name\":\"Haber Merkezi\",\"image\":{\"@type\":\"ImageObject\",\"inLanguage\":\"tr\",\"@id\":\"https:\/\/epochtimestr.com\/#\/schema\/person\/image\/\",\"url\":\"https:\/\/secure.gravatar.com\/avatar\/d73f772ba5a74f28601361e17c2f93e6?s=96&d=mm&r=g\",\"contentUrl\":\"https:\/\/secure.gravatar.com\/avatar\/d73f772ba5a74f28601361e17c2f93e6?s=96&d=mm&r=g\",\"caption\":\"Haber Merkezi\"},\"url\":\"https:\/\/epochtimestr.com\/index.php\/author\/sendag\"}]}<\/script>\n<!-- \/ Yoast SEO plugin. -->","yoast_head_json":{"title":"30 A\u011fustos: Tarihin Ak\u0131\u015f\u0131n\u0131 De\u011fi\u015ftiren Zafer - The Epoch Times TR","description":"30 A\u011fustos 1922'yi, B\u00fcy\u00fck Zafer\u2019in 104\u2019\u00fcnc\u00fc y\u0131l d\u00f6n\u00fcm\u00fcn\u00fc b\u00fcy\u00fck bir gururla kutluyor, Atat\u00fcrk ve silah arkada\u015flar\u0131n\u0131 minnetle an\u0131yoruz!","robots":{"index":"index","follow":"follow","max-snippet":"max-snippet:-1","max-image-preview":"max-image-preview:large","max-video-preview":"max-video-preview:-1"},"canonical":"https:\/\/epochtimestr.com\/index.php\/30-agustos-tarihin-akisini-degistiren-zafer","og_locale":"tr_TR","og_type":"article","og_title":"30 A\u011fustos: Tarihin Ak\u0131\u015f\u0131n\u0131 De\u011fi\u015ftiren Zafer - The Epoch Times TR","og_description":"30 A\u011fustos 1922'yi, B\u00fcy\u00fck Zafer\u2019in 104\u2019\u00fcnc\u00fc y\u0131l d\u00f6n\u00fcm\u00fcn\u00fc b\u00fcy\u00fck bir gururla kutluyor, Atat\u00fcrk ve silah arkada\u015flar\u0131n\u0131 minnetle an\u0131yoruz!","og_url":"https:\/\/epochtimestr.com\/index.php\/30-agustos-tarihin-akisini-degistiren-zafer","og_site_name":"The Epoch Times TR","article_publisher":"https:\/\/www.facebook.com\/theepochtimestr","article_published_time":"2026-08-29T21:01:09+00:00","article_modified_time":"2026-08-29T08:42:23+00:00","og_image":[{"width":1588,"height":1102,"url":"https:\/\/epochtimestr.com\/wp-content\/uploads\/2011y\/ataturk-1.jpg","type":"image\/jpeg"}],"author":"Haber Merkezi","twitter_card":"summary_large_image","twitter_creator":"@TheEpochTimesTR","twitter_site":"@TheEpochTimesTR","twitter_misc":{"Yazan:":"Haber Merkezi","Tahmini okuma s\u00fcresi":"6 dakika"},"schema":{"@context":"https:\/\/schema.org","@graph":[{"@type":"Article","@id":"https:\/\/epochtimestr.com\/index.php\/30-agustos-tarihin-akisini-degistiren-zafer#article","isPartOf":{"@id":"https:\/\/epochtimestr.com\/index.php\/30-agustos-tarihin-akisini-degistiren-zafer"},"author":{"name":"Haber Merkezi","@id":"https:\/\/epochtimestr.com\/#\/schema\/person\/3dc5c3adeb9f43923c5aa85889172fdd"},"headline":"30 A\u011fustos: Tarihin Ak\u0131\u015f\u0131n\u0131 De\u011fi\u015ftiren Zafer","datePublished":"2026-08-29T21:01:09+00:00","dateModified":"2026-08-29T08:42:23+00:00","mainEntityOfPage":{"@id":"https:\/\/epochtimestr.com\/index.php\/30-agustos-tarihin-akisini-degistiren-zafer"},"wordCount":928,"commentCount":0,"publisher":{"@id":"https:\/\/epochtimestr.com\/#organization"},"image":{"@id":"https:\/\/epochtimestr.com\/index.php\/30-agustos-tarihin-akisini-degistiren-zafer#primaryimage"},"thumbnailUrl":"https:\/\/epochtimestr.com\/wp-content\/uploads\/2011y\/ataturk-1.jpg","keywords":["30 A\u011fustos Zafer Bayram\u0131","Gazi Mustafa Kemal Atat\u00fcrk","T\u00fcrkiye Cumhuriyeti"],"articleSection":["G\u00dcNDEM","MAN\u015eET","\u00d6ne \u00c7\u0131kan","Ya\u015fam"],"inLanguage":"tr","potentialAction":[{"@type":"CommentAction","name":"Comment","target":["https:\/\/epochtimestr.com\/index.php\/30-agustos-tarihin-akisini-degistiren-zafer#respond"]}]},{"@type":"WebPage","@id":"https:\/\/epochtimestr.com\/index.php\/30-agustos-tarihin-akisini-degistiren-zafer","url":"https:\/\/epochtimestr.com\/index.php\/30-agustos-tarihin-akisini-degistiren-zafer","name":"30 A\u011fustos: Tarihin Ak\u0131\u015f\u0131n\u0131 De\u011fi\u015ftiren Zafer - The Epoch Times TR","isPartOf":{"@id":"https:\/\/epochtimestr.com\/#website"},"primaryImageOfPage":{"@id":"https:\/\/epochtimestr.com\/index.php\/30-agustos-tarihin-akisini-degistiren-zafer#primaryimage"},"image":{"@id":"https:\/\/epochtimestr.com\/index.php\/30-agustos-tarihin-akisini-degistiren-zafer#primaryimage"},"thumbnailUrl":"https:\/\/epochtimestr.com\/wp-content\/uploads\/2011y\/ataturk-1.jpg","datePublished":"2026-08-29T21:01:09+00:00","dateModified":"2026-08-29T08:42:23+00:00","description":"30 A\u011fustos 1922'yi, B\u00fcy\u00fck Zafer\u2019in 104\u2019\u00fcnc\u00fc y\u0131l d\u00f6n\u00fcm\u00fcn\u00fc b\u00fcy\u00fck bir gururla kutluyor, Atat\u00fcrk ve silah arkada\u015flar\u0131n\u0131 minnetle an\u0131yoruz!","inLanguage":"tr","potentialAction":[{"@type":"ReadAction","target":["https:\/\/epochtimestr.com\/index.php\/30-agustos-tarihin-akisini-degistiren-zafer"]}]},{"@type":"ImageObject","inLanguage":"tr","@id":"https:\/\/epochtimestr.com\/index.php\/30-agustos-tarihin-akisini-degistiren-zafer#primaryimage","url":"https:\/\/epochtimestr.com\/wp-content\/uploads\/2011y\/ataturk-1.jpg","contentUrl":"https:\/\/epochtimestr.com\/wp-content\/uploads\/2011y\/ataturk-1.jpg","width":1588,"height":1102},{"@type":"WebSite","@id":"https:\/\/epochtimestr.com\/#website","url":"https:\/\/epochtimestr.com\/","name":"The Epoch Times TR","description":"De\u011fi\u015fen D\u00fcnyam\u0131za Taze Bir Bak\u0131\u015f","publisher":{"@id":"https:\/\/epochtimestr.com\/#organization"},"potentialAction":[{"@type":"SearchAction","target":{"@type":"EntryPoint","urlTemplate":"https:\/\/epochtimestr.com\/?s={search_term_string}"},"query-input":"required name=search_term_string"}],"inLanguage":"tr"},{"@type":"Organization","@id":"https:\/\/epochtimestr.com\/#organization","name":"The EpochTimes T\u00fcrkiye","url":"https:\/\/epochtimestr.com\/","logo":{"@type":"ImageObject","inLanguage":"tr","@id":"https:\/\/epochtimestr.com\/#\/schema\/logo\/image\/","url":"https:\/\/epochtimestr.com\/wp-content\/uploads\/2011y\/ET-Logo-YG.jpg","contentUrl":"https:\/\/epochtimestr.com\/wp-content\/uploads\/2011y\/ET-Logo-YG.jpg","width":346,"height":29,"caption":"The EpochTimes T\u00fcrkiye"},"image":{"@id":"https:\/\/epochtimestr.com\/#\/schema\/logo\/image\/"},"sameAs":["https:\/\/www.facebook.com\/theepochtimestr","https:\/\/x.com\/TheEpochTimesTR","https:\/\/www.instagram.com\/epochtimestr"]},{"@type":"Person","@id":"https:\/\/epochtimestr.com\/#\/schema\/person\/3dc5c3adeb9f43923c5aa85889172fdd","name":"Haber Merkezi","image":{"@type":"ImageObject","inLanguage":"tr","@id":"https:\/\/epochtimestr.com\/#\/schema\/person\/image\/","url":"https:\/\/secure.gravatar.com\/avatar\/d73f772ba5a74f28601361e17c2f93e6?s=96&d=mm&r=g","contentUrl":"https:\/\/secure.gravatar.com\/avatar\/d73f772ba5a74f28601361e17c2f93e6?s=96&d=mm&r=g","caption":"Haber Merkezi"},"url":"https:\/\/epochtimestr.com\/index.php\/author\/sendag"}]}},"_links":{"self":[{"href":"https:\/\/epochtimestr.com\/index.php\/wp-json\/wp\/v2\/posts\/171111"}],"collection":[{"href":"https:\/\/epochtimestr.com\/index.php\/wp-json\/wp\/v2\/posts"}],"about":[{"href":"https:\/\/epochtimestr.com\/index.php\/wp-json\/wp\/v2\/types\/post"}],"author":[{"embeddable":true,"href":"https:\/\/epochtimestr.com\/index.php\/wp-json\/wp\/v2\/users\/12791"}],"replies":[{"embeddable":true,"href":"https:\/\/epochtimestr.com\/index.php\/wp-json\/wp\/v2\/comments?post=171111"}],"version-history":[{"count":2,"href":"https:\/\/epochtimestr.com\/index.php\/wp-json\/wp\/v2\/posts\/171111\/revisions"}],"predecessor-version":[{"id":171128,"href":"https:\/\/epochtimestr.com\/index.php\/wp-json\/wp\/v2\/posts\/171111\/revisions\/171128"}],"wp:featuredmedia":[{"embeddable":true,"href":"https:\/\/epochtimestr.com\/index.php\/wp-json\/wp\/v2\/media\/171117"}],"wp:attachment":[{"href":"https:\/\/epochtimestr.com\/index.php\/wp-json\/wp\/v2\/media?parent=171111"}],"wp:term":[{"taxonomy":"category","embeddable":true,"href":"https:\/\/epochtimestr.com\/index.php\/wp-json\/wp\/v2\/categories?post=171111"},{"taxonomy":"post_tag","embeddable":true,"href":"https:\/\/epochtimestr.com\/index.php\/wp-json\/wp\/v2\/tags?post=171111"}],"curies":[{"name":"wp","href":"https:\/\/api.w.org\/{rel}","templated":true}]}}