{"id":171120,"date":"2026-08-29T09:16:30","date_gmt":"2026-08-29T06:16:30","guid":{"rendered":"https:\/\/epochtimestr.com\/?p=171120"},"modified":"2026-08-29T09:16:32","modified_gmt":"2026-08-29T06:16:32","slug":"bayrampasa-belediyesi-icin-iddianame-hazirlandi","status":"publish","type":"post","link":"https:\/\/epochtimestr.com\/index.php\/bayrampasa-belediyesi-icin-iddianame-hazirlandi","title":{"rendered":"Bayrampa\u015fa Belediyesi \u0130\u00e7in \u0130ddianame Haz\u0131rland\u0131"},"content":{"rendered":"<div class=\"wp-block-image\">\n<figure class=\"aligncenter size-full\"><img loading=\"lazy\" decoding=\"async\" width=\"900\" height=\"900\" src=\"https:\/\/epochtimestr.com\/wp-content\/uploads\/2011y\/bb-2.jpg\" alt=\"Bayrampa\u015fa Belediyesi i\u00e7in iddianamesi haz\u0131rland\u0131. (Foto\u011fraf: Bayrampa\u015fa Belediyesi web sitesi)\" class=\"wp-image-171121\" srcset=\"https:\/\/epochtimestr.com\/wp-content\/uploads\/2011y\/bb-2.jpg 900w, https:\/\/epochtimestr.com\/wp-content\/uploads\/2011y\/bb-2-300x300.jpg 300w, https:\/\/epochtimestr.com\/wp-content\/uploads\/2011y\/bb-2-150x150.jpg 150w, https:\/\/epochtimestr.com\/wp-content\/uploads\/2011y\/bb-2-768x768.jpg 768w\" sizes=\"(max-width: 900px) 100vw, 900px\" \/><figcaption class=\"wp-element-caption\">Bayrampa\u015fa Belediyesi i\u00e7in iddianamesi haz\u0131rland\u0131. (Foto\u011fraf: Bayrampa\u015fa Belediyesi web sitesi)<\/figcaption><\/figure><\/div>\n\n\n<h2 class=\"wp-block-heading\">Bayrampa\u015fa Belediye Ba\u015fkanl\u0131\u011f\u0131 g\u00f6revinden uzakla\u015ft\u0131r\u0131lan Hasan Mutlu ve 77 \u015f\u00fcpheli hakk\u0131nda iddianame haz\u0131rland\u0131.<\/h2>\n\n\n\n<p>\u0130stanbul Cumhuriyet Ba\u015fsavc\u0131l\u0131\u011f\u0131ndan yap\u0131lan a\u00e7\u0131klamada, &#8220;Hasan Mutlu eleba\u015f\u0131l\u0131\u011f\u0131ndaki \u00e7\u0131kar ama\u00e7l\u0131 su\u00e7 \u00f6rg\u00fct\u00fc&#8221;ne y\u00f6nelik soru\u015fturmada Hasan Mutlu ve 77 \u015f\u00fcpheli hakk\u0131nda iddianame d\u00fczenlendi\u011fi kaydedildi. Bayrampa\u015fa Belediyesi\u2019ne y\u00f6nelik y\u00fcr\u00fct\u00fclen soru\u015fturma tamamland\u0131, iddianame haz\u0131rland\u0131.<\/p>\n\n\n\n<p><a href=\"https:\/\/epochtimestr.com\/index.php\/istanbul-cumhuriyet-bassavciligindan-valilige-bilgilendirme\" target=\"_blank\" rel=\"noreferrer noopener\">\u0130stanbul Cumhuriyet<\/a> Ba\u015fsavc\u0131l\u0131\u011f\u0131nca haz\u0131rlanan iddianamede Ba\u015fkan Hasan Mutlu\u2019nun da aralar\u0131nda bulundu\u011fu 78 &#8216;\u015f\u00fcpheli&#8217; yer ald\u0131. Dosyada; 1 su\u00e7tan zarar g\u00f6ren kurum, 20 m\u00fc\u015fteki, 11 ma\u011fdur ve 3 m\u00fc\u015fteki-\u015f\u00fcpheli bulunuyor.<\/p>\n\n\n\n<p>\u015e\u00fcpheliler hakk\u0131nda; r\u00fc\u015fvet, zimmet, irtikap, ihaleye fesat kar\u0131\u015ft\u0131rma, kamu kurumu aleyhine doland\u0131r\u0131c\u0131l\u0131k, su\u00e7tan kaynaklanan malvarl\u0131\u011f\u0131 de\u011ferlerini aklama, resmi belgede sahtecilik, imar kirlili\u011fine neden olma ile \u00e7\u0131kar ama\u00e7l\u0131 su\u00e7 \u00f6rg\u00fct\u00fc y\u00f6neticili\u011fi ve \u00fcyeli\u011fi su\u00e7lar\u0131ndan dava a\u00e7\u0131ld\u0131.<\/p>\n\n\n\n<p><strong>\u0130ddianameye dair \u0130stanbul Cumhuriyet Ba\u015fsavc\u0131l\u0131\u011f\u0131&#8217;ndan yap\u0131lan a\u00e7\u0131klama \u015f\u00f6yle:<\/strong><\/p>\n\n\n\n<p>&#8220;Cumhuriyet Ba\u015fsavc\u0131l\u0131\u011f\u0131m\u0131z\u0131n 2025\/153132 soru\u015fturma numaral\u0131 dosya kapsam\u0131nda Hasan Mutlu liderli\u011findeki \u00e7\u0131kar ama\u00e7l\u0131 su\u00e7 \u00f6rg\u00fct\u00fcne y\u00f6nelik soru\u015fturmada \u015f\u00fcpheli Hasan Mutlu ve 77 \u015f\u00fcpheli hakk\u0131nda iddianame d\u00fczenlenmi\u015ftir.<\/p>\n\n\n\n<p>\u0130ddianame kapsam\u0131nda; 1 su\u00e7tan zarar g\u00f6ren kurum, 20 m\u00fc\u015fteki, 11 ma\u011fdur, 3 m\u00fc\u015fteki \u015f\u00fcpheli ve 78 \u015f\u00fcpheli bulunmaktad\u0131r.<\/p>\n\n\n\n<p>\u015e\u00fcphelilere; R\u00fc\u015fvet, Zimmet, \u0130rtikap, \u0130haleye Fesat Kar\u0131\u015ft\u0131rma, Kamu Kurumu Aleyhine Doland\u0131r\u0131c\u0131l\u0131k, Su\u00e7tan Kaynaklanan Mal varl\u0131\u011f\u0131 De\u011ferini Aklama, Resmi Belgede Sahtecilik, \u0130mar Kirlili\u011fine Sebep Olma, \u00c7\u0131kar Ama\u00e7l\u0131 Su\u00e7 \u00d6rg\u00fct\u00fc Y\u00f6neticili\u011fi ve \u00dcyeli\u011fi Su\u00e7lar\u0131ndan dava a\u00e7\u0131lm\u0131\u015ft\u0131r.&#8221;<\/p>\n\n\n<div class=\"wp-block-image\">\n<figure class=\"aligncenter size-full\"><img loading=\"lazy\" decoding=\"async\" width=\"461\" height=\"665\" src=\"https:\/\/epochtimestr.com\/wp-content\/uploads\/2011y\/savciliik.jpg\" alt=\"\" class=\"wp-image-171122\" srcset=\"https:\/\/epochtimestr.com\/wp-content\/uploads\/2011y\/savciliik.jpg 461w, https:\/\/epochtimestr.com\/wp-content\/uploads\/2011y\/savciliik-208x300.jpg 208w, https:\/\/epochtimestr.com\/wp-content\/uploads\/2011y\/savciliik-104x150.jpg 104w\" sizes=\"(max-width: 461px) 100vw, 461px\" \/><\/figure><\/div>","protected":false},"excerpt":{"rendered":"<p>Bayrampa\u015fa Belediye Ba\u015fkanl\u0131\u011f\u0131 g\u00f6revinden uzakla\u015ft\u0131r\u0131lan Hasan Mutlu ve 77 \u015f\u00fcpheli hakk\u0131nda iddianame haz\u0131rland\u0131. \u0130stanbul Cumhuriyet Ba\u015fsavc\u0131l\u0131\u011f\u0131ndan yap\u0131lan a\u00e7\u0131klamada, &#8220;Hasan Mutlu eleba\u015f\u0131l\u0131\u011f\u0131ndaki \u00e7\u0131kar ama\u00e7l\u0131 su\u00e7 \u00f6rg\u00fct\u00fc&#8221;ne y\u00f6nelik soru\u015fturmada Hasan Mutlu ve 77 \u015f\u00fcpheli hakk\u0131nda iddianame d\u00fczenlendi\u011fi kaydedildi. Bayrampa\u015fa Belediyesi\u2019ne y\u00f6nelik y\u00fcr\u00fct\u00fclen soru\u015fturma tamamland\u0131, iddianame haz\u0131rland\u0131. \u0130stanbul Cumhuriyet Ba\u015fsavc\u0131l\u0131\u011f\u0131nca haz\u0131rlanan iddianamede Ba\u015fkan Hasan Mutlu\u2019nun da aralar\u0131nda bulundu\u011fu [&hellip;]<\/p>\n","protected":false},"author":12791,"featured_media":171121,"comment_status":"open","ping_status":"open","sticky":false,"template":"","format":"standard","meta":{"_yoast_wpseo_focuskw":"bayrampa\u015fa","_yoast_wpseo_title":"","_yoast_wpseo_metadesc":"Bayrampa\u015fa Belediye Ba\u015fkanl\u0131\u011f\u0131 g\u00f6revinden uzakla\u015ft\u0131r\u0131lan Hasan Mutlu ve 77 \u015f\u00fcpheli hakk\u0131nda iddianame haz\u0131rland\u0131.","_bbp_topic_count":0,"_bbp_reply_count":0,"_bbp_total_topic_count":0,"_bbp_total_reply_count":0,"_bbp_voice_count":0,"_bbp_anonymous_reply_count":0,"_bbp_topic_count_hidden":0,"_bbp_reply_count_hidden":0,"_bbp_forum_subforum_count":0,"footnotes":"","_yoast_wpseo_focuskw_text_input":""},"categories":[1,8138,8226],"tags":[12499,12500,11694,11631],"yoast_head":"<!-- This site is optimized with the Yoast SEO plugin v23.0 - https:\/\/yoast.com\/wordpress\/plugins\/seo\/ -->\n<title>Bayrampa\u015fa Belediyesi \u0130\u00e7in \u0130ddianame Haz\u0131rland\u0131 - The Epoch Times TR<\/title>\n<meta name=\"description\" content=\"Bayrampa\u015fa Belediye Ba\u015fkanl\u0131\u011f\u0131 g\u00f6revinden uzakla\u015ft\u0131r\u0131lan Hasan Mutlu ve 77 \u015f\u00fcpheli hakk\u0131nda iddianame haz\u0131rland\u0131.\" \/>\n<meta name=\"robots\" content=\"index, follow, max-snippet:-1, max-image-preview:large, max-video-preview:-1\" \/>\n<link rel=\"canonical\" href=\"https:\/\/epochtimestr.com\/index.php\/bayrampasa-belediyesi-icin-iddianame-hazirlandi\" \/>\n<meta property=\"og:locale\" content=\"tr_TR\" \/>\n<meta property=\"og:type\" content=\"article\" \/>\n<meta property=\"og:title\" content=\"Bayrampa\u015fa Belediyesi \u0130\u00e7in \u0130ddianame Haz\u0131rland\u0131 - The Epoch Times TR\" \/>\n<meta property=\"og:description\" content=\"Bayrampa\u015fa Belediye Ba\u015fkanl\u0131\u011f\u0131 g\u00f6revinden uzakla\u015ft\u0131r\u0131lan Hasan Mutlu ve 77 \u015f\u00fcpheli hakk\u0131nda iddianame haz\u0131rland\u0131.\" \/>\n<meta property=\"og:url\" content=\"https:\/\/epochtimestr.com\/index.php\/bayrampasa-belediyesi-icin-iddianame-hazirlandi\" \/>\n<meta property=\"og:site_name\" content=\"The Epoch Times TR\" \/>\n<meta property=\"article:publisher\" content=\"https:\/\/www.facebook.com\/theepochtimestr\" \/>\n<meta property=\"article:published_time\" content=\"2026-08-29T06:16:30+00:00\" \/>\n<meta property=\"article:modified_time\" content=\"2026-08-29T06:16:32+00:00\" \/>\n<meta property=\"og:image\" content=\"https:\/\/epochtimestr.com\/wp-content\/uploads\/2011y\/bb-2.jpg\" \/>\n\t<meta property=\"og:image:width\" content=\"900\" \/>\n\t<meta property=\"og:image:height\" content=\"900\" \/>\n\t<meta property=\"og:image:type\" content=\"image\/jpeg\" \/>\n<meta name=\"author\" content=\"Haber Merkezi\" \/>\n<meta name=\"twitter:card\" content=\"summary_large_image\" \/>\n<meta name=\"twitter:creator\" content=\"@TheEpochTimesTR\" \/>\n<meta name=\"twitter:site\" content=\"@TheEpochTimesTR\" \/>\n<meta name=\"twitter:label1\" content=\"Yazan:\" \/>\n\t<meta name=\"twitter:data1\" content=\"Haber Merkezi\" \/>\n\t<meta name=\"twitter:label2\" content=\"Tahmini okuma s\u00fcresi\" \/>\n\t<meta name=\"twitter:data2\" content=\"2 dakika\" \/>\n<script type=\"application\/ld+json\" class=\"yoast-schema-graph\">{\"@context\":\"https:\/\/schema.org\",\"@graph\":[{\"@type\":\"Article\",\"@id\":\"https:\/\/epochtimestr.com\/index.php\/bayrampasa-belediyesi-icin-iddianame-hazirlandi#article\",\"isPartOf\":{\"@id\":\"https:\/\/epochtimestr.com\/index.php\/bayrampasa-belediyesi-icin-iddianame-hazirlandi\"},\"author\":{\"name\":\"Haber Merkezi\",\"@id\":\"https:\/\/epochtimestr.com\/#\/schema\/person\/3dc5c3adeb9f43923c5aa85889172fdd\"},\"headline\":\"Bayrampa\u015fa Belediyesi \u0130\u00e7in \u0130ddianame Haz\u0131rland\u0131\",\"datePublished\":\"2026-08-29T06:16:30+00:00\",\"dateModified\":\"2026-08-29T06:16:32+00:00\",\"mainEntityOfPage\":{\"@id\":\"https:\/\/epochtimestr.com\/index.php\/bayrampasa-belediyesi-icin-iddianame-hazirlandi\"},\"wordCount\":314,\"commentCount\":0,\"publisher\":{\"@id\":\"https:\/\/epochtimestr.com\/#organization\"},\"image\":{\"@id\":\"https:\/\/epochtimestr.com\/index.php\/bayrampasa-belediyesi-icin-iddianame-hazirlandi#primaryimage\"},\"thumbnailUrl\":\"https:\/\/epochtimestr.com\/wp-content\/uploads\/2011y\/bb-2.jpg\",\"keywords\":[\"Bayrampa\u015fa Belediyesi\",\"Hasan Mutlu\",\"iddianame\",\"\u0130stanbul Cumhuriyet Ba\u015fsavc\u0131l\u0131\u011f\u0131\"],\"articleSection\":[\"G\u00dcNDEM\",\"MAN\u015eET\",\"Siyaset\"],\"inLanguage\":\"tr\",\"potentialAction\":[{\"@type\":\"CommentAction\",\"name\":\"Comment\",\"target\":[\"https:\/\/epochtimestr.com\/index.php\/bayrampasa-belediyesi-icin-iddianame-hazirlandi#respond\"]}]},{\"@type\":\"WebPage\",\"@id\":\"https:\/\/epochtimestr.com\/index.php\/bayrampasa-belediyesi-icin-iddianame-hazirlandi\",\"url\":\"https:\/\/epochtimestr.com\/index.php\/bayrampasa-belediyesi-icin-iddianame-hazirlandi\",\"name\":\"Bayrampa\u015fa Belediyesi \u0130\u00e7in \u0130ddianame Haz\u0131rland\u0131 - The Epoch Times TR\",\"isPartOf\":{\"@id\":\"https:\/\/epochtimestr.com\/#website\"},\"primaryImageOfPage\":{\"@id\":\"https:\/\/epochtimestr.com\/index.php\/bayrampasa-belediyesi-icin-iddianame-hazirlandi#primaryimage\"},\"image\":{\"@id\":\"https:\/\/epochtimestr.com\/index.php\/bayrampasa-belediyesi-icin-iddianame-hazirlandi#primaryimage\"},\"thumbnailUrl\":\"https:\/\/epochtimestr.com\/wp-content\/uploads\/2011y\/bb-2.jpg\",\"datePublished\":\"2026-08-29T06:16:30+00:00\",\"dateModified\":\"2026-08-29T06:16:32+00:00\",\"description\":\"Bayrampa\u015fa Belediye Ba\u015fkanl\u0131\u011f\u0131 g\u00f6revinden uzakla\u015ft\u0131r\u0131lan Hasan Mutlu ve 77 \u015f\u00fcpheli hakk\u0131nda iddianame haz\u0131rland\u0131.\",\"inLanguage\":\"tr\",\"potentialAction\":[{\"@type\":\"ReadAction\",\"target\":[\"https:\/\/epochtimestr.com\/index.php\/bayrampasa-belediyesi-icin-iddianame-hazirlandi\"]}]},{\"@type\":\"ImageObject\",\"inLanguage\":\"tr\",\"@id\":\"https:\/\/epochtimestr.com\/index.php\/bayrampasa-belediyesi-icin-iddianame-hazirlandi#primaryimage\",\"url\":\"https:\/\/epochtimestr.com\/wp-content\/uploads\/2011y\/bb-2.jpg\",\"contentUrl\":\"https:\/\/epochtimestr.com\/wp-content\/uploads\/2011y\/bb-2.jpg\",\"width\":900,\"height\":900},{\"@type\":\"WebSite\",\"@id\":\"https:\/\/epochtimestr.com\/#website\",\"url\":\"https:\/\/epochtimestr.com\/\",\"name\":\"The Epoch Times TR\",\"description\":\"De\u011fi\u015fen D\u00fcnyam\u0131za Taze Bir Bak\u0131\u015f\",\"publisher\":{\"@id\":\"https:\/\/epochtimestr.com\/#organization\"},\"potentialAction\":[{\"@type\":\"SearchAction\",\"target\":{\"@type\":\"EntryPoint\",\"urlTemplate\":\"https:\/\/epochtimestr.com\/?s={search_term_string}\"},\"query-input\":\"required name=search_term_string\"}],\"inLanguage\":\"tr\"},{\"@type\":\"Organization\",\"@id\":\"https:\/\/epochtimestr.com\/#organization\",\"name\":\"The EpochTimes T\u00fcrkiye\",\"url\":\"https:\/\/epochtimestr.com\/\",\"logo\":{\"@type\":\"ImageObject\",\"inLanguage\":\"tr\",\"@id\":\"https:\/\/epochtimestr.com\/#\/schema\/logo\/image\/\",\"url\":\"https:\/\/epochtimestr.com\/wp-content\/uploads\/2011y\/ET-Logo-YG.jpg\",\"contentUrl\":\"https:\/\/epochtimestr.com\/wp-content\/uploads\/2011y\/ET-Logo-YG.jpg\",\"width\":346,\"height\":29,\"caption\":\"The EpochTimes T\u00fcrkiye\"},\"image\":{\"@id\":\"https:\/\/epochtimestr.com\/#\/schema\/logo\/image\/\"},\"sameAs\":[\"https:\/\/www.facebook.com\/theepochtimestr\",\"https:\/\/x.com\/TheEpochTimesTR\",\"https:\/\/www.instagram.com\/epochtimestr\"]},{\"@type\":\"Person\",\"@id\":\"https:\/\/epochtimestr.com\/#\/schema\/person\/3dc5c3adeb9f43923c5aa85889172fdd\",\"name\":\"Haber Merkezi\",\"image\":{\"@type\":\"ImageObject\",\"inLanguage\":\"tr\",\"@id\":\"https:\/\/epochtimestr.com\/#\/schema\/person\/image\/\",\"url\":\"https:\/\/secure.gravatar.com\/avatar\/d73f772ba5a74f28601361e17c2f93e6?s=96&d=mm&r=g\",\"contentUrl\":\"https:\/\/secure.gravatar.com\/avatar\/d73f772ba5a74f28601361e17c2f93e6?s=96&d=mm&r=g\",\"caption\":\"Haber Merkezi\"},\"url\":\"https:\/\/epochtimestr.com\/index.php\/author\/sendag\"}]}<\/script>\n<!-- \/ Yoast SEO plugin. -->","yoast_head_json":{"title":"Bayrampa\u015fa Belediyesi \u0130\u00e7in \u0130ddianame Haz\u0131rland\u0131 - The Epoch Times TR","description":"Bayrampa\u015fa Belediye Ba\u015fkanl\u0131\u011f\u0131 g\u00f6revinden uzakla\u015ft\u0131r\u0131lan Hasan Mutlu ve 77 \u015f\u00fcpheli hakk\u0131nda iddianame haz\u0131rland\u0131.","robots":{"index":"index","follow":"follow","max-snippet":"max-snippet:-1","max-image-preview":"max-image-preview:large","max-video-preview":"max-video-preview:-1"},"canonical":"https:\/\/epochtimestr.com\/index.php\/bayrampasa-belediyesi-icin-iddianame-hazirlandi","og_locale":"tr_TR","og_type":"article","og_title":"Bayrampa\u015fa Belediyesi \u0130\u00e7in \u0130ddianame Haz\u0131rland\u0131 - The Epoch Times TR","og_description":"Bayrampa\u015fa Belediye Ba\u015fkanl\u0131\u011f\u0131 g\u00f6revinden uzakla\u015ft\u0131r\u0131lan Hasan Mutlu ve 77 \u015f\u00fcpheli hakk\u0131nda iddianame haz\u0131rland\u0131.","og_url":"https:\/\/epochtimestr.com\/index.php\/bayrampasa-belediyesi-icin-iddianame-hazirlandi","og_site_name":"The Epoch Times TR","article_publisher":"https:\/\/www.facebook.com\/theepochtimestr","article_published_time":"2026-08-29T06:16:30+00:00","article_modified_time":"2026-08-29T06:16:32+00:00","og_image":[{"width":900,"height":900,"url":"https:\/\/epochtimestr.com\/wp-content\/uploads\/2011y\/bb-2.jpg","type":"image\/jpeg"}],"author":"Haber Merkezi","twitter_card":"summary_large_image","twitter_creator":"@TheEpochTimesTR","twitter_site":"@TheEpochTimesTR","twitter_misc":{"Yazan:":"Haber Merkezi","Tahmini okuma s\u00fcresi":"2 dakika"},"schema":{"@context":"https:\/\/schema.org","@graph":[{"@type":"Article","@id":"https:\/\/epochtimestr.com\/index.php\/bayrampasa-belediyesi-icin-iddianame-hazirlandi#article","isPartOf":{"@id":"https:\/\/epochtimestr.com\/index.php\/bayrampasa-belediyesi-icin-iddianame-hazirlandi"},"author":{"name":"Haber Merkezi","@id":"https:\/\/epochtimestr.com\/#\/schema\/person\/3dc5c3adeb9f43923c5aa85889172fdd"},"headline":"Bayrampa\u015fa Belediyesi \u0130\u00e7in \u0130ddianame Haz\u0131rland\u0131","datePublished":"2026-08-29T06:16:30+00:00","dateModified":"2026-08-29T06:16:32+00:00","mainEntityOfPage":{"@id":"https:\/\/epochtimestr.com\/index.php\/bayrampasa-belediyesi-icin-iddianame-hazirlandi"},"wordCount":314,"commentCount":0,"publisher":{"@id":"https:\/\/epochtimestr.com\/#organization"},"image":{"@id":"https:\/\/epochtimestr.com\/index.php\/bayrampasa-belediyesi-icin-iddianame-hazirlandi#primaryimage"},"thumbnailUrl":"https:\/\/epochtimestr.com\/wp-content\/uploads\/2011y\/bb-2.jpg","keywords":["Bayrampa\u015fa Belediyesi","Hasan Mutlu","iddianame","\u0130stanbul Cumhuriyet Ba\u015fsavc\u0131l\u0131\u011f\u0131"],"articleSection":["G\u00dcNDEM","MAN\u015eET","Siyaset"],"inLanguage":"tr","potentialAction":[{"@type":"CommentAction","name":"Comment","target":["https:\/\/epochtimestr.com\/index.php\/bayrampasa-belediyesi-icin-iddianame-hazirlandi#respond"]}]},{"@type":"WebPage","@id":"https:\/\/epochtimestr.com\/index.php\/bayrampasa-belediyesi-icin-iddianame-hazirlandi","url":"https:\/\/epochtimestr.com\/index.php\/bayrampasa-belediyesi-icin-iddianame-hazirlandi","name":"Bayrampa\u015fa Belediyesi \u0130\u00e7in \u0130ddianame Haz\u0131rland\u0131 - The Epoch Times TR","isPartOf":{"@id":"https:\/\/epochtimestr.com\/#website"},"primaryImageOfPage":{"@id":"https:\/\/epochtimestr.com\/index.php\/bayrampasa-belediyesi-icin-iddianame-hazirlandi#primaryimage"},"image":{"@id":"https:\/\/epochtimestr.com\/index.php\/bayrampasa-belediyesi-icin-iddianame-hazirlandi#primaryimage"},"thumbnailUrl":"https:\/\/epochtimestr.com\/wp-content\/uploads\/2011y\/bb-2.jpg","datePublished":"2026-08-29T06:16:30+00:00","dateModified":"2026-08-29T06:16:32+00:00","description":"Bayrampa\u015fa Belediye Ba\u015fkanl\u0131\u011f\u0131 g\u00f6revinden uzakla\u015ft\u0131r\u0131lan Hasan Mutlu ve 77 \u015f\u00fcpheli hakk\u0131nda iddianame haz\u0131rland\u0131.","inLanguage":"tr","potentialAction":[{"@type":"ReadAction","target":["https:\/\/epochtimestr.com\/index.php\/bayrampasa-belediyesi-icin-iddianame-hazirlandi"]}]},{"@type":"ImageObject","inLanguage":"tr","@id":"https:\/\/epochtimestr.com\/index.php\/bayrampasa-belediyesi-icin-iddianame-hazirlandi#primaryimage","url":"https:\/\/epochtimestr.com\/wp-content\/uploads\/2011y\/bb-2.jpg","contentUrl":"https:\/\/epochtimestr.com\/wp-content\/uploads\/2011y\/bb-2.jpg","width":900,"height":900},{"@type":"WebSite","@id":"https:\/\/epochtimestr.com\/#website","url":"https:\/\/epochtimestr.com\/","name":"The Epoch Times TR","description":"De\u011fi\u015fen D\u00fcnyam\u0131za Taze Bir Bak\u0131\u015f","publisher":{"@id":"https:\/\/epochtimestr.com\/#organization"},"potentialAction":[{"@type":"SearchAction","target":{"@type":"EntryPoint","urlTemplate":"https:\/\/epochtimestr.com\/?s={search_term_string}"},"query-input":"required name=search_term_string"}],"inLanguage":"tr"},{"@type":"Organization","@id":"https:\/\/epochtimestr.com\/#organization","name":"The EpochTimes T\u00fcrkiye","url":"https:\/\/epochtimestr.com\/","logo":{"@type":"ImageObject","inLanguage":"tr","@id":"https:\/\/epochtimestr.com\/#\/schema\/logo\/image\/","url":"https:\/\/epochtimestr.com\/wp-content\/uploads\/2011y\/ET-Logo-YG.jpg","contentUrl":"https:\/\/epochtimestr.com\/wp-content\/uploads\/2011y\/ET-Logo-YG.jpg","width":346,"height":29,"caption":"The EpochTimes T\u00fcrkiye"},"image":{"@id":"https:\/\/epochtimestr.com\/#\/schema\/logo\/image\/"},"sameAs":["https:\/\/www.facebook.com\/theepochtimestr","https:\/\/x.com\/TheEpochTimesTR","https:\/\/www.instagram.com\/epochtimestr"]},{"@type":"Person","@id":"https:\/\/epochtimestr.com\/#\/schema\/person\/3dc5c3adeb9f43923c5aa85889172fdd","name":"Haber Merkezi","image":{"@type":"ImageObject","inLanguage":"tr","@id":"https:\/\/epochtimestr.com\/#\/schema\/person\/image\/","url":"https:\/\/secure.gravatar.com\/avatar\/d73f772ba5a74f28601361e17c2f93e6?s=96&d=mm&r=g","contentUrl":"https:\/\/secure.gravatar.com\/avatar\/d73f772ba5a74f28601361e17c2f93e6?s=96&d=mm&r=g","caption":"Haber Merkezi"},"url":"https:\/\/epochtimestr.com\/index.php\/author\/sendag"}]}},"_links":{"self":[{"href":"https:\/\/epochtimestr.com\/index.php\/wp-json\/wp\/v2\/posts\/171120"}],"collection":[{"href":"https:\/\/epochtimestr.com\/index.php\/wp-json\/wp\/v2\/posts"}],"about":[{"href":"https:\/\/epochtimestr.com\/index.php\/wp-json\/wp\/v2\/types\/post"}],"author":[{"embeddable":true,"href":"https:\/\/epochtimestr.com\/index.php\/wp-json\/wp\/v2\/users\/12791"}],"replies":[{"embeddable":true,"href":"https:\/\/epochtimestr.com\/index.php\/wp-json\/wp\/v2\/comments?post=171120"}],"version-history":[{"count":2,"href":"https:\/\/epochtimestr.com\/index.php\/wp-json\/wp\/v2\/posts\/171120\/revisions"}],"predecessor-version":[{"id":171130,"href":"https:\/\/epochtimestr.com\/index.php\/wp-json\/wp\/v2\/posts\/171120\/revisions\/171130"}],"wp:featuredmedia":[{"embeddable":true,"href":"https:\/\/epochtimestr.com\/index.php\/wp-json\/wp\/v2\/media\/171121"}],"wp:attachment":[{"href":"https:\/\/epochtimestr.com\/index.php\/wp-json\/wp\/v2\/media?parent=171120"}],"wp:term":[{"taxonomy":"category","embeddable":true,"href":"https:\/\/epochtimestr.com\/index.php\/wp-json\/wp\/v2\/categories?post=171120"},{"taxonomy":"post_tag","embeddable":true,"href":"https:\/\/epochtimestr.com\/index.php\/wp-json\/wp\/v2\/tags?post=171120"}],"curies":[{"name":"wp","href":"https:\/\/api.w.org\/{rel}","templated":true}]}}