{"id":171133,"date":"2026-08-29T14:41:33","date_gmt":"2026-08-29T11:41:33","guid":{"rendered":"https:\/\/epochtimestr.com\/?p=171133"},"modified":"2026-08-29T21:42:50","modified_gmt":"2026-08-29T18:42:50","slug":"istanbulda-cekirgeden-sonra-akrep-panigi","status":"publish","type":"post","link":"https:\/\/epochtimestr.com\/index.php\/istanbulda-cekirgeden-sonra-akrep-panigi","title":{"rendered":"\u0130stanbul&#8217;da \u00c7ekirgeden Sonra Akrep Pani\u011fi"},"content":{"rendered":"<div class=\"wp-block-image\">\n<figure class=\"aligncenter size-full\"><img loading=\"lazy\" decoding=\"async\" width=\"1280\" height=\"667\" src=\"https:\/\/epochtimestr.com\/wp-content\/uploads\/2011y\/pixabay-38.jpg\" alt=\"\u0130stanbul'da \u00e7ekirgeden sonra akrep pani\u011fi. (Foto\u011fraf: Josch13, Pixabay)\" class=\"wp-image-171134\" srcset=\"https:\/\/epochtimestr.com\/wp-content\/uploads\/2011y\/pixabay-38.jpg 1280w, https:\/\/epochtimestr.com\/wp-content\/uploads\/2011y\/pixabay-38-300x156.jpg 300w, https:\/\/epochtimestr.com\/wp-content\/uploads\/2011y\/pixabay-38-150x78.jpg 150w, https:\/\/epochtimestr.com\/wp-content\/uploads\/2011y\/pixabay-38-768x400.jpg 768w\" sizes=\"(max-width: 1280px) 100vw, 1280px\" \/><figcaption class=\"wp-element-caption\">\u0130stanbul&#8217;da \u00e7ekirgeden sonra akrep pani\u011fi. (Foto\u011fraf: Josch13, Pixabay)<\/figcaption><\/figure><\/div>\n\n\n<h2 class=\"wp-block-heading\">\u00d6zellikle \u00dcsk\u00fcdar ve Ka\u011f\u0131thane&#8217;de akrep g\u00f6r\u00fclmesi ve evlere kadar girmesi vatanda\u015flar aras\u0131nda pani\u011fe neden oldu.<\/h2>\n\n\n\n<p>Marmara B\u00f6lgesi genelinde ge\u00e7ti\u011fimiz haftalarda sosyal medyan\u0131n g\u00fcndemine oturan ve mahalle aralar\u0131nda s\u0131kl\u0131kla rastlanan dev \u00e7ekirge yo\u011funlu\u011fundan sonra, <a href=\"https:\/\/epochtimestr.com\/index.php\/ankara-ve-istanbulun-en-degerli-bolgeleri-satildi\">\u0130stanbul<\/a> bu kez yeni bir ha\u015fere dalgas\u0131yla kar\u015f\u0131 kar\u015f\u0131ya kald\u0131. Megakentin farkl\u0131 noktalar\u0131ndan gelen akrep ihbarlar\u0131 vatanda\u015flar aras\u0131nda endi\u015feye yol a\u00e7t\u0131. Do\u011fal ya\u015fam alan\u0131 Marmara B\u00f6lgesi ve \u0130stanbul olan bu akrepler, yaz aylar\u0131nda <a href=\"https:\/\/epochtimestr.com\/index.php\/istanbuldaki-cekirge-istilasi-hakkinda-bakanliktan-aciklama\" target=\"_blank\" rel=\"noreferrer noopener\">pop\u00fclasyon<\/a> olarak art\u0131\u015f g\u00f6steriyor.<\/p>\n\n\n\n<p>Nemli ve karanl\u0131k b\u00f6lgeleri seven akreplerin evlere kadar girip y\u00fcksek katlara \u00e7\u0131kmas\u0131, \u0130stanbullularda pani\u011fe neden oldu. Akreplerin daha \u00e7ok kot fark\u0131n\u0131n \u00e7ok oldu\u011fu semtlerde ya da il\u00e7elerde g\u00f6r\u00fcld\u00fc\u011f\u00fc bilinirken, uzmanlardan yeni uyar\u0131 geldi. Endi\u015fe edecek bir durum olmad\u0131\u011f\u0131n\u0131 ifade eden Yaban Hayat\u0131 Uzman\u0131 Entomolog Prof. Dr. Zeynel Arslan G\u00fcndo\u011fdu, \u0130stanbul&#8217;da akreplerin birka\u00e7 t\u00fcr\u00fc oldu\u011funu dile getirdi.<\/p>\n\n\n\n<p>Akreplerin genellikle \u00e7ok b\u00fcy\u00fck boyutlu olmad\u0131\u011f\u0131na dikkat \u00e7eken G\u00fcndo\u011fdu, &#8220;Endi\u015feye kap\u0131lmaya gerek yok. Sonu\u00e7ta b\u00f6cek \u0131s\u0131r\u0131\u011f\u0131ndan farkl\u0131 bir \u015fey de\u011fil.&#8221; dedi. Akreplerin \u00f6ld\u00fcr\u00fclmemesi gerekti\u011fine de i\u015faret eden G\u00fcndo\u011fdu, &#8220;\u00c7\u00fcnk\u00fc faydal\u0131 hayvanlar. B\u00f6ceklerle besleniyorlar, dolay\u0131s\u0131yla her canl\u0131n\u0131n bir faydas\u0131 var diye d\u00fc\u015f\u00fcnmek gerekir.&#8221; dedi.<\/p>\n\n\n\n<p>NTV&#8217;de yer alan habere g\u00f6re, G\u00fcndo\u011fdu, akreplerin dikkatli bir \u015fekilde uzakla\u015ft\u0131r\u0131lmas\u0131 gerekti\u011fine dikkat \u00e7ekip \u015f\u00f6yle devam etti: &#8220;Bir ka\u011f\u0131t kab\u0131 \u00fczerine b\u0131rak\u0131p onu hapsedebilirsiniz.&#8221; \u00d6nlemlere ili\u015fkin de \u00f6rnekler veren G\u00fcndo\u011fdu, &#8220;Nane ya\u011f\u0131 gibi bitkisel uzakla\u015ft\u0131r\u0131c\u0131larla ya\u015fam alanlar\u0131n\u0131z\u0131 koruyabilirsiniz.&#8221; dedi.<\/p>\n","protected":false},"excerpt":{"rendered":"<p>\u00d6zellikle \u00dcsk\u00fcdar ve Ka\u011f\u0131thane&#8217;de akrep g\u00f6r\u00fclmesi ve evlere kadar girmesi vatanda\u015flar aras\u0131nda pani\u011fe neden oldu. Marmara B\u00f6lgesi genelinde ge\u00e7ti\u011fimiz haftalarda sosyal medyan\u0131n g\u00fcndemine oturan ve mahalle aralar\u0131nda s\u0131kl\u0131kla rastlanan dev \u00e7ekirge yo\u011funlu\u011fundan sonra, \u0130stanbul bu kez yeni bir ha\u015fere dalgas\u0131yla kar\u015f\u0131 kar\u015f\u0131ya kald\u0131. Megakentin farkl\u0131 noktalar\u0131ndan gelen akrep ihbarlar\u0131 vatanda\u015flar aras\u0131nda endi\u015feye yol a\u00e7t\u0131. Do\u011fal [&hellip;]<\/p>\n","protected":false},"author":12791,"featured_media":171134,"comment_status":"open","ping_status":"open","sticky":false,"template":"","format":"standard","meta":{"_yoast_wpseo_focuskw":"Akrep","_yoast_wpseo_title":"","_yoast_wpseo_metadesc":"\u00d6zellikle \u00dcsk\u00fcdar ve Ka\u011f\u0131thane'de akrep g\u00f6r\u00fclmesi ve evlere kadar girmesi vatanda\u015flar aras\u0131nda pani\u011fe neden oldu.","_bbp_topic_count":0,"_bbp_reply_count":0,"_bbp_total_topic_count":0,"_bbp_total_reply_count":0,"_bbp_voice_count":0,"_bbp_anonymous_reply_count":0,"_bbp_topic_count_hidden":0,"_bbp_reply_count_hidden":0,"_bbp_forum_subforum_count":0,"footnotes":"","_yoast_wpseo_focuskw_text_input":""},"categories":[12237,1,8138,8419],"tags":[12504,7348,7040,12505],"yoast_head":"<!-- This site is optimized with the Yoast SEO plugin v23.0 - https:\/\/yoast.com\/wordpress\/plugins\/seo\/ -->\n<title>\u0130stanbul&#039;da \u00c7ekirgeden Sonra Akrep Pani\u011fi - The Epoch Times TR<\/title>\n<meta name=\"description\" content=\"\u00d6zellikle \u00dcsk\u00fcdar ve Ka\u011f\u0131thane&#039;de akrep g\u00f6r\u00fclmesi ve evlere kadar girmesi vatanda\u015flar aras\u0131nda pani\u011fe neden oldu.\" \/>\n<meta name=\"robots\" content=\"index, follow, max-snippet:-1, max-image-preview:large, max-video-preview:-1\" \/>\n<link rel=\"canonical\" href=\"https:\/\/epochtimestr.com\/index.php\/istanbulda-cekirgeden-sonra-akrep-panigi\" \/>\n<meta property=\"og:locale\" content=\"tr_TR\" \/>\n<meta property=\"og:type\" content=\"article\" \/>\n<meta property=\"og:title\" content=\"\u0130stanbul&#039;da \u00c7ekirgeden Sonra Akrep Pani\u011fi - The Epoch Times TR\" \/>\n<meta property=\"og:description\" content=\"\u00d6zellikle \u00dcsk\u00fcdar ve Ka\u011f\u0131thane&#039;de akrep g\u00f6r\u00fclmesi ve evlere kadar girmesi vatanda\u015flar aras\u0131nda pani\u011fe neden oldu.\" \/>\n<meta property=\"og:url\" content=\"https:\/\/epochtimestr.com\/index.php\/istanbulda-cekirgeden-sonra-akrep-panigi\" \/>\n<meta property=\"og:site_name\" content=\"The Epoch Times TR\" \/>\n<meta property=\"article:publisher\" content=\"https:\/\/www.facebook.com\/theepochtimestr\" \/>\n<meta property=\"article:published_time\" content=\"2026-08-29T11:41:33+00:00\" \/>\n<meta property=\"article:modified_time\" content=\"2026-08-29T18:42:50+00:00\" \/>\n<meta property=\"og:image\" content=\"https:\/\/epochtimestr.com\/wp-content\/uploads\/2011y\/pixabay-38.jpg\" \/>\n\t<meta property=\"og:image:width\" content=\"1280\" \/>\n\t<meta property=\"og:image:height\" content=\"667\" \/>\n\t<meta property=\"og:image:type\" content=\"image\/jpeg\" \/>\n<meta name=\"author\" content=\"Haber Merkezi\" \/>\n<meta name=\"twitter:card\" content=\"summary_large_image\" \/>\n<meta name=\"twitter:creator\" content=\"@TheEpochTimesTR\" \/>\n<meta name=\"twitter:site\" content=\"@TheEpochTimesTR\" \/>\n<meta name=\"twitter:label1\" content=\"Yazan:\" \/>\n\t<meta name=\"twitter:data1\" content=\"Haber Merkezi\" \/>\n\t<meta name=\"twitter:label2\" content=\"Tahmini okuma s\u00fcresi\" \/>\n\t<meta name=\"twitter:data2\" content=\"2 dakika\" \/>\n<script type=\"application\/ld+json\" class=\"yoast-schema-graph\">{\"@context\":\"https:\/\/schema.org\",\"@graph\":[{\"@type\":\"Article\",\"@id\":\"https:\/\/epochtimestr.com\/index.php\/istanbulda-cekirgeden-sonra-akrep-panigi#article\",\"isPartOf\":{\"@id\":\"https:\/\/epochtimestr.com\/index.php\/istanbulda-cekirgeden-sonra-akrep-panigi\"},\"author\":{\"name\":\"Haber Merkezi\",\"@id\":\"https:\/\/epochtimestr.com\/#\/schema\/person\/3dc5c3adeb9f43923c5aa85889172fdd\"},\"headline\":\"\u0130stanbul&#8217;da \u00c7ekirgeden Sonra Akrep Pani\u011fi\",\"datePublished\":\"2026-08-29T11:41:33+00:00\",\"dateModified\":\"2026-08-29T18:42:50+00:00\",\"mainEntityOfPage\":{\"@id\":\"https:\/\/epochtimestr.com\/index.php\/istanbulda-cekirgeden-sonra-akrep-panigi\"},\"wordCount\":315,\"commentCount\":0,\"publisher\":{\"@id\":\"https:\/\/epochtimestr.com\/#organization\"},\"image\":{\"@id\":\"https:\/\/epochtimestr.com\/index.php\/istanbulda-cekirgeden-sonra-akrep-panigi#primaryimage\"},\"thumbnailUrl\":\"https:\/\/epochtimestr.com\/wp-content\/uploads\/2011y\/pixabay-38.jpg\",\"keywords\":[\"Akrep\",\"\u0130stanbul\",\"panik\",\"Prof. Dr. Zeynel Arslan G\u00fcndo\u011fdu\"],\"articleSection\":[\"\u00c7evre ve Do\u011fa\",\"G\u00dcNDEM\",\"MAN\u015eET\",\"Ya\u015fam\"],\"inLanguage\":\"tr\",\"potentialAction\":[{\"@type\":\"CommentAction\",\"name\":\"Comment\",\"target\":[\"https:\/\/epochtimestr.com\/index.php\/istanbulda-cekirgeden-sonra-akrep-panigi#respond\"]}]},{\"@type\":\"WebPage\",\"@id\":\"https:\/\/epochtimestr.com\/index.php\/istanbulda-cekirgeden-sonra-akrep-panigi\",\"url\":\"https:\/\/epochtimestr.com\/index.php\/istanbulda-cekirgeden-sonra-akrep-panigi\",\"name\":\"\u0130stanbul'da \u00c7ekirgeden Sonra Akrep Pani\u011fi - The Epoch Times TR\",\"isPartOf\":{\"@id\":\"https:\/\/epochtimestr.com\/#website\"},\"primaryImageOfPage\":{\"@id\":\"https:\/\/epochtimestr.com\/index.php\/istanbulda-cekirgeden-sonra-akrep-panigi#primaryimage\"},\"image\":{\"@id\":\"https:\/\/epochtimestr.com\/index.php\/istanbulda-cekirgeden-sonra-akrep-panigi#primaryimage\"},\"thumbnailUrl\":\"https:\/\/epochtimestr.com\/wp-content\/uploads\/2011y\/pixabay-38.jpg\",\"datePublished\":\"2026-08-29T11:41:33+00:00\",\"dateModified\":\"2026-08-29T18:42:50+00:00\",\"description\":\"\u00d6zellikle \u00dcsk\u00fcdar ve Ka\u011f\u0131thane'de akrep g\u00f6r\u00fclmesi ve evlere kadar girmesi vatanda\u015flar aras\u0131nda pani\u011fe neden oldu.\",\"inLanguage\":\"tr\",\"potentialAction\":[{\"@type\":\"ReadAction\",\"target\":[\"https:\/\/epochtimestr.com\/index.php\/istanbulda-cekirgeden-sonra-akrep-panigi\"]}]},{\"@type\":\"ImageObject\",\"inLanguage\":\"tr\",\"@id\":\"https:\/\/epochtimestr.com\/index.php\/istanbulda-cekirgeden-sonra-akrep-panigi#primaryimage\",\"url\":\"https:\/\/epochtimestr.com\/wp-content\/uploads\/2011y\/pixabay-38.jpg\",\"contentUrl\":\"https:\/\/epochtimestr.com\/wp-content\/uploads\/2011y\/pixabay-38.jpg\",\"width\":1280,\"height\":667},{\"@type\":\"WebSite\",\"@id\":\"https:\/\/epochtimestr.com\/#website\",\"url\":\"https:\/\/epochtimestr.com\/\",\"name\":\"The Epoch Times TR\",\"description\":\"De\u011fi\u015fen D\u00fcnyam\u0131za Taze Bir Bak\u0131\u015f\",\"publisher\":{\"@id\":\"https:\/\/epochtimestr.com\/#organization\"},\"potentialAction\":[{\"@type\":\"SearchAction\",\"target\":{\"@type\":\"EntryPoint\",\"urlTemplate\":\"https:\/\/epochtimestr.com\/?s={search_term_string}\"},\"query-input\":\"required name=search_term_string\"}],\"inLanguage\":\"tr\"},{\"@type\":\"Organization\",\"@id\":\"https:\/\/epochtimestr.com\/#organization\",\"name\":\"The EpochTimes T\u00fcrkiye\",\"url\":\"https:\/\/epochtimestr.com\/\",\"logo\":{\"@type\":\"ImageObject\",\"inLanguage\":\"tr\",\"@id\":\"https:\/\/epochtimestr.com\/#\/schema\/logo\/image\/\",\"url\":\"https:\/\/epochtimestr.com\/wp-content\/uploads\/2011y\/ET-Logo-YG.jpg\",\"contentUrl\":\"https:\/\/epochtimestr.com\/wp-content\/uploads\/2011y\/ET-Logo-YG.jpg\",\"width\":346,\"height\":29,\"caption\":\"The EpochTimes T\u00fcrkiye\"},\"image\":{\"@id\":\"https:\/\/epochtimestr.com\/#\/schema\/logo\/image\/\"},\"sameAs\":[\"https:\/\/www.facebook.com\/theepochtimestr\",\"https:\/\/x.com\/TheEpochTimesTR\",\"https:\/\/www.instagram.com\/epochtimestr\"]},{\"@type\":\"Person\",\"@id\":\"https:\/\/epochtimestr.com\/#\/schema\/person\/3dc5c3adeb9f43923c5aa85889172fdd\",\"name\":\"Haber Merkezi\",\"image\":{\"@type\":\"ImageObject\",\"inLanguage\":\"tr\",\"@id\":\"https:\/\/epochtimestr.com\/#\/schema\/person\/image\/\",\"url\":\"https:\/\/secure.gravatar.com\/avatar\/d73f772ba5a74f28601361e17c2f93e6?s=96&d=mm&r=g\",\"contentUrl\":\"https:\/\/secure.gravatar.com\/avatar\/d73f772ba5a74f28601361e17c2f93e6?s=96&d=mm&r=g\",\"caption\":\"Haber Merkezi\"},\"url\":\"https:\/\/epochtimestr.com\/index.php\/author\/sendag\"}]}<\/script>\n<!-- \/ Yoast SEO plugin. -->","yoast_head_json":{"title":"\u0130stanbul'da \u00c7ekirgeden Sonra Akrep Pani\u011fi - The Epoch Times TR","description":"\u00d6zellikle \u00dcsk\u00fcdar ve Ka\u011f\u0131thane'de akrep g\u00f6r\u00fclmesi ve evlere kadar girmesi vatanda\u015flar aras\u0131nda pani\u011fe neden oldu.","robots":{"index":"index","follow":"follow","max-snippet":"max-snippet:-1","max-image-preview":"max-image-preview:large","max-video-preview":"max-video-preview:-1"},"canonical":"https:\/\/epochtimestr.com\/index.php\/istanbulda-cekirgeden-sonra-akrep-panigi","og_locale":"tr_TR","og_type":"article","og_title":"\u0130stanbul'da \u00c7ekirgeden Sonra Akrep Pani\u011fi - The Epoch Times TR","og_description":"\u00d6zellikle \u00dcsk\u00fcdar ve Ka\u011f\u0131thane'de akrep g\u00f6r\u00fclmesi ve evlere kadar girmesi vatanda\u015flar aras\u0131nda pani\u011fe neden oldu.","og_url":"https:\/\/epochtimestr.com\/index.php\/istanbulda-cekirgeden-sonra-akrep-panigi","og_site_name":"The Epoch Times TR","article_publisher":"https:\/\/www.facebook.com\/theepochtimestr","article_published_time":"2026-08-29T11:41:33+00:00","article_modified_time":"2026-08-29T18:42:50+00:00","og_image":[{"width":1280,"height":667,"url":"https:\/\/epochtimestr.com\/wp-content\/uploads\/2011y\/pixabay-38.jpg","type":"image\/jpeg"}],"author":"Haber Merkezi","twitter_card":"summary_large_image","twitter_creator":"@TheEpochTimesTR","twitter_site":"@TheEpochTimesTR","twitter_misc":{"Yazan:":"Haber Merkezi","Tahmini okuma s\u00fcresi":"2 dakika"},"schema":{"@context":"https:\/\/schema.org","@graph":[{"@type":"Article","@id":"https:\/\/epochtimestr.com\/index.php\/istanbulda-cekirgeden-sonra-akrep-panigi#article","isPartOf":{"@id":"https:\/\/epochtimestr.com\/index.php\/istanbulda-cekirgeden-sonra-akrep-panigi"},"author":{"name":"Haber Merkezi","@id":"https:\/\/epochtimestr.com\/#\/schema\/person\/3dc5c3adeb9f43923c5aa85889172fdd"},"headline":"\u0130stanbul&#8217;da \u00c7ekirgeden Sonra Akrep Pani\u011fi","datePublished":"2026-08-29T11:41:33+00:00","dateModified":"2026-08-29T18:42:50+00:00","mainEntityOfPage":{"@id":"https:\/\/epochtimestr.com\/index.php\/istanbulda-cekirgeden-sonra-akrep-panigi"},"wordCount":315,"commentCount":0,"publisher":{"@id":"https:\/\/epochtimestr.com\/#organization"},"image":{"@id":"https:\/\/epochtimestr.com\/index.php\/istanbulda-cekirgeden-sonra-akrep-panigi#primaryimage"},"thumbnailUrl":"https:\/\/epochtimestr.com\/wp-content\/uploads\/2011y\/pixabay-38.jpg","keywords":["Akrep","\u0130stanbul","panik","Prof. Dr. Zeynel Arslan G\u00fcndo\u011fdu"],"articleSection":["\u00c7evre ve Do\u011fa","G\u00dcNDEM","MAN\u015eET","Ya\u015fam"],"inLanguage":"tr","potentialAction":[{"@type":"CommentAction","name":"Comment","target":["https:\/\/epochtimestr.com\/index.php\/istanbulda-cekirgeden-sonra-akrep-panigi#respond"]}]},{"@type":"WebPage","@id":"https:\/\/epochtimestr.com\/index.php\/istanbulda-cekirgeden-sonra-akrep-panigi","url":"https:\/\/epochtimestr.com\/index.php\/istanbulda-cekirgeden-sonra-akrep-panigi","name":"\u0130stanbul'da \u00c7ekirgeden Sonra Akrep Pani\u011fi - The Epoch Times TR","isPartOf":{"@id":"https:\/\/epochtimestr.com\/#website"},"primaryImageOfPage":{"@id":"https:\/\/epochtimestr.com\/index.php\/istanbulda-cekirgeden-sonra-akrep-panigi#primaryimage"},"image":{"@id":"https:\/\/epochtimestr.com\/index.php\/istanbulda-cekirgeden-sonra-akrep-panigi#primaryimage"},"thumbnailUrl":"https:\/\/epochtimestr.com\/wp-content\/uploads\/2011y\/pixabay-38.jpg","datePublished":"2026-08-29T11:41:33+00:00","dateModified":"2026-08-29T18:42:50+00:00","description":"\u00d6zellikle \u00dcsk\u00fcdar ve Ka\u011f\u0131thane'de akrep g\u00f6r\u00fclmesi ve evlere kadar girmesi vatanda\u015flar aras\u0131nda pani\u011fe neden oldu.","inLanguage":"tr","potentialAction":[{"@type":"ReadAction","target":["https:\/\/epochtimestr.com\/index.php\/istanbulda-cekirgeden-sonra-akrep-panigi"]}]},{"@type":"ImageObject","inLanguage":"tr","@id":"https:\/\/epochtimestr.com\/index.php\/istanbulda-cekirgeden-sonra-akrep-panigi#primaryimage","url":"https:\/\/epochtimestr.com\/wp-content\/uploads\/2011y\/pixabay-38.jpg","contentUrl":"https:\/\/epochtimestr.com\/wp-content\/uploads\/2011y\/pixabay-38.jpg","width":1280,"height":667},{"@type":"WebSite","@id":"https:\/\/epochtimestr.com\/#website","url":"https:\/\/epochtimestr.com\/","name":"The Epoch Times TR","description":"De\u011fi\u015fen D\u00fcnyam\u0131za Taze Bir Bak\u0131\u015f","publisher":{"@id":"https:\/\/epochtimestr.com\/#organization"},"potentialAction":[{"@type":"SearchAction","target":{"@type":"EntryPoint","urlTemplate":"https:\/\/epochtimestr.com\/?s={search_term_string}"},"query-input":"required name=search_term_string"}],"inLanguage":"tr"},{"@type":"Organization","@id":"https:\/\/epochtimestr.com\/#organization","name":"The EpochTimes T\u00fcrkiye","url":"https:\/\/epochtimestr.com\/","logo":{"@type":"ImageObject","inLanguage":"tr","@id":"https:\/\/epochtimestr.com\/#\/schema\/logo\/image\/","url":"https:\/\/epochtimestr.com\/wp-content\/uploads\/2011y\/ET-Logo-YG.jpg","contentUrl":"https:\/\/epochtimestr.com\/wp-content\/uploads\/2011y\/ET-Logo-YG.jpg","width":346,"height":29,"caption":"The EpochTimes T\u00fcrkiye"},"image":{"@id":"https:\/\/epochtimestr.com\/#\/schema\/logo\/image\/"},"sameAs":["https:\/\/www.facebook.com\/theepochtimestr","https:\/\/x.com\/TheEpochTimesTR","https:\/\/www.instagram.com\/epochtimestr"]},{"@type":"Person","@id":"https:\/\/epochtimestr.com\/#\/schema\/person\/3dc5c3adeb9f43923c5aa85889172fdd","name":"Haber Merkezi","image":{"@type":"ImageObject","inLanguage":"tr","@id":"https:\/\/epochtimestr.com\/#\/schema\/person\/image\/","url":"https:\/\/secure.gravatar.com\/avatar\/d73f772ba5a74f28601361e17c2f93e6?s=96&d=mm&r=g","contentUrl":"https:\/\/secure.gravatar.com\/avatar\/d73f772ba5a74f28601361e17c2f93e6?s=96&d=mm&r=g","caption":"Haber Merkezi"},"url":"https:\/\/epochtimestr.com\/index.php\/author\/sendag"}]}},"_links":{"self":[{"href":"https:\/\/epochtimestr.com\/index.php\/wp-json\/wp\/v2\/posts\/171133"}],"collection":[{"href":"https:\/\/epochtimestr.com\/index.php\/wp-json\/wp\/v2\/posts"}],"about":[{"href":"https:\/\/epochtimestr.com\/index.php\/wp-json\/wp\/v2\/types\/post"}],"author":[{"embeddable":true,"href":"https:\/\/epochtimestr.com\/index.php\/wp-json\/wp\/v2\/users\/12791"}],"replies":[{"embeddable":true,"href":"https:\/\/epochtimestr.com\/index.php\/wp-json\/wp\/v2\/comments?post=171133"}],"version-history":[{"count":2,"href":"https:\/\/epochtimestr.com\/index.php\/wp-json\/wp\/v2\/posts\/171133\/revisions"}],"predecessor-version":[{"id":171141,"href":"https:\/\/epochtimestr.com\/index.php\/wp-json\/wp\/v2\/posts\/171133\/revisions\/171141"}],"wp:featuredmedia":[{"embeddable":true,"href":"https:\/\/epochtimestr.com\/index.php\/wp-json\/wp\/v2\/media\/171134"}],"wp:attachment":[{"href":"https:\/\/epochtimestr.com\/index.php\/wp-json\/wp\/v2\/media?parent=171133"}],"wp:term":[{"taxonomy":"category","embeddable":true,"href":"https:\/\/epochtimestr.com\/index.php\/wp-json\/wp\/v2\/categories?post=171133"},{"taxonomy":"post_tag","embeddable":true,"href":"https:\/\/epochtimestr.com\/index.php\/wp-json\/wp\/v2\/tags?post=171133"}],"curies":[{"name":"wp","href":"https:\/\/api.w.org\/{rel}","templated":true}]}}