{"id":171137,"date":"2026-08-29T14:51:05","date_gmt":"2026-08-29T11:51:05","guid":{"rendered":"https:\/\/epochtimestr.com\/?p=171137"},"modified":"2026-08-29T14:51:07","modified_gmt":"2026-08-29T11:51:07","slug":"turk-rehber-nepaldeki-sel-felaketinde-kayboldu","status":"publish","type":"post","link":"https:\/\/epochtimestr.com\/index.php\/turk-rehber-nepaldeki-sel-felaketinde-kayboldu","title":{"rendered":"T\u00fcrk Rehber Nepal&#8217;deki Sel Felaketinde Kayboldu"},"content":{"rendered":"<div class=\"wp-block-image\">\n<figure class=\"aligncenter size-full\"><img loading=\"lazy\" decoding=\"async\" width=\"738\" height=\"414\" src=\"https:\/\/epochtimestr.com\/wp-content\/uploads\/2011y\/elena-oksuz.jpg\" alt=\"T\u00fcrk rehber Nepal'deki sel felaketinde kayboldu. (Foto\u011fraf: Sel\u00e7uk Eracun x hesab\u0131)\" class=\"wp-image-171138\" srcset=\"https:\/\/epochtimestr.com\/wp-content\/uploads\/2011y\/elena-oksuz.jpg 738w, https:\/\/epochtimestr.com\/wp-content\/uploads\/2011y\/elena-oksuz-300x168.jpg 300w, https:\/\/epochtimestr.com\/wp-content\/uploads\/2011y\/elena-oksuz-150x84.jpg 150w\" sizes=\"(max-width: 738px) 100vw, 738px\" \/><figcaption class=\"wp-element-caption\">T\u00fcrk rehber Nepal&#8217;deki sel felaketinde kayboldu. (Foto\u011fraf: Sel\u00e7uk Eracun x hesab\u0131)<\/figcaption><\/figure><\/div>\n\n\n<h2 class=\"wp-block-heading\">Nepal&#8217;de buzul \u00e7\u00f6kmesiyle meydana gelen sel felaketinde can kayb\u0131 579&#8217;a y\u00fckseldi. Kaybolan 2 bine yak\u0131n ki\u015fi aras\u0131nda bir T\u00fcrk rehber de var.<\/h2>\n\n\n\n<p>Nepal&#8217;in \u00c7in s\u0131n\u0131r\u0131na yak\u0131n Rasuwa b\u00f6lgesinde ve \u00e7evresinde meydana gelen selde ya\u015fam\u0131n\u0131 yitirenlerin say\u0131s\u0131n\u0131n 616&#8217;ya y\u00fckseldi\u011fi bildirildi. Nepal&#8217;de ya\u015fanan sel felaketinde bir T\u00fcrk vatanda\u015f\u0131 da kayboldu. Tur rehberi olan, Elena \u00d6ks\u00fcz&#8217;den 26 A\u011fustos tarihinden bu yana haber al\u0131nam\u0131yor. Ayn\u0131 zamanda Rusya vatanda\u015f\u0131 da olan \u00d6ks\u00fcz&#8217;\u00fcn Litvanya&#8217;dan Nepal&#8217;e gitti\u011fi biliniyor.<\/p>\n\n\n\n<p>Nepal&#8217;i etkileyen felaket nedeniyle <a href=\"https:\/\/epochtimestr.com\/index.php\/nepal-tibet-sinirinda-sel-felaketi-binlerce-kayip-yuzlerce-olu-var\" target=\"_blank\" rel=\"noreferrer noopener\">sel<\/a> sular\u0131na kap\u0131lanlar\u0131 kurtarmak i\u00e7in ba\u015flat\u0131lan \u00e7al\u0131\u015fmalar devam ediyor.<\/p>\n\n\n\n<figure class=\"wp-block-embed is-type-rich is-provider-x wp-block-embed-x\"><div class=\"wp-block-embed__wrapper\">\n<blockquote class=\"twitter-tweet\" data-width=\"550\" data-dnt=\"true\"><p lang=\"tr\" dir=\"ltr\">\u0130stanbul Rehberler Odas\u0131 Y\u00f6netim Kurulu Ba\u015fkan\u0131 Sel\u00e7uk Eracun, \u201cElena \u00d6ks\u00fcz 8 A\u011fustos&#39;tan itibaren  b\u00f6lgede. Tibet&#39;ten Nepal&#39;e Rus Pasaportuyla giri\u015f yap\u0131yor. 26 A\u011fustos&#39;ta kald\u0131\u011f\u0131 hotelden ayr\u0131ld\u0131\u011f\u0131n\u0131 ve hala haber al\u0131namad\u0131\u011f\u0131n\u0131 biliyoruz.\u201d dedi. <a href=\"https:\/\/t.co\/lvek0LBIOu\">https:\/\/t.co\/lvek0LBIOu<\/a><\/p>&mdash; Sel\u00e7uk Eracun (@seracun) <a href=\"https:\/\/x.com\/seracun\/status\/2093574566152978480?ref_src=twsrc%5Etfw\">August 29, 2026<\/a><\/blockquote><script async src=\"https:\/\/platform.x.com\/widgets.js\" charset=\"utf-8\"><\/script>\n<\/div><\/figure>\n\n\n\n<p>\u0130stanbul Rehberler Odas\u0131 Y\u00f6netim Kurulu Ba\u015fkan\u0131 Sel\u00e7uk Eracun, \u201cElena \u00d6ks\u00fcz bu b\u00f6lgede ve 8 A\u011fustos&#8217;tan beri Tibet&#8217;ten Nepal&#8217;e giri\u015f yap\u0131yor. Nepal b\u00f6lgesinde yine bat\u0131dan gelen kar\u0131\u015f\u0131k bir grupla birlikte bulu\u015farak oradaki turlar\u0131n\u0131 yap\u0131yorlar. Elena&#8217;n\u0131n 26&#8217;s\u0131ndaki bu olayla birlikte otelden ayr\u0131ld\u0131\u011f\u0131n\u0131 biliyoruz.\u201d dedi.<\/p>\n\n\n\n<p>Nepal polis yetkilileri, selde hayat\u0131n\u0131 kaybedenlerin say\u0131s\u0131n\u0131n 616&#8217;ya \u00e7\u0131kt\u0131\u011f\u0131n\u0131 bildirdi. Yetkililer, felakette 2 bin 301 ki\u015finin yaraland\u0131\u011f\u0131n\u0131 duyurdu. Ayr\u0131ca medyada s\u0131n\u0131r\u0131n hem Nepal hem de \u00c7in taraf\u0131nda aralar\u0131nda yabanc\u0131lar\u0131n da bulundu\u011fu yakla\u015f\u0131k 2 bin 500 ki\u015fiden halen haber al\u0131namad\u0131\u011f\u0131 belirtiliyor.<\/p>\n\n\n\n<p>Eracun, \u00d6ks\u00fcz&#8217;\u00fcn \u00e7ifte vatanda\u015fl\u0131\u011f\u0131 oldu\u011funu ve vize muafiyetinden faydalanmak amac\u0131yla Rus pasaportunu kulland\u0131\u011f\u0131n\u0131 belirtti. Bu nedenle \u00d6ks\u00fcz&#8217;\u00fcn Nepal&#8217;e girdi\u011finden D\u0131\u015fi\u015fleri Bakanl\u0131\u011f\u0131&#8217;n\u0131n haberi olmad\u0131\u011f\u0131n\u0131 s\u00f6yledi. <\/p>\n\n\n\n<p>\u00d6ks\u00fcz&#8217;\u00fcn Kahramanmara\u015f merkezli depremde Ad\u0131yaman&#8217;a giderek ekiplere \u00e7evirmenlik yapt\u0131\u011f\u0131 da biliniyor.<\/p>\n\n\n\n<figure class=\"wp-block-embed is-type-rich is-provider-x wp-block-embed-x\"><div class=\"wp-block-embed__wrapper\">\n<blockquote class=\"twitter-tweet\" data-width=\"550\" data-dnt=\"true\"><p lang=\"zxx\" dir=\"ltr\"><a href=\"https:\/\/t.co\/SroYjScwbe\">https:\/\/t.co\/SroYjScwbe<\/a><\/p>&mdash; Sel\u00e7uk Eracun (@seracun) <a href=\"https:\/\/x.com\/seracun\/status\/2093564084230758503?ref_src=twsrc%5Etfw\">August 29, 2026<\/a><\/blockquote><script async src=\"https:\/\/platform.x.com\/widgets.js\" charset=\"utf-8\"><\/script>\n<\/div><\/figure>\n","protected":false},"excerpt":{"rendered":"<p>Nepal&#8217;de buzul \u00e7\u00f6kmesiyle meydana gelen sel felaketinde can kayb\u0131 579&#8217;a y\u00fckseldi. Kaybolan 2 bine yak\u0131n ki\u015fi aras\u0131nda bir T\u00fcrk rehber de var. Nepal&#8217;in \u00c7in s\u0131n\u0131r\u0131na yak\u0131n Rasuwa b\u00f6lgesinde ve \u00e7evresinde meydana gelen selde ya\u015fam\u0131n\u0131 yitirenlerin say\u0131s\u0131n\u0131n 616&#8217;ya y\u00fckseldi\u011fi bildirildi. Nepal&#8217;de ya\u015fanan sel felaketinde bir T\u00fcrk vatanda\u015f\u0131 da kayboldu. Tur rehberi olan, Elena \u00d6ks\u00fcz&#8217;den 26 A\u011fustos [&hellip;]<\/p>\n","protected":false},"author":12791,"featured_media":171138,"comment_status":"open","ping_status":"open","sticky":false,"template":"","format":"standard","meta":{"_yoast_wpseo_focuskw":"T\u00fcrk rehber","_yoast_wpseo_title":"","_yoast_wpseo_metadesc":"Nepal'de buzul \u00e7\u00f6kmesiyle meydana gelen sel felaketinde can kayb\u0131 579'a y\u00fckseldi. Kaybolan 2 bine yak\u0131n ki\u015fi aras\u0131nda bir T\u00fcrk rehber de var.","_bbp_topic_count":0,"_bbp_reply_count":0,"_bbp_total_topic_count":0,"_bbp_total_reply_count":0,"_bbp_voice_count":0,"_bbp_anonymous_reply_count":0,"_bbp_topic_count_hidden":0,"_bbp_reply_count_hidden":0,"_bbp_forum_subforum_count":0,"footnotes":"","_yoast_wpseo_focuskw_text_input":""},"categories":[1,8138,37,8419],"tags":[12506,7937,7412,383,12507],"yoast_head":"<!-- This site is optimized with the Yoast SEO plugin v23.0 - https:\/\/yoast.com\/wordpress\/plugins\/seo\/ -->\n<title>T\u00fcrk Rehber Nepal&#039;deki Sel Felaketinde Kayboldu - The Epoch Times TR<\/title>\n<meta name=\"description\" content=\"Nepal&#039;de buzul \u00e7\u00f6kmesiyle meydana gelen sel felaketinde can kayb\u0131 579&#039;a y\u00fckseldi. Kaybolan 2 bine yak\u0131n ki\u015fi aras\u0131nda bir T\u00fcrk rehber de var.\" \/>\n<meta name=\"robots\" content=\"index, follow, max-snippet:-1, max-image-preview:large, max-video-preview:-1\" \/>\n<link rel=\"canonical\" href=\"https:\/\/epochtimestr.com\/index.php\/turk-rehber-nepaldeki-sel-felaketinde-kayboldu\" \/>\n<meta property=\"og:locale\" content=\"tr_TR\" \/>\n<meta property=\"og:type\" content=\"article\" \/>\n<meta property=\"og:title\" content=\"T\u00fcrk Rehber Nepal&#039;deki Sel Felaketinde Kayboldu - The Epoch Times TR\" \/>\n<meta property=\"og:description\" content=\"Nepal&#039;de buzul \u00e7\u00f6kmesiyle meydana gelen sel felaketinde can kayb\u0131 579&#039;a y\u00fckseldi. Kaybolan 2 bine yak\u0131n ki\u015fi aras\u0131nda bir T\u00fcrk rehber de var.\" \/>\n<meta property=\"og:url\" content=\"https:\/\/epochtimestr.com\/index.php\/turk-rehber-nepaldeki-sel-felaketinde-kayboldu\" \/>\n<meta property=\"og:site_name\" content=\"The Epoch Times TR\" \/>\n<meta property=\"article:publisher\" content=\"https:\/\/www.facebook.com\/theepochtimestr\" \/>\n<meta property=\"article:published_time\" content=\"2026-08-29T11:51:05+00:00\" \/>\n<meta property=\"article:modified_time\" content=\"2026-08-29T11:51:07+00:00\" \/>\n<meta property=\"og:image\" content=\"https:\/\/epochtimestr.com\/wp-content\/uploads\/2011y\/elena-oksuz.jpg\" \/>\n\t<meta property=\"og:image:width\" content=\"738\" \/>\n\t<meta property=\"og:image:height\" content=\"414\" \/>\n\t<meta property=\"og:image:type\" content=\"image\/jpeg\" \/>\n<meta name=\"author\" content=\"Haber Merkezi\" \/>\n<meta name=\"twitter:card\" content=\"summary_large_image\" \/>\n<meta name=\"twitter:creator\" content=\"@TheEpochTimesTR\" \/>\n<meta name=\"twitter:site\" content=\"@TheEpochTimesTR\" \/>\n<meta name=\"twitter:label1\" content=\"Yazan:\" \/>\n\t<meta name=\"twitter:data1\" content=\"Haber Merkezi\" \/>\n\t<meta name=\"twitter:label2\" content=\"Tahmini okuma s\u00fcresi\" \/>\n\t<meta name=\"twitter:data2\" content=\"2 dakika\" \/>\n<script type=\"application\/ld+json\" class=\"yoast-schema-graph\">{\"@context\":\"https:\/\/schema.org\",\"@graph\":[{\"@type\":\"Article\",\"@id\":\"https:\/\/epochtimestr.com\/index.php\/turk-rehber-nepaldeki-sel-felaketinde-kayboldu#article\",\"isPartOf\":{\"@id\":\"https:\/\/epochtimestr.com\/index.php\/turk-rehber-nepaldeki-sel-felaketinde-kayboldu\"},\"author\":{\"name\":\"Haber Merkezi\",\"@id\":\"https:\/\/epochtimestr.com\/#\/schema\/person\/3dc5c3adeb9f43923c5aa85889172fdd\"},\"headline\":\"T\u00fcrk Rehber Nepal&#8217;deki Sel Felaketinde Kayboldu\",\"datePublished\":\"2026-08-29T11:51:05+00:00\",\"dateModified\":\"2026-08-29T11:51:07+00:00\",\"mainEntityOfPage\":{\"@id\":\"https:\/\/epochtimestr.com\/index.php\/turk-rehber-nepaldeki-sel-felaketinde-kayboldu\"},\"wordCount\":311,\"commentCount\":0,\"publisher\":{\"@id\":\"https:\/\/epochtimestr.com\/#organization\"},\"image\":{\"@id\":\"https:\/\/epochtimestr.com\/index.php\/turk-rehber-nepaldeki-sel-felaketinde-kayboldu#primaryimage\"},\"thumbnailUrl\":\"https:\/\/epochtimestr.com\/wp-content\/uploads\/2011y\/elena-oksuz.jpg\",\"keywords\":[\"Elena \u00d6ks\u00fcz\",\"Nepal\",\"rehber\",\"sel\",\"Sel\u00e7uk Eracun\"],\"articleSection\":[\"G\u00dcNDEM\",\"MAN\u015eET\",\"T\u00dcRK\u0130YE\",\"Ya\u015fam\"],\"inLanguage\":\"tr\",\"potentialAction\":[{\"@type\":\"CommentAction\",\"name\":\"Comment\",\"target\":[\"https:\/\/epochtimestr.com\/index.php\/turk-rehber-nepaldeki-sel-felaketinde-kayboldu#respond\"]}]},{\"@type\":\"WebPage\",\"@id\":\"https:\/\/epochtimestr.com\/index.php\/turk-rehber-nepaldeki-sel-felaketinde-kayboldu\",\"url\":\"https:\/\/epochtimestr.com\/index.php\/turk-rehber-nepaldeki-sel-felaketinde-kayboldu\",\"name\":\"T\u00fcrk Rehber Nepal'deki Sel Felaketinde Kayboldu - The Epoch Times TR\",\"isPartOf\":{\"@id\":\"https:\/\/epochtimestr.com\/#website\"},\"primaryImageOfPage\":{\"@id\":\"https:\/\/epochtimestr.com\/index.php\/turk-rehber-nepaldeki-sel-felaketinde-kayboldu#primaryimage\"},\"image\":{\"@id\":\"https:\/\/epochtimestr.com\/index.php\/turk-rehber-nepaldeki-sel-felaketinde-kayboldu#primaryimage\"},\"thumbnailUrl\":\"https:\/\/epochtimestr.com\/wp-content\/uploads\/2011y\/elena-oksuz.jpg\",\"datePublished\":\"2026-08-29T11:51:05+00:00\",\"dateModified\":\"2026-08-29T11:51:07+00:00\",\"description\":\"Nepal'de buzul \u00e7\u00f6kmesiyle meydana gelen sel felaketinde can kayb\u0131 579'a y\u00fckseldi. Kaybolan 2 bine yak\u0131n ki\u015fi aras\u0131nda bir T\u00fcrk rehber de var.\",\"inLanguage\":\"tr\",\"potentialAction\":[{\"@type\":\"ReadAction\",\"target\":[\"https:\/\/epochtimestr.com\/index.php\/turk-rehber-nepaldeki-sel-felaketinde-kayboldu\"]}]},{\"@type\":\"ImageObject\",\"inLanguage\":\"tr\",\"@id\":\"https:\/\/epochtimestr.com\/index.php\/turk-rehber-nepaldeki-sel-felaketinde-kayboldu#primaryimage\",\"url\":\"https:\/\/epochtimestr.com\/wp-content\/uploads\/2011y\/elena-oksuz.jpg\",\"contentUrl\":\"https:\/\/epochtimestr.com\/wp-content\/uploads\/2011y\/elena-oksuz.jpg\",\"width\":738,\"height\":414},{\"@type\":\"WebSite\",\"@id\":\"https:\/\/epochtimestr.com\/#website\",\"url\":\"https:\/\/epochtimestr.com\/\",\"name\":\"The Epoch Times TR\",\"description\":\"De\u011fi\u015fen D\u00fcnyam\u0131za Taze Bir Bak\u0131\u015f\",\"publisher\":{\"@id\":\"https:\/\/epochtimestr.com\/#organization\"},\"potentialAction\":[{\"@type\":\"SearchAction\",\"target\":{\"@type\":\"EntryPoint\",\"urlTemplate\":\"https:\/\/epochtimestr.com\/?s={search_term_string}\"},\"query-input\":\"required name=search_term_string\"}],\"inLanguage\":\"tr\"},{\"@type\":\"Organization\",\"@id\":\"https:\/\/epochtimestr.com\/#organization\",\"name\":\"The EpochTimes T\u00fcrkiye\",\"url\":\"https:\/\/epochtimestr.com\/\",\"logo\":{\"@type\":\"ImageObject\",\"inLanguage\":\"tr\",\"@id\":\"https:\/\/epochtimestr.com\/#\/schema\/logo\/image\/\",\"url\":\"https:\/\/epochtimestr.com\/wp-content\/uploads\/2011y\/ET-Logo-YG.jpg\",\"contentUrl\":\"https:\/\/epochtimestr.com\/wp-content\/uploads\/2011y\/ET-Logo-YG.jpg\",\"width\":346,\"height\":29,\"caption\":\"The EpochTimes T\u00fcrkiye\"},\"image\":{\"@id\":\"https:\/\/epochtimestr.com\/#\/schema\/logo\/image\/\"},\"sameAs\":[\"https:\/\/www.facebook.com\/theepochtimestr\",\"https:\/\/x.com\/TheEpochTimesTR\",\"https:\/\/www.instagram.com\/epochtimestr\"]},{\"@type\":\"Person\",\"@id\":\"https:\/\/epochtimestr.com\/#\/schema\/person\/3dc5c3adeb9f43923c5aa85889172fdd\",\"name\":\"Haber Merkezi\",\"image\":{\"@type\":\"ImageObject\",\"inLanguage\":\"tr\",\"@id\":\"https:\/\/epochtimestr.com\/#\/schema\/person\/image\/\",\"url\":\"https:\/\/secure.gravatar.com\/avatar\/d73f772ba5a74f28601361e17c2f93e6?s=96&d=mm&r=g\",\"contentUrl\":\"https:\/\/secure.gravatar.com\/avatar\/d73f772ba5a74f28601361e17c2f93e6?s=96&d=mm&r=g\",\"caption\":\"Haber Merkezi\"},\"url\":\"https:\/\/epochtimestr.com\/index.php\/author\/sendag\"}]}<\/script>\n<!-- \/ Yoast SEO plugin. -->","yoast_head_json":{"title":"T\u00fcrk Rehber Nepal'deki Sel Felaketinde Kayboldu - The Epoch Times TR","description":"Nepal'de buzul \u00e7\u00f6kmesiyle meydana gelen sel felaketinde can kayb\u0131 579'a y\u00fckseldi. Kaybolan 2 bine yak\u0131n ki\u015fi aras\u0131nda bir T\u00fcrk rehber de var.","robots":{"index":"index","follow":"follow","max-snippet":"max-snippet:-1","max-image-preview":"max-image-preview:large","max-video-preview":"max-video-preview:-1"},"canonical":"https:\/\/epochtimestr.com\/index.php\/turk-rehber-nepaldeki-sel-felaketinde-kayboldu","og_locale":"tr_TR","og_type":"article","og_title":"T\u00fcrk Rehber Nepal'deki Sel Felaketinde Kayboldu - The Epoch Times TR","og_description":"Nepal'de buzul \u00e7\u00f6kmesiyle meydana gelen sel felaketinde can kayb\u0131 579'a y\u00fckseldi. Kaybolan 2 bine yak\u0131n ki\u015fi aras\u0131nda bir T\u00fcrk rehber de var.","og_url":"https:\/\/epochtimestr.com\/index.php\/turk-rehber-nepaldeki-sel-felaketinde-kayboldu","og_site_name":"The Epoch Times TR","article_publisher":"https:\/\/www.facebook.com\/theepochtimestr","article_published_time":"2026-08-29T11:51:05+00:00","article_modified_time":"2026-08-29T11:51:07+00:00","og_image":[{"width":738,"height":414,"url":"https:\/\/epochtimestr.com\/wp-content\/uploads\/2011y\/elena-oksuz.jpg","type":"image\/jpeg"}],"author":"Haber Merkezi","twitter_card":"summary_large_image","twitter_creator":"@TheEpochTimesTR","twitter_site":"@TheEpochTimesTR","twitter_misc":{"Yazan:":"Haber Merkezi","Tahmini okuma s\u00fcresi":"2 dakika"},"schema":{"@context":"https:\/\/schema.org","@graph":[{"@type":"Article","@id":"https:\/\/epochtimestr.com\/index.php\/turk-rehber-nepaldeki-sel-felaketinde-kayboldu#article","isPartOf":{"@id":"https:\/\/epochtimestr.com\/index.php\/turk-rehber-nepaldeki-sel-felaketinde-kayboldu"},"author":{"name":"Haber Merkezi","@id":"https:\/\/epochtimestr.com\/#\/schema\/person\/3dc5c3adeb9f43923c5aa85889172fdd"},"headline":"T\u00fcrk Rehber Nepal&#8217;deki Sel Felaketinde Kayboldu","datePublished":"2026-08-29T11:51:05+00:00","dateModified":"2026-08-29T11:51:07+00:00","mainEntityOfPage":{"@id":"https:\/\/epochtimestr.com\/index.php\/turk-rehber-nepaldeki-sel-felaketinde-kayboldu"},"wordCount":311,"commentCount":0,"publisher":{"@id":"https:\/\/epochtimestr.com\/#organization"},"image":{"@id":"https:\/\/epochtimestr.com\/index.php\/turk-rehber-nepaldeki-sel-felaketinde-kayboldu#primaryimage"},"thumbnailUrl":"https:\/\/epochtimestr.com\/wp-content\/uploads\/2011y\/elena-oksuz.jpg","keywords":["Elena \u00d6ks\u00fcz","Nepal","rehber","sel","Sel\u00e7uk Eracun"],"articleSection":["G\u00dcNDEM","MAN\u015eET","T\u00dcRK\u0130YE","Ya\u015fam"],"inLanguage":"tr","potentialAction":[{"@type":"CommentAction","name":"Comment","target":["https:\/\/epochtimestr.com\/index.php\/turk-rehber-nepaldeki-sel-felaketinde-kayboldu#respond"]}]},{"@type":"WebPage","@id":"https:\/\/epochtimestr.com\/index.php\/turk-rehber-nepaldeki-sel-felaketinde-kayboldu","url":"https:\/\/epochtimestr.com\/index.php\/turk-rehber-nepaldeki-sel-felaketinde-kayboldu","name":"T\u00fcrk Rehber Nepal'deki Sel Felaketinde Kayboldu - The Epoch Times TR","isPartOf":{"@id":"https:\/\/epochtimestr.com\/#website"},"primaryImageOfPage":{"@id":"https:\/\/epochtimestr.com\/index.php\/turk-rehber-nepaldeki-sel-felaketinde-kayboldu#primaryimage"},"image":{"@id":"https:\/\/epochtimestr.com\/index.php\/turk-rehber-nepaldeki-sel-felaketinde-kayboldu#primaryimage"},"thumbnailUrl":"https:\/\/epochtimestr.com\/wp-content\/uploads\/2011y\/elena-oksuz.jpg","datePublished":"2026-08-29T11:51:05+00:00","dateModified":"2026-08-29T11:51:07+00:00","description":"Nepal'de buzul \u00e7\u00f6kmesiyle meydana gelen sel felaketinde can kayb\u0131 579'a y\u00fckseldi. Kaybolan 2 bine yak\u0131n ki\u015fi aras\u0131nda bir T\u00fcrk rehber de var.","inLanguage":"tr","potentialAction":[{"@type":"ReadAction","target":["https:\/\/epochtimestr.com\/index.php\/turk-rehber-nepaldeki-sel-felaketinde-kayboldu"]}]},{"@type":"ImageObject","inLanguage":"tr","@id":"https:\/\/epochtimestr.com\/index.php\/turk-rehber-nepaldeki-sel-felaketinde-kayboldu#primaryimage","url":"https:\/\/epochtimestr.com\/wp-content\/uploads\/2011y\/elena-oksuz.jpg","contentUrl":"https:\/\/epochtimestr.com\/wp-content\/uploads\/2011y\/elena-oksuz.jpg","width":738,"height":414},{"@type":"WebSite","@id":"https:\/\/epochtimestr.com\/#website","url":"https:\/\/epochtimestr.com\/","name":"The Epoch Times TR","description":"De\u011fi\u015fen D\u00fcnyam\u0131za Taze Bir Bak\u0131\u015f","publisher":{"@id":"https:\/\/epochtimestr.com\/#organization"},"potentialAction":[{"@type":"SearchAction","target":{"@type":"EntryPoint","urlTemplate":"https:\/\/epochtimestr.com\/?s={search_term_string}"},"query-input":"required name=search_term_string"}],"inLanguage":"tr"},{"@type":"Organization","@id":"https:\/\/epochtimestr.com\/#organization","name":"The EpochTimes T\u00fcrkiye","url":"https:\/\/epochtimestr.com\/","logo":{"@type":"ImageObject","inLanguage":"tr","@id":"https:\/\/epochtimestr.com\/#\/schema\/logo\/image\/","url":"https:\/\/epochtimestr.com\/wp-content\/uploads\/2011y\/ET-Logo-YG.jpg","contentUrl":"https:\/\/epochtimestr.com\/wp-content\/uploads\/2011y\/ET-Logo-YG.jpg","width":346,"height":29,"caption":"The EpochTimes T\u00fcrkiye"},"image":{"@id":"https:\/\/epochtimestr.com\/#\/schema\/logo\/image\/"},"sameAs":["https:\/\/www.facebook.com\/theepochtimestr","https:\/\/x.com\/TheEpochTimesTR","https:\/\/www.instagram.com\/epochtimestr"]},{"@type":"Person","@id":"https:\/\/epochtimestr.com\/#\/schema\/person\/3dc5c3adeb9f43923c5aa85889172fdd","name":"Haber Merkezi","image":{"@type":"ImageObject","inLanguage":"tr","@id":"https:\/\/epochtimestr.com\/#\/schema\/person\/image\/","url":"https:\/\/secure.gravatar.com\/avatar\/d73f772ba5a74f28601361e17c2f93e6?s=96&d=mm&r=g","contentUrl":"https:\/\/secure.gravatar.com\/avatar\/d73f772ba5a74f28601361e17c2f93e6?s=96&d=mm&r=g","caption":"Haber Merkezi"},"url":"https:\/\/epochtimestr.com\/index.php\/author\/sendag"}]}},"_links":{"self":[{"href":"https:\/\/epochtimestr.com\/index.php\/wp-json\/wp\/v2\/posts\/171137"}],"collection":[{"href":"https:\/\/epochtimestr.com\/index.php\/wp-json\/wp\/v2\/posts"}],"about":[{"href":"https:\/\/epochtimestr.com\/index.php\/wp-json\/wp\/v2\/types\/post"}],"author":[{"embeddable":true,"href":"https:\/\/epochtimestr.com\/index.php\/wp-json\/wp\/v2\/users\/12791"}],"replies":[{"embeddable":true,"href":"https:\/\/epochtimestr.com\/index.php\/wp-json\/wp\/v2\/comments?post=171137"}],"version-history":[{"count":2,"href":"https:\/\/epochtimestr.com\/index.php\/wp-json\/wp\/v2\/posts\/171137\/revisions"}],"predecessor-version":[{"id":171143,"href":"https:\/\/epochtimestr.com\/index.php\/wp-json\/wp\/v2\/posts\/171137\/revisions\/171143"}],"wp:featuredmedia":[{"embeddable":true,"href":"https:\/\/epochtimestr.com\/index.php\/wp-json\/wp\/v2\/media\/171138"}],"wp:attachment":[{"href":"https:\/\/epochtimestr.com\/index.php\/wp-json\/wp\/v2\/media?parent=171137"}],"wp:term":[{"taxonomy":"category","embeddable":true,"href":"https:\/\/epochtimestr.com\/index.php\/wp-json\/wp\/v2\/categories?post=171137"},{"taxonomy":"post_tag","embeddable":true,"href":"https:\/\/epochtimestr.com\/index.php\/wp-json\/wp\/v2\/tags?post=171137"}],"curies":[{"name":"wp","href":"https:\/\/api.w.org\/{rel}","templated":true}]}}