{"id":171146,"date":"2026-08-30T08:00:00","date_gmt":"2026-08-30T05:00:00","guid":{"rendered":"https:\/\/epochtimestr.com\/?p=171146"},"modified":"2026-08-29T15:09:21","modified_gmt":"2026-08-29T12:09:21","slug":"bu-dansi-bana-lutfeder-misiniz","status":"publish","type":"post","link":"https:\/\/epochtimestr.com\/index.php\/bu-dansi-bana-lutfeder-misiniz","title":{"rendered":"Bu Dans\u0131 Bana L\u00fbtfeder Misiniz?"},"content":{"rendered":"\n<p class=\"has-text-align-right\">g\u00f6zlerini karanl\u0131\u011fa al\u0131\u015ft\u0131rma<br \/>ayd\u0131nl\u0131\u011f\u0131 seviyorum suna su<br \/>Attila \u0130lhan<\/p>\n\n\n\n<p>Bo\u015f bir k\u00e2\u011f\u0131da bak\u0131yorum, bana neler s\u00f6yleyecek diye. Onun s\u00f6ylediklerini size, sizin dilinize \u00e7evirmeye \u00e7al\u0131\u015faca\u011f\u0131m &#8211; ki buna yaz\u0131 yazmak diyorlar.<\/p>\n\n\n\n<p>\u2026<\/p>\n\n\n\n<p>Bo\u015f bir k\u00e2\u011f\u0131da bak\u0131yorum, o da bana bak\u0131yor. Bak\u0131\u015f\u0131yoruz. Bak\u0131\u015fmalar\u0131n karanl\u0131\u011f\u0131nda \u015fu c\u00fcmleler par\u0131ld\u0131yor: <em>\u201cUzun s\u00fcre u\u00e7uruma bakarsan u\u00e7urum da sana bakar.\u201d <\/em>Alman feylesof Friedrich Nietzsche s\u00f6ylemi\u015f bunu. <em>\u201c\u0130nsan k\u00f6t\u00fc bir olayla, tehlikeyle ya da kendi i\u00e7indeki karanl\u0131kla \u00e7ok fazla me\u015fgul oldu\u011funda, bir s\u00fcre sonra o karanl\u0131ktan etkilenmeye ve onun bir par\u00e7as\u0131 haline gelmeye <\/em>ba\u015flar<em>\u201d<\/em> demi\u015f k\u0131saca hazret. Ki\u015finin karanl\u0131kla, nefret edilen \u015feyle veya canavarlarla sava\u015f\u0131rken kendi ahlaki dengesini korumas\u0131 gerekti\u011fi ba\u011flam\u0131nda s\u00f6yledi\u011fi bu ifadeyle, k\u00f6t\u00fcl\u00fc\u011fe ya da kaosa \u00e7ok uzun s\u00fcre odaklan\u0131rsan\u0131z, bir s\u00fcre sonra o karanl\u0131\u011f\u0131n sizin bir par\u00e7an\u0131z haline gelece\u011fini ve ona d\u00f6n\u00fc\u015fece\u011finizi vurgulam\u0131\u015f.<\/p>\n\n\n\n<p>\u2026<\/p>\n\n\n\n<p>G\u00f6zlerimin \u00f6n\u00fcnden ge\u00e7en bu c\u00fcmleyle saniyeler i\u00e7inde be\u015f-alt\u0131 ya\u015flar\u0131ma \u0131\u015f\u0131nlan\u0131yorum.<\/p>\n\n\n\n<p>Mersin\u2019de, Yeni Mahalle\u2019de ya\u015f\u0131yoruz. Mahalledeki evlerin en kabaday\u0131s\u0131 iki katl\u0131. Oturdu\u011fumuz eve yak\u0131n, neredeyse metruk denilecek kadar harabe bir kul\u00fcbede \u00e7ok ya\u015fl\u0131 bir kad\u0131n ya\u015f\u0131yor. Evlatlar\u0131 hay\u0131rs\u0131z \u00e7\u0131km\u0131\u015f, kad\u0131n\u0131 kendi haline b\u0131rak\u0131p gitmi\u015fler, arayan soran\u0131 yok. Yani \u00f6l\u00fcme terk edilmi\u015f, kimsesiz bir ihtiyar. Annem hen\u00fcz yirmili ya\u015flar\u0131nda, gen\u00e7 bir kad\u0131n. O kad\u0131na yemek g\u00f6t\u00fcrmeyi i\u015f edinmi\u015f ama soka\u011fa tek ba\u015f\u0131na \u00e7\u0131kam\u0131yor gece vakti. Hemen her gece beni de yan\u0131na al\u0131yor, c\u0131l\u0131z sokak lambalar\u0131n\u0131n karanl\u0131\u011f\u0131nda o kul\u00fcbeye do\u011fru y\u00fcr\u00fcyoruz. Evimizle o ya\u015fl\u0131 kad\u0131n\u0131n evinin aras\u0131nda bo\u015f bir arsa, arsada daha \u00f6nce dal\u0131ndan d\u00fc\u015f\u00fcp kolumu k\u0131rd\u0131\u011f\u0131m incir a\u011fac\u0131 ve o a\u011fac\u0131 gece vakti bir heyulaya d\u00f6n\u00fc\u015ft\u00fcren zifiri bir karanl\u0131k var. Annem elimden tutmu\u015f, ben o arsan\u0131n oradan ge\u00e7erken y\u00fcz\u00fcm\u00fc oraya d\u00f6nm\u00fcyor, g\u00f6zlerimi kapat\u0131yorum. \u00c7\u00fcnk\u00fc o karanl\u0131\u011fa bakarsam uykuda bekleyen gulyabaniler, cinler, k\u00f6t\u00fc ruhlar birden tetiklenecek, harekete ge\u00e7ecekler, \u00fczerime at\u0131lacaklar. Teyakkuz halindeyim, en b\u00fcy\u00fck silah\u0131m annemin yumu\u015fak elleri, s\u0131ms\u0131k\u0131 kapad\u0131\u011f\u0131m g\u00f6zlerim\u2026<\/p>\n\n\n\n<p>\u2026<\/p>\n\n\n\n<p>Biz, korkuyla hizaya getirilmi\u015f yirmi birinci y\u00fcz y\u0131l\u0131n insanc\u0131klar\u0131, karanl\u0131\u011fa g\u00f6zlerini kapatan o \u00e7ocuk gibiyiz.<\/p>\n\n\n\n<p>Zalim y\u00f6neticilerin zulm\u00fcne, Gazze\u2019de insanl\u0131\u011f\u0131n g\u00f6m\u00fcld\u00fc\u011f\u00fc karanl\u0131\u011fa g\u00f6zlerimizi kapat\u0131yoruz. Biz onlar\u0131 g\u00f6rmezsek onlar da bizi g\u00f6rmeyecek gibi, yok olacaklarm\u0131\u015f gibi\u2026<\/p>\n\n\n\n<p>Zul\u00fcm yokmu\u015f gibi, \u0130srail yokmu\u015f gibi\u2026<\/p>\n\n\n\n<p>\u2026<\/p>\n\n\n\n<p>Karanl\u0131\u011fa g\u00f6zlerini yummak, i\u00e7inde de yeni bir karanl\u0131k \u00fcretmektir oysa. Karanl\u0131\u011f\u0131 koyultmakt\u0131r. Karanl\u0131ktan ka\u00e7arak kurtulamazs\u0131n, pe\u015finden gelir eninde sonunda. Karanl\u0131\u011f\u0131n panzehri \u0131\u015f\u0131k tutmakt\u0131r, ayd\u0131nlatmakt\u0131r. D\u00fcnya tarihi, \u0131\u015f\u0131kla karanl\u0131\u011f\u0131n m\u00fccadelesinin tarihidir. Karanl\u0131\u011f\u0131n yo\u011funla\u015ft\u0131\u011f\u0131 d\u00f6nemler de vard\u0131r, ayd\u0131nl\u0131\u011f\u0131n g\u00f6z kama\u015ft\u0131rd\u0131\u011f\u0131 zamanlar da. \u0130kisi de hep var olacakt\u0131r. G\u00f6lge, \u0131\u015f\u0131kla m\u00fcmk\u00fcnd\u00fcr; karanl\u0131k, \u0131\u015f\u0131\u011fa \u00e7ekilen perdedir.<\/p>\n\n\n\n<p>\u2026<\/p>\n\n\n\n<p>Biz, ac\u0131lar\u0131n olgunla\u015ft\u0131rd\u0131\u011f\u0131 yirmi birinci y\u00fczy\u0131l\u0131n yeti\u015fkinleri; karanl\u0131\u011fa umutla \u0131\u015f\u0131k yakar\u0131z, direni\u015fle, iyiyi, iyili\u011fi g\u00fcndeme almakla. Biz karanl\u0131\u011f\u0131 seyretmeyiz, kar\u015f\u0131s\u0131nda dururuz. Karanl\u0131\u011f\u0131n par\u00e7as\u0131, \u00fcr\u00fcn\u00fc de\u011filiz, olamay\u0131z. Harc\u0131m\u0131z nurla kar\u0131lm\u0131\u015ft\u0131r, zulmet (karanl\u0131k) \u0131\u015f\u0131\u011f\u0131m\u0131zdan ka\u00e7ar.<\/p>\n\n\n\n<p>Biz g\u00fczele d\u00f6neriz y\u00fcz\u00fcm\u00fcz\u00fc, g\u00fcnebakanlar gibi. Korkunun korktu\u011fu ki\u015fileriz, <em>beyaz haberle<\/em>r ta\u015f\u0131r\u0131z ufkumuza.<\/p>\n\n\n\n<p>Zalimlerin y\u00fcz\u00fcnden okuruz korkuyu. Tam donan\u0131ml\u0131, kaskl\u0131, \u00e7elik yelekli \u00fcniformalar\u0131na ra\u011fmen ap\u0131\u015f aralar\u0131n\u0131 korkudan s\u0131r\u0131ls\u0131klam \u0131slatan siyonist askerlerin (!) deh\u015fetinden g\u00f6r\u00fcr\u00fcz.<\/p>\n\n\n\n<p>\u2026<\/p>\n\n\n\n<p>Biz umutla, ne\u015feyle, sevin\u00e7le, diren\u00e7le kar\u015f\u0131s\u0131nda dururuz karanl\u0131\u011f\u0131n; sapanla, halayla, Dabke dans\u0131yla\u2026 meydan okuruz.<\/p>\n\n\n\n<p>\u2026<\/p>\n\n\n\n<p>Dabke dans\u0131\u2026 Ne kadar ac\u0131kl\u0131, ne kadar yi\u011fit\u00e7e, ne kadar h\u00fcz\u00fcnl\u00fc ve umutlu. \u0130zleyin g\u00f6receksiniz. Filistin halk\u0131 enkaza d\u00f6nm\u00fc\u015f \u015fehirlerin y\u0131k\u0131nt\u0131lar\u0131nda, alevler i\u00e7inde, ate\u015flerin \u00fczerinden atlayarak oynuyorlar, zalimle dalga ge\u00e7erek\u2026<\/p>\n\n\n\n<p>Ne zaman izlesem, tutamad\u0131\u011f\u0131m g\u00f6zya\u015flar\u0131m\u0131 elimin tersiyle silerken dudaklar\u0131mdan \u0130smet \u00d6zel d\u00f6k\u00fcl\u00fcyor:<\/p>\n\n\n\n<blockquote class=\"wp-block-quote is-layout-flow wp-block-quote-is-layout-flow\">\n<p>G\u00f6zlerim nemli de\u011fil,<br \/>G\u00f6zlerim namlu.<\/p>\n<\/blockquote>\n","protected":false},"excerpt":{"rendered":"<p>g\u00f6zlerini karanl\u0131\u011fa al\u0131\u015ft\u0131rmaayd\u0131nl\u0131\u011f\u0131 seviyorum suna suAttila \u0130lhan Bo\u015f bir k\u00e2\u011f\u0131da bak\u0131yorum, bana neler s\u00f6yleyecek diye. Onun s\u00f6ylediklerini size, sizin dilinize \u00e7evirmeye \u00e7al\u0131\u015faca\u011f\u0131m &#8211; ki buna yaz\u0131 yazmak diyorlar. \u2026 Bo\u015f bir k\u00e2\u011f\u0131da bak\u0131yorum, o da bana bak\u0131yor. Bak\u0131\u015f\u0131yoruz. Bak\u0131\u015fmalar\u0131n karanl\u0131\u011f\u0131nda \u015fu c\u00fcmleler par\u0131ld\u0131yor: \u201cUzun s\u00fcre u\u00e7uruma bakarsan u\u00e7urum da sana bakar.\u201d Alman feylesof Friedrich Nietzsche [&hellip;]<\/p>\n","protected":false},"author":14002,"featured_media":161248,"comment_status":"open","ping_status":"open","sticky":false,"template":"","format":"standard","meta":{"_yoast_wpseo_focuskw":"dans","_yoast_wpseo_title":"","_yoast_wpseo_metadesc":"Bo\u015f bir k\u00e2\u011f\u0131da bak\u0131yorum, bana neler s\u00f6yleyecek diye. Onun s\u00f6ylediklerini dilinize \u00e7evirmeye \u00e7al\u0131\u015faca\u011f\u0131m - ki buna yaz\u0131 yazmak diyorlar.","_bbp_topic_count":0,"_bbp_reply_count":0,"_bbp_total_topic_count":0,"_bbp_total_reply_count":0,"_bbp_voice_count":0,"_bbp_anonymous_reply_count":0,"_bbp_topic_count_hidden":0,"_bbp_reply_count_hidden":0,"_bbp_forum_subforum_count":0,"footnotes":"","_yoast_wpseo_focuskw_text_input":""},"categories":[9240],"tags":[11729,11761],"yoast_head":"<!-- This site is optimized with the Yoast SEO plugin v23.0 - https:\/\/yoast.com\/wordpress\/plugins\/seo\/ -->\n<title>Bu Dans\u0131 Bana L\u00fbtfeder Misiniz? - The Epoch Times TR<\/title>\n<meta name=\"description\" content=\"Bo\u015f bir k\u00e2\u011f\u0131da bak\u0131yorum, bana neler s\u00f6yleyecek diye. Onun s\u00f6ylediklerini dilinize \u00e7evirmeye \u00e7al\u0131\u015faca\u011f\u0131m - ki buna yaz\u0131 yazmak diyorlar.\" \/>\n<meta name=\"robots\" content=\"index, follow, max-snippet:-1, max-image-preview:large, max-video-preview:-1\" \/>\n<link rel=\"canonical\" href=\"https:\/\/epochtimestr.com\/index.php\/bu-dansi-bana-lutfeder-misiniz\" \/>\n<meta property=\"og:locale\" content=\"tr_TR\" \/>\n<meta property=\"og:type\" content=\"article\" \/>\n<meta property=\"og:title\" content=\"Bu Dans\u0131 Bana L\u00fbtfeder Misiniz? - The Epoch Times TR\" \/>\n<meta property=\"og:description\" content=\"Bo\u015f bir k\u00e2\u011f\u0131da bak\u0131yorum, bana neler s\u00f6yleyecek diye. Onun s\u00f6ylediklerini dilinize \u00e7evirmeye \u00e7al\u0131\u015faca\u011f\u0131m - ki buna yaz\u0131 yazmak diyorlar.\" \/>\n<meta property=\"og:url\" content=\"https:\/\/epochtimestr.com\/index.php\/bu-dansi-bana-lutfeder-misiniz\" \/>\n<meta property=\"og:site_name\" content=\"The Epoch Times TR\" \/>\n<meta property=\"article:publisher\" content=\"https:\/\/www.facebook.com\/theepochtimestr\" \/>\n<meta property=\"article:published_time\" content=\"2026-08-30T05:00:00+00:00\" \/>\n<meta property=\"article:modified_time\" content=\"2026-08-29T12:09:21+00:00\" \/>\n<meta property=\"og:image\" content=\"https:\/\/epochtimestr.com\/wp-content\/uploads\/2011y\/Omer-Karayilan-SM-2.jpg\" \/>\n\t<meta property=\"og:image:width\" content=\"1200\" \/>\n\t<meta property=\"og:image:height\" content=\"630\" \/>\n\t<meta property=\"og:image:type\" content=\"image\/jpeg\" \/>\n<meta name=\"author\" content=\"\u00d6mer Karay\u0131lan\" \/>\n<meta name=\"twitter:card\" content=\"summary_large_image\" \/>\n<meta name=\"twitter:creator\" content=\"@TheEpochTimesTR\" \/>\n<meta name=\"twitter:site\" content=\"@TheEpochTimesTR\" \/>\n<meta name=\"twitter:label1\" content=\"Yazan:\" \/>\n\t<meta name=\"twitter:data1\" content=\"\u00d6mer Karay\u0131lan\" \/>\n\t<meta name=\"twitter:label2\" content=\"Tahmini okuma s\u00fcresi\" \/>\n\t<meta name=\"twitter:data2\" content=\"4 dakika\" \/>\n<script type=\"application\/ld+json\" class=\"yoast-schema-graph\">{\"@context\":\"https:\/\/schema.org\",\"@graph\":[{\"@type\":\"Article\",\"@id\":\"https:\/\/epochtimestr.com\/index.php\/bu-dansi-bana-lutfeder-misiniz#article\",\"isPartOf\":{\"@id\":\"https:\/\/epochtimestr.com\/index.php\/bu-dansi-bana-lutfeder-misiniz\"},\"author\":{\"name\":\"\u00d6mer Karay\u0131lan\",\"@id\":\"https:\/\/epochtimestr.com\/#\/schema\/person\/ee101079be4d8fb9fb88cca6784e219b\"},\"headline\":\"Bu Dans\u0131 Bana L\u00fbtfeder Misiniz?\",\"datePublished\":\"2026-08-30T05:00:00+00:00\",\"dateModified\":\"2026-08-29T12:09:21+00:00\",\"mainEntityOfPage\":{\"@id\":\"https:\/\/epochtimestr.com\/index.php\/bu-dansi-bana-lutfeder-misiniz\"},\"wordCount\":780,\"commentCount\":1,\"publisher\":{\"@id\":\"https:\/\/epochtimestr.com\/#organization\"},\"image\":{\"@id\":\"https:\/\/epochtimestr.com\/index.php\/bu-dansi-bana-lutfeder-misiniz#primaryimage\"},\"thumbnailUrl\":\"https:\/\/epochtimestr.com\/wp-content\/uploads\/2011y\/Karayilan-Profil.png\",\"keywords\":[\"K\u00f6\u015fe\",\"k\u00f6\u015fe edebiyat\"],\"articleSection\":[\"K\u00f6\u015fe Yaz\u0131lar\u0131 \u00d6mer Karay\u0131lan\"],\"inLanguage\":\"tr\",\"potentialAction\":[{\"@type\":\"CommentAction\",\"name\":\"Comment\",\"target\":[\"https:\/\/epochtimestr.com\/index.php\/bu-dansi-bana-lutfeder-misiniz#respond\"]}]},{\"@type\":\"WebPage\",\"@id\":\"https:\/\/epochtimestr.com\/index.php\/bu-dansi-bana-lutfeder-misiniz\",\"url\":\"https:\/\/epochtimestr.com\/index.php\/bu-dansi-bana-lutfeder-misiniz\",\"name\":\"Bu Dans\u0131 Bana L\u00fbtfeder Misiniz? - The Epoch Times TR\",\"isPartOf\":{\"@id\":\"https:\/\/epochtimestr.com\/#website\"},\"primaryImageOfPage\":{\"@id\":\"https:\/\/epochtimestr.com\/index.php\/bu-dansi-bana-lutfeder-misiniz#primaryimage\"},\"image\":{\"@id\":\"https:\/\/epochtimestr.com\/index.php\/bu-dansi-bana-lutfeder-misiniz#primaryimage\"},\"thumbnailUrl\":\"https:\/\/epochtimestr.com\/wp-content\/uploads\/2011y\/Karayilan-Profil.png\",\"datePublished\":\"2026-08-30T05:00:00+00:00\",\"dateModified\":\"2026-08-29T12:09:21+00:00\",\"description\":\"Bo\u015f bir k\u00e2\u011f\u0131da bak\u0131yorum, bana neler s\u00f6yleyecek diye. Onun s\u00f6ylediklerini dilinize \u00e7evirmeye \u00e7al\u0131\u015faca\u011f\u0131m - ki buna yaz\u0131 yazmak diyorlar.\",\"inLanguage\":\"tr\",\"potentialAction\":[{\"@type\":\"ReadAction\",\"target\":[\"https:\/\/epochtimestr.com\/index.php\/bu-dansi-bana-lutfeder-misiniz\"]}]},{\"@type\":\"ImageObject\",\"inLanguage\":\"tr\",\"@id\":\"https:\/\/epochtimestr.com\/index.php\/bu-dansi-bana-lutfeder-misiniz#primaryimage\",\"url\":\"https:\/\/epochtimestr.com\/wp-content\/uploads\/2011y\/Karayilan-Profil.png\",\"contentUrl\":\"https:\/\/epochtimestr.com\/wp-content\/uploads\/2011y\/Karayilan-Profil.png\",\"width\":600,\"height\":600},{\"@type\":\"WebSite\",\"@id\":\"https:\/\/epochtimestr.com\/#website\",\"url\":\"https:\/\/epochtimestr.com\/\",\"name\":\"The Epoch Times TR\",\"description\":\"De\u011fi\u015fen D\u00fcnyam\u0131za Taze Bir Bak\u0131\u015f\",\"publisher\":{\"@id\":\"https:\/\/epochtimestr.com\/#organization\"},\"potentialAction\":[{\"@type\":\"SearchAction\",\"target\":{\"@type\":\"EntryPoint\",\"urlTemplate\":\"https:\/\/epochtimestr.com\/?s={search_term_string}\"},\"query-input\":\"required name=search_term_string\"}],\"inLanguage\":\"tr\"},{\"@type\":\"Organization\",\"@id\":\"https:\/\/epochtimestr.com\/#organization\",\"name\":\"The EpochTimes T\u00fcrkiye\",\"url\":\"https:\/\/epochtimestr.com\/\",\"logo\":{\"@type\":\"ImageObject\",\"inLanguage\":\"tr\",\"@id\":\"https:\/\/epochtimestr.com\/#\/schema\/logo\/image\/\",\"url\":\"https:\/\/epochtimestr.com\/wp-content\/uploads\/2011y\/ET-Logo-YG.jpg\",\"contentUrl\":\"https:\/\/epochtimestr.com\/wp-content\/uploads\/2011y\/ET-Logo-YG.jpg\",\"width\":346,\"height\":29,\"caption\":\"The EpochTimes T\u00fcrkiye\"},\"image\":{\"@id\":\"https:\/\/epochtimestr.com\/#\/schema\/logo\/image\/\"},\"sameAs\":[\"https:\/\/www.facebook.com\/theepochtimestr\",\"https:\/\/x.com\/TheEpochTimesTR\",\"https:\/\/www.instagram.com\/epochtimestr\"]},{\"@type\":\"Person\",\"@id\":\"https:\/\/epochtimestr.com\/#\/schema\/person\/ee101079be4d8fb9fb88cca6784e219b\",\"name\":\"\u00d6mer Karay\u0131lan\",\"image\":{\"@type\":\"ImageObject\",\"inLanguage\":\"tr\",\"@id\":\"https:\/\/epochtimestr.com\/#\/schema\/person\/image\/\",\"url\":\"https:\/\/secure.gravatar.com\/avatar\/23a8932f0189c3fe4c0e2731cb5eb5dd?s=96&d=mm&r=g\",\"contentUrl\":\"https:\/\/secure.gravatar.com\/avatar\/23a8932f0189c3fe4c0e2731cb5eb5dd?s=96&d=mm&r=g\",\"caption\":\"\u00d6mer Karay\u0131lan\"},\"url\":\"https:\/\/epochtimestr.com\/index.php\/author\/omer\"}]}<\/script>\n<!-- \/ Yoast SEO plugin. -->","yoast_head_json":{"title":"Bu Dans\u0131 Bana L\u00fbtfeder Misiniz? - The Epoch Times TR","description":"Bo\u015f bir k\u00e2\u011f\u0131da bak\u0131yorum, bana neler s\u00f6yleyecek diye. Onun s\u00f6ylediklerini dilinize \u00e7evirmeye \u00e7al\u0131\u015faca\u011f\u0131m - ki buna yaz\u0131 yazmak diyorlar.","robots":{"index":"index","follow":"follow","max-snippet":"max-snippet:-1","max-image-preview":"max-image-preview:large","max-video-preview":"max-video-preview:-1"},"canonical":"https:\/\/epochtimestr.com\/index.php\/bu-dansi-bana-lutfeder-misiniz","og_locale":"tr_TR","og_type":"article","og_title":"Bu Dans\u0131 Bana L\u00fbtfeder Misiniz? - The Epoch Times TR","og_description":"Bo\u015f bir k\u00e2\u011f\u0131da bak\u0131yorum, bana neler s\u00f6yleyecek diye. Onun s\u00f6ylediklerini dilinize \u00e7evirmeye \u00e7al\u0131\u015faca\u011f\u0131m - ki buna yaz\u0131 yazmak diyorlar.","og_url":"https:\/\/epochtimestr.com\/index.php\/bu-dansi-bana-lutfeder-misiniz","og_site_name":"The Epoch Times TR","article_publisher":"https:\/\/www.facebook.com\/theepochtimestr","article_published_time":"2026-08-30T05:00:00+00:00","article_modified_time":"2026-08-29T12:09:21+00:00","og_image":[{"width":1200,"height":630,"url":"https:\/\/epochtimestr.com\/wp-content\/uploads\/2011y\/Omer-Karayilan-SM-2.jpg","type":"image\/jpeg"}],"author":"\u00d6mer Karay\u0131lan","twitter_card":"summary_large_image","twitter_creator":"@TheEpochTimesTR","twitter_site":"@TheEpochTimesTR","twitter_misc":{"Yazan:":"\u00d6mer Karay\u0131lan","Tahmini okuma s\u00fcresi":"4 dakika"},"schema":{"@context":"https:\/\/schema.org","@graph":[{"@type":"Article","@id":"https:\/\/epochtimestr.com\/index.php\/bu-dansi-bana-lutfeder-misiniz#article","isPartOf":{"@id":"https:\/\/epochtimestr.com\/index.php\/bu-dansi-bana-lutfeder-misiniz"},"author":{"name":"\u00d6mer Karay\u0131lan","@id":"https:\/\/epochtimestr.com\/#\/schema\/person\/ee101079be4d8fb9fb88cca6784e219b"},"headline":"Bu Dans\u0131 Bana L\u00fbtfeder Misiniz?","datePublished":"2026-08-30T05:00:00+00:00","dateModified":"2026-08-29T12:09:21+00:00","mainEntityOfPage":{"@id":"https:\/\/epochtimestr.com\/index.php\/bu-dansi-bana-lutfeder-misiniz"},"wordCount":780,"commentCount":1,"publisher":{"@id":"https:\/\/epochtimestr.com\/#organization"},"image":{"@id":"https:\/\/epochtimestr.com\/index.php\/bu-dansi-bana-lutfeder-misiniz#primaryimage"},"thumbnailUrl":"https:\/\/epochtimestr.com\/wp-content\/uploads\/2011y\/Karayilan-Profil.png","keywords":["K\u00f6\u015fe","k\u00f6\u015fe edebiyat"],"articleSection":["K\u00f6\u015fe Yaz\u0131lar\u0131 \u00d6mer Karay\u0131lan"],"inLanguage":"tr","potentialAction":[{"@type":"CommentAction","name":"Comment","target":["https:\/\/epochtimestr.com\/index.php\/bu-dansi-bana-lutfeder-misiniz#respond"]}]},{"@type":"WebPage","@id":"https:\/\/epochtimestr.com\/index.php\/bu-dansi-bana-lutfeder-misiniz","url":"https:\/\/epochtimestr.com\/index.php\/bu-dansi-bana-lutfeder-misiniz","name":"Bu Dans\u0131 Bana L\u00fbtfeder Misiniz? - The Epoch Times TR","isPartOf":{"@id":"https:\/\/epochtimestr.com\/#website"},"primaryImageOfPage":{"@id":"https:\/\/epochtimestr.com\/index.php\/bu-dansi-bana-lutfeder-misiniz#primaryimage"},"image":{"@id":"https:\/\/epochtimestr.com\/index.php\/bu-dansi-bana-lutfeder-misiniz#primaryimage"},"thumbnailUrl":"https:\/\/epochtimestr.com\/wp-content\/uploads\/2011y\/Karayilan-Profil.png","datePublished":"2026-08-30T05:00:00+00:00","dateModified":"2026-08-29T12:09:21+00:00","description":"Bo\u015f bir k\u00e2\u011f\u0131da bak\u0131yorum, bana neler s\u00f6yleyecek diye. Onun s\u00f6ylediklerini dilinize \u00e7evirmeye \u00e7al\u0131\u015faca\u011f\u0131m - ki buna yaz\u0131 yazmak diyorlar.","inLanguage":"tr","potentialAction":[{"@type":"ReadAction","target":["https:\/\/epochtimestr.com\/index.php\/bu-dansi-bana-lutfeder-misiniz"]}]},{"@type":"ImageObject","inLanguage":"tr","@id":"https:\/\/epochtimestr.com\/index.php\/bu-dansi-bana-lutfeder-misiniz#primaryimage","url":"https:\/\/epochtimestr.com\/wp-content\/uploads\/2011y\/Karayilan-Profil.png","contentUrl":"https:\/\/epochtimestr.com\/wp-content\/uploads\/2011y\/Karayilan-Profil.png","width":600,"height":600},{"@type":"WebSite","@id":"https:\/\/epochtimestr.com\/#website","url":"https:\/\/epochtimestr.com\/","name":"The Epoch Times TR","description":"De\u011fi\u015fen D\u00fcnyam\u0131za Taze Bir Bak\u0131\u015f","publisher":{"@id":"https:\/\/epochtimestr.com\/#organization"},"potentialAction":[{"@type":"SearchAction","target":{"@type":"EntryPoint","urlTemplate":"https:\/\/epochtimestr.com\/?s={search_term_string}"},"query-input":"required name=search_term_string"}],"inLanguage":"tr"},{"@type":"Organization","@id":"https:\/\/epochtimestr.com\/#organization","name":"The EpochTimes T\u00fcrkiye","url":"https:\/\/epochtimestr.com\/","logo":{"@type":"ImageObject","inLanguage":"tr","@id":"https:\/\/epochtimestr.com\/#\/schema\/logo\/image\/","url":"https:\/\/epochtimestr.com\/wp-content\/uploads\/2011y\/ET-Logo-YG.jpg","contentUrl":"https:\/\/epochtimestr.com\/wp-content\/uploads\/2011y\/ET-Logo-YG.jpg","width":346,"height":29,"caption":"The EpochTimes T\u00fcrkiye"},"image":{"@id":"https:\/\/epochtimestr.com\/#\/schema\/logo\/image\/"},"sameAs":["https:\/\/www.facebook.com\/theepochtimestr","https:\/\/x.com\/TheEpochTimesTR","https:\/\/www.instagram.com\/epochtimestr"]},{"@type":"Person","@id":"https:\/\/epochtimestr.com\/#\/schema\/person\/ee101079be4d8fb9fb88cca6784e219b","name":"\u00d6mer Karay\u0131lan","image":{"@type":"ImageObject","inLanguage":"tr","@id":"https:\/\/epochtimestr.com\/#\/schema\/person\/image\/","url":"https:\/\/secure.gravatar.com\/avatar\/23a8932f0189c3fe4c0e2731cb5eb5dd?s=96&d=mm&r=g","contentUrl":"https:\/\/secure.gravatar.com\/avatar\/23a8932f0189c3fe4c0e2731cb5eb5dd?s=96&d=mm&r=g","caption":"\u00d6mer Karay\u0131lan"},"url":"https:\/\/epochtimestr.com\/index.php\/author\/omer"}]}},"_links":{"self":[{"href":"https:\/\/epochtimestr.com\/index.php\/wp-json\/wp\/v2\/posts\/171146"}],"collection":[{"href":"https:\/\/epochtimestr.com\/index.php\/wp-json\/wp\/v2\/posts"}],"about":[{"href":"https:\/\/epochtimestr.com\/index.php\/wp-json\/wp\/v2\/types\/post"}],"author":[{"embeddable":true,"href":"https:\/\/epochtimestr.com\/index.php\/wp-json\/wp\/v2\/users\/14002"}],"replies":[{"embeddable":true,"href":"https:\/\/epochtimestr.com\/index.php\/wp-json\/wp\/v2\/comments?post=171146"}],"version-history":[{"count":1,"href":"https:\/\/epochtimestr.com\/index.php\/wp-json\/wp\/v2\/posts\/171146\/revisions"}],"predecessor-version":[{"id":171147,"href":"https:\/\/epochtimestr.com\/index.php\/wp-json\/wp\/v2\/posts\/171146\/revisions\/171147"}],"wp:featuredmedia":[{"embeddable":true,"href":"https:\/\/epochtimestr.com\/index.php\/wp-json\/wp\/v2\/media\/161248"}],"wp:attachment":[{"href":"https:\/\/epochtimestr.com\/index.php\/wp-json\/wp\/v2\/media?parent=171146"}],"wp:term":[{"taxonomy":"category","embeddable":true,"href":"https:\/\/epochtimestr.com\/index.php\/wp-json\/wp\/v2\/categories?post=171146"},{"taxonomy":"post_tag","embeddable":true,"href":"https:\/\/epochtimestr.com\/index.php\/wp-json\/wp\/v2\/tags?post=171146"}],"curies":[{"name":"wp","href":"https:\/\/api.w.org\/{rel}","templated":true}]}}