{"id":171153,"date":"2026-08-29T17:45:41","date_gmt":"2026-08-29T14:45:41","guid":{"rendered":"https:\/\/epochtimestr.com\/?p=171153"},"modified":"2026-08-29T17:45:44","modified_gmt":"2026-08-29T14:45:44","slug":"avustralya-nepal-icin-5-milyon-dolarlik-yardim-acikladi","status":"publish","type":"post","link":"https:\/\/epochtimestr.com\/index.php\/avustralya-nepal-icin-5-milyon-dolarlik-yardim-acikladi","title":{"rendered":"Avustralya Nepal \u0130\u00e7in 5 Milyon Dolarl\u0131k Yard\u0131m A\u00e7\u0131klad\u0131"},"content":{"rendered":"<div class=\"wp-block-image\">\n<figure class=\"aligncenter size-full\"><img loading=\"lazy\" decoding=\"async\" width=\"1200\" height=\"800\" src=\"https:\/\/epochtimestr.com\/wp-content\/uploads\/2011y\/1000054071.webp\" alt=\"Avustralya, Nepal ve Tibet\u2019teki sel felaketi i\u00e7in 5 milyon dolar yard\u0131m a\u00e7\u0131klad\u0131. Nepal\u2019de 39 Avustralyal\u0131dan haber al\u0131nam\u0131yor. 27 A\u011fustos 2026'da Nepal'in Nuwakot b\u00f6lgesindeki Bidur Belediyesi'ne ba\u011fl\u0131 Devighat'ta, sel sonras\u0131 \u00e7amur alt\u0131nda kalan evler.\" class=\"wp-image-171154\" srcset=\"https:\/\/epochtimestr.com\/wp-content\/uploads\/2011y\/1000054071.webp 1200w, https:\/\/epochtimestr.com\/wp-content\/uploads\/2011y\/1000054071-300x200.webp 300w, https:\/\/epochtimestr.com\/wp-content\/uploads\/2011y\/1000054071-150x100.webp 150w, https:\/\/epochtimestr.com\/wp-content\/uploads\/2011y\/1000054071-768x512.webp 768w\" sizes=\"(max-width: 1200px) 100vw, 1200px\" \/><figcaption class=\"wp-element-caption\">Avustralya, Nepal ve Tibet\u2019teki sel felaketi i\u00e7in 5 milyon dolar yard\u0131m a\u00e7\u0131klad\u0131. Nepal\u2019de 39 Avustralyal\u0131dan haber al\u0131nam\u0131yor. 27 A\u011fustos 2026&#8217;da Nepal&#8217;in Nuwakot b\u00f6lgesindeki Bidur Belediyesi&#8217;ne ba\u011fl\u0131 Devighat&#8217;ta, sel sonras\u0131 \u00e7amur alt\u0131nda kalan evler. (Foto\u011fraf: Prabin Ranabhat, AFP &#8211; Getty Images, The Epoch Times arac\u0131l\u0131\u011f\u0131yla)<\/figcaption><\/figure><\/div>\n\n\n<p>Avustralya, Nepal ve Tibet b\u00f6lgesindeki sel felaketi i\u00e7in 5 milyon dolar yard\u0131m sa\u011flayacak. Avustralya D\u0131\u015fi\u015fleri Bakan\u0131 Penny Wong, Nepal\u2019de  h\u00e2l\u00e2 haber al\u0131namayan <a href=\"https:\/\/www.theepochtimes.com\/world\/australian-foreign-minister-penny-wong-provides-5-million-to-nepal-tibet-floods-as-missing-australians-hit-39-post-6080554\" target=\"_blank\" rel=\"noreferrer noopener\">39 Avustralyal\u0131dan<\/a> Avustralyal\u0131lar\u0131n durumunu belirlemeye \u00e7al\u0131\u015ft\u0131klar\u0131n\u0131 a\u00e7\u0131klad\u0131. Wong, h\u00fck\u00fcmetin kay\u0131p ki\u015filer hakk\u0131nda \u00f6zel bilgi toplamaya \u00e7al\u0131\u015ft\u0131\u011f\u0131n\u0131 s\u00f6yledi. Ayr\u0131ca b\u00f6lgeye daha fazla kaynak g\u00f6nderilmesi i\u00e7in \u00e7al\u0131\u015fmalar s\u00fcr\u00fcyor.<\/p>\n\n\n\n<p>Yard\u0131m paketinin 2 milyon dolar\u0131 D\u00fcnya G\u0131da Program\u0131, 2 milyon dolar Avustralya kurumlar\u0131 arac\u0131l\u0131\u011f\u0131yla afet b\u00f6lgesine ula\u015facak. Kalan 1 milyon dolar ise Emergency Action Alliance arac\u0131l\u0131\u011f\u0131yla sa\u011flanacak. Avustralya h\u00fck\u00fcmetinin b\u00f6lgeye g\u00f6nderece\u011fi afet ileti\u015fimi konusunda deneyimli h\u0131zl\u0131 m\u00fcdahale ekibi, 48 saat i\u00e7inde Nepal\u2019e ula\u015facak.<\/p>\n\n\n\n<p>Avustralya \u015fu anda 20 yetkilisinin Katmandu\u2019da g\u00f6rev yapt\u0131\u011f\u0131n\u0131, ihtiya\u00e7 halinde personel say\u0131s\u0131n\u0131n art\u0131r\u0131laca\u011f\u0131n\u0131 bildirdi. \u00d6te yandan Avustralya\u2019n\u0131n konsolosluk acil yard\u0131m merkezine ba\u015fvurular s\u00fcr\u00fcyor. Kay\u0131p ki\u015filerin durumunu belirlemek b\u00f6lgeye g\u00f6nderilen ekipler, edindikleri bilgileri ailelerle payla\u015f\u0131yor.<\/p>\n\n\n\n<p>Avustralya Ba\u015fbakan\u0131 Anthony Albanese, Avustralya\u2019n\u0131n kriz uzmanlar\u0131 g\u00f6nderece\u011fini a\u00e7\u0131klad\u0131. Bununla birlikte yard\u0131m kapsam\u0131nda g\u0131da, acil bar\u0131nma ve t\u0131bbi destek yola \u00e7\u0131kt\u0131. Avustralya muhalefeti de h\u00fck\u00fcmetin \u00e7al\u0131\u015fmalar\u0131na destek verdi. G\u00f6lge D\u0131\u015fi\u015fleri Bakan\u0131 Ted O\u2019Brien, h\u00fck\u00fcmetin do\u011fru \u015fekilde hareket etti\u011fini s\u00f6yledi. O\u2019Brien ayr\u0131ca ya\u015fananlar\u0131 b\u00fcy\u00fck bir trajedi oldu\u011funu ifade etti.<\/p>\n\n\n\n<p>Nepal\u2019den gelen haberlere g\u00f6re can kayb\u0131 389\u2019a y\u00fckseldi ve en az 466 yaral\u0131 var. Ayr\u0131ca b\u00f6lgede haber al\u0131namayan, 500\u2019den fazlas\u0131 yabanc\u0131 turist ve gezgin, <a href=\"https:\/\/epochtimestr.com\/index.php\/turk-rehber-nepaldeki-sel-felaketinde-kayboldu\" target=\"_blank\" rel=\"noreferrer noopener\">1.400 ki\u015fi<\/a> var. <\/p>\n\n\n\n<p>26 A\u011fustos\u2019ta Himalayalar\u2019daki b\u00fcy\u00fck bir buzul k\u00fctlesi kopmu\u015ftu. Ard\u0131ndan meydana gelen heyelan, Trishuli ve Bhote Koshi nehirlerinde b\u00fcy\u00fck sele yol a\u00e7m\u0131\u015ft\u0131.<\/p>\n","protected":false},"excerpt":{"rendered":"<p>Avustralya, Nepal ve Tibet b\u00f6lgesindeki sel felaketi i\u00e7in 5 milyon dolar yard\u0131m sa\u011flayacak. Avustralya D\u0131\u015fi\u015fleri Bakan\u0131 Penny Wong, Nepal\u2019de h\u00e2l\u00e2 haber al\u0131namayan 39 Avustralyal\u0131dan Avustralyal\u0131lar\u0131n durumunu belirlemeye \u00e7al\u0131\u015ft\u0131klar\u0131n\u0131 a\u00e7\u0131klad\u0131. Wong, h\u00fck\u00fcmetin kay\u0131p ki\u015filer hakk\u0131nda \u00f6zel bilgi toplamaya \u00e7al\u0131\u015ft\u0131\u011f\u0131n\u0131 s\u00f6yledi. Ayr\u0131ca b\u00f6lgeye daha fazla kaynak g\u00f6nderilmesi i\u00e7in \u00e7al\u0131\u015fmalar s\u00fcr\u00fcyor. Yard\u0131m paketinin 2 milyon dolar\u0131 D\u00fcnya G\u0131da [&hellip;]<\/p>\n","protected":false},"author":13996,"featured_media":171154,"comment_status":"open","ping_status":"open","sticky":false,"template":"","format":"standard","meta":{"_yoast_wpseo_focuskw":"Avustralya - Nepal","_yoast_wpseo_title":"","_yoast_wpseo_metadesc":"Avustralya, Nepal ve Tibet\u2019teki sel felaketi i\u00e7in 5 milyon dolar yard\u0131m a\u00e7\u0131klad\u0131. Nepal\u2019de 39 Avustralyal\u0131dan haber al\u0131nam\u0131yor.","_bbp_topic_count":0,"_bbp_reply_count":0,"_bbp_total_topic_count":0,"_bbp_total_reply_count":0,"_bbp_voice_count":0,"_bbp_anonymous_reply_count":0,"_bbp_topic_count_hidden":0,"_bbp_reply_count_hidden":0,"_bbp_forum_subforum_count":0,"footnotes":"","_yoast_wpseo_focuskw_text_input":""},"categories":[5,1,8138],"tags":[12512,407,6983,170,404,12510,403,12511],"yoast_head":"<!-- This site is optimized with the Yoast SEO plugin v23.0 - https:\/\/yoast.com\/wordpress\/plugins\/seo\/ -->\n<title>Avustralya Nepal \u0130\u00e7in 5 Milyon Dolarl\u0131k Yard\u0131m A\u00e7\u0131klad\u0131 - The Epoch Times TR<\/title>\n<meta name=\"description\" content=\"Avustralya, Nepal ve Tibet\u2019teki sel felaketi i\u00e7in 5 milyon dolar yard\u0131m a\u00e7\u0131klad\u0131. Nepal\u2019de 39 Avustralyal\u0131dan haber al\u0131nam\u0131yor.\" \/>\n<meta name=\"robots\" content=\"index, follow, max-snippet:-1, max-image-preview:large, max-video-preview:-1\" \/>\n<link rel=\"canonical\" href=\"https:\/\/epochtimestr.com\/index.php\/avustralya-nepal-icin-5-milyon-dolarlik-yardim-acikladi\" \/>\n<meta property=\"og:locale\" content=\"tr_TR\" \/>\n<meta property=\"og:type\" content=\"article\" \/>\n<meta property=\"og:title\" content=\"Avustralya Nepal \u0130\u00e7in 5 Milyon Dolarl\u0131k Yard\u0131m A\u00e7\u0131klad\u0131 - The Epoch Times TR\" \/>\n<meta property=\"og:description\" content=\"Avustralya, Nepal ve Tibet\u2019teki sel felaketi i\u00e7in 5 milyon dolar yard\u0131m a\u00e7\u0131klad\u0131. Nepal\u2019de 39 Avustralyal\u0131dan haber al\u0131nam\u0131yor.\" \/>\n<meta property=\"og:url\" content=\"https:\/\/epochtimestr.com\/index.php\/avustralya-nepal-icin-5-milyon-dolarlik-yardim-acikladi\" \/>\n<meta property=\"og:site_name\" content=\"The Epoch Times TR\" \/>\n<meta property=\"article:publisher\" content=\"https:\/\/www.facebook.com\/theepochtimestr\" \/>\n<meta property=\"article:published_time\" content=\"2026-08-29T14:45:41+00:00\" \/>\n<meta property=\"article:modified_time\" content=\"2026-08-29T14:45:44+00:00\" \/>\n<meta property=\"og:image\" content=\"https:\/\/epochtimestr.com\/wp-content\/uploads\/2011y\/1000054071.webp\" \/>\n\t<meta property=\"og:image:width\" content=\"1200\" \/>\n\t<meta property=\"og:image:height\" content=\"800\" \/>\n\t<meta property=\"og:image:type\" content=\"image\/webp\" \/>\n<meta name=\"author\" content=\"Leo Bajelan\" \/>\n<meta name=\"twitter:card\" content=\"summary_large_image\" \/>\n<meta name=\"twitter:creator\" content=\"@TheEpochTimesTR\" \/>\n<meta name=\"twitter:site\" content=\"@TheEpochTimesTR\" \/>\n<meta name=\"twitter:label1\" content=\"Yazan:\" \/>\n\t<meta name=\"twitter:data1\" content=\"Leo Bajelan\" \/>\n\t<meta name=\"twitter:label2\" content=\"Tahmini okuma s\u00fcresi\" \/>\n\t<meta name=\"twitter:data2\" content=\"2 dakika\" \/>\n<script type=\"application\/ld+json\" class=\"yoast-schema-graph\">{\"@context\":\"https:\/\/schema.org\",\"@graph\":[{\"@type\":\"Article\",\"@id\":\"https:\/\/epochtimestr.com\/index.php\/avustralya-nepal-icin-5-milyon-dolarlik-yardim-acikladi#article\",\"isPartOf\":{\"@id\":\"https:\/\/epochtimestr.com\/index.php\/avustralya-nepal-icin-5-milyon-dolarlik-yardim-acikladi\"},\"author\":{\"name\":\"Leo Bajelan\",\"@id\":\"https:\/\/epochtimestr.com\/#\/schema\/person\/5fef218711d76d8f232b0e1f1d7e4c0d\"},\"headline\":\"Avustralya Nepal \u0130\u00e7in 5 Milyon Dolarl\u0131k Yard\u0131m A\u00e7\u0131klad\u0131\",\"datePublished\":\"2026-08-29T14:45:41+00:00\",\"dateModified\":\"2026-08-29T14:45:44+00:00\",\"mainEntityOfPage\":{\"@id\":\"https:\/\/epochtimestr.com\/index.php\/avustralya-nepal-icin-5-milyon-dolarlik-yardim-acikladi\"},\"wordCount\":398,\"commentCount\":0,\"publisher\":{\"@id\":\"https:\/\/epochtimestr.com\/#organization\"},\"image\":{\"@id\":\"https:\/\/epochtimestr.com\/index.php\/avustralya-nepal-icin-5-milyon-dolarlik-yardim-acikladi#primaryimage\"},\"thumbnailUrl\":\"https:\/\/epochtimestr.com\/wp-content\/uploads\/2011y\/1000054071.webp\",\"keywords\":[\"1400 ki\u015fi kay\u0131p\",\"ABD\",\"AVUSTRAlya\",\"\u00c7in\",\"Hindistan\",\"Nepal felaketi\",\"Tibet\",\"Yard\u0131m ihtiyac\u0131\"],\"articleSection\":[\"D\u00dcNYA\",\"G\u00dcNDEM\",\"MAN\u015eET\"],\"inLanguage\":\"tr\",\"potentialAction\":[{\"@type\":\"CommentAction\",\"name\":\"Comment\",\"target\":[\"https:\/\/epochtimestr.com\/index.php\/avustralya-nepal-icin-5-milyon-dolarlik-yardim-acikladi#respond\"]}]},{\"@type\":\"WebPage\",\"@id\":\"https:\/\/epochtimestr.com\/index.php\/avustralya-nepal-icin-5-milyon-dolarlik-yardim-acikladi\",\"url\":\"https:\/\/epochtimestr.com\/index.php\/avustralya-nepal-icin-5-milyon-dolarlik-yardim-acikladi\",\"name\":\"Avustralya Nepal \u0130\u00e7in 5 Milyon Dolarl\u0131k Yard\u0131m A\u00e7\u0131klad\u0131 - The Epoch Times TR\",\"isPartOf\":{\"@id\":\"https:\/\/epochtimestr.com\/#website\"},\"primaryImageOfPage\":{\"@id\":\"https:\/\/epochtimestr.com\/index.php\/avustralya-nepal-icin-5-milyon-dolarlik-yardim-acikladi#primaryimage\"},\"image\":{\"@id\":\"https:\/\/epochtimestr.com\/index.php\/avustralya-nepal-icin-5-milyon-dolarlik-yardim-acikladi#primaryimage\"},\"thumbnailUrl\":\"https:\/\/epochtimestr.com\/wp-content\/uploads\/2011y\/1000054071.webp\",\"datePublished\":\"2026-08-29T14:45:41+00:00\",\"dateModified\":\"2026-08-29T14:45:44+00:00\",\"description\":\"Avustralya, Nepal ve Tibet\u2019teki sel felaketi i\u00e7in 5 milyon dolar yard\u0131m a\u00e7\u0131klad\u0131. Nepal\u2019de 39 Avustralyal\u0131dan haber al\u0131nam\u0131yor.\",\"inLanguage\":\"tr\",\"potentialAction\":[{\"@type\":\"ReadAction\",\"target\":[\"https:\/\/epochtimestr.com\/index.php\/avustralya-nepal-icin-5-milyon-dolarlik-yardim-acikladi\"]}]},{\"@type\":\"ImageObject\",\"inLanguage\":\"tr\",\"@id\":\"https:\/\/epochtimestr.com\/index.php\/avustralya-nepal-icin-5-milyon-dolarlik-yardim-acikladi#primaryimage\",\"url\":\"https:\/\/epochtimestr.com\/wp-content\/uploads\/2011y\/1000054071.webp\",\"contentUrl\":\"https:\/\/epochtimestr.com\/wp-content\/uploads\/2011y\/1000054071.webp\",\"width\":1200,\"height\":800},{\"@type\":\"WebSite\",\"@id\":\"https:\/\/epochtimestr.com\/#website\",\"url\":\"https:\/\/epochtimestr.com\/\",\"name\":\"The Epoch Times TR\",\"description\":\"De\u011fi\u015fen D\u00fcnyam\u0131za Taze Bir Bak\u0131\u015f\",\"publisher\":{\"@id\":\"https:\/\/epochtimestr.com\/#organization\"},\"potentialAction\":[{\"@type\":\"SearchAction\",\"target\":{\"@type\":\"EntryPoint\",\"urlTemplate\":\"https:\/\/epochtimestr.com\/?s={search_term_string}\"},\"query-input\":\"required name=search_term_string\"}],\"inLanguage\":\"tr\"},{\"@type\":\"Organization\",\"@id\":\"https:\/\/epochtimestr.com\/#organization\",\"name\":\"The EpochTimes T\u00fcrkiye\",\"url\":\"https:\/\/epochtimestr.com\/\",\"logo\":{\"@type\":\"ImageObject\",\"inLanguage\":\"tr\",\"@id\":\"https:\/\/epochtimestr.com\/#\/schema\/logo\/image\/\",\"url\":\"https:\/\/epochtimestr.com\/wp-content\/uploads\/2011y\/ET-Logo-YG.jpg\",\"contentUrl\":\"https:\/\/epochtimestr.com\/wp-content\/uploads\/2011y\/ET-Logo-YG.jpg\",\"width\":346,\"height\":29,\"caption\":\"The EpochTimes T\u00fcrkiye\"},\"image\":{\"@id\":\"https:\/\/epochtimestr.com\/#\/schema\/logo\/image\/\"},\"sameAs\":[\"https:\/\/www.facebook.com\/theepochtimestr\",\"https:\/\/x.com\/TheEpochTimesTR\",\"https:\/\/www.instagram.com\/epochtimestr\"]},{\"@type\":\"Person\",\"@id\":\"https:\/\/epochtimestr.com\/#\/schema\/person\/5fef218711d76d8f232b0e1f1d7e4c0d\",\"name\":\"Leo Bajelan\",\"image\":{\"@type\":\"ImageObject\",\"inLanguage\":\"tr\",\"@id\":\"https:\/\/epochtimestr.com\/#\/schema\/person\/image\/\",\"url\":\"https:\/\/secure.gravatar.com\/avatar\/917669146f489549e548a2e9af272df5?s=96&d=mm&r=g\",\"contentUrl\":\"https:\/\/secure.gravatar.com\/avatar\/917669146f489549e548a2e9af272df5?s=96&d=mm&r=g\",\"caption\":\"Leo Bajelan\"},\"url\":\"https:\/\/epochtimestr.com\/index.php\/author\/leo\"}]}<\/script>\n<!-- \/ Yoast SEO plugin. -->","yoast_head_json":{"title":"Avustralya Nepal \u0130\u00e7in 5 Milyon Dolarl\u0131k Yard\u0131m A\u00e7\u0131klad\u0131 - The Epoch Times TR","description":"Avustralya, Nepal ve Tibet\u2019teki sel felaketi i\u00e7in 5 milyon dolar yard\u0131m a\u00e7\u0131klad\u0131. Nepal\u2019de 39 Avustralyal\u0131dan haber al\u0131nam\u0131yor.","robots":{"index":"index","follow":"follow","max-snippet":"max-snippet:-1","max-image-preview":"max-image-preview:large","max-video-preview":"max-video-preview:-1"},"canonical":"https:\/\/epochtimestr.com\/index.php\/avustralya-nepal-icin-5-milyon-dolarlik-yardim-acikladi","og_locale":"tr_TR","og_type":"article","og_title":"Avustralya Nepal \u0130\u00e7in 5 Milyon Dolarl\u0131k Yard\u0131m A\u00e7\u0131klad\u0131 - The Epoch Times TR","og_description":"Avustralya, Nepal ve Tibet\u2019teki sel felaketi i\u00e7in 5 milyon dolar yard\u0131m a\u00e7\u0131klad\u0131. Nepal\u2019de 39 Avustralyal\u0131dan haber al\u0131nam\u0131yor.","og_url":"https:\/\/epochtimestr.com\/index.php\/avustralya-nepal-icin-5-milyon-dolarlik-yardim-acikladi","og_site_name":"The Epoch Times TR","article_publisher":"https:\/\/www.facebook.com\/theepochtimestr","article_published_time":"2026-08-29T14:45:41+00:00","article_modified_time":"2026-08-29T14:45:44+00:00","og_image":[{"width":1200,"height":800,"url":"https:\/\/epochtimestr.com\/wp-content\/uploads\/2011y\/1000054071.webp","type":"image\/webp"}],"author":"Leo Bajelan","twitter_card":"summary_large_image","twitter_creator":"@TheEpochTimesTR","twitter_site":"@TheEpochTimesTR","twitter_misc":{"Yazan:":"Leo Bajelan","Tahmini okuma s\u00fcresi":"2 dakika"},"schema":{"@context":"https:\/\/schema.org","@graph":[{"@type":"Article","@id":"https:\/\/epochtimestr.com\/index.php\/avustralya-nepal-icin-5-milyon-dolarlik-yardim-acikladi#article","isPartOf":{"@id":"https:\/\/epochtimestr.com\/index.php\/avustralya-nepal-icin-5-milyon-dolarlik-yardim-acikladi"},"author":{"name":"Leo Bajelan","@id":"https:\/\/epochtimestr.com\/#\/schema\/person\/5fef218711d76d8f232b0e1f1d7e4c0d"},"headline":"Avustralya Nepal \u0130\u00e7in 5 Milyon Dolarl\u0131k Yard\u0131m A\u00e7\u0131klad\u0131","datePublished":"2026-08-29T14:45:41+00:00","dateModified":"2026-08-29T14:45:44+00:00","mainEntityOfPage":{"@id":"https:\/\/epochtimestr.com\/index.php\/avustralya-nepal-icin-5-milyon-dolarlik-yardim-acikladi"},"wordCount":398,"commentCount":0,"publisher":{"@id":"https:\/\/epochtimestr.com\/#organization"},"image":{"@id":"https:\/\/epochtimestr.com\/index.php\/avustralya-nepal-icin-5-milyon-dolarlik-yardim-acikladi#primaryimage"},"thumbnailUrl":"https:\/\/epochtimestr.com\/wp-content\/uploads\/2011y\/1000054071.webp","keywords":["1400 ki\u015fi kay\u0131p","ABD","AVUSTRAlya","\u00c7in","Hindistan","Nepal felaketi","Tibet","Yard\u0131m ihtiyac\u0131"],"articleSection":["D\u00dcNYA","G\u00dcNDEM","MAN\u015eET"],"inLanguage":"tr","potentialAction":[{"@type":"CommentAction","name":"Comment","target":["https:\/\/epochtimestr.com\/index.php\/avustralya-nepal-icin-5-milyon-dolarlik-yardim-acikladi#respond"]}]},{"@type":"WebPage","@id":"https:\/\/epochtimestr.com\/index.php\/avustralya-nepal-icin-5-milyon-dolarlik-yardim-acikladi","url":"https:\/\/epochtimestr.com\/index.php\/avustralya-nepal-icin-5-milyon-dolarlik-yardim-acikladi","name":"Avustralya Nepal \u0130\u00e7in 5 Milyon Dolarl\u0131k Yard\u0131m A\u00e7\u0131klad\u0131 - The Epoch Times TR","isPartOf":{"@id":"https:\/\/epochtimestr.com\/#website"},"primaryImageOfPage":{"@id":"https:\/\/epochtimestr.com\/index.php\/avustralya-nepal-icin-5-milyon-dolarlik-yardim-acikladi#primaryimage"},"image":{"@id":"https:\/\/epochtimestr.com\/index.php\/avustralya-nepal-icin-5-milyon-dolarlik-yardim-acikladi#primaryimage"},"thumbnailUrl":"https:\/\/epochtimestr.com\/wp-content\/uploads\/2011y\/1000054071.webp","datePublished":"2026-08-29T14:45:41+00:00","dateModified":"2026-08-29T14:45:44+00:00","description":"Avustralya, Nepal ve Tibet\u2019teki sel felaketi i\u00e7in 5 milyon dolar yard\u0131m a\u00e7\u0131klad\u0131. Nepal\u2019de 39 Avustralyal\u0131dan haber al\u0131nam\u0131yor.","inLanguage":"tr","potentialAction":[{"@type":"ReadAction","target":["https:\/\/epochtimestr.com\/index.php\/avustralya-nepal-icin-5-milyon-dolarlik-yardim-acikladi"]}]},{"@type":"ImageObject","inLanguage":"tr","@id":"https:\/\/epochtimestr.com\/index.php\/avustralya-nepal-icin-5-milyon-dolarlik-yardim-acikladi#primaryimage","url":"https:\/\/epochtimestr.com\/wp-content\/uploads\/2011y\/1000054071.webp","contentUrl":"https:\/\/epochtimestr.com\/wp-content\/uploads\/2011y\/1000054071.webp","width":1200,"height":800},{"@type":"WebSite","@id":"https:\/\/epochtimestr.com\/#website","url":"https:\/\/epochtimestr.com\/","name":"The Epoch Times TR","description":"De\u011fi\u015fen D\u00fcnyam\u0131za Taze Bir Bak\u0131\u015f","publisher":{"@id":"https:\/\/epochtimestr.com\/#organization"},"potentialAction":[{"@type":"SearchAction","target":{"@type":"EntryPoint","urlTemplate":"https:\/\/epochtimestr.com\/?s={search_term_string}"},"query-input":"required name=search_term_string"}],"inLanguage":"tr"},{"@type":"Organization","@id":"https:\/\/epochtimestr.com\/#organization","name":"The EpochTimes T\u00fcrkiye","url":"https:\/\/epochtimestr.com\/","logo":{"@type":"ImageObject","inLanguage":"tr","@id":"https:\/\/epochtimestr.com\/#\/schema\/logo\/image\/","url":"https:\/\/epochtimestr.com\/wp-content\/uploads\/2011y\/ET-Logo-YG.jpg","contentUrl":"https:\/\/epochtimestr.com\/wp-content\/uploads\/2011y\/ET-Logo-YG.jpg","width":346,"height":29,"caption":"The EpochTimes T\u00fcrkiye"},"image":{"@id":"https:\/\/epochtimestr.com\/#\/schema\/logo\/image\/"},"sameAs":["https:\/\/www.facebook.com\/theepochtimestr","https:\/\/x.com\/TheEpochTimesTR","https:\/\/www.instagram.com\/epochtimestr"]},{"@type":"Person","@id":"https:\/\/epochtimestr.com\/#\/schema\/person\/5fef218711d76d8f232b0e1f1d7e4c0d","name":"Leo Bajelan","image":{"@type":"ImageObject","inLanguage":"tr","@id":"https:\/\/epochtimestr.com\/#\/schema\/person\/image\/","url":"https:\/\/secure.gravatar.com\/avatar\/917669146f489549e548a2e9af272df5?s=96&d=mm&r=g","contentUrl":"https:\/\/secure.gravatar.com\/avatar\/917669146f489549e548a2e9af272df5?s=96&d=mm&r=g","caption":"Leo Bajelan"},"url":"https:\/\/epochtimestr.com\/index.php\/author\/leo"}]}},"_links":{"self":[{"href":"https:\/\/epochtimestr.com\/index.php\/wp-json\/wp\/v2\/posts\/171153"}],"collection":[{"href":"https:\/\/epochtimestr.com\/index.php\/wp-json\/wp\/v2\/posts"}],"about":[{"href":"https:\/\/epochtimestr.com\/index.php\/wp-json\/wp\/v2\/types\/post"}],"author":[{"embeddable":true,"href":"https:\/\/epochtimestr.com\/index.php\/wp-json\/wp\/v2\/users\/13996"}],"replies":[{"embeddable":true,"href":"https:\/\/epochtimestr.com\/index.php\/wp-json\/wp\/v2\/comments?post=171153"}],"version-history":[{"count":2,"href":"https:\/\/epochtimestr.com\/index.php\/wp-json\/wp\/v2\/posts\/171153\/revisions"}],"predecessor-version":[{"id":171167,"href":"https:\/\/epochtimestr.com\/index.php\/wp-json\/wp\/v2\/posts\/171153\/revisions\/171167"}],"wp:featuredmedia":[{"embeddable":true,"href":"https:\/\/epochtimestr.com\/index.php\/wp-json\/wp\/v2\/media\/171154"}],"wp:attachment":[{"href":"https:\/\/epochtimestr.com\/index.php\/wp-json\/wp\/v2\/media?parent=171153"}],"wp:term":[{"taxonomy":"category","embeddable":true,"href":"https:\/\/epochtimestr.com\/index.php\/wp-json\/wp\/v2\/categories?post=171153"},{"taxonomy":"post_tag","embeddable":true,"href":"https:\/\/epochtimestr.com\/index.php\/wp-json\/wp\/v2\/tags?post=171153"}],"curies":[{"name":"wp","href":"https:\/\/api.w.org\/{rel}","templated":true}]}}