{"id":171158,"date":"2026-08-29T18:13:52","date_gmt":"2026-08-29T15:13:52","guid":{"rendered":"https:\/\/epochtimestr.com\/?p=171158"},"modified":"2026-08-29T18:13:54","modified_gmt":"2026-08-29T15:13:54","slug":"j-p-morgan-raporuna-gore-kuresel-gida-krizi-kapida","status":"publish","type":"post","link":"https:\/\/epochtimestr.com\/index.php\/j-p-morgan-raporuna-gore-kuresel-gida-krizi-kapida","title":{"rendered":"J.P.Morgan Raporuna G\u00f6re K\u00fcresel G\u0131da Krizi Kap\u0131da"},"content":{"rendered":"<div class=\"wp-block-image\">\n<figure class=\"aligncenter size-full\"><img loading=\"lazy\" decoding=\"async\" width=\"1280\" height=\"873\" src=\"https:\/\/epochtimestr.com\/wp-content\/uploads\/2011y\/morion.jpg\" alt=\"J.P.Morgan Global Research'\u00fcn ara\u015ft\u0131rmas\u0131na g\u00f6re k\u00fcresel g\u0131da tedarik krizi kap\u0131da. (Foto\u011fraf: morion, Pixabay)\" class=\"wp-image-171159\" srcset=\"https:\/\/epochtimestr.com\/wp-content\/uploads\/2011y\/morion.jpg 1280w, https:\/\/epochtimestr.com\/wp-content\/uploads\/2011y\/morion-300x205.jpg 300w, https:\/\/epochtimestr.com\/wp-content\/uploads\/2011y\/morion-150x102.jpg 150w, https:\/\/epochtimestr.com\/wp-content\/uploads\/2011y\/morion-768x524.jpg 768w\" sizes=\"(max-width: 1280px) 100vw, 1280px\" \/><figcaption class=\"wp-element-caption\">J.P.Morgan Global Research&#8217;\u00fcn ara\u015ft\u0131rmas\u0131na g\u00f6re k\u00fcresel g\u0131da tedarik krizi kap\u0131da. (Foto\u011fraf: morion, Pixabay)<\/figcaption><\/figure><\/div>\n\n\n<h2 class=\"wp-block-heading\">J.P.Morgan raporuna g\u00f6re, k\u00fcresel g\u0131da enflasyonu %2,8 seviyesinden 2027&#8217;nin ba\u015flar\u0131nda %5 seviyesine y\u00fckselecek.<\/h2>\n\n\n\n<p>J.P. Morgan, \u00f6n\u00fcm\u00fczdeki y\u0131l i\u00e7inde b\u00fcy\u00fck \u00f6l\u00e7ekli bir <a href=\"https:\/\/epochtimestr.com\/index.php\/kuresel-gida-fiyatlari-son-35-yilin-zirvesine-cikti\" target=\"_blank\" rel=\"noreferrer noopener\">k\u00fcresel g\u0131da<\/a> tedarik krizinin d\u00fcnyay\u0131 vurabilece\u011fini s\u00f6yl\u00fcyor. J.P.Morgan <a href=\"https:\/\/www.jpmorgan.com\/insights\/research\" target=\"_blank\" rel=\"noreferrer noopener\">Global Research<\/a>&#8216;e g\u00f6re, k\u00fcresel g\u0131da enflasyonunun mevcut %2,8&#8217;lik seviyeden erken 2027&#8217;ye kadar %5&#8217;e neredeyse iki kat\u0131na \u00e7\u0131kmas\u0131 \u00f6ng\u00f6r\u00fcl\u00fcyor. Raporda, potansiyel g\u0131da krizinin en \u00f6nemli nedenlerinden birinin g\u00fcbre tedarikindeki riskler oldu\u011fu da vurguland\u0131.<\/p>\n\n\n\n<p><strong>J.P.Morgan Global Research&#8217;\u00fcn haz\u0131rlad\u0131\u011f\u0131 raporda \u015fu bilgiler yer al\u0131yor:<\/strong><\/p>\n\n\n\n<p><strong>K\u00fcresel G\u0131da G\u00fcvenli\u011finde \u00c7ifte Tehdit: \u0130ran \u00c7at\u0131\u015fmas\u0131 ve El Nino K\u0131skac\u0131<\/strong><\/p>\n\n\n\n<p>Bug\u00fcn k\u00fcresel g\u0131da g\u00fcvenli\u011fi, al\u0131\u015f\u0131lm\u0131\u015f\u0131n d\u0131\u015f\u0131nda bir k\u0131r\u0131lganl\u0131k d\u00f6neminden ge\u00e7iyor. \u0130klim krizinin bir &#8220;tehdit \u00e7arpan\u0131&#8221; olarak rol oynad\u0131\u011f\u0131 bu yeni ger\u00e7eklikte; do\u011fal gaz piyasas\u0131ndaki dalgalanmalar, \u0130ran merkezli jeopolitik \u00e7at\u0131\u015fmalar ve yakla\u015fan El Nino hava olay\u0131 birle\u015ferek k\u00fcresel tedarik zincirini ve i\u015f s\u00fcreklili\u011fini do\u011frudan tehdit ediyor.<\/p>\n\n\n\n<p><strong>Jeopolitik Kriz ve G\u00fcbre Tedarikinin \u00c7\u00f6k\u00fc\u015f\u00fc<\/strong><\/p>\n\n\n\n<p>Azot, k\u00fcresel tar\u0131msal verimlili\u011fin temel ta\u015f\u0131d\u0131r. D\u00fcnyadaki azot talebinin %50&#8217;sinden fazlas\u0131 \u00fc\u00e7 temel \u00fcr\u00fcne gitmektedir: M\u0131s\u0131r (%20), <a href=\"https:\/\/epochtimestr.com\/index.php\/chpli-fethi-gurer-bugday-ureticileri-zor-durumda\" target=\"_blank\" rel=\"noreferrer noopener\">bu\u011fday<\/a> (%18) ve <a href=\"https:\/\/epochtimestr.com\/index.php\/guney-korede-bilim-insanlari-yapay-etli-pirinc-uretti\" target=\"_blank\" rel=\"noreferrer noopener\">pirin\u00e7<\/a> (%16). G\u00fcbre maliyetleri, <a href=\"https:\/\/epochtimestr.com\/index.php\/misir-ithalatinda-gumruk-vergisinin-5e-dusurulmesine-uretici-ofkeli\" target=\"_blank\" rel=\"noreferrer noopener\">m\u0131s\u0131r<\/a> \u00fcretim maliyetinin %21&#8217;ini, bu\u011fday\u0131n ise %19&#8217;unu olu\u015fturur.<\/p>\n\n\n\n<p><strong>Basra K\u00f6rfezi Ba\u011f\u0131ml\u0131l\u0131\u011f\u0131: <\/strong>K\u00fcresel \u00fcre (sentetik azot) \u00fcretiminin %36&#8217;s\u0131ndan fazlas\u0131, istikrarl\u0131 do\u011fal gaz hammaddesine sahip olan Basra K\u00f6rfezi&#8217;nden kar\u015f\u0131lan\u0131yor.<\/p>\n\n\n\n<p><strong>H\u00fcrm\u00fcz Bo\u011faz\u0131 \u00c7\u0131kmaz\u0131:<\/strong> \u0130ran \u00e7at\u0131\u015fmas\u0131 nedeniyle H\u00fcrm\u00fcz Bo\u011faz\u0131&#8217;n\u0131n kapanmas\u0131 veya sevkiyatlar\u0131n engellenmesi, k\u00fcresel \u00fcre arz\u0131nda ani d\u00fc\u015f\u00fc\u015flere ve emtia fiyatlar\u0131nda s\u0131\u00e7ramalara neden oluyor.<\/p>\n\n\n\n<p><strong>Onar\u0131m ve Zamanlama Bariyeri: <\/strong>Sentetik g\u00fcbre tesisleri, amonyak sal\u0131n\u0131m\u0131 riski nedeniyle y\u00fcksek m\u00fchendislik ve \u00e7evresel denetim gerektiriyor. \u00c7at\u0131\u015fmalarda hasar g\u00f6ren do\u011fal gaz ve g\u00fcbre tesislerinin tam kapasiteye d\u00f6nmesi 1 ila 4 y\u0131l, gaz kuyular\u0131n\u0131n onar\u0131lmas\u0131 ise 3 ila 5 y\u0131l s\u00fcrebilir. Bu durum, uzun vadeli LNG s\u00f6zle\u015fmelerinde g\u00fcbre \u00fcretimine \u00f6ncelik verilmesini zorunlu k\u0131l\u0131yor.<\/p>\n\n\n<div class=\"wp-block-image\">\n<figure class=\"aligncenter size-full\"><img loading=\"lazy\" decoding=\"async\" width=\"1280\" height=\"851\" src=\"https:\/\/epochtimestr.com\/wp-content\/uploads\/2011y\/pixabay-39.jpg\" alt=\"(Foto\u011fraf: DESPIERRES, Pixabay)\" class=\"wp-image-171161\" srcset=\"https:\/\/epochtimestr.com\/wp-content\/uploads\/2011y\/pixabay-39.jpg 1280w, https:\/\/epochtimestr.com\/wp-content\/uploads\/2011y\/pixabay-39-300x199.jpg 300w, https:\/\/epochtimestr.com\/wp-content\/uploads\/2011y\/pixabay-39-150x100.jpg 150w, https:\/\/epochtimestr.com\/wp-content\/uploads\/2011y\/pixabay-39-768x511.jpg 768w\" sizes=\"(max-width: 1280px) 100vw, 1280px\" \/><figcaption class=\"wp-element-caption\">(Foto\u011fraf: DESPIERRES, Pixabay)<\/figcaption><\/figure><\/div>\n\n\n<h3 class=\"wp-block-heading\">Affedilmez Zamanlama: Ekim D\u00f6nemleri ve Depolama Riski<\/h3>\n\n\n\n<p>G\u00fcbre krizi, petrolden farkl\u0131 olarak zamana kar\u015f\u0131 bir yar\u0131\u015ft\u0131r. Azotlu g\u00fcbrelerin (\u00f6rne\u011fin \u00fcre) bitkinin erken b\u00fcy\u00fcme a\u015famas\u0131nda, tam ekim an\u0131nda topra\u011fa k\u00f6k yoluyla verilmesi \u015fartt\u0131r.<\/p>\n\n\n\n<p><strong>Zamanlama Kritikli\u011fi: <\/strong>\u00dcre, ekim mevsimi ge\u00e7tikten sonra topra\u011f\u0131n y\u00fczeyine uygulan\u0131rsa havada zehirli amonyak gaz\u0131na d\u00f6n\u00fc\u015ferek bitkiyi beslemek yerine \u00f6ld\u00fcr\u00fcr. \u00dcr\u00fcnler topra\u011fa ekildikten sonra bu g\u00fcbreler etkili bir \u015fekilde uygulanamaz.<\/p>\n\n\n\n<p><strong>Stratejik Rezerv Eksikli\u011fi: <\/strong>Amonyak gaz\u0131na d\u00f6n\u00fc\u015fme riski ve kimyasal karars\u0131zl\u0131klar\u0131 nedeniyle azotlu g\u00fcbrelerin, petroldeki gibi b\u00fcy\u00fck stratejik rezervleri yap\u0131lamaz. Dolay\u0131s\u0131yla arz kesintileri an\u0131nda sahaya yans\u0131r.<\/p>\n\n\n\n<p><strong>Mahsul D\u00f6ng\u00fclerine G\u00f6re \u0130lk Etkilenecek B\u00f6lgeler:<\/strong><\/p>\n\n\n\n<p><strong>M\u0131s\u0131r:<\/strong> Eyl\u00fcl-Ocak d\u00f6neminde ekim yapan ve Basra K\u00f6rfezi&#8217;nden yo\u011fun azot ithal eden G\u00fcney Amerika (\u00f6zellikle Brezilya) ilk darbeyi alacakt\u0131r.<\/p>\n\n\n\n<p><strong>Bu\u011fday:<\/strong> Eyl\u00fcl ay\u0131nda k\u0131\u015fl\u0131k ekime ba\u015flayan AB, \u00c7in, Hindistan, Rusya ve ABD geni\u015f \u00e7apta etkilenecektir.<\/p>\n\n\n\n<p><strong>Pirin\u00e7: <\/strong>\u00c7at\u0131\u015fman\u0131n hemen ard\u0131ndan ilkbahar\/yaz ekimine ba\u015flayan Hindistan, \u00c7in ve Banglade\u015f ile sonbahar\/k\u0131\u015f ekimi yapacak olan Endonezya ve Vietnam risk alt\u0131ndad\u0131r.<\/p>\n\n\n<div class=\"wp-block-image\">\n<figure class=\"aligncenter size-full\"><img loading=\"lazy\" decoding=\"async\" width=\"1280\" height=\"853\" src=\"https:\/\/epochtimestr.com\/wp-content\/uploads\/2011y\/1-34.jpg\" alt=\"(Foto\u011fraf: ELG21, Pixabay)\" class=\"wp-image-171163\" srcset=\"https:\/\/epochtimestr.com\/wp-content\/uploads\/2011y\/1-34.jpg 1280w, https:\/\/epochtimestr.com\/wp-content\/uploads\/2011y\/1-34-300x200.jpg 300w, https:\/\/epochtimestr.com\/wp-content\/uploads\/2011y\/1-34-150x100.jpg 150w, https:\/\/epochtimestr.com\/wp-content\/uploads\/2011y\/1-34-768x512.jpg 768w\" sizes=\"(max-width: 1280px) 100vw, 1280px\" \/><figcaption class=\"wp-element-caption\">(Foto\u011fraf: ELG21, Pixabay)<\/figcaption><\/figure><\/div>\n\n\n<p><strong>\u00c7ift\u00e7inin Zor Se\u00e7imi ve \u00dcretim Arz\u0131<\/strong><\/p>\n\n\n\n<p>G\u00fcbre tedariki aksad\u0131\u011f\u0131nda veya fiyatlar t\u0131rmand\u0131\u011f\u0131nda, \u00e7ift\u00e7ilerin \u00f6n\u00fcnde yerel ve k\u00fcresel sonu\u00e7lar\u0131 olan \u00fc\u00e7 senaryo beliriyor:<\/p>\n\n\n\n<p>\u0130lk olarak<strong> <em>A se\u00e7ene\u011finde<\/em><\/strong>, \u00e7ift\u00e7iler \u00fcretim hacmini aynen korumay\u0131 hedefleyebilir; bu durumda y\u00fckselen girdi maliyetlerini sineye \u00e7ekerek g\u00fcbreyi y\u00fcksek fiyattan sat\u0131n al\u0131rlar ve bu maliyet art\u0131\u015f\u0131 nihai \u00fcr\u00fcnlere yans\u0131yarak k\u00fcresel g\u0131da enflasyonunu h\u0131zla tetikler. <\/p>\n\n\n\n<p>En olas\u0131 senaryo olarak \u00f6ne \u00e7\u0131kan <strong><em>B se\u00e7ene\u011finde<\/em><\/strong> ise \u00e7ift\u00e7iler, y\u00fcksek fiyatlara tepki olarak g\u00fcbre kullan\u0131m\u0131n\u0131 azaltma yoluna giderler. Bu karar do\u011frudan mahsul verimlili\u011finin ve toplam g\u0131da arz\u0131n\u0131n d\u00fc\u015fmesine yol a\u00e7ar. <\/p>\n\n\n\n<p>Son olarak<em><strong> C se\u00e7ene\u011finde <\/strong><\/em>\u00e7ift\u00e7iler, y\u00fcksek g\u00fcbre maliyetinden ka\u00e7\u0131nmak i\u00e7in g\u00fcbre ihtiyac\u0131 daha az olan farkl\u0131 alternatif \u00fcr\u00fcnlere ge\u00e7i\u015f yapabilirler ki bu durum, m\u0131s\u0131r, bu\u011fday ve pirin\u00e7 gibi temel g\u0131da maddelerinin k\u00fcresel arz\u0131n\u0131n kritik seviyede azalmas\u0131yla sonu\u00e7lan\u0131r. <\/p>\n\n\n\n<p>Netice itibar\u0131yla, \u00e7ift\u00e7ilerin maliyet bask\u0131s\u0131 alt\u0131nda verece\u011fi her \u00fc\u00e7 karar da d\u00f6n\u00fcp dola\u015f\u0131p k\u00fcresel g\u0131da pazar\u0131nda ya fiyat art\u0131\u015f\u0131 ya da k\u0131tl\u0131k riski olarak kar\u015f\u0131m\u0131za \u00e7\u0131kmaktad\u0131r.<\/p>\n\n\n\n<h3 class=\"wp-block-heading\">\u0130kinci Tehdit: El Nino ve Co\u011frafi Dengesizlikler<\/h3>\n\n\n\n<p>Jeopolitik krizin yaratt\u0131\u011f\u0131 g\u00fcbre \u015foku, k\u00fcresel iklim sistemi \u00fczerindeki El Nino bask\u0131s\u0131yla daha da derinle\u015fmektedir. Pasifik Okyanusu&#8217;nun atmosfere \u0131s\u0131 salmas\u0131yla olu\u015fan El Nino, k\u00fcresel tar\u0131mda ciddi bir dengesizlik yarat\u0131r.<\/p>\n\n\n\n<p><strong>Tropikal ve Il\u0131man B\u00f6lgeler:<\/strong> Tarihsel olarak El Nino d\u00f6nemleri, tropikal b\u00f6lgelerde %3,5&#8217;lik bir \u00fcretim d\u00fc\u015f\u00fc\u015f\u00fcne yol a\u00e7arken, kutuplara yak\u0131n \u0131l\u0131man b\u00f6lgelerde %2,4&#8217;l\u00fck bir art\u0131\u015f sa\u011flam\u0131\u015ft\u0131r.<\/p>\n\n\n\n<p><strong>Is\u0131nman\u0131n Arka Plan\u0131: <\/strong>K\u00fcresel iklim de\u011fi\u015fikli\u011finin yaratt\u0131\u011f\u0131 temel \u0131s\u0131nma etkisi nedeniyle, art\u0131k \u0131l\u0131man b\u00f6lgeler de bir &#8220;g\u00fcvenli liman&#8221; de\u011fildir. Nitekim 2023-2024 El Nino&#8217;sunda \u0131l\u0131man b\u00f6lgelerde de a\u015f\u0131r\u0131 hava olaylar\u0131 nedeniyle \u00fcretim d\u00fc\u015f\u00fc\u015fleri ya\u015fanm\u0131\u015ft\u0131r.<\/p>\n\n\n\n<p><strong>Kritik Haziran G\u00f6r\u00fcn\u00fcm\u00fc: <\/strong>El Nino&#8217;nun g\u00fcc\u00fc ve k\u0131\u015f zirvesi olas\u0131l\u0131\u011f\u0131 en g\u00fcvenilir \u015fekilde Haziran ay\u0131ndan sonra tahmin edilir. Mevcut meteorolojik modeller, Pasifik s\u0131cakl\u0131klar\u0131n\u0131n normalin 2\u00b0C \u00fczerine \u00e7\u0131kabilece\u011fi bir &#8220;S\u00fcper El Nino&#8221; olas\u0131l\u0131\u011f\u0131n\u0131n her ay artt\u0131\u011f\u0131n\u0131 g\u00f6stermektedir.<\/p>\n\n\n\n<p><strong>Gecikmeli Etki:<\/strong> El Nino yaz aylar\u0131nda geli\u015fir ancak tar\u0131m \u00fcr\u00fcnleri fiyatlar\u0131 \u00fczerindeki en y\u00fcksek ve y\u0131k\u0131c\u0131 etkisini bir sonraki k\u0131\u015f g\u00f6sterir.<\/p>\n\n\n<div class=\"wp-block-image\">\n<figure class=\"aligncenter size-full is-resized\"><img loading=\"lazy\" decoding=\"async\" width=\"1280\" height=\"814\" src=\"https:\/\/epochtimestr.com\/wp-content\/uploads\/2011y\/cacao-6554303_1280.jpg\" alt=\"(Foto\u011fraf: Graniel7, Pixabay)\" class=\"wp-image-171164\" style=\"width:840px;height:auto\" srcset=\"https:\/\/epochtimestr.com\/wp-content\/uploads\/2011y\/cacao-6554303_1280.jpg 1280w, https:\/\/epochtimestr.com\/wp-content\/uploads\/2011y\/cacao-6554303_1280-300x191.jpg 300w, https:\/\/epochtimestr.com\/wp-content\/uploads\/2011y\/cacao-6554303_1280-150x95.jpg 150w, https:\/\/epochtimestr.com\/wp-content\/uploads\/2011y\/cacao-6554303_1280-768x488.jpg 768w\" sizes=\"(max-width: 1280px) 100vw, 1280px\" \/><figcaption class=\"wp-element-caption\">(Foto\u011fraf: Graniel7, Pixabay)<\/figcaption><\/figure><\/div>\n\n\n<h3 class=\"wp-block-heading\">Kesi\u015fen K\u0131r\u0131lganl\u0131klar ve Korumac\u0131l\u0131k Refleksi<\/h3>\n\n\n\n<p>Tarih tekerr\u00fcrden ibarettir. 2022&#8217;de Rusya&#8217;n\u0131n Ukrayna&#8217;y\u0131 i\u015fgaliyle potasyum ve fosforlu g\u00fcbre arz\u0131 kesilmi\u015f, mahsul verimi d\u00fc\u015fm\u00fc\u015ft\u00fc. Ard\u0131ndan gelen 2023-2024 El Nino&#8217;sunda ABD ve Hindistan&#8217;daki bu\u011fday hasad\u0131 k\u00fcresel dengeyi korumu\u015f olsa da pirin\u00e7 (Hindistan) ve kakao (Ekvator Afrikas\u0131) ihracat\u0131 dramatik \u015fekilde \u00e7\u00f6km\u00fc\u015ft\u00fc.<\/p>\n\n\n\n<p><strong>\u00c7ifte Maruz Kalma:<\/strong> K\u00fcresel ticaret hatlar\u0131nda El Nino&#8217;nun yarataca\u011f\u0131 kurakl\u0131k ve verim d\u00fc\u015f\u00fc\u015flerine en \u00e7ok maruz kalan \u00fclkeler (35N ve 35 S enlemleri aras\u0131ndaki tropikal ku\u015fak), ayn\u0131 zamanda Basra K\u00f6rfezi&#8217;nden azotlu g\u00fcbre ithalat\u0131na en ba\u011f\u0131ml\u0131 \u00fclkelerdir. Hindistan ve Brezilya bu \u00e7ifte tehdidin tam merkezindedir.<\/p>\n\n\n\n<p><strong>\u0130hracat Yasaklar\u0131 ve Ticaret Sava\u015flar\u0131: <\/strong>2023-2024&#8217;te Hindistan, i\u00e7 arz\u0131 korumak i\u00e7in pirin\u00e7 ihracat\u0131n\u0131 yasaklam\u0131\u015ft\u0131. Benzer tedarik \u015foklar\u0131nda kom\u015fu \u00fclkeler de ayn\u0131 refleksleri g\u00f6sterece\u011finden b\u00f6lgesel ve k\u00fcresel ticaret a\u011flar\u0131 h\u0131zla bozulma e\u011filimindedir.<\/p>\n\n\n<div class=\"wp-block-image\">\n<figure class=\"aligncenter size-full\"><img loading=\"lazy\" decoding=\"async\" width=\"1280\" height=\"852\" src=\"https:\/\/epochtimestr.com\/wp-content\/uploads\/2011y\/beans-2606866_1280.jpg\" alt=\"\" class=\"wp-image-171165\" srcset=\"https:\/\/epochtimestr.com\/wp-content\/uploads\/2011y\/beans-2606866_1280.jpg 1280w, https:\/\/epochtimestr.com\/wp-content\/uploads\/2011y\/beans-2606866_1280-300x200.jpg 300w, https:\/\/epochtimestr.com\/wp-content\/uploads\/2011y\/beans-2606866_1280-150x100.jpg 150w, https:\/\/epochtimestr.com\/wp-content\/uploads\/2011y\/beans-2606866_1280-768x511.jpg 768w\" sizes=\"(max-width: 1280px) 100vw, 1280px\" \/><figcaption class=\"wp-element-caption\">(Foto\u011fraf: StockSnap, Pixabay)<\/figcaption><\/figure><\/div>\n\n\n<p><strong>Sonu\u00e7: Enerji Enflasyonundan G\u0131da Enflasyonuna<\/strong><\/p>\n\n\n\n<p>Do\u011fal gaz \u00fcretimi onar\u0131ld\u0131\u011f\u0131nda enerji arz\u0131 do\u011frudan ve h\u0131zl\u0131ca eski haline d\u00f6nebilir. Ancak tar\u0131m sekt\u00f6r\u00fc, biyolojik olarak ekim d\u00f6nemlerine ve hammadde zamanlamas\u0131na s\u0131k\u0131 s\u0131k\u0131ya ba\u011fl\u0131d\u0131r.<\/p>\n\n\n\n<p>E\u011fer LNG (S\u0131v\u0131la\u015ft\u0131r\u0131lm\u0131\u015f Do\u011fal Gaz) fiyatlar\u0131n\u0131n y\u00fckselmesi g\u00fcbre \u00fcretimini geciktirirse ve bu gecikme El Nino&#8217;nun yarataca\u011f\u0131 kurakl\u0131k\/verim \u015fokuyla tam ekim mevsiminde \u00e7ak\u0131\u015f\u0131rsa, enerji piyasalar\u0131nda ba\u015flayacak ge\u00e7ici bir \u015fok, uzun vadeli ve kal\u0131c\u0131 bir k\u00fcresel g\u0131da krizine d\u00f6n\u00fc\u015fecektir. G\u0131da g\u00fcvenli\u011fini sa\u011flamak i\u00e7in, fosil yak\u0131tlara ve sentetik g\u00fcbrelere olan g\u00f6bekten ba\u011f\u0131ml\u0131l\u0131\u011f\u0131n azalt\u0131lmas\u0131, tedarik zincirlerinin \u00e7e\u015fitlendirilmesi ve iklim diren\u00e7li tar\u0131m politikalar\u0131na ge\u00e7ilmesi ka\u00e7\u0131n\u0131lmazd\u0131r.<\/p>\n\n\n\n<p><em>(Kaynak: <\/em><a href=\"https:\/\/www.jpmorgan.com\">https:\/\/www.jpmorgan.com<\/a>)<\/p>\n\n\n\n<p><\/p>\n","protected":false},"excerpt":{"rendered":"<p>J.P.Morgan raporuna g\u00f6re, k\u00fcresel g\u0131da enflasyonu %2,8 seviyesinden 2027&#8217;nin ba\u015flar\u0131nda %5 seviyesine y\u00fckselecek. J.P. Morgan, \u00f6n\u00fcm\u00fczdeki y\u0131l i\u00e7inde b\u00fcy\u00fck \u00f6l\u00e7ekli bir k\u00fcresel g\u0131da tedarik krizinin d\u00fcnyay\u0131 vurabilece\u011fini s\u00f6yl\u00fcyor. J.P.Morgan Global Research&#8216;e g\u00f6re, k\u00fcresel g\u0131da enflasyonunun mevcut %2,8&#8217;lik seviyeden erken 2027&#8217;ye kadar %5&#8217;e neredeyse iki kat\u0131na \u00e7\u0131kmas\u0131 \u00f6ng\u00f6r\u00fcl\u00fcyor. Raporda, potansiyel g\u0131da krizinin en \u00f6nemli nedenlerinden birinin [&hellip;]<\/p>\n","protected":false},"author":13981,"featured_media":171159,"comment_status":"open","ping_status":"open","sticky":false,"template":"","format":"standard","meta":{"_yoast_wpseo_focuskw":"g\u0131da - J.P.Morgan","_yoast_wpseo_title":"","_yoast_wpseo_metadesc":"J.P.Morgan raporuna g\u00f6re g\u0131da fiyatlar\u0131 k\u00fcresel g\u0131da enflasyonu %2,8 seviyesinden 2027'nin ba\u015flar\u0131nda %5 seviyesine y\u00fckselecek.","_bbp_topic_count":0,"_bbp_reply_count":0,"_bbp_total_topic_count":0,"_bbp_total_reply_count":0,"_bbp_voice_count":0,"_bbp_anonymous_reply_count":0,"_bbp_topic_count_hidden":0,"_bbp_reply_count_hidden":0,"_bbp_forum_subforum_count":0,"footnotes":"","_yoast_wpseo_focuskw_text_input":""},"categories":[12201,6910,1,8407],"tags":[11104,5655,12270,12520,12517,12518,12519,240,12521],"yoast_head":"<!-- This site is optimized with the Yoast SEO plugin v23.0 - https:\/\/yoast.com\/wordpress\/plugins\/seo\/ -->\n<title>J.P.Morgan Raporuna G\u00f6re K\u00fcresel G\u0131da Krizi Kap\u0131da - The Epoch Times TR<\/title>\n<meta name=\"description\" content=\"J.P.Morgan raporuna g\u00f6re g\u0131da fiyatlar\u0131 k\u00fcresel g\u0131da enflasyonu %2,8 seviyesinden 2027&#039;nin ba\u015flar\u0131nda %5 seviyesine y\u00fckselecek.\" \/>\n<meta name=\"robots\" content=\"index, follow, max-snippet:-1, max-image-preview:large, max-video-preview:-1\" \/>\n<link rel=\"canonical\" href=\"https:\/\/epochtimestr.com\/index.php\/j-p-morgan-raporuna-gore-kuresel-gida-krizi-kapida\" \/>\n<meta property=\"og:locale\" content=\"tr_TR\" \/>\n<meta property=\"og:type\" content=\"article\" \/>\n<meta property=\"og:title\" content=\"J.P.Morgan Raporuna G\u00f6re K\u00fcresel G\u0131da Krizi Kap\u0131da - The Epoch Times TR\" \/>\n<meta property=\"og:description\" content=\"J.P.Morgan raporuna g\u00f6re g\u0131da fiyatlar\u0131 k\u00fcresel g\u0131da enflasyonu %2,8 seviyesinden 2027&#039;nin ba\u015flar\u0131nda %5 seviyesine y\u00fckselecek.\" \/>\n<meta property=\"og:url\" content=\"https:\/\/epochtimestr.com\/index.php\/j-p-morgan-raporuna-gore-kuresel-gida-krizi-kapida\" \/>\n<meta property=\"og:site_name\" content=\"The Epoch Times TR\" \/>\n<meta property=\"article:publisher\" content=\"https:\/\/www.facebook.com\/theepochtimestr\" \/>\n<meta property=\"article:published_time\" content=\"2026-08-29T15:13:52+00:00\" \/>\n<meta property=\"article:modified_time\" content=\"2026-08-29T15:13:54+00:00\" \/>\n<meta property=\"og:image\" content=\"https:\/\/epochtimestr.com\/wp-content\/uploads\/2011y\/morion.jpg\" \/>\n\t<meta property=\"og:image:width\" content=\"1280\" \/>\n\t<meta property=\"og:image:height\" content=\"873\" \/>\n\t<meta property=\"og:image:type\" content=\"image\/jpeg\" \/>\n<meta name=\"author\" content=\"Reyhan \u00c7orbac\u0131\" \/>\n<meta name=\"twitter:card\" content=\"summary_large_image\" \/>\n<meta name=\"twitter:creator\" content=\"@TheEpochTimesTR\" \/>\n<meta name=\"twitter:site\" content=\"@TheEpochTimesTR\" \/>\n<meta name=\"twitter:label1\" content=\"Yazan:\" \/>\n\t<meta name=\"twitter:data1\" content=\"Reyhan \u00c7orbac\u0131\" \/>\n\t<meta name=\"twitter:label2\" content=\"Tahmini okuma s\u00fcresi\" \/>\n\t<meta name=\"twitter:data2\" content=\"7 dakika\" \/>\n<script type=\"application\/ld+json\" class=\"yoast-schema-graph\">{\"@context\":\"https:\/\/schema.org\",\"@graph\":[{\"@type\":\"Article\",\"@id\":\"https:\/\/epochtimestr.com\/index.php\/j-p-morgan-raporuna-gore-kuresel-gida-krizi-kapida#article\",\"isPartOf\":{\"@id\":\"https:\/\/epochtimestr.com\/index.php\/j-p-morgan-raporuna-gore-kuresel-gida-krizi-kapida\"},\"author\":{\"name\":\"Reyhan \u00c7orbac\u0131\",\"@id\":\"https:\/\/epochtimestr.com\/#\/schema\/person\/68cb304e55f0b73a4e785d2cd1ba5308\"},\"headline\":\"J.P.Morgan Raporuna G\u00f6re K\u00fcresel G\u0131da Krizi Kap\u0131da\",\"datePublished\":\"2026-08-29T15:13:52+00:00\",\"dateModified\":\"2026-08-29T15:13:54+00:00\",\"mainEntityOfPage\":{\"@id\":\"https:\/\/epochtimestr.com\/index.php\/j-p-morgan-raporuna-gore-kuresel-gida-krizi-kapida\"},\"wordCount\":1403,\"commentCount\":0,\"publisher\":{\"@id\":\"https:\/\/epochtimestr.com\/#organization\"},\"image\":{\"@id\":\"https:\/\/epochtimestr.com\/index.php\/j-p-morgan-raporuna-gore-kuresel-gida-krizi-kapida#primaryimage\"},\"thumbnailUrl\":\"https:\/\/epochtimestr.com\/wp-content\/uploads\/2011y\/morion.jpg\",\"keywords\":[\"Basra K\u00f6rfezi\",\"bu\u011fday\",\"El Nino\",\"G\u00fcbre \u00dcretimi\",\"JPMorgan Global Research\",\"K\u00fcresel G\u0131da Krizi\",\"LNG s\u00f6zle\u015fmeleri\",\"M\u0131s\u0131r\",\"Pirin\u00e7\"],\"articleSection\":[\"\u00c7evre ve Do\u011fa\",\"Fitness ve Beslenme\",\"G\u00dcNDEM\",\"\u0130klim krizi\"],\"inLanguage\":\"tr\",\"potentialAction\":[{\"@type\":\"CommentAction\",\"name\":\"Comment\",\"target\":[\"https:\/\/epochtimestr.com\/index.php\/j-p-morgan-raporuna-gore-kuresel-gida-krizi-kapida#respond\"]}]},{\"@type\":\"WebPage\",\"@id\":\"https:\/\/epochtimestr.com\/index.php\/j-p-morgan-raporuna-gore-kuresel-gida-krizi-kapida\",\"url\":\"https:\/\/epochtimestr.com\/index.php\/j-p-morgan-raporuna-gore-kuresel-gida-krizi-kapida\",\"name\":\"J.P.Morgan Raporuna G\u00f6re K\u00fcresel G\u0131da Krizi Kap\u0131da - The Epoch Times TR\",\"isPartOf\":{\"@id\":\"https:\/\/epochtimestr.com\/#website\"},\"primaryImageOfPage\":{\"@id\":\"https:\/\/epochtimestr.com\/index.php\/j-p-morgan-raporuna-gore-kuresel-gida-krizi-kapida#primaryimage\"},\"image\":{\"@id\":\"https:\/\/epochtimestr.com\/index.php\/j-p-morgan-raporuna-gore-kuresel-gida-krizi-kapida#primaryimage\"},\"thumbnailUrl\":\"https:\/\/epochtimestr.com\/wp-content\/uploads\/2011y\/morion.jpg\",\"datePublished\":\"2026-08-29T15:13:52+00:00\",\"dateModified\":\"2026-08-29T15:13:54+00:00\",\"description\":\"J.P.Morgan raporuna g\u00f6re g\u0131da fiyatlar\u0131 k\u00fcresel g\u0131da enflasyonu %2,8 seviyesinden 2027'nin ba\u015flar\u0131nda %5 seviyesine y\u00fckselecek.\",\"inLanguage\":\"tr\",\"potentialAction\":[{\"@type\":\"ReadAction\",\"target\":[\"https:\/\/epochtimestr.com\/index.php\/j-p-morgan-raporuna-gore-kuresel-gida-krizi-kapida\"]}]},{\"@type\":\"ImageObject\",\"inLanguage\":\"tr\",\"@id\":\"https:\/\/epochtimestr.com\/index.php\/j-p-morgan-raporuna-gore-kuresel-gida-krizi-kapida#primaryimage\",\"url\":\"https:\/\/epochtimestr.com\/wp-content\/uploads\/2011y\/morion.jpg\",\"contentUrl\":\"https:\/\/epochtimestr.com\/wp-content\/uploads\/2011y\/morion.jpg\",\"width\":1280,\"height\":873},{\"@type\":\"WebSite\",\"@id\":\"https:\/\/epochtimestr.com\/#website\",\"url\":\"https:\/\/epochtimestr.com\/\",\"name\":\"The Epoch Times TR\",\"description\":\"De\u011fi\u015fen D\u00fcnyam\u0131za Taze Bir Bak\u0131\u015f\",\"publisher\":{\"@id\":\"https:\/\/epochtimestr.com\/#organization\"},\"potentialAction\":[{\"@type\":\"SearchAction\",\"target\":{\"@type\":\"EntryPoint\",\"urlTemplate\":\"https:\/\/epochtimestr.com\/?s={search_term_string}\"},\"query-input\":\"required name=search_term_string\"}],\"inLanguage\":\"tr\"},{\"@type\":\"Organization\",\"@id\":\"https:\/\/epochtimestr.com\/#organization\",\"name\":\"The EpochTimes T\u00fcrkiye\",\"url\":\"https:\/\/epochtimestr.com\/\",\"logo\":{\"@type\":\"ImageObject\",\"inLanguage\":\"tr\",\"@id\":\"https:\/\/epochtimestr.com\/#\/schema\/logo\/image\/\",\"url\":\"https:\/\/epochtimestr.com\/wp-content\/uploads\/2011y\/ET-Logo-YG.jpg\",\"contentUrl\":\"https:\/\/epochtimestr.com\/wp-content\/uploads\/2011y\/ET-Logo-YG.jpg\",\"width\":346,\"height\":29,\"caption\":\"The EpochTimes T\u00fcrkiye\"},\"image\":{\"@id\":\"https:\/\/epochtimestr.com\/#\/schema\/logo\/image\/\"},\"sameAs\":[\"https:\/\/www.facebook.com\/theepochtimestr\",\"https:\/\/x.com\/TheEpochTimesTR\",\"https:\/\/www.instagram.com\/epochtimestr\"]},{\"@type\":\"Person\",\"@id\":\"https:\/\/epochtimestr.com\/#\/schema\/person\/68cb304e55f0b73a4e785d2cd1ba5308\",\"name\":\"Reyhan \u00c7orbac\u0131\",\"image\":{\"@type\":\"ImageObject\",\"inLanguage\":\"tr\",\"@id\":\"https:\/\/epochtimestr.com\/#\/schema\/person\/image\/\",\"url\":\"https:\/\/secure.gravatar.com\/avatar\/8bceee79f3a75100aa05f62a5dd2a5b0?s=96&d=mm&r=g\",\"contentUrl\":\"https:\/\/secure.gravatar.com\/avatar\/8bceee79f3a75100aa05f62a5dd2a5b0?s=96&d=mm&r=g\",\"caption\":\"Reyhan \u00c7orbac\u0131\"},\"url\":\"https:\/\/epochtimestr.com\/index.php\/author\/reyhan\"}]}<\/script>\n<!-- \/ Yoast SEO plugin. -->","yoast_head_json":{"title":"J.P.Morgan Raporuna G\u00f6re K\u00fcresel G\u0131da Krizi Kap\u0131da - The Epoch Times TR","description":"J.P.Morgan raporuna g\u00f6re g\u0131da fiyatlar\u0131 k\u00fcresel g\u0131da enflasyonu %2,8 seviyesinden 2027'nin ba\u015flar\u0131nda %5 seviyesine y\u00fckselecek.","robots":{"index":"index","follow":"follow","max-snippet":"max-snippet:-1","max-image-preview":"max-image-preview:large","max-video-preview":"max-video-preview:-1"},"canonical":"https:\/\/epochtimestr.com\/index.php\/j-p-morgan-raporuna-gore-kuresel-gida-krizi-kapida","og_locale":"tr_TR","og_type":"article","og_title":"J.P.Morgan Raporuna G\u00f6re K\u00fcresel G\u0131da Krizi Kap\u0131da - The Epoch Times TR","og_description":"J.P.Morgan raporuna g\u00f6re g\u0131da fiyatlar\u0131 k\u00fcresel g\u0131da enflasyonu %2,8 seviyesinden 2027'nin ba\u015flar\u0131nda %5 seviyesine y\u00fckselecek.","og_url":"https:\/\/epochtimestr.com\/index.php\/j-p-morgan-raporuna-gore-kuresel-gida-krizi-kapida","og_site_name":"The Epoch Times TR","article_publisher":"https:\/\/www.facebook.com\/theepochtimestr","article_published_time":"2026-08-29T15:13:52+00:00","article_modified_time":"2026-08-29T15:13:54+00:00","og_image":[{"width":1280,"height":873,"url":"https:\/\/epochtimestr.com\/wp-content\/uploads\/2011y\/morion.jpg","type":"image\/jpeg"}],"author":"Reyhan \u00c7orbac\u0131","twitter_card":"summary_large_image","twitter_creator":"@TheEpochTimesTR","twitter_site":"@TheEpochTimesTR","twitter_misc":{"Yazan:":"Reyhan \u00c7orbac\u0131","Tahmini okuma s\u00fcresi":"7 dakika"},"schema":{"@context":"https:\/\/schema.org","@graph":[{"@type":"Article","@id":"https:\/\/epochtimestr.com\/index.php\/j-p-morgan-raporuna-gore-kuresel-gida-krizi-kapida#article","isPartOf":{"@id":"https:\/\/epochtimestr.com\/index.php\/j-p-morgan-raporuna-gore-kuresel-gida-krizi-kapida"},"author":{"name":"Reyhan \u00c7orbac\u0131","@id":"https:\/\/epochtimestr.com\/#\/schema\/person\/68cb304e55f0b73a4e785d2cd1ba5308"},"headline":"J.P.Morgan Raporuna G\u00f6re K\u00fcresel G\u0131da Krizi Kap\u0131da","datePublished":"2026-08-29T15:13:52+00:00","dateModified":"2026-08-29T15:13:54+00:00","mainEntityOfPage":{"@id":"https:\/\/epochtimestr.com\/index.php\/j-p-morgan-raporuna-gore-kuresel-gida-krizi-kapida"},"wordCount":1403,"commentCount":0,"publisher":{"@id":"https:\/\/epochtimestr.com\/#organization"},"image":{"@id":"https:\/\/epochtimestr.com\/index.php\/j-p-morgan-raporuna-gore-kuresel-gida-krizi-kapida#primaryimage"},"thumbnailUrl":"https:\/\/epochtimestr.com\/wp-content\/uploads\/2011y\/morion.jpg","keywords":["Basra K\u00f6rfezi","bu\u011fday","El Nino","G\u00fcbre \u00dcretimi","JPMorgan Global Research","K\u00fcresel G\u0131da Krizi","LNG s\u00f6zle\u015fmeleri","M\u0131s\u0131r","Pirin\u00e7"],"articleSection":["\u00c7evre ve Do\u011fa","Fitness ve Beslenme","G\u00dcNDEM","\u0130klim krizi"],"inLanguage":"tr","potentialAction":[{"@type":"CommentAction","name":"Comment","target":["https:\/\/epochtimestr.com\/index.php\/j-p-morgan-raporuna-gore-kuresel-gida-krizi-kapida#respond"]}]},{"@type":"WebPage","@id":"https:\/\/epochtimestr.com\/index.php\/j-p-morgan-raporuna-gore-kuresel-gida-krizi-kapida","url":"https:\/\/epochtimestr.com\/index.php\/j-p-morgan-raporuna-gore-kuresel-gida-krizi-kapida","name":"J.P.Morgan Raporuna G\u00f6re K\u00fcresel G\u0131da Krizi Kap\u0131da - The Epoch Times TR","isPartOf":{"@id":"https:\/\/epochtimestr.com\/#website"},"primaryImageOfPage":{"@id":"https:\/\/epochtimestr.com\/index.php\/j-p-morgan-raporuna-gore-kuresel-gida-krizi-kapida#primaryimage"},"image":{"@id":"https:\/\/epochtimestr.com\/index.php\/j-p-morgan-raporuna-gore-kuresel-gida-krizi-kapida#primaryimage"},"thumbnailUrl":"https:\/\/epochtimestr.com\/wp-content\/uploads\/2011y\/morion.jpg","datePublished":"2026-08-29T15:13:52+00:00","dateModified":"2026-08-29T15:13:54+00:00","description":"J.P.Morgan raporuna g\u00f6re g\u0131da fiyatlar\u0131 k\u00fcresel g\u0131da enflasyonu %2,8 seviyesinden 2027'nin ba\u015flar\u0131nda %5 seviyesine y\u00fckselecek.","inLanguage":"tr","potentialAction":[{"@type":"ReadAction","target":["https:\/\/epochtimestr.com\/index.php\/j-p-morgan-raporuna-gore-kuresel-gida-krizi-kapida"]}]},{"@type":"ImageObject","inLanguage":"tr","@id":"https:\/\/epochtimestr.com\/index.php\/j-p-morgan-raporuna-gore-kuresel-gida-krizi-kapida#primaryimage","url":"https:\/\/epochtimestr.com\/wp-content\/uploads\/2011y\/morion.jpg","contentUrl":"https:\/\/epochtimestr.com\/wp-content\/uploads\/2011y\/morion.jpg","width":1280,"height":873},{"@type":"WebSite","@id":"https:\/\/epochtimestr.com\/#website","url":"https:\/\/epochtimestr.com\/","name":"The Epoch Times TR","description":"De\u011fi\u015fen D\u00fcnyam\u0131za Taze Bir Bak\u0131\u015f","publisher":{"@id":"https:\/\/epochtimestr.com\/#organization"},"potentialAction":[{"@type":"SearchAction","target":{"@type":"EntryPoint","urlTemplate":"https:\/\/epochtimestr.com\/?s={search_term_string}"},"query-input":"required name=search_term_string"}],"inLanguage":"tr"},{"@type":"Organization","@id":"https:\/\/epochtimestr.com\/#organization","name":"The EpochTimes T\u00fcrkiye","url":"https:\/\/epochtimestr.com\/","logo":{"@type":"ImageObject","inLanguage":"tr","@id":"https:\/\/epochtimestr.com\/#\/schema\/logo\/image\/","url":"https:\/\/epochtimestr.com\/wp-content\/uploads\/2011y\/ET-Logo-YG.jpg","contentUrl":"https:\/\/epochtimestr.com\/wp-content\/uploads\/2011y\/ET-Logo-YG.jpg","width":346,"height":29,"caption":"The EpochTimes T\u00fcrkiye"},"image":{"@id":"https:\/\/epochtimestr.com\/#\/schema\/logo\/image\/"},"sameAs":["https:\/\/www.facebook.com\/theepochtimestr","https:\/\/x.com\/TheEpochTimesTR","https:\/\/www.instagram.com\/epochtimestr"]},{"@type":"Person","@id":"https:\/\/epochtimestr.com\/#\/schema\/person\/68cb304e55f0b73a4e785d2cd1ba5308","name":"Reyhan \u00c7orbac\u0131","image":{"@type":"ImageObject","inLanguage":"tr","@id":"https:\/\/epochtimestr.com\/#\/schema\/person\/image\/","url":"https:\/\/secure.gravatar.com\/avatar\/8bceee79f3a75100aa05f62a5dd2a5b0?s=96&d=mm&r=g","contentUrl":"https:\/\/secure.gravatar.com\/avatar\/8bceee79f3a75100aa05f62a5dd2a5b0?s=96&d=mm&r=g","caption":"Reyhan \u00c7orbac\u0131"},"url":"https:\/\/epochtimestr.com\/index.php\/author\/reyhan"}]}},"_links":{"self":[{"href":"https:\/\/epochtimestr.com\/index.php\/wp-json\/wp\/v2\/posts\/171158"}],"collection":[{"href":"https:\/\/epochtimestr.com\/index.php\/wp-json\/wp\/v2\/posts"}],"about":[{"href":"https:\/\/epochtimestr.com\/index.php\/wp-json\/wp\/v2\/types\/post"}],"author":[{"embeddable":true,"href":"https:\/\/epochtimestr.com\/index.php\/wp-json\/wp\/v2\/users\/13981"}],"replies":[{"embeddable":true,"href":"https:\/\/epochtimestr.com\/index.php\/wp-json\/wp\/v2\/comments?post=171158"}],"version-history":[{"count":2,"href":"https:\/\/epochtimestr.com\/index.php\/wp-json\/wp\/v2\/posts\/171158\/revisions"}],"predecessor-version":[{"id":171169,"href":"https:\/\/epochtimestr.com\/index.php\/wp-json\/wp\/v2\/posts\/171158\/revisions\/171169"}],"wp:featuredmedia":[{"embeddable":true,"href":"https:\/\/epochtimestr.com\/index.php\/wp-json\/wp\/v2\/media\/171159"}],"wp:attachment":[{"href":"https:\/\/epochtimestr.com\/index.php\/wp-json\/wp\/v2\/media?parent=171158"}],"wp:term":[{"taxonomy":"category","embeddable":true,"href":"https:\/\/epochtimestr.com\/index.php\/wp-json\/wp\/v2\/categories?post=171158"},{"taxonomy":"post_tag","embeddable":true,"href":"https:\/\/epochtimestr.com\/index.php\/wp-json\/wp\/v2\/tags?post=171158"}],"curies":[{"name":"wp","href":"https:\/\/api.w.org\/{rel}","templated":true}]}}