{"id":171170,"date":"2026-08-30T08:35:43","date_gmt":"2026-08-30T05:35:43","guid":{"rendered":"https:\/\/epochtimestr.com\/?p=171170"},"modified":"2026-08-30T08:35:44","modified_gmt":"2026-08-30T05:35:44","slug":"sgk-geri-odeme-listesine-3-ilac-daha-eklendi","status":"publish","type":"post","link":"https:\/\/epochtimestr.com\/index.php\/sgk-geri-odeme-listesine-3-ilac-daha-eklendi","title":{"rendered":"SGK Geri \u00d6deme Listesine 3 \u0130la\u00e7 Daha Eklendi"},"content":{"rendered":"<div class=\"wp-block-image\">\n<figure class=\"aligncenter size-full\"><img loading=\"lazy\" decoding=\"async\" width=\"1280\" height=\"853\" src=\"https:\/\/epochtimestr.com\/wp-content\/uploads\/2011y\/thermometer-1539191_1280-2.jpg\" alt=\"\" class=\"wp-image-171171\" srcset=\"https:\/\/epochtimestr.com\/wp-content\/uploads\/2011y\/thermometer-1539191_1280-2.jpg 1280w, https:\/\/epochtimestr.com\/wp-content\/uploads\/2011y\/thermometer-1539191_1280-2-300x200.jpg 300w, https:\/\/epochtimestr.com\/wp-content\/uploads\/2011y\/thermometer-1539191_1280-2-150x100.jpg 150w, https:\/\/epochtimestr.com\/wp-content\/uploads\/2011y\/thermometer-1539191_1280-2-768x512.jpg 768w\" sizes=\"(max-width: 1280px) 100vw, 1280px\" \/><figcaption class=\"wp-element-caption\">SGK geri \u00f6deme listesine 3 ila\u00e7 daha eklendi. (Foto\u011fraf: stevepb, Pixabay)<\/figcaption><\/figure><\/div>\n\n\n<h2 class=\"wp-block-heading\">\u00c7al\u0131\u015fma ve Sosyal G\u00fcvenlik Bakan\u0131 Vedat I\u015f\u0131khan, Resmi Gazete&#8217;de yay\u0131mlanan d\u00fczenlemeyle biri yerli 3 ilac\u0131n SGK geri \u00f6deme listesine eklendi\u011fini duyurdu.<\/h2>\n\n\n\n<p>\u00c7al\u0131\u015fma ve Sosyal G\u00fcvenlik Bakan\u0131 Vedat I\u015f\u0131khan, 2 Hemofili B ve bir  kanser ilac\u0131n\u0131n daha Sosyal G\u00fcvenlik Kurumu&#8217;nun (SGK) geri \u00f6deme listesine al\u0131nd\u0131\u011f\u0131n\u0131 bildirdi.<\/p>\n\n\n\n<p>I\u015f\u0131khan sosyal medya hesab\u0131ndan, Resmi Gazetede yay\u0131mlanan &#8220;Sosyal G\u00fcvenlik Kurumu <a href=\"https:\/\/epochtimestr.com\/index.php\/mental-saglik\" target=\"_blank\" rel=\"noreferrer noopener\">Sa\u011fl\u0131k<\/a> Uygulama Tebli\u011finde De\u011fi\u015fiklik Yap\u0131lmas\u0131na Dair <a href=\"https:\/\/www.resmigazete.gov.tr\/eskiler\/2026\/08\/20260829-8.pdf\" target=\"_blank\" rel=\"noreferrer noopener\">Tebli\u011fe<\/a>&#8221; ili\u015fkin payla\u015f\u0131mda bulundu.<\/p>\n\n\n\n<p><strong>Vatanda\u015flar\u0131n sa\u011fl\u0131k hizmetlerine eri\u015fimini kolayla\u015ft\u0131rmaya devam ettiklerini belirten I\u015f\u0131khan, \u015funlar\u0131 kaydetti:<\/strong><\/p>\n\n\n\n<p>&#8220;2 adet Hemofili B ilac\u0131 ve bir adet kanser ilac\u0131 olmak \u00fczere biri yerli \u00fcretim 3 ilac\u0131 geri \u00f6deme kapsam\u0131m\u0131za ald\u0131k. Eczanelerde \u00fcretilen majistral ila\u00e7larda kurumumuzca \u00f6denen tutar\u0131 y\u00fczde 40 oran\u0131nda art\u0131rd\u0131k. \u00c7ocuk cerrahisinde uygulanan i\u015flemlerin kapsam\u0131n\u0131 geni\u015flettik. Kemik ili\u011fi nakli s\u00fcre\u00e7lerinde \u00f6nemli iyile\u015ftirmeleri hayata ge\u00e7irdik.<\/p>\n\n\n\n<p>Kemik ili\u011fi nakli bekleyen hastalar\u0131m\u0131z i\u00e7in uygun verici bulunmas\u0131na y\u00f6nelik tarama s\u00fcre\u00e7lerini g\u00fcncelledik, tedavi ve ila\u00e7 uygulamalar\u0131na ili\u015fkin d\u00fczenlemeler yapt\u0131k. Hastalar\u0131m\u0131za acil \u015fifalar temenni ediyor, hay\u0131rl\u0131 olmas\u0131n\u0131 diliyorum.&#8221;<\/p>\n\n\n\n<figure class=\"wp-block-embed is-type-rich is-provider-x wp-block-embed-x\"><div class=\"wp-block-embed__wrapper\">\n<blockquote class=\"twitter-tweet\" data-width=\"550\" data-dnt=\"true\"><p lang=\"tr\" dir=\"ltr\">Vatanda\u015flar\u0131m\u0131z\u0131n sa\u011fl\u0131k hizmetlerine eri\u015fimini kolayla\u015ft\u0131rmaya devam ediyoruz.<br><br>\ud83d\udce3<a href=\"https:\/\/x.com\/sgksosyalmedya?ref_src=twsrc%5Etfw\">@sgksosyalmedya<\/a> arac\u0131l\u0131\u011f\u0131yla Sa\u011fl\u0131k Uygulama Tebli\u011fi\u2019nde yapt\u0131\u011f\u0131m\u0131z yeni d\u00fczenlemeler:<br><br>\u27052 adet Hemofili B ilac\u0131 ve 1 adet kanser ilac\u0131 olmak \u00fczere 1\u2019i yerli \u00fcretim 3 ilac\u0131 geri \u00f6deme kapsam\u0131m\u0131za\u2026 <a href=\"https:\/\/t.co\/JohGvXLOto\">pic.twitter.com\/JohGvXLOto<\/a><\/p>&mdash; Prof. Dr. Vedat I\u015f\u0131khan (@isikhanvedat) <a href=\"https:\/\/x.com\/isikhanvedat\/status\/2093604748561637812?ref_src=twsrc%5Etfw\">August 29, 2026<\/a><\/blockquote><script async src=\"https:\/\/platform.x.com\/widgets.js\" charset=\"utf-8\"><\/script>\n<\/div><\/figure>\n\n\n\n<p><\/p>\n","protected":false},"excerpt":{"rendered":"<p>\u00c7al\u0131\u015fma ve Sosyal G\u00fcvenlik Bakan\u0131 Vedat I\u015f\u0131khan, Resmi Gazete&#8217;de yay\u0131mlanan d\u00fczenlemeyle biri yerli 3 ilac\u0131n SGK geri \u00f6deme listesine eklendi\u011fini duyurdu. \u00c7al\u0131\u015fma ve Sosyal G\u00fcvenlik Bakan\u0131 Vedat I\u015f\u0131khan, 2 Hemofili B ve bir kanser ilac\u0131n\u0131n daha Sosyal G\u00fcvenlik Kurumu&#8217;nun (SGK) geri \u00f6deme listesine al\u0131nd\u0131\u011f\u0131n\u0131 bildirdi. I\u015f\u0131khan sosyal medya hesab\u0131ndan, Resmi Gazetede yay\u0131mlanan &#8220;Sosyal G\u00fcvenlik Kurumu [&hellip;]<\/p>\n","protected":false},"author":12791,"featured_media":171171,"comment_status":"open","ping_status":"open","sticky":false,"template":"","format":"standard","meta":{"_yoast_wpseo_focuskw":"SGK geri \u00f6deme","_yoast_wpseo_title":"","_yoast_wpseo_metadesc":"\u00c7SG Bakan\u0131 Vedat I\u015f\u0131khan, Resmi Gazete'de yay\u0131mlanan d\u00fczenlemeyle biri yerli 3 ilac\u0131n SGK geri \u00f6deme listesine eklendi\u011fini duyurdu.","_bbp_topic_count":0,"_bbp_reply_count":0,"_bbp_total_topic_count":0,"_bbp_total_reply_count":0,"_bbp_voice_count":0,"_bbp_anonymous_reply_count":0,"_bbp_topic_count_hidden":0,"_bbp_reply_count_hidden":0,"_bbp_forum_subforum_count":0,"footnotes":"","_yoast_wpseo_focuskw_text_input":""},"categories":[1,8138,19,8419],"tags":[12522,12523,7345,6042,2150],"yoast_head":"<!-- This site is optimized with the Yoast SEO plugin v23.0 - https:\/\/yoast.com\/wordpress\/plugins\/seo\/ -->\n<title>SGK Geri \u00d6deme Listesine 3 \u0130la\u00e7 Daha Eklendi - The Epoch Times TR<\/title>\n<meta name=\"description\" content=\"\u00c7SG Bakan\u0131 Vedat I\u015f\u0131khan, Resmi Gazete&#039;de yay\u0131mlanan d\u00fczenlemeyle biri yerli 3 ilac\u0131n SGK geri \u00f6deme listesine eklendi\u011fini duyurdu.\" \/>\n<meta name=\"robots\" content=\"index, follow, max-snippet:-1, max-image-preview:large, max-video-preview:-1\" \/>\n<link rel=\"canonical\" href=\"https:\/\/epochtimestr.com\/index.php\/sgk-geri-odeme-listesine-3-ilac-daha-eklendi\" \/>\n<meta property=\"og:locale\" content=\"tr_TR\" \/>\n<meta property=\"og:type\" content=\"article\" \/>\n<meta property=\"og:title\" content=\"SGK Geri \u00d6deme Listesine 3 \u0130la\u00e7 Daha Eklendi - The Epoch Times TR\" \/>\n<meta property=\"og:description\" content=\"\u00c7SG Bakan\u0131 Vedat I\u015f\u0131khan, Resmi Gazete&#039;de yay\u0131mlanan d\u00fczenlemeyle biri yerli 3 ilac\u0131n SGK geri \u00f6deme listesine eklendi\u011fini duyurdu.\" \/>\n<meta property=\"og:url\" content=\"https:\/\/epochtimestr.com\/index.php\/sgk-geri-odeme-listesine-3-ilac-daha-eklendi\" \/>\n<meta property=\"og:site_name\" content=\"The Epoch Times TR\" \/>\n<meta property=\"article:publisher\" content=\"https:\/\/www.facebook.com\/theepochtimestr\" \/>\n<meta property=\"article:published_time\" content=\"2026-08-30T05:35:43+00:00\" \/>\n<meta property=\"article:modified_time\" content=\"2026-08-30T05:35:44+00:00\" \/>\n<meta property=\"og:image\" content=\"https:\/\/epochtimestr.com\/wp-content\/uploads\/2011y\/thermometer-1539191_1280-2.jpg\" \/>\n\t<meta property=\"og:image:width\" content=\"1280\" \/>\n\t<meta property=\"og:image:height\" content=\"853\" \/>\n\t<meta property=\"og:image:type\" content=\"image\/jpeg\" \/>\n<meta name=\"author\" content=\"Haber Merkezi\" \/>\n<meta name=\"twitter:card\" content=\"summary_large_image\" \/>\n<meta name=\"twitter:creator\" content=\"@TheEpochTimesTR\" \/>\n<meta name=\"twitter:site\" content=\"@TheEpochTimesTR\" \/>\n<meta name=\"twitter:label1\" content=\"Yazan:\" \/>\n\t<meta name=\"twitter:data1\" content=\"Haber Merkezi\" \/>\n\t<meta name=\"twitter:label2\" content=\"Tahmini okuma s\u00fcresi\" \/>\n\t<meta name=\"twitter:data2\" content=\"2 dakika\" \/>\n<script type=\"application\/ld+json\" class=\"yoast-schema-graph\">{\"@context\":\"https:\/\/schema.org\",\"@graph\":[{\"@type\":\"Article\",\"@id\":\"https:\/\/epochtimestr.com\/index.php\/sgk-geri-odeme-listesine-3-ilac-daha-eklendi#article\",\"isPartOf\":{\"@id\":\"https:\/\/epochtimestr.com\/index.php\/sgk-geri-odeme-listesine-3-ilac-daha-eklendi\"},\"author\":{\"name\":\"Haber Merkezi\",\"@id\":\"https:\/\/epochtimestr.com\/#\/schema\/person\/3dc5c3adeb9f43923c5aa85889172fdd\"},\"headline\":\"SGK Geri \u00d6deme Listesine 3 \u0130la\u00e7 Daha Eklendi\",\"datePublished\":\"2026-08-30T05:35:43+00:00\",\"dateModified\":\"2026-08-30T05:35:44+00:00\",\"mainEntityOfPage\":{\"@id\":\"https:\/\/epochtimestr.com\/index.php\/sgk-geri-odeme-listesine-3-ilac-daha-eklendi\"},\"wordCount\":238,\"commentCount\":0,\"publisher\":{\"@id\":\"https:\/\/epochtimestr.com\/#organization\"},\"image\":{\"@id\":\"https:\/\/epochtimestr.com\/index.php\/sgk-geri-odeme-listesine-3-ilac-daha-eklendi#primaryimage\"},\"thumbnailUrl\":\"https:\/\/epochtimestr.com\/wp-content\/uploads\/2011y\/thermometer-1539191_1280-2.jpg\",\"keywords\":[\"\u00c7SG Bakan\u0131 Vedat I\u015f\u0131khan\",\"Geri \u00d6deme\",\"\u0130la\u00e7\",\"Resmi Gazete\",\"sgk\"],\"articleSection\":[\"G\u00dcNDEM\",\"MAN\u015eET\",\"Sa\u011fl\u0131k\",\"Ya\u015fam\"],\"inLanguage\":\"tr\",\"potentialAction\":[{\"@type\":\"CommentAction\",\"name\":\"Comment\",\"target\":[\"https:\/\/epochtimestr.com\/index.php\/sgk-geri-odeme-listesine-3-ilac-daha-eklendi#respond\"]}]},{\"@type\":\"WebPage\",\"@id\":\"https:\/\/epochtimestr.com\/index.php\/sgk-geri-odeme-listesine-3-ilac-daha-eklendi\",\"url\":\"https:\/\/epochtimestr.com\/index.php\/sgk-geri-odeme-listesine-3-ilac-daha-eklendi\",\"name\":\"SGK Geri \u00d6deme Listesine 3 \u0130la\u00e7 Daha Eklendi - The Epoch Times TR\",\"isPartOf\":{\"@id\":\"https:\/\/epochtimestr.com\/#website\"},\"primaryImageOfPage\":{\"@id\":\"https:\/\/epochtimestr.com\/index.php\/sgk-geri-odeme-listesine-3-ilac-daha-eklendi#primaryimage\"},\"image\":{\"@id\":\"https:\/\/epochtimestr.com\/index.php\/sgk-geri-odeme-listesine-3-ilac-daha-eklendi#primaryimage\"},\"thumbnailUrl\":\"https:\/\/epochtimestr.com\/wp-content\/uploads\/2011y\/thermometer-1539191_1280-2.jpg\",\"datePublished\":\"2026-08-30T05:35:43+00:00\",\"dateModified\":\"2026-08-30T05:35:44+00:00\",\"description\":\"\u00c7SG Bakan\u0131 Vedat I\u015f\u0131khan, Resmi Gazete'de yay\u0131mlanan d\u00fczenlemeyle biri yerli 3 ilac\u0131n SGK geri \u00f6deme listesine eklendi\u011fini duyurdu.\",\"inLanguage\":\"tr\",\"potentialAction\":[{\"@type\":\"ReadAction\",\"target\":[\"https:\/\/epochtimestr.com\/index.php\/sgk-geri-odeme-listesine-3-ilac-daha-eklendi\"]}]},{\"@type\":\"ImageObject\",\"inLanguage\":\"tr\",\"@id\":\"https:\/\/epochtimestr.com\/index.php\/sgk-geri-odeme-listesine-3-ilac-daha-eklendi#primaryimage\",\"url\":\"https:\/\/epochtimestr.com\/wp-content\/uploads\/2011y\/thermometer-1539191_1280-2.jpg\",\"contentUrl\":\"https:\/\/epochtimestr.com\/wp-content\/uploads\/2011y\/thermometer-1539191_1280-2.jpg\",\"width\":1280,\"height\":853},{\"@type\":\"WebSite\",\"@id\":\"https:\/\/epochtimestr.com\/#website\",\"url\":\"https:\/\/epochtimestr.com\/\",\"name\":\"The Epoch Times TR\",\"description\":\"De\u011fi\u015fen D\u00fcnyam\u0131za Taze Bir Bak\u0131\u015f\",\"publisher\":{\"@id\":\"https:\/\/epochtimestr.com\/#organization\"},\"potentialAction\":[{\"@type\":\"SearchAction\",\"target\":{\"@type\":\"EntryPoint\",\"urlTemplate\":\"https:\/\/epochtimestr.com\/?s={search_term_string}\"},\"query-input\":\"required name=search_term_string\"}],\"inLanguage\":\"tr\"},{\"@type\":\"Organization\",\"@id\":\"https:\/\/epochtimestr.com\/#organization\",\"name\":\"The EpochTimes T\u00fcrkiye\",\"url\":\"https:\/\/epochtimestr.com\/\",\"logo\":{\"@type\":\"ImageObject\",\"inLanguage\":\"tr\",\"@id\":\"https:\/\/epochtimestr.com\/#\/schema\/logo\/image\/\",\"url\":\"https:\/\/epochtimestr.com\/wp-content\/uploads\/2011y\/ET-Logo-YG.jpg\",\"contentUrl\":\"https:\/\/epochtimestr.com\/wp-content\/uploads\/2011y\/ET-Logo-YG.jpg\",\"width\":346,\"height\":29,\"caption\":\"The EpochTimes T\u00fcrkiye\"},\"image\":{\"@id\":\"https:\/\/epochtimestr.com\/#\/schema\/logo\/image\/\"},\"sameAs\":[\"https:\/\/www.facebook.com\/theepochtimestr\",\"https:\/\/x.com\/TheEpochTimesTR\",\"https:\/\/www.instagram.com\/epochtimestr\"]},{\"@type\":\"Person\",\"@id\":\"https:\/\/epochtimestr.com\/#\/schema\/person\/3dc5c3adeb9f43923c5aa85889172fdd\",\"name\":\"Haber Merkezi\",\"image\":{\"@type\":\"ImageObject\",\"inLanguage\":\"tr\",\"@id\":\"https:\/\/epochtimestr.com\/#\/schema\/person\/image\/\",\"url\":\"https:\/\/secure.gravatar.com\/avatar\/d73f772ba5a74f28601361e17c2f93e6?s=96&d=mm&r=g\",\"contentUrl\":\"https:\/\/secure.gravatar.com\/avatar\/d73f772ba5a74f28601361e17c2f93e6?s=96&d=mm&r=g\",\"caption\":\"Haber Merkezi\"},\"url\":\"https:\/\/epochtimestr.com\/index.php\/author\/sendag\"}]}<\/script>\n<!-- \/ Yoast SEO plugin. -->","yoast_head_json":{"title":"SGK Geri \u00d6deme Listesine 3 \u0130la\u00e7 Daha Eklendi - The Epoch Times TR","description":"\u00c7SG Bakan\u0131 Vedat I\u015f\u0131khan, Resmi Gazete'de yay\u0131mlanan d\u00fczenlemeyle biri yerli 3 ilac\u0131n SGK geri \u00f6deme listesine eklendi\u011fini duyurdu.","robots":{"index":"index","follow":"follow","max-snippet":"max-snippet:-1","max-image-preview":"max-image-preview:large","max-video-preview":"max-video-preview:-1"},"canonical":"https:\/\/epochtimestr.com\/index.php\/sgk-geri-odeme-listesine-3-ilac-daha-eklendi","og_locale":"tr_TR","og_type":"article","og_title":"SGK Geri \u00d6deme Listesine 3 \u0130la\u00e7 Daha Eklendi - The Epoch Times TR","og_description":"\u00c7SG Bakan\u0131 Vedat I\u015f\u0131khan, Resmi Gazete'de yay\u0131mlanan d\u00fczenlemeyle biri yerli 3 ilac\u0131n SGK geri \u00f6deme listesine eklendi\u011fini duyurdu.","og_url":"https:\/\/epochtimestr.com\/index.php\/sgk-geri-odeme-listesine-3-ilac-daha-eklendi","og_site_name":"The Epoch Times TR","article_publisher":"https:\/\/www.facebook.com\/theepochtimestr","article_published_time":"2026-08-30T05:35:43+00:00","article_modified_time":"2026-08-30T05:35:44+00:00","og_image":[{"width":1280,"height":853,"url":"https:\/\/epochtimestr.com\/wp-content\/uploads\/2011y\/thermometer-1539191_1280-2.jpg","type":"image\/jpeg"}],"author":"Haber Merkezi","twitter_card":"summary_large_image","twitter_creator":"@TheEpochTimesTR","twitter_site":"@TheEpochTimesTR","twitter_misc":{"Yazan:":"Haber Merkezi","Tahmini okuma s\u00fcresi":"2 dakika"},"schema":{"@context":"https:\/\/schema.org","@graph":[{"@type":"Article","@id":"https:\/\/epochtimestr.com\/index.php\/sgk-geri-odeme-listesine-3-ilac-daha-eklendi#article","isPartOf":{"@id":"https:\/\/epochtimestr.com\/index.php\/sgk-geri-odeme-listesine-3-ilac-daha-eklendi"},"author":{"name":"Haber Merkezi","@id":"https:\/\/epochtimestr.com\/#\/schema\/person\/3dc5c3adeb9f43923c5aa85889172fdd"},"headline":"SGK Geri \u00d6deme Listesine 3 \u0130la\u00e7 Daha Eklendi","datePublished":"2026-08-30T05:35:43+00:00","dateModified":"2026-08-30T05:35:44+00:00","mainEntityOfPage":{"@id":"https:\/\/epochtimestr.com\/index.php\/sgk-geri-odeme-listesine-3-ilac-daha-eklendi"},"wordCount":238,"commentCount":0,"publisher":{"@id":"https:\/\/epochtimestr.com\/#organization"},"image":{"@id":"https:\/\/epochtimestr.com\/index.php\/sgk-geri-odeme-listesine-3-ilac-daha-eklendi#primaryimage"},"thumbnailUrl":"https:\/\/epochtimestr.com\/wp-content\/uploads\/2011y\/thermometer-1539191_1280-2.jpg","keywords":["\u00c7SG Bakan\u0131 Vedat I\u015f\u0131khan","Geri \u00d6deme","\u0130la\u00e7","Resmi Gazete","sgk"],"articleSection":["G\u00dcNDEM","MAN\u015eET","Sa\u011fl\u0131k","Ya\u015fam"],"inLanguage":"tr","potentialAction":[{"@type":"CommentAction","name":"Comment","target":["https:\/\/epochtimestr.com\/index.php\/sgk-geri-odeme-listesine-3-ilac-daha-eklendi#respond"]}]},{"@type":"WebPage","@id":"https:\/\/epochtimestr.com\/index.php\/sgk-geri-odeme-listesine-3-ilac-daha-eklendi","url":"https:\/\/epochtimestr.com\/index.php\/sgk-geri-odeme-listesine-3-ilac-daha-eklendi","name":"SGK Geri \u00d6deme Listesine 3 \u0130la\u00e7 Daha Eklendi - The Epoch Times TR","isPartOf":{"@id":"https:\/\/epochtimestr.com\/#website"},"primaryImageOfPage":{"@id":"https:\/\/epochtimestr.com\/index.php\/sgk-geri-odeme-listesine-3-ilac-daha-eklendi#primaryimage"},"image":{"@id":"https:\/\/epochtimestr.com\/index.php\/sgk-geri-odeme-listesine-3-ilac-daha-eklendi#primaryimage"},"thumbnailUrl":"https:\/\/epochtimestr.com\/wp-content\/uploads\/2011y\/thermometer-1539191_1280-2.jpg","datePublished":"2026-08-30T05:35:43+00:00","dateModified":"2026-08-30T05:35:44+00:00","description":"\u00c7SG Bakan\u0131 Vedat I\u015f\u0131khan, Resmi Gazete'de yay\u0131mlanan d\u00fczenlemeyle biri yerli 3 ilac\u0131n SGK geri \u00f6deme listesine eklendi\u011fini duyurdu.","inLanguage":"tr","potentialAction":[{"@type":"ReadAction","target":["https:\/\/epochtimestr.com\/index.php\/sgk-geri-odeme-listesine-3-ilac-daha-eklendi"]}]},{"@type":"ImageObject","inLanguage":"tr","@id":"https:\/\/epochtimestr.com\/index.php\/sgk-geri-odeme-listesine-3-ilac-daha-eklendi#primaryimage","url":"https:\/\/epochtimestr.com\/wp-content\/uploads\/2011y\/thermometer-1539191_1280-2.jpg","contentUrl":"https:\/\/epochtimestr.com\/wp-content\/uploads\/2011y\/thermometer-1539191_1280-2.jpg","width":1280,"height":853},{"@type":"WebSite","@id":"https:\/\/epochtimestr.com\/#website","url":"https:\/\/epochtimestr.com\/","name":"The Epoch Times TR","description":"De\u011fi\u015fen D\u00fcnyam\u0131za Taze Bir Bak\u0131\u015f","publisher":{"@id":"https:\/\/epochtimestr.com\/#organization"},"potentialAction":[{"@type":"SearchAction","target":{"@type":"EntryPoint","urlTemplate":"https:\/\/epochtimestr.com\/?s={search_term_string}"},"query-input":"required name=search_term_string"}],"inLanguage":"tr"},{"@type":"Organization","@id":"https:\/\/epochtimestr.com\/#organization","name":"The EpochTimes T\u00fcrkiye","url":"https:\/\/epochtimestr.com\/","logo":{"@type":"ImageObject","inLanguage":"tr","@id":"https:\/\/epochtimestr.com\/#\/schema\/logo\/image\/","url":"https:\/\/epochtimestr.com\/wp-content\/uploads\/2011y\/ET-Logo-YG.jpg","contentUrl":"https:\/\/epochtimestr.com\/wp-content\/uploads\/2011y\/ET-Logo-YG.jpg","width":346,"height":29,"caption":"The EpochTimes T\u00fcrkiye"},"image":{"@id":"https:\/\/epochtimestr.com\/#\/schema\/logo\/image\/"},"sameAs":["https:\/\/www.facebook.com\/theepochtimestr","https:\/\/x.com\/TheEpochTimesTR","https:\/\/www.instagram.com\/epochtimestr"]},{"@type":"Person","@id":"https:\/\/epochtimestr.com\/#\/schema\/person\/3dc5c3adeb9f43923c5aa85889172fdd","name":"Haber Merkezi","image":{"@type":"ImageObject","inLanguage":"tr","@id":"https:\/\/epochtimestr.com\/#\/schema\/person\/image\/","url":"https:\/\/secure.gravatar.com\/avatar\/d73f772ba5a74f28601361e17c2f93e6?s=96&d=mm&r=g","contentUrl":"https:\/\/secure.gravatar.com\/avatar\/d73f772ba5a74f28601361e17c2f93e6?s=96&d=mm&r=g","caption":"Haber Merkezi"},"url":"https:\/\/epochtimestr.com\/index.php\/author\/sendag"}]}},"_links":{"self":[{"href":"https:\/\/epochtimestr.com\/index.php\/wp-json\/wp\/v2\/posts\/171170"}],"collection":[{"href":"https:\/\/epochtimestr.com\/index.php\/wp-json\/wp\/v2\/posts"}],"about":[{"href":"https:\/\/epochtimestr.com\/index.php\/wp-json\/wp\/v2\/types\/post"}],"author":[{"embeddable":true,"href":"https:\/\/epochtimestr.com\/index.php\/wp-json\/wp\/v2\/users\/12791"}],"replies":[{"embeddable":true,"href":"https:\/\/epochtimestr.com\/index.php\/wp-json\/wp\/v2\/comments?post=171170"}],"version-history":[{"count":3,"href":"https:\/\/epochtimestr.com\/index.php\/wp-json\/wp\/v2\/posts\/171170\/revisions"}],"predecessor-version":[{"id":171192,"href":"https:\/\/epochtimestr.com\/index.php\/wp-json\/wp\/v2\/posts\/171170\/revisions\/171192"}],"wp:featuredmedia":[{"embeddable":true,"href":"https:\/\/epochtimestr.com\/index.php\/wp-json\/wp\/v2\/media\/171171"}],"wp:attachment":[{"href":"https:\/\/epochtimestr.com\/index.php\/wp-json\/wp\/v2\/media?parent=171170"}],"wp:term":[{"taxonomy":"category","embeddable":true,"href":"https:\/\/epochtimestr.com\/index.php\/wp-json\/wp\/v2\/categories?post=171170"},{"taxonomy":"post_tag","embeddable":true,"href":"https:\/\/epochtimestr.com\/index.php\/wp-json\/wp\/v2\/tags?post=171170"}],"curies":[{"name":"wp","href":"https:\/\/api.w.org\/{rel}","templated":true}]}}