{"id":171175,"date":"2026-08-30T08:31:55","date_gmt":"2026-08-30T05:31:55","guid":{"rendered":"https:\/\/epochtimestr.com\/?p=171175"},"modified":"2026-08-30T08:31:57","modified_gmt":"2026-08-30T05:31:57","slug":"herakles-kapisi-ve-uc-anitsal-giris-gun-yuzune-cikarildi","status":"publish","type":"post","link":"https:\/\/epochtimestr.com\/index.php\/herakles-kapisi-ve-uc-anitsal-giris-gun-yuzune-cikarildi","title":{"rendered":"Herakles Kap\u0131s\u0131 ve \u00dc\u00e7 An\u0131tsal Giri\u015f G\u00fcn Y\u00fcz\u00fcne \u00c7\u0131kar\u0131ld\u0131"},"content":{"rendered":"<div class=\"wp-block-image\">\n<figure class=\"aligncenter size-full\"><img loading=\"lazy\" decoding=\"async\" width=\"1600\" height=\"796\" src=\"https:\/\/epochtimestr.com\/wp-content\/uploads\/2011y\/51243801-side-antik-kenti-3-jpeg.jpg\" alt=\"Side Antik Kenti\u2019nde tarihi ke\u015fif: Herakles kap\u0131s\u0131 ve \u00fc\u00e7 an\u0131tsal giri\u015f g\u00fcn y\u00fcz\u00fcne \u00e7\u0131kar\u0131ld\u0131. (Foto\u011fraf: Turizm ve K\u00fclt\u00fcr Bakanl\u0131\u011f\u0131 web sitesi)\" class=\"wp-image-171176\" srcset=\"https:\/\/epochtimestr.com\/wp-content\/uploads\/2011y\/51243801-side-antik-kenti-3-jpeg.jpg 1600w, https:\/\/epochtimestr.com\/wp-content\/uploads\/2011y\/51243801-side-antik-kenti-3-jpeg-300x149.jpg 300w, https:\/\/epochtimestr.com\/wp-content\/uploads\/2011y\/51243801-side-antik-kenti-3-jpeg-150x75.jpg 150w, https:\/\/epochtimestr.com\/wp-content\/uploads\/2011y\/51243801-side-antik-kenti-3-jpeg-768x382.jpg 768w, https:\/\/epochtimestr.com\/wp-content\/uploads\/2011y\/51243801-side-antik-kenti-3-jpeg-1536x764.jpg 1536w\" sizes=\"(max-width: 1600px) 100vw, 1600px\" \/><figcaption class=\"wp-element-caption\">Side Antik Kenti\u2019nde tarihi ke\u015fif: Herakles kap\u0131s\u0131 ve \u00fc\u00e7 an\u0131tsal giri\u015f g\u00fcn y\u00fcz\u00fcne \u00e7\u0131kar\u0131ld\u0131. (Foto\u011fraf: Turizm ve K\u00fclt\u00fcr Bakanl\u0131\u011f\u0131 web sitesi)<\/figcaption><\/figure><\/div>\n\n\n<h2 class=\"wp-block-heading\">Antalya\u2019n\u0131n Manavgat il\u00e7esinde yer alan Side Antik Kenti\u2019nde y\u00fcr\u00fct\u00fclen kaz\u0131 \u00e7al\u0131\u015fmalar\u0131nda, Roma D\u00f6nemi\u2019nden Ge\u00e7 Antik \u00c7a\u011f\u2019a uzanan kentsel d\u00f6n\u00fc\u015f\u00fcm\u00fcn izlerini ta\u015f\u0131yan muazzam mimari yap\u0131lar ortaya \u00e7\u0131kar\u0131ld\u0131.<\/h2>\n\n\n\n<p>Antalya\u2019n\u0131n Manavgat il\u00e7esinde yer alan Side Antik Kenti\u2019nde y\u00fcr\u00fct\u00fclen kaz\u0131 \u00e7al\u0131\u015fmalar\u0131nda, <a href=\"https:\/\/epochtimestr.com\/index.php\/bizans-ve-roma-donemine-ait-553-adet-sikke-ele-gecirildi\" target=\"_blank\" rel=\"noreferrer noopener\">Roma D\u00f6nemi<\/a>\u2019nden Ge\u00e7 Antik \u00c7a\u011f\u2019a uzanan kentsel d\u00f6n\u00fc\u015f\u00fcm\u00fcn izlerini ta\u015f\u0131yan muazzam mimari yap\u0131lar ortaya \u00e7\u0131kar\u0131ld\u0131. K\u00fclt\u00fcr ve Turizm Bakanl\u0131\u011f\u0131 \u00f6nc\u00fcl\u00fc\u011f\u00fcnde y\u00fcr\u00fct\u00fclen &#8220;Gelece\u011fe Miras Projesi&#8221; kapsam\u0131nda, kentin 390 metre uzunlu\u011fundaki &#8220;b Caddesi&#8221; kaz\u0131lar\u0131 ba\u015far\u0131yla tamamland\u0131. \u00c7al\u0131\u015fmalar sonucunda; \u00fcnl\u00fc Herakles Kap\u0131s\u0131\u2019n\u0131n mitolojik kabartmalar\u0131, \u00fc\u00e7 an\u0131tsal giri\u015f, geni\u015f bir stoa (s\u00fctunlu galeri) ve Piskoposluk Saray\u0131 ile ba\u011flant\u0131l\u0131 mimari d\u00fczenlemeler g\u00fcn y\u00fcz\u00fcne \u00e7\u0131kar\u0131ld\u0131.<\/p>\n\n\n<div class=\"wp-block-image\">\n<figure class=\"aligncenter size-full\"><img loading=\"lazy\" decoding=\"async\" width=\"1000\" height=\"659\" src=\"https:\/\/epochtimestr.com\/wp-content\/uploads\/2011y\/512442side-antik-kenti-6-jpeg.jpg\" alt=\"(Foto\u011fraf: Turizm ve K\u00fclt\u00fcr Bakanl\u0131\u011f\u0131 web sitesi)\" class=\"wp-image-171180\" srcset=\"https:\/\/epochtimestr.com\/wp-content\/uploads\/2011y\/512442side-antik-kenti-6-jpeg.jpg 1000w, https:\/\/epochtimestr.com\/wp-content\/uploads\/2011y\/512442side-antik-kenti-6-jpeg-300x198.jpg 300w, https:\/\/epochtimestr.com\/wp-content\/uploads\/2011y\/512442side-antik-kenti-6-jpeg-150x99.jpg 150w, https:\/\/epochtimestr.com\/wp-content\/uploads\/2011y\/512442side-antik-kenti-6-jpeg-768x506.jpg 768w\" sizes=\"(max-width: 1000px) 100vw, 1000px\" \/><figcaption class=\"wp-element-caption\">(Foto\u011fraf: Turizm ve K\u00fclt\u00fcr Bakanl\u0131\u011f\u0131 web sitesi)<\/figcaption><\/figure><\/div>\n\n\n<p><strong>Kentin Kalbi: Roma D\u00f6nemi\u2019nin An\u0131tsal Aks\u0131<\/strong><\/p>\n\n\n\n<p>K\u00fclt\u00fcr ve Turizm Bakan\u0131 Mehmet Nuri Ersoy, sosyal medya hesab\u0131ndan yapt\u0131\u011f\u0131 payla\u015f\u0131mda, Side\u2019de tarihin g\u00f6rkemli kap\u0131lar\u0131ndan birini daha insanl\u0131\u011fa kazand\u0131rd\u0131klar\u0131n\u0131 m\u00fcjdeledi. Kaz\u0131 sonu\u00e7lar\u0131, b Caddesi\u2019nin antik d\u00f6nemde yaln\u0131zca bir ula\u015f\u0131m g\u00fczergah\u0131 olmad\u0131\u011f\u0131n\u0131, kente gelenleri kar\u015f\u0131layan ve kamusal yap\u0131lar\u0131 bir araya getiren an\u0131tsal bir merkez oldu\u011funu kan\u0131tlad\u0131.<\/p>\n\n\n<div class=\"wp-block-image\">\n<figure class=\"aligncenter size-full\"><img loading=\"lazy\" decoding=\"async\" width=\"1600\" height=\"900\" src=\"https:\/\/epochtimestr.com\/wp-content\/uploads\/2011y\/512440side-antik-kenti-2-jpeg.jpg\" alt=\"(Foto\u011fraf: Turizm ve K\u00fclt\u00fcr Bakanl\u0131\u011f\u0131 web sitesi)\" class=\"wp-image-171179\" srcset=\"https:\/\/epochtimestr.com\/wp-content\/uploads\/2011y\/512440side-antik-kenti-2-jpeg.jpg 1600w, https:\/\/epochtimestr.com\/wp-content\/uploads\/2011y\/512440side-antik-kenti-2-jpeg-300x169.jpg 300w, https:\/\/epochtimestr.com\/wp-content\/uploads\/2011y\/512440side-antik-kenti-2-jpeg-150x84.jpg 150w, https:\/\/epochtimestr.com\/wp-content\/uploads\/2011y\/512440side-antik-kenti-2-jpeg-768x432.jpg 768w, https:\/\/epochtimestr.com\/wp-content\/uploads\/2011y\/512440side-antik-kenti-2-jpeg-1536x864.jpg 1536w\" sizes=\"(max-width: 1600px) 100vw, 1600px\" \/><figcaption class=\"wp-element-caption\">(Foto\u011fraf: Turizm ve K\u00fclt\u00fcr Bakanl\u0131\u011f\u0131 web sitesi)<\/figcaption><\/figure><\/div>\n\n\n<p>Caddenin kuzeyinde, MS 2. y\u00fczy\u0131la ait do\u011fu-bat\u0131 do\u011frultusunda uzanan bir stoa ve bu galeriye ba\u011fl\u0131 \u00e7ok say\u0131da mekan tespit edildi. D\u00f6nemin mimari dokusunu yans\u0131tan s\u00f6ve ve e\u015fik ta\u015flar\u0131 ise caddenin ge\u00e7mi\u015fteki yo\u011fun ticari ve sosyal ya\u015fam\u0131na \u0131\u015f\u0131k tutuyor. Bu hat \u00fczerinde bat\u0131dan do\u011fuya do\u011fru s\u0131ras\u0131yla; Bat\u0131 Kap\u0131s\u0131, Herakles Kap\u0131s\u0131 ve Kuzey Hamam\u0131 Kap\u0131s\u0131 olmak \u00fczere \u00fc\u00e7 an\u0131tsal giri\u015f belgelendi.<\/p>\n\n\n<div class=\"wp-block-image\">\n<figure class=\"aligncenter size-full\"><img loading=\"lazy\" decoding=\"async\" width=\"1600\" height=\"917\" src=\"https:\/\/epochtimestr.com\/wp-content\/uploads\/2011y\/512439side-antik-kenti-1-jpeg.jpg\" alt=\"(Foto\u011fraf: Turizm ve K\u00fclt\u00fcr Bakanl\u0131\u011f\u0131 web sitesi)\" class=\"wp-image-171178\" srcset=\"https:\/\/epochtimestr.com\/wp-content\/uploads\/2011y\/512439side-antik-kenti-1-jpeg.jpg 1600w, https:\/\/epochtimestr.com\/wp-content\/uploads\/2011y\/512439side-antik-kenti-1-jpeg-300x172.jpg 300w, https:\/\/epochtimestr.com\/wp-content\/uploads\/2011y\/512439side-antik-kenti-1-jpeg-150x86.jpg 150w, https:\/\/epochtimestr.com\/wp-content\/uploads\/2011y\/512439side-antik-kenti-1-jpeg-768x440.jpg 768w, https:\/\/epochtimestr.com\/wp-content\/uploads\/2011y\/512439side-antik-kenti-1-jpeg-1536x880.jpg 1536w, https:\/\/epochtimestr.com\/wp-content\/uploads\/2011y\/512439side-antik-kenti-1-jpeg-750x430.jpg 750w\" sizes=\"(max-width: 1600px) 100vw, 1600px\" \/><figcaption class=\"wp-element-caption\">(Foto\u011fraf: Turizm ve K\u00fclt\u00fcr Bakanl\u0131\u011f\u0131 web sitesi)<\/figcaption><\/figure><\/div>\n\n\n<h3 class=\"wp-block-heading\">Herakles Kap\u0131s\u0131\u2019nda Mitolojik S\u0131rlar ve &#8220;Dev\u015firme&#8221; Sanat<\/h3>\n\n\n\n<p>Ke\u015ffin en heyecan verici unsurlar\u0131ndan biri olan Herakles Kap\u0131s\u0131, \u00fczerindeki fig\u00fcrl\u00fc kabartmalarla Side\u2019nin sanat tarihine yeni bir soluk getiriyor. MS 3. y\u00fczy\u0131l\u0131n ba\u015flar\u0131na tarihlenen bu benzersiz kabartmalarda, mitolojinin en g\u00fc\u00e7l\u00fc kahraman\u0131 Herakles\u2019in On \u0130ki G\u00f6revi betimleniyor. Kap\u0131n\u0131n kasetlerinde (tavan s\u00fcslemelerinde) ise antik d\u00fcnyan\u0131n \u00f6nemli tanr\u0131 ve tanr\u0131\u00e7alar\u0131 olan <a href=\"https:\/\/epochtimestr.com\/index.php\/assos-antik-kentindeki-athena-tapinaginin-bloklari-ayaga-kaldirildi\" target=\"_blank\" rel=\"noreferrer noopener\">Athena<\/a>, Zeus, Artemis, Hygeia ve Tykhe tasvirleri yer al\u0131yor.<\/p>\n\n\n<div class=\"wp-block-image\">\n<figure class=\"aligncenter size-full\"><img loading=\"lazy\" decoding=\"async\" width=\"1600\" height=\"900\" src=\"https:\/\/epochtimestr.com\/wp-content\/uploads\/2011y\/512444side-antik-kenti-7-jpeg.jpg\" alt=\"(Foto\u011fraf: Turizm ve K\u00fclt\u00fcr Bakanl\u0131\u011f\u0131 web sitesi)\" class=\"wp-image-171177\" srcset=\"https:\/\/epochtimestr.com\/wp-content\/uploads\/2011y\/512444side-antik-kenti-7-jpeg.jpg 1600w, https:\/\/epochtimestr.com\/wp-content\/uploads\/2011y\/512444side-antik-kenti-7-jpeg-300x169.jpg 300w, https:\/\/epochtimestr.com\/wp-content\/uploads\/2011y\/512444side-antik-kenti-7-jpeg-150x84.jpg 150w, https:\/\/epochtimestr.com\/wp-content\/uploads\/2011y\/512444side-antik-kenti-7-jpeg-768x432.jpg 768w, https:\/\/epochtimestr.com\/wp-content\/uploads\/2011y\/512444side-antik-kenti-7-jpeg-1536x864.jpg 1536w\" sizes=\"(max-width: 1600px) 100vw, 1600px\" \/><figcaption class=\"wp-element-caption\">(Foto\u011fraf: Turizm ve K\u00fclt\u00fcr Bakanl\u0131\u011f\u0131 web sitesi)<\/figcaption><\/figure><\/div>\n\n\n<p><strong>Ge\u00e7mi\u015fin Miras\u0131 Sonraki \u00c7a\u011flara Ta\u015f\u0131nm\u0131\u015f<\/strong><\/p>\n\n\n\n<p>Bakan Ersoy\u2019un payla\u015ft\u0131\u011f\u0131 bilgilere g\u00f6re, bu de\u011ferli kabartmalar Ge\u00e7<a href=\"https:\/\/epochtimestr.com\/index.php\/antikcag-anadolu-filozoflari-sergisi-izmirde-acildi-yesilova-hoyugunde-yogun-ilgi\"> Antik \u00c7a\u011f<\/a>\u2019da kap\u0131n\u0131n in\u015fas\u0131 s\u0131ras\u0131nda &#8220;dev\u015firme malzeme&#8221; olarak yeniden kullan\u0131lm\u0131\u015f. Bu durum, Side halk\u0131n\u0131n de\u011fi\u015fen mimari ihtiya\u00e7lar do\u011frultusunda eski d\u00f6nemlerin sanat eserlerini koruyup yeni yap\u0131lara nas\u0131l entegre etti\u011fini g\u00f6steriyor.<br \/>Herakles Kap\u0131s\u0131, kentin mitolojik ve dini kimli\u011fini g\u00f6zler \u00f6n\u00fcne sererken, ayn\u0131 zamanda Side\u2019nin Roma D\u00f6nemi ile Ge\u00e7 Antik \u00c7a\u011f aras\u0131ndaki k\u00fclt\u00fcrel ve mimari d\u00f6n\u00fc\u015f\u00fcm\u00fcn\u00fc kesintisiz bir \u015fekilde izleme imkan\u0131 sunuyor. \u00c7ok katmanl\u0131 tarihi yap\u0131s\u0131yla Side, gelecek arkeolojik ara\u015ft\u0131rmalar i\u00e7in \u015fimdiden en \u00f6nemli merkezlerden biri haline geldi.<\/p>\n\n\n\n<figure class=\"wp-block-embed is-type-rich is-provider-x wp-block-embed-x\"><div class=\"wp-block-embed__wrapper\">\n<blockquote class=\"twitter-tweet\" data-width=\"550\" data-dnt=\"true\"><p lang=\"tr\" dir=\"ltr\">Side\u2019de tarihin g\u00f6rkemli kap\u0131lar\u0131ndan birini daha g\u00fcn y\u00fcz\u00fcne \u00e7\u0131kard\u0131k.<br><br>Yakla\u015f\u0131k 390 metre uzunlu\u011fundaki b Caddesi\u2019nde tamamlad\u0131\u011f\u0131m\u0131z kaz\u0131lar, Side\u2019nin Roma\u2019dan Ge\u00e7 Antik \u00c7a\u011f\u2019a uzanan d\u00f6n\u00fc\u015f\u00fcm\u00fcne ili\u015fkin \u00f6nemli izler ortaya koydu. <br><br>Caddenin an\u0131tsal giri\u015flerinden Herakles Kap\u0131s\u0131,\u2026 <a href=\"https:\/\/t.co\/ddwmzbk2mN\">pic.twitter.com\/ddwmzbk2mN<\/a><\/p>&mdash; Mehmet Nuri Ersoy (@MehmetNuriErsoy) <a href=\"https:\/\/x.com\/MehmetNuriErsoy\/status\/2092538182617158086?ref_src=twsrc%5Etfw\">August 26, 2026<\/a><\/blockquote><script async src=\"https:\/\/platform.x.com\/widgets.js\" charset=\"utf-8\"><\/script>\n<\/div><\/figure>\n","protected":false},"excerpt":{"rendered":"<p>Antalya\u2019n\u0131n Manavgat il\u00e7esinde yer alan Side Antik Kenti\u2019nde y\u00fcr\u00fct\u00fclen kaz\u0131 \u00e7al\u0131\u015fmalar\u0131nda, Roma D\u00f6nemi\u2019nden Ge\u00e7 Antik \u00c7a\u011f\u2019a uzanan kentsel d\u00f6n\u00fc\u015f\u00fcm\u00fcn izlerini ta\u015f\u0131yan muazzam mimari yap\u0131lar ortaya \u00e7\u0131kar\u0131ld\u0131. Antalya\u2019n\u0131n Manavgat il\u00e7esinde yer alan Side Antik Kenti\u2019nde y\u00fcr\u00fct\u00fclen kaz\u0131 \u00e7al\u0131\u015fmalar\u0131nda, Roma D\u00f6nemi\u2019nden Ge\u00e7 Antik \u00c7a\u011f\u2019a uzanan kentsel d\u00f6n\u00fc\u015f\u00fcm\u00fcn izlerini ta\u015f\u0131yan muazzam mimari yap\u0131lar ortaya \u00e7\u0131kar\u0131ld\u0131. K\u00fclt\u00fcr ve Turizm [&hellip;]<\/p>\n","protected":false},"author":12791,"featured_media":171176,"comment_status":"open","ping_status":"open","sticky":false,"template":"","format":"standard","meta":{"_yoast_wpseo_focuskw":"side","_yoast_wpseo_title":"","_yoast_wpseo_metadesc":"Side Antik Kenti\u2019nde Roma D\u00f6nemi\u2019nden Ge\u00e7 Antik \u00c7a\u011f\u2019a uzanan kentsel d\u00f6n\u00fc\u015f\u00fcm\u00fcn izlerini ta\u015f\u0131yan muazzam mimari yap\u0131lar ortaya \u00e7\u0131kar\u0131ld\u0131.","_bbp_topic_count":0,"_bbp_reply_count":0,"_bbp_total_topic_count":0,"_bbp_total_reply_count":0,"_bbp_voice_count":0,"_bbp_anonymous_reply_count":0,"_bbp_topic_count_hidden":0,"_bbp_reply_count_hidden":0,"_bbp_forum_subforum_count":0,"footnotes":"","_yoast_wpseo_focuskw_text_input":""},"categories":[12461,1,8138],"tags":[12524,12527,7521,12525,12526],"yoast_head":"<!-- This site is optimized with the Yoast SEO plugin v23.0 - https:\/\/yoast.com\/wordpress\/plugins\/seo\/ -->\n<title>Herakles Kap\u0131s\u0131 ve \u00dc\u00e7 An\u0131tsal Giri\u015f G\u00fcn Y\u00fcz\u00fcne \u00c7\u0131kar\u0131ld\u0131 - The Epoch Times TR<\/title>\n<meta name=\"description\" content=\"Side Antik Kenti\u2019nde Roma D\u00f6nemi\u2019nden Ge\u00e7 Antik \u00c7a\u011f\u2019a uzanan kentsel d\u00f6n\u00fc\u015f\u00fcm\u00fcn izlerini ta\u015f\u0131yan muazzam mimari yap\u0131lar ortaya \u00e7\u0131kar\u0131ld\u0131.\" \/>\n<meta name=\"robots\" content=\"index, follow, max-snippet:-1, max-image-preview:large, max-video-preview:-1\" \/>\n<link rel=\"canonical\" href=\"https:\/\/epochtimestr.com\/index.php\/herakles-kapisi-ve-uc-anitsal-giris-gun-yuzune-cikarildi\" \/>\n<meta property=\"og:locale\" content=\"tr_TR\" \/>\n<meta property=\"og:type\" content=\"article\" \/>\n<meta property=\"og:title\" content=\"Herakles Kap\u0131s\u0131 ve \u00dc\u00e7 An\u0131tsal Giri\u015f G\u00fcn Y\u00fcz\u00fcne \u00c7\u0131kar\u0131ld\u0131 - The Epoch Times TR\" \/>\n<meta property=\"og:description\" content=\"Side Antik Kenti\u2019nde Roma D\u00f6nemi\u2019nden Ge\u00e7 Antik \u00c7a\u011f\u2019a uzanan kentsel d\u00f6n\u00fc\u015f\u00fcm\u00fcn izlerini ta\u015f\u0131yan muazzam mimari yap\u0131lar ortaya \u00e7\u0131kar\u0131ld\u0131.\" \/>\n<meta property=\"og:url\" content=\"https:\/\/epochtimestr.com\/index.php\/herakles-kapisi-ve-uc-anitsal-giris-gun-yuzune-cikarildi\" \/>\n<meta property=\"og:site_name\" content=\"The Epoch Times TR\" \/>\n<meta property=\"article:publisher\" content=\"https:\/\/www.facebook.com\/theepochtimestr\" \/>\n<meta property=\"article:published_time\" content=\"2026-08-30T05:31:55+00:00\" \/>\n<meta property=\"article:modified_time\" content=\"2026-08-30T05:31:57+00:00\" \/>\n<meta property=\"og:image\" content=\"https:\/\/epochtimestr.com\/wp-content\/uploads\/2011y\/51243801-side-antik-kenti-3-jpeg.jpg\" \/>\n\t<meta property=\"og:image:width\" content=\"1600\" \/>\n\t<meta property=\"og:image:height\" content=\"796\" \/>\n\t<meta property=\"og:image:type\" content=\"image\/jpeg\" \/>\n<meta name=\"author\" content=\"Haber Merkezi\" \/>\n<meta name=\"twitter:card\" content=\"summary_large_image\" \/>\n<meta name=\"twitter:creator\" content=\"@TheEpochTimesTR\" \/>\n<meta name=\"twitter:site\" content=\"@TheEpochTimesTR\" \/>\n<meta name=\"twitter:label1\" content=\"Yazan:\" \/>\n\t<meta name=\"twitter:data1\" content=\"Haber Merkezi\" \/>\n\t<meta name=\"twitter:label2\" content=\"Tahmini okuma s\u00fcresi\" \/>\n\t<meta name=\"twitter:data2\" content=\"4 dakika\" \/>\n<script type=\"application\/ld+json\" class=\"yoast-schema-graph\">{\"@context\":\"https:\/\/schema.org\",\"@graph\":[{\"@type\":\"Article\",\"@id\":\"https:\/\/epochtimestr.com\/index.php\/herakles-kapisi-ve-uc-anitsal-giris-gun-yuzune-cikarildi#article\",\"isPartOf\":{\"@id\":\"https:\/\/epochtimestr.com\/index.php\/herakles-kapisi-ve-uc-anitsal-giris-gun-yuzune-cikarildi\"},\"author\":{\"name\":\"Haber Merkezi\",\"@id\":\"https:\/\/epochtimestr.com\/#\/schema\/person\/3dc5c3adeb9f43923c5aa85889172fdd\"},\"headline\":\"Herakles Kap\u0131s\u0131 ve \u00dc\u00e7 An\u0131tsal Giri\u015f G\u00fcn Y\u00fcz\u00fcne \u00c7\u0131kar\u0131ld\u0131\",\"datePublished\":\"2026-08-30T05:31:55+00:00\",\"dateModified\":\"2026-08-30T05:31:57+00:00\",\"mainEntityOfPage\":{\"@id\":\"https:\/\/epochtimestr.com\/index.php\/herakles-kapisi-ve-uc-anitsal-giris-gun-yuzune-cikarildi\"},\"wordCount\":628,\"commentCount\":0,\"publisher\":{\"@id\":\"https:\/\/epochtimestr.com\/#organization\"},\"image\":{\"@id\":\"https:\/\/epochtimestr.com\/index.php\/herakles-kapisi-ve-uc-anitsal-giris-gun-yuzune-cikarildi#primaryimage\"},\"thumbnailUrl\":\"https:\/\/epochtimestr.com\/wp-content\/uploads\/2011y\/51243801-side-antik-kenti-3-jpeg.jpg\",\"keywords\":[\"Ge\u00e7 Antik \u00c7a\u011f\",\"Herakles Kap\u0131s\u0131\",\"k\u00fclt\u00fcr ve turizm bakan\u0131 mehmet nuri ersoy\",\"Roma D\u00f6nemi\",\"S\u0130DE\"],\"articleSection\":[\"Arkeoloji\",\"G\u00dcNDEM\",\"MAN\u015eET\"],\"inLanguage\":\"tr\",\"potentialAction\":[{\"@type\":\"CommentAction\",\"name\":\"Comment\",\"target\":[\"https:\/\/epochtimestr.com\/index.php\/herakles-kapisi-ve-uc-anitsal-giris-gun-yuzune-cikarildi#respond\"]}]},{\"@type\":\"WebPage\",\"@id\":\"https:\/\/epochtimestr.com\/index.php\/herakles-kapisi-ve-uc-anitsal-giris-gun-yuzune-cikarildi\",\"url\":\"https:\/\/epochtimestr.com\/index.php\/herakles-kapisi-ve-uc-anitsal-giris-gun-yuzune-cikarildi\",\"name\":\"Herakles Kap\u0131s\u0131 ve \u00dc\u00e7 An\u0131tsal Giri\u015f G\u00fcn Y\u00fcz\u00fcne \u00c7\u0131kar\u0131ld\u0131 - The Epoch Times TR\",\"isPartOf\":{\"@id\":\"https:\/\/epochtimestr.com\/#website\"},\"primaryImageOfPage\":{\"@id\":\"https:\/\/epochtimestr.com\/index.php\/herakles-kapisi-ve-uc-anitsal-giris-gun-yuzune-cikarildi#primaryimage\"},\"image\":{\"@id\":\"https:\/\/epochtimestr.com\/index.php\/herakles-kapisi-ve-uc-anitsal-giris-gun-yuzune-cikarildi#primaryimage\"},\"thumbnailUrl\":\"https:\/\/epochtimestr.com\/wp-content\/uploads\/2011y\/51243801-side-antik-kenti-3-jpeg.jpg\",\"datePublished\":\"2026-08-30T05:31:55+00:00\",\"dateModified\":\"2026-08-30T05:31:57+00:00\",\"description\":\"Side Antik Kenti\u2019nde Roma D\u00f6nemi\u2019nden Ge\u00e7 Antik \u00c7a\u011f\u2019a uzanan kentsel d\u00f6n\u00fc\u015f\u00fcm\u00fcn izlerini ta\u015f\u0131yan muazzam mimari yap\u0131lar ortaya \u00e7\u0131kar\u0131ld\u0131.\",\"inLanguage\":\"tr\",\"potentialAction\":[{\"@type\":\"ReadAction\",\"target\":[\"https:\/\/epochtimestr.com\/index.php\/herakles-kapisi-ve-uc-anitsal-giris-gun-yuzune-cikarildi\"]}]},{\"@type\":\"ImageObject\",\"inLanguage\":\"tr\",\"@id\":\"https:\/\/epochtimestr.com\/index.php\/herakles-kapisi-ve-uc-anitsal-giris-gun-yuzune-cikarildi#primaryimage\",\"url\":\"https:\/\/epochtimestr.com\/wp-content\/uploads\/2011y\/51243801-side-antik-kenti-3-jpeg.jpg\",\"contentUrl\":\"https:\/\/epochtimestr.com\/wp-content\/uploads\/2011y\/51243801-side-antik-kenti-3-jpeg.jpg\",\"width\":1600,\"height\":796},{\"@type\":\"WebSite\",\"@id\":\"https:\/\/epochtimestr.com\/#website\",\"url\":\"https:\/\/epochtimestr.com\/\",\"name\":\"The Epoch Times TR\",\"description\":\"De\u011fi\u015fen D\u00fcnyam\u0131za Taze Bir Bak\u0131\u015f\",\"publisher\":{\"@id\":\"https:\/\/epochtimestr.com\/#organization\"},\"potentialAction\":[{\"@type\":\"SearchAction\",\"target\":{\"@type\":\"EntryPoint\",\"urlTemplate\":\"https:\/\/epochtimestr.com\/?s={search_term_string}\"},\"query-input\":\"required name=search_term_string\"}],\"inLanguage\":\"tr\"},{\"@type\":\"Organization\",\"@id\":\"https:\/\/epochtimestr.com\/#organization\",\"name\":\"The EpochTimes T\u00fcrkiye\",\"url\":\"https:\/\/epochtimestr.com\/\",\"logo\":{\"@type\":\"ImageObject\",\"inLanguage\":\"tr\",\"@id\":\"https:\/\/epochtimestr.com\/#\/schema\/logo\/image\/\",\"url\":\"https:\/\/epochtimestr.com\/wp-content\/uploads\/2011y\/ET-Logo-YG.jpg\",\"contentUrl\":\"https:\/\/epochtimestr.com\/wp-content\/uploads\/2011y\/ET-Logo-YG.jpg\",\"width\":346,\"height\":29,\"caption\":\"The EpochTimes T\u00fcrkiye\"},\"image\":{\"@id\":\"https:\/\/epochtimestr.com\/#\/schema\/logo\/image\/\"},\"sameAs\":[\"https:\/\/www.facebook.com\/theepochtimestr\",\"https:\/\/x.com\/TheEpochTimesTR\",\"https:\/\/www.instagram.com\/epochtimestr\"]},{\"@type\":\"Person\",\"@id\":\"https:\/\/epochtimestr.com\/#\/schema\/person\/3dc5c3adeb9f43923c5aa85889172fdd\",\"name\":\"Haber Merkezi\",\"image\":{\"@type\":\"ImageObject\",\"inLanguage\":\"tr\",\"@id\":\"https:\/\/epochtimestr.com\/#\/schema\/person\/image\/\",\"url\":\"https:\/\/secure.gravatar.com\/avatar\/d73f772ba5a74f28601361e17c2f93e6?s=96&d=mm&r=g\",\"contentUrl\":\"https:\/\/secure.gravatar.com\/avatar\/d73f772ba5a74f28601361e17c2f93e6?s=96&d=mm&r=g\",\"caption\":\"Haber Merkezi\"},\"url\":\"https:\/\/epochtimestr.com\/index.php\/author\/sendag\"}]}<\/script>\n<!-- \/ Yoast SEO plugin. -->","yoast_head_json":{"title":"Herakles Kap\u0131s\u0131 ve \u00dc\u00e7 An\u0131tsal Giri\u015f G\u00fcn Y\u00fcz\u00fcne \u00c7\u0131kar\u0131ld\u0131 - The Epoch Times TR","description":"Side Antik Kenti\u2019nde Roma D\u00f6nemi\u2019nden Ge\u00e7 Antik \u00c7a\u011f\u2019a uzanan kentsel d\u00f6n\u00fc\u015f\u00fcm\u00fcn izlerini ta\u015f\u0131yan muazzam mimari yap\u0131lar ortaya \u00e7\u0131kar\u0131ld\u0131.","robots":{"index":"index","follow":"follow","max-snippet":"max-snippet:-1","max-image-preview":"max-image-preview:large","max-video-preview":"max-video-preview:-1"},"canonical":"https:\/\/epochtimestr.com\/index.php\/herakles-kapisi-ve-uc-anitsal-giris-gun-yuzune-cikarildi","og_locale":"tr_TR","og_type":"article","og_title":"Herakles Kap\u0131s\u0131 ve \u00dc\u00e7 An\u0131tsal Giri\u015f G\u00fcn Y\u00fcz\u00fcne \u00c7\u0131kar\u0131ld\u0131 - The Epoch Times TR","og_description":"Side Antik Kenti\u2019nde Roma D\u00f6nemi\u2019nden Ge\u00e7 Antik \u00c7a\u011f\u2019a uzanan kentsel d\u00f6n\u00fc\u015f\u00fcm\u00fcn izlerini ta\u015f\u0131yan muazzam mimari yap\u0131lar ortaya \u00e7\u0131kar\u0131ld\u0131.","og_url":"https:\/\/epochtimestr.com\/index.php\/herakles-kapisi-ve-uc-anitsal-giris-gun-yuzune-cikarildi","og_site_name":"The Epoch Times TR","article_publisher":"https:\/\/www.facebook.com\/theepochtimestr","article_published_time":"2026-08-30T05:31:55+00:00","article_modified_time":"2026-08-30T05:31:57+00:00","og_image":[{"width":1600,"height":796,"url":"https:\/\/epochtimestr.com\/wp-content\/uploads\/2011y\/51243801-side-antik-kenti-3-jpeg.jpg","type":"image\/jpeg"}],"author":"Haber Merkezi","twitter_card":"summary_large_image","twitter_creator":"@TheEpochTimesTR","twitter_site":"@TheEpochTimesTR","twitter_misc":{"Yazan:":"Haber Merkezi","Tahmini okuma s\u00fcresi":"4 dakika"},"schema":{"@context":"https:\/\/schema.org","@graph":[{"@type":"Article","@id":"https:\/\/epochtimestr.com\/index.php\/herakles-kapisi-ve-uc-anitsal-giris-gun-yuzune-cikarildi#article","isPartOf":{"@id":"https:\/\/epochtimestr.com\/index.php\/herakles-kapisi-ve-uc-anitsal-giris-gun-yuzune-cikarildi"},"author":{"name":"Haber Merkezi","@id":"https:\/\/epochtimestr.com\/#\/schema\/person\/3dc5c3adeb9f43923c5aa85889172fdd"},"headline":"Herakles Kap\u0131s\u0131 ve \u00dc\u00e7 An\u0131tsal Giri\u015f G\u00fcn Y\u00fcz\u00fcne \u00c7\u0131kar\u0131ld\u0131","datePublished":"2026-08-30T05:31:55+00:00","dateModified":"2026-08-30T05:31:57+00:00","mainEntityOfPage":{"@id":"https:\/\/epochtimestr.com\/index.php\/herakles-kapisi-ve-uc-anitsal-giris-gun-yuzune-cikarildi"},"wordCount":628,"commentCount":0,"publisher":{"@id":"https:\/\/epochtimestr.com\/#organization"},"image":{"@id":"https:\/\/epochtimestr.com\/index.php\/herakles-kapisi-ve-uc-anitsal-giris-gun-yuzune-cikarildi#primaryimage"},"thumbnailUrl":"https:\/\/epochtimestr.com\/wp-content\/uploads\/2011y\/51243801-side-antik-kenti-3-jpeg.jpg","keywords":["Ge\u00e7 Antik \u00c7a\u011f","Herakles Kap\u0131s\u0131","k\u00fclt\u00fcr ve turizm bakan\u0131 mehmet nuri ersoy","Roma D\u00f6nemi","S\u0130DE"],"articleSection":["Arkeoloji","G\u00dcNDEM","MAN\u015eET"],"inLanguage":"tr","potentialAction":[{"@type":"CommentAction","name":"Comment","target":["https:\/\/epochtimestr.com\/index.php\/herakles-kapisi-ve-uc-anitsal-giris-gun-yuzune-cikarildi#respond"]}]},{"@type":"WebPage","@id":"https:\/\/epochtimestr.com\/index.php\/herakles-kapisi-ve-uc-anitsal-giris-gun-yuzune-cikarildi","url":"https:\/\/epochtimestr.com\/index.php\/herakles-kapisi-ve-uc-anitsal-giris-gun-yuzune-cikarildi","name":"Herakles Kap\u0131s\u0131 ve \u00dc\u00e7 An\u0131tsal Giri\u015f G\u00fcn Y\u00fcz\u00fcne \u00c7\u0131kar\u0131ld\u0131 - The Epoch Times TR","isPartOf":{"@id":"https:\/\/epochtimestr.com\/#website"},"primaryImageOfPage":{"@id":"https:\/\/epochtimestr.com\/index.php\/herakles-kapisi-ve-uc-anitsal-giris-gun-yuzune-cikarildi#primaryimage"},"image":{"@id":"https:\/\/epochtimestr.com\/index.php\/herakles-kapisi-ve-uc-anitsal-giris-gun-yuzune-cikarildi#primaryimage"},"thumbnailUrl":"https:\/\/epochtimestr.com\/wp-content\/uploads\/2011y\/51243801-side-antik-kenti-3-jpeg.jpg","datePublished":"2026-08-30T05:31:55+00:00","dateModified":"2026-08-30T05:31:57+00:00","description":"Side Antik Kenti\u2019nde Roma D\u00f6nemi\u2019nden Ge\u00e7 Antik \u00c7a\u011f\u2019a uzanan kentsel d\u00f6n\u00fc\u015f\u00fcm\u00fcn izlerini ta\u015f\u0131yan muazzam mimari yap\u0131lar ortaya \u00e7\u0131kar\u0131ld\u0131.","inLanguage":"tr","potentialAction":[{"@type":"ReadAction","target":["https:\/\/epochtimestr.com\/index.php\/herakles-kapisi-ve-uc-anitsal-giris-gun-yuzune-cikarildi"]}]},{"@type":"ImageObject","inLanguage":"tr","@id":"https:\/\/epochtimestr.com\/index.php\/herakles-kapisi-ve-uc-anitsal-giris-gun-yuzune-cikarildi#primaryimage","url":"https:\/\/epochtimestr.com\/wp-content\/uploads\/2011y\/51243801-side-antik-kenti-3-jpeg.jpg","contentUrl":"https:\/\/epochtimestr.com\/wp-content\/uploads\/2011y\/51243801-side-antik-kenti-3-jpeg.jpg","width":1600,"height":796},{"@type":"WebSite","@id":"https:\/\/epochtimestr.com\/#website","url":"https:\/\/epochtimestr.com\/","name":"The Epoch Times TR","description":"De\u011fi\u015fen D\u00fcnyam\u0131za Taze Bir Bak\u0131\u015f","publisher":{"@id":"https:\/\/epochtimestr.com\/#organization"},"potentialAction":[{"@type":"SearchAction","target":{"@type":"EntryPoint","urlTemplate":"https:\/\/epochtimestr.com\/?s={search_term_string}"},"query-input":"required name=search_term_string"}],"inLanguage":"tr"},{"@type":"Organization","@id":"https:\/\/epochtimestr.com\/#organization","name":"The EpochTimes T\u00fcrkiye","url":"https:\/\/epochtimestr.com\/","logo":{"@type":"ImageObject","inLanguage":"tr","@id":"https:\/\/epochtimestr.com\/#\/schema\/logo\/image\/","url":"https:\/\/epochtimestr.com\/wp-content\/uploads\/2011y\/ET-Logo-YG.jpg","contentUrl":"https:\/\/epochtimestr.com\/wp-content\/uploads\/2011y\/ET-Logo-YG.jpg","width":346,"height":29,"caption":"The EpochTimes T\u00fcrkiye"},"image":{"@id":"https:\/\/epochtimestr.com\/#\/schema\/logo\/image\/"},"sameAs":["https:\/\/www.facebook.com\/theepochtimestr","https:\/\/x.com\/TheEpochTimesTR","https:\/\/www.instagram.com\/epochtimestr"]},{"@type":"Person","@id":"https:\/\/epochtimestr.com\/#\/schema\/person\/3dc5c3adeb9f43923c5aa85889172fdd","name":"Haber Merkezi","image":{"@type":"ImageObject","inLanguage":"tr","@id":"https:\/\/epochtimestr.com\/#\/schema\/person\/image\/","url":"https:\/\/secure.gravatar.com\/avatar\/d73f772ba5a74f28601361e17c2f93e6?s=96&d=mm&r=g","contentUrl":"https:\/\/secure.gravatar.com\/avatar\/d73f772ba5a74f28601361e17c2f93e6?s=96&d=mm&r=g","caption":"Haber Merkezi"},"url":"https:\/\/epochtimestr.com\/index.php\/author\/sendag"}]}},"_links":{"self":[{"href":"https:\/\/epochtimestr.com\/index.php\/wp-json\/wp\/v2\/posts\/171175"}],"collection":[{"href":"https:\/\/epochtimestr.com\/index.php\/wp-json\/wp\/v2\/posts"}],"about":[{"href":"https:\/\/epochtimestr.com\/index.php\/wp-json\/wp\/v2\/types\/post"}],"author":[{"embeddable":true,"href":"https:\/\/epochtimestr.com\/index.php\/wp-json\/wp\/v2\/users\/12791"}],"replies":[{"embeddable":true,"href":"https:\/\/epochtimestr.com\/index.php\/wp-json\/wp\/v2\/comments?post=171175"}],"version-history":[{"count":2,"href":"https:\/\/epochtimestr.com\/index.php\/wp-json\/wp\/v2\/posts\/171175\/revisions"}],"predecessor-version":[{"id":171190,"href":"https:\/\/epochtimestr.com\/index.php\/wp-json\/wp\/v2\/posts\/171175\/revisions\/171190"}],"wp:featuredmedia":[{"embeddable":true,"href":"https:\/\/epochtimestr.com\/index.php\/wp-json\/wp\/v2\/media\/171176"}],"wp:attachment":[{"href":"https:\/\/epochtimestr.com\/index.php\/wp-json\/wp\/v2\/media?parent=171175"}],"wp:term":[{"taxonomy":"category","embeddable":true,"href":"https:\/\/epochtimestr.com\/index.php\/wp-json\/wp\/v2\/categories?post=171175"},{"taxonomy":"post_tag","embeddable":true,"href":"https:\/\/epochtimestr.com\/index.php\/wp-json\/wp\/v2\/tags?post=171175"}],"curies":[{"name":"wp","href":"https:\/\/api.w.org\/{rel}","templated":true}]}}