{"id":171195,"date":"2026-08-30T11:12:03","date_gmt":"2026-08-30T08:12:03","guid":{"rendered":"https:\/\/epochtimestr.com\/?p=171195"},"modified":"2026-08-30T11:12:05","modified_gmt":"2026-08-30T08:12:05","slug":"30-agustos-zafer-bayrami-kutlu-olsun","status":"publish","type":"post","link":"https:\/\/epochtimestr.com\/index.php\/30-agustos-zafer-bayrami-kutlu-olsun","title":{"rendered":"30 A\u011fustos Zafer Bayram\u0131 Kutlu Olsun"},"content":{"rendered":"\n<h2 class=\"wp-block-heading\">30 A\u011fustos Zafer Bayram\u0131n\u0131n Anlam\u0131<\/h2>\n\n\n<div class=\"wp-block-image\">\n<figure class=\"aligncenter size-full\"><img loading=\"lazy\" decoding=\"async\" width=\"1120\" height=\"629\" src=\"https:\/\/epochtimestr.com\/wp-content\/uploads\/2011y\/ata.webp\" alt=\"26 A\u011fustos 1922\u2019de Mustafa Kemal Atat\u00fcrk, Afyon Kocatepe\u2019de. (Foto\u011fraf: Ar\u015fiv-Genel Kurmay Ba\u015fkanl\u0131\u011f\u0131)\" class=\"wp-image-171112\" srcset=\"https:\/\/epochtimestr.com\/wp-content\/uploads\/2011y\/ata.webp 1120w, https:\/\/epochtimestr.com\/wp-content\/uploads\/2011y\/ata-300x168.webp 300w, https:\/\/epochtimestr.com\/wp-content\/uploads\/2011y\/ata-150x84.webp 150w, https:\/\/epochtimestr.com\/wp-content\/uploads\/2011y\/ata-768x431.webp 768w\" sizes=\"(max-width: 1120px) 100vw, 1120px\" \/><figcaption class=\"wp-element-caption\"><em>26 A\u011fustos 1922\u2019de Mustafa Kemal Atat\u00fcrk, Afyon Kocatepe\u2019de. (Foto\u011fraf: Ar\u015fiv-Genel Kurmay Ba\u015fkanl\u0131\u011f\u0131)<\/em><\/figcaption><\/figure><\/div>\n\n\n<p>Bug\u00fcn, T\u00fcrk tarihinin en \u00f6nemli d\u00f6n\u00fcm noktalar\u0131ndan birini, milletimizin ba\u011f\u0131ms\u0131zl\u0131k ve \u00f6zg\u00fcrl\u00fck u\u011fruna verdi\u011fi b\u00fcy\u00fck m\u00fccadelenin zaferle ta\u00e7land\u0131\u011f\u0131 g\u00fcn\u00fc an\u0131yoruz.<\/p>\n\n\n\n<p>30 A\u011fustos, yaln\u0131zca bir askeri zaferin y\u0131l d\u00f6n\u00fcm\u00fc de\u011fildir. 30 A\u011fustos yokluklar i\u00e7inde umudunu kaybetmeyen bir milletin, vatan\u0131na ve ba\u011f\u0131ms\u0131zl\u0131\u011f\u0131na sahip \u00e7\u0131k\u0131\u015f\u0131n\u0131n simgesidir. \u0130\u015fgal alt\u0131nda bulunan bir \u00fclkenin yeniden aya\u011fa kalkabilece\u011fini, millet iradesinin en zor \u015fartlarda bile b\u00fcy\u00fck bir g\u00fc\u00e7 oldu\u011funu g\u00f6steren tarihi bir g\u00fcnd\u00fcr.<\/p>\n\n\n\n<p>Mustafa Kemal Atat\u00fcrk, milletimizin o g\u00fcnlerdeki durumunu anlat\u0131rken \u015f\u00f6yle diyordu:<\/p>\n\n\n\n<p>\u201cUlusumuz, egemenli\u011fini eline ald\u0131\u011f\u0131 g\u00fcn, en karanl\u0131k yoksullu\u011fun, en derin u\u00e7urumun k\u0131y\u0131s\u0131nda idi.\u201d<\/p>\n\n\n\n<p>Ger\u00e7ekten de Anadolu, sava\u015flardan yorgun d\u00fc\u015fm\u00fc\u015f, insan\u0131m\u0131z yoksulluk ve yokluk i\u00e7inde kalm\u0131\u015ft\u0131. Ordunun silahlar\u0131 elinden al\u0131nm\u0131\u015f, vatan topraklar\u0131 i\u015fgal edilmi\u015fti. Ancak b\u00fct\u00fcn bu olumsuzluklara ra\u011fmen T\u00fcrk milleti, ba\u011f\u0131ms\u0131zl\u0131\u011f\u0131ndan vazge\u00e7medi.<\/p>\n\n\n\n<p>Atat\u00fcrk\u2019\u00fcn \u00f6nderli\u011finde y\u00fcr\u00fct\u00fclen Kurtulu\u015f Sava\u015f\u0131, milletin birlik ve beraberli\u011fiyle zafere ula\u015ft\u0131. 26 A\u011fustos 1922\u2019de ba\u015flayan B\u00fcy\u00fck Taarruz, 30 A\u011fustos\u2019ta Ba\u015fkomutanl\u0131k Meydan Muharebesi ile b\u00fcy\u00fck bir zaferle sonu\u00e7land\u0131. Bu zafer, ba\u011f\u0131ms\u0131z T\u00fcrkiye Cumhuriyeti\u2019nin kurulu\u015funa giden yolu a\u00e7t\u0131.<\/p>\n\n\n\n<p>Atat\u00fcrk\u2019\u00fcn \u201cZafer, \u2018Zafer benimdir\u2019 diyebilenindir. Ba\u015far\u0131 ise, \u2018Ba\u015faraca\u011f\u0131m\u2019 diye ba\u015flayarak sonunda \u2018Ba\u015fard\u0131m\u2019 diyebilenindir.\u201d s\u00f6z\u00fc, yaln\u0131zca o g\u00fcn\u00fcn de\u011fil bug\u00fcn\u00fcm\u00fcz\u00fcn ve yar\u0131n\u0131m\u0131z\u0131n da anlam\u0131n\u0131 ta\u015f\u0131r. \u00c7\u00fcnk\u00fc zafer, yaln\u0131zca sava\u015f meydanlar\u0131nda kazan\u0131lmaz. Bir \u00fclkenin gelece\u011fini ayd\u0131nlatmak, bilime ve e\u011fitime \u00f6nem vermek, gen\u00e7lerine g\u00fcvenmek, Cumhuriyetin de\u011ferlerini korumak da b\u00fcy\u00fck bir m\u00fccadeledir.<\/p>\n\n\n\n<p>Atat\u00fcrk, Cumhuriyetin gelece\u011fini gen\u00e7lere emanet ederken \u015f\u00f6yle seslenmi\u015ftir:<\/p>\n\n\n\n<p>\u201cEy y\u00fckselen yeni ku\u015fak! Cumhuriyeti biz kurduk, onu y\u00fckseltecek ve ya\u015fatacak sizlersiniz.\u201d<\/p>\n\n\n\n<p>Bug\u00fcn bizlere d\u00fc\u015fen g\u00f6rev, bu b\u00fcy\u00fck miras\u0131n de\u011ferini bilmek ve Cumhuriyetimizi gelecek ku\u015faklara daha g\u00fc\u00e7l\u00fc bi\u00e7imde ta\u015f\u0131makt\u0131r.<\/p>\n\n\n\n<p>30 A\u011fustos ba\u011f\u0131ms\u0131zl\u0131\u011f\u0131n, vatan sevgisinin, birlik ve beraberli\u011fin ad\u0131d\u0131r. Bu b\u00fcy\u00fck zaferi bize arma\u011fan eden ba\u015fta Gazi Mustafa Kemal Atat\u00fcrk olmak \u00fczere, silah arkada\u015flar\u0131n\u0131 ve vatan u\u011fruna can veren t\u00fcm kahramanlar\u0131m\u0131z\u0131 sayg\u0131, minnet ve rahmetle an\u0131yorum.<\/p>\n\n\n\n<p>30 A\u011fustos Zafer Bayram\u0131m\u0131z kutlu olsun.<\/p>\n\n\n\n<p><em>Ne mutlu ba\u011f\u0131ms\u0131zl\u0131\u011f\u0131na sahip \u00e7\u0131kanlara, ne mutlu Cumhuriyetimizi ya\u015fatanlara!<\/em><\/p>\n","protected":false},"excerpt":{"rendered":"<p>30 A\u011fustos Zafer Bayram\u0131n\u0131n Anlam\u0131 Bug\u00fcn, T\u00fcrk tarihinin en \u00f6nemli d\u00f6n\u00fcm noktalar\u0131ndan birini, milletimizin ba\u011f\u0131ms\u0131zl\u0131k ve \u00f6zg\u00fcrl\u00fck u\u011fruna verdi\u011fi b\u00fcy\u00fck m\u00fccadelenin zaferle ta\u00e7land\u0131\u011f\u0131 g\u00fcn\u00fc an\u0131yoruz. 30 A\u011fustos, yaln\u0131zca bir askeri zaferin y\u0131l d\u00f6n\u00fcm\u00fc de\u011fildir. 30 A\u011fustos yokluklar i\u00e7inde umudunu kaybetmeyen bir milletin, vatan\u0131na ve ba\u011f\u0131ms\u0131zl\u0131\u011f\u0131na sahip \u00e7\u0131k\u0131\u015f\u0131n\u0131n simgesidir. \u0130\u015fgal alt\u0131nda bulunan bir \u00fclkenin yeniden aya\u011fa [&hellip;]<\/p>\n","protected":false},"author":13998,"featured_media":160116,"comment_status":"open","ping_status":"open","sticky":false,"template":"","format":"standard","meta":{"_yoast_wpseo_focuskw":"30 A\u011fustos","_yoast_wpseo_title":"","_yoast_wpseo_metadesc":"30 A\u011fustos, yaln\u0131zca bir askeri zaferin y\u0131l d\u00f6n\u00fcm\u00fc de\u011fil, bir milletin, vatan\u0131na ve ba\u011f\u0131ms\u0131zl\u0131\u011f\u0131na sahip \u00e7\u0131k\u0131\u015f\u0131n\u0131n simgesidir.","_bbp_topic_count":0,"_bbp_reply_count":0,"_bbp_total_topic_count":0,"_bbp_total_reply_count":0,"_bbp_voice_count":0,"_bbp_anonymous_reply_count":0,"_bbp_topic_count_hidden":0,"_bbp_reply_count_hidden":0,"_bbp_forum_subforum_count":0,"footnotes":"","_yoast_wpseo_focuskw_text_input":""},"categories":[8889],"tags":[11729,11881],"yoast_head":"<!-- This site is optimized with the Yoast SEO plugin v23.0 - https:\/\/yoast.com\/wordpress\/plugins\/seo\/ -->\n<title>30 A\u011fustos Zafer Bayram\u0131 Kutlu Olsun - The Epoch Times TR<\/title>\n<meta name=\"description\" content=\"30 A\u011fustos, yaln\u0131zca bir askeri zaferin y\u0131l d\u00f6n\u00fcm\u00fc de\u011fil, bir milletin, vatan\u0131na ve ba\u011f\u0131ms\u0131zl\u0131\u011f\u0131na sahip \u00e7\u0131k\u0131\u015f\u0131n\u0131n simgesidir.\" \/>\n<meta name=\"robots\" content=\"index, follow, max-snippet:-1, max-image-preview:large, max-video-preview:-1\" \/>\n<link rel=\"canonical\" href=\"https:\/\/epochtimestr.com\/index.php\/30-agustos-zafer-bayrami-kutlu-olsun\" \/>\n<meta property=\"og:locale\" content=\"tr_TR\" \/>\n<meta property=\"og:type\" content=\"article\" \/>\n<meta property=\"og:title\" content=\"30 A\u011fustos Zafer Bayram\u0131 Kutlu Olsun - The Epoch Times TR\" \/>\n<meta property=\"og:description\" content=\"30 A\u011fustos, yaln\u0131zca bir askeri zaferin y\u0131l d\u00f6n\u00fcm\u00fc de\u011fil, bir milletin, vatan\u0131na ve ba\u011f\u0131ms\u0131zl\u0131\u011f\u0131na sahip \u00e7\u0131k\u0131\u015f\u0131n\u0131n simgesidir.\" \/>\n<meta property=\"og:url\" content=\"https:\/\/epochtimestr.com\/index.php\/30-agustos-zafer-bayrami-kutlu-olsun\" \/>\n<meta property=\"og:site_name\" content=\"The Epoch Times TR\" \/>\n<meta property=\"article:publisher\" content=\"https:\/\/www.facebook.com\/theepochtimestr\" \/>\n<meta property=\"article:published_time\" content=\"2026-08-30T08:12:03+00:00\" \/>\n<meta property=\"article:modified_time\" content=\"2026-08-30T08:12:05+00:00\" \/>\n<meta property=\"og:image\" content=\"https:\/\/epochtimestr.com\/wp-content\/uploads\/2011y\/SERIFE-ESER-SM.png\" \/>\n\t<meta property=\"og:image:width\" content=\"1200\" \/>\n\t<meta property=\"og:image:height\" content=\"630\" \/>\n\t<meta property=\"og:image:type\" content=\"image\/png\" \/>\n<meta name=\"author\" content=\"\u015eerife Eser\" \/>\n<meta name=\"twitter:card\" content=\"summary_large_image\" \/>\n<meta name=\"twitter:creator\" content=\"@TheEpochTimesTR\" \/>\n<meta name=\"twitter:site\" content=\"@TheEpochTimesTR\" \/>\n<meta name=\"twitter:label1\" content=\"Yazan:\" \/>\n\t<meta name=\"twitter:data1\" content=\"\u015eerife Eser\" \/>\n\t<meta name=\"twitter:label2\" content=\"Tahmini okuma s\u00fcresi\" \/>\n\t<meta name=\"twitter:data2\" content=\"3 dakika\" \/>\n<script type=\"application\/ld+json\" class=\"yoast-schema-graph\">{\"@context\":\"https:\/\/schema.org\",\"@graph\":[{\"@type\":\"Article\",\"@id\":\"https:\/\/epochtimestr.com\/index.php\/30-agustos-zafer-bayrami-kutlu-olsun#article\",\"isPartOf\":{\"@id\":\"https:\/\/epochtimestr.com\/index.php\/30-agustos-zafer-bayrami-kutlu-olsun\"},\"author\":{\"name\":\"\u015eerife Eser\",\"@id\":\"https:\/\/epochtimestr.com\/#\/schema\/person\/82b65a1390e2b0717a679b57ed38d466\"},\"headline\":\"30 A\u011fustos Zafer Bayram\u0131 Kutlu Olsun\",\"datePublished\":\"2026-08-30T08:12:03+00:00\",\"dateModified\":\"2026-08-30T08:12:05+00:00\",\"mainEntityOfPage\":{\"@id\":\"https:\/\/epochtimestr.com\/index.php\/30-agustos-zafer-bayrami-kutlu-olsun\"},\"wordCount\":489,\"commentCount\":0,\"publisher\":{\"@id\":\"https:\/\/epochtimestr.com\/#organization\"},\"image\":{\"@id\":\"https:\/\/epochtimestr.com\/index.php\/30-agustos-zafer-bayrami-kutlu-olsun#primaryimage\"},\"thumbnailUrl\":\"https:\/\/epochtimestr.com\/wp-content\/uploads\/2011y\/Serife-Eser-Profil-1.png\",\"keywords\":[\"K\u00f6\u015fe\",\"k\u00f6\u015fe belirli g\u00fcnler\"],\"articleSection\":[\"K\u00f6\u015fe Yaz\u0131lar\u0131 \u015eerife Eser\"],\"inLanguage\":\"tr\",\"potentialAction\":[{\"@type\":\"CommentAction\",\"name\":\"Comment\",\"target\":[\"https:\/\/epochtimestr.com\/index.php\/30-agustos-zafer-bayrami-kutlu-olsun#respond\"]}]},{\"@type\":\"WebPage\",\"@id\":\"https:\/\/epochtimestr.com\/index.php\/30-agustos-zafer-bayrami-kutlu-olsun\",\"url\":\"https:\/\/epochtimestr.com\/index.php\/30-agustos-zafer-bayrami-kutlu-olsun\",\"name\":\"30 A\u011fustos Zafer Bayram\u0131 Kutlu Olsun - The Epoch Times TR\",\"isPartOf\":{\"@id\":\"https:\/\/epochtimestr.com\/#website\"},\"primaryImageOfPage\":{\"@id\":\"https:\/\/epochtimestr.com\/index.php\/30-agustos-zafer-bayrami-kutlu-olsun#primaryimage\"},\"image\":{\"@id\":\"https:\/\/epochtimestr.com\/index.php\/30-agustos-zafer-bayrami-kutlu-olsun#primaryimage\"},\"thumbnailUrl\":\"https:\/\/epochtimestr.com\/wp-content\/uploads\/2011y\/Serife-Eser-Profil-1.png\",\"datePublished\":\"2026-08-30T08:12:03+00:00\",\"dateModified\":\"2026-08-30T08:12:05+00:00\",\"description\":\"30 A\u011fustos, yaln\u0131zca bir askeri zaferin y\u0131l d\u00f6n\u00fcm\u00fc de\u011fil, bir milletin, vatan\u0131na ve ba\u011f\u0131ms\u0131zl\u0131\u011f\u0131na sahip \u00e7\u0131k\u0131\u015f\u0131n\u0131n simgesidir.\",\"inLanguage\":\"tr\",\"potentialAction\":[{\"@type\":\"ReadAction\",\"target\":[\"https:\/\/epochtimestr.com\/index.php\/30-agustos-zafer-bayrami-kutlu-olsun\"]}]},{\"@type\":\"ImageObject\",\"inLanguage\":\"tr\",\"@id\":\"https:\/\/epochtimestr.com\/index.php\/30-agustos-zafer-bayrami-kutlu-olsun#primaryimage\",\"url\":\"https:\/\/epochtimestr.com\/wp-content\/uploads\/2011y\/Serife-Eser-Profil-1.png\",\"contentUrl\":\"https:\/\/epochtimestr.com\/wp-content\/uploads\/2011y\/Serife-Eser-Profil-1.png\",\"width\":600,\"height\":600},{\"@type\":\"WebSite\",\"@id\":\"https:\/\/epochtimestr.com\/#website\",\"url\":\"https:\/\/epochtimestr.com\/\",\"name\":\"The Epoch Times TR\",\"description\":\"De\u011fi\u015fen D\u00fcnyam\u0131za Taze Bir Bak\u0131\u015f\",\"publisher\":{\"@id\":\"https:\/\/epochtimestr.com\/#organization\"},\"potentialAction\":[{\"@type\":\"SearchAction\",\"target\":{\"@type\":\"EntryPoint\",\"urlTemplate\":\"https:\/\/epochtimestr.com\/?s={search_term_string}\"},\"query-input\":\"required name=search_term_string\"}],\"inLanguage\":\"tr\"},{\"@type\":\"Organization\",\"@id\":\"https:\/\/epochtimestr.com\/#organization\",\"name\":\"The EpochTimes T\u00fcrkiye\",\"url\":\"https:\/\/epochtimestr.com\/\",\"logo\":{\"@type\":\"ImageObject\",\"inLanguage\":\"tr\",\"@id\":\"https:\/\/epochtimestr.com\/#\/schema\/logo\/image\/\",\"url\":\"https:\/\/epochtimestr.com\/wp-content\/uploads\/2011y\/ET-Logo-YG.jpg\",\"contentUrl\":\"https:\/\/epochtimestr.com\/wp-content\/uploads\/2011y\/ET-Logo-YG.jpg\",\"width\":346,\"height\":29,\"caption\":\"The EpochTimes T\u00fcrkiye\"},\"image\":{\"@id\":\"https:\/\/epochtimestr.com\/#\/schema\/logo\/image\/\"},\"sameAs\":[\"https:\/\/www.facebook.com\/theepochtimestr\",\"https:\/\/x.com\/TheEpochTimesTR\",\"https:\/\/www.instagram.com\/epochtimestr\"]},{\"@type\":\"Person\",\"@id\":\"https:\/\/epochtimestr.com\/#\/schema\/person\/82b65a1390e2b0717a679b57ed38d466\",\"name\":\"\u015eerife Eser\",\"image\":{\"@type\":\"ImageObject\",\"inLanguage\":\"tr\",\"@id\":\"https:\/\/epochtimestr.com\/#\/schema\/person\/image\/\",\"url\":\"https:\/\/secure.gravatar.com\/avatar\/240b2d469e089f3ae0f677fcc7925228?s=96&d=mm&r=g\",\"contentUrl\":\"https:\/\/secure.gravatar.com\/avatar\/240b2d469e089f3ae0f677fcc7925228?s=96&d=mm&r=g\",\"caption\":\"\u015eerife Eser\"},\"url\":\"https:\/\/epochtimestr.com\/index.php\/author\/serife\"}]}<\/script>\n<!-- \/ Yoast SEO plugin. -->","yoast_head_json":{"title":"30 A\u011fustos Zafer Bayram\u0131 Kutlu Olsun - The Epoch Times TR","description":"30 A\u011fustos, yaln\u0131zca bir askeri zaferin y\u0131l d\u00f6n\u00fcm\u00fc de\u011fil, bir milletin, vatan\u0131na ve ba\u011f\u0131ms\u0131zl\u0131\u011f\u0131na sahip \u00e7\u0131k\u0131\u015f\u0131n\u0131n simgesidir.","robots":{"index":"index","follow":"follow","max-snippet":"max-snippet:-1","max-image-preview":"max-image-preview:large","max-video-preview":"max-video-preview:-1"},"canonical":"https:\/\/epochtimestr.com\/index.php\/30-agustos-zafer-bayrami-kutlu-olsun","og_locale":"tr_TR","og_type":"article","og_title":"30 A\u011fustos Zafer Bayram\u0131 Kutlu Olsun - The Epoch Times TR","og_description":"30 A\u011fustos, yaln\u0131zca bir askeri zaferin y\u0131l d\u00f6n\u00fcm\u00fc de\u011fil, bir milletin, vatan\u0131na ve ba\u011f\u0131ms\u0131zl\u0131\u011f\u0131na sahip \u00e7\u0131k\u0131\u015f\u0131n\u0131n simgesidir.","og_url":"https:\/\/epochtimestr.com\/index.php\/30-agustos-zafer-bayrami-kutlu-olsun","og_site_name":"The Epoch Times TR","article_publisher":"https:\/\/www.facebook.com\/theepochtimestr","article_published_time":"2026-08-30T08:12:03+00:00","article_modified_time":"2026-08-30T08:12:05+00:00","og_image":[{"width":1200,"height":630,"url":"https:\/\/epochtimestr.com\/wp-content\/uploads\/2011y\/SERIFE-ESER-SM.png","type":"image\/png"}],"author":"\u015eerife Eser","twitter_card":"summary_large_image","twitter_creator":"@TheEpochTimesTR","twitter_site":"@TheEpochTimesTR","twitter_misc":{"Yazan:":"\u015eerife Eser","Tahmini okuma s\u00fcresi":"3 dakika"},"schema":{"@context":"https:\/\/schema.org","@graph":[{"@type":"Article","@id":"https:\/\/epochtimestr.com\/index.php\/30-agustos-zafer-bayrami-kutlu-olsun#article","isPartOf":{"@id":"https:\/\/epochtimestr.com\/index.php\/30-agustos-zafer-bayrami-kutlu-olsun"},"author":{"name":"\u015eerife Eser","@id":"https:\/\/epochtimestr.com\/#\/schema\/person\/82b65a1390e2b0717a679b57ed38d466"},"headline":"30 A\u011fustos Zafer Bayram\u0131 Kutlu Olsun","datePublished":"2026-08-30T08:12:03+00:00","dateModified":"2026-08-30T08:12:05+00:00","mainEntityOfPage":{"@id":"https:\/\/epochtimestr.com\/index.php\/30-agustos-zafer-bayrami-kutlu-olsun"},"wordCount":489,"commentCount":0,"publisher":{"@id":"https:\/\/epochtimestr.com\/#organization"},"image":{"@id":"https:\/\/epochtimestr.com\/index.php\/30-agustos-zafer-bayrami-kutlu-olsun#primaryimage"},"thumbnailUrl":"https:\/\/epochtimestr.com\/wp-content\/uploads\/2011y\/Serife-Eser-Profil-1.png","keywords":["K\u00f6\u015fe","k\u00f6\u015fe belirli g\u00fcnler"],"articleSection":["K\u00f6\u015fe Yaz\u0131lar\u0131 \u015eerife Eser"],"inLanguage":"tr","potentialAction":[{"@type":"CommentAction","name":"Comment","target":["https:\/\/epochtimestr.com\/index.php\/30-agustos-zafer-bayrami-kutlu-olsun#respond"]}]},{"@type":"WebPage","@id":"https:\/\/epochtimestr.com\/index.php\/30-agustos-zafer-bayrami-kutlu-olsun","url":"https:\/\/epochtimestr.com\/index.php\/30-agustos-zafer-bayrami-kutlu-olsun","name":"30 A\u011fustos Zafer Bayram\u0131 Kutlu Olsun - The Epoch Times TR","isPartOf":{"@id":"https:\/\/epochtimestr.com\/#website"},"primaryImageOfPage":{"@id":"https:\/\/epochtimestr.com\/index.php\/30-agustos-zafer-bayrami-kutlu-olsun#primaryimage"},"image":{"@id":"https:\/\/epochtimestr.com\/index.php\/30-agustos-zafer-bayrami-kutlu-olsun#primaryimage"},"thumbnailUrl":"https:\/\/epochtimestr.com\/wp-content\/uploads\/2011y\/Serife-Eser-Profil-1.png","datePublished":"2026-08-30T08:12:03+00:00","dateModified":"2026-08-30T08:12:05+00:00","description":"30 A\u011fustos, yaln\u0131zca bir askeri zaferin y\u0131l d\u00f6n\u00fcm\u00fc de\u011fil, bir milletin, vatan\u0131na ve ba\u011f\u0131ms\u0131zl\u0131\u011f\u0131na sahip \u00e7\u0131k\u0131\u015f\u0131n\u0131n simgesidir.","inLanguage":"tr","potentialAction":[{"@type":"ReadAction","target":["https:\/\/epochtimestr.com\/index.php\/30-agustos-zafer-bayrami-kutlu-olsun"]}]},{"@type":"ImageObject","inLanguage":"tr","@id":"https:\/\/epochtimestr.com\/index.php\/30-agustos-zafer-bayrami-kutlu-olsun#primaryimage","url":"https:\/\/epochtimestr.com\/wp-content\/uploads\/2011y\/Serife-Eser-Profil-1.png","contentUrl":"https:\/\/epochtimestr.com\/wp-content\/uploads\/2011y\/Serife-Eser-Profil-1.png","width":600,"height":600},{"@type":"WebSite","@id":"https:\/\/epochtimestr.com\/#website","url":"https:\/\/epochtimestr.com\/","name":"The Epoch Times TR","description":"De\u011fi\u015fen D\u00fcnyam\u0131za Taze Bir Bak\u0131\u015f","publisher":{"@id":"https:\/\/epochtimestr.com\/#organization"},"potentialAction":[{"@type":"SearchAction","target":{"@type":"EntryPoint","urlTemplate":"https:\/\/epochtimestr.com\/?s={search_term_string}"},"query-input":"required name=search_term_string"}],"inLanguage":"tr"},{"@type":"Organization","@id":"https:\/\/epochtimestr.com\/#organization","name":"The EpochTimes T\u00fcrkiye","url":"https:\/\/epochtimestr.com\/","logo":{"@type":"ImageObject","inLanguage":"tr","@id":"https:\/\/epochtimestr.com\/#\/schema\/logo\/image\/","url":"https:\/\/epochtimestr.com\/wp-content\/uploads\/2011y\/ET-Logo-YG.jpg","contentUrl":"https:\/\/epochtimestr.com\/wp-content\/uploads\/2011y\/ET-Logo-YG.jpg","width":346,"height":29,"caption":"The EpochTimes T\u00fcrkiye"},"image":{"@id":"https:\/\/epochtimestr.com\/#\/schema\/logo\/image\/"},"sameAs":["https:\/\/www.facebook.com\/theepochtimestr","https:\/\/x.com\/TheEpochTimesTR","https:\/\/www.instagram.com\/epochtimestr"]},{"@type":"Person","@id":"https:\/\/epochtimestr.com\/#\/schema\/person\/82b65a1390e2b0717a679b57ed38d466","name":"\u015eerife Eser","image":{"@type":"ImageObject","inLanguage":"tr","@id":"https:\/\/epochtimestr.com\/#\/schema\/person\/image\/","url":"https:\/\/secure.gravatar.com\/avatar\/240b2d469e089f3ae0f677fcc7925228?s=96&d=mm&r=g","contentUrl":"https:\/\/secure.gravatar.com\/avatar\/240b2d469e089f3ae0f677fcc7925228?s=96&d=mm&r=g","caption":"\u015eerife Eser"},"url":"https:\/\/epochtimestr.com\/index.php\/author\/serife"}]}},"_links":{"self":[{"href":"https:\/\/epochtimestr.com\/index.php\/wp-json\/wp\/v2\/posts\/171195"}],"collection":[{"href":"https:\/\/epochtimestr.com\/index.php\/wp-json\/wp\/v2\/posts"}],"about":[{"href":"https:\/\/epochtimestr.com\/index.php\/wp-json\/wp\/v2\/types\/post"}],"author":[{"embeddable":true,"href":"https:\/\/epochtimestr.com\/index.php\/wp-json\/wp\/v2\/users\/13998"}],"replies":[{"embeddable":true,"href":"https:\/\/epochtimestr.com\/index.php\/wp-json\/wp\/v2\/comments?post=171195"}],"version-history":[{"count":1,"href":"https:\/\/epochtimestr.com\/index.php\/wp-json\/wp\/v2\/posts\/171195\/revisions"}],"predecessor-version":[{"id":171196,"href":"https:\/\/epochtimestr.com\/index.php\/wp-json\/wp\/v2\/posts\/171195\/revisions\/171196"}],"wp:featuredmedia":[{"embeddable":true,"href":"https:\/\/epochtimestr.com\/index.php\/wp-json\/wp\/v2\/media\/160116"}],"wp:attachment":[{"href":"https:\/\/epochtimestr.com\/index.php\/wp-json\/wp\/v2\/media?parent=171195"}],"wp:term":[{"taxonomy":"category","embeddable":true,"href":"https:\/\/epochtimestr.com\/index.php\/wp-json\/wp\/v2\/categories?post=171195"},{"taxonomy":"post_tag","embeddable":true,"href":"https:\/\/epochtimestr.com\/index.php\/wp-json\/wp\/v2\/tags?post=171195"}],"curies":[{"name":"wp","href":"https:\/\/api.w.org\/{rel}","templated":true}]}}