{"id":171197,"date":"2026-08-30T12:54:08","date_gmt":"2026-08-30T09:54:08","guid":{"rendered":"https:\/\/epochtimestr.com\/?p=171197"},"modified":"2026-08-30T12:54:10","modified_gmt":"2026-08-30T09:54:10","slug":"zafer-topragin-cigligidir","status":"publish","type":"post","link":"https:\/\/epochtimestr.com\/index.php\/zafer-topragin-cigligidir","title":{"rendered":"Zafer Topra\u011f\u0131n \u00c7\u0131\u011fl\u0131\u011f\u0131d\u0131r"},"content":{"rendered":"\n<p>Bir sabah do\u011fmad\u0131 yaln\u0131zca g\u00fcne\u015f,<br \/>bir millet do\u011fruldu karanl\u0131\u011f\u0131n i\u00e7inden.<br \/>Topra\u011f\u0131n alt\u0131nda h\u00e2l\u00e2 duyulur<br \/>o g\u00fcn cepheye y\u00fcr\u00fcyenlerin kalbi;<br \/>bir avu\u00e7 insan\u0131n de\u011fil,<br \/>bir halk\u0131n \u201cya\u015famak\u201d diye hayk\u0131r\u0131\u015f\u0131d\u0131r<br \/>30 A\u011fustos.<\/p>\n\n\n\n<p>\u015eimdi ayn\u0131 toprakta<br \/>ba\u015fka bir sava\u015f\u0131n sessizli\u011fi var.<br \/>Cumhuriyetin \u0131\u015f\u0131\u011f\u0131n\u0131 k\u0131smak isteyenler,<br \/>tarihi kendi g\u00f6lgelerine g\u00f6re yazanlar,<br \/>bir \u00e7ocu\u011fun \u00f6zg\u00fcrce d\u00fc\u015f kurmas\u0131n\u0131 bile<br \/>fazla g\u00f6renler var.<br \/>Ama bilsinler:<br \/>Bu \u00fclkenin haf\u0131zas\u0131 susmaz,<br \/>k\u00fcl\u00fcn alt\u0131nda ate\u015fini saklayan<br \/>bir halk vard\u0131r.<\/p>\n\n\n\n<p>Biz,<br \/>sana yaln\u0131z zafer diye bakm\u0131yoruz 30 A\u011fustos;<br \/>boyun e\u011fmemeyi \u00f6\u011freten<br \/>b\u00fcy\u00fck bir s\u00f6z gibi bak\u0131yoruz.<br \/>\u00c7\u00fcnk\u00fc Cumhuriyet,<br \/>duvarlara as\u0131lm\u0131\u015f bir hat\u0131ra de\u011fil,<br \/>ekme\u011fini payla\u015fan i\u015f\u00e7inin,<br \/>kitab\u0131n\u0131 a\u00e7an \u00e7ocu\u011fun,<br \/>ba\u015f\u0131n\u0131 e\u011fmeyen insan\u0131n<br \/>her g\u00fcn yeniden kurdu\u011fu<br \/>bir yar\u0131nd\u0131r.<\/p>\n\n\n\n<p>Ve ey g\u00fczel memleket,<br \/>\u00fcst\u00fcne ne kadar kar ya\u011farsa ya\u011fs\u0131n<br \/>unutma:<br \/>Bir zamanlar yoktan var olmad\u0131k,<br \/>umuttan, inattan, al\u0131n terinden do\u011fduk.<br \/>Bug\u00fcn sana dokunan her karanl\u0131\u011fa kar\u015f\u0131<br \/>yar\u0131n\u0131m\u0131z\u0131n sesini y\u00fckseltece\u011fiz.<br \/>\u00c7\u00fcnk\u00fc 30 A\u011fustos yaln\u0131z d\u00fcn de\u011fildir;<br \/>\u00f6zg\u00fcrl\u00fc\u011fe inananlar\u0131n<br \/>bitmeyen y\u00fcr\u00fcy\u00fc\u015f\u00fcd\u00fcr.<\/p>\n","protected":false},"excerpt":{"rendered":"<p>Bir sabah do\u011fmad\u0131 yaln\u0131zca g\u00fcne\u015f,bir millet do\u011fruldu karanl\u0131\u011f\u0131n i\u00e7inden.Topra\u011f\u0131n alt\u0131nda h\u00e2l\u00e2 duyuluro g\u00fcn cepheye y\u00fcr\u00fcyenlerin kalbi;bir avu\u00e7 insan\u0131n de\u011fil,bir halk\u0131n \u201cya\u015famak\u201d diye hayk\u0131r\u0131\u015f\u0131d\u0131r30 A\u011fustos. \u015eimdi ayn\u0131 topraktaba\u015fka bir sava\u015f\u0131n sessizli\u011fi var.Cumhuriyetin \u0131\u015f\u0131\u011f\u0131n\u0131 k\u0131smak isteyenler,tarihi kendi g\u00f6lgelerine g\u00f6re yazanlar,bir \u00e7ocu\u011fun \u00f6zg\u00fcrce d\u00fc\u015f kurmas\u0131n\u0131 bilefazla g\u00f6renler var.Ama bilsinler:Bu \u00fclkenin haf\u0131zas\u0131 susmaz,k\u00fcl\u00fcn alt\u0131nda ate\u015fini saklayanbir halk vard\u0131r. Biz,sana [&hellip;]<\/p>\n","protected":false},"author":14005,"featured_media":163897,"comment_status":"open","ping_status":"open","sticky":false,"template":"","format":"standard","meta":{"_yoast_wpseo_focuskw":"zafer","_yoast_wpseo_title":"","_yoast_wpseo_metadesc":"Zafer Topra\u011f\u0131n \u00c7\u0131\u011fl\u0131\u011f\u0131d\u0131r: Aysel \u00d6zcan Yeti\u015f'in 30 A\u011fustos Zafer Bayram\u0131n\u0131 anlatan \u015fiiri.","_bbp_topic_count":0,"_bbp_reply_count":0,"_bbp_total_topic_count":0,"_bbp_total_reply_count":0,"_bbp_voice_count":0,"_bbp_anonymous_reply_count":0,"_bbp_topic_count_hidden":0,"_bbp_reply_count_hidden":0,"_bbp_forum_subforum_count":0,"footnotes":"","_yoast_wpseo_focuskw_text_input":""},"categories":[10057,8665],"tags":[11729,11881,11761],"yoast_head":"<!-- This site is optimized with the Yoast SEO plugin v23.0 - https:\/\/yoast.com\/wordpress\/plugins\/seo\/ -->\n<title>Zafer Topra\u011f\u0131n \u00c7\u0131\u011fl\u0131\u011f\u0131d\u0131r - The Epoch Times TR<\/title>\n<meta name=\"description\" content=\"Zafer Topra\u011f\u0131n \u00c7\u0131\u011fl\u0131\u011f\u0131d\u0131r: Aysel \u00d6zcan Yeti\u015f&#039;in 30 A\u011fustos Zafer Bayram\u0131n\u0131 anlatan \u015fiiri.\" \/>\n<meta name=\"robots\" content=\"index, follow, max-snippet:-1, max-image-preview:large, max-video-preview:-1\" \/>\n<link rel=\"canonical\" href=\"https:\/\/epochtimestr.com\/index.php\/zafer-topragin-cigligidir\" \/>\n<meta property=\"og:locale\" content=\"tr_TR\" \/>\n<meta property=\"og:type\" content=\"article\" \/>\n<meta property=\"og:title\" content=\"Zafer Topra\u011f\u0131n \u00c7\u0131\u011fl\u0131\u011f\u0131d\u0131r - The Epoch Times TR\" \/>\n<meta property=\"og:description\" content=\"Zafer Topra\u011f\u0131n \u00c7\u0131\u011fl\u0131\u011f\u0131d\u0131r: Aysel \u00d6zcan Yeti\u015f&#039;in 30 A\u011fustos Zafer Bayram\u0131n\u0131 anlatan \u015fiiri.\" \/>\n<meta property=\"og:url\" content=\"https:\/\/epochtimestr.com\/index.php\/zafer-topragin-cigligidir\" \/>\n<meta property=\"og:site_name\" content=\"The Epoch Times TR\" \/>\n<meta property=\"article:publisher\" content=\"https:\/\/www.facebook.com\/theepochtimestr\" \/>\n<meta property=\"article:published_time\" content=\"2026-08-30T09:54:08+00:00\" \/>\n<meta property=\"article:modified_time\" content=\"2026-08-30T09:54:10+00:00\" \/>\n<meta property=\"og:image\" content=\"https:\/\/epochtimestr.com\/wp-content\/uploads\/2011y\/Aysel-Yetis-SM3.png\" \/>\n\t<meta property=\"og:image:width\" content=\"1200\" \/>\n\t<meta property=\"og:image:height\" content=\"630\" \/>\n\t<meta property=\"og:image:type\" content=\"image\/png\" \/>\n<meta name=\"author\" content=\"Aysel \u00d6zcan Yeti\u015f\" \/>\n<meta name=\"twitter:card\" content=\"summary_large_image\" \/>\n<meta name=\"twitter:creator\" content=\"@TheEpochTimesTR\" \/>\n<meta name=\"twitter:site\" content=\"@TheEpochTimesTR\" \/>\n<meta name=\"twitter:label1\" content=\"Yazan:\" \/>\n\t<meta name=\"twitter:data1\" content=\"Aysel \u00d6zcan Yeti\u015f\" \/>\n\t<meta name=\"twitter:label2\" content=\"Tahmini okuma s\u00fcresi\" \/>\n\t<meta name=\"twitter:data2\" content=\"2 dakika\" \/>\n<script type=\"application\/ld+json\" class=\"yoast-schema-graph\">{\"@context\":\"https:\/\/schema.org\",\"@graph\":[{\"@type\":\"Article\",\"@id\":\"https:\/\/epochtimestr.com\/index.php\/zafer-topragin-cigligidir#article\",\"isPartOf\":{\"@id\":\"https:\/\/epochtimestr.com\/index.php\/zafer-topragin-cigligidir\"},\"author\":{\"name\":\"Aysel \u00d6zcan Yeti\u015f\",\"@id\":\"https:\/\/epochtimestr.com\/#\/schema\/person\/8ac8c965e5072789ae94ce8df3878fad\"},\"headline\":\"Zafer Topra\u011f\u0131n \u00c7\u0131\u011fl\u0131\u011f\u0131d\u0131r\",\"datePublished\":\"2026-08-30T09:54:08+00:00\",\"dateModified\":\"2026-08-30T09:54:10+00:00\",\"mainEntityOfPage\":{\"@id\":\"https:\/\/epochtimestr.com\/index.php\/zafer-topragin-cigligidir\"},\"wordCount\":228,\"commentCount\":0,\"publisher\":{\"@id\":\"https:\/\/epochtimestr.com\/#organization\"},\"image\":{\"@id\":\"https:\/\/epochtimestr.com\/index.php\/zafer-topragin-cigligidir#primaryimage\"},\"thumbnailUrl\":\"https:\/\/epochtimestr.com\/wp-content\/uploads\/2011y\/Aysel-Ozcan-Yetis.png\",\"keywords\":[\"K\u00f6\u015fe\",\"k\u00f6\u015fe belirli g\u00fcnler\",\"k\u00f6\u015fe edebiyat\"],\"articleSection\":[\"K\u00f6\u015fe Yaz\u0131lar\u0131 Aysel \u00d6zcan Yeti\u015f\",\"\u015eiir\"],\"inLanguage\":\"tr\",\"potentialAction\":[{\"@type\":\"CommentAction\",\"name\":\"Comment\",\"target\":[\"https:\/\/epochtimestr.com\/index.php\/zafer-topragin-cigligidir#respond\"]}]},{\"@type\":\"WebPage\",\"@id\":\"https:\/\/epochtimestr.com\/index.php\/zafer-topragin-cigligidir\",\"url\":\"https:\/\/epochtimestr.com\/index.php\/zafer-topragin-cigligidir\",\"name\":\"Zafer Topra\u011f\u0131n \u00c7\u0131\u011fl\u0131\u011f\u0131d\u0131r - The Epoch Times TR\",\"isPartOf\":{\"@id\":\"https:\/\/epochtimestr.com\/#website\"},\"primaryImageOfPage\":{\"@id\":\"https:\/\/epochtimestr.com\/index.php\/zafer-topragin-cigligidir#primaryimage\"},\"image\":{\"@id\":\"https:\/\/epochtimestr.com\/index.php\/zafer-topragin-cigligidir#primaryimage\"},\"thumbnailUrl\":\"https:\/\/epochtimestr.com\/wp-content\/uploads\/2011y\/Aysel-Ozcan-Yetis.png\",\"datePublished\":\"2026-08-30T09:54:08+00:00\",\"dateModified\":\"2026-08-30T09:54:10+00:00\",\"description\":\"Zafer Topra\u011f\u0131n \u00c7\u0131\u011fl\u0131\u011f\u0131d\u0131r: Aysel \u00d6zcan Yeti\u015f'in 30 A\u011fustos Zafer Bayram\u0131n\u0131 anlatan \u015fiiri.\",\"inLanguage\":\"tr\",\"potentialAction\":[{\"@type\":\"ReadAction\",\"target\":[\"https:\/\/epochtimestr.com\/index.php\/zafer-topragin-cigligidir\"]}]},{\"@type\":\"ImageObject\",\"inLanguage\":\"tr\",\"@id\":\"https:\/\/epochtimestr.com\/index.php\/zafer-topragin-cigligidir#primaryimage\",\"url\":\"https:\/\/epochtimestr.com\/wp-content\/uploads\/2011y\/Aysel-Ozcan-Yetis.png\",\"contentUrl\":\"https:\/\/epochtimestr.com\/wp-content\/uploads\/2011y\/Aysel-Ozcan-Yetis.png\",\"width\":750,\"height\":750},{\"@type\":\"WebSite\",\"@id\":\"https:\/\/epochtimestr.com\/#website\",\"url\":\"https:\/\/epochtimestr.com\/\",\"name\":\"The Epoch Times TR\",\"description\":\"De\u011fi\u015fen D\u00fcnyam\u0131za Taze Bir Bak\u0131\u015f\",\"publisher\":{\"@id\":\"https:\/\/epochtimestr.com\/#organization\"},\"potentialAction\":[{\"@type\":\"SearchAction\",\"target\":{\"@type\":\"EntryPoint\",\"urlTemplate\":\"https:\/\/epochtimestr.com\/?s={search_term_string}\"},\"query-input\":\"required name=search_term_string\"}],\"inLanguage\":\"tr\"},{\"@type\":\"Organization\",\"@id\":\"https:\/\/epochtimestr.com\/#organization\",\"name\":\"The EpochTimes T\u00fcrkiye\",\"url\":\"https:\/\/epochtimestr.com\/\",\"logo\":{\"@type\":\"ImageObject\",\"inLanguage\":\"tr\",\"@id\":\"https:\/\/epochtimestr.com\/#\/schema\/logo\/image\/\",\"url\":\"https:\/\/epochtimestr.com\/wp-content\/uploads\/2011y\/ET-Logo-YG.jpg\",\"contentUrl\":\"https:\/\/epochtimestr.com\/wp-content\/uploads\/2011y\/ET-Logo-YG.jpg\",\"width\":346,\"height\":29,\"caption\":\"The EpochTimes T\u00fcrkiye\"},\"image\":{\"@id\":\"https:\/\/epochtimestr.com\/#\/schema\/logo\/image\/\"},\"sameAs\":[\"https:\/\/www.facebook.com\/theepochtimestr\",\"https:\/\/x.com\/TheEpochTimesTR\",\"https:\/\/www.instagram.com\/epochtimestr\"]},{\"@type\":\"Person\",\"@id\":\"https:\/\/epochtimestr.com\/#\/schema\/person\/8ac8c965e5072789ae94ce8df3878fad\",\"name\":\"Aysel \u00d6zcan Yeti\u015f\",\"image\":{\"@type\":\"ImageObject\",\"inLanguage\":\"tr\",\"@id\":\"https:\/\/epochtimestr.com\/#\/schema\/person\/image\/\",\"url\":\"https:\/\/secure.gravatar.com\/avatar\/e05a79b1b2d145df9f842aa7f0e32ef2?s=96&d=mm&r=g\",\"contentUrl\":\"https:\/\/secure.gravatar.com\/avatar\/e05a79b1b2d145df9f842aa7f0e32ef2?s=96&d=mm&r=g\",\"caption\":\"Aysel \u00d6zcan Yeti\u015f\"},\"url\":\"https:\/\/epochtimestr.com\/index.php\/author\/aysel\"}]}<\/script>\n<!-- \/ Yoast SEO plugin. -->","yoast_head_json":{"title":"Zafer Topra\u011f\u0131n \u00c7\u0131\u011fl\u0131\u011f\u0131d\u0131r - The Epoch Times TR","description":"Zafer Topra\u011f\u0131n \u00c7\u0131\u011fl\u0131\u011f\u0131d\u0131r: Aysel \u00d6zcan Yeti\u015f'in 30 A\u011fustos Zafer Bayram\u0131n\u0131 anlatan \u015fiiri.","robots":{"index":"index","follow":"follow","max-snippet":"max-snippet:-1","max-image-preview":"max-image-preview:large","max-video-preview":"max-video-preview:-1"},"canonical":"https:\/\/epochtimestr.com\/index.php\/zafer-topragin-cigligidir","og_locale":"tr_TR","og_type":"article","og_title":"Zafer Topra\u011f\u0131n \u00c7\u0131\u011fl\u0131\u011f\u0131d\u0131r - The Epoch Times TR","og_description":"Zafer Topra\u011f\u0131n \u00c7\u0131\u011fl\u0131\u011f\u0131d\u0131r: Aysel \u00d6zcan Yeti\u015f'in 30 A\u011fustos Zafer Bayram\u0131n\u0131 anlatan \u015fiiri.","og_url":"https:\/\/epochtimestr.com\/index.php\/zafer-topragin-cigligidir","og_site_name":"The Epoch Times TR","article_publisher":"https:\/\/www.facebook.com\/theepochtimestr","article_published_time":"2026-08-30T09:54:08+00:00","article_modified_time":"2026-08-30T09:54:10+00:00","og_image":[{"width":1200,"height":630,"url":"https:\/\/epochtimestr.com\/wp-content\/uploads\/2011y\/Aysel-Yetis-SM3.png","type":"image\/png"}],"author":"Aysel \u00d6zcan Yeti\u015f","twitter_card":"summary_large_image","twitter_creator":"@TheEpochTimesTR","twitter_site":"@TheEpochTimesTR","twitter_misc":{"Yazan:":"Aysel \u00d6zcan Yeti\u015f","Tahmini okuma s\u00fcresi":"2 dakika"},"schema":{"@context":"https:\/\/schema.org","@graph":[{"@type":"Article","@id":"https:\/\/epochtimestr.com\/index.php\/zafer-topragin-cigligidir#article","isPartOf":{"@id":"https:\/\/epochtimestr.com\/index.php\/zafer-topragin-cigligidir"},"author":{"name":"Aysel \u00d6zcan Yeti\u015f","@id":"https:\/\/epochtimestr.com\/#\/schema\/person\/8ac8c965e5072789ae94ce8df3878fad"},"headline":"Zafer Topra\u011f\u0131n \u00c7\u0131\u011fl\u0131\u011f\u0131d\u0131r","datePublished":"2026-08-30T09:54:08+00:00","dateModified":"2026-08-30T09:54:10+00:00","mainEntityOfPage":{"@id":"https:\/\/epochtimestr.com\/index.php\/zafer-topragin-cigligidir"},"wordCount":228,"commentCount":0,"publisher":{"@id":"https:\/\/epochtimestr.com\/#organization"},"image":{"@id":"https:\/\/epochtimestr.com\/index.php\/zafer-topragin-cigligidir#primaryimage"},"thumbnailUrl":"https:\/\/epochtimestr.com\/wp-content\/uploads\/2011y\/Aysel-Ozcan-Yetis.png","keywords":["K\u00f6\u015fe","k\u00f6\u015fe belirli g\u00fcnler","k\u00f6\u015fe edebiyat"],"articleSection":["K\u00f6\u015fe Yaz\u0131lar\u0131 Aysel \u00d6zcan Yeti\u015f","\u015eiir"],"inLanguage":"tr","potentialAction":[{"@type":"CommentAction","name":"Comment","target":["https:\/\/epochtimestr.com\/index.php\/zafer-topragin-cigligidir#respond"]}]},{"@type":"WebPage","@id":"https:\/\/epochtimestr.com\/index.php\/zafer-topragin-cigligidir","url":"https:\/\/epochtimestr.com\/index.php\/zafer-topragin-cigligidir","name":"Zafer Topra\u011f\u0131n \u00c7\u0131\u011fl\u0131\u011f\u0131d\u0131r - The Epoch Times TR","isPartOf":{"@id":"https:\/\/epochtimestr.com\/#website"},"primaryImageOfPage":{"@id":"https:\/\/epochtimestr.com\/index.php\/zafer-topragin-cigligidir#primaryimage"},"image":{"@id":"https:\/\/epochtimestr.com\/index.php\/zafer-topragin-cigligidir#primaryimage"},"thumbnailUrl":"https:\/\/epochtimestr.com\/wp-content\/uploads\/2011y\/Aysel-Ozcan-Yetis.png","datePublished":"2026-08-30T09:54:08+00:00","dateModified":"2026-08-30T09:54:10+00:00","description":"Zafer Topra\u011f\u0131n \u00c7\u0131\u011fl\u0131\u011f\u0131d\u0131r: Aysel \u00d6zcan Yeti\u015f'in 30 A\u011fustos Zafer Bayram\u0131n\u0131 anlatan \u015fiiri.","inLanguage":"tr","potentialAction":[{"@type":"ReadAction","target":["https:\/\/epochtimestr.com\/index.php\/zafer-topragin-cigligidir"]}]},{"@type":"ImageObject","inLanguage":"tr","@id":"https:\/\/epochtimestr.com\/index.php\/zafer-topragin-cigligidir#primaryimage","url":"https:\/\/epochtimestr.com\/wp-content\/uploads\/2011y\/Aysel-Ozcan-Yetis.png","contentUrl":"https:\/\/epochtimestr.com\/wp-content\/uploads\/2011y\/Aysel-Ozcan-Yetis.png","width":750,"height":750},{"@type":"WebSite","@id":"https:\/\/epochtimestr.com\/#website","url":"https:\/\/epochtimestr.com\/","name":"The Epoch Times TR","description":"De\u011fi\u015fen D\u00fcnyam\u0131za Taze Bir Bak\u0131\u015f","publisher":{"@id":"https:\/\/epochtimestr.com\/#organization"},"potentialAction":[{"@type":"SearchAction","target":{"@type":"EntryPoint","urlTemplate":"https:\/\/epochtimestr.com\/?s={search_term_string}"},"query-input":"required name=search_term_string"}],"inLanguage":"tr"},{"@type":"Organization","@id":"https:\/\/epochtimestr.com\/#organization","name":"The EpochTimes T\u00fcrkiye","url":"https:\/\/epochtimestr.com\/","logo":{"@type":"ImageObject","inLanguage":"tr","@id":"https:\/\/epochtimestr.com\/#\/schema\/logo\/image\/","url":"https:\/\/epochtimestr.com\/wp-content\/uploads\/2011y\/ET-Logo-YG.jpg","contentUrl":"https:\/\/epochtimestr.com\/wp-content\/uploads\/2011y\/ET-Logo-YG.jpg","width":346,"height":29,"caption":"The EpochTimes T\u00fcrkiye"},"image":{"@id":"https:\/\/epochtimestr.com\/#\/schema\/logo\/image\/"},"sameAs":["https:\/\/www.facebook.com\/theepochtimestr","https:\/\/x.com\/TheEpochTimesTR","https:\/\/www.instagram.com\/epochtimestr"]},{"@type":"Person","@id":"https:\/\/epochtimestr.com\/#\/schema\/person\/8ac8c965e5072789ae94ce8df3878fad","name":"Aysel \u00d6zcan Yeti\u015f","image":{"@type":"ImageObject","inLanguage":"tr","@id":"https:\/\/epochtimestr.com\/#\/schema\/person\/image\/","url":"https:\/\/secure.gravatar.com\/avatar\/e05a79b1b2d145df9f842aa7f0e32ef2?s=96&d=mm&r=g","contentUrl":"https:\/\/secure.gravatar.com\/avatar\/e05a79b1b2d145df9f842aa7f0e32ef2?s=96&d=mm&r=g","caption":"Aysel \u00d6zcan Yeti\u015f"},"url":"https:\/\/epochtimestr.com\/index.php\/author\/aysel"}]}},"_links":{"self":[{"href":"https:\/\/epochtimestr.com\/index.php\/wp-json\/wp\/v2\/posts\/171197"}],"collection":[{"href":"https:\/\/epochtimestr.com\/index.php\/wp-json\/wp\/v2\/posts"}],"about":[{"href":"https:\/\/epochtimestr.com\/index.php\/wp-json\/wp\/v2\/types\/post"}],"author":[{"embeddable":true,"href":"https:\/\/epochtimestr.com\/index.php\/wp-json\/wp\/v2\/users\/14005"}],"replies":[{"embeddable":true,"href":"https:\/\/epochtimestr.com\/index.php\/wp-json\/wp\/v2\/comments?post=171197"}],"version-history":[{"count":1,"href":"https:\/\/epochtimestr.com\/index.php\/wp-json\/wp\/v2\/posts\/171197\/revisions"}],"predecessor-version":[{"id":171198,"href":"https:\/\/epochtimestr.com\/index.php\/wp-json\/wp\/v2\/posts\/171197\/revisions\/171198"}],"wp:featuredmedia":[{"embeddable":true,"href":"https:\/\/epochtimestr.com\/index.php\/wp-json\/wp\/v2\/media\/163897"}],"wp:attachment":[{"href":"https:\/\/epochtimestr.com\/index.php\/wp-json\/wp\/v2\/media?parent=171197"}],"wp:term":[{"taxonomy":"category","embeddable":true,"href":"https:\/\/epochtimestr.com\/index.php\/wp-json\/wp\/v2\/categories?post=171197"},{"taxonomy":"post_tag","embeddable":true,"href":"https:\/\/epochtimestr.com\/index.php\/wp-json\/wp\/v2\/tags?post=171197"}],"curies":[{"name":"wp","href":"https:\/\/api.w.org\/{rel}","templated":true}]}}