{"id":171201,"date":"2026-08-30T15:44:29","date_gmt":"2026-08-30T12:44:29","guid":{"rendered":"https:\/\/epochtimestr.com\/?p=171201"},"modified":"2026-08-30T15:44:30","modified_gmt":"2026-08-30T12:44:30","slug":"mersine-giden-yolcu-gemisi-girne-aciklarinda-batti","status":"publish","type":"post","link":"https:\/\/epochtimestr.com\/index.php\/mersine-giden-yolcu-gemisi-girne-aciklarinda-batti","title":{"rendered":"Mersin&#8217;e Giden Yolcu Gemisi Girne A\u00e7\u0131klar\u0131nda Batt\u0131"},"content":{"rendered":"<div class=\"wp-block-image\">\n<figure class=\"aligncenter size-full is-resized\"><img loading=\"lazy\" decoding=\"async\" width=\"1280\" height=\"720\" src=\"https:\/\/epochtimestr.com\/wp-content\/uploads\/2011y\/batan-gemi-girne-k-k-t-c-1.webp\" alt=\"Mersin'e giden yolcu gemisi Girne a\u00e7\u0131klar\u0131nda batt\u0131 (Foto\u011fraf: youtube)\" class=\"wp-image-171202\" style=\"width:841px;height:auto\" srcset=\"https:\/\/epochtimestr.com\/wp-content\/uploads\/2011y\/batan-gemi-girne-k-k-t-c-1.webp 1280w, https:\/\/epochtimestr.com\/wp-content\/uploads\/2011y\/batan-gemi-girne-k-k-t-c-1-300x169.webp 300w, https:\/\/epochtimestr.com\/wp-content\/uploads\/2011y\/batan-gemi-girne-k-k-t-c-1-150x84.webp 150w, https:\/\/epochtimestr.com\/wp-content\/uploads\/2011y\/batan-gemi-girne-k-k-t-c-1-768x432.webp 768w\" sizes=\"(max-width: 1280px) 100vw, 1280px\" \/><figcaption class=\"wp-element-caption\">Mersin&#8217;e giden yolcu gemisi Girne a\u00e7\u0131klar\u0131nda batt\u0131 (Foto\u011fraf: youtube)<\/figcaption><\/figure><\/div>\n\n\n<h2 class=\"wp-block-heading\">Filo Denizcilik \u015firketine ait yolcu gemisi, Girne k\u0131y\u0131s\u0131ndan yakla\u015f\u0131k 2 kilometre a\u00e7\u0131kta seyretti\u011fi s\u0131rada hen\u00fcz belirlenemeyen bir nedenle ba\u015f k\u0131sm\u0131ndan h\u0131zla su almaya ba\u015flad\u0131.<\/h2>\n\n\n\n<p>Girne a\u00e7\u0131klar\u0131nda 279 ki\u015fiyi ta\u015f\u0131yan katamaran tipi yolcu gemisi su alarak alabora oldu. B\u00f6lgedeki t\u00fcm hastaneler ve ambulanslar alarma ge\u00e7irilirken, Sahil G\u00fcvenlik ile \u00e7evredeki tekneler denizde zamana kar\u015f\u0131 kritik bir arama kurtarma operasyonu y\u00fcr\u00fct\u00fcyor.<\/p>\n\n\n\n<p>Filo Denizcilik \u015firketine ait katamaran tipi yolcu gemisi, Girne k\u0131y\u0131s\u0131ndan yakla\u015f\u0131k 2 ila 2,5 kilometre a\u00e7\u0131kta seyretti\u011fi s\u0131rada hen\u00fcz belirlenemeyen bir nedenle ba\u015f k\u0131sm\u0131ndan h\u0131zla su almaya ba\u015flad\u0131. Olumsuz durumu fark eden gemi kaptan\u0131, rotas\u0131n\u0131 ivedilikle limana \u00e7evirerek acil d\u00f6n\u00fc\u015f manevras\u0131 yapt\u0131. Ancak teknenin dengesini kaybetmesi nedeniyle bu \u00e7aba sonu\u00e7suz kald\u0131 ve gemi sulara g\u00f6m\u00fclerek alabora oldu.<br \/>H\u00fck\u00fcmet yetkilileri kurtarma faaliyetlerini bizzat koordine ederken, yaral\u0131 say\u0131s\u0131na ve yolcular\u0131n genel sa\u011fl\u0131k durumlar\u0131na ili\u015fkin tespit \u00e7al\u0131\u015fmalar\u0131 devam ediyor.<\/p>\n\n\n\n<p>Kuzey K\u0131br\u0131s T\u00fcrk Cumhuriyeti&#8217;nin (KKTC) Girne a\u00e7\u0131klar\u0131nda alabora olan, i\u00e7erisinde 267 ki\u015finin bulundu\u011fu yolcu gemisiyle KKTC Ula\u015ft\u0131rma Bakan\u0131 Erhan Ar\u0131kl\u0131, son dakika a\u00e7\u0131klamalarda bulundu. Bakan Ar\u0131kl\u0131, &#8220;\u015eu anda kesin bir rakam veremiyorum. 1 hayat\u0131n\u0131 kaybeden yolcumuz var. Net rakam vermek m\u00fcmk\u00fcn de\u011fil. \u0130lerleyen saatlerde ancak verebiliriz. As\u0131l b\u00fcy\u00fck gemi yani yolcular\u0131 alan gemi hen\u00fcz gelmedi. Kurtulan, yaral\u0131 ve hayat\u0131n\u0131 kaybedenlerin say\u0131s\u0131 i\u00e7in hen\u00fcz erken. Kaybolma ihtimal dahilinde ancak bir \u015fey s\u00f6ylemek i\u00e7in erken.&#8221; ifadelerini kulland\u0131.<\/p>\n\n\n\n<h3 class=\"wp-block-heading\">&#8220;Herkes orada. Gerek sivil gemiler, k\u0131y\u0131 emniyet ve sahil g\u00fcvenlik birimlerimiz komple olay yerinde.&#8221; diyen Bakan Ar\u0131kl\u0131 \u015funlar\u0131 kaydetti:<\/h3>\n\n\n\n<p>&#8220;Yolcular\u0131 kurtarmaya \u00e7al\u0131\u015f\u0131yoruz. Helikopter de olay yerine gitmi\u015f durumda. A\u011f\u0131r yaral\u0131 yolcuyu al\u0131p geldi. D\u00fcn hava \u00e7ok k\u00f6t\u00fcyd\u00fc, izin vermedik. Bug\u00fcn deniz \u00e7\u0131k\u0131labilecek bir durumda. Geminin batma sebebinin ne oldu\u011funu anlamak i\u00e7in ara\u015ft\u0131rma yapmam\u0131z gerekiyor. Hen\u00fcz olay\u0131n sebebini bilemiyoruz. Geminin neden su ald\u0131\u011f\u0131n\u0131 anlamak i\u00e7in biraz zamana ihtiya\u00e7 var.&#8221;<\/p>\n\n\n\n<p>Bakan Ar\u0131kl\u0131, &#8220;D\u00fcn hava \u00e7ok k\u00f6t\u00fcyd\u00fc, izin vermedik. Bug\u00fcn deniz \u00e7\u0131k\u0131labilecek bir durumda. Geminin batma sebebinin ne oldu\u011funu anlamak i\u00e7in ara\u015ft\u0131rma yapmam\u0131z gerekiyor. Hen\u00fcz olay\u0131n sebebini bilemiyoruz. Geminin neden su ald\u0131\u011f\u0131n\u0131 anlamak i\u00e7in biraz zamana ihtiya\u00e7 var.&#8221; dedi.<\/p>\n\n\n\n<p>Ar\u0131kl\u0131, &#8220;Yolcular\u0131n bir k\u0131sm\u0131 kurtar\u0131ld\u0131, bir k\u0131sm\u0131 da di\u011fer gemilere al\u0131nmaya \u00e7al\u0131\u015f\u0131yoruz. \u00c7al\u0131\u015fmalar devam ediyor. \u0130lerleyen saatlerde durum tam belli olur.&#8221; ifadelerini kulland\u0131.<\/p>\n\n\n\n<p><strong>Ne oldu?<\/strong><\/p>\n\n\n\n<p>\u00d6\u011fle saatlerinde, KKTC&#8217;nin Girne Liman\u0131&#8217;ndan Mersin&#8217;in Ta\u015fucu Liman\u0131&#8217;na seyir halinde olan bir katamaran tipi yolcu feribotu, Girne a\u00e7\u0131klar\u0131nda ba\u015f k\u0131sm\u0131ndan su almaya ba\u015flad\u0131. \u0130\u00e7erisinde 259 yolcu ve 8 m\u00fcrettebat\u0131n bulundu\u011fu gemi, k\u0131sa s\u00fcrede alabora oldu. Ya\u015fanan olay sonras\u0131 Girne Liman\u0131ndaki ekipler ve sivil tekneler, alabora olan feribotun yan\u0131na gelerek arama-kurtarma \u00e7al\u0131\u015fmas\u0131na ba\u015flad\u0131. Yolcular\u0131n kurtar\u0131lmas\u0131 i\u00e7in \u00e7al\u0131\u015fmalar hala s\u00fcr\u00fcyor.<\/p>\n","protected":false},"excerpt":{"rendered":"<p>Filo Denizcilik \u015firketine ait yolcu gemisi, Girne k\u0131y\u0131s\u0131ndan yakla\u015f\u0131k 2 kilometre a\u00e7\u0131kta seyretti\u011fi s\u0131rada hen\u00fcz belirlenemeyen bir nedenle ba\u015f k\u0131sm\u0131ndan h\u0131zla su almaya ba\u015flad\u0131. Girne a\u00e7\u0131klar\u0131nda 279 ki\u015fiyi ta\u015f\u0131yan katamaran tipi yolcu gemisi su alarak alabora oldu. B\u00f6lgedeki t\u00fcm hastaneler ve ambulanslar alarma ge\u00e7irilirken, Sahil G\u00fcvenlik ile \u00e7evredeki tekneler denizde zamana kar\u015f\u0131 kritik bir arama [&hellip;]<\/p>\n","protected":false},"author":12791,"featured_media":171202,"comment_status":"open","ping_status":"open","sticky":false,"template":"","format":"standard","meta":{"_yoast_wpseo_focuskw":"yolcu gemisi","_yoast_wpseo_title":"","_yoast_wpseo_metadesc":"Filo Denizcilik \u015firketine ait yolcu gemisi, Girne k\u0131y\u0131s\u0131na yak\u0131n seyretti\u011fi s\u0131rada ba\u015f k\u0131sm\u0131ndan h\u0131zla su almaya ba\u015flad\u0131.","_bbp_topic_count":0,"_bbp_reply_count":0,"_bbp_total_topic_count":0,"_bbp_total_reply_count":0,"_bbp_voice_count":0,"_bbp_anonymous_reply_count":0,"_bbp_topic_count_hidden":0,"_bbp_reply_count_hidden":0,"_bbp_forum_subforum_count":0,"footnotes":"","_yoast_wpseo_focuskw_text_input":""},"categories":[1,8138,8419],"tags":[12534,12532,12535,12536,12533,4967,12531],"yoast_head":"<!-- This site is optimized with the Yoast SEO plugin v23.0 - https:\/\/yoast.com\/wordpress\/plugins\/seo\/ -->\n<title>Mersin&#039;e Giden Yolcu Gemisi Girne A\u00e7\u0131klar\u0131nda Batt\u0131 - The Epoch Times TR<\/title>\n<meta name=\"description\" content=\"Filo Denizcilik \u015firketine ait yolcu gemisi, Girne k\u0131y\u0131s\u0131na yak\u0131n seyretti\u011fi s\u0131rada ba\u015f k\u0131sm\u0131ndan h\u0131zla su almaya ba\u015flad\u0131.\" \/>\n<meta name=\"robots\" content=\"index, follow, max-snippet:-1, max-image-preview:large, max-video-preview:-1\" \/>\n<link rel=\"canonical\" href=\"https:\/\/epochtimestr.com\/index.php\/mersine-giden-yolcu-gemisi-girne-aciklarinda-batti\" \/>\n<meta property=\"og:locale\" content=\"tr_TR\" \/>\n<meta property=\"og:type\" content=\"article\" \/>\n<meta property=\"og:title\" content=\"Mersin&#039;e Giden Yolcu Gemisi Girne A\u00e7\u0131klar\u0131nda Batt\u0131 - The Epoch Times TR\" \/>\n<meta property=\"og:description\" content=\"Filo Denizcilik \u015firketine ait yolcu gemisi, Girne k\u0131y\u0131s\u0131na yak\u0131n seyretti\u011fi s\u0131rada ba\u015f k\u0131sm\u0131ndan h\u0131zla su almaya ba\u015flad\u0131.\" \/>\n<meta property=\"og:url\" content=\"https:\/\/epochtimestr.com\/index.php\/mersine-giden-yolcu-gemisi-girne-aciklarinda-batti\" \/>\n<meta property=\"og:site_name\" content=\"The Epoch Times TR\" \/>\n<meta property=\"article:publisher\" content=\"https:\/\/www.facebook.com\/theepochtimestr\" \/>\n<meta property=\"article:published_time\" content=\"2026-08-30T12:44:29+00:00\" \/>\n<meta property=\"article:modified_time\" content=\"2026-08-30T12:44:30+00:00\" \/>\n<meta property=\"og:image\" content=\"https:\/\/epochtimestr.com\/wp-content\/uploads\/2011y\/batan-gemi-girne-k-k-t-c-1.webp\" \/>\n\t<meta property=\"og:image:width\" content=\"1280\" \/>\n\t<meta property=\"og:image:height\" content=\"720\" \/>\n\t<meta property=\"og:image:type\" content=\"image\/webp\" \/>\n<meta name=\"author\" content=\"Haber Merkezi\" \/>\n<meta name=\"twitter:card\" content=\"summary_large_image\" \/>\n<meta name=\"twitter:creator\" content=\"@TheEpochTimesTR\" \/>\n<meta name=\"twitter:site\" content=\"@TheEpochTimesTR\" \/>\n<meta name=\"twitter:label1\" content=\"Yazan:\" \/>\n\t<meta name=\"twitter:data1\" content=\"Haber Merkezi\" \/>\n\t<meta name=\"twitter:label2\" content=\"Tahmini okuma s\u00fcresi\" \/>\n\t<meta name=\"twitter:data2\" content=\"3 dakika\" \/>\n<script type=\"application\/ld+json\" class=\"yoast-schema-graph\">{\"@context\":\"https:\/\/schema.org\",\"@graph\":[{\"@type\":\"Article\",\"@id\":\"https:\/\/epochtimestr.com\/index.php\/mersine-giden-yolcu-gemisi-girne-aciklarinda-batti#article\",\"isPartOf\":{\"@id\":\"https:\/\/epochtimestr.com\/index.php\/mersine-giden-yolcu-gemisi-girne-aciklarinda-batti\"},\"author\":{\"name\":\"Haber Merkezi\",\"@id\":\"https:\/\/epochtimestr.com\/#\/schema\/person\/3dc5c3adeb9f43923c5aa85889172fdd\"},\"headline\":\"Mersin&#8217;e Giden Yolcu Gemisi Girne A\u00e7\u0131klar\u0131nda Batt\u0131\",\"datePublished\":\"2026-08-30T12:44:29+00:00\",\"dateModified\":\"2026-08-30T12:44:30+00:00\",\"mainEntityOfPage\":{\"@id\":\"https:\/\/epochtimestr.com\/index.php\/mersine-giden-yolcu-gemisi-girne-aciklarinda-batti\"},\"wordCount\":557,\"commentCount\":0,\"publisher\":{\"@id\":\"https:\/\/epochtimestr.com\/#organization\"},\"image\":{\"@id\":\"https:\/\/epochtimestr.com\/index.php\/mersine-giden-yolcu-gemisi-girne-aciklarinda-batti#primaryimage\"},\"thumbnailUrl\":\"https:\/\/epochtimestr.com\/wp-content\/uploads\/2011y\/batan-gemi-girne-k-k-t-c-1.webp\",\"keywords\":[\"alabora\",\"Batmak\",\"Filo Denizcilik\",\"Girne\",\"Katamaran\",\"KKTC\",\"Yolcu Gemisi\"],\"articleSection\":[\"G\u00dcNDEM\",\"MAN\u015eET\",\"Ya\u015fam\"],\"inLanguage\":\"tr\",\"potentialAction\":[{\"@type\":\"CommentAction\",\"name\":\"Comment\",\"target\":[\"https:\/\/epochtimestr.com\/index.php\/mersine-giden-yolcu-gemisi-girne-aciklarinda-batti#respond\"]}]},{\"@type\":\"WebPage\",\"@id\":\"https:\/\/epochtimestr.com\/index.php\/mersine-giden-yolcu-gemisi-girne-aciklarinda-batti\",\"url\":\"https:\/\/epochtimestr.com\/index.php\/mersine-giden-yolcu-gemisi-girne-aciklarinda-batti\",\"name\":\"Mersin'e Giden Yolcu Gemisi Girne A\u00e7\u0131klar\u0131nda Batt\u0131 - The Epoch Times TR\",\"isPartOf\":{\"@id\":\"https:\/\/epochtimestr.com\/#website\"},\"primaryImageOfPage\":{\"@id\":\"https:\/\/epochtimestr.com\/index.php\/mersine-giden-yolcu-gemisi-girne-aciklarinda-batti#primaryimage\"},\"image\":{\"@id\":\"https:\/\/epochtimestr.com\/index.php\/mersine-giden-yolcu-gemisi-girne-aciklarinda-batti#primaryimage\"},\"thumbnailUrl\":\"https:\/\/epochtimestr.com\/wp-content\/uploads\/2011y\/batan-gemi-girne-k-k-t-c-1.webp\",\"datePublished\":\"2026-08-30T12:44:29+00:00\",\"dateModified\":\"2026-08-30T12:44:30+00:00\",\"description\":\"Filo Denizcilik \u015firketine ait yolcu gemisi, Girne k\u0131y\u0131s\u0131na yak\u0131n seyretti\u011fi s\u0131rada ba\u015f k\u0131sm\u0131ndan h\u0131zla su almaya ba\u015flad\u0131.\",\"inLanguage\":\"tr\",\"potentialAction\":[{\"@type\":\"ReadAction\",\"target\":[\"https:\/\/epochtimestr.com\/index.php\/mersine-giden-yolcu-gemisi-girne-aciklarinda-batti\"]}]},{\"@type\":\"ImageObject\",\"inLanguage\":\"tr\",\"@id\":\"https:\/\/epochtimestr.com\/index.php\/mersine-giden-yolcu-gemisi-girne-aciklarinda-batti#primaryimage\",\"url\":\"https:\/\/epochtimestr.com\/wp-content\/uploads\/2011y\/batan-gemi-girne-k-k-t-c-1.webp\",\"contentUrl\":\"https:\/\/epochtimestr.com\/wp-content\/uploads\/2011y\/batan-gemi-girne-k-k-t-c-1.webp\",\"width\":1280,\"height\":720},{\"@type\":\"WebSite\",\"@id\":\"https:\/\/epochtimestr.com\/#website\",\"url\":\"https:\/\/epochtimestr.com\/\",\"name\":\"The Epoch Times TR\",\"description\":\"De\u011fi\u015fen D\u00fcnyam\u0131za Taze Bir Bak\u0131\u015f\",\"publisher\":{\"@id\":\"https:\/\/epochtimestr.com\/#organization\"},\"potentialAction\":[{\"@type\":\"SearchAction\",\"target\":{\"@type\":\"EntryPoint\",\"urlTemplate\":\"https:\/\/epochtimestr.com\/?s={search_term_string}\"},\"query-input\":\"required name=search_term_string\"}],\"inLanguage\":\"tr\"},{\"@type\":\"Organization\",\"@id\":\"https:\/\/epochtimestr.com\/#organization\",\"name\":\"The EpochTimes T\u00fcrkiye\",\"url\":\"https:\/\/epochtimestr.com\/\",\"logo\":{\"@type\":\"ImageObject\",\"inLanguage\":\"tr\",\"@id\":\"https:\/\/epochtimestr.com\/#\/schema\/logo\/image\/\",\"url\":\"https:\/\/epochtimestr.com\/wp-content\/uploads\/2011y\/ET-Logo-YG.jpg\",\"contentUrl\":\"https:\/\/epochtimestr.com\/wp-content\/uploads\/2011y\/ET-Logo-YG.jpg\",\"width\":346,\"height\":29,\"caption\":\"The EpochTimes T\u00fcrkiye\"},\"image\":{\"@id\":\"https:\/\/epochtimestr.com\/#\/schema\/logo\/image\/\"},\"sameAs\":[\"https:\/\/www.facebook.com\/theepochtimestr\",\"https:\/\/x.com\/TheEpochTimesTR\",\"https:\/\/www.instagram.com\/epochtimestr\"]},{\"@type\":\"Person\",\"@id\":\"https:\/\/epochtimestr.com\/#\/schema\/person\/3dc5c3adeb9f43923c5aa85889172fdd\",\"name\":\"Haber Merkezi\",\"image\":{\"@type\":\"ImageObject\",\"inLanguage\":\"tr\",\"@id\":\"https:\/\/epochtimestr.com\/#\/schema\/person\/image\/\",\"url\":\"https:\/\/secure.gravatar.com\/avatar\/d73f772ba5a74f28601361e17c2f93e6?s=96&d=mm&r=g\",\"contentUrl\":\"https:\/\/secure.gravatar.com\/avatar\/d73f772ba5a74f28601361e17c2f93e6?s=96&d=mm&r=g\",\"caption\":\"Haber Merkezi\"},\"url\":\"https:\/\/epochtimestr.com\/index.php\/author\/sendag\"}]}<\/script>\n<!-- \/ Yoast SEO plugin. -->","yoast_head_json":{"title":"Mersin'e Giden Yolcu Gemisi Girne A\u00e7\u0131klar\u0131nda Batt\u0131 - The Epoch Times TR","description":"Filo Denizcilik \u015firketine ait yolcu gemisi, Girne k\u0131y\u0131s\u0131na yak\u0131n seyretti\u011fi s\u0131rada ba\u015f k\u0131sm\u0131ndan h\u0131zla su almaya ba\u015flad\u0131.","robots":{"index":"index","follow":"follow","max-snippet":"max-snippet:-1","max-image-preview":"max-image-preview:large","max-video-preview":"max-video-preview:-1"},"canonical":"https:\/\/epochtimestr.com\/index.php\/mersine-giden-yolcu-gemisi-girne-aciklarinda-batti","og_locale":"tr_TR","og_type":"article","og_title":"Mersin'e Giden Yolcu Gemisi Girne A\u00e7\u0131klar\u0131nda Batt\u0131 - The Epoch Times TR","og_description":"Filo Denizcilik \u015firketine ait yolcu gemisi, Girne k\u0131y\u0131s\u0131na yak\u0131n seyretti\u011fi s\u0131rada ba\u015f k\u0131sm\u0131ndan h\u0131zla su almaya ba\u015flad\u0131.","og_url":"https:\/\/epochtimestr.com\/index.php\/mersine-giden-yolcu-gemisi-girne-aciklarinda-batti","og_site_name":"The Epoch Times TR","article_publisher":"https:\/\/www.facebook.com\/theepochtimestr","article_published_time":"2026-08-30T12:44:29+00:00","article_modified_time":"2026-08-30T12:44:30+00:00","og_image":[{"width":1280,"height":720,"url":"https:\/\/epochtimestr.com\/wp-content\/uploads\/2011y\/batan-gemi-girne-k-k-t-c-1.webp","type":"image\/webp"}],"author":"Haber Merkezi","twitter_card":"summary_large_image","twitter_creator":"@TheEpochTimesTR","twitter_site":"@TheEpochTimesTR","twitter_misc":{"Yazan:":"Haber Merkezi","Tahmini okuma s\u00fcresi":"3 dakika"},"schema":{"@context":"https:\/\/schema.org","@graph":[{"@type":"Article","@id":"https:\/\/epochtimestr.com\/index.php\/mersine-giden-yolcu-gemisi-girne-aciklarinda-batti#article","isPartOf":{"@id":"https:\/\/epochtimestr.com\/index.php\/mersine-giden-yolcu-gemisi-girne-aciklarinda-batti"},"author":{"name":"Haber Merkezi","@id":"https:\/\/epochtimestr.com\/#\/schema\/person\/3dc5c3adeb9f43923c5aa85889172fdd"},"headline":"Mersin&#8217;e Giden Yolcu Gemisi Girne A\u00e7\u0131klar\u0131nda Batt\u0131","datePublished":"2026-08-30T12:44:29+00:00","dateModified":"2026-08-30T12:44:30+00:00","mainEntityOfPage":{"@id":"https:\/\/epochtimestr.com\/index.php\/mersine-giden-yolcu-gemisi-girne-aciklarinda-batti"},"wordCount":557,"commentCount":0,"publisher":{"@id":"https:\/\/epochtimestr.com\/#organization"},"image":{"@id":"https:\/\/epochtimestr.com\/index.php\/mersine-giden-yolcu-gemisi-girne-aciklarinda-batti#primaryimage"},"thumbnailUrl":"https:\/\/epochtimestr.com\/wp-content\/uploads\/2011y\/batan-gemi-girne-k-k-t-c-1.webp","keywords":["alabora","Batmak","Filo Denizcilik","Girne","Katamaran","KKTC","Yolcu Gemisi"],"articleSection":["G\u00dcNDEM","MAN\u015eET","Ya\u015fam"],"inLanguage":"tr","potentialAction":[{"@type":"CommentAction","name":"Comment","target":["https:\/\/epochtimestr.com\/index.php\/mersine-giden-yolcu-gemisi-girne-aciklarinda-batti#respond"]}]},{"@type":"WebPage","@id":"https:\/\/epochtimestr.com\/index.php\/mersine-giden-yolcu-gemisi-girne-aciklarinda-batti","url":"https:\/\/epochtimestr.com\/index.php\/mersine-giden-yolcu-gemisi-girne-aciklarinda-batti","name":"Mersin'e Giden Yolcu Gemisi Girne A\u00e7\u0131klar\u0131nda Batt\u0131 - The Epoch Times TR","isPartOf":{"@id":"https:\/\/epochtimestr.com\/#website"},"primaryImageOfPage":{"@id":"https:\/\/epochtimestr.com\/index.php\/mersine-giden-yolcu-gemisi-girne-aciklarinda-batti#primaryimage"},"image":{"@id":"https:\/\/epochtimestr.com\/index.php\/mersine-giden-yolcu-gemisi-girne-aciklarinda-batti#primaryimage"},"thumbnailUrl":"https:\/\/epochtimestr.com\/wp-content\/uploads\/2011y\/batan-gemi-girne-k-k-t-c-1.webp","datePublished":"2026-08-30T12:44:29+00:00","dateModified":"2026-08-30T12:44:30+00:00","description":"Filo Denizcilik \u015firketine ait yolcu gemisi, Girne k\u0131y\u0131s\u0131na yak\u0131n seyretti\u011fi s\u0131rada ba\u015f k\u0131sm\u0131ndan h\u0131zla su almaya ba\u015flad\u0131.","inLanguage":"tr","potentialAction":[{"@type":"ReadAction","target":["https:\/\/epochtimestr.com\/index.php\/mersine-giden-yolcu-gemisi-girne-aciklarinda-batti"]}]},{"@type":"ImageObject","inLanguage":"tr","@id":"https:\/\/epochtimestr.com\/index.php\/mersine-giden-yolcu-gemisi-girne-aciklarinda-batti#primaryimage","url":"https:\/\/epochtimestr.com\/wp-content\/uploads\/2011y\/batan-gemi-girne-k-k-t-c-1.webp","contentUrl":"https:\/\/epochtimestr.com\/wp-content\/uploads\/2011y\/batan-gemi-girne-k-k-t-c-1.webp","width":1280,"height":720},{"@type":"WebSite","@id":"https:\/\/epochtimestr.com\/#website","url":"https:\/\/epochtimestr.com\/","name":"The Epoch Times TR","description":"De\u011fi\u015fen D\u00fcnyam\u0131za Taze Bir Bak\u0131\u015f","publisher":{"@id":"https:\/\/epochtimestr.com\/#organization"},"potentialAction":[{"@type":"SearchAction","target":{"@type":"EntryPoint","urlTemplate":"https:\/\/epochtimestr.com\/?s={search_term_string}"},"query-input":"required name=search_term_string"}],"inLanguage":"tr"},{"@type":"Organization","@id":"https:\/\/epochtimestr.com\/#organization","name":"The EpochTimes T\u00fcrkiye","url":"https:\/\/epochtimestr.com\/","logo":{"@type":"ImageObject","inLanguage":"tr","@id":"https:\/\/epochtimestr.com\/#\/schema\/logo\/image\/","url":"https:\/\/epochtimestr.com\/wp-content\/uploads\/2011y\/ET-Logo-YG.jpg","contentUrl":"https:\/\/epochtimestr.com\/wp-content\/uploads\/2011y\/ET-Logo-YG.jpg","width":346,"height":29,"caption":"The EpochTimes T\u00fcrkiye"},"image":{"@id":"https:\/\/epochtimestr.com\/#\/schema\/logo\/image\/"},"sameAs":["https:\/\/www.facebook.com\/theepochtimestr","https:\/\/x.com\/TheEpochTimesTR","https:\/\/www.instagram.com\/epochtimestr"]},{"@type":"Person","@id":"https:\/\/epochtimestr.com\/#\/schema\/person\/3dc5c3adeb9f43923c5aa85889172fdd","name":"Haber Merkezi","image":{"@type":"ImageObject","inLanguage":"tr","@id":"https:\/\/epochtimestr.com\/#\/schema\/person\/image\/","url":"https:\/\/secure.gravatar.com\/avatar\/d73f772ba5a74f28601361e17c2f93e6?s=96&d=mm&r=g","contentUrl":"https:\/\/secure.gravatar.com\/avatar\/d73f772ba5a74f28601361e17c2f93e6?s=96&d=mm&r=g","caption":"Haber Merkezi"},"url":"https:\/\/epochtimestr.com\/index.php\/author\/sendag"}]}},"_links":{"self":[{"href":"https:\/\/epochtimestr.com\/index.php\/wp-json\/wp\/v2\/posts\/171201"}],"collection":[{"href":"https:\/\/epochtimestr.com\/index.php\/wp-json\/wp\/v2\/posts"}],"about":[{"href":"https:\/\/epochtimestr.com\/index.php\/wp-json\/wp\/v2\/types\/post"}],"author":[{"embeddable":true,"href":"https:\/\/epochtimestr.com\/index.php\/wp-json\/wp\/v2\/users\/12791"}],"replies":[{"embeddable":true,"href":"https:\/\/epochtimestr.com\/index.php\/wp-json\/wp\/v2\/comments?post=171201"}],"version-history":[{"count":3,"href":"https:\/\/epochtimestr.com\/index.php\/wp-json\/wp\/v2\/posts\/171201\/revisions"}],"predecessor-version":[{"id":171207,"href":"https:\/\/epochtimestr.com\/index.php\/wp-json\/wp\/v2\/posts\/171201\/revisions\/171207"}],"wp:featuredmedia":[{"embeddable":true,"href":"https:\/\/epochtimestr.com\/index.php\/wp-json\/wp\/v2\/media\/171202"}],"wp:attachment":[{"href":"https:\/\/epochtimestr.com\/index.php\/wp-json\/wp\/v2\/media?parent=171201"}],"wp:term":[{"taxonomy":"category","embeddable":true,"href":"https:\/\/epochtimestr.com\/index.php\/wp-json\/wp\/v2\/categories?post=171201"},{"taxonomy":"post_tag","embeddable":true,"href":"https:\/\/epochtimestr.com\/index.php\/wp-json\/wp\/v2\/tags?post=171201"}],"curies":[{"name":"wp","href":"https:\/\/api.w.org\/{rel}","templated":true}]}}