{"id":171208,"date":"2026-08-30T16:22:20","date_gmt":"2026-08-30T13:22:20","guid":{"rendered":"https:\/\/epochtimestr.com\/?p=171208"},"modified":"2026-08-30T16:22:22","modified_gmt":"2026-08-30T13:22:22","slug":"30-agustosun-104-yilinda-devlet-erkani-anitkabirde","status":"publish","type":"post","link":"https:\/\/epochtimestr.com\/index.php\/30-agustosun-104-yilinda-devlet-erkani-anitkabirde","title":{"rendered":"30 A\u011fustos&#8217;un 104. Y\u0131l\u0131nda Devlet Erk\u00e2n\u0131 An\u0131tkabir&#8217;de"},"content":{"rendered":"<div class=\"wp-block-image\">\n<figure class=\"aligncenter size-full\"><img loading=\"lazy\" decoding=\"async\" width=\"2048\" height=\"1024\" src=\"https:\/\/epochtimestr.com\/wp-content\/uploads\/2011y\/yeni-parti-4.jpg\" alt=\"30 A\u011fustos'un 104. y\u0131l\u0131nda devlet erk\u00e2n\u0131 An\u0131tkabir'de (Foto\u011fraf: YEN\u0130 Parti x hesab\u0131)\" class=\"wp-image-171210\" srcset=\"https:\/\/epochtimestr.com\/wp-content\/uploads\/2011y\/yeni-parti-4.jpg 2048w, https:\/\/epochtimestr.com\/wp-content\/uploads\/2011y\/yeni-parti-4-300x150.jpg 300w, https:\/\/epochtimestr.com\/wp-content\/uploads\/2011y\/yeni-parti-4-150x75.jpg 150w, https:\/\/epochtimestr.com\/wp-content\/uploads\/2011y\/yeni-parti-4-768x384.jpg 768w, https:\/\/epochtimestr.com\/wp-content\/uploads\/2011y\/yeni-parti-4-1536x768.jpg 1536w\" sizes=\"(max-width: 2048px) 100vw, 2048px\" \/><figcaption class=\"wp-element-caption\">                                30 A\u011fustos&#8217;un 104. y\u0131l\u0131nda devlet erk\u00e2n\u0131 An\u0131tkabir&#8217;de (Foto\u011fraf: YEN\u0130 Parti x hesab\u0131)<\/figcaption><\/figure><\/div>\n\n\n<h2 class=\"wp-block-heading\">30 A\u011fustos&#8217;un 104. y\u0131l\u0131nda devlet erk\u00e2n\u0131 An\u0131tkabir&#8217;de. T\u00f6rene Cumhurba\u015fkan\u0131 Erdo\u011fan, \u00d6zel, Bah\u00e7eli ve K\u0131l\u0131\u00e7daro\u011flu da kat\u0131ld\u0131.<\/h2>\n\n\n\n<p>Cumhurba\u015fkan\u0131 Recep Tayyip Erdo\u011fan ba\u015fkanl\u0131\u011f\u0131ndaki devlet erk\u00e2n\u0131, 30 A\u011fustos <a href=\"https:\/\/epochtimestr.com\/index.php\/30-agustos-zafer-bayrami-kutlu-olsun\" target=\"_blank\" rel=\"noreferrer noopener\">Zafer Bayram\u0131 <\/a>dolay\u0131s\u0131yla <a href=\"https:\/\/epochtimestr.com\/index.php\/ozgur-ozel-kurucular-kurulu-ile-birlikte-anitkabiri-ziyaret-etti\" target=\"_blank\" rel=\"noreferrer noopener\">An\u0131tkabir<\/a>&#8216;e ziyarette bulundu. Cumhurba\u015fkan\u0131 Erdo\u011fan ba\u015fkanl\u0131\u011f\u0131ndaki kortejde, TBMM Ba\u015fkan\u0131 Numan Kurtulmu\u015f, Cumhurba\u015fkan\u0131 Yard\u0131mc\u0131s\u0131 Cevdet Y\u0131lmaz, Yeni Parti Genel Ba\u015fkan\u0131 \u00d6zg\u00fcr \u00d6zel, y\u00fcksek yarg\u0131 organlar\u0131n\u0131n ba\u015fkanlar\u0131, Cumhurba\u015fkanl\u0131\u011f\u0131 Kabinesi \u00fcyeleri, MHP Genel Ba\u015fkan\u0131 Devlet Bah\u00e7eli, CHP Genel Ba\u015fkan\u0131 Kemal K\u0131l\u0131\u00e7daro\u011flu, \u0130Y\u0130 Parti Genel Ba\u015fkan\u0131 M\u00fcsavat Dervi\u015fo\u011flu, Cumhurba\u015fkanl\u0131\u011f\u0131 \u0130leti\u015fim Ba\u015fkan\u0131 Burhanettin Duran, komutanlar, siyasi partilerin temsilcileri, b\u00fcrokratlar ve di\u011fer devlet erkan\u0131 yer ald\u0131.<\/p>\n\n\n\n<p>Erdo\u011fan t\u00f6rende Atat\u00fcrk&#8217;\u00fcn mozolesine ay y\u0131ld\u0131z motifli \u00e7elenk b\u0131rakt\u0131. Sayg\u0131 duru\u015funun ard\u0131ndan \u0130stiklal Mar\u015f\u0131 okundu. Erdo\u011fan ve protokolde yer alan devlet erk\u00e2n\u0131, daha sonra Misak-\u0131 Mill\u00ee Kulesi&#8217;ne ge\u00e7ti. Erdo\u011fan, burada An\u0131tkabir \u00d6zel Defterini imzalad\u0131.<\/p>\n\n\n<div class=\"wp-block-image\">\n<figure class=\"aligncenter size-large\"><img loading=\"lazy\" decoding=\"async\" width=\"1800\" height=\"1200\" src=\"https:\/\/epochtimestr.com\/wp-content\/uploads\/2011y\/anitkabir-cb-30-08-26-galeri6-1800x1200.jpg\" alt=\"\" class=\"wp-image-171209\" srcset=\"https:\/\/epochtimestr.com\/wp-content\/uploads\/2011y\/anitkabir-cb-30-08-26-galeri6-1800x1200.jpg 1800w, https:\/\/epochtimestr.com\/wp-content\/uploads\/2011y\/anitkabir-cb-30-08-26-galeri6-300x200.jpg 300w, https:\/\/epochtimestr.com\/wp-content\/uploads\/2011y\/anitkabir-cb-30-08-26-galeri6-150x100.jpg 150w, https:\/\/epochtimestr.com\/wp-content\/uploads\/2011y\/anitkabir-cb-30-08-26-galeri6-768x512.jpg 768w, https:\/\/epochtimestr.com\/wp-content\/uploads\/2011y\/anitkabir-cb-30-08-26-galeri6-1536x1024.jpg 1536w, https:\/\/epochtimestr.com\/wp-content\/uploads\/2011y\/anitkabir-cb-30-08-26-galeri6-2048x1365.jpg 2048w\" sizes=\"(max-width: 1800px) 100vw, 1800px\" \/><figcaption class=\"wp-element-caption\">                                                                                         (Foto\u011fraf: \u0130leti\u015fim Ba\u015fkanl\u0131\u011f\u0131 x hesab\u0131) )<\/figcaption><\/figure><\/div>\n\n\n<p><strong>Cumhurba\u015fkan\u0131 Erdo\u011fan, deftere \u015funlar\u0131 yazd\u0131:<\/strong><\/p>\n\n\n\n<p>&#8220;Aziz Atat\u00fcrk, bug\u00fcn millet olarak B\u00fcy\u00fck Zafer&#8217;in 104&#8217;\u00fcnc\u00fc y\u0131l d\u00f6n\u00fcm\u00fcn\u00fc bir kez daha gururla kutluyoruz.<\/p>\n\n\n\n<p>Milli m\u00fccadelenin d\u00f6n\u00fcm noktalar\u0131ndan biri olan B\u00fcy\u00fck Zafer&#8217;de eme\u011fi ge\u00e7en zat-\u0131 aliniz ba\u015fta olmak \u00fczere B\u00fcy\u00fck Millet Meclisi&#8217;mizin k\u0131ymetli mensuplar\u0131 ile kahraman ordumuzun kahraman neferlerini \u015f\u00fckranla yad ediyoruz.<\/p>\n\n\n\n<p>\u015eehit ve gazilerimizin mukaddes emaneti olarak g\u00f6rd\u00fc\u011f\u00fcm\u00fcz T\u00fcrkiye Cumhuriyeti&#8217;ni onlardan devrald\u0131\u011f\u0131m\u0131z miras\u0131n k\u0131lavuzlu\u011funda karde\u015flik ve dayan\u0131\u015fma ruhuyla her alanda g\u00fc\u00e7lendirmeye devam ediyoruz.<\/p>\n\n\n\n<p>Bundan 104 y\u0131l \u00f6nce oldu\u011fu gibi bug\u00fcn de \u00fclkemizi ve co\u011frafyam\u0131z\u0131 hedef alan menfur planlara m\u00fcsaade etmiyor, milletimizin istiklal ve istikbaline kararl\u0131l\u0131kla sahip \u00e7\u0131k\u0131yoruz.<\/p>\n\n\n\n<p>Ruhun \u015fad olsun.&#8221;<\/p>\n","protected":false},"excerpt":{"rendered":"<p>30 A\u011fustos&#8217;un 104. y\u0131l\u0131nda devlet erk\u00e2n\u0131 An\u0131tkabir&#8217;de. T\u00f6rene Cumhurba\u015fkan\u0131 Erdo\u011fan, \u00d6zel, Bah\u00e7eli ve K\u0131l\u0131\u00e7daro\u011flu da kat\u0131ld\u0131. Cumhurba\u015fkan\u0131 Recep Tayyip Erdo\u011fan ba\u015fkanl\u0131\u011f\u0131ndaki devlet erk\u00e2n\u0131, 30 A\u011fustos Zafer Bayram\u0131 dolay\u0131s\u0131yla An\u0131tkabir&#8216;e ziyarette bulundu. Cumhurba\u015fkan\u0131 Erdo\u011fan ba\u015fkanl\u0131\u011f\u0131ndaki kortejde, TBMM Ba\u015fkan\u0131 Numan Kurtulmu\u015f, Cumhurba\u015fkan\u0131 Yard\u0131mc\u0131s\u0131 Cevdet Y\u0131lmaz, Yeni Parti Genel Ba\u015fkan\u0131 \u00d6zg\u00fcr \u00d6zel, y\u00fcksek yarg\u0131 organlar\u0131n\u0131n ba\u015fkanlar\u0131, Cumhurba\u015fkanl\u0131\u011f\u0131 Kabinesi [&hellip;]<\/p>\n","protected":false},"author":12791,"featured_media":171210,"comment_status":"open","ping_status":"open","sticky":false,"template":"","format":"standard","meta":{"_yoast_wpseo_focuskw":"devlet erk\u00e2n\u0131","_yoast_wpseo_title":"","_yoast_wpseo_metadesc":"30 A\u011fustos'un 104. y\u0131l\u0131nda devlet erk\u00e2n\u0131 An\u0131tkabir'de. T\u00f6rene Cumhurba\u015fkan\u0131 Erdo\u011fan, \u00d6zel, Bah\u00e7eli ve K\u0131l\u0131\u00e7daro\u011flu da kat\u0131ld\u0131.","_bbp_topic_count":0,"_bbp_reply_count":0,"_bbp_total_topic_count":0,"_bbp_total_reply_count":0,"_bbp_voice_count":0,"_bbp_anonymous_reply_count":0,"_bbp_topic_count_hidden":0,"_bbp_reply_count_hidden":0,"_bbp_forum_subforum_count":0,"footnotes":"","_yoast_wpseo_focuskw_text_input":""},"categories":[1,8138,8226],"tags":[12540,12539,12541,4788,12538,6655],"yoast_head":"<!-- This site is optimized with the Yoast SEO plugin v23.0 - https:\/\/yoast.com\/wordpress\/plugins\/seo\/ -->\n<title>30 A\u011fustos&#039;un 104. Y\u0131l\u0131nda Devlet Erk\u00e2n\u0131 An\u0131tkabir&#039;de - The Epoch Times TR<\/title>\n<meta name=\"description\" content=\"30 A\u011fustos&#039;un 104. y\u0131l\u0131nda devlet erk\u00e2n\u0131 An\u0131tkabir&#039;de. T\u00f6rene Cumhurba\u015fkan\u0131 Erdo\u011fan, \u00d6zel, Bah\u00e7eli ve K\u0131l\u0131\u00e7daro\u011flu da kat\u0131ld\u0131.\" \/>\n<meta name=\"robots\" content=\"index, follow, max-snippet:-1, max-image-preview:large, max-video-preview:-1\" \/>\n<link rel=\"canonical\" href=\"https:\/\/epochtimestr.com\/index.php\/30-agustosun-104-yilinda-devlet-erkani-anitkabirde\" \/>\n<meta property=\"og:locale\" content=\"tr_TR\" \/>\n<meta property=\"og:type\" content=\"article\" \/>\n<meta property=\"og:title\" content=\"30 A\u011fustos&#039;un 104. Y\u0131l\u0131nda Devlet Erk\u00e2n\u0131 An\u0131tkabir&#039;de - The Epoch Times TR\" \/>\n<meta property=\"og:description\" content=\"30 A\u011fustos&#039;un 104. y\u0131l\u0131nda devlet erk\u00e2n\u0131 An\u0131tkabir&#039;de. T\u00f6rene Cumhurba\u015fkan\u0131 Erdo\u011fan, \u00d6zel, Bah\u00e7eli ve K\u0131l\u0131\u00e7daro\u011flu da kat\u0131ld\u0131.\" \/>\n<meta property=\"og:url\" content=\"https:\/\/epochtimestr.com\/index.php\/30-agustosun-104-yilinda-devlet-erkani-anitkabirde\" \/>\n<meta property=\"og:site_name\" content=\"The Epoch Times TR\" \/>\n<meta property=\"article:publisher\" content=\"https:\/\/www.facebook.com\/theepochtimestr\" \/>\n<meta property=\"article:published_time\" content=\"2026-08-30T13:22:20+00:00\" \/>\n<meta property=\"article:modified_time\" content=\"2026-08-30T13:22:22+00:00\" \/>\n<meta property=\"og:image\" content=\"https:\/\/epochtimestr.com\/wp-content\/uploads\/2011y\/yeni-parti-4.jpg\" \/>\n\t<meta property=\"og:image:width\" content=\"2048\" \/>\n\t<meta property=\"og:image:height\" content=\"1024\" \/>\n\t<meta property=\"og:image:type\" content=\"image\/jpeg\" \/>\n<meta name=\"author\" content=\"Haber Merkezi\" \/>\n<meta name=\"twitter:card\" content=\"summary_large_image\" \/>\n<meta name=\"twitter:creator\" content=\"@TheEpochTimesTR\" \/>\n<meta name=\"twitter:site\" content=\"@TheEpochTimesTR\" \/>\n<meta name=\"twitter:label1\" content=\"Yazan:\" \/>\n\t<meta name=\"twitter:data1\" content=\"Haber Merkezi\" \/>\n\t<meta name=\"twitter:label2\" content=\"Tahmini okuma s\u00fcresi\" \/>\n\t<meta name=\"twitter:data2\" content=\"3 dakika\" \/>\n<script type=\"application\/ld+json\" class=\"yoast-schema-graph\">{\"@context\":\"https:\/\/schema.org\",\"@graph\":[{\"@type\":\"Article\",\"@id\":\"https:\/\/epochtimestr.com\/index.php\/30-agustosun-104-yilinda-devlet-erkani-anitkabirde#article\",\"isPartOf\":{\"@id\":\"https:\/\/epochtimestr.com\/index.php\/30-agustosun-104-yilinda-devlet-erkani-anitkabirde\"},\"author\":{\"name\":\"Haber Merkezi\",\"@id\":\"https:\/\/epochtimestr.com\/#\/schema\/person\/3dc5c3adeb9f43923c5aa85889172fdd\"},\"headline\":\"30 A\u011fustos&#8217;un 104. Y\u0131l\u0131nda Devlet Erk\u00e2n\u0131 An\u0131tkabir&#8217;de\",\"datePublished\":\"2026-08-30T13:22:20+00:00\",\"dateModified\":\"2026-08-30T13:22:22+00:00\",\"mainEntityOfPage\":{\"@id\":\"https:\/\/epochtimestr.com\/index.php\/30-agustosun-104-yilinda-devlet-erkani-anitkabirde\"},\"wordCount\":360,\"commentCount\":0,\"publisher\":{\"@id\":\"https:\/\/epochtimestr.com\/#organization\"},\"image\":{\"@id\":\"https:\/\/epochtimestr.com\/index.php\/30-agustosun-104-yilinda-devlet-erkani-anitkabirde#primaryimage\"},\"thumbnailUrl\":\"https:\/\/epochtimestr.com\/wp-content\/uploads\/2011y\/yeni-parti-4.jpg\",\"keywords\":[\"30 A\u011fustos\",\"ANITKAB\u0130R\",\"An\u0131tkabir \u00d6zel Defteri\",\"cumhurba\u015fkan\u0131 erdo\u011fan\",\"Devlet Erkan\u0131\",\"Zafer bayram\u0131\"],\"articleSection\":[\"G\u00dcNDEM\",\"MAN\u015eET\",\"Siyaset\"],\"inLanguage\":\"tr\",\"potentialAction\":[{\"@type\":\"CommentAction\",\"name\":\"Comment\",\"target\":[\"https:\/\/epochtimestr.com\/index.php\/30-agustosun-104-yilinda-devlet-erkani-anitkabirde#respond\"]}]},{\"@type\":\"WebPage\",\"@id\":\"https:\/\/epochtimestr.com\/index.php\/30-agustosun-104-yilinda-devlet-erkani-anitkabirde\",\"url\":\"https:\/\/epochtimestr.com\/index.php\/30-agustosun-104-yilinda-devlet-erkani-anitkabirde\",\"name\":\"30 A\u011fustos'un 104. Y\u0131l\u0131nda Devlet Erk\u00e2n\u0131 An\u0131tkabir'de - The Epoch Times TR\",\"isPartOf\":{\"@id\":\"https:\/\/epochtimestr.com\/#website\"},\"primaryImageOfPage\":{\"@id\":\"https:\/\/epochtimestr.com\/index.php\/30-agustosun-104-yilinda-devlet-erkani-anitkabirde#primaryimage\"},\"image\":{\"@id\":\"https:\/\/epochtimestr.com\/index.php\/30-agustosun-104-yilinda-devlet-erkani-anitkabirde#primaryimage\"},\"thumbnailUrl\":\"https:\/\/epochtimestr.com\/wp-content\/uploads\/2011y\/yeni-parti-4.jpg\",\"datePublished\":\"2026-08-30T13:22:20+00:00\",\"dateModified\":\"2026-08-30T13:22:22+00:00\",\"description\":\"30 A\u011fustos'un 104. y\u0131l\u0131nda devlet erk\u00e2n\u0131 An\u0131tkabir'de. T\u00f6rene Cumhurba\u015fkan\u0131 Erdo\u011fan, \u00d6zel, Bah\u00e7eli ve K\u0131l\u0131\u00e7daro\u011flu da kat\u0131ld\u0131.\",\"inLanguage\":\"tr\",\"potentialAction\":[{\"@type\":\"ReadAction\",\"target\":[\"https:\/\/epochtimestr.com\/index.php\/30-agustosun-104-yilinda-devlet-erkani-anitkabirde\"]}]},{\"@type\":\"ImageObject\",\"inLanguage\":\"tr\",\"@id\":\"https:\/\/epochtimestr.com\/index.php\/30-agustosun-104-yilinda-devlet-erkani-anitkabirde#primaryimage\",\"url\":\"https:\/\/epochtimestr.com\/wp-content\/uploads\/2011y\/yeni-parti-4.jpg\",\"contentUrl\":\"https:\/\/epochtimestr.com\/wp-content\/uploads\/2011y\/yeni-parti-4.jpg\",\"width\":2048,\"height\":1024},{\"@type\":\"WebSite\",\"@id\":\"https:\/\/epochtimestr.com\/#website\",\"url\":\"https:\/\/epochtimestr.com\/\",\"name\":\"The Epoch Times TR\",\"description\":\"De\u011fi\u015fen D\u00fcnyam\u0131za Taze Bir Bak\u0131\u015f\",\"publisher\":{\"@id\":\"https:\/\/epochtimestr.com\/#organization\"},\"potentialAction\":[{\"@type\":\"SearchAction\",\"target\":{\"@type\":\"EntryPoint\",\"urlTemplate\":\"https:\/\/epochtimestr.com\/?s={search_term_string}\"},\"query-input\":\"required name=search_term_string\"}],\"inLanguage\":\"tr\"},{\"@type\":\"Organization\",\"@id\":\"https:\/\/epochtimestr.com\/#organization\",\"name\":\"The EpochTimes T\u00fcrkiye\",\"url\":\"https:\/\/epochtimestr.com\/\",\"logo\":{\"@type\":\"ImageObject\",\"inLanguage\":\"tr\",\"@id\":\"https:\/\/epochtimestr.com\/#\/schema\/logo\/image\/\",\"url\":\"https:\/\/epochtimestr.com\/wp-content\/uploads\/2011y\/ET-Logo-YG.jpg\",\"contentUrl\":\"https:\/\/epochtimestr.com\/wp-content\/uploads\/2011y\/ET-Logo-YG.jpg\",\"width\":346,\"height\":29,\"caption\":\"The EpochTimes T\u00fcrkiye\"},\"image\":{\"@id\":\"https:\/\/epochtimestr.com\/#\/schema\/logo\/image\/\"},\"sameAs\":[\"https:\/\/www.facebook.com\/theepochtimestr\",\"https:\/\/x.com\/TheEpochTimesTR\",\"https:\/\/www.instagram.com\/epochtimestr\"]},{\"@type\":\"Person\",\"@id\":\"https:\/\/epochtimestr.com\/#\/schema\/person\/3dc5c3adeb9f43923c5aa85889172fdd\",\"name\":\"Haber Merkezi\",\"image\":{\"@type\":\"ImageObject\",\"inLanguage\":\"tr\",\"@id\":\"https:\/\/epochtimestr.com\/#\/schema\/person\/image\/\",\"url\":\"https:\/\/secure.gravatar.com\/avatar\/d73f772ba5a74f28601361e17c2f93e6?s=96&d=mm&r=g\",\"contentUrl\":\"https:\/\/secure.gravatar.com\/avatar\/d73f772ba5a74f28601361e17c2f93e6?s=96&d=mm&r=g\",\"caption\":\"Haber Merkezi\"},\"url\":\"https:\/\/epochtimestr.com\/index.php\/author\/sendag\"}]}<\/script>\n<!-- \/ Yoast SEO plugin. -->","yoast_head_json":{"title":"30 A\u011fustos'un 104. Y\u0131l\u0131nda Devlet Erk\u00e2n\u0131 An\u0131tkabir'de - The Epoch Times TR","description":"30 A\u011fustos'un 104. y\u0131l\u0131nda devlet erk\u00e2n\u0131 An\u0131tkabir'de. T\u00f6rene Cumhurba\u015fkan\u0131 Erdo\u011fan, \u00d6zel, Bah\u00e7eli ve K\u0131l\u0131\u00e7daro\u011flu da kat\u0131ld\u0131.","robots":{"index":"index","follow":"follow","max-snippet":"max-snippet:-1","max-image-preview":"max-image-preview:large","max-video-preview":"max-video-preview:-1"},"canonical":"https:\/\/epochtimestr.com\/index.php\/30-agustosun-104-yilinda-devlet-erkani-anitkabirde","og_locale":"tr_TR","og_type":"article","og_title":"30 A\u011fustos'un 104. Y\u0131l\u0131nda Devlet Erk\u00e2n\u0131 An\u0131tkabir'de - The Epoch Times TR","og_description":"30 A\u011fustos'un 104. y\u0131l\u0131nda devlet erk\u00e2n\u0131 An\u0131tkabir'de. T\u00f6rene Cumhurba\u015fkan\u0131 Erdo\u011fan, \u00d6zel, Bah\u00e7eli ve K\u0131l\u0131\u00e7daro\u011flu da kat\u0131ld\u0131.","og_url":"https:\/\/epochtimestr.com\/index.php\/30-agustosun-104-yilinda-devlet-erkani-anitkabirde","og_site_name":"The Epoch Times TR","article_publisher":"https:\/\/www.facebook.com\/theepochtimestr","article_published_time":"2026-08-30T13:22:20+00:00","article_modified_time":"2026-08-30T13:22:22+00:00","og_image":[{"width":2048,"height":1024,"url":"https:\/\/epochtimestr.com\/wp-content\/uploads\/2011y\/yeni-parti-4.jpg","type":"image\/jpeg"}],"author":"Haber Merkezi","twitter_card":"summary_large_image","twitter_creator":"@TheEpochTimesTR","twitter_site":"@TheEpochTimesTR","twitter_misc":{"Yazan:":"Haber Merkezi","Tahmini okuma s\u00fcresi":"3 dakika"},"schema":{"@context":"https:\/\/schema.org","@graph":[{"@type":"Article","@id":"https:\/\/epochtimestr.com\/index.php\/30-agustosun-104-yilinda-devlet-erkani-anitkabirde#article","isPartOf":{"@id":"https:\/\/epochtimestr.com\/index.php\/30-agustosun-104-yilinda-devlet-erkani-anitkabirde"},"author":{"name":"Haber Merkezi","@id":"https:\/\/epochtimestr.com\/#\/schema\/person\/3dc5c3adeb9f43923c5aa85889172fdd"},"headline":"30 A\u011fustos&#8217;un 104. Y\u0131l\u0131nda Devlet Erk\u00e2n\u0131 An\u0131tkabir&#8217;de","datePublished":"2026-08-30T13:22:20+00:00","dateModified":"2026-08-30T13:22:22+00:00","mainEntityOfPage":{"@id":"https:\/\/epochtimestr.com\/index.php\/30-agustosun-104-yilinda-devlet-erkani-anitkabirde"},"wordCount":360,"commentCount":0,"publisher":{"@id":"https:\/\/epochtimestr.com\/#organization"},"image":{"@id":"https:\/\/epochtimestr.com\/index.php\/30-agustosun-104-yilinda-devlet-erkani-anitkabirde#primaryimage"},"thumbnailUrl":"https:\/\/epochtimestr.com\/wp-content\/uploads\/2011y\/yeni-parti-4.jpg","keywords":["30 A\u011fustos","ANITKAB\u0130R","An\u0131tkabir \u00d6zel Defteri","cumhurba\u015fkan\u0131 erdo\u011fan","Devlet Erkan\u0131","Zafer bayram\u0131"],"articleSection":["G\u00dcNDEM","MAN\u015eET","Siyaset"],"inLanguage":"tr","potentialAction":[{"@type":"CommentAction","name":"Comment","target":["https:\/\/epochtimestr.com\/index.php\/30-agustosun-104-yilinda-devlet-erkani-anitkabirde#respond"]}]},{"@type":"WebPage","@id":"https:\/\/epochtimestr.com\/index.php\/30-agustosun-104-yilinda-devlet-erkani-anitkabirde","url":"https:\/\/epochtimestr.com\/index.php\/30-agustosun-104-yilinda-devlet-erkani-anitkabirde","name":"30 A\u011fustos'un 104. Y\u0131l\u0131nda Devlet Erk\u00e2n\u0131 An\u0131tkabir'de - The Epoch Times TR","isPartOf":{"@id":"https:\/\/epochtimestr.com\/#website"},"primaryImageOfPage":{"@id":"https:\/\/epochtimestr.com\/index.php\/30-agustosun-104-yilinda-devlet-erkani-anitkabirde#primaryimage"},"image":{"@id":"https:\/\/epochtimestr.com\/index.php\/30-agustosun-104-yilinda-devlet-erkani-anitkabirde#primaryimage"},"thumbnailUrl":"https:\/\/epochtimestr.com\/wp-content\/uploads\/2011y\/yeni-parti-4.jpg","datePublished":"2026-08-30T13:22:20+00:00","dateModified":"2026-08-30T13:22:22+00:00","description":"30 A\u011fustos'un 104. y\u0131l\u0131nda devlet erk\u00e2n\u0131 An\u0131tkabir'de. T\u00f6rene Cumhurba\u015fkan\u0131 Erdo\u011fan, \u00d6zel, Bah\u00e7eli ve K\u0131l\u0131\u00e7daro\u011flu da kat\u0131ld\u0131.","inLanguage":"tr","potentialAction":[{"@type":"ReadAction","target":["https:\/\/epochtimestr.com\/index.php\/30-agustosun-104-yilinda-devlet-erkani-anitkabirde"]}]},{"@type":"ImageObject","inLanguage":"tr","@id":"https:\/\/epochtimestr.com\/index.php\/30-agustosun-104-yilinda-devlet-erkani-anitkabirde#primaryimage","url":"https:\/\/epochtimestr.com\/wp-content\/uploads\/2011y\/yeni-parti-4.jpg","contentUrl":"https:\/\/epochtimestr.com\/wp-content\/uploads\/2011y\/yeni-parti-4.jpg","width":2048,"height":1024},{"@type":"WebSite","@id":"https:\/\/epochtimestr.com\/#website","url":"https:\/\/epochtimestr.com\/","name":"The Epoch Times TR","description":"De\u011fi\u015fen D\u00fcnyam\u0131za Taze Bir Bak\u0131\u015f","publisher":{"@id":"https:\/\/epochtimestr.com\/#organization"},"potentialAction":[{"@type":"SearchAction","target":{"@type":"EntryPoint","urlTemplate":"https:\/\/epochtimestr.com\/?s={search_term_string}"},"query-input":"required name=search_term_string"}],"inLanguage":"tr"},{"@type":"Organization","@id":"https:\/\/epochtimestr.com\/#organization","name":"The EpochTimes T\u00fcrkiye","url":"https:\/\/epochtimestr.com\/","logo":{"@type":"ImageObject","inLanguage":"tr","@id":"https:\/\/epochtimestr.com\/#\/schema\/logo\/image\/","url":"https:\/\/epochtimestr.com\/wp-content\/uploads\/2011y\/ET-Logo-YG.jpg","contentUrl":"https:\/\/epochtimestr.com\/wp-content\/uploads\/2011y\/ET-Logo-YG.jpg","width":346,"height":29,"caption":"The EpochTimes T\u00fcrkiye"},"image":{"@id":"https:\/\/epochtimestr.com\/#\/schema\/logo\/image\/"},"sameAs":["https:\/\/www.facebook.com\/theepochtimestr","https:\/\/x.com\/TheEpochTimesTR","https:\/\/www.instagram.com\/epochtimestr"]},{"@type":"Person","@id":"https:\/\/epochtimestr.com\/#\/schema\/person\/3dc5c3adeb9f43923c5aa85889172fdd","name":"Haber Merkezi","image":{"@type":"ImageObject","inLanguage":"tr","@id":"https:\/\/epochtimestr.com\/#\/schema\/person\/image\/","url":"https:\/\/secure.gravatar.com\/avatar\/d73f772ba5a74f28601361e17c2f93e6?s=96&d=mm&r=g","contentUrl":"https:\/\/secure.gravatar.com\/avatar\/d73f772ba5a74f28601361e17c2f93e6?s=96&d=mm&r=g","caption":"Haber Merkezi"},"url":"https:\/\/epochtimestr.com\/index.php\/author\/sendag"}]}},"_links":{"self":[{"href":"https:\/\/epochtimestr.com\/index.php\/wp-json\/wp\/v2\/posts\/171208"}],"collection":[{"href":"https:\/\/epochtimestr.com\/index.php\/wp-json\/wp\/v2\/posts"}],"about":[{"href":"https:\/\/epochtimestr.com\/index.php\/wp-json\/wp\/v2\/types\/post"}],"author":[{"embeddable":true,"href":"https:\/\/epochtimestr.com\/index.php\/wp-json\/wp\/v2\/users\/12791"}],"replies":[{"embeddable":true,"href":"https:\/\/epochtimestr.com\/index.php\/wp-json\/wp\/v2\/comments?post=171208"}],"version-history":[{"count":2,"href":"https:\/\/epochtimestr.com\/index.php\/wp-json\/wp\/v2\/posts\/171208\/revisions"}],"predecessor-version":[{"id":171213,"href":"https:\/\/epochtimestr.com\/index.php\/wp-json\/wp\/v2\/posts\/171208\/revisions\/171213"}],"wp:featuredmedia":[{"embeddable":true,"href":"https:\/\/epochtimestr.com\/index.php\/wp-json\/wp\/v2\/media\/171210"}],"wp:attachment":[{"href":"https:\/\/epochtimestr.com\/index.php\/wp-json\/wp\/v2\/media?parent=171208"}],"wp:term":[{"taxonomy":"category","embeddable":true,"href":"https:\/\/epochtimestr.com\/index.php\/wp-json\/wp\/v2\/categories?post=171208"},{"taxonomy":"post_tag","embeddable":true,"href":"https:\/\/epochtimestr.com\/index.php\/wp-json\/wp\/v2\/tags?post=171208"}],"curies":[{"name":"wp","href":"https:\/\/api.w.org\/{rel}","templated":true}]}}