{"id":171216,"date":"2026-08-30T17:42:06","date_gmt":"2026-08-30T14:42:06","guid":{"rendered":"https:\/\/epochtimestr.com\/?p=171216"},"modified":"2026-08-30T17:42:08","modified_gmt":"2026-08-30T14:42:08","slug":"gogus-agrisiyla-hastaneye-kaldirilan-cem-yilmazin-son-durumu","status":"publish","type":"post","link":"https:\/\/epochtimestr.com\/index.php\/gogus-agrisiyla-hastaneye-kaldirilan-cem-yilmazin-son-durumu","title":{"rendered":"G\u00f6\u011f\u00fcs A\u011fr\u0131s\u0131yla Hastaneye Kald\u0131r\u0131lan Cem Y\u0131lmaz&#8217;\u0131n Son Durumu"},"content":{"rendered":"<div class=\"wp-block-image\">\n<figure class=\"alignleft size-full is-resized\"><img loading=\"lazy\" decoding=\"async\" width=\"1600\" height=\"900\" src=\"https:\/\/epochtimestr.com\/wp-content\/uploads\/2011y\/cem-yilmaz-instagram.webp\" alt=\"G\u00f6\u011f\u00fcs a\u011fr\u0131s\u0131yla hastaneye kald\u0131r\u0131lan Cem Y\u0131lmaz'\u0131n son durumu. (Foto\u011fraf: Cem Y\u0131lmaz instagram hesab\u0131)\" class=\"wp-image-171217\" style=\"width:821px;height:auto\" srcset=\"https:\/\/epochtimestr.com\/wp-content\/uploads\/2011y\/cem-yilmaz-instagram.webp 1600w, https:\/\/epochtimestr.com\/wp-content\/uploads\/2011y\/cem-yilmaz-instagram-300x169.webp 300w, https:\/\/epochtimestr.com\/wp-content\/uploads\/2011y\/cem-yilmaz-instagram-150x84.webp 150w, https:\/\/epochtimestr.com\/wp-content\/uploads\/2011y\/cem-yilmaz-instagram-768x432.webp 768w, https:\/\/epochtimestr.com\/wp-content\/uploads\/2011y\/cem-yilmaz-instagram-1536x864.webp 1536w\" sizes=\"(max-width: 1600px) 100vw, 1600px\" \/><figcaption class=\"wp-element-caption\">G\u00f6\u011f\u00fcs a\u011fr\u0131s\u0131yla hastaneye kald\u0131r\u0131lan Cem Y\u0131lmaz&#8217;\u0131n son durumu. (Foto\u011fraf: Cem Y\u0131lmaz instagram hesab\u0131)<\/figcaption><\/figure><\/div>\n\n\n<h2 class=\"wp-block-heading\">\u00c7anakkale&#8217;nin Ayvac\u0131k il\u00e7esindeki evinde g\u00f6\u011f\u00fcs a\u011fr\u0131s\u0131 ya\u015fayan ve kald\u0131r\u0131ld\u0131\u011f\u0131 hastanede anjiyo yap\u0131lan komedyen Cem Y\u0131lmaz\u2019\u0131n tedavisi s\u00fcr\u00fcyor.<\/h2>\n\n\n\n<p><a href=\"https:\/\/epochtimestr.com\/index.php\/cem-yilmaz-hakkinda-suc-duyurusu\" target=\"_blank\" rel=\"noreferrer noopener\">Cem Y\u0131lmaz<\/a>, Ayvac\u0131k il\u00e7esine ba\u011fl\u0131 Pa\u015fak\u00f6y&#8217;deki evinde rahats\u0131zlan\u0131nca 112 Acil \u00c7a\u011fr\u0131 Merkezi&#8217;ni arad\u0131. G\u00f6\u011f\u00fcs a\u011fr\u0131s\u0131 \u015fikayeti bulunan Y\u0131lmaz, sa\u011fl\u0131k ekiplerinin m\u00fcdahalesinin ard\u0131ndan ambulansla <a href=\"https:\/\/epochtimestr.com\/index.php\/ayvacikta-51-kacak-gocmen-yakalandi\" target=\"_blank\" rel=\"noreferrer noopener\">Ayvac\u0131k <\/a>Devlet Hastanesi&#8217;ne kald\u0131r\u0131ld\u0131.<\/p>\n\n\n\n<p>Buradaki ilk m\u00fcdahalenin ard\u0131ndan \u00c7anakkale Onsekiz Mart \u00dcniversitesi (\u00c7OM\u00dc) Hastanesi koroner yo\u011fun bak\u0131m \u00fcnitesine sevk edilen Y\u0131lmaz, Kardiyoloji Anabilim Dal\u0131 \u00d6\u011fretim \u00dcyesi Prof. Dr. Ercan Ak\u015fit taraf\u0131ndan anjiyoya al\u0131nd\u0131. Doktorunun a\u00e7\u0131klamas\u0131n\u0131n ard\u0131ndan tedbiren yo\u011fun bak\u0131mda tedavisi devam ettirilen Cem Y\u0131lmaz, sosyal medya hesab\u0131 Instagram&#8217;dan bir foto\u011fraf\u0131n\u0131 payla\u015farak \u015f\u00f6yle yazd\u0131:<\/p>\n\n\n\n<p>&#8220;Sa\u011f olun arkada\u015flar, iyiyim. Tam \u201cGora\u2019n\u0131n \u00e7ekimleri bitti\u201d dedim, \u015fimdi i\u015f bitince \u00e7\u0131kar yorgunlu\u011fu, sette hi\u00e7 belli etmez, kemiklerin a\u011fr\u0131r i\u015f bitince\u2026 D\u00fcn k\u00f6t\u00fc bir a\u011fr\u0131 sapland\u0131 g\u00f6\u011fs\u00fcme, s\u0131rt\u0131ma. Eve gidip yatsam h\u00e2l\u00e2 yat\u0131yor olurdum\u2026<\/p>\n\n\n\n<p>Ayvac\u0131k\u2019taki ilk hastanede ve buradaki, \u00c7anakkale\u2019deki arkada\u015flar\u0131ma te\u015fekk\u00fcr ederim, edece\u011fim sonra detayl\u0131. Soran, eden, gelen herkese te\u015fekk\u00fcr ederim. Sa\u011fl\u0131k Bakan\u0131m\u0131z da sa\u011f olsun, ge\u00e7mi\u015f olsun dileklerini iletmi\u015f. T\u00fcm sa\u011fl\u0131k d\u00fcnyas\u0131 zaten beni sever, ne mutlu\u2026<\/p>\n\n\n\n<p>Neyse, k\u00f6t\u00fc bir g\u00fcn ge\u00e7irdim vesselam. Doktorlar \u201cstresten uzak durun\u201d dedi. G\u00fcld\u00fcm. Yine \u201cAbi, az i\u00e7\u201d diyen, \u201cSa\u00e7\u0131 kesti, yeni imaj\u201d diyenlere bir s\u00f6z\u00fcm var: Siz olmasan\u0131z kalp krizi de olmazd\u0131 hayatta.<br \/>Sevenlere tekrar tekrar te\u015fekk\u00fcr ederim. Sa\u011fl\u0131kl\u0131 olun in\u015fallah.&#8221;<\/p>\n\n\n\n<p><strong>Operasyonu ger\u00e7ekle\u015ftiren Kardiyoloji Anabilim Dal\u0131 \u00d6\u011fretim \u00dcyesi Prof. Dr. Ercan Ak\u015fit de bug\u00fcn Cem Y\u0131lmaz&#8217;\u0131n sa\u011fl\u0131k durumuyla ilgili a\u00e7\u0131klama yapt\u0131.<\/strong><\/p>\n\n\n\n<p>Ak\u015fit, kalp krizine ba\u011fl\u0131 geli\u015febilecek komplikasyonlara kar\u015f\u0131 Y\u0131lmaz&#8217;\u0131n yo\u011fun bak\u0131mda tutuldu\u011funu belirterek, \u201cKalp krizinin bekledi\u011fimiz komplikasyonlar\u0131n geli\u015fme ihtimaline kar\u015f\u0131n yo\u011fun bak\u0131mda duruyor. Damardan giden h\u00e2l\u00e2 kan suland\u0131r\u0131c\u0131 ila\u00e7lar\u0131 var. 24 saati doldurunca servis \u015fartlar\u0131nda kendisini takip edece\u011fiz\u201d ifadelerini kulland\u0131.<\/p>\n","protected":false},"excerpt":{"rendered":"<p>\u00c7anakkale&#8217;nin Ayvac\u0131k il\u00e7esindeki evinde g\u00f6\u011f\u00fcs a\u011fr\u0131s\u0131 ya\u015fayan ve kald\u0131r\u0131ld\u0131\u011f\u0131 hastanede anjiyo yap\u0131lan komedyen Cem Y\u0131lmaz\u2019\u0131n tedavisi s\u00fcr\u00fcyor. Cem Y\u0131lmaz, Ayvac\u0131k il\u00e7esine ba\u011fl\u0131 Pa\u015fak\u00f6y&#8217;deki evinde rahats\u0131zlan\u0131nca 112 Acil \u00c7a\u011fr\u0131 Merkezi&#8217;ni arad\u0131. G\u00f6\u011f\u00fcs a\u011fr\u0131s\u0131 \u015fikayeti bulunan Y\u0131lmaz, sa\u011fl\u0131k ekiplerinin m\u00fcdahalesinin ard\u0131ndan ambulansla Ayvac\u0131k Devlet Hastanesi&#8217;ne kald\u0131r\u0131ld\u0131. Buradaki ilk m\u00fcdahalenin ard\u0131ndan \u00c7anakkale Onsekiz Mart \u00dcniversitesi (\u00c7OM\u00dc) Hastanesi koroner [&hellip;]<\/p>\n","protected":false},"author":12791,"featured_media":171217,"comment_status":"open","ping_status":"open","sticky":false,"template":"","format":"standard","meta":{"_yoast_wpseo_focuskw":"Cem Y\u0131lmaz'\u0131n - g\u00f6\u011f\u00fcs","_yoast_wpseo_title":"","_yoast_wpseo_metadesc":"Ayvac\u0131k il\u00e7esindeki evinde g\u00f6\u011f\u00fcs a\u011fr\u0131s\u0131 ya\u015fayan ve kald\u0131r\u0131ld\u0131\u011f\u0131 hastanede anjiyo yap\u0131lan komedyen Cem Y\u0131lmaz\u2019\u0131n tedavisi s\u00fcr\u00fcyor.","_bbp_topic_count":0,"_bbp_reply_count":0,"_bbp_total_topic_count":0,"_bbp_total_reply_count":0,"_bbp_voice_count":0,"_bbp_anonymous_reply_count":0,"_bbp_topic_count_hidden":0,"_bbp_reply_count_hidden":0,"_bbp_forum_subforum_count":0,"footnotes":"","_yoast_wpseo_focuskw_text_input":""},"categories":[8204,1,8138,8419],"tags":[12543,12544,12542,7703,12545,581],"yoast_head":"<!-- This site is optimized with the Yoast SEO plugin v23.0 - https:\/\/yoast.com\/wordpress\/plugins\/seo\/ -->\n<title>G\u00f6\u011f\u00fcs A\u011fr\u0131s\u0131yla Hastaneye Kald\u0131r\u0131lan Cem Y\u0131lmaz&#039;\u0131n Son Durumu - The Epoch Times TR<\/title>\n<meta name=\"description\" content=\"Ayvac\u0131k il\u00e7esindeki evinde g\u00f6\u011f\u00fcs a\u011fr\u0131s\u0131 ya\u015fayan ve kald\u0131r\u0131ld\u0131\u011f\u0131 hastanede anjiyo yap\u0131lan komedyen Cem Y\u0131lmaz\u2019\u0131n tedavisi s\u00fcr\u00fcyor.\" \/>\n<meta name=\"robots\" content=\"index, follow, max-snippet:-1, max-image-preview:large, max-video-preview:-1\" \/>\n<link rel=\"canonical\" href=\"https:\/\/epochtimestr.com\/index.php\/gogus-agrisiyla-hastaneye-kaldirilan-cem-yilmazin-son-durumu\" \/>\n<meta property=\"og:locale\" content=\"tr_TR\" \/>\n<meta property=\"og:type\" content=\"article\" \/>\n<meta property=\"og:title\" content=\"G\u00f6\u011f\u00fcs A\u011fr\u0131s\u0131yla Hastaneye Kald\u0131r\u0131lan Cem Y\u0131lmaz&#039;\u0131n Son Durumu - The Epoch Times TR\" \/>\n<meta property=\"og:description\" content=\"Ayvac\u0131k il\u00e7esindeki evinde g\u00f6\u011f\u00fcs a\u011fr\u0131s\u0131 ya\u015fayan ve kald\u0131r\u0131ld\u0131\u011f\u0131 hastanede anjiyo yap\u0131lan komedyen Cem Y\u0131lmaz\u2019\u0131n tedavisi s\u00fcr\u00fcyor.\" \/>\n<meta property=\"og:url\" content=\"https:\/\/epochtimestr.com\/index.php\/gogus-agrisiyla-hastaneye-kaldirilan-cem-yilmazin-son-durumu\" \/>\n<meta property=\"og:site_name\" content=\"The Epoch Times TR\" \/>\n<meta property=\"article:publisher\" content=\"https:\/\/www.facebook.com\/theepochtimestr\" \/>\n<meta property=\"article:published_time\" content=\"2026-08-30T14:42:06+00:00\" \/>\n<meta property=\"article:modified_time\" content=\"2026-08-30T14:42:08+00:00\" \/>\n<meta property=\"og:image\" content=\"https:\/\/epochtimestr.com\/wp-content\/uploads\/2011y\/cem-yilmaz-instagram.webp\" \/>\n\t<meta property=\"og:image:width\" content=\"1600\" \/>\n\t<meta property=\"og:image:height\" content=\"900\" \/>\n\t<meta property=\"og:image:type\" content=\"image\/webp\" \/>\n<meta name=\"author\" content=\"Haber Merkezi\" \/>\n<meta name=\"twitter:card\" content=\"summary_large_image\" \/>\n<meta name=\"twitter:creator\" content=\"@TheEpochTimesTR\" \/>\n<meta name=\"twitter:site\" content=\"@TheEpochTimesTR\" \/>\n<meta name=\"twitter:label1\" content=\"Yazan:\" \/>\n\t<meta name=\"twitter:data1\" content=\"Haber Merkezi\" \/>\n\t<meta name=\"twitter:label2\" content=\"Tahmini okuma s\u00fcresi\" \/>\n\t<meta name=\"twitter:data2\" content=\"3 dakika\" \/>\n<script type=\"application\/ld+json\" class=\"yoast-schema-graph\">{\"@context\":\"https:\/\/schema.org\",\"@graph\":[{\"@type\":\"Article\",\"@id\":\"https:\/\/epochtimestr.com\/index.php\/gogus-agrisiyla-hastaneye-kaldirilan-cem-yilmazin-son-durumu#article\",\"isPartOf\":{\"@id\":\"https:\/\/epochtimestr.com\/index.php\/gogus-agrisiyla-hastaneye-kaldirilan-cem-yilmazin-son-durumu\"},\"author\":{\"name\":\"Haber Merkezi\",\"@id\":\"https:\/\/epochtimestr.com\/#\/schema\/person\/3dc5c3adeb9f43923c5aa85889172fdd\"},\"headline\":\"G\u00f6\u011f\u00fcs A\u011fr\u0131s\u0131yla Hastaneye Kald\u0131r\u0131lan Cem Y\u0131lmaz&#8217;\u0131n Son Durumu\",\"datePublished\":\"2026-08-30T14:42:06+00:00\",\"dateModified\":\"2026-08-30T14:42:08+00:00\",\"mainEntityOfPage\":{\"@id\":\"https:\/\/epochtimestr.com\/index.php\/gogus-agrisiyla-hastaneye-kaldirilan-cem-yilmazin-son-durumu\"},\"wordCount\":426,\"commentCount\":0,\"publisher\":{\"@id\":\"https:\/\/epochtimestr.com\/#organization\"},\"image\":{\"@id\":\"https:\/\/epochtimestr.com\/index.php\/gogus-agrisiyla-hastaneye-kaldirilan-cem-yilmazin-son-durumu#primaryimage\"},\"thumbnailUrl\":\"https:\/\/epochtimestr.com\/wp-content\/uploads\/2011y\/cem-yilmaz-instagram.webp\",\"keywords\":[\"Ayvac\u0131k Devlet Hastanesi\",\"\u00c7anakkale Onsekiz Mart \u00dcniversitesi\",\"Cem YILMAZ\",\"kalp krizi\",\"Koroner Yo\u011fun Bak\u0131m\",\"tedavi\"],\"articleSection\":[\"Film &amp; TV\",\"G\u00dcNDEM\",\"MAN\u015eET\",\"Ya\u015fam\"],\"inLanguage\":\"tr\",\"potentialAction\":[{\"@type\":\"CommentAction\",\"name\":\"Comment\",\"target\":[\"https:\/\/epochtimestr.com\/index.php\/gogus-agrisiyla-hastaneye-kaldirilan-cem-yilmazin-son-durumu#respond\"]}]},{\"@type\":\"WebPage\",\"@id\":\"https:\/\/epochtimestr.com\/index.php\/gogus-agrisiyla-hastaneye-kaldirilan-cem-yilmazin-son-durumu\",\"url\":\"https:\/\/epochtimestr.com\/index.php\/gogus-agrisiyla-hastaneye-kaldirilan-cem-yilmazin-son-durumu\",\"name\":\"G\u00f6\u011f\u00fcs A\u011fr\u0131s\u0131yla Hastaneye Kald\u0131r\u0131lan Cem Y\u0131lmaz'\u0131n Son Durumu - The Epoch Times TR\",\"isPartOf\":{\"@id\":\"https:\/\/epochtimestr.com\/#website\"},\"primaryImageOfPage\":{\"@id\":\"https:\/\/epochtimestr.com\/index.php\/gogus-agrisiyla-hastaneye-kaldirilan-cem-yilmazin-son-durumu#primaryimage\"},\"image\":{\"@id\":\"https:\/\/epochtimestr.com\/index.php\/gogus-agrisiyla-hastaneye-kaldirilan-cem-yilmazin-son-durumu#primaryimage\"},\"thumbnailUrl\":\"https:\/\/epochtimestr.com\/wp-content\/uploads\/2011y\/cem-yilmaz-instagram.webp\",\"datePublished\":\"2026-08-30T14:42:06+00:00\",\"dateModified\":\"2026-08-30T14:42:08+00:00\",\"description\":\"Ayvac\u0131k il\u00e7esindeki evinde g\u00f6\u011f\u00fcs a\u011fr\u0131s\u0131 ya\u015fayan ve kald\u0131r\u0131ld\u0131\u011f\u0131 hastanede anjiyo yap\u0131lan komedyen Cem Y\u0131lmaz\u2019\u0131n tedavisi s\u00fcr\u00fcyor.\",\"inLanguage\":\"tr\",\"potentialAction\":[{\"@type\":\"ReadAction\",\"target\":[\"https:\/\/epochtimestr.com\/index.php\/gogus-agrisiyla-hastaneye-kaldirilan-cem-yilmazin-son-durumu\"]}]},{\"@type\":\"ImageObject\",\"inLanguage\":\"tr\",\"@id\":\"https:\/\/epochtimestr.com\/index.php\/gogus-agrisiyla-hastaneye-kaldirilan-cem-yilmazin-son-durumu#primaryimage\",\"url\":\"https:\/\/epochtimestr.com\/wp-content\/uploads\/2011y\/cem-yilmaz-instagram.webp\",\"contentUrl\":\"https:\/\/epochtimestr.com\/wp-content\/uploads\/2011y\/cem-yilmaz-instagram.webp\",\"width\":1600,\"height\":900},{\"@type\":\"WebSite\",\"@id\":\"https:\/\/epochtimestr.com\/#website\",\"url\":\"https:\/\/epochtimestr.com\/\",\"name\":\"The Epoch Times TR\",\"description\":\"De\u011fi\u015fen D\u00fcnyam\u0131za Taze Bir Bak\u0131\u015f\",\"publisher\":{\"@id\":\"https:\/\/epochtimestr.com\/#organization\"},\"potentialAction\":[{\"@type\":\"SearchAction\",\"target\":{\"@type\":\"EntryPoint\",\"urlTemplate\":\"https:\/\/epochtimestr.com\/?s={search_term_string}\"},\"query-input\":\"required name=search_term_string\"}],\"inLanguage\":\"tr\"},{\"@type\":\"Organization\",\"@id\":\"https:\/\/epochtimestr.com\/#organization\",\"name\":\"The EpochTimes T\u00fcrkiye\",\"url\":\"https:\/\/epochtimestr.com\/\",\"logo\":{\"@type\":\"ImageObject\",\"inLanguage\":\"tr\",\"@id\":\"https:\/\/epochtimestr.com\/#\/schema\/logo\/image\/\",\"url\":\"https:\/\/epochtimestr.com\/wp-content\/uploads\/2011y\/ET-Logo-YG.jpg\",\"contentUrl\":\"https:\/\/epochtimestr.com\/wp-content\/uploads\/2011y\/ET-Logo-YG.jpg\",\"width\":346,\"height\":29,\"caption\":\"The EpochTimes T\u00fcrkiye\"},\"image\":{\"@id\":\"https:\/\/epochtimestr.com\/#\/schema\/logo\/image\/\"},\"sameAs\":[\"https:\/\/www.facebook.com\/theepochtimestr\",\"https:\/\/x.com\/TheEpochTimesTR\",\"https:\/\/www.instagram.com\/epochtimestr\"]},{\"@type\":\"Person\",\"@id\":\"https:\/\/epochtimestr.com\/#\/schema\/person\/3dc5c3adeb9f43923c5aa85889172fdd\",\"name\":\"Haber Merkezi\",\"image\":{\"@type\":\"ImageObject\",\"inLanguage\":\"tr\",\"@id\":\"https:\/\/epochtimestr.com\/#\/schema\/person\/image\/\",\"url\":\"https:\/\/secure.gravatar.com\/avatar\/d73f772ba5a74f28601361e17c2f93e6?s=96&d=mm&r=g\",\"contentUrl\":\"https:\/\/secure.gravatar.com\/avatar\/d73f772ba5a74f28601361e17c2f93e6?s=96&d=mm&r=g\",\"caption\":\"Haber Merkezi\"},\"url\":\"https:\/\/epochtimestr.com\/index.php\/author\/sendag\"}]}<\/script>\n<!-- \/ Yoast SEO plugin. -->","yoast_head_json":{"title":"G\u00f6\u011f\u00fcs A\u011fr\u0131s\u0131yla Hastaneye Kald\u0131r\u0131lan Cem Y\u0131lmaz'\u0131n Son Durumu - The Epoch Times TR","description":"Ayvac\u0131k il\u00e7esindeki evinde g\u00f6\u011f\u00fcs a\u011fr\u0131s\u0131 ya\u015fayan ve kald\u0131r\u0131ld\u0131\u011f\u0131 hastanede anjiyo yap\u0131lan komedyen Cem Y\u0131lmaz\u2019\u0131n tedavisi s\u00fcr\u00fcyor.","robots":{"index":"index","follow":"follow","max-snippet":"max-snippet:-1","max-image-preview":"max-image-preview:large","max-video-preview":"max-video-preview:-1"},"canonical":"https:\/\/epochtimestr.com\/index.php\/gogus-agrisiyla-hastaneye-kaldirilan-cem-yilmazin-son-durumu","og_locale":"tr_TR","og_type":"article","og_title":"G\u00f6\u011f\u00fcs A\u011fr\u0131s\u0131yla Hastaneye Kald\u0131r\u0131lan Cem Y\u0131lmaz'\u0131n Son Durumu - The Epoch Times TR","og_description":"Ayvac\u0131k il\u00e7esindeki evinde g\u00f6\u011f\u00fcs a\u011fr\u0131s\u0131 ya\u015fayan ve kald\u0131r\u0131ld\u0131\u011f\u0131 hastanede anjiyo yap\u0131lan komedyen Cem Y\u0131lmaz\u2019\u0131n tedavisi s\u00fcr\u00fcyor.","og_url":"https:\/\/epochtimestr.com\/index.php\/gogus-agrisiyla-hastaneye-kaldirilan-cem-yilmazin-son-durumu","og_site_name":"The Epoch Times TR","article_publisher":"https:\/\/www.facebook.com\/theepochtimestr","article_published_time":"2026-08-30T14:42:06+00:00","article_modified_time":"2026-08-30T14:42:08+00:00","og_image":[{"width":1600,"height":900,"url":"https:\/\/epochtimestr.com\/wp-content\/uploads\/2011y\/cem-yilmaz-instagram.webp","type":"image\/webp"}],"author":"Haber Merkezi","twitter_card":"summary_large_image","twitter_creator":"@TheEpochTimesTR","twitter_site":"@TheEpochTimesTR","twitter_misc":{"Yazan:":"Haber Merkezi","Tahmini okuma s\u00fcresi":"3 dakika"},"schema":{"@context":"https:\/\/schema.org","@graph":[{"@type":"Article","@id":"https:\/\/epochtimestr.com\/index.php\/gogus-agrisiyla-hastaneye-kaldirilan-cem-yilmazin-son-durumu#article","isPartOf":{"@id":"https:\/\/epochtimestr.com\/index.php\/gogus-agrisiyla-hastaneye-kaldirilan-cem-yilmazin-son-durumu"},"author":{"name":"Haber Merkezi","@id":"https:\/\/epochtimestr.com\/#\/schema\/person\/3dc5c3adeb9f43923c5aa85889172fdd"},"headline":"G\u00f6\u011f\u00fcs A\u011fr\u0131s\u0131yla Hastaneye Kald\u0131r\u0131lan Cem Y\u0131lmaz&#8217;\u0131n Son Durumu","datePublished":"2026-08-30T14:42:06+00:00","dateModified":"2026-08-30T14:42:08+00:00","mainEntityOfPage":{"@id":"https:\/\/epochtimestr.com\/index.php\/gogus-agrisiyla-hastaneye-kaldirilan-cem-yilmazin-son-durumu"},"wordCount":426,"commentCount":0,"publisher":{"@id":"https:\/\/epochtimestr.com\/#organization"},"image":{"@id":"https:\/\/epochtimestr.com\/index.php\/gogus-agrisiyla-hastaneye-kaldirilan-cem-yilmazin-son-durumu#primaryimage"},"thumbnailUrl":"https:\/\/epochtimestr.com\/wp-content\/uploads\/2011y\/cem-yilmaz-instagram.webp","keywords":["Ayvac\u0131k Devlet Hastanesi","\u00c7anakkale Onsekiz Mart \u00dcniversitesi","Cem YILMAZ","kalp krizi","Koroner Yo\u011fun Bak\u0131m","tedavi"],"articleSection":["Film &amp; TV","G\u00dcNDEM","MAN\u015eET","Ya\u015fam"],"inLanguage":"tr","potentialAction":[{"@type":"CommentAction","name":"Comment","target":["https:\/\/epochtimestr.com\/index.php\/gogus-agrisiyla-hastaneye-kaldirilan-cem-yilmazin-son-durumu#respond"]}]},{"@type":"WebPage","@id":"https:\/\/epochtimestr.com\/index.php\/gogus-agrisiyla-hastaneye-kaldirilan-cem-yilmazin-son-durumu","url":"https:\/\/epochtimestr.com\/index.php\/gogus-agrisiyla-hastaneye-kaldirilan-cem-yilmazin-son-durumu","name":"G\u00f6\u011f\u00fcs A\u011fr\u0131s\u0131yla Hastaneye Kald\u0131r\u0131lan Cem Y\u0131lmaz'\u0131n Son Durumu - The Epoch Times TR","isPartOf":{"@id":"https:\/\/epochtimestr.com\/#website"},"primaryImageOfPage":{"@id":"https:\/\/epochtimestr.com\/index.php\/gogus-agrisiyla-hastaneye-kaldirilan-cem-yilmazin-son-durumu#primaryimage"},"image":{"@id":"https:\/\/epochtimestr.com\/index.php\/gogus-agrisiyla-hastaneye-kaldirilan-cem-yilmazin-son-durumu#primaryimage"},"thumbnailUrl":"https:\/\/epochtimestr.com\/wp-content\/uploads\/2011y\/cem-yilmaz-instagram.webp","datePublished":"2026-08-30T14:42:06+00:00","dateModified":"2026-08-30T14:42:08+00:00","description":"Ayvac\u0131k il\u00e7esindeki evinde g\u00f6\u011f\u00fcs a\u011fr\u0131s\u0131 ya\u015fayan ve kald\u0131r\u0131ld\u0131\u011f\u0131 hastanede anjiyo yap\u0131lan komedyen Cem Y\u0131lmaz\u2019\u0131n tedavisi s\u00fcr\u00fcyor.","inLanguage":"tr","potentialAction":[{"@type":"ReadAction","target":["https:\/\/epochtimestr.com\/index.php\/gogus-agrisiyla-hastaneye-kaldirilan-cem-yilmazin-son-durumu"]}]},{"@type":"ImageObject","inLanguage":"tr","@id":"https:\/\/epochtimestr.com\/index.php\/gogus-agrisiyla-hastaneye-kaldirilan-cem-yilmazin-son-durumu#primaryimage","url":"https:\/\/epochtimestr.com\/wp-content\/uploads\/2011y\/cem-yilmaz-instagram.webp","contentUrl":"https:\/\/epochtimestr.com\/wp-content\/uploads\/2011y\/cem-yilmaz-instagram.webp","width":1600,"height":900},{"@type":"WebSite","@id":"https:\/\/epochtimestr.com\/#website","url":"https:\/\/epochtimestr.com\/","name":"The Epoch Times TR","description":"De\u011fi\u015fen D\u00fcnyam\u0131za Taze Bir Bak\u0131\u015f","publisher":{"@id":"https:\/\/epochtimestr.com\/#organization"},"potentialAction":[{"@type":"SearchAction","target":{"@type":"EntryPoint","urlTemplate":"https:\/\/epochtimestr.com\/?s={search_term_string}"},"query-input":"required name=search_term_string"}],"inLanguage":"tr"},{"@type":"Organization","@id":"https:\/\/epochtimestr.com\/#organization","name":"The EpochTimes T\u00fcrkiye","url":"https:\/\/epochtimestr.com\/","logo":{"@type":"ImageObject","inLanguage":"tr","@id":"https:\/\/epochtimestr.com\/#\/schema\/logo\/image\/","url":"https:\/\/epochtimestr.com\/wp-content\/uploads\/2011y\/ET-Logo-YG.jpg","contentUrl":"https:\/\/epochtimestr.com\/wp-content\/uploads\/2011y\/ET-Logo-YG.jpg","width":346,"height":29,"caption":"The EpochTimes T\u00fcrkiye"},"image":{"@id":"https:\/\/epochtimestr.com\/#\/schema\/logo\/image\/"},"sameAs":["https:\/\/www.facebook.com\/theepochtimestr","https:\/\/x.com\/TheEpochTimesTR","https:\/\/www.instagram.com\/epochtimestr"]},{"@type":"Person","@id":"https:\/\/epochtimestr.com\/#\/schema\/person\/3dc5c3adeb9f43923c5aa85889172fdd","name":"Haber Merkezi","image":{"@type":"ImageObject","inLanguage":"tr","@id":"https:\/\/epochtimestr.com\/#\/schema\/person\/image\/","url":"https:\/\/secure.gravatar.com\/avatar\/d73f772ba5a74f28601361e17c2f93e6?s=96&d=mm&r=g","contentUrl":"https:\/\/secure.gravatar.com\/avatar\/d73f772ba5a74f28601361e17c2f93e6?s=96&d=mm&r=g","caption":"Haber Merkezi"},"url":"https:\/\/epochtimestr.com\/index.php\/author\/sendag"}]}},"_links":{"self":[{"href":"https:\/\/epochtimestr.com\/index.php\/wp-json\/wp\/v2\/posts\/171216"}],"collection":[{"href":"https:\/\/epochtimestr.com\/index.php\/wp-json\/wp\/v2\/posts"}],"about":[{"href":"https:\/\/epochtimestr.com\/index.php\/wp-json\/wp\/v2\/types\/post"}],"author":[{"embeddable":true,"href":"https:\/\/epochtimestr.com\/index.php\/wp-json\/wp\/v2\/users\/12791"}],"replies":[{"embeddable":true,"href":"https:\/\/epochtimestr.com\/index.php\/wp-json\/wp\/v2\/comments?post=171216"}],"version-history":[{"count":2,"href":"https:\/\/epochtimestr.com\/index.php\/wp-json\/wp\/v2\/posts\/171216\/revisions"}],"predecessor-version":[{"id":171220,"href":"https:\/\/epochtimestr.com\/index.php\/wp-json\/wp\/v2\/posts\/171216\/revisions\/171220"}],"wp:featuredmedia":[{"embeddable":true,"href":"https:\/\/epochtimestr.com\/index.php\/wp-json\/wp\/v2\/media\/171217"}],"wp:attachment":[{"href":"https:\/\/epochtimestr.com\/index.php\/wp-json\/wp\/v2\/media?parent=171216"}],"wp:term":[{"taxonomy":"category","embeddable":true,"href":"https:\/\/epochtimestr.com\/index.php\/wp-json\/wp\/v2\/categories?post=171216"},{"taxonomy":"post_tag","embeddable":true,"href":"https:\/\/epochtimestr.com\/index.php\/wp-json\/wp\/v2\/tags?post=171216"}],"curies":[{"name":"wp","href":"https:\/\/api.w.org\/{rel}","templated":true}]}}