{"id":171221,"date":"2026-08-31T08:33:22","date_gmt":"2026-08-31T05:33:22","guid":{"rendered":"https:\/\/epochtimestr.com\/?p=171221"},"modified":"2026-08-31T08:33:24","modified_gmt":"2026-08-31T05:33:24","slug":"tehlike-altindaki-diller-ve-gelecegin-arkeolojisi","status":"publish","type":"post","link":"https:\/\/epochtimestr.com\/index.php\/tehlike-altindaki-diller-ve-gelecegin-arkeolojisi","title":{"rendered":"Tehlike Alt\u0131ndaki Diller ve Gelece\u011fin Arkeolojisi"},"content":{"rendered":"<div class=\"wp-block-image\">\n<figure class=\"aligncenter size-full\"><img loading=\"lazy\" decoding=\"async\" width=\"1280\" height=\"853\" src=\"https:\/\/epochtimestr.com\/wp-content\/uploads\/2011y\/flowshan.jpg\" alt=\"\u0130nsanl\u0131\u011f\u0131n sessizle\u015fen haf\u0131zas\u0131: Tehlike alt\u0131ndaki diller ve gelece\u011fin arkeolojisi (Foto\u011fraf: flowshan, Pixabay)\" class=\"wp-image-171222\" srcset=\"https:\/\/epochtimestr.com\/wp-content\/uploads\/2011y\/flowshan.jpg 1280w, https:\/\/epochtimestr.com\/wp-content\/uploads\/2011y\/flowshan-300x200.jpg 300w, https:\/\/epochtimestr.com\/wp-content\/uploads\/2011y\/flowshan-150x100.jpg 150w, https:\/\/epochtimestr.com\/wp-content\/uploads\/2011y\/flowshan-768x512.jpg 768w\" sizes=\"(max-width: 1280px) 100vw, 1280px\" \/><figcaption class=\"wp-element-caption\">\u0130nsanl\u0131\u011f\u0131n sessizle\u015fen haf\u0131zas\u0131: Tehlike alt\u0131ndaki diller ve gelece\u011fin arkeolojisi (Foto\u011fraf: flowshan, Pixabay)<\/figcaption><\/figure><\/div>\n\n\n<h2 class=\"wp-block-heading\"><em>Prof. Nicholas Evans\u2019a g\u00f6re d\u00fcnyay\u0131 birka\u00e7 yayg\u0131n dil \u00fczerinden anlamaya \u00e7al\u0131\u015fmak b\u00fcy\u00fck bir yan\u0131lg\u0131. \u00c7\u00fcnk\u00fc her dil, insan olman\u0131n d\u00fc\u015f\u00fcnd\u00fc\u011f\u00fcm\u00fczden \u00e7ok daha farkl\u0131 yollar\u0131n\u0131 bar\u0131nd\u0131r\u0131yor. Peki, hangi diller tehlike alt\u0131nda?<\/em><\/h2>\n\n\n\n<p>Bug\u00fcn <a href=\"https:\/\/epochtimestr.com\/index.php\/unlu-akademisyen-arkeolog-prof-dr-adnan-diler-hayatini-kaybetti\" target=\"_blank\" rel=\"noreferrer noopener\">arkeolog<\/a>lar ta\u015flara, kil tabletlere ve <a href=\"https:\/\/epochtimestr.com\/index.php\/aspendos-antik-kentinde-2-bin-400-yillik-guresci-mezari-kesfedildi\" target=\"_blank\" rel=\"noreferrer noopener\">antik<\/a> yaz\u0131tlara bakarak art\u0131k konu\u015fulmayan toplumlar\u0131n d\u00fcnyas\u0131n\u0131 yeniden kurmaya \u00e7al\u0131\u015f\u0131yor. Ancak gelece\u011fin ara\u015ft\u0131rmac\u0131lar\u0131 bizim kadar \u015fansl\u0131 olmayabilir. \u00c7\u00fcnk\u00fc g\u00fcn\u00fcm\u00fczde yok olan bir dilin arkas\u0131nda her zaman yaz\u0131l\u0131 bir ar\u015fiv bulunmuyor. Son konu\u015fan\u0131yla birlikte yaln\u0131zca sesler de\u011fil; o dilin ta\u015f\u0131d\u0131\u011f\u0131 s\u00f6zl\u00fc tarih, yerel ekoloji bilgisi ve k\u00fclt\u00fcrel haf\u0131za da tamamen kayboluyor. Bir dil \u00f6ld\u00fc\u011f\u00fcnde yaln\u0131zca bir ileti\u015fim sistemi ortadan kalkm\u0131yor; insanl\u0131\u011f\u0131n <a href=\"https:\/\/epochtimestr.com\/index.php\/kapadokyanin-dunyaca-unlu-oteli-icradan-satisa-cikarildi\" target=\"_blank\" rel=\"noreferrer noopener\">d\u00fcnya<\/a>y\u0131 tarif etme, anlamland\u0131rma ve alg\u0131lama bi\u00e7imlerinden biri de sonsuza dek sessizli\u011fe b\u00fcr\u00fcn\u00fcyor.<\/p>\n\n\n<div class=\"wp-block-image\">\n<figure class=\"aligncenter size-full\"><img loading=\"lazy\" decoding=\"async\" width=\"1280\" height=\"960\" src=\"https:\/\/epochtimestr.com\/wp-content\/uploads\/2011y\/TheDigitalArtist.jpg\" alt=\"(Foto\u011fraf: The Digital Artist, Pixabay)\" class=\"wp-image-171223\" srcset=\"https:\/\/epochtimestr.com\/wp-content\/uploads\/2011y\/TheDigitalArtist.jpg 1280w, https:\/\/epochtimestr.com\/wp-content\/uploads\/2011y\/TheDigitalArtist-300x225.jpg 300w, https:\/\/epochtimestr.com\/wp-content\/uploads\/2011y\/TheDigitalArtist-150x113.jpg 150w, https:\/\/epochtimestr.com\/wp-content\/uploads\/2011y\/TheDigitalArtist-768x576.jpg 768w, https:\/\/epochtimestr.com\/wp-content\/uploads\/2011y\/TheDigitalArtist-86x64.jpg 86w\" sizes=\"(max-width: 1280px) 100vw, 1280px\" \/><figcaption class=\"wp-element-caption\">(Foto\u011fraf: The Digital Artist, Pixabay)<\/figcaption><\/figure><\/div>\n\n\n<p><strong><em>Dil \u00c7e\u015fitlili\u011fi: Alt\u0131n \u00c7a\u011f\u0131ndan G\u00fcn\u00fcm\u00fcz\u00fcn Tablosuna<\/em><\/strong><\/p>\n\n\n\n<p>Tarihsel verilere g\u00f6re, M\u00d6 1000 ile MS 1000 y\u0131llar\u0131 aras\u0131nda d\u00fcnya genelinde 30 bin ila 75 bin aras\u0131nda lisan\u0131n konu\u015fuldu\u011fu tahmin ediliyor. Dil \u00e7e\u015fitlili\u011finin &#8220;alt\u0131n \u00e7a\u011f\u0131&#8221; olarak adland\u0131r\u0131lan o d\u00f6nemden bug\u00fcne tablo dramatik bir \u015fekilde de\u011fi\u015fti. G\u00fcn\u00fcm\u00fczde d\u00fcnya genelinde konu\u015fulan yakla\u015f\u0131k 7 bin dilin y\u00fczde 40&#8217;\u0131 farkl\u0131 d\u00fczeylerde yok olma tehlikesiyle kar\u015f\u0131 kar\u015f\u0131ya. Birle\u015fmi\u015f Milletler E\u011fitim, Bilim ve K\u00fclt\u00fcr \u00d6rg\u00fct\u00fcn\u00fcn (UNESCO) verileri; ekonomik bask\u0131lar, kentle\u015fme, zorunlu g\u00f6\u00e7ler, tektiple\u015ftirici e\u011fitim politikalar\u0131 ve k\u00fcresel \u00f6l\u00e7ekte bask\u0131n dillerin yayg\u0131nla\u015fmas\u0131n\u0131n, yerel dillerin yeni ku\u015faklara aktar\u0131lmas\u0131n\u0131 engelledi\u011fini g\u00f6steriyor.<\/p>\n\n\n\n<p>Avustralya Ulusal \u00dcniversitesinden (ANU) Dil Bilimi Profes\u00f6r\u00fc Nicholas Evans, d\u00fcnyay\u0131 yaln\u0131zca yayg\u0131n konu\u015fulan birka\u00e7 dil \u00fczerinden anlamaya \u00e7al\u0131\u015fman\u0131n b\u00fcy\u00fck bir yan\u0131lg\u0131 oldu\u011funu ifade ediyor. Evans&#8217;a g\u00f6re, d\u00fcnyadaki t\u00fcm dillere b\u00fct\u00fcnsel olarak bak\u0131ld\u0131\u011f\u0131nda, &#8220;insan olman\u0131n d\u00fc\u015f\u00fcnd\u00fc\u011f\u00fcm\u00fczden \u00e7ok daha fazla yolu&#8221; oldu\u011fu g\u00f6r\u00fcl\u00fcyor. \u00d6rne\u011fin, G\u00fcneydo\u011fu Asya&#8217;daki baz\u0131 yerli topluluklar\u0131n dillerinde kokular\u0131 tan\u0131mlamak i\u00e7in son derece geli\u015fmi\u015f bir s\u00f6zc\u00fck da\u011farc\u0131\u011f\u0131 bulunuyor. B\u00f6ylece bu topluluklar\u0131n koku haf\u0131zas\u0131n\u0131n Bat\u0131l\u0131 toplumlara k\u0131yasla \u00e7ok daha geli\u015fmi\u015f oldu\u011fu ara\u015ft\u0131rmalarla kan\u0131tlan\u0131yor. Benzer \u015fekilde, Romanlar\u0131n yaz\u0131l\u0131 tarihleri bulunmamas\u0131na ra\u011fmen, k\u00f6kenleri dil incelemeleri sayesinde Kuzeybat\u0131 Hindistan&#8217;a kadar izlenebiliyor. Bu da dillerin toplumlar\u0131n g\u00f6\u00e7 yollar\u0131n\u0131 ve tarihlerini ayd\u0131nlatmada ne kadar kritik birer anahtar oldu\u011funu kan\u0131tl\u0131yor.<\/p>\n\n\n<div class=\"wp-block-image\">\n<figure class=\"aligncenter size-full\"><img loading=\"lazy\" decoding=\"async\" width=\"1280\" height=\"853\" src=\"https:\/\/epochtimestr.com\/wp-content\/uploads\/2011y\/RGY23.jpg\" alt=\"(Foto\u011fraf: RGY23 Pixabay)\" class=\"wp-image-171224\" srcset=\"https:\/\/epochtimestr.com\/wp-content\/uploads\/2011y\/RGY23.jpg 1280w, https:\/\/epochtimestr.com\/wp-content\/uploads\/2011y\/RGY23-300x200.jpg 300w, https:\/\/epochtimestr.com\/wp-content\/uploads\/2011y\/RGY23-150x100.jpg 150w, https:\/\/epochtimestr.com\/wp-content\/uploads\/2011y\/RGY23-768x512.jpg 768w\" sizes=\"(max-width: 1280px) 100vw, 1280px\" \/><figcaption class=\"wp-element-caption\">(Foto\u011fraf: RGY23 Pixabay)<\/figcaption><\/figure><\/div>\n\n\n<h3 class=\"wp-block-heading\"><em>Ge\u00e7mi\u015fin Kay\u0131p Dilleri ve \u00c7\u00f6z\u00fclemeyen S\u0131rlar<\/em><\/h3>\n\n\n\n<p>\u0130nsanl\u0131k Latince, Sanskrit\u00e7e ve <a href=\"https:\/\/epochtimestr.com\/index.php\/dunyayi-degistirmeye-gelen-ruhlar-yildiz-cocuklarin-gizemi\" target=\"_blank\" rel=\"noreferrer noopener\">Antik Yunan<\/a>ca gibi klasik dillerin geni\u015f yaz\u0131l\u0131 miraslar\u0131 sayesinde tarih, felsefe, hukuk ve bilim \u00e7al\u0131\u015fmalar\u0131n\u0131n temel kaynaklar\u0131na ula\u015fabiliyor. S\u00fcmerce ve Hitit\u00e7e gibi art\u0131k konu\u015fulmayan dillerin \u00e7\u00f6z\u00fcmlenebilmi\u015f olmas\u0131, Mezopotamya ve Anadolu&#8217;nun ge\u00e7mi\u015fini ayd\u0131nlat\u0131yor. Ancak ge\u00e7mi\u015ften kalan her yaz\u0131 sistemi ayn\u0131 \u00f6l\u00e7\u00fcde \u015fansl\u0131 de\u011fil. Girit&#8217;teki Minos uygarl\u0131\u011f\u0131na ait Linear A yaz\u0131s\u0131, \u00f6nemli b\u00f6l\u00fcm\u00fc h\u00e2l\u00e2 \u00e7\u00f6z\u00fclememi\u015f gizemlerden biri olarak duruyor. Bir toplumun dili ile yaz\u0131l\u0131 miras\u0131 aras\u0131ndaki ba\u011f koptu\u011funda, gelecekte o toplumun b\u0131rakt\u0131\u011f\u0131 izlerin anla\u015f\u0131lmas\u0131 neredeyse imkans\u0131z hale geliyor.<\/p>\n\n\n\n<p>Bug\u00fcn tehlike alt\u0131nda olan dillerin, ge\u00e7mi\u015fin kay\u0131p dillerinden en b\u00fcy\u00fck fark\u0131 ise son konu\u015furlar\u0131n\u0131n h\u00e2l\u00e2 hayatta olmas\u0131. Bu durum, ara\u015ft\u0131rmac\u0131lara bu dillerin sesini, s\u00f6zc\u00fcklerini ve dilbilgisini kaybolmadan \u00f6nce kayda ge\u00e7irme f\u0131rsat\u0131 tan\u0131yor.<\/p>\n\n\n<div class=\"wp-block-image\">\n<figure class=\"aligncenter size-full\"><img loading=\"lazy\" decoding=\"async\" width=\"1280\" height=\"891\" src=\"https:\/\/epochtimestr.com\/wp-content\/uploads\/2011y\/hieroglyphics-315121_1280.jpg\" alt=\"\" class=\"wp-image-171225\" srcset=\"https:\/\/epochtimestr.com\/wp-content\/uploads\/2011y\/hieroglyphics-315121_1280.jpg 1280w, https:\/\/epochtimestr.com\/wp-content\/uploads\/2011y\/hieroglyphics-315121_1280-300x209.jpg 300w, https:\/\/epochtimestr.com\/wp-content\/uploads\/2011y\/hieroglyphics-315121_1280-150x104.jpg 150w, https:\/\/epochtimestr.com\/wp-content\/uploads\/2011y\/hieroglyphics-315121_1280-768x535.jpg 768w\" sizes=\"(max-width: 1280px) 100vw, 1280px\" \/><figcaption class=\"wp-element-caption\">(Foto\u011fraf: PublicDomainPicture, Pixabay)<\/figcaption><\/figure><\/div>\n\n\n<p><strong><em>Son Konu\u015fur \u00d6ld\u00fc Ama Dil Ya\u015f\u0131yor: Manks \u00d6rne\u011fi<\/em><\/strong><\/p>\n\n\n\n<p>Bir dilin son ana dili konu\u015furunun hayat\u0131n\u0131 kaybetmesi, o dilin mutlaka tamamen yok olaca\u011f\u0131 anlam\u0131na gelmiyor. Londra \u00dcniversitesi b\u00fcnyesinde tehlike alt\u0131ndaki diller \u00fczerine \u00e7al\u0131\u015fmalar y\u00fcr\u00fcten dil bilimci Prof. Julia Sallabank, Man Adas\u0131&#8217;nda konu\u015fulan Manks dilini buna en somut \u00f6rnek olarak <a href=\"https:\/\/scholar.google.com\/citations?view_op=view_citation&amp;hl=en&amp;user=5w-c6ykAAAAJ&amp;citation_for_view=5w-c6ykAAAAJ:u5HHmVD_uO8C\" target=\"_blank\" rel=\"noreferrer noopener\">g\u00f6steriyor<\/a>. Manks dilinin son ana dili konu\u015furu 1974&#8217;te hayat\u0131n\u0131 kaybetmi\u015fti. Ancak ar\u015fivlerdeki ses kay\u0131tlar\u0131, dil \u00fczerine yap\u0131lan akademik \u00e7al\u0131\u015fmalar ve yerel y\u00f6netimin kararl\u0131 deste\u011fi sayesinde Manks dili okullarda yeniden \u00f6\u011fretilmeye ba\u015fland\u0131. Bug\u00fcn adada y\u00fczlerce \u00f6\u011frenci e\u011fitimini bu dille s\u00fcrd\u00fcr\u00fcyor ve yakla\u015f\u0131k 1500 ki\u015fi Manks dilini ak\u0131c\u0131 \u015fekilde konu\u015fabiliyor.<\/p>\n\n\n\n<p>Dil bilimci Sallabank, \u00e7ok dillili\u011fin bireyler ve toplumlar a\u00e7\u0131s\u0131ndan b\u00fcy\u00fck kazan\u0131mlar sa\u011flad\u0131\u011f\u0131na dikkat \u00e7ekiyor. Ara\u015ft\u0131rmalar, \u00e7ok dilli e\u011fitimin \u00e7ocuklar\u0131n okul ba\u015far\u0131s\u0131n\u0131 destekledi\u011fini ve ileri ya\u015flarda demans (bunama) belirtilerinin ortaya \u00e7\u0131kmas\u0131n\u0131 geciktirebildi\u011fini g\u00f6steriyor. Sallabank&#8217;a g\u00f6re d\u00fcnya genelinde tek dillilik bir istisna, \u00e7ok dillilik ise yayg\u0131n bir ger\u00e7eklik.<\/p>\n\n\n<div class=\"wp-block-image\">\n<figure class=\"aligncenter size-full\"><img loading=\"lazy\" decoding=\"async\" width=\"1280\" height=\"960\" src=\"https:\/\/epochtimestr.com\/wp-content\/uploads\/2011y\/india-140694_1280.jpg\" alt=\"\" class=\"wp-image-171226\" srcset=\"https:\/\/epochtimestr.com\/wp-content\/uploads\/2011y\/india-140694_1280.jpg 1280w, https:\/\/epochtimestr.com\/wp-content\/uploads\/2011y\/india-140694_1280-300x225.jpg 300w, https:\/\/epochtimestr.com\/wp-content\/uploads\/2011y\/india-140694_1280-150x113.jpg 150w, https:\/\/epochtimestr.com\/wp-content\/uploads\/2011y\/india-140694_1280-768x576.jpg 768w, https:\/\/epochtimestr.com\/wp-content\/uploads\/2011y\/india-140694_1280-86x64.jpg 86w\" sizes=\"(max-width: 1280px) 100vw, 1280px\" \/><figcaption class=\"wp-element-caption\">(Foto\u011fraf: jyotipandalai Pixabay)<\/figcaption><\/figure><\/div>\n\n\n<h3 class=\"wp-block-heading\"><em>Ya\u015fatmak \u0130\u00e7in Belgelemek Yetmiyor, G\u00fcnl\u00fck Ya\u015fama Katmak \u015eart<\/em><\/h3>\n\n\n\n<p>Uzmanlara g\u00f6re bir dili ya\u015fatabilmek i\u00e7in yaln\u0131zca akademisyenlerin s\u00f6zl\u00fck haz\u0131rlamas\u0131 veya ses kay\u0131tlar\u0131 olu\u015fturmas\u0131 yeterli de\u011fil. Akademik belgeleme \u00e7al\u0131\u015fmalar\u0131 kritik bir ilk ad\u0131m olsa da, as\u0131l <a href=\"https:\/\/epochtimestr.com\/index.php\/medya-ve-iletisim-dunyasinin-basarili-ismi-leyla-pak-deva-yenisehire-baskan-oldu\">ba\u015far\u0131<\/a> yerel topluluklar\u0131n ve h\u00fck\u00fcmetlerin s\u00fcrece dahil olmas\u0131yla geliyor.<\/p>\n\n\n\n<p>Dillerin &#8220;eski \u00e7a\u011fa ait&#8221; veya yaln\u0131zca ge\u00e7mi\u015fe ait arkaik unsurlar olarak g\u00f6r\u00fclmesinin \u00f6n\u00fcne ge\u00e7ilmesi gerekiyor. Bir dil, ancak g\u00fcnl\u00fck ya\u015fam\u0131n bir par\u00e7as\u0131 oldu\u011funda yeniden g\u00fc\u00e7lenebiliyor. Dillerin aile i\u00e7inde \u00e7ocuklara aktar\u0131lmas\u0131n\u0131n te\u015fvik edilmesi, e\u011fitim programlar\u0131nda yerel dillere alan a\u00e7\u0131lmas\u0131 ve kamusal alanda g\u00f6r\u00fcn\u00fcr k\u0131l\u0131nmas\u0131 hayati \u00f6nem ta\u015f\u0131yor.<\/p>\n\n\n\n<p>Bug\u00fcn as\u0131l soru yaln\u0131zca &#8220;Bir dil nas\u0131l \u00f6l\u00fcr?&#8221; de\u011fil, &#8220;\u00d6lmekte olan bir dili hayattayken nas\u0131l ya\u015fatabiliriz?&#8221; olmal\u0131d\u0131r. \u00c7\u00fcnk\u00fc bug\u00fcn kayda al\u0131nmadan, belgelenmeden kaybolan bir dil; yar\u0131n\u0131n ara\u015ft\u0131rmac\u0131lar\u0131 i\u00e7in insanl\u0131\u011f\u0131n ortak haf\u0131zas\u0131nda asla \u00e7\u00f6z\u00fclemeyecek devasa ve karanl\u0131k bir bo\u015fluk b\u0131rakacakt\u0131r.<\/p>\n\n\n\n<p><strong><em>Kaynak:<\/em><\/strong> <\/p>\n\n\n\n<p><em>University of Cambridge &#8211; <a href=\"https:\/\/wordswithoutborders.org\/contributors\/view\/christopher-moseley\/\" target=\"_blank\" rel=\"noreferrer noopener\">Christopher Moseley<\/a><\/em><br \/><em>Western Sydney University &#8211; <\/em><a href=\"https:\/\/researchers.westernsydney.edu.au\/en\/publications\/dying-words-endangered-languages-and-what-they-have-to-tell-us\/\" target=\"_blank\" rel=\"noreferrer noopener\"><em>Nicholas Evans<\/em><br \/><\/a><em>Cambridge University Press &amp; Assessment &#8211; <a href=\"https:\/\/www.soas.ac.uk\/about\/julia-sallabank\" target=\"_blank\" rel=\"noreferrer noopener\">Julia Sallabank<\/a> <\/em> <\/p>\n","protected":false},"excerpt":{"rendered":"<p>Prof. Nicholas Evans\u2019a g\u00f6re d\u00fcnyay\u0131 birka\u00e7 yayg\u0131n dil \u00fczerinden anlamaya \u00e7al\u0131\u015fmak b\u00fcy\u00fck bir yan\u0131lg\u0131. \u00c7\u00fcnk\u00fc her dil, insan olman\u0131n d\u00fc\u015f\u00fcnd\u00fc\u011f\u00fcm\u00fczden \u00e7ok daha farkl\u0131 yollar\u0131n\u0131 bar\u0131nd\u0131r\u0131yor. Peki, hangi diller tehlike alt\u0131nda? Bug\u00fcn arkeologlar ta\u015flara, kil tabletlere ve antik yaz\u0131tlara bakarak art\u0131k konu\u015fulmayan toplumlar\u0131n d\u00fcnyas\u0131n\u0131 yeniden kurmaya \u00e7al\u0131\u015f\u0131yor. Ancak gelece\u011fin ara\u015ft\u0131rmac\u0131lar\u0131 bizim kadar \u015fansl\u0131 olmayabilir. \u00c7\u00fcnk\u00fc g\u00fcn\u00fcm\u00fczde [&hellip;]<\/p>\n","protected":false},"author":13981,"featured_media":171222,"comment_status":"open","ping_status":"open","sticky":false,"template":"","format":"standard","meta":{"_yoast_wpseo_focuskw":"Diller","_yoast_wpseo_title":"","_yoast_wpseo_metadesc":"Arkeologlar bug\u00fcn ta\u015flara, kil tabletlere ve yaz\u0131tlara bakarak art\u0131k konu\u015fulmayan toplumlar\u0131n d\u00fcnyas\u0131n\u0131 yeniden kurmaya \u00e7al\u0131\u015f\u0131yor.","_bbp_topic_count":0,"_bbp_reply_count":0,"_bbp_total_topic_count":0,"_bbp_total_reply_count":0,"_bbp_voice_count":0,"_bbp_anonymous_reply_count":0,"_bbp_topic_count_hidden":0,"_bbp_reply_count_hidden":0,"_bbp_forum_subforum_count":0,"footnotes":"","_yoast_wpseo_focuskw_text_input":""},"categories":[126,519,12555],"tags":[12550,12548,12549,12557,12547,12556,12546,2723],"yoast_head":"<!-- This site is optimized with the Yoast SEO plugin v23.0 - https:\/\/yoast.com\/wordpress\/plugins\/seo\/ -->\n<title>Tehlike Alt\u0131ndaki Diller ve Gelece\u011fin Arkeolojisi - The Epoch Times TR<\/title>\n<meta name=\"description\" content=\"Arkeologlar bug\u00fcn ta\u015flara, kil tabletlere ve yaz\u0131tlara bakarak art\u0131k konu\u015fulmayan toplumlar\u0131n d\u00fcnyas\u0131n\u0131 yeniden kurmaya \u00e7al\u0131\u015f\u0131yor.\" \/>\n<meta name=\"robots\" content=\"index, follow, max-snippet:-1, max-image-preview:large, max-video-preview:-1\" \/>\n<link rel=\"canonical\" href=\"https:\/\/epochtimestr.com\/index.php\/tehlike-altindaki-diller-ve-gelecegin-arkeolojisi\" \/>\n<meta property=\"og:locale\" content=\"tr_TR\" \/>\n<meta property=\"og:type\" content=\"article\" \/>\n<meta property=\"og:title\" content=\"Tehlike Alt\u0131ndaki Diller ve Gelece\u011fin Arkeolojisi - The Epoch Times TR\" \/>\n<meta property=\"og:description\" content=\"Arkeologlar bug\u00fcn ta\u015flara, kil tabletlere ve yaz\u0131tlara bakarak art\u0131k konu\u015fulmayan toplumlar\u0131n d\u00fcnyas\u0131n\u0131 yeniden kurmaya \u00e7al\u0131\u015f\u0131yor.\" \/>\n<meta property=\"og:url\" content=\"https:\/\/epochtimestr.com\/index.php\/tehlike-altindaki-diller-ve-gelecegin-arkeolojisi\" \/>\n<meta property=\"og:site_name\" content=\"The Epoch Times TR\" \/>\n<meta property=\"article:publisher\" content=\"https:\/\/www.facebook.com\/theepochtimestr\" \/>\n<meta property=\"article:published_time\" content=\"2026-08-31T05:33:22+00:00\" \/>\n<meta property=\"article:modified_time\" content=\"2026-08-31T05:33:24+00:00\" \/>\n<meta property=\"og:image\" content=\"https:\/\/epochtimestr.com\/wp-content\/uploads\/2011y\/flowshan.jpg\" \/>\n\t<meta property=\"og:image:width\" content=\"1280\" \/>\n\t<meta property=\"og:image:height\" content=\"853\" \/>\n\t<meta property=\"og:image:type\" content=\"image\/jpeg\" \/>\n<meta name=\"author\" content=\"Reyhan \u00c7orbac\u0131\" \/>\n<meta name=\"twitter:card\" content=\"summary_large_image\" \/>\n<meta name=\"twitter:creator\" content=\"@TheEpochTimesTR\" \/>\n<meta name=\"twitter:site\" content=\"@TheEpochTimesTR\" \/>\n<meta name=\"twitter:label1\" content=\"Yazan:\" \/>\n\t<meta name=\"twitter:data1\" content=\"Reyhan \u00c7orbac\u0131\" \/>\n\t<meta name=\"twitter:label2\" content=\"Tahmini okuma s\u00fcresi\" \/>\n\t<meta name=\"twitter:data2\" content=\"6 dakika\" \/>\n<script type=\"application\/ld+json\" class=\"yoast-schema-graph\">{\"@context\":\"https:\/\/schema.org\",\"@graph\":[{\"@type\":\"Article\",\"@id\":\"https:\/\/epochtimestr.com\/index.php\/tehlike-altindaki-diller-ve-gelecegin-arkeolojisi#article\",\"isPartOf\":{\"@id\":\"https:\/\/epochtimestr.com\/index.php\/tehlike-altindaki-diller-ve-gelecegin-arkeolojisi\"},\"author\":{\"name\":\"Reyhan \u00c7orbac\u0131\",\"@id\":\"https:\/\/epochtimestr.com\/#\/schema\/person\/68cb304e55f0b73a4e785d2cd1ba5308\"},\"headline\":\"Tehlike Alt\u0131ndaki Diller ve Gelece\u011fin Arkeolojisi\",\"datePublished\":\"2026-08-31T05:33:22+00:00\",\"dateModified\":\"2026-08-31T05:33:24+00:00\",\"mainEntityOfPage\":{\"@id\":\"https:\/\/epochtimestr.com\/index.php\/tehlike-altindaki-diller-ve-gelecegin-arkeolojisi\"},\"wordCount\":1117,\"commentCount\":0,\"publisher\":{\"@id\":\"https:\/\/epochtimestr.com\/#organization\"},\"image\":{\"@id\":\"https:\/\/epochtimestr.com\/index.php\/tehlike-altindaki-diller-ve-gelecegin-arkeolojisi#primaryimage\"},\"thumbnailUrl\":\"https:\/\/epochtimestr.com\/wp-content\/uploads\/2011y\/flowshan.jpg\",\"keywords\":[\"ARKEOLOJ\u0130\",\"Christopher Moseley\",\"D\u0130L\",\"dilbilim\",\"Julia Sallabank\",\"kaybolan diller\",\"Nicholas Evans\",\"unesco\"],\"articleSection\":[\"D\u00fcnya K\u00fclt\u00fcr Miraslar\u0131\",\"ED\u0130T\u00d6R\u00dcN SE\u00c7\u0130M\u0130\",\"K\u00fclt\u00fcr, Sanat, Edebiyat\"],\"inLanguage\":\"tr\",\"potentialAction\":[{\"@type\":\"CommentAction\",\"name\":\"Comment\",\"target\":[\"https:\/\/epochtimestr.com\/index.php\/tehlike-altindaki-diller-ve-gelecegin-arkeolojisi#respond\"]}]},{\"@type\":\"WebPage\",\"@id\":\"https:\/\/epochtimestr.com\/index.php\/tehlike-altindaki-diller-ve-gelecegin-arkeolojisi\",\"url\":\"https:\/\/epochtimestr.com\/index.php\/tehlike-altindaki-diller-ve-gelecegin-arkeolojisi\",\"name\":\"Tehlike Alt\u0131ndaki Diller ve Gelece\u011fin Arkeolojisi - The Epoch Times TR\",\"isPartOf\":{\"@id\":\"https:\/\/epochtimestr.com\/#website\"},\"primaryImageOfPage\":{\"@id\":\"https:\/\/epochtimestr.com\/index.php\/tehlike-altindaki-diller-ve-gelecegin-arkeolojisi#primaryimage\"},\"image\":{\"@id\":\"https:\/\/epochtimestr.com\/index.php\/tehlike-altindaki-diller-ve-gelecegin-arkeolojisi#primaryimage\"},\"thumbnailUrl\":\"https:\/\/epochtimestr.com\/wp-content\/uploads\/2011y\/flowshan.jpg\",\"datePublished\":\"2026-08-31T05:33:22+00:00\",\"dateModified\":\"2026-08-31T05:33:24+00:00\",\"description\":\"Arkeologlar bug\u00fcn ta\u015flara, kil tabletlere ve yaz\u0131tlara bakarak art\u0131k konu\u015fulmayan toplumlar\u0131n d\u00fcnyas\u0131n\u0131 yeniden kurmaya \u00e7al\u0131\u015f\u0131yor.\",\"inLanguage\":\"tr\",\"potentialAction\":[{\"@type\":\"ReadAction\",\"target\":[\"https:\/\/epochtimestr.com\/index.php\/tehlike-altindaki-diller-ve-gelecegin-arkeolojisi\"]}]},{\"@type\":\"ImageObject\",\"inLanguage\":\"tr\",\"@id\":\"https:\/\/epochtimestr.com\/index.php\/tehlike-altindaki-diller-ve-gelecegin-arkeolojisi#primaryimage\",\"url\":\"https:\/\/epochtimestr.com\/wp-content\/uploads\/2011y\/flowshan.jpg\",\"contentUrl\":\"https:\/\/epochtimestr.com\/wp-content\/uploads\/2011y\/flowshan.jpg\",\"width\":1280,\"height\":853},{\"@type\":\"WebSite\",\"@id\":\"https:\/\/epochtimestr.com\/#website\",\"url\":\"https:\/\/epochtimestr.com\/\",\"name\":\"The Epoch Times TR\",\"description\":\"De\u011fi\u015fen D\u00fcnyam\u0131za Taze Bir Bak\u0131\u015f\",\"publisher\":{\"@id\":\"https:\/\/epochtimestr.com\/#organization\"},\"potentialAction\":[{\"@type\":\"SearchAction\",\"target\":{\"@type\":\"EntryPoint\",\"urlTemplate\":\"https:\/\/epochtimestr.com\/?s={search_term_string}\"},\"query-input\":\"required name=search_term_string\"}],\"inLanguage\":\"tr\"},{\"@type\":\"Organization\",\"@id\":\"https:\/\/epochtimestr.com\/#organization\",\"name\":\"The EpochTimes T\u00fcrkiye\",\"url\":\"https:\/\/epochtimestr.com\/\",\"logo\":{\"@type\":\"ImageObject\",\"inLanguage\":\"tr\",\"@id\":\"https:\/\/epochtimestr.com\/#\/schema\/logo\/image\/\",\"url\":\"https:\/\/epochtimestr.com\/wp-content\/uploads\/2011y\/ET-Logo-YG.jpg\",\"contentUrl\":\"https:\/\/epochtimestr.com\/wp-content\/uploads\/2011y\/ET-Logo-YG.jpg\",\"width\":346,\"height\":29,\"caption\":\"The EpochTimes T\u00fcrkiye\"},\"image\":{\"@id\":\"https:\/\/epochtimestr.com\/#\/schema\/logo\/image\/\"},\"sameAs\":[\"https:\/\/www.facebook.com\/theepochtimestr\",\"https:\/\/x.com\/TheEpochTimesTR\",\"https:\/\/www.instagram.com\/epochtimestr\"]},{\"@type\":\"Person\",\"@id\":\"https:\/\/epochtimestr.com\/#\/schema\/person\/68cb304e55f0b73a4e785d2cd1ba5308\",\"name\":\"Reyhan \u00c7orbac\u0131\",\"image\":{\"@type\":\"ImageObject\",\"inLanguage\":\"tr\",\"@id\":\"https:\/\/epochtimestr.com\/#\/schema\/person\/image\/\",\"url\":\"https:\/\/secure.gravatar.com\/avatar\/8bceee79f3a75100aa05f62a5dd2a5b0?s=96&d=mm&r=g\",\"contentUrl\":\"https:\/\/secure.gravatar.com\/avatar\/8bceee79f3a75100aa05f62a5dd2a5b0?s=96&d=mm&r=g\",\"caption\":\"Reyhan \u00c7orbac\u0131\"},\"url\":\"https:\/\/epochtimestr.com\/index.php\/author\/reyhan\"}]}<\/script>\n<!-- \/ Yoast SEO plugin. -->","yoast_head_json":{"title":"Tehlike Alt\u0131ndaki Diller ve Gelece\u011fin Arkeolojisi - The Epoch Times TR","description":"Arkeologlar bug\u00fcn ta\u015flara, kil tabletlere ve yaz\u0131tlara bakarak art\u0131k konu\u015fulmayan toplumlar\u0131n d\u00fcnyas\u0131n\u0131 yeniden kurmaya \u00e7al\u0131\u015f\u0131yor.","robots":{"index":"index","follow":"follow","max-snippet":"max-snippet:-1","max-image-preview":"max-image-preview:large","max-video-preview":"max-video-preview:-1"},"canonical":"https:\/\/epochtimestr.com\/index.php\/tehlike-altindaki-diller-ve-gelecegin-arkeolojisi","og_locale":"tr_TR","og_type":"article","og_title":"Tehlike Alt\u0131ndaki Diller ve Gelece\u011fin Arkeolojisi - The Epoch Times TR","og_description":"Arkeologlar bug\u00fcn ta\u015flara, kil tabletlere ve yaz\u0131tlara bakarak art\u0131k konu\u015fulmayan toplumlar\u0131n d\u00fcnyas\u0131n\u0131 yeniden kurmaya \u00e7al\u0131\u015f\u0131yor.","og_url":"https:\/\/epochtimestr.com\/index.php\/tehlike-altindaki-diller-ve-gelecegin-arkeolojisi","og_site_name":"The Epoch Times TR","article_publisher":"https:\/\/www.facebook.com\/theepochtimestr","article_published_time":"2026-08-31T05:33:22+00:00","article_modified_time":"2026-08-31T05:33:24+00:00","og_image":[{"width":1280,"height":853,"url":"https:\/\/epochtimestr.com\/wp-content\/uploads\/2011y\/flowshan.jpg","type":"image\/jpeg"}],"author":"Reyhan \u00c7orbac\u0131","twitter_card":"summary_large_image","twitter_creator":"@TheEpochTimesTR","twitter_site":"@TheEpochTimesTR","twitter_misc":{"Yazan:":"Reyhan \u00c7orbac\u0131","Tahmini okuma s\u00fcresi":"6 dakika"},"schema":{"@context":"https:\/\/schema.org","@graph":[{"@type":"Article","@id":"https:\/\/epochtimestr.com\/index.php\/tehlike-altindaki-diller-ve-gelecegin-arkeolojisi#article","isPartOf":{"@id":"https:\/\/epochtimestr.com\/index.php\/tehlike-altindaki-diller-ve-gelecegin-arkeolojisi"},"author":{"name":"Reyhan \u00c7orbac\u0131","@id":"https:\/\/epochtimestr.com\/#\/schema\/person\/68cb304e55f0b73a4e785d2cd1ba5308"},"headline":"Tehlike Alt\u0131ndaki Diller ve Gelece\u011fin Arkeolojisi","datePublished":"2026-08-31T05:33:22+00:00","dateModified":"2026-08-31T05:33:24+00:00","mainEntityOfPage":{"@id":"https:\/\/epochtimestr.com\/index.php\/tehlike-altindaki-diller-ve-gelecegin-arkeolojisi"},"wordCount":1117,"commentCount":0,"publisher":{"@id":"https:\/\/epochtimestr.com\/#organization"},"image":{"@id":"https:\/\/epochtimestr.com\/index.php\/tehlike-altindaki-diller-ve-gelecegin-arkeolojisi#primaryimage"},"thumbnailUrl":"https:\/\/epochtimestr.com\/wp-content\/uploads\/2011y\/flowshan.jpg","keywords":["ARKEOLOJ\u0130","Christopher Moseley","D\u0130L","dilbilim","Julia Sallabank","kaybolan diller","Nicholas Evans","unesco"],"articleSection":["D\u00fcnya K\u00fclt\u00fcr Miraslar\u0131","ED\u0130T\u00d6R\u00dcN SE\u00c7\u0130M\u0130","K\u00fclt\u00fcr, Sanat, Edebiyat"],"inLanguage":"tr","potentialAction":[{"@type":"CommentAction","name":"Comment","target":["https:\/\/epochtimestr.com\/index.php\/tehlike-altindaki-diller-ve-gelecegin-arkeolojisi#respond"]}]},{"@type":"WebPage","@id":"https:\/\/epochtimestr.com\/index.php\/tehlike-altindaki-diller-ve-gelecegin-arkeolojisi","url":"https:\/\/epochtimestr.com\/index.php\/tehlike-altindaki-diller-ve-gelecegin-arkeolojisi","name":"Tehlike Alt\u0131ndaki Diller ve Gelece\u011fin Arkeolojisi - The Epoch Times TR","isPartOf":{"@id":"https:\/\/epochtimestr.com\/#website"},"primaryImageOfPage":{"@id":"https:\/\/epochtimestr.com\/index.php\/tehlike-altindaki-diller-ve-gelecegin-arkeolojisi#primaryimage"},"image":{"@id":"https:\/\/epochtimestr.com\/index.php\/tehlike-altindaki-diller-ve-gelecegin-arkeolojisi#primaryimage"},"thumbnailUrl":"https:\/\/epochtimestr.com\/wp-content\/uploads\/2011y\/flowshan.jpg","datePublished":"2026-08-31T05:33:22+00:00","dateModified":"2026-08-31T05:33:24+00:00","description":"Arkeologlar bug\u00fcn ta\u015flara, kil tabletlere ve yaz\u0131tlara bakarak art\u0131k konu\u015fulmayan toplumlar\u0131n d\u00fcnyas\u0131n\u0131 yeniden kurmaya \u00e7al\u0131\u015f\u0131yor.","inLanguage":"tr","potentialAction":[{"@type":"ReadAction","target":["https:\/\/epochtimestr.com\/index.php\/tehlike-altindaki-diller-ve-gelecegin-arkeolojisi"]}]},{"@type":"ImageObject","inLanguage":"tr","@id":"https:\/\/epochtimestr.com\/index.php\/tehlike-altindaki-diller-ve-gelecegin-arkeolojisi#primaryimage","url":"https:\/\/epochtimestr.com\/wp-content\/uploads\/2011y\/flowshan.jpg","contentUrl":"https:\/\/epochtimestr.com\/wp-content\/uploads\/2011y\/flowshan.jpg","width":1280,"height":853},{"@type":"WebSite","@id":"https:\/\/epochtimestr.com\/#website","url":"https:\/\/epochtimestr.com\/","name":"The Epoch Times TR","description":"De\u011fi\u015fen D\u00fcnyam\u0131za Taze Bir Bak\u0131\u015f","publisher":{"@id":"https:\/\/epochtimestr.com\/#organization"},"potentialAction":[{"@type":"SearchAction","target":{"@type":"EntryPoint","urlTemplate":"https:\/\/epochtimestr.com\/?s={search_term_string}"},"query-input":"required name=search_term_string"}],"inLanguage":"tr"},{"@type":"Organization","@id":"https:\/\/epochtimestr.com\/#organization","name":"The EpochTimes T\u00fcrkiye","url":"https:\/\/epochtimestr.com\/","logo":{"@type":"ImageObject","inLanguage":"tr","@id":"https:\/\/epochtimestr.com\/#\/schema\/logo\/image\/","url":"https:\/\/epochtimestr.com\/wp-content\/uploads\/2011y\/ET-Logo-YG.jpg","contentUrl":"https:\/\/epochtimestr.com\/wp-content\/uploads\/2011y\/ET-Logo-YG.jpg","width":346,"height":29,"caption":"The EpochTimes T\u00fcrkiye"},"image":{"@id":"https:\/\/epochtimestr.com\/#\/schema\/logo\/image\/"},"sameAs":["https:\/\/www.facebook.com\/theepochtimestr","https:\/\/x.com\/TheEpochTimesTR","https:\/\/www.instagram.com\/epochtimestr"]},{"@type":"Person","@id":"https:\/\/epochtimestr.com\/#\/schema\/person\/68cb304e55f0b73a4e785d2cd1ba5308","name":"Reyhan \u00c7orbac\u0131","image":{"@type":"ImageObject","inLanguage":"tr","@id":"https:\/\/epochtimestr.com\/#\/schema\/person\/image\/","url":"https:\/\/secure.gravatar.com\/avatar\/8bceee79f3a75100aa05f62a5dd2a5b0?s=96&d=mm&r=g","contentUrl":"https:\/\/secure.gravatar.com\/avatar\/8bceee79f3a75100aa05f62a5dd2a5b0?s=96&d=mm&r=g","caption":"Reyhan \u00c7orbac\u0131"},"url":"https:\/\/epochtimestr.com\/index.php\/author\/reyhan"}]}},"_links":{"self":[{"href":"https:\/\/epochtimestr.com\/index.php\/wp-json\/wp\/v2\/posts\/171221"}],"collection":[{"href":"https:\/\/epochtimestr.com\/index.php\/wp-json\/wp\/v2\/posts"}],"about":[{"href":"https:\/\/epochtimestr.com\/index.php\/wp-json\/wp\/v2\/types\/post"}],"author":[{"embeddable":true,"href":"https:\/\/epochtimestr.com\/index.php\/wp-json\/wp\/v2\/users\/13981"}],"replies":[{"embeddable":true,"href":"https:\/\/epochtimestr.com\/index.php\/wp-json\/wp\/v2\/comments?post=171221"}],"version-history":[{"count":2,"href":"https:\/\/epochtimestr.com\/index.php\/wp-json\/wp\/v2\/posts\/171221\/revisions"}],"predecessor-version":[{"id":171243,"href":"https:\/\/epochtimestr.com\/index.php\/wp-json\/wp\/v2\/posts\/171221\/revisions\/171243"}],"wp:featuredmedia":[{"embeddable":true,"href":"https:\/\/epochtimestr.com\/index.php\/wp-json\/wp\/v2\/media\/171222"}],"wp:attachment":[{"href":"https:\/\/epochtimestr.com\/index.php\/wp-json\/wp\/v2\/media?parent=171221"}],"wp:term":[{"taxonomy":"category","embeddable":true,"href":"https:\/\/epochtimestr.com\/index.php\/wp-json\/wp\/v2\/categories?post=171221"},{"taxonomy":"post_tag","embeddable":true,"href":"https:\/\/epochtimestr.com\/index.php\/wp-json\/wp\/v2\/tags?post=171221"}],"curies":[{"name":"wp","href":"https:\/\/api.w.org\/{rel}","templated":true}]}}