{"id":171228,"date":"2026-08-31T08:41:38","date_gmt":"2026-08-31T05:41:38","guid":{"rendered":"https:\/\/epochtimestr.com\/?p=171228"},"modified":"2026-08-31T08:41:40","modified_gmt":"2026-08-31T05:41:40","slug":"kktcde-gemi-faciasi-sonrasi-3-gunluk-ulusal-yas-ilan-edildi","status":"publish","type":"post","link":"https:\/\/epochtimestr.com\/index.php\/kktcde-gemi-faciasi-sonrasi-3-gunluk-ulusal-yas-ilan-edildi","title":{"rendered":"KKTC\u2019de Gemi Facias\u0131 Sonras\u0131 3 G\u00fcnl\u00fck Ulusal Yas \u0130lan Edildi"},"content":{"rendered":"<div class=\"wp-block-image\">\n<figure class=\"aligncenter size-full\"><img loading=\"lazy\" decoding=\"async\" width=\"2048\" height=\"1152\" src=\"https:\/\/epochtimestr.com\/wp-content\/uploads\/2011y\/kibris.webp\" alt=\"\" class=\"wp-image-171230\" srcset=\"https:\/\/epochtimestr.com\/wp-content\/uploads\/2011y\/kibris.webp 2048w, https:\/\/epochtimestr.com\/wp-content\/uploads\/2011y\/kibris-300x169.webp 300w, https:\/\/epochtimestr.com\/wp-content\/uploads\/2011y\/kibris-150x84.webp 150w, https:\/\/epochtimestr.com\/wp-content\/uploads\/2011y\/kibris-768x432.webp 768w, https:\/\/epochtimestr.com\/wp-content\/uploads\/2011y\/kibris-1536x864.webp 1536w\" sizes=\"(max-width: 2048px) 100vw, 2048px\" \/><figcaption class=\"wp-element-caption\">KKTC\u2019de gemi facias\u0131 sonras\u0131 3 g\u00fcnl\u00fck ulusal yas ilan edildi.<\/figcaption><\/figure><\/div>\n\n\n<h2 class=\"wp-block-heading\">Girne a\u00e7\u0131klar\u0131nda meydana gelen deniz felaketi sonucundaki can kay\u0131plar\u0131 nedeniyle 3 g\u00fcnl\u00fck ulusal yas ilan edildi.<\/h2>\n\n\n\n<p>Girne-Ta\u015fucu seferini yapan yolcu gemisi d\u00fcn (30 A\u011fustos&#8217;ta) Girne <a href=\"https:\/\/epochtimestr.com\/index.php\/mersine-giden-yolcu-gemisi-girne-aciklarinda-batti\" target=\"_blank\" rel=\"noreferrer noopener\">a\u00e7\u0131klar\u0131nda batt\u0131<\/a>. Meydana gelen deniz felaketi ve ya\u015fanan can kay\u0131plar\u0131 nedeniyle KKTC&#8217;de 3 g\u00fcnl\u00fck ulusal yas ilan edildi. <\/p>\n\n\n\n<p><a href=\"https:\/\/epochtimestr.com\/index.php\/tarihi-perspektiften-kktcnin-42-kurulus-yildonumune-bakis\">KKTC<\/a>&#8216;de Girne a\u00e7\u0131klar\u0131nda batan yolcu gemisine ili\u015fkin son verilere g\u00f6re, gemide bulunan 267 ki\u015fiden 249\u2019una ula\u015f\u0131ld\u0131. Kazada 241 ki\u015fi sa\u011f olarak kurtar\u0131l\u0131rken, 8 ki\u015fi hayat\u0131n\u0131 kaybetti. Kay\u0131p 18 ki\u015fiye ula\u015f\u0131lmas\u0131 i\u00e7in arama kurtarma \u00e7al\u0131\u015fmalar\u0131 s\u00fcr\u00fcyor.<\/p>\n\n\n\n<p>Arama kurtarma \u00e7al\u0131\u015fmalar\u0131na T\u00fcrkiye\u2019den 3 u\u00e7ak, 4 \u0130HA, 6 helikopter, 4 Sahil G\u00fcvenlik botu, 1 h\u00fccumbot, 1 f\u0131rkateyn ve 1 karakol gemisi kat\u0131ld\u0131. KKTC\u2019den ise 4 Sahil G\u00fcvenlik botu, 2 helikopter, 1 h\u00fccumbot ve 1 karakol gemisinin yan\u0131 s\u0131ra Sivil Savunma ve polis ekipleri g\u00f6rev al\u0131yor. Kay\u0131p 18 ki\u015fiye ula\u015f\u0131lmas\u0131 amac\u0131yla arama kurtarma \u00e7al\u0131\u015fmalar\u0131 gece boyunca kesintisiz devam etti.<\/p>\n\n\n<div class=\"wp-block-image\">\n<figure class=\"aligncenter size-full\"><img loading=\"lazy\" decoding=\"async\" width=\"399\" height=\"501\" src=\"https:\/\/epochtimestr.com\/wp-content\/uploads\/2011y\/images-29.jpg\" alt=\"\" class=\"wp-image-171231\" srcset=\"https:\/\/epochtimestr.com\/wp-content\/uploads\/2011y\/images-29.jpg 399w, https:\/\/epochtimestr.com\/wp-content\/uploads\/2011y\/images-29-239x300.jpg 239w, https:\/\/epochtimestr.com\/wp-content\/uploads\/2011y\/images-29-119x150.jpg 119w\" sizes=\"(max-width: 399px) 100vw, 399px\" \/><\/figure><\/div>","protected":false},"excerpt":{"rendered":"<p>Girne a\u00e7\u0131klar\u0131nda meydana gelen deniz felaketi sonucundaki can kay\u0131plar\u0131 nedeniyle 3 g\u00fcnl\u00fck ulusal yas ilan edildi. Girne-Ta\u015fucu seferini yapan yolcu gemisi d\u00fcn (30 A\u011fustos&#8217;ta) Girne a\u00e7\u0131klar\u0131nda batt\u0131. Meydana gelen deniz felaketi ve ya\u015fanan can kay\u0131plar\u0131 nedeniyle KKTC&#8217;de 3 g\u00fcnl\u00fck ulusal yas ilan edildi. KKTC&#8216;de Girne a\u00e7\u0131klar\u0131nda batan yolcu gemisine ili\u015fkin son verilere g\u00f6re, gemide bulunan [&hellip;]<\/p>\n","protected":false},"author":12791,"featured_media":171230,"comment_status":"open","ping_status":"open","sticky":false,"template":"","format":"standard","meta":{"_yoast_wpseo_focuskw":"yas","_yoast_wpseo_title":"","_yoast_wpseo_metadesc":"Girne-Ta\u015fucu seferini yapan yolcu gemisinin Girne a\u00e7\u0131klar\u0131nda batmas\u0131 ve can kay\u0131plar\u0131 nedeniyle KKTC'de 3 g\u00fcnl\u00fck ulusal yas ilan edildi.","_bbp_topic_count":0,"_bbp_reply_count":0,"_bbp_total_topic_count":0,"_bbp_total_reply_count":0,"_bbp_voice_count":0,"_bbp_anonymous_reply_count":0,"_bbp_topic_count_hidden":0,"_bbp_reply_count_hidden":0,"_bbp_forum_subforum_count":0,"footnotes":"","_yoast_wpseo_focuskw_text_input":""},"categories":[1,8138,8419],"tags":[12534,12536,12533,4967,12551,12531],"yoast_head":"<!-- This site is optimized with the Yoast SEO plugin v23.0 - https:\/\/yoast.com\/wordpress\/plugins\/seo\/ -->\n<title>KKTC\u2019de Gemi Facias\u0131 Sonras\u0131 3 G\u00fcnl\u00fck Ulusal Yas \u0130lan Edildi - The Epoch Times TR<\/title>\n<meta name=\"description\" content=\"Girne-Ta\u015fucu seferini yapan yolcu gemisinin Girne a\u00e7\u0131klar\u0131nda batmas\u0131 ve can kay\u0131plar\u0131 nedeniyle KKTC&#039;de 3 g\u00fcnl\u00fck ulusal yas ilan edildi.\" \/>\n<meta name=\"robots\" content=\"index, follow, max-snippet:-1, max-image-preview:large, max-video-preview:-1\" \/>\n<link rel=\"canonical\" href=\"https:\/\/epochtimestr.com\/index.php\/kktcde-gemi-faciasi-sonrasi-3-gunluk-ulusal-yas-ilan-edildi\" \/>\n<meta property=\"og:locale\" content=\"tr_TR\" \/>\n<meta property=\"og:type\" content=\"article\" \/>\n<meta property=\"og:title\" content=\"KKTC\u2019de Gemi Facias\u0131 Sonras\u0131 3 G\u00fcnl\u00fck Ulusal Yas \u0130lan Edildi - The Epoch Times TR\" \/>\n<meta property=\"og:description\" content=\"Girne-Ta\u015fucu seferini yapan yolcu gemisinin Girne a\u00e7\u0131klar\u0131nda batmas\u0131 ve can kay\u0131plar\u0131 nedeniyle KKTC&#039;de 3 g\u00fcnl\u00fck ulusal yas ilan edildi.\" \/>\n<meta property=\"og:url\" content=\"https:\/\/epochtimestr.com\/index.php\/kktcde-gemi-faciasi-sonrasi-3-gunluk-ulusal-yas-ilan-edildi\" \/>\n<meta property=\"og:site_name\" content=\"The Epoch Times TR\" \/>\n<meta property=\"article:publisher\" content=\"https:\/\/www.facebook.com\/theepochtimestr\" \/>\n<meta property=\"article:published_time\" content=\"2026-08-31T05:41:38+00:00\" \/>\n<meta property=\"article:modified_time\" content=\"2026-08-31T05:41:40+00:00\" \/>\n<meta property=\"og:image\" content=\"https:\/\/epochtimestr.com\/wp-content\/uploads\/2011y\/kibris.webp\" \/>\n\t<meta property=\"og:image:width\" content=\"2048\" \/>\n\t<meta property=\"og:image:height\" content=\"1152\" \/>\n\t<meta property=\"og:image:type\" content=\"image\/webp\" \/>\n<meta name=\"author\" content=\"Haber Merkezi\" \/>\n<meta name=\"twitter:card\" content=\"summary_large_image\" \/>\n<meta name=\"twitter:creator\" content=\"@TheEpochTimesTR\" \/>\n<meta name=\"twitter:site\" content=\"@TheEpochTimesTR\" \/>\n<meta name=\"twitter:label1\" content=\"Yazan:\" \/>\n\t<meta name=\"twitter:data1\" content=\"Haber Merkezi\" \/>\n\t<meta name=\"twitter:label2\" content=\"Tahmini okuma s\u00fcresi\" \/>\n\t<meta name=\"twitter:data2\" content=\"2 dakika\" \/>\n<script type=\"application\/ld+json\" class=\"yoast-schema-graph\">{\"@context\":\"https:\/\/schema.org\",\"@graph\":[{\"@type\":\"Article\",\"@id\":\"https:\/\/epochtimestr.com\/index.php\/kktcde-gemi-faciasi-sonrasi-3-gunluk-ulusal-yas-ilan-edildi#article\",\"isPartOf\":{\"@id\":\"https:\/\/epochtimestr.com\/index.php\/kktcde-gemi-faciasi-sonrasi-3-gunluk-ulusal-yas-ilan-edildi\"},\"author\":{\"name\":\"Haber Merkezi\",\"@id\":\"https:\/\/epochtimestr.com\/#\/schema\/person\/3dc5c3adeb9f43923c5aa85889172fdd\"},\"headline\":\"KKTC\u2019de Gemi Facias\u0131 Sonras\u0131 3 G\u00fcnl\u00fck Ulusal Yas \u0130lan Edildi\",\"datePublished\":\"2026-08-31T05:41:38+00:00\",\"dateModified\":\"2026-08-31T05:41:40+00:00\",\"mainEntityOfPage\":{\"@id\":\"https:\/\/epochtimestr.com\/index.php\/kktcde-gemi-faciasi-sonrasi-3-gunluk-ulusal-yas-ilan-edildi\"},\"wordCount\":194,\"commentCount\":0,\"publisher\":{\"@id\":\"https:\/\/epochtimestr.com\/#organization\"},\"image\":{\"@id\":\"https:\/\/epochtimestr.com\/index.php\/kktcde-gemi-faciasi-sonrasi-3-gunluk-ulusal-yas-ilan-edildi#primaryimage\"},\"thumbnailUrl\":\"https:\/\/epochtimestr.com\/wp-content\/uploads\/2011y\/kibris.webp\",\"keywords\":[\"alabora\",\"Girne\",\"Katamaran\",\"KKTC\",\"Yas\",\"Yolcu Gemisi\"],\"articleSection\":[\"G\u00dcNDEM\",\"MAN\u015eET\",\"Ya\u015fam\"],\"inLanguage\":\"tr\",\"potentialAction\":[{\"@type\":\"CommentAction\",\"name\":\"Comment\",\"target\":[\"https:\/\/epochtimestr.com\/index.php\/kktcde-gemi-faciasi-sonrasi-3-gunluk-ulusal-yas-ilan-edildi#respond\"]}]},{\"@type\":\"WebPage\",\"@id\":\"https:\/\/epochtimestr.com\/index.php\/kktcde-gemi-faciasi-sonrasi-3-gunluk-ulusal-yas-ilan-edildi\",\"url\":\"https:\/\/epochtimestr.com\/index.php\/kktcde-gemi-faciasi-sonrasi-3-gunluk-ulusal-yas-ilan-edildi\",\"name\":\"KKTC\u2019de Gemi Facias\u0131 Sonras\u0131 3 G\u00fcnl\u00fck Ulusal Yas \u0130lan Edildi - The Epoch Times TR\",\"isPartOf\":{\"@id\":\"https:\/\/epochtimestr.com\/#website\"},\"primaryImageOfPage\":{\"@id\":\"https:\/\/epochtimestr.com\/index.php\/kktcde-gemi-faciasi-sonrasi-3-gunluk-ulusal-yas-ilan-edildi#primaryimage\"},\"image\":{\"@id\":\"https:\/\/epochtimestr.com\/index.php\/kktcde-gemi-faciasi-sonrasi-3-gunluk-ulusal-yas-ilan-edildi#primaryimage\"},\"thumbnailUrl\":\"https:\/\/epochtimestr.com\/wp-content\/uploads\/2011y\/kibris.webp\",\"datePublished\":\"2026-08-31T05:41:38+00:00\",\"dateModified\":\"2026-08-31T05:41:40+00:00\",\"description\":\"Girne-Ta\u015fucu seferini yapan yolcu gemisinin Girne a\u00e7\u0131klar\u0131nda batmas\u0131 ve can kay\u0131plar\u0131 nedeniyle KKTC'de 3 g\u00fcnl\u00fck ulusal yas ilan edildi.\",\"inLanguage\":\"tr\",\"potentialAction\":[{\"@type\":\"ReadAction\",\"target\":[\"https:\/\/epochtimestr.com\/index.php\/kktcde-gemi-faciasi-sonrasi-3-gunluk-ulusal-yas-ilan-edildi\"]}]},{\"@type\":\"ImageObject\",\"inLanguage\":\"tr\",\"@id\":\"https:\/\/epochtimestr.com\/index.php\/kktcde-gemi-faciasi-sonrasi-3-gunluk-ulusal-yas-ilan-edildi#primaryimage\",\"url\":\"https:\/\/epochtimestr.com\/wp-content\/uploads\/2011y\/kibris.webp\",\"contentUrl\":\"https:\/\/epochtimestr.com\/wp-content\/uploads\/2011y\/kibris.webp\",\"width\":2048,\"height\":1152},{\"@type\":\"WebSite\",\"@id\":\"https:\/\/epochtimestr.com\/#website\",\"url\":\"https:\/\/epochtimestr.com\/\",\"name\":\"The Epoch Times TR\",\"description\":\"De\u011fi\u015fen D\u00fcnyam\u0131za Taze Bir Bak\u0131\u015f\",\"publisher\":{\"@id\":\"https:\/\/epochtimestr.com\/#organization\"},\"potentialAction\":[{\"@type\":\"SearchAction\",\"target\":{\"@type\":\"EntryPoint\",\"urlTemplate\":\"https:\/\/epochtimestr.com\/?s={search_term_string}\"},\"query-input\":\"required name=search_term_string\"}],\"inLanguage\":\"tr\"},{\"@type\":\"Organization\",\"@id\":\"https:\/\/epochtimestr.com\/#organization\",\"name\":\"The EpochTimes T\u00fcrkiye\",\"url\":\"https:\/\/epochtimestr.com\/\",\"logo\":{\"@type\":\"ImageObject\",\"inLanguage\":\"tr\",\"@id\":\"https:\/\/epochtimestr.com\/#\/schema\/logo\/image\/\",\"url\":\"https:\/\/epochtimestr.com\/wp-content\/uploads\/2011y\/ET-Logo-YG.jpg\",\"contentUrl\":\"https:\/\/epochtimestr.com\/wp-content\/uploads\/2011y\/ET-Logo-YG.jpg\",\"width\":346,\"height\":29,\"caption\":\"The EpochTimes T\u00fcrkiye\"},\"image\":{\"@id\":\"https:\/\/epochtimestr.com\/#\/schema\/logo\/image\/\"},\"sameAs\":[\"https:\/\/www.facebook.com\/theepochtimestr\",\"https:\/\/x.com\/TheEpochTimesTR\",\"https:\/\/www.instagram.com\/epochtimestr\"]},{\"@type\":\"Person\",\"@id\":\"https:\/\/epochtimestr.com\/#\/schema\/person\/3dc5c3adeb9f43923c5aa85889172fdd\",\"name\":\"Haber Merkezi\",\"image\":{\"@type\":\"ImageObject\",\"inLanguage\":\"tr\",\"@id\":\"https:\/\/epochtimestr.com\/#\/schema\/person\/image\/\",\"url\":\"https:\/\/secure.gravatar.com\/avatar\/d73f772ba5a74f28601361e17c2f93e6?s=96&d=mm&r=g\",\"contentUrl\":\"https:\/\/secure.gravatar.com\/avatar\/d73f772ba5a74f28601361e17c2f93e6?s=96&d=mm&r=g\",\"caption\":\"Haber Merkezi\"},\"url\":\"https:\/\/epochtimestr.com\/index.php\/author\/sendag\"}]}<\/script>\n<!-- \/ Yoast SEO plugin. -->","yoast_head_json":{"title":"KKTC\u2019de Gemi Facias\u0131 Sonras\u0131 3 G\u00fcnl\u00fck Ulusal Yas \u0130lan Edildi - The Epoch Times TR","description":"Girne-Ta\u015fucu seferini yapan yolcu gemisinin Girne a\u00e7\u0131klar\u0131nda batmas\u0131 ve can kay\u0131plar\u0131 nedeniyle KKTC'de 3 g\u00fcnl\u00fck ulusal yas ilan edildi.","robots":{"index":"index","follow":"follow","max-snippet":"max-snippet:-1","max-image-preview":"max-image-preview:large","max-video-preview":"max-video-preview:-1"},"canonical":"https:\/\/epochtimestr.com\/index.php\/kktcde-gemi-faciasi-sonrasi-3-gunluk-ulusal-yas-ilan-edildi","og_locale":"tr_TR","og_type":"article","og_title":"KKTC\u2019de Gemi Facias\u0131 Sonras\u0131 3 G\u00fcnl\u00fck Ulusal Yas \u0130lan Edildi - The Epoch Times TR","og_description":"Girne-Ta\u015fucu seferini yapan yolcu gemisinin Girne a\u00e7\u0131klar\u0131nda batmas\u0131 ve can kay\u0131plar\u0131 nedeniyle KKTC'de 3 g\u00fcnl\u00fck ulusal yas ilan edildi.","og_url":"https:\/\/epochtimestr.com\/index.php\/kktcde-gemi-faciasi-sonrasi-3-gunluk-ulusal-yas-ilan-edildi","og_site_name":"The Epoch Times TR","article_publisher":"https:\/\/www.facebook.com\/theepochtimestr","article_published_time":"2026-08-31T05:41:38+00:00","article_modified_time":"2026-08-31T05:41:40+00:00","og_image":[{"width":2048,"height":1152,"url":"https:\/\/epochtimestr.com\/wp-content\/uploads\/2011y\/kibris.webp","type":"image\/webp"}],"author":"Haber Merkezi","twitter_card":"summary_large_image","twitter_creator":"@TheEpochTimesTR","twitter_site":"@TheEpochTimesTR","twitter_misc":{"Yazan:":"Haber Merkezi","Tahmini okuma s\u00fcresi":"2 dakika"},"schema":{"@context":"https:\/\/schema.org","@graph":[{"@type":"Article","@id":"https:\/\/epochtimestr.com\/index.php\/kktcde-gemi-faciasi-sonrasi-3-gunluk-ulusal-yas-ilan-edildi#article","isPartOf":{"@id":"https:\/\/epochtimestr.com\/index.php\/kktcde-gemi-faciasi-sonrasi-3-gunluk-ulusal-yas-ilan-edildi"},"author":{"name":"Haber Merkezi","@id":"https:\/\/epochtimestr.com\/#\/schema\/person\/3dc5c3adeb9f43923c5aa85889172fdd"},"headline":"KKTC\u2019de Gemi Facias\u0131 Sonras\u0131 3 G\u00fcnl\u00fck Ulusal Yas \u0130lan Edildi","datePublished":"2026-08-31T05:41:38+00:00","dateModified":"2026-08-31T05:41:40+00:00","mainEntityOfPage":{"@id":"https:\/\/epochtimestr.com\/index.php\/kktcde-gemi-faciasi-sonrasi-3-gunluk-ulusal-yas-ilan-edildi"},"wordCount":194,"commentCount":0,"publisher":{"@id":"https:\/\/epochtimestr.com\/#organization"},"image":{"@id":"https:\/\/epochtimestr.com\/index.php\/kktcde-gemi-faciasi-sonrasi-3-gunluk-ulusal-yas-ilan-edildi#primaryimage"},"thumbnailUrl":"https:\/\/epochtimestr.com\/wp-content\/uploads\/2011y\/kibris.webp","keywords":["alabora","Girne","Katamaran","KKTC","Yas","Yolcu Gemisi"],"articleSection":["G\u00dcNDEM","MAN\u015eET","Ya\u015fam"],"inLanguage":"tr","potentialAction":[{"@type":"CommentAction","name":"Comment","target":["https:\/\/epochtimestr.com\/index.php\/kktcde-gemi-faciasi-sonrasi-3-gunluk-ulusal-yas-ilan-edildi#respond"]}]},{"@type":"WebPage","@id":"https:\/\/epochtimestr.com\/index.php\/kktcde-gemi-faciasi-sonrasi-3-gunluk-ulusal-yas-ilan-edildi","url":"https:\/\/epochtimestr.com\/index.php\/kktcde-gemi-faciasi-sonrasi-3-gunluk-ulusal-yas-ilan-edildi","name":"KKTC\u2019de Gemi Facias\u0131 Sonras\u0131 3 G\u00fcnl\u00fck Ulusal Yas \u0130lan Edildi - The Epoch Times TR","isPartOf":{"@id":"https:\/\/epochtimestr.com\/#website"},"primaryImageOfPage":{"@id":"https:\/\/epochtimestr.com\/index.php\/kktcde-gemi-faciasi-sonrasi-3-gunluk-ulusal-yas-ilan-edildi#primaryimage"},"image":{"@id":"https:\/\/epochtimestr.com\/index.php\/kktcde-gemi-faciasi-sonrasi-3-gunluk-ulusal-yas-ilan-edildi#primaryimage"},"thumbnailUrl":"https:\/\/epochtimestr.com\/wp-content\/uploads\/2011y\/kibris.webp","datePublished":"2026-08-31T05:41:38+00:00","dateModified":"2026-08-31T05:41:40+00:00","description":"Girne-Ta\u015fucu seferini yapan yolcu gemisinin Girne a\u00e7\u0131klar\u0131nda batmas\u0131 ve can kay\u0131plar\u0131 nedeniyle KKTC'de 3 g\u00fcnl\u00fck ulusal yas ilan edildi.","inLanguage":"tr","potentialAction":[{"@type":"ReadAction","target":["https:\/\/epochtimestr.com\/index.php\/kktcde-gemi-faciasi-sonrasi-3-gunluk-ulusal-yas-ilan-edildi"]}]},{"@type":"ImageObject","inLanguage":"tr","@id":"https:\/\/epochtimestr.com\/index.php\/kktcde-gemi-faciasi-sonrasi-3-gunluk-ulusal-yas-ilan-edildi#primaryimage","url":"https:\/\/epochtimestr.com\/wp-content\/uploads\/2011y\/kibris.webp","contentUrl":"https:\/\/epochtimestr.com\/wp-content\/uploads\/2011y\/kibris.webp","width":2048,"height":1152},{"@type":"WebSite","@id":"https:\/\/epochtimestr.com\/#website","url":"https:\/\/epochtimestr.com\/","name":"The Epoch Times TR","description":"De\u011fi\u015fen D\u00fcnyam\u0131za Taze Bir Bak\u0131\u015f","publisher":{"@id":"https:\/\/epochtimestr.com\/#organization"},"potentialAction":[{"@type":"SearchAction","target":{"@type":"EntryPoint","urlTemplate":"https:\/\/epochtimestr.com\/?s={search_term_string}"},"query-input":"required name=search_term_string"}],"inLanguage":"tr"},{"@type":"Organization","@id":"https:\/\/epochtimestr.com\/#organization","name":"The EpochTimes T\u00fcrkiye","url":"https:\/\/epochtimestr.com\/","logo":{"@type":"ImageObject","inLanguage":"tr","@id":"https:\/\/epochtimestr.com\/#\/schema\/logo\/image\/","url":"https:\/\/epochtimestr.com\/wp-content\/uploads\/2011y\/ET-Logo-YG.jpg","contentUrl":"https:\/\/epochtimestr.com\/wp-content\/uploads\/2011y\/ET-Logo-YG.jpg","width":346,"height":29,"caption":"The EpochTimes T\u00fcrkiye"},"image":{"@id":"https:\/\/epochtimestr.com\/#\/schema\/logo\/image\/"},"sameAs":["https:\/\/www.facebook.com\/theepochtimestr","https:\/\/x.com\/TheEpochTimesTR","https:\/\/www.instagram.com\/epochtimestr"]},{"@type":"Person","@id":"https:\/\/epochtimestr.com\/#\/schema\/person\/3dc5c3adeb9f43923c5aa85889172fdd","name":"Haber Merkezi","image":{"@type":"ImageObject","inLanguage":"tr","@id":"https:\/\/epochtimestr.com\/#\/schema\/person\/image\/","url":"https:\/\/secure.gravatar.com\/avatar\/d73f772ba5a74f28601361e17c2f93e6?s=96&d=mm&r=g","contentUrl":"https:\/\/secure.gravatar.com\/avatar\/d73f772ba5a74f28601361e17c2f93e6?s=96&d=mm&r=g","caption":"Haber Merkezi"},"url":"https:\/\/epochtimestr.com\/index.php\/author\/sendag"}]}},"_links":{"self":[{"href":"https:\/\/epochtimestr.com\/index.php\/wp-json\/wp\/v2\/posts\/171228"}],"collection":[{"href":"https:\/\/epochtimestr.com\/index.php\/wp-json\/wp\/v2\/posts"}],"about":[{"href":"https:\/\/epochtimestr.com\/index.php\/wp-json\/wp\/v2\/types\/post"}],"author":[{"embeddable":true,"href":"https:\/\/epochtimestr.com\/index.php\/wp-json\/wp\/v2\/users\/12791"}],"replies":[{"embeddable":true,"href":"https:\/\/epochtimestr.com\/index.php\/wp-json\/wp\/v2\/comments?post=171228"}],"version-history":[{"count":2,"href":"https:\/\/epochtimestr.com\/index.php\/wp-json\/wp\/v2\/posts\/171228\/revisions"}],"predecessor-version":[{"id":171245,"href":"https:\/\/epochtimestr.com\/index.php\/wp-json\/wp\/v2\/posts\/171228\/revisions\/171245"}],"wp:featuredmedia":[{"embeddable":true,"href":"https:\/\/epochtimestr.com\/index.php\/wp-json\/wp\/v2\/media\/171230"}],"wp:attachment":[{"href":"https:\/\/epochtimestr.com\/index.php\/wp-json\/wp\/v2\/media?parent=171228"}],"wp:term":[{"taxonomy":"category","embeddable":true,"href":"https:\/\/epochtimestr.com\/index.php\/wp-json\/wp\/v2\/categories?post=171228"},{"taxonomy":"post_tag","embeddable":true,"href":"https:\/\/epochtimestr.com\/index.php\/wp-json\/wp\/v2\/tags?post=171228"}],"curies":[{"name":"wp","href":"https:\/\/api.w.org\/{rel}","templated":true}]}}