{"id":171233,"date":"2026-08-31T08:59:14","date_gmt":"2026-08-31T05:59:14","guid":{"rendered":"https:\/\/epochtimestr.com\/?p=171233"},"modified":"2026-08-31T08:59:16","modified_gmt":"2026-08-31T05:59:16","slug":"ozgur-karabat-ekonomide-gizli-tehlikeyi-acikladi","status":"publish","type":"post","link":"https:\/\/epochtimestr.com\/index.php\/ozgur-karabat-ekonomide-gizli-tehlikeyi-acikladi","title":{"rendered":"\u00d6zg\u00fcr Karabat Ekonomide Gizli Tehlikeyi A\u00e7\u0131klad\u0131"},"content":{"rendered":"<div class=\"wp-block-image\">\n<figure class=\"aligncenter size-full\"><img loading=\"lazy\" decoding=\"async\" width=\"820\" height=\"461\" src=\"https:\/\/epochtimestr.com\/wp-content\/uploads\/2011y\/karabat.webp\" alt=\"\u00d6zg\u00fcr Karabat ekonomide gizli tehlikeyi a\u00e7\u0131klad\u0131. (Foto\u011fraf: \u00d6.Karabat x hesab\u0131)\" class=\"wp-image-171234\" srcset=\"https:\/\/epochtimestr.com\/wp-content\/uploads\/2011y\/karabat.webp 820w, https:\/\/epochtimestr.com\/wp-content\/uploads\/2011y\/karabat-300x169.webp 300w, https:\/\/epochtimestr.com\/wp-content\/uploads\/2011y\/karabat-150x84.webp 150w, https:\/\/epochtimestr.com\/wp-content\/uploads\/2011y\/karabat-768x432.webp 768w\" sizes=\"(max-width: 820px) 100vw, 820px\" \/><figcaption class=\"wp-element-caption\">\u00d6zg\u00fcr Karabat ekonomide gizli tehlikeyi a\u00e7\u0131klad\u0131. (Foto\u011fraf: \u00d6.Karabat x hesab\u0131)<\/figcaption><\/figure><\/div>\n\n\n<h2 class=\"wp-block-heading\">Yeni Parti \u0130stanbul Milletvekili \u00d6zg\u00fcr Karabat: \u201cBir \u00fclkenin gelece\u011fini sadece t\u00fcketim ve hizmetler \u00fczerine in\u015fa edemezsiniz. T\u00fcrkiye&#8217;nin ihtiyac\u0131 y\u00fcksek katma de\u011ferli \u00fcretimdir.\u201d<\/h2>\n\n\n\n<p>Yeni Parti \u0130stanbul Milletvekili \u00d6zg\u00fcr <a href=\"https:\/\/epochtimestr.com\/index.php\/chpli-ozgur-karabat-iste-akpnin-aciklayamadigi-ahmet-ozer-belgeleri\" target=\"_blank\" rel=\"noreferrer noopener\">Karabat<\/a>, T\u00fcrkiye ekonomisine ili\u015fkin de\u011ferlendirmelerde bulundu. Karabat, T\u00fcrkiye ekonomisinin \u00fcretim ve yat\u0131r\u0131mdan uzakla\u015farak t\u00fcketim, y\u00fcksek faiz, d\u0131\u015f kaynak ve ithalata dayal\u0131 bir yap\u0131ya s\u00fcr\u00fcklendi\u011fini belirtti. Karabat, \u201cBor\u00e7la, s\u0131cak parayla ve y\u00fcksek faizle yarat\u0131lan ekonomik canl\u0131l\u0131k ger\u00e7ek refah de\u011fildir. Bug\u00fcn t\u00fcketilen sahte refah\u0131n faturas\u0131n\u0131 yar\u0131n \u00e7ocuklar\u0131m\u0131z \u00f6deyecek\u201d dedi.<\/p>\n\n\n\n<p>Yeni Partili Karabat, sosyal medya hesab\u0131ndan yapt\u0131\u011f\u0131 a\u00e7\u0131klamada T\u00fcrkiye\u2019nin sanayi, istihdam, d\u0131\u015f ticaret ve teknoloji <a href=\"https:\/\/epochtimestr.com\/index.php\/tuik-mayis-2026-ucretli-calisan-istatistiklerini-yayimladi\" target=\"_blank\" rel=\"noreferrer noopener\">verilerini de\u011ferlendirdi.<\/a> AKP iktidar\u0131n\u0131n uzun y\u0131llard\u0131r t\u00fcketimin besledi\u011fi \u201csahte bir refah hikayesi\u201d anlatt\u0131\u011f\u0131n\u0131 belirten Karabat, ekonomide \u00fcretim yerine bor\u00e7lanman\u0131n ve ithalat\u0131n te\u015fvik edildi\u011fini ifade etti.<\/p>\n\n\n\n<p>Ayr\u0131ca AKP iktidar\u0131n\u0131n T\u00fcrkiye&#8217;ye t\u00fcketimin yaratt\u0131\u011f\u0131 &#8220;sahte bir refah hikayesi&#8221; dayatt\u0131\u011f\u0131n\u0131 ileri s\u00fcrd\u00fc. T\u00fcrkiye\u2019nin \u00fcretim ve yat\u0131r\u0131m yerine bor\u00e7lanmaya, ithalata ve t\u00fcketime y\u00f6nlendirildi\u011fini savunan Karabat, istihdam verilerinin de bu tabloyu ortaya koydu\u011funu belirtti.<\/p>\n\n\n\n<p>Sanayinin istihdamdaki pay\u0131n\u0131n 2025&#8217;te y\u00fczde 20,7\u2019den y\u00fczde 20,2\u2019ye geriledi\u011fini, sanayide \u00e7al\u0131\u015fan say\u0131s\u0131n\u0131n bir y\u0131lda 168 bin ki\u015fi azald\u0131\u011f\u0131n\u0131 ifade eden Karabat, ayn\u0131 d\u00f6nemde hizmet sekt\u00f6r\u00fcnde \u00e7al\u0131\u015fan say\u0131s\u0131n\u0131n 318 bin ki\u015fi artt\u0131\u011f\u0131n\u0131 ve sekt\u00f6r\u00fcn istihdamdaki pay\u0131n\u0131n y\u00fczde 59\u2019a ula\u015ft\u0131\u011f\u0131n\u0131 kaydetti.<br \/>Karabat, 2026 y\u0131l\u0131n\u0131n ilk \u00e7eyre\u011fine ili\u015fkin b\u00fcy\u00fcme verilerine de de\u011finerek, hanehalk\u0131 t\u00fcketiminin y\u00fczde 4,8 artt\u0131\u011f\u0131n\u0131, <a href=\"https:\/\/epochtimestr.com\/index.php\/tuik-sanayi-uretim-endeksi-yillik-bazda-yuzde-14-azaldi\" target=\"_blank\" rel=\"noreferrer noopener\">sanayinin<\/a> ise y\u00fczde 0,8 darald\u0131\u011f\u0131n\u0131 belirtti. Net ihracat\u0131n b\u00fcy\u00fcmeye katk\u0131s\u0131n\u0131n eksi 2,5 puan oldu\u011funu ifade eden Karabat, \u201cT\u00fcketim b\u00fcy\u00fcyor, sanayi k\u00fc\u00e7\u00fcl\u00fcyor. Buna nas\u0131l sa\u011fl\u0131kl\u0131 bir \u00fcretim ekonomisi diyebilirsiniz?\u201d diye sordu.<\/p>\n\n\n\n<h3 class=\"wp-block-heading\">&#8220;T\u00fcrkiye y\u0131l\u0131n ilk 7 ay\u0131nda 60,5 milyar dolar d\u0131\u015f ticaret a\u00e7\u0131\u011f\u0131 verdi&#8221;<\/h3>\n\n\n\n<p>Son d\u0131\u015f ticaret verilerinin de ekonomideki tehlikeyi g\u00f6sterdi\u011fini belirten Karabat, temmuz ay\u0131nda ihracat\u0131n y\u00fczde 2,9, ithalat\u0131n ise y\u00fczde 5,1 artt\u0131\u011f\u0131n\u0131, d\u0131\u015f ticaret a\u00e7\u0131\u011f\u0131n\u0131n y\u00fczde 13,6 b\u00fcy\u00fcd\u00fc\u011f\u00fcn\u00fc ifade etti. T\u00fcrkiye\u2019nin y\u0131l\u0131n ilk 7 ay\u0131nda 60,5 milyar dolar d\u0131\u015f ticaret a\u00e7\u0131\u011f\u0131 verdi\u011fini belirten Karabat, enerji ve alt\u0131n hari\u00e7 tutuldu\u011funda dahi temmuz ay\u0131nda 2,4 milyar dolarl\u0131k a\u00e7\u0131k bulundu\u011funu kaydetti.<\/p>\n\n\n\n<p>Y\u00fcksek teknolojili \u00fcr\u00fcnlerde de T\u00fcrkiye\u2019nin ithalata ba\u011f\u0131ml\u0131 oldu\u011funu savunan Karabat, y\u0131l\u0131n ilk 7 ay\u0131nda y\u00fcksek teknolojili \u00fcr\u00fcnlerin imalat sanayi ihracat\u0131ndaki pay\u0131n\u0131n y\u00fczde 3,7, ithalattaki pay\u0131n\u0131n ise y\u00fczde 12,1 oldu\u011funu belirtti.<\/p>\n\n\n\n<p>Ekonomik d\u00fczenin y\u00fcksek faiz, d\u0131\u015f kaynak, bor\u00e7lanma ve carry trade ile finanse edildi\u011fini \u00f6ne s\u00fcren Karabat, \u00fcretim yat\u0131r\u0131m\u0131 yapan sanayicinin uzun vadeli risklerle kar\u015f\u0131 kar\u015f\u0131ya kald\u0131\u011f\u0131n\u0131, y\u00fcksek faiz ortam\u0131nda ise &#8220;paradan para kazananlar\u0131n&#8221; avantaj sa\u011flad\u0131\u011f\u0131n\u0131 ifade etti.<\/p>\n\n\n\n<p><strong>&#8220;Bir \u00fclkenin gelece\u011fini sadece t\u00fcketim ve hizmetler \u00fczerine in\u015fa edemezsiniz<\/strong>.&#8221;<\/p>\n\n\n\n<p>Hazine ve Maliye Bakan\u0131 Mehmet \u015eim\u015fek\u2019in hizmet sekt\u00f6r\u00fcne ili\u015fkin de\u011ferlendirmelerine de de\u011finen Karabat, hizmetler ve turizmin \u00f6nemine i\u015faret etmekle birlikte, sanayideki gerilemenin g\u00f6z ard\u0131 edilmemesi gerekti\u011fini savundu. Karabat, &#8220;Bir \u00fclkenin gelece\u011fini sadece t\u00fcketim ve hizmetler \u00fczerine in\u015fa edemezsiniz. T\u00fcrkiye\u2019nin ihtiyac\u0131 y\u00fcksek katma de\u011ferli \u00fcretimdir&#8221; ifadelerini kulland\u0131.<\/p>\n\n\n\n<p>Enflasyonla m\u00fccadelenin yaln\u0131zca faiz art\u0131r\u0131m\u0131yla y\u00fcr\u00fct\u00fclemeyece\u011fini belirten Karabat, \u00fcretimin ve verimlili\u011fin art\u0131r\u0131lmas\u0131, tar\u0131m\u0131n desteklenmesi, teknoloji \u00fcretiminin geli\u015ftirilmesi ve ithalata ba\u011f\u0131ml\u0131l\u0131\u011f\u0131n azalt\u0131lmas\u0131 gerekti\u011fini s\u00f6yledi. Karabat, &#8220;Bor\u00e7la, s\u0131cak parayla ve y\u00fcksek faizle yarat\u0131lan ekonomik canl\u0131l\u0131k ger\u00e7ek refah de\u011fildir. T\u00fcrkiye\u2019nin ihtiyac\u0131 yeniden \u00fcretim ekonomisidir&#8221; dedi.<\/p>\n\n\n\n<p>\u00d6zg\u00fcr Karabat, a\u00e7\u0131klamas\u0131nda, &#8220;AKP, bilerek T\u00fcrkiye\u2019yi \u00fcretimden \u00e7\u0131kararak ithalata ba\u011f\u0131ml\u0131 hale getiriyor. Bug\u00fcn t\u00fcketti\u011fimiz sahte refah\u0131n faturas\u0131n\u0131 yar\u0131n \u00e7ocuklar\u0131m\u0131z \u00f6deyecek&#8221; ifadelerini kulland\u0131.<\/p>\n\n\n\n<figure class=\"wp-block-embed is-type-rich is-provider-x wp-block-embed-x\"><div class=\"wp-block-embed__wrapper\">\n<blockquote class=\"twitter-tweet\" data-width=\"550\" data-dnt=\"true\"><p lang=\"tr\" dir=\"ltr\">T\u00dcRK\u0130YE K\u00dcRESEL S\u0130STEME TAV\u0130Z VEREREK NET \u0130THALAT\u00c7I OLUYOR!<br><br>1) AKP, T\u00fcrkiye\u2019ye y\u0131llard\u0131r t\u00fcketimin yaratt\u0131\u011f\u0131 sahte bir refah hikayesi dayat\u0131yor.<br>\u00dcretme, yat\u0131r\u0131m yapma, fabrika kurma!<br>Bunun yerine bor\u00e7lan, ithal et, t\u00fcket!<br>Rakamlar ger\u00e7e\u011fi anlat\u0131yor.<\/p>&mdash; \u00d6zg\u00fcr KARABAT (@OzgurKarabat34) <a href=\"https:\/\/x.com\/OzgurKarabat34\/status\/2093975161594593398?ref_src=twsrc%5Etfw\">August 30, 2026<\/a><\/blockquote><script async src=\"https:\/\/platform.x.com\/widgets.js\" charset=\"utf-8\"><\/script>\n<\/div><\/figure>\n","protected":false},"excerpt":{"rendered":"<p>Yeni Parti \u0130stanbul Milletvekili \u00d6zg\u00fcr Karabat: \u201cBir \u00fclkenin gelece\u011fini sadece t\u00fcketim ve hizmetler \u00fczerine in\u015fa edemezsiniz. T\u00fcrkiye&#8217;nin ihtiyac\u0131 y\u00fcksek katma de\u011ferli \u00fcretimdir.\u201d Yeni Parti \u0130stanbul Milletvekili \u00d6zg\u00fcr Karabat, T\u00fcrkiye ekonomisine ili\u015fkin de\u011ferlendirmelerde bulundu. Karabat, T\u00fcrkiye ekonomisinin \u00fcretim ve yat\u0131r\u0131mdan uzakla\u015farak t\u00fcketim, y\u00fcksek faiz, d\u0131\u015f kaynak ve ithalata dayal\u0131 bir yap\u0131ya s\u00fcr\u00fcklendi\u011fini belirtti. Karabat, \u201cBor\u00e7la, s\u0131cak [&hellip;]<\/p>\n","protected":false},"author":12791,"featured_media":171234,"comment_status":"open","ping_status":"open","sticky":false,"template":"","format":"standard","meta":{"_yoast_wpseo_focuskw":"\u00d6zg\u00fcr Karabat","_yoast_wpseo_title":"","_yoast_wpseo_metadesc":"Karabat: \u201cBir \u00fclkenin gelece\u011fini sadece t\u00fcketim ve hizmetler \u00fczerine in\u015fa edemezsiniz. T\u00fcrkiye'nin ihtiyac\u0131 y\u00fcksek katma de\u011ferli \u00fcretimdir.\u201d","_bbp_topic_count":0,"_bbp_reply_count":0,"_bbp_total_topic_count":0,"_bbp_total_reply_count":0,"_bbp_voice_count":0,"_bbp_anonymous_reply_count":0,"_bbp_topic_count_hidden":0,"_bbp_reply_count_hidden":0,"_bbp_forum_subforum_count":0,"footnotes":"","_yoast_wpseo_focuskw_text_input":""},"categories":[8225,1,8138,37],"tags":[1017,522,12552,11909],"yoast_head":"<!-- This site is optimized with the Yoast SEO plugin v23.0 - https:\/\/yoast.com\/wordpress\/plugins\/seo\/ -->\n<title>\u00d6zg\u00fcr Karabat Ekonomide Gizli Tehlikeyi A\u00e7\u0131klad\u0131 - The Epoch Times TR<\/title>\n<meta name=\"description\" content=\"Karabat: \u201cBir \u00fclkenin gelece\u011fini sadece t\u00fcketim ve hizmetler \u00fczerine in\u015fa edemezsiniz. T\u00fcrkiye&#039;nin ihtiyac\u0131 y\u00fcksek katma de\u011ferli \u00fcretimdir.\u201d\" \/>\n<meta name=\"robots\" content=\"index, follow, max-snippet:-1, max-image-preview:large, max-video-preview:-1\" \/>\n<link rel=\"canonical\" href=\"https:\/\/epochtimestr.com\/index.php\/ozgur-karabat-ekonomide-gizli-tehlikeyi-acikladi\" \/>\n<meta property=\"og:locale\" content=\"tr_TR\" \/>\n<meta property=\"og:type\" content=\"article\" \/>\n<meta property=\"og:title\" content=\"\u00d6zg\u00fcr Karabat Ekonomide Gizli Tehlikeyi A\u00e7\u0131klad\u0131 - The Epoch Times TR\" \/>\n<meta property=\"og:description\" content=\"Karabat: \u201cBir \u00fclkenin gelece\u011fini sadece t\u00fcketim ve hizmetler \u00fczerine in\u015fa edemezsiniz. T\u00fcrkiye&#039;nin ihtiyac\u0131 y\u00fcksek katma de\u011ferli \u00fcretimdir.\u201d\" \/>\n<meta property=\"og:url\" content=\"https:\/\/epochtimestr.com\/index.php\/ozgur-karabat-ekonomide-gizli-tehlikeyi-acikladi\" \/>\n<meta property=\"og:site_name\" content=\"The Epoch Times TR\" \/>\n<meta property=\"article:publisher\" content=\"https:\/\/www.facebook.com\/theepochtimestr\" \/>\n<meta property=\"article:published_time\" content=\"2026-08-31T05:59:14+00:00\" \/>\n<meta property=\"article:modified_time\" content=\"2026-08-31T05:59:16+00:00\" \/>\n<meta property=\"og:image\" content=\"https:\/\/epochtimestr.com\/wp-content\/uploads\/2011y\/karabat.webp\" \/>\n\t<meta property=\"og:image:width\" content=\"820\" \/>\n\t<meta property=\"og:image:height\" content=\"461\" \/>\n\t<meta property=\"og:image:type\" content=\"image\/webp\" \/>\n<meta name=\"author\" content=\"Haber Merkezi\" \/>\n<meta name=\"twitter:card\" content=\"summary_large_image\" \/>\n<meta name=\"twitter:creator\" content=\"@TheEpochTimesTR\" \/>\n<meta name=\"twitter:site\" content=\"@TheEpochTimesTR\" \/>\n<meta name=\"twitter:label1\" content=\"Yazan:\" \/>\n\t<meta name=\"twitter:data1\" content=\"Haber Merkezi\" \/>\n\t<meta name=\"twitter:label2\" content=\"Tahmini okuma s\u00fcresi\" \/>\n\t<meta name=\"twitter:data2\" content=\"4 dakika\" \/>\n<script type=\"application\/ld+json\" class=\"yoast-schema-graph\">{\"@context\":\"https:\/\/schema.org\",\"@graph\":[{\"@type\":\"Article\",\"@id\":\"https:\/\/epochtimestr.com\/index.php\/ozgur-karabat-ekonomide-gizli-tehlikeyi-acikladi#article\",\"isPartOf\":{\"@id\":\"https:\/\/epochtimestr.com\/index.php\/ozgur-karabat-ekonomide-gizli-tehlikeyi-acikladi\"},\"author\":{\"name\":\"Haber Merkezi\",\"@id\":\"https:\/\/epochtimestr.com\/#\/schema\/person\/3dc5c3adeb9f43923c5aa85889172fdd\"},\"headline\":\"\u00d6zg\u00fcr Karabat Ekonomide Gizli Tehlikeyi A\u00e7\u0131klad\u0131\",\"datePublished\":\"2026-08-31T05:59:14+00:00\",\"dateModified\":\"2026-08-31T05:59:16+00:00\",\"mainEntityOfPage\":{\"@id\":\"https:\/\/epochtimestr.com\/index.php\/ozgur-karabat-ekonomide-gizli-tehlikeyi-acikladi\"},\"wordCount\":748,\"commentCount\":0,\"publisher\":{\"@id\":\"https:\/\/epochtimestr.com\/#organization\"},\"image\":{\"@id\":\"https:\/\/epochtimestr.com\/index.php\/ozgur-karabat-ekonomide-gizli-tehlikeyi-acikladi#primaryimage\"},\"thumbnailUrl\":\"https:\/\/epochtimestr.com\/wp-content\/uploads\/2011y\/karabat.webp\",\"keywords\":[\"AKP\",\"ekonomi\",\"\u00d6zg\u00fcr Karabat\",\"YEN\u0130 Parti\"],\"articleSection\":[\"Ekonomi\",\"G\u00dcNDEM\",\"MAN\u015eET\",\"T\u00dcRK\u0130YE\"],\"inLanguage\":\"tr\",\"potentialAction\":[{\"@type\":\"CommentAction\",\"name\":\"Comment\",\"target\":[\"https:\/\/epochtimestr.com\/index.php\/ozgur-karabat-ekonomide-gizli-tehlikeyi-acikladi#respond\"]}]},{\"@type\":\"WebPage\",\"@id\":\"https:\/\/epochtimestr.com\/index.php\/ozgur-karabat-ekonomide-gizli-tehlikeyi-acikladi\",\"url\":\"https:\/\/epochtimestr.com\/index.php\/ozgur-karabat-ekonomide-gizli-tehlikeyi-acikladi\",\"name\":\"\u00d6zg\u00fcr Karabat Ekonomide Gizli Tehlikeyi A\u00e7\u0131klad\u0131 - The Epoch Times TR\",\"isPartOf\":{\"@id\":\"https:\/\/epochtimestr.com\/#website\"},\"primaryImageOfPage\":{\"@id\":\"https:\/\/epochtimestr.com\/index.php\/ozgur-karabat-ekonomide-gizli-tehlikeyi-acikladi#primaryimage\"},\"image\":{\"@id\":\"https:\/\/epochtimestr.com\/index.php\/ozgur-karabat-ekonomide-gizli-tehlikeyi-acikladi#primaryimage\"},\"thumbnailUrl\":\"https:\/\/epochtimestr.com\/wp-content\/uploads\/2011y\/karabat.webp\",\"datePublished\":\"2026-08-31T05:59:14+00:00\",\"dateModified\":\"2026-08-31T05:59:16+00:00\",\"description\":\"Karabat: \u201cBir \u00fclkenin gelece\u011fini sadece t\u00fcketim ve hizmetler \u00fczerine in\u015fa edemezsiniz. T\u00fcrkiye'nin ihtiyac\u0131 y\u00fcksek katma de\u011ferli \u00fcretimdir.\u201d\",\"inLanguage\":\"tr\",\"potentialAction\":[{\"@type\":\"ReadAction\",\"target\":[\"https:\/\/epochtimestr.com\/index.php\/ozgur-karabat-ekonomide-gizli-tehlikeyi-acikladi\"]}]},{\"@type\":\"ImageObject\",\"inLanguage\":\"tr\",\"@id\":\"https:\/\/epochtimestr.com\/index.php\/ozgur-karabat-ekonomide-gizli-tehlikeyi-acikladi#primaryimage\",\"url\":\"https:\/\/epochtimestr.com\/wp-content\/uploads\/2011y\/karabat.webp\",\"contentUrl\":\"https:\/\/epochtimestr.com\/wp-content\/uploads\/2011y\/karabat.webp\",\"width\":820,\"height\":461},{\"@type\":\"WebSite\",\"@id\":\"https:\/\/epochtimestr.com\/#website\",\"url\":\"https:\/\/epochtimestr.com\/\",\"name\":\"The Epoch Times TR\",\"description\":\"De\u011fi\u015fen D\u00fcnyam\u0131za Taze Bir Bak\u0131\u015f\",\"publisher\":{\"@id\":\"https:\/\/epochtimestr.com\/#organization\"},\"potentialAction\":[{\"@type\":\"SearchAction\",\"target\":{\"@type\":\"EntryPoint\",\"urlTemplate\":\"https:\/\/epochtimestr.com\/?s={search_term_string}\"},\"query-input\":\"required name=search_term_string\"}],\"inLanguage\":\"tr\"},{\"@type\":\"Organization\",\"@id\":\"https:\/\/epochtimestr.com\/#organization\",\"name\":\"The EpochTimes T\u00fcrkiye\",\"url\":\"https:\/\/epochtimestr.com\/\",\"logo\":{\"@type\":\"ImageObject\",\"inLanguage\":\"tr\",\"@id\":\"https:\/\/epochtimestr.com\/#\/schema\/logo\/image\/\",\"url\":\"https:\/\/epochtimestr.com\/wp-content\/uploads\/2011y\/ET-Logo-YG.jpg\",\"contentUrl\":\"https:\/\/epochtimestr.com\/wp-content\/uploads\/2011y\/ET-Logo-YG.jpg\",\"width\":346,\"height\":29,\"caption\":\"The EpochTimes T\u00fcrkiye\"},\"image\":{\"@id\":\"https:\/\/epochtimestr.com\/#\/schema\/logo\/image\/\"},\"sameAs\":[\"https:\/\/www.facebook.com\/theepochtimestr\",\"https:\/\/x.com\/TheEpochTimesTR\",\"https:\/\/www.instagram.com\/epochtimestr\"]},{\"@type\":\"Person\",\"@id\":\"https:\/\/epochtimestr.com\/#\/schema\/person\/3dc5c3adeb9f43923c5aa85889172fdd\",\"name\":\"Haber Merkezi\",\"image\":{\"@type\":\"ImageObject\",\"inLanguage\":\"tr\",\"@id\":\"https:\/\/epochtimestr.com\/#\/schema\/person\/image\/\",\"url\":\"https:\/\/secure.gravatar.com\/avatar\/d73f772ba5a74f28601361e17c2f93e6?s=96&d=mm&r=g\",\"contentUrl\":\"https:\/\/secure.gravatar.com\/avatar\/d73f772ba5a74f28601361e17c2f93e6?s=96&d=mm&r=g\",\"caption\":\"Haber Merkezi\"},\"url\":\"https:\/\/epochtimestr.com\/index.php\/author\/sendag\"}]}<\/script>\n<!-- \/ Yoast SEO plugin. -->","yoast_head_json":{"title":"\u00d6zg\u00fcr Karabat Ekonomide Gizli Tehlikeyi A\u00e7\u0131klad\u0131 - The Epoch Times TR","description":"Karabat: \u201cBir \u00fclkenin gelece\u011fini sadece t\u00fcketim ve hizmetler \u00fczerine in\u015fa edemezsiniz. T\u00fcrkiye'nin ihtiyac\u0131 y\u00fcksek katma de\u011ferli \u00fcretimdir.\u201d","robots":{"index":"index","follow":"follow","max-snippet":"max-snippet:-1","max-image-preview":"max-image-preview:large","max-video-preview":"max-video-preview:-1"},"canonical":"https:\/\/epochtimestr.com\/index.php\/ozgur-karabat-ekonomide-gizli-tehlikeyi-acikladi","og_locale":"tr_TR","og_type":"article","og_title":"\u00d6zg\u00fcr Karabat Ekonomide Gizli Tehlikeyi A\u00e7\u0131klad\u0131 - The Epoch Times TR","og_description":"Karabat: \u201cBir \u00fclkenin gelece\u011fini sadece t\u00fcketim ve hizmetler \u00fczerine in\u015fa edemezsiniz. T\u00fcrkiye'nin ihtiyac\u0131 y\u00fcksek katma de\u011ferli \u00fcretimdir.\u201d","og_url":"https:\/\/epochtimestr.com\/index.php\/ozgur-karabat-ekonomide-gizli-tehlikeyi-acikladi","og_site_name":"The Epoch Times TR","article_publisher":"https:\/\/www.facebook.com\/theepochtimestr","article_published_time":"2026-08-31T05:59:14+00:00","article_modified_time":"2026-08-31T05:59:16+00:00","og_image":[{"width":820,"height":461,"url":"https:\/\/epochtimestr.com\/wp-content\/uploads\/2011y\/karabat.webp","type":"image\/webp"}],"author":"Haber Merkezi","twitter_card":"summary_large_image","twitter_creator":"@TheEpochTimesTR","twitter_site":"@TheEpochTimesTR","twitter_misc":{"Yazan:":"Haber Merkezi","Tahmini okuma s\u00fcresi":"4 dakika"},"schema":{"@context":"https:\/\/schema.org","@graph":[{"@type":"Article","@id":"https:\/\/epochtimestr.com\/index.php\/ozgur-karabat-ekonomide-gizli-tehlikeyi-acikladi#article","isPartOf":{"@id":"https:\/\/epochtimestr.com\/index.php\/ozgur-karabat-ekonomide-gizli-tehlikeyi-acikladi"},"author":{"name":"Haber Merkezi","@id":"https:\/\/epochtimestr.com\/#\/schema\/person\/3dc5c3adeb9f43923c5aa85889172fdd"},"headline":"\u00d6zg\u00fcr Karabat Ekonomide Gizli Tehlikeyi A\u00e7\u0131klad\u0131","datePublished":"2026-08-31T05:59:14+00:00","dateModified":"2026-08-31T05:59:16+00:00","mainEntityOfPage":{"@id":"https:\/\/epochtimestr.com\/index.php\/ozgur-karabat-ekonomide-gizli-tehlikeyi-acikladi"},"wordCount":748,"commentCount":0,"publisher":{"@id":"https:\/\/epochtimestr.com\/#organization"},"image":{"@id":"https:\/\/epochtimestr.com\/index.php\/ozgur-karabat-ekonomide-gizli-tehlikeyi-acikladi#primaryimage"},"thumbnailUrl":"https:\/\/epochtimestr.com\/wp-content\/uploads\/2011y\/karabat.webp","keywords":["AKP","ekonomi","\u00d6zg\u00fcr Karabat","YEN\u0130 Parti"],"articleSection":["Ekonomi","G\u00dcNDEM","MAN\u015eET","T\u00dcRK\u0130YE"],"inLanguage":"tr","potentialAction":[{"@type":"CommentAction","name":"Comment","target":["https:\/\/epochtimestr.com\/index.php\/ozgur-karabat-ekonomide-gizli-tehlikeyi-acikladi#respond"]}]},{"@type":"WebPage","@id":"https:\/\/epochtimestr.com\/index.php\/ozgur-karabat-ekonomide-gizli-tehlikeyi-acikladi","url":"https:\/\/epochtimestr.com\/index.php\/ozgur-karabat-ekonomide-gizli-tehlikeyi-acikladi","name":"\u00d6zg\u00fcr Karabat Ekonomide Gizli Tehlikeyi A\u00e7\u0131klad\u0131 - The Epoch Times TR","isPartOf":{"@id":"https:\/\/epochtimestr.com\/#website"},"primaryImageOfPage":{"@id":"https:\/\/epochtimestr.com\/index.php\/ozgur-karabat-ekonomide-gizli-tehlikeyi-acikladi#primaryimage"},"image":{"@id":"https:\/\/epochtimestr.com\/index.php\/ozgur-karabat-ekonomide-gizli-tehlikeyi-acikladi#primaryimage"},"thumbnailUrl":"https:\/\/epochtimestr.com\/wp-content\/uploads\/2011y\/karabat.webp","datePublished":"2026-08-31T05:59:14+00:00","dateModified":"2026-08-31T05:59:16+00:00","description":"Karabat: \u201cBir \u00fclkenin gelece\u011fini sadece t\u00fcketim ve hizmetler \u00fczerine in\u015fa edemezsiniz. T\u00fcrkiye'nin ihtiyac\u0131 y\u00fcksek katma de\u011ferli \u00fcretimdir.\u201d","inLanguage":"tr","potentialAction":[{"@type":"ReadAction","target":["https:\/\/epochtimestr.com\/index.php\/ozgur-karabat-ekonomide-gizli-tehlikeyi-acikladi"]}]},{"@type":"ImageObject","inLanguage":"tr","@id":"https:\/\/epochtimestr.com\/index.php\/ozgur-karabat-ekonomide-gizli-tehlikeyi-acikladi#primaryimage","url":"https:\/\/epochtimestr.com\/wp-content\/uploads\/2011y\/karabat.webp","contentUrl":"https:\/\/epochtimestr.com\/wp-content\/uploads\/2011y\/karabat.webp","width":820,"height":461},{"@type":"WebSite","@id":"https:\/\/epochtimestr.com\/#website","url":"https:\/\/epochtimestr.com\/","name":"The Epoch Times TR","description":"De\u011fi\u015fen D\u00fcnyam\u0131za Taze Bir Bak\u0131\u015f","publisher":{"@id":"https:\/\/epochtimestr.com\/#organization"},"potentialAction":[{"@type":"SearchAction","target":{"@type":"EntryPoint","urlTemplate":"https:\/\/epochtimestr.com\/?s={search_term_string}"},"query-input":"required name=search_term_string"}],"inLanguage":"tr"},{"@type":"Organization","@id":"https:\/\/epochtimestr.com\/#organization","name":"The EpochTimes T\u00fcrkiye","url":"https:\/\/epochtimestr.com\/","logo":{"@type":"ImageObject","inLanguage":"tr","@id":"https:\/\/epochtimestr.com\/#\/schema\/logo\/image\/","url":"https:\/\/epochtimestr.com\/wp-content\/uploads\/2011y\/ET-Logo-YG.jpg","contentUrl":"https:\/\/epochtimestr.com\/wp-content\/uploads\/2011y\/ET-Logo-YG.jpg","width":346,"height":29,"caption":"The EpochTimes T\u00fcrkiye"},"image":{"@id":"https:\/\/epochtimestr.com\/#\/schema\/logo\/image\/"},"sameAs":["https:\/\/www.facebook.com\/theepochtimestr","https:\/\/x.com\/TheEpochTimesTR","https:\/\/www.instagram.com\/epochtimestr"]},{"@type":"Person","@id":"https:\/\/epochtimestr.com\/#\/schema\/person\/3dc5c3adeb9f43923c5aa85889172fdd","name":"Haber Merkezi","image":{"@type":"ImageObject","inLanguage":"tr","@id":"https:\/\/epochtimestr.com\/#\/schema\/person\/image\/","url":"https:\/\/secure.gravatar.com\/avatar\/d73f772ba5a74f28601361e17c2f93e6?s=96&d=mm&r=g","contentUrl":"https:\/\/secure.gravatar.com\/avatar\/d73f772ba5a74f28601361e17c2f93e6?s=96&d=mm&r=g","caption":"Haber Merkezi"},"url":"https:\/\/epochtimestr.com\/index.php\/author\/sendag"}]}},"_links":{"self":[{"href":"https:\/\/epochtimestr.com\/index.php\/wp-json\/wp\/v2\/posts\/171233"}],"collection":[{"href":"https:\/\/epochtimestr.com\/index.php\/wp-json\/wp\/v2\/posts"}],"about":[{"href":"https:\/\/epochtimestr.com\/index.php\/wp-json\/wp\/v2\/types\/post"}],"author":[{"embeddable":true,"href":"https:\/\/epochtimestr.com\/index.php\/wp-json\/wp\/v2\/users\/12791"}],"replies":[{"embeddable":true,"href":"https:\/\/epochtimestr.com\/index.php\/wp-json\/wp\/v2\/comments?post=171233"}],"version-history":[{"count":2,"href":"https:\/\/epochtimestr.com\/index.php\/wp-json\/wp\/v2\/posts\/171233\/revisions"}],"predecessor-version":[{"id":171247,"href":"https:\/\/epochtimestr.com\/index.php\/wp-json\/wp\/v2\/posts\/171233\/revisions\/171247"}],"wp:featuredmedia":[{"embeddable":true,"href":"https:\/\/epochtimestr.com\/index.php\/wp-json\/wp\/v2\/media\/171234"}],"wp:attachment":[{"href":"https:\/\/epochtimestr.com\/index.php\/wp-json\/wp\/v2\/media?parent=171233"}],"wp:term":[{"taxonomy":"category","embeddable":true,"href":"https:\/\/epochtimestr.com\/index.php\/wp-json\/wp\/v2\/categories?post=171233"},{"taxonomy":"post_tag","embeddable":true,"href":"https:\/\/epochtimestr.com\/index.php\/wp-json\/wp\/v2\/tags?post=171233"}],"curies":[{"name":"wp","href":"https:\/\/api.w.org\/{rel}","templated":true}]}}