{"id":171236,"date":"2026-08-31T09:09:27","date_gmt":"2026-08-31T06:09:27","guid":{"rendered":"https:\/\/epochtimestr.com\/?p=171236"},"modified":"2026-08-31T09:09:29","modified_gmt":"2026-08-31T06:09:29","slug":"trump-ontario-golunun-adini-resmen-amerika-golu-yapti","status":"publish","type":"post","link":"https:\/\/epochtimestr.com\/index.php\/trump-ontario-golunun-adini-resmen-amerika-golu-yapti","title":{"rendered":"Trump Ontario G\u00f6l\u00fc&#8217;n\u00fcn Ad\u0131n\u0131 Resmen &#8220;Amerika G\u00f6l\u00fc&#8221; Yapt\u0131"},"content":{"rendered":"<div class=\"wp-block-image\">\n<figure class=\"aligncenter size-full\"><img loading=\"lazy\" decoding=\"async\" width=\"464\" height=\"372\" src=\"https:\/\/epochtimestr.com\/wp-content\/uploads\/2011y\/whitehouse.jpg\" alt=\"Trump'tan radikal ad\u0131m: Ontario G\u00f6l\u00fc'n\u00fcn ad\u0131 resmen &quot;Amerika G\u00f6l\u00fc&quot; oldu . (Foto\u011fraf: White House)\" class=\"wp-image-171239\" srcset=\"https:\/\/epochtimestr.com\/wp-content\/uploads\/2011y\/whitehouse.jpg 464w, https:\/\/epochtimestr.com\/wp-content\/uploads\/2011y\/whitehouse-300x241.jpg 300w, https:\/\/epochtimestr.com\/wp-content\/uploads\/2011y\/whitehouse-150x120.jpg 150w\" sizes=\"(max-width: 464px) 100vw, 464px\" \/><figcaption class=\"wp-element-caption\">Trump&#8217;tan radikal ad\u0131m: Ontario G\u00f6l\u00fc&#8217;n\u00fcn ad\u0131 resmen &#8220;Amerika G\u00f6l\u00fc&#8221; oldu . (Foto\u011fraf: White House)<\/figcaption><\/figure><\/div>\n\n\n<h2 class=\"wp-block-heading\">Trump&#8217;\u0131n eski ad\u0131 &#8220;Ontario G\u00f6l\u00fc&#8221; olan g\u00f6l\u00fcn ad\u0131n\u0131 &#8220;Amerika G\u00f6l\u00fc&#8221; olarak de\u011fi\u015ftirme kararnamesinin ard\u0131ndan Google Haritalar &#8220;Amerika G\u00f6l\u00fc&#8221;n\u00fc g\u00f6stermeye ba\u015flad\u0131.<\/h2>\n\n\n\n<p>ABD Ba\u015fkan\u0131 Donald Trump, Kuzey Amerika&#8217;n\u0131n be\u015f b\u00fcy\u00fck g\u00f6l\u00fcnden biri olan Ontario G\u00f6l\u00fc&#8217;n\u00fcn ad\u0131n\u0131 resmen &#8220;Amerika G\u00f6l\u00fc&#8221; (Lake America) olarak de\u011fi\u015ftiren bir ba\u015fkanl\u0131k kararnamesi imzalad\u0131. Ticaret ve savunma harcamalar\u0131 \u00fczerinden Kanada ile ya\u015fanan gerilimin g\u00f6lgesinde al\u0131nan bu karar, 27 A\u011fustos 2026 Per\u015fembe g\u00fcn\u00fc itibar\u0131yla resmen y\u00fcr\u00fcrl\u00fc\u011fe girdi.<\/p>\n\n\n\n<p>Beyaz Saray taraf\u0131ndan yay\u0131mlanan &#8220;Amerikan B\u00fcy\u00fckl\u00fc\u011f\u00fcn\u00fc Onurland\u0131ran \u0130simleri Geri Kazand\u0131rma&#8221; ba\u015fl\u0131kl\u0131 kararnamede, ABD&#8217;nin B\u00fcy\u00fck G\u00f6ller b\u00f6lgesine yapt\u0131\u011f\u0131 milyarlarca dolarl\u0131k yat\u0131r\u0131mlara dikkat \u00e7ekildi. Kararnamede, g\u00f6l\u00fcn en derin k\u0131s\u0131mlar\u0131n\u0131n ABD karasular\u0131nda yer ald\u0131\u011f\u0131, b\u00f6lgedeki 11 buz k\u0131ran gemiden 9&#8217;unu ABD Sahil G\u00fcvenli\u011fi&#8217;nin sa\u011flad\u0131\u011f\u0131 ve son 10 y\u0131lda ekosistemi korumak i\u00e7in 4 milyar dolar yat\u0131r\u0131m yap\u0131ld\u0131\u011f\u0131 vurguland\u0131. Trump, Kanada&#8217;n\u0131n bu s\u00fcre\u00e7te \u00e7ok daha az katk\u0131 sa\u011flad\u0131\u011f\u0131n\u0131 belirterek g\u00f6l\u00fcn stratejik ve ekonomik \u00f6nemi nedeniyle bu ad\u0131m\u0131 att\u0131\u011f\u0131n\u0131 duyurdu.<\/p>\n\n\n\n<p><strong>&#8220;Kanada bizi kar\u015f\u0131l\u0131ks\u0131z s\u00f6m\u00fcr\u00fcyor&#8221;<\/strong><\/p>\n\n\n\n<p>Karar \u00f6ncesinde sosyal medya platformu TikTok \u00fczerinden bir payla\u015f\u0131m yapan Trump, g\u00f6l\u00fcn haritas\u0131n\u0131 Sharpie marka bir kalemle \u00e7izip \u00fczerine &#8220;AMER\u0130KA G\u00d6L\u00dc&#8221; yazd\u0131 ve bu de\u011fi\u015fim i\u00e7in &#8220;iyi bir kalem ve biraz zeka&#8221; gerekti\u011fini s\u00f6yledi. Kanada y\u00f6netimine sert ele\u015ftiriler y\u00f6nelten Trump, &#8220;Kanada uzun zamand\u0131r ticarette bizi s\u00f6m\u00fcr\u00fcyor. Onlar\u0131 kar\u015f\u0131l\u0131ks\u0131z savunuyoruz ve bize bunun i\u00e7in para \u00f6demiyorlar. Bir devlet gibi muamele g\u00f6rmek istiyorlar ama devlet de\u011filler. Art\u0131k buna g\u00f6z yumamay\u0131z&#8221; ifadelerini kulland\u0131. <\/p>\n\n\n\n<p>Trump, daha \u00f6nce Meksika K\u00f6rfezi\u2019ni &#8220;Amerika K\u00f6rfezi&#8221; yapma fikrini de bu karar\u0131na \u00f6rnek g\u00f6sterdi.<br \/>Kararname do\u011frultusunda ABD \u0130\u00e7i\u015fleri Bakanl\u0131\u011f\u0131 ve Co\u011frafi \u0130simler Kurulu (GNIS), federal h\u00fck\u00fcmet haritalar\u0131ndan, s\u00f6zle\u015fmelerinden ve belgelerinden &#8220;Ontario G\u00f6l\u00fc&#8221; ismini tamamen kald\u0131rmak i\u00e7in 30 g\u00fcnl\u00fck bir \u00e7al\u0131\u015fma ba\u015flatt\u0131.<\/p>\n\n\n<div class=\"wp-block-image\">\n<figure class=\"aligncenter size-full\"><img loading=\"lazy\" decoding=\"async\" width=\"1024\" height=\"791\" src=\"https:\/\/epochtimestr.com\/wp-content\/uploads\/2011y\/Ontario-Basin-Map-1200px-1024x791-1.jpg\" alt=\"\" class=\"wp-image-171240\" srcset=\"https:\/\/epochtimestr.com\/wp-content\/uploads\/2011y\/Ontario-Basin-Map-1200px-1024x791-1.jpg 1024w, https:\/\/epochtimestr.com\/wp-content\/uploads\/2011y\/Ontario-Basin-Map-1200px-1024x791-1-300x232.jpg 300w, https:\/\/epochtimestr.com\/wp-content\/uploads\/2011y\/Ontario-Basin-Map-1200px-1024x791-1-150x116.jpg 150w, https:\/\/epochtimestr.com\/wp-content\/uploads\/2011y\/Ontario-Basin-Map-1200px-1024x791-1-768x593.jpg 768w\" sizes=\"(max-width: 1024px) 100vw, 1024px\" \/><figcaption class=\"wp-element-caption\">                                                                               (Foto\u011fraf: Kanada K\u00fclt\u00fcr Merkezi)<\/figcaption><\/figure><\/div>\n\n\n<h3 class=\"wp-block-heading\">Google Haritalar&#8217;dan &#8220;Kriz&#8221; g\u00fcncellemesi<\/h3>\n\n\n\n<p>Ba\u015fkanl\u0131k kararnamesinin ard\u0131ndan g\u00f6zlerin \u00e7evrildi\u011fi teknoloji devi Google, harita servislerinde h\u0131zl\u0131 bir g\u00fcncellemeye gitti. Co\u011frafi etiketler i\u00e7in resmi devlet kaynaklar\u0131n\u0131 baz alan Google Haritalar, tart\u0131\u015fmal\u0131 su k\u00fctlelerine y\u00f6nelik k\u00fcresel politikas\u0131n\u0131 devreye soktu.<\/p>\n\n\n\n<p>Yap\u0131lan g\u00fcncellemeye g\u00f6re ABD&#8217;deki kullan\u0131c\u0131lar g\u00f6l\u00fc do\u011frudan &#8220;Lake America&#8221; (Amerika G\u00f6l\u00fc) etiketiyle g\u00f6recek. Kanada&#8217;daki kullan\u0131c\u0131lar i\u00e7in haritada eski isim olan &#8220;Ontario G\u00f6l\u00fc&#8221; ifadesi yer almaya devam edecek. ABD ve Kanada d\u0131\u015f\u0131ndaki (k\u00fcresel) kullan\u0131c\u0131lar ise her iki ismi ayn\u0131 anda g\u00f6recek; &#8220;Lake America&#8221; ismi &#8220;Ontario G\u00f6l\u00fc&#8221;n\u00fcn yan\u0131nda k\u00f6\u015feli parantez i\u00e7inde yer alacak.<\/p>\n\n\n\n<p>Bu hamleyle birlikte tamam\u0131 ABD s\u0131n\u0131rlar\u0131 i\u00e7inde kalan Michigan G\u00f6l\u00fc hari\u00e7, Superior, Huron, Erie ve yeni ad\u0131yla Amerika G\u00f6l\u00fc, ABD-Kanada uluslararas\u0131 s\u0131n\u0131r\u0131nda iki farkl\u0131 isimle an\u0131lan yeni bir diplomatik tart\u0131\u015fma oda\u011f\u0131 haline geldi.<\/p>\n\n\n\n<figure class=\"wp-block-embed is-type-rich is-provider-x wp-block-embed-x\"><div class=\"wp-block-embed__wrapper\">\n<blockquote class=\"twitter-tweet\" data-width=\"550\" data-dnt=\"true\"><p lang=\"en\" dir=\"ltr\">EFFECTIVE IMMEDIATELY: Lake Ontario is renamed to LAKE AMERICA! \ud83c\uddfa\ud83c\uddf8 <a href=\"https:\/\/t.co\/ZFww8PexiW\">pic.twitter.com\/ZFww8PexiW<\/a><\/p>&mdash; The White House (@WhiteHouse) <a href=\"https:\/\/x.com\/WhiteHouse\/status\/2093027464545018109?ref_src=twsrc%5Etfw\">August 27, 2026<\/a><\/blockquote><script async src=\"https:\/\/platform.x.com\/widgets.js\" charset=\"utf-8\"><\/script>\n<\/div><\/figure>\n","protected":false},"excerpt":{"rendered":"<p>Trump&#8217;\u0131n eski ad\u0131 &#8220;Ontario G\u00f6l\u00fc&#8221; olan g\u00f6l\u00fcn ad\u0131n\u0131 &#8220;Amerika G\u00f6l\u00fc&#8221; olarak de\u011fi\u015ftirme kararnamesinin ard\u0131ndan Google Haritalar &#8220;Amerika G\u00f6l\u00fc&#8221;n\u00fc g\u00f6stermeye ba\u015flad\u0131. ABD Ba\u015fkan\u0131 Donald Trump, Kuzey Amerika&#8217;n\u0131n be\u015f b\u00fcy\u00fck g\u00f6l\u00fcnden biri olan Ontario G\u00f6l\u00fc&#8217;n\u00fcn ad\u0131n\u0131 resmen &#8220;Amerika G\u00f6l\u00fc&#8221; (Lake America) olarak de\u011fi\u015ftiren bir ba\u015fkanl\u0131k kararnamesi imzalad\u0131. Ticaret ve savunma harcamalar\u0131 \u00fczerinden Kanada ile ya\u015fanan gerilimin g\u00f6lgesinde [&hellip;]<\/p>\n","protected":false},"author":12791,"featured_media":171239,"comment_status":"open","ping_status":"open","sticky":false,"template":"","format":"standard","meta":{"_yoast_wpseo_focuskw":"Amerika G\u00f6l\u00fc","_yoast_wpseo_title":"","_yoast_wpseo_metadesc":"Trump'\u0131n \"Ontario G\u00f6l\u00fc\" ad\u0131n\u0131 \"Amerika G\u00f6l\u00fc\" olarak de\u011fi\u015ftirme kararnamesinin ard\u0131ndan Google Haritalar \"Amerika G\u00f6l\u00fc\"n\u00fc g\u00f6stermeye ba\u015flad\u0131.","_bbp_topic_count":0,"_bbp_reply_count":0,"_bbp_total_topic_count":0,"_bbp_total_reply_count":0,"_bbp_voice_count":0,"_bbp_anonymous_reply_count":0,"_bbp_topic_count_hidden":0,"_bbp_reply_count_hidden":0,"_bbp_forum_subforum_count":0,"footnotes":"","_yoast_wpseo_focuskw_text_input":""},"categories":[5,1,8138],"tags":[407,12554,1265,12553,5764],"yoast_head":"<!-- This site is optimized with the Yoast SEO plugin v23.0 - https:\/\/yoast.com\/wordpress\/plugins\/seo\/ -->\n<title>Trump Ontario G\u00f6l\u00fc&#039;n\u00fcn Ad\u0131n\u0131 Resmen &quot;Amerika G\u00f6l\u00fc&quot; Yapt\u0131 - The Epoch Times TR<\/title>\n<meta name=\"description\" content=\"Trump&#039;\u0131n &quot;Ontario G\u00f6l\u00fc&quot; ad\u0131n\u0131 &quot;Amerika G\u00f6l\u00fc&quot; olarak de\u011fi\u015ftirme kararnamesinin ard\u0131ndan Google Haritalar &quot;Amerika G\u00f6l\u00fc&quot;n\u00fc g\u00f6stermeye ba\u015flad\u0131.\" \/>\n<meta name=\"robots\" content=\"index, follow, max-snippet:-1, max-image-preview:large, max-video-preview:-1\" \/>\n<link rel=\"canonical\" href=\"https:\/\/epochtimestr.com\/index.php\/trump-ontario-golunun-adini-resmen-amerika-golu-yapti\" \/>\n<meta property=\"og:locale\" content=\"tr_TR\" \/>\n<meta property=\"og:type\" content=\"article\" \/>\n<meta property=\"og:title\" content=\"Trump Ontario G\u00f6l\u00fc&#039;n\u00fcn Ad\u0131n\u0131 Resmen &quot;Amerika G\u00f6l\u00fc&quot; Yapt\u0131 - The Epoch Times TR\" \/>\n<meta property=\"og:description\" content=\"Trump&#039;\u0131n &quot;Ontario G\u00f6l\u00fc&quot; ad\u0131n\u0131 &quot;Amerika G\u00f6l\u00fc&quot; olarak de\u011fi\u015ftirme kararnamesinin ard\u0131ndan Google Haritalar &quot;Amerika G\u00f6l\u00fc&quot;n\u00fc g\u00f6stermeye ba\u015flad\u0131.\" \/>\n<meta property=\"og:url\" content=\"https:\/\/epochtimestr.com\/index.php\/trump-ontario-golunun-adini-resmen-amerika-golu-yapti\" \/>\n<meta property=\"og:site_name\" content=\"The Epoch Times TR\" \/>\n<meta property=\"article:publisher\" content=\"https:\/\/www.facebook.com\/theepochtimestr\" \/>\n<meta property=\"article:published_time\" content=\"2026-08-31T06:09:27+00:00\" \/>\n<meta property=\"article:modified_time\" content=\"2026-08-31T06:09:29+00:00\" \/>\n<meta property=\"og:image\" content=\"https:\/\/epochtimestr.com\/wp-content\/uploads\/2011y\/whitehouse.jpg\" \/>\n\t<meta property=\"og:image:width\" content=\"464\" \/>\n\t<meta property=\"og:image:height\" content=\"372\" \/>\n\t<meta property=\"og:image:type\" content=\"image\/jpeg\" \/>\n<meta name=\"author\" content=\"Haber Merkezi\" \/>\n<meta name=\"twitter:card\" content=\"summary_large_image\" \/>\n<meta name=\"twitter:creator\" content=\"@TheEpochTimesTR\" \/>\n<meta name=\"twitter:site\" content=\"@TheEpochTimesTR\" \/>\n<meta name=\"twitter:label1\" content=\"Yazan:\" \/>\n\t<meta name=\"twitter:data1\" content=\"Haber Merkezi\" \/>\n\t<meta name=\"twitter:label2\" content=\"Tahmini okuma s\u00fcresi\" \/>\n\t<meta name=\"twitter:data2\" content=\"3 dakika\" \/>\n<script type=\"application\/ld+json\" class=\"yoast-schema-graph\">{\"@context\":\"https:\/\/schema.org\",\"@graph\":[{\"@type\":\"Article\",\"@id\":\"https:\/\/epochtimestr.com\/index.php\/trump-ontario-golunun-adini-resmen-amerika-golu-yapti#article\",\"isPartOf\":{\"@id\":\"https:\/\/epochtimestr.com\/index.php\/trump-ontario-golunun-adini-resmen-amerika-golu-yapti\"},\"author\":{\"name\":\"Haber Merkezi\",\"@id\":\"https:\/\/epochtimestr.com\/#\/schema\/person\/3dc5c3adeb9f43923c5aa85889172fdd\"},\"headline\":\"Trump Ontario G\u00f6l\u00fc&#8217;n\u00fcn Ad\u0131n\u0131 Resmen &#8220;Amerika G\u00f6l\u00fc&#8221; Yapt\u0131\",\"datePublished\":\"2026-08-31T06:09:27+00:00\",\"dateModified\":\"2026-08-31T06:09:29+00:00\",\"mainEntityOfPage\":{\"@id\":\"https:\/\/epochtimestr.com\/index.php\/trump-ontario-golunun-adini-resmen-amerika-golu-yapti\"},\"wordCount\":598,\"commentCount\":0,\"publisher\":{\"@id\":\"https:\/\/epochtimestr.com\/#organization\"},\"image\":{\"@id\":\"https:\/\/epochtimestr.com\/index.php\/trump-ontario-golunun-adini-resmen-amerika-golu-yapti#primaryimage\"},\"thumbnailUrl\":\"https:\/\/epochtimestr.com\/wp-content\/uploads\/2011y\/whitehouse.jpg\",\"keywords\":[\"ABD\",\"Amerika G\u00f6l\u00fc\",\"Kanada\",\"Ontario G\u00f6l\u00fc\",\"Trump\"],\"articleSection\":[\"D\u00dcNYA\",\"G\u00dcNDEM\",\"MAN\u015eET\"],\"inLanguage\":\"tr\",\"potentialAction\":[{\"@type\":\"CommentAction\",\"name\":\"Comment\",\"target\":[\"https:\/\/epochtimestr.com\/index.php\/trump-ontario-golunun-adini-resmen-amerika-golu-yapti#respond\"]}]},{\"@type\":\"WebPage\",\"@id\":\"https:\/\/epochtimestr.com\/index.php\/trump-ontario-golunun-adini-resmen-amerika-golu-yapti\",\"url\":\"https:\/\/epochtimestr.com\/index.php\/trump-ontario-golunun-adini-resmen-amerika-golu-yapti\",\"name\":\"Trump Ontario G\u00f6l\u00fc'n\u00fcn Ad\u0131n\u0131 Resmen \\\"Amerika G\u00f6l\u00fc\\\" Yapt\u0131 - The Epoch Times TR\",\"isPartOf\":{\"@id\":\"https:\/\/epochtimestr.com\/#website\"},\"primaryImageOfPage\":{\"@id\":\"https:\/\/epochtimestr.com\/index.php\/trump-ontario-golunun-adini-resmen-amerika-golu-yapti#primaryimage\"},\"image\":{\"@id\":\"https:\/\/epochtimestr.com\/index.php\/trump-ontario-golunun-adini-resmen-amerika-golu-yapti#primaryimage\"},\"thumbnailUrl\":\"https:\/\/epochtimestr.com\/wp-content\/uploads\/2011y\/whitehouse.jpg\",\"datePublished\":\"2026-08-31T06:09:27+00:00\",\"dateModified\":\"2026-08-31T06:09:29+00:00\",\"description\":\"Trump'\u0131n \\\"Ontario G\u00f6l\u00fc\\\" ad\u0131n\u0131 \\\"Amerika G\u00f6l\u00fc\\\" olarak de\u011fi\u015ftirme kararnamesinin ard\u0131ndan Google Haritalar \\\"Amerika G\u00f6l\u00fc\\\"n\u00fc g\u00f6stermeye ba\u015flad\u0131.\",\"inLanguage\":\"tr\",\"potentialAction\":[{\"@type\":\"ReadAction\",\"target\":[\"https:\/\/epochtimestr.com\/index.php\/trump-ontario-golunun-adini-resmen-amerika-golu-yapti\"]}]},{\"@type\":\"ImageObject\",\"inLanguage\":\"tr\",\"@id\":\"https:\/\/epochtimestr.com\/index.php\/trump-ontario-golunun-adini-resmen-amerika-golu-yapti#primaryimage\",\"url\":\"https:\/\/epochtimestr.com\/wp-content\/uploads\/2011y\/whitehouse.jpg\",\"contentUrl\":\"https:\/\/epochtimestr.com\/wp-content\/uploads\/2011y\/whitehouse.jpg\",\"width\":464,\"height\":372},{\"@type\":\"WebSite\",\"@id\":\"https:\/\/epochtimestr.com\/#website\",\"url\":\"https:\/\/epochtimestr.com\/\",\"name\":\"The Epoch Times TR\",\"description\":\"De\u011fi\u015fen D\u00fcnyam\u0131za Taze Bir Bak\u0131\u015f\",\"publisher\":{\"@id\":\"https:\/\/epochtimestr.com\/#organization\"},\"potentialAction\":[{\"@type\":\"SearchAction\",\"target\":{\"@type\":\"EntryPoint\",\"urlTemplate\":\"https:\/\/epochtimestr.com\/?s={search_term_string}\"},\"query-input\":\"required name=search_term_string\"}],\"inLanguage\":\"tr\"},{\"@type\":\"Organization\",\"@id\":\"https:\/\/epochtimestr.com\/#organization\",\"name\":\"The EpochTimes T\u00fcrkiye\",\"url\":\"https:\/\/epochtimestr.com\/\",\"logo\":{\"@type\":\"ImageObject\",\"inLanguage\":\"tr\",\"@id\":\"https:\/\/epochtimestr.com\/#\/schema\/logo\/image\/\",\"url\":\"https:\/\/epochtimestr.com\/wp-content\/uploads\/2011y\/ET-Logo-YG.jpg\",\"contentUrl\":\"https:\/\/epochtimestr.com\/wp-content\/uploads\/2011y\/ET-Logo-YG.jpg\",\"width\":346,\"height\":29,\"caption\":\"The EpochTimes T\u00fcrkiye\"},\"image\":{\"@id\":\"https:\/\/epochtimestr.com\/#\/schema\/logo\/image\/\"},\"sameAs\":[\"https:\/\/www.facebook.com\/theepochtimestr\",\"https:\/\/x.com\/TheEpochTimesTR\",\"https:\/\/www.instagram.com\/epochtimestr\"]},{\"@type\":\"Person\",\"@id\":\"https:\/\/epochtimestr.com\/#\/schema\/person\/3dc5c3adeb9f43923c5aa85889172fdd\",\"name\":\"Haber Merkezi\",\"image\":{\"@type\":\"ImageObject\",\"inLanguage\":\"tr\",\"@id\":\"https:\/\/epochtimestr.com\/#\/schema\/person\/image\/\",\"url\":\"https:\/\/secure.gravatar.com\/avatar\/d73f772ba5a74f28601361e17c2f93e6?s=96&d=mm&r=g\",\"contentUrl\":\"https:\/\/secure.gravatar.com\/avatar\/d73f772ba5a74f28601361e17c2f93e6?s=96&d=mm&r=g\",\"caption\":\"Haber Merkezi\"},\"url\":\"https:\/\/epochtimestr.com\/index.php\/author\/sendag\"}]}<\/script>\n<!-- \/ Yoast SEO plugin. -->","yoast_head_json":{"title":"Trump Ontario G\u00f6l\u00fc'n\u00fcn Ad\u0131n\u0131 Resmen \"Amerika G\u00f6l\u00fc\" Yapt\u0131 - The Epoch Times TR","description":"Trump'\u0131n \"Ontario G\u00f6l\u00fc\" ad\u0131n\u0131 \"Amerika G\u00f6l\u00fc\" olarak de\u011fi\u015ftirme kararnamesinin ard\u0131ndan Google Haritalar \"Amerika G\u00f6l\u00fc\"n\u00fc g\u00f6stermeye ba\u015flad\u0131.","robots":{"index":"index","follow":"follow","max-snippet":"max-snippet:-1","max-image-preview":"max-image-preview:large","max-video-preview":"max-video-preview:-1"},"canonical":"https:\/\/epochtimestr.com\/index.php\/trump-ontario-golunun-adini-resmen-amerika-golu-yapti","og_locale":"tr_TR","og_type":"article","og_title":"Trump Ontario G\u00f6l\u00fc'n\u00fcn Ad\u0131n\u0131 Resmen \"Amerika G\u00f6l\u00fc\" Yapt\u0131 - The Epoch Times TR","og_description":"Trump'\u0131n \"Ontario G\u00f6l\u00fc\" ad\u0131n\u0131 \"Amerika G\u00f6l\u00fc\" olarak de\u011fi\u015ftirme kararnamesinin ard\u0131ndan Google Haritalar \"Amerika G\u00f6l\u00fc\"n\u00fc g\u00f6stermeye ba\u015flad\u0131.","og_url":"https:\/\/epochtimestr.com\/index.php\/trump-ontario-golunun-adini-resmen-amerika-golu-yapti","og_site_name":"The Epoch Times TR","article_publisher":"https:\/\/www.facebook.com\/theepochtimestr","article_published_time":"2026-08-31T06:09:27+00:00","article_modified_time":"2026-08-31T06:09:29+00:00","og_image":[{"width":464,"height":372,"url":"https:\/\/epochtimestr.com\/wp-content\/uploads\/2011y\/whitehouse.jpg","type":"image\/jpeg"}],"author":"Haber Merkezi","twitter_card":"summary_large_image","twitter_creator":"@TheEpochTimesTR","twitter_site":"@TheEpochTimesTR","twitter_misc":{"Yazan:":"Haber Merkezi","Tahmini okuma s\u00fcresi":"3 dakika"},"schema":{"@context":"https:\/\/schema.org","@graph":[{"@type":"Article","@id":"https:\/\/epochtimestr.com\/index.php\/trump-ontario-golunun-adini-resmen-amerika-golu-yapti#article","isPartOf":{"@id":"https:\/\/epochtimestr.com\/index.php\/trump-ontario-golunun-adini-resmen-amerika-golu-yapti"},"author":{"name":"Haber Merkezi","@id":"https:\/\/epochtimestr.com\/#\/schema\/person\/3dc5c3adeb9f43923c5aa85889172fdd"},"headline":"Trump Ontario G\u00f6l\u00fc&#8217;n\u00fcn Ad\u0131n\u0131 Resmen &#8220;Amerika G\u00f6l\u00fc&#8221; Yapt\u0131","datePublished":"2026-08-31T06:09:27+00:00","dateModified":"2026-08-31T06:09:29+00:00","mainEntityOfPage":{"@id":"https:\/\/epochtimestr.com\/index.php\/trump-ontario-golunun-adini-resmen-amerika-golu-yapti"},"wordCount":598,"commentCount":0,"publisher":{"@id":"https:\/\/epochtimestr.com\/#organization"},"image":{"@id":"https:\/\/epochtimestr.com\/index.php\/trump-ontario-golunun-adini-resmen-amerika-golu-yapti#primaryimage"},"thumbnailUrl":"https:\/\/epochtimestr.com\/wp-content\/uploads\/2011y\/whitehouse.jpg","keywords":["ABD","Amerika G\u00f6l\u00fc","Kanada","Ontario G\u00f6l\u00fc","Trump"],"articleSection":["D\u00dcNYA","G\u00dcNDEM","MAN\u015eET"],"inLanguage":"tr","potentialAction":[{"@type":"CommentAction","name":"Comment","target":["https:\/\/epochtimestr.com\/index.php\/trump-ontario-golunun-adini-resmen-amerika-golu-yapti#respond"]}]},{"@type":"WebPage","@id":"https:\/\/epochtimestr.com\/index.php\/trump-ontario-golunun-adini-resmen-amerika-golu-yapti","url":"https:\/\/epochtimestr.com\/index.php\/trump-ontario-golunun-adini-resmen-amerika-golu-yapti","name":"Trump Ontario G\u00f6l\u00fc'n\u00fcn Ad\u0131n\u0131 Resmen \"Amerika G\u00f6l\u00fc\" Yapt\u0131 - The Epoch Times TR","isPartOf":{"@id":"https:\/\/epochtimestr.com\/#website"},"primaryImageOfPage":{"@id":"https:\/\/epochtimestr.com\/index.php\/trump-ontario-golunun-adini-resmen-amerika-golu-yapti#primaryimage"},"image":{"@id":"https:\/\/epochtimestr.com\/index.php\/trump-ontario-golunun-adini-resmen-amerika-golu-yapti#primaryimage"},"thumbnailUrl":"https:\/\/epochtimestr.com\/wp-content\/uploads\/2011y\/whitehouse.jpg","datePublished":"2026-08-31T06:09:27+00:00","dateModified":"2026-08-31T06:09:29+00:00","description":"Trump'\u0131n \"Ontario G\u00f6l\u00fc\" ad\u0131n\u0131 \"Amerika G\u00f6l\u00fc\" olarak de\u011fi\u015ftirme kararnamesinin ard\u0131ndan Google Haritalar \"Amerika G\u00f6l\u00fc\"n\u00fc g\u00f6stermeye ba\u015flad\u0131.","inLanguage":"tr","potentialAction":[{"@type":"ReadAction","target":["https:\/\/epochtimestr.com\/index.php\/trump-ontario-golunun-adini-resmen-amerika-golu-yapti"]}]},{"@type":"ImageObject","inLanguage":"tr","@id":"https:\/\/epochtimestr.com\/index.php\/trump-ontario-golunun-adini-resmen-amerika-golu-yapti#primaryimage","url":"https:\/\/epochtimestr.com\/wp-content\/uploads\/2011y\/whitehouse.jpg","contentUrl":"https:\/\/epochtimestr.com\/wp-content\/uploads\/2011y\/whitehouse.jpg","width":464,"height":372},{"@type":"WebSite","@id":"https:\/\/epochtimestr.com\/#website","url":"https:\/\/epochtimestr.com\/","name":"The Epoch Times TR","description":"De\u011fi\u015fen D\u00fcnyam\u0131za Taze Bir Bak\u0131\u015f","publisher":{"@id":"https:\/\/epochtimestr.com\/#organization"},"potentialAction":[{"@type":"SearchAction","target":{"@type":"EntryPoint","urlTemplate":"https:\/\/epochtimestr.com\/?s={search_term_string}"},"query-input":"required name=search_term_string"}],"inLanguage":"tr"},{"@type":"Organization","@id":"https:\/\/epochtimestr.com\/#organization","name":"The EpochTimes T\u00fcrkiye","url":"https:\/\/epochtimestr.com\/","logo":{"@type":"ImageObject","inLanguage":"tr","@id":"https:\/\/epochtimestr.com\/#\/schema\/logo\/image\/","url":"https:\/\/epochtimestr.com\/wp-content\/uploads\/2011y\/ET-Logo-YG.jpg","contentUrl":"https:\/\/epochtimestr.com\/wp-content\/uploads\/2011y\/ET-Logo-YG.jpg","width":346,"height":29,"caption":"The EpochTimes T\u00fcrkiye"},"image":{"@id":"https:\/\/epochtimestr.com\/#\/schema\/logo\/image\/"},"sameAs":["https:\/\/www.facebook.com\/theepochtimestr","https:\/\/x.com\/TheEpochTimesTR","https:\/\/www.instagram.com\/epochtimestr"]},{"@type":"Person","@id":"https:\/\/epochtimestr.com\/#\/schema\/person\/3dc5c3adeb9f43923c5aa85889172fdd","name":"Haber Merkezi","image":{"@type":"ImageObject","inLanguage":"tr","@id":"https:\/\/epochtimestr.com\/#\/schema\/person\/image\/","url":"https:\/\/secure.gravatar.com\/avatar\/d73f772ba5a74f28601361e17c2f93e6?s=96&d=mm&r=g","contentUrl":"https:\/\/secure.gravatar.com\/avatar\/d73f772ba5a74f28601361e17c2f93e6?s=96&d=mm&r=g","caption":"Haber Merkezi"},"url":"https:\/\/epochtimestr.com\/index.php\/author\/sendag"}]}},"_links":{"self":[{"href":"https:\/\/epochtimestr.com\/index.php\/wp-json\/wp\/v2\/posts\/171236"}],"collection":[{"href":"https:\/\/epochtimestr.com\/index.php\/wp-json\/wp\/v2\/posts"}],"about":[{"href":"https:\/\/epochtimestr.com\/index.php\/wp-json\/wp\/v2\/types\/post"}],"author":[{"embeddable":true,"href":"https:\/\/epochtimestr.com\/index.php\/wp-json\/wp\/v2\/users\/12791"}],"replies":[{"embeddable":true,"href":"https:\/\/epochtimestr.com\/index.php\/wp-json\/wp\/v2\/comments?post=171236"}],"version-history":[{"count":2,"href":"https:\/\/epochtimestr.com\/index.php\/wp-json\/wp\/v2\/posts\/171236\/revisions"}],"predecessor-version":[{"id":171249,"href":"https:\/\/epochtimestr.com\/index.php\/wp-json\/wp\/v2\/posts\/171236\/revisions\/171249"}],"wp:featuredmedia":[{"embeddable":true,"href":"https:\/\/epochtimestr.com\/index.php\/wp-json\/wp\/v2\/media\/171239"}],"wp:attachment":[{"href":"https:\/\/epochtimestr.com\/index.php\/wp-json\/wp\/v2\/media?parent=171236"}],"wp:term":[{"taxonomy":"category","embeddable":true,"href":"https:\/\/epochtimestr.com\/index.php\/wp-json\/wp\/v2\/categories?post=171236"},{"taxonomy":"post_tag","embeddable":true,"href":"https:\/\/epochtimestr.com\/index.php\/wp-json\/wp\/v2\/tags?post=171236"}],"curies":[{"name":"wp","href":"https:\/\/api.w.org\/{rel}","templated":true}]}}