{"id":171250,"date":"2026-08-31T16:23:23","date_gmt":"2026-08-31T13:23:23","guid":{"rendered":"https:\/\/epochtimestr.com\/?p=171250"},"modified":"2026-08-31T16:23:26","modified_gmt":"2026-08-31T13:23:26","slug":"abd-gucleri-iran-roketatarlarini-vurdu","status":"publish","type":"post","link":"https:\/\/epochtimestr.com\/index.php\/abd-gucleri-iran-roketatarlarini-vurdu","title":{"rendered":"ABD G\u00fc\u00e7leri \u0130ran Roketatarlar\u0131n\u0131 Vurdu"},"content":{"rendered":"<div class=\"wp-block-image\">\n<figure class=\"aligncenter size-full\"><img loading=\"lazy\" decoding=\"async\" width=\"1200\" height=\"724\" src=\"https:\/\/epochtimestr.com\/wp-content\/uploads\/2011y\/1000054388.webp\" alt=\"ABD g\u00fc\u00e7leri, H\u00fcrm\u00fcz Bo\u011faz\u0131'nda deniz may\u0131nlar\u0131 ta\u015f\u0131yan iki \u0130ran roketatar\u0131n\u0131 vurdu. 16 Temmuz 2026'da Umman'\u0131n Musandam b\u00f6lgesinden g\u00f6r\u00fclen H\u00fcrm\u00fcz Bo\u011faz\u0131'ndaki bir gemi. (Foto\u011fraf: Stringer\/Reuters)\" class=\"wp-image-171251\" srcset=\"https:\/\/epochtimestr.com\/wp-content\/uploads\/2011y\/1000054388.webp 1200w, https:\/\/epochtimestr.com\/wp-content\/uploads\/2011y\/1000054388-300x181.webp 300w, https:\/\/epochtimestr.com\/wp-content\/uploads\/2011y\/1000054388-150x91.webp 150w, https:\/\/epochtimestr.com\/wp-content\/uploads\/2011y\/1000054388-768x463.webp 768w\" sizes=\"(max-width: 1200px) 100vw, 1200px\" \/><figcaption class=\"wp-element-caption\">ABD g\u00fc\u00e7leri, H\u00fcrm\u00fcz Bo\u011faz\u0131&#8217;nda deniz may\u0131nlar\u0131 ta\u015f\u0131yan iki \u0130ran roketatar\u0131n\u0131 vurdu. 16 Temmuz 2026&#8217;da Umman&#8217;\u0131n Musandam b\u00f6lgesinde H\u00fcrm\u00fcz Bo\u011faz\u0131&#8217;ndaki bir gemi. (Foto\u011fraf: Stringer, Reuters, The Epoch Times arac\u0131l\u0131\u011f\u0131yla)<\/figcaption><\/figure><\/div>\n\n\n<p>ABD Merkez Komutanl\u0131\u011f\u0131 (CENTCOM), 30 A\u011fustos&#8217;ta H\u00fcrm\u00fcz Bo\u011faz\u0131&#8217;ndaki Larak Adas\u0131&#8217;nda vurulan iki \u0130ran roketatar\u0131n\u0131n deniz may\u0131nlar\u0131yla y\u00fckl\u00fc oldu\u011funu a\u00e7\u0131klad\u0131. <a href=\"https:\/\/www.theepochtimes.com\/world\/us-forces-strike-2-iranian-rocket-launchers-on-island-in-strait-of-hormuz-6081285\" target=\"_blank\" rel=\"noreferrer noopener\">CENTCOM<\/a> s\u00f6zc\u00fcs\u00fc Tim Hawkins, \u0130ran Devrim Muhaf\u0131zlar\u0131&#8217;n\u0131n roketatarlar\u0131 kullanmaya haz\u0131rland\u0131\u011f\u0131n\u0131 belirtti. Ayr\u0131ca roketlerin deniz may\u0131nlar\u0131n\u0131 H\u00fcrm\u00fcz Bo\u011faz\u0131&#8217;na b\u0131rakmak i\u00e7in haz\u0131r oldu\u011funu s\u00f6zlerine ekledi.<\/p>\n\n\n\n<p>Sald\u0131r\u0131, ABD g\u00fc\u00e7lerinin yakla\u015f\u0131k bir ayl\u0131k aradan sonra ger\u00e7ekle\u015ftirdi\u011fi ilk askeri operasyon oldu. Bununla birlikte CENTCOM, ge\u00e7en hafta uluslararas\u0131 deniz yollar\u0131ndaki may\u0131n temizleme \u00e7al\u0131\u015fmalar\u0131n\u0131 tamamlam\u0131\u015ft\u0131. ABD g\u00fc\u00e7leri, operasyonun H\u00fcrm\u00fcz Bo\u011faz\u0131&#8217;ndaki ticari ge\u00e7i\u015fleri korumay\u0131 ama\u00e7lad\u0131\u011f\u0131n\u0131 ve b\u00f6lgedeki geli\u015fmeleri yak\u0131ndan izlemeyi s\u00fcrd\u00fcrece\u011fini a\u00e7\u0131klad\u0131.<\/p>\n\n\n\n<p>\u0130ran Devrim Muhaf\u0131zlar\u0131 sald\u0131r\u0131ya tepki g\u00f6stererek kar\u015f\u0131l\u0131k verilece\u011fini a\u00e7\u0131klad\u0131. Devlet medyas\u0131, sald\u0131r\u0131da baz\u0131 askerlerin ve sivillerin \u00f6ld\u00fc\u011f\u00fcn\u00fc, ayr\u0131ca yaral\u0131lar\u0131n da oldu\u011funu bildirdi. <\/p>\n\n\n\n<p>\u0130ran devlet televizyonu, sald\u0131r\u0131n\u0131n ard\u0131ndan Devrim Muhaf\u0131zlar\u0131&#8217;n\u0131n misilleme d\u00fczenledi\u011fini duyurdu. Habere g\u00f6re, \u00dcrd\u00fcn&#8217;deki iki ABD \u00fcss\u00fc: Kral H\u00fcseyin ve El Azrak \u00fcsleri hedef oldu. \u00d6te yandan \u00dcrd\u00fcn ordusu, \u00fclke hava sahas\u0131na giren sekiz f\u00fczeyi engelledi\u011fini duyurdu.<\/p>\n\n\n\n<p>Birle\u015fik Krall\u0131k Deniz Ticaret Operasyonlar\u0131n\u0131n, 29 A\u011fustos&#8217;ta yay\u0131mlad\u0131\u011f\u0131 rapora g\u00f6re sald\u0131r\u0131lardan \u00f6nce b\u00f6lgede bir tanker olay\u0131 ger\u00e7ekle\u015fti. Tanker, Umman&#8217;\u0131n Khasab b\u00f6lgesi yak\u0131nlar\u0131nda H\u00fcrm\u00fcz Bo\u011faz\u0131&#8217;na giri\u015f y\u00f6n\u00fcnde, bilinmeyen bir cisimle vuruldu. <\/p>\n\n\n\n<p><a href=\"https:\/\/epochtimestr.com\/index.php\/abd-iran-ablukasini-surdurecegini-acikladi\" target=\"_blank\" rel=\"noreferrer noopener\">ABD&#8217;nin \u0130ran limanlar\u0131na<\/a> y\u00f6nelik deniz ablukas\u0131 da hafta sonu boyunca s\u00fcrd\u00fc. CENTCOM, 30 A\u011fustos itibar\u0131yla 83 ticari gemiyi y\u00f6nlendirdi. ABD g\u00fc\u00e7leri ayr\u0131ca \u00fc\u00e7 gemiyi devre d\u0131\u015f\u0131 b\u0131rakt\u0131\u011f\u0131n\u0131, iki gemiye \u00e7\u0131karak denetim yapt\u0131\u011f\u0131n\u0131 bildirdi.<\/p>\n\n\n\n<p>H\u00fcrm\u00fcz Bo\u011faz\u0131, k\u00fcresel petrol ticaretinin \u00f6nemli ge\u00e7i\u015f noktalar\u0131ndan biri. Sava\u015f \u00f6ncesinde d\u00fcnya petrol ticaretinin yakla\u015f\u0131k be\u015fte biri buradan ge\u00e7iyordu. Ancak sava\u015f\u0131n ba\u015flamas\u0131yla bo\u011fazdaki deniz trafi\u011fi \u00f6nemli \u00f6l\u00e7\u00fcde yava\u015flad\u0131. Bunun sonucu olarak ABD&#8217;de ortalama benzin fiyat\u0131, 30 A\u011fustos&#8217;ta galon ba\u015f\u0131na 4,07 dolara \u00e7\u0131kt\u0131. ABD Enerji Bilgi \u0130daresi, fiyatlar\u0131n 2027&#8217;de gerilemesini bekliyor.<\/p>\n","protected":false},"excerpt":{"rendered":"<p>ABD Merkez Komutanl\u0131\u011f\u0131 (CENTCOM), 30 A\u011fustos&#8217;ta H\u00fcrm\u00fcz Bo\u011faz\u0131&#8217;ndaki Larak Adas\u0131&#8217;nda vurulan iki \u0130ran roketatar\u0131n\u0131n deniz may\u0131nlar\u0131yla y\u00fckl\u00fc oldu\u011funu a\u00e7\u0131klad\u0131. CENTCOM s\u00f6zc\u00fcs\u00fc Tim Hawkins, \u0130ran Devrim Muhaf\u0131zlar\u0131&#8217;n\u0131n roketatarlar\u0131 kullanmaya haz\u0131rland\u0131\u011f\u0131n\u0131 belirtti. Ayr\u0131ca roketlerin deniz may\u0131nlar\u0131n\u0131 H\u00fcrm\u00fcz Bo\u011faz\u0131&#8217;na b\u0131rakmak i\u00e7in haz\u0131r oldu\u011funu s\u00f6zlerine ekledi. Sald\u0131r\u0131, ABD g\u00fc\u00e7lerinin yakla\u015f\u0131k bir ayl\u0131k aradan sonra ger\u00e7ekle\u015ftirdi\u011fi ilk askeri operasyon oldu. [&hellip;]<\/p>\n","protected":false},"author":13996,"featured_media":171251,"comment_status":"open","ping_status":"open","sticky":false,"template":"","format":"standard","meta":{"_yoast_wpseo_focuskw":"ABD g\u00fc\u00e7leri","_yoast_wpseo_title":"","_yoast_wpseo_metadesc":"ABD g\u00fc\u00e7leri, H\u00fcrm\u00fcz Bo\u011faz\u0131'nda deniz may\u0131nlar\u0131 ta\u015f\u0131yan iki \u0130ran roketatar\u0131n\u0131 vurdu. \u0130ran da \u00dcrd\u00fcn'deki ABD \u00fcslerine f\u00fcze sald\u0131r\u0131s\u0131 d\u00fczenledi.","_bbp_topic_count":0,"_bbp_reply_count":0,"_bbp_total_topic_count":0,"_bbp_total_reply_count":0,"_bbp_voice_count":0,"_bbp_anonymous_reply_count":0,"_bbp_topic_count_hidden":0,"_bbp_reply_count_hidden":0,"_bbp_forum_subforum_count":0,"footnotes":"","_yoast_wpseo_focuskw_text_input":""},"categories":[5,1,8138],"tags":[10725,10098,7925,11099,12192,10522,6520],"yoast_head":"<!-- This site is optimized with the Yoast SEO plugin v23.0 - https:\/\/yoast.com\/wordpress\/plugins\/seo\/ -->\n<title>ABD G\u00fc\u00e7leri \u0130ran Roketatarlar\u0131n\u0131 Vurdu - The Epoch Times TR<\/title>\n<meta name=\"description\" content=\"ABD g\u00fc\u00e7leri, H\u00fcrm\u00fcz Bo\u011faz\u0131&#039;nda deniz may\u0131nlar\u0131 ta\u015f\u0131yan iki \u0130ran roketatar\u0131n\u0131 vurdu. \u0130ran da \u00dcrd\u00fcn&#039;deki ABD \u00fcslerine f\u00fcze sald\u0131r\u0131s\u0131 d\u00fczenledi.\" \/>\n<meta name=\"robots\" content=\"index, follow, max-snippet:-1, max-image-preview:large, max-video-preview:-1\" \/>\n<link rel=\"canonical\" href=\"https:\/\/epochtimestr.com\/index.php\/abd-gucleri-iran-roketatarlarini-vurdu\" \/>\n<meta property=\"og:locale\" content=\"tr_TR\" \/>\n<meta property=\"og:type\" content=\"article\" \/>\n<meta property=\"og:title\" content=\"ABD G\u00fc\u00e7leri \u0130ran Roketatarlar\u0131n\u0131 Vurdu - The Epoch Times TR\" \/>\n<meta property=\"og:description\" content=\"ABD g\u00fc\u00e7leri, H\u00fcrm\u00fcz Bo\u011faz\u0131&#039;nda deniz may\u0131nlar\u0131 ta\u015f\u0131yan iki \u0130ran roketatar\u0131n\u0131 vurdu. \u0130ran da \u00dcrd\u00fcn&#039;deki ABD \u00fcslerine f\u00fcze sald\u0131r\u0131s\u0131 d\u00fczenledi.\" \/>\n<meta property=\"og:url\" content=\"https:\/\/epochtimestr.com\/index.php\/abd-gucleri-iran-roketatarlarini-vurdu\" \/>\n<meta property=\"og:site_name\" content=\"The Epoch Times TR\" \/>\n<meta property=\"article:publisher\" content=\"https:\/\/www.facebook.com\/theepochtimestr\" \/>\n<meta property=\"article:published_time\" content=\"2026-08-31T13:23:23+00:00\" \/>\n<meta property=\"article:modified_time\" content=\"2026-08-31T13:23:26+00:00\" \/>\n<meta property=\"og:image\" content=\"https:\/\/epochtimestr.com\/wp-content\/uploads\/2011y\/1000054388.webp\" \/>\n\t<meta property=\"og:image:width\" content=\"1200\" \/>\n\t<meta property=\"og:image:height\" content=\"724\" \/>\n\t<meta property=\"og:image:type\" content=\"image\/webp\" \/>\n<meta name=\"author\" content=\"Leo Bajelan\" \/>\n<meta name=\"twitter:card\" content=\"summary_large_image\" \/>\n<meta name=\"twitter:creator\" content=\"@TheEpochTimesTR\" \/>\n<meta name=\"twitter:site\" content=\"@TheEpochTimesTR\" \/>\n<meta name=\"twitter:label1\" content=\"Yazan:\" \/>\n\t<meta name=\"twitter:data1\" content=\"Leo Bajelan\" \/>\n\t<meta name=\"twitter:label2\" content=\"Tahmini okuma s\u00fcresi\" \/>\n\t<meta name=\"twitter:data2\" content=\"3 dakika\" \/>\n<script type=\"application\/ld+json\" class=\"yoast-schema-graph\">{\"@context\":\"https:\/\/schema.org\",\"@graph\":[{\"@type\":\"Article\",\"@id\":\"https:\/\/epochtimestr.com\/index.php\/abd-gucleri-iran-roketatarlarini-vurdu#article\",\"isPartOf\":{\"@id\":\"https:\/\/epochtimestr.com\/index.php\/abd-gucleri-iran-roketatarlarini-vurdu\"},\"author\":{\"name\":\"Leo Bajelan\",\"@id\":\"https:\/\/epochtimestr.com\/#\/schema\/person\/5fef218711d76d8f232b0e1f1d7e4c0d\"},\"headline\":\"ABD G\u00fc\u00e7leri \u0130ran Roketatarlar\u0131n\u0131 Vurdu\",\"datePublished\":\"2026-08-31T13:23:23+00:00\",\"dateModified\":\"2026-08-31T13:23:26+00:00\",\"mainEntityOfPage\":{\"@id\":\"https:\/\/epochtimestr.com\/index.php\/abd-gucleri-iran-roketatarlarini-vurdu\"},\"wordCount\":443,\"commentCount\":0,\"publisher\":{\"@id\":\"https:\/\/epochtimestr.com\/#organization\"},\"image\":{\"@id\":\"https:\/\/epochtimestr.com\/index.php\/abd-gucleri-iran-roketatarlarini-vurdu#primaryimage\"},\"thumbnailUrl\":\"https:\/\/epochtimestr.com\/wp-content\/uploads\/2011y\/1000054388.webp\",\"keywords\":[\"ABD g\u00fc\u00e7leri\",\"ABD yapt\u0131r\u0131mlar\u0131\",\"ABD-\u00c7in\",\"deniz ticareti\",\"ekonomik bask\u0131\",\"H\u00fcrm\u00fcz bo\u011faz\u0131\",\"\u0130ran Devrim Muhaf\u0131zlar\u0131\"],\"articleSection\":[\"D\u00dcNYA\",\"G\u00dcNDEM\",\"MAN\u015eET\"],\"inLanguage\":\"tr\",\"potentialAction\":[{\"@type\":\"CommentAction\",\"name\":\"Comment\",\"target\":[\"https:\/\/epochtimestr.com\/index.php\/abd-gucleri-iran-roketatarlarini-vurdu#respond\"]}]},{\"@type\":\"WebPage\",\"@id\":\"https:\/\/epochtimestr.com\/index.php\/abd-gucleri-iran-roketatarlarini-vurdu\",\"url\":\"https:\/\/epochtimestr.com\/index.php\/abd-gucleri-iran-roketatarlarini-vurdu\",\"name\":\"ABD G\u00fc\u00e7leri \u0130ran Roketatarlar\u0131n\u0131 Vurdu - The Epoch Times TR\",\"isPartOf\":{\"@id\":\"https:\/\/epochtimestr.com\/#website\"},\"primaryImageOfPage\":{\"@id\":\"https:\/\/epochtimestr.com\/index.php\/abd-gucleri-iran-roketatarlarini-vurdu#primaryimage\"},\"image\":{\"@id\":\"https:\/\/epochtimestr.com\/index.php\/abd-gucleri-iran-roketatarlarini-vurdu#primaryimage\"},\"thumbnailUrl\":\"https:\/\/epochtimestr.com\/wp-content\/uploads\/2011y\/1000054388.webp\",\"datePublished\":\"2026-08-31T13:23:23+00:00\",\"dateModified\":\"2026-08-31T13:23:26+00:00\",\"description\":\"ABD g\u00fc\u00e7leri, H\u00fcrm\u00fcz Bo\u011faz\u0131'nda deniz may\u0131nlar\u0131 ta\u015f\u0131yan iki \u0130ran roketatar\u0131n\u0131 vurdu. \u0130ran da \u00dcrd\u00fcn'deki ABD \u00fcslerine f\u00fcze sald\u0131r\u0131s\u0131 d\u00fczenledi.\",\"inLanguage\":\"tr\",\"potentialAction\":[{\"@type\":\"ReadAction\",\"target\":[\"https:\/\/epochtimestr.com\/index.php\/abd-gucleri-iran-roketatarlarini-vurdu\"]}]},{\"@type\":\"ImageObject\",\"inLanguage\":\"tr\",\"@id\":\"https:\/\/epochtimestr.com\/index.php\/abd-gucleri-iran-roketatarlarini-vurdu#primaryimage\",\"url\":\"https:\/\/epochtimestr.com\/wp-content\/uploads\/2011y\/1000054388.webp\",\"contentUrl\":\"https:\/\/epochtimestr.com\/wp-content\/uploads\/2011y\/1000054388.webp\",\"width\":1200,\"height\":724},{\"@type\":\"WebSite\",\"@id\":\"https:\/\/epochtimestr.com\/#website\",\"url\":\"https:\/\/epochtimestr.com\/\",\"name\":\"The Epoch Times TR\",\"description\":\"De\u011fi\u015fen D\u00fcnyam\u0131za Taze Bir Bak\u0131\u015f\",\"publisher\":{\"@id\":\"https:\/\/epochtimestr.com\/#organization\"},\"potentialAction\":[{\"@type\":\"SearchAction\",\"target\":{\"@type\":\"EntryPoint\",\"urlTemplate\":\"https:\/\/epochtimestr.com\/?s={search_term_string}\"},\"query-input\":\"required name=search_term_string\"}],\"inLanguage\":\"tr\"},{\"@type\":\"Organization\",\"@id\":\"https:\/\/epochtimestr.com\/#organization\",\"name\":\"The EpochTimes T\u00fcrkiye\",\"url\":\"https:\/\/epochtimestr.com\/\",\"logo\":{\"@type\":\"ImageObject\",\"inLanguage\":\"tr\",\"@id\":\"https:\/\/epochtimestr.com\/#\/schema\/logo\/image\/\",\"url\":\"https:\/\/epochtimestr.com\/wp-content\/uploads\/2011y\/ET-Logo-YG.jpg\",\"contentUrl\":\"https:\/\/epochtimestr.com\/wp-content\/uploads\/2011y\/ET-Logo-YG.jpg\",\"width\":346,\"height\":29,\"caption\":\"The EpochTimes T\u00fcrkiye\"},\"image\":{\"@id\":\"https:\/\/epochtimestr.com\/#\/schema\/logo\/image\/\"},\"sameAs\":[\"https:\/\/www.facebook.com\/theepochtimestr\",\"https:\/\/x.com\/TheEpochTimesTR\",\"https:\/\/www.instagram.com\/epochtimestr\"]},{\"@type\":\"Person\",\"@id\":\"https:\/\/epochtimestr.com\/#\/schema\/person\/5fef218711d76d8f232b0e1f1d7e4c0d\",\"name\":\"Leo Bajelan\",\"image\":{\"@type\":\"ImageObject\",\"inLanguage\":\"tr\",\"@id\":\"https:\/\/epochtimestr.com\/#\/schema\/person\/image\/\",\"url\":\"https:\/\/secure.gravatar.com\/avatar\/917669146f489549e548a2e9af272df5?s=96&d=mm&r=g\",\"contentUrl\":\"https:\/\/secure.gravatar.com\/avatar\/917669146f489549e548a2e9af272df5?s=96&d=mm&r=g\",\"caption\":\"Leo Bajelan\"},\"url\":\"https:\/\/epochtimestr.com\/index.php\/author\/leo\"}]}<\/script>\n<!-- \/ Yoast SEO plugin. -->","yoast_head_json":{"title":"ABD G\u00fc\u00e7leri \u0130ran Roketatarlar\u0131n\u0131 Vurdu - The Epoch Times TR","description":"ABD g\u00fc\u00e7leri, H\u00fcrm\u00fcz Bo\u011faz\u0131'nda deniz may\u0131nlar\u0131 ta\u015f\u0131yan iki \u0130ran roketatar\u0131n\u0131 vurdu. \u0130ran da \u00dcrd\u00fcn'deki ABD \u00fcslerine f\u00fcze sald\u0131r\u0131s\u0131 d\u00fczenledi.","robots":{"index":"index","follow":"follow","max-snippet":"max-snippet:-1","max-image-preview":"max-image-preview:large","max-video-preview":"max-video-preview:-1"},"canonical":"https:\/\/epochtimestr.com\/index.php\/abd-gucleri-iran-roketatarlarini-vurdu","og_locale":"tr_TR","og_type":"article","og_title":"ABD G\u00fc\u00e7leri \u0130ran Roketatarlar\u0131n\u0131 Vurdu - The Epoch Times TR","og_description":"ABD g\u00fc\u00e7leri, H\u00fcrm\u00fcz Bo\u011faz\u0131'nda deniz may\u0131nlar\u0131 ta\u015f\u0131yan iki \u0130ran roketatar\u0131n\u0131 vurdu. \u0130ran da \u00dcrd\u00fcn'deki ABD \u00fcslerine f\u00fcze sald\u0131r\u0131s\u0131 d\u00fczenledi.","og_url":"https:\/\/epochtimestr.com\/index.php\/abd-gucleri-iran-roketatarlarini-vurdu","og_site_name":"The Epoch Times TR","article_publisher":"https:\/\/www.facebook.com\/theepochtimestr","article_published_time":"2026-08-31T13:23:23+00:00","article_modified_time":"2026-08-31T13:23:26+00:00","og_image":[{"width":1200,"height":724,"url":"https:\/\/epochtimestr.com\/wp-content\/uploads\/2011y\/1000054388.webp","type":"image\/webp"}],"author":"Leo Bajelan","twitter_card":"summary_large_image","twitter_creator":"@TheEpochTimesTR","twitter_site":"@TheEpochTimesTR","twitter_misc":{"Yazan:":"Leo Bajelan","Tahmini okuma s\u00fcresi":"3 dakika"},"schema":{"@context":"https:\/\/schema.org","@graph":[{"@type":"Article","@id":"https:\/\/epochtimestr.com\/index.php\/abd-gucleri-iran-roketatarlarini-vurdu#article","isPartOf":{"@id":"https:\/\/epochtimestr.com\/index.php\/abd-gucleri-iran-roketatarlarini-vurdu"},"author":{"name":"Leo Bajelan","@id":"https:\/\/epochtimestr.com\/#\/schema\/person\/5fef218711d76d8f232b0e1f1d7e4c0d"},"headline":"ABD G\u00fc\u00e7leri \u0130ran Roketatarlar\u0131n\u0131 Vurdu","datePublished":"2026-08-31T13:23:23+00:00","dateModified":"2026-08-31T13:23:26+00:00","mainEntityOfPage":{"@id":"https:\/\/epochtimestr.com\/index.php\/abd-gucleri-iran-roketatarlarini-vurdu"},"wordCount":443,"commentCount":0,"publisher":{"@id":"https:\/\/epochtimestr.com\/#organization"},"image":{"@id":"https:\/\/epochtimestr.com\/index.php\/abd-gucleri-iran-roketatarlarini-vurdu#primaryimage"},"thumbnailUrl":"https:\/\/epochtimestr.com\/wp-content\/uploads\/2011y\/1000054388.webp","keywords":["ABD g\u00fc\u00e7leri","ABD yapt\u0131r\u0131mlar\u0131","ABD-\u00c7in","deniz ticareti","ekonomik bask\u0131","H\u00fcrm\u00fcz bo\u011faz\u0131","\u0130ran Devrim Muhaf\u0131zlar\u0131"],"articleSection":["D\u00dcNYA","G\u00dcNDEM","MAN\u015eET"],"inLanguage":"tr","potentialAction":[{"@type":"CommentAction","name":"Comment","target":["https:\/\/epochtimestr.com\/index.php\/abd-gucleri-iran-roketatarlarini-vurdu#respond"]}]},{"@type":"WebPage","@id":"https:\/\/epochtimestr.com\/index.php\/abd-gucleri-iran-roketatarlarini-vurdu","url":"https:\/\/epochtimestr.com\/index.php\/abd-gucleri-iran-roketatarlarini-vurdu","name":"ABD G\u00fc\u00e7leri \u0130ran Roketatarlar\u0131n\u0131 Vurdu - The Epoch Times TR","isPartOf":{"@id":"https:\/\/epochtimestr.com\/#website"},"primaryImageOfPage":{"@id":"https:\/\/epochtimestr.com\/index.php\/abd-gucleri-iran-roketatarlarini-vurdu#primaryimage"},"image":{"@id":"https:\/\/epochtimestr.com\/index.php\/abd-gucleri-iran-roketatarlarini-vurdu#primaryimage"},"thumbnailUrl":"https:\/\/epochtimestr.com\/wp-content\/uploads\/2011y\/1000054388.webp","datePublished":"2026-08-31T13:23:23+00:00","dateModified":"2026-08-31T13:23:26+00:00","description":"ABD g\u00fc\u00e7leri, H\u00fcrm\u00fcz Bo\u011faz\u0131'nda deniz may\u0131nlar\u0131 ta\u015f\u0131yan iki \u0130ran roketatar\u0131n\u0131 vurdu. \u0130ran da \u00dcrd\u00fcn'deki ABD \u00fcslerine f\u00fcze sald\u0131r\u0131s\u0131 d\u00fczenledi.","inLanguage":"tr","potentialAction":[{"@type":"ReadAction","target":["https:\/\/epochtimestr.com\/index.php\/abd-gucleri-iran-roketatarlarini-vurdu"]}]},{"@type":"ImageObject","inLanguage":"tr","@id":"https:\/\/epochtimestr.com\/index.php\/abd-gucleri-iran-roketatarlarini-vurdu#primaryimage","url":"https:\/\/epochtimestr.com\/wp-content\/uploads\/2011y\/1000054388.webp","contentUrl":"https:\/\/epochtimestr.com\/wp-content\/uploads\/2011y\/1000054388.webp","width":1200,"height":724},{"@type":"WebSite","@id":"https:\/\/epochtimestr.com\/#website","url":"https:\/\/epochtimestr.com\/","name":"The Epoch Times TR","description":"De\u011fi\u015fen D\u00fcnyam\u0131za Taze Bir Bak\u0131\u015f","publisher":{"@id":"https:\/\/epochtimestr.com\/#organization"},"potentialAction":[{"@type":"SearchAction","target":{"@type":"EntryPoint","urlTemplate":"https:\/\/epochtimestr.com\/?s={search_term_string}"},"query-input":"required name=search_term_string"}],"inLanguage":"tr"},{"@type":"Organization","@id":"https:\/\/epochtimestr.com\/#organization","name":"The EpochTimes T\u00fcrkiye","url":"https:\/\/epochtimestr.com\/","logo":{"@type":"ImageObject","inLanguage":"tr","@id":"https:\/\/epochtimestr.com\/#\/schema\/logo\/image\/","url":"https:\/\/epochtimestr.com\/wp-content\/uploads\/2011y\/ET-Logo-YG.jpg","contentUrl":"https:\/\/epochtimestr.com\/wp-content\/uploads\/2011y\/ET-Logo-YG.jpg","width":346,"height":29,"caption":"The EpochTimes T\u00fcrkiye"},"image":{"@id":"https:\/\/epochtimestr.com\/#\/schema\/logo\/image\/"},"sameAs":["https:\/\/www.facebook.com\/theepochtimestr","https:\/\/x.com\/TheEpochTimesTR","https:\/\/www.instagram.com\/epochtimestr"]},{"@type":"Person","@id":"https:\/\/epochtimestr.com\/#\/schema\/person\/5fef218711d76d8f232b0e1f1d7e4c0d","name":"Leo Bajelan","image":{"@type":"ImageObject","inLanguage":"tr","@id":"https:\/\/epochtimestr.com\/#\/schema\/person\/image\/","url":"https:\/\/secure.gravatar.com\/avatar\/917669146f489549e548a2e9af272df5?s=96&d=mm&r=g","contentUrl":"https:\/\/secure.gravatar.com\/avatar\/917669146f489549e548a2e9af272df5?s=96&d=mm&r=g","caption":"Leo Bajelan"},"url":"https:\/\/epochtimestr.com\/index.php\/author\/leo"}]}},"_links":{"self":[{"href":"https:\/\/epochtimestr.com\/index.php\/wp-json\/wp\/v2\/posts\/171250"}],"collection":[{"href":"https:\/\/epochtimestr.com\/index.php\/wp-json\/wp\/v2\/posts"}],"about":[{"href":"https:\/\/epochtimestr.com\/index.php\/wp-json\/wp\/v2\/types\/post"}],"author":[{"embeddable":true,"href":"https:\/\/epochtimestr.com\/index.php\/wp-json\/wp\/v2\/users\/13996"}],"replies":[{"embeddable":true,"href":"https:\/\/epochtimestr.com\/index.php\/wp-json\/wp\/v2\/comments?post=171250"}],"version-history":[{"count":2,"href":"https:\/\/epochtimestr.com\/index.php\/wp-json\/wp\/v2\/posts\/171250\/revisions"}],"predecessor-version":[{"id":171268,"href":"https:\/\/epochtimestr.com\/index.php\/wp-json\/wp\/v2\/posts\/171250\/revisions\/171268"}],"wp:featuredmedia":[{"embeddable":true,"href":"https:\/\/epochtimestr.com\/index.php\/wp-json\/wp\/v2\/media\/171251"}],"wp:attachment":[{"href":"https:\/\/epochtimestr.com\/index.php\/wp-json\/wp\/v2\/media?parent=171250"}],"wp:term":[{"taxonomy":"category","embeddable":true,"href":"https:\/\/epochtimestr.com\/index.php\/wp-json\/wp\/v2\/categories?post=171250"},{"taxonomy":"post_tag","embeddable":true,"href":"https:\/\/epochtimestr.com\/index.php\/wp-json\/wp\/v2\/tags?post=171250"}],"curies":[{"name":"wp","href":"https:\/\/api.w.org\/{rel}","templated":true}]}}