{"id":171253,"date":"2026-08-31T16:35:21","date_gmt":"2026-08-31T13:35:21","guid":{"rendered":"https:\/\/epochtimestr.com\/?p=171253"},"modified":"2026-08-31T16:35:24","modified_gmt":"2026-08-31T13:35:24","slug":"kktc-gemi-faciasinda-mahkemeye-cikarilan-9-kisi-tutuklandi","status":"publish","type":"post","link":"https:\/\/epochtimestr.com\/index.php\/kktc-gemi-faciasinda-mahkemeye-cikarilan-9-kisi-tutuklandi","title":{"rendered":"KKTC Gemi Facias\u0131nda Mahkemeye \u00c7\u0131kar\u0131lan 9 Ki\u015fi Tutukland\u0131"},"content":{"rendered":"<div class=\"wp-block-image\">\n<figure class=\"aligncenter size-full is-resized\"><img loading=\"lazy\" decoding=\"async\" width=\"1280\" height=\"720\" src=\"https:\/\/epochtimestr.com\/wp-content\/uploads\/2011y\/batan-gemi-girne-k-k-t-c-1.webp\" alt=\"KKTC gemi facias\u0131nda mahkemeye \u00e7\u0131kar\u0131lan 9 ki\u015fi tutukland\u0131. (Foto\u011fraf: youtube)\" class=\"wp-image-171202\" style=\"width:840px;height:auto\" srcset=\"https:\/\/epochtimestr.com\/wp-content\/uploads\/2011y\/batan-gemi-girne-k-k-t-c-1.webp 1280w, https:\/\/epochtimestr.com\/wp-content\/uploads\/2011y\/batan-gemi-girne-k-k-t-c-1-300x169.webp 300w, https:\/\/epochtimestr.com\/wp-content\/uploads\/2011y\/batan-gemi-girne-k-k-t-c-1-150x84.webp 150w, https:\/\/epochtimestr.com\/wp-content\/uploads\/2011y\/batan-gemi-girne-k-k-t-c-1-768x432.webp 768w\" sizes=\"(max-width: 1280px) 100vw, 1280px\" \/><figcaption class=\"wp-element-caption\">KKTC gemi facias\u0131nda mahkemeye \u00e7\u0131kar\u0131lan 9 ki\u015fi tutukland\u0131. <em>(Foto\u011fraf: youtube)<\/em><\/figcaption><\/figure><\/div>\n\n\n<h2 class=\"wp-block-heading\">KKTC Girne a\u00e7\u0131klar\u0131nda d\u00fcn meydana gelen ve can kay\u0131plar\u0131na yol a\u00e7an gemi facias\u0131nda soru\u015fturma derinle\u015fiyor.<\/h2>\n\n\n\n<p><a href=\"https:\/\/epochtimestr.com\/index.php\/kibris-baris-harekatinin-52nci-yil-donumu-torenlerle-kutlaniyor\" target=\"_blank\" rel=\"noreferrer noopener\">K\u0131br\u0131s<\/a>\u2019\u0131n Girne a\u00e7\u0131klar\u0131nda meydana gelen ve can kay\u0131plar\u0131na yol a\u00e7an gemi facias\u0131nda soru\u015fturma derinle\u015fiyor. \u201cDikkatsizlik sonucu \u00f6l\u00fcme sebep olma\u201d kapsam\u0131nda KKTC taraf\u0131ndan y\u00fcr\u00fct\u00fclen soru\u015fturmada 16 ki\u015fi hakk\u0131nda yakalama talimat\u0131 verildi. <\/p>\n\n\n\n<p>Filo Denizcilik \u015firketine ait katamaran tipi yolcu gemisi, Girne k\u0131y\u0131s\u0131ndan yakla\u015f\u0131k 2 ila 2,5 kilometre a\u00e7\u0131kta seyretti\u011fi s\u0131rada hen\u00fcz belirlenemeyen bir nedenle ba\u015f k\u0131sm\u0131ndan h\u0131zla su almaya ba\u015flad\u0131. Olumsuz durumu fark eden gemi kaptan\u0131, rotas\u0131n\u0131 ivedilikle limana \u00e7evirerek acil d\u00f6n\u00fc\u015f manevras\u0131 yapt\u0131. Ancak teknenin dengesini kaybetmesi nedeniyle bu \u00e7aba sonu\u00e7suz kald\u0131 ve gemi sulara g\u00f6m\u00fclerek alabora oldu. Meydana gelen deniz felaketi ve ya\u015fanan can kay\u0131plar\u0131 nedeniyle KKTC\u2019de 3 g\u00fcnl\u00fck ulusal yas ilan edildi.<\/p>\n\n\n\n<p>Gemi kaptan\u0131 ve m\u00fcrettebat\u0131, mahkemeye verdikleri ifadede, dalgalar sonucunda geminin \u00f6n taraf\u0131n\u0131n kopmas\u0131yla birlikte alabora oldu\u011funu ve kazan\u0131n bu \u015fekilde ba\u015flad\u0131\u011f\u0131n\u0131 beyan ettiler. Ayr\u0131ca meteoroloji verilerine g\u00f6re \u00e7\u0131k\u0131\u015fta bir sorun olmad\u0131\u011f\u0131n\u0131, gemi sertifikasyonunda da hem seyir hem idari a\u00e7\u0131dan izinlerinin bulundu\u011funu \u00f6ne s\u00fcrd\u00fcler.<\/p>\n\n\n\n<p>Mahkeme, teknik verilerin toplanmas\u0131n\u0131, tan\u0131klar\u0131n dinlenmesini, bu konuda <a href=\"https:\/\/epochtimestr.com\/index.php\/turkiye-cumhuriyeti-merkez-bankasindan-yastik-alti-altin-karari\" target=\"_blank\" rel=\"noreferrer noopener\">T\u00fcrkiye<\/a>&#8216;de soru\u015fturma a\u00e7\u0131l\u0131p a\u00e7\u0131lmad\u0131\u011f\u0131n\u0131n \u00f6\u011frenilmesini ve di\u011fer belgelerin tamamlanmas\u0131n\u0131 istedi. G\u00f6zalt\u0131na al\u0131nan 14 zanl\u0131dan 9&#8217;u hakk\u0131nda 3 g\u00fcn tutuklama karar\u0131 verildi.<\/p>\n\n\n\n<p>259&#8217;u yolcu, 8&#8217;i m\u00fcrettebat olmak \u00fczere 267 ki\u015finin bulundu\u011fu gemideki 241 ki\u015fi kurtar\u0131l\u0131rken, 8 ki\u015fi ya\u015fam\u0131n\u0131 yitirdi. 18 ki\u015fiye y\u00f6nelik arama kurtarma \u00e7al\u0131\u015fmalar\u0131 devam ediyor.<\/p>\n\n\n\n<p>K\u0131br\u0131s\u2019ta g\u00f6rev yapan Gazeteci Onur Evrensel, &#8220;Soru\u015fturma yaln\u0131zca gemi m\u00fcrettebat\u0131yla s\u0131n\u0131rl\u0131 de\u011fil. Kaptan, m\u00fcrettebat, \u015firket yetkilileri ve liman g\u00f6revlilerinin de aralar\u0131nda bulundu\u011fu 16 ki\u015fi soru\u015fturman\u0131n oda\u011f\u0131nda. Edindi\u011fimiz bilgilere g\u00f6re olayla ilgili 100\u2019\u00fcn \u00fczerinde ki\u015finin ifadesine ba\u015fvuruldu. Geminin seyir anlar\u0131na ili\u015fkin kamera kay\u0131tlar\u0131 da incelemeye al\u0131nd\u0131&#8221; dedi.<\/p>\n","protected":false},"excerpt":{"rendered":"<p>KKTC Girne a\u00e7\u0131klar\u0131nda d\u00fcn meydana gelen ve can kay\u0131plar\u0131na yol a\u00e7an gemi facias\u0131nda soru\u015fturma derinle\u015fiyor. K\u0131br\u0131s\u2019\u0131n Girne a\u00e7\u0131klar\u0131nda meydana gelen ve can kay\u0131plar\u0131na yol a\u00e7an gemi facias\u0131nda soru\u015fturma derinle\u015fiyor. \u201cDikkatsizlik sonucu \u00f6l\u00fcme sebep olma\u201d kapsam\u0131nda KKTC taraf\u0131ndan y\u00fcr\u00fct\u00fclen soru\u015fturmada 16 ki\u015fi hakk\u0131nda yakalama talimat\u0131 verildi. Filo Denizcilik \u015firketine ait katamaran tipi yolcu gemisi, Girne k\u0131y\u0131s\u0131ndan [&hellip;]<\/p>\n","protected":false},"author":12791,"featured_media":171202,"comment_status":"open","ping_status":"open","sticky":false,"template":"","format":"standard","meta":{"_yoast_wpseo_focuskw":"KKTC","_yoast_wpseo_title":"","_yoast_wpseo_metadesc":"KKTC Girne a\u00e7\u0131klar\u0131nda d\u00fcn meydana gelen ve can kay\u0131plar\u0131na yol a\u00e7an gemi facias\u0131nda soru\u015fturma derinle\u015fiyor.","_bbp_topic_count":0,"_bbp_reply_count":0,"_bbp_total_topic_count":0,"_bbp_total_reply_count":0,"_bbp_voice_count":0,"_bbp_anonymous_reply_count":0,"_bbp_topic_count_hidden":0,"_bbp_reply_count_hidden":0,"_bbp_forum_subforum_count":0,"footnotes":"","_yoast_wpseo_focuskw_text_input":""},"categories":[1,8138,8419],"tags":[12559,4967,4875,1327],"yoast_head":"<!-- This site is optimized with the Yoast SEO plugin v23.0 - https:\/\/yoast.com\/wordpress\/plugins\/seo\/ -->\n<title>KKTC Gemi Facias\u0131nda Mahkemeye \u00c7\u0131kar\u0131lan 9 Ki\u015fi Tutukland\u0131 - The Epoch Times TR<\/title>\n<meta name=\"description\" content=\"KKTC Girne a\u00e7\u0131klar\u0131nda d\u00fcn meydana gelen ve can kay\u0131plar\u0131na yol a\u00e7an gemi facias\u0131nda soru\u015fturma derinle\u015fiyor.\" \/>\n<meta name=\"robots\" content=\"index, follow, max-snippet:-1, max-image-preview:large, max-video-preview:-1\" \/>\n<link rel=\"canonical\" href=\"https:\/\/epochtimestr.com\/index.php\/kktc-gemi-faciasinda-mahkemeye-cikarilan-9-kisi-tutuklandi\" \/>\n<meta property=\"og:locale\" content=\"tr_TR\" \/>\n<meta property=\"og:type\" content=\"article\" \/>\n<meta property=\"og:title\" content=\"KKTC Gemi Facias\u0131nda Mahkemeye \u00c7\u0131kar\u0131lan 9 Ki\u015fi Tutukland\u0131 - The Epoch Times TR\" \/>\n<meta property=\"og:description\" content=\"KKTC Girne a\u00e7\u0131klar\u0131nda d\u00fcn meydana gelen ve can kay\u0131plar\u0131na yol a\u00e7an gemi facias\u0131nda soru\u015fturma derinle\u015fiyor.\" \/>\n<meta property=\"og:url\" content=\"https:\/\/epochtimestr.com\/index.php\/kktc-gemi-faciasinda-mahkemeye-cikarilan-9-kisi-tutuklandi\" \/>\n<meta property=\"og:site_name\" content=\"The Epoch Times TR\" \/>\n<meta property=\"article:publisher\" content=\"https:\/\/www.facebook.com\/theepochtimestr\" \/>\n<meta property=\"article:published_time\" content=\"2026-08-31T13:35:21+00:00\" \/>\n<meta property=\"article:modified_time\" content=\"2026-08-31T13:35:24+00:00\" \/>\n<meta property=\"og:image\" content=\"https:\/\/epochtimestr.com\/wp-content\/uploads\/2011y\/batan-gemi-girne-k-k-t-c-1.webp\" \/>\n\t<meta property=\"og:image:width\" content=\"1280\" \/>\n\t<meta property=\"og:image:height\" content=\"720\" \/>\n\t<meta property=\"og:image:type\" content=\"image\/webp\" \/>\n<meta name=\"author\" content=\"Haber Merkezi\" \/>\n<meta name=\"twitter:card\" content=\"summary_large_image\" \/>\n<meta name=\"twitter:creator\" content=\"@TheEpochTimesTR\" \/>\n<meta name=\"twitter:site\" content=\"@TheEpochTimesTR\" \/>\n<meta name=\"twitter:label1\" content=\"Yazan:\" \/>\n\t<meta name=\"twitter:data1\" content=\"Haber Merkezi\" \/>\n\t<meta name=\"twitter:label2\" content=\"Tahmini okuma s\u00fcresi\" \/>\n\t<meta name=\"twitter:data2\" content=\"3 dakika\" \/>\n<script type=\"application\/ld+json\" class=\"yoast-schema-graph\">{\"@context\":\"https:\/\/schema.org\",\"@graph\":[{\"@type\":\"Article\",\"@id\":\"https:\/\/epochtimestr.com\/index.php\/kktc-gemi-faciasinda-mahkemeye-cikarilan-9-kisi-tutuklandi#article\",\"isPartOf\":{\"@id\":\"https:\/\/epochtimestr.com\/index.php\/kktc-gemi-faciasinda-mahkemeye-cikarilan-9-kisi-tutuklandi\"},\"author\":{\"name\":\"Haber Merkezi\",\"@id\":\"https:\/\/epochtimestr.com\/#\/schema\/person\/3dc5c3adeb9f43923c5aa85889172fdd\"},\"headline\":\"KKTC Gemi Facias\u0131nda Mahkemeye \u00c7\u0131kar\u0131lan 9 Ki\u015fi Tutukland\u0131\",\"datePublished\":\"2026-08-31T13:35:21+00:00\",\"dateModified\":\"2026-08-31T13:35:24+00:00\",\"mainEntityOfPage\":{\"@id\":\"https:\/\/epochtimestr.com\/index.php\/kktc-gemi-faciasinda-mahkemeye-cikarilan-9-kisi-tutuklandi\"},\"wordCount\":397,\"commentCount\":0,\"publisher\":{\"@id\":\"https:\/\/epochtimestr.com\/#organization\"},\"image\":{\"@id\":\"https:\/\/epochtimestr.com\/index.php\/kktc-gemi-faciasinda-mahkemeye-cikarilan-9-kisi-tutuklandi#primaryimage\"},\"thumbnailUrl\":\"https:\/\/epochtimestr.com\/wp-content\/uploads\/2011y\/batan-gemi-girne-k-k-t-c-1.webp\",\"keywords\":[\"Gemi Facias\u0131\",\"KKTC\",\"soru\u015fturma\",\"tutuklama\"],\"articleSection\":[\"G\u00dcNDEM\",\"MAN\u015eET\",\"Ya\u015fam\"],\"inLanguage\":\"tr\",\"potentialAction\":[{\"@type\":\"CommentAction\",\"name\":\"Comment\",\"target\":[\"https:\/\/epochtimestr.com\/index.php\/kktc-gemi-faciasinda-mahkemeye-cikarilan-9-kisi-tutuklandi#respond\"]}]},{\"@type\":\"WebPage\",\"@id\":\"https:\/\/epochtimestr.com\/index.php\/kktc-gemi-faciasinda-mahkemeye-cikarilan-9-kisi-tutuklandi\",\"url\":\"https:\/\/epochtimestr.com\/index.php\/kktc-gemi-faciasinda-mahkemeye-cikarilan-9-kisi-tutuklandi\",\"name\":\"KKTC Gemi Facias\u0131nda Mahkemeye \u00c7\u0131kar\u0131lan 9 Ki\u015fi Tutukland\u0131 - The Epoch Times TR\",\"isPartOf\":{\"@id\":\"https:\/\/epochtimestr.com\/#website\"},\"primaryImageOfPage\":{\"@id\":\"https:\/\/epochtimestr.com\/index.php\/kktc-gemi-faciasinda-mahkemeye-cikarilan-9-kisi-tutuklandi#primaryimage\"},\"image\":{\"@id\":\"https:\/\/epochtimestr.com\/index.php\/kktc-gemi-faciasinda-mahkemeye-cikarilan-9-kisi-tutuklandi#primaryimage\"},\"thumbnailUrl\":\"https:\/\/epochtimestr.com\/wp-content\/uploads\/2011y\/batan-gemi-girne-k-k-t-c-1.webp\",\"datePublished\":\"2026-08-31T13:35:21+00:00\",\"dateModified\":\"2026-08-31T13:35:24+00:00\",\"description\":\"KKTC Girne a\u00e7\u0131klar\u0131nda d\u00fcn meydana gelen ve can kay\u0131plar\u0131na yol a\u00e7an gemi facias\u0131nda soru\u015fturma derinle\u015fiyor.\",\"inLanguage\":\"tr\",\"potentialAction\":[{\"@type\":\"ReadAction\",\"target\":[\"https:\/\/epochtimestr.com\/index.php\/kktc-gemi-faciasinda-mahkemeye-cikarilan-9-kisi-tutuklandi\"]}]},{\"@type\":\"ImageObject\",\"inLanguage\":\"tr\",\"@id\":\"https:\/\/epochtimestr.com\/index.php\/kktc-gemi-faciasinda-mahkemeye-cikarilan-9-kisi-tutuklandi#primaryimage\",\"url\":\"https:\/\/epochtimestr.com\/wp-content\/uploads\/2011y\/batan-gemi-girne-k-k-t-c-1.webp\",\"contentUrl\":\"https:\/\/epochtimestr.com\/wp-content\/uploads\/2011y\/batan-gemi-girne-k-k-t-c-1.webp\",\"width\":1280,\"height\":720},{\"@type\":\"WebSite\",\"@id\":\"https:\/\/epochtimestr.com\/#website\",\"url\":\"https:\/\/epochtimestr.com\/\",\"name\":\"The Epoch Times TR\",\"description\":\"De\u011fi\u015fen D\u00fcnyam\u0131za Taze Bir Bak\u0131\u015f\",\"publisher\":{\"@id\":\"https:\/\/epochtimestr.com\/#organization\"},\"potentialAction\":[{\"@type\":\"SearchAction\",\"target\":{\"@type\":\"EntryPoint\",\"urlTemplate\":\"https:\/\/epochtimestr.com\/?s={search_term_string}\"},\"query-input\":\"required name=search_term_string\"}],\"inLanguage\":\"tr\"},{\"@type\":\"Organization\",\"@id\":\"https:\/\/epochtimestr.com\/#organization\",\"name\":\"The EpochTimes T\u00fcrkiye\",\"url\":\"https:\/\/epochtimestr.com\/\",\"logo\":{\"@type\":\"ImageObject\",\"inLanguage\":\"tr\",\"@id\":\"https:\/\/epochtimestr.com\/#\/schema\/logo\/image\/\",\"url\":\"https:\/\/epochtimestr.com\/wp-content\/uploads\/2011y\/ET-Logo-YG.jpg\",\"contentUrl\":\"https:\/\/epochtimestr.com\/wp-content\/uploads\/2011y\/ET-Logo-YG.jpg\",\"width\":346,\"height\":29,\"caption\":\"The EpochTimes T\u00fcrkiye\"},\"image\":{\"@id\":\"https:\/\/epochtimestr.com\/#\/schema\/logo\/image\/\"},\"sameAs\":[\"https:\/\/www.facebook.com\/theepochtimestr\",\"https:\/\/x.com\/TheEpochTimesTR\",\"https:\/\/www.instagram.com\/epochtimestr\"]},{\"@type\":\"Person\",\"@id\":\"https:\/\/epochtimestr.com\/#\/schema\/person\/3dc5c3adeb9f43923c5aa85889172fdd\",\"name\":\"Haber Merkezi\",\"image\":{\"@type\":\"ImageObject\",\"inLanguage\":\"tr\",\"@id\":\"https:\/\/epochtimestr.com\/#\/schema\/person\/image\/\",\"url\":\"https:\/\/secure.gravatar.com\/avatar\/d73f772ba5a74f28601361e17c2f93e6?s=96&d=mm&r=g\",\"contentUrl\":\"https:\/\/secure.gravatar.com\/avatar\/d73f772ba5a74f28601361e17c2f93e6?s=96&d=mm&r=g\",\"caption\":\"Haber Merkezi\"},\"url\":\"https:\/\/epochtimestr.com\/index.php\/author\/sendag\"}]}<\/script>\n<!-- \/ Yoast SEO plugin. -->","yoast_head_json":{"title":"KKTC Gemi Facias\u0131nda Mahkemeye \u00c7\u0131kar\u0131lan 9 Ki\u015fi Tutukland\u0131 - The Epoch Times TR","description":"KKTC Girne a\u00e7\u0131klar\u0131nda d\u00fcn meydana gelen ve can kay\u0131plar\u0131na yol a\u00e7an gemi facias\u0131nda soru\u015fturma derinle\u015fiyor.","robots":{"index":"index","follow":"follow","max-snippet":"max-snippet:-1","max-image-preview":"max-image-preview:large","max-video-preview":"max-video-preview:-1"},"canonical":"https:\/\/epochtimestr.com\/index.php\/kktc-gemi-faciasinda-mahkemeye-cikarilan-9-kisi-tutuklandi","og_locale":"tr_TR","og_type":"article","og_title":"KKTC Gemi Facias\u0131nda Mahkemeye \u00c7\u0131kar\u0131lan 9 Ki\u015fi Tutukland\u0131 - The Epoch Times TR","og_description":"KKTC Girne a\u00e7\u0131klar\u0131nda d\u00fcn meydana gelen ve can kay\u0131plar\u0131na yol a\u00e7an gemi facias\u0131nda soru\u015fturma derinle\u015fiyor.","og_url":"https:\/\/epochtimestr.com\/index.php\/kktc-gemi-faciasinda-mahkemeye-cikarilan-9-kisi-tutuklandi","og_site_name":"The Epoch Times TR","article_publisher":"https:\/\/www.facebook.com\/theepochtimestr","article_published_time":"2026-08-31T13:35:21+00:00","article_modified_time":"2026-08-31T13:35:24+00:00","og_image":[{"width":1280,"height":720,"url":"https:\/\/epochtimestr.com\/wp-content\/uploads\/2011y\/batan-gemi-girne-k-k-t-c-1.webp","type":"image\/webp"}],"author":"Haber Merkezi","twitter_card":"summary_large_image","twitter_creator":"@TheEpochTimesTR","twitter_site":"@TheEpochTimesTR","twitter_misc":{"Yazan:":"Haber Merkezi","Tahmini okuma s\u00fcresi":"3 dakika"},"schema":{"@context":"https:\/\/schema.org","@graph":[{"@type":"Article","@id":"https:\/\/epochtimestr.com\/index.php\/kktc-gemi-faciasinda-mahkemeye-cikarilan-9-kisi-tutuklandi#article","isPartOf":{"@id":"https:\/\/epochtimestr.com\/index.php\/kktc-gemi-faciasinda-mahkemeye-cikarilan-9-kisi-tutuklandi"},"author":{"name":"Haber Merkezi","@id":"https:\/\/epochtimestr.com\/#\/schema\/person\/3dc5c3adeb9f43923c5aa85889172fdd"},"headline":"KKTC Gemi Facias\u0131nda Mahkemeye \u00c7\u0131kar\u0131lan 9 Ki\u015fi Tutukland\u0131","datePublished":"2026-08-31T13:35:21+00:00","dateModified":"2026-08-31T13:35:24+00:00","mainEntityOfPage":{"@id":"https:\/\/epochtimestr.com\/index.php\/kktc-gemi-faciasinda-mahkemeye-cikarilan-9-kisi-tutuklandi"},"wordCount":397,"commentCount":0,"publisher":{"@id":"https:\/\/epochtimestr.com\/#organization"},"image":{"@id":"https:\/\/epochtimestr.com\/index.php\/kktc-gemi-faciasinda-mahkemeye-cikarilan-9-kisi-tutuklandi#primaryimage"},"thumbnailUrl":"https:\/\/epochtimestr.com\/wp-content\/uploads\/2011y\/batan-gemi-girne-k-k-t-c-1.webp","keywords":["Gemi Facias\u0131","KKTC","soru\u015fturma","tutuklama"],"articleSection":["G\u00dcNDEM","MAN\u015eET","Ya\u015fam"],"inLanguage":"tr","potentialAction":[{"@type":"CommentAction","name":"Comment","target":["https:\/\/epochtimestr.com\/index.php\/kktc-gemi-faciasinda-mahkemeye-cikarilan-9-kisi-tutuklandi#respond"]}]},{"@type":"WebPage","@id":"https:\/\/epochtimestr.com\/index.php\/kktc-gemi-faciasinda-mahkemeye-cikarilan-9-kisi-tutuklandi","url":"https:\/\/epochtimestr.com\/index.php\/kktc-gemi-faciasinda-mahkemeye-cikarilan-9-kisi-tutuklandi","name":"KKTC Gemi Facias\u0131nda Mahkemeye \u00c7\u0131kar\u0131lan 9 Ki\u015fi Tutukland\u0131 - The Epoch Times TR","isPartOf":{"@id":"https:\/\/epochtimestr.com\/#website"},"primaryImageOfPage":{"@id":"https:\/\/epochtimestr.com\/index.php\/kktc-gemi-faciasinda-mahkemeye-cikarilan-9-kisi-tutuklandi#primaryimage"},"image":{"@id":"https:\/\/epochtimestr.com\/index.php\/kktc-gemi-faciasinda-mahkemeye-cikarilan-9-kisi-tutuklandi#primaryimage"},"thumbnailUrl":"https:\/\/epochtimestr.com\/wp-content\/uploads\/2011y\/batan-gemi-girne-k-k-t-c-1.webp","datePublished":"2026-08-31T13:35:21+00:00","dateModified":"2026-08-31T13:35:24+00:00","description":"KKTC Girne a\u00e7\u0131klar\u0131nda d\u00fcn meydana gelen ve can kay\u0131plar\u0131na yol a\u00e7an gemi facias\u0131nda soru\u015fturma derinle\u015fiyor.","inLanguage":"tr","potentialAction":[{"@type":"ReadAction","target":["https:\/\/epochtimestr.com\/index.php\/kktc-gemi-faciasinda-mahkemeye-cikarilan-9-kisi-tutuklandi"]}]},{"@type":"ImageObject","inLanguage":"tr","@id":"https:\/\/epochtimestr.com\/index.php\/kktc-gemi-faciasinda-mahkemeye-cikarilan-9-kisi-tutuklandi#primaryimage","url":"https:\/\/epochtimestr.com\/wp-content\/uploads\/2011y\/batan-gemi-girne-k-k-t-c-1.webp","contentUrl":"https:\/\/epochtimestr.com\/wp-content\/uploads\/2011y\/batan-gemi-girne-k-k-t-c-1.webp","width":1280,"height":720},{"@type":"WebSite","@id":"https:\/\/epochtimestr.com\/#website","url":"https:\/\/epochtimestr.com\/","name":"The Epoch Times TR","description":"De\u011fi\u015fen D\u00fcnyam\u0131za Taze Bir Bak\u0131\u015f","publisher":{"@id":"https:\/\/epochtimestr.com\/#organization"},"potentialAction":[{"@type":"SearchAction","target":{"@type":"EntryPoint","urlTemplate":"https:\/\/epochtimestr.com\/?s={search_term_string}"},"query-input":"required name=search_term_string"}],"inLanguage":"tr"},{"@type":"Organization","@id":"https:\/\/epochtimestr.com\/#organization","name":"The EpochTimes T\u00fcrkiye","url":"https:\/\/epochtimestr.com\/","logo":{"@type":"ImageObject","inLanguage":"tr","@id":"https:\/\/epochtimestr.com\/#\/schema\/logo\/image\/","url":"https:\/\/epochtimestr.com\/wp-content\/uploads\/2011y\/ET-Logo-YG.jpg","contentUrl":"https:\/\/epochtimestr.com\/wp-content\/uploads\/2011y\/ET-Logo-YG.jpg","width":346,"height":29,"caption":"The EpochTimes T\u00fcrkiye"},"image":{"@id":"https:\/\/epochtimestr.com\/#\/schema\/logo\/image\/"},"sameAs":["https:\/\/www.facebook.com\/theepochtimestr","https:\/\/x.com\/TheEpochTimesTR","https:\/\/www.instagram.com\/epochtimestr"]},{"@type":"Person","@id":"https:\/\/epochtimestr.com\/#\/schema\/person\/3dc5c3adeb9f43923c5aa85889172fdd","name":"Haber Merkezi","image":{"@type":"ImageObject","inLanguage":"tr","@id":"https:\/\/epochtimestr.com\/#\/schema\/person\/image\/","url":"https:\/\/secure.gravatar.com\/avatar\/d73f772ba5a74f28601361e17c2f93e6?s=96&d=mm&r=g","contentUrl":"https:\/\/secure.gravatar.com\/avatar\/d73f772ba5a74f28601361e17c2f93e6?s=96&d=mm&r=g","caption":"Haber Merkezi"},"url":"https:\/\/epochtimestr.com\/index.php\/author\/sendag"}]}},"_links":{"self":[{"href":"https:\/\/epochtimestr.com\/index.php\/wp-json\/wp\/v2\/posts\/171253"}],"collection":[{"href":"https:\/\/epochtimestr.com\/index.php\/wp-json\/wp\/v2\/posts"}],"about":[{"href":"https:\/\/epochtimestr.com\/index.php\/wp-json\/wp\/v2\/types\/post"}],"author":[{"embeddable":true,"href":"https:\/\/epochtimestr.com\/index.php\/wp-json\/wp\/v2\/users\/12791"}],"replies":[{"embeddable":true,"href":"https:\/\/epochtimestr.com\/index.php\/wp-json\/wp\/v2\/comments?post=171253"}],"version-history":[{"count":2,"href":"https:\/\/epochtimestr.com\/index.php\/wp-json\/wp\/v2\/posts\/171253\/revisions"}],"predecessor-version":[{"id":171270,"href":"https:\/\/epochtimestr.com\/index.php\/wp-json\/wp\/v2\/posts\/171253\/revisions\/171270"}],"wp:featuredmedia":[{"embeddable":true,"href":"https:\/\/epochtimestr.com\/index.php\/wp-json\/wp\/v2\/media\/171202"}],"wp:attachment":[{"href":"https:\/\/epochtimestr.com\/index.php\/wp-json\/wp\/v2\/media?parent=171253"}],"wp:term":[{"taxonomy":"category","embeddable":true,"href":"https:\/\/epochtimestr.com\/index.php\/wp-json\/wp\/v2\/categories?post=171253"},{"taxonomy":"post_tag","embeddable":true,"href":"https:\/\/epochtimestr.com\/index.php\/wp-json\/wp\/v2\/tags?post=171253"}],"curies":[{"name":"wp","href":"https:\/\/api.w.org\/{rel}","templated":true}]}}