{"id":171255,"date":"2026-08-31T16:41:50","date_gmt":"2026-08-31T13:41:50","guid":{"rendered":"https:\/\/epochtimestr.com\/?p=171255"},"modified":"2026-08-31T16:41:53","modified_gmt":"2026-08-31T13:41:53","slug":"melih-gokcek-hakkinda-sorusturma-baslatildi","status":"publish","type":"post","link":"https:\/\/epochtimestr.com\/index.php\/melih-gokcek-hakkinda-sorusturma-baslatildi","title":{"rendered":"Melih G\u00f6k\u00e7ek Hakk\u0131nda Soru\u015fturma Ba\u015flat\u0131ld\u0131"},"content":{"rendered":"<div class=\"wp-block-image\">\n<figure class=\"aligncenter size-full is-resized\"><img loading=\"lazy\" decoding=\"async\" width=\"971\" height=\"551\" src=\"https:\/\/epochtimestr.com\/wp-content\/uploads\/2011y\/melih-gokcek-x.jpg\" alt=\"Melih G\u00f6k\u00e7ek hakk\u0131nda soru\u015fturma ba\u015flat\u0131ld\u0131. (Foto\u011fraf: M.G\u00f6k\u00e7ek x hesab\u0131)\" class=\"wp-image-171256\" style=\"width:840px;height:auto\" srcset=\"https:\/\/epochtimestr.com\/wp-content\/uploads\/2011y\/melih-gokcek-x.jpg 971w, https:\/\/epochtimestr.com\/wp-content\/uploads\/2011y\/melih-gokcek-x-300x170.jpg 300w, https:\/\/epochtimestr.com\/wp-content\/uploads\/2011y\/melih-gokcek-x-150x85.jpg 150w, https:\/\/epochtimestr.com\/wp-content\/uploads\/2011y\/melih-gokcek-x-768x436.jpg 768w\" sizes=\"(max-width: 971px) 100vw, 971px\" \/><figcaption class=\"wp-element-caption\">Melih G\u00f6k\u00e7ek hakk\u0131nda soru\u015fturma ba\u015flat\u0131ld\u0131. (Foto\u011fraf: M.G\u00f6k\u00e7ek x hesab\u0131)<\/figcaption><\/figure><\/div>\n\n\n<h2 class=\"wp-block-heading\">D\u00fcsseldorf&#8217;ta milyonluk bina iddias\u0131, Melih G\u00f6k\u00e7ek hakk\u0131ndaki soru\u015fturman\u0131n dikkat \u00e7eken ba\u015fl\u0131klar\u0131ndan biri oldu.<\/h2>\n\n\n\n<p>D\u00fcsseldorf&#8217;ta milyonluk bina iddias\u0131, eski ABB Ba\u015fkan\u0131 olan Melih G\u00f6k\u00e7ek hakk\u0131ndaki soru\u015fturman\u0131n dikkat \u00e7eken ba\u015fl\u0131klar\u0131ndan biri oldu. G\u00f6k\u00e7ek, Almanya&#8217;daki dairelerin nas\u0131l al\u0131nd\u0131\u011f\u0131n\u0131 ve paran\u0131n nas\u0131l g\u00f6nderildi\u011fini anlatt\u0131.<\/p>\n\n\n\n<p>Soru\u015fturma, Cumhuriyet yazar\u0131 Murat A\u011f\u0131rel&#8217;in G\u00f6k\u00e7ek ailesinin Almanya&#8217;daki \u015firketleri, gayrimenkul yat\u0131r\u0131mlar\u0131 ve para transferleri hakk\u0131nda g\u00fcndeme getirdi\u011fi iddialar\u0131n ard\u0131ndan geldi. <\/p>\n\n\n\n<p>Cumhuriyet yazar\u0131 Murat A\u011f\u0131rel&#8217;e g\u00f6re, eski ABB Ba\u015fkan\u0131 Melih G\u00f6k\u00e7ek\u2019in gelini H\u00fclya G\u00f6k\u00e7ek, Almanya\u2019da HAMAG GmbH isimli bir \u015firket kurdu. 30 A\u011fustos 2022\u2019de 30 bin Euro sermayeyle kurulan \u015firketin tek sahibi H\u00fclya G\u00f6k\u00e7ek oldu. \u015eirketin gayrimenkul sermayesi 2 y\u0131l sonra 3 milyon 857 bin Euro&#8217;ya ula\u015ft\u0131. Al\u0131nmas\u0131 planlanan gayrimenkullerden birinin de L\u00fcksemburg&#8217;daki 180 milyon Euro de\u011ferindeki bir al\u0131\u015fveri\u015f merkezi oldu\u011fu iddia edildi.<\/p>\n\n\n\n<p>Gazeteci Sinan Burhan TV 100 yay\u0131n\u0131nda iddialara ili\u015fkin de\u011ferlendirmelerde bulunurken Melih G\u00f6k\u00e7ek&#8217;in iddialara verdi\u011fi yan\u0131tlar\u0131 da aktard\u0131. Buna g\u00f6re Melih G\u00f6k\u00e7ek, o\u011flu Ahmet G\u00f6k\u00e7ek&#8217;in bir arkada\u015f\u0131yla L\u00fcksemburg&#8217;a giderek AVM&#8217;yi gezdi\u011fini do\u011frulad\u0131 ancak sat\u0131n almad\u0131klar\u0131n\u0131 s\u00f6yledi. Burhan, G\u00f6k\u00e7ek&#8217;in &#8220;Al\u0131nd\u0131\u011f\u0131na dair ellerinde tapu, bilgi veya belge varsa koysunlar ortaya. Ahmet g\u00f6r\u00fc\u015ft\u00fc ama almad\u0131, alamad\u0131&#8221; dedi\u011fini aktard\u0131. G\u00f6k\u00e7ek&#8217;in Sinan Burhan&#8217;a yapt\u0131\u011f\u0131 a\u00e7\u0131klamalar i\u00e7in A\u011f\u0131rel, &#8220;Yazd\u0131klar\u0131m\u0131 harfiyen do\u011frulad\u0131lar&#8221; dedi.<\/p>\n\n\n\n<h3 class=\"wp-block-heading\">&#8220;Gayrimenkul varl\u0131\u011f\u0131 2 y\u0131lda belirgin bir art\u0131\u015f g\u00f6sterdi ve yakla\u015f\u0131k 3 milyon 857 bin Euro&#8217;ya ula\u015ft\u0131.&#8221;<\/h3>\n\n\n\n<p>Cumhuriyet yazar\u0131 Murat A\u011f\u0131rel, eski Ankara B\u00fcy\u00fck\u015fehir Belediye Ba\u015fkan\u0131 Melih G\u00f6k\u00e7ek\u2019in ailesinin Almanya\u2019daki \u015firketi HAMAG GmbH ve gayrimenkul yat\u0131r\u0131mlar\u0131na ili\u015fkin iddialar\u0131 g\u00fcndeme getirdi. A\u011f\u0131rel\u2019in aktard\u0131\u011f\u0131 bilgilere g\u00f6re Melih G\u00f6k\u00e7ek\u2019in gelini H\u00fclya G\u00f6k\u00e7ek, 17 A\u011fustos 2022\u2019de T\u00fcrkiye\u2019de d\u00fczenlenen noter vek\u00e2letiyle Almanya\u2019da \u015firket kurmak \u00fczere yetkilendirme yapt\u0131. HAMAG GmbH, 30 A\u011fustos 2022\u2019de 30 bin Euro sermayeyle kurulurken \u015firketin tek sahibi H\u00fclya G\u00f6k\u00e7ek oldu. \u015eirketin ad\u0131 H\u00fclya, Ahmet ve Melih G\u00f6k\u00e7ek isimlerinin ba\u015f harflerinden olu\u015fturuldu. A\u011f\u0131rel&#8217;in haberine g\u00f6re \u015firketin gayrimenkul varl\u0131\u011f\u0131 2 y\u0131lda belirgin bir art\u0131\u015f g\u00f6sterdi ve yakla\u015f\u0131k 3 milyon 857 bin Euro&#8217;ya ula\u015ft\u0131.<\/p>\n\n\n\n<p>Eski ABB \u0130brahim Melih G\u00f6k\u00e7ek hakk\u0131nda Murat A\u011f\u0131rel\u2019in Almanya\u2019daki \u015firket ve gayrimenkul yat\u0131r\u0131mlar\u0131na ili\u015fkin iddialar\u0131 \u00fczerine resen soru\u015fturma ba\u015flat\u0131ld\u0131.<\/p>\n\n\n\n<figure class=\"wp-block-embed is-type-rich is-provider-x wp-block-embed-x\"><div class=\"wp-block-embed__wrapper\">\n<blockquote class=\"twitter-tweet\" data-width=\"550\" data-dnt=\"true\"><p lang=\"zxx\" dir=\"ltr\"><a href=\"https:\/\/t.co\/rWIABVvIkC\">pic.twitter.com\/rWIABVvIkC<\/a><\/p>&mdash; Ankara Cumhuriyet Ba\u015fsavc\u0131l\u0131\u011f\u0131 (@ankaracbs) <a href=\"https:\/\/x.com\/ankaracbs\/status\/2093790448603058368?ref_src=twsrc%5Etfw\">August 29, 2026<\/a><\/blockquote><script async src=\"https:\/\/platform.x.com\/widgets.js\" charset=\"utf-8\"><\/script>\n<\/div><\/figure>\n\n\n\n<p><strong>Ba\u015fsavc\u0131l\u0131ktan 29 A\u011fustos tarihinde yap\u0131lan a\u00e7\u0131klamada \u015fu ifadelere yer verildi:<\/strong><\/p>\n\n\n\n<p>&#8220;Baz\u0131 bas\u0131n ve yay\u0131n organlar\u0131nda, \u0130brahim Melih G\u00f6k\u00e7ek hakk\u0131nda yurt d\u0131\u015f\u0131ndaki \u015firketlere kay\u0131t d\u0131\u015f\u0131 para aktar\u0131ld\u0131\u011f\u0131 y\u00f6n\u00fcnde \u00f6ne s\u00fcr\u00fclen iddialara ili\u015fkin olarak, maddi ger\u00e7e\u011fin ortaya \u00e7\u0131kar\u0131lmas\u0131 amac\u0131yla Cumhuriyet Ba\u015fsavc\u0131l\u0131\u011f\u0131m\u0131zca resen soru\u015fturma ba\u015flat\u0131lm\u0131\u015ft\u0131r.&#8221;<\/p>\n\n\n\n<p>Gazeteci Murat A\u011f\u0131rel de 30 A\u011fustos&#8217;ta X&#8217;ten payla\u015ft\u0131\u011f\u0131 bir mesajda, Ankara Cumhuriyet Ba\u015fsavc\u0131l\u0131\u011f\u0131 taraf\u0131ndan kendisine telefon edildi\u011fini ve tan\u0131k olarak ifadesine ba\u015fvurulmak istendi\u011fini s\u00f6yledi.<br \/>A\u011f\u0131rel, 31 A\u011fustos Pazartesi g\u00fcn\u00fc Ankara Adliyesi&#8217;nde olaca\u011f\u0131n\u0131 duyurdu.<\/p>\n\n\n\n<p>G\u00f6k\u00e7ek hakk\u0131nda yay\u0131n yoluyla hakaret, ki\u015filik haklar\u0131na sald\u0131r\u0131 ve manevi tazminat gerek\u00e7eleriyle \u00e7ok say\u0131da dava a\u00e7\u0131ld\u0131.<\/p>\n\n\n\n<figure class=\"wp-block-embed is-type-rich is-provider-x wp-block-embed-x\"><div class=\"wp-block-embed__wrapper\">\n<blockquote class=\"twitter-tweet\" data-width=\"550\" data-dnt=\"true\"><p lang=\"tr\" dir=\"ltr\">BIRAZ \u00d6NCE MEDYAYA INTIKAL EDEN BILGILERE G\u00d6RE ANKARA BA\u015eSAVCILI\u011eI MURAT A\u011eIREL\u2019IN BENIM HAKKIMDAKI IDDIALARI ILE ILGILI OLARAK MADDI GER\u00c7E\u011eIN ORTAYA \u00c7IKARILMASI AMACIYLA RESEN SORU\u015eTURMA BA\u015eLATMI\u015eTIR\u2026<br><br>ALLAHIN IZNIYLE VEREMEYECE\u011eIM HESABIM YOKTUR. GEREKLI BILGILERI SAVCILI\u011eA\u2026 <a href=\"https:\/\/t.co\/k72MpGszyi\">pic.twitter.com\/k72MpGszyi<\/a><\/p>&mdash; \u0130brahim Melih G\u00f6k\u00e7ek (@06melihgokcek) <a href=\"https:\/\/x.com\/06melihgokcek\/status\/2093808680093262025?ref_src=twsrc%5Etfw\">August 29, 2026<\/a><\/blockquote><script async src=\"https:\/\/platform.x.com\/widgets.js\" charset=\"utf-8\"><\/script>\n<\/div><\/figure>\n\n\n\n<p>G\u00f6k\u00e7ek, sosyal medya hesab\u0131ndan yapt\u0131\u011f\u0131 payla\u015f\u0131mda soru\u015fturman\u0131n gazeteci Murat A\u011f\u0131rel&#8217;in kendisi hakk\u0131ndaki iddialar\u0131 \u00fczerine ba\u015flat\u0131ld\u0131\u011f\u0131n\u0131 s\u00f6yledi.<\/p>\n\n\n\n<p><strong>G\u00f6k\u00e7ek karar\u0131n ard\u0131ndan sosyal medya hesab\u0131ndan:<\/strong><\/p>\n\n\n\n<p>\u201cBiraz \u00f6nce medyaya intikal eden bilgilere g\u00f6re Ankara ba\u015fsavc\u0131l\u0131\u011f\u0131, Murat A\u011f\u0131rel\u2019in benim hakk\u0131mdaki iddialar\u0131yla ilgili olarak maddi ger\u00e7e\u011fin ortaya \u00e7\u0131kar\u0131lmas\u0131 amac\u0131yla resen soru\u015fturma ba\u015flatm\u0131\u015ft\u0131r\u2026 Allah\u2019\u0131n izniyle veremeyece\u011fim hesab\u0131m yoktur. Gerekli bilgileri savc\u0131l\u0131\u011fa verece\u011fim\u2026 Kendimi T\u00fcrk adaletine teslim ediyorum\u2026\u201d dedi.<\/p>\n","protected":false},"excerpt":{"rendered":"<p>D\u00fcsseldorf&#8217;ta milyonluk bina iddias\u0131, Melih G\u00f6k\u00e7ek hakk\u0131ndaki soru\u015fturman\u0131n dikkat \u00e7eken ba\u015fl\u0131klar\u0131ndan biri oldu. D\u00fcsseldorf&#8217;ta milyonluk bina iddias\u0131, eski ABB Ba\u015fkan\u0131 olan Melih G\u00f6k\u00e7ek hakk\u0131ndaki soru\u015fturman\u0131n dikkat \u00e7eken ba\u015fl\u0131klar\u0131ndan biri oldu. G\u00f6k\u00e7ek, Almanya&#8217;daki dairelerin nas\u0131l al\u0131nd\u0131\u011f\u0131n\u0131 ve paran\u0131n nas\u0131l g\u00f6nderildi\u011fini anlatt\u0131. Soru\u015fturma, Cumhuriyet yazar\u0131 Murat A\u011f\u0131rel&#8217;in G\u00f6k\u00e7ek ailesinin Almanya&#8217;daki \u015firketleri, gayrimenkul yat\u0131r\u0131mlar\u0131 ve para transferleri hakk\u0131nda [&hellip;]<\/p>\n","protected":false},"author":12791,"featured_media":171256,"comment_status":"open","ping_status":"open","sticky":false,"template":"","format":"standard","meta":{"_yoast_wpseo_focuskw":"Melih G\u00f6k\u00e7ek","_yoast_wpseo_title":"","_yoast_wpseo_metadesc":"D\u00fcsseldorf'ta milyonluk bina iddias\u0131, Melih G\u00f6k\u00e7ek hakk\u0131ndaki soru\u015fturman\u0131n dikkat \u00e7eken ba\u015fl\u0131klar\u0131ndan biri oldu.","_bbp_topic_count":0,"_bbp_reply_count":0,"_bbp_total_topic_count":0,"_bbp_total_reply_count":0,"_bbp_voice_count":0,"_bbp_anonymous_reply_count":0,"_bbp_topic_count_hidden":0,"_bbp_reply_count_hidden":0,"_bbp_forum_subforum_count":0,"footnotes":"","_yoast_wpseo_focuskw_text_input":""},"categories":[1,8138,8226],"tags":[1364,12561,3382,12562,4875],"yoast_head":"<!-- This site is optimized with the Yoast SEO plugin v23.0 - https:\/\/yoast.com\/wordpress\/plugins\/seo\/ -->\n<title>Melih G\u00f6k\u00e7ek Hakk\u0131nda Soru\u015fturma Ba\u015flat\u0131ld\u0131 - The Epoch Times TR<\/title>\n<meta name=\"description\" content=\"D\u00fcsseldorf&#039;ta milyonluk bina iddias\u0131, Melih G\u00f6k\u00e7ek hakk\u0131ndaki soru\u015fturman\u0131n dikkat \u00e7eken ba\u015fl\u0131klar\u0131ndan biri oldu.\" \/>\n<meta name=\"robots\" content=\"index, follow, max-snippet:-1, max-image-preview:large, max-video-preview:-1\" \/>\n<link rel=\"canonical\" href=\"https:\/\/epochtimestr.com\/index.php\/melih-gokcek-hakkinda-sorusturma-baslatildi\" \/>\n<meta property=\"og:locale\" content=\"tr_TR\" \/>\n<meta property=\"og:type\" content=\"article\" \/>\n<meta property=\"og:title\" content=\"Melih G\u00f6k\u00e7ek Hakk\u0131nda Soru\u015fturma Ba\u015flat\u0131ld\u0131 - The Epoch Times TR\" \/>\n<meta property=\"og:description\" content=\"D\u00fcsseldorf&#039;ta milyonluk bina iddias\u0131, Melih G\u00f6k\u00e7ek hakk\u0131ndaki soru\u015fturman\u0131n dikkat \u00e7eken ba\u015fl\u0131klar\u0131ndan biri oldu.\" \/>\n<meta property=\"og:url\" content=\"https:\/\/epochtimestr.com\/index.php\/melih-gokcek-hakkinda-sorusturma-baslatildi\" \/>\n<meta property=\"og:site_name\" content=\"The Epoch Times TR\" \/>\n<meta property=\"article:publisher\" content=\"https:\/\/www.facebook.com\/theepochtimestr\" \/>\n<meta property=\"article:published_time\" content=\"2026-08-31T13:41:50+00:00\" \/>\n<meta property=\"article:modified_time\" content=\"2026-08-31T13:41:53+00:00\" \/>\n<meta property=\"og:image\" content=\"https:\/\/epochtimestr.com\/wp-content\/uploads\/2011y\/melih-gokcek-x.jpg\" \/>\n\t<meta property=\"og:image:width\" content=\"971\" \/>\n\t<meta property=\"og:image:height\" content=\"551\" \/>\n\t<meta property=\"og:image:type\" content=\"image\/jpeg\" \/>\n<meta name=\"author\" content=\"Haber Merkezi\" \/>\n<meta name=\"twitter:card\" content=\"summary_large_image\" \/>\n<meta name=\"twitter:creator\" content=\"@TheEpochTimesTR\" \/>\n<meta name=\"twitter:site\" content=\"@TheEpochTimesTR\" \/>\n<meta name=\"twitter:label1\" content=\"Yazan:\" \/>\n\t<meta name=\"twitter:data1\" content=\"Haber Merkezi\" \/>\n\t<meta name=\"twitter:label2\" content=\"Tahmini okuma s\u00fcresi\" \/>\n\t<meta name=\"twitter:data2\" content=\"4 dakika\" \/>\n<script type=\"application\/ld+json\" class=\"yoast-schema-graph\">{\"@context\":\"https:\/\/schema.org\",\"@graph\":[{\"@type\":\"Article\",\"@id\":\"https:\/\/epochtimestr.com\/index.php\/melih-gokcek-hakkinda-sorusturma-baslatildi#article\",\"isPartOf\":{\"@id\":\"https:\/\/epochtimestr.com\/index.php\/melih-gokcek-hakkinda-sorusturma-baslatildi\"},\"author\":{\"name\":\"Haber Merkezi\",\"@id\":\"https:\/\/epochtimestr.com\/#\/schema\/person\/3dc5c3adeb9f43923c5aa85889172fdd\"},\"headline\":\"Melih G\u00f6k\u00e7ek Hakk\u0131nda Soru\u015fturma Ba\u015flat\u0131ld\u0131\",\"datePublished\":\"2026-08-31T13:41:50+00:00\",\"dateModified\":\"2026-08-31T13:41:53+00:00\",\"mainEntityOfPage\":{\"@id\":\"https:\/\/epochtimestr.com\/index.php\/melih-gokcek-hakkinda-sorusturma-baslatildi\"},\"wordCount\":742,\"commentCount\":0,\"publisher\":{\"@id\":\"https:\/\/epochtimestr.com\/#organization\"},\"image\":{\"@id\":\"https:\/\/epochtimestr.com\/index.php\/melih-gokcek-hakkinda-sorusturma-baslatildi#primaryimage\"},\"thumbnailUrl\":\"https:\/\/epochtimestr.com\/wp-content\/uploads\/2011y\/melih-gokcek-x.jpg\",\"keywords\":[\"Ankara Cumhuriyet Ba\u015fsavc\u0131l\u0131\u011f\u0131\",\"Eski ABB Ba\u015fkan\u0131\",\"Melih G\u00f6k\u00e7ek\",\"Murat A\u011f\u0131rel\",\"soru\u015fturma\"],\"articleSection\":[\"G\u00dcNDEM\",\"MAN\u015eET\",\"Siyaset\"],\"inLanguage\":\"tr\",\"potentialAction\":[{\"@type\":\"CommentAction\",\"name\":\"Comment\",\"target\":[\"https:\/\/epochtimestr.com\/index.php\/melih-gokcek-hakkinda-sorusturma-baslatildi#respond\"]}]},{\"@type\":\"WebPage\",\"@id\":\"https:\/\/epochtimestr.com\/index.php\/melih-gokcek-hakkinda-sorusturma-baslatildi\",\"url\":\"https:\/\/epochtimestr.com\/index.php\/melih-gokcek-hakkinda-sorusturma-baslatildi\",\"name\":\"Melih G\u00f6k\u00e7ek Hakk\u0131nda Soru\u015fturma Ba\u015flat\u0131ld\u0131 - The Epoch Times TR\",\"isPartOf\":{\"@id\":\"https:\/\/epochtimestr.com\/#website\"},\"primaryImageOfPage\":{\"@id\":\"https:\/\/epochtimestr.com\/index.php\/melih-gokcek-hakkinda-sorusturma-baslatildi#primaryimage\"},\"image\":{\"@id\":\"https:\/\/epochtimestr.com\/index.php\/melih-gokcek-hakkinda-sorusturma-baslatildi#primaryimage\"},\"thumbnailUrl\":\"https:\/\/epochtimestr.com\/wp-content\/uploads\/2011y\/melih-gokcek-x.jpg\",\"datePublished\":\"2026-08-31T13:41:50+00:00\",\"dateModified\":\"2026-08-31T13:41:53+00:00\",\"description\":\"D\u00fcsseldorf'ta milyonluk bina iddias\u0131, Melih G\u00f6k\u00e7ek hakk\u0131ndaki soru\u015fturman\u0131n dikkat \u00e7eken ba\u015fl\u0131klar\u0131ndan biri oldu.\",\"inLanguage\":\"tr\",\"potentialAction\":[{\"@type\":\"ReadAction\",\"target\":[\"https:\/\/epochtimestr.com\/index.php\/melih-gokcek-hakkinda-sorusturma-baslatildi\"]}]},{\"@type\":\"ImageObject\",\"inLanguage\":\"tr\",\"@id\":\"https:\/\/epochtimestr.com\/index.php\/melih-gokcek-hakkinda-sorusturma-baslatildi#primaryimage\",\"url\":\"https:\/\/epochtimestr.com\/wp-content\/uploads\/2011y\/melih-gokcek-x.jpg\",\"contentUrl\":\"https:\/\/epochtimestr.com\/wp-content\/uploads\/2011y\/melih-gokcek-x.jpg\",\"width\":971,\"height\":551},{\"@type\":\"WebSite\",\"@id\":\"https:\/\/epochtimestr.com\/#website\",\"url\":\"https:\/\/epochtimestr.com\/\",\"name\":\"The Epoch Times TR\",\"description\":\"De\u011fi\u015fen D\u00fcnyam\u0131za Taze Bir Bak\u0131\u015f\",\"publisher\":{\"@id\":\"https:\/\/epochtimestr.com\/#organization\"},\"potentialAction\":[{\"@type\":\"SearchAction\",\"target\":{\"@type\":\"EntryPoint\",\"urlTemplate\":\"https:\/\/epochtimestr.com\/?s={search_term_string}\"},\"query-input\":\"required name=search_term_string\"}],\"inLanguage\":\"tr\"},{\"@type\":\"Organization\",\"@id\":\"https:\/\/epochtimestr.com\/#organization\",\"name\":\"The EpochTimes T\u00fcrkiye\",\"url\":\"https:\/\/epochtimestr.com\/\",\"logo\":{\"@type\":\"ImageObject\",\"inLanguage\":\"tr\",\"@id\":\"https:\/\/epochtimestr.com\/#\/schema\/logo\/image\/\",\"url\":\"https:\/\/epochtimestr.com\/wp-content\/uploads\/2011y\/ET-Logo-YG.jpg\",\"contentUrl\":\"https:\/\/epochtimestr.com\/wp-content\/uploads\/2011y\/ET-Logo-YG.jpg\",\"width\":346,\"height\":29,\"caption\":\"The EpochTimes T\u00fcrkiye\"},\"image\":{\"@id\":\"https:\/\/epochtimestr.com\/#\/schema\/logo\/image\/\"},\"sameAs\":[\"https:\/\/www.facebook.com\/theepochtimestr\",\"https:\/\/x.com\/TheEpochTimesTR\",\"https:\/\/www.instagram.com\/epochtimestr\"]},{\"@type\":\"Person\",\"@id\":\"https:\/\/epochtimestr.com\/#\/schema\/person\/3dc5c3adeb9f43923c5aa85889172fdd\",\"name\":\"Haber Merkezi\",\"image\":{\"@type\":\"ImageObject\",\"inLanguage\":\"tr\",\"@id\":\"https:\/\/epochtimestr.com\/#\/schema\/person\/image\/\",\"url\":\"https:\/\/secure.gravatar.com\/avatar\/d73f772ba5a74f28601361e17c2f93e6?s=96&d=mm&r=g\",\"contentUrl\":\"https:\/\/secure.gravatar.com\/avatar\/d73f772ba5a74f28601361e17c2f93e6?s=96&d=mm&r=g\",\"caption\":\"Haber Merkezi\"},\"url\":\"https:\/\/epochtimestr.com\/index.php\/author\/sendag\"}]}<\/script>\n<!-- \/ Yoast SEO plugin. -->","yoast_head_json":{"title":"Melih G\u00f6k\u00e7ek Hakk\u0131nda Soru\u015fturma Ba\u015flat\u0131ld\u0131 - The Epoch Times TR","description":"D\u00fcsseldorf'ta milyonluk bina iddias\u0131, Melih G\u00f6k\u00e7ek hakk\u0131ndaki soru\u015fturman\u0131n dikkat \u00e7eken ba\u015fl\u0131klar\u0131ndan biri oldu.","robots":{"index":"index","follow":"follow","max-snippet":"max-snippet:-1","max-image-preview":"max-image-preview:large","max-video-preview":"max-video-preview:-1"},"canonical":"https:\/\/epochtimestr.com\/index.php\/melih-gokcek-hakkinda-sorusturma-baslatildi","og_locale":"tr_TR","og_type":"article","og_title":"Melih G\u00f6k\u00e7ek Hakk\u0131nda Soru\u015fturma Ba\u015flat\u0131ld\u0131 - The Epoch Times TR","og_description":"D\u00fcsseldorf'ta milyonluk bina iddias\u0131, Melih G\u00f6k\u00e7ek hakk\u0131ndaki soru\u015fturman\u0131n dikkat \u00e7eken ba\u015fl\u0131klar\u0131ndan biri oldu.","og_url":"https:\/\/epochtimestr.com\/index.php\/melih-gokcek-hakkinda-sorusturma-baslatildi","og_site_name":"The Epoch Times TR","article_publisher":"https:\/\/www.facebook.com\/theepochtimestr","article_published_time":"2026-08-31T13:41:50+00:00","article_modified_time":"2026-08-31T13:41:53+00:00","og_image":[{"width":971,"height":551,"url":"https:\/\/epochtimestr.com\/wp-content\/uploads\/2011y\/melih-gokcek-x.jpg","type":"image\/jpeg"}],"author":"Haber Merkezi","twitter_card":"summary_large_image","twitter_creator":"@TheEpochTimesTR","twitter_site":"@TheEpochTimesTR","twitter_misc":{"Yazan:":"Haber Merkezi","Tahmini okuma s\u00fcresi":"4 dakika"},"schema":{"@context":"https:\/\/schema.org","@graph":[{"@type":"Article","@id":"https:\/\/epochtimestr.com\/index.php\/melih-gokcek-hakkinda-sorusturma-baslatildi#article","isPartOf":{"@id":"https:\/\/epochtimestr.com\/index.php\/melih-gokcek-hakkinda-sorusturma-baslatildi"},"author":{"name":"Haber Merkezi","@id":"https:\/\/epochtimestr.com\/#\/schema\/person\/3dc5c3adeb9f43923c5aa85889172fdd"},"headline":"Melih G\u00f6k\u00e7ek Hakk\u0131nda Soru\u015fturma Ba\u015flat\u0131ld\u0131","datePublished":"2026-08-31T13:41:50+00:00","dateModified":"2026-08-31T13:41:53+00:00","mainEntityOfPage":{"@id":"https:\/\/epochtimestr.com\/index.php\/melih-gokcek-hakkinda-sorusturma-baslatildi"},"wordCount":742,"commentCount":0,"publisher":{"@id":"https:\/\/epochtimestr.com\/#organization"},"image":{"@id":"https:\/\/epochtimestr.com\/index.php\/melih-gokcek-hakkinda-sorusturma-baslatildi#primaryimage"},"thumbnailUrl":"https:\/\/epochtimestr.com\/wp-content\/uploads\/2011y\/melih-gokcek-x.jpg","keywords":["Ankara Cumhuriyet Ba\u015fsavc\u0131l\u0131\u011f\u0131","Eski ABB Ba\u015fkan\u0131","Melih G\u00f6k\u00e7ek","Murat A\u011f\u0131rel","soru\u015fturma"],"articleSection":["G\u00dcNDEM","MAN\u015eET","Siyaset"],"inLanguage":"tr","potentialAction":[{"@type":"CommentAction","name":"Comment","target":["https:\/\/epochtimestr.com\/index.php\/melih-gokcek-hakkinda-sorusturma-baslatildi#respond"]}]},{"@type":"WebPage","@id":"https:\/\/epochtimestr.com\/index.php\/melih-gokcek-hakkinda-sorusturma-baslatildi","url":"https:\/\/epochtimestr.com\/index.php\/melih-gokcek-hakkinda-sorusturma-baslatildi","name":"Melih G\u00f6k\u00e7ek Hakk\u0131nda Soru\u015fturma Ba\u015flat\u0131ld\u0131 - The Epoch Times TR","isPartOf":{"@id":"https:\/\/epochtimestr.com\/#website"},"primaryImageOfPage":{"@id":"https:\/\/epochtimestr.com\/index.php\/melih-gokcek-hakkinda-sorusturma-baslatildi#primaryimage"},"image":{"@id":"https:\/\/epochtimestr.com\/index.php\/melih-gokcek-hakkinda-sorusturma-baslatildi#primaryimage"},"thumbnailUrl":"https:\/\/epochtimestr.com\/wp-content\/uploads\/2011y\/melih-gokcek-x.jpg","datePublished":"2026-08-31T13:41:50+00:00","dateModified":"2026-08-31T13:41:53+00:00","description":"D\u00fcsseldorf'ta milyonluk bina iddias\u0131, Melih G\u00f6k\u00e7ek hakk\u0131ndaki soru\u015fturman\u0131n dikkat \u00e7eken ba\u015fl\u0131klar\u0131ndan biri oldu.","inLanguage":"tr","potentialAction":[{"@type":"ReadAction","target":["https:\/\/epochtimestr.com\/index.php\/melih-gokcek-hakkinda-sorusturma-baslatildi"]}]},{"@type":"ImageObject","inLanguage":"tr","@id":"https:\/\/epochtimestr.com\/index.php\/melih-gokcek-hakkinda-sorusturma-baslatildi#primaryimage","url":"https:\/\/epochtimestr.com\/wp-content\/uploads\/2011y\/melih-gokcek-x.jpg","contentUrl":"https:\/\/epochtimestr.com\/wp-content\/uploads\/2011y\/melih-gokcek-x.jpg","width":971,"height":551},{"@type":"WebSite","@id":"https:\/\/epochtimestr.com\/#website","url":"https:\/\/epochtimestr.com\/","name":"The Epoch Times TR","description":"De\u011fi\u015fen D\u00fcnyam\u0131za Taze Bir Bak\u0131\u015f","publisher":{"@id":"https:\/\/epochtimestr.com\/#organization"},"potentialAction":[{"@type":"SearchAction","target":{"@type":"EntryPoint","urlTemplate":"https:\/\/epochtimestr.com\/?s={search_term_string}"},"query-input":"required name=search_term_string"}],"inLanguage":"tr"},{"@type":"Organization","@id":"https:\/\/epochtimestr.com\/#organization","name":"The EpochTimes T\u00fcrkiye","url":"https:\/\/epochtimestr.com\/","logo":{"@type":"ImageObject","inLanguage":"tr","@id":"https:\/\/epochtimestr.com\/#\/schema\/logo\/image\/","url":"https:\/\/epochtimestr.com\/wp-content\/uploads\/2011y\/ET-Logo-YG.jpg","contentUrl":"https:\/\/epochtimestr.com\/wp-content\/uploads\/2011y\/ET-Logo-YG.jpg","width":346,"height":29,"caption":"The EpochTimes T\u00fcrkiye"},"image":{"@id":"https:\/\/epochtimestr.com\/#\/schema\/logo\/image\/"},"sameAs":["https:\/\/www.facebook.com\/theepochtimestr","https:\/\/x.com\/TheEpochTimesTR","https:\/\/www.instagram.com\/epochtimestr"]},{"@type":"Person","@id":"https:\/\/epochtimestr.com\/#\/schema\/person\/3dc5c3adeb9f43923c5aa85889172fdd","name":"Haber Merkezi","image":{"@type":"ImageObject","inLanguage":"tr","@id":"https:\/\/epochtimestr.com\/#\/schema\/person\/image\/","url":"https:\/\/secure.gravatar.com\/avatar\/d73f772ba5a74f28601361e17c2f93e6?s=96&d=mm&r=g","contentUrl":"https:\/\/secure.gravatar.com\/avatar\/d73f772ba5a74f28601361e17c2f93e6?s=96&d=mm&r=g","caption":"Haber Merkezi"},"url":"https:\/\/epochtimestr.com\/index.php\/author\/sendag"}]}},"_links":{"self":[{"href":"https:\/\/epochtimestr.com\/index.php\/wp-json\/wp\/v2\/posts\/171255"}],"collection":[{"href":"https:\/\/epochtimestr.com\/index.php\/wp-json\/wp\/v2\/posts"}],"about":[{"href":"https:\/\/epochtimestr.com\/index.php\/wp-json\/wp\/v2\/types\/post"}],"author":[{"embeddable":true,"href":"https:\/\/epochtimestr.com\/index.php\/wp-json\/wp\/v2\/users\/12791"}],"replies":[{"embeddable":true,"href":"https:\/\/epochtimestr.com\/index.php\/wp-json\/wp\/v2\/comments?post=171255"}],"version-history":[{"count":2,"href":"https:\/\/epochtimestr.com\/index.php\/wp-json\/wp\/v2\/posts\/171255\/revisions"}],"predecessor-version":[{"id":171272,"href":"https:\/\/epochtimestr.com\/index.php\/wp-json\/wp\/v2\/posts\/171255\/revisions\/171272"}],"wp:featuredmedia":[{"embeddable":true,"href":"https:\/\/epochtimestr.com\/index.php\/wp-json\/wp\/v2\/media\/171256"}],"wp:attachment":[{"href":"https:\/\/epochtimestr.com\/index.php\/wp-json\/wp\/v2\/media?parent=171255"}],"wp:term":[{"taxonomy":"category","embeddable":true,"href":"https:\/\/epochtimestr.com\/index.php\/wp-json\/wp\/v2\/categories?post=171255"},{"taxonomy":"post_tag","embeddable":true,"href":"https:\/\/epochtimestr.com\/index.php\/wp-json\/wp\/v2\/tags?post=171255"}],"curies":[{"name":"wp","href":"https:\/\/api.w.org\/{rel}","templated":true}]}}