{"id":171258,"date":"2026-08-31T17:46:31","date_gmt":"2026-08-31T14:46:31","guid":{"rendered":"https:\/\/epochtimestr.com\/?p=171258"},"modified":"2026-08-31T17:46:38","modified_gmt":"2026-08-31T14:46:38","slug":"imamoglu-yasaklanan-kitabinin-tanitim-videosunu-paylasti","status":"publish","type":"post","link":"https:\/\/epochtimestr.com\/index.php\/imamoglu-yasaklanan-kitabinin-tanitim-videosunu-paylasti","title":{"rendered":"\u0130mamo\u011flu Yasaklanan Kitab\u0131n\u0131n Tan\u0131t\u0131m Videosunu Payla\u015ft\u0131"},"content":{"rendered":"<div class=\"wp-block-image\">\n<figure class=\"aligncenter size-full\"><img loading=\"lazy\" decoding=\"async\" width=\"800\" height=\"536\" src=\"https:\/\/epochtimestr.com\/wp-content\/uploads\/2011y\/ekrem-imamoglu.com_-2.webp\" alt=\"\u0130mamo\u011flu yasaklanan kitab\u0131n\u0131n tan\u0131t\u0131m videosunu payla\u015ft\u0131. (Foto\u011fraf: Ekrem\u0130mamo\u011flu.com)\" class=\"wp-image-171259\" srcset=\"https:\/\/epochtimestr.com\/wp-content\/uploads\/2011y\/ekrem-imamoglu.com_-2.webp 800w, https:\/\/epochtimestr.com\/wp-content\/uploads\/2011y\/ekrem-imamoglu.com_-2-300x201.webp 300w, https:\/\/epochtimestr.com\/wp-content\/uploads\/2011y\/ekrem-imamoglu.com_-2-150x101.webp 150w, https:\/\/epochtimestr.com\/wp-content\/uploads\/2011y\/ekrem-imamoglu.com_-2-768x515.webp 768w\" sizes=\"(max-width: 800px) 100vw, 800px\" \/><figcaption class=\"wp-element-caption\">\u0130mamo\u011flu yasaklanan kitab\u0131n\u0131n tan\u0131t\u0131m videosunu payla\u015ft\u0131. (Foto\u011fraf: Ekrem\u0130mamo\u011flu.com)<\/figcaption><\/figure><\/div>\n\n\n<h2 class=\"wp-block-heading\">Tutuklu cumhurba\u015fkan\u0131 aday\u0131 ve \u0130BB Ba\u015fkan\u0131 Ekrem \u0130mamo\u011flu, okuyucuyla bulu\u015fmadan mahkemece yasaklanan \u201cMillet \u015eahidimdir\u201d kitab\u0131n\u0131n tan\u0131t\u0131m videosunu payla\u015ft\u0131.<\/h2>\n\n\n\n<p>Cumhurba\u015fkan\u0131 aday\u0131 ve <a href=\"https:\/\/epochtimestr.com\/index.php\/ozel-ibb-davasi-durusmalari-hakkinda-aciklamalarda-bulundu\" target=\"_blank\" rel=\"noreferrer noopener\">\u0130BB <\/a>Ba\u015fkan\u0131 Ekrem \u0130mamo\u011flu&#8217;nun mahkemedeki savunmalar\u0131n\u0131 bir araya getirdi\u011fi \u201c<a href=\"https:\/\/epochtimestr.com\/index.php\/imamoglunun-millet-sahidimdir-adli-basilmamis-kitabina-yasak\" target=\"_blank\" rel=\"noreferrer noopener\">Millet \u015eahidimdir<\/a>\u201d adl\u0131 kitap hen\u00fcz bask\u0131 a\u015famas\u0131ndayken, \u0130stanbul Cumhuriyet Ba\u015fsavc\u0131l\u0131\u011f\u0131\u2019n\u0131n talebi \u00fczerine da\u011f\u0131t\u0131lmas\u0131 ve sat\u0131\u015fa sunulmas\u0131 yasakland\u0131.<\/p>\n\n\n\n<p>\u0130mamo\u011flu, \u201cMillet \u015eahidimdir\u201d kitab\u0131n\u0131n tan\u0131t\u0131m videosunu Cumhurba\u015fkanl\u0131\u011f\u0131 Aday Ofisi hesab\u0131ndan payla\u015ft\u0131. \u0130mamo\u011flu, \u201cBir insan\u0131n s\u00f6z\u00fc d\u00f6rt duvar aras\u0131nda durdurulabilir mi? Bu s\u00f6zlerle duyuracakt\u0131m ve 30 A\u011fustos\u2019ta raflarda olacakt\u0131 Millet \u015eahidimdir. Millet oldu\u011fu s\u00fcrece sesim k\u0131s\u0131lamaz\u201d notunu d\u00fc\u015ft\u00fc.<\/p>\n\n\n\n<p><strong>\u0130mamo\u011flu&#8217;nun sosyal medya platformu X&#8217;teki Cumhurba\u015fkanl\u0131\u011f\u0131 Aday Ofisi hesab\u0131ndan yap\u0131lan o payla\u015f\u0131mda \u015fu ifadeler yer ald\u0131:<\/strong><\/p>\n\n\n\n<p>\u201cS\u00f6ylemek istediklerimi tam olarak anlatamad\u0131m. S\u00f6z\u00fcm defalarca kesildi, ertelendi, unutulmaya b\u0131rak\u0131ld\u0131. G\u00fcn\u00fc geldi\u011finde de susma hakk\u0131m\u0131 kulland\u0131\u011f\u0131m iddia edildi, tutana\u011fa ge\u00e7irildi. Ama bir insan\u0131n s\u00f6z\u00fc, d\u00f6rt duvar aras\u0131nda durdurulabilir mi?\u201d Bu s\u00f6zlerle duyuracakt\u0131m ve 30 A\u011fustos\u2019ta raflarda olacakt\u0131 \u201cMillet \u015eahidimdir\u201d Millet oldu\u011fu s\u00fcrece sesim k\u0131s\u0131lamaz.&#8221;<\/p>\n\n\n\n<p><strong>Kitab\u0131n anlat\u0131ld\u0131\u011f\u0131 videoda \u0130mamo\u011flu:<\/strong><\/p>\n\n\n\n<p>\u201c1,5 y\u0131ld\u0131r 12 metrekarelik bir h\u00fccredeyim. Duru\u015fmalar ba\u015flad\u0131\u011f\u0131ndan beri bana hep ayn\u0131 \u015fey s\u00f6ylendi, \u2018Savunma yaparken hepsine cevap verirsiniz\u2019 ama s\u00f6z\u00fcm kesildi. Savunmam ertelendi ve sonunda tutana\u011fa \u2018Susma hakk\u0131n\u0131 kullanm\u0131\u015ft\u0131r\u2019 yaz\u0131ld\u0131. Oysa ben susmad\u0131m. Beni susturmak istediler. Mahkemede anlatamad\u0131klar\u0131m\u0131 \u015fimdi anlat\u0131yorum. \u0130tirazlar\u0131m\u0131, sorular\u0131m\u0131, ya\u015fad\u0131klar\u0131m\u0131 ve ger\u00e7ekleri. \u00c7\u00fcnk\u00fc bir insan\u0131n s\u00f6z\u00fc d\u00f6rt duvar aras\u0131na hapsedilemez. Mahkeme beni dinlemeyebilir ama millet dinler. Millet g\u00f6r\u00fcr. Millet \u015fahittir. Savunma susturulamaz. Millet susturulamaz. Millet \u015fahidim. Benim s\u00f6ylemek istedi\u011fim her \u015fey \u015fimdi sizlerle.\u201d ifadeleri kulland\u0131.<\/p>\n\n\n\n<figure class=\"wp-block-embed is-type-rich is-provider-x wp-block-embed-x\"><div class=\"wp-block-embed__wrapper\">\n<blockquote class=\"twitter-tweet\" data-width=\"550\" data-dnt=\"true\"><p lang=\"tr\" dir=\"ltr\">\u201cS\u00f6ylemek istediklerimi tam olarak anlatamad\u0131m. S\u00f6z\u00fcm defalarca kesildi, ertelendi, unutulmaya b\u0131rak\u0131ld\u0131. G\u00fcn\u00fc geldi\u011finde de susma hakk\u0131m\u0131 kulland\u0131\u011f\u0131m iddia edildi, tutana\u011fa ge\u00e7irildi. <br><br>Ama bir insan\u0131n s\u00f6z\u00fc, d\u00f6rt duvar aras\u0131nda durdurulabilir mi?\u201d<br><br>Bu s\u00f6zlerle duyuracakt\u0131m ve 30\u2026 <a href=\"https:\/\/t.co\/7KtuYJDHyF\">pic.twitter.com\/7KtuYJDHyF<\/a><\/p>&mdash; Cumhurba\u015fkanl\u0131\u011f\u0131 Aday Ofisi (@CA_iletisim) <a href=\"https:\/\/x.com\/CA_iletisim\/status\/2094322377953804292?ref_src=twsrc%5Etfw\">August 31, 2026<\/a><\/blockquote><script async src=\"https:\/\/platform.x.com\/widgets.js\" charset=\"utf-8\"><\/script>\n<\/div><\/figure>\n","protected":false},"excerpt":{"rendered":"<p>Tutuklu cumhurba\u015fkan\u0131 aday\u0131 ve \u0130BB Ba\u015fkan\u0131 Ekrem \u0130mamo\u011flu, okuyucuyla bulu\u015fmadan mahkemece yasaklanan \u201cMillet \u015eahidimdir\u201d kitab\u0131n\u0131n tan\u0131t\u0131m videosunu payla\u015ft\u0131. Cumhurba\u015fkan\u0131 aday\u0131 ve \u0130BB Ba\u015fkan\u0131 Ekrem \u0130mamo\u011flu&#8217;nun mahkemedeki savunmalar\u0131n\u0131 bir araya getirdi\u011fi \u201cMillet \u015eahidimdir\u201d adl\u0131 kitap hen\u00fcz bask\u0131 a\u015famas\u0131ndayken, \u0130stanbul Cumhuriyet Ba\u015fsavc\u0131l\u0131\u011f\u0131\u2019n\u0131n talebi \u00fczerine da\u011f\u0131t\u0131lmas\u0131 ve sat\u0131\u015fa sunulmas\u0131 yasakland\u0131. \u0130mamo\u011flu, \u201cMillet \u015eahidimdir\u201d kitab\u0131n\u0131n tan\u0131t\u0131m videosunu Cumhurba\u015fkanl\u0131\u011f\u0131 Aday [&hellip;]<\/p>\n","protected":false},"author":12791,"featured_media":171259,"comment_status":"open","ping_status":"open","sticky":false,"template":"","format":"standard","meta":{"_yoast_wpseo_focuskw":"\u0130mamo\u011flu","_yoast_wpseo_title":"","_yoast_wpseo_metadesc":"Tutuklu \u0130BB Ba\u015fkan\u0131 Ekrem \u0130mamo\u011flu, okuyucuyla bulu\u015fmadan mahkemece yasaklanan \u201cMillet \u015eahidimdir\u201d kitab\u0131n\u0131n tan\u0131t\u0131m videosunu payla\u015ft\u0131.","_bbp_topic_count":0,"_bbp_reply_count":0,"_bbp_total_topic_count":0,"_bbp_total_reply_count":0,"_bbp_voice_count":0,"_bbp_anonymous_reply_count":0,"_bbp_topic_count_hidden":0,"_bbp_reply_count_hidden":0,"_bbp_forum_subforum_count":0,"footnotes":"","_yoast_wpseo_focuskw_text_input":""},"categories":[1,8138,8226,37],"tags":[12572,7419,5006,11631,619,12571],"yoast_head":"<!-- This site is optimized with the Yoast SEO plugin v23.0 - https:\/\/yoast.com\/wordpress\/plugins\/seo\/ -->\n<title>\u0130mamo\u011flu Yasaklanan Kitab\u0131n\u0131n Tan\u0131t\u0131m Videosunu Payla\u015ft\u0131 - The Epoch Times TR<\/title>\n<meta name=\"description\" content=\"Tutuklu \u0130BB Ba\u015fkan\u0131 Ekrem \u0130mamo\u011flu, okuyucuyla bulu\u015fmadan mahkemece yasaklanan \u201cMillet \u015eahidimdir\u201d kitab\u0131n\u0131n tan\u0131t\u0131m videosunu payla\u015ft\u0131.\" \/>\n<meta name=\"robots\" content=\"index, follow, max-snippet:-1, max-image-preview:large, max-video-preview:-1\" \/>\n<link rel=\"canonical\" href=\"https:\/\/epochtimestr.com\/index.php\/imamoglu-yasaklanan-kitabinin-tanitim-videosunu-paylasti\" \/>\n<meta property=\"og:locale\" content=\"tr_TR\" \/>\n<meta property=\"og:type\" content=\"article\" \/>\n<meta property=\"og:title\" content=\"\u0130mamo\u011flu Yasaklanan Kitab\u0131n\u0131n Tan\u0131t\u0131m Videosunu Payla\u015ft\u0131 - The Epoch Times TR\" \/>\n<meta property=\"og:description\" content=\"Tutuklu \u0130BB Ba\u015fkan\u0131 Ekrem \u0130mamo\u011flu, okuyucuyla bulu\u015fmadan mahkemece yasaklanan \u201cMillet \u015eahidimdir\u201d kitab\u0131n\u0131n tan\u0131t\u0131m videosunu payla\u015ft\u0131.\" \/>\n<meta property=\"og:url\" content=\"https:\/\/epochtimestr.com\/index.php\/imamoglu-yasaklanan-kitabinin-tanitim-videosunu-paylasti\" \/>\n<meta property=\"og:site_name\" content=\"The Epoch Times TR\" \/>\n<meta property=\"article:publisher\" content=\"https:\/\/www.facebook.com\/theepochtimestr\" \/>\n<meta property=\"article:published_time\" content=\"2026-08-31T14:46:31+00:00\" \/>\n<meta property=\"article:modified_time\" content=\"2026-08-31T14:46:38+00:00\" \/>\n<meta property=\"og:image\" content=\"https:\/\/epochtimestr.com\/wp-content\/uploads\/2011y\/ekrem-imamoglu.com_-2.webp\" \/>\n\t<meta property=\"og:image:width\" content=\"800\" \/>\n\t<meta property=\"og:image:height\" content=\"536\" \/>\n\t<meta property=\"og:image:type\" content=\"image\/webp\" \/>\n<meta name=\"author\" content=\"Haber Merkezi\" \/>\n<meta name=\"twitter:card\" content=\"summary_large_image\" \/>\n<meta name=\"twitter:creator\" content=\"@TheEpochTimesTR\" \/>\n<meta name=\"twitter:site\" content=\"@TheEpochTimesTR\" \/>\n<meta name=\"twitter:label1\" content=\"Yazan:\" \/>\n\t<meta name=\"twitter:data1\" content=\"Haber Merkezi\" \/>\n\t<meta name=\"twitter:label2\" content=\"Tahmini okuma s\u00fcresi\" \/>\n\t<meta name=\"twitter:data2\" content=\"2 dakika\" \/>\n<script type=\"application\/ld+json\" class=\"yoast-schema-graph\">{\"@context\":\"https:\/\/schema.org\",\"@graph\":[{\"@type\":\"Article\",\"@id\":\"https:\/\/epochtimestr.com\/index.php\/imamoglu-yasaklanan-kitabinin-tanitim-videosunu-paylasti#article\",\"isPartOf\":{\"@id\":\"https:\/\/epochtimestr.com\/index.php\/imamoglu-yasaklanan-kitabinin-tanitim-videosunu-paylasti\"},\"author\":{\"name\":\"Haber Merkezi\",\"@id\":\"https:\/\/epochtimestr.com\/#\/schema\/person\/3dc5c3adeb9f43923c5aa85889172fdd\"},\"headline\":\"\u0130mamo\u011flu Yasaklanan Kitab\u0131n\u0131n Tan\u0131t\u0131m Videosunu Payla\u015ft\u0131\",\"datePublished\":\"2026-08-31T14:46:31+00:00\",\"dateModified\":\"2026-08-31T14:46:38+00:00\",\"mainEntityOfPage\":{\"@id\":\"https:\/\/epochtimestr.com\/index.php\/imamoglu-yasaklanan-kitabinin-tanitim-videosunu-paylasti\"},\"wordCount\":370,\"commentCount\":0,\"publisher\":{\"@id\":\"https:\/\/epochtimestr.com\/#organization\"},\"image\":{\"@id\":\"https:\/\/epochtimestr.com\/index.php\/imamoglu-yasaklanan-kitabinin-tanitim-videosunu-paylasti#primaryimage\"},\"thumbnailUrl\":\"https:\/\/epochtimestr.com\/wp-content\/uploads\/2011y\/ekrem-imamoglu.com_-2.webp\",\"keywords\":[\"Cumhurba\u015fkanl\u0131\u011f\u0131 Aday Ofisi\",\"Ekrem \u0130mamo\u011flu\",\"\u0130BB\",\"\u0130stanbul Cumhuriyet Ba\u015fsavc\u0131l\u0131\u011f\u0131\",\"kitap\",\"Millet \u015eahidimdir\"],\"articleSection\":[\"G\u00dcNDEM\",\"MAN\u015eET\",\"Siyaset\",\"T\u00dcRK\u0130YE\"],\"inLanguage\":\"tr\",\"potentialAction\":[{\"@type\":\"CommentAction\",\"name\":\"Comment\",\"target\":[\"https:\/\/epochtimestr.com\/index.php\/imamoglu-yasaklanan-kitabinin-tanitim-videosunu-paylasti#respond\"]}]},{\"@type\":\"WebPage\",\"@id\":\"https:\/\/epochtimestr.com\/index.php\/imamoglu-yasaklanan-kitabinin-tanitim-videosunu-paylasti\",\"url\":\"https:\/\/epochtimestr.com\/index.php\/imamoglu-yasaklanan-kitabinin-tanitim-videosunu-paylasti\",\"name\":\"\u0130mamo\u011flu Yasaklanan Kitab\u0131n\u0131n Tan\u0131t\u0131m Videosunu Payla\u015ft\u0131 - The Epoch Times TR\",\"isPartOf\":{\"@id\":\"https:\/\/epochtimestr.com\/#website\"},\"primaryImageOfPage\":{\"@id\":\"https:\/\/epochtimestr.com\/index.php\/imamoglu-yasaklanan-kitabinin-tanitim-videosunu-paylasti#primaryimage\"},\"image\":{\"@id\":\"https:\/\/epochtimestr.com\/index.php\/imamoglu-yasaklanan-kitabinin-tanitim-videosunu-paylasti#primaryimage\"},\"thumbnailUrl\":\"https:\/\/epochtimestr.com\/wp-content\/uploads\/2011y\/ekrem-imamoglu.com_-2.webp\",\"datePublished\":\"2026-08-31T14:46:31+00:00\",\"dateModified\":\"2026-08-31T14:46:38+00:00\",\"description\":\"Tutuklu \u0130BB Ba\u015fkan\u0131 Ekrem \u0130mamo\u011flu, okuyucuyla bulu\u015fmadan mahkemece yasaklanan \u201cMillet \u015eahidimdir\u201d kitab\u0131n\u0131n tan\u0131t\u0131m videosunu payla\u015ft\u0131.\",\"inLanguage\":\"tr\",\"potentialAction\":[{\"@type\":\"ReadAction\",\"target\":[\"https:\/\/epochtimestr.com\/index.php\/imamoglu-yasaklanan-kitabinin-tanitim-videosunu-paylasti\"]}]},{\"@type\":\"ImageObject\",\"inLanguage\":\"tr\",\"@id\":\"https:\/\/epochtimestr.com\/index.php\/imamoglu-yasaklanan-kitabinin-tanitim-videosunu-paylasti#primaryimage\",\"url\":\"https:\/\/epochtimestr.com\/wp-content\/uploads\/2011y\/ekrem-imamoglu.com_-2.webp\",\"contentUrl\":\"https:\/\/epochtimestr.com\/wp-content\/uploads\/2011y\/ekrem-imamoglu.com_-2.webp\",\"width\":800,\"height\":536},{\"@type\":\"WebSite\",\"@id\":\"https:\/\/epochtimestr.com\/#website\",\"url\":\"https:\/\/epochtimestr.com\/\",\"name\":\"The Epoch Times TR\",\"description\":\"De\u011fi\u015fen D\u00fcnyam\u0131za Taze Bir Bak\u0131\u015f\",\"publisher\":{\"@id\":\"https:\/\/epochtimestr.com\/#organization\"},\"potentialAction\":[{\"@type\":\"SearchAction\",\"target\":{\"@type\":\"EntryPoint\",\"urlTemplate\":\"https:\/\/epochtimestr.com\/?s={search_term_string}\"},\"query-input\":\"required name=search_term_string\"}],\"inLanguage\":\"tr\"},{\"@type\":\"Organization\",\"@id\":\"https:\/\/epochtimestr.com\/#organization\",\"name\":\"The EpochTimes T\u00fcrkiye\",\"url\":\"https:\/\/epochtimestr.com\/\",\"logo\":{\"@type\":\"ImageObject\",\"inLanguage\":\"tr\",\"@id\":\"https:\/\/epochtimestr.com\/#\/schema\/logo\/image\/\",\"url\":\"https:\/\/epochtimestr.com\/wp-content\/uploads\/2011y\/ET-Logo-YG.jpg\",\"contentUrl\":\"https:\/\/epochtimestr.com\/wp-content\/uploads\/2011y\/ET-Logo-YG.jpg\",\"width\":346,\"height\":29,\"caption\":\"The EpochTimes T\u00fcrkiye\"},\"image\":{\"@id\":\"https:\/\/epochtimestr.com\/#\/schema\/logo\/image\/\"},\"sameAs\":[\"https:\/\/www.facebook.com\/theepochtimestr\",\"https:\/\/x.com\/TheEpochTimesTR\",\"https:\/\/www.instagram.com\/epochtimestr\"]},{\"@type\":\"Person\",\"@id\":\"https:\/\/epochtimestr.com\/#\/schema\/person\/3dc5c3adeb9f43923c5aa85889172fdd\",\"name\":\"Haber Merkezi\",\"image\":{\"@type\":\"ImageObject\",\"inLanguage\":\"tr\",\"@id\":\"https:\/\/epochtimestr.com\/#\/schema\/person\/image\/\",\"url\":\"https:\/\/secure.gravatar.com\/avatar\/d73f772ba5a74f28601361e17c2f93e6?s=96&d=mm&r=g\",\"contentUrl\":\"https:\/\/secure.gravatar.com\/avatar\/d73f772ba5a74f28601361e17c2f93e6?s=96&d=mm&r=g\",\"caption\":\"Haber Merkezi\"},\"url\":\"https:\/\/epochtimestr.com\/index.php\/author\/sendag\"}]}<\/script>\n<!-- \/ Yoast SEO plugin. -->","yoast_head_json":{"title":"\u0130mamo\u011flu Yasaklanan Kitab\u0131n\u0131n Tan\u0131t\u0131m Videosunu Payla\u015ft\u0131 - The Epoch Times TR","description":"Tutuklu \u0130BB Ba\u015fkan\u0131 Ekrem \u0130mamo\u011flu, okuyucuyla bulu\u015fmadan mahkemece yasaklanan \u201cMillet \u015eahidimdir\u201d kitab\u0131n\u0131n tan\u0131t\u0131m videosunu payla\u015ft\u0131.","robots":{"index":"index","follow":"follow","max-snippet":"max-snippet:-1","max-image-preview":"max-image-preview:large","max-video-preview":"max-video-preview:-1"},"canonical":"https:\/\/epochtimestr.com\/index.php\/imamoglu-yasaklanan-kitabinin-tanitim-videosunu-paylasti","og_locale":"tr_TR","og_type":"article","og_title":"\u0130mamo\u011flu Yasaklanan Kitab\u0131n\u0131n Tan\u0131t\u0131m Videosunu Payla\u015ft\u0131 - The Epoch Times TR","og_description":"Tutuklu \u0130BB Ba\u015fkan\u0131 Ekrem \u0130mamo\u011flu, okuyucuyla bulu\u015fmadan mahkemece yasaklanan \u201cMillet \u015eahidimdir\u201d kitab\u0131n\u0131n tan\u0131t\u0131m videosunu payla\u015ft\u0131.","og_url":"https:\/\/epochtimestr.com\/index.php\/imamoglu-yasaklanan-kitabinin-tanitim-videosunu-paylasti","og_site_name":"The Epoch Times TR","article_publisher":"https:\/\/www.facebook.com\/theepochtimestr","article_published_time":"2026-08-31T14:46:31+00:00","article_modified_time":"2026-08-31T14:46:38+00:00","og_image":[{"width":800,"height":536,"url":"https:\/\/epochtimestr.com\/wp-content\/uploads\/2011y\/ekrem-imamoglu.com_-2.webp","type":"image\/webp"}],"author":"Haber Merkezi","twitter_card":"summary_large_image","twitter_creator":"@TheEpochTimesTR","twitter_site":"@TheEpochTimesTR","twitter_misc":{"Yazan:":"Haber Merkezi","Tahmini okuma s\u00fcresi":"2 dakika"},"schema":{"@context":"https:\/\/schema.org","@graph":[{"@type":"Article","@id":"https:\/\/epochtimestr.com\/index.php\/imamoglu-yasaklanan-kitabinin-tanitim-videosunu-paylasti#article","isPartOf":{"@id":"https:\/\/epochtimestr.com\/index.php\/imamoglu-yasaklanan-kitabinin-tanitim-videosunu-paylasti"},"author":{"name":"Haber Merkezi","@id":"https:\/\/epochtimestr.com\/#\/schema\/person\/3dc5c3adeb9f43923c5aa85889172fdd"},"headline":"\u0130mamo\u011flu Yasaklanan Kitab\u0131n\u0131n Tan\u0131t\u0131m Videosunu Payla\u015ft\u0131","datePublished":"2026-08-31T14:46:31+00:00","dateModified":"2026-08-31T14:46:38+00:00","mainEntityOfPage":{"@id":"https:\/\/epochtimestr.com\/index.php\/imamoglu-yasaklanan-kitabinin-tanitim-videosunu-paylasti"},"wordCount":370,"commentCount":0,"publisher":{"@id":"https:\/\/epochtimestr.com\/#organization"},"image":{"@id":"https:\/\/epochtimestr.com\/index.php\/imamoglu-yasaklanan-kitabinin-tanitim-videosunu-paylasti#primaryimage"},"thumbnailUrl":"https:\/\/epochtimestr.com\/wp-content\/uploads\/2011y\/ekrem-imamoglu.com_-2.webp","keywords":["Cumhurba\u015fkanl\u0131\u011f\u0131 Aday Ofisi","Ekrem \u0130mamo\u011flu","\u0130BB","\u0130stanbul Cumhuriyet Ba\u015fsavc\u0131l\u0131\u011f\u0131","kitap","Millet \u015eahidimdir"],"articleSection":["G\u00dcNDEM","MAN\u015eET","Siyaset","T\u00dcRK\u0130YE"],"inLanguage":"tr","potentialAction":[{"@type":"CommentAction","name":"Comment","target":["https:\/\/epochtimestr.com\/index.php\/imamoglu-yasaklanan-kitabinin-tanitim-videosunu-paylasti#respond"]}]},{"@type":"WebPage","@id":"https:\/\/epochtimestr.com\/index.php\/imamoglu-yasaklanan-kitabinin-tanitim-videosunu-paylasti","url":"https:\/\/epochtimestr.com\/index.php\/imamoglu-yasaklanan-kitabinin-tanitim-videosunu-paylasti","name":"\u0130mamo\u011flu Yasaklanan Kitab\u0131n\u0131n Tan\u0131t\u0131m Videosunu Payla\u015ft\u0131 - The Epoch Times TR","isPartOf":{"@id":"https:\/\/epochtimestr.com\/#website"},"primaryImageOfPage":{"@id":"https:\/\/epochtimestr.com\/index.php\/imamoglu-yasaklanan-kitabinin-tanitim-videosunu-paylasti#primaryimage"},"image":{"@id":"https:\/\/epochtimestr.com\/index.php\/imamoglu-yasaklanan-kitabinin-tanitim-videosunu-paylasti#primaryimage"},"thumbnailUrl":"https:\/\/epochtimestr.com\/wp-content\/uploads\/2011y\/ekrem-imamoglu.com_-2.webp","datePublished":"2026-08-31T14:46:31+00:00","dateModified":"2026-08-31T14:46:38+00:00","description":"Tutuklu \u0130BB Ba\u015fkan\u0131 Ekrem \u0130mamo\u011flu, okuyucuyla bulu\u015fmadan mahkemece yasaklanan \u201cMillet \u015eahidimdir\u201d kitab\u0131n\u0131n tan\u0131t\u0131m videosunu payla\u015ft\u0131.","inLanguage":"tr","potentialAction":[{"@type":"ReadAction","target":["https:\/\/epochtimestr.com\/index.php\/imamoglu-yasaklanan-kitabinin-tanitim-videosunu-paylasti"]}]},{"@type":"ImageObject","inLanguage":"tr","@id":"https:\/\/epochtimestr.com\/index.php\/imamoglu-yasaklanan-kitabinin-tanitim-videosunu-paylasti#primaryimage","url":"https:\/\/epochtimestr.com\/wp-content\/uploads\/2011y\/ekrem-imamoglu.com_-2.webp","contentUrl":"https:\/\/epochtimestr.com\/wp-content\/uploads\/2011y\/ekrem-imamoglu.com_-2.webp","width":800,"height":536},{"@type":"WebSite","@id":"https:\/\/epochtimestr.com\/#website","url":"https:\/\/epochtimestr.com\/","name":"The Epoch Times TR","description":"De\u011fi\u015fen D\u00fcnyam\u0131za Taze Bir Bak\u0131\u015f","publisher":{"@id":"https:\/\/epochtimestr.com\/#organization"},"potentialAction":[{"@type":"SearchAction","target":{"@type":"EntryPoint","urlTemplate":"https:\/\/epochtimestr.com\/?s={search_term_string}"},"query-input":"required name=search_term_string"}],"inLanguage":"tr"},{"@type":"Organization","@id":"https:\/\/epochtimestr.com\/#organization","name":"The EpochTimes T\u00fcrkiye","url":"https:\/\/epochtimestr.com\/","logo":{"@type":"ImageObject","inLanguage":"tr","@id":"https:\/\/epochtimestr.com\/#\/schema\/logo\/image\/","url":"https:\/\/epochtimestr.com\/wp-content\/uploads\/2011y\/ET-Logo-YG.jpg","contentUrl":"https:\/\/epochtimestr.com\/wp-content\/uploads\/2011y\/ET-Logo-YG.jpg","width":346,"height":29,"caption":"The EpochTimes T\u00fcrkiye"},"image":{"@id":"https:\/\/epochtimestr.com\/#\/schema\/logo\/image\/"},"sameAs":["https:\/\/www.facebook.com\/theepochtimestr","https:\/\/x.com\/TheEpochTimesTR","https:\/\/www.instagram.com\/epochtimestr"]},{"@type":"Person","@id":"https:\/\/epochtimestr.com\/#\/schema\/person\/3dc5c3adeb9f43923c5aa85889172fdd","name":"Haber Merkezi","image":{"@type":"ImageObject","inLanguage":"tr","@id":"https:\/\/epochtimestr.com\/#\/schema\/person\/image\/","url":"https:\/\/secure.gravatar.com\/avatar\/d73f772ba5a74f28601361e17c2f93e6?s=96&d=mm&r=g","contentUrl":"https:\/\/secure.gravatar.com\/avatar\/d73f772ba5a74f28601361e17c2f93e6?s=96&d=mm&r=g","caption":"Haber Merkezi"},"url":"https:\/\/epochtimestr.com\/index.php\/author\/sendag"}]}},"_links":{"self":[{"href":"https:\/\/epochtimestr.com\/index.php\/wp-json\/wp\/v2\/posts\/171258"}],"collection":[{"href":"https:\/\/epochtimestr.com\/index.php\/wp-json\/wp\/v2\/posts"}],"about":[{"href":"https:\/\/epochtimestr.com\/index.php\/wp-json\/wp\/v2\/types\/post"}],"author":[{"embeddable":true,"href":"https:\/\/epochtimestr.com\/index.php\/wp-json\/wp\/v2\/users\/12791"}],"replies":[{"embeddable":true,"href":"https:\/\/epochtimestr.com\/index.php\/wp-json\/wp\/v2\/comments?post=171258"}],"version-history":[{"count":2,"href":"https:\/\/epochtimestr.com\/index.php\/wp-json\/wp\/v2\/posts\/171258\/revisions"}],"predecessor-version":[{"id":171274,"href":"https:\/\/epochtimestr.com\/index.php\/wp-json\/wp\/v2\/posts\/171258\/revisions\/171274"}],"wp:featuredmedia":[{"embeddable":true,"href":"https:\/\/epochtimestr.com\/index.php\/wp-json\/wp\/v2\/media\/171259"}],"wp:attachment":[{"href":"https:\/\/epochtimestr.com\/index.php\/wp-json\/wp\/v2\/media?parent=171258"}],"wp:term":[{"taxonomy":"category","embeddable":true,"href":"https:\/\/epochtimestr.com\/index.php\/wp-json\/wp\/v2\/categories?post=171258"},{"taxonomy":"post_tag","embeddable":true,"href":"https:\/\/epochtimestr.com\/index.php\/wp-json\/wp\/v2\/tags?post=171258"}],"curies":[{"name":"wp","href":"https:\/\/api.w.org\/{rel}","templated":true}]}}