{"id":171281,"date":"2026-09-01T08:16:50","date_gmt":"2026-09-01T05:16:50","guid":{"rendered":"https:\/\/epochtimestr.com\/?p=171281"},"modified":"2026-09-01T08:16:52","modified_gmt":"2026-09-01T05:16:52","slug":"mehmet-simsek-cari-acik-ikinci-ceyrekte-389-milyar-dolar","status":"publish","type":"post","link":"https:\/\/epochtimestr.com\/index.php\/mehmet-simsek-cari-acik-ikinci-ceyrekte-389-milyar-dolar","title":{"rendered":"Mehmet \u015eim\u015fek: Cari A\u00e7\u0131k \u0130kinci \u00c7eyrekte 38,9 milyar Dolar"},"content":{"rendered":"<div class=\"wp-block-image\">\n<figure class=\"aligncenter size-full\"><img loading=\"lazy\" decoding=\"async\" width=\"864\" height=\"486\" src=\"https:\/\/epochtimestr.com\/wp-content\/uploads\/2011y\/mehmet-simsek-13.jpg\" alt=\"\" class=\"wp-image-160248\" srcset=\"https:\/\/epochtimestr.com\/wp-content\/uploads\/2011y\/mehmet-simsek-13.jpg 864w, https:\/\/epochtimestr.com\/wp-content\/uploads\/2011y\/mehmet-simsek-13-300x169.jpg 300w, https:\/\/epochtimestr.com\/wp-content\/uploads\/2011y\/mehmet-simsek-13-150x84.jpg 150w, https:\/\/epochtimestr.com\/wp-content\/uploads\/2011y\/mehmet-simsek-13-768x432.jpg 768w\" sizes=\"(max-width: 864px) 100vw, 864px\" \/><\/figure><\/div>\n\n\n<h2 class=\"wp-block-heading\">T\u00fcrkiye ekonomisi, jeopolitik gerilimlerin \u00f6ne \u00e7\u0131kt\u0131\u011f\u0131 2026 y\u0131l\u0131n\u0131n ikinci \u00e7eyre\u011finde zorlu k\u00fcresel ko\u015fullara ra\u011fmen \u00e7eyreklik y\u00fczde 1,1, y\u0131ll\u0131k y\u00fczde 2,3 b\u00fcy\u00fcd\u00fc.<\/h2>\n\n\n\n<p>Hazine ve Maliye Bakan\u0131 Mehmet \u015eim\u015fek, ikinci \u00e7eyrek b\u00fcy\u00fcme rakamlar\u0131n\u0131 <a href=\"https:\/\/epochtimestr.com\/index.php\/bakan-simsek-motorin-fiyatlarini-degerlendirdi\" target=\"_blank\" rel=\"noreferrer noopener\">de\u011ferlendirdi<\/a>. Gayrisafi Yurt \u0130\u00e7i Has\u0131la (GSYH) sonu\u00e7lar\u0131na ili\u015fkin de\u011ferlendirmede bulunan Hazine ve Maliye Bakan\u0131 Mehmet \u015eim\u015fek, &#8220;Y\u0131ll\u0131kland\u0131r\u0131lm\u0131\u015f <a href=\"https:\/\/epochtimestr.com\/index.php\/tcmb-mayis-ayi-cari-acik-verisini-acikladi\" target=\"_blank\" rel=\"noreferrer noopener\">cari a\u00e7\u0131k<\/a> ikinci \u00e7eyrekte 38,9 milyar dolar olurken cari a\u00e7\u0131\u011f\u0131n milli gelire oran\u0131 y\u00fczde 2,3 ile s\u00fcrd\u00fcr\u00fclebilir seviyelerde kald\u0131. Kay\u0131t d\u0131\u015f\u0131l\u0131kla m\u00fccadele, g\u00fc\u00e7lenen vergide adalet ve harcama disiplini sayesinde \u00f6nemli bir mali alan sa\u011flad\u0131k&#8221; dedi.<\/p>\n\n\n\n<p>Bakan \u015eim\u015fek, T\u00fcrkiye \u0130statistik Kurumu\u2019un (T\u00dc\u0130K), y\u0131l\u0131n ikinci \u00e7eyre\u011fine (nisan-haziran d\u00f6nemi) ili\u015fkin Gayrisafi Yurt \u0130\u00e7i Has\u0131la (GSYH) sonu\u00e7lar\u0131n\u0131 da de\u011ferlendirdi. \u015eim\u015fek, y\u0131ll\u0131kland\u0131r\u0131lm\u0131\u015f milli gelirin 1,7 trilyon dolar\u0131 a\u015ft\u0131\u011f\u0131n\u0131 belirterek, ekonominin g\u00fc\u00e7lenen makroekonomik temellerinin \u015foklara kar\u015f\u0131 direnci art\u0131rd\u0131\u011f\u0131n\u0131 ifade etti.<\/p>\n\n\n\n<p>Bakanl\u0131\u011f\u0131n sosyal medya hesab\u0131ndan yap\u0131lan payla\u015f\u0131ma g\u00f6re teknoloji yo\u011fun sekt\u00f6rlerin sundu\u011fu katk\u0131yla sanayi katma de\u011ferinin y\u0131ll\u0131k y\u00fczde 2,4 artt\u0131\u011f\u0131n\u0131 bildiren \u015eim\u015fek, tar\u0131m sekt\u00f6r\u00fcn\u00fcn y\u00fczde 13,3 ile g\u00fc\u00e7l\u00fc bir b\u00fcy\u00fcme performans\u0131 sergilemeye devam etti\u011fini belirtti.<\/p>\n\n\n\n<p>Harcama taraf\u0131nda ise \u00f6zel t\u00fcketimin y\u00fczde 3,5, yat\u0131r\u0131mlar\u0131n ise y\u00fczde 0,6 oran\u0131nda b\u00fcy\u00fcd\u00fc\u011f\u00fcn\u00fc aktaran \u015eim\u015fek, net d\u0131\u015f talebin de b\u00fcy\u00fcmeye pozitif katk\u0131 vermesiyle birlikte ekonominin hem i\u00e7 hem de d\u0131\u015f talebin deste\u011fiyle dengeli bir patikada ilerledi\u011fini ifade etti.<\/p>\n\n\n\n<figure class=\"wp-block-embed is-type-rich is-provider-x wp-block-embed-x\"><div class=\"wp-block-embed__wrapper\">\n<blockquote class=\"twitter-tweet\" data-width=\"550\" data-dnt=\"true\"><p lang=\"tr\" dir=\"ltr\">Hazine ve Maliye Bakan\u0131m\u0131z Say\u0131n Mehmet \u015e\u0130M\u015eEK\u2019in ( <a href=\"https:\/\/x.com\/memetsimsek?ref_src=twsrc%5Etfw\">@memetsimsek<\/a> ) 2026 Y\u0131l\u0131 II. \u00c7eyrek Gayrisafi Yurt \u0130\u00e7i H\u00e2s\u0131la (GSYH) B\u00fcy\u00fcmesine \u0130li\u015fkin De\u011ferlendirmesi- 31.08.2026 <a href=\"https:\/\/t.co\/LIcXtmLPmW\">pic.twitter.com\/LIcXtmLPmW<\/a><\/p>&mdash; T.C. Hazine ve Maliye Bakanl\u0131\u011f\u0131 (@HMBakanligi) <a href=\"https:\/\/x.com\/HMBakanligi\/status\/2094337395105706223?ref_src=twsrc%5Etfw\">August 31, 2026<\/a><\/blockquote><script async src=\"https:\/\/platform.x.com\/widgets.js\" charset=\"utf-8\"><\/script>\n<\/div><\/figure>\n\n\n\n<h3 class=\"wp-block-heading\">&#8220;Cari a\u00e7\u0131k s\u00fcrd\u00fcr\u00fclebilir seviyelerde.&#8221;<\/h3>\n\n\n\n<p>Jeopolitik geli\u015fmelerin T\u00fcrkiye&#8217;nin ticaret ortaklar\u0131 \u00fczerindeki etkilerine ve ba\u015fta enerji olmak \u00fczere emtia fiyatlar\u0131ndaki t\u0131rman\u0131\u015fa dikkat \u00e7eken \u015eim\u015fek, y\u0131ll\u0131kland\u0131r\u0131lm\u0131\u015f cari a\u00e7\u0131\u011f\u0131n ikinci \u00e7eyrekte 38,9 milyar dolar seviyesinde ger\u00e7ekle\u015fti\u011fini belirtti. Bu rakam\u0131n milli gelire oran\u0131n\u0131n y\u00fczde 2,3 d\u00fczeyinde kald\u0131\u011f\u0131na i\u015faret eden Bakan \u015eim\u015fek, cari a\u00e7\u0131\u011f\u0131n s\u00fcrd\u00fcr\u00fclebilir seviyelerde tutuldu\u011funu vurgulad\u0131.<\/p>\n\n\n\n<p>Mali politikadaki geli\u015fmelere de de\u011finen \u015eim\u015fek kay\u0131t d\u0131\u015f\u0131l\u0131kla m\u00fccadele, vergide adaletin g\u00fc\u00e7lendirilmesi ve harcama disiplini sayesinde \u00f6nemli bir mali alan olu\u015fturduklar\u0131n\u0131 ifade etti. K\u00fcresel fiyat \u015foklar\u0131n\u0131n vatanda\u015flar \u00fczerindeki etkisini s\u0131n\u0131rlamak ve dezenflasyon s\u00fcrecini desteklemek ad\u0131na e\u015fel mobil uygulamas\u0131 arac\u0131l\u0131\u011f\u0131yla \u00f6nemli miktarda vergi gelirinden vazge\u00e7ildi\u011fini hat\u0131rlatan \u015eim\u015fek, buna ra\u011fmen b\u00fct\u00e7e performans\u0131n\u0131n olumlu seyrini korudu\u011funun alt\u0131n\u0131 \u00e7izdi.<\/p>\n\n\n\n<p><strong>&#8220;\u00d6n\u00fcm\u00fczdeki d\u00f6nemde b\u00fcy\u00fcmenin kademeli olarak artmas\u0131n\u0131 bekliyoruz<\/strong>.&#8221;<\/p>\n\n\n\n<p>T\u00fcrkiye&#8217;nin bor\u00e7 stoku g\u00f6stergelerine ili\u015fkin de veri payla\u015fan \u015eim\u015fek, ikinci \u00e7eyrek itibar\u0131yla br\u00fct d\u0131\u015f bor\u00e7 stokunun milli gelire oran\u0131n\u0131n y\u00fczde 31,6 seviyesinde yatay seyretti\u011fini bildirdi. T\u00fcrkiye\u2019nin toplam borcunun milli gelire oran\u0131n\u0131n y\u00fczde 91 seviyesinde bulundu\u011funu, bu oran\u0131n y\u00fczde 229 olan geli\u015fmekte olan \u00fclkeler ortalamas\u0131n\u0131n ve y\u00fczde 306 olan d\u00fcnya ortalamas\u0131n\u0131n olduk\u00e7a alt\u0131nda kald\u0131\u011f\u0131n\u0131 vurgulad\u0131.<\/p>\n\n\n\n<p>T\u00fcrkiye ekonomisinin g\u00fc\u00e7lenen makroekonomik temellerinin d\u0131\u015f \u015foklara kar\u015f\u0131 direnci art\u0131rd\u0131\u011f\u0131n\u0131 belirten \u015eim\u015fek, dezenflasyon s\u00fcrecindeki ilerleme ve daha destekleyici k\u00fcresel ko\u015fullar sayesinde \u00f6n\u00fcm\u00fczdeki d\u00f6nemde b\u00fcy\u00fcmenin kademeli olarak artmas\u0131n\u0131 beklediklerini s\u00f6yledi.<\/p>\n\n\n\n<p><strong>\u00d6n\u00fcm\u00fczdeki d\u00f6neme ili\u015fkin hedefler<\/strong>:<\/p>\n\n\n\n<p>&#8220;2027-2029 d\u00f6nemi Orta Vadeli Program\u0131 ile fiyat istikrar\u0131n\u0131 sa\u011flamak, teknolojik d\u00f6n\u00fc\u015f\u00fcm ve verimlilik art\u0131\u015f\u0131yla b\u00fcy\u00fcme potansiyelimizi g\u00fc\u00e7lendirmek ve kal\u0131c\u0131 refah art\u0131\u015f\u0131n\u0131 temin etmek i\u00e7in yol haritam\u0131z\u0131 ortaya koyaca\u011f\u0131z.&#8221; dedi.<\/p>\n\n\n<div class=\"wp-block-image\">\n<figure class=\"aligncenter size-large\"><img loading=\"lazy\" decoding=\"async\" width=\"991\" height=\"1200\" src=\"https:\/\/epochtimestr.com\/wp-content\/uploads\/2011y\/simsek-GSYH-991x1200.jpg\" alt=\"\" class=\"wp-image-171284\" srcset=\"https:\/\/epochtimestr.com\/wp-content\/uploads\/2011y\/simsek-GSYH-991x1200.jpg 991w, https:\/\/epochtimestr.com\/wp-content\/uploads\/2011y\/simsek-GSYH-248x300.jpg 248w, https:\/\/epochtimestr.com\/wp-content\/uploads\/2011y\/simsek-GSYH-124x150.jpg 124w, https:\/\/epochtimestr.com\/wp-content\/uploads\/2011y\/simsek-GSYH-768x930.jpg 768w, https:\/\/epochtimestr.com\/wp-content\/uploads\/2011y\/simsek-GSYH-1268x1536.jpg 1268w, https:\/\/epochtimestr.com\/wp-content\/uploads\/2011y\/simsek-GSYH-180x217.jpg 180w, https:\/\/epochtimestr.com\/wp-content\/uploads\/2011y\/simsek-GSYH-267x322.jpg 267w, https:\/\/epochtimestr.com\/wp-content\/uploads\/2011y\/simsek-GSYH-368x445.jpg 368w, https:\/\/epochtimestr.com\/wp-content\/uploads\/2011y\/simsek-GSYH.jpg 1321w\" sizes=\"(max-width: 991px) 100vw, 991px\" \/><\/figure><\/div>","protected":false},"excerpt":{"rendered":"<p>T\u00fcrkiye ekonomisi, jeopolitik gerilimlerin \u00f6ne \u00e7\u0131kt\u0131\u011f\u0131 2026 y\u0131l\u0131n\u0131n ikinci \u00e7eyre\u011finde zorlu k\u00fcresel ko\u015fullara ra\u011fmen \u00e7eyreklik y\u00fczde 1,1, y\u0131ll\u0131k y\u00fczde 2,3 b\u00fcy\u00fcd\u00fc. Hazine ve Maliye Bakan\u0131 Mehmet \u015eim\u015fek, ikinci \u00e7eyrek b\u00fcy\u00fcme rakamlar\u0131n\u0131 de\u011ferlendirdi. Gayrisafi Yurt \u0130\u00e7i Has\u0131la (GSYH) sonu\u00e7lar\u0131na ili\u015fkin de\u011ferlendirmede bulunan Hazine ve Maliye Bakan\u0131 Mehmet \u015eim\u015fek, &#8220;Y\u0131ll\u0131kland\u0131r\u0131lm\u0131\u015f cari a\u00e7\u0131k ikinci \u00e7eyrekte 38,9 milyar dolar [&hellip;]<\/p>\n","protected":false},"author":12791,"featured_media":160248,"comment_status":"open","ping_status":"open","sticky":false,"template":"","format":"standard","meta":{"_yoast_wpseo_focuskw":"Mehmet \u015fim\u015fek","_yoast_wpseo_title":"","_yoast_wpseo_metadesc":"Hazine ve Maliye Bakan\u0131 Mehmet \u015eim\u015fek, jeopolitik gerilimlerin \u00f6ne \u00e7\u0131kt\u0131\u011f\u0131 2026 y\u0131l\u0131n\u0131n ikinci \u00e7eyrek b\u00fcy\u00fcme rakamlar\u0131n\u0131 de\u011ferlendirdi.","_bbp_topic_count":0,"_bbp_reply_count":0,"_bbp_total_topic_count":0,"_bbp_total_reply_count":0,"_bbp_voice_count":0,"_bbp_anonymous_reply_count":0,"_bbp_topic_count_hidden":0,"_bbp_reply_count_hidden":0,"_bbp_forum_subforum_count":0,"footnotes":"","_yoast_wpseo_focuskw_text_input":""},"categories":[8225,1,8138],"tags":[11711,12581,12580,11424,9002,12582,12583,4573],"yoast_head":"<!-- This site is optimized with the Yoast SEO plugin v23.0 - https:\/\/yoast.com\/wordpress\/plugins\/seo\/ -->\n<title>Mehmet \u015eim\u015fek: Cari A\u00e7\u0131k \u0130kinci \u00c7eyrekte 38,9 milyar Dolar - The Epoch Times TR<\/title>\n<meta name=\"description\" content=\"Hazine ve Maliye Bakan\u0131 Mehmet \u015eim\u015fek, jeopolitik gerilimlerin \u00f6ne \u00e7\u0131kt\u0131\u011f\u0131 2026 y\u0131l\u0131n\u0131n ikinci \u00e7eyrek b\u00fcy\u00fcme rakamlar\u0131n\u0131 de\u011ferlendirdi.\" \/>\n<meta name=\"robots\" content=\"index, follow, max-snippet:-1, max-image-preview:large, max-video-preview:-1\" \/>\n<link rel=\"canonical\" href=\"https:\/\/epochtimestr.com\/index.php\/mehmet-simsek-cari-acik-ikinci-ceyrekte-389-milyar-dolar\" \/>\n<meta property=\"og:locale\" content=\"tr_TR\" \/>\n<meta property=\"og:type\" content=\"article\" \/>\n<meta property=\"og:title\" content=\"Mehmet \u015eim\u015fek: Cari A\u00e7\u0131k \u0130kinci \u00c7eyrekte 38,9 milyar Dolar - The Epoch Times TR\" \/>\n<meta property=\"og:description\" content=\"Hazine ve Maliye Bakan\u0131 Mehmet \u015eim\u015fek, jeopolitik gerilimlerin \u00f6ne \u00e7\u0131kt\u0131\u011f\u0131 2026 y\u0131l\u0131n\u0131n ikinci \u00e7eyrek b\u00fcy\u00fcme rakamlar\u0131n\u0131 de\u011ferlendirdi.\" \/>\n<meta property=\"og:url\" content=\"https:\/\/epochtimestr.com\/index.php\/mehmet-simsek-cari-acik-ikinci-ceyrekte-389-milyar-dolar\" \/>\n<meta property=\"og:site_name\" content=\"The Epoch Times TR\" \/>\n<meta property=\"article:publisher\" content=\"https:\/\/www.facebook.com\/theepochtimestr\" \/>\n<meta property=\"article:published_time\" content=\"2026-09-01T05:16:50+00:00\" \/>\n<meta property=\"article:modified_time\" content=\"2026-09-01T05:16:52+00:00\" \/>\n<meta property=\"og:image\" content=\"https:\/\/epochtimestr.com\/wp-content\/uploads\/2011y\/mehmet-simsek-13.jpg\" \/>\n\t<meta property=\"og:image:width\" content=\"864\" \/>\n\t<meta property=\"og:image:height\" content=\"486\" \/>\n\t<meta property=\"og:image:type\" content=\"image\/jpeg\" \/>\n<meta name=\"author\" content=\"Haber Merkezi\" \/>\n<meta name=\"twitter:card\" content=\"summary_large_image\" \/>\n<meta name=\"twitter:creator\" content=\"@TheEpochTimesTR\" \/>\n<meta name=\"twitter:site\" content=\"@TheEpochTimesTR\" \/>\n<meta name=\"twitter:label1\" content=\"Yazan:\" \/>\n\t<meta name=\"twitter:data1\" content=\"Haber Merkezi\" \/>\n\t<meta name=\"twitter:label2\" content=\"Tahmini okuma s\u00fcresi\" \/>\n\t<meta name=\"twitter:data2\" content=\"4 dakika\" \/>\n<script type=\"application\/ld+json\" class=\"yoast-schema-graph\">{\"@context\":\"https:\/\/schema.org\",\"@graph\":[{\"@type\":\"Article\",\"@id\":\"https:\/\/epochtimestr.com\/index.php\/mehmet-simsek-cari-acik-ikinci-ceyrekte-389-milyar-dolar#article\",\"isPartOf\":{\"@id\":\"https:\/\/epochtimestr.com\/index.php\/mehmet-simsek-cari-acik-ikinci-ceyrekte-389-milyar-dolar\"},\"author\":{\"name\":\"Haber Merkezi\",\"@id\":\"https:\/\/epochtimestr.com\/#\/schema\/person\/3dc5c3adeb9f43923c5aa85889172fdd\"},\"headline\":\"Mehmet \u015eim\u015fek: Cari A\u00e7\u0131k \u0130kinci \u00c7eyrekte 38,9 milyar Dolar\",\"datePublished\":\"2026-09-01T05:16:50+00:00\",\"dateModified\":\"2026-09-01T05:16:52+00:00\",\"mainEntityOfPage\":{\"@id\":\"https:\/\/epochtimestr.com\/index.php\/mehmet-simsek-cari-acik-ikinci-ceyrekte-389-milyar-dolar\"},\"wordCount\":660,\"commentCount\":0,\"publisher\":{\"@id\":\"https:\/\/epochtimestr.com\/#organization\"},\"image\":{\"@id\":\"https:\/\/epochtimestr.com\/index.php\/mehmet-simsek-cari-acik-ikinci-ceyrekte-389-milyar-dolar#primaryimage\"},\"thumbnailUrl\":\"https:\/\/epochtimestr.com\/wp-content\/uploads\/2011y\/mehmet-simsek-13.jpg\",\"keywords\":[\"cari a\u00e7\u0131k\",\"dezenflasyon s\u00fcreci\",\"d\u0131\u015f bor\u00e7\",\"GSYH\",\"Hazine ve Maliye Bakan\u0131 Mehmet \u015eim\u015fek\",\"kay\u0131t d\u0131\u015f\u0131l\u0131kla m\u00fccadele\",\"K\u00fcresel fiyat \u015foklar\u0131\",\"T\u00dc\u0130K\"],\"articleSection\":[\"Ekonomi\",\"G\u00dcNDEM\",\"MAN\u015eET\"],\"inLanguage\":\"tr\",\"potentialAction\":[{\"@type\":\"CommentAction\",\"name\":\"Comment\",\"target\":[\"https:\/\/epochtimestr.com\/index.php\/mehmet-simsek-cari-acik-ikinci-ceyrekte-389-milyar-dolar#respond\"]}]},{\"@type\":\"WebPage\",\"@id\":\"https:\/\/epochtimestr.com\/index.php\/mehmet-simsek-cari-acik-ikinci-ceyrekte-389-milyar-dolar\",\"url\":\"https:\/\/epochtimestr.com\/index.php\/mehmet-simsek-cari-acik-ikinci-ceyrekte-389-milyar-dolar\",\"name\":\"Mehmet \u015eim\u015fek: Cari A\u00e7\u0131k \u0130kinci \u00c7eyrekte 38,9 milyar Dolar - The Epoch Times TR\",\"isPartOf\":{\"@id\":\"https:\/\/epochtimestr.com\/#website\"},\"primaryImageOfPage\":{\"@id\":\"https:\/\/epochtimestr.com\/index.php\/mehmet-simsek-cari-acik-ikinci-ceyrekte-389-milyar-dolar#primaryimage\"},\"image\":{\"@id\":\"https:\/\/epochtimestr.com\/index.php\/mehmet-simsek-cari-acik-ikinci-ceyrekte-389-milyar-dolar#primaryimage\"},\"thumbnailUrl\":\"https:\/\/epochtimestr.com\/wp-content\/uploads\/2011y\/mehmet-simsek-13.jpg\",\"datePublished\":\"2026-09-01T05:16:50+00:00\",\"dateModified\":\"2026-09-01T05:16:52+00:00\",\"description\":\"Hazine ve Maliye Bakan\u0131 Mehmet \u015eim\u015fek, jeopolitik gerilimlerin \u00f6ne \u00e7\u0131kt\u0131\u011f\u0131 2026 y\u0131l\u0131n\u0131n ikinci \u00e7eyrek b\u00fcy\u00fcme rakamlar\u0131n\u0131 de\u011ferlendirdi.\",\"inLanguage\":\"tr\",\"potentialAction\":[{\"@type\":\"ReadAction\",\"target\":[\"https:\/\/epochtimestr.com\/index.php\/mehmet-simsek-cari-acik-ikinci-ceyrekte-389-milyar-dolar\"]}]},{\"@type\":\"ImageObject\",\"inLanguage\":\"tr\",\"@id\":\"https:\/\/epochtimestr.com\/index.php\/mehmet-simsek-cari-acik-ikinci-ceyrekte-389-milyar-dolar#primaryimage\",\"url\":\"https:\/\/epochtimestr.com\/wp-content\/uploads\/2011y\/mehmet-simsek-13.jpg\",\"contentUrl\":\"https:\/\/epochtimestr.com\/wp-content\/uploads\/2011y\/mehmet-simsek-13.jpg\",\"width\":864,\"height\":486},{\"@type\":\"WebSite\",\"@id\":\"https:\/\/epochtimestr.com\/#website\",\"url\":\"https:\/\/epochtimestr.com\/\",\"name\":\"The Epoch Times TR\",\"description\":\"De\u011fi\u015fen D\u00fcnyam\u0131za Taze Bir Bak\u0131\u015f\",\"publisher\":{\"@id\":\"https:\/\/epochtimestr.com\/#organization\"},\"potentialAction\":[{\"@type\":\"SearchAction\",\"target\":{\"@type\":\"EntryPoint\",\"urlTemplate\":\"https:\/\/epochtimestr.com\/?s={search_term_string}\"},\"query-input\":\"required name=search_term_string\"}],\"inLanguage\":\"tr\"},{\"@type\":\"Organization\",\"@id\":\"https:\/\/epochtimestr.com\/#organization\",\"name\":\"The EpochTimes T\u00fcrkiye\",\"url\":\"https:\/\/epochtimestr.com\/\",\"logo\":{\"@type\":\"ImageObject\",\"inLanguage\":\"tr\",\"@id\":\"https:\/\/epochtimestr.com\/#\/schema\/logo\/image\/\",\"url\":\"https:\/\/epochtimestr.com\/wp-content\/uploads\/2011y\/ET-Logo-YG.jpg\",\"contentUrl\":\"https:\/\/epochtimestr.com\/wp-content\/uploads\/2011y\/ET-Logo-YG.jpg\",\"width\":346,\"height\":29,\"caption\":\"The EpochTimes T\u00fcrkiye\"},\"image\":{\"@id\":\"https:\/\/epochtimestr.com\/#\/schema\/logo\/image\/\"},\"sameAs\":[\"https:\/\/www.facebook.com\/theepochtimestr\",\"https:\/\/x.com\/TheEpochTimesTR\",\"https:\/\/www.instagram.com\/epochtimestr\"]},{\"@type\":\"Person\",\"@id\":\"https:\/\/epochtimestr.com\/#\/schema\/person\/3dc5c3adeb9f43923c5aa85889172fdd\",\"name\":\"Haber Merkezi\",\"image\":{\"@type\":\"ImageObject\",\"inLanguage\":\"tr\",\"@id\":\"https:\/\/epochtimestr.com\/#\/schema\/person\/image\/\",\"url\":\"https:\/\/secure.gravatar.com\/avatar\/d73f772ba5a74f28601361e17c2f93e6?s=96&d=mm&r=g\",\"contentUrl\":\"https:\/\/secure.gravatar.com\/avatar\/d73f772ba5a74f28601361e17c2f93e6?s=96&d=mm&r=g\",\"caption\":\"Haber Merkezi\"},\"url\":\"https:\/\/epochtimestr.com\/index.php\/author\/sendag\"}]}<\/script>\n<!-- \/ Yoast SEO plugin. -->","yoast_head_json":{"title":"Mehmet \u015eim\u015fek: Cari A\u00e7\u0131k \u0130kinci \u00c7eyrekte 38,9 milyar Dolar - The Epoch Times TR","description":"Hazine ve Maliye Bakan\u0131 Mehmet \u015eim\u015fek, jeopolitik gerilimlerin \u00f6ne \u00e7\u0131kt\u0131\u011f\u0131 2026 y\u0131l\u0131n\u0131n ikinci \u00e7eyrek b\u00fcy\u00fcme rakamlar\u0131n\u0131 de\u011ferlendirdi.","robots":{"index":"index","follow":"follow","max-snippet":"max-snippet:-1","max-image-preview":"max-image-preview:large","max-video-preview":"max-video-preview:-1"},"canonical":"https:\/\/epochtimestr.com\/index.php\/mehmet-simsek-cari-acik-ikinci-ceyrekte-389-milyar-dolar","og_locale":"tr_TR","og_type":"article","og_title":"Mehmet \u015eim\u015fek: Cari A\u00e7\u0131k \u0130kinci \u00c7eyrekte 38,9 milyar Dolar - The Epoch Times TR","og_description":"Hazine ve Maliye Bakan\u0131 Mehmet \u015eim\u015fek, jeopolitik gerilimlerin \u00f6ne \u00e7\u0131kt\u0131\u011f\u0131 2026 y\u0131l\u0131n\u0131n ikinci \u00e7eyrek b\u00fcy\u00fcme rakamlar\u0131n\u0131 de\u011ferlendirdi.","og_url":"https:\/\/epochtimestr.com\/index.php\/mehmet-simsek-cari-acik-ikinci-ceyrekte-389-milyar-dolar","og_site_name":"The Epoch Times TR","article_publisher":"https:\/\/www.facebook.com\/theepochtimestr","article_published_time":"2026-09-01T05:16:50+00:00","article_modified_time":"2026-09-01T05:16:52+00:00","og_image":[{"width":864,"height":486,"url":"https:\/\/epochtimestr.com\/wp-content\/uploads\/2011y\/mehmet-simsek-13.jpg","type":"image\/jpeg"}],"author":"Haber Merkezi","twitter_card":"summary_large_image","twitter_creator":"@TheEpochTimesTR","twitter_site":"@TheEpochTimesTR","twitter_misc":{"Yazan:":"Haber Merkezi","Tahmini okuma s\u00fcresi":"4 dakika"},"schema":{"@context":"https:\/\/schema.org","@graph":[{"@type":"Article","@id":"https:\/\/epochtimestr.com\/index.php\/mehmet-simsek-cari-acik-ikinci-ceyrekte-389-milyar-dolar#article","isPartOf":{"@id":"https:\/\/epochtimestr.com\/index.php\/mehmet-simsek-cari-acik-ikinci-ceyrekte-389-milyar-dolar"},"author":{"name":"Haber Merkezi","@id":"https:\/\/epochtimestr.com\/#\/schema\/person\/3dc5c3adeb9f43923c5aa85889172fdd"},"headline":"Mehmet \u015eim\u015fek: Cari A\u00e7\u0131k \u0130kinci \u00c7eyrekte 38,9 milyar Dolar","datePublished":"2026-09-01T05:16:50+00:00","dateModified":"2026-09-01T05:16:52+00:00","mainEntityOfPage":{"@id":"https:\/\/epochtimestr.com\/index.php\/mehmet-simsek-cari-acik-ikinci-ceyrekte-389-milyar-dolar"},"wordCount":660,"commentCount":0,"publisher":{"@id":"https:\/\/epochtimestr.com\/#organization"},"image":{"@id":"https:\/\/epochtimestr.com\/index.php\/mehmet-simsek-cari-acik-ikinci-ceyrekte-389-milyar-dolar#primaryimage"},"thumbnailUrl":"https:\/\/epochtimestr.com\/wp-content\/uploads\/2011y\/mehmet-simsek-13.jpg","keywords":["cari a\u00e7\u0131k","dezenflasyon s\u00fcreci","d\u0131\u015f bor\u00e7","GSYH","Hazine ve Maliye Bakan\u0131 Mehmet \u015eim\u015fek","kay\u0131t d\u0131\u015f\u0131l\u0131kla m\u00fccadele","K\u00fcresel fiyat \u015foklar\u0131","T\u00dc\u0130K"],"articleSection":["Ekonomi","G\u00dcNDEM","MAN\u015eET"],"inLanguage":"tr","potentialAction":[{"@type":"CommentAction","name":"Comment","target":["https:\/\/epochtimestr.com\/index.php\/mehmet-simsek-cari-acik-ikinci-ceyrekte-389-milyar-dolar#respond"]}]},{"@type":"WebPage","@id":"https:\/\/epochtimestr.com\/index.php\/mehmet-simsek-cari-acik-ikinci-ceyrekte-389-milyar-dolar","url":"https:\/\/epochtimestr.com\/index.php\/mehmet-simsek-cari-acik-ikinci-ceyrekte-389-milyar-dolar","name":"Mehmet \u015eim\u015fek: Cari A\u00e7\u0131k \u0130kinci \u00c7eyrekte 38,9 milyar Dolar - The Epoch Times TR","isPartOf":{"@id":"https:\/\/epochtimestr.com\/#website"},"primaryImageOfPage":{"@id":"https:\/\/epochtimestr.com\/index.php\/mehmet-simsek-cari-acik-ikinci-ceyrekte-389-milyar-dolar#primaryimage"},"image":{"@id":"https:\/\/epochtimestr.com\/index.php\/mehmet-simsek-cari-acik-ikinci-ceyrekte-389-milyar-dolar#primaryimage"},"thumbnailUrl":"https:\/\/epochtimestr.com\/wp-content\/uploads\/2011y\/mehmet-simsek-13.jpg","datePublished":"2026-09-01T05:16:50+00:00","dateModified":"2026-09-01T05:16:52+00:00","description":"Hazine ve Maliye Bakan\u0131 Mehmet \u015eim\u015fek, jeopolitik gerilimlerin \u00f6ne \u00e7\u0131kt\u0131\u011f\u0131 2026 y\u0131l\u0131n\u0131n ikinci \u00e7eyrek b\u00fcy\u00fcme rakamlar\u0131n\u0131 de\u011ferlendirdi.","inLanguage":"tr","potentialAction":[{"@type":"ReadAction","target":["https:\/\/epochtimestr.com\/index.php\/mehmet-simsek-cari-acik-ikinci-ceyrekte-389-milyar-dolar"]}]},{"@type":"ImageObject","inLanguage":"tr","@id":"https:\/\/epochtimestr.com\/index.php\/mehmet-simsek-cari-acik-ikinci-ceyrekte-389-milyar-dolar#primaryimage","url":"https:\/\/epochtimestr.com\/wp-content\/uploads\/2011y\/mehmet-simsek-13.jpg","contentUrl":"https:\/\/epochtimestr.com\/wp-content\/uploads\/2011y\/mehmet-simsek-13.jpg","width":864,"height":486},{"@type":"WebSite","@id":"https:\/\/epochtimestr.com\/#website","url":"https:\/\/epochtimestr.com\/","name":"The Epoch Times TR","description":"De\u011fi\u015fen D\u00fcnyam\u0131za Taze Bir Bak\u0131\u015f","publisher":{"@id":"https:\/\/epochtimestr.com\/#organization"},"potentialAction":[{"@type":"SearchAction","target":{"@type":"EntryPoint","urlTemplate":"https:\/\/epochtimestr.com\/?s={search_term_string}"},"query-input":"required name=search_term_string"}],"inLanguage":"tr"},{"@type":"Organization","@id":"https:\/\/epochtimestr.com\/#organization","name":"The EpochTimes T\u00fcrkiye","url":"https:\/\/epochtimestr.com\/","logo":{"@type":"ImageObject","inLanguage":"tr","@id":"https:\/\/epochtimestr.com\/#\/schema\/logo\/image\/","url":"https:\/\/epochtimestr.com\/wp-content\/uploads\/2011y\/ET-Logo-YG.jpg","contentUrl":"https:\/\/epochtimestr.com\/wp-content\/uploads\/2011y\/ET-Logo-YG.jpg","width":346,"height":29,"caption":"The EpochTimes T\u00fcrkiye"},"image":{"@id":"https:\/\/epochtimestr.com\/#\/schema\/logo\/image\/"},"sameAs":["https:\/\/www.facebook.com\/theepochtimestr","https:\/\/x.com\/TheEpochTimesTR","https:\/\/www.instagram.com\/epochtimestr"]},{"@type":"Person","@id":"https:\/\/epochtimestr.com\/#\/schema\/person\/3dc5c3adeb9f43923c5aa85889172fdd","name":"Haber Merkezi","image":{"@type":"ImageObject","inLanguage":"tr","@id":"https:\/\/epochtimestr.com\/#\/schema\/person\/image\/","url":"https:\/\/secure.gravatar.com\/avatar\/d73f772ba5a74f28601361e17c2f93e6?s=96&d=mm&r=g","contentUrl":"https:\/\/secure.gravatar.com\/avatar\/d73f772ba5a74f28601361e17c2f93e6?s=96&d=mm&r=g","caption":"Haber Merkezi"},"url":"https:\/\/epochtimestr.com\/index.php\/author\/sendag"}]}},"_links":{"self":[{"href":"https:\/\/epochtimestr.com\/index.php\/wp-json\/wp\/v2\/posts\/171281"}],"collection":[{"href":"https:\/\/epochtimestr.com\/index.php\/wp-json\/wp\/v2\/posts"}],"about":[{"href":"https:\/\/epochtimestr.com\/index.php\/wp-json\/wp\/v2\/types\/post"}],"author":[{"embeddable":true,"href":"https:\/\/epochtimestr.com\/index.php\/wp-json\/wp\/v2\/users\/12791"}],"replies":[{"embeddable":true,"href":"https:\/\/epochtimestr.com\/index.php\/wp-json\/wp\/v2\/comments?post=171281"}],"version-history":[{"count":3,"href":"https:\/\/epochtimestr.com\/index.php\/wp-json\/wp\/v2\/posts\/171281\/revisions"}],"predecessor-version":[{"id":171308,"href":"https:\/\/epochtimestr.com\/index.php\/wp-json\/wp\/v2\/posts\/171281\/revisions\/171308"}],"wp:featuredmedia":[{"embeddable":true,"href":"https:\/\/epochtimestr.com\/index.php\/wp-json\/wp\/v2\/media\/160248"}],"wp:attachment":[{"href":"https:\/\/epochtimestr.com\/index.php\/wp-json\/wp\/v2\/media?parent=171281"}],"wp:term":[{"taxonomy":"category","embeddable":true,"href":"https:\/\/epochtimestr.com\/index.php\/wp-json\/wp\/v2\/categories?post=171281"},{"taxonomy":"post_tag","embeddable":true,"href":"https:\/\/epochtimestr.com\/index.php\/wp-json\/wp\/v2\/tags?post=171281"}],"curies":[{"name":"wp","href":"https:\/\/api.w.org\/{rel}","templated":true}]}}