{"id":171297,"date":"2026-09-01T08:31:48","date_gmt":"2026-09-01T05:31:48","guid":{"rendered":"https:\/\/epochtimestr.com\/?p=171297"},"modified":"2026-09-01T08:31:56","modified_gmt":"2026-09-01T05:31:56","slug":"ozgur-ozel-yeni-parti-genel-merkezine-ilk-gelisinde-konustu","status":"publish","type":"post","link":"https:\/\/epochtimestr.com\/index.php\/ozgur-ozel-yeni-parti-genel-merkezine-ilk-gelisinde-konustu","title":{"rendered":"\u00d6zg\u00fcr \u00d6zel Yeni Parti Genel Merkezi&#8217;ne \u0130lk Geli\u015finde Konu\u015ftu"},"content":{"rendered":"<div class=\"wp-block-image\">\n<figure class=\"aligncenter size-full\"><img loading=\"lazy\" decoding=\"async\" width=\"1845\" height=\"923\" src=\"https:\/\/epochtimestr.com\/wp-content\/uploads\/2011y\/ozel2-10.jpg\" alt=\"\u00d6zg\u00fcr \u00d6zel Yeni Parti Genel Merkezi'ne ilk geli\u015finde konu\u015ftu. (Foto\u011fraf: YEN\u0130 Parti x hesab\u0131)\" class=\"wp-image-171298\" srcset=\"https:\/\/epochtimestr.com\/wp-content\/uploads\/2011y\/ozel2-10.jpg 1845w, https:\/\/epochtimestr.com\/wp-content\/uploads\/2011y\/ozel2-10-300x150.jpg 300w, https:\/\/epochtimestr.com\/wp-content\/uploads\/2011y\/ozel2-10-150x75.jpg 150w, https:\/\/epochtimestr.com\/wp-content\/uploads\/2011y\/ozel2-10-768x384.jpg 768w, https:\/\/epochtimestr.com\/wp-content\/uploads\/2011y\/ozel2-10-1536x768.jpg 1536w\" sizes=\"(max-width: 1845px) 100vw, 1845px\" \/><figcaption class=\"wp-element-caption\">\u00d6zg\u00fcr \u00d6zel Yeni Parti Genel Merkezi&#8217;ne ilk geli\u015finde konu\u015ftu. (Foto\u011fraf: YEN\u0130 Parti x hesab\u0131)<\/figcaption><\/figure><\/div>\n\n\n<h2 class=\"wp-block-heading\">YEN\u0130 Parti Genel Ba\u015fkan\u0131 \u00d6zg\u00fcr \u00d6zel, partisinin Genel Merkezindeki ilk Parti Meclisi toplant\u0131s\u0131 \u00f6ncesinde d\u00fczenlenen fidan dikme t\u00f6renine kat\u0131ld\u0131.<\/h2>\n\n\n\n<p><a href=\"https:\/\/epochtimestr.com\/index.php\/yeni-parti-lideri-ozgur-ozel-rizede-balikcilar-koyunu-ziyaret-etti\" target=\"_blank\" rel=\"noreferrer noopener\">YEN\u0130 Parti<\/a> Genel Ba\u015fkan\u0131 \u00d6zg\u00fcr \u00d6zel, partisinin Genel Merkezindeki ilk Parti Meclisi toplant\u0131s\u0131 \u00f6ncesinde d\u00fczenlenen fidan dikme t\u00f6renine kat\u0131ld\u0131. \u00d6zel, \u201cBug\u00fcn yeni bir ba\u015flang\u0131\u00e7. YEN\u0130 Parti\u2019nin yeni Genel Merkezi birazdan Kurucular Kurulu \u00dcyesi olan milletvekillerimizin, Parti Meclisimizin ilk toplant\u0131s\u0131na ev sahipli\u011fi yapacak\u201d dedi.<\/p>\n\n\n\n<p>\u00d6zel, partisinin genel merkezine ilk geli\u015finde gazetecilerin sorular\u0131n\u0131 yan\u0131tlad\u0131. <a href=\"https:\/\/epochtimestr.com\/index.php\/ozgur-ozel-madencilerin-eylemine-destek-ziyaretinde-bulundu\" target=\"_blank\" rel=\"noreferrer noopener\">YEN\u0130 Parti lideri<\/a> \u00d6zel, \u201cYeni bir ba\u015flang\u0131\u00e7, \u00e7ok heyecanl\u0131y\u0131z. Birazdan 91 kurucumuzla ve Parti Meclisimizin \u00fcyeleri ve yedek \u00fcyeleri ile birlikte ilk toplant\u0131m\u0131z\u0131 ger\u00e7ekle\u015ftirece\u011fiz. Ben de binaya \u00e7al\u0131\u015fmak \u00fczere ilk kez geliyorum. Daha \u00f6nce in\u015faat a\u015famas\u0131nda sadece gezmi\u015ftim\u201d dedi. \u00d6zel, \u015f\u00f6yle devam etti:<\/p>\n\n\n\n<p>&#8220;<strong>O sorumlulu\u011fu hissederek bu kap\u0131dan giriyoruz<\/strong>.&#8221;<\/p>\n\n\n\n<p>\u201cT\u00fcrkiye \u00e7ok \u00f6nemli bir d\u00f6n\u00fc\u015f\u00fcme tan\u0131kl\u0131k ediyor. Birazdan konu\u015fmamda net rakamlar\u0131 da verece\u011fim ancak Avrupa\u2019n\u0131n en g\u00fc\u00e7l\u00fc sosyal demokrat partileri ki iktidarda olan partiler ya da iktidar olan orta\u011f\u0131 olan partiler onlar\u0131n toplam\u0131 kadar \u00fcyeye bu kadar k\u0131sa s\u00fcrede eri\u015ftik. B\u00fcy\u00fck bir dayan\u0131\u015fma, b\u00fcy\u00fck bir heyecan, b\u00fcy\u00fck bir umut var t\u00fcm \u00fclkede. Allah bizi mahcup etmesin. Biz elimizden geldi\u011fi kadar\u0131yla bize g\u00fcvenenlere, bize g\u00f6n\u00fclden destek verenlere, \u00f6nce manen, sonra da madden bu kadar \u00e7ok sahip \u00e7\u0131kan insanlar\u0131n beklentilerine uygun bir \u015fekilde ba\u015far\u0131l\u0131 olmak zorunday\u0131z. O sorumlulu\u011fu hissederek bu kap\u0131dan i\u00e7eri giriyoruz. \u00dcmit ediyorum ki se\u00e7im g\u00fcn\u00fc, se\u00e7im ak\u015fam\u0131 sizlerle yine bu kadar \u00e7ok kamerayla, bu kadar \u00e7ok mikrofonla YEN\u0130 Parti\u2019nin iktidar\u0131n\u0131 m\u00fcjdelemek \u00fczere tekrar bir araya gelece\u011fiz.\u201d<\/p>\n\n\n\n<p>YEN\u0130 Parti lideri \u00d6zg\u00fcr \u00d6zel, partisinin genel merkezinde ger\u00e7ekle\u015ftirilen ilk Parti Meclisi toplant\u0131s\u0131n\u0131n a\u00e7\u0131l\u0131\u015f\u0131nda konu\u015ftu. YEN\u0130 Parti Genel Ba\u015fkan\u0131 \u00d6zg\u00fcr \u00d6zel sayg\u0131 duru\u015fu ve \u0130stiklal Mar\u015f\u0131\u2019n\u0131n ard\u0131ndan, \u201cRuhlar\u0131 \u015fad olsun. De\u011ferli arkada\u015flar Girne\u2019den \u00fcz\u00fcc\u00fc haberle ve onlar\u0131 sayg\u0131yla anarak ba\u015flad\u0131k\u201d dedi.<\/p>\n\n\n\n<figure class=\"wp-block-embed is-type-rich is-provider-x wp-block-embed-x\"><div class=\"wp-block-embed__wrapper\">\n<blockquote class=\"twitter-tweet\" data-width=\"550\" data-dnt=\"true\"><p lang=\"tr\" dir=\"ltr\">Genel Ba\u015fkan\u0131m\u0131z \u00d6zg\u00fcr \u00d6zel:<br><br>\u201cYeni Parti\u2019nin sadece 18 g\u00fcnde 600 bin \u00fcyesi oldu. Yap\u0131lan ba\u011f\u0131\u015flarda ise tarihte g\u00f6r\u00fclmemi\u015f bir tevecc\u00fchle kar\u015f\u0131 kar\u015f\u0131yay\u0131z.<br><br>Ama herkes \u015funu bilsin ki bizim kasam\u0131zdaki servet para de\u011fil, milletin bizlere olan g\u00fcveni, yar\u0131nlara olan inanc\u0131d\u0131r.\u201d <a href=\"https:\/\/t.co\/Zk3mOl2FWM\">pic.twitter.com\/Zk3mOl2FWM<\/a><\/p>&mdash; YEN\u0130 Parti (@yenipartiyiz) <a href=\"https:\/\/x.com\/yenipartiyiz\/status\/2094511791220871216?ref_src=twsrc%5Etfw\">August 31, 2026<\/a><\/blockquote><script async src=\"https:\/\/platform.x.com\/widgets.js\" charset=\"utf-8\"><\/script>\n<\/div><\/figure>\n\n\n\n<h3 class=\"wp-block-heading\">&#8220;Bizi Buraya Masa Ba\u015f\u0131ndaki Hesaplar De\u011fil, Millet Getirdi&#8221;<\/h3>\n\n\n\n<p>YEN\u0130 Parti, tadilat s\u00fcreci tamamlanan genel merkez binas\u0131nda ilk resmi mesaisine ba\u015flad\u0131. Kurucular Kurulu, Parti Meclisi ve kapal\u0131 grup toplant\u0131lar\u0131n\u0131 pe\u015f pe\u015fe ger\u00e7ekle\u015ftiren partide, rekor \u00fcye say\u0131s\u0131 ve ezber bozan yeni t\u00fcz\u00fck kurallar\u0131 a\u00e7\u0131kland\u0131.<\/p>\n\n\n\n<p>Genel merkez binas\u0131nda \u00e7al\u0131\u015fma amac\u0131yla ilk kez bir araya geldiklerini belirten parti y\u00f6netimi, partinin tamamen bir taban hareketine dayand\u0131\u011f\u0131n\u0131 vurgulad\u0131. Binaya giri\u015f s\u0131ras\u0131nda yap\u0131lan a\u00e7\u0131klamada, &#8220;Biz buraya kolay gelmedik. Siyasi m\u00fchendislikle, masa ba\u015f\u0131nda \u00e7izilen yol haritalar\u0131yla ya da kapal\u0131 kap\u0131lar ard\u0131nda yap\u0131lan hesaplarla gelmedik. Bizi buraya milletin inanc\u0131, m\u00fccadelesi ve umudu getirdi&#8221; ifadeleri yer ald\u0131.<\/p>\n\n\n\n<p><strong>AK Parti&#8217;nin \u0130lk Y\u0131l\u0131 Geride B\u0131rak\u0131ld\u0131: 18 G\u00fcnde 600 Bin \u00dcye<\/strong><\/p>\n\n\n\n<p>\u00d6zel, 13 A\u011fustos&#8217;ta ba\u015flat\u0131lan online \u00fcyelik kampanyas\u0131n\u0131n hen\u00fcz 18&#8217;inci g\u00fcn\u00fcnde 600 bin \u00fcye baraj\u0131n\u0131n a\u015f\u0131ld\u0131\u011f\u0131 bilgisini payla\u015ft\u0131. Bu \u00fcyelerin 400 binden fazlas\u0131n\u0131n online kanallarla, kredi kart\u0131 \u00fczerinden aidat \u00f6deme taahh\u00fcd\u00fc vererek; 200 bininin ise formlar ve yerinde \u00f6demelerle partiye kat\u0131ld\u0131\u011f\u0131 belirtildi.<br \/>\u00d6zel, \u00fcye say\u0131s\u0131ndaki bu art\u0131\u015f\u0131n siyasi tarihteki \u00f6nemine de\u011finilerek \u015funlar\u0131 s\u00f6yledi: &#8220;\u00dcye say\u0131s\u0131yla en \u00e7ok \u00f6v\u00fcnen Adalet ve Kalk\u0131nma Partisi kurulduktan bir y\u0131l sonra 400 bin \u00fcyeye ula\u015fabilmi\u015fti. YEN\u0130 Parti ise daha 18 g\u00fcnde bunun 1,5 kat\u0131 olan 600 bin \u00fcyeye ula\u015ft\u0131. Bu rakam \u0130ngiltere \u0130\u015f\u00e7i Partisi, \u0130spanya Sosyalist Partisi ve Almanya Sosyal Demokrat Parti\u2019nin neredeyse toplam \u00fcye say\u0131s\u0131 kadard\u0131r.&#8221;<\/p>\n\n\n\n<p><strong>22 Saatte Kurulan Parti: 72 \u0130lde \u00d6rg\u00fctlenme Tamamland\u0131<\/strong><\/p>\n\n\n\n<p>Partinin kuruldu\u011fu 24 Temmuz&#8217;dan bu yana ge\u00e7en k\u0131sa s\u00fcrede b\u00fcy\u00fck bir te\u015fkilatlanma ba\u015far\u0131s\u0131 g\u00f6sterilerek 72 il ve 857 il\u00e7ede \u00f6rg\u00fctlenmenin tamamland\u0131\u011f\u0131n\u0131, geriye kalan 9 ildeki i\u015flemlerin de bu hafta i\u00e7inde bitirilece\u011fini a\u00e7\u0131klad\u0131.<\/p>\n\n\n\n<p>Hukuki kurulum a\u015famas\u0131nda ya\u015fanan arka plan stratejisi de ilk kez payla\u015f\u0131ld\u0131. B\u00fcrokrasi engellerine ve oyalama s\u00fcre\u00e7lerine tak\u0131lmamak ad\u0131na, partinin hukuki kurulumunun halihaz\u0131rda adli sicili temiz olan 91 milletvekilinin kuruculu\u011fuyla ger\u00e7ekle\u015ftirildi\u011fi, toplam 22 saat gibi rekor bir s\u00fcrede Yarg\u0131tay ve Meclis s\u00fcre\u00e7lerinin tamamlanarak grubun kuruldu\u011funu hat\u0131rlatt\u0131.<\/p>\n\n\n\n<h3 class=\"wp-block-heading\">&#8220;Buras\u0131 Bir Genel Ba\u015fkan\u0131n De\u011fil, Milletin Yeni Evidir&#8221;<\/h3>\n\n\n\n<p>Partinin yeni genel merkez binas\u0131n\u0131n sadece bir y\u00f6netim alan\u0131 de\u011fil, &#8220;yeni siyasetin sembol\u00fc&#8221; oldu\u011funu belirtti. Binan\u0131n kap\u0131lar\u0131n\u0131n herkese a\u00e7\u0131k olaca\u011f\u0131n\u0131 ilan etti. Koltuklar\u0131n de\u011fil, halk\u0131n g\u00fc\u00e7l\u00fc oldu\u011fu bir y\u00f6netim anlay\u0131\u015f\u0131n\u0131 getireceklerini vurgulayan \u00d6zel, konu\u015fmas\u0131nda \u015fu ifadelere yer verdi:<\/p>\n\n\n\n<p>&#8220;Buras\u0131 bir Genel Ba\u015fkan\u0131n ya da y\u00f6neticilerin binas\u0131 de\u011fildir. Buras\u0131 milletin yeni evidir. Bu kap\u0131dan \u00e7ift\u00e7i de i\u015f\u00e7i de esnaf da \u00f6\u011frenci de girecek. Bize oy veren de vermeyen de ele\u015ftiren de gelecek. Biz bizi alk\u0131\u015flayanlar\u0131n partisi olmaya de\u011fil milletin partisi olmaya geldik. Bu binada al\u0131nan her karar\u0131n pusulas\u0131 bundan sonra sadece millet olacak. Kutupla\u015fman\u0131n de\u011fil, ortak akl\u0131n \u00f6r\u00fcld\u00fc\u011f\u00fc; yoksullu\u011fa raz\u0131 olanlar\u0131n de\u011fil, refah\u0131 b\u00fcy\u00fctenlerin siyaseti geliyor.&#8221;<\/p>\n\n\n\n<p><strong>Delege Sistemi Tarihe Kar\u0131\u015f\u0131yor: Karar\u0131 \u00dcyeler Verecek<\/strong><\/p>\n\n\n\n<p>\u00d6zer ayr\u0131ca siyasi partileri i\u00e7ine kapatan ve delege pazarl\u0131klar\u0131na mahkum eden eski nesil \u00f6rg\u00fctlenme modelinin tamamen terk edildi\u011fini a\u00e7\u0131klad\u0131. Yeni t\u00fcz\u00fck do\u011frultusunda delegeli\u011fin sadece teknik bir g\u00f6rev stat\u00fcs\u00fcne indirilece\u011fini, il\u00e7e ba\u015fkan\u0131n\u0131, il ba\u015fkan\u0131n\u0131 ve Genel Ba\u015fkan\u0131 do\u011frudan \u00fcyelerin se\u00e7ece\u011fini ilan etti.<\/p>\n\n\n\n<p>Bunlara ek olarak t\u00fcm y\u00f6netici makamlar\u0131nda en fazla \u00fc\u00e7 d\u00f6nem kural\u0131n\u0131n uygulanaca\u011f\u0131n\u0131 belirtti. Genel ba\u015fkan da dahil olmak \u00fczere kimsenin koltu\u011funa k\u00f6k salmayaca\u011f\u0131n\u0131, kad\u0131nlar\u0131n ise vitrinde de\u011fil, karar\u0131n tam ba\u015f\u0131nda ve e\u015fit olarak yer alaca\u011f\u0131 bir yap\u0131n\u0131n kuruldu\u011funu ifade etti.<\/p>\n\n\n\n<figure class=\"wp-block-embed is-type-video is-provider-youtube wp-block-embed-youtube wp-embed-aspect-16-9 wp-has-aspect-ratio\"><div class=\"wp-block-embed__wrapper\">\n<iframe loading=\"lazy\" title=\"YEN\u0130 PART\u0130 GENEL BA\u015eKANI \u00d6ZG\u00dcR \u00d6ZEL, PM TOPLANTISINA BA\u015eKANLIK ETT\u0130 31\/08\/2026\" width=\"1170\" height=\"658\" src=\"https:\/\/www.youtube.com\/embed\/xvxeq2vM99I?wmode=transparent&amp;rel=0&amp;feature=oembed\" frameborder=\"0\" allow=\"accelerometer; autoplay; clipboard-write; encrypted-media; gyroscope; picture-in-picture; web-share\" referrerpolicy=\"strict-origin-when-cross-origin\" allowfullscreen><\/iframe>\n<\/div><\/figure>\n\n\n\n<h3 class=\"wp-block-heading\">Resmi Kongre \u00d6ncesi Sand\u0131k Kuruluyor: \u0130\u015fte Se\u00e7im Takvimi<\/h3>\n\n\n\n<p>Siyasi Partiler Kanunu gere\u011fi yap\u0131lacak resmi kongrelerden \u00f6nce t\u00fcm \u00fcyelerin kat\u0131l\u0131m\u0131yla geni\u015f kapsaml\u0131 \u00f6n se\u00e7imler d\u00fczenlenecek. A\u00e7\u0131klanan takvime g\u00f6re \u0130l\u00e7e Ba\u015fkanl\u0131\u011f\u0131 aday belirleme \u00f6n se\u00e7imleri 26 Eyl\u00fcl Cumartesi g\u00fcn\u00fc ger\u00e7ekle\u015ftirilecek. \u0130l Ba\u015fkanl\u0131\u011f\u0131 \u00f6n se\u00e7imleri ise 17-18 Ekim tarihlerinde yap\u0131lacak.<br \/>\u00d6zel, Eyl\u00fcl ay\u0131nda kaydolan yeni \u00fcyelerin il ba\u015fkanl\u0131\u011f\u0131, Ekim sonuna kadar kaydolanlar\u0131n ise Genel Ba\u015fkanl\u0131k se\u00e7iminde oy kullanabilece\u011fini m\u00fcjdeledi. &#8220;Gelin, se\u00e7in ve tarihe ge\u00e7in. Bize kat\u0131l\u0131n, partinin ve \u00fclkenin gelece\u011fini siz belirleyin&#8221; \u00e7a\u011fr\u0131s\u0131nda bulundu.<\/p>\n\n\n\n<p><strong>2 Eyl\u00fcl&#8217;de \u0130l Ba\u015fkanlar\u0131 Toplan\u0131yor, Eyl\u00fcl Boyunca Sokak Sokak Gezilecek<\/strong><\/p>\n\n\n\n<p>Saha \u00e7al\u0131\u015fmalar\u0131na dair yol haritas\u0131n\u0131n detaylar\u0131 da netle\u015fti. 2 Eyl\u00fcl\u2019de genel merkezde ger\u00e7ekle\u015ftirilecek il ba\u015fkanlar\u0131 toplant\u0131s\u0131nda sahan\u0131n operasyonel detaylar\u0131n\u0131n konu\u015fulaca\u011f\u0131n\u0131 belirten y\u00f6netim, milletvekillerinin Eyl\u00fcl ay\u0131 boyunca girilmedik sokak, s\u0131k\u0131lmad\u0131k el b\u0131rakmayaca\u011f\u0131n\u0131 s\u00f6yledi.<\/p>\n\n\n\n<p>Planlama kapsam\u0131nda, 10-20 Eyl\u00fcl ve 20-30 Eyl\u00fcl tarihlerinde her milletvekilinin en az iki ile gidece\u011fi ve her ilde \u00e7ok say\u0131da milletvekilinin uzun s\u00fcreli g\u00f6revlendirilece\u011fi dev bir saha hareketi resmen ba\u015flat\u0131ld\u0131. Hedefin &#8220;AK Parti&#8217;nin kara d\u00fczenine kar\u015f\u0131 milletin yeni d\u00fczenini kurmak&#8221; oldu\u011funu ifade etti.<\/p>\n\n\n\n<h3 class=\"wp-block-heading\">Bal\u0131k\u00e7\u0131l\u0131k Sezonuyla Birlikte Yeni Gemi A\u00e7\u0131l\u0131yor: &#8220;Vira Bismillah&#8221;<\/h3>\n\n\n\n<p>Partinin May\u0131s 2027\u2019den itibaren resmi olarak se\u00e7ime girme yeterlili\u011fini kazanaca\u011f\u0131n\u0131 belirten \u00d6zel, olas\u0131 bir erken se\u00e7ime kar\u015f\u0131 da haz\u0131rl\u0131klar\u0131n tam oldu\u011funu s\u00f6yledi. Konu\u015fmas\u0131n\u0131 anlaml\u0131 bir benzetmeyle ve bal\u0131k\u00e7\u0131l\u0131k sezonunun a\u00e7\u0131l\u0131\u015f\u0131na denk gelen anlaml\u0131 bir mesajla tamamlayan \u00d6zel, t\u00fcm f\u0131rt\u0131nalara kar\u015f\u0131 kararl\u0131l\u0131k mesaj\u0131 verdi:<\/p>\n\n\n\n<p>&#8221;Siyaset bir iddia i\u015fidir. Benim i\u00e7in d\u00f6nem kural\u0131 \u015fudur: Girece\u011fimiz ilk se\u00e7imde partiyi birinci parti yapmazsam, partiyi iktidar partisi yapmazsam, derhal kurultaya gidece\u011fim ve g\u00f6revimi benden sonraki Genel Ba\u015fkan\u0131m\u0131za devredece\u011fim. Biz bir muhalefet partisi kurmad\u0131k, biz gelecek se\u00e7imlerden sonraki iktidar partisini kurduk.<\/p>\n\n\n\n<p>Bug\u00fcn 31 A\u011fustos. Bu ak\u015fam on binlerce bal\u0131k\u00e7\u0131m\u0131z denizlere a\u00e7\u0131lacak ve yeni bir ba\u015flang\u0131\u00e7 yapacak. Bizim de yeni binam\u0131zda, yeni gemimizdeki ba\u015flang\u0131c\u0131m\u0131z tam da bug\u00fcne denk geldi. Biz bu s\u00fcre\u00e7te \u00e7ok f\u0131rt\u0131nalar atlatt\u0131k, \u00e7ok zorland\u0131k. Eski gemimizi elimizden ald\u0131lar, millet bize &#8216;yenisi olsun&#8217; dedi. Bu yeni gemimizde f\u0131rt\u0131nalara, dalgalara asla boyun e\u011fmeyece\u011fiz, asla korkmayaca\u011f\u0131z, y\u0131lmayaca\u011f\u0131z ve en \u00f6nemlisi asla teslim olmayaca\u011f\u0131z. Bir gemiyi ne r\u00fczgar bat\u0131r\u0131r ne de dalga, bat\u0131r\u0131rsa panik ve korku bat\u0131r\u0131r. \u00c7ok \u015f\u00fck\u00fcr hi\u00e7birimizde bu yoktur. \u0130ktidara do\u011fru, herkesin y\u00fcz\u00fcn\u00fc g\u00fcld\u00fcrece\u011fimiz ufuk \u00e7izgisine do\u011fru cesaretle ilerliyoruz. Vira Bismillah!&#8221;<\/p>\n\n\n\n<figure class=\"wp-block-embed is-type-rich is-provider-x wp-block-embed-x\"><div class=\"wp-block-embed__wrapper\">\n<blockquote class=\"twitter-tweet\" data-width=\"550\" data-dnt=\"true\"><p lang=\"tr\" dir=\"ltr\">Genel Ba\u015fkan\u0131m\u0131z \u00d6zg\u00fcr \u00d6zel:<br><br>\u201cBu cennet \u00fclkede bu ak\u015fam on binlerce bal\u0131k\u00e7\u0131m\u0131z yeniden denize a\u00e7\u0131lacaklar. Bizim de yeni gemimizdeki yeni ba\u015flang\u0131c\u0131m\u0131z, bug\u00fcne denk geldi. <br><br>Herkesin y\u00fcz\u00fcn\u00fc g\u00fcld\u00fcrece\u011fimiz ufuk \u00e7izgisine do\u011fru cesaretle ilerleyece\u011fiz. Vira bismillah.\u201d <a href=\"https:\/\/t.co\/0WpI8a7lQp\">pic.twitter.com\/0WpI8a7lQp<\/a><\/p>&mdash; YEN\u0130 Parti (@yenipartiyiz) <a href=\"https:\/\/x.com\/yenipartiyiz\/status\/2094461329163567323?ref_src=twsrc%5Etfw\">August 31, 2026<\/a><\/blockquote><script async src=\"https:\/\/platform.x.com\/widgets.js\" charset=\"utf-8\"><\/script>\n<\/div><\/figure>\n","protected":false},"excerpt":{"rendered":"<p>YEN\u0130 Parti Genel Ba\u015fkan\u0131 \u00d6zg\u00fcr \u00d6zel, partisinin Genel Merkezindeki ilk Parti Meclisi toplant\u0131s\u0131 \u00f6ncesinde d\u00fczenlenen fidan dikme t\u00f6renine kat\u0131ld\u0131. YEN\u0130 Parti Genel Ba\u015fkan\u0131 \u00d6zg\u00fcr \u00d6zel, partisinin Genel Merkezindeki ilk Parti Meclisi toplant\u0131s\u0131 \u00f6ncesinde d\u00fczenlenen fidan dikme t\u00f6renine kat\u0131ld\u0131. \u00d6zel, \u201cBug\u00fcn yeni bir ba\u015flang\u0131\u00e7. YEN\u0130 Parti\u2019nin yeni Genel Merkezi birazdan Kurucular Kurulu \u00dcyesi olan milletvekillerimizin, Parti [&hellip;]<\/p>\n","protected":false},"author":12791,"featured_media":171298,"comment_status":"open","ping_status":"open","sticky":false,"template":"","format":"standard","meta":{"_yoast_wpseo_focuskw":"\u00d6zg\u00fcr \u00d6zel","_yoast_wpseo_title":"","_yoast_wpseo_metadesc":"\u00d6zg\u00fcr \u00d6zel, partisinin Genel Merkezindeki ilk Parti Meclisi toplant\u0131s\u0131 \u00f6ncesinde d\u00fczenlenen fidan dikme t\u00f6renine kat\u0131ld\u0131.","_bbp_topic_count":0,"_bbp_reply_count":0,"_bbp_total_topic_count":0,"_bbp_total_reply_count":0,"_bbp_voice_count":0,"_bbp_anonymous_reply_count":0,"_bbp_topic_count_hidden":0,"_bbp_reply_count_hidden":0,"_bbp_forum_subforum_count":0,"footnotes":"","_yoast_wpseo_focuskw_text_input":""},"categories":[1,8138,8226],"tags":[8492,2206,3913,11904],"yoast_head":"<!-- This site is optimized with the Yoast SEO plugin v23.0 - https:\/\/yoast.com\/wordpress\/plugins\/seo\/ -->\n<title>\u00d6zg\u00fcr \u00d6zel Yeni Parti Genel Merkezi&#039;ne \u0130lk Geli\u015finde Konu\u015ftu - The Epoch Times TR<\/title>\n<meta name=\"description\" content=\"\u00d6zg\u00fcr \u00d6zel, partisinin Genel Merkezindeki ilk Parti Meclisi toplant\u0131s\u0131 \u00f6ncesinde d\u00fczenlenen fidan dikme t\u00f6renine kat\u0131ld\u0131.\" \/>\n<meta name=\"robots\" content=\"index, follow, max-snippet:-1, max-image-preview:large, max-video-preview:-1\" \/>\n<link rel=\"canonical\" href=\"https:\/\/epochtimestr.com\/index.php\/ozgur-ozel-yeni-parti-genel-merkezine-ilk-gelisinde-konustu\" \/>\n<meta property=\"og:locale\" content=\"tr_TR\" \/>\n<meta property=\"og:type\" content=\"article\" \/>\n<meta property=\"og:title\" content=\"\u00d6zg\u00fcr \u00d6zel Yeni Parti Genel Merkezi&#039;ne \u0130lk Geli\u015finde Konu\u015ftu - The Epoch Times TR\" \/>\n<meta property=\"og:description\" content=\"\u00d6zg\u00fcr \u00d6zel, partisinin Genel Merkezindeki ilk Parti Meclisi toplant\u0131s\u0131 \u00f6ncesinde d\u00fczenlenen fidan dikme t\u00f6renine kat\u0131ld\u0131.\" \/>\n<meta property=\"og:url\" content=\"https:\/\/epochtimestr.com\/index.php\/ozgur-ozel-yeni-parti-genel-merkezine-ilk-gelisinde-konustu\" \/>\n<meta property=\"og:site_name\" content=\"The Epoch Times TR\" \/>\n<meta property=\"article:publisher\" content=\"https:\/\/www.facebook.com\/theepochtimestr\" \/>\n<meta property=\"article:published_time\" content=\"2026-09-01T05:31:48+00:00\" \/>\n<meta property=\"article:modified_time\" content=\"2026-09-01T05:31:56+00:00\" \/>\n<meta property=\"og:image\" content=\"https:\/\/epochtimestr.com\/wp-content\/uploads\/2011y\/ozel2-10.jpg\" \/>\n\t<meta property=\"og:image:width\" content=\"1845\" \/>\n\t<meta property=\"og:image:height\" content=\"923\" \/>\n\t<meta property=\"og:image:type\" content=\"image\/jpeg\" \/>\n<meta name=\"author\" content=\"Haber Merkezi\" \/>\n<meta name=\"twitter:card\" content=\"summary_large_image\" \/>\n<meta name=\"twitter:creator\" content=\"@TheEpochTimesTR\" \/>\n<meta name=\"twitter:site\" content=\"@TheEpochTimesTR\" \/>\n<meta name=\"twitter:label1\" content=\"Yazan:\" \/>\n\t<meta name=\"twitter:data1\" content=\"Haber Merkezi\" \/>\n\t<meta name=\"twitter:label2\" content=\"Tahmini okuma s\u00fcresi\" \/>\n\t<meta name=\"twitter:data2\" content=\"8 dakika\" \/>\n<script type=\"application\/ld+json\" class=\"yoast-schema-graph\">{\"@context\":\"https:\/\/schema.org\",\"@graph\":[{\"@type\":\"Article\",\"@id\":\"https:\/\/epochtimestr.com\/index.php\/ozgur-ozel-yeni-parti-genel-merkezine-ilk-gelisinde-konustu#article\",\"isPartOf\":{\"@id\":\"https:\/\/epochtimestr.com\/index.php\/ozgur-ozel-yeni-parti-genel-merkezine-ilk-gelisinde-konustu\"},\"author\":{\"name\":\"Haber Merkezi\",\"@id\":\"https:\/\/epochtimestr.com\/#\/schema\/person\/3dc5c3adeb9f43923c5aa85889172fdd\"},\"headline\":\"\u00d6zg\u00fcr \u00d6zel Yeni Parti Genel Merkezi&#8217;ne \u0130lk Geli\u015finde Konu\u015ftu\",\"datePublished\":\"2026-09-01T05:31:48+00:00\",\"dateModified\":\"2026-09-01T05:31:56+00:00\",\"mainEntityOfPage\":{\"@id\":\"https:\/\/epochtimestr.com\/index.php\/ozgur-ozel-yeni-parti-genel-merkezine-ilk-gelisinde-konustu\"},\"wordCount\":1610,\"commentCount\":0,\"publisher\":{\"@id\":\"https:\/\/epochtimestr.com\/#organization\"},\"image\":{\"@id\":\"https:\/\/epochtimestr.com\/index.php\/ozgur-ozel-yeni-parti-genel-merkezine-ilk-gelisinde-konustu#primaryimage\"},\"thumbnailUrl\":\"https:\/\/epochtimestr.com\/wp-content\/uploads\/2011y\/ozel2-10.jpg\",\"keywords\":[\"\u00d6zg\u00fcr \u00d6zel\",\"parti meclisi\",\"Toplant\u0131\",\"YEN\u0130 PART\u0130\"],\"articleSection\":[\"G\u00dcNDEM\",\"MAN\u015eET\",\"Siyaset\"],\"inLanguage\":\"tr\",\"potentialAction\":[{\"@type\":\"CommentAction\",\"name\":\"Comment\",\"target\":[\"https:\/\/epochtimestr.com\/index.php\/ozgur-ozel-yeni-parti-genel-merkezine-ilk-gelisinde-konustu#respond\"]}]},{\"@type\":\"WebPage\",\"@id\":\"https:\/\/epochtimestr.com\/index.php\/ozgur-ozel-yeni-parti-genel-merkezine-ilk-gelisinde-konustu\",\"url\":\"https:\/\/epochtimestr.com\/index.php\/ozgur-ozel-yeni-parti-genel-merkezine-ilk-gelisinde-konustu\",\"name\":\"\u00d6zg\u00fcr \u00d6zel Yeni Parti Genel Merkezi'ne \u0130lk Geli\u015finde Konu\u015ftu - The Epoch Times TR\",\"isPartOf\":{\"@id\":\"https:\/\/epochtimestr.com\/#website\"},\"primaryImageOfPage\":{\"@id\":\"https:\/\/epochtimestr.com\/index.php\/ozgur-ozel-yeni-parti-genel-merkezine-ilk-gelisinde-konustu#primaryimage\"},\"image\":{\"@id\":\"https:\/\/epochtimestr.com\/index.php\/ozgur-ozel-yeni-parti-genel-merkezine-ilk-gelisinde-konustu#primaryimage\"},\"thumbnailUrl\":\"https:\/\/epochtimestr.com\/wp-content\/uploads\/2011y\/ozel2-10.jpg\",\"datePublished\":\"2026-09-01T05:31:48+00:00\",\"dateModified\":\"2026-09-01T05:31:56+00:00\",\"description\":\"\u00d6zg\u00fcr \u00d6zel, partisinin Genel Merkezindeki ilk Parti Meclisi toplant\u0131s\u0131 \u00f6ncesinde d\u00fczenlenen fidan dikme t\u00f6renine kat\u0131ld\u0131.\",\"inLanguage\":\"tr\",\"potentialAction\":[{\"@type\":\"ReadAction\",\"target\":[\"https:\/\/epochtimestr.com\/index.php\/ozgur-ozel-yeni-parti-genel-merkezine-ilk-gelisinde-konustu\"]}]},{\"@type\":\"ImageObject\",\"inLanguage\":\"tr\",\"@id\":\"https:\/\/epochtimestr.com\/index.php\/ozgur-ozel-yeni-parti-genel-merkezine-ilk-gelisinde-konustu#primaryimage\",\"url\":\"https:\/\/epochtimestr.com\/wp-content\/uploads\/2011y\/ozel2-10.jpg\",\"contentUrl\":\"https:\/\/epochtimestr.com\/wp-content\/uploads\/2011y\/ozel2-10.jpg\",\"width\":1845,\"height\":923},{\"@type\":\"WebSite\",\"@id\":\"https:\/\/epochtimestr.com\/#website\",\"url\":\"https:\/\/epochtimestr.com\/\",\"name\":\"The Epoch Times TR\",\"description\":\"De\u011fi\u015fen D\u00fcnyam\u0131za Taze Bir Bak\u0131\u015f\",\"publisher\":{\"@id\":\"https:\/\/epochtimestr.com\/#organization\"},\"potentialAction\":[{\"@type\":\"SearchAction\",\"target\":{\"@type\":\"EntryPoint\",\"urlTemplate\":\"https:\/\/epochtimestr.com\/?s={search_term_string}\"},\"query-input\":\"required name=search_term_string\"}],\"inLanguage\":\"tr\"},{\"@type\":\"Organization\",\"@id\":\"https:\/\/epochtimestr.com\/#organization\",\"name\":\"The EpochTimes T\u00fcrkiye\",\"url\":\"https:\/\/epochtimestr.com\/\",\"logo\":{\"@type\":\"ImageObject\",\"inLanguage\":\"tr\",\"@id\":\"https:\/\/epochtimestr.com\/#\/schema\/logo\/image\/\",\"url\":\"https:\/\/epochtimestr.com\/wp-content\/uploads\/2011y\/ET-Logo-YG.jpg\",\"contentUrl\":\"https:\/\/epochtimestr.com\/wp-content\/uploads\/2011y\/ET-Logo-YG.jpg\",\"width\":346,\"height\":29,\"caption\":\"The EpochTimes T\u00fcrkiye\"},\"image\":{\"@id\":\"https:\/\/epochtimestr.com\/#\/schema\/logo\/image\/\"},\"sameAs\":[\"https:\/\/www.facebook.com\/theepochtimestr\",\"https:\/\/x.com\/TheEpochTimesTR\",\"https:\/\/www.instagram.com\/epochtimestr\"]},{\"@type\":\"Person\",\"@id\":\"https:\/\/epochtimestr.com\/#\/schema\/person\/3dc5c3adeb9f43923c5aa85889172fdd\",\"name\":\"Haber Merkezi\",\"image\":{\"@type\":\"ImageObject\",\"inLanguage\":\"tr\",\"@id\":\"https:\/\/epochtimestr.com\/#\/schema\/person\/image\/\",\"url\":\"https:\/\/secure.gravatar.com\/avatar\/d73f772ba5a74f28601361e17c2f93e6?s=96&d=mm&r=g\",\"contentUrl\":\"https:\/\/secure.gravatar.com\/avatar\/d73f772ba5a74f28601361e17c2f93e6?s=96&d=mm&r=g\",\"caption\":\"Haber Merkezi\"},\"url\":\"https:\/\/epochtimestr.com\/index.php\/author\/sendag\"}]}<\/script>\n<!-- \/ Yoast SEO plugin. -->","yoast_head_json":{"title":"\u00d6zg\u00fcr \u00d6zel Yeni Parti Genel Merkezi'ne \u0130lk Geli\u015finde Konu\u015ftu - The Epoch Times TR","description":"\u00d6zg\u00fcr \u00d6zel, partisinin Genel Merkezindeki ilk Parti Meclisi toplant\u0131s\u0131 \u00f6ncesinde d\u00fczenlenen fidan dikme t\u00f6renine kat\u0131ld\u0131.","robots":{"index":"index","follow":"follow","max-snippet":"max-snippet:-1","max-image-preview":"max-image-preview:large","max-video-preview":"max-video-preview:-1"},"canonical":"https:\/\/epochtimestr.com\/index.php\/ozgur-ozel-yeni-parti-genel-merkezine-ilk-gelisinde-konustu","og_locale":"tr_TR","og_type":"article","og_title":"\u00d6zg\u00fcr \u00d6zel Yeni Parti Genel Merkezi'ne \u0130lk Geli\u015finde Konu\u015ftu - The Epoch Times TR","og_description":"\u00d6zg\u00fcr \u00d6zel, partisinin Genel Merkezindeki ilk Parti Meclisi toplant\u0131s\u0131 \u00f6ncesinde d\u00fczenlenen fidan dikme t\u00f6renine kat\u0131ld\u0131.","og_url":"https:\/\/epochtimestr.com\/index.php\/ozgur-ozel-yeni-parti-genel-merkezine-ilk-gelisinde-konustu","og_site_name":"The Epoch Times TR","article_publisher":"https:\/\/www.facebook.com\/theepochtimestr","article_published_time":"2026-09-01T05:31:48+00:00","article_modified_time":"2026-09-01T05:31:56+00:00","og_image":[{"width":1845,"height":923,"url":"https:\/\/epochtimestr.com\/wp-content\/uploads\/2011y\/ozel2-10.jpg","type":"image\/jpeg"}],"author":"Haber Merkezi","twitter_card":"summary_large_image","twitter_creator":"@TheEpochTimesTR","twitter_site":"@TheEpochTimesTR","twitter_misc":{"Yazan:":"Haber Merkezi","Tahmini okuma s\u00fcresi":"8 dakika"},"schema":{"@context":"https:\/\/schema.org","@graph":[{"@type":"Article","@id":"https:\/\/epochtimestr.com\/index.php\/ozgur-ozel-yeni-parti-genel-merkezine-ilk-gelisinde-konustu#article","isPartOf":{"@id":"https:\/\/epochtimestr.com\/index.php\/ozgur-ozel-yeni-parti-genel-merkezine-ilk-gelisinde-konustu"},"author":{"name":"Haber Merkezi","@id":"https:\/\/epochtimestr.com\/#\/schema\/person\/3dc5c3adeb9f43923c5aa85889172fdd"},"headline":"\u00d6zg\u00fcr \u00d6zel Yeni Parti Genel Merkezi&#8217;ne \u0130lk Geli\u015finde Konu\u015ftu","datePublished":"2026-09-01T05:31:48+00:00","dateModified":"2026-09-01T05:31:56+00:00","mainEntityOfPage":{"@id":"https:\/\/epochtimestr.com\/index.php\/ozgur-ozel-yeni-parti-genel-merkezine-ilk-gelisinde-konustu"},"wordCount":1610,"commentCount":0,"publisher":{"@id":"https:\/\/epochtimestr.com\/#organization"},"image":{"@id":"https:\/\/epochtimestr.com\/index.php\/ozgur-ozel-yeni-parti-genel-merkezine-ilk-gelisinde-konustu#primaryimage"},"thumbnailUrl":"https:\/\/epochtimestr.com\/wp-content\/uploads\/2011y\/ozel2-10.jpg","keywords":["\u00d6zg\u00fcr \u00d6zel","parti meclisi","Toplant\u0131","YEN\u0130 PART\u0130"],"articleSection":["G\u00dcNDEM","MAN\u015eET","Siyaset"],"inLanguage":"tr","potentialAction":[{"@type":"CommentAction","name":"Comment","target":["https:\/\/epochtimestr.com\/index.php\/ozgur-ozel-yeni-parti-genel-merkezine-ilk-gelisinde-konustu#respond"]}]},{"@type":"WebPage","@id":"https:\/\/epochtimestr.com\/index.php\/ozgur-ozel-yeni-parti-genel-merkezine-ilk-gelisinde-konustu","url":"https:\/\/epochtimestr.com\/index.php\/ozgur-ozel-yeni-parti-genel-merkezine-ilk-gelisinde-konustu","name":"\u00d6zg\u00fcr \u00d6zel Yeni Parti Genel Merkezi'ne \u0130lk Geli\u015finde Konu\u015ftu - The Epoch Times TR","isPartOf":{"@id":"https:\/\/epochtimestr.com\/#website"},"primaryImageOfPage":{"@id":"https:\/\/epochtimestr.com\/index.php\/ozgur-ozel-yeni-parti-genel-merkezine-ilk-gelisinde-konustu#primaryimage"},"image":{"@id":"https:\/\/epochtimestr.com\/index.php\/ozgur-ozel-yeni-parti-genel-merkezine-ilk-gelisinde-konustu#primaryimage"},"thumbnailUrl":"https:\/\/epochtimestr.com\/wp-content\/uploads\/2011y\/ozel2-10.jpg","datePublished":"2026-09-01T05:31:48+00:00","dateModified":"2026-09-01T05:31:56+00:00","description":"\u00d6zg\u00fcr \u00d6zel, partisinin Genel Merkezindeki ilk Parti Meclisi toplant\u0131s\u0131 \u00f6ncesinde d\u00fczenlenen fidan dikme t\u00f6renine kat\u0131ld\u0131.","inLanguage":"tr","potentialAction":[{"@type":"ReadAction","target":["https:\/\/epochtimestr.com\/index.php\/ozgur-ozel-yeni-parti-genel-merkezine-ilk-gelisinde-konustu"]}]},{"@type":"ImageObject","inLanguage":"tr","@id":"https:\/\/epochtimestr.com\/index.php\/ozgur-ozel-yeni-parti-genel-merkezine-ilk-gelisinde-konustu#primaryimage","url":"https:\/\/epochtimestr.com\/wp-content\/uploads\/2011y\/ozel2-10.jpg","contentUrl":"https:\/\/epochtimestr.com\/wp-content\/uploads\/2011y\/ozel2-10.jpg","width":1845,"height":923},{"@type":"WebSite","@id":"https:\/\/epochtimestr.com\/#website","url":"https:\/\/epochtimestr.com\/","name":"The Epoch Times TR","description":"De\u011fi\u015fen D\u00fcnyam\u0131za Taze Bir Bak\u0131\u015f","publisher":{"@id":"https:\/\/epochtimestr.com\/#organization"},"potentialAction":[{"@type":"SearchAction","target":{"@type":"EntryPoint","urlTemplate":"https:\/\/epochtimestr.com\/?s={search_term_string}"},"query-input":"required name=search_term_string"}],"inLanguage":"tr"},{"@type":"Organization","@id":"https:\/\/epochtimestr.com\/#organization","name":"The EpochTimes T\u00fcrkiye","url":"https:\/\/epochtimestr.com\/","logo":{"@type":"ImageObject","inLanguage":"tr","@id":"https:\/\/epochtimestr.com\/#\/schema\/logo\/image\/","url":"https:\/\/epochtimestr.com\/wp-content\/uploads\/2011y\/ET-Logo-YG.jpg","contentUrl":"https:\/\/epochtimestr.com\/wp-content\/uploads\/2011y\/ET-Logo-YG.jpg","width":346,"height":29,"caption":"The EpochTimes T\u00fcrkiye"},"image":{"@id":"https:\/\/epochtimestr.com\/#\/schema\/logo\/image\/"},"sameAs":["https:\/\/www.facebook.com\/theepochtimestr","https:\/\/x.com\/TheEpochTimesTR","https:\/\/www.instagram.com\/epochtimestr"]},{"@type":"Person","@id":"https:\/\/epochtimestr.com\/#\/schema\/person\/3dc5c3adeb9f43923c5aa85889172fdd","name":"Haber Merkezi","image":{"@type":"ImageObject","inLanguage":"tr","@id":"https:\/\/epochtimestr.com\/#\/schema\/person\/image\/","url":"https:\/\/secure.gravatar.com\/avatar\/d73f772ba5a74f28601361e17c2f93e6?s=96&d=mm&r=g","contentUrl":"https:\/\/secure.gravatar.com\/avatar\/d73f772ba5a74f28601361e17c2f93e6?s=96&d=mm&r=g","caption":"Haber Merkezi"},"url":"https:\/\/epochtimestr.com\/index.php\/author\/sendag"}]}},"_links":{"self":[{"href":"https:\/\/epochtimestr.com\/index.php\/wp-json\/wp\/v2\/posts\/171297"}],"collection":[{"href":"https:\/\/epochtimestr.com\/index.php\/wp-json\/wp\/v2\/posts"}],"about":[{"href":"https:\/\/epochtimestr.com\/index.php\/wp-json\/wp\/v2\/types\/post"}],"author":[{"embeddable":true,"href":"https:\/\/epochtimestr.com\/index.php\/wp-json\/wp\/v2\/users\/12791"}],"replies":[{"embeddable":true,"href":"https:\/\/epochtimestr.com\/index.php\/wp-json\/wp\/v2\/comments?post=171297"}],"version-history":[{"count":2,"href":"https:\/\/epochtimestr.com\/index.php\/wp-json\/wp\/v2\/posts\/171297\/revisions"}],"predecessor-version":[{"id":171310,"href":"https:\/\/epochtimestr.com\/index.php\/wp-json\/wp\/v2\/posts\/171297\/revisions\/171310"}],"wp:featuredmedia":[{"embeddable":true,"href":"https:\/\/epochtimestr.com\/index.php\/wp-json\/wp\/v2\/media\/171298"}],"wp:attachment":[{"href":"https:\/\/epochtimestr.com\/index.php\/wp-json\/wp\/v2\/media?parent=171297"}],"wp:term":[{"taxonomy":"category","embeddable":true,"href":"https:\/\/epochtimestr.com\/index.php\/wp-json\/wp\/v2\/categories?post=171297"},{"taxonomy":"post_tag","embeddable":true,"href":"https:\/\/epochtimestr.com\/index.php\/wp-json\/wp\/v2\/tags?post=171297"}],"curies":[{"name":"wp","href":"https:\/\/api.w.org\/{rel}","templated":true}]}}