{"id":171300,"date":"2026-09-01T08:52:40","date_gmt":"2026-09-01T05:52:40","guid":{"rendered":"https:\/\/epochtimestr.com\/?p=171300"},"modified":"2026-09-01T08:52:43","modified_gmt":"2026-09-01T05:52:43","slug":"ozgur-ozel-biz-atesin-dustugu-yerde-siyaset-yapiyoruz","status":"publish","type":"post","link":"https:\/\/epochtimestr.com\/index.php\/ozgur-ozel-biz-atesin-dustugu-yerde-siyaset-yapiyoruz","title":{"rendered":"\u00d6zg\u00fcr \u00d6zel: &#8220;Biz Ate\u015fin D\u00fc\u015ft\u00fc\u011f\u00fc Yerde Siyaset Yap\u0131yoruz&#8221;"},"content":{"rendered":"<div class=\"wp-block-image\">\n<figure class=\"aligncenter size-full\"><img loading=\"lazy\" decoding=\"async\" width=\"1796\" height=\"898\" src=\"https:\/\/epochtimestr.com\/wp-content\/uploads\/2011y\/ozgur-ozel-yeni-parti.jpg\" alt=\"YEN\u0130 Parti Lideri \u00d6zg\u00fcr \u00d6zel: &quot;Biz ate\u015fin d\u00fc\u015ft\u00fc\u011f\u00fc yerde siyaset yap\u0131yoruz.&quot; (Foto\u011fraf: YEN\u0130 Parti x hesab\u0131)\" class=\"wp-image-171301\" srcset=\"https:\/\/epochtimestr.com\/wp-content\/uploads\/2011y\/ozgur-ozel-yeni-parti.jpg 1796w, https:\/\/epochtimestr.com\/wp-content\/uploads\/2011y\/ozgur-ozel-yeni-parti-300x150.jpg 300w, https:\/\/epochtimestr.com\/wp-content\/uploads\/2011y\/ozgur-ozel-yeni-parti-150x75.jpg 150w, https:\/\/epochtimestr.com\/wp-content\/uploads\/2011y\/ozgur-ozel-yeni-parti-768x384.jpg 768w, https:\/\/epochtimestr.com\/wp-content\/uploads\/2011y\/ozgur-ozel-yeni-parti-1536x768.jpg 1536w\" sizes=\"(max-width: 1796px) 100vw, 1796px\" \/><figcaption class=\"wp-element-caption\">YEN\u0130 Parti Lideri \u00d6zg\u00fcr \u00d6zel: &#8220;Biz ate\u015fin d\u00fc\u015ft\u00fc\u011f\u00fc yerde siyaset yap\u0131yoruz.&#8221; (Foto\u011fraf: YEN\u0130 Parti x hesab\u0131)<\/figcaption><\/figure><\/div>\n\n\n<h2 class=\"wp-block-heading\">YEN\u0130 Parti, tadilat s\u00fcrecinin tamamlanmas\u0131n\u0131n ard\u0131ndan genel merkez binas\u0131nda ilk resmi mesaisine ba\u015flad\u0131. \u00d6zg\u00fcr \u00d6zel ilk Parti Meclisi toplant\u0131s\u0131n\u0131n a\u00e7\u0131l\u0131\u015f\u0131nda konu\u015ftu. <\/h2>\n\n\n\n<p>YEN\u0130 Parti, tadilat s\u00fcrecinin tamamlanmas\u0131n\u0131n ard\u0131ndan <a href=\"https:\/\/epochtimestr.com\/index.php\/ozgur-ozel-yeni-parti-genel-merkezine-ilk-gelisinde-konustu\" target=\"_blank\" rel=\"noreferrer noopener\">genel merkez<\/a> binas\u0131nda ilk resmi mesaisine ba\u015flad\u0131. Parti Meclisi ve kapal\u0131 grup toplant\u0131lar\u0131n\u0131 pe\u015f pe\u015fe ger\u00e7ekle\u015ftiren partide, kurulu\u015f s\u00fcreci ve <a href=\"https:\/\/epochtimestr.com\/index.php\/hazine-ve-maliye-bakanligi-mart-2025-butce-verilerini-acikladi\" target=\"_blank\" rel=\"noreferrer noopener\">b\u00fct\u00e7e <\/a>\u015feffafl\u0131\u011f\u0131 \u00f6n plana \u00e7\u0131kt\u0131. Toplant\u0131 \u00f6ncesi yap\u0131lan a\u00e7\u0131klamalarda hem K\u0131br\u0131s&#8217;taki gemi kazas\u0131na de\u011finildi hem de partinin kurulu\u015f felsefesi aktar\u0131ld\u0131.<\/p>\n\n\n\n<p>YEN\u0130 Parti lideri \u00d6zg\u00fcr \u00d6zel, partisinin genel merkezinde ger\u00e7ekle\u015ftirilen ilk Parti Meclisi toplant\u0131s\u0131n\u0131n a\u00e7\u0131l\u0131\u015f\u0131nda konu\u015ftu. YEN\u0130 Parti Genel Ba\u015fkan\u0131 \u00d6zg\u00fcr \u00d6zel sayg\u0131 duru\u015fu ve \u0130stiklal Mar\u015f\u0131\u2019n\u0131n ard\u0131ndan, \u201cRuhlar\u0131 \u015fad olsun. De\u011ferli arkada\u015flar Girne\u2019den \u00fcz\u00fcc\u00fc haberle ve onlar\u0131 sayg\u0131yla anarak ba\u015flad\u0131k\u201d dedi.<\/p>\n\n\n\n<p>YEN\u0130 Parti Genel Merkezi&#8217;nde d\u00fczenlenen toplant\u0131da konu\u015fan parti lideri \u00d6zg\u00fcr \u00d6zel, T\u00fcrkiye\u2019nin i\u00e7inden ge\u00e7ti\u011fi ekonomik krize, K\u0131br\u0131s&#8217;taki gemi kazas\u0131na ve Ekrem \u0130mamo\u011flu davas\u0131ndaki yarg\u0131sal s\u00fcre\u00e7lere de\u011findi. G\u00fc\u00e7l\u00fc bir ekonomi ve hukuk kadrosuyla yola \u00e7\u0131kt\u0131klar\u0131n\u0131 belirterek, adaletsizli\u011fe kar\u015f\u0131 kararl\u0131l\u0131k mesaj\u0131 verdi.<\/p>\n\n\n\n<p><strong>Girne&#8217;deki Gemi Kazas\u0131 \u0130\u00e7in 6 Ki\u015filik Heyet Adada<\/strong><\/p>\n\n\n\n<p>Toplant\u0131n\u0131n a\u00e7\u0131l\u0131\u015f\u0131nda, Girne&#8217;de ya\u015fanan yolcu gemisi kazas\u0131na ili\u015fkin at\u0131lan ad\u0131mlar payla\u015f\u0131ld\u0131. Kazan\u0131n hemen ard\u0131ndan Grup Ba\u015fkanvekili Ali Mahir Ba\u015far\u0131r ba\u015fkanl\u0131\u011f\u0131nda Antalya, Adana ve Mersin milletvekillerinden olu\u015fan 6 ki\u015filik bir heyetin adada g\u00f6revlendirildi\u011fini duyurdu.<\/p>\n\n\n\n<p>Cenazeler kalkt\u0131ktan sonra olay\u0131n t\u00fcm y\u00f6nleriyle ara\u015ft\u0131r\u0131lmas\u0131 gerekti\u011fini vurgulayarak, &#8220;\u00c7ok \u00e7ok daha b\u00fcy\u00fck bir facian\u0131n hemen k\u0131y\u0131s\u0131ndan d\u00f6n\u00fcld\u00fc\u011f\u00fc ilk verilerden anla\u015f\u0131l\u0131yor. Sorumlular\u0131n\u0131n kanun \u00f6n\u00fcnde ve millet \u00f6n\u00fcnde mutlaka bunun hesab\u0131n\u0131 vermeleri gerekiyor&#8221; dedi.<\/p>\n\n\n\n<figure class=\"wp-block-embed is-type-rich is-provider-x wp-block-embed-x\"><div class=\"wp-block-embed__wrapper\">\n<blockquote class=\"twitter-tweet\" data-width=\"550\" data-dnt=\"true\"><p lang=\"tr\" dir=\"ltr\">Genel Ba\u015fkan\u0131m\u0131z \u00d6zg\u00fcr \u00d6zel, \u2060Genel Merkezimizde d\u00fczenlenen Parti Meclisi toplant\u0131s\u0131nda konu\u015ftu. <a href=\"https:\/\/t.co\/MiYswvnKnH\">pic.twitter.com\/MiYswvnKnH<\/a><\/p>&mdash; YEN\u0130 Parti (@yenipartiyiz) <a href=\"https:\/\/x.com\/yenipartiyiz\/status\/2094446766938550388?ref_src=twsrc%5Etfw\">August 31, 2026<\/a><\/blockquote><script async src=\"https:\/\/platform.x.com\/widgets.js\" charset=\"utf-8\"><\/script>\n<\/div><\/figure>\n\n\n\n<h3 class=\"wp-block-heading\">&#8220;Kasam\u0131zdaki Servet Para De\u011fil, Milletin G\u00fcvenidir&#8221;<\/h3>\n\n\n\n<p>Partinin finansal yap\u0131s\u0131na dair iddialara net bir dille yan\u0131t vererek, b\u00fct\u00e7enin tamamen yasal s\u0131n\u0131rlar dahilinde 152 bin ba\u011f\u0131\u015f\u00e7\u0131n\u0131n katk\u0131lar\u0131yla ve \u00fcye aidatlar\u0131yla olu\u015fturuldu\u011funu belirtti.<\/p>\n\n\n\n<p>\u015eu ana kadar 539 milyon liral\u0131k bir b\u00fct\u00e7eye ula\u015f\u0131ld\u0131\u011f\u0131 a\u00e7\u0131klayarak, &#8220;Bizim kasam\u0131zdaki servet para de\u011fil, milletin bizlere olan g\u00fcvenidir. Kurulu\u015f Kurultay\u0131m\u0131zda sayman arkada\u015f\u0131m\u0131z her harcamay\u0131 tane tane a\u00e7\u0131klayarak t\u00fcm dok\u00fcmanlar\u0131 milletimizin incelemesine a\u00e7acakt\u0131r&#8221; ifadelerini kulland\u0131. Ayr\u0131ca, siyasetin finansman\u0131n\u0131n \u015feffafla\u015fmas\u0131 ve GRECO (Avrupa Konseyi Yolsuzlu\u011fa Kar\u015f\u0131 Devletler Grubu) kriterlerini a\u015fan bir standarda kavu\u015fmas\u0131 i\u00e7in Meclis&#8217;e kanun teklifi verildi\u011fi hat\u0131rlatt\u0131.<\/p>\n\n\n\n<p><strong>&#8220;Vatanda\u015f Bor\u00e7la Hayatta Kalmaya \u00c7al\u0131\u015f\u0131yor&#8221;<\/strong><\/p>\n\n\n\n<p>T\u00fcrkiye\u2019nin \u00e7ok derin ve kal\u0131c\u0131 bir ekonomik krizden ge\u00e7ti\u011fini ifade eden parti lideri <a href=\"https:\/\/epochtimestr.com\/index.php\/ozgur-ozel-madencilerin-eylemine-destek-ziyaretinde-bulundu\" target=\"_blank\" rel=\"noreferrer noopener\">\u00d6zel<\/a>, halk\u0131n en b\u00fcy\u00fck meselesinin ge\u00e7im s\u0131k\u0131nt\u0131s\u0131 oldu\u011funu s\u00f6yledi.<\/p>\n\n\n\n<p>\u00d6zel ekonomik tabloya dair \u015fu tespitleri payla\u015ft\u0131: &#8220;Emekli ay\u0131n ortas\u0131n\u0131 g\u00f6remiyor. Asgari \u00fccretli maa\u015f\u0131n\u0131 kiraya, faturaya, borca payla\u015ft\u0131r\u0131yor; bazen hi\u00e7birine yetmiyor. Bor\u00e7la hayatta kalmaya \u00e7al\u0131\u015fan vatanda\u015f, bir kredi kart\u0131n\u0131 di\u011feriyle kapatmaya \u00e7al\u0131\u015f\u0131rken y\u00fczde 90\u2019lar\u0131 bulan faizlerle kar\u015f\u0131 kar\u015f\u0131ya kal\u0131yor. \u00c7ift\u00e7i mazotu, kirac\u0131 yeni ay\u0131 d\u00fc\u015f\u00fcn\u00fcyor. Biz halk\u0131n ya\u015fad\u0131\u011f\u0131 bu derin ma\u011fduriyetin tam merkezinde, yani ate\u015fin d\u00fc\u015ft\u00fc\u011f\u00fc yerde siyaset yap\u0131yoruz.&#8221;<\/p>\n\n\n\n<figure class=\"wp-block-embed is-type-rich is-provider-x wp-block-embed-x\"><div class=\"wp-block-embed__wrapper\">\n<blockquote class=\"twitter-tweet\" data-width=\"550\" data-dnt=\"true\"><p lang=\"tr\" dir=\"ltr\">Genel Ba\u015fkan\u0131m\u0131z \u00d6zg\u00fcr \u00d6zel:<br><br>\u201cBu cennet \u00fclkede bu ak\u015fam on binlerce bal\u0131k\u00e7\u0131m\u0131z yeniden denize a\u00e7\u0131lacaklar. Bizim de yeni gemimizdeki yeni ba\u015flang\u0131c\u0131m\u0131z, bug\u00fcne denk geldi. <br><br>Herkesin y\u00fcz\u00fcn\u00fc g\u00fcld\u00fcrece\u011fimiz ufuk \u00e7izgisine do\u011fru cesaretle ilerleyece\u011fiz. Vira bismillah.\u201d <a href=\"https:\/\/t.co\/0WpI8a7lQp\">pic.twitter.com\/0WpI8a7lQp<\/a><\/p>&mdash; YEN\u0130 Parti (@yenipartiyiz) <a href=\"https:\/\/x.com\/yenipartiyiz\/status\/2094461329163567323?ref_src=twsrc%5Etfw\">August 31, 2026<\/a><\/blockquote><script async src=\"https:\/\/platform.x.com\/widgets.js\" charset=\"utf-8\"><\/script>\n<\/div><\/figure>\n\n\n\n<p><strong>&#8220;10 B\u00fcy\u00fck \u0130ftiran\u0131n Hi\u00e7biri \u0130ddianamede \u00c7\u0131kmad\u0131&#8221;<\/strong><\/p>\n\n\n\n<p>Ekonomik s\u0131k\u0131nt\u0131lar\u0131n yan\u0131nda \u00fclkede ya\u015fanan hukuk ve adalet sorunlar\u0131na da de\u011finen \u00d6zel, 15,5 milyon insan\u0131n iradesiyle se\u00e7ilen Ekrem \u0130mamo\u011flu\u2019nun 17 ayd\u0131r hi\u00e7bir somut delil olmaks\u0131z\u0131n, s\u00fcrekli de\u011fi\u015ftirilen gizli tan\u0131k beyanlar\u0131yla tutuklu bulundu\u011funu hat\u0131rlatt\u0131.<\/p>\n\n\n\n<p>\u00d6zel, iddianame s\u00fcrecindeki \u00e7arp\u0131kl\u0131klara dikkat \u00e7ekerek \u015funlar\u0131 s\u00f6yledi: &#8220;Aylarca yanda\u015f televizyonlarda &#8216;g\u00f6r\u00fcn bak\u0131n neler \u00e7\u0131kacak&#8217; diye 10 b\u00fcy\u00fck iftira at\u0131ld\u0131. Cep telefonlar\u0131, K\u0130PTA\u015e evleri, valizlerle ta\u015f\u0131nan paralar dendi. Ancak iddianame a\u00e7\u0131kland\u0131\u011f\u0131nda bu iddialar\u0131n hi\u00e7birinin i\u00e7inde yer almad\u0131\u011f\u0131 g\u00f6r\u00fcld\u00fc. \u0130ftiralar\u0131 k\u00f6p\u00fcrten k\u00f6\u015fe yazarlar\u0131ndan ise \u00e7\u0131t \u00e7\u0131kmad\u0131. Tehditle, mal varl\u0131\u011f\u0131 iadesi s\u00f6z\u00fcyle ya da evlad\u0131na kavu\u015fma vaadiyle insanlara haks\u0131z itirafnameler imzalat\u0131ld\u0131. Hakikati anlatan gencecik avukat\u0131 Mehmet Pehlivan\u2019\u0131 bile s\u0131rf savunmas\u0131z b\u0131rakmak i\u00e7in i\u00e7eri att\u0131lar.&#8221;<\/p>\n\n\n\n<h3 class=\"wp-block-heading\">Savunma Hakk\u0131na &#8220;S\u00fcre&#8221; Engeli: &#8220;Darbeciler Bile Bunu Yapmad\u0131&#8221;<\/h3>\n\n\n\n<p>Yarg\u0131lama s\u00fcrecindeki en b\u00fcy\u00fck hukuksuzlu\u011fun savunma hakk\u0131n\u0131n k\u0131s\u0131tlanmas\u0131yla ya\u015fand\u0131\u011f\u0131 ifade eden \u00d6zel, s\u00fcre\u00e7 boyunca s\u00f6z hakk\u0131 verilmeyen Ekrem \u0130mamo\u011flu ve avukatlar\u0131na, savunma s\u0131ras\u0131 geldi\u011finde toplamda sadece 5,5 saatlik bir s\u00fcre s\u0131n\u0131r\u0131 dayat\u0131ld\u0131\u011f\u0131n\u0131 ifade etti.<\/p>\n\n\n\n<p>Bu durumun hukuk tarihindeki yerine de\u011finerek \u015f\u00f6yle konu\u015ftu: &#8220;12 Eyl\u00fcl asker\u00ee darbe mahkemelerinde bile 20 g\u00fcn s\u00fcren savunmalar yap\u0131ld\u0131, darbeciler bunu engellemedi. FET\u00d6\u2019c\u00fclerin kumpas davalar\u0131nda savunmaya s\u00fcre s\u0131n\u0131r\u0131 konulmad\u0131. D\u00fcnya tarihinde hi\u00e7bir siyasi davada kimsenin akl\u0131n\u0131n ucundan ge\u00e7meyecek bir y\u00f6ntemle savunma hakk\u0131 engellendi. Simdi adaleti engellemek i\u00e7in \u0130mamo\u011flu&#8217;nun kitap olarak bas\u0131lan savunmas\u0131n\u0131 bile toplat\u0131yorlar. Ancak biz her t\u00fcrl\u00fc hukuksuzlu\u011fa kar\u015f\u0131 tarihin do\u011fru taraf\u0131nda durmaya devam edece\u011fiz.&#8221;<\/p>\n\n\n\n<figure class=\"wp-block-embed is-type-rich is-provider-x wp-block-embed-x\"><div class=\"wp-block-embed__wrapper\">\n<blockquote class=\"twitter-tweet\" data-width=\"550\" data-dnt=\"true\"><p lang=\"tr\" dir=\"ltr\">Genel Ba\u015fkan\u0131m\u0131z \u00d6zg\u00fcr \u00d6zel:<br><br>\u201cYeni Parti\u2019nin sadece 18 g\u00fcnde 600 bin \u00fcyesi oldu. Yap\u0131lan ba\u011f\u0131\u015flarda ise tarihte g\u00f6r\u00fclmemi\u015f bir tevecc\u00fchle kar\u015f\u0131 kar\u015f\u0131yay\u0131z.<br><br>Ama herkes \u015funu bilsin ki bizim kasam\u0131zdaki servet para de\u011fil, milletin bizlere olan g\u00fcveni, yar\u0131nlara olan inanc\u0131d\u0131r.\u201d <a href=\"https:\/\/t.co\/Zk3mOl2FWM\">pic.twitter.com\/Zk3mOl2FWM<\/a><\/p>&mdash; YEN\u0130 Parti (@yenipartiyiz) <a href=\"https:\/\/x.com\/yenipartiyiz\/status\/2094511791220871216?ref_src=twsrc%5Etfw\">August 31, 2026<\/a><\/blockquote><script async src=\"https:\/\/platform.x.com\/widgets.js\" charset=\"utf-8\"><\/script>\n<\/div><\/figure>\n","protected":false},"excerpt":{"rendered":"<p>YEN\u0130 Parti, tadilat s\u00fcrecinin tamamlanmas\u0131n\u0131n ard\u0131ndan genel merkez binas\u0131nda ilk resmi mesaisine ba\u015flad\u0131. \u00d6zg\u00fcr \u00d6zel ilk Parti Meclisi toplant\u0131s\u0131n\u0131n a\u00e7\u0131l\u0131\u015f\u0131nda konu\u015ftu. YEN\u0130 Parti, tadilat s\u00fcrecinin tamamlanmas\u0131n\u0131n ard\u0131ndan genel merkez binas\u0131nda ilk resmi mesaisine ba\u015flad\u0131. Parti Meclisi ve kapal\u0131 grup toplant\u0131lar\u0131n\u0131 pe\u015f pe\u015fe ger\u00e7ekle\u015ftiren partide, kurulu\u015f s\u00fcreci ve b\u00fct\u00e7e \u015feffafl\u0131\u011f\u0131 \u00f6n plana \u00e7\u0131kt\u0131. Toplant\u0131 \u00f6ncesi yap\u0131lan [&hellip;]<\/p>\n","protected":false},"author":12791,"featured_media":171301,"comment_status":"open","ping_status":"open","sticky":false,"template":"","format":"standard","meta":{"_yoast_wpseo_focuskw":"\u00d6zg\u00fcr \u00d6zel","_yoast_wpseo_title":"","_yoast_wpseo_metadesc":"YEN\u0130 Parti lideri \u00d6zg\u00fcr \u00d6zel, tadilat\u0131 tamamlanan genel merkez binas\u0131nda ilk Parti Meclisi toplant\u0131s\u0131n\u0131n a\u00e7\u0131l\u0131\u015f\u0131nda konu\u015ftu.","_bbp_topic_count":0,"_bbp_reply_count":0,"_bbp_total_topic_count":0,"_bbp_total_reply_count":0,"_bbp_voice_count":0,"_bbp_anonymous_reply_count":0,"_bbp_topic_count_hidden":0,"_bbp_reply_count_hidden":0,"_bbp_forum_subforum_count":0,"footnotes":"","_yoast_wpseo_focuskw_text_input":""},"categories":[1,8138,8226],"tags":[12577,8492,11909],"yoast_head":"<!-- This site is optimized with the Yoast SEO plugin v23.0 - https:\/\/yoast.com\/wordpress\/plugins\/seo\/ -->\n<title>\u00d6zg\u00fcr \u00d6zel: &quot;Biz Ate\u015fin D\u00fc\u015ft\u00fc\u011f\u00fc Yerde Siyaset Yap\u0131yoruz&quot; - The Epoch Times TR<\/title>\n<meta name=\"description\" content=\"YEN\u0130 Parti lideri \u00d6zg\u00fcr \u00d6zel, tadilat\u0131 tamamlanan genel merkez binas\u0131nda ilk Parti Meclisi toplant\u0131s\u0131n\u0131n a\u00e7\u0131l\u0131\u015f\u0131nda konu\u015ftu.\" \/>\n<meta name=\"robots\" content=\"index, follow, max-snippet:-1, max-image-preview:large, max-video-preview:-1\" \/>\n<link rel=\"canonical\" href=\"https:\/\/epochtimestr.com\/index.php\/ozgur-ozel-biz-atesin-dustugu-yerde-siyaset-yapiyoruz\" \/>\n<meta property=\"og:locale\" content=\"tr_TR\" \/>\n<meta property=\"og:type\" content=\"article\" \/>\n<meta property=\"og:title\" content=\"\u00d6zg\u00fcr \u00d6zel: &quot;Biz Ate\u015fin D\u00fc\u015ft\u00fc\u011f\u00fc Yerde Siyaset Yap\u0131yoruz&quot; - The Epoch Times TR\" \/>\n<meta property=\"og:description\" content=\"YEN\u0130 Parti lideri \u00d6zg\u00fcr \u00d6zel, tadilat\u0131 tamamlanan genel merkez binas\u0131nda ilk Parti Meclisi toplant\u0131s\u0131n\u0131n a\u00e7\u0131l\u0131\u015f\u0131nda konu\u015ftu.\" \/>\n<meta property=\"og:url\" content=\"https:\/\/epochtimestr.com\/index.php\/ozgur-ozel-biz-atesin-dustugu-yerde-siyaset-yapiyoruz\" \/>\n<meta property=\"og:site_name\" content=\"The Epoch Times TR\" \/>\n<meta property=\"article:publisher\" content=\"https:\/\/www.facebook.com\/theepochtimestr\" \/>\n<meta property=\"article:published_time\" content=\"2026-09-01T05:52:40+00:00\" \/>\n<meta property=\"article:modified_time\" content=\"2026-09-01T05:52:43+00:00\" \/>\n<meta property=\"og:image\" content=\"https:\/\/epochtimestr.com\/wp-content\/uploads\/2011y\/ozgur-ozel-yeni-parti.jpg\" \/>\n\t<meta property=\"og:image:width\" content=\"1796\" \/>\n\t<meta property=\"og:image:height\" content=\"898\" \/>\n\t<meta property=\"og:image:type\" content=\"image\/jpeg\" \/>\n<meta name=\"author\" content=\"Haber Merkezi\" \/>\n<meta name=\"twitter:card\" content=\"summary_large_image\" \/>\n<meta name=\"twitter:creator\" content=\"@TheEpochTimesTR\" \/>\n<meta name=\"twitter:site\" content=\"@TheEpochTimesTR\" \/>\n<meta name=\"twitter:label1\" content=\"Yazan:\" \/>\n\t<meta name=\"twitter:data1\" content=\"Haber Merkezi\" \/>\n\t<meta name=\"twitter:label2\" content=\"Tahmini okuma s\u00fcresi\" \/>\n\t<meta name=\"twitter:data2\" content=\"5 dakika\" \/>\n<script type=\"application\/ld+json\" class=\"yoast-schema-graph\">{\"@context\":\"https:\/\/schema.org\",\"@graph\":[{\"@type\":\"Article\",\"@id\":\"https:\/\/epochtimestr.com\/index.php\/ozgur-ozel-biz-atesin-dustugu-yerde-siyaset-yapiyoruz#article\",\"isPartOf\":{\"@id\":\"https:\/\/epochtimestr.com\/index.php\/ozgur-ozel-biz-atesin-dustugu-yerde-siyaset-yapiyoruz\"},\"author\":{\"name\":\"Haber Merkezi\",\"@id\":\"https:\/\/epochtimestr.com\/#\/schema\/person\/3dc5c3adeb9f43923c5aa85889172fdd\"},\"headline\":\"\u00d6zg\u00fcr \u00d6zel: &#8220;Biz Ate\u015fin D\u00fc\u015ft\u00fc\u011f\u00fc Yerde Siyaset Yap\u0131yoruz&#8221;\",\"datePublished\":\"2026-09-01T05:52:40+00:00\",\"dateModified\":\"2026-09-01T05:52:43+00:00\",\"mainEntityOfPage\":{\"@id\":\"https:\/\/epochtimestr.com\/index.php\/ozgur-ozel-biz-atesin-dustugu-yerde-siyaset-yapiyoruz\"},\"wordCount\":977,\"commentCount\":0,\"publisher\":{\"@id\":\"https:\/\/epochtimestr.com\/#organization\"},\"image\":{\"@id\":\"https:\/\/epochtimestr.com\/index.php\/ozgur-ozel-biz-atesin-dustugu-yerde-siyaset-yapiyoruz#primaryimage\"},\"thumbnailUrl\":\"https:\/\/epochtimestr.com\/wp-content\/uploads\/2011y\/ozgur-ozel-yeni-parti.jpg\",\"keywords\":[\"Genel Merkez Binas\u0131\",\"\u00d6zg\u00fcr \u00d6zel\",\"YEN\u0130 Parti\"],\"articleSection\":[\"G\u00dcNDEM\",\"MAN\u015eET\",\"Siyaset\"],\"inLanguage\":\"tr\",\"potentialAction\":[{\"@type\":\"CommentAction\",\"name\":\"Comment\",\"target\":[\"https:\/\/epochtimestr.com\/index.php\/ozgur-ozel-biz-atesin-dustugu-yerde-siyaset-yapiyoruz#respond\"]}]},{\"@type\":\"WebPage\",\"@id\":\"https:\/\/epochtimestr.com\/index.php\/ozgur-ozel-biz-atesin-dustugu-yerde-siyaset-yapiyoruz\",\"url\":\"https:\/\/epochtimestr.com\/index.php\/ozgur-ozel-biz-atesin-dustugu-yerde-siyaset-yapiyoruz\",\"name\":\"\u00d6zg\u00fcr \u00d6zel: \\\"Biz Ate\u015fin D\u00fc\u015ft\u00fc\u011f\u00fc Yerde Siyaset Yap\u0131yoruz\\\" - The Epoch Times TR\",\"isPartOf\":{\"@id\":\"https:\/\/epochtimestr.com\/#website\"},\"primaryImageOfPage\":{\"@id\":\"https:\/\/epochtimestr.com\/index.php\/ozgur-ozel-biz-atesin-dustugu-yerde-siyaset-yapiyoruz#primaryimage\"},\"image\":{\"@id\":\"https:\/\/epochtimestr.com\/index.php\/ozgur-ozel-biz-atesin-dustugu-yerde-siyaset-yapiyoruz#primaryimage\"},\"thumbnailUrl\":\"https:\/\/epochtimestr.com\/wp-content\/uploads\/2011y\/ozgur-ozel-yeni-parti.jpg\",\"datePublished\":\"2026-09-01T05:52:40+00:00\",\"dateModified\":\"2026-09-01T05:52:43+00:00\",\"description\":\"YEN\u0130 Parti lideri \u00d6zg\u00fcr \u00d6zel, tadilat\u0131 tamamlanan genel merkez binas\u0131nda ilk Parti Meclisi toplant\u0131s\u0131n\u0131n a\u00e7\u0131l\u0131\u015f\u0131nda konu\u015ftu.\",\"inLanguage\":\"tr\",\"potentialAction\":[{\"@type\":\"ReadAction\",\"target\":[\"https:\/\/epochtimestr.com\/index.php\/ozgur-ozel-biz-atesin-dustugu-yerde-siyaset-yapiyoruz\"]}]},{\"@type\":\"ImageObject\",\"inLanguage\":\"tr\",\"@id\":\"https:\/\/epochtimestr.com\/index.php\/ozgur-ozel-biz-atesin-dustugu-yerde-siyaset-yapiyoruz#primaryimage\",\"url\":\"https:\/\/epochtimestr.com\/wp-content\/uploads\/2011y\/ozgur-ozel-yeni-parti.jpg\",\"contentUrl\":\"https:\/\/epochtimestr.com\/wp-content\/uploads\/2011y\/ozgur-ozel-yeni-parti.jpg\",\"width\":1796,\"height\":898},{\"@type\":\"WebSite\",\"@id\":\"https:\/\/epochtimestr.com\/#website\",\"url\":\"https:\/\/epochtimestr.com\/\",\"name\":\"The Epoch Times TR\",\"description\":\"De\u011fi\u015fen D\u00fcnyam\u0131za Taze Bir Bak\u0131\u015f\",\"publisher\":{\"@id\":\"https:\/\/epochtimestr.com\/#organization\"},\"potentialAction\":[{\"@type\":\"SearchAction\",\"target\":{\"@type\":\"EntryPoint\",\"urlTemplate\":\"https:\/\/epochtimestr.com\/?s={search_term_string}\"},\"query-input\":\"required name=search_term_string\"}],\"inLanguage\":\"tr\"},{\"@type\":\"Organization\",\"@id\":\"https:\/\/epochtimestr.com\/#organization\",\"name\":\"The EpochTimes T\u00fcrkiye\",\"url\":\"https:\/\/epochtimestr.com\/\",\"logo\":{\"@type\":\"ImageObject\",\"inLanguage\":\"tr\",\"@id\":\"https:\/\/epochtimestr.com\/#\/schema\/logo\/image\/\",\"url\":\"https:\/\/epochtimestr.com\/wp-content\/uploads\/2011y\/ET-Logo-YG.jpg\",\"contentUrl\":\"https:\/\/epochtimestr.com\/wp-content\/uploads\/2011y\/ET-Logo-YG.jpg\",\"width\":346,\"height\":29,\"caption\":\"The EpochTimes T\u00fcrkiye\"},\"image\":{\"@id\":\"https:\/\/epochtimestr.com\/#\/schema\/logo\/image\/\"},\"sameAs\":[\"https:\/\/www.facebook.com\/theepochtimestr\",\"https:\/\/x.com\/TheEpochTimesTR\",\"https:\/\/www.instagram.com\/epochtimestr\"]},{\"@type\":\"Person\",\"@id\":\"https:\/\/epochtimestr.com\/#\/schema\/person\/3dc5c3adeb9f43923c5aa85889172fdd\",\"name\":\"Haber Merkezi\",\"image\":{\"@type\":\"ImageObject\",\"inLanguage\":\"tr\",\"@id\":\"https:\/\/epochtimestr.com\/#\/schema\/person\/image\/\",\"url\":\"https:\/\/secure.gravatar.com\/avatar\/d73f772ba5a74f28601361e17c2f93e6?s=96&d=mm&r=g\",\"contentUrl\":\"https:\/\/secure.gravatar.com\/avatar\/d73f772ba5a74f28601361e17c2f93e6?s=96&d=mm&r=g\",\"caption\":\"Haber Merkezi\"},\"url\":\"https:\/\/epochtimestr.com\/index.php\/author\/sendag\"}]}<\/script>\n<!-- \/ Yoast SEO plugin. -->","yoast_head_json":{"title":"\u00d6zg\u00fcr \u00d6zel: \"Biz Ate\u015fin D\u00fc\u015ft\u00fc\u011f\u00fc Yerde Siyaset Yap\u0131yoruz\" - The Epoch Times TR","description":"YEN\u0130 Parti lideri \u00d6zg\u00fcr \u00d6zel, tadilat\u0131 tamamlanan genel merkez binas\u0131nda ilk Parti Meclisi toplant\u0131s\u0131n\u0131n a\u00e7\u0131l\u0131\u015f\u0131nda konu\u015ftu.","robots":{"index":"index","follow":"follow","max-snippet":"max-snippet:-1","max-image-preview":"max-image-preview:large","max-video-preview":"max-video-preview:-1"},"canonical":"https:\/\/epochtimestr.com\/index.php\/ozgur-ozel-biz-atesin-dustugu-yerde-siyaset-yapiyoruz","og_locale":"tr_TR","og_type":"article","og_title":"\u00d6zg\u00fcr \u00d6zel: \"Biz Ate\u015fin D\u00fc\u015ft\u00fc\u011f\u00fc Yerde Siyaset Yap\u0131yoruz\" - The Epoch Times TR","og_description":"YEN\u0130 Parti lideri \u00d6zg\u00fcr \u00d6zel, tadilat\u0131 tamamlanan genel merkez binas\u0131nda ilk Parti Meclisi toplant\u0131s\u0131n\u0131n a\u00e7\u0131l\u0131\u015f\u0131nda konu\u015ftu.","og_url":"https:\/\/epochtimestr.com\/index.php\/ozgur-ozel-biz-atesin-dustugu-yerde-siyaset-yapiyoruz","og_site_name":"The Epoch Times TR","article_publisher":"https:\/\/www.facebook.com\/theepochtimestr","article_published_time":"2026-09-01T05:52:40+00:00","article_modified_time":"2026-09-01T05:52:43+00:00","og_image":[{"width":1796,"height":898,"url":"https:\/\/epochtimestr.com\/wp-content\/uploads\/2011y\/ozgur-ozel-yeni-parti.jpg","type":"image\/jpeg"}],"author":"Haber Merkezi","twitter_card":"summary_large_image","twitter_creator":"@TheEpochTimesTR","twitter_site":"@TheEpochTimesTR","twitter_misc":{"Yazan:":"Haber Merkezi","Tahmini okuma s\u00fcresi":"5 dakika"},"schema":{"@context":"https:\/\/schema.org","@graph":[{"@type":"Article","@id":"https:\/\/epochtimestr.com\/index.php\/ozgur-ozel-biz-atesin-dustugu-yerde-siyaset-yapiyoruz#article","isPartOf":{"@id":"https:\/\/epochtimestr.com\/index.php\/ozgur-ozel-biz-atesin-dustugu-yerde-siyaset-yapiyoruz"},"author":{"name":"Haber Merkezi","@id":"https:\/\/epochtimestr.com\/#\/schema\/person\/3dc5c3adeb9f43923c5aa85889172fdd"},"headline":"\u00d6zg\u00fcr \u00d6zel: &#8220;Biz Ate\u015fin D\u00fc\u015ft\u00fc\u011f\u00fc Yerde Siyaset Yap\u0131yoruz&#8221;","datePublished":"2026-09-01T05:52:40+00:00","dateModified":"2026-09-01T05:52:43+00:00","mainEntityOfPage":{"@id":"https:\/\/epochtimestr.com\/index.php\/ozgur-ozel-biz-atesin-dustugu-yerde-siyaset-yapiyoruz"},"wordCount":977,"commentCount":0,"publisher":{"@id":"https:\/\/epochtimestr.com\/#organization"},"image":{"@id":"https:\/\/epochtimestr.com\/index.php\/ozgur-ozel-biz-atesin-dustugu-yerde-siyaset-yapiyoruz#primaryimage"},"thumbnailUrl":"https:\/\/epochtimestr.com\/wp-content\/uploads\/2011y\/ozgur-ozel-yeni-parti.jpg","keywords":["Genel Merkez Binas\u0131","\u00d6zg\u00fcr \u00d6zel","YEN\u0130 Parti"],"articleSection":["G\u00dcNDEM","MAN\u015eET","Siyaset"],"inLanguage":"tr","potentialAction":[{"@type":"CommentAction","name":"Comment","target":["https:\/\/epochtimestr.com\/index.php\/ozgur-ozel-biz-atesin-dustugu-yerde-siyaset-yapiyoruz#respond"]}]},{"@type":"WebPage","@id":"https:\/\/epochtimestr.com\/index.php\/ozgur-ozel-biz-atesin-dustugu-yerde-siyaset-yapiyoruz","url":"https:\/\/epochtimestr.com\/index.php\/ozgur-ozel-biz-atesin-dustugu-yerde-siyaset-yapiyoruz","name":"\u00d6zg\u00fcr \u00d6zel: \"Biz Ate\u015fin D\u00fc\u015ft\u00fc\u011f\u00fc Yerde Siyaset Yap\u0131yoruz\" - The Epoch Times TR","isPartOf":{"@id":"https:\/\/epochtimestr.com\/#website"},"primaryImageOfPage":{"@id":"https:\/\/epochtimestr.com\/index.php\/ozgur-ozel-biz-atesin-dustugu-yerde-siyaset-yapiyoruz#primaryimage"},"image":{"@id":"https:\/\/epochtimestr.com\/index.php\/ozgur-ozel-biz-atesin-dustugu-yerde-siyaset-yapiyoruz#primaryimage"},"thumbnailUrl":"https:\/\/epochtimestr.com\/wp-content\/uploads\/2011y\/ozgur-ozel-yeni-parti.jpg","datePublished":"2026-09-01T05:52:40+00:00","dateModified":"2026-09-01T05:52:43+00:00","description":"YEN\u0130 Parti lideri \u00d6zg\u00fcr \u00d6zel, tadilat\u0131 tamamlanan genel merkez binas\u0131nda ilk Parti Meclisi toplant\u0131s\u0131n\u0131n a\u00e7\u0131l\u0131\u015f\u0131nda konu\u015ftu.","inLanguage":"tr","potentialAction":[{"@type":"ReadAction","target":["https:\/\/epochtimestr.com\/index.php\/ozgur-ozel-biz-atesin-dustugu-yerde-siyaset-yapiyoruz"]}]},{"@type":"ImageObject","inLanguage":"tr","@id":"https:\/\/epochtimestr.com\/index.php\/ozgur-ozel-biz-atesin-dustugu-yerde-siyaset-yapiyoruz#primaryimage","url":"https:\/\/epochtimestr.com\/wp-content\/uploads\/2011y\/ozgur-ozel-yeni-parti.jpg","contentUrl":"https:\/\/epochtimestr.com\/wp-content\/uploads\/2011y\/ozgur-ozel-yeni-parti.jpg","width":1796,"height":898},{"@type":"WebSite","@id":"https:\/\/epochtimestr.com\/#website","url":"https:\/\/epochtimestr.com\/","name":"The Epoch Times TR","description":"De\u011fi\u015fen D\u00fcnyam\u0131za Taze Bir Bak\u0131\u015f","publisher":{"@id":"https:\/\/epochtimestr.com\/#organization"},"potentialAction":[{"@type":"SearchAction","target":{"@type":"EntryPoint","urlTemplate":"https:\/\/epochtimestr.com\/?s={search_term_string}"},"query-input":"required name=search_term_string"}],"inLanguage":"tr"},{"@type":"Organization","@id":"https:\/\/epochtimestr.com\/#organization","name":"The EpochTimes T\u00fcrkiye","url":"https:\/\/epochtimestr.com\/","logo":{"@type":"ImageObject","inLanguage":"tr","@id":"https:\/\/epochtimestr.com\/#\/schema\/logo\/image\/","url":"https:\/\/epochtimestr.com\/wp-content\/uploads\/2011y\/ET-Logo-YG.jpg","contentUrl":"https:\/\/epochtimestr.com\/wp-content\/uploads\/2011y\/ET-Logo-YG.jpg","width":346,"height":29,"caption":"The EpochTimes T\u00fcrkiye"},"image":{"@id":"https:\/\/epochtimestr.com\/#\/schema\/logo\/image\/"},"sameAs":["https:\/\/www.facebook.com\/theepochtimestr","https:\/\/x.com\/TheEpochTimesTR","https:\/\/www.instagram.com\/epochtimestr"]},{"@type":"Person","@id":"https:\/\/epochtimestr.com\/#\/schema\/person\/3dc5c3adeb9f43923c5aa85889172fdd","name":"Haber Merkezi","image":{"@type":"ImageObject","inLanguage":"tr","@id":"https:\/\/epochtimestr.com\/#\/schema\/person\/image\/","url":"https:\/\/secure.gravatar.com\/avatar\/d73f772ba5a74f28601361e17c2f93e6?s=96&d=mm&r=g","contentUrl":"https:\/\/secure.gravatar.com\/avatar\/d73f772ba5a74f28601361e17c2f93e6?s=96&d=mm&r=g","caption":"Haber Merkezi"},"url":"https:\/\/epochtimestr.com\/index.php\/author\/sendag"}]}},"_links":{"self":[{"href":"https:\/\/epochtimestr.com\/index.php\/wp-json\/wp\/v2\/posts\/171300"}],"collection":[{"href":"https:\/\/epochtimestr.com\/index.php\/wp-json\/wp\/v2\/posts"}],"about":[{"href":"https:\/\/epochtimestr.com\/index.php\/wp-json\/wp\/v2\/types\/post"}],"author":[{"embeddable":true,"href":"https:\/\/epochtimestr.com\/index.php\/wp-json\/wp\/v2\/users\/12791"}],"replies":[{"embeddable":true,"href":"https:\/\/epochtimestr.com\/index.php\/wp-json\/wp\/v2\/comments?post=171300"}],"version-history":[{"count":2,"href":"https:\/\/epochtimestr.com\/index.php\/wp-json\/wp\/v2\/posts\/171300\/revisions"}],"predecessor-version":[{"id":171312,"href":"https:\/\/epochtimestr.com\/index.php\/wp-json\/wp\/v2\/posts\/171300\/revisions\/171312"}],"wp:featuredmedia":[{"embeddable":true,"href":"https:\/\/epochtimestr.com\/index.php\/wp-json\/wp\/v2\/media\/171301"}],"wp:attachment":[{"href":"https:\/\/epochtimestr.com\/index.php\/wp-json\/wp\/v2\/media?parent=171300"}],"wp:term":[{"taxonomy":"category","embeddable":true,"href":"https:\/\/epochtimestr.com\/index.php\/wp-json\/wp\/v2\/categories?post=171300"},{"taxonomy":"post_tag","embeddable":true,"href":"https:\/\/epochtimestr.com\/index.php\/wp-json\/wp\/v2\/tags?post=171300"}],"curies":[{"name":"wp","href":"https:\/\/api.w.org\/{rel}","templated":true}]}}